{"id":114861,"date":"2019-01-22T22:02:51","date_gmt":"2019-01-22T22:02:51","guid":{"rendered":"http:\/\/candas365.es\/noticias\/?p=114861"},"modified":"2019-01-22T22:02:51","modified_gmt":"2019-01-22T22:02:51","slug":"pizarro-y-el-bremen-analizaran-la-posible-renovacion-del-contrato","status":"publish","type":"post","link":"https:\/\/candas365.es\/noticias\/pizarro-y-el-bremen-analizaran-la-posible-renovacion-del-contrato\/","title":{"rendered":"Pizarro y el Bremen analizar\u00e1n la posible renovaci\u00f3n del contrato"},"content":{"rendered":"<figure id=\"attachment_114862\" aria-describedby=\"caption-attachment-114862\" style=\"width: 360px\" class=\"wp-caption alignleft\"><img fetchpriority=\"high\" decoding=\"async\" class=\"size-medium wp-image-114862\" src=\"https:\/\/candas365.es\/noticias\/wp-content\/uploads\/2019\/01\/Claudio-Pizarro-360x230.jpg\" alt=\"\" width=\"360\" height=\"230\" srcset=\"https:\/\/candas365.es\/noticias\/wp-content\/uploads\/2019\/01\/Claudio-Pizarro-360x230.jpg 360w, https:\/\/candas365.es\/noticias\/wp-content\/uploads\/2019\/01\/Claudio-Pizarro-768x491.jpg 768w, https:\/\/candas365.es\/noticias\/wp-content\/uploads\/2019\/01\/Claudio-Pizarro-655x419.jpg 655w, https:\/\/candas365.es\/noticias\/wp-content\/uploads\/2019\/01\/Claudio-Pizarro-696x445.jpg 696w, https:\/\/candas365.es\/noticias\/wp-content\/uploads\/2019\/01\/Claudio-Pizarro-657x420.jpg 657w, https:\/\/candas365.es\/noticias\/wp-content\/uploads\/2019\/01\/Claudio-Pizarro.jpg 1059w\" sizes=\"(max-width: 360px) 100vw, 360px\" \/><figcaption id=\"caption-attachment-114862\" class=\"wp-caption-text\">Foto: Carmen Jaspersen\/dpa<\/figcaption><\/figure>\n<p>Bremen, 22 ene (dpa) &#8211; El Werder Bremen alem\u00e1n y Claudio Pizarro volver\u00e1n a reunirse en la primavera boreal para analizar la posible continuidad del veterano jugador peruano en el club, dijo hoy el director general del Bremen, Frank Baumann, al diario germano \u00abBild\u00bb.<\/p>\n<p>\u00abSabemos lo que Claudio nos aporta. Hemos acordado reunirnos en la primavera. En marzo o abril hablaremos\u00bb, se\u00f1al\u00f3 Baumann.<\/p>\n<p>El \u00abBombardero\u00bb Pizarro es el m\u00e1ximo artillero extranjero en la historia de la Bundesliga, con 194 goles.<\/p>\n<p>Tras su quinto regreso al club de la Bundesliga el verano pasado, el delantero de 40 a\u00f1os iba a jugar un a\u00f1o m\u00e1s para el Werder Bremen y luego terminar su carrera.<\/p>\n<p>\u00abTengo que esperar y ver qu\u00e9 dice mi cuerpo, qu\u00e9 dice el entrenador, qu\u00e9 piensa el equipo y si jugamos internacionalmente\u00bb, dijo recientemente el jugador durante una entrevista al portal \u00abdeichstube.de\u00bb.<\/p>\n<p>\u00abEn este momento, a\u00fan persiste la idea de que se terminar\u00e1 para m\u00ed en mayo. Y antes de que haya otras conversaciones no puedo decir nada m\u00e1s\u00bb, se\u00f1al\u00f3 sobre la posibilidad de renovar su contrato con el Bremen por otro a\u00f1o.<\/p>\n","protected":false},"excerpt":{"rendered":"<p>Bremen, 22 ene (dpa) &#8211; El Werder Bremen alem\u00e1n y Claudio Pizarro volver\u00e1n a reunirse en la primavera boreal para analizar la posible continuidad del veterano jugador peruano en el club, dijo hoy el director general del Bremen, Frank Baumann, al diario germano \u00abBild\u00bb. \u00abSabemos lo que Claudio nos aporta. Hemos acordado reunirnos en la<\/p>\n","protected":false},"author":1,"featured_media":114862,"comment_status":"closed","ping_status":"closed","sticky":false,"template":"","format":"standard","meta":{"footnotes":""},"categories":[319],"tags":[],"class_list":{"0":"post-114861","1":"post","2":"type-post","3":"status-publish","4":"format-standard","5":"has-post-thumbnail","7":"category-deporte"},"aioseo_notices":[],"aioseo_head":"\n\t\t<!-- All in One SEO Pro 4.9.6.2 - aioseo.com -->\n\t<meta name=\"description\" content=\"Bremen, 22 ene (dpa) - El Werder Bremen alem\u00e1n y Claudio Pizarro volver\u00e1n a reunirse en la primavera boreal para analizar la posible continuidad del veterano jugador peruano en el club, dijo hoy el director general del Bremen, Frank Baumann, al diario germano &quot;Bild&quot;. &quot;Sabemos lo que Claudio nos aporta. Hemos acordado reunirnos en la\" \/>\n\t<meta name=\"robots\" content=\"max-image-preview:large\" \/>\n\t<meta name=\"author\" content=\"Cand\u00e1s 365\"\/>\n\t<meta name=\"google-site-verification\" content=\"UA-32230408-1\" \/>\n\t<meta name=\"msvalidate.01\" content=\"354F3CDFB2DA171B47FBE9ABF1F88D5\" \/>\n\t<meta name=\"keywords\" content=\"deporte\" \/>\n\t<link rel=\"canonical\" href=\"https:\/\/candas365.es\/noticias\/pizarro-y-el-bremen-analizaran-la-posible-renovacion-del-contrato\/\" \/>\n\t<meta name=\"generator\" content=\"All in One SEO Pro (AIOSEO) 4.9.6.2\" \/>\n\t\t<meta property=\"og:locale\" content=\"es_ES\" \/>\n\t\t<meta property=\"og:site_name\" content=\"Cand\u00e1s 365\" \/>\n\t\t<meta property=\"og:type\" content=\"article\" \/>\n\t\t<meta property=\"og:title\" content=\"Pizarro y el Bremen analizar\u00e1n la posible renovaci\u00f3n del contrato | Cand\u00e1s 365\" \/>\n\t\t<meta property=\"og:description\" content=\"Bremen, 22 ene (dpa) - El Werder Bremen alem\u00e1n y Claudio Pizarro volver\u00e1n a reunirse en la primavera boreal para analizar la posible continuidad del veterano jugador peruano en el club, dijo hoy el director general del Bremen, Frank Baumann, al diario germano &quot;Bild&quot;. &quot;Sabemos lo que Claudio nos aporta. Hemos acordado reunirnos en la\" \/>\n\t\t<meta property=\"og:url\" content=\"https:\/\/candas365.es\/noticias\/pizarro-y-el-bremen-analizaran-la-posible-renovacion-del-contrato\/\" \/>\n\t\t<meta property=\"og:image\" content=\"https:\/\/candas365.es\/noticias\/wp-content\/uploads\/2019\/01\/Claudio-Pizarro.jpg\" \/>\n\t\t<meta property=\"og:image:secure_url\" content=\"https:\/\/candas365.es\/noticias\/wp-content\/uploads\/2019\/01\/Claudio-Pizarro.jpg\" \/>\n\t\t<meta property=\"og:image:width\" content=\"1059\" \/>\n\t\t<meta property=\"og:image:height\" content=\"677\" \/>\n\t\t<meta property=\"article:published_time\" content=\"2019-01-22T22:02:51+00:00\" \/>\n\t\t<meta property=\"article:modified_time\" content=\"2019-01-22T22:02:51+00:00\" \/>\n\t\t<meta property=\"article:publisher\" content=\"https:\/\/www.facebook.com\/Nachofdezber\" \/>\n\t\t<meta property=\"article:author\" content=\"https:\/\/www.facebook.com\/carrenoactualidad\" \/>\n\t\t<meta name=\"twitter:card\" content=\"summary_large_image\" \/>\n\t\t<meta name=\"twitter:site\" content=\"@NabercoDigital\" \/>\n\t\t<meta name=\"twitter:title\" content=\"Pizarro y el Bremen analizar\u00e1n la posible renovaci\u00f3n del contrato | Cand\u00e1s 365\" \/>\n\t\t<meta name=\"twitter:description\" content=\"Bremen, 22 ene (dpa) - El Werder Bremen alem\u00e1n y Claudio Pizarro volver\u00e1n a reunirse en la primavera boreal para analizar la posible continuidad del veterano jugador peruano en el club, dijo hoy el director general del Bremen, Frank Baumann, al diario germano &quot;Bild&quot;. &quot;Sabemos lo que Claudio nos aporta. Hemos acordado reunirnos en la\" \/>\n\t\t<meta name=\"twitter:creator\" content=\"@nbasturias\" \/>\n\t\t<meta name=\"twitter:image\" content=\"https:\/\/candas365.es\/noticias\/wp-content\/uploads\/2019\/01\/Claudio-Pizarro.jpg\" \/>\n\t\t<meta name=\"twitter:label1\" content=\"Escrito por\" \/>\n\t\t<meta name=\"twitter:data1\" content=\"Cand\u00e1s 365\" \/>\n\t\t<meta name=\"twitter:label2\" content=\"Tiempo de lectura estimado\" \/>\n\t\t<meta name=\"twitter:data2\" content=\"1 minuto\" \/>\n\t\t<script type=\"application\/ld+json\" class=\"aioseo-schema\">\n\t\t\t{\"@context\":\"https:\\\/\\\/schema.org\",\"@graph\":[{\"@type\":\"BreadcrumbList\",\"@id\":\"https:\\\/\\\/candas365.es\\\/noticias\\\/pizarro-y-el-bremen-analizaran-la-posible-renovacion-del-contrato\\\/#breadcrumblist\",\"itemListElement\":[{\"@type\":\"ListItem\",\"@id\":\"https:\\\/\\\/candas365.es\\\/noticias#listItem\",\"position\":1,\"name\":\"Home\",\"item\":\"https:\\\/\\\/candas365.es\\\/noticias\",\"nextItem\":{\"@type\":\"ListItem\",\"@id\":\"https:\\\/\\\/candas365.es\\\/noticias\\\/category\\\/deporte\\\/#listItem\",\"name\":\"Deporte\"}},{\"@type\":\"ListItem\",\"@id\":\"https:\\\/\\\/candas365.es\\\/noticias\\\/category\\\/deporte\\\/#listItem\",\"position\":2,\"name\":\"Deporte\",\"item\":\"https:\\\/\\\/candas365.es\\\/noticias\\\/category\\\/deporte\\\/\",\"nextItem\":{\"@type\":\"ListItem\",\"@id\":\"https:\\\/\\\/candas365.es\\\/noticias\\\/pizarro-y-el-bremen-analizaran-la-posible-renovacion-del-contrato\\\/#listItem\",\"name\":\"Pizarro y el Bremen analizar\\u00e1n la posible renovaci\\u00f3n del contrato\"},\"previousItem\":{\"@type\":\"ListItem\",\"@id\":\"https:\\\/\\\/candas365.es\\\/noticias#listItem\",\"name\":\"Home\"}},{\"@type\":\"ListItem\",\"@id\":\"https:\\\/\\\/candas365.es\\\/noticias\\\/pizarro-y-el-bremen-analizaran-la-posible-renovacion-del-contrato\\\/#listItem\",\"position\":3,\"name\":\"Pizarro y el Bremen analizar\\u00e1n la posible renovaci\\u00f3n del contrato\",\"previousItem\":{\"@type\":\"ListItem\",\"@id\":\"https:\\\/\\\/candas365.es\\\/noticias\\\/category\\\/deporte\\\/#listItem\",\"name\":\"Deporte\"}}]},{\"@type\":\"NewsArticle\",\"@id\":\"https:\\\/\\\/candas365.es\\\/noticias\\\/pizarro-y-el-bremen-analizaran-la-posible-renovacion-del-contrato\\\/#newsarticle\",\"name\":\"Pizarro y el Bremen analizar\\u00e1n la posible renovaci\\u00f3n del contrato | Cand\\u00e1s 365\",\"headline\":\"Pizarro y el Bremen analizar\\u00e1n la posible renovaci\\u00f3n del contrato\",\"author\":{\"@id\":\"https:\\\/\\\/candas365.es\\\/noticias\\\/author\\\/admin\\\/#author\"},\"publisher\":{\"@id\":\"https:\\\/\\\/candas365.es\\\/noticias\\\/#organization\"},\"image\":{\"@type\":\"ImageObject\",\"url\":\"https:\\\/\\\/candas365.es\\\/noticias\\\/wp-content\\\/uploads\\\/2019\\\/01\\\/Claudio-Pizarro.jpg\",\"width\":1059,\"height\":677,\"caption\":\"Foto: Carmen Jaspersen\\\/dpa\"},\"datePublished\":\"2019-01-22T22:02:51+01:00\",\"dateModified\":\"2019-01-22T22:02:51+01:00\",\"inLanguage\":\"es-ES\",\"mainEntityOfPage\":{\"@id\":\"https:\\\/\\\/candas365.es\\\/noticias\\\/pizarro-y-el-bremen-analizaran-la-posible-renovacion-del-contrato\\\/#webpage\"},\"isPartOf\":{\"@id\":\"https:\\\/\\\/candas365.es\\\/noticias\\\/pizarro-y-el-bremen-analizaran-la-posible-renovacion-del-contrato\\\/#webpage\"},\"articleSection\":\"Deporte\",\"dateline\":\"Publicado el enero 22, 2019.\"},{\"@type\":\"Organization\",\"@id\":\"https:\\\/\\\/candas365.es\\\/noticias\\\/#organization\",\"name\":\"Cand\\u00e1s 365\",\"description\":\"Cand\\u00e1s 365 es un diario digital independiente, fundado en 2012, con base en Asturias. Informamos con rigor sobre actualidad, sociedad, cultura y ocio, con una mirada local y global.\",\"url\":\"https:\\\/\\\/candas365.es\\\/noticias\\\/\",\"email\":\"info@candas365.es\",\"telephone\":\"+34652131393\",\"foundingDate\":\"2012-06-10\",\"logo\":{\"@type\":\"ImageObject\",\"url\":\"https:\\\/\\\/candas365.es\\\/noticias\\\/wp-content\\\/uploads\\\/2024\\\/09\\\/Candas-365-Redes.jpg\",\"@id\":\"https:\\\/\\\/candas365.es\\\/noticias\\\/pizarro-y-el-bremen-analizaran-la-posible-renovacion-del-contrato\\\/#organizationLogo\",\"width\":1152,\"height\":864,\"caption\":\"Cand\\u00e1s 365 Redes\"},\"image\":{\"@id\":\"https:\\\/\\\/candas365.es\\\/noticias\\\/pizarro-y-el-bremen-analizaran-la-posible-renovacion-del-contrato\\\/#organizationLogo\"},\"sameAs\":[\"https:\\\/\\\/www.facebook.com\\\/Nachofdezber\",\"https:\\\/\\\/x.com\\\/NabercoDigital\",\"https:\\\/\\\/www.instagram.com\\\/nachofdezber\\\/\",\"https:\\\/\\\/www.youtube.com\\\/channel\\\/UCZP-2wLEB9Rv6erhFmqVnvg\"],\"address\":{\"@id\":\"https:\\\/\\\/candas365.es\\\/noticias\\\/#postaladdress\",\"@type\":\"PostalAddress\",\"streetAddress\":\"san antonio 4, san antonio 4\",\"postalCode\":\"33430\",\"addressLocality\":\"Cand\\u00e1s\",\"addressRegion\":\"Asturias\",\"addressCountry\":\"ES\"}},{\"@type\":\"Person\",\"@id\":\"https:\\\/\\\/candas365.es\\\/noticias\\\/author\\\/admin\\\/#author\",\"url\":\"https:\\\/\\\/candas365.es\\\/noticias\\\/author\\\/admin\\\/\",\"name\":\"Cand\\u00e1s 365\",\"image\":{\"@type\":\"ImageObject\",\"@id\":\"https:\\\/\\\/candas365.es\\\/noticias\\\/pizarro-y-el-bremen-analizaran-la-posible-renovacion-del-contrato\\\/#authorImage\",\"url\":\"https:\\\/\\\/secure.gravatar.com\\\/avatar\\\/496a8e03d0c493ede1718b7934145dbdf8d89be1036b0eec9544e1094c9de390?s=96&d=mm&r=g\",\"width\":96,\"height\":96,\"caption\":\"Cand\\u00e1s 365\"},\"sameAs\":[\"https:\\\/\\\/www.facebook.com\\\/carrenoactualidad\",\"https:\\\/\\\/twitter.com\\\/nbasturias\",\"https:\\\/\\\/www.instagram.com\\\/nachofdezber\\\/\",\"https:\\\/\\\/www.youtube.com\\\/channel\\\/UCZP-2wLEB9Rv6erhFmqVnvg\"]},{\"@type\":\"WebPage\",\"@id\":\"https:\\\/\\\/candas365.es\\\/noticias\\\/pizarro-y-el-bremen-analizaran-la-posible-renovacion-del-contrato\\\/#webpage\",\"url\":\"https:\\\/\\\/candas365.es\\\/noticias\\\/pizarro-y-el-bremen-analizaran-la-posible-renovacion-del-contrato\\\/\",\"name\":\"Pizarro y el Bremen analizar\\u00e1n la posible renovaci\\u00f3n del contrato | Cand\\u00e1s 365\",\"description\":\"Bremen, 22 ene (dpa) - El Werder Bremen alem\\u00e1n y Claudio Pizarro volver\\u00e1n a reunirse en la primavera boreal para analizar la posible continuidad del veterano jugador peruano en el club, dijo hoy el director general del Bremen, Frank Baumann, al diario germano \\\"Bild\\\". \\\"Sabemos lo que Claudio nos aporta. Hemos acordado reunirnos en la\",\"inLanguage\":\"es-ES\",\"isPartOf\":{\"@id\":\"https:\\\/\\\/candas365.es\\\/noticias\\\/#website\"},\"breadcrumb\":{\"@id\":\"https:\\\/\\\/candas365.es\\\/noticias\\\/pizarro-y-el-bremen-analizaran-la-posible-renovacion-del-contrato\\\/#breadcrumblist\"},\"author\":{\"@id\":\"https:\\\/\\\/candas365.es\\\/noticias\\\/author\\\/admin\\\/#author\"},\"creator\":{\"@id\":\"https:\\\/\\\/candas365.es\\\/noticias\\\/author\\\/admin\\\/#author\"},\"image\":{\"@type\":\"ImageObject\",\"url\":\"https:\\\/\\\/candas365.es\\\/noticias\\\/wp-content\\\/uploads\\\/2019\\\/01\\\/Claudio-Pizarro.jpg\",\"@id\":\"https:\\\/\\\/candas365.es\\\/noticias\\\/pizarro-y-el-bremen-analizaran-la-posible-renovacion-del-contrato\\\/#mainImage\",\"width\":1059,\"height\":677,\"caption\":\"Foto: Carmen Jaspersen\\\/dpa\"},\"primaryImageOfPage\":{\"@id\":\"https:\\\/\\\/candas365.es\\\/noticias\\\/pizarro-y-el-bremen-analizaran-la-posible-renovacion-del-contrato\\\/#mainImage\"},\"datePublished\":\"2019-01-22T22:02:51+01:00\",\"dateModified\":\"2019-01-22T22:02:51+01:00\"},{\"@type\":\"WebSite\",\"@id\":\"https:\\\/\\\/candas365.es\\\/noticias\\\/#website\",\"url\":\"https:\\\/\\\/candas365.es\\\/noticias\\\/\",\"name\":\"Cand\\u00e1s 365\",\"alternateName\":\"Cand\\u00e1s 365 Noticias\",\"description\":\"Actualidad desde Carre\\u00f1o para el mundo\",\"inLanguage\":\"es-ES\",\"publisher\":{\"@id\":\"https:\\\/\\\/candas365.es\\\/noticias\\\/#organization\"}}]}\n\t\t<\/script>\n\t\t<!-- All in One SEO Pro -->\r\n\t\t<title>Pizarro y el Bremen analizar\u00e1n la posible renovaci\u00f3n del contrato | Cand\u00e1s 365<\/title>\n\n","aioseo_head_json":{"title":"Pizarro y el Bremen analizar\u00e1n la posible renovaci\u00f3n del contrato | Cand\u00e1s 365","description":"Bremen, 22 ene (dpa) - El Werder Bremen alem\u00e1n y Claudio Pizarro volver\u00e1n a reunirse en la primavera boreal para analizar la posible continuidad del veterano jugador peruano en el club, dijo hoy el director general del Bremen, Frank Baumann, al diario germano \"Bild\". \"Sabemos lo que Claudio nos aporta. Hemos acordado reunirnos en la","canonical_url":"https:\/\/candas365.es\/noticias\/pizarro-y-el-bremen-analizaran-la-posible-renovacion-del-contrato\/","robots":"max-image-preview:large","keywords":"deporte","webmasterTools":{"google-site-verification":"UA-32230408-1","msvalidate.01":"354F3CDFB2DA171B47FBE9ABF1F88D5","miscellaneous":""},"schema":{"@context":"https:\/\/schema.org","@graph":[{"@type":"BreadcrumbList","@id":"https:\/\/candas365.es\/noticias\/pizarro-y-el-bremen-analizaran-la-posible-renovacion-del-contrato\/#breadcrumblist","itemListElement":[{"@type":"ListItem","@id":"https:\/\/candas365.es\/noticias#listItem","position":1,"name":"Home","item":"https:\/\/candas365.es\/noticias","nextItem":{"@type":"ListItem","@id":"https:\/\/candas365.es\/noticias\/category\/deporte\/#listItem","name":"Deporte"}},{"@type":"ListItem","@id":"https:\/\/candas365.es\/noticias\/category\/deporte\/#listItem","position":2,"name":"Deporte","item":"https:\/\/candas365.es\/noticias\/category\/deporte\/","nextItem":{"@type":"ListItem","@id":"https:\/\/candas365.es\/noticias\/pizarro-y-el-bremen-analizaran-la-posible-renovacion-del-contrato\/#listItem","name":"Pizarro y el Bremen analizar\u00e1n la posible renovaci\u00f3n del contrato"},"previousItem":{"@type":"ListItem","@id":"https:\/\/candas365.es\/noticias#listItem","name":"Home"}},{"@type":"ListItem","@id":"https:\/\/candas365.es\/noticias\/pizarro-y-el-bremen-analizaran-la-posible-renovacion-del-contrato\/#listItem","position":3,"name":"Pizarro y el Bremen analizar\u00e1n la posible renovaci\u00f3n del contrato","previousItem":{"@type":"ListItem","@id":"https:\/\/candas365.es\/noticias\/category\/deporte\/#listItem","name":"Deporte"}}]},{"@type":"NewsArticle","@id":"https:\/\/candas365.es\/noticias\/pizarro-y-el-bremen-analizaran-la-posible-renovacion-del-contrato\/#newsarticle","name":"Pizarro y el Bremen analizar\u00e1n la posible renovaci\u00f3n del contrato | Cand\u00e1s 365","headline":"Pizarro y el Bremen analizar\u00e1n la posible renovaci\u00f3n del contrato","author":{"@id":"https:\/\/candas365.es\/noticias\/author\/admin\/#author"},"publisher":{"@id":"https:\/\/candas365.es\/noticias\/#organization"},"image":{"@type":"ImageObject","url":"https:\/\/candas365.es\/noticias\/wp-content\/uploads\/2019\/01\/Claudio-Pizarro.jpg","width":1059,"height":677,"caption":"Foto: Carmen Jaspersen\/dpa"},"datePublished":"2019-01-22T22:02:51+01:00","dateModified":"2019-01-22T22:02:51+01:00","inLanguage":"es-ES","mainEntityOfPage":{"@id":"https:\/\/candas365.es\/noticias\/pizarro-y-el-bremen-analizaran-la-posible-renovacion-del-contrato\/#webpage"},"isPartOf":{"@id":"https:\/\/candas365.es\/noticias\/pizarro-y-el-bremen-analizaran-la-posible-renovacion-del-contrato\/#webpage"},"articleSection":"Deporte","dateline":"Publicado el enero 22, 2019."},{"@type":"Organization","@id":"https:\/\/candas365.es\/noticias\/#organization","name":"Cand\u00e1s 365","description":"Cand\u00e1s 365 es un diario digital independiente, fundado en 2012, con base en Asturias. Informamos con rigor sobre actualidad, sociedad, cultura y ocio, con una mirada local y global.","url":"https:\/\/candas365.es\/noticias\/","email":"info@candas365.es","telephone":"+34652131393","foundingDate":"2012-06-10","logo":{"@type":"ImageObject","url":"https:\/\/candas365.es\/noticias\/wp-content\/uploads\/2024\/09\/Candas-365-Redes.jpg","@id":"https:\/\/candas365.es\/noticias\/pizarro-y-el-bremen-analizaran-la-posible-renovacion-del-contrato\/#organizationLogo","width":1152,"height":864,"caption":"Cand\u00e1s 365 Redes"},"image":{"@id":"https:\/\/candas365.es\/noticias\/pizarro-y-el-bremen-analizaran-la-posible-renovacion-del-contrato\/#organizationLogo"},"sameAs":["https:\/\/www.facebook.com\/Nachofdezber","https:\/\/x.com\/NabercoDigital","https:\/\/www.instagram.com\/nachofdezber\/","https:\/\/www.youtube.com\/channel\/UCZP-2wLEB9Rv6erhFmqVnvg"],"address":{"@id":"https:\/\/candas365.es\/noticias\/#postaladdress","@type":"PostalAddress","streetAddress":"san antonio 4, san antonio 4","postalCode":"33430","addressLocality":"Cand\u00e1s","addressRegion":"Asturias","addressCountry":"ES"}},{"@type":"Person","@id":"https:\/\/candas365.es\/noticias\/author\/admin\/#author","url":"https:\/\/candas365.es\/noticias\/author\/admin\/","name":"Cand\u00e1s 365","image":{"@type":"ImageObject","@id":"https:\/\/candas365.es\/noticias\/pizarro-y-el-bremen-analizaran-la-posible-renovacion-del-contrato\/#authorImage","url":"https:\/\/secure.gravatar.com\/avatar\/496a8e03d0c493ede1718b7934145dbdf8d89be1036b0eec9544e1094c9de390?s=96&d=mm&r=g","width":96,"height":96,"caption":"Cand\u00e1s 365"},"sameAs":["https:\/\/www.facebook.com\/carrenoactualidad","https:\/\/twitter.com\/nbasturias","https:\/\/www.instagram.com\/nachofdezber\/","https:\/\/www.youtube.com\/channel\/UCZP-2wLEB9Rv6erhFmqVnvg"]},{"@type":"WebPage","@id":"https:\/\/candas365.es\/noticias\/pizarro-y-el-bremen-analizaran-la-posible-renovacion-del-contrato\/#webpage","url":"https:\/\/candas365.es\/noticias\/pizarro-y-el-bremen-analizaran-la-posible-renovacion-del-contrato\/","name":"Pizarro y el Bremen analizar\u00e1n la posible renovaci\u00f3n del contrato | Cand\u00e1s 365","description":"Bremen, 22 ene (dpa) - El Werder Bremen alem\u00e1n y Claudio Pizarro volver\u00e1n a reunirse en la primavera boreal para analizar la posible continuidad del veterano jugador peruano en el club, dijo hoy el director general del Bremen, Frank Baumann, al diario germano \"Bild\". \"Sabemos lo que Claudio nos aporta. Hemos acordado reunirnos en la","inLanguage":"es-ES","isPartOf":{"@id":"https:\/\/candas365.es\/noticias\/#website"},"breadcrumb":{"@id":"https:\/\/candas365.es\/noticias\/pizarro-y-el-bremen-analizaran-la-posible-renovacion-del-contrato\/#breadcrumblist"},"author":{"@id":"https:\/\/candas365.es\/noticias\/author\/admin\/#author"},"creator":{"@id":"https:\/\/candas365.es\/noticias\/author\/admin\/#author"},"image":{"@type":"ImageObject","url":"https:\/\/candas365.es\/noticias\/wp-content\/uploads\/2019\/01\/Claudio-Pizarro.jpg","@id":"https:\/\/candas365.es\/noticias\/pizarro-y-el-bremen-analizaran-la-posible-renovacion-del-contrato\/#mainImage","width":1059,"height":677,"caption":"Foto: Carmen Jaspersen\/dpa"},"primaryImageOfPage":{"@id":"https:\/\/candas365.es\/noticias\/pizarro-y-el-bremen-analizaran-la-posible-renovacion-del-contrato\/#mainImage"},"datePublished":"2019-01-22T22:02:51+01:00","dateModified":"2019-01-22T22:02:51+01:00"},{"@type":"WebSite","@id":"https:\/\/candas365.es\/noticias\/#website","url":"https:\/\/candas365.es\/noticias\/","name":"Cand\u00e1s 365","alternateName":"Cand\u00e1s 365 Noticias","description":"Actualidad desde Carre\u00f1o para el mundo","inLanguage":"es-ES","publisher":{"@id":"https:\/\/candas365.es\/noticias\/#organization"}}]},"og:locale":"es_ES","og:site_name":"Cand\u00e1s 365","og:type":"article","og:title":"Pizarro y el Bremen analizar\u00e1n la posible renovaci\u00f3n del contrato | Cand\u00e1s 365","og:description":"Bremen, 22 ene (dpa) - El Werder Bremen alem\u00e1n y Claudio Pizarro volver\u00e1n a reunirse en la primavera boreal para analizar la posible continuidad del veterano jugador peruano en el club, dijo hoy el director general del Bremen, Frank Baumann, al diario germano &quot;Bild&quot;. &quot;Sabemos lo que Claudio nos aporta. Hemos acordado reunirnos en la","og:url":"https:\/\/candas365.es\/noticias\/pizarro-y-el-bremen-analizaran-la-posible-renovacion-del-contrato\/","og:image":"https:\/\/candas365.es\/noticias\/wp-content\/uploads\/2019\/01\/Claudio-Pizarro.jpg","og:image:secure_url":"https:\/\/candas365.es\/noticias\/wp-content\/uploads\/2019\/01\/Claudio-Pizarro.jpg","og:image:width":1059,"og:image:height":677,"article:published_time":"2019-01-22T22:02:51+00:00","article:modified_time":"2019-01-22T22:02:51+00:00","article:publisher":"https:\/\/www.facebook.com\/Nachofdezber","article:author":"https:\/\/www.facebook.com\/carrenoactualidad","twitter:card":"summary_large_image","twitter:site":"@NabercoDigital","twitter:title":"Pizarro y el Bremen analizar\u00e1n la posible renovaci\u00f3n del contrato | Cand\u00e1s 365","twitter:description":"Bremen, 22 ene (dpa) - El Werder Bremen alem\u00e1n y Claudio Pizarro volver\u00e1n a reunirse en la primavera boreal para analizar la posible continuidad del veterano jugador peruano en el club, dijo hoy el director general del Bremen, Frank Baumann, al diario germano &quot;Bild&quot;. &quot;Sabemos lo que Claudio nos aporta. Hemos acordado reunirnos en la","twitter:creator":"@nbasturias","twitter:image":"https:\/\/candas365.es\/noticias\/wp-content\/uploads\/2019\/01\/Claudio-Pizarro.jpg","twitter:label1":"Escrito por","twitter:data1":"Cand\u00e1s 365","twitter:label2":"Tiempo de lectura estimado","twitter:data2":"1 minuto"},"aioseo_meta_data":{"post_id":"114861","title":null,"description":null,"keywords":null,"keyphrases":null,"primary_term":null,"canonical_url":null,"og_title":null,"og_description":null,"og_object_type":"default","og_image_type":"default","og_image_url":null,"og_image_width":null,"og_image_height":null,"og_image_custom_url":null,"og_image_custom_fields":null,"og_video":null,"og_custom_url":null,"og_article_section":null,"og_article_tags":null,"twitter_use_og":false,"twitter_card":"default","twitter_image_type":"default","twitter_image_url":null,"twitter_image_custom_url":null,"twitter_image_custom_fields":null,"twitter_title":null,"twitter_description":null,"schema":{"blockGraphs":[],"customGraphs":[],"default":{"data":{"Article":[],"Course":[],"Dataset":[],"FAQPage":[],"Movie":[],"Person":[],"Product":[],"ProductReview":[],"Car":[],"Recipe":[],"Service":[],"SoftwareApplication":[],"WebPage":[]},"graphName":"","isEnabled":true},"graphs":[]},"schema_type":null,"schema_type_options":null,"pillar_content":false,"robots_default":true,"robots_noindex":false,"robots_noarchive":false,"robots_nosnippet":false,"robots_nofollow":false,"robots_noimageindex":false,"robots_noodp":false,"robots_notranslate":false,"robots_max_snippet":null,"robots_max_videopreview":null,"robots_max_imagepreview":"large","priority":null,"frequency":null,"location":null,"local_seo":null,"seo_analyzer_scan_date":"2025-08-29 02:29:30","breadcrumb_settings":null,"limit_modified_date":false,"reviewed_by":null,"open_ai":null,"ai":null,"created":"2020-12-21 11:20:55","updated":"2025-08-29 02:29:30"},"aioseo_breadcrumb":"<div class=\"aioseo-breadcrumbs\"><span class=\"aioseo-breadcrumb\">\n\t<a href=\"https:\/\/candas365.es\/noticias\" title=\"Home\">Home<\/a>\n<\/span><span class=\"aioseo-breadcrumb-separator\">&ndash;<\/span><span class=\"aioseo-breadcrumb\">\n\t<a href=\"https:\/\/candas365.es\/noticias\/category\/deporte\/\" title=\"Deporte\">Deporte<\/a>\n<\/span><span class=\"aioseo-breadcrumb-separator\">&ndash;<\/span><span class=\"aioseo-breadcrumb\">\n\tPizarro y el Bremen analizar\u00e1n la posible renovaci\u00f3n del contrato\n<\/span><\/div>","aioseo_breadcrumb_json":[{"label":"Home","link":"https:\/\/candas365.es\/noticias"},{"label":"Deporte","link":"https:\/\/candas365.es\/noticias\/category\/deporte\/"},{"label":"Pizarro y el Bremen analizar\u00e1n la posible renovaci\u00f3n del contrato","link":"https:\/\/candas365.es\/noticias\/pizarro-y-el-bremen-analizaran-la-posible-renovacion-del-contrato\/"}],"_links":{"self":[{"href":"https:\/\/candas365.es\/noticias\/wp-json\/wp\/v2\/posts\/114861","targetHints":{"allow":["GET"]}}],"collection":[{"href":"https:\/\/candas365.es\/noticias\/wp-json\/wp\/v2\/posts"}],"about":[{"href":"https:\/\/candas365.es\/noticias\/wp-json\/wp\/v2\/types\/post"}],"author":[{"embeddable":true,"href":"https:\/\/candas365.es\/noticias\/wp-json\/wp\/v2\/users\/1"}],"replies":[{"embeddable":true,"href":"https:\/\/candas365.es\/noticias\/wp-json\/wp\/v2\/comments?post=114861"}],"version-history":[{"count":0,"href":"https:\/\/candas365.es\/noticias\/wp-json\/wp\/v2\/posts\/114861\/revisions"}],"wp:featuredmedia":[{"embeddable":true,"href":"https:\/\/candas365.es\/noticias\/wp-json\/wp\/v2\/media\/114862"}],"wp:attachment":[{"href":"https:\/\/candas365.es\/noticias\/wp-json\/wp\/v2\/media?parent=114861"}],"wp:term":[{"taxonomy":"category","embeddable":true,"href":"https:\/\/candas365.es\/noticias\/wp-json\/wp\/v2\/categories?post=114861"},{"taxonomy":"post_tag","embeddable":true,"href":"https:\/\/candas365.es\/noticias\/wp-json\/wp\/v2\/tags?post=114861"}],"curies":[{"name":"wp","href":"https:\/\/api.w.org\/{rel}","templated":true}]}}