{"id":114857,"date":"2019-01-22T21:49:19","date_gmt":"2019-01-22T21:49:19","guid":{"rendered":"http:\/\/candas365.es\/noticias\/?p=114857"},"modified":"2019-01-22T21:49:19","modified_gmt":"2019-01-22T21:49:19","slug":"alemania-se-mete-en-las-semifinales-del-mundial-de-balonmano","status":"publish","type":"post","link":"https:\/\/candas365.es\/noticias\/alemania-se-mete-en-las-semifinales-del-mundial-de-balonmano\/","title":{"rendered":"Alemania se mete en las semifinales del Mundial de balonmano"},"content":{"rendered":"<figure id=\"attachment_114859\" aria-describedby=\"caption-attachment-114859\" style=\"width: 360px\" class=\"wp-caption alignleft\"><img fetchpriority=\"high\" decoding=\"async\" class=\"size-medium wp-image-114859\" src=\"https:\/\/candas365.es\/noticias\/wp-content\/uploads\/2019\/01\/Mundial-Balonmano-Sele-Alemania-360x275.jpg\" alt=\"\" width=\"360\" height=\"275\" srcset=\"https:\/\/candas365.es\/noticias\/wp-content\/uploads\/2019\/01\/Mundial-Balonmano-Sele-Alemania-360x275.jpg 360w, https:\/\/candas365.es\/noticias\/wp-content\/uploads\/2019\/01\/Mundial-Balonmano-Sele-Alemania-768x587.jpg 768w, https:\/\/candas365.es\/noticias\/wp-content\/uploads\/2019\/01\/Mundial-Balonmano-Sele-Alemania-628x480.jpg 628w, https:\/\/candas365.es\/noticias\/wp-content\/uploads\/2019\/01\/Mundial-Balonmano-Sele-Alemania-80x60.jpg 80w, https:\/\/candas365.es\/noticias\/wp-content\/uploads\/2019\/01\/Mundial-Balonmano-Sele-Alemania-696x532.jpg 696w, https:\/\/candas365.es\/noticias\/wp-content\/uploads\/2019\/01\/Mundial-Balonmano-Sele-Alemania-549x420.jpg 549w, https:\/\/candas365.es\/noticias\/wp-content\/uploads\/2019\/01\/Mundial-Balonmano-Sele-Alemania.jpg 884w\" sizes=\"(max-width: 360px) 100vw, 360px\" \/><figcaption id=\"caption-attachment-114859\" class=\"wp-caption-text\">Foto: Federico Gambarini\/dpa<\/figcaption><\/figure>\n<p>Colonia (Alemania), 22 ene (dpa) &#8211; La selecci\u00f3n alemana bati\u00f3 por un ajustado 22-21 (11-11) a la de Croacia y obtuvo el pase anticipado a las semifinales del campeonato mundial que se disputa en Alemania y Dinamarca.<\/p>\n<p>El equipo germano dirigido por Christian Prokop se asegur\u00f3 el lunes por la noche una plaza en la ronda de los \u00faltimos cuatro en un encuentro de alta intensidad disputado ante 19.250 espectadores que colmaron la Arena de la ciudad de Colonia.<\/p>\n<p>Fabian Wiede fue el mayor lanzador germano, con seis tantos. \u00abAhora vamos a Hamburgo\u00bb, dijo entusiasmado sobre la pr\u00f3xima instancia, que los germanos dirimir\u00e1n en Hamburgo el viernes contra Dinamarca, Suecia o Noruega.<\/p>\n<p>Los alemanes se ver\u00e1n ma\u00f1ana las caras con Espa\u00f1a, pero el partido es de mero tr\u00e1mite. Tambi\u00e9n la campeona vigente, Francia, se clasific\u00f3 de forma anticipada para la pen\u00faltima ronda del certamen.<\/p>\n<p>El j\u00fabilo de los alemanes se vio empa\u00f1ado por la seria lesi\u00f3n sufrida por el armador de juego Martin Strobel. El jugador de 32 a\u00f1os sufri\u00f3 una rotura de ligamento interno y se perder\u00e1 el resto del torneo.<\/p>\n","protected":false},"excerpt":{"rendered":"<p>Colonia (Alemania), 22 ene (dpa) &#8211; La selecci\u00f3n alemana bati\u00f3 por un ajustado 22-21 (11-11) a la de Croacia y obtuvo el pase anticipado a las semifinales del campeonato mundial que se disputa en Alemania y Dinamarca. El equipo germano dirigido por Christian Prokop se asegur\u00f3 el lunes por la noche una plaza en la<\/p>\n","protected":false},"author":1,"featured_media":114859,"comment_status":"closed","ping_status":"closed","sticky":false,"template":"","format":"standard","meta":{"footnotes":""},"categories":[319],"tags":[],"class_list":{"0":"post-114857","1":"post","2":"type-post","3":"status-publish","4":"format-standard","5":"has-post-thumbnail","7":"category-deporte"},"aioseo_notices":[],"aioseo_head":"\n\t\t<!-- All in One SEO Pro 4.9.6.2 - aioseo.com -->\n\t<meta name=\"description\" content=\"Colonia (Alemania), 22 ene (dpa) - La selecci\u00f3n alemana bati\u00f3 por un ajustado 22-21 (11-11) a la de Croacia y obtuvo el pase anticipado a las semifinales del campeonato mundial que se disputa en Alemania y Dinamarca. El equipo germano dirigido por Christian Prokop se asegur\u00f3 el lunes por la noche una plaza en la\" \/>\n\t<meta name=\"robots\" content=\"max-image-preview:large\" \/>\n\t<meta name=\"author\" content=\"Cand\u00e1s 365\"\/>\n\t<meta name=\"google-site-verification\" content=\"UA-32230408-1\" \/>\n\t<meta name=\"msvalidate.01\" content=\"354F3CDFB2DA171B47FBE9ABF1F88D5\" \/>\n\t<meta name=\"keywords\" content=\"deporte\" \/>\n\t<link rel=\"canonical\" href=\"https:\/\/candas365.es\/noticias\/alemania-se-mete-en-las-semifinales-del-mundial-de-balonmano\/\" \/>\n\t<meta name=\"generator\" content=\"All in One SEO Pro (AIOSEO) 4.9.6.2\" \/>\n\t\t<meta property=\"og:locale\" content=\"es_ES\" \/>\n\t\t<meta property=\"og:site_name\" content=\"Cand\u00e1s 365\" \/>\n\t\t<meta property=\"og:type\" content=\"article\" \/>\n\t\t<meta property=\"og:title\" content=\"Alemania se mete en las semifinales del Mundial de balonmano | Cand\u00e1s 365\" \/>\n\t\t<meta property=\"og:description\" content=\"Colonia (Alemania), 22 ene (dpa) - La selecci\u00f3n alemana bati\u00f3 por un ajustado 22-21 (11-11) a la de Croacia y obtuvo el pase anticipado a las semifinales del campeonato mundial que se disputa en Alemania y Dinamarca. El equipo germano dirigido por Christian Prokop se asegur\u00f3 el lunes por la noche una plaza en la\" \/>\n\t\t<meta property=\"og:url\" content=\"https:\/\/candas365.es\/noticias\/alemania-se-mete-en-las-semifinales-del-mundial-de-balonmano\/\" \/>\n\t\t<meta property=\"og:image\" content=\"https:\/\/candas365.es\/noticias\/wp-content\/uploads\/2019\/01\/Mundial-Balonmano-Sele-Alemania.jpg\" \/>\n\t\t<meta property=\"og:image:secure_url\" content=\"https:\/\/candas365.es\/noticias\/wp-content\/uploads\/2019\/01\/Mundial-Balonmano-Sele-Alemania.jpg\" \/>\n\t\t<meta property=\"og:image:width\" content=\"884\" \/>\n\t\t<meta property=\"og:image:height\" content=\"676\" \/>\n\t\t<meta property=\"article:published_time\" content=\"2019-01-22T21:49:19+00:00\" \/>\n\t\t<meta property=\"article:modified_time\" content=\"2019-01-22T21:49:19+00:00\" \/>\n\t\t<meta property=\"article:publisher\" content=\"https:\/\/www.facebook.com\/Nachofdezber\" \/>\n\t\t<meta property=\"article:author\" content=\"https:\/\/www.facebook.com\/carrenoactualidad\" \/>\n\t\t<meta name=\"twitter:card\" content=\"summary_large_image\" \/>\n\t\t<meta name=\"twitter:site\" content=\"@NabercoDigital\" \/>\n\t\t<meta name=\"twitter:title\" content=\"Alemania se mete en las semifinales del Mundial de balonmano | Cand\u00e1s 365\" \/>\n\t\t<meta name=\"twitter:description\" content=\"Colonia (Alemania), 22 ene (dpa) - La selecci\u00f3n alemana bati\u00f3 por un ajustado 22-21 (11-11) a la de Croacia y obtuvo el pase anticipado a las semifinales del campeonato mundial que se disputa en Alemania y Dinamarca. El equipo germano dirigido por Christian Prokop se asegur\u00f3 el lunes por la noche una plaza en la\" \/>\n\t\t<meta name=\"twitter:creator\" content=\"@nbasturias\" \/>\n\t\t<meta name=\"twitter:image\" content=\"https:\/\/candas365.es\/noticias\/wp-content\/uploads\/2019\/01\/Mundial-Balonmano-Sele-Alemania.jpg\" \/>\n\t\t<meta name=\"twitter:label1\" content=\"Escrito por\" \/>\n\t\t<meta name=\"twitter:data1\" content=\"Cand\u00e1s 365\" \/>\n\t\t<meta name=\"twitter:label2\" content=\"Tiempo de lectura estimado\" \/>\n\t\t<meta name=\"twitter:data2\" content=\"1 minuto\" \/>\n\t\t<script type=\"application\/ld+json\" class=\"aioseo-schema\">\n\t\t\t{\"@context\":\"https:\\\/\\\/schema.org\",\"@graph\":[{\"@type\":\"BreadcrumbList\",\"@id\":\"https:\\\/\\\/candas365.es\\\/noticias\\\/alemania-se-mete-en-las-semifinales-del-mundial-de-balonmano\\\/#breadcrumblist\",\"itemListElement\":[{\"@type\":\"ListItem\",\"@id\":\"https:\\\/\\\/candas365.es\\\/noticias#listItem\",\"position\":1,\"name\":\"Home\",\"item\":\"https:\\\/\\\/candas365.es\\\/noticias\",\"nextItem\":{\"@type\":\"ListItem\",\"@id\":\"https:\\\/\\\/candas365.es\\\/noticias\\\/category\\\/deporte\\\/#listItem\",\"name\":\"Deporte\"}},{\"@type\":\"ListItem\",\"@id\":\"https:\\\/\\\/candas365.es\\\/noticias\\\/category\\\/deporte\\\/#listItem\",\"position\":2,\"name\":\"Deporte\",\"item\":\"https:\\\/\\\/candas365.es\\\/noticias\\\/category\\\/deporte\\\/\",\"nextItem\":{\"@type\":\"ListItem\",\"@id\":\"https:\\\/\\\/candas365.es\\\/noticias\\\/alemania-se-mete-en-las-semifinales-del-mundial-de-balonmano\\\/#listItem\",\"name\":\"Alemania se mete en las semifinales del Mundial de balonmano\"},\"previousItem\":{\"@type\":\"ListItem\",\"@id\":\"https:\\\/\\\/candas365.es\\\/noticias#listItem\",\"name\":\"Home\"}},{\"@type\":\"ListItem\",\"@id\":\"https:\\\/\\\/candas365.es\\\/noticias\\\/alemania-se-mete-en-las-semifinales-del-mundial-de-balonmano\\\/#listItem\",\"position\":3,\"name\":\"Alemania se mete en las semifinales del Mundial de balonmano\",\"previousItem\":{\"@type\":\"ListItem\",\"@id\":\"https:\\\/\\\/candas365.es\\\/noticias\\\/category\\\/deporte\\\/#listItem\",\"name\":\"Deporte\"}}]},{\"@type\":\"NewsArticle\",\"@id\":\"https:\\\/\\\/candas365.es\\\/noticias\\\/alemania-se-mete-en-las-semifinales-del-mundial-de-balonmano\\\/#newsarticle\",\"name\":\"Alemania se mete en las semifinales del Mundial de balonmano | Cand\\u00e1s 365\",\"headline\":\"Alemania se mete en las semifinales del Mundial de balonmano\",\"author\":{\"@id\":\"https:\\\/\\\/candas365.es\\\/noticias\\\/author\\\/admin\\\/#author\"},\"publisher\":{\"@id\":\"https:\\\/\\\/candas365.es\\\/noticias\\\/#organization\"},\"image\":{\"@type\":\"ImageObject\",\"url\":\"https:\\\/\\\/candas365.es\\\/noticias\\\/wp-content\\\/uploads\\\/2019\\\/01\\\/Mundial-Balonmano-Sele-Alemania.jpg\",\"width\":884,\"height\":676,\"caption\":\"Foto: Federico Gambarini\\\/dpa\"},\"datePublished\":\"2019-01-22T21:49:19+01:00\",\"dateModified\":\"2019-01-22T21:49:19+01:00\",\"inLanguage\":\"es-ES\",\"mainEntityOfPage\":{\"@id\":\"https:\\\/\\\/candas365.es\\\/noticias\\\/alemania-se-mete-en-las-semifinales-del-mundial-de-balonmano\\\/#webpage\"},\"isPartOf\":{\"@id\":\"https:\\\/\\\/candas365.es\\\/noticias\\\/alemania-se-mete-en-las-semifinales-del-mundial-de-balonmano\\\/#webpage\"},\"articleSection\":\"Deporte\",\"dateline\":\"Publicado el enero 22, 2019.\"},{\"@type\":\"Organization\",\"@id\":\"https:\\\/\\\/candas365.es\\\/noticias\\\/#organization\",\"name\":\"Cand\\u00e1s 365\",\"description\":\"Cand\\u00e1s 365 es un diario digital independiente, fundado en 2012, con base en Asturias. Informamos con rigor sobre actualidad, sociedad, cultura y ocio, con una mirada local y global.\",\"url\":\"https:\\\/\\\/candas365.es\\\/noticias\\\/\",\"email\":\"info@candas365.es\",\"telephone\":\"+34652131393\",\"foundingDate\":\"2012-06-10\",\"logo\":{\"@type\":\"ImageObject\",\"url\":\"https:\\\/\\\/candas365.es\\\/noticias\\\/wp-content\\\/uploads\\\/2024\\\/09\\\/Candas-365-Redes.jpg\",\"@id\":\"https:\\\/\\\/candas365.es\\\/noticias\\\/alemania-se-mete-en-las-semifinales-del-mundial-de-balonmano\\\/#organizationLogo\",\"width\":1152,\"height\":864,\"caption\":\"Cand\\u00e1s 365 Redes\"},\"image\":{\"@id\":\"https:\\\/\\\/candas365.es\\\/noticias\\\/alemania-se-mete-en-las-semifinales-del-mundial-de-balonmano\\\/#organizationLogo\"},\"sameAs\":[\"https:\\\/\\\/www.facebook.com\\\/Nachofdezber\",\"https:\\\/\\\/x.com\\\/NabercoDigital\",\"https:\\\/\\\/www.instagram.com\\\/nachofdezber\\\/\",\"https:\\\/\\\/www.youtube.com\\\/channel\\\/UCZP-2wLEB9Rv6erhFmqVnvg\"],\"address\":{\"@id\":\"https:\\\/\\\/candas365.es\\\/noticias\\\/#postaladdress\",\"@type\":\"PostalAddress\",\"streetAddress\":\"san antonio 4, san antonio 4\",\"postalCode\":\"33430\",\"addressLocality\":\"Cand\\u00e1s\",\"addressRegion\":\"Asturias\",\"addressCountry\":\"ES\"}},{\"@type\":\"Person\",\"@id\":\"https:\\\/\\\/candas365.es\\\/noticias\\\/author\\\/admin\\\/#author\",\"url\":\"https:\\\/\\\/candas365.es\\\/noticias\\\/author\\\/admin\\\/\",\"name\":\"Cand\\u00e1s 365\",\"image\":{\"@type\":\"ImageObject\",\"@id\":\"https:\\\/\\\/candas365.es\\\/noticias\\\/alemania-se-mete-en-las-semifinales-del-mundial-de-balonmano\\\/#authorImage\",\"url\":\"https:\\\/\\\/secure.gravatar.com\\\/avatar\\\/496a8e03d0c493ede1718b7934145dbdf8d89be1036b0eec9544e1094c9de390?s=96&d=mm&r=g\",\"width\":96,\"height\":96,\"caption\":\"Cand\\u00e1s 365\"},\"sameAs\":[\"https:\\\/\\\/www.facebook.com\\\/carrenoactualidad\",\"https:\\\/\\\/twitter.com\\\/nbasturias\",\"https:\\\/\\\/www.instagram.com\\\/nachofdezber\\\/\",\"https:\\\/\\\/www.youtube.com\\\/channel\\\/UCZP-2wLEB9Rv6erhFmqVnvg\"]},{\"@type\":\"WebPage\",\"@id\":\"https:\\\/\\\/candas365.es\\\/noticias\\\/alemania-se-mete-en-las-semifinales-del-mundial-de-balonmano\\\/#webpage\",\"url\":\"https:\\\/\\\/candas365.es\\\/noticias\\\/alemania-se-mete-en-las-semifinales-del-mundial-de-balonmano\\\/\",\"name\":\"Alemania se mete en las semifinales del Mundial de balonmano | Cand\\u00e1s 365\",\"description\":\"Colonia (Alemania), 22 ene (dpa) - La selecci\\u00f3n alemana bati\\u00f3 por un ajustado 22-21 (11-11) a la de Croacia y obtuvo el pase anticipado a las semifinales del campeonato mundial que se disputa en Alemania y Dinamarca. El equipo germano dirigido por Christian Prokop se asegur\\u00f3 el lunes por la noche una plaza en la\",\"inLanguage\":\"es-ES\",\"isPartOf\":{\"@id\":\"https:\\\/\\\/candas365.es\\\/noticias\\\/#website\"},\"breadcrumb\":{\"@id\":\"https:\\\/\\\/candas365.es\\\/noticias\\\/alemania-se-mete-en-las-semifinales-del-mundial-de-balonmano\\\/#breadcrumblist\"},\"author\":{\"@id\":\"https:\\\/\\\/candas365.es\\\/noticias\\\/author\\\/admin\\\/#author\"},\"creator\":{\"@id\":\"https:\\\/\\\/candas365.es\\\/noticias\\\/author\\\/admin\\\/#author\"},\"image\":{\"@type\":\"ImageObject\",\"url\":\"https:\\\/\\\/candas365.es\\\/noticias\\\/wp-content\\\/uploads\\\/2019\\\/01\\\/Mundial-Balonmano-Sele-Alemania.jpg\",\"@id\":\"https:\\\/\\\/candas365.es\\\/noticias\\\/alemania-se-mete-en-las-semifinales-del-mundial-de-balonmano\\\/#mainImage\",\"width\":884,\"height\":676,\"caption\":\"Foto: Federico Gambarini\\\/dpa\"},\"primaryImageOfPage\":{\"@id\":\"https:\\\/\\\/candas365.es\\\/noticias\\\/alemania-se-mete-en-las-semifinales-del-mundial-de-balonmano\\\/#mainImage\"},\"datePublished\":\"2019-01-22T21:49:19+01:00\",\"dateModified\":\"2019-01-22T21:49:19+01:00\"},{\"@type\":\"WebSite\",\"@id\":\"https:\\\/\\\/candas365.es\\\/noticias\\\/#website\",\"url\":\"https:\\\/\\\/candas365.es\\\/noticias\\\/\",\"name\":\"Cand\\u00e1s 365\",\"alternateName\":\"Cand\\u00e1s 365 Noticias\",\"description\":\"Actualidad desde Carre\\u00f1o para el mundo\",\"inLanguage\":\"es-ES\",\"publisher\":{\"@id\":\"https:\\\/\\\/candas365.es\\\/noticias\\\/#organization\"}}]}\n\t\t<\/script>\n\t\t<!-- All in One SEO Pro -->\r\n\t\t<title>Alemania se mete en las semifinales del Mundial de balonmano | Cand\u00e1s 365<\/title>\n\n","aioseo_head_json":{"title":"Alemania se mete en las semifinales del Mundial de balonmano | Cand\u00e1s 365","description":"Colonia (Alemania), 22 ene (dpa) - La selecci\u00f3n alemana bati\u00f3 por un ajustado 22-21 (11-11) a la de Croacia y obtuvo el pase anticipado a las semifinales del campeonato mundial que se disputa en Alemania y Dinamarca. El equipo germano dirigido por Christian Prokop se asegur\u00f3 el lunes por la noche una plaza en la","canonical_url":"https:\/\/candas365.es\/noticias\/alemania-se-mete-en-las-semifinales-del-mundial-de-balonmano\/","robots":"max-image-preview:large","keywords":"deporte","webmasterTools":{"google-site-verification":"UA-32230408-1","msvalidate.01":"354F3CDFB2DA171B47FBE9ABF1F88D5","miscellaneous":""},"schema":{"@context":"https:\/\/schema.org","@graph":[{"@type":"BreadcrumbList","@id":"https:\/\/candas365.es\/noticias\/alemania-se-mete-en-las-semifinales-del-mundial-de-balonmano\/#breadcrumblist","itemListElement":[{"@type":"ListItem","@id":"https:\/\/candas365.es\/noticias#listItem","position":1,"name":"Home","item":"https:\/\/candas365.es\/noticias","nextItem":{"@type":"ListItem","@id":"https:\/\/candas365.es\/noticias\/category\/deporte\/#listItem","name":"Deporte"}},{"@type":"ListItem","@id":"https:\/\/candas365.es\/noticias\/category\/deporte\/#listItem","position":2,"name":"Deporte","item":"https:\/\/candas365.es\/noticias\/category\/deporte\/","nextItem":{"@type":"ListItem","@id":"https:\/\/candas365.es\/noticias\/alemania-se-mete-en-las-semifinales-del-mundial-de-balonmano\/#listItem","name":"Alemania se mete en las semifinales del Mundial de balonmano"},"previousItem":{"@type":"ListItem","@id":"https:\/\/candas365.es\/noticias#listItem","name":"Home"}},{"@type":"ListItem","@id":"https:\/\/candas365.es\/noticias\/alemania-se-mete-en-las-semifinales-del-mundial-de-balonmano\/#listItem","position":3,"name":"Alemania se mete en las semifinales del Mundial de balonmano","previousItem":{"@type":"ListItem","@id":"https:\/\/candas365.es\/noticias\/category\/deporte\/#listItem","name":"Deporte"}}]},{"@type":"NewsArticle","@id":"https:\/\/candas365.es\/noticias\/alemania-se-mete-en-las-semifinales-del-mundial-de-balonmano\/#newsarticle","name":"Alemania se mete en las semifinales del Mundial de balonmano | Cand\u00e1s 365","headline":"Alemania se mete en las semifinales del Mundial de balonmano","author":{"@id":"https:\/\/candas365.es\/noticias\/author\/admin\/#author"},"publisher":{"@id":"https:\/\/candas365.es\/noticias\/#organization"},"image":{"@type":"ImageObject","url":"https:\/\/candas365.es\/noticias\/wp-content\/uploads\/2019\/01\/Mundial-Balonmano-Sele-Alemania.jpg","width":884,"height":676,"caption":"Foto: Federico Gambarini\/dpa"},"datePublished":"2019-01-22T21:49:19+01:00","dateModified":"2019-01-22T21:49:19+01:00","inLanguage":"es-ES","mainEntityOfPage":{"@id":"https:\/\/candas365.es\/noticias\/alemania-se-mete-en-las-semifinales-del-mundial-de-balonmano\/#webpage"},"isPartOf":{"@id":"https:\/\/candas365.es\/noticias\/alemania-se-mete-en-las-semifinales-del-mundial-de-balonmano\/#webpage"},"articleSection":"Deporte","dateline":"Publicado el enero 22, 2019."},{"@type":"Organization","@id":"https:\/\/candas365.es\/noticias\/#organization","name":"Cand\u00e1s 365","description":"Cand\u00e1s 365 es un diario digital independiente, fundado en 2012, con base en Asturias. Informamos con rigor sobre actualidad, sociedad, cultura y ocio, con una mirada local y global.","url":"https:\/\/candas365.es\/noticias\/","email":"info@candas365.es","telephone":"+34652131393","foundingDate":"2012-06-10","logo":{"@type":"ImageObject","url":"https:\/\/candas365.es\/noticias\/wp-content\/uploads\/2024\/09\/Candas-365-Redes.jpg","@id":"https:\/\/candas365.es\/noticias\/alemania-se-mete-en-las-semifinales-del-mundial-de-balonmano\/#organizationLogo","width":1152,"height":864,"caption":"Cand\u00e1s 365 Redes"},"image":{"@id":"https:\/\/candas365.es\/noticias\/alemania-se-mete-en-las-semifinales-del-mundial-de-balonmano\/#organizationLogo"},"sameAs":["https:\/\/www.facebook.com\/Nachofdezber","https:\/\/x.com\/NabercoDigital","https:\/\/www.instagram.com\/nachofdezber\/","https:\/\/www.youtube.com\/channel\/UCZP-2wLEB9Rv6erhFmqVnvg"],"address":{"@id":"https:\/\/candas365.es\/noticias\/#postaladdress","@type":"PostalAddress","streetAddress":"san antonio 4, san antonio 4","postalCode":"33430","addressLocality":"Cand\u00e1s","addressRegion":"Asturias","addressCountry":"ES"}},{"@type":"Person","@id":"https:\/\/candas365.es\/noticias\/author\/admin\/#author","url":"https:\/\/candas365.es\/noticias\/author\/admin\/","name":"Cand\u00e1s 365","image":{"@type":"ImageObject","@id":"https:\/\/candas365.es\/noticias\/alemania-se-mete-en-las-semifinales-del-mundial-de-balonmano\/#authorImage","url":"https:\/\/secure.gravatar.com\/avatar\/496a8e03d0c493ede1718b7934145dbdf8d89be1036b0eec9544e1094c9de390?s=96&d=mm&r=g","width":96,"height":96,"caption":"Cand\u00e1s 365"},"sameAs":["https:\/\/www.facebook.com\/carrenoactualidad","https:\/\/twitter.com\/nbasturias","https:\/\/www.instagram.com\/nachofdezber\/","https:\/\/www.youtube.com\/channel\/UCZP-2wLEB9Rv6erhFmqVnvg"]},{"@type":"WebPage","@id":"https:\/\/candas365.es\/noticias\/alemania-se-mete-en-las-semifinales-del-mundial-de-balonmano\/#webpage","url":"https:\/\/candas365.es\/noticias\/alemania-se-mete-en-las-semifinales-del-mundial-de-balonmano\/","name":"Alemania se mete en las semifinales del Mundial de balonmano | Cand\u00e1s 365","description":"Colonia (Alemania), 22 ene (dpa) - La selecci\u00f3n alemana bati\u00f3 por un ajustado 22-21 (11-11) a la de Croacia y obtuvo el pase anticipado a las semifinales del campeonato mundial que se disputa en Alemania y Dinamarca. El equipo germano dirigido por Christian Prokop se asegur\u00f3 el lunes por la noche una plaza en la","inLanguage":"es-ES","isPartOf":{"@id":"https:\/\/candas365.es\/noticias\/#website"},"breadcrumb":{"@id":"https:\/\/candas365.es\/noticias\/alemania-se-mete-en-las-semifinales-del-mundial-de-balonmano\/#breadcrumblist"},"author":{"@id":"https:\/\/candas365.es\/noticias\/author\/admin\/#author"},"creator":{"@id":"https:\/\/candas365.es\/noticias\/author\/admin\/#author"},"image":{"@type":"ImageObject","url":"https:\/\/candas365.es\/noticias\/wp-content\/uploads\/2019\/01\/Mundial-Balonmano-Sele-Alemania.jpg","@id":"https:\/\/candas365.es\/noticias\/alemania-se-mete-en-las-semifinales-del-mundial-de-balonmano\/#mainImage","width":884,"height":676,"caption":"Foto: Federico Gambarini\/dpa"},"primaryImageOfPage":{"@id":"https:\/\/candas365.es\/noticias\/alemania-se-mete-en-las-semifinales-del-mundial-de-balonmano\/#mainImage"},"datePublished":"2019-01-22T21:49:19+01:00","dateModified":"2019-01-22T21:49:19+01:00"},{"@type":"WebSite","@id":"https:\/\/candas365.es\/noticias\/#website","url":"https:\/\/candas365.es\/noticias\/","name":"Cand\u00e1s 365","alternateName":"Cand\u00e1s 365 Noticias","description":"Actualidad desde Carre\u00f1o para el mundo","inLanguage":"es-ES","publisher":{"@id":"https:\/\/candas365.es\/noticias\/#organization"}}]},"og:locale":"es_ES","og:site_name":"Cand\u00e1s 365","og:type":"article","og:title":"Alemania se mete en las semifinales del Mundial de balonmano | Cand\u00e1s 365","og:description":"Colonia (Alemania), 22 ene (dpa) - La selecci\u00f3n alemana bati\u00f3 por un ajustado 22-21 (11-11) a la de Croacia y obtuvo el pase anticipado a las semifinales del campeonato mundial que se disputa en Alemania y Dinamarca. El equipo germano dirigido por Christian Prokop se asegur\u00f3 el lunes por la noche una plaza en la","og:url":"https:\/\/candas365.es\/noticias\/alemania-se-mete-en-las-semifinales-del-mundial-de-balonmano\/","og:image":"https:\/\/candas365.es\/noticias\/wp-content\/uploads\/2019\/01\/Mundial-Balonmano-Sele-Alemania.jpg","og:image:secure_url":"https:\/\/candas365.es\/noticias\/wp-content\/uploads\/2019\/01\/Mundial-Balonmano-Sele-Alemania.jpg","og:image:width":884,"og:image:height":676,"article:published_time":"2019-01-22T21:49:19+00:00","article:modified_time":"2019-01-22T21:49:19+00:00","article:publisher":"https:\/\/www.facebook.com\/Nachofdezber","article:author":"https:\/\/www.facebook.com\/carrenoactualidad","twitter:card":"summary_large_image","twitter:site":"@NabercoDigital","twitter:title":"Alemania se mete en las semifinales del Mundial de balonmano | Cand\u00e1s 365","twitter:description":"Colonia (Alemania), 22 ene (dpa) - La selecci\u00f3n alemana bati\u00f3 por un ajustado 22-21 (11-11) a la de Croacia y obtuvo el pase anticipado a las semifinales del campeonato mundial que se disputa en Alemania y Dinamarca. El equipo germano dirigido por Christian Prokop se asegur\u00f3 el lunes por la noche una plaza en la","twitter:creator":"@nbasturias","twitter:image":"https:\/\/candas365.es\/noticias\/wp-content\/uploads\/2019\/01\/Mundial-Balonmano-Sele-Alemania.jpg","twitter:label1":"Escrito por","twitter:data1":"Cand\u00e1s 365","twitter:label2":"Tiempo de lectura estimado","twitter:data2":"1 minuto"},"aioseo_meta_data":{"post_id":"114857","title":null,"description":null,"keywords":null,"keyphrases":null,"primary_term":null,"canonical_url":null,"og_title":null,"og_description":null,"og_object_type":"default","og_image_type":"default","og_image_url":null,"og_image_width":null,"og_image_height":null,"og_image_custom_url":null,"og_image_custom_fields":null,"og_video":null,"og_custom_url":null,"og_article_section":null,"og_article_tags":null,"twitter_use_og":false,"twitter_card":"default","twitter_image_type":"default","twitter_image_url":null,"twitter_image_custom_url":null,"twitter_image_custom_fields":null,"twitter_title":null,"twitter_description":null,"schema":{"blockGraphs":[],"customGraphs":[],"default":{"data":{"Article":[],"Course":[],"Dataset":[],"FAQPage":[],"Movie":[],"Person":[],"Product":[],"ProductReview":[],"Car":[],"Recipe":[],"Service":[],"SoftwareApplication":[],"WebPage":[]},"graphName":"","isEnabled":true},"graphs":[]},"schema_type":null,"schema_type_options":null,"pillar_content":false,"robots_default":true,"robots_noindex":false,"robots_noarchive":false,"robots_nosnippet":false,"robots_nofollow":false,"robots_noimageindex":false,"robots_noodp":false,"robots_notranslate":false,"robots_max_snippet":null,"robots_max_videopreview":null,"robots_max_imagepreview":"large","priority":null,"frequency":null,"location":null,"local_seo":null,"seo_analyzer_scan_date":"2025-08-29 02:29:28","breadcrumb_settings":null,"limit_modified_date":false,"reviewed_by":null,"open_ai":null,"ai":null,"created":"2020-12-21 11:20:55","updated":"2025-08-29 02:29:28"},"aioseo_breadcrumb":"<div class=\"aioseo-breadcrumbs\"><span class=\"aioseo-breadcrumb\">\n\t<a href=\"https:\/\/candas365.es\/noticias\" title=\"Home\">Home<\/a>\n<\/span><span class=\"aioseo-breadcrumb-separator\">&ndash;<\/span><span class=\"aioseo-breadcrumb\">\n\t<a href=\"https:\/\/candas365.es\/noticias\/category\/deporte\/\" title=\"Deporte\">Deporte<\/a>\n<\/span><span class=\"aioseo-breadcrumb-separator\">&ndash;<\/span><span class=\"aioseo-breadcrumb\">\n\tAlemania se mete en las semifinales del Mundial de balonmano\n<\/span><\/div>","aioseo_breadcrumb_json":[{"label":"Home","link":"https:\/\/candas365.es\/noticias"},{"label":"Deporte","link":"https:\/\/candas365.es\/noticias\/category\/deporte\/"},{"label":"Alemania se mete en las semifinales del Mundial de balonmano","link":"https:\/\/candas365.es\/noticias\/alemania-se-mete-en-las-semifinales-del-mundial-de-balonmano\/"}],"_links":{"self":[{"href":"https:\/\/candas365.es\/noticias\/wp-json\/wp\/v2\/posts\/114857","targetHints":{"allow":["GET"]}}],"collection":[{"href":"https:\/\/candas365.es\/noticias\/wp-json\/wp\/v2\/posts"}],"about":[{"href":"https:\/\/candas365.es\/noticias\/wp-json\/wp\/v2\/types\/post"}],"author":[{"embeddable":true,"href":"https:\/\/candas365.es\/noticias\/wp-json\/wp\/v2\/users\/1"}],"replies":[{"embeddable":true,"href":"https:\/\/candas365.es\/noticias\/wp-json\/wp\/v2\/comments?post=114857"}],"version-history":[{"count":0,"href":"https:\/\/candas365.es\/noticias\/wp-json\/wp\/v2\/posts\/114857\/revisions"}],"wp:featuredmedia":[{"embeddable":true,"href":"https:\/\/candas365.es\/noticias\/wp-json\/wp\/v2\/media\/114859"}],"wp:attachment":[{"href":"https:\/\/candas365.es\/noticias\/wp-json\/wp\/v2\/media?parent=114857"}],"wp:term":[{"taxonomy":"category","embeddable":true,"href":"https:\/\/candas365.es\/noticias\/wp-json\/wp\/v2\/categories?post=114857"},{"taxonomy":"post_tag","embeddable":true,"href":"https:\/\/candas365.es\/noticias\/wp-json\/wp\/v2\/tags?post=114857"}],"curies":[{"name":"wp","href":"https:\/\/api.w.org\/{rel}","templated":true}]}}