{"id":114814,"date":"2019-01-22T17:48:06","date_gmt":"2019-01-22T17:48:06","guid":{"rendered":"http:\/\/candas365.es\/noticias\/?p=114814"},"modified":"2019-01-22T17:48:06","modified_gmt":"2019-01-22T17:48:06","slug":"carmen-fernandez-candas-no-evoluciona-porque-el-actual-gobierno-municipal-no-lo-permite","status":"publish","type":"post","link":"https:\/\/candas365.es\/noticias\/carmen-fernandez-candas-no-evoluciona-porque-el-actual-gobierno-municipal-no-lo-permite\/","title":{"rendered":"Carmen Fern\u00e1ndez: \u201cCand\u00e1s no evoluciona porque el actual Gobierno municipal no lo permite\u00bb"},"content":{"rendered":"<p><img fetchpriority=\"high\" decoding=\"async\" class=\"alignleft size-medium wp-image-40786\" src=\"https:\/\/candas365.es\/noticias\/wp-content\/uploads\/2017\/01\/carmen-fdz-FORO-360x198.jpg\" alt=\"\" width=\"360\" height=\"198\" srcset=\"https:\/\/candas365.es\/noticias\/wp-content\/uploads\/2017\/01\/carmen-fdz-FORO-360x198.jpg 360w, https:\/\/candas365.es\/noticias\/wp-content\/uploads\/2017\/01\/carmen-fdz-FORO-650x357.jpg 650w, https:\/\/candas365.es\/noticias\/wp-content\/uploads\/2017\/01\/carmen-fdz-FORO-150x82.jpg 150w, https:\/\/candas365.es\/noticias\/wp-content\/uploads\/2017\/01\/carmen-fdz-FORO-450x247.jpg 450w, https:\/\/candas365.es\/noticias\/wp-content\/uploads\/2017\/01\/carmen-fdz-FORO.jpg 655w\" sizes=\"(max-width: 360px) 100vw, 360px\" \/>La portavoz del Grupo Parlamentario de FORO en la Junta General y vocal de la comisi\u00f3n directiva local de Carre\u00f1o, Carmen Fern\u00e1ndez, ha manifestado hoy su preocupaci\u00f3n por la par\u00e1lisis urban\u00edstica que sufre el concejo de Carre\u00f1o. Para Fern\u00e1ndez, el desarrollo del concejo pasa por la aprobaci\u00f3n del Plan General de Ordenaci\u00f3n Urbana y ha criticado que \u201cCarre\u00f1o no avanza porque Amelia no ha sido capaz de lograr consensos para aprobar proyectos importantes\u201d.<\/p>\n<p>La diputada de FORO ha recordado que \u201cel Plan General se aprob\u00f3 en el Ayuntamiento de Carre\u00f1o hace dos legislaturas, sin tener en consideraci\u00f3n la inmensa mayor\u00eda de las alegaciones presentadas, m\u00e1s de 500, por lo que a\u00fan aprob\u00e1ndose no fue un documento de consenso municipal\u201d. Para la diputada, \u201cresulta chocante como Gij\u00f3n, con la situaci\u00f3n mucho m\u00e1s enquistada que Carre\u00f1o, ha conseguido sacar adelante el PGO y sin embargo el Gobierno socialista de Carre\u00f1o no lo ha intentado\u201d.<\/p>\n<p>Carmen Fern\u00e1ndez entiende as\u00ed, seg\u00fan ha afirmado hoy, que \u201cel PGO no se haya aprobado es muestra de la falta de inter\u00e9s por llegar a acuerdos pol\u00edticos de los socialistas de Carre\u00f1o, ni siquiera con sus afines de izquierdas\u201d<\/p>\n<p>Fern\u00e1ndez ha criticado as\u00ed que \u201cCarre\u00f1o no avanza, sino todo lo contrario\u201d y ha advertido de que \u201ca nadie le sorprende ya que un local comercial se cierre. En hosteler\u00eda han sido demasiados los que este oto\u00f1o han echado la llave\u201d. La diputada de FORO ha lamentado tambi\u00e9n que \u201clos comerciantes se renuevan continuamente tratando de buscar mercado en una villa que languidece, pero la realidad es que Cand\u00e1s no evoluciona porque el actual Gobierno municipal no lo permite, no hay apuestas por ning\u00fan sector econ\u00f3mico, consintieron el cierre y la fuga de las f\u00e1bricas conserveras y nada han hecho para ayudar al turismo y al comercio local\u00bb.<\/p>\n<p>Para los vecinos, a\u00f1ade la portavoz de FORO, \u201ces dif\u00edcil entender el silencio municipal sobre la Ciudad Vacacional de Perlora. \u201cMientras que desde FORO en la Junta General hemos reiterado la necesidad de abrir estas instalaciones en sucesivas ocasiones presentando diferentes propuestas, la Alcald\u00eda de Carre\u00f1o no ha hecho nada por ello, llamativamente\u201d, insiste Fern\u00e1ndez. La diputada ha concluido se\u00f1alando que \u201cno se conoce ni una sola acci\u00f3n del Consistorio para reclamar la puesta en funcionamiento de la Ciudad de Vacaciones de Perlora\u201d.<\/p>\n","protected":false},"excerpt":{"rendered":"<p>La portavoz del Grupo Parlamentario de FORO en la Junta General y vocal de la comisi\u00f3n directiva local de Carre\u00f1o, Carmen Fern\u00e1ndez, ha manifestado hoy su preocupaci\u00f3n por la par\u00e1lisis urban\u00edstica que sufre el concejo de Carre\u00f1o. Para Fern\u00e1ndez, el desarrollo del concejo pasa por la aprobaci\u00f3n del Plan General de Ordenaci\u00f3n Urbana y ha<\/p>\n","protected":false},"author":1,"featured_media":40786,"comment_status":"closed","ping_status":"closed","sticky":false,"template":"","format":"standard","meta":{"footnotes":""},"categories":[2],"tags":[],"class_list":{"0":"post-114814","1":"post","2":"type-post","3":"status-publish","4":"format-standard","5":"has-post-thumbnail","7":"category-noticias-carreno"},"aioseo_notices":[],"aioseo_head":"\n\t\t<!-- All in One SEO Pro 4.9.6.2 - aioseo.com -->\n\t<meta name=\"description\" content=\"La portavoz del Grupo Parlamentario de FORO en la Junta General y vocal de la comisi\u00f3n directiva local de Carre\u00f1o, Carmen Fern\u00e1ndez, ha manifestado hoy su preocupaci\u00f3n por la par\u00e1lisis urban\u00edstica que sufre el concejo de Carre\u00f1o. Para Fern\u00e1ndez, el desarrollo del concejo pasa por la aprobaci\u00f3n del Plan General de Ordenaci\u00f3n Urbana y ha\" \/>\n\t<meta name=\"robots\" content=\"max-image-preview:large\" \/>\n\t<meta name=\"author\" content=\"Cand\u00e1s 365\"\/>\n\t<meta name=\"google-site-verification\" content=\"UA-32230408-1\" \/>\n\t<meta name=\"msvalidate.01\" content=\"354F3CDFB2DA171B47FBE9ABF1F88D5\" \/>\n\t<meta name=\"keywords\" content=\"noticias carre\u00f1o\" \/>\n\t<link rel=\"canonical\" href=\"https:\/\/candas365.es\/noticias\/carmen-fernandez-candas-no-evoluciona-porque-el-actual-gobierno-municipal-no-lo-permite\/\" \/>\n\t<meta name=\"generator\" content=\"All in One SEO Pro (AIOSEO) 4.9.6.2\" \/>\n\t\t<meta property=\"og:locale\" content=\"es_ES\" \/>\n\t\t<meta property=\"og:site_name\" content=\"Cand\u00e1s 365\" \/>\n\t\t<meta property=\"og:type\" content=\"article\" \/>\n\t\t<meta property=\"og:title\" content=\"Carmen Fern\u00e1ndez: \u201cCand\u00e1s no evoluciona porque el actual Gobierno municipal no lo permite\u00bb | Cand\u00e1s 365\" \/>\n\t\t<meta property=\"og:description\" content=\"La portavoz del Grupo Parlamentario de FORO en la Junta General y vocal de la comisi\u00f3n directiva local de Carre\u00f1o, Carmen Fern\u00e1ndez, ha manifestado hoy su preocupaci\u00f3n por la par\u00e1lisis urban\u00edstica que sufre el concejo de Carre\u00f1o. Para Fern\u00e1ndez, el desarrollo del concejo pasa por la aprobaci\u00f3n del Plan General de Ordenaci\u00f3n Urbana y ha\" \/>\n\t\t<meta property=\"og:url\" content=\"https:\/\/candas365.es\/noticias\/carmen-fernandez-candas-no-evoluciona-porque-el-actual-gobierno-municipal-no-lo-permite\/\" \/>\n\t\t<meta property=\"og:image\" content=\"https:\/\/candas365.es\/noticias\/wp-content\/uploads\/2017\/01\/carmen-fdz-FORO.jpg\" \/>\n\t\t<meta property=\"og:image:secure_url\" content=\"https:\/\/candas365.es\/noticias\/wp-content\/uploads\/2017\/01\/carmen-fdz-FORO.jpg\" \/>\n\t\t<meta property=\"og:image:width\" content=\"655\" \/>\n\t\t<meta property=\"og:image:height\" content=\"360\" \/>\n\t\t<meta property=\"article:published_time\" content=\"2019-01-22T17:48:06+00:00\" \/>\n\t\t<meta property=\"article:modified_time\" content=\"2019-01-22T17:48:06+00:00\" \/>\n\t\t<meta property=\"article:publisher\" content=\"https:\/\/www.facebook.com\/Nachofdezber\" \/>\n\t\t<meta property=\"article:author\" content=\"https:\/\/www.facebook.com\/carrenoactualidad\" \/>\n\t\t<meta name=\"twitter:card\" content=\"summary_large_image\" \/>\n\t\t<meta name=\"twitter:site\" content=\"@NabercoDigital\" \/>\n\t\t<meta name=\"twitter:title\" content=\"Carmen Fern\u00e1ndez: \u201cCand\u00e1s no evoluciona porque el actual Gobierno municipal no lo permite\u00bb | Cand\u00e1s 365\" \/>\n\t\t<meta name=\"twitter:description\" content=\"La portavoz del Grupo Parlamentario de FORO en la Junta General y vocal de la comisi\u00f3n directiva local de Carre\u00f1o, Carmen Fern\u00e1ndez, ha manifestado hoy su preocupaci\u00f3n por la par\u00e1lisis urban\u00edstica que sufre el concejo de Carre\u00f1o. Para Fern\u00e1ndez, el desarrollo del concejo pasa por la aprobaci\u00f3n del Plan General de Ordenaci\u00f3n Urbana y ha\" \/>\n\t\t<meta name=\"twitter:creator\" content=\"@nbasturias\" \/>\n\t\t<meta name=\"twitter:image\" content=\"https:\/\/candas365.es\/noticias\/wp-content\/uploads\/2017\/01\/carmen-fdz-FORO.jpg\" \/>\n\t\t<meta name=\"twitter:label1\" content=\"Escrito por\" \/>\n\t\t<meta name=\"twitter:data1\" content=\"Cand\u00e1s 365\" \/>\n\t\t<meta name=\"twitter:label2\" content=\"Tiempo de lectura estimado\" \/>\n\t\t<meta name=\"twitter:data2\" content=\"2 minutos\" \/>\n\t\t<script type=\"application\/ld+json\" class=\"aioseo-schema\">\n\t\t\t{\"@context\":\"https:\\\/\\\/schema.org\",\"@graph\":[{\"@type\":\"BreadcrumbList\",\"@id\":\"https:\\\/\\\/candas365.es\\\/noticias\\\/carmen-fernandez-candas-no-evoluciona-porque-el-actual-gobierno-municipal-no-lo-permite\\\/#breadcrumblist\",\"itemListElement\":[{\"@type\":\"ListItem\",\"@id\":\"https:\\\/\\\/candas365.es\\\/noticias#listItem\",\"position\":1,\"name\":\"Home\",\"item\":\"https:\\\/\\\/candas365.es\\\/noticias\",\"nextItem\":{\"@type\":\"ListItem\",\"@id\":\"https:\\\/\\\/candas365.es\\\/noticias\\\/category\\\/noticias-carreno\\\/#listItem\",\"name\":\"Noticias Carre\\u00f1o\"}},{\"@type\":\"ListItem\",\"@id\":\"https:\\\/\\\/candas365.es\\\/noticias\\\/category\\\/noticias-carreno\\\/#listItem\",\"position\":2,\"name\":\"Noticias Carre\\u00f1o\",\"item\":\"https:\\\/\\\/candas365.es\\\/noticias\\\/category\\\/noticias-carreno\\\/\",\"nextItem\":{\"@type\":\"ListItem\",\"@id\":\"https:\\\/\\\/candas365.es\\\/noticias\\\/carmen-fernandez-candas-no-evoluciona-porque-el-actual-gobierno-municipal-no-lo-permite\\\/#listItem\",\"name\":\"Carmen Fern\\u00e1ndez: \\u201cCand\\u00e1s no evoluciona porque el actual Gobierno municipal no lo permite\\u00bb\"},\"previousItem\":{\"@type\":\"ListItem\",\"@id\":\"https:\\\/\\\/candas365.es\\\/noticias#listItem\",\"name\":\"Home\"}},{\"@type\":\"ListItem\",\"@id\":\"https:\\\/\\\/candas365.es\\\/noticias\\\/carmen-fernandez-candas-no-evoluciona-porque-el-actual-gobierno-municipal-no-lo-permite\\\/#listItem\",\"position\":3,\"name\":\"Carmen Fern\\u00e1ndez: \\u201cCand\\u00e1s no evoluciona porque el actual Gobierno municipal no lo permite\\u00bb\",\"previousItem\":{\"@type\":\"ListItem\",\"@id\":\"https:\\\/\\\/candas365.es\\\/noticias\\\/category\\\/noticias-carreno\\\/#listItem\",\"name\":\"Noticias Carre\\u00f1o\"}}]},{\"@type\":\"NewsArticle\",\"@id\":\"https:\\\/\\\/candas365.es\\\/noticias\\\/carmen-fernandez-candas-no-evoluciona-porque-el-actual-gobierno-municipal-no-lo-permite\\\/#newsarticle\",\"name\":\"Carmen Fern\\u00e1ndez: \\u201cCand\\u00e1s no evoluciona porque el actual Gobierno municipal no lo permite\\u00bb | Cand\\u00e1s 365\",\"headline\":\"Carmen Fern\\u00e1ndez: \\u201cCand\\u00e1s no evoluciona porque el actual Gobierno municipal no lo permite\\u00bb\",\"author\":{\"@id\":\"https:\\\/\\\/candas365.es\\\/noticias\\\/author\\\/admin\\\/#author\"},\"publisher\":{\"@id\":\"https:\\\/\\\/candas365.es\\\/noticias\\\/#organization\"},\"image\":{\"@type\":\"ImageObject\",\"url\":\"https:\\\/\\\/candas365.es\\\/noticias\\\/wp-content\\\/uploads\\\/2017\\\/01\\\/carmen-fdz-FORO.jpg\",\"width\":655,\"height\":360},\"datePublished\":\"2019-01-22T17:48:06+01:00\",\"dateModified\":\"2019-01-22T17:48:06+01:00\",\"inLanguage\":\"es-ES\",\"mainEntityOfPage\":{\"@id\":\"https:\\\/\\\/candas365.es\\\/noticias\\\/carmen-fernandez-candas-no-evoluciona-porque-el-actual-gobierno-municipal-no-lo-permite\\\/#webpage\"},\"isPartOf\":{\"@id\":\"https:\\\/\\\/candas365.es\\\/noticias\\\/carmen-fernandez-candas-no-evoluciona-porque-el-actual-gobierno-municipal-no-lo-permite\\\/#webpage\"},\"articleSection\":\"Noticias Carre\\u00f1o\",\"dateline\":\"Publicado el enero 22, 2019.\"},{\"@type\":\"Organization\",\"@id\":\"https:\\\/\\\/candas365.es\\\/noticias\\\/#organization\",\"name\":\"Cand\\u00e1s 365\",\"description\":\"Cand\\u00e1s 365 es un diario digital independiente, fundado en 2012, con base en Asturias. Informamos con rigor sobre actualidad, sociedad, cultura y ocio, con una mirada local y global.\",\"url\":\"https:\\\/\\\/candas365.es\\\/noticias\\\/\",\"email\":\"info@candas365.es\",\"telephone\":\"+34652131393\",\"foundingDate\":\"2012-06-10\",\"logo\":{\"@type\":\"ImageObject\",\"url\":\"https:\\\/\\\/candas365.es\\\/noticias\\\/wp-content\\\/uploads\\\/2024\\\/09\\\/Candas-365-Redes.jpg\",\"@id\":\"https:\\\/\\\/candas365.es\\\/noticias\\\/carmen-fernandez-candas-no-evoluciona-porque-el-actual-gobierno-municipal-no-lo-permite\\\/#organizationLogo\",\"width\":1152,\"height\":864,\"caption\":\"Cand\\u00e1s 365 Redes\"},\"image\":{\"@id\":\"https:\\\/\\\/candas365.es\\\/noticias\\\/carmen-fernandez-candas-no-evoluciona-porque-el-actual-gobierno-municipal-no-lo-permite\\\/#organizationLogo\"},\"sameAs\":[\"https:\\\/\\\/www.facebook.com\\\/Nachofdezber\",\"https:\\\/\\\/x.com\\\/NabercoDigital\",\"https:\\\/\\\/www.instagram.com\\\/nachofdezber\\\/\",\"https:\\\/\\\/www.youtube.com\\\/channel\\\/UCZP-2wLEB9Rv6erhFmqVnvg\"],\"address\":{\"@id\":\"https:\\\/\\\/candas365.es\\\/noticias\\\/#postaladdress\",\"@type\":\"PostalAddress\",\"streetAddress\":\"san antonio 4, san antonio 4\",\"postalCode\":\"33430\",\"addressLocality\":\"Cand\\u00e1s\",\"addressRegion\":\"Asturias\",\"addressCountry\":\"ES\"}},{\"@type\":\"Person\",\"@id\":\"https:\\\/\\\/candas365.es\\\/noticias\\\/author\\\/admin\\\/#author\",\"url\":\"https:\\\/\\\/candas365.es\\\/noticias\\\/author\\\/admin\\\/\",\"name\":\"Cand\\u00e1s 365\",\"image\":{\"@type\":\"ImageObject\",\"@id\":\"https:\\\/\\\/candas365.es\\\/noticias\\\/carmen-fernandez-candas-no-evoluciona-porque-el-actual-gobierno-municipal-no-lo-permite\\\/#authorImage\",\"url\":\"https:\\\/\\\/secure.gravatar.com\\\/avatar\\\/496a8e03d0c493ede1718b7934145dbdf8d89be1036b0eec9544e1094c9de390?s=96&d=mm&r=g\",\"width\":96,\"height\":96,\"caption\":\"Cand\\u00e1s 365\"},\"sameAs\":[\"https:\\\/\\\/www.facebook.com\\\/carrenoactualidad\",\"https:\\\/\\\/twitter.com\\\/nbasturias\",\"https:\\\/\\\/www.instagram.com\\\/nachofdezber\\\/\",\"https:\\\/\\\/www.youtube.com\\\/channel\\\/UCZP-2wLEB9Rv6erhFmqVnvg\"]},{\"@type\":\"WebPage\",\"@id\":\"https:\\\/\\\/candas365.es\\\/noticias\\\/carmen-fernandez-candas-no-evoluciona-porque-el-actual-gobierno-municipal-no-lo-permite\\\/#webpage\",\"url\":\"https:\\\/\\\/candas365.es\\\/noticias\\\/carmen-fernandez-candas-no-evoluciona-porque-el-actual-gobierno-municipal-no-lo-permite\\\/\",\"name\":\"Carmen Fern\\u00e1ndez: \\u201cCand\\u00e1s no evoluciona porque el actual Gobierno municipal no lo permite\\u00bb | Cand\\u00e1s 365\",\"description\":\"La portavoz del Grupo Parlamentario de FORO en la Junta General y vocal de la comisi\\u00f3n directiva local de Carre\\u00f1o, Carmen Fern\\u00e1ndez, ha manifestado hoy su preocupaci\\u00f3n por la par\\u00e1lisis urban\\u00edstica que sufre el concejo de Carre\\u00f1o. Para Fern\\u00e1ndez, el desarrollo del concejo pasa por la aprobaci\\u00f3n del Plan General de Ordenaci\\u00f3n Urbana y ha\",\"inLanguage\":\"es-ES\",\"isPartOf\":{\"@id\":\"https:\\\/\\\/candas365.es\\\/noticias\\\/#website\"},\"breadcrumb\":{\"@id\":\"https:\\\/\\\/candas365.es\\\/noticias\\\/carmen-fernandez-candas-no-evoluciona-porque-el-actual-gobierno-municipal-no-lo-permite\\\/#breadcrumblist\"},\"author\":{\"@id\":\"https:\\\/\\\/candas365.es\\\/noticias\\\/author\\\/admin\\\/#author\"},\"creator\":{\"@id\":\"https:\\\/\\\/candas365.es\\\/noticias\\\/author\\\/admin\\\/#author\"},\"image\":{\"@type\":\"ImageObject\",\"url\":\"https:\\\/\\\/candas365.es\\\/noticias\\\/wp-content\\\/uploads\\\/2017\\\/01\\\/carmen-fdz-FORO.jpg\",\"@id\":\"https:\\\/\\\/candas365.es\\\/noticias\\\/carmen-fernandez-candas-no-evoluciona-porque-el-actual-gobierno-municipal-no-lo-permite\\\/#mainImage\",\"width\":655,\"height\":360},\"primaryImageOfPage\":{\"@id\":\"https:\\\/\\\/candas365.es\\\/noticias\\\/carmen-fernandez-candas-no-evoluciona-porque-el-actual-gobierno-municipal-no-lo-permite\\\/#mainImage\"},\"datePublished\":\"2019-01-22T17:48:06+01:00\",\"dateModified\":\"2019-01-22T17:48:06+01:00\"},{\"@type\":\"WebSite\",\"@id\":\"https:\\\/\\\/candas365.es\\\/noticias\\\/#website\",\"url\":\"https:\\\/\\\/candas365.es\\\/noticias\\\/\",\"name\":\"Cand\\u00e1s 365\",\"alternateName\":\"Cand\\u00e1s 365 Noticias\",\"description\":\"Actualidad desde Carre\\u00f1o para el mundo\",\"inLanguage\":\"es-ES\",\"publisher\":{\"@id\":\"https:\\\/\\\/candas365.es\\\/noticias\\\/#organization\"}}]}\n\t\t<\/script>\n\t\t<!-- All in One SEO Pro -->\r\n\t\t<title>Carmen Fern\u00e1ndez: \u201cCand\u00e1s no evoluciona porque el actual Gobierno municipal no lo permite\u00bb | Cand\u00e1s 365<\/title>\n\n","aioseo_head_json":{"title":"Carmen Fern\u00e1ndez: \u201cCand\u00e1s no evoluciona porque el actual Gobierno municipal no lo permite\u00bb | Cand\u00e1s 365","description":"La portavoz del Grupo Parlamentario de FORO en la Junta General y vocal de la comisi\u00f3n directiva local de Carre\u00f1o, Carmen Fern\u00e1ndez, ha manifestado hoy su preocupaci\u00f3n por la par\u00e1lisis urban\u00edstica que sufre el concejo de Carre\u00f1o. Para Fern\u00e1ndez, el desarrollo del concejo pasa por la aprobaci\u00f3n del Plan General de Ordenaci\u00f3n Urbana y ha","canonical_url":"https:\/\/candas365.es\/noticias\/carmen-fernandez-candas-no-evoluciona-porque-el-actual-gobierno-municipal-no-lo-permite\/","robots":"max-image-preview:large","keywords":"noticias carre\u00f1o","webmasterTools":{"google-site-verification":"UA-32230408-1","msvalidate.01":"354F3CDFB2DA171B47FBE9ABF1F88D5","miscellaneous":""},"schema":{"@context":"https:\/\/schema.org","@graph":[{"@type":"BreadcrumbList","@id":"https:\/\/candas365.es\/noticias\/carmen-fernandez-candas-no-evoluciona-porque-el-actual-gobierno-municipal-no-lo-permite\/#breadcrumblist","itemListElement":[{"@type":"ListItem","@id":"https:\/\/candas365.es\/noticias#listItem","position":1,"name":"Home","item":"https:\/\/candas365.es\/noticias","nextItem":{"@type":"ListItem","@id":"https:\/\/candas365.es\/noticias\/category\/noticias-carreno\/#listItem","name":"Noticias Carre\u00f1o"}},{"@type":"ListItem","@id":"https:\/\/candas365.es\/noticias\/category\/noticias-carreno\/#listItem","position":2,"name":"Noticias Carre\u00f1o","item":"https:\/\/candas365.es\/noticias\/category\/noticias-carreno\/","nextItem":{"@type":"ListItem","@id":"https:\/\/candas365.es\/noticias\/carmen-fernandez-candas-no-evoluciona-porque-el-actual-gobierno-municipal-no-lo-permite\/#listItem","name":"Carmen Fern\u00e1ndez: \u201cCand\u00e1s no evoluciona porque el actual Gobierno municipal no lo permite\u00bb"},"previousItem":{"@type":"ListItem","@id":"https:\/\/candas365.es\/noticias#listItem","name":"Home"}},{"@type":"ListItem","@id":"https:\/\/candas365.es\/noticias\/carmen-fernandez-candas-no-evoluciona-porque-el-actual-gobierno-municipal-no-lo-permite\/#listItem","position":3,"name":"Carmen Fern\u00e1ndez: \u201cCand\u00e1s no evoluciona porque el actual Gobierno municipal no lo permite\u00bb","previousItem":{"@type":"ListItem","@id":"https:\/\/candas365.es\/noticias\/category\/noticias-carreno\/#listItem","name":"Noticias Carre\u00f1o"}}]},{"@type":"NewsArticle","@id":"https:\/\/candas365.es\/noticias\/carmen-fernandez-candas-no-evoluciona-porque-el-actual-gobierno-municipal-no-lo-permite\/#newsarticle","name":"Carmen Fern\u00e1ndez: \u201cCand\u00e1s no evoluciona porque el actual Gobierno municipal no lo permite\u00bb | Cand\u00e1s 365","headline":"Carmen Fern\u00e1ndez: \u201cCand\u00e1s no evoluciona porque el actual Gobierno municipal no lo permite\u00bb","author":{"@id":"https:\/\/candas365.es\/noticias\/author\/admin\/#author"},"publisher":{"@id":"https:\/\/candas365.es\/noticias\/#organization"},"image":{"@type":"ImageObject","url":"https:\/\/candas365.es\/noticias\/wp-content\/uploads\/2017\/01\/carmen-fdz-FORO.jpg","width":655,"height":360},"datePublished":"2019-01-22T17:48:06+01:00","dateModified":"2019-01-22T17:48:06+01:00","inLanguage":"es-ES","mainEntityOfPage":{"@id":"https:\/\/candas365.es\/noticias\/carmen-fernandez-candas-no-evoluciona-porque-el-actual-gobierno-municipal-no-lo-permite\/#webpage"},"isPartOf":{"@id":"https:\/\/candas365.es\/noticias\/carmen-fernandez-candas-no-evoluciona-porque-el-actual-gobierno-municipal-no-lo-permite\/#webpage"},"articleSection":"Noticias Carre\u00f1o","dateline":"Publicado el enero 22, 2019."},{"@type":"Organization","@id":"https:\/\/candas365.es\/noticias\/#organization","name":"Cand\u00e1s 365","description":"Cand\u00e1s 365 es un diario digital independiente, fundado en 2012, con base en Asturias. Informamos con rigor sobre actualidad, sociedad, cultura y ocio, con una mirada local y global.","url":"https:\/\/candas365.es\/noticias\/","email":"info@candas365.es","telephone":"+34652131393","foundingDate":"2012-06-10","logo":{"@type":"ImageObject","url":"https:\/\/candas365.es\/noticias\/wp-content\/uploads\/2024\/09\/Candas-365-Redes.jpg","@id":"https:\/\/candas365.es\/noticias\/carmen-fernandez-candas-no-evoluciona-porque-el-actual-gobierno-municipal-no-lo-permite\/#organizationLogo","width":1152,"height":864,"caption":"Cand\u00e1s 365 Redes"},"image":{"@id":"https:\/\/candas365.es\/noticias\/carmen-fernandez-candas-no-evoluciona-porque-el-actual-gobierno-municipal-no-lo-permite\/#organizationLogo"},"sameAs":["https:\/\/www.facebook.com\/Nachofdezber","https:\/\/x.com\/NabercoDigital","https:\/\/www.instagram.com\/nachofdezber\/","https:\/\/www.youtube.com\/channel\/UCZP-2wLEB9Rv6erhFmqVnvg"],"address":{"@id":"https:\/\/candas365.es\/noticias\/#postaladdress","@type":"PostalAddress","streetAddress":"san antonio 4, san antonio 4","postalCode":"33430","addressLocality":"Cand\u00e1s","addressRegion":"Asturias","addressCountry":"ES"}},{"@type":"Person","@id":"https:\/\/candas365.es\/noticias\/author\/admin\/#author","url":"https:\/\/candas365.es\/noticias\/author\/admin\/","name":"Cand\u00e1s 365","image":{"@type":"ImageObject","@id":"https:\/\/candas365.es\/noticias\/carmen-fernandez-candas-no-evoluciona-porque-el-actual-gobierno-municipal-no-lo-permite\/#authorImage","url":"https:\/\/secure.gravatar.com\/avatar\/496a8e03d0c493ede1718b7934145dbdf8d89be1036b0eec9544e1094c9de390?s=96&d=mm&r=g","width":96,"height":96,"caption":"Cand\u00e1s 365"},"sameAs":["https:\/\/www.facebook.com\/carrenoactualidad","https:\/\/twitter.com\/nbasturias","https:\/\/www.instagram.com\/nachofdezber\/","https:\/\/www.youtube.com\/channel\/UCZP-2wLEB9Rv6erhFmqVnvg"]},{"@type":"WebPage","@id":"https:\/\/candas365.es\/noticias\/carmen-fernandez-candas-no-evoluciona-porque-el-actual-gobierno-municipal-no-lo-permite\/#webpage","url":"https:\/\/candas365.es\/noticias\/carmen-fernandez-candas-no-evoluciona-porque-el-actual-gobierno-municipal-no-lo-permite\/","name":"Carmen Fern\u00e1ndez: \u201cCand\u00e1s no evoluciona porque el actual Gobierno municipal no lo permite\u00bb | Cand\u00e1s 365","description":"La portavoz del Grupo Parlamentario de FORO en la Junta General y vocal de la comisi\u00f3n directiva local de Carre\u00f1o, Carmen Fern\u00e1ndez, ha manifestado hoy su preocupaci\u00f3n por la par\u00e1lisis urban\u00edstica que sufre el concejo de Carre\u00f1o. Para Fern\u00e1ndez, el desarrollo del concejo pasa por la aprobaci\u00f3n del Plan General de Ordenaci\u00f3n Urbana y ha","inLanguage":"es-ES","isPartOf":{"@id":"https:\/\/candas365.es\/noticias\/#website"},"breadcrumb":{"@id":"https:\/\/candas365.es\/noticias\/carmen-fernandez-candas-no-evoluciona-porque-el-actual-gobierno-municipal-no-lo-permite\/#breadcrumblist"},"author":{"@id":"https:\/\/candas365.es\/noticias\/author\/admin\/#author"},"creator":{"@id":"https:\/\/candas365.es\/noticias\/author\/admin\/#author"},"image":{"@type":"ImageObject","url":"https:\/\/candas365.es\/noticias\/wp-content\/uploads\/2017\/01\/carmen-fdz-FORO.jpg","@id":"https:\/\/candas365.es\/noticias\/carmen-fernandez-candas-no-evoluciona-porque-el-actual-gobierno-municipal-no-lo-permite\/#mainImage","width":655,"height":360},"primaryImageOfPage":{"@id":"https:\/\/candas365.es\/noticias\/carmen-fernandez-candas-no-evoluciona-porque-el-actual-gobierno-municipal-no-lo-permite\/#mainImage"},"datePublished":"2019-01-22T17:48:06+01:00","dateModified":"2019-01-22T17:48:06+01:00"},{"@type":"WebSite","@id":"https:\/\/candas365.es\/noticias\/#website","url":"https:\/\/candas365.es\/noticias\/","name":"Cand\u00e1s 365","alternateName":"Cand\u00e1s 365 Noticias","description":"Actualidad desde Carre\u00f1o para el mundo","inLanguage":"es-ES","publisher":{"@id":"https:\/\/candas365.es\/noticias\/#organization"}}]},"og:locale":"es_ES","og:site_name":"Cand\u00e1s 365","og:type":"article","og:title":"Carmen Fern\u00e1ndez: \u201cCand\u00e1s no evoluciona porque el actual Gobierno municipal no lo permite\u00bb | Cand\u00e1s 365","og:description":"La portavoz del Grupo Parlamentario de FORO en la Junta General y vocal de la comisi\u00f3n directiva local de Carre\u00f1o, Carmen Fern\u00e1ndez, ha manifestado hoy su preocupaci\u00f3n por la par\u00e1lisis urban\u00edstica que sufre el concejo de Carre\u00f1o. Para Fern\u00e1ndez, el desarrollo del concejo pasa por la aprobaci\u00f3n del Plan General de Ordenaci\u00f3n Urbana y ha","og:url":"https:\/\/candas365.es\/noticias\/carmen-fernandez-candas-no-evoluciona-porque-el-actual-gobierno-municipal-no-lo-permite\/","og:image":"https:\/\/candas365.es\/noticias\/wp-content\/uploads\/2017\/01\/carmen-fdz-FORO.jpg","og:image:secure_url":"https:\/\/candas365.es\/noticias\/wp-content\/uploads\/2017\/01\/carmen-fdz-FORO.jpg","og:image:width":655,"og:image:height":360,"article:published_time":"2019-01-22T17:48:06+00:00","article:modified_time":"2019-01-22T17:48:06+00:00","article:publisher":"https:\/\/www.facebook.com\/Nachofdezber","article:author":"https:\/\/www.facebook.com\/carrenoactualidad","twitter:card":"summary_large_image","twitter:site":"@NabercoDigital","twitter:title":"Carmen Fern\u00e1ndez: \u201cCand\u00e1s no evoluciona porque el actual Gobierno municipal no lo permite\u00bb | Cand\u00e1s 365","twitter:description":"La portavoz del Grupo Parlamentario de FORO en la Junta General y vocal de la comisi\u00f3n directiva local de Carre\u00f1o, Carmen Fern\u00e1ndez, ha manifestado hoy su preocupaci\u00f3n por la par\u00e1lisis urban\u00edstica que sufre el concejo de Carre\u00f1o. Para Fern\u00e1ndez, el desarrollo del concejo pasa por la aprobaci\u00f3n del Plan General de Ordenaci\u00f3n Urbana y ha","twitter:creator":"@nbasturias","twitter:image":"https:\/\/candas365.es\/noticias\/wp-content\/uploads\/2017\/01\/carmen-fdz-FORO.jpg","twitter:label1":"Escrito por","twitter:data1":"Cand\u00e1s 365","twitter:label2":"Tiempo de lectura estimado","twitter:data2":"2 minutos"},"aioseo_meta_data":{"post_id":"114814","title":null,"description":null,"keywords":null,"keyphrases":null,"primary_term":null,"canonical_url":null,"og_title":null,"og_description":null,"og_object_type":"default","og_image_type":"default","og_image_url":null,"og_image_width":null,"og_image_height":null,"og_image_custom_url":null,"og_image_custom_fields":null,"og_video":null,"og_custom_url":null,"og_article_section":null,"og_article_tags":null,"twitter_use_og":false,"twitter_card":"default","twitter_image_type":"default","twitter_image_url":null,"twitter_image_custom_url":null,"twitter_image_custom_fields":null,"twitter_title":null,"twitter_description":null,"schema":{"blockGraphs":[],"customGraphs":[],"default":{"data":{"Article":[],"Course":[],"Dataset":[],"FAQPage":[],"Movie":[],"Person":[],"Product":[],"ProductReview":[],"Car":[],"Recipe":[],"Service":[],"SoftwareApplication":[],"WebPage":[]},"graphName":"","isEnabled":true},"graphs":[]},"schema_type":null,"schema_type_options":null,"pillar_content":false,"robots_default":true,"robots_noindex":false,"robots_noarchive":false,"robots_nosnippet":false,"robots_nofollow":false,"robots_noimageindex":false,"robots_noodp":false,"robots_notranslate":false,"robots_max_snippet":null,"robots_max_videopreview":null,"robots_max_imagepreview":"large","priority":null,"frequency":null,"location":null,"local_seo":null,"seo_analyzer_scan_date":"2025-08-29 02:22:17","breadcrumb_settings":null,"limit_modified_date":false,"reviewed_by":null,"open_ai":null,"ai":null,"created":"2020-12-21 11:20:55","updated":"2025-08-29 02:22:17"},"aioseo_breadcrumb":"<div class=\"aioseo-breadcrumbs\"><span class=\"aioseo-breadcrumb\">\n\t<a href=\"https:\/\/candas365.es\/noticias\" title=\"Home\">Home<\/a>\n<\/span><span class=\"aioseo-breadcrumb-separator\">&ndash;<\/span><span class=\"aioseo-breadcrumb\">\n\t<a href=\"https:\/\/candas365.es\/noticias\/category\/noticias-carreno\/\" title=\"Noticias Carre\u00f1o\">Noticias Carre\u00f1o<\/a>\n<\/span><span class=\"aioseo-breadcrumb-separator\">&ndash;<\/span><span class=\"aioseo-breadcrumb\">\n\tCarmen Fern\u00e1ndez: \u201cCand\u00e1s no evoluciona porque el actual Gobierno municipal no lo permite\u00bb\n<\/span><\/div>","aioseo_breadcrumb_json":[{"label":"Home","link":"https:\/\/candas365.es\/noticias"},{"label":"Noticias Carre\u00f1o","link":"https:\/\/candas365.es\/noticias\/category\/noticias-carreno\/"},{"label":"Carmen Fern\u00e1ndez: \u201cCand\u00e1s no evoluciona porque el actual Gobierno municipal no lo permite\u00bb","link":"https:\/\/candas365.es\/noticias\/carmen-fernandez-candas-no-evoluciona-porque-el-actual-gobierno-municipal-no-lo-permite\/"}],"_links":{"self":[{"href":"https:\/\/candas365.es\/noticias\/wp-json\/wp\/v2\/posts\/114814","targetHints":{"allow":["GET"]}}],"collection":[{"href":"https:\/\/candas365.es\/noticias\/wp-json\/wp\/v2\/posts"}],"about":[{"href":"https:\/\/candas365.es\/noticias\/wp-json\/wp\/v2\/types\/post"}],"author":[{"embeddable":true,"href":"https:\/\/candas365.es\/noticias\/wp-json\/wp\/v2\/users\/1"}],"replies":[{"embeddable":true,"href":"https:\/\/candas365.es\/noticias\/wp-json\/wp\/v2\/comments?post=114814"}],"version-history":[{"count":0,"href":"https:\/\/candas365.es\/noticias\/wp-json\/wp\/v2\/posts\/114814\/revisions"}],"wp:featuredmedia":[{"embeddable":true,"href":"https:\/\/candas365.es\/noticias\/wp-json\/wp\/v2\/media\/40786"}],"wp:attachment":[{"href":"https:\/\/candas365.es\/noticias\/wp-json\/wp\/v2\/media?parent=114814"}],"wp:term":[{"taxonomy":"category","embeddable":true,"href":"https:\/\/candas365.es\/noticias\/wp-json\/wp\/v2\/categories?post=114814"},{"taxonomy":"post_tag","embeddable":true,"href":"https:\/\/candas365.es\/noticias\/wp-json\/wp\/v2\/tags?post=114814"}],"curies":[{"name":"wp","href":"https:\/\/api.w.org\/{rel}","templated":true}]}}