{"id":114737,"date":"2019-01-21T15:09:36","date_gmt":"2019-01-21T15:09:36","guid":{"rendered":"http:\/\/candas365.es\/noticias\/?p=114737"},"modified":"2019-01-21T15:09:36","modified_gmt":"2019-01-21T15:09:36","slug":"salcedo-anuncia-su-salida-del-eintracht-frankfurt","status":"publish","type":"post","link":"https:\/\/candas365.es\/noticias\/salcedo-anuncia-su-salida-del-eintracht-frankfurt\/","title":{"rendered":"Salcedo anuncia su salida del Eintracht Frankfurt"},"content":{"rendered":"<figure id=\"attachment_114738\" aria-describedby=\"caption-attachment-114738\" style=\"width: 360px\" class=\"wp-caption alignleft\"><img fetchpriority=\"high\" decoding=\"async\" class=\"size-medium wp-image-114738\" src=\"https:\/\/candas365.es\/noticias\/wp-content\/uploads\/2019\/01\/Salcedo-360x260.jpg\" alt=\"\" width=\"360\" height=\"260\" srcset=\"https:\/\/candas365.es\/noticias\/wp-content\/uploads\/2019\/01\/Salcedo-360x260.jpg 360w, https:\/\/candas365.es\/noticias\/wp-content\/uploads\/2019\/01\/Salcedo-768x556.jpg 768w, https:\/\/candas365.es\/noticias\/wp-content\/uploads\/2019\/01\/Salcedo-655x474.jpg 655w, https:\/\/candas365.es\/noticias\/wp-content\/uploads\/2019\/01\/Salcedo-324x235.jpg 324w, https:\/\/candas365.es\/noticias\/wp-content\/uploads\/2019\/01\/Salcedo-696x503.jpg 696w, https:\/\/candas365.es\/noticias\/wp-content\/uploads\/2019\/01\/Salcedo-581x420.jpg 581w, https:\/\/candas365.es\/noticias\/wp-content\/uploads\/2019\/01\/Salcedo.jpg 929w\" sizes=\"(max-width: 360px) 100vw, 360px\" \/><figcaption id=\"caption-attachment-114738\" class=\"wp-caption-text\">El internacional mexicano Carlos Salcedo. Foto: Patrick Seeger\/dpa<\/figcaption><\/figure>\n<p>Fr\u00e1ncfort, 21 ene (dpa) &#8211; El futbolista internacional mexicano <strong>Carlos Salcedo abandonar\u00e1 el Eintracht Frankfurt<\/strong> de la Liga alemana de f\u00fatbol para recalar en el club Tigres de su pa\u00eds, y se despidi\u00f3 hoy del conjunto germano en la red social Instagram.<\/p>\n<p>\u00abMe voy contento del club porque ganamos un t\u00edtulo que ustedes se merecen mucho. Siempre los recordar\u00e9\u00bb, escribi\u00f3 Salcedo. El Frankfurt es el vigente campe\u00f3n de Copa alemana.<\/p>\n<p>El defensor de 25 a\u00f1os agradeci\u00f3 de forma expl\u00edcita al ex entrenador <strong>Niko Kovac<\/strong> y al director deportivo del club, Fredi Bobic.<\/p>\n<p>La partida de Salcedo podr\u00eda reportar varios millones para el Eintracht. Seg\u00fan apuntan varios medios, al jugador s\u00f3lo le resta pasar la pertinente revisi\u00f3n m\u00e9dica en su nuevo club.<\/p>\n<p>Tigres public\u00f3 hoy una foto en Twitter que muestra a Salcedo con una bufanda del club en M\u00e9xico. El internacional que particip\u00f3 en el Mundial de Rusia 2018 es calificado all\u00ed como \u00abnuevo refuerzo\u00bb.<\/p>\n<p>Salcedo se perdi\u00f3 casi toda la primera ronda de la Bundesliga alemana debido a una lesi\u00f3n.<\/p>\n<p>Por su parte, el Eintracht Frankfurt a\u00fan no confirm\u00f3 la transferencia. Salcedo lleg\u00f3 al equipo alem\u00e1n en 2017.<\/p>\n","protected":false},"excerpt":{"rendered":"<p>Fr\u00e1ncfort, 21 ene (dpa) &#8211; El futbolista internacional mexicano Carlos Salcedo abandonar\u00e1 el Eintracht Frankfurt de la Liga alemana de f\u00fatbol para recalar en el club Tigres de su pa\u00eds, y se despidi\u00f3 hoy del conjunto germano en la red social Instagram. \u00abMe voy contento del club porque ganamos un t\u00edtulo que ustedes se merecen<\/p>\n","protected":false},"author":1,"featured_media":114738,"comment_status":"closed","ping_status":"closed","sticky":false,"template":"","format":"standard","meta":{"footnotes":""},"categories":[319],"tags":[],"class_list":{"0":"post-114737","1":"post","2":"type-post","3":"status-publish","4":"format-standard","5":"has-post-thumbnail","7":"category-deporte"},"aioseo_notices":[],"aioseo_head":"\n\t\t<!-- All in One SEO Pro 4.9.6.2 - aioseo.com -->\n\t<meta name=\"description\" content=\"Fr\u00e1ncfort, 21 ene (dpa) - El futbolista internacional mexicano Carlos Salcedo abandonar\u00e1 el Eintracht Frankfurt de la Liga alemana de f\u00fatbol para recalar en el club Tigres de su pa\u00eds, y se despidi\u00f3 hoy del conjunto germano en la red social Instagram. &quot;Me voy contento del club porque ganamos un t\u00edtulo que ustedes se merecen\" \/>\n\t<meta name=\"robots\" content=\"max-image-preview:large\" \/>\n\t<meta name=\"author\" content=\"Cand\u00e1s 365\"\/>\n\t<meta name=\"google-site-verification\" content=\"UA-32230408-1\" \/>\n\t<meta name=\"msvalidate.01\" content=\"354F3CDFB2DA171B47FBE9ABF1F88D5\" \/>\n\t<meta name=\"keywords\" content=\"deporte\" \/>\n\t<link rel=\"canonical\" href=\"https:\/\/candas365.es\/noticias\/salcedo-anuncia-su-salida-del-eintracht-frankfurt\/\" \/>\n\t<meta name=\"generator\" content=\"All in One SEO Pro (AIOSEO) 4.9.6.2\" \/>\n\t\t<meta property=\"og:locale\" content=\"es_ES\" \/>\n\t\t<meta property=\"og:site_name\" content=\"Cand\u00e1s 365\" \/>\n\t\t<meta property=\"og:type\" content=\"article\" \/>\n\t\t<meta property=\"og:title\" content=\"Salcedo anuncia su salida del Eintracht Frankfurt | Cand\u00e1s 365\" \/>\n\t\t<meta property=\"og:description\" content=\"Fr\u00e1ncfort, 21 ene (dpa) - El futbolista internacional mexicano Carlos Salcedo abandonar\u00e1 el Eintracht Frankfurt de la Liga alemana de f\u00fatbol para recalar en el club Tigres de su pa\u00eds, y se despidi\u00f3 hoy del conjunto germano en la red social Instagram. &quot;Me voy contento del club porque ganamos un t\u00edtulo que ustedes se merecen\" \/>\n\t\t<meta property=\"og:url\" content=\"https:\/\/candas365.es\/noticias\/salcedo-anuncia-su-salida-del-eintracht-frankfurt\/\" \/>\n\t\t<meta property=\"og:image\" content=\"https:\/\/candas365.es\/noticias\/wp-content\/uploads\/2019\/01\/Salcedo.jpg\" \/>\n\t\t<meta property=\"og:image:secure_url\" content=\"https:\/\/candas365.es\/noticias\/wp-content\/uploads\/2019\/01\/Salcedo.jpg\" \/>\n\t\t<meta property=\"og:image:width\" content=\"929\" \/>\n\t\t<meta property=\"og:image:height\" content=\"672\" \/>\n\t\t<meta property=\"article:published_time\" content=\"2019-01-21T15:09:36+00:00\" \/>\n\t\t<meta property=\"article:modified_time\" content=\"2019-01-21T15:09:36+00:00\" \/>\n\t\t<meta property=\"article:publisher\" content=\"https:\/\/www.facebook.com\/Nachofdezber\" \/>\n\t\t<meta property=\"article:author\" content=\"https:\/\/www.facebook.com\/carrenoactualidad\" \/>\n\t\t<meta name=\"twitter:card\" content=\"summary_large_image\" \/>\n\t\t<meta name=\"twitter:site\" content=\"@NabercoDigital\" \/>\n\t\t<meta name=\"twitter:title\" content=\"Salcedo anuncia su salida del Eintracht Frankfurt | Cand\u00e1s 365\" \/>\n\t\t<meta name=\"twitter:description\" content=\"Fr\u00e1ncfort, 21 ene (dpa) - El futbolista internacional mexicano Carlos Salcedo abandonar\u00e1 el Eintracht Frankfurt de la Liga alemana de f\u00fatbol para recalar en el club Tigres de su pa\u00eds, y se despidi\u00f3 hoy del conjunto germano en la red social Instagram. &quot;Me voy contento del club porque ganamos un t\u00edtulo que ustedes se merecen\" \/>\n\t\t<meta name=\"twitter:creator\" content=\"@nbasturias\" \/>\n\t\t<meta name=\"twitter:image\" content=\"https:\/\/candas365.es\/noticias\/wp-content\/uploads\/2019\/01\/Salcedo.jpg\" \/>\n\t\t<meta name=\"twitter:label1\" content=\"Escrito por\" \/>\n\t\t<meta name=\"twitter:data1\" content=\"Cand\u00e1s 365\" \/>\n\t\t<meta name=\"twitter:label2\" content=\"Tiempo de lectura estimado\" \/>\n\t\t<meta name=\"twitter:data2\" content=\"1 minuto\" \/>\n\t\t<script type=\"application\/ld+json\" class=\"aioseo-schema\">\n\t\t\t{\"@context\":\"https:\\\/\\\/schema.org\",\"@graph\":[{\"@type\":\"BreadcrumbList\",\"@id\":\"https:\\\/\\\/candas365.es\\\/noticias\\\/salcedo-anuncia-su-salida-del-eintracht-frankfurt\\\/#breadcrumblist\",\"itemListElement\":[{\"@type\":\"ListItem\",\"@id\":\"https:\\\/\\\/candas365.es\\\/noticias#listItem\",\"position\":1,\"name\":\"Home\",\"item\":\"https:\\\/\\\/candas365.es\\\/noticias\",\"nextItem\":{\"@type\":\"ListItem\",\"@id\":\"https:\\\/\\\/candas365.es\\\/noticias\\\/category\\\/deporte\\\/#listItem\",\"name\":\"Deporte\"}},{\"@type\":\"ListItem\",\"@id\":\"https:\\\/\\\/candas365.es\\\/noticias\\\/category\\\/deporte\\\/#listItem\",\"position\":2,\"name\":\"Deporte\",\"item\":\"https:\\\/\\\/candas365.es\\\/noticias\\\/category\\\/deporte\\\/\",\"nextItem\":{\"@type\":\"ListItem\",\"@id\":\"https:\\\/\\\/candas365.es\\\/noticias\\\/salcedo-anuncia-su-salida-del-eintracht-frankfurt\\\/#listItem\",\"name\":\"Salcedo anuncia su salida del Eintracht Frankfurt\"},\"previousItem\":{\"@type\":\"ListItem\",\"@id\":\"https:\\\/\\\/candas365.es\\\/noticias#listItem\",\"name\":\"Home\"}},{\"@type\":\"ListItem\",\"@id\":\"https:\\\/\\\/candas365.es\\\/noticias\\\/salcedo-anuncia-su-salida-del-eintracht-frankfurt\\\/#listItem\",\"position\":3,\"name\":\"Salcedo anuncia su salida del Eintracht Frankfurt\",\"previousItem\":{\"@type\":\"ListItem\",\"@id\":\"https:\\\/\\\/candas365.es\\\/noticias\\\/category\\\/deporte\\\/#listItem\",\"name\":\"Deporte\"}}]},{\"@type\":\"NewsArticle\",\"@id\":\"https:\\\/\\\/candas365.es\\\/noticias\\\/salcedo-anuncia-su-salida-del-eintracht-frankfurt\\\/#newsarticle\",\"name\":\"Salcedo anuncia su salida del Eintracht Frankfurt | Cand\\u00e1s 365\",\"headline\":\"Salcedo anuncia su salida del Eintracht Frankfurt\",\"author\":{\"@id\":\"https:\\\/\\\/candas365.es\\\/noticias\\\/author\\\/admin\\\/#author\"},\"publisher\":{\"@id\":\"https:\\\/\\\/candas365.es\\\/noticias\\\/#organization\"},\"image\":{\"@type\":\"ImageObject\",\"url\":\"https:\\\/\\\/candas365.es\\\/noticias\\\/wp-content\\\/uploads\\\/2019\\\/01\\\/Salcedo.jpg\",\"width\":929,\"height\":672,\"caption\":\"El internacional mexicano Carlos Salcedo. Foto: Patrick Seeger\\\/dpa\"},\"datePublished\":\"2019-01-21T15:09:36+01:00\",\"dateModified\":\"2019-01-21T15:09:36+01:00\",\"inLanguage\":\"es-ES\",\"mainEntityOfPage\":{\"@id\":\"https:\\\/\\\/candas365.es\\\/noticias\\\/salcedo-anuncia-su-salida-del-eintracht-frankfurt\\\/#webpage\"},\"isPartOf\":{\"@id\":\"https:\\\/\\\/candas365.es\\\/noticias\\\/salcedo-anuncia-su-salida-del-eintracht-frankfurt\\\/#webpage\"},\"articleSection\":\"Deporte\",\"dateline\":\"Publicado el enero 21, 2019.\"},{\"@type\":\"Organization\",\"@id\":\"https:\\\/\\\/candas365.es\\\/noticias\\\/#organization\",\"name\":\"Cand\\u00e1s 365\",\"description\":\"Cand\\u00e1s 365 es un diario digital independiente, fundado en 2012, con base en Asturias. Informamos con rigor sobre actualidad, sociedad, cultura y ocio, con una mirada local y global.\",\"url\":\"https:\\\/\\\/candas365.es\\\/noticias\\\/\",\"email\":\"info@candas365.es\",\"telephone\":\"+34652131393\",\"foundingDate\":\"2012-06-10\",\"logo\":{\"@type\":\"ImageObject\",\"url\":\"https:\\\/\\\/candas365.es\\\/noticias\\\/wp-content\\\/uploads\\\/2024\\\/09\\\/Candas-365-Redes.jpg\",\"@id\":\"https:\\\/\\\/candas365.es\\\/noticias\\\/salcedo-anuncia-su-salida-del-eintracht-frankfurt\\\/#organizationLogo\",\"width\":1152,\"height\":864,\"caption\":\"Cand\\u00e1s 365 Redes\"},\"image\":{\"@id\":\"https:\\\/\\\/candas365.es\\\/noticias\\\/salcedo-anuncia-su-salida-del-eintracht-frankfurt\\\/#organizationLogo\"},\"sameAs\":[\"https:\\\/\\\/www.facebook.com\\\/Nachofdezber\",\"https:\\\/\\\/x.com\\\/NabercoDigital\",\"https:\\\/\\\/www.instagram.com\\\/nachofdezber\\\/\",\"https:\\\/\\\/www.youtube.com\\\/channel\\\/UCZP-2wLEB9Rv6erhFmqVnvg\"],\"address\":{\"@id\":\"https:\\\/\\\/candas365.es\\\/noticias\\\/#postaladdress\",\"@type\":\"PostalAddress\",\"streetAddress\":\"san antonio 4, san antonio 4\",\"postalCode\":\"33430\",\"addressLocality\":\"Cand\\u00e1s\",\"addressRegion\":\"Asturias\",\"addressCountry\":\"ES\"}},{\"@type\":\"Person\",\"@id\":\"https:\\\/\\\/candas365.es\\\/noticias\\\/author\\\/admin\\\/#author\",\"url\":\"https:\\\/\\\/candas365.es\\\/noticias\\\/author\\\/admin\\\/\",\"name\":\"Cand\\u00e1s 365\",\"image\":{\"@type\":\"ImageObject\",\"@id\":\"https:\\\/\\\/candas365.es\\\/noticias\\\/salcedo-anuncia-su-salida-del-eintracht-frankfurt\\\/#authorImage\",\"url\":\"https:\\\/\\\/secure.gravatar.com\\\/avatar\\\/496a8e03d0c493ede1718b7934145dbdf8d89be1036b0eec9544e1094c9de390?s=96&d=mm&r=g\",\"width\":96,\"height\":96,\"caption\":\"Cand\\u00e1s 365\"},\"sameAs\":[\"https:\\\/\\\/www.facebook.com\\\/carrenoactualidad\",\"https:\\\/\\\/twitter.com\\\/nbasturias\",\"https:\\\/\\\/www.instagram.com\\\/nachofdezber\\\/\",\"https:\\\/\\\/www.youtube.com\\\/channel\\\/UCZP-2wLEB9Rv6erhFmqVnvg\"]},{\"@type\":\"WebPage\",\"@id\":\"https:\\\/\\\/candas365.es\\\/noticias\\\/salcedo-anuncia-su-salida-del-eintracht-frankfurt\\\/#webpage\",\"url\":\"https:\\\/\\\/candas365.es\\\/noticias\\\/salcedo-anuncia-su-salida-del-eintracht-frankfurt\\\/\",\"name\":\"Salcedo anuncia su salida del Eintracht Frankfurt | Cand\\u00e1s 365\",\"description\":\"Fr\\u00e1ncfort, 21 ene (dpa) - El futbolista internacional mexicano Carlos Salcedo abandonar\\u00e1 el Eintracht Frankfurt de la Liga alemana de f\\u00fatbol para recalar en el club Tigres de su pa\\u00eds, y se despidi\\u00f3 hoy del conjunto germano en la red social Instagram. \\\"Me voy contento del club porque ganamos un t\\u00edtulo que ustedes se merecen\",\"inLanguage\":\"es-ES\",\"isPartOf\":{\"@id\":\"https:\\\/\\\/candas365.es\\\/noticias\\\/#website\"},\"breadcrumb\":{\"@id\":\"https:\\\/\\\/candas365.es\\\/noticias\\\/salcedo-anuncia-su-salida-del-eintracht-frankfurt\\\/#breadcrumblist\"},\"author\":{\"@id\":\"https:\\\/\\\/candas365.es\\\/noticias\\\/author\\\/admin\\\/#author\"},\"creator\":{\"@id\":\"https:\\\/\\\/candas365.es\\\/noticias\\\/author\\\/admin\\\/#author\"},\"image\":{\"@type\":\"ImageObject\",\"url\":\"https:\\\/\\\/candas365.es\\\/noticias\\\/wp-content\\\/uploads\\\/2019\\\/01\\\/Salcedo.jpg\",\"@id\":\"https:\\\/\\\/candas365.es\\\/noticias\\\/salcedo-anuncia-su-salida-del-eintracht-frankfurt\\\/#mainImage\",\"width\":929,\"height\":672,\"caption\":\"El internacional mexicano Carlos Salcedo. Foto: Patrick Seeger\\\/dpa\"},\"primaryImageOfPage\":{\"@id\":\"https:\\\/\\\/candas365.es\\\/noticias\\\/salcedo-anuncia-su-salida-del-eintracht-frankfurt\\\/#mainImage\"},\"datePublished\":\"2019-01-21T15:09:36+01:00\",\"dateModified\":\"2019-01-21T15:09:36+01:00\"},{\"@type\":\"WebSite\",\"@id\":\"https:\\\/\\\/candas365.es\\\/noticias\\\/#website\",\"url\":\"https:\\\/\\\/candas365.es\\\/noticias\\\/\",\"name\":\"Cand\\u00e1s 365\",\"alternateName\":\"Cand\\u00e1s 365 Noticias\",\"description\":\"Actualidad desde Carre\\u00f1o para el mundo\",\"inLanguage\":\"es-ES\",\"publisher\":{\"@id\":\"https:\\\/\\\/candas365.es\\\/noticias\\\/#organization\"}}]}\n\t\t<\/script>\n\t\t<!-- All in One SEO Pro -->\r\n\t\t<title>Salcedo anuncia su salida del Eintracht Frankfurt | Cand\u00e1s 365<\/title>\n\n","aioseo_head_json":{"title":"Salcedo anuncia su salida del Eintracht Frankfurt | Cand\u00e1s 365","description":"Fr\u00e1ncfort, 21 ene (dpa) - El futbolista internacional mexicano Carlos Salcedo abandonar\u00e1 el Eintracht Frankfurt de la Liga alemana de f\u00fatbol para recalar en el club Tigres de su pa\u00eds, y se despidi\u00f3 hoy del conjunto germano en la red social Instagram. \"Me voy contento del club porque ganamos un t\u00edtulo que ustedes se merecen","canonical_url":"https:\/\/candas365.es\/noticias\/salcedo-anuncia-su-salida-del-eintracht-frankfurt\/","robots":"max-image-preview:large","keywords":"deporte","webmasterTools":{"google-site-verification":"UA-32230408-1","msvalidate.01":"354F3CDFB2DA171B47FBE9ABF1F88D5","miscellaneous":""},"schema":{"@context":"https:\/\/schema.org","@graph":[{"@type":"BreadcrumbList","@id":"https:\/\/candas365.es\/noticias\/salcedo-anuncia-su-salida-del-eintracht-frankfurt\/#breadcrumblist","itemListElement":[{"@type":"ListItem","@id":"https:\/\/candas365.es\/noticias#listItem","position":1,"name":"Home","item":"https:\/\/candas365.es\/noticias","nextItem":{"@type":"ListItem","@id":"https:\/\/candas365.es\/noticias\/category\/deporte\/#listItem","name":"Deporte"}},{"@type":"ListItem","@id":"https:\/\/candas365.es\/noticias\/category\/deporte\/#listItem","position":2,"name":"Deporte","item":"https:\/\/candas365.es\/noticias\/category\/deporte\/","nextItem":{"@type":"ListItem","@id":"https:\/\/candas365.es\/noticias\/salcedo-anuncia-su-salida-del-eintracht-frankfurt\/#listItem","name":"Salcedo anuncia su salida del Eintracht Frankfurt"},"previousItem":{"@type":"ListItem","@id":"https:\/\/candas365.es\/noticias#listItem","name":"Home"}},{"@type":"ListItem","@id":"https:\/\/candas365.es\/noticias\/salcedo-anuncia-su-salida-del-eintracht-frankfurt\/#listItem","position":3,"name":"Salcedo anuncia su salida del Eintracht Frankfurt","previousItem":{"@type":"ListItem","@id":"https:\/\/candas365.es\/noticias\/category\/deporte\/#listItem","name":"Deporte"}}]},{"@type":"NewsArticle","@id":"https:\/\/candas365.es\/noticias\/salcedo-anuncia-su-salida-del-eintracht-frankfurt\/#newsarticle","name":"Salcedo anuncia su salida del Eintracht Frankfurt | Cand\u00e1s 365","headline":"Salcedo anuncia su salida del Eintracht Frankfurt","author":{"@id":"https:\/\/candas365.es\/noticias\/author\/admin\/#author"},"publisher":{"@id":"https:\/\/candas365.es\/noticias\/#organization"},"image":{"@type":"ImageObject","url":"https:\/\/candas365.es\/noticias\/wp-content\/uploads\/2019\/01\/Salcedo.jpg","width":929,"height":672,"caption":"El internacional mexicano Carlos Salcedo. Foto: Patrick Seeger\/dpa"},"datePublished":"2019-01-21T15:09:36+01:00","dateModified":"2019-01-21T15:09:36+01:00","inLanguage":"es-ES","mainEntityOfPage":{"@id":"https:\/\/candas365.es\/noticias\/salcedo-anuncia-su-salida-del-eintracht-frankfurt\/#webpage"},"isPartOf":{"@id":"https:\/\/candas365.es\/noticias\/salcedo-anuncia-su-salida-del-eintracht-frankfurt\/#webpage"},"articleSection":"Deporte","dateline":"Publicado el enero 21, 2019."},{"@type":"Organization","@id":"https:\/\/candas365.es\/noticias\/#organization","name":"Cand\u00e1s 365","description":"Cand\u00e1s 365 es un diario digital independiente, fundado en 2012, con base en Asturias. Informamos con rigor sobre actualidad, sociedad, cultura y ocio, con una mirada local y global.","url":"https:\/\/candas365.es\/noticias\/","email":"info@candas365.es","telephone":"+34652131393","foundingDate":"2012-06-10","logo":{"@type":"ImageObject","url":"https:\/\/candas365.es\/noticias\/wp-content\/uploads\/2024\/09\/Candas-365-Redes.jpg","@id":"https:\/\/candas365.es\/noticias\/salcedo-anuncia-su-salida-del-eintracht-frankfurt\/#organizationLogo","width":1152,"height":864,"caption":"Cand\u00e1s 365 Redes"},"image":{"@id":"https:\/\/candas365.es\/noticias\/salcedo-anuncia-su-salida-del-eintracht-frankfurt\/#organizationLogo"},"sameAs":["https:\/\/www.facebook.com\/Nachofdezber","https:\/\/x.com\/NabercoDigital","https:\/\/www.instagram.com\/nachofdezber\/","https:\/\/www.youtube.com\/channel\/UCZP-2wLEB9Rv6erhFmqVnvg"],"address":{"@id":"https:\/\/candas365.es\/noticias\/#postaladdress","@type":"PostalAddress","streetAddress":"san antonio 4, san antonio 4","postalCode":"33430","addressLocality":"Cand\u00e1s","addressRegion":"Asturias","addressCountry":"ES"}},{"@type":"Person","@id":"https:\/\/candas365.es\/noticias\/author\/admin\/#author","url":"https:\/\/candas365.es\/noticias\/author\/admin\/","name":"Cand\u00e1s 365","image":{"@type":"ImageObject","@id":"https:\/\/candas365.es\/noticias\/salcedo-anuncia-su-salida-del-eintracht-frankfurt\/#authorImage","url":"https:\/\/secure.gravatar.com\/avatar\/496a8e03d0c493ede1718b7934145dbdf8d89be1036b0eec9544e1094c9de390?s=96&d=mm&r=g","width":96,"height":96,"caption":"Cand\u00e1s 365"},"sameAs":["https:\/\/www.facebook.com\/carrenoactualidad","https:\/\/twitter.com\/nbasturias","https:\/\/www.instagram.com\/nachofdezber\/","https:\/\/www.youtube.com\/channel\/UCZP-2wLEB9Rv6erhFmqVnvg"]},{"@type":"WebPage","@id":"https:\/\/candas365.es\/noticias\/salcedo-anuncia-su-salida-del-eintracht-frankfurt\/#webpage","url":"https:\/\/candas365.es\/noticias\/salcedo-anuncia-su-salida-del-eintracht-frankfurt\/","name":"Salcedo anuncia su salida del Eintracht Frankfurt | Cand\u00e1s 365","description":"Fr\u00e1ncfort, 21 ene (dpa) - El futbolista internacional mexicano Carlos Salcedo abandonar\u00e1 el Eintracht Frankfurt de la Liga alemana de f\u00fatbol para recalar en el club Tigres de su pa\u00eds, y se despidi\u00f3 hoy del conjunto germano en la red social Instagram. \"Me voy contento del club porque ganamos un t\u00edtulo que ustedes se merecen","inLanguage":"es-ES","isPartOf":{"@id":"https:\/\/candas365.es\/noticias\/#website"},"breadcrumb":{"@id":"https:\/\/candas365.es\/noticias\/salcedo-anuncia-su-salida-del-eintracht-frankfurt\/#breadcrumblist"},"author":{"@id":"https:\/\/candas365.es\/noticias\/author\/admin\/#author"},"creator":{"@id":"https:\/\/candas365.es\/noticias\/author\/admin\/#author"},"image":{"@type":"ImageObject","url":"https:\/\/candas365.es\/noticias\/wp-content\/uploads\/2019\/01\/Salcedo.jpg","@id":"https:\/\/candas365.es\/noticias\/salcedo-anuncia-su-salida-del-eintracht-frankfurt\/#mainImage","width":929,"height":672,"caption":"El internacional mexicano Carlos Salcedo. Foto: Patrick Seeger\/dpa"},"primaryImageOfPage":{"@id":"https:\/\/candas365.es\/noticias\/salcedo-anuncia-su-salida-del-eintracht-frankfurt\/#mainImage"},"datePublished":"2019-01-21T15:09:36+01:00","dateModified":"2019-01-21T15:09:36+01:00"},{"@type":"WebSite","@id":"https:\/\/candas365.es\/noticias\/#website","url":"https:\/\/candas365.es\/noticias\/","name":"Cand\u00e1s 365","alternateName":"Cand\u00e1s 365 Noticias","description":"Actualidad desde Carre\u00f1o para el mundo","inLanguage":"es-ES","publisher":{"@id":"https:\/\/candas365.es\/noticias\/#organization"}}]},"og:locale":"es_ES","og:site_name":"Cand\u00e1s 365","og:type":"article","og:title":"Salcedo anuncia su salida del Eintracht Frankfurt | Cand\u00e1s 365","og:description":"Fr\u00e1ncfort, 21 ene (dpa) - El futbolista internacional mexicano Carlos Salcedo abandonar\u00e1 el Eintracht Frankfurt de la Liga alemana de f\u00fatbol para recalar en el club Tigres de su pa\u00eds, y se despidi\u00f3 hoy del conjunto germano en la red social Instagram. &quot;Me voy contento del club porque ganamos un t\u00edtulo que ustedes se merecen","og:url":"https:\/\/candas365.es\/noticias\/salcedo-anuncia-su-salida-del-eintracht-frankfurt\/","og:image":"https:\/\/candas365.es\/noticias\/wp-content\/uploads\/2019\/01\/Salcedo.jpg","og:image:secure_url":"https:\/\/candas365.es\/noticias\/wp-content\/uploads\/2019\/01\/Salcedo.jpg","og:image:width":929,"og:image:height":672,"article:published_time":"2019-01-21T15:09:36+00:00","article:modified_time":"2019-01-21T15:09:36+00:00","article:publisher":"https:\/\/www.facebook.com\/Nachofdezber","article:author":"https:\/\/www.facebook.com\/carrenoactualidad","twitter:card":"summary_large_image","twitter:site":"@NabercoDigital","twitter:title":"Salcedo anuncia su salida del Eintracht Frankfurt | Cand\u00e1s 365","twitter:description":"Fr\u00e1ncfort, 21 ene (dpa) - El futbolista internacional mexicano Carlos Salcedo abandonar\u00e1 el Eintracht Frankfurt de la Liga alemana de f\u00fatbol para recalar en el club Tigres de su pa\u00eds, y se despidi\u00f3 hoy del conjunto germano en la red social Instagram. &quot;Me voy contento del club porque ganamos un t\u00edtulo que ustedes se merecen","twitter:creator":"@nbasturias","twitter:image":"https:\/\/candas365.es\/noticias\/wp-content\/uploads\/2019\/01\/Salcedo.jpg","twitter:label1":"Escrito por","twitter:data1":"Cand\u00e1s 365","twitter:label2":"Tiempo de lectura estimado","twitter:data2":"1 minuto"},"aioseo_meta_data":{"post_id":"114737","title":null,"description":null,"keywords":null,"keyphrases":null,"primary_term":null,"canonical_url":null,"og_title":null,"og_description":null,"og_object_type":"default","og_image_type":"default","og_image_url":null,"og_image_width":null,"og_image_height":null,"og_image_custom_url":null,"og_image_custom_fields":null,"og_video":null,"og_custom_url":null,"og_article_section":null,"og_article_tags":null,"twitter_use_og":false,"twitter_card":"default","twitter_image_type":"default","twitter_image_url":null,"twitter_image_custom_url":null,"twitter_image_custom_fields":null,"twitter_title":null,"twitter_description":null,"schema":{"blockGraphs":[],"customGraphs":[],"default":{"data":{"Article":[],"Course":[],"Dataset":[],"FAQPage":[],"Movie":[],"Person":[],"Product":[],"ProductReview":[],"Car":[],"Recipe":[],"Service":[],"SoftwareApplication":[],"WebPage":[]},"graphName":"","isEnabled":true},"graphs":[],"defaultGraph":"","defaultPostTypeGraph":""},"schema_type":null,"schema_type_options":null,"pillar_content":false,"robots_default":true,"robots_noindex":false,"robots_noarchive":false,"robots_nosnippet":false,"robots_nofollow":false,"robots_noimageindex":false,"robots_noodp":false,"robots_notranslate":false,"robots_max_snippet":null,"robots_max_videopreview":null,"robots_max_imagepreview":"large","priority":null,"frequency":null,"location":null,"local_seo":null,"seo_analyzer_scan_date":"2025-08-29 02:10:29","breadcrumb_settings":null,"limit_modified_date":false,"reviewed_by":null,"open_ai":null,"ai":null,"created":"2020-12-21 11:21:56","updated":"2025-08-29 02:10:29"},"aioseo_breadcrumb":"<div class=\"aioseo-breadcrumbs\"><span class=\"aioseo-breadcrumb\">\n\t<a href=\"https:\/\/candas365.es\/noticias\" title=\"Home\">Home<\/a>\n<\/span><span class=\"aioseo-breadcrumb-separator\">&ndash;<\/span><span class=\"aioseo-breadcrumb\">\n\t<a href=\"https:\/\/candas365.es\/noticias\/category\/deporte\/\" title=\"Deporte\">Deporte<\/a>\n<\/span><span class=\"aioseo-breadcrumb-separator\">&ndash;<\/span><span class=\"aioseo-breadcrumb\">\n\tSalcedo anuncia su salida del Eintracht Frankfurt\n<\/span><\/div>","aioseo_breadcrumb_json":[{"label":"Home","link":"https:\/\/candas365.es\/noticias"},{"label":"Deporte","link":"https:\/\/candas365.es\/noticias\/category\/deporte\/"},{"label":"Salcedo anuncia su salida del Eintracht Frankfurt","link":"https:\/\/candas365.es\/noticias\/salcedo-anuncia-su-salida-del-eintracht-frankfurt\/"}],"_links":{"self":[{"href":"https:\/\/candas365.es\/noticias\/wp-json\/wp\/v2\/posts\/114737","targetHints":{"allow":["GET"]}}],"collection":[{"href":"https:\/\/candas365.es\/noticias\/wp-json\/wp\/v2\/posts"}],"about":[{"href":"https:\/\/candas365.es\/noticias\/wp-json\/wp\/v2\/types\/post"}],"author":[{"embeddable":true,"href":"https:\/\/candas365.es\/noticias\/wp-json\/wp\/v2\/users\/1"}],"replies":[{"embeddable":true,"href":"https:\/\/candas365.es\/noticias\/wp-json\/wp\/v2\/comments?post=114737"}],"version-history":[{"count":0,"href":"https:\/\/candas365.es\/noticias\/wp-json\/wp\/v2\/posts\/114737\/revisions"}],"wp:featuredmedia":[{"embeddable":true,"href":"https:\/\/candas365.es\/noticias\/wp-json\/wp\/v2\/media\/114738"}],"wp:attachment":[{"href":"https:\/\/candas365.es\/noticias\/wp-json\/wp\/v2\/media?parent=114737"}],"wp:term":[{"taxonomy":"category","embeddable":true,"href":"https:\/\/candas365.es\/noticias\/wp-json\/wp\/v2\/categories?post=114737"},{"taxonomy":"post_tag","embeddable":true,"href":"https:\/\/candas365.es\/noticias\/wp-json\/wp\/v2\/tags?post=114737"}],"curies":[{"name":"wp","href":"https:\/\/api.w.org\/{rel}","templated":true}]}}