{"id":114717,"date":"2019-01-20T20:41:01","date_gmt":"2019-01-20T20:41:01","guid":{"rendered":"http:\/\/candas365.es\/noticias\/?p=114717"},"modified":"2019-01-20T20:41:01","modified_gmt":"2019-01-20T20:41:01","slug":"goles-y-reparto-de-puntos-en-la-mata-el-candas-cf-empata-3-a-3","status":"publish","type":"post","link":"https:\/\/candas365.es\/noticias\/goles-y-reparto-de-puntos-en-la-mata-el-candas-cf-empata-3-a-3\/","title":{"rendered":"Goles y reparto de puntos en La Mata, el Cand\u00e1s CF empata 3 a 3"},"content":{"rendered":"<p><img fetchpriority=\"high\" decoding=\"async\" class=\"alignleft size-medium wp-image-15439\" src=\"https:\/\/candas365.es\/noticias\/wp-content\/uploads\/2015\/09\/la-mata-360x198.jpg\" alt=\"\" width=\"360\" height=\"198\" srcset=\"https:\/\/candas365.es\/noticias\/wp-content\/uploads\/2015\/09\/la-mata-360x198.jpg 360w, https:\/\/candas365.es\/noticias\/wp-content\/uploads\/2015\/09\/la-mata-650x357.jpg 650w, https:\/\/candas365.es\/noticias\/wp-content\/uploads\/2015\/09\/la-mata-150x82.jpg 150w, https:\/\/candas365.es\/noticias\/wp-content\/uploads\/2015\/09\/la-mata-450x247.jpg 450w, https:\/\/candas365.es\/noticias\/wp-content\/uploads\/2015\/09\/la-mata-655x360.jpg 655w, https:\/\/candas365.es\/noticias\/wp-content\/uploads\/2015\/09\/la-mata-696x385.jpg 696w, https:\/\/candas365.es\/noticias\/wp-content\/uploads\/2015\/09\/la-mata-764x420.jpg 764w, https:\/\/candas365.es\/noticias\/wp-content\/uploads\/2015\/09\/la-mata.jpg 766w\" sizes=\"(max-width: 360px) 100vw, 360px\" \/>El Cand\u00e1s CF ha disputado <strong>hoy domingo en La Mata<\/strong> un nuevo encuentro de la <strong>Preferente asturiana<\/strong> que ha terminado con empate a 3 goles frente al <strong>Valdesoto<\/strong>, sumando de esta manera un importante punto que le permite estar una jornada m\u00e1s fuera de los puestos de descenso.<\/p>\n<p>El equipo local fue el primero en abrir el marcador, y lleg\u00f3 a tener una ventaja de 3 a 1, pero el Valdesoto no tir\u00f3 lo toalla y finalmente consigui\u00f3 salir de La Mata con un 1 punto al empatar a tres tantos.<\/p>\n<p>Tras esta jornada el <strong>Cand\u00e1s CF<\/strong> suma 20 puntos tras haber disputado 21 encuentros, y se mantiene a tres puntos de los puestos de descenso que ahora mismo ocupan Colloto, Ribadesella y Nal\u00f3n.<\/p>\n","protected":false},"excerpt":{"rendered":"<p>El Cand\u00e1s CF ha disputado hoy domingo en La Mata un nuevo encuentro de la Preferente asturiana que ha terminado con empate a 3 goles frente al Valdesoto, sumando de esta manera un importante punto que le permite estar una jornada m\u00e1s fuera de los puestos de descenso. El equipo local fue el primero en<\/p>\n","protected":false},"author":1,"featured_media":15439,"comment_status":"closed","ping_status":"closed","sticky":false,"template":"","format":"standard","meta":{"footnotes":""},"categories":[319],"tags":[],"class_list":{"0":"post-114717","1":"post","2":"type-post","3":"status-publish","4":"format-standard","5":"has-post-thumbnail","7":"category-deporte"},"aioseo_notices":[],"aioseo_head":"\n\t\t<!-- All in One SEO Pro 4.9.6.2 - aioseo.com -->\n\t<meta name=\"description\" content=\"El Cand\u00e1s CF ha disputado hoy domingo en La Mata un nuevo encuentro de la Preferente asturiana que ha terminado con empate a 3 goles frente al Valdesoto, sumando de esta manera un importante punto que le permite estar una jornada m\u00e1s fuera de los puestos de descenso. El equipo local fue el primero en\" \/>\n\t<meta name=\"robots\" content=\"max-image-preview:large\" \/>\n\t<meta name=\"author\" content=\"Cand\u00e1s 365\"\/>\n\t<meta name=\"google-site-verification\" content=\"UA-32230408-1\" \/>\n\t<meta name=\"msvalidate.01\" content=\"354F3CDFB2DA171B47FBE9ABF1F88D5\" \/>\n\t<meta name=\"keywords\" content=\"deporte\" \/>\n\t<link rel=\"canonical\" href=\"https:\/\/candas365.es\/noticias\/goles-y-reparto-de-puntos-en-la-mata-el-candas-cf-empata-3-a-3\/\" \/>\n\t<meta name=\"generator\" content=\"All in One SEO Pro (AIOSEO) 4.9.6.2\" \/>\n\t\t<meta property=\"og:locale\" content=\"es_ES\" \/>\n\t\t<meta property=\"og:site_name\" content=\"Cand\u00e1s 365\" \/>\n\t\t<meta property=\"og:type\" content=\"article\" \/>\n\t\t<meta property=\"og:title\" content=\"Goles y reparto de puntos en La Mata, el Cand\u00e1s CF empata 3 a 3 | Cand\u00e1s 365\" \/>\n\t\t<meta property=\"og:description\" content=\"El Cand\u00e1s CF ha disputado hoy domingo en La Mata un nuevo encuentro de la Preferente asturiana que ha terminado con empate a 3 goles frente al Valdesoto, sumando de esta manera un importante punto que le permite estar una jornada m\u00e1s fuera de los puestos de descenso. El equipo local fue el primero en\" \/>\n\t\t<meta property=\"og:url\" content=\"https:\/\/candas365.es\/noticias\/goles-y-reparto-de-puntos-en-la-mata-el-candas-cf-empata-3-a-3\/\" \/>\n\t\t<meta property=\"og:image\" content=\"https:\/\/candas365.es\/noticias\/wp-content\/uploads\/2015\/09\/la-mata.jpg\" \/>\n\t\t<meta property=\"og:image:secure_url\" content=\"https:\/\/candas365.es\/noticias\/wp-content\/uploads\/2015\/09\/la-mata.jpg\" \/>\n\t\t<meta property=\"og:image:width\" content=\"766\" \/>\n\t\t<meta property=\"og:image:height\" content=\"421\" \/>\n\t\t<meta property=\"article:published_time\" content=\"2019-01-20T20:41:01+00:00\" \/>\n\t\t<meta property=\"article:modified_time\" content=\"2019-01-20T20:41:01+00:00\" \/>\n\t\t<meta property=\"article:publisher\" content=\"https:\/\/www.facebook.com\/Nachofdezber\" \/>\n\t\t<meta property=\"article:author\" content=\"https:\/\/www.facebook.com\/carrenoactualidad\" \/>\n\t\t<meta name=\"twitter:card\" content=\"summary_large_image\" \/>\n\t\t<meta name=\"twitter:site\" content=\"@NabercoDigital\" \/>\n\t\t<meta name=\"twitter:title\" content=\"Goles y reparto de puntos en La Mata, el Cand\u00e1s CF empata 3 a 3 | Cand\u00e1s 365\" \/>\n\t\t<meta name=\"twitter:description\" content=\"El Cand\u00e1s CF ha disputado hoy domingo en La Mata un nuevo encuentro de la Preferente asturiana que ha terminado con empate a 3 goles frente al Valdesoto, sumando de esta manera un importante punto que le permite estar una jornada m\u00e1s fuera de los puestos de descenso. El equipo local fue el primero en\" \/>\n\t\t<meta name=\"twitter:creator\" content=\"@nbasturias\" \/>\n\t\t<meta name=\"twitter:image\" content=\"https:\/\/candas365.es\/noticias\/wp-content\/uploads\/2015\/09\/la-mata.jpg\" \/>\n\t\t<meta name=\"twitter:label1\" content=\"Escrito por\" \/>\n\t\t<meta name=\"twitter:data1\" content=\"Cand\u00e1s 365\" \/>\n\t\t<meta name=\"twitter:label2\" content=\"Tiempo de lectura estimado\" \/>\n\t\t<meta name=\"twitter:data2\" content=\"1 minuto\" \/>\n\t\t<script type=\"application\/ld+json\" class=\"aioseo-schema\">\n\t\t\t{\"@context\":\"https:\\\/\\\/schema.org\",\"@graph\":[{\"@type\":\"BreadcrumbList\",\"@id\":\"https:\\\/\\\/candas365.es\\\/noticias\\\/goles-y-reparto-de-puntos-en-la-mata-el-candas-cf-empata-3-a-3\\\/#breadcrumblist\",\"itemListElement\":[{\"@type\":\"ListItem\",\"@id\":\"https:\\\/\\\/candas365.es\\\/noticias#listItem\",\"position\":1,\"name\":\"Home\",\"item\":\"https:\\\/\\\/candas365.es\\\/noticias\",\"nextItem\":{\"@type\":\"ListItem\",\"@id\":\"https:\\\/\\\/candas365.es\\\/noticias\\\/category\\\/deporte\\\/#listItem\",\"name\":\"Deporte\"}},{\"@type\":\"ListItem\",\"@id\":\"https:\\\/\\\/candas365.es\\\/noticias\\\/category\\\/deporte\\\/#listItem\",\"position\":2,\"name\":\"Deporte\",\"item\":\"https:\\\/\\\/candas365.es\\\/noticias\\\/category\\\/deporte\\\/\",\"nextItem\":{\"@type\":\"ListItem\",\"@id\":\"https:\\\/\\\/candas365.es\\\/noticias\\\/goles-y-reparto-de-puntos-en-la-mata-el-candas-cf-empata-3-a-3\\\/#listItem\",\"name\":\"Goles y reparto de puntos en La Mata, el Cand\\u00e1s CF empata 3 a 3\"},\"previousItem\":{\"@type\":\"ListItem\",\"@id\":\"https:\\\/\\\/candas365.es\\\/noticias#listItem\",\"name\":\"Home\"}},{\"@type\":\"ListItem\",\"@id\":\"https:\\\/\\\/candas365.es\\\/noticias\\\/goles-y-reparto-de-puntos-en-la-mata-el-candas-cf-empata-3-a-3\\\/#listItem\",\"position\":3,\"name\":\"Goles y reparto de puntos en La Mata, el Cand\\u00e1s CF empata 3 a 3\",\"previousItem\":{\"@type\":\"ListItem\",\"@id\":\"https:\\\/\\\/candas365.es\\\/noticias\\\/category\\\/deporte\\\/#listItem\",\"name\":\"Deporte\"}}]},{\"@type\":\"NewsArticle\",\"@id\":\"https:\\\/\\\/candas365.es\\\/noticias\\\/goles-y-reparto-de-puntos-en-la-mata-el-candas-cf-empata-3-a-3\\\/#newsarticle\",\"name\":\"Goles y reparto de puntos en La Mata, el Cand\\u00e1s CF empata 3 a 3 | Cand\\u00e1s 365\",\"headline\":\"Goles y reparto de puntos en La Mata, el Cand\\u00e1s CF empata 3 a 3\",\"author\":{\"@id\":\"https:\\\/\\\/candas365.es\\\/noticias\\\/author\\\/admin\\\/#author\"},\"publisher\":{\"@id\":\"https:\\\/\\\/candas365.es\\\/noticias\\\/#organization\"},\"image\":{\"@type\":\"ImageObject\",\"url\":\"https:\\\/\\\/candas365.es\\\/noticias\\\/wp-content\\\/uploads\\\/2015\\\/09\\\/la-mata.jpg\",\"width\":766,\"height\":421},\"datePublished\":\"2019-01-20T20:41:01+01:00\",\"dateModified\":\"2019-01-20T20:41:01+01:00\",\"inLanguage\":\"es-ES\",\"mainEntityOfPage\":{\"@id\":\"https:\\\/\\\/candas365.es\\\/noticias\\\/goles-y-reparto-de-puntos-en-la-mata-el-candas-cf-empata-3-a-3\\\/#webpage\"},\"isPartOf\":{\"@id\":\"https:\\\/\\\/candas365.es\\\/noticias\\\/goles-y-reparto-de-puntos-en-la-mata-el-candas-cf-empata-3-a-3\\\/#webpage\"},\"articleSection\":\"Deporte\",\"dateline\":\"Publicado el enero 20, 2019.\"},{\"@type\":\"Organization\",\"@id\":\"https:\\\/\\\/candas365.es\\\/noticias\\\/#organization\",\"name\":\"Cand\\u00e1s 365\",\"description\":\"Cand\\u00e1s 365 es un diario digital independiente, fundado en 2012, con base en Asturias. Informamos con rigor sobre actualidad, sociedad, cultura y ocio, con una mirada local y global.\",\"url\":\"https:\\\/\\\/candas365.es\\\/noticias\\\/\",\"email\":\"info@candas365.es\",\"telephone\":\"+34652131393\",\"foundingDate\":\"2012-06-10\",\"logo\":{\"@type\":\"ImageObject\",\"url\":\"https:\\\/\\\/candas365.es\\\/noticias\\\/wp-content\\\/uploads\\\/2024\\\/09\\\/Candas-365-Redes.jpg\",\"@id\":\"https:\\\/\\\/candas365.es\\\/noticias\\\/goles-y-reparto-de-puntos-en-la-mata-el-candas-cf-empata-3-a-3\\\/#organizationLogo\",\"width\":1152,\"height\":864,\"caption\":\"Cand\\u00e1s 365 Redes\"},\"image\":{\"@id\":\"https:\\\/\\\/candas365.es\\\/noticias\\\/goles-y-reparto-de-puntos-en-la-mata-el-candas-cf-empata-3-a-3\\\/#organizationLogo\"},\"sameAs\":[\"https:\\\/\\\/www.facebook.com\\\/Nachofdezber\",\"https:\\\/\\\/x.com\\\/NabercoDigital\",\"https:\\\/\\\/www.instagram.com\\\/nachofdezber\\\/\",\"https:\\\/\\\/www.youtube.com\\\/channel\\\/UCZP-2wLEB9Rv6erhFmqVnvg\"],\"address\":{\"@id\":\"https:\\\/\\\/candas365.es\\\/noticias\\\/#postaladdress\",\"@type\":\"PostalAddress\",\"streetAddress\":\"san antonio 4, san antonio 4\",\"postalCode\":\"33430\",\"addressLocality\":\"Cand\\u00e1s\",\"addressRegion\":\"Asturias\",\"addressCountry\":\"ES\"}},{\"@type\":\"Person\",\"@id\":\"https:\\\/\\\/candas365.es\\\/noticias\\\/author\\\/admin\\\/#author\",\"url\":\"https:\\\/\\\/candas365.es\\\/noticias\\\/author\\\/admin\\\/\",\"name\":\"Cand\\u00e1s 365\",\"image\":{\"@type\":\"ImageObject\",\"@id\":\"https:\\\/\\\/candas365.es\\\/noticias\\\/goles-y-reparto-de-puntos-en-la-mata-el-candas-cf-empata-3-a-3\\\/#authorImage\",\"url\":\"https:\\\/\\\/secure.gravatar.com\\\/avatar\\\/496a8e03d0c493ede1718b7934145dbdf8d89be1036b0eec9544e1094c9de390?s=96&d=mm&r=g\",\"width\":96,\"height\":96,\"caption\":\"Cand\\u00e1s 365\"},\"sameAs\":[\"https:\\\/\\\/www.facebook.com\\\/carrenoactualidad\",\"https:\\\/\\\/twitter.com\\\/nbasturias\",\"https:\\\/\\\/www.instagram.com\\\/nachofdezber\\\/\",\"https:\\\/\\\/www.youtube.com\\\/channel\\\/UCZP-2wLEB9Rv6erhFmqVnvg\"]},{\"@type\":\"WebPage\",\"@id\":\"https:\\\/\\\/candas365.es\\\/noticias\\\/goles-y-reparto-de-puntos-en-la-mata-el-candas-cf-empata-3-a-3\\\/#webpage\",\"url\":\"https:\\\/\\\/candas365.es\\\/noticias\\\/goles-y-reparto-de-puntos-en-la-mata-el-candas-cf-empata-3-a-3\\\/\",\"name\":\"Goles y reparto de puntos en La Mata, el Cand\\u00e1s CF empata 3 a 3 | Cand\\u00e1s 365\",\"description\":\"El Cand\\u00e1s CF ha disputado hoy domingo en La Mata un nuevo encuentro de la Preferente asturiana que ha terminado con empate a 3 goles frente al Valdesoto, sumando de esta manera un importante punto que le permite estar una jornada m\\u00e1s fuera de los puestos de descenso. El equipo local fue el primero en\",\"inLanguage\":\"es-ES\",\"isPartOf\":{\"@id\":\"https:\\\/\\\/candas365.es\\\/noticias\\\/#website\"},\"breadcrumb\":{\"@id\":\"https:\\\/\\\/candas365.es\\\/noticias\\\/goles-y-reparto-de-puntos-en-la-mata-el-candas-cf-empata-3-a-3\\\/#breadcrumblist\"},\"author\":{\"@id\":\"https:\\\/\\\/candas365.es\\\/noticias\\\/author\\\/admin\\\/#author\"},\"creator\":{\"@id\":\"https:\\\/\\\/candas365.es\\\/noticias\\\/author\\\/admin\\\/#author\"},\"image\":{\"@type\":\"ImageObject\",\"url\":\"https:\\\/\\\/candas365.es\\\/noticias\\\/wp-content\\\/uploads\\\/2015\\\/09\\\/la-mata.jpg\",\"@id\":\"https:\\\/\\\/candas365.es\\\/noticias\\\/goles-y-reparto-de-puntos-en-la-mata-el-candas-cf-empata-3-a-3\\\/#mainImage\",\"width\":766,\"height\":421},\"primaryImageOfPage\":{\"@id\":\"https:\\\/\\\/candas365.es\\\/noticias\\\/goles-y-reparto-de-puntos-en-la-mata-el-candas-cf-empata-3-a-3\\\/#mainImage\"},\"datePublished\":\"2019-01-20T20:41:01+01:00\",\"dateModified\":\"2019-01-20T20:41:01+01:00\"},{\"@type\":\"WebSite\",\"@id\":\"https:\\\/\\\/candas365.es\\\/noticias\\\/#website\",\"url\":\"https:\\\/\\\/candas365.es\\\/noticias\\\/\",\"name\":\"Cand\\u00e1s 365\",\"alternateName\":\"Cand\\u00e1s 365 Noticias\",\"description\":\"Actualidad desde Carre\\u00f1o para el mundo\",\"inLanguage\":\"es-ES\",\"publisher\":{\"@id\":\"https:\\\/\\\/candas365.es\\\/noticias\\\/#organization\"}}]}\n\t\t<\/script>\n\t\t<!-- All in One SEO Pro -->\r\n\t\t<title>Goles y reparto de puntos en La Mata, el Cand\u00e1s CF empata 3 a 3 | Cand\u00e1s 365<\/title>\n\n","aioseo_head_json":{"title":"Goles y reparto de puntos en La Mata, el Cand\u00e1s CF empata 3 a 3 | Cand\u00e1s 365","description":"El Cand\u00e1s CF ha disputado hoy domingo en La Mata un nuevo encuentro de la Preferente asturiana que ha terminado con empate a 3 goles frente al Valdesoto, sumando de esta manera un importante punto que le permite estar una jornada m\u00e1s fuera de los puestos de descenso. El equipo local fue el primero en","canonical_url":"https:\/\/candas365.es\/noticias\/goles-y-reparto-de-puntos-en-la-mata-el-candas-cf-empata-3-a-3\/","robots":"max-image-preview:large","keywords":"deporte","webmasterTools":{"google-site-verification":"UA-32230408-1","msvalidate.01":"354F3CDFB2DA171B47FBE9ABF1F88D5","miscellaneous":""},"schema":{"@context":"https:\/\/schema.org","@graph":[{"@type":"BreadcrumbList","@id":"https:\/\/candas365.es\/noticias\/goles-y-reparto-de-puntos-en-la-mata-el-candas-cf-empata-3-a-3\/#breadcrumblist","itemListElement":[{"@type":"ListItem","@id":"https:\/\/candas365.es\/noticias#listItem","position":1,"name":"Home","item":"https:\/\/candas365.es\/noticias","nextItem":{"@type":"ListItem","@id":"https:\/\/candas365.es\/noticias\/category\/deporte\/#listItem","name":"Deporte"}},{"@type":"ListItem","@id":"https:\/\/candas365.es\/noticias\/category\/deporte\/#listItem","position":2,"name":"Deporte","item":"https:\/\/candas365.es\/noticias\/category\/deporte\/","nextItem":{"@type":"ListItem","@id":"https:\/\/candas365.es\/noticias\/goles-y-reparto-de-puntos-en-la-mata-el-candas-cf-empata-3-a-3\/#listItem","name":"Goles y reparto de puntos en La Mata, el Cand\u00e1s CF empata 3 a 3"},"previousItem":{"@type":"ListItem","@id":"https:\/\/candas365.es\/noticias#listItem","name":"Home"}},{"@type":"ListItem","@id":"https:\/\/candas365.es\/noticias\/goles-y-reparto-de-puntos-en-la-mata-el-candas-cf-empata-3-a-3\/#listItem","position":3,"name":"Goles y reparto de puntos en La Mata, el Cand\u00e1s CF empata 3 a 3","previousItem":{"@type":"ListItem","@id":"https:\/\/candas365.es\/noticias\/category\/deporte\/#listItem","name":"Deporte"}}]},{"@type":"NewsArticle","@id":"https:\/\/candas365.es\/noticias\/goles-y-reparto-de-puntos-en-la-mata-el-candas-cf-empata-3-a-3\/#newsarticle","name":"Goles y reparto de puntos en La Mata, el Cand\u00e1s CF empata 3 a 3 | Cand\u00e1s 365","headline":"Goles y reparto de puntos en La Mata, el Cand\u00e1s CF empata 3 a 3","author":{"@id":"https:\/\/candas365.es\/noticias\/author\/admin\/#author"},"publisher":{"@id":"https:\/\/candas365.es\/noticias\/#organization"},"image":{"@type":"ImageObject","url":"https:\/\/candas365.es\/noticias\/wp-content\/uploads\/2015\/09\/la-mata.jpg","width":766,"height":421},"datePublished":"2019-01-20T20:41:01+01:00","dateModified":"2019-01-20T20:41:01+01:00","inLanguage":"es-ES","mainEntityOfPage":{"@id":"https:\/\/candas365.es\/noticias\/goles-y-reparto-de-puntos-en-la-mata-el-candas-cf-empata-3-a-3\/#webpage"},"isPartOf":{"@id":"https:\/\/candas365.es\/noticias\/goles-y-reparto-de-puntos-en-la-mata-el-candas-cf-empata-3-a-3\/#webpage"},"articleSection":"Deporte","dateline":"Publicado el enero 20, 2019."},{"@type":"Organization","@id":"https:\/\/candas365.es\/noticias\/#organization","name":"Cand\u00e1s 365","description":"Cand\u00e1s 365 es un diario digital independiente, fundado en 2012, con base en Asturias. Informamos con rigor sobre actualidad, sociedad, cultura y ocio, con una mirada local y global.","url":"https:\/\/candas365.es\/noticias\/","email":"info@candas365.es","telephone":"+34652131393","foundingDate":"2012-06-10","logo":{"@type":"ImageObject","url":"https:\/\/candas365.es\/noticias\/wp-content\/uploads\/2024\/09\/Candas-365-Redes.jpg","@id":"https:\/\/candas365.es\/noticias\/goles-y-reparto-de-puntos-en-la-mata-el-candas-cf-empata-3-a-3\/#organizationLogo","width":1152,"height":864,"caption":"Cand\u00e1s 365 Redes"},"image":{"@id":"https:\/\/candas365.es\/noticias\/goles-y-reparto-de-puntos-en-la-mata-el-candas-cf-empata-3-a-3\/#organizationLogo"},"sameAs":["https:\/\/www.facebook.com\/Nachofdezber","https:\/\/x.com\/NabercoDigital","https:\/\/www.instagram.com\/nachofdezber\/","https:\/\/www.youtube.com\/channel\/UCZP-2wLEB9Rv6erhFmqVnvg"],"address":{"@id":"https:\/\/candas365.es\/noticias\/#postaladdress","@type":"PostalAddress","streetAddress":"san antonio 4, san antonio 4","postalCode":"33430","addressLocality":"Cand\u00e1s","addressRegion":"Asturias","addressCountry":"ES"}},{"@type":"Person","@id":"https:\/\/candas365.es\/noticias\/author\/admin\/#author","url":"https:\/\/candas365.es\/noticias\/author\/admin\/","name":"Cand\u00e1s 365","image":{"@type":"ImageObject","@id":"https:\/\/candas365.es\/noticias\/goles-y-reparto-de-puntos-en-la-mata-el-candas-cf-empata-3-a-3\/#authorImage","url":"https:\/\/secure.gravatar.com\/avatar\/496a8e03d0c493ede1718b7934145dbdf8d89be1036b0eec9544e1094c9de390?s=96&d=mm&r=g","width":96,"height":96,"caption":"Cand\u00e1s 365"},"sameAs":["https:\/\/www.facebook.com\/carrenoactualidad","https:\/\/twitter.com\/nbasturias","https:\/\/www.instagram.com\/nachofdezber\/","https:\/\/www.youtube.com\/channel\/UCZP-2wLEB9Rv6erhFmqVnvg"]},{"@type":"WebPage","@id":"https:\/\/candas365.es\/noticias\/goles-y-reparto-de-puntos-en-la-mata-el-candas-cf-empata-3-a-3\/#webpage","url":"https:\/\/candas365.es\/noticias\/goles-y-reparto-de-puntos-en-la-mata-el-candas-cf-empata-3-a-3\/","name":"Goles y reparto de puntos en La Mata, el Cand\u00e1s CF empata 3 a 3 | Cand\u00e1s 365","description":"El Cand\u00e1s CF ha disputado hoy domingo en La Mata un nuevo encuentro de la Preferente asturiana que ha terminado con empate a 3 goles frente al Valdesoto, sumando de esta manera un importante punto que le permite estar una jornada m\u00e1s fuera de los puestos de descenso. El equipo local fue el primero en","inLanguage":"es-ES","isPartOf":{"@id":"https:\/\/candas365.es\/noticias\/#website"},"breadcrumb":{"@id":"https:\/\/candas365.es\/noticias\/goles-y-reparto-de-puntos-en-la-mata-el-candas-cf-empata-3-a-3\/#breadcrumblist"},"author":{"@id":"https:\/\/candas365.es\/noticias\/author\/admin\/#author"},"creator":{"@id":"https:\/\/candas365.es\/noticias\/author\/admin\/#author"},"image":{"@type":"ImageObject","url":"https:\/\/candas365.es\/noticias\/wp-content\/uploads\/2015\/09\/la-mata.jpg","@id":"https:\/\/candas365.es\/noticias\/goles-y-reparto-de-puntos-en-la-mata-el-candas-cf-empata-3-a-3\/#mainImage","width":766,"height":421},"primaryImageOfPage":{"@id":"https:\/\/candas365.es\/noticias\/goles-y-reparto-de-puntos-en-la-mata-el-candas-cf-empata-3-a-3\/#mainImage"},"datePublished":"2019-01-20T20:41:01+01:00","dateModified":"2019-01-20T20:41:01+01:00"},{"@type":"WebSite","@id":"https:\/\/candas365.es\/noticias\/#website","url":"https:\/\/candas365.es\/noticias\/","name":"Cand\u00e1s 365","alternateName":"Cand\u00e1s 365 Noticias","description":"Actualidad desde Carre\u00f1o para el mundo","inLanguage":"es-ES","publisher":{"@id":"https:\/\/candas365.es\/noticias\/#organization"}}]},"og:locale":"es_ES","og:site_name":"Cand\u00e1s 365","og:type":"article","og:title":"Goles y reparto de puntos en La Mata, el Cand\u00e1s CF empata 3 a 3 | Cand\u00e1s 365","og:description":"El Cand\u00e1s CF ha disputado hoy domingo en La Mata un nuevo encuentro de la Preferente asturiana que ha terminado con empate a 3 goles frente al Valdesoto, sumando de esta manera un importante punto que le permite estar una jornada m\u00e1s fuera de los puestos de descenso. El equipo local fue el primero en","og:url":"https:\/\/candas365.es\/noticias\/goles-y-reparto-de-puntos-en-la-mata-el-candas-cf-empata-3-a-3\/","og:image":"https:\/\/candas365.es\/noticias\/wp-content\/uploads\/2015\/09\/la-mata.jpg","og:image:secure_url":"https:\/\/candas365.es\/noticias\/wp-content\/uploads\/2015\/09\/la-mata.jpg","og:image:width":766,"og:image:height":421,"article:published_time":"2019-01-20T20:41:01+00:00","article:modified_time":"2019-01-20T20:41:01+00:00","article:publisher":"https:\/\/www.facebook.com\/Nachofdezber","article:author":"https:\/\/www.facebook.com\/carrenoactualidad","twitter:card":"summary_large_image","twitter:site":"@NabercoDigital","twitter:title":"Goles y reparto de puntos en La Mata, el Cand\u00e1s CF empata 3 a 3 | Cand\u00e1s 365","twitter:description":"El Cand\u00e1s CF ha disputado hoy domingo en La Mata un nuevo encuentro de la Preferente asturiana que ha terminado con empate a 3 goles frente al Valdesoto, sumando de esta manera un importante punto que le permite estar una jornada m\u00e1s fuera de los puestos de descenso. El equipo local fue el primero en","twitter:creator":"@nbasturias","twitter:image":"https:\/\/candas365.es\/noticias\/wp-content\/uploads\/2015\/09\/la-mata.jpg","twitter:label1":"Escrito por","twitter:data1":"Cand\u00e1s 365","twitter:label2":"Tiempo de lectura estimado","twitter:data2":"1 minuto"},"aioseo_meta_data":{"post_id":"114717","title":null,"description":null,"keywords":null,"keyphrases":null,"primary_term":null,"canonical_url":null,"og_title":null,"og_description":null,"og_object_type":"default","og_image_type":"default","og_image_url":null,"og_image_width":null,"og_image_height":null,"og_image_custom_url":null,"og_image_custom_fields":null,"og_video":null,"og_custom_url":null,"og_article_section":null,"og_article_tags":null,"twitter_use_og":false,"twitter_card":"default","twitter_image_type":"default","twitter_image_url":null,"twitter_image_custom_url":null,"twitter_image_custom_fields":null,"twitter_title":null,"twitter_description":null,"schema":{"blockGraphs":[],"customGraphs":[],"default":{"data":{"Article":[],"Course":[],"Dataset":[],"FAQPage":[],"Movie":[],"Person":[],"Product":[],"ProductReview":[],"Car":[],"Recipe":[],"Service":[],"SoftwareApplication":[],"WebPage":[]},"graphName":"","isEnabled":true},"graphs":[],"defaultGraph":"","defaultPostTypeGraph":""},"schema_type":null,"schema_type_options":null,"pillar_content":false,"robots_default":true,"robots_noindex":false,"robots_noarchive":false,"robots_nosnippet":false,"robots_nofollow":false,"robots_noimageindex":false,"robots_noodp":false,"robots_notranslate":false,"robots_max_snippet":null,"robots_max_videopreview":null,"robots_max_imagepreview":"large","priority":null,"frequency":null,"location":null,"local_seo":null,"seo_analyzer_scan_date":"2025-08-29 02:06:15","breadcrumb_settings":null,"limit_modified_date":false,"reviewed_by":null,"open_ai":null,"ai":null,"created":"2020-12-21 11:21:56","updated":"2025-08-29 02:06:15"},"aioseo_breadcrumb":"<div class=\"aioseo-breadcrumbs\"><span class=\"aioseo-breadcrumb\">\n\t<a href=\"https:\/\/candas365.es\/noticias\" title=\"Home\">Home<\/a>\n<\/span><span class=\"aioseo-breadcrumb-separator\">&ndash;<\/span><span class=\"aioseo-breadcrumb\">\n\t<a href=\"https:\/\/candas365.es\/noticias\/category\/deporte\/\" title=\"Deporte\">Deporte<\/a>\n<\/span><span class=\"aioseo-breadcrumb-separator\">&ndash;<\/span><span class=\"aioseo-breadcrumb\">\n\tGoles y reparto de puntos en La Mata, el Cand\u00e1s CF empata 3 a 3\n<\/span><\/div>","aioseo_breadcrumb_json":[{"label":"Home","link":"https:\/\/candas365.es\/noticias"},{"label":"Deporte","link":"https:\/\/candas365.es\/noticias\/category\/deporte\/"},{"label":"Goles y reparto de puntos en La Mata, el Cand\u00e1s CF empata 3 a 3","link":"https:\/\/candas365.es\/noticias\/goles-y-reparto-de-puntos-en-la-mata-el-candas-cf-empata-3-a-3\/"}],"_links":{"self":[{"href":"https:\/\/candas365.es\/noticias\/wp-json\/wp\/v2\/posts\/114717","targetHints":{"allow":["GET"]}}],"collection":[{"href":"https:\/\/candas365.es\/noticias\/wp-json\/wp\/v2\/posts"}],"about":[{"href":"https:\/\/candas365.es\/noticias\/wp-json\/wp\/v2\/types\/post"}],"author":[{"embeddable":true,"href":"https:\/\/candas365.es\/noticias\/wp-json\/wp\/v2\/users\/1"}],"replies":[{"embeddable":true,"href":"https:\/\/candas365.es\/noticias\/wp-json\/wp\/v2\/comments?post=114717"}],"version-history":[{"count":0,"href":"https:\/\/candas365.es\/noticias\/wp-json\/wp\/v2\/posts\/114717\/revisions"}],"wp:featuredmedia":[{"embeddable":true,"href":"https:\/\/candas365.es\/noticias\/wp-json\/wp\/v2\/media\/15439"}],"wp:attachment":[{"href":"https:\/\/candas365.es\/noticias\/wp-json\/wp\/v2\/media?parent=114717"}],"wp:term":[{"taxonomy":"category","embeddable":true,"href":"https:\/\/candas365.es\/noticias\/wp-json\/wp\/v2\/categories?post=114717"},{"taxonomy":"post_tag","embeddable":true,"href":"https:\/\/candas365.es\/noticias\/wp-json\/wp\/v2\/tags?post=114717"}],"curies":[{"name":"wp","href":"https:\/\/api.w.org\/{rel}","templated":true}]}}