{"id":114715,"date":"2019-01-20T20:38:58","date_gmt":"2019-01-20T20:38:58","guid":{"rendered":"http:\/\/candas365.es\/noticias\/?p=114715"},"modified":"2019-01-20T20:38:58","modified_gmt":"2019-01-20T20:38:58","slug":"carrera-de-campeones-vettel-y-mick-schumacher-no-logran-el-triunfo","status":"publish","type":"post","link":"https:\/\/candas365.es\/noticias\/carrera-de-campeones-vettel-y-mick-schumacher-no-logran-el-triunfo\/","title":{"rendered":"Carrera de Campeones: Vettel y Mick Schumacher no logran el triunfo"},"content":{"rendered":"<p><img fetchpriority=\"high\" decoding=\"async\" class=\"alignleft size-medium wp-image-98200\" src=\"https:\/\/candas365.es\/noticias\/wp-content\/uploads\/2018\/06\/flag-1645262_960_720-360x239.jpg\" alt=\"\" width=\"360\" height=\"239\" srcset=\"https:\/\/candas365.es\/noticias\/wp-content\/uploads\/2018\/06\/flag-1645262_960_720-360x239.jpg 360w, https:\/\/candas365.es\/noticias\/wp-content\/uploads\/2018\/06\/flag-1645262_960_720-768x510.jpg 768w, https:\/\/candas365.es\/noticias\/wp-content\/uploads\/2018\/06\/flag-1645262_960_720-655x435.jpg 655w, https:\/\/candas365.es\/noticias\/wp-content\/uploads\/2018\/06\/flag-1645262_960_720-696x463.jpg 696w, https:\/\/candas365.es\/noticias\/wp-content\/uploads\/2018\/06\/flag-1645262_960_720-632x420.jpg 632w, https:\/\/candas365.es\/noticias\/wp-content\/uploads\/2018\/06\/flag-1645262_960_720.jpg 960w\" sizes=\"(max-width: 360px) 100vw, 360px\" \/>Ciudad de M\u00e9xico, 20 ene (dpa)- El equipo alem\u00e1n formado por los pilotos alemanes Sebastian Vettel y Mick Schumacher no lograron alzarse con el t\u00edtulo el s\u00e1bado en la Carrera de Campeones disputada en M\u00e9xico.<\/p>\n<p>El cuatro veces campe\u00f3n del mundo de F\u00f3rmula 1 y el hijo del heptacampe\u00f3n del mundo perdieron la carrera decisiva del evento en el que compiten entre s\u00ed pilotos de varias modalidades del automovilismo. El equipo n\u00f3rdico compuesto por el dan\u00e9s Tom Kristensen y el sueco Johan Kristoffersson se impusieron frente a los germanos.<\/p>\n<p>En las carreras finales, disputadas en el predio del Aut\u00f3dromo Hermanos Rodr\u00edguez, perdi\u00f3 primero a Vettel ante Kristensen, mientras que Schumacher logr\u00f3 vencer a Kristoffersson, igualando el marcador. Pero en el duelo con el experimentado Kristensen, el joven piloto germano de 19 a\u00f1os no tuvo oportunidad alguna.<\/p>\n<p>\u00abFue una lucha re\u00f1ida, \u00e9l deber\u00eda estar orgulloso. Siempre es bueno vencer a un Schumacher\u00bb, coment\u00f3 Kristensen, y agreg\u00f3 que Mick Schumacher hab\u00eda tenido una excelente primera actuaci\u00f3n en el evento.<\/p>\n<p>La Carrera de Campeones es un evento deportivo sin relevancia en el que compiten pilotos de la F\u00f3rmula 1, Nascar e IndyCar y fue durante un tiempo el final tradicional de la temporada del automovilismo deportivo.<\/p>\n","protected":false},"excerpt":{"rendered":"<p>Ciudad de M\u00e9xico, 20 ene (dpa)- El equipo alem\u00e1n formado por los pilotos alemanes Sebastian Vettel y Mick Schumacher no lograron alzarse con el t\u00edtulo el s\u00e1bado en la Carrera de Campeones disputada en M\u00e9xico. El cuatro veces campe\u00f3n del mundo de F\u00f3rmula 1 y el hijo del heptacampe\u00f3n del mundo perdieron la carrera decisiva<\/p>\n","protected":false},"author":1,"featured_media":98200,"comment_status":"closed","ping_status":"closed","sticky":false,"template":"","format":"standard","meta":{"footnotes":""},"categories":[319],"tags":[],"class_list":{"0":"post-114715","1":"post","2":"type-post","3":"status-publish","4":"format-standard","5":"has-post-thumbnail","7":"category-deporte"},"aioseo_notices":[],"aioseo_head":"\n\t\t<!-- All in One SEO Pro 4.9.6.2 - aioseo.com -->\n\t<meta name=\"description\" content=\"Ciudad de M\u00e9xico, 20 ene (dpa)- El equipo alem\u00e1n formado por los pilotos alemanes Sebastian Vettel y Mick Schumacher no lograron alzarse con el t\u00edtulo el s\u00e1bado en la Carrera de Campeones disputada en M\u00e9xico. El cuatro veces campe\u00f3n del mundo de F\u00f3rmula 1 y el hijo del heptacampe\u00f3n del mundo perdieron la carrera decisiva\" \/>\n\t<meta name=\"robots\" content=\"max-image-preview:large\" \/>\n\t<meta name=\"author\" content=\"Cand\u00e1s 365\"\/>\n\t<meta name=\"google-site-verification\" content=\"UA-32230408-1\" \/>\n\t<meta name=\"msvalidate.01\" content=\"354F3CDFB2DA171B47FBE9ABF1F88D5\" \/>\n\t<meta name=\"keywords\" content=\"deporte\" \/>\n\t<link rel=\"canonical\" href=\"https:\/\/candas365.es\/noticias\/carrera-de-campeones-vettel-y-mick-schumacher-no-logran-el-triunfo\/\" \/>\n\t<meta name=\"generator\" content=\"All in One SEO Pro (AIOSEO) 4.9.6.2\" \/>\n\t\t<meta property=\"og:locale\" content=\"es_ES\" \/>\n\t\t<meta property=\"og:site_name\" content=\"Cand\u00e1s 365\" \/>\n\t\t<meta property=\"og:type\" content=\"article\" \/>\n\t\t<meta property=\"og:title\" content=\"Carrera de Campeones: Vettel y Mick Schumacher no logran el triunfo | Cand\u00e1s 365\" \/>\n\t\t<meta property=\"og:description\" content=\"Ciudad de M\u00e9xico, 20 ene (dpa)- El equipo alem\u00e1n formado por los pilotos alemanes Sebastian Vettel y Mick Schumacher no lograron alzarse con el t\u00edtulo el s\u00e1bado en la Carrera de Campeones disputada en M\u00e9xico. El cuatro veces campe\u00f3n del mundo de F\u00f3rmula 1 y el hijo del heptacampe\u00f3n del mundo perdieron la carrera decisiva\" \/>\n\t\t<meta property=\"og:url\" content=\"https:\/\/candas365.es\/noticias\/carrera-de-campeones-vettel-y-mick-schumacher-no-logran-el-triunfo\/\" \/>\n\t\t<meta property=\"og:image\" content=\"https:\/\/candas365.es\/noticias\/wp-content\/uploads\/2018\/06\/flag-1645262_960_720.jpg\" \/>\n\t\t<meta property=\"og:image:secure_url\" content=\"https:\/\/candas365.es\/noticias\/wp-content\/uploads\/2018\/06\/flag-1645262_960_720.jpg\" \/>\n\t\t<meta property=\"og:image:width\" content=\"960\" \/>\n\t\t<meta property=\"og:image:height\" content=\"638\" \/>\n\t\t<meta property=\"article:published_time\" content=\"2019-01-20T20:38:58+00:00\" \/>\n\t\t<meta property=\"article:modified_time\" content=\"2019-01-20T20:38:58+00:00\" \/>\n\t\t<meta property=\"article:publisher\" content=\"https:\/\/www.facebook.com\/Nachofdezber\" \/>\n\t\t<meta property=\"article:author\" content=\"https:\/\/www.facebook.com\/carrenoactualidad\" \/>\n\t\t<meta name=\"twitter:card\" content=\"summary_large_image\" \/>\n\t\t<meta name=\"twitter:site\" content=\"@NabercoDigital\" \/>\n\t\t<meta name=\"twitter:title\" content=\"Carrera de Campeones: Vettel y Mick Schumacher no logran el triunfo | Cand\u00e1s 365\" \/>\n\t\t<meta name=\"twitter:description\" content=\"Ciudad de M\u00e9xico, 20 ene (dpa)- El equipo alem\u00e1n formado por los pilotos alemanes Sebastian Vettel y Mick Schumacher no lograron alzarse con el t\u00edtulo el s\u00e1bado en la Carrera de Campeones disputada en M\u00e9xico. El cuatro veces campe\u00f3n del mundo de F\u00f3rmula 1 y el hijo del heptacampe\u00f3n del mundo perdieron la carrera decisiva\" \/>\n\t\t<meta name=\"twitter:creator\" content=\"@nbasturias\" \/>\n\t\t<meta name=\"twitter:image\" content=\"https:\/\/candas365.es\/noticias\/wp-content\/uploads\/2018\/06\/flag-1645262_960_720.jpg\" \/>\n\t\t<meta name=\"twitter:label1\" content=\"Escrito por\" \/>\n\t\t<meta name=\"twitter:data1\" content=\"Cand\u00e1s 365\" \/>\n\t\t<meta name=\"twitter:label2\" content=\"Tiempo de lectura estimado\" \/>\n\t\t<meta name=\"twitter:data2\" content=\"1 minuto\" \/>\n\t\t<script type=\"application\/ld+json\" class=\"aioseo-schema\">\n\t\t\t{\"@context\":\"https:\\\/\\\/schema.org\",\"@graph\":[{\"@type\":\"BreadcrumbList\",\"@id\":\"https:\\\/\\\/candas365.es\\\/noticias\\\/carrera-de-campeones-vettel-y-mick-schumacher-no-logran-el-triunfo\\\/#breadcrumblist\",\"itemListElement\":[{\"@type\":\"ListItem\",\"@id\":\"https:\\\/\\\/candas365.es\\\/noticias#listItem\",\"position\":1,\"name\":\"Home\",\"item\":\"https:\\\/\\\/candas365.es\\\/noticias\",\"nextItem\":{\"@type\":\"ListItem\",\"@id\":\"https:\\\/\\\/candas365.es\\\/noticias\\\/category\\\/deporte\\\/#listItem\",\"name\":\"Deporte\"}},{\"@type\":\"ListItem\",\"@id\":\"https:\\\/\\\/candas365.es\\\/noticias\\\/category\\\/deporte\\\/#listItem\",\"position\":2,\"name\":\"Deporte\",\"item\":\"https:\\\/\\\/candas365.es\\\/noticias\\\/category\\\/deporte\\\/\",\"nextItem\":{\"@type\":\"ListItem\",\"@id\":\"https:\\\/\\\/candas365.es\\\/noticias\\\/carrera-de-campeones-vettel-y-mick-schumacher-no-logran-el-triunfo\\\/#listItem\",\"name\":\"Carrera de Campeones: Vettel y Mick Schumacher no logran el triunfo\"},\"previousItem\":{\"@type\":\"ListItem\",\"@id\":\"https:\\\/\\\/candas365.es\\\/noticias#listItem\",\"name\":\"Home\"}},{\"@type\":\"ListItem\",\"@id\":\"https:\\\/\\\/candas365.es\\\/noticias\\\/carrera-de-campeones-vettel-y-mick-schumacher-no-logran-el-triunfo\\\/#listItem\",\"position\":3,\"name\":\"Carrera de Campeones: Vettel y Mick Schumacher no logran el triunfo\",\"previousItem\":{\"@type\":\"ListItem\",\"@id\":\"https:\\\/\\\/candas365.es\\\/noticias\\\/category\\\/deporte\\\/#listItem\",\"name\":\"Deporte\"}}]},{\"@type\":\"NewsArticle\",\"@id\":\"https:\\\/\\\/candas365.es\\\/noticias\\\/carrera-de-campeones-vettel-y-mick-schumacher-no-logran-el-triunfo\\\/#newsarticle\",\"name\":\"Carrera de Campeones: Vettel y Mick Schumacher no logran el triunfo | Cand\\u00e1s 365\",\"headline\":\"Carrera de Campeones: Vettel y Mick Schumacher no logran el triunfo\",\"author\":{\"@id\":\"https:\\\/\\\/candas365.es\\\/noticias\\\/author\\\/admin\\\/#author\"},\"publisher\":{\"@id\":\"https:\\\/\\\/candas365.es\\\/noticias\\\/#organization\"},\"image\":{\"@type\":\"ImageObject\",\"url\":\"https:\\\/\\\/candas365.es\\\/noticias\\\/wp-content\\\/uploads\\\/2018\\\/06\\\/flag-1645262_960_720.jpg\",\"width\":960,\"height\":638},\"datePublished\":\"2019-01-20T20:38:58+01:00\",\"dateModified\":\"2019-01-20T20:38:58+01:00\",\"inLanguage\":\"es-ES\",\"mainEntityOfPage\":{\"@id\":\"https:\\\/\\\/candas365.es\\\/noticias\\\/carrera-de-campeones-vettel-y-mick-schumacher-no-logran-el-triunfo\\\/#webpage\"},\"isPartOf\":{\"@id\":\"https:\\\/\\\/candas365.es\\\/noticias\\\/carrera-de-campeones-vettel-y-mick-schumacher-no-logran-el-triunfo\\\/#webpage\"},\"articleSection\":\"Deporte\",\"dateline\":\"Publicado el enero 20, 2019.\"},{\"@type\":\"Organization\",\"@id\":\"https:\\\/\\\/candas365.es\\\/noticias\\\/#organization\",\"name\":\"Cand\\u00e1s 365\",\"description\":\"Cand\\u00e1s 365 es un diario digital independiente, fundado en 2012, con base en Asturias. Informamos con rigor sobre actualidad, sociedad, cultura y ocio, con una mirada local y global.\",\"url\":\"https:\\\/\\\/candas365.es\\\/noticias\\\/\",\"email\":\"info@candas365.es\",\"telephone\":\"+34652131393\",\"foundingDate\":\"2012-06-10\",\"logo\":{\"@type\":\"ImageObject\",\"url\":\"https:\\\/\\\/candas365.es\\\/noticias\\\/wp-content\\\/uploads\\\/2024\\\/09\\\/Candas-365-Redes.jpg\",\"@id\":\"https:\\\/\\\/candas365.es\\\/noticias\\\/carrera-de-campeones-vettel-y-mick-schumacher-no-logran-el-triunfo\\\/#organizationLogo\",\"width\":1152,\"height\":864,\"caption\":\"Cand\\u00e1s 365 Redes\"},\"image\":{\"@id\":\"https:\\\/\\\/candas365.es\\\/noticias\\\/carrera-de-campeones-vettel-y-mick-schumacher-no-logran-el-triunfo\\\/#organizationLogo\"},\"sameAs\":[\"https:\\\/\\\/www.facebook.com\\\/Nachofdezber\",\"https:\\\/\\\/x.com\\\/NabercoDigital\",\"https:\\\/\\\/www.instagram.com\\\/nachofdezber\\\/\",\"https:\\\/\\\/www.youtube.com\\\/channel\\\/UCZP-2wLEB9Rv6erhFmqVnvg\"],\"address\":{\"@id\":\"https:\\\/\\\/candas365.es\\\/noticias\\\/#postaladdress\",\"@type\":\"PostalAddress\",\"streetAddress\":\"san antonio 4, san antonio 4\",\"postalCode\":\"33430\",\"addressLocality\":\"Cand\\u00e1s\",\"addressRegion\":\"Asturias\",\"addressCountry\":\"ES\"}},{\"@type\":\"Person\",\"@id\":\"https:\\\/\\\/candas365.es\\\/noticias\\\/author\\\/admin\\\/#author\",\"url\":\"https:\\\/\\\/candas365.es\\\/noticias\\\/author\\\/admin\\\/\",\"name\":\"Cand\\u00e1s 365\",\"image\":{\"@type\":\"ImageObject\",\"@id\":\"https:\\\/\\\/candas365.es\\\/noticias\\\/carrera-de-campeones-vettel-y-mick-schumacher-no-logran-el-triunfo\\\/#authorImage\",\"url\":\"https:\\\/\\\/secure.gravatar.com\\\/avatar\\\/496a8e03d0c493ede1718b7934145dbdf8d89be1036b0eec9544e1094c9de390?s=96&d=mm&r=g\",\"width\":96,\"height\":96,\"caption\":\"Cand\\u00e1s 365\"},\"sameAs\":[\"https:\\\/\\\/www.facebook.com\\\/carrenoactualidad\",\"https:\\\/\\\/twitter.com\\\/nbasturias\",\"https:\\\/\\\/www.instagram.com\\\/nachofdezber\\\/\",\"https:\\\/\\\/www.youtube.com\\\/channel\\\/UCZP-2wLEB9Rv6erhFmqVnvg\"]},{\"@type\":\"WebPage\",\"@id\":\"https:\\\/\\\/candas365.es\\\/noticias\\\/carrera-de-campeones-vettel-y-mick-schumacher-no-logran-el-triunfo\\\/#webpage\",\"url\":\"https:\\\/\\\/candas365.es\\\/noticias\\\/carrera-de-campeones-vettel-y-mick-schumacher-no-logran-el-triunfo\\\/\",\"name\":\"Carrera de Campeones: Vettel y Mick Schumacher no logran el triunfo | Cand\\u00e1s 365\",\"description\":\"Ciudad de M\\u00e9xico, 20 ene (dpa)- El equipo alem\\u00e1n formado por los pilotos alemanes Sebastian Vettel y Mick Schumacher no lograron alzarse con el t\\u00edtulo el s\\u00e1bado en la Carrera de Campeones disputada en M\\u00e9xico. El cuatro veces campe\\u00f3n del mundo de F\\u00f3rmula 1 y el hijo del heptacampe\\u00f3n del mundo perdieron la carrera decisiva\",\"inLanguage\":\"es-ES\",\"isPartOf\":{\"@id\":\"https:\\\/\\\/candas365.es\\\/noticias\\\/#website\"},\"breadcrumb\":{\"@id\":\"https:\\\/\\\/candas365.es\\\/noticias\\\/carrera-de-campeones-vettel-y-mick-schumacher-no-logran-el-triunfo\\\/#breadcrumblist\"},\"author\":{\"@id\":\"https:\\\/\\\/candas365.es\\\/noticias\\\/author\\\/admin\\\/#author\"},\"creator\":{\"@id\":\"https:\\\/\\\/candas365.es\\\/noticias\\\/author\\\/admin\\\/#author\"},\"image\":{\"@type\":\"ImageObject\",\"url\":\"https:\\\/\\\/candas365.es\\\/noticias\\\/wp-content\\\/uploads\\\/2018\\\/06\\\/flag-1645262_960_720.jpg\",\"@id\":\"https:\\\/\\\/candas365.es\\\/noticias\\\/carrera-de-campeones-vettel-y-mick-schumacher-no-logran-el-triunfo\\\/#mainImage\",\"width\":960,\"height\":638},\"primaryImageOfPage\":{\"@id\":\"https:\\\/\\\/candas365.es\\\/noticias\\\/carrera-de-campeones-vettel-y-mick-schumacher-no-logran-el-triunfo\\\/#mainImage\"},\"datePublished\":\"2019-01-20T20:38:58+01:00\",\"dateModified\":\"2019-01-20T20:38:58+01:00\"},{\"@type\":\"WebSite\",\"@id\":\"https:\\\/\\\/candas365.es\\\/noticias\\\/#website\",\"url\":\"https:\\\/\\\/candas365.es\\\/noticias\\\/\",\"name\":\"Cand\\u00e1s 365\",\"alternateName\":\"Cand\\u00e1s 365 Noticias\",\"description\":\"Actualidad desde Carre\\u00f1o para el mundo\",\"inLanguage\":\"es-ES\",\"publisher\":{\"@id\":\"https:\\\/\\\/candas365.es\\\/noticias\\\/#organization\"}}]}\n\t\t<\/script>\n\t\t<!-- All in One SEO Pro -->\r\n\t\t<title>Carrera de Campeones: Vettel y Mick Schumacher no logran el triunfo | Cand\u00e1s 365<\/title>\n\n","aioseo_head_json":{"title":"Carrera de Campeones: Vettel y Mick Schumacher no logran el triunfo | Cand\u00e1s 365","description":"Ciudad de M\u00e9xico, 20 ene (dpa)- El equipo alem\u00e1n formado por los pilotos alemanes Sebastian Vettel y Mick Schumacher no lograron alzarse con el t\u00edtulo el s\u00e1bado en la Carrera de Campeones disputada en M\u00e9xico. El cuatro veces campe\u00f3n del mundo de F\u00f3rmula 1 y el hijo del heptacampe\u00f3n del mundo perdieron la carrera decisiva","canonical_url":"https:\/\/candas365.es\/noticias\/carrera-de-campeones-vettel-y-mick-schumacher-no-logran-el-triunfo\/","robots":"max-image-preview:large","keywords":"deporte","webmasterTools":{"google-site-verification":"UA-32230408-1","msvalidate.01":"354F3CDFB2DA171B47FBE9ABF1F88D5","miscellaneous":""},"schema":{"@context":"https:\/\/schema.org","@graph":[{"@type":"BreadcrumbList","@id":"https:\/\/candas365.es\/noticias\/carrera-de-campeones-vettel-y-mick-schumacher-no-logran-el-triunfo\/#breadcrumblist","itemListElement":[{"@type":"ListItem","@id":"https:\/\/candas365.es\/noticias#listItem","position":1,"name":"Home","item":"https:\/\/candas365.es\/noticias","nextItem":{"@type":"ListItem","@id":"https:\/\/candas365.es\/noticias\/category\/deporte\/#listItem","name":"Deporte"}},{"@type":"ListItem","@id":"https:\/\/candas365.es\/noticias\/category\/deporte\/#listItem","position":2,"name":"Deporte","item":"https:\/\/candas365.es\/noticias\/category\/deporte\/","nextItem":{"@type":"ListItem","@id":"https:\/\/candas365.es\/noticias\/carrera-de-campeones-vettel-y-mick-schumacher-no-logran-el-triunfo\/#listItem","name":"Carrera de Campeones: Vettel y Mick Schumacher no logran el triunfo"},"previousItem":{"@type":"ListItem","@id":"https:\/\/candas365.es\/noticias#listItem","name":"Home"}},{"@type":"ListItem","@id":"https:\/\/candas365.es\/noticias\/carrera-de-campeones-vettel-y-mick-schumacher-no-logran-el-triunfo\/#listItem","position":3,"name":"Carrera de Campeones: Vettel y Mick Schumacher no logran el triunfo","previousItem":{"@type":"ListItem","@id":"https:\/\/candas365.es\/noticias\/category\/deporte\/#listItem","name":"Deporte"}}]},{"@type":"NewsArticle","@id":"https:\/\/candas365.es\/noticias\/carrera-de-campeones-vettel-y-mick-schumacher-no-logran-el-triunfo\/#newsarticle","name":"Carrera de Campeones: Vettel y Mick Schumacher no logran el triunfo | Cand\u00e1s 365","headline":"Carrera de Campeones: Vettel y Mick Schumacher no logran el triunfo","author":{"@id":"https:\/\/candas365.es\/noticias\/author\/admin\/#author"},"publisher":{"@id":"https:\/\/candas365.es\/noticias\/#organization"},"image":{"@type":"ImageObject","url":"https:\/\/candas365.es\/noticias\/wp-content\/uploads\/2018\/06\/flag-1645262_960_720.jpg","width":960,"height":638},"datePublished":"2019-01-20T20:38:58+01:00","dateModified":"2019-01-20T20:38:58+01:00","inLanguage":"es-ES","mainEntityOfPage":{"@id":"https:\/\/candas365.es\/noticias\/carrera-de-campeones-vettel-y-mick-schumacher-no-logran-el-triunfo\/#webpage"},"isPartOf":{"@id":"https:\/\/candas365.es\/noticias\/carrera-de-campeones-vettel-y-mick-schumacher-no-logran-el-triunfo\/#webpage"},"articleSection":"Deporte","dateline":"Publicado el enero 20, 2019."},{"@type":"Organization","@id":"https:\/\/candas365.es\/noticias\/#organization","name":"Cand\u00e1s 365","description":"Cand\u00e1s 365 es un diario digital independiente, fundado en 2012, con base en Asturias. Informamos con rigor sobre actualidad, sociedad, cultura y ocio, con una mirada local y global.","url":"https:\/\/candas365.es\/noticias\/","email":"info@candas365.es","telephone":"+34652131393","foundingDate":"2012-06-10","logo":{"@type":"ImageObject","url":"https:\/\/candas365.es\/noticias\/wp-content\/uploads\/2024\/09\/Candas-365-Redes.jpg","@id":"https:\/\/candas365.es\/noticias\/carrera-de-campeones-vettel-y-mick-schumacher-no-logran-el-triunfo\/#organizationLogo","width":1152,"height":864,"caption":"Cand\u00e1s 365 Redes"},"image":{"@id":"https:\/\/candas365.es\/noticias\/carrera-de-campeones-vettel-y-mick-schumacher-no-logran-el-triunfo\/#organizationLogo"},"sameAs":["https:\/\/www.facebook.com\/Nachofdezber","https:\/\/x.com\/NabercoDigital","https:\/\/www.instagram.com\/nachofdezber\/","https:\/\/www.youtube.com\/channel\/UCZP-2wLEB9Rv6erhFmqVnvg"],"address":{"@id":"https:\/\/candas365.es\/noticias\/#postaladdress","@type":"PostalAddress","streetAddress":"san antonio 4, san antonio 4","postalCode":"33430","addressLocality":"Cand\u00e1s","addressRegion":"Asturias","addressCountry":"ES"}},{"@type":"Person","@id":"https:\/\/candas365.es\/noticias\/author\/admin\/#author","url":"https:\/\/candas365.es\/noticias\/author\/admin\/","name":"Cand\u00e1s 365","image":{"@type":"ImageObject","@id":"https:\/\/candas365.es\/noticias\/carrera-de-campeones-vettel-y-mick-schumacher-no-logran-el-triunfo\/#authorImage","url":"https:\/\/secure.gravatar.com\/avatar\/496a8e03d0c493ede1718b7934145dbdf8d89be1036b0eec9544e1094c9de390?s=96&d=mm&r=g","width":96,"height":96,"caption":"Cand\u00e1s 365"},"sameAs":["https:\/\/www.facebook.com\/carrenoactualidad","https:\/\/twitter.com\/nbasturias","https:\/\/www.instagram.com\/nachofdezber\/","https:\/\/www.youtube.com\/channel\/UCZP-2wLEB9Rv6erhFmqVnvg"]},{"@type":"WebPage","@id":"https:\/\/candas365.es\/noticias\/carrera-de-campeones-vettel-y-mick-schumacher-no-logran-el-triunfo\/#webpage","url":"https:\/\/candas365.es\/noticias\/carrera-de-campeones-vettel-y-mick-schumacher-no-logran-el-triunfo\/","name":"Carrera de Campeones: Vettel y Mick Schumacher no logran el triunfo | Cand\u00e1s 365","description":"Ciudad de M\u00e9xico, 20 ene (dpa)- El equipo alem\u00e1n formado por los pilotos alemanes Sebastian Vettel y Mick Schumacher no lograron alzarse con el t\u00edtulo el s\u00e1bado en la Carrera de Campeones disputada en M\u00e9xico. El cuatro veces campe\u00f3n del mundo de F\u00f3rmula 1 y el hijo del heptacampe\u00f3n del mundo perdieron la carrera decisiva","inLanguage":"es-ES","isPartOf":{"@id":"https:\/\/candas365.es\/noticias\/#website"},"breadcrumb":{"@id":"https:\/\/candas365.es\/noticias\/carrera-de-campeones-vettel-y-mick-schumacher-no-logran-el-triunfo\/#breadcrumblist"},"author":{"@id":"https:\/\/candas365.es\/noticias\/author\/admin\/#author"},"creator":{"@id":"https:\/\/candas365.es\/noticias\/author\/admin\/#author"},"image":{"@type":"ImageObject","url":"https:\/\/candas365.es\/noticias\/wp-content\/uploads\/2018\/06\/flag-1645262_960_720.jpg","@id":"https:\/\/candas365.es\/noticias\/carrera-de-campeones-vettel-y-mick-schumacher-no-logran-el-triunfo\/#mainImage","width":960,"height":638},"primaryImageOfPage":{"@id":"https:\/\/candas365.es\/noticias\/carrera-de-campeones-vettel-y-mick-schumacher-no-logran-el-triunfo\/#mainImage"},"datePublished":"2019-01-20T20:38:58+01:00","dateModified":"2019-01-20T20:38:58+01:00"},{"@type":"WebSite","@id":"https:\/\/candas365.es\/noticias\/#website","url":"https:\/\/candas365.es\/noticias\/","name":"Cand\u00e1s 365","alternateName":"Cand\u00e1s 365 Noticias","description":"Actualidad desde Carre\u00f1o para el mundo","inLanguage":"es-ES","publisher":{"@id":"https:\/\/candas365.es\/noticias\/#organization"}}]},"og:locale":"es_ES","og:site_name":"Cand\u00e1s 365","og:type":"article","og:title":"Carrera de Campeones: Vettel y Mick Schumacher no logran el triunfo | Cand\u00e1s 365","og:description":"Ciudad de M\u00e9xico, 20 ene (dpa)- El equipo alem\u00e1n formado por los pilotos alemanes Sebastian Vettel y Mick Schumacher no lograron alzarse con el t\u00edtulo el s\u00e1bado en la Carrera de Campeones disputada en M\u00e9xico. El cuatro veces campe\u00f3n del mundo de F\u00f3rmula 1 y el hijo del heptacampe\u00f3n del mundo perdieron la carrera decisiva","og:url":"https:\/\/candas365.es\/noticias\/carrera-de-campeones-vettel-y-mick-schumacher-no-logran-el-triunfo\/","og:image":"https:\/\/candas365.es\/noticias\/wp-content\/uploads\/2018\/06\/flag-1645262_960_720.jpg","og:image:secure_url":"https:\/\/candas365.es\/noticias\/wp-content\/uploads\/2018\/06\/flag-1645262_960_720.jpg","og:image:width":960,"og:image:height":638,"article:published_time":"2019-01-20T20:38:58+00:00","article:modified_time":"2019-01-20T20:38:58+00:00","article:publisher":"https:\/\/www.facebook.com\/Nachofdezber","article:author":"https:\/\/www.facebook.com\/carrenoactualidad","twitter:card":"summary_large_image","twitter:site":"@NabercoDigital","twitter:title":"Carrera de Campeones: Vettel y Mick Schumacher no logran el triunfo | Cand\u00e1s 365","twitter:description":"Ciudad de M\u00e9xico, 20 ene (dpa)- El equipo alem\u00e1n formado por los pilotos alemanes Sebastian Vettel y Mick Schumacher no lograron alzarse con el t\u00edtulo el s\u00e1bado en la Carrera de Campeones disputada en M\u00e9xico. El cuatro veces campe\u00f3n del mundo de F\u00f3rmula 1 y el hijo del heptacampe\u00f3n del mundo perdieron la carrera decisiva","twitter:creator":"@nbasturias","twitter:image":"https:\/\/candas365.es\/noticias\/wp-content\/uploads\/2018\/06\/flag-1645262_960_720.jpg","twitter:label1":"Escrito por","twitter:data1":"Cand\u00e1s 365","twitter:label2":"Tiempo de lectura estimado","twitter:data2":"1 minuto"},"aioseo_meta_data":{"post_id":"114715","title":null,"description":null,"keywords":null,"keyphrases":null,"primary_term":null,"canonical_url":null,"og_title":null,"og_description":null,"og_object_type":"default","og_image_type":"default","og_image_url":null,"og_image_width":null,"og_image_height":null,"og_image_custom_url":null,"og_image_custom_fields":null,"og_video":null,"og_custom_url":null,"og_article_section":null,"og_article_tags":null,"twitter_use_og":false,"twitter_card":"default","twitter_image_type":"default","twitter_image_url":null,"twitter_image_custom_url":null,"twitter_image_custom_fields":null,"twitter_title":null,"twitter_description":null,"schema":{"blockGraphs":[],"customGraphs":[],"default":{"data":{"Article":[],"Course":[],"Dataset":[],"FAQPage":[],"Movie":[],"Person":[],"Product":[],"ProductReview":[],"Car":[],"Recipe":[],"Service":[],"SoftwareApplication":[],"WebPage":[]},"graphName":"","isEnabled":true},"graphs":[],"defaultGraph":"","defaultPostTypeGraph":""},"schema_type":null,"schema_type_options":null,"pillar_content":false,"robots_default":true,"robots_noindex":false,"robots_noarchive":false,"robots_nosnippet":false,"robots_nofollow":false,"robots_noimageindex":false,"robots_noodp":false,"robots_notranslate":false,"robots_max_snippet":null,"robots_max_videopreview":null,"robots_max_imagepreview":"large","priority":null,"frequency":null,"location":null,"local_seo":null,"seo_analyzer_scan_date":"2025-08-29 02:06:14","breadcrumb_settings":null,"limit_modified_date":false,"reviewed_by":null,"open_ai":null,"ai":null,"created":"2020-12-21 11:21:56","updated":"2025-08-29 02:06:14"},"aioseo_breadcrumb":"<div class=\"aioseo-breadcrumbs\"><span class=\"aioseo-breadcrumb\">\n\t<a href=\"https:\/\/candas365.es\/noticias\" title=\"Home\">Home<\/a>\n<\/span><span class=\"aioseo-breadcrumb-separator\">&ndash;<\/span><span class=\"aioseo-breadcrumb\">\n\t<a href=\"https:\/\/candas365.es\/noticias\/category\/deporte\/\" title=\"Deporte\">Deporte<\/a>\n<\/span><span class=\"aioseo-breadcrumb-separator\">&ndash;<\/span><span class=\"aioseo-breadcrumb\">\n\tCarrera de Campeones: Vettel y Mick Schumacher no logran el triunfo\n<\/span><\/div>","aioseo_breadcrumb_json":[{"label":"Home","link":"https:\/\/candas365.es\/noticias"},{"label":"Deporte","link":"https:\/\/candas365.es\/noticias\/category\/deporte\/"},{"label":"Carrera de Campeones: Vettel y Mick Schumacher no logran el triunfo","link":"https:\/\/candas365.es\/noticias\/carrera-de-campeones-vettel-y-mick-schumacher-no-logran-el-triunfo\/"}],"_links":{"self":[{"href":"https:\/\/candas365.es\/noticias\/wp-json\/wp\/v2\/posts\/114715","targetHints":{"allow":["GET"]}}],"collection":[{"href":"https:\/\/candas365.es\/noticias\/wp-json\/wp\/v2\/posts"}],"about":[{"href":"https:\/\/candas365.es\/noticias\/wp-json\/wp\/v2\/types\/post"}],"author":[{"embeddable":true,"href":"https:\/\/candas365.es\/noticias\/wp-json\/wp\/v2\/users\/1"}],"replies":[{"embeddable":true,"href":"https:\/\/candas365.es\/noticias\/wp-json\/wp\/v2\/comments?post=114715"}],"version-history":[{"count":0,"href":"https:\/\/candas365.es\/noticias\/wp-json\/wp\/v2\/posts\/114715\/revisions"}],"wp:featuredmedia":[{"embeddable":true,"href":"https:\/\/candas365.es\/noticias\/wp-json\/wp\/v2\/media\/98200"}],"wp:attachment":[{"href":"https:\/\/candas365.es\/noticias\/wp-json\/wp\/v2\/media?parent=114715"}],"wp:term":[{"taxonomy":"category","embeddable":true,"href":"https:\/\/candas365.es\/noticias\/wp-json\/wp\/v2\/categories?post=114715"},{"taxonomy":"post_tag","embeddable":true,"href":"https:\/\/candas365.es\/noticias\/wp-json\/wp\/v2\/tags?post=114715"}],"curies":[{"name":"wp","href":"https:\/\/api.w.org\/{rel}","templated":true}]}}