{"id":114647,"date":"2019-01-19T18:12:09","date_gmt":"2019-01-19T18:12:09","guid":{"rendered":"http:\/\/candas365.es\/noticias\/?p=114647"},"modified":"2019-01-19T18:12:09","modified_gmt":"2019-01-19T18:12:09","slug":"volkswagen-quiere-ampliar-su-patrocinio-en-el-futbol-internacional","status":"publish","type":"post","link":"https:\/\/candas365.es\/noticias\/volkswagen-quiere-ampliar-su-patrocinio-en-el-futbol-internacional\/","title":{"rendered":"Volkswagen quiere ampliar su patrocinio en el f\u00fatbol internacional"},"content":{"rendered":"<p><img fetchpriority=\"high\" decoding=\"async\" class=\"alignleft size-medium wp-image-92011\" src=\"https:\/\/candas365.es\/noticias\/wp-content\/uploads\/2018\/03\/woman-638384_1280-360x239.jpg\" alt=\"\" width=\"360\" height=\"239\" srcset=\"https:\/\/candas365.es\/noticias\/wp-content\/uploads\/2018\/03\/woman-638384_1280-360x239.jpg 360w, https:\/\/candas365.es\/noticias\/wp-content\/uploads\/2018\/03\/woman-638384_1280-696x462.jpg 696w, https:\/\/candas365.es\/noticias\/wp-content\/uploads\/2018\/03\/woman-638384_1280-1068x709.jpg 1068w, https:\/\/candas365.es\/noticias\/wp-content\/uploads\/2018\/03\/woman-638384_1280-632x420.jpg 632w, https:\/\/candas365.es\/noticias\/wp-content\/uploads\/2018\/03\/woman-638384_1280-768x510.jpg 768w, https:\/\/candas365.es\/noticias\/wp-content\/uploads\/2018\/03\/woman-638384_1280-655x435.jpg 655w, https:\/\/candas365.es\/noticias\/wp-content\/uploads\/2018\/03\/woman-638384_1280.jpg 1280w\" sizes=\"(max-width: 360px) 100vw, 360px\" \/>Berl\u00edn, 19 ene (dpa) &#8211; El fabricante alem\u00e1n de autom\u00f3viles Volkswagen se plantea fortalecer sus actividades promocionales en el f\u00fatbol internacional, seg\u00fan informa hoy el diario alem\u00e1n \u00abFrankfurter Allgemeine Zeitung\u00bb.<\/p>\n<p>Desde principios de a\u00f1o el gigante automotor es uno de los patrocinadores generales de la Federaci\u00f3n Alemana de F\u00fatbol (DFB). VW reemplaz\u00f3 as\u00ed a Mercedes Benz, que fue auspiciante del f\u00fatbol germano durante 45 a\u00f1os.<\/p>\n<p>En el futuro Volkswagen tambi\u00e9n iniciar\u00e1 conversaciones con otras asociaciones nacionales, agrega la informaci\u00f3n.<\/p>\n<p>Adem\u00e1s de la DFB, la automotriz alemana tambi\u00e9n ha firmado acuerdos con el actual campe\u00f3n del mundo, Francia, y con las asociaciones de f\u00fatbol de Austria, Suiza, Finlandia, Luxemburgo y Estados Unidos.<\/p>\n<p>\u00abAmpliaremos estos acuerdos y trabajaremos m\u00e1s activamente para asociarnos con otras selecciones nacionales\u00bb, cita el diario a J\u00fcrgen Stackmann, director de ventas de Volkswagen. Stackmann adelant\u00f3 que tambi\u00e9n podr\u00eda extenderse el acuerdo de patrocinio con la Uni\u00f3n Europea del F\u00fatbol Asociado (UEFA).<\/p>\n<p>\u00abSi todo va bien, hablaremos con la UEFA sobre la Eurcopa 2024 en Alemania. El campeonato en Alemania, tambi\u00e9n como coronaci\u00f3n para la DFB, ya est\u00e1 en nuestro horizonte\u00bb, indic\u00f3 el directivo.<\/p>\n","protected":false},"excerpt":{"rendered":"<p>Berl\u00edn, 19 ene (dpa) &#8211; El fabricante alem\u00e1n de autom\u00f3viles Volkswagen se plantea fortalecer sus actividades promocionales en el f\u00fatbol internacional, seg\u00fan informa hoy el diario alem\u00e1n \u00abFrankfurter Allgemeine Zeitung\u00bb. Desde principios de a\u00f1o el gigante automotor es uno de los patrocinadores generales de la Federaci\u00f3n Alemana de F\u00fatbol (DFB). VW reemplaz\u00f3 as\u00ed a Mercedes<\/p>\n","protected":false},"author":1,"featured_media":92011,"comment_status":"closed","ping_status":"closed","sticky":false,"template":"","format":"standard","meta":{"footnotes":""},"categories":[319],"tags":[],"class_list":{"0":"post-114647","1":"post","2":"type-post","3":"status-publish","4":"format-standard","5":"has-post-thumbnail","7":"category-deporte"},"aioseo_notices":[],"aioseo_head":"\n\t\t<!-- All in One SEO Pro 4.9.6.2 - aioseo.com -->\n\t<meta name=\"description\" content=\"Berl\u00edn, 19 ene (dpa) - El fabricante alem\u00e1n de autom\u00f3viles Volkswagen se plantea fortalecer sus actividades promocionales en el f\u00fatbol internacional, seg\u00fan informa hoy el diario alem\u00e1n &quot;Frankfurter Allgemeine Zeitung&quot;. Desde principios de a\u00f1o el gigante automotor es uno de los patrocinadores generales de la Federaci\u00f3n Alemana de F\u00fatbol (DFB). VW reemplaz\u00f3 as\u00ed a Mercedes\" \/>\n\t<meta name=\"robots\" content=\"max-image-preview:large\" \/>\n\t<meta name=\"author\" content=\"Cand\u00e1s 365\"\/>\n\t<meta name=\"google-site-verification\" content=\"UA-32230408-1\" \/>\n\t<meta name=\"msvalidate.01\" content=\"354F3CDFB2DA171B47FBE9ABF1F88D5\" \/>\n\t<meta name=\"keywords\" content=\"deporte\" \/>\n\t<link rel=\"canonical\" href=\"https:\/\/candas365.es\/noticias\/volkswagen-quiere-ampliar-su-patrocinio-en-el-futbol-internacional\/\" \/>\n\t<meta name=\"generator\" content=\"All in One SEO Pro (AIOSEO) 4.9.6.2\" \/>\n\t\t<meta property=\"og:locale\" content=\"es_ES\" \/>\n\t\t<meta property=\"og:site_name\" content=\"Cand\u00e1s 365\" \/>\n\t\t<meta property=\"og:type\" content=\"article\" \/>\n\t\t<meta property=\"og:title\" content=\"Volkswagen quiere ampliar su patrocinio en el f\u00fatbol internacional | Cand\u00e1s 365\" \/>\n\t\t<meta property=\"og:description\" content=\"Berl\u00edn, 19 ene (dpa) - El fabricante alem\u00e1n de autom\u00f3viles Volkswagen se plantea fortalecer sus actividades promocionales en el f\u00fatbol internacional, seg\u00fan informa hoy el diario alem\u00e1n &quot;Frankfurter Allgemeine Zeitung&quot;. Desde principios de a\u00f1o el gigante automotor es uno de los patrocinadores generales de la Federaci\u00f3n Alemana de F\u00fatbol (DFB). VW reemplaz\u00f3 as\u00ed a Mercedes\" \/>\n\t\t<meta property=\"og:url\" content=\"https:\/\/candas365.es\/noticias\/volkswagen-quiere-ampliar-su-patrocinio-en-el-futbol-internacional\/\" \/>\n\t\t<meta property=\"og:image\" content=\"https:\/\/candas365.es\/noticias\/wp-content\/uploads\/2018\/03\/woman-638384_1280.jpg\" \/>\n\t\t<meta property=\"og:image:secure_url\" content=\"https:\/\/candas365.es\/noticias\/wp-content\/uploads\/2018\/03\/woman-638384_1280.jpg\" \/>\n\t\t<meta property=\"og:image:width\" content=\"1280\" \/>\n\t\t<meta property=\"og:image:height\" content=\"850\" \/>\n\t\t<meta property=\"article:published_time\" content=\"2019-01-19T18:12:09+00:00\" \/>\n\t\t<meta property=\"article:modified_time\" content=\"2019-01-19T18:12:09+00:00\" \/>\n\t\t<meta property=\"article:publisher\" content=\"https:\/\/www.facebook.com\/Nachofdezber\" \/>\n\t\t<meta property=\"article:author\" content=\"https:\/\/www.facebook.com\/carrenoactualidad\" \/>\n\t\t<meta name=\"twitter:card\" content=\"summary_large_image\" \/>\n\t\t<meta name=\"twitter:site\" content=\"@NabercoDigital\" \/>\n\t\t<meta name=\"twitter:title\" content=\"Volkswagen quiere ampliar su patrocinio en el f\u00fatbol internacional | Cand\u00e1s 365\" \/>\n\t\t<meta name=\"twitter:description\" content=\"Berl\u00edn, 19 ene (dpa) - El fabricante alem\u00e1n de autom\u00f3viles Volkswagen se plantea fortalecer sus actividades promocionales en el f\u00fatbol internacional, seg\u00fan informa hoy el diario alem\u00e1n &quot;Frankfurter Allgemeine Zeitung&quot;. Desde principios de a\u00f1o el gigante automotor es uno de los patrocinadores generales de la Federaci\u00f3n Alemana de F\u00fatbol (DFB). VW reemplaz\u00f3 as\u00ed a Mercedes\" \/>\n\t\t<meta name=\"twitter:creator\" content=\"@nbasturias\" \/>\n\t\t<meta name=\"twitter:image\" content=\"https:\/\/candas365.es\/noticias\/wp-content\/uploads\/2018\/03\/woman-638384_1280.jpg\" \/>\n\t\t<meta name=\"twitter:label1\" content=\"Escrito por\" \/>\n\t\t<meta name=\"twitter:data1\" content=\"Cand\u00e1s 365\" \/>\n\t\t<meta name=\"twitter:label2\" content=\"Tiempo de lectura estimado\" \/>\n\t\t<meta name=\"twitter:data2\" content=\"1 minuto\" \/>\n\t\t<script type=\"application\/ld+json\" class=\"aioseo-schema\">\n\t\t\t{\"@context\":\"https:\\\/\\\/schema.org\",\"@graph\":[{\"@type\":\"BreadcrumbList\",\"@id\":\"https:\\\/\\\/candas365.es\\\/noticias\\\/volkswagen-quiere-ampliar-su-patrocinio-en-el-futbol-internacional\\\/#breadcrumblist\",\"itemListElement\":[{\"@type\":\"ListItem\",\"@id\":\"https:\\\/\\\/candas365.es\\\/noticias#listItem\",\"position\":1,\"name\":\"Home\",\"item\":\"https:\\\/\\\/candas365.es\\\/noticias\",\"nextItem\":{\"@type\":\"ListItem\",\"@id\":\"https:\\\/\\\/candas365.es\\\/noticias\\\/category\\\/deporte\\\/#listItem\",\"name\":\"Deporte\"}},{\"@type\":\"ListItem\",\"@id\":\"https:\\\/\\\/candas365.es\\\/noticias\\\/category\\\/deporte\\\/#listItem\",\"position\":2,\"name\":\"Deporte\",\"item\":\"https:\\\/\\\/candas365.es\\\/noticias\\\/category\\\/deporte\\\/\",\"nextItem\":{\"@type\":\"ListItem\",\"@id\":\"https:\\\/\\\/candas365.es\\\/noticias\\\/volkswagen-quiere-ampliar-su-patrocinio-en-el-futbol-internacional\\\/#listItem\",\"name\":\"Volkswagen quiere ampliar su patrocinio en el f\\u00fatbol internacional\"},\"previousItem\":{\"@type\":\"ListItem\",\"@id\":\"https:\\\/\\\/candas365.es\\\/noticias#listItem\",\"name\":\"Home\"}},{\"@type\":\"ListItem\",\"@id\":\"https:\\\/\\\/candas365.es\\\/noticias\\\/volkswagen-quiere-ampliar-su-patrocinio-en-el-futbol-internacional\\\/#listItem\",\"position\":3,\"name\":\"Volkswagen quiere ampliar su patrocinio en el f\\u00fatbol internacional\",\"previousItem\":{\"@type\":\"ListItem\",\"@id\":\"https:\\\/\\\/candas365.es\\\/noticias\\\/category\\\/deporte\\\/#listItem\",\"name\":\"Deporte\"}}]},{\"@type\":\"NewsArticle\",\"@id\":\"https:\\\/\\\/candas365.es\\\/noticias\\\/volkswagen-quiere-ampliar-su-patrocinio-en-el-futbol-internacional\\\/#newsarticle\",\"name\":\"Volkswagen quiere ampliar su patrocinio en el f\\u00fatbol internacional | Cand\\u00e1s 365\",\"headline\":\"Volkswagen quiere ampliar su patrocinio en el f\\u00fatbol internacional\",\"author\":{\"@id\":\"https:\\\/\\\/candas365.es\\\/noticias\\\/author\\\/admin\\\/#author\"},\"publisher\":{\"@id\":\"https:\\\/\\\/candas365.es\\\/noticias\\\/#organization\"},\"image\":{\"@type\":\"ImageObject\",\"url\":\"https:\\\/\\\/candas365.es\\\/noticias\\\/wp-content\\\/uploads\\\/2018\\\/03\\\/woman-638384_1280.jpg\",\"width\":1280,\"height\":850},\"datePublished\":\"2019-01-19T18:12:09+01:00\",\"dateModified\":\"2019-01-19T18:12:09+01:00\",\"inLanguage\":\"es-ES\",\"mainEntityOfPage\":{\"@id\":\"https:\\\/\\\/candas365.es\\\/noticias\\\/volkswagen-quiere-ampliar-su-patrocinio-en-el-futbol-internacional\\\/#webpage\"},\"isPartOf\":{\"@id\":\"https:\\\/\\\/candas365.es\\\/noticias\\\/volkswagen-quiere-ampliar-su-patrocinio-en-el-futbol-internacional\\\/#webpage\"},\"articleSection\":\"Deporte\",\"dateline\":\"Publicado el enero 19, 2019.\"},{\"@type\":\"Organization\",\"@id\":\"https:\\\/\\\/candas365.es\\\/noticias\\\/#organization\",\"name\":\"Cand\\u00e1s 365\",\"description\":\"Cand\\u00e1s 365 es un diario digital independiente, fundado en 2012, con base en Asturias. Informamos con rigor sobre actualidad, sociedad, cultura y ocio, con una mirada local y global.\",\"url\":\"https:\\\/\\\/candas365.es\\\/noticias\\\/\",\"email\":\"info@candas365.es\",\"telephone\":\"+34652131393\",\"foundingDate\":\"2012-06-10\",\"logo\":{\"@type\":\"ImageObject\",\"url\":\"https:\\\/\\\/candas365.es\\\/noticias\\\/wp-content\\\/uploads\\\/2024\\\/09\\\/Candas-365-Redes.jpg\",\"@id\":\"https:\\\/\\\/candas365.es\\\/noticias\\\/volkswagen-quiere-ampliar-su-patrocinio-en-el-futbol-internacional\\\/#organizationLogo\",\"width\":1152,\"height\":864,\"caption\":\"Cand\\u00e1s 365 Redes\"},\"image\":{\"@id\":\"https:\\\/\\\/candas365.es\\\/noticias\\\/volkswagen-quiere-ampliar-su-patrocinio-en-el-futbol-internacional\\\/#organizationLogo\"},\"sameAs\":[\"https:\\\/\\\/www.facebook.com\\\/Nachofdezber\",\"https:\\\/\\\/x.com\\\/NabercoDigital\",\"https:\\\/\\\/www.instagram.com\\\/nachofdezber\\\/\",\"https:\\\/\\\/www.youtube.com\\\/channel\\\/UCZP-2wLEB9Rv6erhFmqVnvg\"],\"address\":{\"@id\":\"https:\\\/\\\/candas365.es\\\/noticias\\\/#postaladdress\",\"@type\":\"PostalAddress\",\"streetAddress\":\"san antonio 4, san antonio 4\",\"postalCode\":\"33430\",\"addressLocality\":\"Cand\\u00e1s\",\"addressRegion\":\"Asturias\",\"addressCountry\":\"ES\"}},{\"@type\":\"Person\",\"@id\":\"https:\\\/\\\/candas365.es\\\/noticias\\\/author\\\/admin\\\/#author\",\"url\":\"https:\\\/\\\/candas365.es\\\/noticias\\\/author\\\/admin\\\/\",\"name\":\"Cand\\u00e1s 365\",\"image\":{\"@type\":\"ImageObject\",\"@id\":\"https:\\\/\\\/candas365.es\\\/noticias\\\/volkswagen-quiere-ampliar-su-patrocinio-en-el-futbol-internacional\\\/#authorImage\",\"url\":\"https:\\\/\\\/secure.gravatar.com\\\/avatar\\\/496a8e03d0c493ede1718b7934145dbdf8d89be1036b0eec9544e1094c9de390?s=96&d=mm&r=g\",\"width\":96,\"height\":96,\"caption\":\"Cand\\u00e1s 365\"},\"sameAs\":[\"https:\\\/\\\/www.facebook.com\\\/carrenoactualidad\",\"https:\\\/\\\/twitter.com\\\/nbasturias\",\"https:\\\/\\\/www.instagram.com\\\/nachofdezber\\\/\",\"https:\\\/\\\/www.youtube.com\\\/channel\\\/UCZP-2wLEB9Rv6erhFmqVnvg\"]},{\"@type\":\"WebPage\",\"@id\":\"https:\\\/\\\/candas365.es\\\/noticias\\\/volkswagen-quiere-ampliar-su-patrocinio-en-el-futbol-internacional\\\/#webpage\",\"url\":\"https:\\\/\\\/candas365.es\\\/noticias\\\/volkswagen-quiere-ampliar-su-patrocinio-en-el-futbol-internacional\\\/\",\"name\":\"Volkswagen quiere ampliar su patrocinio en el f\\u00fatbol internacional | Cand\\u00e1s 365\",\"description\":\"Berl\\u00edn, 19 ene (dpa) - El fabricante alem\\u00e1n de autom\\u00f3viles Volkswagen se plantea fortalecer sus actividades promocionales en el f\\u00fatbol internacional, seg\\u00fan informa hoy el diario alem\\u00e1n \\\"Frankfurter Allgemeine Zeitung\\\". Desde principios de a\\u00f1o el gigante automotor es uno de los patrocinadores generales de la Federaci\\u00f3n Alemana de F\\u00fatbol (DFB). VW reemplaz\\u00f3 as\\u00ed a Mercedes\",\"inLanguage\":\"es-ES\",\"isPartOf\":{\"@id\":\"https:\\\/\\\/candas365.es\\\/noticias\\\/#website\"},\"breadcrumb\":{\"@id\":\"https:\\\/\\\/candas365.es\\\/noticias\\\/volkswagen-quiere-ampliar-su-patrocinio-en-el-futbol-internacional\\\/#breadcrumblist\"},\"author\":{\"@id\":\"https:\\\/\\\/candas365.es\\\/noticias\\\/author\\\/admin\\\/#author\"},\"creator\":{\"@id\":\"https:\\\/\\\/candas365.es\\\/noticias\\\/author\\\/admin\\\/#author\"},\"image\":{\"@type\":\"ImageObject\",\"url\":\"https:\\\/\\\/candas365.es\\\/noticias\\\/wp-content\\\/uploads\\\/2018\\\/03\\\/woman-638384_1280.jpg\",\"@id\":\"https:\\\/\\\/candas365.es\\\/noticias\\\/volkswagen-quiere-ampliar-su-patrocinio-en-el-futbol-internacional\\\/#mainImage\",\"width\":1280,\"height\":850},\"primaryImageOfPage\":{\"@id\":\"https:\\\/\\\/candas365.es\\\/noticias\\\/volkswagen-quiere-ampliar-su-patrocinio-en-el-futbol-internacional\\\/#mainImage\"},\"datePublished\":\"2019-01-19T18:12:09+01:00\",\"dateModified\":\"2019-01-19T18:12:09+01:00\"},{\"@type\":\"WebSite\",\"@id\":\"https:\\\/\\\/candas365.es\\\/noticias\\\/#website\",\"url\":\"https:\\\/\\\/candas365.es\\\/noticias\\\/\",\"name\":\"Cand\\u00e1s 365\",\"alternateName\":\"Cand\\u00e1s 365 Noticias\",\"description\":\"Actualidad desde Carre\\u00f1o para el mundo\",\"inLanguage\":\"es-ES\",\"publisher\":{\"@id\":\"https:\\\/\\\/candas365.es\\\/noticias\\\/#organization\"}}]}\n\t\t<\/script>\n\t\t<!-- All in One SEO Pro -->\r\n\t\t<title>Volkswagen quiere ampliar su patrocinio en el f\u00fatbol internacional | Cand\u00e1s 365<\/title>\n\n","aioseo_head_json":{"title":"Volkswagen quiere ampliar su patrocinio en el f\u00fatbol internacional | Cand\u00e1s 365","description":"Berl\u00edn, 19 ene (dpa) - El fabricante alem\u00e1n de autom\u00f3viles Volkswagen se plantea fortalecer sus actividades promocionales en el f\u00fatbol internacional, seg\u00fan informa hoy el diario alem\u00e1n \"Frankfurter Allgemeine Zeitung\". Desde principios de a\u00f1o el gigante automotor es uno de los patrocinadores generales de la Federaci\u00f3n Alemana de F\u00fatbol (DFB). VW reemplaz\u00f3 as\u00ed a Mercedes","canonical_url":"https:\/\/candas365.es\/noticias\/volkswagen-quiere-ampliar-su-patrocinio-en-el-futbol-internacional\/","robots":"max-image-preview:large","keywords":"deporte","webmasterTools":{"google-site-verification":"UA-32230408-1","msvalidate.01":"354F3CDFB2DA171B47FBE9ABF1F88D5","miscellaneous":""},"schema":{"@context":"https:\/\/schema.org","@graph":[{"@type":"BreadcrumbList","@id":"https:\/\/candas365.es\/noticias\/volkswagen-quiere-ampliar-su-patrocinio-en-el-futbol-internacional\/#breadcrumblist","itemListElement":[{"@type":"ListItem","@id":"https:\/\/candas365.es\/noticias#listItem","position":1,"name":"Home","item":"https:\/\/candas365.es\/noticias","nextItem":{"@type":"ListItem","@id":"https:\/\/candas365.es\/noticias\/category\/deporte\/#listItem","name":"Deporte"}},{"@type":"ListItem","@id":"https:\/\/candas365.es\/noticias\/category\/deporte\/#listItem","position":2,"name":"Deporte","item":"https:\/\/candas365.es\/noticias\/category\/deporte\/","nextItem":{"@type":"ListItem","@id":"https:\/\/candas365.es\/noticias\/volkswagen-quiere-ampliar-su-patrocinio-en-el-futbol-internacional\/#listItem","name":"Volkswagen quiere ampliar su patrocinio en el f\u00fatbol internacional"},"previousItem":{"@type":"ListItem","@id":"https:\/\/candas365.es\/noticias#listItem","name":"Home"}},{"@type":"ListItem","@id":"https:\/\/candas365.es\/noticias\/volkswagen-quiere-ampliar-su-patrocinio-en-el-futbol-internacional\/#listItem","position":3,"name":"Volkswagen quiere ampliar su patrocinio en el f\u00fatbol internacional","previousItem":{"@type":"ListItem","@id":"https:\/\/candas365.es\/noticias\/category\/deporte\/#listItem","name":"Deporte"}}]},{"@type":"NewsArticle","@id":"https:\/\/candas365.es\/noticias\/volkswagen-quiere-ampliar-su-patrocinio-en-el-futbol-internacional\/#newsarticle","name":"Volkswagen quiere ampliar su patrocinio en el f\u00fatbol internacional | Cand\u00e1s 365","headline":"Volkswagen quiere ampliar su patrocinio en el f\u00fatbol internacional","author":{"@id":"https:\/\/candas365.es\/noticias\/author\/admin\/#author"},"publisher":{"@id":"https:\/\/candas365.es\/noticias\/#organization"},"image":{"@type":"ImageObject","url":"https:\/\/candas365.es\/noticias\/wp-content\/uploads\/2018\/03\/woman-638384_1280.jpg","width":1280,"height":850},"datePublished":"2019-01-19T18:12:09+01:00","dateModified":"2019-01-19T18:12:09+01:00","inLanguage":"es-ES","mainEntityOfPage":{"@id":"https:\/\/candas365.es\/noticias\/volkswagen-quiere-ampliar-su-patrocinio-en-el-futbol-internacional\/#webpage"},"isPartOf":{"@id":"https:\/\/candas365.es\/noticias\/volkswagen-quiere-ampliar-su-patrocinio-en-el-futbol-internacional\/#webpage"},"articleSection":"Deporte","dateline":"Publicado el enero 19, 2019."},{"@type":"Organization","@id":"https:\/\/candas365.es\/noticias\/#organization","name":"Cand\u00e1s 365","description":"Cand\u00e1s 365 es un diario digital independiente, fundado en 2012, con base en Asturias. Informamos con rigor sobre actualidad, sociedad, cultura y ocio, con una mirada local y global.","url":"https:\/\/candas365.es\/noticias\/","email":"info@candas365.es","telephone":"+34652131393","foundingDate":"2012-06-10","logo":{"@type":"ImageObject","url":"https:\/\/candas365.es\/noticias\/wp-content\/uploads\/2024\/09\/Candas-365-Redes.jpg","@id":"https:\/\/candas365.es\/noticias\/volkswagen-quiere-ampliar-su-patrocinio-en-el-futbol-internacional\/#organizationLogo","width":1152,"height":864,"caption":"Cand\u00e1s 365 Redes"},"image":{"@id":"https:\/\/candas365.es\/noticias\/volkswagen-quiere-ampliar-su-patrocinio-en-el-futbol-internacional\/#organizationLogo"},"sameAs":["https:\/\/www.facebook.com\/Nachofdezber","https:\/\/x.com\/NabercoDigital","https:\/\/www.instagram.com\/nachofdezber\/","https:\/\/www.youtube.com\/channel\/UCZP-2wLEB9Rv6erhFmqVnvg"],"address":{"@id":"https:\/\/candas365.es\/noticias\/#postaladdress","@type":"PostalAddress","streetAddress":"san antonio 4, san antonio 4","postalCode":"33430","addressLocality":"Cand\u00e1s","addressRegion":"Asturias","addressCountry":"ES"}},{"@type":"Person","@id":"https:\/\/candas365.es\/noticias\/author\/admin\/#author","url":"https:\/\/candas365.es\/noticias\/author\/admin\/","name":"Cand\u00e1s 365","image":{"@type":"ImageObject","@id":"https:\/\/candas365.es\/noticias\/volkswagen-quiere-ampliar-su-patrocinio-en-el-futbol-internacional\/#authorImage","url":"https:\/\/secure.gravatar.com\/avatar\/496a8e03d0c493ede1718b7934145dbdf8d89be1036b0eec9544e1094c9de390?s=96&d=mm&r=g","width":96,"height":96,"caption":"Cand\u00e1s 365"},"sameAs":["https:\/\/www.facebook.com\/carrenoactualidad","https:\/\/twitter.com\/nbasturias","https:\/\/www.instagram.com\/nachofdezber\/","https:\/\/www.youtube.com\/channel\/UCZP-2wLEB9Rv6erhFmqVnvg"]},{"@type":"WebPage","@id":"https:\/\/candas365.es\/noticias\/volkswagen-quiere-ampliar-su-patrocinio-en-el-futbol-internacional\/#webpage","url":"https:\/\/candas365.es\/noticias\/volkswagen-quiere-ampliar-su-patrocinio-en-el-futbol-internacional\/","name":"Volkswagen quiere ampliar su patrocinio en el f\u00fatbol internacional | Cand\u00e1s 365","description":"Berl\u00edn, 19 ene (dpa) - El fabricante alem\u00e1n de autom\u00f3viles Volkswagen se plantea fortalecer sus actividades promocionales en el f\u00fatbol internacional, seg\u00fan informa hoy el diario alem\u00e1n \"Frankfurter Allgemeine Zeitung\". Desde principios de a\u00f1o el gigante automotor es uno de los patrocinadores generales de la Federaci\u00f3n Alemana de F\u00fatbol (DFB). VW reemplaz\u00f3 as\u00ed a Mercedes","inLanguage":"es-ES","isPartOf":{"@id":"https:\/\/candas365.es\/noticias\/#website"},"breadcrumb":{"@id":"https:\/\/candas365.es\/noticias\/volkswagen-quiere-ampliar-su-patrocinio-en-el-futbol-internacional\/#breadcrumblist"},"author":{"@id":"https:\/\/candas365.es\/noticias\/author\/admin\/#author"},"creator":{"@id":"https:\/\/candas365.es\/noticias\/author\/admin\/#author"},"image":{"@type":"ImageObject","url":"https:\/\/candas365.es\/noticias\/wp-content\/uploads\/2018\/03\/woman-638384_1280.jpg","@id":"https:\/\/candas365.es\/noticias\/volkswagen-quiere-ampliar-su-patrocinio-en-el-futbol-internacional\/#mainImage","width":1280,"height":850},"primaryImageOfPage":{"@id":"https:\/\/candas365.es\/noticias\/volkswagen-quiere-ampliar-su-patrocinio-en-el-futbol-internacional\/#mainImage"},"datePublished":"2019-01-19T18:12:09+01:00","dateModified":"2019-01-19T18:12:09+01:00"},{"@type":"WebSite","@id":"https:\/\/candas365.es\/noticias\/#website","url":"https:\/\/candas365.es\/noticias\/","name":"Cand\u00e1s 365","alternateName":"Cand\u00e1s 365 Noticias","description":"Actualidad desde Carre\u00f1o para el mundo","inLanguage":"es-ES","publisher":{"@id":"https:\/\/candas365.es\/noticias\/#organization"}}]},"og:locale":"es_ES","og:site_name":"Cand\u00e1s 365","og:type":"article","og:title":"Volkswagen quiere ampliar su patrocinio en el f\u00fatbol internacional | Cand\u00e1s 365","og:description":"Berl\u00edn, 19 ene (dpa) - El fabricante alem\u00e1n de autom\u00f3viles Volkswagen se plantea fortalecer sus actividades promocionales en el f\u00fatbol internacional, seg\u00fan informa hoy el diario alem\u00e1n &quot;Frankfurter Allgemeine Zeitung&quot;. Desde principios de a\u00f1o el gigante automotor es uno de los patrocinadores generales de la Federaci\u00f3n Alemana de F\u00fatbol (DFB). VW reemplaz\u00f3 as\u00ed a Mercedes","og:url":"https:\/\/candas365.es\/noticias\/volkswagen-quiere-ampliar-su-patrocinio-en-el-futbol-internacional\/","og:image":"https:\/\/candas365.es\/noticias\/wp-content\/uploads\/2018\/03\/woman-638384_1280.jpg","og:image:secure_url":"https:\/\/candas365.es\/noticias\/wp-content\/uploads\/2018\/03\/woman-638384_1280.jpg","og:image:width":1280,"og:image:height":850,"article:published_time":"2019-01-19T18:12:09+00:00","article:modified_time":"2019-01-19T18:12:09+00:00","article:publisher":"https:\/\/www.facebook.com\/Nachofdezber","article:author":"https:\/\/www.facebook.com\/carrenoactualidad","twitter:card":"summary_large_image","twitter:site":"@NabercoDigital","twitter:title":"Volkswagen quiere ampliar su patrocinio en el f\u00fatbol internacional | Cand\u00e1s 365","twitter:description":"Berl\u00edn, 19 ene (dpa) - El fabricante alem\u00e1n de autom\u00f3viles Volkswagen se plantea fortalecer sus actividades promocionales en el f\u00fatbol internacional, seg\u00fan informa hoy el diario alem\u00e1n &quot;Frankfurter Allgemeine Zeitung&quot;. Desde principios de a\u00f1o el gigante automotor es uno de los patrocinadores generales de la Federaci\u00f3n Alemana de F\u00fatbol (DFB). VW reemplaz\u00f3 as\u00ed a Mercedes","twitter:creator":"@nbasturias","twitter:image":"https:\/\/candas365.es\/noticias\/wp-content\/uploads\/2018\/03\/woman-638384_1280.jpg","twitter:label1":"Escrito por","twitter:data1":"Cand\u00e1s 365","twitter:label2":"Tiempo de lectura estimado","twitter:data2":"1 minuto"},"aioseo_meta_data":{"post_id":"114647","title":null,"description":null,"keywords":null,"keyphrases":null,"primary_term":null,"canonical_url":null,"og_title":null,"og_description":null,"og_object_type":"default","og_image_type":"default","og_image_url":null,"og_image_width":null,"og_image_height":null,"og_image_custom_url":null,"og_image_custom_fields":null,"og_video":null,"og_custom_url":null,"og_article_section":null,"og_article_tags":null,"twitter_use_og":false,"twitter_card":"default","twitter_image_type":"default","twitter_image_url":null,"twitter_image_custom_url":null,"twitter_image_custom_fields":null,"twitter_title":null,"twitter_description":null,"schema":{"blockGraphs":[],"customGraphs":[],"default":{"data":{"Article":[],"Course":[],"Dataset":[],"FAQPage":[],"Movie":[],"Person":[],"Product":[],"ProductReview":[],"Car":[],"Recipe":[],"Service":[],"SoftwareApplication":[],"WebPage":[]},"graphName":"","isEnabled":true},"graphs":[],"defaultGraph":"","defaultPostTypeGraph":""},"schema_type":null,"schema_type_options":null,"pillar_content":false,"robots_default":true,"robots_noindex":false,"robots_noarchive":false,"robots_nosnippet":false,"robots_nofollow":false,"robots_noimageindex":false,"robots_noodp":false,"robots_notranslate":false,"robots_max_snippet":null,"robots_max_videopreview":null,"robots_max_imagepreview":"large","priority":null,"frequency":null,"location":null,"local_seo":null,"seo_analyzer_scan_date":"2025-08-29 01:54:43","breadcrumb_settings":null,"limit_modified_date":false,"reviewed_by":null,"open_ai":null,"ai":null,"created":"2020-12-21 11:21:56","updated":"2025-08-29 01:54:43"},"aioseo_breadcrumb":"<div class=\"aioseo-breadcrumbs\"><span class=\"aioseo-breadcrumb\">\n\t<a href=\"https:\/\/candas365.es\/noticias\" title=\"Home\">Home<\/a>\n<\/span><span class=\"aioseo-breadcrumb-separator\">&ndash;<\/span><span class=\"aioseo-breadcrumb\">\n\t<a href=\"https:\/\/candas365.es\/noticias\/category\/deporte\/\" title=\"Deporte\">Deporte<\/a>\n<\/span><span class=\"aioseo-breadcrumb-separator\">&ndash;<\/span><span class=\"aioseo-breadcrumb\">\n\tVolkswagen quiere ampliar su patrocinio en el f\u00fatbol internacional\n<\/span><\/div>","aioseo_breadcrumb_json":[{"label":"Home","link":"https:\/\/candas365.es\/noticias"},{"label":"Deporte","link":"https:\/\/candas365.es\/noticias\/category\/deporte\/"},{"label":"Volkswagen quiere ampliar su patrocinio en el f\u00fatbol internacional","link":"https:\/\/candas365.es\/noticias\/volkswagen-quiere-ampliar-su-patrocinio-en-el-futbol-internacional\/"}],"_links":{"self":[{"href":"https:\/\/candas365.es\/noticias\/wp-json\/wp\/v2\/posts\/114647","targetHints":{"allow":["GET"]}}],"collection":[{"href":"https:\/\/candas365.es\/noticias\/wp-json\/wp\/v2\/posts"}],"about":[{"href":"https:\/\/candas365.es\/noticias\/wp-json\/wp\/v2\/types\/post"}],"author":[{"embeddable":true,"href":"https:\/\/candas365.es\/noticias\/wp-json\/wp\/v2\/users\/1"}],"replies":[{"embeddable":true,"href":"https:\/\/candas365.es\/noticias\/wp-json\/wp\/v2\/comments?post=114647"}],"version-history":[{"count":0,"href":"https:\/\/candas365.es\/noticias\/wp-json\/wp\/v2\/posts\/114647\/revisions"}],"wp:featuredmedia":[{"embeddable":true,"href":"https:\/\/candas365.es\/noticias\/wp-json\/wp\/v2\/media\/92011"}],"wp:attachment":[{"href":"https:\/\/candas365.es\/noticias\/wp-json\/wp\/v2\/media?parent=114647"}],"wp:term":[{"taxonomy":"category","embeddable":true,"href":"https:\/\/candas365.es\/noticias\/wp-json\/wp\/v2\/categories?post=114647"},{"taxonomy":"post_tag","embeddable":true,"href":"https:\/\/candas365.es\/noticias\/wp-json\/wp\/v2\/tags?post=114647"}],"curies":[{"name":"wp","href":"https:\/\/api.w.org\/{rel}","templated":true}]}}