{"id":114637,"date":"2019-01-19T18:01:16","date_gmt":"2019-01-19T18:01:16","guid":{"rendered":"http:\/\/candas365.es\/noticias\/?p=114637"},"modified":"2019-01-19T18:01:16","modified_gmt":"2019-01-19T18:01:16","slug":"mick-schumacher-es-contratado-por-ferrari","status":"publish","type":"post","link":"https:\/\/candas365.es\/noticias\/mick-schumacher-es-contratado-por-ferrari\/","title":{"rendered":"Mick Schumacher es contratado por Ferrari"},"content":{"rendered":"<p><img fetchpriority=\"high\" decoding=\"async\" class=\"alignleft size-medium wp-image-98200\" src=\"https:\/\/candas365.es\/noticias\/wp-content\/uploads\/2018\/06\/flag-1645262_960_720-360x239.jpg\" alt=\"\" width=\"360\" height=\"239\" srcset=\"https:\/\/candas365.es\/noticias\/wp-content\/uploads\/2018\/06\/flag-1645262_960_720-360x239.jpg 360w, https:\/\/candas365.es\/noticias\/wp-content\/uploads\/2018\/06\/flag-1645262_960_720-768x510.jpg 768w, https:\/\/candas365.es\/noticias\/wp-content\/uploads\/2018\/06\/flag-1645262_960_720-655x435.jpg 655w, https:\/\/candas365.es\/noticias\/wp-content\/uploads\/2018\/06\/flag-1645262_960_720-696x463.jpg 696w, https:\/\/candas365.es\/noticias\/wp-content\/uploads\/2018\/06\/flag-1645262_960_720-632x420.jpg 632w, https:\/\/candas365.es\/noticias\/wp-content\/uploads\/2018\/06\/flag-1645262_960_720.jpg 960w\" sizes=\"(max-width: 360px) 100vw, 360px\" \/>Maranello (Italia), 19 ene (dpa) &#8211; La legendaria escuder\u00eda Ferrari contrat\u00f3 al piloto alem\u00e1n de carreras Mick Schumacher para su academia de j\u00f3venes valores, inform\u00f3 hoy el fabricante italiano de autom\u00f3viles.<\/p>\n<p>El hijo del heptacampe\u00f3n mundial de F\u00f3rmula 1 firm\u00f3 contrato con Ferrari y participar\u00e1 en un programa de pruebas antes de que comience la nueva temporada de automovilismo, dijo la marca.<\/p>\n<p>Mick Schumacher, de 19 a\u00f1os, es el vigente campe\u00f3n europeo de F\u00f3rmula 3. Este a\u00f1o disputar\u00e1 la F\u00f3rmula 2 de nuevo con el equipo Prema. Su padre, Michael, gan\u00f3 cinco de sus siete t\u00edtulos mundiales al volante de un Ferrari y todav\u00eda es considerado en Italia como un icono de la escuder\u00eda.<\/p>\n<p>\u00abEstoy muy contento de que Ferrari haya ultimado su colaboraci\u00f3n conmigo y de que mi futuro en el deporte del motor como parte de la Ferrari Driver Academy y tambi\u00e9n en la familia de la escuder\u00eda Ferrari sea rojo\u00bb, explic\u00f3 Mick Schumacher a trav\u00e9s de sus representantes.<\/p>\n<p>De esta manera, el sue\u00f1o de Mick Schumacher de llegar a F\u00f3rmula 1 se podr\u00eda hacer realidad. \u00abEs obvio que desde mi nacimiento, Ferrari ocupa un gran lugar en mi coraz\u00f3n y tambi\u00e9n en el coraz\u00f3n de nuestra familia, por lo que me alegro mucho en el plano personal de este paso\u00bb, seg\u00fan Schumacher.<\/p>\n<p>El nuevo jefe del equipo Ferrari, Mattia Binotto, tambi\u00e9n habl\u00f3 del lado emocional de la contrataci\u00f3n. \u00abPara alguien como yo, que lo conoce desde su nacimiento, no hay ninguna duda de que la inclusi\u00f3n de Mick en Ferrari tiene un significado emocional especial\u00bb.<\/p>\n<p>Ferrari se decant\u00f3 por contar con el hijo de Michael Schumacher debido a su talento y sus cualidades humanas y de conducci\u00f3n, aclar\u00f3.<\/p>\n","protected":false},"excerpt":{"rendered":"<p>Maranello (Italia), 19 ene (dpa) &#8211; La legendaria escuder\u00eda Ferrari contrat\u00f3 al piloto alem\u00e1n de carreras Mick Schumacher para su academia de j\u00f3venes valores, inform\u00f3 hoy el fabricante italiano de autom\u00f3viles. El hijo del heptacampe\u00f3n mundial de F\u00f3rmula 1 firm\u00f3 contrato con Ferrari y participar\u00e1 en un programa de pruebas antes de que comience la<\/p>\n","protected":false},"author":1,"featured_media":98200,"comment_status":"closed","ping_status":"closed","sticky":false,"template":"","format":"standard","meta":{"footnotes":""},"categories":[319],"tags":[],"class_list":{"0":"post-114637","1":"post","2":"type-post","3":"status-publish","4":"format-standard","5":"has-post-thumbnail","7":"category-deporte"},"aioseo_notices":[],"aioseo_head":"\n\t\t<!-- All in One SEO Pro 4.9.6.2 - aioseo.com -->\n\t<meta name=\"description\" content=\"Maranello (Italia), 19 ene (dpa) - La legendaria escuder\u00eda Ferrari contrat\u00f3 al piloto alem\u00e1n de carreras Mick Schumacher para su academia de j\u00f3venes valores, inform\u00f3 hoy el fabricante italiano de autom\u00f3viles. El hijo del heptacampe\u00f3n mundial de F\u00f3rmula 1 firm\u00f3 contrato con Ferrari y participar\u00e1 en un programa de pruebas antes de que comience la\" \/>\n\t<meta name=\"robots\" content=\"max-image-preview:large\" \/>\n\t<meta name=\"author\" content=\"Cand\u00e1s 365\"\/>\n\t<meta name=\"google-site-verification\" content=\"UA-32230408-1\" \/>\n\t<meta name=\"msvalidate.01\" content=\"354F3CDFB2DA171B47FBE9ABF1F88D5\" \/>\n\t<meta name=\"keywords\" content=\"deporte\" \/>\n\t<link rel=\"canonical\" href=\"https:\/\/candas365.es\/noticias\/mick-schumacher-es-contratado-por-ferrari\/\" \/>\n\t<meta name=\"generator\" content=\"All in One SEO Pro (AIOSEO) 4.9.6.2\" \/>\n\t\t<meta property=\"og:locale\" content=\"es_ES\" \/>\n\t\t<meta property=\"og:site_name\" content=\"Cand\u00e1s 365\" \/>\n\t\t<meta property=\"og:type\" content=\"article\" \/>\n\t\t<meta property=\"og:title\" content=\"Mick Schumacher es contratado por Ferrari | Cand\u00e1s 365\" \/>\n\t\t<meta property=\"og:description\" content=\"Maranello (Italia), 19 ene (dpa) - La legendaria escuder\u00eda Ferrari contrat\u00f3 al piloto alem\u00e1n de carreras Mick Schumacher para su academia de j\u00f3venes valores, inform\u00f3 hoy el fabricante italiano de autom\u00f3viles. El hijo del heptacampe\u00f3n mundial de F\u00f3rmula 1 firm\u00f3 contrato con Ferrari y participar\u00e1 en un programa de pruebas antes de que comience la\" \/>\n\t\t<meta property=\"og:url\" content=\"https:\/\/candas365.es\/noticias\/mick-schumacher-es-contratado-por-ferrari\/\" \/>\n\t\t<meta property=\"og:image\" content=\"https:\/\/candas365.es\/noticias\/wp-content\/uploads\/2018\/06\/flag-1645262_960_720.jpg\" \/>\n\t\t<meta property=\"og:image:secure_url\" content=\"https:\/\/candas365.es\/noticias\/wp-content\/uploads\/2018\/06\/flag-1645262_960_720.jpg\" \/>\n\t\t<meta property=\"og:image:width\" content=\"960\" \/>\n\t\t<meta property=\"og:image:height\" content=\"638\" \/>\n\t\t<meta property=\"article:published_time\" content=\"2019-01-19T18:01:16+00:00\" \/>\n\t\t<meta property=\"article:modified_time\" content=\"2019-01-19T18:01:16+00:00\" \/>\n\t\t<meta property=\"article:publisher\" content=\"https:\/\/www.facebook.com\/Nachofdezber\" \/>\n\t\t<meta property=\"article:author\" content=\"https:\/\/www.facebook.com\/carrenoactualidad\" \/>\n\t\t<meta name=\"twitter:card\" content=\"summary_large_image\" \/>\n\t\t<meta name=\"twitter:site\" content=\"@NabercoDigital\" \/>\n\t\t<meta name=\"twitter:title\" content=\"Mick Schumacher es contratado por Ferrari | Cand\u00e1s 365\" \/>\n\t\t<meta name=\"twitter:description\" content=\"Maranello (Italia), 19 ene (dpa) - La legendaria escuder\u00eda Ferrari contrat\u00f3 al piloto alem\u00e1n de carreras Mick Schumacher para su academia de j\u00f3venes valores, inform\u00f3 hoy el fabricante italiano de autom\u00f3viles. El hijo del heptacampe\u00f3n mundial de F\u00f3rmula 1 firm\u00f3 contrato con Ferrari y participar\u00e1 en un programa de pruebas antes de que comience la\" \/>\n\t\t<meta name=\"twitter:creator\" content=\"@nbasturias\" \/>\n\t\t<meta name=\"twitter:image\" content=\"https:\/\/candas365.es\/noticias\/wp-content\/uploads\/2018\/06\/flag-1645262_960_720.jpg\" \/>\n\t\t<meta name=\"twitter:label1\" content=\"Escrito por\" \/>\n\t\t<meta name=\"twitter:data1\" content=\"Cand\u00e1s 365\" \/>\n\t\t<meta name=\"twitter:label2\" content=\"Tiempo de lectura estimado\" \/>\n\t\t<meta name=\"twitter:data2\" content=\"2 minutos\" \/>\n\t\t<script type=\"application\/ld+json\" class=\"aioseo-schema\">\n\t\t\t{\"@context\":\"https:\\\/\\\/schema.org\",\"@graph\":[{\"@type\":\"BreadcrumbList\",\"@id\":\"https:\\\/\\\/candas365.es\\\/noticias\\\/mick-schumacher-es-contratado-por-ferrari\\\/#breadcrumblist\",\"itemListElement\":[{\"@type\":\"ListItem\",\"@id\":\"https:\\\/\\\/candas365.es\\\/noticias#listItem\",\"position\":1,\"name\":\"Home\",\"item\":\"https:\\\/\\\/candas365.es\\\/noticias\",\"nextItem\":{\"@type\":\"ListItem\",\"@id\":\"https:\\\/\\\/candas365.es\\\/noticias\\\/category\\\/deporte\\\/#listItem\",\"name\":\"Deporte\"}},{\"@type\":\"ListItem\",\"@id\":\"https:\\\/\\\/candas365.es\\\/noticias\\\/category\\\/deporte\\\/#listItem\",\"position\":2,\"name\":\"Deporte\",\"item\":\"https:\\\/\\\/candas365.es\\\/noticias\\\/category\\\/deporte\\\/\",\"nextItem\":{\"@type\":\"ListItem\",\"@id\":\"https:\\\/\\\/candas365.es\\\/noticias\\\/mick-schumacher-es-contratado-por-ferrari\\\/#listItem\",\"name\":\"Mick Schumacher es contratado por Ferrari\"},\"previousItem\":{\"@type\":\"ListItem\",\"@id\":\"https:\\\/\\\/candas365.es\\\/noticias#listItem\",\"name\":\"Home\"}},{\"@type\":\"ListItem\",\"@id\":\"https:\\\/\\\/candas365.es\\\/noticias\\\/mick-schumacher-es-contratado-por-ferrari\\\/#listItem\",\"position\":3,\"name\":\"Mick Schumacher es contratado por Ferrari\",\"previousItem\":{\"@type\":\"ListItem\",\"@id\":\"https:\\\/\\\/candas365.es\\\/noticias\\\/category\\\/deporte\\\/#listItem\",\"name\":\"Deporte\"}}]},{\"@type\":\"NewsArticle\",\"@id\":\"https:\\\/\\\/candas365.es\\\/noticias\\\/mick-schumacher-es-contratado-por-ferrari\\\/#newsarticle\",\"name\":\"Mick Schumacher es contratado por Ferrari | Cand\\u00e1s 365\",\"headline\":\"Mick Schumacher es contratado por Ferrari\",\"author\":{\"@id\":\"https:\\\/\\\/candas365.es\\\/noticias\\\/author\\\/admin\\\/#author\"},\"publisher\":{\"@id\":\"https:\\\/\\\/candas365.es\\\/noticias\\\/#organization\"},\"image\":{\"@type\":\"ImageObject\",\"url\":\"https:\\\/\\\/candas365.es\\\/noticias\\\/wp-content\\\/uploads\\\/2018\\\/06\\\/flag-1645262_960_720.jpg\",\"width\":960,\"height\":638},\"datePublished\":\"2019-01-19T18:01:16+01:00\",\"dateModified\":\"2019-01-19T18:01:16+01:00\",\"inLanguage\":\"es-ES\",\"mainEntityOfPage\":{\"@id\":\"https:\\\/\\\/candas365.es\\\/noticias\\\/mick-schumacher-es-contratado-por-ferrari\\\/#webpage\"},\"isPartOf\":{\"@id\":\"https:\\\/\\\/candas365.es\\\/noticias\\\/mick-schumacher-es-contratado-por-ferrari\\\/#webpage\"},\"articleSection\":\"Deporte\",\"dateline\":\"Publicado el enero 19, 2019.\"},{\"@type\":\"Organization\",\"@id\":\"https:\\\/\\\/candas365.es\\\/noticias\\\/#organization\",\"name\":\"Cand\\u00e1s 365\",\"description\":\"Cand\\u00e1s 365 es un diario digital independiente, fundado en 2012, con base en Asturias. Informamos con rigor sobre actualidad, sociedad, cultura y ocio, con una mirada local y global.\",\"url\":\"https:\\\/\\\/candas365.es\\\/noticias\\\/\",\"email\":\"info@candas365.es\",\"telephone\":\"+34652131393\",\"foundingDate\":\"2012-06-10\",\"logo\":{\"@type\":\"ImageObject\",\"url\":\"https:\\\/\\\/candas365.es\\\/noticias\\\/wp-content\\\/uploads\\\/2024\\\/09\\\/Candas-365-Redes.jpg\",\"@id\":\"https:\\\/\\\/candas365.es\\\/noticias\\\/mick-schumacher-es-contratado-por-ferrari\\\/#organizationLogo\",\"width\":1152,\"height\":864,\"caption\":\"Cand\\u00e1s 365 Redes\"},\"image\":{\"@id\":\"https:\\\/\\\/candas365.es\\\/noticias\\\/mick-schumacher-es-contratado-por-ferrari\\\/#organizationLogo\"},\"sameAs\":[\"https:\\\/\\\/www.facebook.com\\\/Nachofdezber\",\"https:\\\/\\\/x.com\\\/NabercoDigital\",\"https:\\\/\\\/www.instagram.com\\\/nachofdezber\\\/\",\"https:\\\/\\\/www.youtube.com\\\/channel\\\/UCZP-2wLEB9Rv6erhFmqVnvg\"],\"address\":{\"@id\":\"https:\\\/\\\/candas365.es\\\/noticias\\\/#postaladdress\",\"@type\":\"PostalAddress\",\"streetAddress\":\"san antonio 4, san antonio 4\",\"postalCode\":\"33430\",\"addressLocality\":\"Cand\\u00e1s\",\"addressRegion\":\"Asturias\",\"addressCountry\":\"ES\"}},{\"@type\":\"Person\",\"@id\":\"https:\\\/\\\/candas365.es\\\/noticias\\\/author\\\/admin\\\/#author\",\"url\":\"https:\\\/\\\/candas365.es\\\/noticias\\\/author\\\/admin\\\/\",\"name\":\"Cand\\u00e1s 365\",\"image\":{\"@type\":\"ImageObject\",\"@id\":\"https:\\\/\\\/candas365.es\\\/noticias\\\/mick-schumacher-es-contratado-por-ferrari\\\/#authorImage\",\"url\":\"https:\\\/\\\/secure.gravatar.com\\\/avatar\\\/496a8e03d0c493ede1718b7934145dbdf8d89be1036b0eec9544e1094c9de390?s=96&d=mm&r=g\",\"width\":96,\"height\":96,\"caption\":\"Cand\\u00e1s 365\"},\"sameAs\":[\"https:\\\/\\\/www.facebook.com\\\/carrenoactualidad\",\"https:\\\/\\\/twitter.com\\\/nbasturias\",\"https:\\\/\\\/www.instagram.com\\\/nachofdezber\\\/\",\"https:\\\/\\\/www.youtube.com\\\/channel\\\/UCZP-2wLEB9Rv6erhFmqVnvg\"]},{\"@type\":\"WebPage\",\"@id\":\"https:\\\/\\\/candas365.es\\\/noticias\\\/mick-schumacher-es-contratado-por-ferrari\\\/#webpage\",\"url\":\"https:\\\/\\\/candas365.es\\\/noticias\\\/mick-schumacher-es-contratado-por-ferrari\\\/\",\"name\":\"Mick Schumacher es contratado por Ferrari | Cand\\u00e1s 365\",\"description\":\"Maranello (Italia), 19 ene (dpa) - La legendaria escuder\\u00eda Ferrari contrat\\u00f3 al piloto alem\\u00e1n de carreras Mick Schumacher para su academia de j\\u00f3venes valores, inform\\u00f3 hoy el fabricante italiano de autom\\u00f3viles. El hijo del heptacampe\\u00f3n mundial de F\\u00f3rmula 1 firm\\u00f3 contrato con Ferrari y participar\\u00e1 en un programa de pruebas antes de que comience la\",\"inLanguage\":\"es-ES\",\"isPartOf\":{\"@id\":\"https:\\\/\\\/candas365.es\\\/noticias\\\/#website\"},\"breadcrumb\":{\"@id\":\"https:\\\/\\\/candas365.es\\\/noticias\\\/mick-schumacher-es-contratado-por-ferrari\\\/#breadcrumblist\"},\"author\":{\"@id\":\"https:\\\/\\\/candas365.es\\\/noticias\\\/author\\\/admin\\\/#author\"},\"creator\":{\"@id\":\"https:\\\/\\\/candas365.es\\\/noticias\\\/author\\\/admin\\\/#author\"},\"image\":{\"@type\":\"ImageObject\",\"url\":\"https:\\\/\\\/candas365.es\\\/noticias\\\/wp-content\\\/uploads\\\/2018\\\/06\\\/flag-1645262_960_720.jpg\",\"@id\":\"https:\\\/\\\/candas365.es\\\/noticias\\\/mick-schumacher-es-contratado-por-ferrari\\\/#mainImage\",\"width\":960,\"height\":638},\"primaryImageOfPage\":{\"@id\":\"https:\\\/\\\/candas365.es\\\/noticias\\\/mick-schumacher-es-contratado-por-ferrari\\\/#mainImage\"},\"datePublished\":\"2019-01-19T18:01:16+01:00\",\"dateModified\":\"2019-01-19T18:01:16+01:00\"},{\"@type\":\"WebSite\",\"@id\":\"https:\\\/\\\/candas365.es\\\/noticias\\\/#website\",\"url\":\"https:\\\/\\\/candas365.es\\\/noticias\\\/\",\"name\":\"Cand\\u00e1s 365\",\"alternateName\":\"Cand\\u00e1s 365 Noticias\",\"description\":\"Actualidad desde Carre\\u00f1o para el mundo\",\"inLanguage\":\"es-ES\",\"publisher\":{\"@id\":\"https:\\\/\\\/candas365.es\\\/noticias\\\/#organization\"}}]}\n\t\t<\/script>\n\t\t<!-- All in One SEO Pro -->\r\n\t\t<title>Mick Schumacher es contratado por Ferrari | Cand\u00e1s 365<\/title>\n\n","aioseo_head_json":{"title":"Mick Schumacher es contratado por Ferrari | Cand\u00e1s 365","description":"Maranello (Italia), 19 ene (dpa) - La legendaria escuder\u00eda Ferrari contrat\u00f3 al piloto alem\u00e1n de carreras Mick Schumacher para su academia de j\u00f3venes valores, inform\u00f3 hoy el fabricante italiano de autom\u00f3viles. El hijo del heptacampe\u00f3n mundial de F\u00f3rmula 1 firm\u00f3 contrato con Ferrari y participar\u00e1 en un programa de pruebas antes de que comience la","canonical_url":"https:\/\/candas365.es\/noticias\/mick-schumacher-es-contratado-por-ferrari\/","robots":"max-image-preview:large","keywords":"deporte","webmasterTools":{"google-site-verification":"UA-32230408-1","msvalidate.01":"354F3CDFB2DA171B47FBE9ABF1F88D5","miscellaneous":""},"schema":{"@context":"https:\/\/schema.org","@graph":[{"@type":"BreadcrumbList","@id":"https:\/\/candas365.es\/noticias\/mick-schumacher-es-contratado-por-ferrari\/#breadcrumblist","itemListElement":[{"@type":"ListItem","@id":"https:\/\/candas365.es\/noticias#listItem","position":1,"name":"Home","item":"https:\/\/candas365.es\/noticias","nextItem":{"@type":"ListItem","@id":"https:\/\/candas365.es\/noticias\/category\/deporte\/#listItem","name":"Deporte"}},{"@type":"ListItem","@id":"https:\/\/candas365.es\/noticias\/category\/deporte\/#listItem","position":2,"name":"Deporte","item":"https:\/\/candas365.es\/noticias\/category\/deporte\/","nextItem":{"@type":"ListItem","@id":"https:\/\/candas365.es\/noticias\/mick-schumacher-es-contratado-por-ferrari\/#listItem","name":"Mick Schumacher es contratado por Ferrari"},"previousItem":{"@type":"ListItem","@id":"https:\/\/candas365.es\/noticias#listItem","name":"Home"}},{"@type":"ListItem","@id":"https:\/\/candas365.es\/noticias\/mick-schumacher-es-contratado-por-ferrari\/#listItem","position":3,"name":"Mick Schumacher es contratado por Ferrari","previousItem":{"@type":"ListItem","@id":"https:\/\/candas365.es\/noticias\/category\/deporte\/#listItem","name":"Deporte"}}]},{"@type":"NewsArticle","@id":"https:\/\/candas365.es\/noticias\/mick-schumacher-es-contratado-por-ferrari\/#newsarticle","name":"Mick Schumacher es contratado por Ferrari | Cand\u00e1s 365","headline":"Mick Schumacher es contratado por Ferrari","author":{"@id":"https:\/\/candas365.es\/noticias\/author\/admin\/#author"},"publisher":{"@id":"https:\/\/candas365.es\/noticias\/#organization"},"image":{"@type":"ImageObject","url":"https:\/\/candas365.es\/noticias\/wp-content\/uploads\/2018\/06\/flag-1645262_960_720.jpg","width":960,"height":638},"datePublished":"2019-01-19T18:01:16+01:00","dateModified":"2019-01-19T18:01:16+01:00","inLanguage":"es-ES","mainEntityOfPage":{"@id":"https:\/\/candas365.es\/noticias\/mick-schumacher-es-contratado-por-ferrari\/#webpage"},"isPartOf":{"@id":"https:\/\/candas365.es\/noticias\/mick-schumacher-es-contratado-por-ferrari\/#webpage"},"articleSection":"Deporte","dateline":"Publicado el enero 19, 2019."},{"@type":"Organization","@id":"https:\/\/candas365.es\/noticias\/#organization","name":"Cand\u00e1s 365","description":"Cand\u00e1s 365 es un diario digital independiente, fundado en 2012, con base en Asturias. Informamos con rigor sobre actualidad, sociedad, cultura y ocio, con una mirada local y global.","url":"https:\/\/candas365.es\/noticias\/","email":"info@candas365.es","telephone":"+34652131393","foundingDate":"2012-06-10","logo":{"@type":"ImageObject","url":"https:\/\/candas365.es\/noticias\/wp-content\/uploads\/2024\/09\/Candas-365-Redes.jpg","@id":"https:\/\/candas365.es\/noticias\/mick-schumacher-es-contratado-por-ferrari\/#organizationLogo","width":1152,"height":864,"caption":"Cand\u00e1s 365 Redes"},"image":{"@id":"https:\/\/candas365.es\/noticias\/mick-schumacher-es-contratado-por-ferrari\/#organizationLogo"},"sameAs":["https:\/\/www.facebook.com\/Nachofdezber","https:\/\/x.com\/NabercoDigital","https:\/\/www.instagram.com\/nachofdezber\/","https:\/\/www.youtube.com\/channel\/UCZP-2wLEB9Rv6erhFmqVnvg"],"address":{"@id":"https:\/\/candas365.es\/noticias\/#postaladdress","@type":"PostalAddress","streetAddress":"san antonio 4, san antonio 4","postalCode":"33430","addressLocality":"Cand\u00e1s","addressRegion":"Asturias","addressCountry":"ES"}},{"@type":"Person","@id":"https:\/\/candas365.es\/noticias\/author\/admin\/#author","url":"https:\/\/candas365.es\/noticias\/author\/admin\/","name":"Cand\u00e1s 365","image":{"@type":"ImageObject","@id":"https:\/\/candas365.es\/noticias\/mick-schumacher-es-contratado-por-ferrari\/#authorImage","url":"https:\/\/secure.gravatar.com\/avatar\/496a8e03d0c493ede1718b7934145dbdf8d89be1036b0eec9544e1094c9de390?s=96&d=mm&r=g","width":96,"height":96,"caption":"Cand\u00e1s 365"},"sameAs":["https:\/\/www.facebook.com\/carrenoactualidad","https:\/\/twitter.com\/nbasturias","https:\/\/www.instagram.com\/nachofdezber\/","https:\/\/www.youtube.com\/channel\/UCZP-2wLEB9Rv6erhFmqVnvg"]},{"@type":"WebPage","@id":"https:\/\/candas365.es\/noticias\/mick-schumacher-es-contratado-por-ferrari\/#webpage","url":"https:\/\/candas365.es\/noticias\/mick-schumacher-es-contratado-por-ferrari\/","name":"Mick Schumacher es contratado por Ferrari | Cand\u00e1s 365","description":"Maranello (Italia), 19 ene (dpa) - La legendaria escuder\u00eda Ferrari contrat\u00f3 al piloto alem\u00e1n de carreras Mick Schumacher para su academia de j\u00f3venes valores, inform\u00f3 hoy el fabricante italiano de autom\u00f3viles. El hijo del heptacampe\u00f3n mundial de F\u00f3rmula 1 firm\u00f3 contrato con Ferrari y participar\u00e1 en un programa de pruebas antes de que comience la","inLanguage":"es-ES","isPartOf":{"@id":"https:\/\/candas365.es\/noticias\/#website"},"breadcrumb":{"@id":"https:\/\/candas365.es\/noticias\/mick-schumacher-es-contratado-por-ferrari\/#breadcrumblist"},"author":{"@id":"https:\/\/candas365.es\/noticias\/author\/admin\/#author"},"creator":{"@id":"https:\/\/candas365.es\/noticias\/author\/admin\/#author"},"image":{"@type":"ImageObject","url":"https:\/\/candas365.es\/noticias\/wp-content\/uploads\/2018\/06\/flag-1645262_960_720.jpg","@id":"https:\/\/candas365.es\/noticias\/mick-schumacher-es-contratado-por-ferrari\/#mainImage","width":960,"height":638},"primaryImageOfPage":{"@id":"https:\/\/candas365.es\/noticias\/mick-schumacher-es-contratado-por-ferrari\/#mainImage"},"datePublished":"2019-01-19T18:01:16+01:00","dateModified":"2019-01-19T18:01:16+01:00"},{"@type":"WebSite","@id":"https:\/\/candas365.es\/noticias\/#website","url":"https:\/\/candas365.es\/noticias\/","name":"Cand\u00e1s 365","alternateName":"Cand\u00e1s 365 Noticias","description":"Actualidad desde Carre\u00f1o para el mundo","inLanguage":"es-ES","publisher":{"@id":"https:\/\/candas365.es\/noticias\/#organization"}}]},"og:locale":"es_ES","og:site_name":"Cand\u00e1s 365","og:type":"article","og:title":"Mick Schumacher es contratado por Ferrari | Cand\u00e1s 365","og:description":"Maranello (Italia), 19 ene (dpa) - La legendaria escuder\u00eda Ferrari contrat\u00f3 al piloto alem\u00e1n de carreras Mick Schumacher para su academia de j\u00f3venes valores, inform\u00f3 hoy el fabricante italiano de autom\u00f3viles. El hijo del heptacampe\u00f3n mundial de F\u00f3rmula 1 firm\u00f3 contrato con Ferrari y participar\u00e1 en un programa de pruebas antes de que comience la","og:url":"https:\/\/candas365.es\/noticias\/mick-schumacher-es-contratado-por-ferrari\/","og:image":"https:\/\/candas365.es\/noticias\/wp-content\/uploads\/2018\/06\/flag-1645262_960_720.jpg","og:image:secure_url":"https:\/\/candas365.es\/noticias\/wp-content\/uploads\/2018\/06\/flag-1645262_960_720.jpg","og:image:width":960,"og:image:height":638,"article:published_time":"2019-01-19T18:01:16+00:00","article:modified_time":"2019-01-19T18:01:16+00:00","article:publisher":"https:\/\/www.facebook.com\/Nachofdezber","article:author":"https:\/\/www.facebook.com\/carrenoactualidad","twitter:card":"summary_large_image","twitter:site":"@NabercoDigital","twitter:title":"Mick Schumacher es contratado por Ferrari | Cand\u00e1s 365","twitter:description":"Maranello (Italia), 19 ene (dpa) - La legendaria escuder\u00eda Ferrari contrat\u00f3 al piloto alem\u00e1n de carreras Mick Schumacher para su academia de j\u00f3venes valores, inform\u00f3 hoy el fabricante italiano de autom\u00f3viles. El hijo del heptacampe\u00f3n mundial de F\u00f3rmula 1 firm\u00f3 contrato con Ferrari y participar\u00e1 en un programa de pruebas antes de que comience la","twitter:creator":"@nbasturias","twitter:image":"https:\/\/candas365.es\/noticias\/wp-content\/uploads\/2018\/06\/flag-1645262_960_720.jpg","twitter:label1":"Escrito por","twitter:data1":"Cand\u00e1s 365","twitter:label2":"Tiempo de lectura estimado","twitter:data2":"2 minutos"},"aioseo_meta_data":{"post_id":"114637","title":null,"description":null,"keywords":null,"keyphrases":null,"primary_term":null,"canonical_url":null,"og_title":null,"og_description":null,"og_object_type":"default","og_image_type":"default","og_image_url":null,"og_image_width":null,"og_image_height":null,"og_image_custom_url":null,"og_image_custom_fields":null,"og_video":null,"og_custom_url":null,"og_article_section":null,"og_article_tags":null,"twitter_use_og":false,"twitter_card":"default","twitter_image_type":"default","twitter_image_url":null,"twitter_image_custom_url":null,"twitter_image_custom_fields":null,"twitter_title":null,"twitter_description":null,"schema":{"blockGraphs":[],"customGraphs":[],"default":{"data":{"Article":[],"Course":[],"Dataset":[],"FAQPage":[],"Movie":[],"Person":[],"Product":[],"ProductReview":[],"Car":[],"Recipe":[],"Service":[],"SoftwareApplication":[],"WebPage":[]},"graphName":"","isEnabled":true},"graphs":[],"defaultGraph":"","defaultPostTypeGraph":""},"schema_type":null,"schema_type_options":null,"pillar_content":false,"robots_default":true,"robots_noindex":false,"robots_noarchive":false,"robots_nosnippet":false,"robots_nofollow":false,"robots_noimageindex":false,"robots_noodp":false,"robots_notranslate":false,"robots_max_snippet":null,"robots_max_videopreview":null,"robots_max_imagepreview":"large","priority":null,"frequency":null,"location":null,"local_seo":null,"seo_analyzer_scan_date":"2025-08-29 01:52:24","breadcrumb_settings":null,"limit_modified_date":false,"reviewed_by":null,"open_ai":null,"ai":null,"created":"2020-12-21 11:21:56","updated":"2025-08-29 01:52:24"},"aioseo_breadcrumb":"<div class=\"aioseo-breadcrumbs\"><span class=\"aioseo-breadcrumb\">\n\t<a href=\"https:\/\/candas365.es\/noticias\" title=\"Home\">Home<\/a>\n<\/span><span class=\"aioseo-breadcrumb-separator\">&ndash;<\/span><span class=\"aioseo-breadcrumb\">\n\t<a href=\"https:\/\/candas365.es\/noticias\/category\/deporte\/\" title=\"Deporte\">Deporte<\/a>\n<\/span><span class=\"aioseo-breadcrumb-separator\">&ndash;<\/span><span class=\"aioseo-breadcrumb\">\n\tMick Schumacher es contratado por Ferrari\n<\/span><\/div>","aioseo_breadcrumb_json":[{"label":"Home","link":"https:\/\/candas365.es\/noticias"},{"label":"Deporte","link":"https:\/\/candas365.es\/noticias\/category\/deporte\/"},{"label":"Mick Schumacher es contratado por Ferrari","link":"https:\/\/candas365.es\/noticias\/mick-schumacher-es-contratado-por-ferrari\/"}],"_links":{"self":[{"href":"https:\/\/candas365.es\/noticias\/wp-json\/wp\/v2\/posts\/114637","targetHints":{"allow":["GET"]}}],"collection":[{"href":"https:\/\/candas365.es\/noticias\/wp-json\/wp\/v2\/posts"}],"about":[{"href":"https:\/\/candas365.es\/noticias\/wp-json\/wp\/v2\/types\/post"}],"author":[{"embeddable":true,"href":"https:\/\/candas365.es\/noticias\/wp-json\/wp\/v2\/users\/1"}],"replies":[{"embeddable":true,"href":"https:\/\/candas365.es\/noticias\/wp-json\/wp\/v2\/comments?post=114637"}],"version-history":[{"count":0,"href":"https:\/\/candas365.es\/noticias\/wp-json\/wp\/v2\/posts\/114637\/revisions"}],"wp:featuredmedia":[{"embeddable":true,"href":"https:\/\/candas365.es\/noticias\/wp-json\/wp\/v2\/media\/98200"}],"wp:attachment":[{"href":"https:\/\/candas365.es\/noticias\/wp-json\/wp\/v2\/media?parent=114637"}],"wp:term":[{"taxonomy":"category","embeddable":true,"href":"https:\/\/candas365.es\/noticias\/wp-json\/wp\/v2\/categories?post=114637"},{"taxonomy":"post_tag","embeddable":true,"href":"https:\/\/candas365.es\/noticias\/wp-json\/wp\/v2\/tags?post=114637"}],"curies":[{"name":"wp","href":"https:\/\/api.w.org\/{rel}","templated":true}]}}