{"id":114624,"date":"2019-01-19T16:27:02","date_gmt":"2019-01-19T16:27:02","guid":{"rendered":"http:\/\/candas365.es\/noticias\/?p=114624"},"modified":"2019-01-19T16:27:02","modified_gmt":"2019-01-19T16:27:02","slug":"la-1-estrena-derecho-a-sonar","status":"publish","type":"post","link":"https:\/\/candas365.es\/noticias\/la-1-estrena-derecho-a-sonar\/","title":{"rendered":"La 1 estrena \u00abDerecho a so\u00f1ar\u00bb"},"content":{"rendered":"<p><img fetchpriority=\"high\" decoding=\"async\" class=\"alignleft size-medium wp-image-114625\" src=\"https:\/\/candas365.es\/noticias\/wp-content\/uploads\/2019\/01\/ndp-tele190519-360x240.jpg\" alt=\"\" width=\"360\" height=\"240\" srcset=\"https:\/\/candas365.es\/noticias\/wp-content\/uploads\/2019\/01\/ndp-tele190519-360x240.jpg 360w, https:\/\/candas365.es\/noticias\/wp-content\/uploads\/2019\/01\/ndp-tele190519-768x512.jpg 768w, https:\/\/candas365.es\/noticias\/wp-content\/uploads\/2019\/01\/ndp-tele190519-655x437.jpg 655w, https:\/\/candas365.es\/noticias\/wp-content\/uploads\/2019\/01\/ndp-tele190519-696x464.jpg 696w, https:\/\/candas365.es\/noticias\/wp-content\/uploads\/2019\/01\/ndp-tele190519-630x420.jpg 630w, https:\/\/candas365.es\/noticias\/wp-content\/uploads\/2019\/01\/ndp-tele190519.jpg 900w\" sizes=\"(max-width: 360px) 100vw, 360px\" \/>La 1 estrena el pr\u00f3ximo lunes 21 de enero &#8216;Derecho a so\u00f1ar&#8217;, su nueva serie diaria cuya acci\u00f3n principal se desarrollar\u00e1 en un importante bufete de abogados. Los protagonistas se ver\u00e1n inmersos en la traici\u00f3n, el amor y la ambici\u00f3n mientras luchan por ayudar a sus clientes a que se haga justicia. Producida por RTVE en colaboraci\u00f3n con Boca a Boca, cuenta con un amplio reparto, con Alba Ribas y Jon Arias en los papeles protagonistas.<\/p>\n<p>En la presentaci\u00f3n, el director de Cine y Ficci\u00f3n de TVE, Fernando L\u00f3pez Puig, ha definido &#8216;Derecho a so\u00f1ar&#8217; como \u201cuna historia moderna y actual que se enmarca en los par\u00e1metros de la telenovela cl\u00e1sica, de la lucha por aspirar a m\u00e1s y prosperar en un universo de abogados\u201d.<\/p>\n<p>El productor ejecutivo de Boca Boca, Vicente Torres, ha a\u00f1adido que la serie es adem\u00e1s \u201cuna historia de amor entre dos personas de origen social muy diferente, una serie diaria de abogados como no se hab\u00eda hecho antes, en la que durante la semana se ir\u00e1 siguiendo un caso que desembocar\u00e1 en un juicio, generalmente cada viernes\u201d.<\/p>\n<p>La protagonista, Julia Rojas (Alba Ribas), es una joven con una vida dif\u00edcil que, con gran esfuerzo, ha logrado licenciarse en Derecho. Al enterarse de que un prestigioso bufete busca un pasante, se presenta al proceso de selecci\u00f3n. Ribas ha se\u00f1alado que el suyo \u201ces un personaje valiente, que quiere trabajar, que no ha tenido mucha suerte en la vida y que pronto encontrar\u00e1 en Jorge Leiva a alguien con quien formar un gran t\u00e1ndem profesional\u201d.<\/p>\n<p>Jon Arias da vida a Jorge Leiva, hijo de uno de los socios fundadores, que debe incorporarse al bufete tras el repentino fallecimiento de su padre en extra\u00f1as circunstancias. \u201cQuiere conocer qui\u00e9n era su padre, con quien no hab\u00eda tenido una relaci\u00f3n al uso. Siente que tiene que quedarse y ponerse a trabajar en los casos que dej\u00f3 su padre. Jorge y Julia con dos personajes en un momento de cambio en sus vidas\u201d, ha explicado el actor.<\/p>\n<p>&#8216;Derecho a so\u00f1ar&#8217; no es s\u00f3lo una serie de abogados, es tambi\u00e9n una comedia rom\u00e1ntica sobre las aspiraciones profesionales de una joven licenciada, con casos basados en hechos reales y una gran trama de corrupci\u00f3n que enganchar\u00e1 al espectador. Al bufete de &#8216;Derecho a so\u00f1ar&#8217; llegan todo tipo de conflictos, desde laborales a matrimoniales, pero todos tienen algo en com\u00fan: su inter\u00e9s humano y el enfoque sobre las personas afectadas.<\/p>\n<p><strong>Reparto y decorados<\/strong><\/p>\n<p>Junto a Alba Ribas y Jon Arias, actores como Mamen Duch, Guiomar Puerta, \u00c1lex Adrover, Bel\u00e9n Fabra, Joaqu\u00edn Climent, Jorge Sanz, Ana Risue\u00f1o, Aixa Villagr\u00e1n y Ariana Mart\u00ednez, completan un amplio reparto donde tambi\u00e9n est\u00e1n Cristina de Inza, Biel Dur\u00e1n, Aar\u00f3n Piper, Juan Messeguer, Violeta Rodr\u00edguez, Juan Blanco, Snoga Park, o Christian S\u00e1nchez, entre otros.<\/p>\n<p>La serie est\u00e1 rodada en 2.000 metros cuadrados de decorados donde se recrean varios mundos diferentes: el lujoso bufete de abogados, los juzgados, la calle en una zona c\u00e9ntrica de Madrid y las viviendas de los protagonistas, adem\u00e1s de exteriores urbanos.<\/p>\n<p>&#8216;Derecho a so\u00f1ar&#8217; est\u00e1 dirigida por Federico Untermann, junto a Manuel G\u00f3mez, Valerio Boserman y Victor Garc\u00eda Le\u00f3n, con Paula Jim\u00e9nez y Nico Saad al frente de los guiones.<\/p>\n","protected":false},"excerpt":{"rendered":"<p>La 1 estrena el pr\u00f3ximo lunes 21 de enero &#8216;Derecho a so\u00f1ar&#8217;, su nueva serie diaria cuya acci\u00f3n principal se desarrollar\u00e1 en un importante bufete de abogados. Los protagonistas se ver\u00e1n inmersos en la traici\u00f3n, el amor y la ambici\u00f3n mientras luchan por ayudar a sus clientes a que se haga justicia. Producida por RTVE<\/p>\n","protected":false},"author":1,"featured_media":114625,"comment_status":"closed","ping_status":"closed","sticky":false,"template":"","format":"standard","meta":{"footnotes":""},"categories":[1],"tags":[],"class_list":{"0":"post-114624","1":"post","2":"type-post","3":"status-publish","4":"format-standard","5":"has-post-thumbnail","7":"category-agenda"},"aioseo_notices":[],"aioseo_head":"\n\t\t<!-- All in One SEO Pro 4.9.6.2 - aioseo.com -->\n\t<meta name=\"description\" content=\"La 1 estrena el pr\u00f3ximo lunes 21 de enero &#039;Derecho a so\u00f1ar&#039;, su nueva serie diaria cuya acci\u00f3n principal se desarrollar\u00e1 en un importante bufete de abogados. Los protagonistas se ver\u00e1n inmersos en la traici\u00f3n, el amor y la ambici\u00f3n mientras luchan por ayudar a sus clientes a que se haga justicia. Producida por RTVE\" \/>\n\t<meta name=\"robots\" content=\"max-image-preview:large\" \/>\n\t<meta name=\"author\" content=\"Cand\u00e1s 365\"\/>\n\t<meta name=\"google-site-verification\" content=\"UA-32230408-1\" \/>\n\t<meta name=\"msvalidate.01\" content=\"354F3CDFB2DA171B47FBE9ABF1F88D5\" \/>\n\t<meta name=\"keywords\" content=\"agenda\" \/>\n\t<link rel=\"canonical\" href=\"https:\/\/candas365.es\/noticias\/la-1-estrena-derecho-a-sonar\/\" \/>\n\t<meta name=\"generator\" content=\"All in One SEO Pro (AIOSEO) 4.9.6.2\" \/>\n\t\t<meta property=\"og:locale\" content=\"es_ES\" \/>\n\t\t<meta property=\"og:site_name\" content=\"Cand\u00e1s 365\" \/>\n\t\t<meta property=\"og:type\" content=\"article\" \/>\n\t\t<meta property=\"og:title\" content=\"La 1 estrena \u00abDerecho a so\u00f1ar\u00bb | Cand\u00e1s 365\" \/>\n\t\t<meta property=\"og:description\" content=\"La 1 estrena el pr\u00f3ximo lunes 21 de enero &#039;Derecho a so\u00f1ar&#039;, su nueva serie diaria cuya acci\u00f3n principal se desarrollar\u00e1 en un importante bufete de abogados. Los protagonistas se ver\u00e1n inmersos en la traici\u00f3n, el amor y la ambici\u00f3n mientras luchan por ayudar a sus clientes a que se haga justicia. Producida por RTVE\" \/>\n\t\t<meta property=\"og:url\" content=\"https:\/\/candas365.es\/noticias\/la-1-estrena-derecho-a-sonar\/\" \/>\n\t\t<meta property=\"og:image\" content=\"https:\/\/candas365.es\/noticias\/wp-content\/uploads\/2019\/01\/ndp-tele190519.jpg\" \/>\n\t\t<meta property=\"og:image:secure_url\" content=\"https:\/\/candas365.es\/noticias\/wp-content\/uploads\/2019\/01\/ndp-tele190519.jpg\" \/>\n\t\t<meta property=\"og:image:width\" content=\"900\" \/>\n\t\t<meta property=\"og:image:height\" content=\"600\" \/>\n\t\t<meta property=\"article:published_time\" content=\"2019-01-19T16:27:02+00:00\" \/>\n\t\t<meta property=\"article:modified_time\" content=\"2019-01-19T16:27:02+00:00\" \/>\n\t\t<meta property=\"article:publisher\" content=\"https:\/\/www.facebook.com\/Nachofdezber\" \/>\n\t\t<meta property=\"article:author\" content=\"https:\/\/www.facebook.com\/carrenoactualidad\" \/>\n\t\t<meta name=\"twitter:card\" content=\"summary_large_image\" \/>\n\t\t<meta name=\"twitter:site\" content=\"@NabercoDigital\" \/>\n\t\t<meta name=\"twitter:title\" content=\"La 1 estrena \u00abDerecho a so\u00f1ar\u00bb | Cand\u00e1s 365\" \/>\n\t\t<meta name=\"twitter:description\" content=\"La 1 estrena el pr\u00f3ximo lunes 21 de enero &#039;Derecho a so\u00f1ar&#039;, su nueva serie diaria cuya acci\u00f3n principal se desarrollar\u00e1 en un importante bufete de abogados. Los protagonistas se ver\u00e1n inmersos en la traici\u00f3n, el amor y la ambici\u00f3n mientras luchan por ayudar a sus clientes a que se haga justicia. Producida por RTVE\" \/>\n\t\t<meta name=\"twitter:creator\" content=\"@nbasturias\" \/>\n\t\t<meta name=\"twitter:image\" content=\"https:\/\/candas365.es\/noticias\/wp-content\/uploads\/2019\/01\/ndp-tele190519.jpg\" \/>\n\t\t<meta name=\"twitter:label1\" content=\"Escrito por\" \/>\n\t\t<meta name=\"twitter:data1\" content=\"Cand\u00e1s 365\" \/>\n\t\t<meta name=\"twitter:label2\" content=\"Tiempo de lectura estimado\" \/>\n\t\t<meta name=\"twitter:data2\" content=\"3 minutos\" \/>\n\t\t<script type=\"application\/ld+json\" class=\"aioseo-schema\">\n\t\t\t{\"@context\":\"https:\\\/\\\/schema.org\",\"@graph\":[{\"@type\":\"BreadcrumbList\",\"@id\":\"https:\\\/\\\/candas365.es\\\/noticias\\\/la-1-estrena-derecho-a-sonar\\\/#breadcrumblist\",\"itemListElement\":[{\"@type\":\"ListItem\",\"@id\":\"https:\\\/\\\/candas365.es\\\/noticias#listItem\",\"position\":1,\"name\":\"Home\",\"item\":\"https:\\\/\\\/candas365.es\\\/noticias\",\"nextItem\":{\"@type\":\"ListItem\",\"@id\":\"https:\\\/\\\/candas365.es\\\/noticias\\\/category\\\/agenda\\\/#listItem\",\"name\":\"Agenda\"}},{\"@type\":\"ListItem\",\"@id\":\"https:\\\/\\\/candas365.es\\\/noticias\\\/category\\\/agenda\\\/#listItem\",\"position\":2,\"name\":\"Agenda\",\"item\":\"https:\\\/\\\/candas365.es\\\/noticias\\\/category\\\/agenda\\\/\",\"nextItem\":{\"@type\":\"ListItem\",\"@id\":\"https:\\\/\\\/candas365.es\\\/noticias\\\/la-1-estrena-derecho-a-sonar\\\/#listItem\",\"name\":\"La 1 estrena \\u00abDerecho a so\\u00f1ar\\u00bb\"},\"previousItem\":{\"@type\":\"ListItem\",\"@id\":\"https:\\\/\\\/candas365.es\\\/noticias#listItem\",\"name\":\"Home\"}},{\"@type\":\"ListItem\",\"@id\":\"https:\\\/\\\/candas365.es\\\/noticias\\\/la-1-estrena-derecho-a-sonar\\\/#listItem\",\"position\":3,\"name\":\"La 1 estrena \\u00abDerecho a so\\u00f1ar\\u00bb\",\"previousItem\":{\"@type\":\"ListItem\",\"@id\":\"https:\\\/\\\/candas365.es\\\/noticias\\\/category\\\/agenda\\\/#listItem\",\"name\":\"Agenda\"}}]},{\"@type\":\"NewsArticle\",\"@id\":\"https:\\\/\\\/candas365.es\\\/noticias\\\/la-1-estrena-derecho-a-sonar\\\/#newsarticle\",\"name\":\"La 1 estrena \\u00abDerecho a so\\u00f1ar\\u00bb | Cand\\u00e1s 365\",\"headline\":\"La 1 estrena \\u00abDerecho a so\\u00f1ar\\u00bb\",\"author\":{\"@id\":\"https:\\\/\\\/candas365.es\\\/noticias\\\/author\\\/admin\\\/#author\"},\"publisher\":{\"@id\":\"https:\\\/\\\/candas365.es\\\/noticias\\\/#organization\"},\"image\":{\"@type\":\"ImageObject\",\"url\":\"https:\\\/\\\/candas365.es\\\/noticias\\\/wp-content\\\/uploads\\\/2019\\\/01\\\/ndp-tele190519.jpg\",\"width\":900,\"height\":600},\"datePublished\":\"2019-01-19T16:27:02+01:00\",\"dateModified\":\"2019-01-19T16:27:02+01:00\",\"inLanguage\":\"es-ES\",\"mainEntityOfPage\":{\"@id\":\"https:\\\/\\\/candas365.es\\\/noticias\\\/la-1-estrena-derecho-a-sonar\\\/#webpage\"},\"isPartOf\":{\"@id\":\"https:\\\/\\\/candas365.es\\\/noticias\\\/la-1-estrena-derecho-a-sonar\\\/#webpage\"},\"articleSection\":\"Agenda\",\"dateline\":\"Publicado el enero 19, 2019.\"},{\"@type\":\"Organization\",\"@id\":\"https:\\\/\\\/candas365.es\\\/noticias\\\/#organization\",\"name\":\"Cand\\u00e1s 365\",\"description\":\"Cand\\u00e1s 365 es un diario digital independiente, fundado en 2012, con base en Asturias. Informamos con rigor sobre actualidad, sociedad, cultura y ocio, con una mirada local y global.\",\"url\":\"https:\\\/\\\/candas365.es\\\/noticias\\\/\",\"email\":\"info@candas365.es\",\"telephone\":\"+34652131393\",\"foundingDate\":\"2012-06-10\",\"logo\":{\"@type\":\"ImageObject\",\"url\":\"https:\\\/\\\/candas365.es\\\/noticias\\\/wp-content\\\/uploads\\\/2024\\\/09\\\/Candas-365-Redes.jpg\",\"@id\":\"https:\\\/\\\/candas365.es\\\/noticias\\\/la-1-estrena-derecho-a-sonar\\\/#organizationLogo\",\"width\":1152,\"height\":864,\"caption\":\"Cand\\u00e1s 365 Redes\"},\"image\":{\"@id\":\"https:\\\/\\\/candas365.es\\\/noticias\\\/la-1-estrena-derecho-a-sonar\\\/#organizationLogo\"},\"sameAs\":[\"https:\\\/\\\/www.facebook.com\\\/Nachofdezber\",\"https:\\\/\\\/x.com\\\/NabercoDigital\",\"https:\\\/\\\/www.instagram.com\\\/nachofdezber\\\/\",\"https:\\\/\\\/www.youtube.com\\\/channel\\\/UCZP-2wLEB9Rv6erhFmqVnvg\"],\"address\":{\"@id\":\"https:\\\/\\\/candas365.es\\\/noticias\\\/#postaladdress\",\"@type\":\"PostalAddress\",\"streetAddress\":\"san antonio 4, san antonio 4\",\"postalCode\":\"33430\",\"addressLocality\":\"Cand\\u00e1s\",\"addressRegion\":\"Asturias\",\"addressCountry\":\"ES\"}},{\"@type\":\"Person\",\"@id\":\"https:\\\/\\\/candas365.es\\\/noticias\\\/author\\\/admin\\\/#author\",\"url\":\"https:\\\/\\\/candas365.es\\\/noticias\\\/author\\\/admin\\\/\",\"name\":\"Cand\\u00e1s 365\",\"image\":{\"@type\":\"ImageObject\",\"@id\":\"https:\\\/\\\/candas365.es\\\/noticias\\\/la-1-estrena-derecho-a-sonar\\\/#authorImage\",\"url\":\"https:\\\/\\\/secure.gravatar.com\\\/avatar\\\/496a8e03d0c493ede1718b7934145dbdf8d89be1036b0eec9544e1094c9de390?s=96&d=mm&r=g\",\"width\":96,\"height\":96,\"caption\":\"Cand\\u00e1s 365\"},\"sameAs\":[\"https:\\\/\\\/www.facebook.com\\\/carrenoactualidad\",\"https:\\\/\\\/twitter.com\\\/nbasturias\",\"https:\\\/\\\/www.instagram.com\\\/nachofdezber\\\/\",\"https:\\\/\\\/www.youtube.com\\\/channel\\\/UCZP-2wLEB9Rv6erhFmqVnvg\"]},{\"@type\":\"WebPage\",\"@id\":\"https:\\\/\\\/candas365.es\\\/noticias\\\/la-1-estrena-derecho-a-sonar\\\/#webpage\",\"url\":\"https:\\\/\\\/candas365.es\\\/noticias\\\/la-1-estrena-derecho-a-sonar\\\/\",\"name\":\"La 1 estrena \\u00abDerecho a so\\u00f1ar\\u00bb | Cand\\u00e1s 365\",\"description\":\"La 1 estrena el pr\\u00f3ximo lunes 21 de enero 'Derecho a so\\u00f1ar', su nueva serie diaria cuya acci\\u00f3n principal se desarrollar\\u00e1 en un importante bufete de abogados. Los protagonistas se ver\\u00e1n inmersos en la traici\\u00f3n, el amor y la ambici\\u00f3n mientras luchan por ayudar a sus clientes a que se haga justicia. Producida por RTVE\",\"inLanguage\":\"es-ES\",\"isPartOf\":{\"@id\":\"https:\\\/\\\/candas365.es\\\/noticias\\\/#website\"},\"breadcrumb\":{\"@id\":\"https:\\\/\\\/candas365.es\\\/noticias\\\/la-1-estrena-derecho-a-sonar\\\/#breadcrumblist\"},\"author\":{\"@id\":\"https:\\\/\\\/candas365.es\\\/noticias\\\/author\\\/admin\\\/#author\"},\"creator\":{\"@id\":\"https:\\\/\\\/candas365.es\\\/noticias\\\/author\\\/admin\\\/#author\"},\"image\":{\"@type\":\"ImageObject\",\"url\":\"https:\\\/\\\/candas365.es\\\/noticias\\\/wp-content\\\/uploads\\\/2019\\\/01\\\/ndp-tele190519.jpg\",\"@id\":\"https:\\\/\\\/candas365.es\\\/noticias\\\/la-1-estrena-derecho-a-sonar\\\/#mainImage\",\"width\":900,\"height\":600},\"primaryImageOfPage\":{\"@id\":\"https:\\\/\\\/candas365.es\\\/noticias\\\/la-1-estrena-derecho-a-sonar\\\/#mainImage\"},\"datePublished\":\"2019-01-19T16:27:02+01:00\",\"dateModified\":\"2019-01-19T16:27:02+01:00\"},{\"@type\":\"WebSite\",\"@id\":\"https:\\\/\\\/candas365.es\\\/noticias\\\/#website\",\"url\":\"https:\\\/\\\/candas365.es\\\/noticias\\\/\",\"name\":\"Cand\\u00e1s 365\",\"alternateName\":\"Cand\\u00e1s 365 Noticias\",\"description\":\"Actualidad desde Carre\\u00f1o para el mundo\",\"inLanguage\":\"es-ES\",\"publisher\":{\"@id\":\"https:\\\/\\\/candas365.es\\\/noticias\\\/#organization\"}}]}\n\t\t<\/script>\n\t\t<!-- All in One SEO Pro -->\r\n\t\t<title>La 1 estrena \u00abDerecho a so\u00f1ar\u00bb | Cand\u00e1s 365<\/title>\n\n","aioseo_head_json":{"title":"La 1 estrena \u00abDerecho a so\u00f1ar\u00bb | Cand\u00e1s 365","description":"La 1 estrena el pr\u00f3ximo lunes 21 de enero 'Derecho a so\u00f1ar', su nueva serie diaria cuya acci\u00f3n principal se desarrollar\u00e1 en un importante bufete de abogados. Los protagonistas se ver\u00e1n inmersos en la traici\u00f3n, el amor y la ambici\u00f3n mientras luchan por ayudar a sus clientes a que se haga justicia. Producida por RTVE","canonical_url":"https:\/\/candas365.es\/noticias\/la-1-estrena-derecho-a-sonar\/","robots":"max-image-preview:large","keywords":"agenda","webmasterTools":{"google-site-verification":"UA-32230408-1","msvalidate.01":"354F3CDFB2DA171B47FBE9ABF1F88D5","miscellaneous":""},"schema":{"@context":"https:\/\/schema.org","@graph":[{"@type":"BreadcrumbList","@id":"https:\/\/candas365.es\/noticias\/la-1-estrena-derecho-a-sonar\/#breadcrumblist","itemListElement":[{"@type":"ListItem","@id":"https:\/\/candas365.es\/noticias#listItem","position":1,"name":"Home","item":"https:\/\/candas365.es\/noticias","nextItem":{"@type":"ListItem","@id":"https:\/\/candas365.es\/noticias\/category\/agenda\/#listItem","name":"Agenda"}},{"@type":"ListItem","@id":"https:\/\/candas365.es\/noticias\/category\/agenda\/#listItem","position":2,"name":"Agenda","item":"https:\/\/candas365.es\/noticias\/category\/agenda\/","nextItem":{"@type":"ListItem","@id":"https:\/\/candas365.es\/noticias\/la-1-estrena-derecho-a-sonar\/#listItem","name":"La 1 estrena \u00abDerecho a so\u00f1ar\u00bb"},"previousItem":{"@type":"ListItem","@id":"https:\/\/candas365.es\/noticias#listItem","name":"Home"}},{"@type":"ListItem","@id":"https:\/\/candas365.es\/noticias\/la-1-estrena-derecho-a-sonar\/#listItem","position":3,"name":"La 1 estrena \u00abDerecho a so\u00f1ar\u00bb","previousItem":{"@type":"ListItem","@id":"https:\/\/candas365.es\/noticias\/category\/agenda\/#listItem","name":"Agenda"}}]},{"@type":"NewsArticle","@id":"https:\/\/candas365.es\/noticias\/la-1-estrena-derecho-a-sonar\/#newsarticle","name":"La 1 estrena \u00abDerecho a so\u00f1ar\u00bb | Cand\u00e1s 365","headline":"La 1 estrena \u00abDerecho a so\u00f1ar\u00bb","author":{"@id":"https:\/\/candas365.es\/noticias\/author\/admin\/#author"},"publisher":{"@id":"https:\/\/candas365.es\/noticias\/#organization"},"image":{"@type":"ImageObject","url":"https:\/\/candas365.es\/noticias\/wp-content\/uploads\/2019\/01\/ndp-tele190519.jpg","width":900,"height":600},"datePublished":"2019-01-19T16:27:02+01:00","dateModified":"2019-01-19T16:27:02+01:00","inLanguage":"es-ES","mainEntityOfPage":{"@id":"https:\/\/candas365.es\/noticias\/la-1-estrena-derecho-a-sonar\/#webpage"},"isPartOf":{"@id":"https:\/\/candas365.es\/noticias\/la-1-estrena-derecho-a-sonar\/#webpage"},"articleSection":"Agenda","dateline":"Publicado el enero 19, 2019."},{"@type":"Organization","@id":"https:\/\/candas365.es\/noticias\/#organization","name":"Cand\u00e1s 365","description":"Cand\u00e1s 365 es un diario digital independiente, fundado en 2012, con base en Asturias. Informamos con rigor sobre actualidad, sociedad, cultura y ocio, con una mirada local y global.","url":"https:\/\/candas365.es\/noticias\/","email":"info@candas365.es","telephone":"+34652131393","foundingDate":"2012-06-10","logo":{"@type":"ImageObject","url":"https:\/\/candas365.es\/noticias\/wp-content\/uploads\/2024\/09\/Candas-365-Redes.jpg","@id":"https:\/\/candas365.es\/noticias\/la-1-estrena-derecho-a-sonar\/#organizationLogo","width":1152,"height":864,"caption":"Cand\u00e1s 365 Redes"},"image":{"@id":"https:\/\/candas365.es\/noticias\/la-1-estrena-derecho-a-sonar\/#organizationLogo"},"sameAs":["https:\/\/www.facebook.com\/Nachofdezber","https:\/\/x.com\/NabercoDigital","https:\/\/www.instagram.com\/nachofdezber\/","https:\/\/www.youtube.com\/channel\/UCZP-2wLEB9Rv6erhFmqVnvg"],"address":{"@id":"https:\/\/candas365.es\/noticias\/#postaladdress","@type":"PostalAddress","streetAddress":"san antonio 4, san antonio 4","postalCode":"33430","addressLocality":"Cand\u00e1s","addressRegion":"Asturias","addressCountry":"ES"}},{"@type":"Person","@id":"https:\/\/candas365.es\/noticias\/author\/admin\/#author","url":"https:\/\/candas365.es\/noticias\/author\/admin\/","name":"Cand\u00e1s 365","image":{"@type":"ImageObject","@id":"https:\/\/candas365.es\/noticias\/la-1-estrena-derecho-a-sonar\/#authorImage","url":"https:\/\/secure.gravatar.com\/avatar\/496a8e03d0c493ede1718b7934145dbdf8d89be1036b0eec9544e1094c9de390?s=96&d=mm&r=g","width":96,"height":96,"caption":"Cand\u00e1s 365"},"sameAs":["https:\/\/www.facebook.com\/carrenoactualidad","https:\/\/twitter.com\/nbasturias","https:\/\/www.instagram.com\/nachofdezber\/","https:\/\/www.youtube.com\/channel\/UCZP-2wLEB9Rv6erhFmqVnvg"]},{"@type":"WebPage","@id":"https:\/\/candas365.es\/noticias\/la-1-estrena-derecho-a-sonar\/#webpage","url":"https:\/\/candas365.es\/noticias\/la-1-estrena-derecho-a-sonar\/","name":"La 1 estrena \u00abDerecho a so\u00f1ar\u00bb | Cand\u00e1s 365","description":"La 1 estrena el pr\u00f3ximo lunes 21 de enero 'Derecho a so\u00f1ar', su nueva serie diaria cuya acci\u00f3n principal se desarrollar\u00e1 en un importante bufete de abogados. Los protagonistas se ver\u00e1n inmersos en la traici\u00f3n, el amor y la ambici\u00f3n mientras luchan por ayudar a sus clientes a que se haga justicia. Producida por RTVE","inLanguage":"es-ES","isPartOf":{"@id":"https:\/\/candas365.es\/noticias\/#website"},"breadcrumb":{"@id":"https:\/\/candas365.es\/noticias\/la-1-estrena-derecho-a-sonar\/#breadcrumblist"},"author":{"@id":"https:\/\/candas365.es\/noticias\/author\/admin\/#author"},"creator":{"@id":"https:\/\/candas365.es\/noticias\/author\/admin\/#author"},"image":{"@type":"ImageObject","url":"https:\/\/candas365.es\/noticias\/wp-content\/uploads\/2019\/01\/ndp-tele190519.jpg","@id":"https:\/\/candas365.es\/noticias\/la-1-estrena-derecho-a-sonar\/#mainImage","width":900,"height":600},"primaryImageOfPage":{"@id":"https:\/\/candas365.es\/noticias\/la-1-estrena-derecho-a-sonar\/#mainImage"},"datePublished":"2019-01-19T16:27:02+01:00","dateModified":"2019-01-19T16:27:02+01:00"},{"@type":"WebSite","@id":"https:\/\/candas365.es\/noticias\/#website","url":"https:\/\/candas365.es\/noticias\/","name":"Cand\u00e1s 365","alternateName":"Cand\u00e1s 365 Noticias","description":"Actualidad desde Carre\u00f1o para el mundo","inLanguage":"es-ES","publisher":{"@id":"https:\/\/candas365.es\/noticias\/#organization"}}]},"og:locale":"es_ES","og:site_name":"Cand\u00e1s 365","og:type":"article","og:title":"La 1 estrena \u00abDerecho a so\u00f1ar\u00bb | Cand\u00e1s 365","og:description":"La 1 estrena el pr\u00f3ximo lunes 21 de enero 'Derecho a so\u00f1ar', su nueva serie diaria cuya acci\u00f3n principal se desarrollar\u00e1 en un importante bufete de abogados. Los protagonistas se ver\u00e1n inmersos en la traici\u00f3n, el amor y la ambici\u00f3n mientras luchan por ayudar a sus clientes a que se haga justicia. Producida por RTVE","og:url":"https:\/\/candas365.es\/noticias\/la-1-estrena-derecho-a-sonar\/","og:image":"https:\/\/candas365.es\/noticias\/wp-content\/uploads\/2019\/01\/ndp-tele190519.jpg","og:image:secure_url":"https:\/\/candas365.es\/noticias\/wp-content\/uploads\/2019\/01\/ndp-tele190519.jpg","og:image:width":900,"og:image:height":600,"article:published_time":"2019-01-19T16:27:02+00:00","article:modified_time":"2019-01-19T16:27:02+00:00","article:publisher":"https:\/\/www.facebook.com\/Nachofdezber","article:author":"https:\/\/www.facebook.com\/carrenoactualidad","twitter:card":"summary_large_image","twitter:site":"@NabercoDigital","twitter:title":"La 1 estrena \u00abDerecho a so\u00f1ar\u00bb | Cand\u00e1s 365","twitter:description":"La 1 estrena el pr\u00f3ximo lunes 21 de enero 'Derecho a so\u00f1ar', su nueva serie diaria cuya acci\u00f3n principal se desarrollar\u00e1 en un importante bufete de abogados. Los protagonistas se ver\u00e1n inmersos en la traici\u00f3n, el amor y la ambici\u00f3n mientras luchan por ayudar a sus clientes a que se haga justicia. Producida por RTVE","twitter:creator":"@nbasturias","twitter:image":"https:\/\/candas365.es\/noticias\/wp-content\/uploads\/2019\/01\/ndp-tele190519.jpg","twitter:label1":"Escrito por","twitter:data1":"Cand\u00e1s 365","twitter:label2":"Tiempo de lectura estimado","twitter:data2":"3 minutos"},"aioseo_meta_data":{"post_id":"114624","title":null,"description":null,"keywords":null,"keyphrases":null,"primary_term":null,"canonical_url":null,"og_title":null,"og_description":null,"og_object_type":"default","og_image_type":"default","og_image_url":null,"og_image_width":null,"og_image_height":null,"og_image_custom_url":null,"og_image_custom_fields":null,"og_video":null,"og_custom_url":null,"og_article_section":null,"og_article_tags":null,"twitter_use_og":false,"twitter_card":"default","twitter_image_type":"default","twitter_image_url":null,"twitter_image_custom_url":null,"twitter_image_custom_fields":null,"twitter_title":null,"twitter_description":null,"schema":{"blockGraphs":[],"customGraphs":[],"default":{"data":{"Article":[],"Course":[],"Dataset":[],"FAQPage":[],"Movie":[],"Person":[],"Product":[],"ProductReview":[],"Car":[],"Recipe":[],"Service":[],"SoftwareApplication":[],"WebPage":[]},"graphName":"","isEnabled":true},"graphs":[],"defaultGraph":"","defaultPostTypeGraph":""},"schema_type":null,"schema_type_options":null,"pillar_content":false,"robots_default":true,"robots_noindex":false,"robots_noarchive":false,"robots_nosnippet":false,"robots_nofollow":false,"robots_noimageindex":false,"robots_noodp":false,"robots_notranslate":false,"robots_max_snippet":null,"robots_max_videopreview":null,"robots_max_imagepreview":"large","priority":null,"frequency":null,"location":null,"local_seo":null,"seo_analyzer_scan_date":"2025-08-29 01:50:42","breadcrumb_settings":null,"limit_modified_date":false,"reviewed_by":null,"open_ai":null,"ai":null,"created":"2020-12-21 11:21:56","updated":"2025-08-29 01:50:42"},"aioseo_breadcrumb":"<div class=\"aioseo-breadcrumbs\"><span class=\"aioseo-breadcrumb\">\n\t<a href=\"https:\/\/candas365.es\/noticias\" title=\"Home\">Home<\/a>\n<\/span><span class=\"aioseo-breadcrumb-separator\">&ndash;<\/span><span class=\"aioseo-breadcrumb\">\n\t<a href=\"https:\/\/candas365.es\/noticias\/category\/agenda\/\" title=\"Agenda\">Agenda<\/a>\n<\/span><span class=\"aioseo-breadcrumb-separator\">&ndash;<\/span><span class=\"aioseo-breadcrumb\">\n\tLa 1 estrena \u00abDerecho a so\u00f1ar\u00bb\n<\/span><\/div>","aioseo_breadcrumb_json":[{"label":"Home","link":"https:\/\/candas365.es\/noticias"},{"label":"Agenda","link":"https:\/\/candas365.es\/noticias\/category\/agenda\/"},{"label":"La 1 estrena \u00abDerecho a so\u00f1ar\u00bb","link":"https:\/\/candas365.es\/noticias\/la-1-estrena-derecho-a-sonar\/"}],"_links":{"self":[{"href":"https:\/\/candas365.es\/noticias\/wp-json\/wp\/v2\/posts\/114624","targetHints":{"allow":["GET"]}}],"collection":[{"href":"https:\/\/candas365.es\/noticias\/wp-json\/wp\/v2\/posts"}],"about":[{"href":"https:\/\/candas365.es\/noticias\/wp-json\/wp\/v2\/types\/post"}],"author":[{"embeddable":true,"href":"https:\/\/candas365.es\/noticias\/wp-json\/wp\/v2\/users\/1"}],"replies":[{"embeddable":true,"href":"https:\/\/candas365.es\/noticias\/wp-json\/wp\/v2\/comments?post=114624"}],"version-history":[{"count":0,"href":"https:\/\/candas365.es\/noticias\/wp-json\/wp\/v2\/posts\/114624\/revisions"}],"wp:featuredmedia":[{"embeddable":true,"href":"https:\/\/candas365.es\/noticias\/wp-json\/wp\/v2\/media\/114625"}],"wp:attachment":[{"href":"https:\/\/candas365.es\/noticias\/wp-json\/wp\/v2\/media?parent=114624"}],"wp:term":[{"taxonomy":"category","embeddable":true,"href":"https:\/\/candas365.es\/noticias\/wp-json\/wp\/v2\/categories?post=114624"},{"taxonomy":"post_tag","embeddable":true,"href":"https:\/\/candas365.es\/noticias\/wp-json\/wp\/v2\/tags?post=114624"}],"curies":[{"name":"wp","href":"https:\/\/api.w.org\/{rel}","templated":true}]}}