{"id":114618,"date":"2019-01-19T16:15:26","date_gmt":"2019-01-19T16:15:26","guid":{"rendered":"http:\/\/candas365.es\/noticias\/?p=114618"},"modified":"2019-01-19T16:15:26","modified_gmt":"2019-01-19T16:15:26","slug":"baltasar-lobo-en-imprescindibles","status":"publish","type":"post","link":"https:\/\/candas365.es\/noticias\/baltasar-lobo-en-imprescindibles\/","title":{"rendered":"Baltasar Lobo en \u00abImprescindibles\u00bb"},"content":{"rendered":"<p><strong><img fetchpriority=\"high\" decoding=\"async\" class=\"alignleft size-medium wp-image-114619\" src=\"https:\/\/candas365.es\/noticias\/wp-content\/uploads\/2019\/01\/ndp-tele190419-360x276.jpg\" alt=\"\" width=\"360\" height=\"276\" srcset=\"https:\/\/candas365.es\/noticias\/wp-content\/uploads\/2019\/01\/ndp-tele190419-360x276.jpg 360w, https:\/\/candas365.es\/noticias\/wp-content\/uploads\/2019\/01\/ndp-tele190419-768x588.jpg 768w, https:\/\/candas365.es\/noticias\/wp-content\/uploads\/2019\/01\/ndp-tele190419-627x480.jpg 627w, https:\/\/candas365.es\/noticias\/wp-content\/uploads\/2019\/01\/ndp-tele190419-80x60.jpg 80w, https:\/\/candas365.es\/noticias\/wp-content\/uploads\/2019\/01\/ndp-tele190419-696x533.jpg 696w, https:\/\/candas365.es\/noticias\/wp-content\/uploads\/2019\/01\/ndp-tele190419-549x420.jpg 549w, https:\/\/candas365.es\/noticias\/wp-content\/uploads\/2019\/01\/ndp-tele190419.jpg 900w\" sizes=\"(max-width: 360px) 100vw, 360px\" \/>Agust\u00edn Remesal<\/strong> cuenta en &#8216;La soledad del escultor&#8217; la historia del artista zamorano <strong>Baltasar Lobo<\/strong>. Coproducido por RTVE, se emitir\u00e1 este domingo en &#8216;Imprescindibles&#8217;, tras su estreno en la Seminci de Valladolid. Un homenaje al artista, en el 25\u00ba aniversario de su muerte, que recorre la vida y la obra del <strong>Premio Nacional de Artes Pl\u00e1sticas<\/strong> y recoge casi una veintena de testimonios de expertos en su obra.<\/p>\n<p>Nacido en Zamora en 1910 en el seno de una familia humilde, se form\u00f3 en Bellas Artes en Valladolid y Madrid. Durante esos a\u00f1os de aprendizaje Baltasar Lobo conoci\u00f3 las obras de Picasso, Dal\u00ed y Mir\u00f3, artistas por los que sentir\u00e1 gran admiraci\u00f3n a lo largo de su vida.<\/p>\n<p>Vivi\u00f3 en la capital francesa las vicisitudes de la ocupaci\u00f3n nazi y las penurias del exilio republicano junto a intelectuales espa\u00f1oles, y trabaj\u00f3 en varios talleres, entre ellos el del escultor franc\u00e9s Henry Laurens.<\/p>\n<p>En 1984 celebr\u00f3 su primera exposici\u00f3n en Zamora, a\u00f1o en que se le concedi\u00f3 el Premio Nacional de Artes Pl\u00e1sticas. Sus esculturas est\u00e1n en museos de Europa, Jap\u00f3n y Am\u00e9rica, as\u00ed como en colecciones privadas y p\u00fablicas de m\u00e1s de medio centenar de pa\u00edses, con una valoraci\u00f3n creciente desde su fallecimiento en 1993.<\/p>\n<p>El Ayuntamiento de Zamora instal\u00f3 en esta ciudad el \u00fanico museo existente dedicado a este artista junto a una exhibici\u00f3n permanente al aire libre de sus esculturas m\u00e1s grandes en el castillo medieval de esta ciudad.<\/p>\n<p>El director del documental, Agust\u00edn Remesal, ha desarrollado su carrera en la Radio Nacional de Espa\u00f1a, y en Televisi\u00f3n Espa\u00f1ola. Periodista y escritor, ha trabajado internacionalmente en ciudades como Par\u00eds, Nueva York, Londres, Lisboa y Jerusal\u00e9n. El largometraje pertenece a la Fundaci\u00f3n Baltasar Lobo, y est\u00e1 pensado para proyectarse dentro del museo del artista, en la Casa de los Gigantes de Zamora.<\/p>\n<p>Est\u00e1 <strong>coproducido por Hepkra y RTVE,<\/strong> cuenta con el apoyo de la Fundaci\u00f3n Baltasar Lobo y el Ayuntamiento de Zamora y la colaboraci\u00f3n de Caja Rural de Zamora.<\/p>\n","protected":false},"excerpt":{"rendered":"<p>Agust\u00edn Remesal cuenta en &#8216;La soledad del escultor&#8217; la historia del artista zamorano Baltasar Lobo. Coproducido por RTVE, se emitir\u00e1 este domingo en &#8216;Imprescindibles&#8217;, tras su estreno en la Seminci de Valladolid. Un homenaje al artista, en el 25\u00ba aniversario de su muerte, que recorre la vida y la obra del Premio Nacional de Artes<\/p>\n","protected":false},"author":1,"featured_media":114619,"comment_status":"closed","ping_status":"closed","sticky":false,"template":"","format":"standard","meta":{"footnotes":""},"categories":[1],"tags":[],"class_list":{"0":"post-114618","1":"post","2":"type-post","3":"status-publish","4":"format-standard","5":"has-post-thumbnail","7":"category-agenda"},"aioseo_notices":[],"aioseo_head":"\n\t\t<!-- All in One SEO Pro 4.9.6.2 - aioseo.com -->\n\t<meta name=\"description\" content=\"Agust\u00edn Remesal cuenta en &#039;La soledad del escultor&#039; la historia del artista zamorano Baltasar Lobo. Coproducido por RTVE, se emitir\u00e1 este domingo en &#039;Imprescindibles&#039;, tras su estreno en la Seminci de Valladolid. Un homenaje al artista, en el 25\u00ba aniversario de su muerte, que recorre la vida y la obra del Premio Nacional de Artes\" \/>\n\t<meta name=\"robots\" content=\"max-image-preview:large\" \/>\n\t<meta name=\"author\" content=\"Cand\u00e1s 365\"\/>\n\t<meta name=\"google-site-verification\" content=\"UA-32230408-1\" \/>\n\t<meta name=\"msvalidate.01\" content=\"354F3CDFB2DA171B47FBE9ABF1F88D5\" \/>\n\t<meta name=\"keywords\" content=\"agenda\" \/>\n\t<link rel=\"canonical\" href=\"https:\/\/candas365.es\/noticias\/baltasar-lobo-en-imprescindibles\/\" \/>\n\t<meta name=\"generator\" content=\"All in One SEO Pro (AIOSEO) 4.9.6.2\" \/>\n\t\t<meta property=\"og:locale\" content=\"es_ES\" \/>\n\t\t<meta property=\"og:site_name\" content=\"Cand\u00e1s 365\" \/>\n\t\t<meta property=\"og:type\" content=\"article\" \/>\n\t\t<meta property=\"og:title\" content=\"Baltasar Lobo en \u00abImprescindibles\u00bb | Cand\u00e1s 365\" \/>\n\t\t<meta property=\"og:description\" content=\"Agust\u00edn Remesal cuenta en &#039;La soledad del escultor&#039; la historia del artista zamorano Baltasar Lobo. Coproducido por RTVE, se emitir\u00e1 este domingo en &#039;Imprescindibles&#039;, tras su estreno en la Seminci de Valladolid. Un homenaje al artista, en el 25\u00ba aniversario de su muerte, que recorre la vida y la obra del Premio Nacional de Artes\" \/>\n\t\t<meta property=\"og:url\" content=\"https:\/\/candas365.es\/noticias\/baltasar-lobo-en-imprescindibles\/\" \/>\n\t\t<meta property=\"og:image\" content=\"https:\/\/candas365.es\/noticias\/wp-content\/uploads\/2019\/01\/ndp-tele190419.jpg\" \/>\n\t\t<meta property=\"og:image:secure_url\" content=\"https:\/\/candas365.es\/noticias\/wp-content\/uploads\/2019\/01\/ndp-tele190419.jpg\" \/>\n\t\t<meta property=\"og:image:width\" content=\"900\" \/>\n\t\t<meta property=\"og:image:height\" content=\"689\" \/>\n\t\t<meta property=\"article:published_time\" content=\"2019-01-19T16:15:26+00:00\" \/>\n\t\t<meta property=\"article:modified_time\" content=\"2019-01-19T16:15:26+00:00\" \/>\n\t\t<meta property=\"article:publisher\" content=\"https:\/\/www.facebook.com\/Nachofdezber\" \/>\n\t\t<meta property=\"article:author\" content=\"https:\/\/www.facebook.com\/carrenoactualidad\" \/>\n\t\t<meta name=\"twitter:card\" content=\"summary_large_image\" \/>\n\t\t<meta name=\"twitter:site\" content=\"@NabercoDigital\" \/>\n\t\t<meta name=\"twitter:title\" content=\"Baltasar Lobo en \u00abImprescindibles\u00bb | Cand\u00e1s 365\" \/>\n\t\t<meta name=\"twitter:description\" content=\"Agust\u00edn Remesal cuenta en &#039;La soledad del escultor&#039; la historia del artista zamorano Baltasar Lobo. Coproducido por RTVE, se emitir\u00e1 este domingo en &#039;Imprescindibles&#039;, tras su estreno en la Seminci de Valladolid. Un homenaje al artista, en el 25\u00ba aniversario de su muerte, que recorre la vida y la obra del Premio Nacional de Artes\" \/>\n\t\t<meta name=\"twitter:creator\" content=\"@nbasturias\" \/>\n\t\t<meta name=\"twitter:image\" content=\"https:\/\/candas365.es\/noticias\/wp-content\/uploads\/2019\/01\/ndp-tele190419.jpg\" \/>\n\t\t<meta name=\"twitter:label1\" content=\"Escrito por\" \/>\n\t\t<meta name=\"twitter:data1\" content=\"Cand\u00e1s 365\" \/>\n\t\t<meta name=\"twitter:label2\" content=\"Tiempo de lectura estimado\" \/>\n\t\t<meta name=\"twitter:data2\" content=\"2 minutos\" \/>\n\t\t<script type=\"application\/ld+json\" class=\"aioseo-schema\">\n\t\t\t{\"@context\":\"https:\\\/\\\/schema.org\",\"@graph\":[{\"@type\":\"BreadcrumbList\",\"@id\":\"https:\\\/\\\/candas365.es\\\/noticias\\\/baltasar-lobo-en-imprescindibles\\\/#breadcrumblist\",\"itemListElement\":[{\"@type\":\"ListItem\",\"@id\":\"https:\\\/\\\/candas365.es\\\/noticias#listItem\",\"position\":1,\"name\":\"Home\",\"item\":\"https:\\\/\\\/candas365.es\\\/noticias\",\"nextItem\":{\"@type\":\"ListItem\",\"@id\":\"https:\\\/\\\/candas365.es\\\/noticias\\\/category\\\/agenda\\\/#listItem\",\"name\":\"Agenda\"}},{\"@type\":\"ListItem\",\"@id\":\"https:\\\/\\\/candas365.es\\\/noticias\\\/category\\\/agenda\\\/#listItem\",\"position\":2,\"name\":\"Agenda\",\"item\":\"https:\\\/\\\/candas365.es\\\/noticias\\\/category\\\/agenda\\\/\",\"nextItem\":{\"@type\":\"ListItem\",\"@id\":\"https:\\\/\\\/candas365.es\\\/noticias\\\/baltasar-lobo-en-imprescindibles\\\/#listItem\",\"name\":\"Baltasar Lobo en \\u00abImprescindibles\\u00bb\"},\"previousItem\":{\"@type\":\"ListItem\",\"@id\":\"https:\\\/\\\/candas365.es\\\/noticias#listItem\",\"name\":\"Home\"}},{\"@type\":\"ListItem\",\"@id\":\"https:\\\/\\\/candas365.es\\\/noticias\\\/baltasar-lobo-en-imprescindibles\\\/#listItem\",\"position\":3,\"name\":\"Baltasar Lobo en \\u00abImprescindibles\\u00bb\",\"previousItem\":{\"@type\":\"ListItem\",\"@id\":\"https:\\\/\\\/candas365.es\\\/noticias\\\/category\\\/agenda\\\/#listItem\",\"name\":\"Agenda\"}}]},{\"@type\":\"NewsArticle\",\"@id\":\"https:\\\/\\\/candas365.es\\\/noticias\\\/baltasar-lobo-en-imprescindibles\\\/#newsarticle\",\"name\":\"Baltasar Lobo en \\u00abImprescindibles\\u00bb | Cand\\u00e1s 365\",\"headline\":\"Baltasar Lobo en \\u00abImprescindibles\\u00bb\",\"author\":{\"@id\":\"https:\\\/\\\/candas365.es\\\/noticias\\\/author\\\/admin\\\/#author\"},\"publisher\":{\"@id\":\"https:\\\/\\\/candas365.es\\\/noticias\\\/#organization\"},\"image\":{\"@type\":\"ImageObject\",\"url\":\"https:\\\/\\\/candas365.es\\\/noticias\\\/wp-content\\\/uploads\\\/2019\\\/01\\\/ndp-tele190419.jpg\",\"width\":900,\"height\":689},\"datePublished\":\"2019-01-19T16:15:26+01:00\",\"dateModified\":\"2019-01-19T16:15:26+01:00\",\"inLanguage\":\"es-ES\",\"mainEntityOfPage\":{\"@id\":\"https:\\\/\\\/candas365.es\\\/noticias\\\/baltasar-lobo-en-imprescindibles\\\/#webpage\"},\"isPartOf\":{\"@id\":\"https:\\\/\\\/candas365.es\\\/noticias\\\/baltasar-lobo-en-imprescindibles\\\/#webpage\"},\"articleSection\":\"Agenda\",\"dateline\":\"Publicado el enero 19, 2019.\"},{\"@type\":\"Organization\",\"@id\":\"https:\\\/\\\/candas365.es\\\/noticias\\\/#organization\",\"name\":\"Cand\\u00e1s 365\",\"description\":\"Cand\\u00e1s 365 es un diario digital independiente, fundado en 2012, con base en Asturias. Informamos con rigor sobre actualidad, sociedad, cultura y ocio, con una mirada local y global.\",\"url\":\"https:\\\/\\\/candas365.es\\\/noticias\\\/\",\"email\":\"info@candas365.es\",\"telephone\":\"+34652131393\",\"foundingDate\":\"2012-06-10\",\"logo\":{\"@type\":\"ImageObject\",\"url\":\"https:\\\/\\\/candas365.es\\\/noticias\\\/wp-content\\\/uploads\\\/2024\\\/09\\\/Candas-365-Redes.jpg\",\"@id\":\"https:\\\/\\\/candas365.es\\\/noticias\\\/baltasar-lobo-en-imprescindibles\\\/#organizationLogo\",\"width\":1152,\"height\":864,\"caption\":\"Cand\\u00e1s 365 Redes\"},\"image\":{\"@id\":\"https:\\\/\\\/candas365.es\\\/noticias\\\/baltasar-lobo-en-imprescindibles\\\/#organizationLogo\"},\"sameAs\":[\"https:\\\/\\\/www.facebook.com\\\/Nachofdezber\",\"https:\\\/\\\/x.com\\\/NabercoDigital\",\"https:\\\/\\\/www.instagram.com\\\/nachofdezber\\\/\",\"https:\\\/\\\/www.youtube.com\\\/channel\\\/UCZP-2wLEB9Rv6erhFmqVnvg\"],\"address\":{\"@id\":\"https:\\\/\\\/candas365.es\\\/noticias\\\/#postaladdress\",\"@type\":\"PostalAddress\",\"streetAddress\":\"san antonio 4, san antonio 4\",\"postalCode\":\"33430\",\"addressLocality\":\"Cand\\u00e1s\",\"addressRegion\":\"Asturias\",\"addressCountry\":\"ES\"}},{\"@type\":\"Person\",\"@id\":\"https:\\\/\\\/candas365.es\\\/noticias\\\/author\\\/admin\\\/#author\",\"url\":\"https:\\\/\\\/candas365.es\\\/noticias\\\/author\\\/admin\\\/\",\"name\":\"Cand\\u00e1s 365\",\"image\":{\"@type\":\"ImageObject\",\"@id\":\"https:\\\/\\\/candas365.es\\\/noticias\\\/baltasar-lobo-en-imprescindibles\\\/#authorImage\",\"url\":\"https:\\\/\\\/secure.gravatar.com\\\/avatar\\\/496a8e03d0c493ede1718b7934145dbdf8d89be1036b0eec9544e1094c9de390?s=96&d=mm&r=g\",\"width\":96,\"height\":96,\"caption\":\"Cand\\u00e1s 365\"},\"sameAs\":[\"https:\\\/\\\/www.facebook.com\\\/carrenoactualidad\",\"https:\\\/\\\/twitter.com\\\/nbasturias\",\"https:\\\/\\\/www.instagram.com\\\/nachofdezber\\\/\",\"https:\\\/\\\/www.youtube.com\\\/channel\\\/UCZP-2wLEB9Rv6erhFmqVnvg\"]},{\"@type\":\"WebPage\",\"@id\":\"https:\\\/\\\/candas365.es\\\/noticias\\\/baltasar-lobo-en-imprescindibles\\\/#webpage\",\"url\":\"https:\\\/\\\/candas365.es\\\/noticias\\\/baltasar-lobo-en-imprescindibles\\\/\",\"name\":\"Baltasar Lobo en \\u00abImprescindibles\\u00bb | Cand\\u00e1s 365\",\"description\":\"Agust\\u00edn Remesal cuenta en 'La soledad del escultor' la historia del artista zamorano Baltasar Lobo. Coproducido por RTVE, se emitir\\u00e1 este domingo en 'Imprescindibles', tras su estreno en la Seminci de Valladolid. Un homenaje al artista, en el 25\\u00ba aniversario de su muerte, que recorre la vida y la obra del Premio Nacional de Artes\",\"inLanguage\":\"es-ES\",\"isPartOf\":{\"@id\":\"https:\\\/\\\/candas365.es\\\/noticias\\\/#website\"},\"breadcrumb\":{\"@id\":\"https:\\\/\\\/candas365.es\\\/noticias\\\/baltasar-lobo-en-imprescindibles\\\/#breadcrumblist\"},\"author\":{\"@id\":\"https:\\\/\\\/candas365.es\\\/noticias\\\/author\\\/admin\\\/#author\"},\"creator\":{\"@id\":\"https:\\\/\\\/candas365.es\\\/noticias\\\/author\\\/admin\\\/#author\"},\"image\":{\"@type\":\"ImageObject\",\"url\":\"https:\\\/\\\/candas365.es\\\/noticias\\\/wp-content\\\/uploads\\\/2019\\\/01\\\/ndp-tele190419.jpg\",\"@id\":\"https:\\\/\\\/candas365.es\\\/noticias\\\/baltasar-lobo-en-imprescindibles\\\/#mainImage\",\"width\":900,\"height\":689},\"primaryImageOfPage\":{\"@id\":\"https:\\\/\\\/candas365.es\\\/noticias\\\/baltasar-lobo-en-imprescindibles\\\/#mainImage\"},\"datePublished\":\"2019-01-19T16:15:26+01:00\",\"dateModified\":\"2019-01-19T16:15:26+01:00\"},{\"@type\":\"WebSite\",\"@id\":\"https:\\\/\\\/candas365.es\\\/noticias\\\/#website\",\"url\":\"https:\\\/\\\/candas365.es\\\/noticias\\\/\",\"name\":\"Cand\\u00e1s 365\",\"alternateName\":\"Cand\\u00e1s 365 Noticias\",\"description\":\"Actualidad desde Carre\\u00f1o para el mundo\",\"inLanguage\":\"es-ES\",\"publisher\":{\"@id\":\"https:\\\/\\\/candas365.es\\\/noticias\\\/#organization\"}}]}\n\t\t<\/script>\n\t\t<!-- All in One SEO Pro -->\r\n\t\t<title>Baltasar Lobo en \u00abImprescindibles\u00bb | Cand\u00e1s 365<\/title>\n\n","aioseo_head_json":{"title":"Baltasar Lobo en \u00abImprescindibles\u00bb | Cand\u00e1s 365","description":"Agust\u00edn Remesal cuenta en 'La soledad del escultor' la historia del artista zamorano Baltasar Lobo. Coproducido por RTVE, se emitir\u00e1 este domingo en 'Imprescindibles', tras su estreno en la Seminci de Valladolid. Un homenaje al artista, en el 25\u00ba aniversario de su muerte, que recorre la vida y la obra del Premio Nacional de Artes","canonical_url":"https:\/\/candas365.es\/noticias\/baltasar-lobo-en-imprescindibles\/","robots":"max-image-preview:large","keywords":"agenda","webmasterTools":{"google-site-verification":"UA-32230408-1","msvalidate.01":"354F3CDFB2DA171B47FBE9ABF1F88D5","miscellaneous":""},"schema":{"@context":"https:\/\/schema.org","@graph":[{"@type":"BreadcrumbList","@id":"https:\/\/candas365.es\/noticias\/baltasar-lobo-en-imprescindibles\/#breadcrumblist","itemListElement":[{"@type":"ListItem","@id":"https:\/\/candas365.es\/noticias#listItem","position":1,"name":"Home","item":"https:\/\/candas365.es\/noticias","nextItem":{"@type":"ListItem","@id":"https:\/\/candas365.es\/noticias\/category\/agenda\/#listItem","name":"Agenda"}},{"@type":"ListItem","@id":"https:\/\/candas365.es\/noticias\/category\/agenda\/#listItem","position":2,"name":"Agenda","item":"https:\/\/candas365.es\/noticias\/category\/agenda\/","nextItem":{"@type":"ListItem","@id":"https:\/\/candas365.es\/noticias\/baltasar-lobo-en-imprescindibles\/#listItem","name":"Baltasar Lobo en \u00abImprescindibles\u00bb"},"previousItem":{"@type":"ListItem","@id":"https:\/\/candas365.es\/noticias#listItem","name":"Home"}},{"@type":"ListItem","@id":"https:\/\/candas365.es\/noticias\/baltasar-lobo-en-imprescindibles\/#listItem","position":3,"name":"Baltasar Lobo en \u00abImprescindibles\u00bb","previousItem":{"@type":"ListItem","@id":"https:\/\/candas365.es\/noticias\/category\/agenda\/#listItem","name":"Agenda"}}]},{"@type":"NewsArticle","@id":"https:\/\/candas365.es\/noticias\/baltasar-lobo-en-imprescindibles\/#newsarticle","name":"Baltasar Lobo en \u00abImprescindibles\u00bb | Cand\u00e1s 365","headline":"Baltasar Lobo en \u00abImprescindibles\u00bb","author":{"@id":"https:\/\/candas365.es\/noticias\/author\/admin\/#author"},"publisher":{"@id":"https:\/\/candas365.es\/noticias\/#organization"},"image":{"@type":"ImageObject","url":"https:\/\/candas365.es\/noticias\/wp-content\/uploads\/2019\/01\/ndp-tele190419.jpg","width":900,"height":689},"datePublished":"2019-01-19T16:15:26+01:00","dateModified":"2019-01-19T16:15:26+01:00","inLanguage":"es-ES","mainEntityOfPage":{"@id":"https:\/\/candas365.es\/noticias\/baltasar-lobo-en-imprescindibles\/#webpage"},"isPartOf":{"@id":"https:\/\/candas365.es\/noticias\/baltasar-lobo-en-imprescindibles\/#webpage"},"articleSection":"Agenda","dateline":"Publicado el enero 19, 2019."},{"@type":"Organization","@id":"https:\/\/candas365.es\/noticias\/#organization","name":"Cand\u00e1s 365","description":"Cand\u00e1s 365 es un diario digital independiente, fundado en 2012, con base en Asturias. Informamos con rigor sobre actualidad, sociedad, cultura y ocio, con una mirada local y global.","url":"https:\/\/candas365.es\/noticias\/","email":"info@candas365.es","telephone":"+34652131393","foundingDate":"2012-06-10","logo":{"@type":"ImageObject","url":"https:\/\/candas365.es\/noticias\/wp-content\/uploads\/2024\/09\/Candas-365-Redes.jpg","@id":"https:\/\/candas365.es\/noticias\/baltasar-lobo-en-imprescindibles\/#organizationLogo","width":1152,"height":864,"caption":"Cand\u00e1s 365 Redes"},"image":{"@id":"https:\/\/candas365.es\/noticias\/baltasar-lobo-en-imprescindibles\/#organizationLogo"},"sameAs":["https:\/\/www.facebook.com\/Nachofdezber","https:\/\/x.com\/NabercoDigital","https:\/\/www.instagram.com\/nachofdezber\/","https:\/\/www.youtube.com\/channel\/UCZP-2wLEB9Rv6erhFmqVnvg"],"address":{"@id":"https:\/\/candas365.es\/noticias\/#postaladdress","@type":"PostalAddress","streetAddress":"san antonio 4, san antonio 4","postalCode":"33430","addressLocality":"Cand\u00e1s","addressRegion":"Asturias","addressCountry":"ES"}},{"@type":"Person","@id":"https:\/\/candas365.es\/noticias\/author\/admin\/#author","url":"https:\/\/candas365.es\/noticias\/author\/admin\/","name":"Cand\u00e1s 365","image":{"@type":"ImageObject","@id":"https:\/\/candas365.es\/noticias\/baltasar-lobo-en-imprescindibles\/#authorImage","url":"https:\/\/secure.gravatar.com\/avatar\/496a8e03d0c493ede1718b7934145dbdf8d89be1036b0eec9544e1094c9de390?s=96&d=mm&r=g","width":96,"height":96,"caption":"Cand\u00e1s 365"},"sameAs":["https:\/\/www.facebook.com\/carrenoactualidad","https:\/\/twitter.com\/nbasturias","https:\/\/www.instagram.com\/nachofdezber\/","https:\/\/www.youtube.com\/channel\/UCZP-2wLEB9Rv6erhFmqVnvg"]},{"@type":"WebPage","@id":"https:\/\/candas365.es\/noticias\/baltasar-lobo-en-imprescindibles\/#webpage","url":"https:\/\/candas365.es\/noticias\/baltasar-lobo-en-imprescindibles\/","name":"Baltasar Lobo en \u00abImprescindibles\u00bb | Cand\u00e1s 365","description":"Agust\u00edn Remesal cuenta en 'La soledad del escultor' la historia del artista zamorano Baltasar Lobo. Coproducido por RTVE, se emitir\u00e1 este domingo en 'Imprescindibles', tras su estreno en la Seminci de Valladolid. Un homenaje al artista, en el 25\u00ba aniversario de su muerte, que recorre la vida y la obra del Premio Nacional de Artes","inLanguage":"es-ES","isPartOf":{"@id":"https:\/\/candas365.es\/noticias\/#website"},"breadcrumb":{"@id":"https:\/\/candas365.es\/noticias\/baltasar-lobo-en-imprescindibles\/#breadcrumblist"},"author":{"@id":"https:\/\/candas365.es\/noticias\/author\/admin\/#author"},"creator":{"@id":"https:\/\/candas365.es\/noticias\/author\/admin\/#author"},"image":{"@type":"ImageObject","url":"https:\/\/candas365.es\/noticias\/wp-content\/uploads\/2019\/01\/ndp-tele190419.jpg","@id":"https:\/\/candas365.es\/noticias\/baltasar-lobo-en-imprescindibles\/#mainImage","width":900,"height":689},"primaryImageOfPage":{"@id":"https:\/\/candas365.es\/noticias\/baltasar-lobo-en-imprescindibles\/#mainImage"},"datePublished":"2019-01-19T16:15:26+01:00","dateModified":"2019-01-19T16:15:26+01:00"},{"@type":"WebSite","@id":"https:\/\/candas365.es\/noticias\/#website","url":"https:\/\/candas365.es\/noticias\/","name":"Cand\u00e1s 365","alternateName":"Cand\u00e1s 365 Noticias","description":"Actualidad desde Carre\u00f1o para el mundo","inLanguage":"es-ES","publisher":{"@id":"https:\/\/candas365.es\/noticias\/#organization"}}]},"og:locale":"es_ES","og:site_name":"Cand\u00e1s 365","og:type":"article","og:title":"Baltasar Lobo en \u00abImprescindibles\u00bb | Cand\u00e1s 365","og:description":"Agust\u00edn Remesal cuenta en 'La soledad del escultor' la historia del artista zamorano Baltasar Lobo. Coproducido por RTVE, se emitir\u00e1 este domingo en 'Imprescindibles', tras su estreno en la Seminci de Valladolid. Un homenaje al artista, en el 25\u00ba aniversario de su muerte, que recorre la vida y la obra del Premio Nacional de Artes","og:url":"https:\/\/candas365.es\/noticias\/baltasar-lobo-en-imprescindibles\/","og:image":"https:\/\/candas365.es\/noticias\/wp-content\/uploads\/2019\/01\/ndp-tele190419.jpg","og:image:secure_url":"https:\/\/candas365.es\/noticias\/wp-content\/uploads\/2019\/01\/ndp-tele190419.jpg","og:image:width":900,"og:image:height":689,"article:published_time":"2019-01-19T16:15:26+00:00","article:modified_time":"2019-01-19T16:15:26+00:00","article:publisher":"https:\/\/www.facebook.com\/Nachofdezber","article:author":"https:\/\/www.facebook.com\/carrenoactualidad","twitter:card":"summary_large_image","twitter:site":"@NabercoDigital","twitter:title":"Baltasar Lobo en \u00abImprescindibles\u00bb | Cand\u00e1s 365","twitter:description":"Agust\u00edn Remesal cuenta en 'La soledad del escultor' la historia del artista zamorano Baltasar Lobo. Coproducido por RTVE, se emitir\u00e1 este domingo en 'Imprescindibles', tras su estreno en la Seminci de Valladolid. Un homenaje al artista, en el 25\u00ba aniversario de su muerte, que recorre la vida y la obra del Premio Nacional de Artes","twitter:creator":"@nbasturias","twitter:image":"https:\/\/candas365.es\/noticias\/wp-content\/uploads\/2019\/01\/ndp-tele190419.jpg","twitter:label1":"Escrito por","twitter:data1":"Cand\u00e1s 365","twitter:label2":"Tiempo de lectura estimado","twitter:data2":"2 minutos"},"aioseo_meta_data":{"post_id":"114618","title":null,"description":null,"keywords":null,"keyphrases":null,"primary_term":null,"canonical_url":null,"og_title":null,"og_description":null,"og_object_type":"default","og_image_type":"default","og_image_url":null,"og_image_width":null,"og_image_height":null,"og_image_custom_url":null,"og_image_custom_fields":null,"og_video":null,"og_custom_url":null,"og_article_section":null,"og_article_tags":null,"twitter_use_og":false,"twitter_card":"default","twitter_image_type":"default","twitter_image_url":null,"twitter_image_custom_url":null,"twitter_image_custom_fields":null,"twitter_title":null,"twitter_description":null,"schema":{"blockGraphs":[],"customGraphs":[],"default":{"data":{"Article":[],"Course":[],"Dataset":[],"FAQPage":[],"Movie":[],"Person":[],"Product":[],"ProductReview":[],"Car":[],"Recipe":[],"Service":[],"SoftwareApplication":[],"WebPage":[]},"graphName":"","isEnabled":true},"graphs":[],"defaultGraph":"","defaultPostTypeGraph":""},"schema_type":null,"schema_type_options":null,"pillar_content":false,"robots_default":true,"robots_noindex":false,"robots_noarchive":false,"robots_nosnippet":false,"robots_nofollow":false,"robots_noimageindex":false,"robots_noodp":false,"robots_notranslate":false,"robots_max_snippet":null,"robots_max_videopreview":null,"robots_max_imagepreview":"large","priority":null,"frequency":null,"location":null,"local_seo":null,"seo_analyzer_scan_date":"2025-08-29 01:50:34","breadcrumb_settings":null,"limit_modified_date":false,"reviewed_by":null,"open_ai":null,"ai":null,"created":"2020-12-21 11:21:56","updated":"2025-08-29 01:50:34"},"aioseo_breadcrumb":"<div class=\"aioseo-breadcrumbs\"><span class=\"aioseo-breadcrumb\">\n\t<a href=\"https:\/\/candas365.es\/noticias\" title=\"Home\">Home<\/a>\n<\/span><span class=\"aioseo-breadcrumb-separator\">&ndash;<\/span><span class=\"aioseo-breadcrumb\">\n\t<a href=\"https:\/\/candas365.es\/noticias\/category\/agenda\/\" title=\"Agenda\">Agenda<\/a>\n<\/span><span class=\"aioseo-breadcrumb-separator\">&ndash;<\/span><span class=\"aioseo-breadcrumb\">\n\tBaltasar Lobo en \u00abImprescindibles\u00bb\n<\/span><\/div>","aioseo_breadcrumb_json":[{"label":"Home","link":"https:\/\/candas365.es\/noticias"},{"label":"Agenda","link":"https:\/\/candas365.es\/noticias\/category\/agenda\/"},{"label":"Baltasar Lobo en \u00abImprescindibles\u00bb","link":"https:\/\/candas365.es\/noticias\/baltasar-lobo-en-imprescindibles\/"}],"_links":{"self":[{"href":"https:\/\/candas365.es\/noticias\/wp-json\/wp\/v2\/posts\/114618","targetHints":{"allow":["GET"]}}],"collection":[{"href":"https:\/\/candas365.es\/noticias\/wp-json\/wp\/v2\/posts"}],"about":[{"href":"https:\/\/candas365.es\/noticias\/wp-json\/wp\/v2\/types\/post"}],"author":[{"embeddable":true,"href":"https:\/\/candas365.es\/noticias\/wp-json\/wp\/v2\/users\/1"}],"replies":[{"embeddable":true,"href":"https:\/\/candas365.es\/noticias\/wp-json\/wp\/v2\/comments?post=114618"}],"version-history":[{"count":0,"href":"https:\/\/candas365.es\/noticias\/wp-json\/wp\/v2\/posts\/114618\/revisions"}],"wp:featuredmedia":[{"embeddable":true,"href":"https:\/\/candas365.es\/noticias\/wp-json\/wp\/v2\/media\/114619"}],"wp:attachment":[{"href":"https:\/\/candas365.es\/noticias\/wp-json\/wp\/v2\/media?parent=114618"}],"wp:term":[{"taxonomy":"category","embeddable":true,"href":"https:\/\/candas365.es\/noticias\/wp-json\/wp\/v2\/categories?post=114618"},{"taxonomy":"post_tag","embeddable":true,"href":"https:\/\/candas365.es\/noticias\/wp-json\/wp\/v2\/tags?post=114618"}],"curies":[{"name":"wp","href":"https:\/\/api.w.org\/{rel}","templated":true}]}}