{"id":114615,"date":"2019-01-19T16:03:08","date_gmt":"2019-01-19T16:03:08","guid":{"rendered":"http:\/\/candas365.es\/noticias\/?p=114615"},"modified":"2019-01-19T16:03:08","modified_gmt":"2019-01-19T16:03:08","slug":"la-noche-tematica-ofrece-esta-semana-la-extincion-salvaje","status":"publish","type":"post","link":"https:\/\/candas365.es\/noticias\/la-noche-tematica-ofrece-esta-semana-la-extincion-salvaje\/","title":{"rendered":"&#8216;La Noche Tematica&#8217; ofrece esta semana &#8216;La extinci\u00f3n salvaje&#8217;"},"content":{"rendered":"<p><img fetchpriority=\"high\" decoding=\"async\" class=\"alignleft size-medium wp-image-114616\" src=\"https:\/\/candas365.es\/noticias\/wp-content\/uploads\/2019\/01\/ndp-tele190119-360x203.jpg\" alt=\"\" width=\"360\" height=\"203\" srcset=\"https:\/\/candas365.es\/noticias\/wp-content\/uploads\/2019\/01\/ndp-tele190119-360x203.jpg 360w, https:\/\/candas365.es\/noticias\/wp-content\/uploads\/2019\/01\/ndp-tele190119-768x432.jpg 768w, https:\/\/candas365.es\/noticias\/wp-content\/uploads\/2019\/01\/ndp-tele190119-655x368.jpg 655w, https:\/\/candas365.es\/noticias\/wp-content\/uploads\/2019\/01\/ndp-tele190119-696x392.jpg 696w, https:\/\/candas365.es\/noticias\/wp-content\/uploads\/2019\/01\/ndp-tele190119-1068x601.jpg 1068w, https:\/\/candas365.es\/noticias\/wp-content\/uploads\/2019\/01\/ndp-tele190119-747x420.jpg 747w, https:\/\/candas365.es\/noticias\/wp-content\/uploads\/2019\/01\/ndp-tele190119.jpg 1600w\" sizes=\"(max-width: 360px) 100vw, 360px\" \/>&#8216;La Noche Tematica&#8217; ofrece esta semana &#8216;La extinci\u00f3n salvaje&#8217;, con el estreno del reportaje &#8216;Rinod\u00f3lares&#8217; y la reemisi\u00f3n de &#8216;Marfil la historia de un crimen&#8217;. Un trabajo que se fija en los elefantes y rinocerontes como principales v\u00edctimas de la caza furtiva por motivos econ\u00f3micos. Perseguidos por su codiciado marfil, apenas queda un mill\u00f3n de elefantes en el mundo. Los cuernos de rinocerontes suponen otro de los negocios ilegales m\u00e1s rentables del mundo. 30.000 euros por kilo.<\/p>\n<p><strong>&#8216;Marfil, la historia de un crimen&#8217;<\/strong><\/p>\n<p>Luchar contra la caza furtiva de elefantes es arriesgado. En la reserva de caza Selous, Tanzania, donde en diez a\u00f1os el n\u00famero de elefantes ha descendido de 70.000 a 13.000, numerosos guardas forestales han sido asesinados por los cazadores furtivos.<\/p>\n<p>Durante milenios, se han cazado elefantes por sus colmillos: el oro blanco. El precio del marfil ha aumentado espectacularmente. Aunque resulte dif\u00edcil de creer, actualmente un kilo de marfil vale m\u00e1s que un kilo de oro. Los elefantes han sido eliminados totalmente en pa\u00edses como Somalia, Mauritania e incluso en el pa\u00eds que lleva su nombre: Costa de Marfil. La necesidad urgente de carne ha empujado a los africanos a matar elefantes desde Chad hasta Ciudad del Cabo.<\/p>\n<p><strong>&#8216;Rinod\u00f3lares&#8217;<\/strong><\/p>\n<p>Con tan solo 25.000 rinocerontes sobre la faz de la tierra, el tr\u00e1fico ilegal de sus cuernos supone una amenaza para la biodiversidad. Cuernos que, reducidos a polvo y mezclados con alcohol, ser\u00edan, seg\u00fan algunas creencia, un remedio eficaz contra el c\u00e1ncer, veneno e incluso los malos esp\u00edritus.<\/p>\n<p>Sin embargo, est\u00e1n formados solo por queratina, como las u\u00f1as. Un falso mito del que se lucran cazadores furtivos, pol\u00edticos y comerciantes. S\u00f3lo en Sud\u00e1frica se est\u00e1n perdiendo m\u00e1s de 1.000 ejemplares al a\u00f1o. \u00bfSe puede salvar al rinoceronte? La guerra por los cuernos tiene su campo de batalla principalmente en Sud\u00e1frica, donde vive el 80% de los rinocerontes. El parque Kruger es su orgullo nacional, pero tambi\u00e9n el primer teatro de la masacre. Quedan 20.000 rinocerontes, pero el pa\u00eds est\u00e1 perdiendo m\u00e1s de 1.000 ejemplares al a\u00f1o.<\/p>\n<p>El rinoceronte, una especie que habita la Tierra desde hace 55 millones de a\u00f1os, est\u00e1 en peligro inminente. Una vez m\u00e1s, por la brutalidad y avaricia del ser humano.<\/p>\n","protected":false},"excerpt":{"rendered":"<p>&#8216;La Noche Tematica&#8217; ofrece esta semana &#8216;La extinci\u00f3n salvaje&#8217;, con el estreno del reportaje &#8216;Rinod\u00f3lares&#8217; y la reemisi\u00f3n de &#8216;Marfil la historia de un crimen&#8217;. Un trabajo que se fija en los elefantes y rinocerontes como principales v\u00edctimas de la caza furtiva por motivos econ\u00f3micos. Perseguidos por su codiciado marfil, apenas queda un mill\u00f3n de<\/p>\n","protected":false},"author":1,"featured_media":114616,"comment_status":"closed","ping_status":"closed","sticky":false,"template":"","format":"standard","meta":{"footnotes":""},"categories":[1],"tags":[],"class_list":{"0":"post-114615","1":"post","2":"type-post","3":"status-publish","4":"format-standard","5":"has-post-thumbnail","7":"category-agenda"},"aioseo_notices":[],"aioseo_head":"\n\t\t<!-- All in One SEO Pro 4.9.6.2 - aioseo.com -->\n\t<meta name=\"description\" content=\"&#039;La Noche Tematica&#039; ofrece esta semana &#039;La extinci\u00f3n salvaje&#039;, con el estreno del reportaje &#039;Rinod\u00f3lares&#039; y la reemisi\u00f3n de &#039;Marfil la historia de un crimen&#039;. Un trabajo que se fija en los elefantes y rinocerontes como principales v\u00edctimas de la caza furtiva por motivos econ\u00f3micos. Perseguidos por su codiciado marfil, apenas queda un mill\u00f3n de\" \/>\n\t<meta name=\"robots\" content=\"max-image-preview:large\" \/>\n\t<meta name=\"author\" content=\"Cand\u00e1s 365\"\/>\n\t<meta name=\"google-site-verification\" content=\"UA-32230408-1\" \/>\n\t<meta name=\"msvalidate.01\" content=\"354F3CDFB2DA171B47FBE9ABF1F88D5\" \/>\n\t<meta name=\"keywords\" content=\"agenda\" \/>\n\t<link rel=\"canonical\" href=\"https:\/\/candas365.es\/noticias\/la-noche-tematica-ofrece-esta-semana-la-extincion-salvaje\/\" \/>\n\t<meta name=\"generator\" content=\"All in One SEO Pro (AIOSEO) 4.9.6.2\" \/>\n\t\t<meta property=\"og:locale\" content=\"es_ES\" \/>\n\t\t<meta property=\"og:site_name\" content=\"Cand\u00e1s 365\" \/>\n\t\t<meta property=\"og:type\" content=\"article\" \/>\n\t\t<meta property=\"og:title\" content=\"\u2018La Noche Tematica\u2019 ofrece esta semana \u2018La extinci\u00f3n salvaje\u2019 | Cand\u00e1s 365\" \/>\n\t\t<meta property=\"og:description\" content=\"&#039;La Noche Tematica&#039; ofrece esta semana &#039;La extinci\u00f3n salvaje&#039;, con el estreno del reportaje &#039;Rinod\u00f3lares&#039; y la reemisi\u00f3n de &#039;Marfil la historia de un crimen&#039;. Un trabajo que se fija en los elefantes y rinocerontes como principales v\u00edctimas de la caza furtiva por motivos econ\u00f3micos. Perseguidos por su codiciado marfil, apenas queda un mill\u00f3n de\" \/>\n\t\t<meta property=\"og:url\" content=\"https:\/\/candas365.es\/noticias\/la-noche-tematica-ofrece-esta-semana-la-extincion-salvaje\/\" \/>\n\t\t<meta property=\"og:image\" content=\"https:\/\/candas365.es\/noticias\/wp-content\/uploads\/2019\/01\/ndp-tele190119.jpg\" \/>\n\t\t<meta property=\"og:image:secure_url\" content=\"https:\/\/candas365.es\/noticias\/wp-content\/uploads\/2019\/01\/ndp-tele190119.jpg\" \/>\n\t\t<meta property=\"og:image:width\" content=\"1600\" \/>\n\t\t<meta property=\"og:image:height\" content=\"900\" \/>\n\t\t<meta property=\"article:published_time\" content=\"2019-01-19T16:03:08+00:00\" \/>\n\t\t<meta property=\"article:modified_time\" content=\"2019-01-19T16:03:08+00:00\" \/>\n\t\t<meta property=\"article:publisher\" content=\"https:\/\/www.facebook.com\/Nachofdezber\" \/>\n\t\t<meta property=\"article:author\" content=\"https:\/\/www.facebook.com\/carrenoactualidad\" \/>\n\t\t<meta name=\"twitter:card\" content=\"summary_large_image\" \/>\n\t\t<meta name=\"twitter:site\" content=\"@NabercoDigital\" \/>\n\t\t<meta name=\"twitter:title\" content=\"\u2018La Noche Tematica\u2019 ofrece esta semana \u2018La extinci\u00f3n salvaje\u2019 | Cand\u00e1s 365\" \/>\n\t\t<meta name=\"twitter:description\" content=\"&#039;La Noche Tematica&#039; ofrece esta semana &#039;La extinci\u00f3n salvaje&#039;, con el estreno del reportaje &#039;Rinod\u00f3lares&#039; y la reemisi\u00f3n de &#039;Marfil la historia de un crimen&#039;. Un trabajo que se fija en los elefantes y rinocerontes como principales v\u00edctimas de la caza furtiva por motivos econ\u00f3micos. Perseguidos por su codiciado marfil, apenas queda un mill\u00f3n de\" \/>\n\t\t<meta name=\"twitter:creator\" content=\"@nbasturias\" \/>\n\t\t<meta name=\"twitter:image\" content=\"https:\/\/candas365.es\/noticias\/wp-content\/uploads\/2019\/01\/ndp-tele190119.jpg\" \/>\n\t\t<meta name=\"twitter:label1\" content=\"Escrito por\" \/>\n\t\t<meta name=\"twitter:data1\" content=\"Cand\u00e1s 365\" \/>\n\t\t<meta name=\"twitter:label2\" content=\"Tiempo de lectura estimado\" \/>\n\t\t<meta name=\"twitter:data2\" content=\"2 minutos\" \/>\n\t\t<script type=\"application\/ld+json\" class=\"aioseo-schema\">\n\t\t\t{\"@context\":\"https:\\\/\\\/schema.org\",\"@graph\":[{\"@type\":\"BreadcrumbList\",\"@id\":\"https:\\\/\\\/candas365.es\\\/noticias\\\/la-noche-tematica-ofrece-esta-semana-la-extincion-salvaje\\\/#breadcrumblist\",\"itemListElement\":[{\"@type\":\"ListItem\",\"@id\":\"https:\\\/\\\/candas365.es\\\/noticias#listItem\",\"position\":1,\"name\":\"Home\",\"item\":\"https:\\\/\\\/candas365.es\\\/noticias\",\"nextItem\":{\"@type\":\"ListItem\",\"@id\":\"https:\\\/\\\/candas365.es\\\/noticias\\\/category\\\/agenda\\\/#listItem\",\"name\":\"Agenda\"}},{\"@type\":\"ListItem\",\"@id\":\"https:\\\/\\\/candas365.es\\\/noticias\\\/category\\\/agenda\\\/#listItem\",\"position\":2,\"name\":\"Agenda\",\"item\":\"https:\\\/\\\/candas365.es\\\/noticias\\\/category\\\/agenda\\\/\",\"nextItem\":{\"@type\":\"ListItem\",\"@id\":\"https:\\\/\\\/candas365.es\\\/noticias\\\/la-noche-tematica-ofrece-esta-semana-la-extincion-salvaje\\\/#listItem\",\"name\":\"&#8216;La Noche Tematica&#8217; ofrece esta semana &#8216;La extinci\\u00f3n salvaje&#8217;\"},\"previousItem\":{\"@type\":\"ListItem\",\"@id\":\"https:\\\/\\\/candas365.es\\\/noticias#listItem\",\"name\":\"Home\"}},{\"@type\":\"ListItem\",\"@id\":\"https:\\\/\\\/candas365.es\\\/noticias\\\/la-noche-tematica-ofrece-esta-semana-la-extincion-salvaje\\\/#listItem\",\"position\":3,\"name\":\"&#8216;La Noche Tematica&#8217; ofrece esta semana &#8216;La extinci\\u00f3n salvaje&#8217;\",\"previousItem\":{\"@type\":\"ListItem\",\"@id\":\"https:\\\/\\\/candas365.es\\\/noticias\\\/category\\\/agenda\\\/#listItem\",\"name\":\"Agenda\"}}]},{\"@type\":\"NewsArticle\",\"@id\":\"https:\\\/\\\/candas365.es\\\/noticias\\\/la-noche-tematica-ofrece-esta-semana-la-extincion-salvaje\\\/#newsarticle\",\"name\":\"\\u2018La Noche Tematica\\u2019 ofrece esta semana \\u2018La extinci\\u00f3n salvaje\\u2019 | Cand\\u00e1s 365\",\"headline\":\"&#8216;La Noche Tematica&#8217; ofrece esta semana &#8216;La extinci\\u00f3n salvaje&#8217;\",\"author\":{\"@id\":\"https:\\\/\\\/candas365.es\\\/noticias\\\/author\\\/admin\\\/#author\"},\"publisher\":{\"@id\":\"https:\\\/\\\/candas365.es\\\/noticias\\\/#organization\"},\"image\":{\"@type\":\"ImageObject\",\"url\":\"https:\\\/\\\/candas365.es\\\/noticias\\\/wp-content\\\/uploads\\\/2019\\\/01\\\/ndp-tele190119.jpg\",\"width\":1600,\"height\":900},\"datePublished\":\"2019-01-19T16:03:08+01:00\",\"dateModified\":\"2019-01-19T16:03:08+01:00\",\"inLanguage\":\"es-ES\",\"mainEntityOfPage\":{\"@id\":\"https:\\\/\\\/candas365.es\\\/noticias\\\/la-noche-tematica-ofrece-esta-semana-la-extincion-salvaje\\\/#webpage\"},\"isPartOf\":{\"@id\":\"https:\\\/\\\/candas365.es\\\/noticias\\\/la-noche-tematica-ofrece-esta-semana-la-extincion-salvaje\\\/#webpage\"},\"articleSection\":\"Agenda\",\"dateline\":\"Publicado el enero 19, 2019.\"},{\"@type\":\"Organization\",\"@id\":\"https:\\\/\\\/candas365.es\\\/noticias\\\/#organization\",\"name\":\"Cand\\u00e1s 365\",\"description\":\"Cand\\u00e1s 365 es un diario digital independiente, fundado en 2012, con base en Asturias. Informamos con rigor sobre actualidad, sociedad, cultura y ocio, con una mirada local y global.\",\"url\":\"https:\\\/\\\/candas365.es\\\/noticias\\\/\",\"email\":\"info@candas365.es\",\"telephone\":\"+34652131393\",\"foundingDate\":\"2012-06-10\",\"logo\":{\"@type\":\"ImageObject\",\"url\":\"https:\\\/\\\/candas365.es\\\/noticias\\\/wp-content\\\/uploads\\\/2024\\\/09\\\/Candas-365-Redes.jpg\",\"@id\":\"https:\\\/\\\/candas365.es\\\/noticias\\\/la-noche-tematica-ofrece-esta-semana-la-extincion-salvaje\\\/#organizationLogo\",\"width\":1152,\"height\":864,\"caption\":\"Cand\\u00e1s 365 Redes\"},\"image\":{\"@id\":\"https:\\\/\\\/candas365.es\\\/noticias\\\/la-noche-tematica-ofrece-esta-semana-la-extincion-salvaje\\\/#organizationLogo\"},\"sameAs\":[\"https:\\\/\\\/www.facebook.com\\\/Nachofdezber\",\"https:\\\/\\\/x.com\\\/NabercoDigital\",\"https:\\\/\\\/www.instagram.com\\\/nachofdezber\\\/\",\"https:\\\/\\\/www.youtube.com\\\/channel\\\/UCZP-2wLEB9Rv6erhFmqVnvg\"],\"address\":{\"@id\":\"https:\\\/\\\/candas365.es\\\/noticias\\\/#postaladdress\",\"@type\":\"PostalAddress\",\"streetAddress\":\"san antonio 4, san antonio 4\",\"postalCode\":\"33430\",\"addressLocality\":\"Cand\\u00e1s\",\"addressRegion\":\"Asturias\",\"addressCountry\":\"ES\"}},{\"@type\":\"Person\",\"@id\":\"https:\\\/\\\/candas365.es\\\/noticias\\\/author\\\/admin\\\/#author\",\"url\":\"https:\\\/\\\/candas365.es\\\/noticias\\\/author\\\/admin\\\/\",\"name\":\"Cand\\u00e1s 365\",\"image\":{\"@type\":\"ImageObject\",\"@id\":\"https:\\\/\\\/candas365.es\\\/noticias\\\/la-noche-tematica-ofrece-esta-semana-la-extincion-salvaje\\\/#authorImage\",\"url\":\"https:\\\/\\\/secure.gravatar.com\\\/avatar\\\/496a8e03d0c493ede1718b7934145dbdf8d89be1036b0eec9544e1094c9de390?s=96&d=mm&r=g\",\"width\":96,\"height\":96,\"caption\":\"Cand\\u00e1s 365\"},\"sameAs\":[\"https:\\\/\\\/www.facebook.com\\\/carrenoactualidad\",\"https:\\\/\\\/twitter.com\\\/nbasturias\",\"https:\\\/\\\/www.instagram.com\\\/nachofdezber\\\/\",\"https:\\\/\\\/www.youtube.com\\\/channel\\\/UCZP-2wLEB9Rv6erhFmqVnvg\"]},{\"@type\":\"WebPage\",\"@id\":\"https:\\\/\\\/candas365.es\\\/noticias\\\/la-noche-tematica-ofrece-esta-semana-la-extincion-salvaje\\\/#webpage\",\"url\":\"https:\\\/\\\/candas365.es\\\/noticias\\\/la-noche-tematica-ofrece-esta-semana-la-extincion-salvaje\\\/\",\"name\":\"\\u2018La Noche Tematica\\u2019 ofrece esta semana \\u2018La extinci\\u00f3n salvaje\\u2019 | Cand\\u00e1s 365\",\"description\":\"'La Noche Tematica' ofrece esta semana 'La extinci\\u00f3n salvaje', con el estreno del reportaje 'Rinod\\u00f3lares' y la reemisi\\u00f3n de 'Marfil la historia de un crimen'. Un trabajo que se fija en los elefantes y rinocerontes como principales v\\u00edctimas de la caza furtiva por motivos econ\\u00f3micos. Perseguidos por su codiciado marfil, apenas queda un mill\\u00f3n de\",\"inLanguage\":\"es-ES\",\"isPartOf\":{\"@id\":\"https:\\\/\\\/candas365.es\\\/noticias\\\/#website\"},\"breadcrumb\":{\"@id\":\"https:\\\/\\\/candas365.es\\\/noticias\\\/la-noche-tematica-ofrece-esta-semana-la-extincion-salvaje\\\/#breadcrumblist\"},\"author\":{\"@id\":\"https:\\\/\\\/candas365.es\\\/noticias\\\/author\\\/admin\\\/#author\"},\"creator\":{\"@id\":\"https:\\\/\\\/candas365.es\\\/noticias\\\/author\\\/admin\\\/#author\"},\"image\":{\"@type\":\"ImageObject\",\"url\":\"https:\\\/\\\/candas365.es\\\/noticias\\\/wp-content\\\/uploads\\\/2019\\\/01\\\/ndp-tele190119.jpg\",\"@id\":\"https:\\\/\\\/candas365.es\\\/noticias\\\/la-noche-tematica-ofrece-esta-semana-la-extincion-salvaje\\\/#mainImage\",\"width\":1600,\"height\":900},\"primaryImageOfPage\":{\"@id\":\"https:\\\/\\\/candas365.es\\\/noticias\\\/la-noche-tematica-ofrece-esta-semana-la-extincion-salvaje\\\/#mainImage\"},\"datePublished\":\"2019-01-19T16:03:08+01:00\",\"dateModified\":\"2019-01-19T16:03:08+01:00\"},{\"@type\":\"WebSite\",\"@id\":\"https:\\\/\\\/candas365.es\\\/noticias\\\/#website\",\"url\":\"https:\\\/\\\/candas365.es\\\/noticias\\\/\",\"name\":\"Cand\\u00e1s 365\",\"alternateName\":\"Cand\\u00e1s 365 Noticias\",\"description\":\"Actualidad desde Carre\\u00f1o para el mundo\",\"inLanguage\":\"es-ES\",\"publisher\":{\"@id\":\"https:\\\/\\\/candas365.es\\\/noticias\\\/#organization\"}}]}\n\t\t<\/script>\n\t\t<!-- All in One SEO Pro -->\r\n\t\t<title>\u2018La Noche Tematica\u2019 ofrece esta semana \u2018La extinci\u00f3n salvaje\u2019 | Cand\u00e1s 365<\/title>\n\n","aioseo_head_json":{"title":"\u2018La Noche Tematica\u2019 ofrece esta semana \u2018La extinci\u00f3n salvaje\u2019 | Cand\u00e1s 365","description":"'La Noche Tematica' ofrece esta semana 'La extinci\u00f3n salvaje', con el estreno del reportaje 'Rinod\u00f3lares' y la reemisi\u00f3n de 'Marfil la historia de un crimen'. Un trabajo que se fija en los elefantes y rinocerontes como principales v\u00edctimas de la caza furtiva por motivos econ\u00f3micos. Perseguidos por su codiciado marfil, apenas queda un mill\u00f3n de","canonical_url":"https:\/\/candas365.es\/noticias\/la-noche-tematica-ofrece-esta-semana-la-extincion-salvaje\/","robots":"max-image-preview:large","keywords":"agenda","webmasterTools":{"google-site-verification":"UA-32230408-1","msvalidate.01":"354F3CDFB2DA171B47FBE9ABF1F88D5","miscellaneous":""},"schema":{"@context":"https:\/\/schema.org","@graph":[{"@type":"BreadcrumbList","@id":"https:\/\/candas365.es\/noticias\/la-noche-tematica-ofrece-esta-semana-la-extincion-salvaje\/#breadcrumblist","itemListElement":[{"@type":"ListItem","@id":"https:\/\/candas365.es\/noticias#listItem","position":1,"name":"Home","item":"https:\/\/candas365.es\/noticias","nextItem":{"@type":"ListItem","@id":"https:\/\/candas365.es\/noticias\/category\/agenda\/#listItem","name":"Agenda"}},{"@type":"ListItem","@id":"https:\/\/candas365.es\/noticias\/category\/agenda\/#listItem","position":2,"name":"Agenda","item":"https:\/\/candas365.es\/noticias\/category\/agenda\/","nextItem":{"@type":"ListItem","@id":"https:\/\/candas365.es\/noticias\/la-noche-tematica-ofrece-esta-semana-la-extincion-salvaje\/#listItem","name":"&#8216;La Noche Tematica&#8217; ofrece esta semana &#8216;La extinci\u00f3n salvaje&#8217;"},"previousItem":{"@type":"ListItem","@id":"https:\/\/candas365.es\/noticias#listItem","name":"Home"}},{"@type":"ListItem","@id":"https:\/\/candas365.es\/noticias\/la-noche-tematica-ofrece-esta-semana-la-extincion-salvaje\/#listItem","position":3,"name":"&#8216;La Noche Tematica&#8217; ofrece esta semana &#8216;La extinci\u00f3n salvaje&#8217;","previousItem":{"@type":"ListItem","@id":"https:\/\/candas365.es\/noticias\/category\/agenda\/#listItem","name":"Agenda"}}]},{"@type":"NewsArticle","@id":"https:\/\/candas365.es\/noticias\/la-noche-tematica-ofrece-esta-semana-la-extincion-salvaje\/#newsarticle","name":"\u2018La Noche Tematica\u2019 ofrece esta semana \u2018La extinci\u00f3n salvaje\u2019 | Cand\u00e1s 365","headline":"&#8216;La Noche Tematica&#8217; ofrece esta semana &#8216;La extinci\u00f3n salvaje&#8217;","author":{"@id":"https:\/\/candas365.es\/noticias\/author\/admin\/#author"},"publisher":{"@id":"https:\/\/candas365.es\/noticias\/#organization"},"image":{"@type":"ImageObject","url":"https:\/\/candas365.es\/noticias\/wp-content\/uploads\/2019\/01\/ndp-tele190119.jpg","width":1600,"height":900},"datePublished":"2019-01-19T16:03:08+01:00","dateModified":"2019-01-19T16:03:08+01:00","inLanguage":"es-ES","mainEntityOfPage":{"@id":"https:\/\/candas365.es\/noticias\/la-noche-tematica-ofrece-esta-semana-la-extincion-salvaje\/#webpage"},"isPartOf":{"@id":"https:\/\/candas365.es\/noticias\/la-noche-tematica-ofrece-esta-semana-la-extincion-salvaje\/#webpage"},"articleSection":"Agenda","dateline":"Publicado el enero 19, 2019."},{"@type":"Organization","@id":"https:\/\/candas365.es\/noticias\/#organization","name":"Cand\u00e1s 365","description":"Cand\u00e1s 365 es un diario digital independiente, fundado en 2012, con base en Asturias. Informamos con rigor sobre actualidad, sociedad, cultura y ocio, con una mirada local y global.","url":"https:\/\/candas365.es\/noticias\/","email":"info@candas365.es","telephone":"+34652131393","foundingDate":"2012-06-10","logo":{"@type":"ImageObject","url":"https:\/\/candas365.es\/noticias\/wp-content\/uploads\/2024\/09\/Candas-365-Redes.jpg","@id":"https:\/\/candas365.es\/noticias\/la-noche-tematica-ofrece-esta-semana-la-extincion-salvaje\/#organizationLogo","width":1152,"height":864,"caption":"Cand\u00e1s 365 Redes"},"image":{"@id":"https:\/\/candas365.es\/noticias\/la-noche-tematica-ofrece-esta-semana-la-extincion-salvaje\/#organizationLogo"},"sameAs":["https:\/\/www.facebook.com\/Nachofdezber","https:\/\/x.com\/NabercoDigital","https:\/\/www.instagram.com\/nachofdezber\/","https:\/\/www.youtube.com\/channel\/UCZP-2wLEB9Rv6erhFmqVnvg"],"address":{"@id":"https:\/\/candas365.es\/noticias\/#postaladdress","@type":"PostalAddress","streetAddress":"san antonio 4, san antonio 4","postalCode":"33430","addressLocality":"Cand\u00e1s","addressRegion":"Asturias","addressCountry":"ES"}},{"@type":"Person","@id":"https:\/\/candas365.es\/noticias\/author\/admin\/#author","url":"https:\/\/candas365.es\/noticias\/author\/admin\/","name":"Cand\u00e1s 365","image":{"@type":"ImageObject","@id":"https:\/\/candas365.es\/noticias\/la-noche-tematica-ofrece-esta-semana-la-extincion-salvaje\/#authorImage","url":"https:\/\/secure.gravatar.com\/avatar\/496a8e03d0c493ede1718b7934145dbdf8d89be1036b0eec9544e1094c9de390?s=96&d=mm&r=g","width":96,"height":96,"caption":"Cand\u00e1s 365"},"sameAs":["https:\/\/www.facebook.com\/carrenoactualidad","https:\/\/twitter.com\/nbasturias","https:\/\/www.instagram.com\/nachofdezber\/","https:\/\/www.youtube.com\/channel\/UCZP-2wLEB9Rv6erhFmqVnvg"]},{"@type":"WebPage","@id":"https:\/\/candas365.es\/noticias\/la-noche-tematica-ofrece-esta-semana-la-extincion-salvaje\/#webpage","url":"https:\/\/candas365.es\/noticias\/la-noche-tematica-ofrece-esta-semana-la-extincion-salvaje\/","name":"\u2018La Noche Tematica\u2019 ofrece esta semana \u2018La extinci\u00f3n salvaje\u2019 | Cand\u00e1s 365","description":"'La Noche Tematica' ofrece esta semana 'La extinci\u00f3n salvaje', con el estreno del reportaje 'Rinod\u00f3lares' y la reemisi\u00f3n de 'Marfil la historia de un crimen'. Un trabajo que se fija en los elefantes y rinocerontes como principales v\u00edctimas de la caza furtiva por motivos econ\u00f3micos. Perseguidos por su codiciado marfil, apenas queda un mill\u00f3n de","inLanguage":"es-ES","isPartOf":{"@id":"https:\/\/candas365.es\/noticias\/#website"},"breadcrumb":{"@id":"https:\/\/candas365.es\/noticias\/la-noche-tematica-ofrece-esta-semana-la-extincion-salvaje\/#breadcrumblist"},"author":{"@id":"https:\/\/candas365.es\/noticias\/author\/admin\/#author"},"creator":{"@id":"https:\/\/candas365.es\/noticias\/author\/admin\/#author"},"image":{"@type":"ImageObject","url":"https:\/\/candas365.es\/noticias\/wp-content\/uploads\/2019\/01\/ndp-tele190119.jpg","@id":"https:\/\/candas365.es\/noticias\/la-noche-tematica-ofrece-esta-semana-la-extincion-salvaje\/#mainImage","width":1600,"height":900},"primaryImageOfPage":{"@id":"https:\/\/candas365.es\/noticias\/la-noche-tematica-ofrece-esta-semana-la-extincion-salvaje\/#mainImage"},"datePublished":"2019-01-19T16:03:08+01:00","dateModified":"2019-01-19T16:03:08+01:00"},{"@type":"WebSite","@id":"https:\/\/candas365.es\/noticias\/#website","url":"https:\/\/candas365.es\/noticias\/","name":"Cand\u00e1s 365","alternateName":"Cand\u00e1s 365 Noticias","description":"Actualidad desde Carre\u00f1o para el mundo","inLanguage":"es-ES","publisher":{"@id":"https:\/\/candas365.es\/noticias\/#organization"}}]},"og:locale":"es_ES","og:site_name":"Cand\u00e1s 365","og:type":"article","og:title":"\u2018La Noche Tematica\u2019 ofrece esta semana \u2018La extinci\u00f3n salvaje\u2019 | Cand\u00e1s 365","og:description":"'La Noche Tematica' ofrece esta semana 'La extinci\u00f3n salvaje', con el estreno del reportaje 'Rinod\u00f3lares' y la reemisi\u00f3n de 'Marfil la historia de un crimen'. Un trabajo que se fija en los elefantes y rinocerontes como principales v\u00edctimas de la caza furtiva por motivos econ\u00f3micos. Perseguidos por su codiciado marfil, apenas queda un mill\u00f3n de","og:url":"https:\/\/candas365.es\/noticias\/la-noche-tematica-ofrece-esta-semana-la-extincion-salvaje\/","og:image":"https:\/\/candas365.es\/noticias\/wp-content\/uploads\/2019\/01\/ndp-tele190119.jpg","og:image:secure_url":"https:\/\/candas365.es\/noticias\/wp-content\/uploads\/2019\/01\/ndp-tele190119.jpg","og:image:width":1600,"og:image:height":900,"article:published_time":"2019-01-19T16:03:08+00:00","article:modified_time":"2019-01-19T16:03:08+00:00","article:publisher":"https:\/\/www.facebook.com\/Nachofdezber","article:author":"https:\/\/www.facebook.com\/carrenoactualidad","twitter:card":"summary_large_image","twitter:site":"@NabercoDigital","twitter:title":"\u2018La Noche Tematica\u2019 ofrece esta semana \u2018La extinci\u00f3n salvaje\u2019 | Cand\u00e1s 365","twitter:description":"'La Noche Tematica' ofrece esta semana 'La extinci\u00f3n salvaje', con el estreno del reportaje 'Rinod\u00f3lares' y la reemisi\u00f3n de 'Marfil la historia de un crimen'. Un trabajo que se fija en los elefantes y rinocerontes como principales v\u00edctimas de la caza furtiva por motivos econ\u00f3micos. Perseguidos por su codiciado marfil, apenas queda un mill\u00f3n de","twitter:creator":"@nbasturias","twitter:image":"https:\/\/candas365.es\/noticias\/wp-content\/uploads\/2019\/01\/ndp-tele190119.jpg","twitter:label1":"Escrito por","twitter:data1":"Cand\u00e1s 365","twitter:label2":"Tiempo de lectura estimado","twitter:data2":"2 minutos"},"aioseo_meta_data":{"post_id":"114615","title":null,"description":null,"keywords":null,"keyphrases":null,"primary_term":null,"canonical_url":null,"og_title":null,"og_description":null,"og_object_type":"default","og_image_type":"default","og_image_url":null,"og_image_width":null,"og_image_height":null,"og_image_custom_url":null,"og_image_custom_fields":null,"og_video":null,"og_custom_url":null,"og_article_section":null,"og_article_tags":null,"twitter_use_og":false,"twitter_card":"default","twitter_image_type":"default","twitter_image_url":null,"twitter_image_custom_url":null,"twitter_image_custom_fields":null,"twitter_title":null,"twitter_description":null,"schema":{"blockGraphs":[],"customGraphs":[],"default":{"data":{"Article":[],"Course":[],"Dataset":[],"FAQPage":[],"Movie":[],"Person":[],"Product":[],"ProductReview":[],"Car":[],"Recipe":[],"Service":[],"SoftwareApplication":[],"WebPage":[]},"graphName":"","isEnabled":true},"graphs":[]},"schema_type":null,"schema_type_options":null,"pillar_content":false,"robots_default":true,"robots_noindex":false,"robots_noarchive":false,"robots_nosnippet":false,"robots_nofollow":false,"robots_noimageindex":false,"robots_noodp":false,"robots_notranslate":false,"robots_max_snippet":null,"robots_max_videopreview":null,"robots_max_imagepreview":"large","priority":null,"frequency":null,"location":null,"local_seo":null,"seo_analyzer_scan_date":"2025-08-29 01:50:32","breadcrumb_settings":null,"limit_modified_date":false,"reviewed_by":null,"open_ai":null,"ai":null,"created":"2020-12-21 11:21:56","updated":"2025-08-29 01:50:32"},"aioseo_breadcrumb":"<div class=\"aioseo-breadcrumbs\"><span class=\"aioseo-breadcrumb\">\n\t<a href=\"https:\/\/candas365.es\/noticias\" title=\"Home\">Home<\/a>\n<\/span><span class=\"aioseo-breadcrumb-separator\">&ndash;<\/span><span class=\"aioseo-breadcrumb\">\n\t<a href=\"https:\/\/candas365.es\/noticias\/category\/agenda\/\" title=\"Agenda\">Agenda<\/a>\n<\/span><span class=\"aioseo-breadcrumb-separator\">&ndash;<\/span><span class=\"aioseo-breadcrumb\">\n\t\u2018La Noche Tematica\u2019 ofrece esta semana \u2018La extinci\u00f3n salvaje\u2019\n<\/span><\/div>","aioseo_breadcrumb_json":[{"label":"Home","link":"https:\/\/candas365.es\/noticias"},{"label":"Agenda","link":"https:\/\/candas365.es\/noticias\/category\/agenda\/"},{"label":"&#8216;La Noche Tematica&#8217; ofrece esta semana &#8216;La extinci\u00f3n salvaje&#8217;","link":"https:\/\/candas365.es\/noticias\/la-noche-tematica-ofrece-esta-semana-la-extincion-salvaje\/"}],"_links":{"self":[{"href":"https:\/\/candas365.es\/noticias\/wp-json\/wp\/v2\/posts\/114615","targetHints":{"allow":["GET"]}}],"collection":[{"href":"https:\/\/candas365.es\/noticias\/wp-json\/wp\/v2\/posts"}],"about":[{"href":"https:\/\/candas365.es\/noticias\/wp-json\/wp\/v2\/types\/post"}],"author":[{"embeddable":true,"href":"https:\/\/candas365.es\/noticias\/wp-json\/wp\/v2\/users\/1"}],"replies":[{"embeddable":true,"href":"https:\/\/candas365.es\/noticias\/wp-json\/wp\/v2\/comments?post=114615"}],"version-history":[{"count":0,"href":"https:\/\/candas365.es\/noticias\/wp-json\/wp\/v2\/posts\/114615\/revisions"}],"wp:featuredmedia":[{"embeddable":true,"href":"https:\/\/candas365.es\/noticias\/wp-json\/wp\/v2\/media\/114616"}],"wp:attachment":[{"href":"https:\/\/candas365.es\/noticias\/wp-json\/wp\/v2\/media?parent=114615"}],"wp:term":[{"taxonomy":"category","embeddable":true,"href":"https:\/\/candas365.es\/noticias\/wp-json\/wp\/v2\/categories?post=114615"},{"taxonomy":"post_tag","embeddable":true,"href":"https:\/\/candas365.es\/noticias\/wp-json\/wp\/v2\/tags?post=114615"}],"curies":[{"name":"wp","href":"https:\/\/api.w.org\/{rel}","templated":true}]}}