{"id":114551,"date":"2019-01-18T21:28:37","date_gmt":"2019-01-18T21:28:37","guid":{"rendered":"http:\/\/candas365.es\/noticias\/?p=114551"},"modified":"2019-01-18T21:28:37","modified_gmt":"2019-01-18T21:28:37","slug":"kerber-celebra-su-cumpleanos-con-el-pase-a-octavos-en-melbourne","status":"publish","type":"post","link":"https:\/\/candas365.es\/noticias\/kerber-celebra-su-cumpleanos-con-el-pase-a-octavos-en-melbourne\/","title":{"rendered":"Kerber celebra su cumplea\u00f1os con el pase a octavos en Melbourne"},"content":{"rendered":"<p><img fetchpriority=\"high\" decoding=\"async\" class=\"alignleft size-medium wp-image-104369\" src=\"https:\/\/candas365.es\/noticias\/wp-content\/uploads\/2018\/09\/tennis-363666_960_720-360x270.jpg\" alt=\"\" width=\"360\" height=\"270\" srcset=\"https:\/\/candas365.es\/noticias\/wp-content\/uploads\/2018\/09\/tennis-363666_960_720-360x270.jpg 360w, https:\/\/candas365.es\/noticias\/wp-content\/uploads\/2018\/09\/tennis-363666_960_720-768x576.jpg 768w, https:\/\/candas365.es\/noticias\/wp-content\/uploads\/2018\/09\/tennis-363666_960_720-640x480.jpg 640w, https:\/\/candas365.es\/noticias\/wp-content\/uploads\/2018\/09\/tennis-363666_960_720-80x60.jpg 80w, https:\/\/candas365.es\/noticias\/wp-content\/uploads\/2018\/09\/tennis-363666_960_720-265x198.jpg 265w, https:\/\/candas365.es\/noticias\/wp-content\/uploads\/2018\/09\/tennis-363666_960_720-696x522.jpg 696w, https:\/\/candas365.es\/noticias\/wp-content\/uploads\/2018\/09\/tennis-363666_960_720-560x420.jpg 560w, https:\/\/candas365.es\/noticias\/wp-content\/uploads\/2018\/09\/tennis-363666_960_720.jpg 960w\" sizes=\"(max-width: 360px) 100vw, 360px\" \/>Melbourne (Australia), 18 ene (dpa) &#8211; La tenista alemana Angelique Kerber se clasific\u00f3 hoy para los octavos de final del Abierto de Australia tras derrotar con superioridad a la jugadora local Kimberly Birrell por 6-1 y 6-0.<\/p>\n<p>La ganadora del Grand Slam australiano en 2016 celebr\u00f3 su 31 cumplea\u00f1os con un partido perfecto ante la n\u00famero 240 del mundo, que hab\u00eda llegado a tercera ronda del torneo de forma sorpresiva.<\/p>\n<p>\u00abNo fue tan f\u00e1cil, estaba bastante nerviosa\u00bb, dijo Kerber al canal de televisi\u00f3n Eurosport. \u00abEn cualquier caso estoy orgullosa de m\u00ed misma y estoy deseando que lleguen los octavos de final\u00bb.<\/p>\n<p>La campeona de Wimbledon 2018 se medir\u00e1 el domingo con la joven tenista estadounidense Danielle Collins, quien derrot\u00f3 a la alemana Julia G\u00f6rges en primera ronda.<\/p>\n<p>Kerber se impuso a Collins el a\u00f1o pasado en hierba en el \u00fanico enfrentamiento entre ambas. \u00abSer\u00e1 de nuevo un partido dif\u00edcil pero voy partido a partido\u00bb, indic\u00f3 Kerber que anunci\u00f3 que quer\u00eda beber un \u00abvaso de agua\u00bb o un \u00abvaso de vino\u00bb. \u00abMe alegro de que haya ido un poco m\u00e1s r\u00e1pido as\u00ed tengo un poco de tiempo para brindar\u00bb, explic\u00f3.<\/p>\n<p>El s\u00e1bado, el tenista alem\u00e1n Alexander Zverev jugar\u00e1 su partido de tercera ronda contra el australiano Alex Bolt con la intenci\u00f3n de meterse por primera vez entre los 16 mejores tenistas del Abierto de Australia. Al duelo de ma\u00f1ana llega como favorito.<\/p>\n<p>Por Robert Semmler (dpa)<\/p>\n","protected":false},"excerpt":{"rendered":"<p>Melbourne (Australia), 18 ene (dpa) &#8211; La tenista alemana Angelique Kerber se clasific\u00f3 hoy para los octavos de final del Abierto de Australia tras derrotar con superioridad a la jugadora local Kimberly Birrell por 6-1 y 6-0. La ganadora del Grand Slam australiano en 2016 celebr\u00f3 su 31 cumplea\u00f1os con un partido perfecto ante la<\/p>\n","protected":false},"author":1,"featured_media":84498,"comment_status":"closed","ping_status":"closed","sticky":false,"template":"","format":"standard","meta":{"footnotes":""},"categories":[319],"tags":[],"class_list":{"0":"post-114551","1":"post","2":"type-post","3":"status-publish","4":"format-standard","5":"has-post-thumbnail","7":"category-deporte"},"aioseo_notices":[],"aioseo_head":"\n\t\t<!-- All in One SEO Pro 4.9.6.2 - aioseo.com -->\n\t<meta name=\"description\" content=\"Melbourne (Australia), 18 ene (dpa) - La tenista alemana Angelique Kerber se clasific\u00f3 hoy para los octavos de final del Abierto de Australia tras derrotar con superioridad a la jugadora local Kimberly Birrell por 6-1 y 6-0. La ganadora del Grand Slam australiano en 2016 celebr\u00f3 su 31 cumplea\u00f1os con un partido perfecto ante la\" \/>\n\t<meta name=\"robots\" content=\"max-image-preview:large\" \/>\n\t<meta name=\"author\" content=\"Cand\u00e1s 365\"\/>\n\t<meta name=\"google-site-verification\" content=\"UA-32230408-1\" \/>\n\t<meta name=\"msvalidate.01\" content=\"354F3CDFB2DA171B47FBE9ABF1F88D5\" \/>\n\t<meta name=\"keywords\" content=\"deporte\" \/>\n\t<link rel=\"canonical\" href=\"https:\/\/candas365.es\/noticias\/kerber-celebra-su-cumpleanos-con-el-pase-a-octavos-en-melbourne\/\" \/>\n\t<meta name=\"generator\" content=\"All in One SEO Pro (AIOSEO) 4.9.6.2\" \/>\n\t\t<meta property=\"og:locale\" content=\"es_ES\" \/>\n\t\t<meta property=\"og:site_name\" content=\"Cand\u00e1s 365\" \/>\n\t\t<meta property=\"og:type\" content=\"article\" \/>\n\t\t<meta property=\"og:title\" content=\"Kerber celebra su cumplea\u00f1os con el pase a octavos en Melbourne | Cand\u00e1s 365\" \/>\n\t\t<meta property=\"og:description\" content=\"Melbourne (Australia), 18 ene (dpa) - La tenista alemana Angelique Kerber se clasific\u00f3 hoy para los octavos de final del Abierto de Australia tras derrotar con superioridad a la jugadora local Kimberly Birrell por 6-1 y 6-0. La ganadora del Grand Slam australiano en 2016 celebr\u00f3 su 31 cumplea\u00f1os con un partido perfecto ante la\" \/>\n\t\t<meta property=\"og:url\" content=\"https:\/\/candas365.es\/noticias\/kerber-celebra-su-cumpleanos-con-el-pase-a-octavos-en-melbourne\/\" \/>\n\t\t<meta property=\"og:image\" content=\"https:\/\/candas365.es\/noticias\/wp-content\/uploads\/2017\/11\/tennis-2100437_960_720.jpg\" \/>\n\t\t<meta property=\"og:image:secure_url\" content=\"https:\/\/candas365.es\/noticias\/wp-content\/uploads\/2017\/11\/tennis-2100437_960_720.jpg\" \/>\n\t\t<meta property=\"og:image:width\" content=\"960\" \/>\n\t\t<meta property=\"og:image:height\" content=\"623\" \/>\n\t\t<meta property=\"article:published_time\" content=\"2019-01-18T21:28:37+00:00\" \/>\n\t\t<meta property=\"article:modified_time\" content=\"2019-01-18T21:28:37+00:00\" \/>\n\t\t<meta property=\"article:publisher\" content=\"https:\/\/www.facebook.com\/Nachofdezber\" \/>\n\t\t<meta property=\"article:author\" content=\"https:\/\/www.facebook.com\/carrenoactualidad\" \/>\n\t\t<meta name=\"twitter:card\" content=\"summary_large_image\" \/>\n\t\t<meta name=\"twitter:site\" content=\"@NabercoDigital\" \/>\n\t\t<meta name=\"twitter:title\" content=\"Kerber celebra su cumplea\u00f1os con el pase a octavos en Melbourne | Cand\u00e1s 365\" \/>\n\t\t<meta name=\"twitter:description\" content=\"Melbourne (Australia), 18 ene (dpa) - La tenista alemana Angelique Kerber se clasific\u00f3 hoy para los octavos de final del Abierto de Australia tras derrotar con superioridad a la jugadora local Kimberly Birrell por 6-1 y 6-0. La ganadora del Grand Slam australiano en 2016 celebr\u00f3 su 31 cumplea\u00f1os con un partido perfecto ante la\" \/>\n\t\t<meta name=\"twitter:creator\" content=\"@nbasturias\" \/>\n\t\t<meta name=\"twitter:image\" content=\"https:\/\/candas365.es\/noticias\/wp-content\/uploads\/2017\/11\/tennis-2100437_960_720.jpg\" \/>\n\t\t<meta name=\"twitter:label1\" content=\"Escrito por\" \/>\n\t\t<meta name=\"twitter:data1\" content=\"Cand\u00e1s 365\" \/>\n\t\t<meta name=\"twitter:label2\" content=\"Tiempo de lectura estimado\" \/>\n\t\t<meta name=\"twitter:data2\" content=\"1 minuto\" \/>\n\t\t<script type=\"application\/ld+json\" class=\"aioseo-schema\">\n\t\t\t{\"@context\":\"https:\\\/\\\/schema.org\",\"@graph\":[{\"@type\":\"BreadcrumbList\",\"@id\":\"https:\\\/\\\/candas365.es\\\/noticias\\\/kerber-celebra-su-cumpleanos-con-el-pase-a-octavos-en-melbourne\\\/#breadcrumblist\",\"itemListElement\":[{\"@type\":\"ListItem\",\"@id\":\"https:\\\/\\\/candas365.es\\\/noticias#listItem\",\"position\":1,\"name\":\"Home\",\"item\":\"https:\\\/\\\/candas365.es\\\/noticias\",\"nextItem\":{\"@type\":\"ListItem\",\"@id\":\"https:\\\/\\\/candas365.es\\\/noticias\\\/category\\\/deporte\\\/#listItem\",\"name\":\"Deporte\"}},{\"@type\":\"ListItem\",\"@id\":\"https:\\\/\\\/candas365.es\\\/noticias\\\/category\\\/deporte\\\/#listItem\",\"position\":2,\"name\":\"Deporte\",\"item\":\"https:\\\/\\\/candas365.es\\\/noticias\\\/category\\\/deporte\\\/\",\"nextItem\":{\"@type\":\"ListItem\",\"@id\":\"https:\\\/\\\/candas365.es\\\/noticias\\\/kerber-celebra-su-cumpleanos-con-el-pase-a-octavos-en-melbourne\\\/#listItem\",\"name\":\"Kerber celebra su cumplea\\u00f1os con el pase a octavos en Melbourne\"},\"previousItem\":{\"@type\":\"ListItem\",\"@id\":\"https:\\\/\\\/candas365.es\\\/noticias#listItem\",\"name\":\"Home\"}},{\"@type\":\"ListItem\",\"@id\":\"https:\\\/\\\/candas365.es\\\/noticias\\\/kerber-celebra-su-cumpleanos-con-el-pase-a-octavos-en-melbourne\\\/#listItem\",\"position\":3,\"name\":\"Kerber celebra su cumplea\\u00f1os con el pase a octavos en Melbourne\",\"previousItem\":{\"@type\":\"ListItem\",\"@id\":\"https:\\\/\\\/candas365.es\\\/noticias\\\/category\\\/deporte\\\/#listItem\",\"name\":\"Deporte\"}}]},{\"@type\":\"NewsArticle\",\"@id\":\"https:\\\/\\\/candas365.es\\\/noticias\\\/kerber-celebra-su-cumpleanos-con-el-pase-a-octavos-en-melbourne\\\/#newsarticle\",\"name\":\"Kerber celebra su cumplea\\u00f1os con el pase a octavos en Melbourne | Cand\\u00e1s 365\",\"headline\":\"Kerber celebra su cumplea\\u00f1os con el pase a octavos en Melbourne\",\"author\":{\"@id\":\"https:\\\/\\\/candas365.es\\\/noticias\\\/author\\\/admin\\\/#author\"},\"publisher\":{\"@id\":\"https:\\\/\\\/candas365.es\\\/noticias\\\/#organization\"},\"image\":{\"@type\":\"ImageObject\",\"url\":\"https:\\\/\\\/candas365.es\\\/noticias\\\/wp-content\\\/uploads\\\/2017\\\/11\\\/tennis-2100437_960_720.jpg\",\"width\":960,\"height\":623},\"datePublished\":\"2019-01-18T21:28:37+01:00\",\"dateModified\":\"2019-01-18T21:28:37+01:00\",\"inLanguage\":\"es-ES\",\"mainEntityOfPage\":{\"@id\":\"https:\\\/\\\/candas365.es\\\/noticias\\\/kerber-celebra-su-cumpleanos-con-el-pase-a-octavos-en-melbourne\\\/#webpage\"},\"isPartOf\":{\"@id\":\"https:\\\/\\\/candas365.es\\\/noticias\\\/kerber-celebra-su-cumpleanos-con-el-pase-a-octavos-en-melbourne\\\/#webpage\"},\"articleSection\":\"Deporte\",\"dateline\":\"Publicado el enero 18, 2019.\"},{\"@type\":\"Organization\",\"@id\":\"https:\\\/\\\/candas365.es\\\/noticias\\\/#organization\",\"name\":\"Cand\\u00e1s 365\",\"description\":\"Cand\\u00e1s 365 es un diario digital independiente, fundado en 2012, con base en Asturias. Informamos con rigor sobre actualidad, sociedad, cultura y ocio, con una mirada local y global.\",\"url\":\"https:\\\/\\\/candas365.es\\\/noticias\\\/\",\"email\":\"info@candas365.es\",\"telephone\":\"+34652131393\",\"foundingDate\":\"2012-06-10\",\"logo\":{\"@type\":\"ImageObject\",\"url\":\"https:\\\/\\\/candas365.es\\\/noticias\\\/wp-content\\\/uploads\\\/2024\\\/09\\\/Candas-365-Redes.jpg\",\"@id\":\"https:\\\/\\\/candas365.es\\\/noticias\\\/kerber-celebra-su-cumpleanos-con-el-pase-a-octavos-en-melbourne\\\/#organizationLogo\",\"width\":1152,\"height\":864,\"caption\":\"Cand\\u00e1s 365 Redes\"},\"image\":{\"@id\":\"https:\\\/\\\/candas365.es\\\/noticias\\\/kerber-celebra-su-cumpleanos-con-el-pase-a-octavos-en-melbourne\\\/#organizationLogo\"},\"sameAs\":[\"https:\\\/\\\/www.facebook.com\\\/Nachofdezber\",\"https:\\\/\\\/x.com\\\/NabercoDigital\",\"https:\\\/\\\/www.instagram.com\\\/nachofdezber\\\/\",\"https:\\\/\\\/www.youtube.com\\\/channel\\\/UCZP-2wLEB9Rv6erhFmqVnvg\"],\"address\":{\"@id\":\"https:\\\/\\\/candas365.es\\\/noticias\\\/#postaladdress\",\"@type\":\"PostalAddress\",\"streetAddress\":\"san antonio 4, san antonio 4\",\"postalCode\":\"33430\",\"addressLocality\":\"Cand\\u00e1s\",\"addressRegion\":\"Asturias\",\"addressCountry\":\"ES\"}},{\"@type\":\"Person\",\"@id\":\"https:\\\/\\\/candas365.es\\\/noticias\\\/author\\\/admin\\\/#author\",\"url\":\"https:\\\/\\\/candas365.es\\\/noticias\\\/author\\\/admin\\\/\",\"name\":\"Cand\\u00e1s 365\",\"image\":{\"@type\":\"ImageObject\",\"@id\":\"https:\\\/\\\/candas365.es\\\/noticias\\\/kerber-celebra-su-cumpleanos-con-el-pase-a-octavos-en-melbourne\\\/#authorImage\",\"url\":\"https:\\\/\\\/secure.gravatar.com\\\/avatar\\\/496a8e03d0c493ede1718b7934145dbdf8d89be1036b0eec9544e1094c9de390?s=96&d=mm&r=g\",\"width\":96,\"height\":96,\"caption\":\"Cand\\u00e1s 365\"},\"sameAs\":[\"https:\\\/\\\/www.facebook.com\\\/carrenoactualidad\",\"https:\\\/\\\/twitter.com\\\/nbasturias\",\"https:\\\/\\\/www.instagram.com\\\/nachofdezber\\\/\",\"https:\\\/\\\/www.youtube.com\\\/channel\\\/UCZP-2wLEB9Rv6erhFmqVnvg\"]},{\"@type\":\"WebPage\",\"@id\":\"https:\\\/\\\/candas365.es\\\/noticias\\\/kerber-celebra-su-cumpleanos-con-el-pase-a-octavos-en-melbourne\\\/#webpage\",\"url\":\"https:\\\/\\\/candas365.es\\\/noticias\\\/kerber-celebra-su-cumpleanos-con-el-pase-a-octavos-en-melbourne\\\/\",\"name\":\"Kerber celebra su cumplea\\u00f1os con el pase a octavos en Melbourne | Cand\\u00e1s 365\",\"description\":\"Melbourne (Australia), 18 ene (dpa) - La tenista alemana Angelique Kerber se clasific\\u00f3 hoy para los octavos de final del Abierto de Australia tras derrotar con superioridad a la jugadora local Kimberly Birrell por 6-1 y 6-0. La ganadora del Grand Slam australiano en 2016 celebr\\u00f3 su 31 cumplea\\u00f1os con un partido perfecto ante la\",\"inLanguage\":\"es-ES\",\"isPartOf\":{\"@id\":\"https:\\\/\\\/candas365.es\\\/noticias\\\/#website\"},\"breadcrumb\":{\"@id\":\"https:\\\/\\\/candas365.es\\\/noticias\\\/kerber-celebra-su-cumpleanos-con-el-pase-a-octavos-en-melbourne\\\/#breadcrumblist\"},\"author\":{\"@id\":\"https:\\\/\\\/candas365.es\\\/noticias\\\/author\\\/admin\\\/#author\"},\"creator\":{\"@id\":\"https:\\\/\\\/candas365.es\\\/noticias\\\/author\\\/admin\\\/#author\"},\"image\":{\"@type\":\"ImageObject\",\"url\":\"https:\\\/\\\/candas365.es\\\/noticias\\\/wp-content\\\/uploads\\\/2017\\\/11\\\/tennis-2100437_960_720.jpg\",\"@id\":\"https:\\\/\\\/candas365.es\\\/noticias\\\/kerber-celebra-su-cumpleanos-con-el-pase-a-octavos-en-melbourne\\\/#mainImage\",\"width\":960,\"height\":623},\"primaryImageOfPage\":{\"@id\":\"https:\\\/\\\/candas365.es\\\/noticias\\\/kerber-celebra-su-cumpleanos-con-el-pase-a-octavos-en-melbourne\\\/#mainImage\"},\"datePublished\":\"2019-01-18T21:28:37+01:00\",\"dateModified\":\"2019-01-18T21:28:37+01:00\"},{\"@type\":\"WebSite\",\"@id\":\"https:\\\/\\\/candas365.es\\\/noticias\\\/#website\",\"url\":\"https:\\\/\\\/candas365.es\\\/noticias\\\/\",\"name\":\"Cand\\u00e1s 365\",\"alternateName\":\"Cand\\u00e1s 365 Noticias\",\"description\":\"Actualidad desde Carre\\u00f1o para el mundo\",\"inLanguage\":\"es-ES\",\"publisher\":{\"@id\":\"https:\\\/\\\/candas365.es\\\/noticias\\\/#organization\"}}]}\n\t\t<\/script>\n\t\t<!-- All in One SEO Pro -->\r\n\t\t<title>Kerber celebra su cumplea\u00f1os con el pase a octavos en Melbourne | Cand\u00e1s 365<\/title>\n\n","aioseo_head_json":{"title":"Kerber celebra su cumplea\u00f1os con el pase a octavos en Melbourne | Cand\u00e1s 365","description":"Melbourne (Australia), 18 ene (dpa) - La tenista alemana Angelique Kerber se clasific\u00f3 hoy para los octavos de final del Abierto de Australia tras derrotar con superioridad a la jugadora local Kimberly Birrell por 6-1 y 6-0. La ganadora del Grand Slam australiano en 2016 celebr\u00f3 su 31 cumplea\u00f1os con un partido perfecto ante la","canonical_url":"https:\/\/candas365.es\/noticias\/kerber-celebra-su-cumpleanos-con-el-pase-a-octavos-en-melbourne\/","robots":"max-image-preview:large","keywords":"deporte","webmasterTools":{"google-site-verification":"UA-32230408-1","msvalidate.01":"354F3CDFB2DA171B47FBE9ABF1F88D5","miscellaneous":""},"schema":{"@context":"https:\/\/schema.org","@graph":[{"@type":"BreadcrumbList","@id":"https:\/\/candas365.es\/noticias\/kerber-celebra-su-cumpleanos-con-el-pase-a-octavos-en-melbourne\/#breadcrumblist","itemListElement":[{"@type":"ListItem","@id":"https:\/\/candas365.es\/noticias#listItem","position":1,"name":"Home","item":"https:\/\/candas365.es\/noticias","nextItem":{"@type":"ListItem","@id":"https:\/\/candas365.es\/noticias\/category\/deporte\/#listItem","name":"Deporte"}},{"@type":"ListItem","@id":"https:\/\/candas365.es\/noticias\/category\/deporte\/#listItem","position":2,"name":"Deporte","item":"https:\/\/candas365.es\/noticias\/category\/deporte\/","nextItem":{"@type":"ListItem","@id":"https:\/\/candas365.es\/noticias\/kerber-celebra-su-cumpleanos-con-el-pase-a-octavos-en-melbourne\/#listItem","name":"Kerber celebra su cumplea\u00f1os con el pase a octavos en Melbourne"},"previousItem":{"@type":"ListItem","@id":"https:\/\/candas365.es\/noticias#listItem","name":"Home"}},{"@type":"ListItem","@id":"https:\/\/candas365.es\/noticias\/kerber-celebra-su-cumpleanos-con-el-pase-a-octavos-en-melbourne\/#listItem","position":3,"name":"Kerber celebra su cumplea\u00f1os con el pase a octavos en Melbourne","previousItem":{"@type":"ListItem","@id":"https:\/\/candas365.es\/noticias\/category\/deporte\/#listItem","name":"Deporte"}}]},{"@type":"NewsArticle","@id":"https:\/\/candas365.es\/noticias\/kerber-celebra-su-cumpleanos-con-el-pase-a-octavos-en-melbourne\/#newsarticle","name":"Kerber celebra su cumplea\u00f1os con el pase a octavos en Melbourne | Cand\u00e1s 365","headline":"Kerber celebra su cumplea\u00f1os con el pase a octavos en Melbourne","author":{"@id":"https:\/\/candas365.es\/noticias\/author\/admin\/#author"},"publisher":{"@id":"https:\/\/candas365.es\/noticias\/#organization"},"image":{"@type":"ImageObject","url":"https:\/\/candas365.es\/noticias\/wp-content\/uploads\/2017\/11\/tennis-2100437_960_720.jpg","width":960,"height":623},"datePublished":"2019-01-18T21:28:37+01:00","dateModified":"2019-01-18T21:28:37+01:00","inLanguage":"es-ES","mainEntityOfPage":{"@id":"https:\/\/candas365.es\/noticias\/kerber-celebra-su-cumpleanos-con-el-pase-a-octavos-en-melbourne\/#webpage"},"isPartOf":{"@id":"https:\/\/candas365.es\/noticias\/kerber-celebra-su-cumpleanos-con-el-pase-a-octavos-en-melbourne\/#webpage"},"articleSection":"Deporte","dateline":"Publicado el enero 18, 2019."},{"@type":"Organization","@id":"https:\/\/candas365.es\/noticias\/#organization","name":"Cand\u00e1s 365","description":"Cand\u00e1s 365 es un diario digital independiente, fundado en 2012, con base en Asturias. Informamos con rigor sobre actualidad, sociedad, cultura y ocio, con una mirada local y global.","url":"https:\/\/candas365.es\/noticias\/","email":"info@candas365.es","telephone":"+34652131393","foundingDate":"2012-06-10","logo":{"@type":"ImageObject","url":"https:\/\/candas365.es\/noticias\/wp-content\/uploads\/2024\/09\/Candas-365-Redes.jpg","@id":"https:\/\/candas365.es\/noticias\/kerber-celebra-su-cumpleanos-con-el-pase-a-octavos-en-melbourne\/#organizationLogo","width":1152,"height":864,"caption":"Cand\u00e1s 365 Redes"},"image":{"@id":"https:\/\/candas365.es\/noticias\/kerber-celebra-su-cumpleanos-con-el-pase-a-octavos-en-melbourne\/#organizationLogo"},"sameAs":["https:\/\/www.facebook.com\/Nachofdezber","https:\/\/x.com\/NabercoDigital","https:\/\/www.instagram.com\/nachofdezber\/","https:\/\/www.youtube.com\/channel\/UCZP-2wLEB9Rv6erhFmqVnvg"],"address":{"@id":"https:\/\/candas365.es\/noticias\/#postaladdress","@type":"PostalAddress","streetAddress":"san antonio 4, san antonio 4","postalCode":"33430","addressLocality":"Cand\u00e1s","addressRegion":"Asturias","addressCountry":"ES"}},{"@type":"Person","@id":"https:\/\/candas365.es\/noticias\/author\/admin\/#author","url":"https:\/\/candas365.es\/noticias\/author\/admin\/","name":"Cand\u00e1s 365","image":{"@type":"ImageObject","@id":"https:\/\/candas365.es\/noticias\/kerber-celebra-su-cumpleanos-con-el-pase-a-octavos-en-melbourne\/#authorImage","url":"https:\/\/secure.gravatar.com\/avatar\/496a8e03d0c493ede1718b7934145dbdf8d89be1036b0eec9544e1094c9de390?s=96&d=mm&r=g","width":96,"height":96,"caption":"Cand\u00e1s 365"},"sameAs":["https:\/\/www.facebook.com\/carrenoactualidad","https:\/\/twitter.com\/nbasturias","https:\/\/www.instagram.com\/nachofdezber\/","https:\/\/www.youtube.com\/channel\/UCZP-2wLEB9Rv6erhFmqVnvg"]},{"@type":"WebPage","@id":"https:\/\/candas365.es\/noticias\/kerber-celebra-su-cumpleanos-con-el-pase-a-octavos-en-melbourne\/#webpage","url":"https:\/\/candas365.es\/noticias\/kerber-celebra-su-cumpleanos-con-el-pase-a-octavos-en-melbourne\/","name":"Kerber celebra su cumplea\u00f1os con el pase a octavos en Melbourne | Cand\u00e1s 365","description":"Melbourne (Australia), 18 ene (dpa) - La tenista alemana Angelique Kerber se clasific\u00f3 hoy para los octavos de final del Abierto de Australia tras derrotar con superioridad a la jugadora local Kimberly Birrell por 6-1 y 6-0. La ganadora del Grand Slam australiano en 2016 celebr\u00f3 su 31 cumplea\u00f1os con un partido perfecto ante la","inLanguage":"es-ES","isPartOf":{"@id":"https:\/\/candas365.es\/noticias\/#website"},"breadcrumb":{"@id":"https:\/\/candas365.es\/noticias\/kerber-celebra-su-cumpleanos-con-el-pase-a-octavos-en-melbourne\/#breadcrumblist"},"author":{"@id":"https:\/\/candas365.es\/noticias\/author\/admin\/#author"},"creator":{"@id":"https:\/\/candas365.es\/noticias\/author\/admin\/#author"},"image":{"@type":"ImageObject","url":"https:\/\/candas365.es\/noticias\/wp-content\/uploads\/2017\/11\/tennis-2100437_960_720.jpg","@id":"https:\/\/candas365.es\/noticias\/kerber-celebra-su-cumpleanos-con-el-pase-a-octavos-en-melbourne\/#mainImage","width":960,"height":623},"primaryImageOfPage":{"@id":"https:\/\/candas365.es\/noticias\/kerber-celebra-su-cumpleanos-con-el-pase-a-octavos-en-melbourne\/#mainImage"},"datePublished":"2019-01-18T21:28:37+01:00","dateModified":"2019-01-18T21:28:37+01:00"},{"@type":"WebSite","@id":"https:\/\/candas365.es\/noticias\/#website","url":"https:\/\/candas365.es\/noticias\/","name":"Cand\u00e1s 365","alternateName":"Cand\u00e1s 365 Noticias","description":"Actualidad desde Carre\u00f1o para el mundo","inLanguage":"es-ES","publisher":{"@id":"https:\/\/candas365.es\/noticias\/#organization"}}]},"og:locale":"es_ES","og:site_name":"Cand\u00e1s 365","og:type":"article","og:title":"Kerber celebra su cumplea\u00f1os con el pase a octavos en Melbourne | Cand\u00e1s 365","og:description":"Melbourne (Australia), 18 ene (dpa) - La tenista alemana Angelique Kerber se clasific\u00f3 hoy para los octavos de final del Abierto de Australia tras derrotar con superioridad a la jugadora local Kimberly Birrell por 6-1 y 6-0. La ganadora del Grand Slam australiano en 2016 celebr\u00f3 su 31 cumplea\u00f1os con un partido perfecto ante la","og:url":"https:\/\/candas365.es\/noticias\/kerber-celebra-su-cumpleanos-con-el-pase-a-octavos-en-melbourne\/","og:image":"https:\/\/candas365.es\/noticias\/wp-content\/uploads\/2017\/11\/tennis-2100437_960_720.jpg","og:image:secure_url":"https:\/\/candas365.es\/noticias\/wp-content\/uploads\/2017\/11\/tennis-2100437_960_720.jpg","og:image:width":960,"og:image:height":623,"article:published_time":"2019-01-18T21:28:37+00:00","article:modified_time":"2019-01-18T21:28:37+00:00","article:publisher":"https:\/\/www.facebook.com\/Nachofdezber","article:author":"https:\/\/www.facebook.com\/carrenoactualidad","twitter:card":"summary_large_image","twitter:site":"@NabercoDigital","twitter:title":"Kerber celebra su cumplea\u00f1os con el pase a octavos en Melbourne | Cand\u00e1s 365","twitter:description":"Melbourne (Australia), 18 ene (dpa) - La tenista alemana Angelique Kerber se clasific\u00f3 hoy para los octavos de final del Abierto de Australia tras derrotar con superioridad a la jugadora local Kimberly Birrell por 6-1 y 6-0. La ganadora del Grand Slam australiano en 2016 celebr\u00f3 su 31 cumplea\u00f1os con un partido perfecto ante la","twitter:creator":"@nbasturias","twitter:image":"https:\/\/candas365.es\/noticias\/wp-content\/uploads\/2017\/11\/tennis-2100437_960_720.jpg","twitter:label1":"Escrito por","twitter:data1":"Cand\u00e1s 365","twitter:label2":"Tiempo de lectura estimado","twitter:data2":"1 minuto"},"aioseo_meta_data":{"post_id":"114551","title":null,"description":null,"keywords":null,"keyphrases":null,"primary_term":null,"canonical_url":null,"og_title":null,"og_description":null,"og_object_type":"default","og_image_type":"default","og_image_url":null,"og_image_width":null,"og_image_height":null,"og_image_custom_url":null,"og_image_custom_fields":null,"og_video":null,"og_custom_url":null,"og_article_section":null,"og_article_tags":null,"twitter_use_og":false,"twitter_card":"default","twitter_image_type":"default","twitter_image_url":null,"twitter_image_custom_url":null,"twitter_image_custom_fields":null,"twitter_title":null,"twitter_description":null,"schema":{"blockGraphs":[],"customGraphs":[],"default":{"data":{"Article":[],"Course":[],"Dataset":[],"FAQPage":[],"Movie":[],"Person":[],"Product":[],"ProductReview":[],"Car":[],"Recipe":[],"Service":[],"SoftwareApplication":[],"WebPage":[]},"graphName":"","isEnabled":true},"graphs":[],"defaultGraph":"","defaultPostTypeGraph":""},"schema_type":null,"schema_type_options":null,"pillar_content":false,"robots_default":true,"robots_noindex":false,"robots_noarchive":false,"robots_nosnippet":false,"robots_nofollow":false,"robots_noimageindex":false,"robots_noodp":false,"robots_notranslate":false,"robots_max_snippet":null,"robots_max_videopreview":null,"robots_max_imagepreview":"large","priority":null,"frequency":null,"location":null,"local_seo":null,"seo_analyzer_scan_date":"2025-08-29 01:37:24","breadcrumb_settings":null,"limit_modified_date":false,"reviewed_by":null,"open_ai":null,"ai":null,"created":"2020-12-21 11:22:54","updated":"2025-08-29 01:37:24"},"aioseo_breadcrumb":"<div class=\"aioseo-breadcrumbs\"><span class=\"aioseo-breadcrumb\">\n\t<a href=\"https:\/\/candas365.es\/noticias\" title=\"Home\">Home<\/a>\n<\/span><span class=\"aioseo-breadcrumb-separator\">&ndash;<\/span><span class=\"aioseo-breadcrumb\">\n\t<a href=\"https:\/\/candas365.es\/noticias\/category\/deporte\/\" title=\"Deporte\">Deporte<\/a>\n<\/span><span class=\"aioseo-breadcrumb-separator\">&ndash;<\/span><span class=\"aioseo-breadcrumb\">\n\tKerber celebra su cumplea\u00f1os con el pase a octavos en Melbourne\n<\/span><\/div>","aioseo_breadcrumb_json":[{"label":"Home","link":"https:\/\/candas365.es\/noticias"},{"label":"Deporte","link":"https:\/\/candas365.es\/noticias\/category\/deporte\/"},{"label":"Kerber celebra su cumplea\u00f1os con el pase a octavos en Melbourne","link":"https:\/\/candas365.es\/noticias\/kerber-celebra-su-cumpleanos-con-el-pase-a-octavos-en-melbourne\/"}],"_links":{"self":[{"href":"https:\/\/candas365.es\/noticias\/wp-json\/wp\/v2\/posts\/114551","targetHints":{"allow":["GET"]}}],"collection":[{"href":"https:\/\/candas365.es\/noticias\/wp-json\/wp\/v2\/posts"}],"about":[{"href":"https:\/\/candas365.es\/noticias\/wp-json\/wp\/v2\/types\/post"}],"author":[{"embeddable":true,"href":"https:\/\/candas365.es\/noticias\/wp-json\/wp\/v2\/users\/1"}],"replies":[{"embeddable":true,"href":"https:\/\/candas365.es\/noticias\/wp-json\/wp\/v2\/comments?post=114551"}],"version-history":[{"count":0,"href":"https:\/\/candas365.es\/noticias\/wp-json\/wp\/v2\/posts\/114551\/revisions"}],"wp:featuredmedia":[{"embeddable":true,"href":"https:\/\/candas365.es\/noticias\/wp-json\/wp\/v2\/media\/84498"}],"wp:attachment":[{"href":"https:\/\/candas365.es\/noticias\/wp-json\/wp\/v2\/media?parent=114551"}],"wp:term":[{"taxonomy":"category","embeddable":true,"href":"https:\/\/candas365.es\/noticias\/wp-json\/wp\/v2\/categories?post=114551"},{"taxonomy":"post_tag","embeddable":true,"href":"https:\/\/candas365.es\/noticias\/wp-json\/wp\/v2\/tags?post=114551"}],"curies":[{"name":"wp","href":"https:\/\/api.w.org\/{rel}","templated":true}]}}