{"id":114491,"date":"2019-01-17T23:49:30","date_gmt":"2019-01-17T23:49:30","guid":{"rendered":"http:\/\/candas365.es\/noticias\/?p=114491"},"modified":"2019-01-17T23:49:30","modified_gmt":"2019-01-17T23:49:30","slug":"subastan-el-legado-del-mitico-fritz-walter","status":"publish","type":"post","link":"https:\/\/candas365.es\/noticias\/subastan-el-legado-del-mitico-fritz-walter\/","title":{"rendered":"Subastan el legado del m\u00edtico Fritz Walter"},"content":{"rendered":"<p><img fetchpriority=\"high\" decoding=\"async\" class=\"alignleft size-medium wp-image-107673\" src=\"https:\/\/candas365.es\/noticias\/wp-content\/uploads\/2018\/10\/germany-1455116_960_720-360x202.jpg\" alt=\"\" width=\"360\" height=\"202\" srcset=\"https:\/\/candas365.es\/noticias\/wp-content\/uploads\/2018\/10\/germany-1455116_960_720-360x202.jpg 360w, https:\/\/candas365.es\/noticias\/wp-content\/uploads\/2018\/10\/germany-1455116_960_720-768x431.jpg 768w, https:\/\/candas365.es\/noticias\/wp-content\/uploads\/2018\/10\/germany-1455116_960_720-655x368.jpg 655w, https:\/\/candas365.es\/noticias\/wp-content\/uploads\/2018\/10\/germany-1455116_960_720-696x391.jpg 696w, https:\/\/candas365.es\/noticias\/wp-content\/uploads\/2018\/10\/germany-1455116_960_720-748x420.jpg 748w, https:\/\/candas365.es\/noticias\/wp-content\/uploads\/2018\/10\/germany-1455116_960_720.jpg 960w\" sizes=\"(max-width: 360px) 100vw, 360px\" \/>Heidelberg (Alemania), 17 ene (dpa) &#8211; El legado del capit\u00e1n de la selecci\u00f3n alemana de f\u00fatbol que se coron\u00f3 campeona del mundo en 1954, Fritz Walter, ser\u00e1 subastado en Alemania el pr\u00f3ximo 16 de febrero, confirm\u00f3 hoy a dpa la casa de subastas \u00abKunst&amp;Kuriosa\u00bb.<\/p>\n<p>En total ser\u00e1n ofrecidos al mejor postor cerca de un millar de recuerdos personales del futbolista fallecido en 2002. Los objetos estaban expuestos hasta ahora en el museo en la antigua casa del deportista cerca de la ciudad de Kaiserslautern.<\/p>\n<p>La subasta tambi\u00e9n ha despertado el inter\u00e9s del Museo Alem\u00e1n del F\u00fatbol en Dortmund. \u00abNos interesar\u00eda pujar si encontramos alg\u00fan objeto que pudiera tener relevancia para nuestra exposici\u00f3n o para alguna muestra futura\u00bb, dijo a dpa el director del museo, Manuel Neukirchner. \u00abPero el precio tiene que ser razonable\u00bb.<\/p>\n","protected":false},"excerpt":{"rendered":"<p>Heidelberg (Alemania), 17 ene (dpa) &#8211; El legado del capit\u00e1n de la selecci\u00f3n alemana de f\u00fatbol que se coron\u00f3 campeona del mundo en 1954, Fritz Walter, ser\u00e1 subastado en Alemania el pr\u00f3ximo 16 de febrero, confirm\u00f3 hoy a dpa la casa de subastas \u00abKunst&amp;Kuriosa\u00bb. En total ser\u00e1n ofrecidos al mejor postor cerca de un millar<\/p>\n","protected":false},"author":1,"featured_media":107673,"comment_status":"closed","ping_status":"closed","sticky":false,"template":"","format":"standard","meta":{"footnotes":""},"categories":[319],"tags":[],"class_list":{"0":"post-114491","1":"post","2":"type-post","3":"status-publish","4":"format-standard","5":"has-post-thumbnail","7":"category-deporte"},"aioseo_notices":[],"aioseo_head":"\n\t\t<!-- All in One SEO Pro 4.9.6.2 - aioseo.com -->\n\t<meta name=\"description\" content=\"Heidelberg (Alemania), 17 ene (dpa) - El legado del capit\u00e1n de la selecci\u00f3n alemana de f\u00fatbol que se coron\u00f3 campeona del mundo en 1954, Fritz Walter, ser\u00e1 subastado en Alemania el pr\u00f3ximo 16 de febrero, confirm\u00f3 hoy a dpa la casa de subastas &quot;Kunst&amp;Kuriosa&quot;. En total ser\u00e1n ofrecidos al mejor postor cerca de un millar\" \/>\n\t<meta name=\"robots\" content=\"max-image-preview:large\" \/>\n\t<meta name=\"author\" content=\"Cand\u00e1s 365\"\/>\n\t<meta name=\"google-site-verification\" content=\"UA-32230408-1\" \/>\n\t<meta name=\"msvalidate.01\" content=\"354F3CDFB2DA171B47FBE9ABF1F88D5\" \/>\n\t<meta name=\"keywords\" content=\"deporte\" \/>\n\t<link rel=\"canonical\" href=\"https:\/\/candas365.es\/noticias\/subastan-el-legado-del-mitico-fritz-walter\/\" \/>\n\t<meta name=\"generator\" content=\"All in One SEO Pro (AIOSEO) 4.9.6.2\" \/>\n\t\t<meta property=\"og:locale\" content=\"es_ES\" \/>\n\t\t<meta property=\"og:site_name\" content=\"Cand\u00e1s 365\" \/>\n\t\t<meta property=\"og:type\" content=\"article\" \/>\n\t\t<meta property=\"og:title\" content=\"Subastan el legado del m\u00edtico Fritz Walter | Cand\u00e1s 365\" \/>\n\t\t<meta property=\"og:description\" content=\"Heidelberg (Alemania), 17 ene (dpa) - El legado del capit\u00e1n de la selecci\u00f3n alemana de f\u00fatbol que se coron\u00f3 campeona del mundo en 1954, Fritz Walter, ser\u00e1 subastado en Alemania el pr\u00f3ximo 16 de febrero, confirm\u00f3 hoy a dpa la casa de subastas &quot;Kunst&amp;Kuriosa&quot;. En total ser\u00e1n ofrecidos al mejor postor cerca de un millar\" \/>\n\t\t<meta property=\"og:url\" content=\"https:\/\/candas365.es\/noticias\/subastan-el-legado-del-mitico-fritz-walter\/\" \/>\n\t\t<meta property=\"og:image\" content=\"https:\/\/candas365.es\/noticias\/wp-content\/uploads\/2018\/10\/germany-1455116_960_720.jpg\" \/>\n\t\t<meta property=\"og:image:secure_url\" content=\"https:\/\/candas365.es\/noticias\/wp-content\/uploads\/2018\/10\/germany-1455116_960_720.jpg\" \/>\n\t\t<meta property=\"og:image:width\" content=\"960\" \/>\n\t\t<meta property=\"og:image:height\" content=\"539\" \/>\n\t\t<meta property=\"article:published_time\" content=\"2019-01-17T23:49:30+00:00\" \/>\n\t\t<meta property=\"article:modified_time\" content=\"2019-01-17T23:49:30+00:00\" \/>\n\t\t<meta property=\"article:publisher\" content=\"https:\/\/www.facebook.com\/Nachofdezber\" \/>\n\t\t<meta property=\"article:author\" content=\"https:\/\/www.facebook.com\/carrenoactualidad\" \/>\n\t\t<meta name=\"twitter:card\" content=\"summary_large_image\" \/>\n\t\t<meta name=\"twitter:site\" content=\"@NabercoDigital\" \/>\n\t\t<meta name=\"twitter:title\" content=\"Subastan el legado del m\u00edtico Fritz Walter | Cand\u00e1s 365\" \/>\n\t\t<meta name=\"twitter:description\" content=\"Heidelberg (Alemania), 17 ene (dpa) - El legado del capit\u00e1n de la selecci\u00f3n alemana de f\u00fatbol que se coron\u00f3 campeona del mundo en 1954, Fritz Walter, ser\u00e1 subastado en Alemania el pr\u00f3ximo 16 de febrero, confirm\u00f3 hoy a dpa la casa de subastas &quot;Kunst&amp;Kuriosa&quot;. En total ser\u00e1n ofrecidos al mejor postor cerca de un millar\" \/>\n\t\t<meta name=\"twitter:creator\" content=\"@nbasturias\" \/>\n\t\t<meta name=\"twitter:image\" content=\"https:\/\/candas365.es\/noticias\/wp-content\/uploads\/2018\/10\/germany-1455116_960_720.jpg\" \/>\n\t\t<meta name=\"twitter:label1\" content=\"Escrito por\" \/>\n\t\t<meta name=\"twitter:data1\" content=\"Cand\u00e1s 365\" \/>\n\t\t<meta name=\"twitter:label2\" content=\"Tiempo de lectura estimado\" \/>\n\t\t<meta name=\"twitter:data2\" content=\"1 minuto\" \/>\n\t\t<script type=\"application\/ld+json\" class=\"aioseo-schema\">\n\t\t\t{\"@context\":\"https:\\\/\\\/schema.org\",\"@graph\":[{\"@type\":\"BreadcrumbList\",\"@id\":\"https:\\\/\\\/candas365.es\\\/noticias\\\/subastan-el-legado-del-mitico-fritz-walter\\\/#breadcrumblist\",\"itemListElement\":[{\"@type\":\"ListItem\",\"@id\":\"https:\\\/\\\/candas365.es\\\/noticias#listItem\",\"position\":1,\"name\":\"Home\",\"item\":\"https:\\\/\\\/candas365.es\\\/noticias\",\"nextItem\":{\"@type\":\"ListItem\",\"@id\":\"https:\\\/\\\/candas365.es\\\/noticias\\\/category\\\/deporte\\\/#listItem\",\"name\":\"Deporte\"}},{\"@type\":\"ListItem\",\"@id\":\"https:\\\/\\\/candas365.es\\\/noticias\\\/category\\\/deporte\\\/#listItem\",\"position\":2,\"name\":\"Deporte\",\"item\":\"https:\\\/\\\/candas365.es\\\/noticias\\\/category\\\/deporte\\\/\",\"nextItem\":{\"@type\":\"ListItem\",\"@id\":\"https:\\\/\\\/candas365.es\\\/noticias\\\/subastan-el-legado-del-mitico-fritz-walter\\\/#listItem\",\"name\":\"Subastan el legado del m\\u00edtico Fritz Walter\"},\"previousItem\":{\"@type\":\"ListItem\",\"@id\":\"https:\\\/\\\/candas365.es\\\/noticias#listItem\",\"name\":\"Home\"}},{\"@type\":\"ListItem\",\"@id\":\"https:\\\/\\\/candas365.es\\\/noticias\\\/subastan-el-legado-del-mitico-fritz-walter\\\/#listItem\",\"position\":3,\"name\":\"Subastan el legado del m\\u00edtico Fritz Walter\",\"previousItem\":{\"@type\":\"ListItem\",\"@id\":\"https:\\\/\\\/candas365.es\\\/noticias\\\/category\\\/deporte\\\/#listItem\",\"name\":\"Deporte\"}}]},{\"@type\":\"NewsArticle\",\"@id\":\"https:\\\/\\\/candas365.es\\\/noticias\\\/subastan-el-legado-del-mitico-fritz-walter\\\/#newsarticle\",\"name\":\"Subastan el legado del m\\u00edtico Fritz Walter | Cand\\u00e1s 365\",\"headline\":\"Subastan el legado del m\\u00edtico Fritz Walter\",\"author\":{\"@id\":\"https:\\\/\\\/candas365.es\\\/noticias\\\/author\\\/admin\\\/#author\"},\"publisher\":{\"@id\":\"https:\\\/\\\/candas365.es\\\/noticias\\\/#organization\"},\"image\":{\"@type\":\"ImageObject\",\"url\":\"https:\\\/\\\/candas365.es\\\/noticias\\\/wp-content\\\/uploads\\\/2018\\\/10\\\/germany-1455116_960_720.jpg\",\"width\":960,\"height\":539},\"datePublished\":\"2019-01-17T23:49:30+01:00\",\"dateModified\":\"2019-01-17T23:49:30+01:00\",\"inLanguage\":\"es-ES\",\"mainEntityOfPage\":{\"@id\":\"https:\\\/\\\/candas365.es\\\/noticias\\\/subastan-el-legado-del-mitico-fritz-walter\\\/#webpage\"},\"isPartOf\":{\"@id\":\"https:\\\/\\\/candas365.es\\\/noticias\\\/subastan-el-legado-del-mitico-fritz-walter\\\/#webpage\"},\"articleSection\":\"Deporte\",\"dateline\":\"Publicado el enero 17, 2019.\"},{\"@type\":\"Organization\",\"@id\":\"https:\\\/\\\/candas365.es\\\/noticias\\\/#organization\",\"name\":\"Cand\\u00e1s 365\",\"description\":\"Cand\\u00e1s 365 es un diario digital independiente, fundado en 2012, con base en Asturias. Informamos con rigor sobre actualidad, sociedad, cultura y ocio, con una mirada local y global.\",\"url\":\"https:\\\/\\\/candas365.es\\\/noticias\\\/\",\"email\":\"info@candas365.es\",\"telephone\":\"+34652131393\",\"foundingDate\":\"2012-06-10\",\"logo\":{\"@type\":\"ImageObject\",\"url\":\"https:\\\/\\\/candas365.es\\\/noticias\\\/wp-content\\\/uploads\\\/2024\\\/09\\\/Candas-365-Redes.jpg\",\"@id\":\"https:\\\/\\\/candas365.es\\\/noticias\\\/subastan-el-legado-del-mitico-fritz-walter\\\/#organizationLogo\",\"width\":1152,\"height\":864,\"caption\":\"Cand\\u00e1s 365 Redes\"},\"image\":{\"@id\":\"https:\\\/\\\/candas365.es\\\/noticias\\\/subastan-el-legado-del-mitico-fritz-walter\\\/#organizationLogo\"},\"sameAs\":[\"https:\\\/\\\/www.facebook.com\\\/Nachofdezber\",\"https:\\\/\\\/x.com\\\/NabercoDigital\",\"https:\\\/\\\/www.instagram.com\\\/nachofdezber\\\/\",\"https:\\\/\\\/www.youtube.com\\\/channel\\\/UCZP-2wLEB9Rv6erhFmqVnvg\"],\"address\":{\"@id\":\"https:\\\/\\\/candas365.es\\\/noticias\\\/#postaladdress\",\"@type\":\"PostalAddress\",\"streetAddress\":\"san antonio 4, san antonio 4\",\"postalCode\":\"33430\",\"addressLocality\":\"Cand\\u00e1s\",\"addressRegion\":\"Asturias\",\"addressCountry\":\"ES\"}},{\"@type\":\"Person\",\"@id\":\"https:\\\/\\\/candas365.es\\\/noticias\\\/author\\\/admin\\\/#author\",\"url\":\"https:\\\/\\\/candas365.es\\\/noticias\\\/author\\\/admin\\\/\",\"name\":\"Cand\\u00e1s 365\",\"image\":{\"@type\":\"ImageObject\",\"@id\":\"https:\\\/\\\/candas365.es\\\/noticias\\\/subastan-el-legado-del-mitico-fritz-walter\\\/#authorImage\",\"url\":\"https:\\\/\\\/secure.gravatar.com\\\/avatar\\\/496a8e03d0c493ede1718b7934145dbdf8d89be1036b0eec9544e1094c9de390?s=96&d=mm&r=g\",\"width\":96,\"height\":96,\"caption\":\"Cand\\u00e1s 365\"},\"sameAs\":[\"https:\\\/\\\/www.facebook.com\\\/carrenoactualidad\",\"https:\\\/\\\/twitter.com\\\/nbasturias\",\"https:\\\/\\\/www.instagram.com\\\/nachofdezber\\\/\",\"https:\\\/\\\/www.youtube.com\\\/channel\\\/UCZP-2wLEB9Rv6erhFmqVnvg\"]},{\"@type\":\"WebPage\",\"@id\":\"https:\\\/\\\/candas365.es\\\/noticias\\\/subastan-el-legado-del-mitico-fritz-walter\\\/#webpage\",\"url\":\"https:\\\/\\\/candas365.es\\\/noticias\\\/subastan-el-legado-del-mitico-fritz-walter\\\/\",\"name\":\"Subastan el legado del m\\u00edtico Fritz Walter | Cand\\u00e1s 365\",\"description\":\"Heidelberg (Alemania), 17 ene (dpa) - El legado del capit\\u00e1n de la selecci\\u00f3n alemana de f\\u00fatbol que se coron\\u00f3 campeona del mundo en 1954, Fritz Walter, ser\\u00e1 subastado en Alemania el pr\\u00f3ximo 16 de febrero, confirm\\u00f3 hoy a dpa la casa de subastas \\\"Kunst&Kuriosa\\\". En total ser\\u00e1n ofrecidos al mejor postor cerca de un millar\",\"inLanguage\":\"es-ES\",\"isPartOf\":{\"@id\":\"https:\\\/\\\/candas365.es\\\/noticias\\\/#website\"},\"breadcrumb\":{\"@id\":\"https:\\\/\\\/candas365.es\\\/noticias\\\/subastan-el-legado-del-mitico-fritz-walter\\\/#breadcrumblist\"},\"author\":{\"@id\":\"https:\\\/\\\/candas365.es\\\/noticias\\\/author\\\/admin\\\/#author\"},\"creator\":{\"@id\":\"https:\\\/\\\/candas365.es\\\/noticias\\\/author\\\/admin\\\/#author\"},\"image\":{\"@type\":\"ImageObject\",\"url\":\"https:\\\/\\\/candas365.es\\\/noticias\\\/wp-content\\\/uploads\\\/2018\\\/10\\\/germany-1455116_960_720.jpg\",\"@id\":\"https:\\\/\\\/candas365.es\\\/noticias\\\/subastan-el-legado-del-mitico-fritz-walter\\\/#mainImage\",\"width\":960,\"height\":539},\"primaryImageOfPage\":{\"@id\":\"https:\\\/\\\/candas365.es\\\/noticias\\\/subastan-el-legado-del-mitico-fritz-walter\\\/#mainImage\"},\"datePublished\":\"2019-01-17T23:49:30+01:00\",\"dateModified\":\"2019-01-17T23:49:30+01:00\"},{\"@type\":\"WebSite\",\"@id\":\"https:\\\/\\\/candas365.es\\\/noticias\\\/#website\",\"url\":\"https:\\\/\\\/candas365.es\\\/noticias\\\/\",\"name\":\"Cand\\u00e1s 365\",\"alternateName\":\"Cand\\u00e1s 365 Noticias\",\"description\":\"Actualidad desde Carre\\u00f1o para el mundo\",\"inLanguage\":\"es-ES\",\"publisher\":{\"@id\":\"https:\\\/\\\/candas365.es\\\/noticias\\\/#organization\"}}]}\n\t\t<\/script>\n\t\t<!-- All in One SEO Pro -->\r\n\t\t<title>Subastan el legado del m\u00edtico Fritz Walter | Cand\u00e1s 365<\/title>\n\n","aioseo_head_json":{"title":"Subastan el legado del m\u00edtico Fritz Walter | Cand\u00e1s 365","description":"Heidelberg (Alemania), 17 ene (dpa) - El legado del capit\u00e1n de la selecci\u00f3n alemana de f\u00fatbol que se coron\u00f3 campeona del mundo en 1954, Fritz Walter, ser\u00e1 subastado en Alemania el pr\u00f3ximo 16 de febrero, confirm\u00f3 hoy a dpa la casa de subastas \"Kunst&Kuriosa\". En total ser\u00e1n ofrecidos al mejor postor cerca de un millar","canonical_url":"https:\/\/candas365.es\/noticias\/subastan-el-legado-del-mitico-fritz-walter\/","robots":"max-image-preview:large","keywords":"deporte","webmasterTools":{"google-site-verification":"UA-32230408-1","msvalidate.01":"354F3CDFB2DA171B47FBE9ABF1F88D5","miscellaneous":""},"schema":{"@context":"https:\/\/schema.org","@graph":[{"@type":"BreadcrumbList","@id":"https:\/\/candas365.es\/noticias\/subastan-el-legado-del-mitico-fritz-walter\/#breadcrumblist","itemListElement":[{"@type":"ListItem","@id":"https:\/\/candas365.es\/noticias#listItem","position":1,"name":"Home","item":"https:\/\/candas365.es\/noticias","nextItem":{"@type":"ListItem","@id":"https:\/\/candas365.es\/noticias\/category\/deporte\/#listItem","name":"Deporte"}},{"@type":"ListItem","@id":"https:\/\/candas365.es\/noticias\/category\/deporte\/#listItem","position":2,"name":"Deporte","item":"https:\/\/candas365.es\/noticias\/category\/deporte\/","nextItem":{"@type":"ListItem","@id":"https:\/\/candas365.es\/noticias\/subastan-el-legado-del-mitico-fritz-walter\/#listItem","name":"Subastan el legado del m\u00edtico Fritz Walter"},"previousItem":{"@type":"ListItem","@id":"https:\/\/candas365.es\/noticias#listItem","name":"Home"}},{"@type":"ListItem","@id":"https:\/\/candas365.es\/noticias\/subastan-el-legado-del-mitico-fritz-walter\/#listItem","position":3,"name":"Subastan el legado del m\u00edtico Fritz Walter","previousItem":{"@type":"ListItem","@id":"https:\/\/candas365.es\/noticias\/category\/deporte\/#listItem","name":"Deporte"}}]},{"@type":"NewsArticle","@id":"https:\/\/candas365.es\/noticias\/subastan-el-legado-del-mitico-fritz-walter\/#newsarticle","name":"Subastan el legado del m\u00edtico Fritz Walter | Cand\u00e1s 365","headline":"Subastan el legado del m\u00edtico Fritz Walter","author":{"@id":"https:\/\/candas365.es\/noticias\/author\/admin\/#author"},"publisher":{"@id":"https:\/\/candas365.es\/noticias\/#organization"},"image":{"@type":"ImageObject","url":"https:\/\/candas365.es\/noticias\/wp-content\/uploads\/2018\/10\/germany-1455116_960_720.jpg","width":960,"height":539},"datePublished":"2019-01-17T23:49:30+01:00","dateModified":"2019-01-17T23:49:30+01:00","inLanguage":"es-ES","mainEntityOfPage":{"@id":"https:\/\/candas365.es\/noticias\/subastan-el-legado-del-mitico-fritz-walter\/#webpage"},"isPartOf":{"@id":"https:\/\/candas365.es\/noticias\/subastan-el-legado-del-mitico-fritz-walter\/#webpage"},"articleSection":"Deporte","dateline":"Publicado el enero 17, 2019."},{"@type":"Organization","@id":"https:\/\/candas365.es\/noticias\/#organization","name":"Cand\u00e1s 365","description":"Cand\u00e1s 365 es un diario digital independiente, fundado en 2012, con base en Asturias. Informamos con rigor sobre actualidad, sociedad, cultura y ocio, con una mirada local y global.","url":"https:\/\/candas365.es\/noticias\/","email":"info@candas365.es","telephone":"+34652131393","foundingDate":"2012-06-10","logo":{"@type":"ImageObject","url":"https:\/\/candas365.es\/noticias\/wp-content\/uploads\/2024\/09\/Candas-365-Redes.jpg","@id":"https:\/\/candas365.es\/noticias\/subastan-el-legado-del-mitico-fritz-walter\/#organizationLogo","width":1152,"height":864,"caption":"Cand\u00e1s 365 Redes"},"image":{"@id":"https:\/\/candas365.es\/noticias\/subastan-el-legado-del-mitico-fritz-walter\/#organizationLogo"},"sameAs":["https:\/\/www.facebook.com\/Nachofdezber","https:\/\/x.com\/NabercoDigital","https:\/\/www.instagram.com\/nachofdezber\/","https:\/\/www.youtube.com\/channel\/UCZP-2wLEB9Rv6erhFmqVnvg"],"address":{"@id":"https:\/\/candas365.es\/noticias\/#postaladdress","@type":"PostalAddress","streetAddress":"san antonio 4, san antonio 4","postalCode":"33430","addressLocality":"Cand\u00e1s","addressRegion":"Asturias","addressCountry":"ES"}},{"@type":"Person","@id":"https:\/\/candas365.es\/noticias\/author\/admin\/#author","url":"https:\/\/candas365.es\/noticias\/author\/admin\/","name":"Cand\u00e1s 365","image":{"@type":"ImageObject","@id":"https:\/\/candas365.es\/noticias\/subastan-el-legado-del-mitico-fritz-walter\/#authorImage","url":"https:\/\/secure.gravatar.com\/avatar\/496a8e03d0c493ede1718b7934145dbdf8d89be1036b0eec9544e1094c9de390?s=96&d=mm&r=g","width":96,"height":96,"caption":"Cand\u00e1s 365"},"sameAs":["https:\/\/www.facebook.com\/carrenoactualidad","https:\/\/twitter.com\/nbasturias","https:\/\/www.instagram.com\/nachofdezber\/","https:\/\/www.youtube.com\/channel\/UCZP-2wLEB9Rv6erhFmqVnvg"]},{"@type":"WebPage","@id":"https:\/\/candas365.es\/noticias\/subastan-el-legado-del-mitico-fritz-walter\/#webpage","url":"https:\/\/candas365.es\/noticias\/subastan-el-legado-del-mitico-fritz-walter\/","name":"Subastan el legado del m\u00edtico Fritz Walter | Cand\u00e1s 365","description":"Heidelberg (Alemania), 17 ene (dpa) - El legado del capit\u00e1n de la selecci\u00f3n alemana de f\u00fatbol que se coron\u00f3 campeona del mundo en 1954, Fritz Walter, ser\u00e1 subastado en Alemania el pr\u00f3ximo 16 de febrero, confirm\u00f3 hoy a dpa la casa de subastas \"Kunst&Kuriosa\". En total ser\u00e1n ofrecidos al mejor postor cerca de un millar","inLanguage":"es-ES","isPartOf":{"@id":"https:\/\/candas365.es\/noticias\/#website"},"breadcrumb":{"@id":"https:\/\/candas365.es\/noticias\/subastan-el-legado-del-mitico-fritz-walter\/#breadcrumblist"},"author":{"@id":"https:\/\/candas365.es\/noticias\/author\/admin\/#author"},"creator":{"@id":"https:\/\/candas365.es\/noticias\/author\/admin\/#author"},"image":{"@type":"ImageObject","url":"https:\/\/candas365.es\/noticias\/wp-content\/uploads\/2018\/10\/germany-1455116_960_720.jpg","@id":"https:\/\/candas365.es\/noticias\/subastan-el-legado-del-mitico-fritz-walter\/#mainImage","width":960,"height":539},"primaryImageOfPage":{"@id":"https:\/\/candas365.es\/noticias\/subastan-el-legado-del-mitico-fritz-walter\/#mainImage"},"datePublished":"2019-01-17T23:49:30+01:00","dateModified":"2019-01-17T23:49:30+01:00"},{"@type":"WebSite","@id":"https:\/\/candas365.es\/noticias\/#website","url":"https:\/\/candas365.es\/noticias\/","name":"Cand\u00e1s 365","alternateName":"Cand\u00e1s 365 Noticias","description":"Actualidad desde Carre\u00f1o para el mundo","inLanguage":"es-ES","publisher":{"@id":"https:\/\/candas365.es\/noticias\/#organization"}}]},"og:locale":"es_ES","og:site_name":"Cand\u00e1s 365","og:type":"article","og:title":"Subastan el legado del m\u00edtico Fritz Walter | Cand\u00e1s 365","og:description":"Heidelberg (Alemania), 17 ene (dpa) - El legado del capit\u00e1n de la selecci\u00f3n alemana de f\u00fatbol que se coron\u00f3 campeona del mundo en 1954, Fritz Walter, ser\u00e1 subastado en Alemania el pr\u00f3ximo 16 de febrero, confirm\u00f3 hoy a dpa la casa de subastas &quot;Kunst&amp;Kuriosa&quot;. En total ser\u00e1n ofrecidos al mejor postor cerca de un millar","og:url":"https:\/\/candas365.es\/noticias\/subastan-el-legado-del-mitico-fritz-walter\/","og:image":"https:\/\/candas365.es\/noticias\/wp-content\/uploads\/2018\/10\/germany-1455116_960_720.jpg","og:image:secure_url":"https:\/\/candas365.es\/noticias\/wp-content\/uploads\/2018\/10\/germany-1455116_960_720.jpg","og:image:width":960,"og:image:height":539,"article:published_time":"2019-01-17T23:49:30+00:00","article:modified_time":"2019-01-17T23:49:30+00:00","article:publisher":"https:\/\/www.facebook.com\/Nachofdezber","article:author":"https:\/\/www.facebook.com\/carrenoactualidad","twitter:card":"summary_large_image","twitter:site":"@NabercoDigital","twitter:title":"Subastan el legado del m\u00edtico Fritz Walter | Cand\u00e1s 365","twitter:description":"Heidelberg (Alemania), 17 ene (dpa) - El legado del capit\u00e1n de la selecci\u00f3n alemana de f\u00fatbol que se coron\u00f3 campeona del mundo en 1954, Fritz Walter, ser\u00e1 subastado en Alemania el pr\u00f3ximo 16 de febrero, confirm\u00f3 hoy a dpa la casa de subastas &quot;Kunst&amp;Kuriosa&quot;. En total ser\u00e1n ofrecidos al mejor postor cerca de un millar","twitter:creator":"@nbasturias","twitter:image":"https:\/\/candas365.es\/noticias\/wp-content\/uploads\/2018\/10\/germany-1455116_960_720.jpg","twitter:label1":"Escrito por","twitter:data1":"Cand\u00e1s 365","twitter:label2":"Tiempo de lectura estimado","twitter:data2":"1 minuto"},"aioseo_meta_data":{"post_id":"114491","title":null,"description":null,"keywords":null,"keyphrases":null,"primary_term":null,"canonical_url":null,"og_title":null,"og_description":null,"og_object_type":"default","og_image_type":"default","og_image_url":null,"og_image_width":null,"og_image_height":null,"og_image_custom_url":null,"og_image_custom_fields":null,"og_video":null,"og_custom_url":null,"og_article_section":null,"og_article_tags":null,"twitter_use_og":false,"twitter_card":"default","twitter_image_type":"default","twitter_image_url":null,"twitter_image_custom_url":null,"twitter_image_custom_fields":null,"twitter_title":null,"twitter_description":null,"schema":{"blockGraphs":[],"customGraphs":[],"default":{"data":{"Article":[],"Course":[],"Dataset":[],"FAQPage":[],"Movie":[],"Person":[],"Product":[],"ProductReview":[],"Car":[],"Recipe":[],"Service":[],"SoftwareApplication":[],"WebPage":[]},"graphName":"","isEnabled":true},"graphs":[]},"schema_type":null,"schema_type_options":null,"pillar_content":false,"robots_default":true,"robots_noindex":false,"robots_noarchive":false,"robots_nosnippet":false,"robots_nofollow":false,"robots_noimageindex":false,"robots_noodp":false,"robots_notranslate":false,"robots_max_snippet":null,"robots_max_videopreview":null,"robots_max_imagepreview":"large","priority":null,"frequency":null,"location":null,"local_seo":null,"seo_analyzer_scan_date":"2025-08-29 01:29:28","breadcrumb_settings":null,"limit_modified_date":false,"reviewed_by":null,"open_ai":null,"ai":null,"created":"2020-12-21 11:22:55","updated":"2025-08-29 01:29:28"},"aioseo_breadcrumb":"<div class=\"aioseo-breadcrumbs\"><span class=\"aioseo-breadcrumb\">\n\t<a href=\"https:\/\/candas365.es\/noticias\" title=\"Home\">Home<\/a>\n<\/span><span class=\"aioseo-breadcrumb-separator\">&ndash;<\/span><span class=\"aioseo-breadcrumb\">\n\t<a href=\"https:\/\/candas365.es\/noticias\/category\/deporte\/\" title=\"Deporte\">Deporte<\/a>\n<\/span><span class=\"aioseo-breadcrumb-separator\">&ndash;<\/span><span class=\"aioseo-breadcrumb\">\n\tSubastan el legado del m\u00edtico Fritz Walter\n<\/span><\/div>","aioseo_breadcrumb_json":[{"label":"Home","link":"https:\/\/candas365.es\/noticias"},{"label":"Deporte","link":"https:\/\/candas365.es\/noticias\/category\/deporte\/"},{"label":"Subastan el legado del m\u00edtico Fritz Walter","link":"https:\/\/candas365.es\/noticias\/subastan-el-legado-del-mitico-fritz-walter\/"}],"_links":{"self":[{"href":"https:\/\/candas365.es\/noticias\/wp-json\/wp\/v2\/posts\/114491","targetHints":{"allow":["GET"]}}],"collection":[{"href":"https:\/\/candas365.es\/noticias\/wp-json\/wp\/v2\/posts"}],"about":[{"href":"https:\/\/candas365.es\/noticias\/wp-json\/wp\/v2\/types\/post"}],"author":[{"embeddable":true,"href":"https:\/\/candas365.es\/noticias\/wp-json\/wp\/v2\/users\/1"}],"replies":[{"embeddable":true,"href":"https:\/\/candas365.es\/noticias\/wp-json\/wp\/v2\/comments?post=114491"}],"version-history":[{"count":0,"href":"https:\/\/candas365.es\/noticias\/wp-json\/wp\/v2\/posts\/114491\/revisions"}],"wp:featuredmedia":[{"embeddable":true,"href":"https:\/\/candas365.es\/noticias\/wp-json\/wp\/v2\/media\/107673"}],"wp:attachment":[{"href":"https:\/\/candas365.es\/noticias\/wp-json\/wp\/v2\/media?parent=114491"}],"wp:term":[{"taxonomy":"category","embeddable":true,"href":"https:\/\/candas365.es\/noticias\/wp-json\/wp\/v2\/categories?post=114491"},{"taxonomy":"post_tag","embeddable":true,"href":"https:\/\/candas365.es\/noticias\/wp-json\/wp\/v2\/tags?post=114491"}],"curies":[{"name":"wp","href":"https:\/\/api.w.org\/{rel}","templated":true}]}}