{"id":114414,"date":"2019-01-17T20:45:41","date_gmt":"2019-01-17T20:45:41","guid":{"rendered":"http:\/\/candas365.es\/noticias\/?p=114414"},"modified":"2019-01-17T20:45:41","modified_gmt":"2019-01-17T20:45:41","slug":"la-segunda-mitad-de-la-bundesliga-arranca-sin-el-bayern-como-campeon-invernal","status":"publish","type":"post","link":"https:\/\/candas365.es\/noticias\/la-segunda-mitad-de-la-bundesliga-arranca-sin-el-bayern-como-campeon-invernal\/","title":{"rendered":"La segunda mitad de la Bundesliga arranca sin el Bayern como campe\u00f3n invernal"},"content":{"rendered":"<p><span class=\"dateline\"><img fetchpriority=\"high\" decoding=\"async\" class=\"alignleft size-medium wp-image-94574\" src=\"https:\/\/candas365.es\/noticias\/wp-content\/uploads\/2018\/04\/arena-1181668_960_720-360x240.jpg\" alt=\"\" width=\"360\" height=\"240\" srcset=\"https:\/\/candas365.es\/noticias\/wp-content\/uploads\/2018\/04\/arena-1181668_960_720-360x240.jpg 360w, https:\/\/candas365.es\/noticias\/wp-content\/uploads\/2018\/04\/arena-1181668_960_720-768x512.jpg 768w, https:\/\/candas365.es\/noticias\/wp-content\/uploads\/2018\/04\/arena-1181668_960_720-655x437.jpg 655w, https:\/\/candas365.es\/noticias\/wp-content\/uploads\/2018\/04\/arena-1181668_960_720-696x464.jpg 696w, https:\/\/candas365.es\/noticias\/wp-content\/uploads\/2018\/04\/arena-1181668_960_720-630x420.jpg 630w, https:\/\/candas365.es\/noticias\/wp-content\/uploads\/2018\/04\/arena-1181668_960_720.jpg 960w\" sizes=\"(max-width: 360px) 100vw, 360px\" \/>M\u00fanich, 17 ene\u00a0<span class=\"credit\">(dpa)<\/span>\u00a0&#8211;\u00a0<\/span>Por primera vez desde la temporada 2010-11, el todopoderoso Bayern M\u00fanich no comenzar\u00e1 la segunda vuelta de la Bundesliga como campe\u00f3n invernal.<\/p>\n<p>En aquella oportunidad, su archirrival y actual puntero Borussia Dortmund tambi\u00e9n estaba en el primer puesto y se consagr\u00f3 campe\u00f3n al final de la temporada.<\/p>\n<p>Hasta ahora, el Dortmund nunca dej\u00f3 escapar la posibilidad de ser campe\u00f3n al final tras haber logrado liderar la tabla antes de la pausa.<\/p>\n<p>Sin embargo, los b\u00e1varos lograron alcanzarlos la mayor\u00eda de las veces, en total en siete oportunidades. La segunda mitad del campeonato alem\u00e1n de f\u00fatbol arranca ma\u00f1ana con el duelo que enfrentar\u00e1 a los b\u00e1varos con el local Hoffenheim.<\/p>\n<p>Listado de los campeones invernales y campeones de la temporada desde 2010-11 desde que el Bayern y el Dortmund se disputaron el t\u00edtulo:<\/p>\n<table border=\"1\">\n<tbody>\n<tr>\n<td>Temporada<\/td>\n<td>campe\u00f3n invernal<\/td>\n<td>campe\u00f3n<\/td>\n<\/tr>\n<tr>\n<td>2009-10<\/td>\n<td>Bayer 04 Leverkusen<\/td>\n<td>Bayern M\u00fanich<\/td>\n<\/tr>\n<tr>\n<td>2010-11<\/td>\n<td>Borussia Dortmund<\/td>\n<td>Borussia Dortmund<\/td>\n<\/tr>\n<tr>\n<td>2011-12<\/td>\n<td>Bayern M\u00fanich<\/td>\n<td>Borussia Dortmund<\/td>\n<\/tr>\n<tr>\n<td>2012-13<\/td>\n<td>Bayern M\u00fanich<\/td>\n<td>Bayern M\u00fanich<\/td>\n<\/tr>\n<tr>\n<td>2013-14<\/td>\n<td>Bayern M\u00fanich<\/td>\n<td>Bayern M\u00fanich<\/td>\n<\/tr>\n<tr>\n<td>2014-15<\/td>\n<td>Bayern M\u00fanich<\/td>\n<td>Bayern M\u00fanich<\/td>\n<\/tr>\n<tr>\n<td>2015-16<\/td>\n<td>Bayern M\u00fanich<\/td>\n<td>Bayern M\u00fanich<\/td>\n<\/tr>\n<tr>\n<td>2016-17<\/td>\n<td>Bayern M\u00fanich<\/td>\n<td>Bayern M\u00fanich<\/td>\n<\/tr>\n<tr>\n<td>2017-18<\/td>\n<td>Bayern M\u00fanich<\/td>\n<td>Bayern M\u00fanich<\/td>\n<\/tr>\n<tr>\n<td>2018-19<\/td>\n<td>Borussia Dortmund<\/td>\n<\/tr>\n<\/tbody>\n<\/table>\n","protected":false},"excerpt":{"rendered":"<p>M\u00fanich, 17 ene\u00a0(dpa)\u00a0&#8211;\u00a0Por primera vez desde la temporada 2010-11, el todopoderoso Bayern M\u00fanich no comenzar\u00e1 la segunda vuelta de la Bundesliga como campe\u00f3n invernal. En aquella oportunidad, su archirrival y actual puntero Borussia Dortmund tambi\u00e9n estaba en el primer puesto y se consagr\u00f3 campe\u00f3n al final de la temporada. Hasta ahora, el Dortmund nunca dej\u00f3<\/p>\n","protected":false},"author":1,"featured_media":94574,"comment_status":"closed","ping_status":"closed","sticky":false,"template":"","format":"standard","meta":{"footnotes":""},"categories":[319],"tags":[],"class_list":{"0":"post-114414","1":"post","2":"type-post","3":"status-publish","4":"format-standard","5":"has-post-thumbnail","7":"category-deporte"},"aioseo_notices":[],"aioseo_head":"\n\t\t<!-- All in One SEO Pro 4.9.6.2 - aioseo.com -->\n\t<meta name=\"description\" content=\"M\u00fanich, 17 ene (dpa) - Por primera vez desde la temporada 2010-11, el todopoderoso Bayern M\u00fanich no comenzar\u00e1 la segunda vuelta de la Bundesliga como campe\u00f3n invernal. En aquella oportunidad, su archirrival y actual puntero Borussia Dortmund tambi\u00e9n estaba en el primer puesto y se consagr\u00f3 campe\u00f3n al final de la temporada. Hasta ahora, el Dortmund nunca dej\u00f3\" \/>\n\t<meta name=\"robots\" content=\"max-image-preview:large\" \/>\n\t<meta name=\"author\" content=\"Cand\u00e1s 365\"\/>\n\t<meta name=\"google-site-verification\" content=\"UA-32230408-1\" \/>\n\t<meta name=\"msvalidate.01\" content=\"354F3CDFB2DA171B47FBE9ABF1F88D5\" \/>\n\t<meta name=\"keywords\" content=\"deporte\" \/>\n\t<link rel=\"canonical\" href=\"https:\/\/candas365.es\/noticias\/la-segunda-mitad-de-la-bundesliga-arranca-sin-el-bayern-como-campeon-invernal\/\" \/>\n\t<meta name=\"generator\" content=\"All in One SEO Pro (AIOSEO) 4.9.6.2\" \/>\n\t\t<meta property=\"og:locale\" content=\"es_ES\" \/>\n\t\t<meta property=\"og:site_name\" content=\"Cand\u00e1s 365\" \/>\n\t\t<meta property=\"og:type\" content=\"article\" \/>\n\t\t<meta property=\"og:title\" content=\"La segunda mitad de la Bundesliga arranca sin el Bayern como campe\u00f3n invernal | Cand\u00e1s 365\" \/>\n\t\t<meta property=\"og:description\" content=\"M\u00fanich, 17 ene (dpa) - Por primera vez desde la temporada 2010-11, el todopoderoso Bayern M\u00fanich no comenzar\u00e1 la segunda vuelta de la Bundesliga como campe\u00f3n invernal. En aquella oportunidad, su archirrival y actual puntero Borussia Dortmund tambi\u00e9n estaba en el primer puesto y se consagr\u00f3 campe\u00f3n al final de la temporada. Hasta ahora, el Dortmund nunca dej\u00f3\" \/>\n\t\t<meta property=\"og:url\" content=\"https:\/\/candas365.es\/noticias\/la-segunda-mitad-de-la-bundesliga-arranca-sin-el-bayern-como-campeon-invernal\/\" \/>\n\t\t<meta property=\"og:image\" content=\"https:\/\/candas365.es\/noticias\/wp-content\/uploads\/2018\/04\/arena-1181668_960_720.jpg\" \/>\n\t\t<meta property=\"og:image:secure_url\" content=\"https:\/\/candas365.es\/noticias\/wp-content\/uploads\/2018\/04\/arena-1181668_960_720.jpg\" \/>\n\t\t<meta property=\"og:image:width\" content=\"960\" \/>\n\t\t<meta property=\"og:image:height\" content=\"640\" \/>\n\t\t<meta property=\"article:published_time\" content=\"2019-01-17T20:45:41+00:00\" \/>\n\t\t<meta property=\"article:modified_time\" content=\"2019-01-17T20:45:41+00:00\" \/>\n\t\t<meta property=\"article:publisher\" content=\"https:\/\/www.facebook.com\/Nachofdezber\" \/>\n\t\t<meta property=\"article:author\" content=\"https:\/\/www.facebook.com\/carrenoactualidad\" \/>\n\t\t<meta name=\"twitter:card\" content=\"summary_large_image\" \/>\n\t\t<meta name=\"twitter:site\" content=\"@NabercoDigital\" \/>\n\t\t<meta name=\"twitter:title\" content=\"La segunda mitad de la Bundesliga arranca sin el Bayern como campe\u00f3n invernal | Cand\u00e1s 365\" \/>\n\t\t<meta name=\"twitter:description\" content=\"M\u00fanich, 17 ene (dpa) - Por primera vez desde la temporada 2010-11, el todopoderoso Bayern M\u00fanich no comenzar\u00e1 la segunda vuelta de la Bundesliga como campe\u00f3n invernal. En aquella oportunidad, su archirrival y actual puntero Borussia Dortmund tambi\u00e9n estaba en el primer puesto y se consagr\u00f3 campe\u00f3n al final de la temporada. Hasta ahora, el Dortmund nunca dej\u00f3\" \/>\n\t\t<meta name=\"twitter:creator\" content=\"@nbasturias\" \/>\n\t\t<meta name=\"twitter:image\" content=\"https:\/\/candas365.es\/noticias\/wp-content\/uploads\/2018\/04\/arena-1181668_960_720.jpg\" \/>\n\t\t<meta name=\"twitter:label1\" content=\"Escrito por\" \/>\n\t\t<meta name=\"twitter:data1\" content=\"Cand\u00e1s 365\" \/>\n\t\t<meta name=\"twitter:label2\" content=\"Tiempo de lectura estimado\" \/>\n\t\t<meta name=\"twitter:data2\" content=\"1 minuto\" \/>\n\t\t<script type=\"application\/ld+json\" class=\"aioseo-schema\">\n\t\t\t{\"@context\":\"https:\\\/\\\/schema.org\",\"@graph\":[{\"@type\":\"BreadcrumbList\",\"@id\":\"https:\\\/\\\/candas365.es\\\/noticias\\\/la-segunda-mitad-de-la-bundesliga-arranca-sin-el-bayern-como-campeon-invernal\\\/#breadcrumblist\",\"itemListElement\":[{\"@type\":\"ListItem\",\"@id\":\"https:\\\/\\\/candas365.es\\\/noticias#listItem\",\"position\":1,\"name\":\"Home\",\"item\":\"https:\\\/\\\/candas365.es\\\/noticias\",\"nextItem\":{\"@type\":\"ListItem\",\"@id\":\"https:\\\/\\\/candas365.es\\\/noticias\\\/category\\\/deporte\\\/#listItem\",\"name\":\"Deporte\"}},{\"@type\":\"ListItem\",\"@id\":\"https:\\\/\\\/candas365.es\\\/noticias\\\/category\\\/deporte\\\/#listItem\",\"position\":2,\"name\":\"Deporte\",\"item\":\"https:\\\/\\\/candas365.es\\\/noticias\\\/category\\\/deporte\\\/\",\"nextItem\":{\"@type\":\"ListItem\",\"@id\":\"https:\\\/\\\/candas365.es\\\/noticias\\\/la-segunda-mitad-de-la-bundesliga-arranca-sin-el-bayern-como-campeon-invernal\\\/#listItem\",\"name\":\"La segunda mitad de la Bundesliga arranca sin el Bayern como campe\\u00f3n invernal\"},\"previousItem\":{\"@type\":\"ListItem\",\"@id\":\"https:\\\/\\\/candas365.es\\\/noticias#listItem\",\"name\":\"Home\"}},{\"@type\":\"ListItem\",\"@id\":\"https:\\\/\\\/candas365.es\\\/noticias\\\/la-segunda-mitad-de-la-bundesliga-arranca-sin-el-bayern-como-campeon-invernal\\\/#listItem\",\"position\":3,\"name\":\"La segunda mitad de la Bundesliga arranca sin el Bayern como campe\\u00f3n invernal\",\"previousItem\":{\"@type\":\"ListItem\",\"@id\":\"https:\\\/\\\/candas365.es\\\/noticias\\\/category\\\/deporte\\\/#listItem\",\"name\":\"Deporte\"}}]},{\"@type\":\"NewsArticle\",\"@id\":\"https:\\\/\\\/candas365.es\\\/noticias\\\/la-segunda-mitad-de-la-bundesliga-arranca-sin-el-bayern-como-campeon-invernal\\\/#newsarticle\",\"name\":\"La segunda mitad de la Bundesliga arranca sin el Bayern como campe\\u00f3n invernal | Cand\\u00e1s 365\",\"headline\":\"La segunda mitad de la Bundesliga arranca sin el Bayern como campe\\u00f3n invernal\",\"author\":{\"@id\":\"https:\\\/\\\/candas365.es\\\/noticias\\\/author\\\/admin\\\/#author\"},\"publisher\":{\"@id\":\"https:\\\/\\\/candas365.es\\\/noticias\\\/#organization\"},\"image\":{\"@type\":\"ImageObject\",\"url\":\"https:\\\/\\\/candas365.es\\\/noticias\\\/wp-content\\\/uploads\\\/2018\\\/04\\\/arena-1181668_960_720.jpg\",\"width\":960,\"height\":640},\"datePublished\":\"2019-01-17T20:45:41+01:00\",\"dateModified\":\"2019-01-17T20:45:41+01:00\",\"inLanguage\":\"es-ES\",\"mainEntityOfPage\":{\"@id\":\"https:\\\/\\\/candas365.es\\\/noticias\\\/la-segunda-mitad-de-la-bundesliga-arranca-sin-el-bayern-como-campeon-invernal\\\/#webpage\"},\"isPartOf\":{\"@id\":\"https:\\\/\\\/candas365.es\\\/noticias\\\/la-segunda-mitad-de-la-bundesliga-arranca-sin-el-bayern-como-campeon-invernal\\\/#webpage\"},\"articleSection\":\"Deporte\",\"dateline\":\"Publicado el enero 17, 2019.\"},{\"@type\":\"Organization\",\"@id\":\"https:\\\/\\\/candas365.es\\\/noticias\\\/#organization\",\"name\":\"Cand\\u00e1s 365\",\"description\":\"Cand\\u00e1s 365 es un diario digital independiente, fundado en 2012, con base en Asturias. Informamos con rigor sobre actualidad, sociedad, cultura y ocio, con una mirada local y global.\",\"url\":\"https:\\\/\\\/candas365.es\\\/noticias\\\/\",\"email\":\"info@candas365.es\",\"telephone\":\"+34652131393\",\"foundingDate\":\"2012-06-10\",\"logo\":{\"@type\":\"ImageObject\",\"url\":\"https:\\\/\\\/candas365.es\\\/noticias\\\/wp-content\\\/uploads\\\/2024\\\/09\\\/Candas-365-Redes.jpg\",\"@id\":\"https:\\\/\\\/candas365.es\\\/noticias\\\/la-segunda-mitad-de-la-bundesliga-arranca-sin-el-bayern-como-campeon-invernal\\\/#organizationLogo\",\"width\":1152,\"height\":864,\"caption\":\"Cand\\u00e1s 365 Redes\"},\"image\":{\"@id\":\"https:\\\/\\\/candas365.es\\\/noticias\\\/la-segunda-mitad-de-la-bundesliga-arranca-sin-el-bayern-como-campeon-invernal\\\/#organizationLogo\"},\"sameAs\":[\"https:\\\/\\\/www.facebook.com\\\/Nachofdezber\",\"https:\\\/\\\/x.com\\\/NabercoDigital\",\"https:\\\/\\\/www.instagram.com\\\/nachofdezber\\\/\",\"https:\\\/\\\/www.youtube.com\\\/channel\\\/UCZP-2wLEB9Rv6erhFmqVnvg\"],\"address\":{\"@id\":\"https:\\\/\\\/candas365.es\\\/noticias\\\/#postaladdress\",\"@type\":\"PostalAddress\",\"streetAddress\":\"san antonio 4, san antonio 4\",\"postalCode\":\"33430\",\"addressLocality\":\"Cand\\u00e1s\",\"addressRegion\":\"Asturias\",\"addressCountry\":\"ES\"}},{\"@type\":\"Person\",\"@id\":\"https:\\\/\\\/candas365.es\\\/noticias\\\/author\\\/admin\\\/#author\",\"url\":\"https:\\\/\\\/candas365.es\\\/noticias\\\/author\\\/admin\\\/\",\"name\":\"Cand\\u00e1s 365\",\"image\":{\"@type\":\"ImageObject\",\"@id\":\"https:\\\/\\\/candas365.es\\\/noticias\\\/la-segunda-mitad-de-la-bundesliga-arranca-sin-el-bayern-como-campeon-invernal\\\/#authorImage\",\"url\":\"https:\\\/\\\/secure.gravatar.com\\\/avatar\\\/496a8e03d0c493ede1718b7934145dbdf8d89be1036b0eec9544e1094c9de390?s=96&d=mm&r=g\",\"width\":96,\"height\":96,\"caption\":\"Cand\\u00e1s 365\"},\"sameAs\":[\"https:\\\/\\\/www.facebook.com\\\/carrenoactualidad\",\"https:\\\/\\\/twitter.com\\\/nbasturias\",\"https:\\\/\\\/www.instagram.com\\\/nachofdezber\\\/\",\"https:\\\/\\\/www.youtube.com\\\/channel\\\/UCZP-2wLEB9Rv6erhFmqVnvg\"]},{\"@type\":\"WebPage\",\"@id\":\"https:\\\/\\\/candas365.es\\\/noticias\\\/la-segunda-mitad-de-la-bundesliga-arranca-sin-el-bayern-como-campeon-invernal\\\/#webpage\",\"url\":\"https:\\\/\\\/candas365.es\\\/noticias\\\/la-segunda-mitad-de-la-bundesliga-arranca-sin-el-bayern-como-campeon-invernal\\\/\",\"name\":\"La segunda mitad de la Bundesliga arranca sin el Bayern como campe\\u00f3n invernal | Cand\\u00e1s 365\",\"description\":\"M\\u00fanich, 17 ene (dpa) - Por primera vez desde la temporada 2010-11, el todopoderoso Bayern M\\u00fanich no comenzar\\u00e1 la segunda vuelta de la Bundesliga como campe\\u00f3n invernal. En aquella oportunidad, su archirrival y actual puntero Borussia Dortmund tambi\\u00e9n estaba en el primer puesto y se consagr\\u00f3 campe\\u00f3n al final de la temporada. Hasta ahora, el Dortmund nunca dej\\u00f3\",\"inLanguage\":\"es-ES\",\"isPartOf\":{\"@id\":\"https:\\\/\\\/candas365.es\\\/noticias\\\/#website\"},\"breadcrumb\":{\"@id\":\"https:\\\/\\\/candas365.es\\\/noticias\\\/la-segunda-mitad-de-la-bundesliga-arranca-sin-el-bayern-como-campeon-invernal\\\/#breadcrumblist\"},\"author\":{\"@id\":\"https:\\\/\\\/candas365.es\\\/noticias\\\/author\\\/admin\\\/#author\"},\"creator\":{\"@id\":\"https:\\\/\\\/candas365.es\\\/noticias\\\/author\\\/admin\\\/#author\"},\"image\":{\"@type\":\"ImageObject\",\"url\":\"https:\\\/\\\/candas365.es\\\/noticias\\\/wp-content\\\/uploads\\\/2018\\\/04\\\/arena-1181668_960_720.jpg\",\"@id\":\"https:\\\/\\\/candas365.es\\\/noticias\\\/la-segunda-mitad-de-la-bundesliga-arranca-sin-el-bayern-como-campeon-invernal\\\/#mainImage\",\"width\":960,\"height\":640},\"primaryImageOfPage\":{\"@id\":\"https:\\\/\\\/candas365.es\\\/noticias\\\/la-segunda-mitad-de-la-bundesliga-arranca-sin-el-bayern-como-campeon-invernal\\\/#mainImage\"},\"datePublished\":\"2019-01-17T20:45:41+01:00\",\"dateModified\":\"2019-01-17T20:45:41+01:00\"},{\"@type\":\"WebSite\",\"@id\":\"https:\\\/\\\/candas365.es\\\/noticias\\\/#website\",\"url\":\"https:\\\/\\\/candas365.es\\\/noticias\\\/\",\"name\":\"Cand\\u00e1s 365\",\"alternateName\":\"Cand\\u00e1s 365 Noticias\",\"description\":\"Actualidad desde Carre\\u00f1o para el mundo\",\"inLanguage\":\"es-ES\",\"publisher\":{\"@id\":\"https:\\\/\\\/candas365.es\\\/noticias\\\/#organization\"}}]}\n\t\t<\/script>\n\t\t<!-- All in One SEO Pro -->\r\n\t\t<title>La segunda mitad de la Bundesliga arranca sin el Bayern como campe\u00f3n invernal | Cand\u00e1s 365<\/title>\n\n","aioseo_head_json":{"title":"La segunda mitad de la Bundesliga arranca sin el Bayern como campe\u00f3n invernal | Cand\u00e1s 365","description":"M\u00fanich, 17 ene (dpa) - Por primera vez desde la temporada 2010-11, el todopoderoso Bayern M\u00fanich no comenzar\u00e1 la segunda vuelta de la Bundesliga como campe\u00f3n invernal. En aquella oportunidad, su archirrival y actual puntero Borussia Dortmund tambi\u00e9n estaba en el primer puesto y se consagr\u00f3 campe\u00f3n al final de la temporada. Hasta ahora, el Dortmund nunca dej\u00f3","canonical_url":"https:\/\/candas365.es\/noticias\/la-segunda-mitad-de-la-bundesliga-arranca-sin-el-bayern-como-campeon-invernal\/","robots":"max-image-preview:large","keywords":"deporte","webmasterTools":{"google-site-verification":"UA-32230408-1","msvalidate.01":"354F3CDFB2DA171B47FBE9ABF1F88D5","miscellaneous":""},"schema":{"@context":"https:\/\/schema.org","@graph":[{"@type":"BreadcrumbList","@id":"https:\/\/candas365.es\/noticias\/la-segunda-mitad-de-la-bundesliga-arranca-sin-el-bayern-como-campeon-invernal\/#breadcrumblist","itemListElement":[{"@type":"ListItem","@id":"https:\/\/candas365.es\/noticias#listItem","position":1,"name":"Home","item":"https:\/\/candas365.es\/noticias","nextItem":{"@type":"ListItem","@id":"https:\/\/candas365.es\/noticias\/category\/deporte\/#listItem","name":"Deporte"}},{"@type":"ListItem","@id":"https:\/\/candas365.es\/noticias\/category\/deporte\/#listItem","position":2,"name":"Deporte","item":"https:\/\/candas365.es\/noticias\/category\/deporte\/","nextItem":{"@type":"ListItem","@id":"https:\/\/candas365.es\/noticias\/la-segunda-mitad-de-la-bundesliga-arranca-sin-el-bayern-como-campeon-invernal\/#listItem","name":"La segunda mitad de la Bundesliga arranca sin el Bayern como campe\u00f3n invernal"},"previousItem":{"@type":"ListItem","@id":"https:\/\/candas365.es\/noticias#listItem","name":"Home"}},{"@type":"ListItem","@id":"https:\/\/candas365.es\/noticias\/la-segunda-mitad-de-la-bundesliga-arranca-sin-el-bayern-como-campeon-invernal\/#listItem","position":3,"name":"La segunda mitad de la Bundesliga arranca sin el Bayern como campe\u00f3n invernal","previousItem":{"@type":"ListItem","@id":"https:\/\/candas365.es\/noticias\/category\/deporte\/#listItem","name":"Deporte"}}]},{"@type":"NewsArticle","@id":"https:\/\/candas365.es\/noticias\/la-segunda-mitad-de-la-bundesliga-arranca-sin-el-bayern-como-campeon-invernal\/#newsarticle","name":"La segunda mitad de la Bundesliga arranca sin el Bayern como campe\u00f3n invernal | Cand\u00e1s 365","headline":"La segunda mitad de la Bundesliga arranca sin el Bayern como campe\u00f3n invernal","author":{"@id":"https:\/\/candas365.es\/noticias\/author\/admin\/#author"},"publisher":{"@id":"https:\/\/candas365.es\/noticias\/#organization"},"image":{"@type":"ImageObject","url":"https:\/\/candas365.es\/noticias\/wp-content\/uploads\/2018\/04\/arena-1181668_960_720.jpg","width":960,"height":640},"datePublished":"2019-01-17T20:45:41+01:00","dateModified":"2019-01-17T20:45:41+01:00","inLanguage":"es-ES","mainEntityOfPage":{"@id":"https:\/\/candas365.es\/noticias\/la-segunda-mitad-de-la-bundesliga-arranca-sin-el-bayern-como-campeon-invernal\/#webpage"},"isPartOf":{"@id":"https:\/\/candas365.es\/noticias\/la-segunda-mitad-de-la-bundesliga-arranca-sin-el-bayern-como-campeon-invernal\/#webpage"},"articleSection":"Deporte","dateline":"Publicado el enero 17, 2019."},{"@type":"Organization","@id":"https:\/\/candas365.es\/noticias\/#organization","name":"Cand\u00e1s 365","description":"Cand\u00e1s 365 es un diario digital independiente, fundado en 2012, con base en Asturias. Informamos con rigor sobre actualidad, sociedad, cultura y ocio, con una mirada local y global.","url":"https:\/\/candas365.es\/noticias\/","email":"info@candas365.es","telephone":"+34652131393","foundingDate":"2012-06-10","logo":{"@type":"ImageObject","url":"https:\/\/candas365.es\/noticias\/wp-content\/uploads\/2024\/09\/Candas-365-Redes.jpg","@id":"https:\/\/candas365.es\/noticias\/la-segunda-mitad-de-la-bundesliga-arranca-sin-el-bayern-como-campeon-invernal\/#organizationLogo","width":1152,"height":864,"caption":"Cand\u00e1s 365 Redes"},"image":{"@id":"https:\/\/candas365.es\/noticias\/la-segunda-mitad-de-la-bundesliga-arranca-sin-el-bayern-como-campeon-invernal\/#organizationLogo"},"sameAs":["https:\/\/www.facebook.com\/Nachofdezber","https:\/\/x.com\/NabercoDigital","https:\/\/www.instagram.com\/nachofdezber\/","https:\/\/www.youtube.com\/channel\/UCZP-2wLEB9Rv6erhFmqVnvg"],"address":{"@id":"https:\/\/candas365.es\/noticias\/#postaladdress","@type":"PostalAddress","streetAddress":"san antonio 4, san antonio 4","postalCode":"33430","addressLocality":"Cand\u00e1s","addressRegion":"Asturias","addressCountry":"ES"}},{"@type":"Person","@id":"https:\/\/candas365.es\/noticias\/author\/admin\/#author","url":"https:\/\/candas365.es\/noticias\/author\/admin\/","name":"Cand\u00e1s 365","image":{"@type":"ImageObject","@id":"https:\/\/candas365.es\/noticias\/la-segunda-mitad-de-la-bundesliga-arranca-sin-el-bayern-como-campeon-invernal\/#authorImage","url":"https:\/\/secure.gravatar.com\/avatar\/496a8e03d0c493ede1718b7934145dbdf8d89be1036b0eec9544e1094c9de390?s=96&d=mm&r=g","width":96,"height":96,"caption":"Cand\u00e1s 365"},"sameAs":["https:\/\/www.facebook.com\/carrenoactualidad","https:\/\/twitter.com\/nbasturias","https:\/\/www.instagram.com\/nachofdezber\/","https:\/\/www.youtube.com\/channel\/UCZP-2wLEB9Rv6erhFmqVnvg"]},{"@type":"WebPage","@id":"https:\/\/candas365.es\/noticias\/la-segunda-mitad-de-la-bundesliga-arranca-sin-el-bayern-como-campeon-invernal\/#webpage","url":"https:\/\/candas365.es\/noticias\/la-segunda-mitad-de-la-bundesliga-arranca-sin-el-bayern-como-campeon-invernal\/","name":"La segunda mitad de la Bundesliga arranca sin el Bayern como campe\u00f3n invernal | Cand\u00e1s 365","description":"M\u00fanich, 17 ene (dpa) - Por primera vez desde la temporada 2010-11, el todopoderoso Bayern M\u00fanich no comenzar\u00e1 la segunda vuelta de la Bundesliga como campe\u00f3n invernal. En aquella oportunidad, su archirrival y actual puntero Borussia Dortmund tambi\u00e9n estaba en el primer puesto y se consagr\u00f3 campe\u00f3n al final de la temporada. Hasta ahora, el Dortmund nunca dej\u00f3","inLanguage":"es-ES","isPartOf":{"@id":"https:\/\/candas365.es\/noticias\/#website"},"breadcrumb":{"@id":"https:\/\/candas365.es\/noticias\/la-segunda-mitad-de-la-bundesliga-arranca-sin-el-bayern-como-campeon-invernal\/#breadcrumblist"},"author":{"@id":"https:\/\/candas365.es\/noticias\/author\/admin\/#author"},"creator":{"@id":"https:\/\/candas365.es\/noticias\/author\/admin\/#author"},"image":{"@type":"ImageObject","url":"https:\/\/candas365.es\/noticias\/wp-content\/uploads\/2018\/04\/arena-1181668_960_720.jpg","@id":"https:\/\/candas365.es\/noticias\/la-segunda-mitad-de-la-bundesliga-arranca-sin-el-bayern-como-campeon-invernal\/#mainImage","width":960,"height":640},"primaryImageOfPage":{"@id":"https:\/\/candas365.es\/noticias\/la-segunda-mitad-de-la-bundesliga-arranca-sin-el-bayern-como-campeon-invernal\/#mainImage"},"datePublished":"2019-01-17T20:45:41+01:00","dateModified":"2019-01-17T20:45:41+01:00"},{"@type":"WebSite","@id":"https:\/\/candas365.es\/noticias\/#website","url":"https:\/\/candas365.es\/noticias\/","name":"Cand\u00e1s 365","alternateName":"Cand\u00e1s 365 Noticias","description":"Actualidad desde Carre\u00f1o para el mundo","inLanguage":"es-ES","publisher":{"@id":"https:\/\/candas365.es\/noticias\/#organization"}}]},"og:locale":"es_ES","og:site_name":"Cand\u00e1s 365","og:type":"article","og:title":"La segunda mitad de la Bundesliga arranca sin el Bayern como campe\u00f3n invernal | Cand\u00e1s 365","og:description":"M\u00fanich, 17 ene (dpa) - Por primera vez desde la temporada 2010-11, el todopoderoso Bayern M\u00fanich no comenzar\u00e1 la segunda vuelta de la Bundesliga como campe\u00f3n invernal. En aquella oportunidad, su archirrival y actual puntero Borussia Dortmund tambi\u00e9n estaba en el primer puesto y se consagr\u00f3 campe\u00f3n al final de la temporada. Hasta ahora, el Dortmund nunca dej\u00f3","og:url":"https:\/\/candas365.es\/noticias\/la-segunda-mitad-de-la-bundesliga-arranca-sin-el-bayern-como-campeon-invernal\/","og:image":"https:\/\/candas365.es\/noticias\/wp-content\/uploads\/2018\/04\/arena-1181668_960_720.jpg","og:image:secure_url":"https:\/\/candas365.es\/noticias\/wp-content\/uploads\/2018\/04\/arena-1181668_960_720.jpg","og:image:width":960,"og:image:height":640,"article:published_time":"2019-01-17T20:45:41+00:00","article:modified_time":"2019-01-17T20:45:41+00:00","article:publisher":"https:\/\/www.facebook.com\/Nachofdezber","article:author":"https:\/\/www.facebook.com\/carrenoactualidad","twitter:card":"summary_large_image","twitter:site":"@NabercoDigital","twitter:title":"La segunda mitad de la Bundesliga arranca sin el Bayern como campe\u00f3n invernal | Cand\u00e1s 365","twitter:description":"M\u00fanich, 17 ene (dpa) - Por primera vez desde la temporada 2010-11, el todopoderoso Bayern M\u00fanich no comenzar\u00e1 la segunda vuelta de la Bundesliga como campe\u00f3n invernal. En aquella oportunidad, su archirrival y actual puntero Borussia Dortmund tambi\u00e9n estaba en el primer puesto y se consagr\u00f3 campe\u00f3n al final de la temporada. Hasta ahora, el Dortmund nunca dej\u00f3","twitter:creator":"@nbasturias","twitter:image":"https:\/\/candas365.es\/noticias\/wp-content\/uploads\/2018\/04\/arena-1181668_960_720.jpg","twitter:label1":"Escrito por","twitter:data1":"Cand\u00e1s 365","twitter:label2":"Tiempo de lectura estimado","twitter:data2":"1 minuto"},"aioseo_meta_data":{"post_id":"114414","title":null,"description":null,"keywords":null,"keyphrases":null,"primary_term":null,"canonical_url":null,"og_title":null,"og_description":null,"og_object_type":"default","og_image_type":"default","og_image_url":null,"og_image_width":null,"og_image_height":null,"og_image_custom_url":null,"og_image_custom_fields":null,"og_video":null,"og_custom_url":null,"og_article_section":null,"og_article_tags":null,"twitter_use_og":false,"twitter_card":"default","twitter_image_type":"default","twitter_image_url":null,"twitter_image_custom_url":null,"twitter_image_custom_fields":null,"twitter_title":null,"twitter_description":null,"schema":{"blockGraphs":[],"customGraphs":[],"default":{"data":{"Article":[],"Course":[],"Dataset":[],"FAQPage":[],"Movie":[],"Person":[],"Product":[],"ProductReview":[],"Car":[],"Recipe":[],"Service":[],"SoftwareApplication":[],"WebPage":[]},"graphName":"","isEnabled":true},"graphs":[],"defaultGraph":"","defaultPostTypeGraph":""},"schema_type":null,"schema_type_options":null,"pillar_content":false,"robots_default":true,"robots_noindex":false,"robots_noarchive":false,"robots_nosnippet":false,"robots_nofollow":false,"robots_noimageindex":false,"robots_noodp":false,"robots_notranslate":false,"robots_max_snippet":null,"robots_max_videopreview":null,"robots_max_imagepreview":"large","priority":null,"frequency":null,"location":null,"local_seo":null,"seo_analyzer_scan_date":"2025-08-29 01:17:20","breadcrumb_settings":null,"limit_modified_date":false,"reviewed_by":null,"open_ai":null,"ai":null,"created":"2020-12-21 11:22:55","updated":"2025-08-29 01:17:20"},"aioseo_breadcrumb":"<div class=\"aioseo-breadcrumbs\"><span class=\"aioseo-breadcrumb\">\n\t<a href=\"https:\/\/candas365.es\/noticias\" title=\"Home\">Home<\/a>\n<\/span><span class=\"aioseo-breadcrumb-separator\">&ndash;<\/span><span class=\"aioseo-breadcrumb\">\n\t<a href=\"https:\/\/candas365.es\/noticias\/category\/deporte\/\" title=\"Deporte\">Deporte<\/a>\n<\/span><span class=\"aioseo-breadcrumb-separator\">&ndash;<\/span><span class=\"aioseo-breadcrumb\">\n\tLa segunda mitad de la Bundesliga arranca sin el Bayern como campe\u00f3n invernal\n<\/span><\/div>","aioseo_breadcrumb_json":[{"label":"Home","link":"https:\/\/candas365.es\/noticias"},{"label":"Deporte","link":"https:\/\/candas365.es\/noticias\/category\/deporte\/"},{"label":"La segunda mitad de la Bundesliga arranca sin el Bayern como campe\u00f3n invernal","link":"https:\/\/candas365.es\/noticias\/la-segunda-mitad-de-la-bundesliga-arranca-sin-el-bayern-como-campeon-invernal\/"}],"_links":{"self":[{"href":"https:\/\/candas365.es\/noticias\/wp-json\/wp\/v2\/posts\/114414","targetHints":{"allow":["GET"]}}],"collection":[{"href":"https:\/\/candas365.es\/noticias\/wp-json\/wp\/v2\/posts"}],"about":[{"href":"https:\/\/candas365.es\/noticias\/wp-json\/wp\/v2\/types\/post"}],"author":[{"embeddable":true,"href":"https:\/\/candas365.es\/noticias\/wp-json\/wp\/v2\/users\/1"}],"replies":[{"embeddable":true,"href":"https:\/\/candas365.es\/noticias\/wp-json\/wp\/v2\/comments?post=114414"}],"version-history":[{"count":0,"href":"https:\/\/candas365.es\/noticias\/wp-json\/wp\/v2\/posts\/114414\/revisions"}],"wp:featuredmedia":[{"embeddable":true,"href":"https:\/\/candas365.es\/noticias\/wp-json\/wp\/v2\/media\/94574"}],"wp:attachment":[{"href":"https:\/\/candas365.es\/noticias\/wp-json\/wp\/v2\/media?parent=114414"}],"wp:term":[{"taxonomy":"category","embeddable":true,"href":"https:\/\/candas365.es\/noticias\/wp-json\/wp\/v2\/categories?post=114414"},{"taxonomy":"post_tag","embeddable":true,"href":"https:\/\/candas365.es\/noticias\/wp-json\/wp\/v2\/tags?post=114414"}],"curies":[{"name":"wp","href":"https:\/\/api.w.org\/{rel}","templated":true}]}}