{"id":114371,"date":"2019-01-17T12:59:53","date_gmt":"2019-01-17T12:59:53","guid":{"rendered":"http:\/\/candas365.es\/noticias\/?p=114371"},"modified":"2019-01-17T12:59:53","modified_gmt":"2019-01-17T12:59:53","slug":"iu-rechaza-el-cierre-de-la-termica-de-soto-de-la-barca","status":"publish","type":"post","link":"https:\/\/candas365.es\/noticias\/iu-rechaza-el-cierre-de-la-termica-de-soto-de-la-barca\/","title":{"rendered":"IU rechaza el cierre de la t\u00e9rmica de Soto de la Barca"},"content":{"rendered":"<p><img fetchpriority=\"high\" decoding=\"async\" class=\"alignleft size-medium wp-image-114372\" src=\"https:\/\/candas365.es\/noticias\/wp-content\/uploads\/2019\/01\/zapico-360x269.jpg\" alt=\"\" width=\"360\" height=\"269\" srcset=\"https:\/\/candas365.es\/noticias\/wp-content\/uploads\/2019\/01\/zapico-360x269.jpg 360w, https:\/\/candas365.es\/noticias\/wp-content\/uploads\/2019\/01\/zapico-642x480.jpg 642w, https:\/\/candas365.es\/noticias\/wp-content\/uploads\/2019\/01\/zapico-80x60.jpg 80w, https:\/\/candas365.es\/noticias\/wp-content\/uploads\/2019\/01\/zapico-265x198.jpg 265w, https:\/\/candas365.es\/noticias\/wp-content\/uploads\/2019\/01\/zapico-561x420.jpg 561w, https:\/\/candas365.es\/noticias\/wp-content\/uploads\/2019\/01\/zapico.jpg 683w\" sizes=\"(max-width: 360px) 100vw, 360px\" \/>Ovidio Zapico, diputado de IU en la Junta General, exige al Gobierno de Pedro S\u00e1nchez mecanismos para que ninguna empresa, en este caso la Central de Soto de la Barca -en Tineo-, pueda cerrar sin un consentimiento previo del Gobierno de la naci\u00f3n. Planificaci\u00f3n es lo que demanda el diputado asturiano, responsable de los asuntos de industria y medioambiente en el grupo parlamentario, para todo lo que tenga relaci\u00f3n con la transici\u00f3n energ\u00e9tica y as\u00ed hacerlo de una forma pausada, pactada y que en definitiva sea una transici\u00f3n, no un cierre express, una muerta s\u00fabita de nuestra econom\u00eda.<\/p>\n<p>Zapico recuerda que en pol\u00edtica no solo las decisiones traen consecuencias, sino que tambi\u00e9n las declaraciones y, m\u00e1s si estas son irresponsables, producen efectos muy negativos. Este es el ejemplo de las declaraciones de la Ministra Teresa Ribera acerca de la transici\u00f3n energ\u00e9tica, que para ella supone acabar de un modo brusco con un modelo que durante muchas d\u00e9cadas fue uno de los pilares de la industria econom\u00eda asturiana y que ahora, de golpe y porrazo y sin una alternativa real a cambio, ella quiere eliminar. Es palmario, sostiene el diputado de IU, que estas intenciones repercuten en la decisi\u00f3n de la empresa propietaria de la central t\u00e9rmica de Soto de la Barca y se ha visto m\u00e1s veces en los \u00faltimos meses.<\/p>\n<p>IU rechaza frontalmente estas declaraciones por parte de la Ministra que auspician decisiones como esta y exige al Gobierno de Pedro S\u00e1nchez que no permita a estas empresas iniciar el cierre sin contar con el consentimiento previo del Gobierno de la Naci\u00f3n. \u201cEs necesario planificar todo lo que tenga relaci\u00f3n con la transici\u00f3n energ\u00e9tica para hacerlo de una forma pausada, pactada y que en definitiva sea una transici\u00f3n, no un cierre express, que supone la muerta s\u00fabita de nuestra econom\u00eda\u201d, concluye el diputado de IU.<\/p>\n<p>El diputado de IU reclama del Gobierno Socialista nacional un compromiso con la reindustrializaci\u00f3n de todas las comarcas afectadas por esa denominada transici\u00f3n ecol\u00f3gica y que comience, para ello, con la dotaci\u00f3n en los Presupuestos Generales del Estado de una dotaci\u00f3n econ\u00f3mica suficiente que, en estos momentos, no figura en el proyecto.<\/p>\n","protected":false},"excerpt":{"rendered":"<p>Ovidio Zapico, diputado de IU en la Junta General, exige al Gobierno de Pedro S\u00e1nchez mecanismos para que ninguna empresa, en este caso la Central de Soto de la Barca -en Tineo-, pueda cerrar sin un consentimiento previo del Gobierno de la naci\u00f3n. Planificaci\u00f3n es lo que demanda el diputado asturiano, responsable de los asuntos<\/p>\n","protected":false},"author":1,"featured_media":114372,"comment_status":"closed","ping_status":"closed","sticky":false,"template":"","format":"standard","meta":{"footnotes":""},"categories":[7],"tags":[],"class_list":{"0":"post-114371","1":"post","2":"type-post","3":"status-publish","4":"format-standard","5":"has-post-thumbnail","7":"category-asturias"},"aioseo_notices":[],"aioseo_head":"\n\t\t<!-- All in One SEO Pro 4.9.6.2 - aioseo.com -->\n\t<meta name=\"description\" content=\"Ovidio Zapico, diputado de IU en la Junta General, exige al Gobierno de Pedro S\u00e1nchez mecanismos para que ninguna empresa, en este caso la Central de Soto de la Barca -en Tineo-, pueda cerrar sin un consentimiento previo del Gobierno de la naci\u00f3n. Planificaci\u00f3n es lo que demanda el diputado asturiano, responsable de los asuntos\" \/>\n\t<meta name=\"robots\" content=\"max-image-preview:large\" \/>\n\t<meta name=\"author\" content=\"Cand\u00e1s 365\"\/>\n\t<meta name=\"google-site-verification\" content=\"UA-32230408-1\" \/>\n\t<meta name=\"msvalidate.01\" content=\"354F3CDFB2DA171B47FBE9ABF1F88D5\" \/>\n\t<meta name=\"keywords\" content=\"asturias\" \/>\n\t<link rel=\"canonical\" href=\"https:\/\/candas365.es\/noticias\/iu-rechaza-el-cierre-de-la-termica-de-soto-de-la-barca\/\" \/>\n\t<meta name=\"generator\" content=\"All in One SEO Pro (AIOSEO) 4.9.6.2\" \/>\n\t\t<meta property=\"og:locale\" content=\"es_ES\" \/>\n\t\t<meta property=\"og:site_name\" content=\"Cand\u00e1s 365\" \/>\n\t\t<meta property=\"og:type\" content=\"article\" \/>\n\t\t<meta property=\"og:title\" content=\"IU rechaza el cierre de la t\u00e9rmica de Soto de la Barca | Cand\u00e1s 365\" \/>\n\t\t<meta property=\"og:description\" content=\"Ovidio Zapico, diputado de IU en la Junta General, exige al Gobierno de Pedro S\u00e1nchez mecanismos para que ninguna empresa, en este caso la Central de Soto de la Barca -en Tineo-, pueda cerrar sin un consentimiento previo del Gobierno de la naci\u00f3n. Planificaci\u00f3n es lo que demanda el diputado asturiano, responsable de los asuntos\" \/>\n\t\t<meta property=\"og:url\" content=\"https:\/\/candas365.es\/noticias\/iu-rechaza-el-cierre-de-la-termica-de-soto-de-la-barca\/\" \/>\n\t\t<meta property=\"og:image\" content=\"https:\/\/candas365.es\/noticias\/wp-content\/uploads\/2019\/01\/zapico.jpg\" \/>\n\t\t<meta property=\"og:image:secure_url\" content=\"https:\/\/candas365.es\/noticias\/wp-content\/uploads\/2019\/01\/zapico.jpg\" \/>\n\t\t<meta property=\"og:image:width\" content=\"683\" \/>\n\t\t<meta property=\"og:image:height\" content=\"511\" \/>\n\t\t<meta property=\"article:published_time\" content=\"2019-01-17T12:59:53+00:00\" \/>\n\t\t<meta property=\"article:modified_time\" content=\"2019-01-17T12:59:53+00:00\" \/>\n\t\t<meta property=\"article:publisher\" content=\"https:\/\/www.facebook.com\/Nachofdezber\" \/>\n\t\t<meta property=\"article:author\" content=\"https:\/\/www.facebook.com\/carrenoactualidad\" \/>\n\t\t<meta name=\"twitter:card\" content=\"summary_large_image\" \/>\n\t\t<meta name=\"twitter:site\" content=\"@NabercoDigital\" \/>\n\t\t<meta name=\"twitter:title\" content=\"IU rechaza el cierre de la t\u00e9rmica de Soto de la Barca | Cand\u00e1s 365\" \/>\n\t\t<meta name=\"twitter:description\" content=\"Ovidio Zapico, diputado de IU en la Junta General, exige al Gobierno de Pedro S\u00e1nchez mecanismos para que ninguna empresa, en este caso la Central de Soto de la Barca -en Tineo-, pueda cerrar sin un consentimiento previo del Gobierno de la naci\u00f3n. Planificaci\u00f3n es lo que demanda el diputado asturiano, responsable de los asuntos\" \/>\n\t\t<meta name=\"twitter:creator\" content=\"@nbasturias\" \/>\n\t\t<meta name=\"twitter:image\" content=\"https:\/\/candas365.es\/noticias\/wp-content\/uploads\/2019\/01\/zapico.jpg\" \/>\n\t\t<meta name=\"twitter:label1\" content=\"Escrito por\" \/>\n\t\t<meta name=\"twitter:data1\" content=\"Cand\u00e1s 365\" \/>\n\t\t<meta name=\"twitter:label2\" content=\"Tiempo de lectura estimado\" \/>\n\t\t<meta name=\"twitter:data2\" content=\"2 minutos\" \/>\n\t\t<script type=\"application\/ld+json\" class=\"aioseo-schema\">\n\t\t\t{\"@context\":\"https:\\\/\\\/schema.org\",\"@graph\":[{\"@type\":\"BreadcrumbList\",\"@id\":\"https:\\\/\\\/candas365.es\\\/noticias\\\/iu-rechaza-el-cierre-de-la-termica-de-soto-de-la-barca\\\/#breadcrumblist\",\"itemListElement\":[{\"@type\":\"ListItem\",\"@id\":\"https:\\\/\\\/candas365.es\\\/noticias#listItem\",\"position\":1,\"name\":\"Home\",\"item\":\"https:\\\/\\\/candas365.es\\\/noticias\",\"nextItem\":{\"@type\":\"ListItem\",\"@id\":\"https:\\\/\\\/candas365.es\\\/noticias\\\/category\\\/asturias\\\/#listItem\",\"name\":\"Asturias\"}},{\"@type\":\"ListItem\",\"@id\":\"https:\\\/\\\/candas365.es\\\/noticias\\\/category\\\/asturias\\\/#listItem\",\"position\":2,\"name\":\"Asturias\",\"item\":\"https:\\\/\\\/candas365.es\\\/noticias\\\/category\\\/asturias\\\/\",\"nextItem\":{\"@type\":\"ListItem\",\"@id\":\"https:\\\/\\\/candas365.es\\\/noticias\\\/iu-rechaza-el-cierre-de-la-termica-de-soto-de-la-barca\\\/#listItem\",\"name\":\"IU rechaza el cierre de la t\\u00e9rmica de Soto de la Barca\"},\"previousItem\":{\"@type\":\"ListItem\",\"@id\":\"https:\\\/\\\/candas365.es\\\/noticias#listItem\",\"name\":\"Home\"}},{\"@type\":\"ListItem\",\"@id\":\"https:\\\/\\\/candas365.es\\\/noticias\\\/iu-rechaza-el-cierre-de-la-termica-de-soto-de-la-barca\\\/#listItem\",\"position\":3,\"name\":\"IU rechaza el cierre de la t\\u00e9rmica de Soto de la Barca\",\"previousItem\":{\"@type\":\"ListItem\",\"@id\":\"https:\\\/\\\/candas365.es\\\/noticias\\\/category\\\/asturias\\\/#listItem\",\"name\":\"Asturias\"}}]},{\"@type\":\"NewsArticle\",\"@id\":\"https:\\\/\\\/candas365.es\\\/noticias\\\/iu-rechaza-el-cierre-de-la-termica-de-soto-de-la-barca\\\/#newsarticle\",\"name\":\"IU rechaza el cierre de la t\\u00e9rmica de Soto de la Barca | Cand\\u00e1s 365\",\"headline\":\"IU rechaza el cierre de la t\\u00e9rmica de Soto de la Barca\",\"author\":{\"@id\":\"https:\\\/\\\/candas365.es\\\/noticias\\\/author\\\/admin\\\/#author\"},\"publisher\":{\"@id\":\"https:\\\/\\\/candas365.es\\\/noticias\\\/#organization\"},\"image\":{\"@type\":\"ImageObject\",\"url\":\"https:\\\/\\\/candas365.es\\\/noticias\\\/wp-content\\\/uploads\\\/2019\\\/01\\\/zapico.jpg\",\"width\":683,\"height\":511},\"datePublished\":\"2019-01-17T12:59:53+01:00\",\"dateModified\":\"2019-01-17T12:59:53+01:00\",\"inLanguage\":\"es-ES\",\"mainEntityOfPage\":{\"@id\":\"https:\\\/\\\/candas365.es\\\/noticias\\\/iu-rechaza-el-cierre-de-la-termica-de-soto-de-la-barca\\\/#webpage\"},\"isPartOf\":{\"@id\":\"https:\\\/\\\/candas365.es\\\/noticias\\\/iu-rechaza-el-cierre-de-la-termica-de-soto-de-la-barca\\\/#webpage\"},\"articleSection\":\"Asturias\",\"dateline\":\"Publicado el enero 17, 2019.\"},{\"@type\":\"Organization\",\"@id\":\"https:\\\/\\\/candas365.es\\\/noticias\\\/#organization\",\"name\":\"Cand\\u00e1s 365\",\"description\":\"Cand\\u00e1s 365 es un diario digital independiente, fundado en 2012, con base en Asturias. Informamos con rigor sobre actualidad, sociedad, cultura y ocio, con una mirada local y global.\",\"url\":\"https:\\\/\\\/candas365.es\\\/noticias\\\/\",\"email\":\"info@candas365.es\",\"telephone\":\"+34652131393\",\"foundingDate\":\"2012-06-10\",\"logo\":{\"@type\":\"ImageObject\",\"url\":\"https:\\\/\\\/candas365.es\\\/noticias\\\/wp-content\\\/uploads\\\/2024\\\/09\\\/Candas-365-Redes.jpg\",\"@id\":\"https:\\\/\\\/candas365.es\\\/noticias\\\/iu-rechaza-el-cierre-de-la-termica-de-soto-de-la-barca\\\/#organizationLogo\",\"width\":1152,\"height\":864,\"caption\":\"Cand\\u00e1s 365 Redes\"},\"image\":{\"@id\":\"https:\\\/\\\/candas365.es\\\/noticias\\\/iu-rechaza-el-cierre-de-la-termica-de-soto-de-la-barca\\\/#organizationLogo\"},\"sameAs\":[\"https:\\\/\\\/www.facebook.com\\\/Nachofdezber\",\"https:\\\/\\\/x.com\\\/NabercoDigital\",\"https:\\\/\\\/www.instagram.com\\\/nachofdezber\\\/\",\"https:\\\/\\\/www.youtube.com\\\/channel\\\/UCZP-2wLEB9Rv6erhFmqVnvg\"],\"address\":{\"@id\":\"https:\\\/\\\/candas365.es\\\/noticias\\\/#postaladdress\",\"@type\":\"PostalAddress\",\"streetAddress\":\"san antonio 4, san antonio 4\",\"postalCode\":\"33430\",\"addressLocality\":\"Cand\\u00e1s\",\"addressRegion\":\"Asturias\",\"addressCountry\":\"ES\"}},{\"@type\":\"Person\",\"@id\":\"https:\\\/\\\/candas365.es\\\/noticias\\\/author\\\/admin\\\/#author\",\"url\":\"https:\\\/\\\/candas365.es\\\/noticias\\\/author\\\/admin\\\/\",\"name\":\"Cand\\u00e1s 365\",\"image\":{\"@type\":\"ImageObject\",\"@id\":\"https:\\\/\\\/candas365.es\\\/noticias\\\/iu-rechaza-el-cierre-de-la-termica-de-soto-de-la-barca\\\/#authorImage\",\"url\":\"https:\\\/\\\/secure.gravatar.com\\\/avatar\\\/496a8e03d0c493ede1718b7934145dbdf8d89be1036b0eec9544e1094c9de390?s=96&d=mm&r=g\",\"width\":96,\"height\":96,\"caption\":\"Cand\\u00e1s 365\"},\"sameAs\":[\"https:\\\/\\\/www.facebook.com\\\/carrenoactualidad\",\"https:\\\/\\\/twitter.com\\\/nbasturias\",\"https:\\\/\\\/www.instagram.com\\\/nachofdezber\\\/\",\"https:\\\/\\\/www.youtube.com\\\/channel\\\/UCZP-2wLEB9Rv6erhFmqVnvg\"]},{\"@type\":\"WebPage\",\"@id\":\"https:\\\/\\\/candas365.es\\\/noticias\\\/iu-rechaza-el-cierre-de-la-termica-de-soto-de-la-barca\\\/#webpage\",\"url\":\"https:\\\/\\\/candas365.es\\\/noticias\\\/iu-rechaza-el-cierre-de-la-termica-de-soto-de-la-barca\\\/\",\"name\":\"IU rechaza el cierre de la t\\u00e9rmica de Soto de la Barca | Cand\\u00e1s 365\",\"description\":\"Ovidio Zapico, diputado de IU en la Junta General, exige al Gobierno de Pedro S\\u00e1nchez mecanismos para que ninguna empresa, en este caso la Central de Soto de la Barca -en Tineo-, pueda cerrar sin un consentimiento previo del Gobierno de la naci\\u00f3n. Planificaci\\u00f3n es lo que demanda el diputado asturiano, responsable de los asuntos\",\"inLanguage\":\"es-ES\",\"isPartOf\":{\"@id\":\"https:\\\/\\\/candas365.es\\\/noticias\\\/#website\"},\"breadcrumb\":{\"@id\":\"https:\\\/\\\/candas365.es\\\/noticias\\\/iu-rechaza-el-cierre-de-la-termica-de-soto-de-la-barca\\\/#breadcrumblist\"},\"author\":{\"@id\":\"https:\\\/\\\/candas365.es\\\/noticias\\\/author\\\/admin\\\/#author\"},\"creator\":{\"@id\":\"https:\\\/\\\/candas365.es\\\/noticias\\\/author\\\/admin\\\/#author\"},\"image\":{\"@type\":\"ImageObject\",\"url\":\"https:\\\/\\\/candas365.es\\\/noticias\\\/wp-content\\\/uploads\\\/2019\\\/01\\\/zapico.jpg\",\"@id\":\"https:\\\/\\\/candas365.es\\\/noticias\\\/iu-rechaza-el-cierre-de-la-termica-de-soto-de-la-barca\\\/#mainImage\",\"width\":683,\"height\":511},\"primaryImageOfPage\":{\"@id\":\"https:\\\/\\\/candas365.es\\\/noticias\\\/iu-rechaza-el-cierre-de-la-termica-de-soto-de-la-barca\\\/#mainImage\"},\"datePublished\":\"2019-01-17T12:59:53+01:00\",\"dateModified\":\"2019-01-17T12:59:53+01:00\"},{\"@type\":\"WebSite\",\"@id\":\"https:\\\/\\\/candas365.es\\\/noticias\\\/#website\",\"url\":\"https:\\\/\\\/candas365.es\\\/noticias\\\/\",\"name\":\"Cand\\u00e1s 365\",\"alternateName\":\"Cand\\u00e1s 365 Noticias\",\"description\":\"Actualidad desde Carre\\u00f1o para el mundo\",\"inLanguage\":\"es-ES\",\"publisher\":{\"@id\":\"https:\\\/\\\/candas365.es\\\/noticias\\\/#organization\"}}]}\n\t\t<\/script>\n\t\t<!-- All in One SEO Pro -->\r\n\t\t<title>IU rechaza el cierre de la t\u00e9rmica de Soto de la Barca | Cand\u00e1s 365<\/title>\n\n","aioseo_head_json":{"title":"IU rechaza el cierre de la t\u00e9rmica de Soto de la Barca | Cand\u00e1s 365","description":"Ovidio Zapico, diputado de IU en la Junta General, exige al Gobierno de Pedro S\u00e1nchez mecanismos para que ninguna empresa, en este caso la Central de Soto de la Barca -en Tineo-, pueda cerrar sin un consentimiento previo del Gobierno de la naci\u00f3n. Planificaci\u00f3n es lo que demanda el diputado asturiano, responsable de los asuntos","canonical_url":"https:\/\/candas365.es\/noticias\/iu-rechaza-el-cierre-de-la-termica-de-soto-de-la-barca\/","robots":"max-image-preview:large","keywords":"asturias","webmasterTools":{"google-site-verification":"UA-32230408-1","msvalidate.01":"354F3CDFB2DA171B47FBE9ABF1F88D5","miscellaneous":""},"schema":{"@context":"https:\/\/schema.org","@graph":[{"@type":"BreadcrumbList","@id":"https:\/\/candas365.es\/noticias\/iu-rechaza-el-cierre-de-la-termica-de-soto-de-la-barca\/#breadcrumblist","itemListElement":[{"@type":"ListItem","@id":"https:\/\/candas365.es\/noticias#listItem","position":1,"name":"Home","item":"https:\/\/candas365.es\/noticias","nextItem":{"@type":"ListItem","@id":"https:\/\/candas365.es\/noticias\/category\/asturias\/#listItem","name":"Asturias"}},{"@type":"ListItem","@id":"https:\/\/candas365.es\/noticias\/category\/asturias\/#listItem","position":2,"name":"Asturias","item":"https:\/\/candas365.es\/noticias\/category\/asturias\/","nextItem":{"@type":"ListItem","@id":"https:\/\/candas365.es\/noticias\/iu-rechaza-el-cierre-de-la-termica-de-soto-de-la-barca\/#listItem","name":"IU rechaza el cierre de la t\u00e9rmica de Soto de la Barca"},"previousItem":{"@type":"ListItem","@id":"https:\/\/candas365.es\/noticias#listItem","name":"Home"}},{"@type":"ListItem","@id":"https:\/\/candas365.es\/noticias\/iu-rechaza-el-cierre-de-la-termica-de-soto-de-la-barca\/#listItem","position":3,"name":"IU rechaza el cierre de la t\u00e9rmica de Soto de la Barca","previousItem":{"@type":"ListItem","@id":"https:\/\/candas365.es\/noticias\/category\/asturias\/#listItem","name":"Asturias"}}]},{"@type":"NewsArticle","@id":"https:\/\/candas365.es\/noticias\/iu-rechaza-el-cierre-de-la-termica-de-soto-de-la-barca\/#newsarticle","name":"IU rechaza el cierre de la t\u00e9rmica de Soto de la Barca | Cand\u00e1s 365","headline":"IU rechaza el cierre de la t\u00e9rmica de Soto de la Barca","author":{"@id":"https:\/\/candas365.es\/noticias\/author\/admin\/#author"},"publisher":{"@id":"https:\/\/candas365.es\/noticias\/#organization"},"image":{"@type":"ImageObject","url":"https:\/\/candas365.es\/noticias\/wp-content\/uploads\/2019\/01\/zapico.jpg","width":683,"height":511},"datePublished":"2019-01-17T12:59:53+01:00","dateModified":"2019-01-17T12:59:53+01:00","inLanguage":"es-ES","mainEntityOfPage":{"@id":"https:\/\/candas365.es\/noticias\/iu-rechaza-el-cierre-de-la-termica-de-soto-de-la-barca\/#webpage"},"isPartOf":{"@id":"https:\/\/candas365.es\/noticias\/iu-rechaza-el-cierre-de-la-termica-de-soto-de-la-barca\/#webpage"},"articleSection":"Asturias","dateline":"Publicado el enero 17, 2019."},{"@type":"Organization","@id":"https:\/\/candas365.es\/noticias\/#organization","name":"Cand\u00e1s 365","description":"Cand\u00e1s 365 es un diario digital independiente, fundado en 2012, con base en Asturias. Informamos con rigor sobre actualidad, sociedad, cultura y ocio, con una mirada local y global.","url":"https:\/\/candas365.es\/noticias\/","email":"info@candas365.es","telephone":"+34652131393","foundingDate":"2012-06-10","logo":{"@type":"ImageObject","url":"https:\/\/candas365.es\/noticias\/wp-content\/uploads\/2024\/09\/Candas-365-Redes.jpg","@id":"https:\/\/candas365.es\/noticias\/iu-rechaza-el-cierre-de-la-termica-de-soto-de-la-barca\/#organizationLogo","width":1152,"height":864,"caption":"Cand\u00e1s 365 Redes"},"image":{"@id":"https:\/\/candas365.es\/noticias\/iu-rechaza-el-cierre-de-la-termica-de-soto-de-la-barca\/#organizationLogo"},"sameAs":["https:\/\/www.facebook.com\/Nachofdezber","https:\/\/x.com\/NabercoDigital","https:\/\/www.instagram.com\/nachofdezber\/","https:\/\/www.youtube.com\/channel\/UCZP-2wLEB9Rv6erhFmqVnvg"],"address":{"@id":"https:\/\/candas365.es\/noticias\/#postaladdress","@type":"PostalAddress","streetAddress":"san antonio 4, san antonio 4","postalCode":"33430","addressLocality":"Cand\u00e1s","addressRegion":"Asturias","addressCountry":"ES"}},{"@type":"Person","@id":"https:\/\/candas365.es\/noticias\/author\/admin\/#author","url":"https:\/\/candas365.es\/noticias\/author\/admin\/","name":"Cand\u00e1s 365","image":{"@type":"ImageObject","@id":"https:\/\/candas365.es\/noticias\/iu-rechaza-el-cierre-de-la-termica-de-soto-de-la-barca\/#authorImage","url":"https:\/\/secure.gravatar.com\/avatar\/496a8e03d0c493ede1718b7934145dbdf8d89be1036b0eec9544e1094c9de390?s=96&d=mm&r=g","width":96,"height":96,"caption":"Cand\u00e1s 365"},"sameAs":["https:\/\/www.facebook.com\/carrenoactualidad","https:\/\/twitter.com\/nbasturias","https:\/\/www.instagram.com\/nachofdezber\/","https:\/\/www.youtube.com\/channel\/UCZP-2wLEB9Rv6erhFmqVnvg"]},{"@type":"WebPage","@id":"https:\/\/candas365.es\/noticias\/iu-rechaza-el-cierre-de-la-termica-de-soto-de-la-barca\/#webpage","url":"https:\/\/candas365.es\/noticias\/iu-rechaza-el-cierre-de-la-termica-de-soto-de-la-barca\/","name":"IU rechaza el cierre de la t\u00e9rmica de Soto de la Barca | Cand\u00e1s 365","description":"Ovidio Zapico, diputado de IU en la Junta General, exige al Gobierno de Pedro S\u00e1nchez mecanismos para que ninguna empresa, en este caso la Central de Soto de la Barca -en Tineo-, pueda cerrar sin un consentimiento previo del Gobierno de la naci\u00f3n. Planificaci\u00f3n es lo que demanda el diputado asturiano, responsable de los asuntos","inLanguage":"es-ES","isPartOf":{"@id":"https:\/\/candas365.es\/noticias\/#website"},"breadcrumb":{"@id":"https:\/\/candas365.es\/noticias\/iu-rechaza-el-cierre-de-la-termica-de-soto-de-la-barca\/#breadcrumblist"},"author":{"@id":"https:\/\/candas365.es\/noticias\/author\/admin\/#author"},"creator":{"@id":"https:\/\/candas365.es\/noticias\/author\/admin\/#author"},"image":{"@type":"ImageObject","url":"https:\/\/candas365.es\/noticias\/wp-content\/uploads\/2019\/01\/zapico.jpg","@id":"https:\/\/candas365.es\/noticias\/iu-rechaza-el-cierre-de-la-termica-de-soto-de-la-barca\/#mainImage","width":683,"height":511},"primaryImageOfPage":{"@id":"https:\/\/candas365.es\/noticias\/iu-rechaza-el-cierre-de-la-termica-de-soto-de-la-barca\/#mainImage"},"datePublished":"2019-01-17T12:59:53+01:00","dateModified":"2019-01-17T12:59:53+01:00"},{"@type":"WebSite","@id":"https:\/\/candas365.es\/noticias\/#website","url":"https:\/\/candas365.es\/noticias\/","name":"Cand\u00e1s 365","alternateName":"Cand\u00e1s 365 Noticias","description":"Actualidad desde Carre\u00f1o para el mundo","inLanguage":"es-ES","publisher":{"@id":"https:\/\/candas365.es\/noticias\/#organization"}}]},"og:locale":"es_ES","og:site_name":"Cand\u00e1s 365","og:type":"article","og:title":"IU rechaza el cierre de la t\u00e9rmica de Soto de la Barca | Cand\u00e1s 365","og:description":"Ovidio Zapico, diputado de IU en la Junta General, exige al Gobierno de Pedro S\u00e1nchez mecanismos para que ninguna empresa, en este caso la Central de Soto de la Barca -en Tineo-, pueda cerrar sin un consentimiento previo del Gobierno de la naci\u00f3n. Planificaci\u00f3n es lo que demanda el diputado asturiano, responsable de los asuntos","og:url":"https:\/\/candas365.es\/noticias\/iu-rechaza-el-cierre-de-la-termica-de-soto-de-la-barca\/","og:image":"https:\/\/candas365.es\/noticias\/wp-content\/uploads\/2019\/01\/zapico.jpg","og:image:secure_url":"https:\/\/candas365.es\/noticias\/wp-content\/uploads\/2019\/01\/zapico.jpg","og:image:width":683,"og:image:height":511,"article:published_time":"2019-01-17T12:59:53+00:00","article:modified_time":"2019-01-17T12:59:53+00:00","article:publisher":"https:\/\/www.facebook.com\/Nachofdezber","article:author":"https:\/\/www.facebook.com\/carrenoactualidad","twitter:card":"summary_large_image","twitter:site":"@NabercoDigital","twitter:title":"IU rechaza el cierre de la t\u00e9rmica de Soto de la Barca | Cand\u00e1s 365","twitter:description":"Ovidio Zapico, diputado de IU en la Junta General, exige al Gobierno de Pedro S\u00e1nchez mecanismos para que ninguna empresa, en este caso la Central de Soto de la Barca -en Tineo-, pueda cerrar sin un consentimiento previo del Gobierno de la naci\u00f3n. Planificaci\u00f3n es lo que demanda el diputado asturiano, responsable de los asuntos","twitter:creator":"@nbasturias","twitter:image":"https:\/\/candas365.es\/noticias\/wp-content\/uploads\/2019\/01\/zapico.jpg","twitter:label1":"Escrito por","twitter:data1":"Cand\u00e1s 365","twitter:label2":"Tiempo de lectura estimado","twitter:data2":"2 minutos"},"aioseo_meta_data":{"post_id":"114371","title":null,"description":null,"keywords":null,"keyphrases":null,"primary_term":null,"canonical_url":null,"og_title":null,"og_description":null,"og_object_type":"default","og_image_type":"default","og_image_url":null,"og_image_width":null,"og_image_height":null,"og_image_custom_url":null,"og_image_custom_fields":null,"og_video":null,"og_custom_url":null,"og_article_section":null,"og_article_tags":null,"twitter_use_og":false,"twitter_card":"default","twitter_image_type":"default","twitter_image_url":null,"twitter_image_custom_url":null,"twitter_image_custom_fields":null,"twitter_title":null,"twitter_description":null,"schema":{"blockGraphs":[],"customGraphs":[],"default":{"data":{"Article":[],"Course":[],"Dataset":[],"FAQPage":[],"Movie":[],"Person":[],"Product":[],"ProductReview":[],"Car":[],"Recipe":[],"Service":[],"SoftwareApplication":[],"WebPage":[]},"graphName":"","isEnabled":true},"graphs":[],"defaultGraph":"","defaultPostTypeGraph":""},"schema_type":null,"schema_type_options":null,"pillar_content":false,"robots_default":true,"robots_noindex":false,"robots_noarchive":false,"robots_nosnippet":false,"robots_nofollow":false,"robots_noimageindex":false,"robots_noodp":false,"robots_notranslate":false,"robots_max_snippet":null,"robots_max_videopreview":null,"robots_max_imagepreview":"large","priority":null,"frequency":null,"location":null,"local_seo":null,"seo_analyzer_scan_date":"2025-08-29 01:11:21","breadcrumb_settings":null,"limit_modified_date":false,"reviewed_by":null,"open_ai":null,"ai":null,"created":"2020-12-21 11:23:55","updated":"2025-08-29 01:11:21"},"aioseo_breadcrumb":"<div class=\"aioseo-breadcrumbs\"><span class=\"aioseo-breadcrumb\">\n\t<a href=\"https:\/\/candas365.es\/noticias\" title=\"Home\">Home<\/a>\n<\/span><span class=\"aioseo-breadcrumb-separator\">&ndash;<\/span><span class=\"aioseo-breadcrumb\">\n\t<a href=\"https:\/\/candas365.es\/noticias\/category\/asturias\/\" title=\"Asturias\">Asturias<\/a>\n<\/span><span class=\"aioseo-breadcrumb-separator\">&ndash;<\/span><span class=\"aioseo-breadcrumb\">\n\tIU rechaza el cierre de la t\u00e9rmica de Soto de la Barca\n<\/span><\/div>","aioseo_breadcrumb_json":[{"label":"Home","link":"https:\/\/candas365.es\/noticias"},{"label":"Asturias","link":"https:\/\/candas365.es\/noticias\/category\/asturias\/"},{"label":"IU rechaza el cierre de la t\u00e9rmica de Soto de la Barca","link":"https:\/\/candas365.es\/noticias\/iu-rechaza-el-cierre-de-la-termica-de-soto-de-la-barca\/"}],"_links":{"self":[{"href":"https:\/\/candas365.es\/noticias\/wp-json\/wp\/v2\/posts\/114371","targetHints":{"allow":["GET"]}}],"collection":[{"href":"https:\/\/candas365.es\/noticias\/wp-json\/wp\/v2\/posts"}],"about":[{"href":"https:\/\/candas365.es\/noticias\/wp-json\/wp\/v2\/types\/post"}],"author":[{"embeddable":true,"href":"https:\/\/candas365.es\/noticias\/wp-json\/wp\/v2\/users\/1"}],"replies":[{"embeddable":true,"href":"https:\/\/candas365.es\/noticias\/wp-json\/wp\/v2\/comments?post=114371"}],"version-history":[{"count":0,"href":"https:\/\/candas365.es\/noticias\/wp-json\/wp\/v2\/posts\/114371\/revisions"}],"wp:featuredmedia":[{"embeddable":true,"href":"https:\/\/candas365.es\/noticias\/wp-json\/wp\/v2\/media\/114372"}],"wp:attachment":[{"href":"https:\/\/candas365.es\/noticias\/wp-json\/wp\/v2\/media?parent=114371"}],"wp:term":[{"taxonomy":"category","embeddable":true,"href":"https:\/\/candas365.es\/noticias\/wp-json\/wp\/v2\/categories?post=114371"},{"taxonomy":"post_tag","embeddable":true,"href":"https:\/\/candas365.es\/noticias\/wp-json\/wp\/v2\/tags?post=114371"}],"curies":[{"name":"wp","href":"https:\/\/api.w.org\/{rel}","templated":true}]}}