{"id":114336,"date":"2019-01-16T23:05:17","date_gmt":"2019-01-16T23:05:17","guid":{"rendered":"http:\/\/candas365.es\/noticias\/?p=114336"},"modified":"2019-01-16T23:05:17","modified_gmt":"2019-01-16T23:05:17","slug":"vogel-sera-embajadora-del-mundial-de-ciclismo-en-pista-2020","status":"publish","type":"post","link":"https:\/\/candas365.es\/noticias\/vogel-sera-embajadora-del-mundial-de-ciclismo-en-pista-2020\/","title":{"rendered":"Vogel ser\u00e1 embajadora del Mundial de Ciclismo en Pista 2020"},"content":{"rendered":"<figure id=\"attachment_114337\" aria-describedby=\"caption-attachment-114337\" style=\"width: 360px\" class=\"wp-caption alignleft\"><img fetchpriority=\"high\" decoding=\"async\" class=\"size-medium wp-image-114337\" src=\"https:\/\/candas365.es\/noticias\/wp-content\/uploads\/2019\/01\/Vogel-360x278.jpg\" alt=\"\" width=\"360\" height=\"278\" srcset=\"https:\/\/candas365.es\/noticias\/wp-content\/uploads\/2019\/01\/Vogel-360x278.jpg 360w, https:\/\/candas365.es\/noticias\/wp-content\/uploads\/2019\/01\/Vogel-768x593.jpg 768w, https:\/\/candas365.es\/noticias\/wp-content\/uploads\/2019\/01\/Vogel-621x480.jpg 621w, https:\/\/candas365.es\/noticias\/wp-content\/uploads\/2019\/01\/Vogel-696x538.jpg 696w, https:\/\/candas365.es\/noticias\/wp-content\/uploads\/2019\/01\/Vogel-544x420.jpg 544w, https:\/\/candas365.es\/noticias\/wp-content\/uploads\/2019\/01\/Vogel.jpg 871w\" sizes=\"(max-width: 360px) 100vw, 360px\" \/><figcaption id=\"caption-attachment-114337\" class=\"wp-caption-text\">Foto: Patrick Seeger\/dpa<\/figcaption><\/figure>\n<p>Berl\u00edn, 15 ene (dpa) &#8211; La doble campeona ol\u00edmpica alemana de ciclismo de pista Kristina Vogel, que qued\u00f3 parapl\u00e9jica a causa de un accidente en 2018, ser\u00e1 la embajadora del Campeonato Mundial de Ciclismo en Pista 2020 en Berl\u00edn, seg\u00fan un comunicado oficial difundido hoy por la Asociaci\u00f3n Alemana de Ciclismo (BDR).<\/p>\n<p>\u00abEstoy segura de que Berl\u00edn har\u00e1 todo lo posible para garantizar el \u00e9xito del campeonato. El ciclismo en toda Alemania se beneficiar\u00e1 del torneo. Estoy ansiosa por la tarea\u00bb, se\u00f1ala la atleta de 28 a\u00f1os en el comunicado.<\/p>\n<p>El Campeonato Mundial de Ciclismo en Pista se celebrar\u00e1 en el vel\u00f3dromo de la capital alemana del 26 de febrero al 1 de marzo de 2020. Se trata del \u00faltimo evento destacado de ciclismo antes de los Juegos Ol\u00edmpicos de Tokio 2020.<\/p>\n<p>\u00abNo podr\u00edamos haber encontrado a nadie mejor como embajadora del Campeonato del Mundo. Estamos muy satisfechos con su compromiso. Kristina Vogel nos ha dado muchas horas de alegr\u00eda con su estilo despreocupado y sus \u00e9xitos en los Juegos Ol\u00edmpicos, campeonatos mundiales y europeos\u00bb, dijo Rudolf Scharping, presidente de la Asociaci\u00f3n Alemana de Ciclismo (BDR).<\/p>\n<p>La once veces campeona mundial estuvo involucrada en una colisi\u00f3n a toda velocidad con otro corredor en una pista de ciclismo el 26 de junio de 2018 en la ciudad de Cottbus, en el este de Alemania, y qued\u00f3 parapl\u00e9jica. Tuvo que ser sometida a varias operaciones.<\/p>\n<p>El accidente caus\u00f3 conmoci\u00f3n en el ciclismo alem\u00e1n. Vogel era la deportista de mayor \u00e9xito en la historia del ciclismo de pista del pa\u00eds. En Londres 2012 gan\u00f3 de forma inesperada el oro ol\u00edmpico junto con Miriam Welte y en R\u00edo de Janeiro se alz\u00f3 con el oro en carrera individual.<\/p>\n","protected":false},"excerpt":{"rendered":"<p>Berl\u00edn, 15 ene (dpa) &#8211; La doble campeona ol\u00edmpica alemana de ciclismo de pista Kristina Vogel, que qued\u00f3 parapl\u00e9jica a causa de un accidente en 2018, ser\u00e1 la embajadora del Campeonato Mundial de Ciclismo en Pista 2020 en Berl\u00edn, seg\u00fan un comunicado oficial difundido hoy por la Asociaci\u00f3n Alemana de Ciclismo (BDR). \u00abEstoy segura de<\/p>\n","protected":false},"author":1,"featured_media":114337,"comment_status":"closed","ping_status":"closed","sticky":false,"template":"","format":"standard","meta":{"footnotes":""},"categories":[319],"tags":[],"class_list":{"0":"post-114336","1":"post","2":"type-post","3":"status-publish","4":"format-standard","5":"has-post-thumbnail","7":"category-deporte"},"aioseo_notices":[],"aioseo_head":"\n\t\t<!-- All in One SEO Pro 4.9.6.2 - aioseo.com -->\n\t<meta name=\"description\" content=\"Berl\u00edn, 15 ene (dpa) - La doble campeona ol\u00edmpica alemana de ciclismo de pista Kristina Vogel, que qued\u00f3 parapl\u00e9jica a causa de un accidente en 2018, ser\u00e1 la embajadora del Campeonato Mundial de Ciclismo en Pista 2020 en Berl\u00edn, seg\u00fan un comunicado oficial difundido hoy por la Asociaci\u00f3n Alemana de Ciclismo (BDR). &quot;Estoy segura de\" \/>\n\t<meta name=\"robots\" content=\"max-image-preview:large\" \/>\n\t<meta name=\"author\" content=\"Cand\u00e1s 365\"\/>\n\t<meta name=\"google-site-verification\" content=\"UA-32230408-1\" \/>\n\t<meta name=\"msvalidate.01\" content=\"354F3CDFB2DA171B47FBE9ABF1F88D5\" \/>\n\t<meta name=\"keywords\" content=\"deporte\" \/>\n\t<link rel=\"canonical\" href=\"https:\/\/candas365.es\/noticias\/vogel-sera-embajadora-del-mundial-de-ciclismo-en-pista-2020\/\" \/>\n\t<meta name=\"generator\" content=\"All in One SEO Pro (AIOSEO) 4.9.6.2\" \/>\n\t\t<meta property=\"og:locale\" content=\"es_ES\" \/>\n\t\t<meta property=\"og:site_name\" content=\"Cand\u00e1s 365\" \/>\n\t\t<meta property=\"og:type\" content=\"article\" \/>\n\t\t<meta property=\"og:title\" content=\"Vogel ser\u00e1 embajadora del Mundial de Ciclismo en Pista 2020 | Cand\u00e1s 365\" \/>\n\t\t<meta property=\"og:description\" content=\"Berl\u00edn, 15 ene (dpa) - La doble campeona ol\u00edmpica alemana de ciclismo de pista Kristina Vogel, que qued\u00f3 parapl\u00e9jica a causa de un accidente en 2018, ser\u00e1 la embajadora del Campeonato Mundial de Ciclismo en Pista 2020 en Berl\u00edn, seg\u00fan un comunicado oficial difundido hoy por la Asociaci\u00f3n Alemana de Ciclismo (BDR). &quot;Estoy segura de\" \/>\n\t\t<meta property=\"og:url\" content=\"https:\/\/candas365.es\/noticias\/vogel-sera-embajadora-del-mundial-de-ciclismo-en-pista-2020\/\" \/>\n\t\t<meta property=\"og:image\" content=\"https:\/\/candas365.es\/noticias\/wp-content\/uploads\/2019\/01\/Vogel.jpg\" \/>\n\t\t<meta property=\"og:image:secure_url\" content=\"https:\/\/candas365.es\/noticias\/wp-content\/uploads\/2019\/01\/Vogel.jpg\" \/>\n\t\t<meta property=\"og:image:width\" content=\"871\" \/>\n\t\t<meta property=\"og:image:height\" content=\"673\" \/>\n\t\t<meta property=\"article:published_time\" content=\"2019-01-16T23:05:17+00:00\" \/>\n\t\t<meta property=\"article:modified_time\" content=\"2019-01-16T23:05:17+00:00\" \/>\n\t\t<meta property=\"article:publisher\" content=\"https:\/\/www.facebook.com\/Nachofdezber\" \/>\n\t\t<meta property=\"article:author\" content=\"https:\/\/www.facebook.com\/carrenoactualidad\" \/>\n\t\t<meta name=\"twitter:card\" content=\"summary_large_image\" \/>\n\t\t<meta name=\"twitter:site\" content=\"@NabercoDigital\" \/>\n\t\t<meta name=\"twitter:title\" content=\"Vogel ser\u00e1 embajadora del Mundial de Ciclismo en Pista 2020 | Cand\u00e1s 365\" \/>\n\t\t<meta name=\"twitter:description\" content=\"Berl\u00edn, 15 ene (dpa) - La doble campeona ol\u00edmpica alemana de ciclismo de pista Kristina Vogel, que qued\u00f3 parapl\u00e9jica a causa de un accidente en 2018, ser\u00e1 la embajadora del Campeonato Mundial de Ciclismo en Pista 2020 en Berl\u00edn, seg\u00fan un comunicado oficial difundido hoy por la Asociaci\u00f3n Alemana de Ciclismo (BDR). &quot;Estoy segura de\" \/>\n\t\t<meta name=\"twitter:creator\" content=\"@nbasturias\" \/>\n\t\t<meta name=\"twitter:image\" content=\"https:\/\/candas365.es\/noticias\/wp-content\/uploads\/2019\/01\/Vogel.jpg\" \/>\n\t\t<meta name=\"twitter:label1\" content=\"Escrito por\" \/>\n\t\t<meta name=\"twitter:data1\" content=\"Cand\u00e1s 365\" \/>\n\t\t<meta name=\"twitter:label2\" content=\"Tiempo de lectura estimado\" \/>\n\t\t<meta name=\"twitter:data2\" content=\"2 minutos\" \/>\n\t\t<script type=\"application\/ld+json\" class=\"aioseo-schema\">\n\t\t\t{\"@context\":\"https:\\\/\\\/schema.org\",\"@graph\":[{\"@type\":\"BreadcrumbList\",\"@id\":\"https:\\\/\\\/candas365.es\\\/noticias\\\/vogel-sera-embajadora-del-mundial-de-ciclismo-en-pista-2020\\\/#breadcrumblist\",\"itemListElement\":[{\"@type\":\"ListItem\",\"@id\":\"https:\\\/\\\/candas365.es\\\/noticias#listItem\",\"position\":1,\"name\":\"Home\",\"item\":\"https:\\\/\\\/candas365.es\\\/noticias\",\"nextItem\":{\"@type\":\"ListItem\",\"@id\":\"https:\\\/\\\/candas365.es\\\/noticias\\\/category\\\/deporte\\\/#listItem\",\"name\":\"Deporte\"}},{\"@type\":\"ListItem\",\"@id\":\"https:\\\/\\\/candas365.es\\\/noticias\\\/category\\\/deporte\\\/#listItem\",\"position\":2,\"name\":\"Deporte\",\"item\":\"https:\\\/\\\/candas365.es\\\/noticias\\\/category\\\/deporte\\\/\",\"nextItem\":{\"@type\":\"ListItem\",\"@id\":\"https:\\\/\\\/candas365.es\\\/noticias\\\/vogel-sera-embajadora-del-mundial-de-ciclismo-en-pista-2020\\\/#listItem\",\"name\":\"Vogel ser\\u00e1 embajadora del Mundial de Ciclismo en Pista 2020\"},\"previousItem\":{\"@type\":\"ListItem\",\"@id\":\"https:\\\/\\\/candas365.es\\\/noticias#listItem\",\"name\":\"Home\"}},{\"@type\":\"ListItem\",\"@id\":\"https:\\\/\\\/candas365.es\\\/noticias\\\/vogel-sera-embajadora-del-mundial-de-ciclismo-en-pista-2020\\\/#listItem\",\"position\":3,\"name\":\"Vogel ser\\u00e1 embajadora del Mundial de Ciclismo en Pista 2020\",\"previousItem\":{\"@type\":\"ListItem\",\"@id\":\"https:\\\/\\\/candas365.es\\\/noticias\\\/category\\\/deporte\\\/#listItem\",\"name\":\"Deporte\"}}]},{\"@type\":\"NewsArticle\",\"@id\":\"https:\\\/\\\/candas365.es\\\/noticias\\\/vogel-sera-embajadora-del-mundial-de-ciclismo-en-pista-2020\\\/#newsarticle\",\"name\":\"Vogel ser\\u00e1 embajadora del Mundial de Ciclismo en Pista 2020 | Cand\\u00e1s 365\",\"headline\":\"Vogel ser\\u00e1 embajadora del Mundial de Ciclismo en Pista 2020\",\"author\":{\"@id\":\"https:\\\/\\\/candas365.es\\\/noticias\\\/author\\\/admin\\\/#author\"},\"publisher\":{\"@id\":\"https:\\\/\\\/candas365.es\\\/noticias\\\/#organization\"},\"image\":{\"@type\":\"ImageObject\",\"url\":\"https:\\\/\\\/candas365.es\\\/noticias\\\/wp-content\\\/uploads\\\/2019\\\/01\\\/Vogel.jpg\",\"width\":871,\"height\":673,\"caption\":\"Foto: Patrick Seeger\\\/dpa\"},\"datePublished\":\"2019-01-16T23:05:17+01:00\",\"dateModified\":\"2019-01-16T23:05:17+01:00\",\"inLanguage\":\"es-ES\",\"mainEntityOfPage\":{\"@id\":\"https:\\\/\\\/candas365.es\\\/noticias\\\/vogel-sera-embajadora-del-mundial-de-ciclismo-en-pista-2020\\\/#webpage\"},\"isPartOf\":{\"@id\":\"https:\\\/\\\/candas365.es\\\/noticias\\\/vogel-sera-embajadora-del-mundial-de-ciclismo-en-pista-2020\\\/#webpage\"},\"articleSection\":\"Deporte\",\"dateline\":\"Publicado el enero 16, 2019.\"},{\"@type\":\"Organization\",\"@id\":\"https:\\\/\\\/candas365.es\\\/noticias\\\/#organization\",\"name\":\"Cand\\u00e1s 365\",\"description\":\"Cand\\u00e1s 365 es un diario digital independiente, fundado en 2012, con base en Asturias. Informamos con rigor sobre actualidad, sociedad, cultura y ocio, con una mirada local y global.\",\"url\":\"https:\\\/\\\/candas365.es\\\/noticias\\\/\",\"email\":\"info@candas365.es\",\"telephone\":\"+34652131393\",\"foundingDate\":\"2012-06-10\",\"logo\":{\"@type\":\"ImageObject\",\"url\":\"https:\\\/\\\/candas365.es\\\/noticias\\\/wp-content\\\/uploads\\\/2024\\\/09\\\/Candas-365-Redes.jpg\",\"@id\":\"https:\\\/\\\/candas365.es\\\/noticias\\\/vogel-sera-embajadora-del-mundial-de-ciclismo-en-pista-2020\\\/#organizationLogo\",\"width\":1152,\"height\":864,\"caption\":\"Cand\\u00e1s 365 Redes\"},\"image\":{\"@id\":\"https:\\\/\\\/candas365.es\\\/noticias\\\/vogel-sera-embajadora-del-mundial-de-ciclismo-en-pista-2020\\\/#organizationLogo\"},\"sameAs\":[\"https:\\\/\\\/www.facebook.com\\\/Nachofdezber\",\"https:\\\/\\\/x.com\\\/NabercoDigital\",\"https:\\\/\\\/www.instagram.com\\\/nachofdezber\\\/\",\"https:\\\/\\\/www.youtube.com\\\/channel\\\/UCZP-2wLEB9Rv6erhFmqVnvg\"],\"address\":{\"@id\":\"https:\\\/\\\/candas365.es\\\/noticias\\\/#postaladdress\",\"@type\":\"PostalAddress\",\"streetAddress\":\"san antonio 4, san antonio 4\",\"postalCode\":\"33430\",\"addressLocality\":\"Cand\\u00e1s\",\"addressRegion\":\"Asturias\",\"addressCountry\":\"ES\"}},{\"@type\":\"Person\",\"@id\":\"https:\\\/\\\/candas365.es\\\/noticias\\\/author\\\/admin\\\/#author\",\"url\":\"https:\\\/\\\/candas365.es\\\/noticias\\\/author\\\/admin\\\/\",\"name\":\"Cand\\u00e1s 365\",\"image\":{\"@type\":\"ImageObject\",\"@id\":\"https:\\\/\\\/candas365.es\\\/noticias\\\/vogel-sera-embajadora-del-mundial-de-ciclismo-en-pista-2020\\\/#authorImage\",\"url\":\"https:\\\/\\\/secure.gravatar.com\\\/avatar\\\/496a8e03d0c493ede1718b7934145dbdf8d89be1036b0eec9544e1094c9de390?s=96&d=mm&r=g\",\"width\":96,\"height\":96,\"caption\":\"Cand\\u00e1s 365\"},\"sameAs\":[\"https:\\\/\\\/www.facebook.com\\\/carrenoactualidad\",\"https:\\\/\\\/twitter.com\\\/nbasturias\",\"https:\\\/\\\/www.instagram.com\\\/nachofdezber\\\/\",\"https:\\\/\\\/www.youtube.com\\\/channel\\\/UCZP-2wLEB9Rv6erhFmqVnvg\"]},{\"@type\":\"WebPage\",\"@id\":\"https:\\\/\\\/candas365.es\\\/noticias\\\/vogel-sera-embajadora-del-mundial-de-ciclismo-en-pista-2020\\\/#webpage\",\"url\":\"https:\\\/\\\/candas365.es\\\/noticias\\\/vogel-sera-embajadora-del-mundial-de-ciclismo-en-pista-2020\\\/\",\"name\":\"Vogel ser\\u00e1 embajadora del Mundial de Ciclismo en Pista 2020 | Cand\\u00e1s 365\",\"description\":\"Berl\\u00edn, 15 ene (dpa) - La doble campeona ol\\u00edmpica alemana de ciclismo de pista Kristina Vogel, que qued\\u00f3 parapl\\u00e9jica a causa de un accidente en 2018, ser\\u00e1 la embajadora del Campeonato Mundial de Ciclismo en Pista 2020 en Berl\\u00edn, seg\\u00fan un comunicado oficial difundido hoy por la Asociaci\\u00f3n Alemana de Ciclismo (BDR). \\\"Estoy segura de\",\"inLanguage\":\"es-ES\",\"isPartOf\":{\"@id\":\"https:\\\/\\\/candas365.es\\\/noticias\\\/#website\"},\"breadcrumb\":{\"@id\":\"https:\\\/\\\/candas365.es\\\/noticias\\\/vogel-sera-embajadora-del-mundial-de-ciclismo-en-pista-2020\\\/#breadcrumblist\"},\"author\":{\"@id\":\"https:\\\/\\\/candas365.es\\\/noticias\\\/author\\\/admin\\\/#author\"},\"creator\":{\"@id\":\"https:\\\/\\\/candas365.es\\\/noticias\\\/author\\\/admin\\\/#author\"},\"image\":{\"@type\":\"ImageObject\",\"url\":\"https:\\\/\\\/candas365.es\\\/noticias\\\/wp-content\\\/uploads\\\/2019\\\/01\\\/Vogel.jpg\",\"@id\":\"https:\\\/\\\/candas365.es\\\/noticias\\\/vogel-sera-embajadora-del-mundial-de-ciclismo-en-pista-2020\\\/#mainImage\",\"width\":871,\"height\":673,\"caption\":\"Foto: Patrick Seeger\\\/dpa\"},\"primaryImageOfPage\":{\"@id\":\"https:\\\/\\\/candas365.es\\\/noticias\\\/vogel-sera-embajadora-del-mundial-de-ciclismo-en-pista-2020\\\/#mainImage\"},\"datePublished\":\"2019-01-16T23:05:17+01:00\",\"dateModified\":\"2019-01-16T23:05:17+01:00\"},{\"@type\":\"WebSite\",\"@id\":\"https:\\\/\\\/candas365.es\\\/noticias\\\/#website\",\"url\":\"https:\\\/\\\/candas365.es\\\/noticias\\\/\",\"name\":\"Cand\\u00e1s 365\",\"alternateName\":\"Cand\\u00e1s 365 Noticias\",\"description\":\"Actualidad desde Carre\\u00f1o para el mundo\",\"inLanguage\":\"es-ES\",\"publisher\":{\"@id\":\"https:\\\/\\\/candas365.es\\\/noticias\\\/#organization\"}}]}\n\t\t<\/script>\n\t\t<!-- All in One SEO Pro -->\r\n\t\t<title>Vogel ser\u00e1 embajadora del Mundial de Ciclismo en Pista 2020 | Cand\u00e1s 365<\/title>\n\n","aioseo_head_json":{"title":"Vogel ser\u00e1 embajadora del Mundial de Ciclismo en Pista 2020 | Cand\u00e1s 365","description":"Berl\u00edn, 15 ene (dpa) - La doble campeona ol\u00edmpica alemana de ciclismo de pista Kristina Vogel, que qued\u00f3 parapl\u00e9jica a causa de un accidente en 2018, ser\u00e1 la embajadora del Campeonato Mundial de Ciclismo en Pista 2020 en Berl\u00edn, seg\u00fan un comunicado oficial difundido hoy por la Asociaci\u00f3n Alemana de Ciclismo (BDR). \"Estoy segura de","canonical_url":"https:\/\/candas365.es\/noticias\/vogel-sera-embajadora-del-mundial-de-ciclismo-en-pista-2020\/","robots":"max-image-preview:large","keywords":"deporte","webmasterTools":{"google-site-verification":"UA-32230408-1","msvalidate.01":"354F3CDFB2DA171B47FBE9ABF1F88D5","miscellaneous":""},"schema":{"@context":"https:\/\/schema.org","@graph":[{"@type":"BreadcrumbList","@id":"https:\/\/candas365.es\/noticias\/vogel-sera-embajadora-del-mundial-de-ciclismo-en-pista-2020\/#breadcrumblist","itemListElement":[{"@type":"ListItem","@id":"https:\/\/candas365.es\/noticias#listItem","position":1,"name":"Home","item":"https:\/\/candas365.es\/noticias","nextItem":{"@type":"ListItem","@id":"https:\/\/candas365.es\/noticias\/category\/deporte\/#listItem","name":"Deporte"}},{"@type":"ListItem","@id":"https:\/\/candas365.es\/noticias\/category\/deporte\/#listItem","position":2,"name":"Deporte","item":"https:\/\/candas365.es\/noticias\/category\/deporte\/","nextItem":{"@type":"ListItem","@id":"https:\/\/candas365.es\/noticias\/vogel-sera-embajadora-del-mundial-de-ciclismo-en-pista-2020\/#listItem","name":"Vogel ser\u00e1 embajadora del Mundial de Ciclismo en Pista 2020"},"previousItem":{"@type":"ListItem","@id":"https:\/\/candas365.es\/noticias#listItem","name":"Home"}},{"@type":"ListItem","@id":"https:\/\/candas365.es\/noticias\/vogel-sera-embajadora-del-mundial-de-ciclismo-en-pista-2020\/#listItem","position":3,"name":"Vogel ser\u00e1 embajadora del Mundial de Ciclismo en Pista 2020","previousItem":{"@type":"ListItem","@id":"https:\/\/candas365.es\/noticias\/category\/deporte\/#listItem","name":"Deporte"}}]},{"@type":"NewsArticle","@id":"https:\/\/candas365.es\/noticias\/vogel-sera-embajadora-del-mundial-de-ciclismo-en-pista-2020\/#newsarticle","name":"Vogel ser\u00e1 embajadora del Mundial de Ciclismo en Pista 2020 | Cand\u00e1s 365","headline":"Vogel ser\u00e1 embajadora del Mundial de Ciclismo en Pista 2020","author":{"@id":"https:\/\/candas365.es\/noticias\/author\/admin\/#author"},"publisher":{"@id":"https:\/\/candas365.es\/noticias\/#organization"},"image":{"@type":"ImageObject","url":"https:\/\/candas365.es\/noticias\/wp-content\/uploads\/2019\/01\/Vogel.jpg","width":871,"height":673,"caption":"Foto: Patrick Seeger\/dpa"},"datePublished":"2019-01-16T23:05:17+01:00","dateModified":"2019-01-16T23:05:17+01:00","inLanguage":"es-ES","mainEntityOfPage":{"@id":"https:\/\/candas365.es\/noticias\/vogel-sera-embajadora-del-mundial-de-ciclismo-en-pista-2020\/#webpage"},"isPartOf":{"@id":"https:\/\/candas365.es\/noticias\/vogel-sera-embajadora-del-mundial-de-ciclismo-en-pista-2020\/#webpage"},"articleSection":"Deporte","dateline":"Publicado el enero 16, 2019."},{"@type":"Organization","@id":"https:\/\/candas365.es\/noticias\/#organization","name":"Cand\u00e1s 365","description":"Cand\u00e1s 365 es un diario digital independiente, fundado en 2012, con base en Asturias. Informamos con rigor sobre actualidad, sociedad, cultura y ocio, con una mirada local y global.","url":"https:\/\/candas365.es\/noticias\/","email":"info@candas365.es","telephone":"+34652131393","foundingDate":"2012-06-10","logo":{"@type":"ImageObject","url":"https:\/\/candas365.es\/noticias\/wp-content\/uploads\/2024\/09\/Candas-365-Redes.jpg","@id":"https:\/\/candas365.es\/noticias\/vogel-sera-embajadora-del-mundial-de-ciclismo-en-pista-2020\/#organizationLogo","width":1152,"height":864,"caption":"Cand\u00e1s 365 Redes"},"image":{"@id":"https:\/\/candas365.es\/noticias\/vogel-sera-embajadora-del-mundial-de-ciclismo-en-pista-2020\/#organizationLogo"},"sameAs":["https:\/\/www.facebook.com\/Nachofdezber","https:\/\/x.com\/NabercoDigital","https:\/\/www.instagram.com\/nachofdezber\/","https:\/\/www.youtube.com\/channel\/UCZP-2wLEB9Rv6erhFmqVnvg"],"address":{"@id":"https:\/\/candas365.es\/noticias\/#postaladdress","@type":"PostalAddress","streetAddress":"san antonio 4, san antonio 4","postalCode":"33430","addressLocality":"Cand\u00e1s","addressRegion":"Asturias","addressCountry":"ES"}},{"@type":"Person","@id":"https:\/\/candas365.es\/noticias\/author\/admin\/#author","url":"https:\/\/candas365.es\/noticias\/author\/admin\/","name":"Cand\u00e1s 365","image":{"@type":"ImageObject","@id":"https:\/\/candas365.es\/noticias\/vogel-sera-embajadora-del-mundial-de-ciclismo-en-pista-2020\/#authorImage","url":"https:\/\/secure.gravatar.com\/avatar\/496a8e03d0c493ede1718b7934145dbdf8d89be1036b0eec9544e1094c9de390?s=96&d=mm&r=g","width":96,"height":96,"caption":"Cand\u00e1s 365"},"sameAs":["https:\/\/www.facebook.com\/carrenoactualidad","https:\/\/twitter.com\/nbasturias","https:\/\/www.instagram.com\/nachofdezber\/","https:\/\/www.youtube.com\/channel\/UCZP-2wLEB9Rv6erhFmqVnvg"]},{"@type":"WebPage","@id":"https:\/\/candas365.es\/noticias\/vogel-sera-embajadora-del-mundial-de-ciclismo-en-pista-2020\/#webpage","url":"https:\/\/candas365.es\/noticias\/vogel-sera-embajadora-del-mundial-de-ciclismo-en-pista-2020\/","name":"Vogel ser\u00e1 embajadora del Mundial de Ciclismo en Pista 2020 | Cand\u00e1s 365","description":"Berl\u00edn, 15 ene (dpa) - La doble campeona ol\u00edmpica alemana de ciclismo de pista Kristina Vogel, que qued\u00f3 parapl\u00e9jica a causa de un accidente en 2018, ser\u00e1 la embajadora del Campeonato Mundial de Ciclismo en Pista 2020 en Berl\u00edn, seg\u00fan un comunicado oficial difundido hoy por la Asociaci\u00f3n Alemana de Ciclismo (BDR). \"Estoy segura de","inLanguage":"es-ES","isPartOf":{"@id":"https:\/\/candas365.es\/noticias\/#website"},"breadcrumb":{"@id":"https:\/\/candas365.es\/noticias\/vogel-sera-embajadora-del-mundial-de-ciclismo-en-pista-2020\/#breadcrumblist"},"author":{"@id":"https:\/\/candas365.es\/noticias\/author\/admin\/#author"},"creator":{"@id":"https:\/\/candas365.es\/noticias\/author\/admin\/#author"},"image":{"@type":"ImageObject","url":"https:\/\/candas365.es\/noticias\/wp-content\/uploads\/2019\/01\/Vogel.jpg","@id":"https:\/\/candas365.es\/noticias\/vogel-sera-embajadora-del-mundial-de-ciclismo-en-pista-2020\/#mainImage","width":871,"height":673,"caption":"Foto: Patrick Seeger\/dpa"},"primaryImageOfPage":{"@id":"https:\/\/candas365.es\/noticias\/vogel-sera-embajadora-del-mundial-de-ciclismo-en-pista-2020\/#mainImage"},"datePublished":"2019-01-16T23:05:17+01:00","dateModified":"2019-01-16T23:05:17+01:00"},{"@type":"WebSite","@id":"https:\/\/candas365.es\/noticias\/#website","url":"https:\/\/candas365.es\/noticias\/","name":"Cand\u00e1s 365","alternateName":"Cand\u00e1s 365 Noticias","description":"Actualidad desde Carre\u00f1o para el mundo","inLanguage":"es-ES","publisher":{"@id":"https:\/\/candas365.es\/noticias\/#organization"}}]},"og:locale":"es_ES","og:site_name":"Cand\u00e1s 365","og:type":"article","og:title":"Vogel ser\u00e1 embajadora del Mundial de Ciclismo en Pista 2020 | Cand\u00e1s 365","og:description":"Berl\u00edn, 15 ene (dpa) - La doble campeona ol\u00edmpica alemana de ciclismo de pista Kristina Vogel, que qued\u00f3 parapl\u00e9jica a causa de un accidente en 2018, ser\u00e1 la embajadora del Campeonato Mundial de Ciclismo en Pista 2020 en Berl\u00edn, seg\u00fan un comunicado oficial difundido hoy por la Asociaci\u00f3n Alemana de Ciclismo (BDR). &quot;Estoy segura de","og:url":"https:\/\/candas365.es\/noticias\/vogel-sera-embajadora-del-mundial-de-ciclismo-en-pista-2020\/","og:image":"https:\/\/candas365.es\/noticias\/wp-content\/uploads\/2019\/01\/Vogel.jpg","og:image:secure_url":"https:\/\/candas365.es\/noticias\/wp-content\/uploads\/2019\/01\/Vogel.jpg","og:image:width":871,"og:image:height":673,"article:published_time":"2019-01-16T23:05:17+00:00","article:modified_time":"2019-01-16T23:05:17+00:00","article:publisher":"https:\/\/www.facebook.com\/Nachofdezber","article:author":"https:\/\/www.facebook.com\/carrenoactualidad","twitter:card":"summary_large_image","twitter:site":"@NabercoDigital","twitter:title":"Vogel ser\u00e1 embajadora del Mundial de Ciclismo en Pista 2020 | Cand\u00e1s 365","twitter:description":"Berl\u00edn, 15 ene (dpa) - La doble campeona ol\u00edmpica alemana de ciclismo de pista Kristina Vogel, que qued\u00f3 parapl\u00e9jica a causa de un accidente en 2018, ser\u00e1 la embajadora del Campeonato Mundial de Ciclismo en Pista 2020 en Berl\u00edn, seg\u00fan un comunicado oficial difundido hoy por la Asociaci\u00f3n Alemana de Ciclismo (BDR). &quot;Estoy segura de","twitter:creator":"@nbasturias","twitter:image":"https:\/\/candas365.es\/noticias\/wp-content\/uploads\/2019\/01\/Vogel.jpg","twitter:label1":"Escrito por","twitter:data1":"Cand\u00e1s 365","twitter:label2":"Tiempo de lectura estimado","twitter:data2":"2 minutos"},"aioseo_meta_data":{"post_id":"114336","title":null,"description":null,"keywords":null,"keyphrases":null,"primary_term":null,"canonical_url":null,"og_title":null,"og_description":null,"og_object_type":"default","og_image_type":"default","og_image_url":null,"og_image_width":null,"og_image_height":null,"og_image_custom_url":null,"og_image_custom_fields":null,"og_video":null,"og_custom_url":null,"og_article_section":null,"og_article_tags":null,"twitter_use_og":false,"twitter_card":"default","twitter_image_type":"default","twitter_image_url":null,"twitter_image_custom_url":null,"twitter_image_custom_fields":null,"twitter_title":null,"twitter_description":null,"schema":{"blockGraphs":[],"customGraphs":[],"default":{"data":{"Article":[],"Course":[],"Dataset":[],"FAQPage":[],"Movie":[],"Person":[],"Product":[],"ProductReview":[],"Car":[],"Recipe":[],"Service":[],"SoftwareApplication":[],"WebPage":[]},"graphName":"","isEnabled":true},"graphs":[]},"schema_type":null,"schema_type_options":null,"pillar_content":false,"robots_default":true,"robots_noindex":false,"robots_noarchive":false,"robots_nosnippet":false,"robots_nofollow":false,"robots_noimageindex":false,"robots_noodp":false,"robots_notranslate":false,"robots_max_snippet":null,"robots_max_videopreview":null,"robots_max_imagepreview":"large","priority":null,"frequency":null,"location":null,"local_seo":null,"seo_analyzer_scan_date":"2025-08-29 01:05:28","breadcrumb_settings":null,"limit_modified_date":false,"reviewed_by":null,"open_ai":null,"ai":null,"created":"2020-12-21 11:23:55","updated":"2025-08-29 01:05:28"},"aioseo_breadcrumb":"<div class=\"aioseo-breadcrumbs\"><span class=\"aioseo-breadcrumb\">\n\t<a href=\"https:\/\/candas365.es\/noticias\" title=\"Home\">Home<\/a>\n<\/span><span class=\"aioseo-breadcrumb-separator\">&ndash;<\/span><span class=\"aioseo-breadcrumb\">\n\t<a href=\"https:\/\/candas365.es\/noticias\/category\/deporte\/\" title=\"Deporte\">Deporte<\/a>\n<\/span><span class=\"aioseo-breadcrumb-separator\">&ndash;<\/span><span class=\"aioseo-breadcrumb\">\n\tVogel ser\u00e1 embajadora del Mundial de Ciclismo en Pista 2020\n<\/span><\/div>","aioseo_breadcrumb_json":[{"label":"Home","link":"https:\/\/candas365.es\/noticias"},{"label":"Deporte","link":"https:\/\/candas365.es\/noticias\/category\/deporte\/"},{"label":"Vogel ser\u00e1 embajadora del Mundial de Ciclismo en Pista 2020","link":"https:\/\/candas365.es\/noticias\/vogel-sera-embajadora-del-mundial-de-ciclismo-en-pista-2020\/"}],"_links":{"self":[{"href":"https:\/\/candas365.es\/noticias\/wp-json\/wp\/v2\/posts\/114336","targetHints":{"allow":["GET"]}}],"collection":[{"href":"https:\/\/candas365.es\/noticias\/wp-json\/wp\/v2\/posts"}],"about":[{"href":"https:\/\/candas365.es\/noticias\/wp-json\/wp\/v2\/types\/post"}],"author":[{"embeddable":true,"href":"https:\/\/candas365.es\/noticias\/wp-json\/wp\/v2\/users\/1"}],"replies":[{"embeddable":true,"href":"https:\/\/candas365.es\/noticias\/wp-json\/wp\/v2\/comments?post=114336"}],"version-history":[{"count":0,"href":"https:\/\/candas365.es\/noticias\/wp-json\/wp\/v2\/posts\/114336\/revisions"}],"wp:featuredmedia":[{"embeddable":true,"href":"https:\/\/candas365.es\/noticias\/wp-json\/wp\/v2\/media\/114337"}],"wp:attachment":[{"href":"https:\/\/candas365.es\/noticias\/wp-json\/wp\/v2\/media?parent=114336"}],"wp:term":[{"taxonomy":"category","embeddable":true,"href":"https:\/\/candas365.es\/noticias\/wp-json\/wp\/v2\/categories?post=114336"},{"taxonomy":"post_tag","embeddable":true,"href":"https:\/\/candas365.es\/noticias\/wp-json\/wp\/v2\/tags?post=114336"}],"curies":[{"name":"wp","href":"https:\/\/api.w.org\/{rel}","templated":true}]}}