{"id":114306,"date":"2019-01-16T14:45:31","date_gmt":"2019-01-16T14:45:31","guid":{"rendered":"http:\/\/candas365.es\/noticias\/?p=114306"},"modified":"2019-01-16T14:45:31","modified_gmt":"2019-01-16T14:45:31","slug":"segunda-sesion-de-la-ronda-de-teatro-por-carreno-en-tamon","status":"publish","type":"post","link":"https:\/\/candas365.es\/noticias\/segunda-sesion-de-la-ronda-de-teatro-por-carreno-en-tamon\/","title":{"rendered":"Segunda sesi\u00f3n de la \u201cRonda de Teatro por Carre\u00f1o\u201d en Tam\u00f3n"},"content":{"rendered":"<p><img fetchpriority=\"high\" decoding=\"async\" class=\"alignleft size-medium wp-image-114310\" src=\"https:\/\/candas365.es\/noticias\/wp-content\/uploads\/2019\/01\/IMG_9657-360x270.jpg\" alt=\"\" width=\"360\" height=\"270\" srcset=\"https:\/\/candas365.es\/noticias\/wp-content\/uploads\/2019\/01\/IMG_9657-360x270.jpg 360w, https:\/\/candas365.es\/noticias\/wp-content\/uploads\/2019\/01\/IMG_9657-768x576.jpg 768w, https:\/\/candas365.es\/noticias\/wp-content\/uploads\/2019\/01\/IMG_9657-640x480.jpg 640w, https:\/\/candas365.es\/noticias\/wp-content\/uploads\/2019\/01\/IMG_9657-80x60.jpg 80w, https:\/\/candas365.es\/noticias\/wp-content\/uploads\/2019\/01\/IMG_9657-265x198.jpg 265w, https:\/\/candas365.es\/noticias\/wp-content\/uploads\/2019\/01\/IMG_9657-696x522.jpg 696w, https:\/\/candas365.es\/noticias\/wp-content\/uploads\/2019\/01\/IMG_9657-1068x801.jpg 1068w, https:\/\/candas365.es\/noticias\/wp-content\/uploads\/2019\/01\/IMG_9657-560x420.jpg 560w, https:\/\/candas365.es\/noticias\/wp-content\/uploads\/2019\/01\/IMG_9657.jpg 1280w\" sizes=\"(max-width: 360px) 100vw, 360px\" \/>La \u201cCantina\u201d de Tam\u00f3n acoger\u00e1 el pr\u00f3ximo s\u00e1bado 19 de enero la segunda sesi\u00f3n del XIV programa cultural \u201cRonda de Teatro por Carre\u00f1o\u201d organizada por la Concejal\u00eda de Cultura. Y en la que participar\u00e1n el Grupo de Teatro \u201cPadre Coll\u201d de la Felguera junto con el monologuista asturiano \u201cMin de les Pieces\u201d<\/p>\n<p>\u201cUn programa cultural cuyo objetivo es llevar arte y cultura a la zona rural. Una l\u00ednea de trabajo a trav\u00e9s de la cual estamos apostando por la descentralizaci\u00f3n de los servicios p\u00fablicos y por supuesto de la cultura. Una l\u00ednea con la que se pretende conseguir un acceso de toda la ciudadan\u00eda, en igual de condiciones, a unos servicios p\u00fablicos de calidad. Una forma de entender la sociedad en la que uno\/a no tiene que desplazarse de su entorno para asistir a una funci\u00f3n teatral, sino que es la actividad la que se desplaza a su entorno, hasta los Centros Sociales de las Parroquias\u201d se\u00f1al\u00f3 Cecilia Tasc\u00f3n- Concejala de Cultura.<\/p>\n<p>\u201cTeatro, poes\u00eda, m\u00fasica, talleres, charlas, cursos y exposiciones son algunas de las acciones que en ese af\u00e1n por acerca la cultura a todos los rincones del Concejo venimos desarrollando conjuntamente con el vecindario. Una confluencia de sinergias, positivas, entre las asociaciones vecinales, la ciudadan\u00eda y los Grupos de Teatro, en este caso, en el que se pone de relieve la importancia y el valor de estos encuentros culturales como una forma de dinamizaci\u00f3n de la parroquia\u201d prosigui\u00f3 la edil.<\/p>\n<p>\u201cLas diez sesiones de la que consta la \u201cRonda\u201d se organizan de igual forma, una primera parte en la que el protagonista son los mon\u00f3logos o la canci\u00f3n asturiana para continuar con una representaci\u00f3n teatral a cargo de grupos de teatro con una dilatada trayectoria y de reconocido renombre en el panorama asturiano como es el caso de los grupos de teatro locales \u201cXana\u201d de Perlora o \u201cLes Ayalgues\u201d de Carre\u00f1o o el cantante de tonada, vecino de Cand\u00e1s, Jos\u00e9 Antonio Gonz\u00e1lez \u201cCantu la Vara\u201d\u201d coment\u00f3 Tasc\u00f3n<\/p>\n<p>\u201cEn esta segunda sesi\u00f3n participar\u00e1n bajo la direcci\u00f3n de Juan Jos\u00e9 Navarrete el Grupo de Teatro \u201cPadre Coll\u201d de la Felguera con la obra \u201cSainete Asturianas\u201d, pero primero el p\u00fablico asistente disfrutar\u00e1 con la chispa y el buen hacer de Armando Felgueroso \u201cMin de les Pieces\u201d\u201d relat\u00f3 la Concejala<\/p>\n<p>Armando Felgueroso, \u201cMin de les Pieces\u201d es un actor c\u00f3mico asturiano con una dilatada trayectoria sobre los escenarios de toda Asturias. Su carrera art\u00edstica la comienza muy joven, a los 9 a\u00f1os de edad, bajo la direcci\u00f3n del monologuista \u201cPin el Cuetu\u201d. Es miembro de la Asociaci\u00f3n de la Canci\u00f3n Asturiana desde casi su fundaci\u00f3n en 1991, apoyando siempre el monologuismo asturiano. Destacando tambi\u00e9n su compromiso con el teatro tradicional al formar parte del elenco de actores de la Compa\u00f1\u00eda Asturiana de Comedias, adem\u00e1s de ser tambi\u00e9n responsable de iluminaci\u00f3n y ayudante de direcci\u00f3n. En el 2018 recibe el Premio \u201cAurora S\u00e1nchez\u201d al mejor actor secundario del XXVIII Sal\u00f3n de Teatro Costumbrista Asturiano de Cand\u00e1s.<\/p>\n<p>El Grupo de Teatro \u201cPadre Coll\u201d de la Felguera se funda oficialmente en diciembre de 2001 como agrupaci\u00f3n art\u00edstico-cultural destinada a las actividades coral y teatral. El principal objetivo de este colectivo era, y sigue siendo, poder divertirse a trav\u00e9s de una actividad com\u00fan y hacer que las personas que se convierten en su p\u00fablico tambi\u00e9n se diviertan. El grupo comienza su andadura con actuaciones en colegios y asociaciones de Langreo, inscribi\u00e9ndose en el programa de Barrios de este ayuntamiento. Poco a poco el grupo de teatro va creciendo en actividad y calidad, siendo el a\u00f1o 2006 una importante fecha para el colectivo, al entra a formar parte de FETEAS (Federaci\u00f3n de Teatro Amateur de Asturias) y representar por primera vez una obra fuera de su concejo (en el Sal\u00f3n de Teatro Costumbrista de Cand\u00e1s). Lo que supuso para el grupo multiplicar sus actuaciones y reconocimientos. Esta compa\u00f1\u00eda tiene un estilo propio que la sit\u00faa entre la comedia y el costumbrismo asturiano, con gran aceptaci\u00f3n entre el p\u00fablico. Como lo pone de manifiesto la comedia que representar\u00e1n el s\u00e1bado en Tam\u00f3n \u201cSainetes Asturianos\u201d de Jos\u00e9 Ram\u00f3n Oliva y Angel Men\u00e9ndez Blanco (Anxelu).<\/p>\n<p>\u00abSainetes Asturianos\u00bb recrea tres historias diferentes:<\/p>\n<ul>\n<li>\u201cAmores ri\u00f1\u00edos\u201d: un d\u00eda cotidiano de la vida del matrimonio formado por Telva y Ant\u00f3n.<\/li>\n<li>\u201cCoples del ciegu\u201d: la historia de un ciego y su lazarillo por los pueblos de Asturias, sus an\u00e9cdotas, mentirijillas,\u2026 para ir tirando.<\/li>\n<li>\u201cAsistencia social\u201d: la relaci\u00f3n entre Blasa y su asistenta social, la cual siempre llega tarde, se va antes de la hora.<\/li>\n<\/ul>\n<p>La \u201cTarde de Teatro\u201d tendr\u00e1 lugar el s\u00e1bado 19 de enero a las 19:00 horas en las instalaciones de \u201cLa Cantina\u201d en la Casa de la Familia Ferroviaria en la parroquia de Tam\u00f3n. La entrada ser\u00e1 libre y gratuita hasta completar el aforo disponible.<\/p>\n","protected":false},"excerpt":{"rendered":"<p>La \u201cCantina\u201d de Tam\u00f3n acoger\u00e1 el pr\u00f3ximo s\u00e1bado 19 de enero la segunda sesi\u00f3n del XIV programa cultural \u201cRonda de Teatro por Carre\u00f1o\u201d organizada por la Concejal\u00eda de Cultura. Y en la que participar\u00e1n el Grupo de Teatro \u201cPadre Coll\u201d de la Felguera junto con el monologuista asturiano \u201cMin de les Pieces\u201d \u201cUn programa cultural<\/p>\n","protected":false},"author":1,"featured_media":114310,"comment_status":"closed","ping_status":"closed","sticky":false,"template":"","format":"standard","meta":{"footnotes":""},"categories":[2],"tags":[],"class_list":{"0":"post-114306","1":"post","2":"type-post","3":"status-publish","4":"format-standard","5":"has-post-thumbnail","7":"category-noticias-carreno"},"aioseo_notices":[],"aioseo_head":"\n\t\t<!-- All in One SEO Pro 4.9.6.2 - aioseo.com -->\n\t<meta name=\"description\" content=\"La \u201cCantina\u201d de Tam\u00f3n acoger\u00e1 el pr\u00f3ximo s\u00e1bado 19 de enero la segunda sesi\u00f3n del XIV programa cultural \u201cRonda de Teatro por Carre\u00f1o\u201d organizada por la Concejal\u00eda de Cultura. Y en la que participar\u00e1n el Grupo de Teatro \u201cPadre Coll\u201d de la Felguera junto con el monologuista asturiano \u201cMin de les Pieces\u201d \u201cUn programa cultural\" \/>\n\t<meta name=\"robots\" content=\"max-image-preview:large\" \/>\n\t<meta name=\"author\" content=\"Cand\u00e1s 365\"\/>\n\t<meta name=\"google-site-verification\" content=\"UA-32230408-1\" \/>\n\t<meta name=\"msvalidate.01\" content=\"354F3CDFB2DA171B47FBE9ABF1F88D5\" \/>\n\t<meta name=\"keywords\" content=\"noticias carre\u00f1o\" \/>\n\t<link rel=\"canonical\" href=\"https:\/\/candas365.es\/noticias\/segunda-sesion-de-la-ronda-de-teatro-por-carreno-en-tamon\/\" \/>\n\t<meta name=\"generator\" content=\"All in One SEO Pro (AIOSEO) 4.9.6.2\" \/>\n\t\t<meta property=\"og:locale\" content=\"es_ES\" \/>\n\t\t<meta property=\"og:site_name\" content=\"Cand\u00e1s 365\" \/>\n\t\t<meta property=\"og:type\" content=\"article\" \/>\n\t\t<meta property=\"og:title\" content=\"Segunda sesi\u00f3n de la \u201cRonda de Teatro por Carre\u00f1o\u201d en Tam\u00f3n | Cand\u00e1s 365\" \/>\n\t\t<meta property=\"og:description\" content=\"La \u201cCantina\u201d de Tam\u00f3n acoger\u00e1 el pr\u00f3ximo s\u00e1bado 19 de enero la segunda sesi\u00f3n del XIV programa cultural \u201cRonda de Teatro por Carre\u00f1o\u201d organizada por la Concejal\u00eda de Cultura. Y en la que participar\u00e1n el Grupo de Teatro \u201cPadre Coll\u201d de la Felguera junto con el monologuista asturiano \u201cMin de les Pieces\u201d \u201cUn programa cultural\" \/>\n\t\t<meta property=\"og:url\" content=\"https:\/\/candas365.es\/noticias\/segunda-sesion-de-la-ronda-de-teatro-por-carreno-en-tamon\/\" \/>\n\t\t<meta property=\"og:image\" content=\"https:\/\/candas365.es\/noticias\/wp-content\/uploads\/2019\/01\/IMG_9657.jpg\" \/>\n\t\t<meta property=\"og:image:secure_url\" content=\"https:\/\/candas365.es\/noticias\/wp-content\/uploads\/2019\/01\/IMG_9657.jpg\" \/>\n\t\t<meta property=\"og:image:width\" content=\"1280\" \/>\n\t\t<meta property=\"og:image:height\" content=\"960\" \/>\n\t\t<meta property=\"article:published_time\" content=\"2019-01-16T14:45:31+00:00\" \/>\n\t\t<meta property=\"article:modified_time\" content=\"2019-01-16T14:45:31+00:00\" \/>\n\t\t<meta property=\"article:publisher\" content=\"https:\/\/www.facebook.com\/Nachofdezber\" \/>\n\t\t<meta property=\"article:author\" content=\"https:\/\/www.facebook.com\/carrenoactualidad\" \/>\n\t\t<meta name=\"twitter:card\" content=\"summary_large_image\" \/>\n\t\t<meta name=\"twitter:site\" content=\"@NabercoDigital\" \/>\n\t\t<meta name=\"twitter:title\" content=\"Segunda sesi\u00f3n de la \u201cRonda de Teatro por Carre\u00f1o\u201d en Tam\u00f3n | Cand\u00e1s 365\" \/>\n\t\t<meta name=\"twitter:description\" content=\"La \u201cCantina\u201d de Tam\u00f3n acoger\u00e1 el pr\u00f3ximo s\u00e1bado 19 de enero la segunda sesi\u00f3n del XIV programa cultural \u201cRonda de Teatro por Carre\u00f1o\u201d organizada por la Concejal\u00eda de Cultura. Y en la que participar\u00e1n el Grupo de Teatro \u201cPadre Coll\u201d de la Felguera junto con el monologuista asturiano \u201cMin de les Pieces\u201d \u201cUn programa cultural\" \/>\n\t\t<meta name=\"twitter:creator\" content=\"@nbasturias\" \/>\n\t\t<meta name=\"twitter:image\" content=\"https:\/\/candas365.es\/noticias\/wp-content\/uploads\/2019\/01\/IMG_9657.jpg\" \/>\n\t\t<meta name=\"twitter:label1\" content=\"Escrito por\" \/>\n\t\t<meta name=\"twitter:data1\" content=\"Cand\u00e1s 365\" \/>\n\t\t<meta name=\"twitter:label2\" content=\"Tiempo de lectura estimado\" \/>\n\t\t<meta name=\"twitter:data2\" content=\"4 minutos\" \/>\n\t\t<script type=\"application\/ld+json\" class=\"aioseo-schema\">\n\t\t\t{\"@context\":\"https:\\\/\\\/schema.org\",\"@graph\":[{\"@type\":\"BreadcrumbList\",\"@id\":\"https:\\\/\\\/candas365.es\\\/noticias\\\/segunda-sesion-de-la-ronda-de-teatro-por-carreno-en-tamon\\\/#breadcrumblist\",\"itemListElement\":[{\"@type\":\"ListItem\",\"@id\":\"https:\\\/\\\/candas365.es\\\/noticias#listItem\",\"position\":1,\"name\":\"Home\",\"item\":\"https:\\\/\\\/candas365.es\\\/noticias\",\"nextItem\":{\"@type\":\"ListItem\",\"@id\":\"https:\\\/\\\/candas365.es\\\/noticias\\\/category\\\/noticias-carreno\\\/#listItem\",\"name\":\"Noticias Carre\\u00f1o\"}},{\"@type\":\"ListItem\",\"@id\":\"https:\\\/\\\/candas365.es\\\/noticias\\\/category\\\/noticias-carreno\\\/#listItem\",\"position\":2,\"name\":\"Noticias Carre\\u00f1o\",\"item\":\"https:\\\/\\\/candas365.es\\\/noticias\\\/category\\\/noticias-carreno\\\/\",\"nextItem\":{\"@type\":\"ListItem\",\"@id\":\"https:\\\/\\\/candas365.es\\\/noticias\\\/segunda-sesion-de-la-ronda-de-teatro-por-carreno-en-tamon\\\/#listItem\",\"name\":\"Segunda sesi\\u00f3n de la \\u201cRonda de Teatro por Carre\\u00f1o\\u201d en Tam\\u00f3n\"},\"previousItem\":{\"@type\":\"ListItem\",\"@id\":\"https:\\\/\\\/candas365.es\\\/noticias#listItem\",\"name\":\"Home\"}},{\"@type\":\"ListItem\",\"@id\":\"https:\\\/\\\/candas365.es\\\/noticias\\\/segunda-sesion-de-la-ronda-de-teatro-por-carreno-en-tamon\\\/#listItem\",\"position\":3,\"name\":\"Segunda sesi\\u00f3n de la \\u201cRonda de Teatro por Carre\\u00f1o\\u201d en Tam\\u00f3n\",\"previousItem\":{\"@type\":\"ListItem\",\"@id\":\"https:\\\/\\\/candas365.es\\\/noticias\\\/category\\\/noticias-carreno\\\/#listItem\",\"name\":\"Noticias Carre\\u00f1o\"}}]},{\"@type\":\"NewsArticle\",\"@id\":\"https:\\\/\\\/candas365.es\\\/noticias\\\/segunda-sesion-de-la-ronda-de-teatro-por-carreno-en-tamon\\\/#newsarticle\",\"name\":\"Segunda sesi\\u00f3n de la \\u201cRonda de Teatro por Carre\\u00f1o\\u201d en Tam\\u00f3n | Cand\\u00e1s 365\",\"headline\":\"Segunda sesi\\u00f3n de la \\u201cRonda de Teatro por Carre\\u00f1o\\u201d en Tam\\u00f3n\",\"author\":{\"@id\":\"https:\\\/\\\/candas365.es\\\/noticias\\\/author\\\/admin\\\/#author\"},\"publisher\":{\"@id\":\"https:\\\/\\\/candas365.es\\\/noticias\\\/#organization\"},\"image\":{\"@type\":\"ImageObject\",\"url\":\"https:\\\/\\\/candas365.es\\\/noticias\\\/wp-content\\\/uploads\\\/2019\\\/01\\\/IMG_9657.jpg\",\"width\":1280,\"height\":960},\"datePublished\":\"2019-01-16T14:45:31+01:00\",\"dateModified\":\"2019-01-16T14:45:31+01:00\",\"inLanguage\":\"es-ES\",\"mainEntityOfPage\":{\"@id\":\"https:\\\/\\\/candas365.es\\\/noticias\\\/segunda-sesion-de-la-ronda-de-teatro-por-carreno-en-tamon\\\/#webpage\"},\"isPartOf\":{\"@id\":\"https:\\\/\\\/candas365.es\\\/noticias\\\/segunda-sesion-de-la-ronda-de-teatro-por-carreno-en-tamon\\\/#webpage\"},\"articleSection\":\"Noticias Carre\\u00f1o\",\"dateline\":\"Publicado el enero 16, 2019.\"},{\"@type\":\"Organization\",\"@id\":\"https:\\\/\\\/candas365.es\\\/noticias\\\/#organization\",\"name\":\"Cand\\u00e1s 365\",\"description\":\"Cand\\u00e1s 365 es un diario digital independiente, fundado en 2012, con base en Asturias. Informamos con rigor sobre actualidad, sociedad, cultura y ocio, con una mirada local y global.\",\"url\":\"https:\\\/\\\/candas365.es\\\/noticias\\\/\",\"email\":\"info@candas365.es\",\"telephone\":\"+34652131393\",\"foundingDate\":\"2012-06-10\",\"logo\":{\"@type\":\"ImageObject\",\"url\":\"https:\\\/\\\/candas365.es\\\/noticias\\\/wp-content\\\/uploads\\\/2024\\\/09\\\/Candas-365-Redes.jpg\",\"@id\":\"https:\\\/\\\/candas365.es\\\/noticias\\\/segunda-sesion-de-la-ronda-de-teatro-por-carreno-en-tamon\\\/#organizationLogo\",\"width\":1152,\"height\":864,\"caption\":\"Cand\\u00e1s 365 Redes\"},\"image\":{\"@id\":\"https:\\\/\\\/candas365.es\\\/noticias\\\/segunda-sesion-de-la-ronda-de-teatro-por-carreno-en-tamon\\\/#organizationLogo\"},\"sameAs\":[\"https:\\\/\\\/www.facebook.com\\\/Nachofdezber\",\"https:\\\/\\\/x.com\\\/NabercoDigital\",\"https:\\\/\\\/www.instagram.com\\\/nachofdezber\\\/\",\"https:\\\/\\\/www.youtube.com\\\/channel\\\/UCZP-2wLEB9Rv6erhFmqVnvg\"],\"address\":{\"@id\":\"https:\\\/\\\/candas365.es\\\/noticias\\\/#postaladdress\",\"@type\":\"PostalAddress\",\"streetAddress\":\"san antonio 4, san antonio 4\",\"postalCode\":\"33430\",\"addressLocality\":\"Cand\\u00e1s\",\"addressRegion\":\"Asturias\",\"addressCountry\":\"ES\"}},{\"@type\":\"Person\",\"@id\":\"https:\\\/\\\/candas365.es\\\/noticias\\\/author\\\/admin\\\/#author\",\"url\":\"https:\\\/\\\/candas365.es\\\/noticias\\\/author\\\/admin\\\/\",\"name\":\"Cand\\u00e1s 365\",\"image\":{\"@type\":\"ImageObject\",\"@id\":\"https:\\\/\\\/candas365.es\\\/noticias\\\/segunda-sesion-de-la-ronda-de-teatro-por-carreno-en-tamon\\\/#authorImage\",\"url\":\"https:\\\/\\\/secure.gravatar.com\\\/avatar\\\/496a8e03d0c493ede1718b7934145dbdf8d89be1036b0eec9544e1094c9de390?s=96&d=mm&r=g\",\"width\":96,\"height\":96,\"caption\":\"Cand\\u00e1s 365\"},\"sameAs\":[\"https:\\\/\\\/www.facebook.com\\\/carrenoactualidad\",\"https:\\\/\\\/twitter.com\\\/nbasturias\",\"https:\\\/\\\/www.instagram.com\\\/nachofdezber\\\/\",\"https:\\\/\\\/www.youtube.com\\\/channel\\\/UCZP-2wLEB9Rv6erhFmqVnvg\"]},{\"@type\":\"WebPage\",\"@id\":\"https:\\\/\\\/candas365.es\\\/noticias\\\/segunda-sesion-de-la-ronda-de-teatro-por-carreno-en-tamon\\\/#webpage\",\"url\":\"https:\\\/\\\/candas365.es\\\/noticias\\\/segunda-sesion-de-la-ronda-de-teatro-por-carreno-en-tamon\\\/\",\"name\":\"Segunda sesi\\u00f3n de la \\u201cRonda de Teatro por Carre\\u00f1o\\u201d en Tam\\u00f3n | Cand\\u00e1s 365\",\"description\":\"La \\u201cCantina\\u201d de Tam\\u00f3n acoger\\u00e1 el pr\\u00f3ximo s\\u00e1bado 19 de enero la segunda sesi\\u00f3n del XIV programa cultural \\u201cRonda de Teatro por Carre\\u00f1o\\u201d organizada por la Concejal\\u00eda de Cultura. Y en la que participar\\u00e1n el Grupo de Teatro \\u201cPadre Coll\\u201d de la Felguera junto con el monologuista asturiano \\u201cMin de les Pieces\\u201d \\u201cUn programa cultural\",\"inLanguage\":\"es-ES\",\"isPartOf\":{\"@id\":\"https:\\\/\\\/candas365.es\\\/noticias\\\/#website\"},\"breadcrumb\":{\"@id\":\"https:\\\/\\\/candas365.es\\\/noticias\\\/segunda-sesion-de-la-ronda-de-teatro-por-carreno-en-tamon\\\/#breadcrumblist\"},\"author\":{\"@id\":\"https:\\\/\\\/candas365.es\\\/noticias\\\/author\\\/admin\\\/#author\"},\"creator\":{\"@id\":\"https:\\\/\\\/candas365.es\\\/noticias\\\/author\\\/admin\\\/#author\"},\"image\":{\"@type\":\"ImageObject\",\"url\":\"https:\\\/\\\/candas365.es\\\/noticias\\\/wp-content\\\/uploads\\\/2019\\\/01\\\/IMG_9657.jpg\",\"@id\":\"https:\\\/\\\/candas365.es\\\/noticias\\\/segunda-sesion-de-la-ronda-de-teatro-por-carreno-en-tamon\\\/#mainImage\",\"width\":1280,\"height\":960},\"primaryImageOfPage\":{\"@id\":\"https:\\\/\\\/candas365.es\\\/noticias\\\/segunda-sesion-de-la-ronda-de-teatro-por-carreno-en-tamon\\\/#mainImage\"},\"datePublished\":\"2019-01-16T14:45:31+01:00\",\"dateModified\":\"2019-01-16T14:45:31+01:00\"},{\"@type\":\"WebSite\",\"@id\":\"https:\\\/\\\/candas365.es\\\/noticias\\\/#website\",\"url\":\"https:\\\/\\\/candas365.es\\\/noticias\\\/\",\"name\":\"Cand\\u00e1s 365\",\"alternateName\":\"Cand\\u00e1s 365 Noticias\",\"description\":\"Actualidad desde Carre\\u00f1o para el mundo\",\"inLanguage\":\"es-ES\",\"publisher\":{\"@id\":\"https:\\\/\\\/candas365.es\\\/noticias\\\/#organization\"}}]}\n\t\t<\/script>\n\t\t<!-- All in One SEO Pro -->\r\n\t\t<title>Segunda sesi\u00f3n de la \u201cRonda de Teatro por Carre\u00f1o\u201d en Tam\u00f3n | Cand\u00e1s 365<\/title>\n\n","aioseo_head_json":{"title":"Segunda sesi\u00f3n de la \u201cRonda de Teatro por Carre\u00f1o\u201d en Tam\u00f3n | Cand\u00e1s 365","description":"La \u201cCantina\u201d de Tam\u00f3n acoger\u00e1 el pr\u00f3ximo s\u00e1bado 19 de enero la segunda sesi\u00f3n del XIV programa cultural \u201cRonda de Teatro por Carre\u00f1o\u201d organizada por la Concejal\u00eda de Cultura. Y en la que participar\u00e1n el Grupo de Teatro \u201cPadre Coll\u201d de la Felguera junto con el monologuista asturiano \u201cMin de les Pieces\u201d \u201cUn programa cultural","canonical_url":"https:\/\/candas365.es\/noticias\/segunda-sesion-de-la-ronda-de-teatro-por-carreno-en-tamon\/","robots":"max-image-preview:large","keywords":"noticias carre\u00f1o","webmasterTools":{"google-site-verification":"UA-32230408-1","msvalidate.01":"354F3CDFB2DA171B47FBE9ABF1F88D5","miscellaneous":""},"schema":{"@context":"https:\/\/schema.org","@graph":[{"@type":"BreadcrumbList","@id":"https:\/\/candas365.es\/noticias\/segunda-sesion-de-la-ronda-de-teatro-por-carreno-en-tamon\/#breadcrumblist","itemListElement":[{"@type":"ListItem","@id":"https:\/\/candas365.es\/noticias#listItem","position":1,"name":"Home","item":"https:\/\/candas365.es\/noticias","nextItem":{"@type":"ListItem","@id":"https:\/\/candas365.es\/noticias\/category\/noticias-carreno\/#listItem","name":"Noticias Carre\u00f1o"}},{"@type":"ListItem","@id":"https:\/\/candas365.es\/noticias\/category\/noticias-carreno\/#listItem","position":2,"name":"Noticias Carre\u00f1o","item":"https:\/\/candas365.es\/noticias\/category\/noticias-carreno\/","nextItem":{"@type":"ListItem","@id":"https:\/\/candas365.es\/noticias\/segunda-sesion-de-la-ronda-de-teatro-por-carreno-en-tamon\/#listItem","name":"Segunda sesi\u00f3n de la \u201cRonda de Teatro por Carre\u00f1o\u201d en Tam\u00f3n"},"previousItem":{"@type":"ListItem","@id":"https:\/\/candas365.es\/noticias#listItem","name":"Home"}},{"@type":"ListItem","@id":"https:\/\/candas365.es\/noticias\/segunda-sesion-de-la-ronda-de-teatro-por-carreno-en-tamon\/#listItem","position":3,"name":"Segunda sesi\u00f3n de la \u201cRonda de Teatro por Carre\u00f1o\u201d en Tam\u00f3n","previousItem":{"@type":"ListItem","@id":"https:\/\/candas365.es\/noticias\/category\/noticias-carreno\/#listItem","name":"Noticias Carre\u00f1o"}}]},{"@type":"NewsArticle","@id":"https:\/\/candas365.es\/noticias\/segunda-sesion-de-la-ronda-de-teatro-por-carreno-en-tamon\/#newsarticle","name":"Segunda sesi\u00f3n de la \u201cRonda de Teatro por Carre\u00f1o\u201d en Tam\u00f3n | Cand\u00e1s 365","headline":"Segunda sesi\u00f3n de la \u201cRonda de Teatro por Carre\u00f1o\u201d en Tam\u00f3n","author":{"@id":"https:\/\/candas365.es\/noticias\/author\/admin\/#author"},"publisher":{"@id":"https:\/\/candas365.es\/noticias\/#organization"},"image":{"@type":"ImageObject","url":"https:\/\/candas365.es\/noticias\/wp-content\/uploads\/2019\/01\/IMG_9657.jpg","width":1280,"height":960},"datePublished":"2019-01-16T14:45:31+01:00","dateModified":"2019-01-16T14:45:31+01:00","inLanguage":"es-ES","mainEntityOfPage":{"@id":"https:\/\/candas365.es\/noticias\/segunda-sesion-de-la-ronda-de-teatro-por-carreno-en-tamon\/#webpage"},"isPartOf":{"@id":"https:\/\/candas365.es\/noticias\/segunda-sesion-de-la-ronda-de-teatro-por-carreno-en-tamon\/#webpage"},"articleSection":"Noticias Carre\u00f1o","dateline":"Publicado el enero 16, 2019."},{"@type":"Organization","@id":"https:\/\/candas365.es\/noticias\/#organization","name":"Cand\u00e1s 365","description":"Cand\u00e1s 365 es un diario digital independiente, fundado en 2012, con base en Asturias. Informamos con rigor sobre actualidad, sociedad, cultura y ocio, con una mirada local y global.","url":"https:\/\/candas365.es\/noticias\/","email":"info@candas365.es","telephone":"+34652131393","foundingDate":"2012-06-10","logo":{"@type":"ImageObject","url":"https:\/\/candas365.es\/noticias\/wp-content\/uploads\/2024\/09\/Candas-365-Redes.jpg","@id":"https:\/\/candas365.es\/noticias\/segunda-sesion-de-la-ronda-de-teatro-por-carreno-en-tamon\/#organizationLogo","width":1152,"height":864,"caption":"Cand\u00e1s 365 Redes"},"image":{"@id":"https:\/\/candas365.es\/noticias\/segunda-sesion-de-la-ronda-de-teatro-por-carreno-en-tamon\/#organizationLogo"},"sameAs":["https:\/\/www.facebook.com\/Nachofdezber","https:\/\/x.com\/NabercoDigital","https:\/\/www.instagram.com\/nachofdezber\/","https:\/\/www.youtube.com\/channel\/UCZP-2wLEB9Rv6erhFmqVnvg"],"address":{"@id":"https:\/\/candas365.es\/noticias\/#postaladdress","@type":"PostalAddress","streetAddress":"san antonio 4, san antonio 4","postalCode":"33430","addressLocality":"Cand\u00e1s","addressRegion":"Asturias","addressCountry":"ES"}},{"@type":"Person","@id":"https:\/\/candas365.es\/noticias\/author\/admin\/#author","url":"https:\/\/candas365.es\/noticias\/author\/admin\/","name":"Cand\u00e1s 365","image":{"@type":"ImageObject","@id":"https:\/\/candas365.es\/noticias\/segunda-sesion-de-la-ronda-de-teatro-por-carreno-en-tamon\/#authorImage","url":"https:\/\/secure.gravatar.com\/avatar\/496a8e03d0c493ede1718b7934145dbdf8d89be1036b0eec9544e1094c9de390?s=96&d=mm&r=g","width":96,"height":96,"caption":"Cand\u00e1s 365"},"sameAs":["https:\/\/www.facebook.com\/carrenoactualidad","https:\/\/twitter.com\/nbasturias","https:\/\/www.instagram.com\/nachofdezber\/","https:\/\/www.youtube.com\/channel\/UCZP-2wLEB9Rv6erhFmqVnvg"]},{"@type":"WebPage","@id":"https:\/\/candas365.es\/noticias\/segunda-sesion-de-la-ronda-de-teatro-por-carreno-en-tamon\/#webpage","url":"https:\/\/candas365.es\/noticias\/segunda-sesion-de-la-ronda-de-teatro-por-carreno-en-tamon\/","name":"Segunda sesi\u00f3n de la \u201cRonda de Teatro por Carre\u00f1o\u201d en Tam\u00f3n | Cand\u00e1s 365","description":"La \u201cCantina\u201d de Tam\u00f3n acoger\u00e1 el pr\u00f3ximo s\u00e1bado 19 de enero la segunda sesi\u00f3n del XIV programa cultural \u201cRonda de Teatro por Carre\u00f1o\u201d organizada por la Concejal\u00eda de Cultura. Y en la que participar\u00e1n el Grupo de Teatro \u201cPadre Coll\u201d de la Felguera junto con el monologuista asturiano \u201cMin de les Pieces\u201d \u201cUn programa cultural","inLanguage":"es-ES","isPartOf":{"@id":"https:\/\/candas365.es\/noticias\/#website"},"breadcrumb":{"@id":"https:\/\/candas365.es\/noticias\/segunda-sesion-de-la-ronda-de-teatro-por-carreno-en-tamon\/#breadcrumblist"},"author":{"@id":"https:\/\/candas365.es\/noticias\/author\/admin\/#author"},"creator":{"@id":"https:\/\/candas365.es\/noticias\/author\/admin\/#author"},"image":{"@type":"ImageObject","url":"https:\/\/candas365.es\/noticias\/wp-content\/uploads\/2019\/01\/IMG_9657.jpg","@id":"https:\/\/candas365.es\/noticias\/segunda-sesion-de-la-ronda-de-teatro-por-carreno-en-tamon\/#mainImage","width":1280,"height":960},"primaryImageOfPage":{"@id":"https:\/\/candas365.es\/noticias\/segunda-sesion-de-la-ronda-de-teatro-por-carreno-en-tamon\/#mainImage"},"datePublished":"2019-01-16T14:45:31+01:00","dateModified":"2019-01-16T14:45:31+01:00"},{"@type":"WebSite","@id":"https:\/\/candas365.es\/noticias\/#website","url":"https:\/\/candas365.es\/noticias\/","name":"Cand\u00e1s 365","alternateName":"Cand\u00e1s 365 Noticias","description":"Actualidad desde Carre\u00f1o para el mundo","inLanguage":"es-ES","publisher":{"@id":"https:\/\/candas365.es\/noticias\/#organization"}}]},"og:locale":"es_ES","og:site_name":"Cand\u00e1s 365","og:type":"article","og:title":"Segunda sesi\u00f3n de la \u201cRonda de Teatro por Carre\u00f1o\u201d en Tam\u00f3n | Cand\u00e1s 365","og:description":"La \u201cCantina\u201d de Tam\u00f3n acoger\u00e1 el pr\u00f3ximo s\u00e1bado 19 de enero la segunda sesi\u00f3n del XIV programa cultural \u201cRonda de Teatro por Carre\u00f1o\u201d organizada por la Concejal\u00eda de Cultura. Y en la que participar\u00e1n el Grupo de Teatro \u201cPadre Coll\u201d de la Felguera junto con el monologuista asturiano \u201cMin de les Pieces\u201d \u201cUn programa cultural","og:url":"https:\/\/candas365.es\/noticias\/segunda-sesion-de-la-ronda-de-teatro-por-carreno-en-tamon\/","og:image":"https:\/\/candas365.es\/noticias\/wp-content\/uploads\/2019\/01\/IMG_9657.jpg","og:image:secure_url":"https:\/\/candas365.es\/noticias\/wp-content\/uploads\/2019\/01\/IMG_9657.jpg","og:image:width":1280,"og:image:height":960,"article:published_time":"2019-01-16T14:45:31+00:00","article:modified_time":"2019-01-16T14:45:31+00:00","article:publisher":"https:\/\/www.facebook.com\/Nachofdezber","article:author":"https:\/\/www.facebook.com\/carrenoactualidad","twitter:card":"summary_large_image","twitter:site":"@NabercoDigital","twitter:title":"Segunda sesi\u00f3n de la \u201cRonda de Teatro por Carre\u00f1o\u201d en Tam\u00f3n | Cand\u00e1s 365","twitter:description":"La \u201cCantina\u201d de Tam\u00f3n acoger\u00e1 el pr\u00f3ximo s\u00e1bado 19 de enero la segunda sesi\u00f3n del XIV programa cultural \u201cRonda de Teatro por Carre\u00f1o\u201d organizada por la Concejal\u00eda de Cultura. Y en la que participar\u00e1n el Grupo de Teatro \u201cPadre Coll\u201d de la Felguera junto con el monologuista asturiano \u201cMin de les Pieces\u201d \u201cUn programa cultural","twitter:creator":"@nbasturias","twitter:image":"https:\/\/candas365.es\/noticias\/wp-content\/uploads\/2019\/01\/IMG_9657.jpg","twitter:label1":"Escrito por","twitter:data1":"Cand\u00e1s 365","twitter:label2":"Tiempo de lectura estimado","twitter:data2":"4 minutos"},"aioseo_meta_data":{"post_id":"114306","title":null,"description":null,"keywords":null,"keyphrases":null,"primary_term":null,"canonical_url":null,"og_title":null,"og_description":null,"og_object_type":"default","og_image_type":"default","og_image_url":null,"og_image_width":null,"og_image_height":null,"og_image_custom_url":null,"og_image_custom_fields":null,"og_video":null,"og_custom_url":null,"og_article_section":null,"og_article_tags":null,"twitter_use_og":false,"twitter_card":"default","twitter_image_type":"default","twitter_image_url":null,"twitter_image_custom_url":null,"twitter_image_custom_fields":null,"twitter_title":null,"twitter_description":null,"schema":{"blockGraphs":[],"customGraphs":[],"default":{"data":{"Article":[],"Course":[],"Dataset":[],"FAQPage":[],"Movie":[],"Person":[],"Product":[],"ProductReview":[],"Car":[],"Recipe":[],"Service":[],"SoftwareApplication":[],"WebPage":[]},"graphName":"","isEnabled":true},"graphs":[],"defaultGraph":"","defaultPostTypeGraph":""},"schema_type":null,"schema_type_options":null,"pillar_content":false,"robots_default":true,"robots_noindex":false,"robots_noarchive":false,"robots_nosnippet":false,"robots_nofollow":false,"robots_noimageindex":false,"robots_noodp":false,"robots_notranslate":false,"robots_max_snippet":null,"robots_max_videopreview":null,"robots_max_imagepreview":"large","priority":null,"frequency":null,"location":null,"local_seo":null,"seo_analyzer_scan_date":"2025-08-29 01:01:13","breadcrumb_settings":null,"limit_modified_date":false,"reviewed_by":null,"open_ai":null,"ai":null,"created":"2020-12-21 11:23:55","updated":"2025-08-29 01:01:13"},"aioseo_breadcrumb":"<div class=\"aioseo-breadcrumbs\"><span class=\"aioseo-breadcrumb\">\n\t<a href=\"https:\/\/candas365.es\/noticias\" title=\"Home\">Home<\/a>\n<\/span><span class=\"aioseo-breadcrumb-separator\">&ndash;<\/span><span class=\"aioseo-breadcrumb\">\n\t<a href=\"https:\/\/candas365.es\/noticias\/category\/noticias-carreno\/\" title=\"Noticias Carre\u00f1o\">Noticias Carre\u00f1o<\/a>\n<\/span><span class=\"aioseo-breadcrumb-separator\">&ndash;<\/span><span class=\"aioseo-breadcrumb\">\n\tSegunda sesi\u00f3n de la \u201cRonda de Teatro por Carre\u00f1o\u201d en Tam\u00f3n\n<\/span><\/div>","aioseo_breadcrumb_json":[{"label":"Home","link":"https:\/\/candas365.es\/noticias"},{"label":"Noticias Carre\u00f1o","link":"https:\/\/candas365.es\/noticias\/category\/noticias-carreno\/"},{"label":"Segunda sesi\u00f3n de la \u201cRonda de Teatro por Carre\u00f1o\u201d en Tam\u00f3n","link":"https:\/\/candas365.es\/noticias\/segunda-sesion-de-la-ronda-de-teatro-por-carreno-en-tamon\/"}],"_links":{"self":[{"href":"https:\/\/candas365.es\/noticias\/wp-json\/wp\/v2\/posts\/114306","targetHints":{"allow":["GET"]}}],"collection":[{"href":"https:\/\/candas365.es\/noticias\/wp-json\/wp\/v2\/posts"}],"about":[{"href":"https:\/\/candas365.es\/noticias\/wp-json\/wp\/v2\/types\/post"}],"author":[{"embeddable":true,"href":"https:\/\/candas365.es\/noticias\/wp-json\/wp\/v2\/users\/1"}],"replies":[{"embeddable":true,"href":"https:\/\/candas365.es\/noticias\/wp-json\/wp\/v2\/comments?post=114306"}],"version-history":[{"count":0,"href":"https:\/\/candas365.es\/noticias\/wp-json\/wp\/v2\/posts\/114306\/revisions"}],"wp:featuredmedia":[{"embeddable":true,"href":"https:\/\/candas365.es\/noticias\/wp-json\/wp\/v2\/media\/114310"}],"wp:attachment":[{"href":"https:\/\/candas365.es\/noticias\/wp-json\/wp\/v2\/media?parent=114306"}],"wp:term":[{"taxonomy":"category","embeddable":true,"href":"https:\/\/candas365.es\/noticias\/wp-json\/wp\/v2\/categories?post=114306"},{"taxonomy":"post_tag","embeddable":true,"href":"https:\/\/candas365.es\/noticias\/wp-json\/wp\/v2\/tags?post=114306"}],"curies":[{"name":"wp","href":"https:\/\/api.w.org\/{rel}","templated":true}]}}