{"id":114291,"date":"2019-01-16T14:38:13","date_gmt":"2019-01-16T14:38:13","guid":{"rendered":"http:\/\/candas365.es\/noticias\/?p=114291"},"modified":"2019-01-16T14:38:13","modified_gmt":"2019-01-16T14:38:13","slug":"genaro-alonso-pide-mas-apoyo-para-la-escuela-rural","status":"publish","type":"post","link":"https:\/\/candas365.es\/noticias\/genaro-alonso-pide-mas-apoyo-para-la-escuela-rural\/","title":{"rendered":"Genaro Alonso pide m\u00e1s apoyo para la escuela rural"},"content":{"rendered":"<p><img fetchpriority=\"high\" decoding=\"async\" class=\"alignleft size-medium wp-image-114292\" src=\"https:\/\/candas365.es\/noticias\/wp-content\/uploads\/2019\/01\/Consejero-Educacion-y-ministra-360x270.jpg\" alt=\"\" width=\"360\" height=\"270\" srcset=\"https:\/\/candas365.es\/noticias\/wp-content\/uploads\/2019\/01\/Consejero-Educacion-y-ministra-360x270.jpg 360w, https:\/\/candas365.es\/noticias\/wp-content\/uploads\/2019\/01\/Consejero-Educacion-y-ministra-768x576.jpg 768w, https:\/\/candas365.es\/noticias\/wp-content\/uploads\/2019\/01\/Consejero-Educacion-y-ministra-640x480.jpg 640w, https:\/\/candas365.es\/noticias\/wp-content\/uploads\/2019\/01\/Consejero-Educacion-y-ministra-80x60.jpg 80w, https:\/\/candas365.es\/noticias\/wp-content\/uploads\/2019\/01\/Consejero-Educacion-y-ministra-265x198.jpg 265w, https:\/\/candas365.es\/noticias\/wp-content\/uploads\/2019\/01\/Consejero-Educacion-y-ministra-696x522.jpg 696w, https:\/\/candas365.es\/noticias\/wp-content\/uploads\/2019\/01\/Consejero-Educacion-y-ministra-1068x801.jpg 1068w, https:\/\/candas365.es\/noticias\/wp-content\/uploads\/2019\/01\/Consejero-Educacion-y-ministra-560x420.jpg 560w, https:\/\/candas365.es\/noticias\/wp-content\/uploads\/2019\/01\/Consejero-Educacion-y-ministra.jpg 1280w\" sizes=\"(max-width: 360px) 100vw, 360px\" \/>El consejero de Educaci\u00f3n y Cultura, Genaro Alonso, ha solicitado hoy al Gobierno central mayor apoyo para la escuela rural y para la extensi\u00f3n del primer ciclo de Infantil, adem\u00e1s de la puesta en marcha de medidas que favorezcan la gratuidad de los libros de texto.<\/p>\n<p>Alonso, que se ha reunido en Madrid con la ministra de Educaci\u00f3n y Formaci\u00f3n Profesional, Isabel Cela\u00e1, ha incidido en la necesidad de que el anteproyecto de ley org\u00e1nica educativa (LOMLOE), en el que trabaja el Gobierno de Espa\u00f1a, preste especial atenci\u00f3n al problema de la despoblaci\u00f3n y la dispersi\u00f3n geogr\u00e1fica, con l\u00edneas espec\u00edficas para la sostenibilidad y consolidaci\u00f3n de la escuela rural. Tambi\u00e9n ha planteado que se conceda prioridad en los presupuestos a este tipo de centros para garantizar su viabilidad.<\/p>\n<p>En cuanto a las escuelas de primer ciclo de Educaci\u00f3n Infantil ( 0 a 3 a\u00f1os), el consejero ha propuesto la dotaci\u00f3n de fondos de cooperaci\u00f3n espec\u00edficos que permitan financiar la extensi\u00f3n de la red, especialmente en la etapa de los dos a\u00f1os.<\/p>\n<p>Respecto a los libros de texto, el titular de Educaci\u00f3n ha subrayado la necesidad de que se impulsen medidas innovadoras, orientadas a la aplicaci\u00f3n de nuevas metodolog\u00edas de aprendizaje, que conlleven la reducci\u00f3n efectiva del coste de los materiales para el alumnado.<\/p>\n<p>Por otro lado, Alonso ha abogado ante la ministra por que las empresas y entidades no tengan que cotizar por los estudiantes que participan en estancias formativas curriculares, unos 4.900 por curso en Asturias. Esta medida est\u00e1 recogida en el Real Decreto-Ley 29\/2018, de 28 de diciembre, para la revalorizaci\u00f3n de las pensiones p\u00fablicas y otras medidas urgentes en materia social, laboral y de empleo.<\/p>\n<p>El consejero tambi\u00e9n ha sugerido que los institutos de Educaci\u00f3n Secundaria (IES) que impartan ciclos formativos queden homologados autom\u00e1ticamente para expedir certificados de profesionalidad y que dispongan de una l\u00ednea de financiaci\u00f3n espec\u00edfica.<\/p>\n","protected":false},"excerpt":{"rendered":"<p>El consejero de Educaci\u00f3n y Cultura, Genaro Alonso, ha solicitado hoy al Gobierno central mayor apoyo para la escuela rural y para la extensi\u00f3n del primer ciclo de Infantil, adem\u00e1s de la puesta en marcha de medidas que favorezcan la gratuidad de los libros de texto. Alonso, que se ha reunido en Madrid con la<\/p>\n","protected":false},"author":1,"featured_media":114292,"comment_status":"closed","ping_status":"closed","sticky":false,"template":"","format":"standard","meta":{"footnotes":""},"categories":[7],"tags":[],"class_list":{"0":"post-114291","1":"post","2":"type-post","3":"status-publish","4":"format-standard","5":"has-post-thumbnail","7":"category-asturias"},"aioseo_notices":[],"aioseo_head":"\n\t\t<!-- All in One SEO Pro 4.9.6.2 - aioseo.com -->\n\t<meta name=\"description\" content=\"El consejero de Educaci\u00f3n y Cultura, Genaro Alonso, ha solicitado hoy al Gobierno central mayor apoyo para la escuela rural y para la extensi\u00f3n del primer ciclo de Infantil, adem\u00e1s de la puesta en marcha de medidas que favorezcan la gratuidad de los libros de texto. Alonso, que se ha reunido en Madrid con la\" \/>\n\t<meta name=\"robots\" content=\"max-image-preview:large\" \/>\n\t<meta name=\"author\" content=\"Cand\u00e1s 365\"\/>\n\t<meta name=\"google-site-verification\" content=\"UA-32230408-1\" \/>\n\t<meta name=\"msvalidate.01\" content=\"354F3CDFB2DA171B47FBE9ABF1F88D5\" \/>\n\t<meta name=\"keywords\" content=\"asturias\" \/>\n\t<link rel=\"canonical\" href=\"https:\/\/candas365.es\/noticias\/genaro-alonso-pide-mas-apoyo-para-la-escuela-rural\/\" \/>\n\t<meta name=\"generator\" content=\"All in One SEO Pro (AIOSEO) 4.9.6.2\" \/>\n\t\t<meta property=\"og:locale\" content=\"es_ES\" \/>\n\t\t<meta property=\"og:site_name\" content=\"Cand\u00e1s 365\" \/>\n\t\t<meta property=\"og:type\" content=\"article\" \/>\n\t\t<meta property=\"og:title\" content=\"Genaro Alonso pide m\u00e1s apoyo para la escuela rural | Cand\u00e1s 365\" \/>\n\t\t<meta property=\"og:description\" content=\"El consejero de Educaci\u00f3n y Cultura, Genaro Alonso, ha solicitado hoy al Gobierno central mayor apoyo para la escuela rural y para la extensi\u00f3n del primer ciclo de Infantil, adem\u00e1s de la puesta en marcha de medidas que favorezcan la gratuidad de los libros de texto. Alonso, que se ha reunido en Madrid con la\" \/>\n\t\t<meta property=\"og:url\" content=\"https:\/\/candas365.es\/noticias\/genaro-alonso-pide-mas-apoyo-para-la-escuela-rural\/\" \/>\n\t\t<meta property=\"og:image\" content=\"https:\/\/candas365.es\/noticias\/wp-content\/uploads\/2019\/01\/Consejero-Educacion-y-ministra.jpg\" \/>\n\t\t<meta property=\"og:image:secure_url\" content=\"https:\/\/candas365.es\/noticias\/wp-content\/uploads\/2019\/01\/Consejero-Educacion-y-ministra.jpg\" \/>\n\t\t<meta property=\"og:image:width\" content=\"1280\" \/>\n\t\t<meta property=\"og:image:height\" content=\"960\" \/>\n\t\t<meta property=\"article:published_time\" content=\"2019-01-16T14:38:13+00:00\" \/>\n\t\t<meta property=\"article:modified_time\" content=\"2019-01-16T14:38:13+00:00\" \/>\n\t\t<meta property=\"article:publisher\" content=\"https:\/\/www.facebook.com\/Nachofdezber\" \/>\n\t\t<meta property=\"article:author\" content=\"https:\/\/www.facebook.com\/carrenoactualidad\" \/>\n\t\t<meta name=\"twitter:card\" content=\"summary_large_image\" \/>\n\t\t<meta name=\"twitter:site\" content=\"@NabercoDigital\" \/>\n\t\t<meta name=\"twitter:title\" content=\"Genaro Alonso pide m\u00e1s apoyo para la escuela rural | Cand\u00e1s 365\" \/>\n\t\t<meta name=\"twitter:description\" content=\"El consejero de Educaci\u00f3n y Cultura, Genaro Alonso, ha solicitado hoy al Gobierno central mayor apoyo para la escuela rural y para la extensi\u00f3n del primer ciclo de Infantil, adem\u00e1s de la puesta en marcha de medidas que favorezcan la gratuidad de los libros de texto. Alonso, que se ha reunido en Madrid con la\" \/>\n\t\t<meta name=\"twitter:creator\" content=\"@nbasturias\" \/>\n\t\t<meta name=\"twitter:image\" content=\"https:\/\/candas365.es\/noticias\/wp-content\/uploads\/2019\/01\/Consejero-Educacion-y-ministra.jpg\" \/>\n\t\t<meta name=\"twitter:label1\" content=\"Escrito por\" \/>\n\t\t<meta name=\"twitter:data1\" content=\"Cand\u00e1s 365\" \/>\n\t\t<meta name=\"twitter:label2\" content=\"Tiempo de lectura estimado\" \/>\n\t\t<meta name=\"twitter:data2\" content=\"2 minutos\" \/>\n\t\t<script type=\"application\/ld+json\" class=\"aioseo-schema\">\n\t\t\t{\"@context\":\"https:\\\/\\\/schema.org\",\"@graph\":[{\"@type\":\"BreadcrumbList\",\"@id\":\"https:\\\/\\\/candas365.es\\\/noticias\\\/genaro-alonso-pide-mas-apoyo-para-la-escuela-rural\\\/#breadcrumblist\",\"itemListElement\":[{\"@type\":\"ListItem\",\"@id\":\"https:\\\/\\\/candas365.es\\\/noticias#listItem\",\"position\":1,\"name\":\"Home\",\"item\":\"https:\\\/\\\/candas365.es\\\/noticias\",\"nextItem\":{\"@type\":\"ListItem\",\"@id\":\"https:\\\/\\\/candas365.es\\\/noticias\\\/category\\\/asturias\\\/#listItem\",\"name\":\"Asturias\"}},{\"@type\":\"ListItem\",\"@id\":\"https:\\\/\\\/candas365.es\\\/noticias\\\/category\\\/asturias\\\/#listItem\",\"position\":2,\"name\":\"Asturias\",\"item\":\"https:\\\/\\\/candas365.es\\\/noticias\\\/category\\\/asturias\\\/\",\"nextItem\":{\"@type\":\"ListItem\",\"@id\":\"https:\\\/\\\/candas365.es\\\/noticias\\\/genaro-alonso-pide-mas-apoyo-para-la-escuela-rural\\\/#listItem\",\"name\":\"Genaro Alonso pide m\\u00e1s apoyo para la escuela rural\"},\"previousItem\":{\"@type\":\"ListItem\",\"@id\":\"https:\\\/\\\/candas365.es\\\/noticias#listItem\",\"name\":\"Home\"}},{\"@type\":\"ListItem\",\"@id\":\"https:\\\/\\\/candas365.es\\\/noticias\\\/genaro-alonso-pide-mas-apoyo-para-la-escuela-rural\\\/#listItem\",\"position\":3,\"name\":\"Genaro Alonso pide m\\u00e1s apoyo para la escuela rural\",\"previousItem\":{\"@type\":\"ListItem\",\"@id\":\"https:\\\/\\\/candas365.es\\\/noticias\\\/category\\\/asturias\\\/#listItem\",\"name\":\"Asturias\"}}]},{\"@type\":\"NewsArticle\",\"@id\":\"https:\\\/\\\/candas365.es\\\/noticias\\\/genaro-alonso-pide-mas-apoyo-para-la-escuela-rural\\\/#newsarticle\",\"name\":\"Genaro Alonso pide m\\u00e1s apoyo para la escuela rural | Cand\\u00e1s 365\",\"headline\":\"Genaro Alonso pide m\\u00e1s apoyo para la escuela rural\",\"author\":{\"@id\":\"https:\\\/\\\/candas365.es\\\/noticias\\\/author\\\/admin\\\/#author\"},\"publisher\":{\"@id\":\"https:\\\/\\\/candas365.es\\\/noticias\\\/#organization\"},\"image\":{\"@type\":\"ImageObject\",\"url\":\"https:\\\/\\\/candas365.es\\\/noticias\\\/wp-content\\\/uploads\\\/2019\\\/01\\\/Consejero-Educacion-y-ministra.jpg\",\"width\":1280,\"height\":960},\"datePublished\":\"2019-01-16T14:38:13+01:00\",\"dateModified\":\"2019-01-16T14:38:13+01:00\",\"inLanguage\":\"es-ES\",\"mainEntityOfPage\":{\"@id\":\"https:\\\/\\\/candas365.es\\\/noticias\\\/genaro-alonso-pide-mas-apoyo-para-la-escuela-rural\\\/#webpage\"},\"isPartOf\":{\"@id\":\"https:\\\/\\\/candas365.es\\\/noticias\\\/genaro-alonso-pide-mas-apoyo-para-la-escuela-rural\\\/#webpage\"},\"articleSection\":\"Asturias\",\"dateline\":\"Publicado el enero 16, 2019.\"},{\"@type\":\"Organization\",\"@id\":\"https:\\\/\\\/candas365.es\\\/noticias\\\/#organization\",\"name\":\"Cand\\u00e1s 365\",\"description\":\"Cand\\u00e1s 365 es un diario digital independiente, fundado en 2012, con base en Asturias. Informamos con rigor sobre actualidad, sociedad, cultura y ocio, con una mirada local y global.\",\"url\":\"https:\\\/\\\/candas365.es\\\/noticias\\\/\",\"email\":\"info@candas365.es\",\"telephone\":\"+34652131393\",\"foundingDate\":\"2012-06-10\",\"logo\":{\"@type\":\"ImageObject\",\"url\":\"https:\\\/\\\/candas365.es\\\/noticias\\\/wp-content\\\/uploads\\\/2024\\\/09\\\/Candas-365-Redes.jpg\",\"@id\":\"https:\\\/\\\/candas365.es\\\/noticias\\\/genaro-alonso-pide-mas-apoyo-para-la-escuela-rural\\\/#organizationLogo\",\"width\":1152,\"height\":864,\"caption\":\"Cand\\u00e1s 365 Redes\"},\"image\":{\"@id\":\"https:\\\/\\\/candas365.es\\\/noticias\\\/genaro-alonso-pide-mas-apoyo-para-la-escuela-rural\\\/#organizationLogo\"},\"sameAs\":[\"https:\\\/\\\/www.facebook.com\\\/Nachofdezber\",\"https:\\\/\\\/x.com\\\/NabercoDigital\",\"https:\\\/\\\/www.instagram.com\\\/nachofdezber\\\/\",\"https:\\\/\\\/www.youtube.com\\\/channel\\\/UCZP-2wLEB9Rv6erhFmqVnvg\"],\"address\":{\"@id\":\"https:\\\/\\\/candas365.es\\\/noticias\\\/#postaladdress\",\"@type\":\"PostalAddress\",\"streetAddress\":\"san antonio 4, san antonio 4\",\"postalCode\":\"33430\",\"addressLocality\":\"Cand\\u00e1s\",\"addressRegion\":\"Asturias\",\"addressCountry\":\"ES\"}},{\"@type\":\"Person\",\"@id\":\"https:\\\/\\\/candas365.es\\\/noticias\\\/author\\\/admin\\\/#author\",\"url\":\"https:\\\/\\\/candas365.es\\\/noticias\\\/author\\\/admin\\\/\",\"name\":\"Cand\\u00e1s 365\",\"image\":{\"@type\":\"ImageObject\",\"@id\":\"https:\\\/\\\/candas365.es\\\/noticias\\\/genaro-alonso-pide-mas-apoyo-para-la-escuela-rural\\\/#authorImage\",\"url\":\"https:\\\/\\\/secure.gravatar.com\\\/avatar\\\/496a8e03d0c493ede1718b7934145dbdf8d89be1036b0eec9544e1094c9de390?s=96&d=mm&r=g\",\"width\":96,\"height\":96,\"caption\":\"Cand\\u00e1s 365\"},\"sameAs\":[\"https:\\\/\\\/www.facebook.com\\\/carrenoactualidad\",\"https:\\\/\\\/twitter.com\\\/nbasturias\",\"https:\\\/\\\/www.instagram.com\\\/nachofdezber\\\/\",\"https:\\\/\\\/www.youtube.com\\\/channel\\\/UCZP-2wLEB9Rv6erhFmqVnvg\"]},{\"@type\":\"WebPage\",\"@id\":\"https:\\\/\\\/candas365.es\\\/noticias\\\/genaro-alonso-pide-mas-apoyo-para-la-escuela-rural\\\/#webpage\",\"url\":\"https:\\\/\\\/candas365.es\\\/noticias\\\/genaro-alonso-pide-mas-apoyo-para-la-escuela-rural\\\/\",\"name\":\"Genaro Alonso pide m\\u00e1s apoyo para la escuela rural | Cand\\u00e1s 365\",\"description\":\"El consejero de Educaci\\u00f3n y Cultura, Genaro Alonso, ha solicitado hoy al Gobierno central mayor apoyo para la escuela rural y para la extensi\\u00f3n del primer ciclo de Infantil, adem\\u00e1s de la puesta en marcha de medidas que favorezcan la gratuidad de los libros de texto. Alonso, que se ha reunido en Madrid con la\",\"inLanguage\":\"es-ES\",\"isPartOf\":{\"@id\":\"https:\\\/\\\/candas365.es\\\/noticias\\\/#website\"},\"breadcrumb\":{\"@id\":\"https:\\\/\\\/candas365.es\\\/noticias\\\/genaro-alonso-pide-mas-apoyo-para-la-escuela-rural\\\/#breadcrumblist\"},\"author\":{\"@id\":\"https:\\\/\\\/candas365.es\\\/noticias\\\/author\\\/admin\\\/#author\"},\"creator\":{\"@id\":\"https:\\\/\\\/candas365.es\\\/noticias\\\/author\\\/admin\\\/#author\"},\"image\":{\"@type\":\"ImageObject\",\"url\":\"https:\\\/\\\/candas365.es\\\/noticias\\\/wp-content\\\/uploads\\\/2019\\\/01\\\/Consejero-Educacion-y-ministra.jpg\",\"@id\":\"https:\\\/\\\/candas365.es\\\/noticias\\\/genaro-alonso-pide-mas-apoyo-para-la-escuela-rural\\\/#mainImage\",\"width\":1280,\"height\":960},\"primaryImageOfPage\":{\"@id\":\"https:\\\/\\\/candas365.es\\\/noticias\\\/genaro-alonso-pide-mas-apoyo-para-la-escuela-rural\\\/#mainImage\"},\"datePublished\":\"2019-01-16T14:38:13+01:00\",\"dateModified\":\"2019-01-16T14:38:13+01:00\"},{\"@type\":\"WebSite\",\"@id\":\"https:\\\/\\\/candas365.es\\\/noticias\\\/#website\",\"url\":\"https:\\\/\\\/candas365.es\\\/noticias\\\/\",\"name\":\"Cand\\u00e1s 365\",\"alternateName\":\"Cand\\u00e1s 365 Noticias\",\"description\":\"Actualidad desde Carre\\u00f1o para el mundo\",\"inLanguage\":\"es-ES\",\"publisher\":{\"@id\":\"https:\\\/\\\/candas365.es\\\/noticias\\\/#organization\"}}]}\n\t\t<\/script>\n\t\t<!-- All in One SEO Pro -->\r\n\t\t<title>Genaro Alonso pide m\u00e1s apoyo para la escuela rural | Cand\u00e1s 365<\/title>\n\n","aioseo_head_json":{"title":"Genaro Alonso pide m\u00e1s apoyo para la escuela rural | Cand\u00e1s 365","description":"El consejero de Educaci\u00f3n y Cultura, Genaro Alonso, ha solicitado hoy al Gobierno central mayor apoyo para la escuela rural y para la extensi\u00f3n del primer ciclo de Infantil, adem\u00e1s de la puesta en marcha de medidas que favorezcan la gratuidad de los libros de texto. Alonso, que se ha reunido en Madrid con la","canonical_url":"https:\/\/candas365.es\/noticias\/genaro-alonso-pide-mas-apoyo-para-la-escuela-rural\/","robots":"max-image-preview:large","keywords":"asturias","webmasterTools":{"google-site-verification":"UA-32230408-1","msvalidate.01":"354F3CDFB2DA171B47FBE9ABF1F88D5","miscellaneous":""},"schema":{"@context":"https:\/\/schema.org","@graph":[{"@type":"BreadcrumbList","@id":"https:\/\/candas365.es\/noticias\/genaro-alonso-pide-mas-apoyo-para-la-escuela-rural\/#breadcrumblist","itemListElement":[{"@type":"ListItem","@id":"https:\/\/candas365.es\/noticias#listItem","position":1,"name":"Home","item":"https:\/\/candas365.es\/noticias","nextItem":{"@type":"ListItem","@id":"https:\/\/candas365.es\/noticias\/category\/asturias\/#listItem","name":"Asturias"}},{"@type":"ListItem","@id":"https:\/\/candas365.es\/noticias\/category\/asturias\/#listItem","position":2,"name":"Asturias","item":"https:\/\/candas365.es\/noticias\/category\/asturias\/","nextItem":{"@type":"ListItem","@id":"https:\/\/candas365.es\/noticias\/genaro-alonso-pide-mas-apoyo-para-la-escuela-rural\/#listItem","name":"Genaro Alonso pide m\u00e1s apoyo para la escuela rural"},"previousItem":{"@type":"ListItem","@id":"https:\/\/candas365.es\/noticias#listItem","name":"Home"}},{"@type":"ListItem","@id":"https:\/\/candas365.es\/noticias\/genaro-alonso-pide-mas-apoyo-para-la-escuela-rural\/#listItem","position":3,"name":"Genaro Alonso pide m\u00e1s apoyo para la escuela rural","previousItem":{"@type":"ListItem","@id":"https:\/\/candas365.es\/noticias\/category\/asturias\/#listItem","name":"Asturias"}}]},{"@type":"NewsArticle","@id":"https:\/\/candas365.es\/noticias\/genaro-alonso-pide-mas-apoyo-para-la-escuela-rural\/#newsarticle","name":"Genaro Alonso pide m\u00e1s apoyo para la escuela rural | Cand\u00e1s 365","headline":"Genaro Alonso pide m\u00e1s apoyo para la escuela rural","author":{"@id":"https:\/\/candas365.es\/noticias\/author\/admin\/#author"},"publisher":{"@id":"https:\/\/candas365.es\/noticias\/#organization"},"image":{"@type":"ImageObject","url":"https:\/\/candas365.es\/noticias\/wp-content\/uploads\/2019\/01\/Consejero-Educacion-y-ministra.jpg","width":1280,"height":960},"datePublished":"2019-01-16T14:38:13+01:00","dateModified":"2019-01-16T14:38:13+01:00","inLanguage":"es-ES","mainEntityOfPage":{"@id":"https:\/\/candas365.es\/noticias\/genaro-alonso-pide-mas-apoyo-para-la-escuela-rural\/#webpage"},"isPartOf":{"@id":"https:\/\/candas365.es\/noticias\/genaro-alonso-pide-mas-apoyo-para-la-escuela-rural\/#webpage"},"articleSection":"Asturias","dateline":"Publicado el enero 16, 2019."},{"@type":"Organization","@id":"https:\/\/candas365.es\/noticias\/#organization","name":"Cand\u00e1s 365","description":"Cand\u00e1s 365 es un diario digital independiente, fundado en 2012, con base en Asturias. Informamos con rigor sobre actualidad, sociedad, cultura y ocio, con una mirada local y global.","url":"https:\/\/candas365.es\/noticias\/","email":"info@candas365.es","telephone":"+34652131393","foundingDate":"2012-06-10","logo":{"@type":"ImageObject","url":"https:\/\/candas365.es\/noticias\/wp-content\/uploads\/2024\/09\/Candas-365-Redes.jpg","@id":"https:\/\/candas365.es\/noticias\/genaro-alonso-pide-mas-apoyo-para-la-escuela-rural\/#organizationLogo","width":1152,"height":864,"caption":"Cand\u00e1s 365 Redes"},"image":{"@id":"https:\/\/candas365.es\/noticias\/genaro-alonso-pide-mas-apoyo-para-la-escuela-rural\/#organizationLogo"},"sameAs":["https:\/\/www.facebook.com\/Nachofdezber","https:\/\/x.com\/NabercoDigital","https:\/\/www.instagram.com\/nachofdezber\/","https:\/\/www.youtube.com\/channel\/UCZP-2wLEB9Rv6erhFmqVnvg"],"address":{"@id":"https:\/\/candas365.es\/noticias\/#postaladdress","@type":"PostalAddress","streetAddress":"san antonio 4, san antonio 4","postalCode":"33430","addressLocality":"Cand\u00e1s","addressRegion":"Asturias","addressCountry":"ES"}},{"@type":"Person","@id":"https:\/\/candas365.es\/noticias\/author\/admin\/#author","url":"https:\/\/candas365.es\/noticias\/author\/admin\/","name":"Cand\u00e1s 365","image":{"@type":"ImageObject","@id":"https:\/\/candas365.es\/noticias\/genaro-alonso-pide-mas-apoyo-para-la-escuela-rural\/#authorImage","url":"https:\/\/secure.gravatar.com\/avatar\/496a8e03d0c493ede1718b7934145dbdf8d89be1036b0eec9544e1094c9de390?s=96&d=mm&r=g","width":96,"height":96,"caption":"Cand\u00e1s 365"},"sameAs":["https:\/\/www.facebook.com\/carrenoactualidad","https:\/\/twitter.com\/nbasturias","https:\/\/www.instagram.com\/nachofdezber\/","https:\/\/www.youtube.com\/channel\/UCZP-2wLEB9Rv6erhFmqVnvg"]},{"@type":"WebPage","@id":"https:\/\/candas365.es\/noticias\/genaro-alonso-pide-mas-apoyo-para-la-escuela-rural\/#webpage","url":"https:\/\/candas365.es\/noticias\/genaro-alonso-pide-mas-apoyo-para-la-escuela-rural\/","name":"Genaro Alonso pide m\u00e1s apoyo para la escuela rural | Cand\u00e1s 365","description":"El consejero de Educaci\u00f3n y Cultura, Genaro Alonso, ha solicitado hoy al Gobierno central mayor apoyo para la escuela rural y para la extensi\u00f3n del primer ciclo de Infantil, adem\u00e1s de la puesta en marcha de medidas que favorezcan la gratuidad de los libros de texto. Alonso, que se ha reunido en Madrid con la","inLanguage":"es-ES","isPartOf":{"@id":"https:\/\/candas365.es\/noticias\/#website"},"breadcrumb":{"@id":"https:\/\/candas365.es\/noticias\/genaro-alonso-pide-mas-apoyo-para-la-escuela-rural\/#breadcrumblist"},"author":{"@id":"https:\/\/candas365.es\/noticias\/author\/admin\/#author"},"creator":{"@id":"https:\/\/candas365.es\/noticias\/author\/admin\/#author"},"image":{"@type":"ImageObject","url":"https:\/\/candas365.es\/noticias\/wp-content\/uploads\/2019\/01\/Consejero-Educacion-y-ministra.jpg","@id":"https:\/\/candas365.es\/noticias\/genaro-alonso-pide-mas-apoyo-para-la-escuela-rural\/#mainImage","width":1280,"height":960},"primaryImageOfPage":{"@id":"https:\/\/candas365.es\/noticias\/genaro-alonso-pide-mas-apoyo-para-la-escuela-rural\/#mainImage"},"datePublished":"2019-01-16T14:38:13+01:00","dateModified":"2019-01-16T14:38:13+01:00"},{"@type":"WebSite","@id":"https:\/\/candas365.es\/noticias\/#website","url":"https:\/\/candas365.es\/noticias\/","name":"Cand\u00e1s 365","alternateName":"Cand\u00e1s 365 Noticias","description":"Actualidad desde Carre\u00f1o para el mundo","inLanguage":"es-ES","publisher":{"@id":"https:\/\/candas365.es\/noticias\/#organization"}}]},"og:locale":"es_ES","og:site_name":"Cand\u00e1s 365","og:type":"article","og:title":"Genaro Alonso pide m\u00e1s apoyo para la escuela rural | Cand\u00e1s 365","og:description":"El consejero de Educaci\u00f3n y Cultura, Genaro Alonso, ha solicitado hoy al Gobierno central mayor apoyo para la escuela rural y para la extensi\u00f3n del primer ciclo de Infantil, adem\u00e1s de la puesta en marcha de medidas que favorezcan la gratuidad de los libros de texto. Alonso, que se ha reunido en Madrid con la","og:url":"https:\/\/candas365.es\/noticias\/genaro-alonso-pide-mas-apoyo-para-la-escuela-rural\/","og:image":"https:\/\/candas365.es\/noticias\/wp-content\/uploads\/2019\/01\/Consejero-Educacion-y-ministra.jpg","og:image:secure_url":"https:\/\/candas365.es\/noticias\/wp-content\/uploads\/2019\/01\/Consejero-Educacion-y-ministra.jpg","og:image:width":1280,"og:image:height":960,"article:published_time":"2019-01-16T14:38:13+00:00","article:modified_time":"2019-01-16T14:38:13+00:00","article:publisher":"https:\/\/www.facebook.com\/Nachofdezber","article:author":"https:\/\/www.facebook.com\/carrenoactualidad","twitter:card":"summary_large_image","twitter:site":"@NabercoDigital","twitter:title":"Genaro Alonso pide m\u00e1s apoyo para la escuela rural | Cand\u00e1s 365","twitter:description":"El consejero de Educaci\u00f3n y Cultura, Genaro Alonso, ha solicitado hoy al Gobierno central mayor apoyo para la escuela rural y para la extensi\u00f3n del primer ciclo de Infantil, adem\u00e1s de la puesta en marcha de medidas que favorezcan la gratuidad de los libros de texto. Alonso, que se ha reunido en Madrid con la","twitter:creator":"@nbasturias","twitter:image":"https:\/\/candas365.es\/noticias\/wp-content\/uploads\/2019\/01\/Consejero-Educacion-y-ministra.jpg","twitter:label1":"Escrito por","twitter:data1":"Cand\u00e1s 365","twitter:label2":"Tiempo de lectura estimado","twitter:data2":"2 minutos"},"aioseo_meta_data":{"post_id":"114291","title":null,"description":null,"keywords":null,"keyphrases":null,"primary_term":null,"canonical_url":null,"og_title":null,"og_description":null,"og_object_type":"default","og_image_type":"default","og_image_url":null,"og_image_width":null,"og_image_height":null,"og_image_custom_url":null,"og_image_custom_fields":null,"og_video":null,"og_custom_url":null,"og_article_section":null,"og_article_tags":null,"twitter_use_og":false,"twitter_card":"default","twitter_image_type":"default","twitter_image_url":null,"twitter_image_custom_url":null,"twitter_image_custom_fields":null,"twitter_title":null,"twitter_description":null,"schema":{"blockGraphs":[],"customGraphs":[],"default":{"data":{"Article":[],"Course":[],"Dataset":[],"FAQPage":[],"Movie":[],"Person":[],"Product":[],"ProductReview":[],"Car":[],"Recipe":[],"Service":[],"SoftwareApplication":[],"WebPage":[]},"graphName":"","isEnabled":true},"graphs":[]},"schema_type":null,"schema_type_options":null,"pillar_content":false,"robots_default":true,"robots_noindex":false,"robots_noarchive":false,"robots_nosnippet":false,"robots_nofollow":false,"robots_noimageindex":false,"robots_noodp":false,"robots_notranslate":false,"robots_max_snippet":null,"robots_max_videopreview":null,"robots_max_imagepreview":"large","priority":null,"frequency":null,"location":null,"local_seo":null,"seo_analyzer_scan_date":"2025-08-29 00:56:17","breadcrumb_settings":null,"limit_modified_date":false,"reviewed_by":null,"open_ai":null,"ai":null,"created":"2020-12-21 11:23:55","updated":"2025-08-29 00:56:17"},"aioseo_breadcrumb":"<div class=\"aioseo-breadcrumbs\"><span class=\"aioseo-breadcrumb\">\n\t<a href=\"https:\/\/candas365.es\/noticias\" title=\"Home\">Home<\/a>\n<\/span><span class=\"aioseo-breadcrumb-separator\">&ndash;<\/span><span class=\"aioseo-breadcrumb\">\n\t<a href=\"https:\/\/candas365.es\/noticias\/category\/asturias\/\" title=\"Asturias\">Asturias<\/a>\n<\/span><span class=\"aioseo-breadcrumb-separator\">&ndash;<\/span><span class=\"aioseo-breadcrumb\">\n\tGenaro Alonso pide m\u00e1s apoyo para la escuela rural\n<\/span><\/div>","aioseo_breadcrumb_json":[{"label":"Home","link":"https:\/\/candas365.es\/noticias"},{"label":"Asturias","link":"https:\/\/candas365.es\/noticias\/category\/asturias\/"},{"label":"Genaro Alonso pide m\u00e1s apoyo para la escuela rural","link":"https:\/\/candas365.es\/noticias\/genaro-alonso-pide-mas-apoyo-para-la-escuela-rural\/"}],"_links":{"self":[{"href":"https:\/\/candas365.es\/noticias\/wp-json\/wp\/v2\/posts\/114291","targetHints":{"allow":["GET"]}}],"collection":[{"href":"https:\/\/candas365.es\/noticias\/wp-json\/wp\/v2\/posts"}],"about":[{"href":"https:\/\/candas365.es\/noticias\/wp-json\/wp\/v2\/types\/post"}],"author":[{"embeddable":true,"href":"https:\/\/candas365.es\/noticias\/wp-json\/wp\/v2\/users\/1"}],"replies":[{"embeddable":true,"href":"https:\/\/candas365.es\/noticias\/wp-json\/wp\/v2\/comments?post=114291"}],"version-history":[{"count":0,"href":"https:\/\/candas365.es\/noticias\/wp-json\/wp\/v2\/posts\/114291\/revisions"}],"wp:featuredmedia":[{"embeddable":true,"href":"https:\/\/candas365.es\/noticias\/wp-json\/wp\/v2\/media\/114292"}],"wp:attachment":[{"href":"https:\/\/candas365.es\/noticias\/wp-json\/wp\/v2\/media?parent=114291"}],"wp:term":[{"taxonomy":"category","embeddable":true,"href":"https:\/\/candas365.es\/noticias\/wp-json\/wp\/v2\/categories?post=114291"},{"taxonomy":"post_tag","embeddable":true,"href":"https:\/\/candas365.es\/noticias\/wp-json\/wp\/v2\/tags?post=114291"}],"curies":[{"name":"wp","href":"https:\/\/api.w.org\/{rel}","templated":true}]}}