{"id":114226,"date":"2019-01-14T22:22:37","date_gmt":"2019-01-14T22:22:37","guid":{"rendered":"http:\/\/candas365.es\/noticias\/?p=114226"},"modified":"2019-01-14T22:22:37","modified_gmt":"2019-01-14T22:22:37","slug":"en-alemania-faltan-viviendas-asequibles-y-adecuadas-para-los-futuros-jubilados","status":"publish","type":"post","link":"https:\/\/candas365.es\/noticias\/en-alemania-faltan-viviendas-asequibles-y-adecuadas-para-los-futuros-jubilados\/","title":{"rendered":"En Alemania faltan viviendas asequibles y adecuadas para los futuros jubilados"},"content":{"rendered":"<p><img fetchpriority=\"high\" decoding=\"async\" class=\"alignleft size-medium wp-image-96324\" src=\"https:\/\/candas365.es\/noticias\/wp-content\/uploads\/2018\/05\/berlin-3333477_960_720-360x240.jpg\" alt=\"\" width=\"360\" height=\"240\" srcset=\"https:\/\/candas365.es\/noticias\/wp-content\/uploads\/2018\/05\/berlin-3333477_960_720-360x240.jpg 360w, https:\/\/candas365.es\/noticias\/wp-content\/uploads\/2018\/05\/berlin-3333477_960_720-768x512.jpg 768w, https:\/\/candas365.es\/noticias\/wp-content\/uploads\/2018\/05\/berlin-3333477_960_720-655x437.jpg 655w, https:\/\/candas365.es\/noticias\/wp-content\/uploads\/2018\/05\/berlin-3333477_960_720-696x464.jpg 696w, https:\/\/candas365.es\/noticias\/wp-content\/uploads\/2018\/05\/berlin-3333477_960_720-630x420.jpg 630w, https:\/\/candas365.es\/noticias\/wp-content\/uploads\/2018\/05\/berlin-3333477_960_720.jpg 960w\" sizes=\"(max-width: 360px) 100vw, 360px\" \/>M\u00fanich, 14 ene (dpa) &#8211; En Alemania faltan viviendas asequibles y adecuadas para futuros jubilados, advirtieron hoy investigadores econ\u00f3micos y expertos del sector de la construcci\u00f3n en un estudio.<\/p>\n<p>El retiro de la vida laboral de las generaciones con alta tasa de natalidad generar\u00e1 una emergencia de viviendas para personas mayores en el pa\u00eds, coment\u00f3 Matthias G\u00fcnther, del Instituto Pestel de Hannover.<\/p>\n<p>Seg\u00fan G\u00fcnther, el aumento del precio de los alquileres y la disminuci\u00f3n de la renta pueden conducir a que muchos ancianos ya no puedan financiar el coste de su vivienda.<\/p>\n<p>A menudo, los apartamentos m\u00e1s peque\u00f1os son a\u00fan m\u00e1s costosos que las casas o pisos en las que las personas vivieron durante a\u00f1os. En consecuencia, muchos jubilados se ver\u00e1n obligados a salir de su hogar y hasta a cambiarse de ciudad, se\u00f1al\u00f3 el investigador.<\/p>\n<p>El estudio fue elaborado por encargo de la federaci\u00f3n alemana de comerciantes especializados en materiales de obra y ser\u00e1 presentado hoy en una feria en M\u00fanich.<\/p>\n<p>La federaci\u00f3n del sector considera que los nuevos proyectos edilicios deber\u00edan dar prioridad a la construcci\u00f3n de viviendas asequibles y con comodidades, acordes a las necesidades de las personas mayores.<\/p>\n<p>Adem\u00e1s, es necesario poner en marcha una remodelaci\u00f3n masiva de las viviendas ya existentes para adaptarlas a estos requerimientos. La federaci\u00f3n estima que hasta 2030 habr\u00e1 que construir o remodelar tres millones de viviendas para ancianos.<\/p>\n","protected":false},"excerpt":{"rendered":"<p>M\u00fanich, 14 ene (dpa) &#8211; En Alemania faltan viviendas asequibles y adecuadas para futuros jubilados, advirtieron hoy investigadores econ\u00f3micos y expertos del sector de la construcci\u00f3n en un estudio. El retiro de la vida laboral de las generaciones con alta tasa de natalidad generar\u00e1 una emergencia de viviendas para personas mayores en el pa\u00eds, coment\u00f3<\/p>\n","protected":false},"author":1,"featured_media":96324,"comment_status":"closed","ping_status":"closed","sticky":false,"template":"","format":"standard","meta":{"footnotes":""},"categories":[143],"tags":[],"class_list":{"0":"post-114226","1":"post","2":"type-post","3":"status-publish","4":"format-standard","5":"has-post-thumbnail","7":"category-sociedad"},"aioseo_notices":[],"aioseo_head":"\n\t\t<!-- All in One SEO Pro 4.9.6.2 - aioseo.com -->\n\t<meta name=\"description\" content=\"M\u00fanich, 14 ene (dpa) - En Alemania faltan viviendas asequibles y adecuadas para futuros jubilados, advirtieron hoy investigadores econ\u00f3micos y expertos del sector de la construcci\u00f3n en un estudio. El retiro de la vida laboral de las generaciones con alta tasa de natalidad generar\u00e1 una emergencia de viviendas para personas mayores en el pa\u00eds, coment\u00f3\" \/>\n\t<meta name=\"robots\" content=\"max-image-preview:large\" \/>\n\t<meta name=\"author\" content=\"Cand\u00e1s 365\"\/>\n\t<meta name=\"google-site-verification\" content=\"UA-32230408-1\" \/>\n\t<meta name=\"msvalidate.01\" content=\"354F3CDFB2DA171B47FBE9ABF1F88D5\" \/>\n\t<meta name=\"keywords\" content=\"sociedad\" \/>\n\t<link rel=\"canonical\" href=\"https:\/\/candas365.es\/noticias\/en-alemania-faltan-viviendas-asequibles-y-adecuadas-para-los-futuros-jubilados\/\" \/>\n\t<meta name=\"generator\" content=\"All in One SEO Pro (AIOSEO) 4.9.6.2\" \/>\n\t\t<meta property=\"og:locale\" content=\"es_ES\" \/>\n\t\t<meta property=\"og:site_name\" content=\"Cand\u00e1s 365\" \/>\n\t\t<meta property=\"og:type\" content=\"article\" \/>\n\t\t<meta property=\"og:title\" content=\"En Alemania faltan viviendas asequibles y adecuadas para los futuros jubilados | Cand\u00e1s 365\" \/>\n\t\t<meta property=\"og:description\" content=\"M\u00fanich, 14 ene (dpa) - En Alemania faltan viviendas asequibles y adecuadas para futuros jubilados, advirtieron hoy investigadores econ\u00f3micos y expertos del sector de la construcci\u00f3n en un estudio. El retiro de la vida laboral de las generaciones con alta tasa de natalidad generar\u00e1 una emergencia de viviendas para personas mayores en el pa\u00eds, coment\u00f3\" \/>\n\t\t<meta property=\"og:url\" content=\"https:\/\/candas365.es\/noticias\/en-alemania-faltan-viviendas-asequibles-y-adecuadas-para-los-futuros-jubilados\/\" \/>\n\t\t<meta property=\"og:image\" content=\"https:\/\/candas365.es\/noticias\/wp-content\/uploads\/2018\/05\/berlin-3333477_960_720.jpg\" \/>\n\t\t<meta property=\"og:image:secure_url\" content=\"https:\/\/candas365.es\/noticias\/wp-content\/uploads\/2018\/05\/berlin-3333477_960_720.jpg\" \/>\n\t\t<meta property=\"og:image:width\" content=\"960\" \/>\n\t\t<meta property=\"og:image:height\" content=\"640\" \/>\n\t\t<meta property=\"article:published_time\" content=\"2019-01-14T22:22:37+00:00\" \/>\n\t\t<meta property=\"article:modified_time\" content=\"2019-01-14T22:22:37+00:00\" \/>\n\t\t<meta property=\"article:publisher\" content=\"https:\/\/www.facebook.com\/Nachofdezber\" \/>\n\t\t<meta property=\"article:author\" content=\"https:\/\/www.facebook.com\/carrenoactualidad\" \/>\n\t\t<meta name=\"twitter:card\" content=\"summary_large_image\" \/>\n\t\t<meta name=\"twitter:site\" content=\"@NabercoDigital\" \/>\n\t\t<meta name=\"twitter:title\" content=\"En Alemania faltan viviendas asequibles y adecuadas para los futuros jubilados | Cand\u00e1s 365\" \/>\n\t\t<meta name=\"twitter:description\" content=\"M\u00fanich, 14 ene (dpa) - En Alemania faltan viviendas asequibles y adecuadas para futuros jubilados, advirtieron hoy investigadores econ\u00f3micos y expertos del sector de la construcci\u00f3n en un estudio. El retiro de la vida laboral de las generaciones con alta tasa de natalidad generar\u00e1 una emergencia de viviendas para personas mayores en el pa\u00eds, coment\u00f3\" \/>\n\t\t<meta name=\"twitter:creator\" content=\"@nbasturias\" \/>\n\t\t<meta name=\"twitter:image\" content=\"https:\/\/candas365.es\/noticias\/wp-content\/uploads\/2018\/05\/berlin-3333477_960_720.jpg\" \/>\n\t\t<meta name=\"twitter:label1\" content=\"Escrito por\" \/>\n\t\t<meta name=\"twitter:data1\" content=\"Cand\u00e1s 365\" \/>\n\t\t<meta name=\"twitter:label2\" content=\"Tiempo de lectura estimado\" \/>\n\t\t<meta name=\"twitter:data2\" content=\"1 minuto\" \/>\n\t\t<script type=\"application\/ld+json\" class=\"aioseo-schema\">\n\t\t\t{\"@context\":\"https:\\\/\\\/schema.org\",\"@graph\":[{\"@type\":\"BreadcrumbList\",\"@id\":\"https:\\\/\\\/candas365.es\\\/noticias\\\/en-alemania-faltan-viviendas-asequibles-y-adecuadas-para-los-futuros-jubilados\\\/#breadcrumblist\",\"itemListElement\":[{\"@type\":\"ListItem\",\"@id\":\"https:\\\/\\\/candas365.es\\\/noticias#listItem\",\"position\":1,\"name\":\"Home\",\"item\":\"https:\\\/\\\/candas365.es\\\/noticias\",\"nextItem\":{\"@type\":\"ListItem\",\"@id\":\"https:\\\/\\\/candas365.es\\\/noticias\\\/category\\\/sociedad\\\/#listItem\",\"name\":\"Sociedad\"}},{\"@type\":\"ListItem\",\"@id\":\"https:\\\/\\\/candas365.es\\\/noticias\\\/category\\\/sociedad\\\/#listItem\",\"position\":2,\"name\":\"Sociedad\",\"item\":\"https:\\\/\\\/candas365.es\\\/noticias\\\/category\\\/sociedad\\\/\",\"nextItem\":{\"@type\":\"ListItem\",\"@id\":\"https:\\\/\\\/candas365.es\\\/noticias\\\/en-alemania-faltan-viviendas-asequibles-y-adecuadas-para-los-futuros-jubilados\\\/#listItem\",\"name\":\"En Alemania faltan viviendas asequibles y adecuadas para los futuros jubilados\"},\"previousItem\":{\"@type\":\"ListItem\",\"@id\":\"https:\\\/\\\/candas365.es\\\/noticias#listItem\",\"name\":\"Home\"}},{\"@type\":\"ListItem\",\"@id\":\"https:\\\/\\\/candas365.es\\\/noticias\\\/en-alemania-faltan-viviendas-asequibles-y-adecuadas-para-los-futuros-jubilados\\\/#listItem\",\"position\":3,\"name\":\"En Alemania faltan viviendas asequibles y adecuadas para los futuros jubilados\",\"previousItem\":{\"@type\":\"ListItem\",\"@id\":\"https:\\\/\\\/candas365.es\\\/noticias\\\/category\\\/sociedad\\\/#listItem\",\"name\":\"Sociedad\"}}]},{\"@type\":\"NewsArticle\",\"@id\":\"https:\\\/\\\/candas365.es\\\/noticias\\\/en-alemania-faltan-viviendas-asequibles-y-adecuadas-para-los-futuros-jubilados\\\/#newsarticle\",\"name\":\"En Alemania faltan viviendas asequibles y adecuadas para los futuros jubilados | Cand\\u00e1s 365\",\"headline\":\"En Alemania faltan viviendas asequibles y adecuadas para los futuros jubilados\",\"author\":{\"@id\":\"https:\\\/\\\/candas365.es\\\/noticias\\\/author\\\/admin\\\/#author\"},\"publisher\":{\"@id\":\"https:\\\/\\\/candas365.es\\\/noticias\\\/#organization\"},\"image\":{\"@type\":\"ImageObject\",\"url\":\"https:\\\/\\\/candas365.es\\\/noticias\\\/wp-content\\\/uploads\\\/2018\\\/05\\\/berlin-3333477_960_720.jpg\",\"width\":960,\"height\":640},\"datePublished\":\"2019-01-14T22:22:37+01:00\",\"dateModified\":\"2019-01-14T22:22:37+01:00\",\"inLanguage\":\"es-ES\",\"mainEntityOfPage\":{\"@id\":\"https:\\\/\\\/candas365.es\\\/noticias\\\/en-alemania-faltan-viviendas-asequibles-y-adecuadas-para-los-futuros-jubilados\\\/#webpage\"},\"isPartOf\":{\"@id\":\"https:\\\/\\\/candas365.es\\\/noticias\\\/en-alemania-faltan-viviendas-asequibles-y-adecuadas-para-los-futuros-jubilados\\\/#webpage\"},\"articleSection\":\"Sociedad\",\"dateline\":\"Publicado el enero 14, 2019.\"},{\"@type\":\"Organization\",\"@id\":\"https:\\\/\\\/candas365.es\\\/noticias\\\/#organization\",\"name\":\"Cand\\u00e1s 365\",\"description\":\"Cand\\u00e1s 365 es un diario digital independiente, fundado en 2012, con base en Asturias. Informamos con rigor sobre actualidad, sociedad, cultura y ocio, con una mirada local y global.\",\"url\":\"https:\\\/\\\/candas365.es\\\/noticias\\\/\",\"email\":\"info@candas365.es\",\"telephone\":\"+34652131393\",\"foundingDate\":\"2012-06-10\",\"logo\":{\"@type\":\"ImageObject\",\"url\":\"https:\\\/\\\/candas365.es\\\/noticias\\\/wp-content\\\/uploads\\\/2024\\\/09\\\/Candas-365-Redes.jpg\",\"@id\":\"https:\\\/\\\/candas365.es\\\/noticias\\\/en-alemania-faltan-viviendas-asequibles-y-adecuadas-para-los-futuros-jubilados\\\/#organizationLogo\",\"width\":1152,\"height\":864,\"caption\":\"Cand\\u00e1s 365 Redes\"},\"image\":{\"@id\":\"https:\\\/\\\/candas365.es\\\/noticias\\\/en-alemania-faltan-viviendas-asequibles-y-adecuadas-para-los-futuros-jubilados\\\/#organizationLogo\"},\"sameAs\":[\"https:\\\/\\\/www.facebook.com\\\/Nachofdezber\",\"https:\\\/\\\/x.com\\\/NabercoDigital\",\"https:\\\/\\\/www.instagram.com\\\/nachofdezber\\\/\",\"https:\\\/\\\/www.youtube.com\\\/channel\\\/UCZP-2wLEB9Rv6erhFmqVnvg\"],\"address\":{\"@id\":\"https:\\\/\\\/candas365.es\\\/noticias\\\/#postaladdress\",\"@type\":\"PostalAddress\",\"streetAddress\":\"san antonio 4, san antonio 4\",\"postalCode\":\"33430\",\"addressLocality\":\"Cand\\u00e1s\",\"addressRegion\":\"Asturias\",\"addressCountry\":\"ES\"}},{\"@type\":\"Person\",\"@id\":\"https:\\\/\\\/candas365.es\\\/noticias\\\/author\\\/admin\\\/#author\",\"url\":\"https:\\\/\\\/candas365.es\\\/noticias\\\/author\\\/admin\\\/\",\"name\":\"Cand\\u00e1s 365\",\"image\":{\"@type\":\"ImageObject\",\"@id\":\"https:\\\/\\\/candas365.es\\\/noticias\\\/en-alemania-faltan-viviendas-asequibles-y-adecuadas-para-los-futuros-jubilados\\\/#authorImage\",\"url\":\"https:\\\/\\\/secure.gravatar.com\\\/avatar\\\/496a8e03d0c493ede1718b7934145dbdf8d89be1036b0eec9544e1094c9de390?s=96&d=mm&r=g\",\"width\":96,\"height\":96,\"caption\":\"Cand\\u00e1s 365\"},\"sameAs\":[\"https:\\\/\\\/www.facebook.com\\\/carrenoactualidad\",\"https:\\\/\\\/twitter.com\\\/nbasturias\",\"https:\\\/\\\/www.instagram.com\\\/nachofdezber\\\/\",\"https:\\\/\\\/www.youtube.com\\\/channel\\\/UCZP-2wLEB9Rv6erhFmqVnvg\"]},{\"@type\":\"WebPage\",\"@id\":\"https:\\\/\\\/candas365.es\\\/noticias\\\/en-alemania-faltan-viviendas-asequibles-y-adecuadas-para-los-futuros-jubilados\\\/#webpage\",\"url\":\"https:\\\/\\\/candas365.es\\\/noticias\\\/en-alemania-faltan-viviendas-asequibles-y-adecuadas-para-los-futuros-jubilados\\\/\",\"name\":\"En Alemania faltan viviendas asequibles y adecuadas para los futuros jubilados | Cand\\u00e1s 365\",\"description\":\"M\\u00fanich, 14 ene (dpa) - En Alemania faltan viviendas asequibles y adecuadas para futuros jubilados, advirtieron hoy investigadores econ\\u00f3micos y expertos del sector de la construcci\\u00f3n en un estudio. El retiro de la vida laboral de las generaciones con alta tasa de natalidad generar\\u00e1 una emergencia de viviendas para personas mayores en el pa\\u00eds, coment\\u00f3\",\"inLanguage\":\"es-ES\",\"isPartOf\":{\"@id\":\"https:\\\/\\\/candas365.es\\\/noticias\\\/#website\"},\"breadcrumb\":{\"@id\":\"https:\\\/\\\/candas365.es\\\/noticias\\\/en-alemania-faltan-viviendas-asequibles-y-adecuadas-para-los-futuros-jubilados\\\/#breadcrumblist\"},\"author\":{\"@id\":\"https:\\\/\\\/candas365.es\\\/noticias\\\/author\\\/admin\\\/#author\"},\"creator\":{\"@id\":\"https:\\\/\\\/candas365.es\\\/noticias\\\/author\\\/admin\\\/#author\"},\"image\":{\"@type\":\"ImageObject\",\"url\":\"https:\\\/\\\/candas365.es\\\/noticias\\\/wp-content\\\/uploads\\\/2018\\\/05\\\/berlin-3333477_960_720.jpg\",\"@id\":\"https:\\\/\\\/candas365.es\\\/noticias\\\/en-alemania-faltan-viviendas-asequibles-y-adecuadas-para-los-futuros-jubilados\\\/#mainImage\",\"width\":960,\"height\":640},\"primaryImageOfPage\":{\"@id\":\"https:\\\/\\\/candas365.es\\\/noticias\\\/en-alemania-faltan-viviendas-asequibles-y-adecuadas-para-los-futuros-jubilados\\\/#mainImage\"},\"datePublished\":\"2019-01-14T22:22:37+01:00\",\"dateModified\":\"2019-01-14T22:22:37+01:00\"},{\"@type\":\"WebSite\",\"@id\":\"https:\\\/\\\/candas365.es\\\/noticias\\\/#website\",\"url\":\"https:\\\/\\\/candas365.es\\\/noticias\\\/\",\"name\":\"Cand\\u00e1s 365\",\"alternateName\":\"Cand\\u00e1s 365 Noticias\",\"description\":\"Actualidad desde Carre\\u00f1o para el mundo\",\"inLanguage\":\"es-ES\",\"publisher\":{\"@id\":\"https:\\\/\\\/candas365.es\\\/noticias\\\/#organization\"}}]}\n\t\t<\/script>\n\t\t<!-- All in One SEO Pro -->\r\n\t\t<title>En Alemania faltan viviendas asequibles y adecuadas para los futuros jubilados | Cand\u00e1s 365<\/title>\n\n","aioseo_head_json":{"title":"En Alemania faltan viviendas asequibles y adecuadas para los futuros jubilados | Cand\u00e1s 365","description":"M\u00fanich, 14 ene (dpa) - En Alemania faltan viviendas asequibles y adecuadas para futuros jubilados, advirtieron hoy investigadores econ\u00f3micos y expertos del sector de la construcci\u00f3n en un estudio. El retiro de la vida laboral de las generaciones con alta tasa de natalidad generar\u00e1 una emergencia de viviendas para personas mayores en el pa\u00eds, coment\u00f3","canonical_url":"https:\/\/candas365.es\/noticias\/en-alemania-faltan-viviendas-asequibles-y-adecuadas-para-los-futuros-jubilados\/","robots":"max-image-preview:large","keywords":"sociedad","webmasterTools":{"google-site-verification":"UA-32230408-1","msvalidate.01":"354F3CDFB2DA171B47FBE9ABF1F88D5","miscellaneous":""},"schema":{"@context":"https:\/\/schema.org","@graph":[{"@type":"BreadcrumbList","@id":"https:\/\/candas365.es\/noticias\/en-alemania-faltan-viviendas-asequibles-y-adecuadas-para-los-futuros-jubilados\/#breadcrumblist","itemListElement":[{"@type":"ListItem","@id":"https:\/\/candas365.es\/noticias#listItem","position":1,"name":"Home","item":"https:\/\/candas365.es\/noticias","nextItem":{"@type":"ListItem","@id":"https:\/\/candas365.es\/noticias\/category\/sociedad\/#listItem","name":"Sociedad"}},{"@type":"ListItem","@id":"https:\/\/candas365.es\/noticias\/category\/sociedad\/#listItem","position":2,"name":"Sociedad","item":"https:\/\/candas365.es\/noticias\/category\/sociedad\/","nextItem":{"@type":"ListItem","@id":"https:\/\/candas365.es\/noticias\/en-alemania-faltan-viviendas-asequibles-y-adecuadas-para-los-futuros-jubilados\/#listItem","name":"En Alemania faltan viviendas asequibles y adecuadas para los futuros jubilados"},"previousItem":{"@type":"ListItem","@id":"https:\/\/candas365.es\/noticias#listItem","name":"Home"}},{"@type":"ListItem","@id":"https:\/\/candas365.es\/noticias\/en-alemania-faltan-viviendas-asequibles-y-adecuadas-para-los-futuros-jubilados\/#listItem","position":3,"name":"En Alemania faltan viviendas asequibles y adecuadas para los futuros jubilados","previousItem":{"@type":"ListItem","@id":"https:\/\/candas365.es\/noticias\/category\/sociedad\/#listItem","name":"Sociedad"}}]},{"@type":"NewsArticle","@id":"https:\/\/candas365.es\/noticias\/en-alemania-faltan-viviendas-asequibles-y-adecuadas-para-los-futuros-jubilados\/#newsarticle","name":"En Alemania faltan viviendas asequibles y adecuadas para los futuros jubilados | Cand\u00e1s 365","headline":"En Alemania faltan viviendas asequibles y adecuadas para los futuros jubilados","author":{"@id":"https:\/\/candas365.es\/noticias\/author\/admin\/#author"},"publisher":{"@id":"https:\/\/candas365.es\/noticias\/#organization"},"image":{"@type":"ImageObject","url":"https:\/\/candas365.es\/noticias\/wp-content\/uploads\/2018\/05\/berlin-3333477_960_720.jpg","width":960,"height":640},"datePublished":"2019-01-14T22:22:37+01:00","dateModified":"2019-01-14T22:22:37+01:00","inLanguage":"es-ES","mainEntityOfPage":{"@id":"https:\/\/candas365.es\/noticias\/en-alemania-faltan-viviendas-asequibles-y-adecuadas-para-los-futuros-jubilados\/#webpage"},"isPartOf":{"@id":"https:\/\/candas365.es\/noticias\/en-alemania-faltan-viviendas-asequibles-y-adecuadas-para-los-futuros-jubilados\/#webpage"},"articleSection":"Sociedad","dateline":"Publicado el enero 14, 2019."},{"@type":"Organization","@id":"https:\/\/candas365.es\/noticias\/#organization","name":"Cand\u00e1s 365","description":"Cand\u00e1s 365 es un diario digital independiente, fundado en 2012, con base en Asturias. Informamos con rigor sobre actualidad, sociedad, cultura y ocio, con una mirada local y global.","url":"https:\/\/candas365.es\/noticias\/","email":"info@candas365.es","telephone":"+34652131393","foundingDate":"2012-06-10","logo":{"@type":"ImageObject","url":"https:\/\/candas365.es\/noticias\/wp-content\/uploads\/2024\/09\/Candas-365-Redes.jpg","@id":"https:\/\/candas365.es\/noticias\/en-alemania-faltan-viviendas-asequibles-y-adecuadas-para-los-futuros-jubilados\/#organizationLogo","width":1152,"height":864,"caption":"Cand\u00e1s 365 Redes"},"image":{"@id":"https:\/\/candas365.es\/noticias\/en-alemania-faltan-viviendas-asequibles-y-adecuadas-para-los-futuros-jubilados\/#organizationLogo"},"sameAs":["https:\/\/www.facebook.com\/Nachofdezber","https:\/\/x.com\/NabercoDigital","https:\/\/www.instagram.com\/nachofdezber\/","https:\/\/www.youtube.com\/channel\/UCZP-2wLEB9Rv6erhFmqVnvg"],"address":{"@id":"https:\/\/candas365.es\/noticias\/#postaladdress","@type":"PostalAddress","streetAddress":"san antonio 4, san antonio 4","postalCode":"33430","addressLocality":"Cand\u00e1s","addressRegion":"Asturias","addressCountry":"ES"}},{"@type":"Person","@id":"https:\/\/candas365.es\/noticias\/author\/admin\/#author","url":"https:\/\/candas365.es\/noticias\/author\/admin\/","name":"Cand\u00e1s 365","image":{"@type":"ImageObject","@id":"https:\/\/candas365.es\/noticias\/en-alemania-faltan-viviendas-asequibles-y-adecuadas-para-los-futuros-jubilados\/#authorImage","url":"https:\/\/secure.gravatar.com\/avatar\/496a8e03d0c493ede1718b7934145dbdf8d89be1036b0eec9544e1094c9de390?s=96&d=mm&r=g","width":96,"height":96,"caption":"Cand\u00e1s 365"},"sameAs":["https:\/\/www.facebook.com\/carrenoactualidad","https:\/\/twitter.com\/nbasturias","https:\/\/www.instagram.com\/nachofdezber\/","https:\/\/www.youtube.com\/channel\/UCZP-2wLEB9Rv6erhFmqVnvg"]},{"@type":"WebPage","@id":"https:\/\/candas365.es\/noticias\/en-alemania-faltan-viviendas-asequibles-y-adecuadas-para-los-futuros-jubilados\/#webpage","url":"https:\/\/candas365.es\/noticias\/en-alemania-faltan-viviendas-asequibles-y-adecuadas-para-los-futuros-jubilados\/","name":"En Alemania faltan viviendas asequibles y adecuadas para los futuros jubilados | Cand\u00e1s 365","description":"M\u00fanich, 14 ene (dpa) - En Alemania faltan viviendas asequibles y adecuadas para futuros jubilados, advirtieron hoy investigadores econ\u00f3micos y expertos del sector de la construcci\u00f3n en un estudio. El retiro de la vida laboral de las generaciones con alta tasa de natalidad generar\u00e1 una emergencia de viviendas para personas mayores en el pa\u00eds, coment\u00f3","inLanguage":"es-ES","isPartOf":{"@id":"https:\/\/candas365.es\/noticias\/#website"},"breadcrumb":{"@id":"https:\/\/candas365.es\/noticias\/en-alemania-faltan-viviendas-asequibles-y-adecuadas-para-los-futuros-jubilados\/#breadcrumblist"},"author":{"@id":"https:\/\/candas365.es\/noticias\/author\/admin\/#author"},"creator":{"@id":"https:\/\/candas365.es\/noticias\/author\/admin\/#author"},"image":{"@type":"ImageObject","url":"https:\/\/candas365.es\/noticias\/wp-content\/uploads\/2018\/05\/berlin-3333477_960_720.jpg","@id":"https:\/\/candas365.es\/noticias\/en-alemania-faltan-viviendas-asequibles-y-adecuadas-para-los-futuros-jubilados\/#mainImage","width":960,"height":640},"primaryImageOfPage":{"@id":"https:\/\/candas365.es\/noticias\/en-alemania-faltan-viviendas-asequibles-y-adecuadas-para-los-futuros-jubilados\/#mainImage"},"datePublished":"2019-01-14T22:22:37+01:00","dateModified":"2019-01-14T22:22:37+01:00"},{"@type":"WebSite","@id":"https:\/\/candas365.es\/noticias\/#website","url":"https:\/\/candas365.es\/noticias\/","name":"Cand\u00e1s 365","alternateName":"Cand\u00e1s 365 Noticias","description":"Actualidad desde Carre\u00f1o para el mundo","inLanguage":"es-ES","publisher":{"@id":"https:\/\/candas365.es\/noticias\/#organization"}}]},"og:locale":"es_ES","og:site_name":"Cand\u00e1s 365","og:type":"article","og:title":"En Alemania faltan viviendas asequibles y adecuadas para los futuros jubilados | Cand\u00e1s 365","og:description":"M\u00fanich, 14 ene (dpa) - En Alemania faltan viviendas asequibles y adecuadas para futuros jubilados, advirtieron hoy investigadores econ\u00f3micos y expertos del sector de la construcci\u00f3n en un estudio. El retiro de la vida laboral de las generaciones con alta tasa de natalidad generar\u00e1 una emergencia de viviendas para personas mayores en el pa\u00eds, coment\u00f3","og:url":"https:\/\/candas365.es\/noticias\/en-alemania-faltan-viviendas-asequibles-y-adecuadas-para-los-futuros-jubilados\/","og:image":"https:\/\/candas365.es\/noticias\/wp-content\/uploads\/2018\/05\/berlin-3333477_960_720.jpg","og:image:secure_url":"https:\/\/candas365.es\/noticias\/wp-content\/uploads\/2018\/05\/berlin-3333477_960_720.jpg","og:image:width":960,"og:image:height":640,"article:published_time":"2019-01-14T22:22:37+00:00","article:modified_time":"2019-01-14T22:22:37+00:00","article:publisher":"https:\/\/www.facebook.com\/Nachofdezber","article:author":"https:\/\/www.facebook.com\/carrenoactualidad","twitter:card":"summary_large_image","twitter:site":"@NabercoDigital","twitter:title":"En Alemania faltan viviendas asequibles y adecuadas para los futuros jubilados | Cand\u00e1s 365","twitter:description":"M\u00fanich, 14 ene (dpa) - En Alemania faltan viviendas asequibles y adecuadas para futuros jubilados, advirtieron hoy investigadores econ\u00f3micos y expertos del sector de la construcci\u00f3n en un estudio. El retiro de la vida laboral de las generaciones con alta tasa de natalidad generar\u00e1 una emergencia de viviendas para personas mayores en el pa\u00eds, coment\u00f3","twitter:creator":"@nbasturias","twitter:image":"https:\/\/candas365.es\/noticias\/wp-content\/uploads\/2018\/05\/berlin-3333477_960_720.jpg","twitter:label1":"Escrito por","twitter:data1":"Cand\u00e1s 365","twitter:label2":"Tiempo de lectura estimado","twitter:data2":"1 minuto"},"aioseo_meta_data":{"post_id":"114226","title":null,"description":null,"keywords":null,"keyphrases":null,"primary_term":null,"canonical_url":null,"og_title":null,"og_description":null,"og_object_type":"default","og_image_type":"default","og_image_url":null,"og_image_width":null,"og_image_height":null,"og_image_custom_url":null,"og_image_custom_fields":null,"og_video":null,"og_custom_url":null,"og_article_section":null,"og_article_tags":null,"twitter_use_og":false,"twitter_card":"default","twitter_image_type":"default","twitter_image_url":null,"twitter_image_custom_url":null,"twitter_image_custom_fields":null,"twitter_title":null,"twitter_description":null,"schema":{"blockGraphs":[],"customGraphs":[],"default":{"data":{"Article":[],"Course":[],"Dataset":[],"FAQPage":[],"Movie":[],"Person":[],"Product":[],"ProductReview":[],"Car":[],"Recipe":[],"Service":[],"SoftwareApplication":[],"WebPage":[]},"graphName":"","isEnabled":true},"graphs":[],"defaultGraph":"","defaultPostTypeGraph":""},"schema_type":null,"schema_type_options":null,"pillar_content":false,"robots_default":true,"robots_noindex":false,"robots_noarchive":false,"robots_nosnippet":false,"robots_nofollow":false,"robots_noimageindex":false,"robots_noodp":false,"robots_notranslate":false,"robots_max_snippet":null,"robots_max_videopreview":null,"robots_max_imagepreview":"large","priority":null,"frequency":null,"location":null,"local_seo":null,"seo_analyzer_scan_date":"2025-08-29 00:47:10","breadcrumb_settings":null,"limit_modified_date":false,"reviewed_by":null,"open_ai":null,"ai":null,"created":"2020-12-21 11:24:55","updated":"2025-08-29 00:47:10"},"aioseo_breadcrumb":"<div class=\"aioseo-breadcrumbs\"><span class=\"aioseo-breadcrumb\">\n\t<a href=\"https:\/\/candas365.es\/noticias\" title=\"Home\">Home<\/a>\n<\/span><span class=\"aioseo-breadcrumb-separator\">&ndash;<\/span><span class=\"aioseo-breadcrumb\">\n\t<a href=\"https:\/\/candas365.es\/noticias\/category\/sociedad\/\" title=\"Sociedad\">Sociedad<\/a>\n<\/span><span class=\"aioseo-breadcrumb-separator\">&ndash;<\/span><span class=\"aioseo-breadcrumb\">\n\tEn Alemania faltan viviendas asequibles y adecuadas para los futuros jubilados\n<\/span><\/div>","aioseo_breadcrumb_json":[{"label":"Home","link":"https:\/\/candas365.es\/noticias"},{"label":"Sociedad","link":"https:\/\/candas365.es\/noticias\/category\/sociedad\/"},{"label":"En Alemania faltan viviendas asequibles y adecuadas para los futuros jubilados","link":"https:\/\/candas365.es\/noticias\/en-alemania-faltan-viviendas-asequibles-y-adecuadas-para-los-futuros-jubilados\/"}],"_links":{"self":[{"href":"https:\/\/candas365.es\/noticias\/wp-json\/wp\/v2\/posts\/114226","targetHints":{"allow":["GET"]}}],"collection":[{"href":"https:\/\/candas365.es\/noticias\/wp-json\/wp\/v2\/posts"}],"about":[{"href":"https:\/\/candas365.es\/noticias\/wp-json\/wp\/v2\/types\/post"}],"author":[{"embeddable":true,"href":"https:\/\/candas365.es\/noticias\/wp-json\/wp\/v2\/users\/1"}],"replies":[{"embeddable":true,"href":"https:\/\/candas365.es\/noticias\/wp-json\/wp\/v2\/comments?post=114226"}],"version-history":[{"count":0,"href":"https:\/\/candas365.es\/noticias\/wp-json\/wp\/v2\/posts\/114226\/revisions"}],"wp:featuredmedia":[{"embeddable":true,"href":"https:\/\/candas365.es\/noticias\/wp-json\/wp\/v2\/media\/96324"}],"wp:attachment":[{"href":"https:\/\/candas365.es\/noticias\/wp-json\/wp\/v2\/media?parent=114226"}],"wp:term":[{"taxonomy":"category","embeddable":true,"href":"https:\/\/candas365.es\/noticias\/wp-json\/wp\/v2\/categories?post=114226"},{"taxonomy":"post_tag","embeddable":true,"href":"https:\/\/candas365.es\/noticias\/wp-json\/wp\/v2\/tags?post=114226"}],"curies":[{"name":"wp","href":"https:\/\/api.w.org\/{rel}","templated":true}]}}