{"id":114223,"date":"2019-01-14T21:09:51","date_gmt":"2019-01-14T21:09:51","guid":{"rendered":"http:\/\/candas365.es\/noticias\/?p=114223"},"modified":"2019-01-14T21:09:51","modified_gmt":"2019-01-14T21:09:51","slug":"pilar-varela-presenta-el-proyecto-de-ley-de-accion-concertada","status":"publish","type":"post","link":"https:\/\/candas365.es\/noticias\/pilar-varela-presenta-el-proyecto-de-ley-de-accion-concertada\/","title":{"rendered":"Pilar Varela presenta el proyecto de ley de Acci\u00f3n Concertada"},"content":{"rendered":"<p><img fetchpriority=\"high\" decoding=\"async\" class=\"alignleft size-medium wp-image-114224\" src=\"https:\/\/candas365.es\/noticias\/wp-content\/uploads\/2019\/01\/consejera-ley-accion-concertada-JGPA-360x245.jpg\" alt=\"\" width=\"360\" height=\"245\" srcset=\"https:\/\/candas365.es\/noticias\/wp-content\/uploads\/2019\/01\/consejera-ley-accion-concertada-JGPA-360x245.jpg 360w, https:\/\/candas365.es\/noticias\/wp-content\/uploads\/2019\/01\/consejera-ley-accion-concertada-JGPA-768x523.jpg 768w, https:\/\/candas365.es\/noticias\/wp-content\/uploads\/2019\/01\/consejera-ley-accion-concertada-JGPA-655x446.jpg 655w, https:\/\/candas365.es\/noticias\/wp-content\/uploads\/2019\/01\/consejera-ley-accion-concertada-JGPA-696x474.jpg 696w, https:\/\/candas365.es\/noticias\/wp-content\/uploads\/2019\/01\/consejera-ley-accion-concertada-JGPA-1068x728.jpg 1068w, https:\/\/candas365.es\/noticias\/wp-content\/uploads\/2019\/01\/consejera-ley-accion-concertada-JGPA-617x420.jpg 617w, https:\/\/candas365.es\/noticias\/wp-content\/uploads\/2019\/01\/consejera-ley-accion-concertada-JGPA.jpg 1280w\" sizes=\"(max-width: 360px) 100vw, 360px\" \/>El proyecto de ley de Acci\u00f3n Concertada, cuya tramitaci\u00f3n ha comenzado hoy en la Junta General del Principado, garantizar\u00e1 la continuidad de la colaboraci\u00f3n con las entidades sin \u00e1nimo de lucro en el \u00e1mbito de los servicios sociales. Esta norma, muy demandada por el tercer sector, permitir\u00e1 impulsar un modelo sostenible y cohesionado, basado en la cooperaci\u00f3n con las organizaciones que prestan servicios de forma eficiente en todos los \u00e1mbitos de la atenci\u00f3n social.<\/p>\n<p>La consejera de Servicios y Derechos Sociales, Pilar Varela, que ha encabezado la ronda de comparecencias en el Parlamento asturiano, ha destacado la importancia del texto legal con el que el Ejecutivo cumplir\u00e1 su compromiso de legislatura de dar estabilidad a la colaboraci\u00f3n con las entidades.<\/p>\n<p>La futura norma favorecer\u00e1 el derecho de los usuarios a una asistencia continuada y de calidad, que ha de tener en cuenta el arraigo de las personas en su entorno. Adem\u00e1s, podr\u00e1 ser aplicada a otros \u00e1mbitos de la Administraci\u00f3n auton\u00f3mica y tambi\u00e9n por parte de las entidades locales, que pasar\u00e1n a contar con un marco seguro para la concertaci\u00f3n de servicios.<\/p>\n<p>El texto regula las medidas necesarias para la aplicaci\u00f3n del r\u00e9gimen de acci\u00f3n concertada: \u00e1mbitos susceptibles de acuerdos, prestaciones, caracter\u00edsticas de las entidades colaboradoras, etc\u00e9tera. Define como \u00e1mbitos de aplicaci\u00f3n las prestaciones dirigidas a garantizar la protecci\u00f3n de menores, la atenci\u00f3n a personas con discapacidad o dependientes y sus familias, y aquellas medidas que favorecen la inclusi\u00f3n social, entre otras que pueda determinar el Consejo de Gobierno en el \u00e1mbito de sus competencias.<\/p>\n<p>La finalidad de la acci\u00f3n concertada ser\u00e1 la reserva y la ocupaci\u00f3n de plazas para uso exclusivo por parte de usuarios de servicios sociales de responsabilidad p\u00fablica, adem\u00e1s de la gesti\u00f3n integral de prestaciones, servicios, programas, recursos o centros.<\/p>\n<p><strong>Implantaci\u00f3n local<\/strong><\/p>\n<p>Para la selecci\u00f3n de las entidades, se tendr\u00e1 en cuenta su implantaci\u00f3n en la localidad donde se vaya a prestar el servicio, la valoraci\u00f3n de las personas atendidas, la calidad y la continuidad en la asistencia, la experiencia acreditada en la gesti\u00f3n y sus certificaciones de calidad. Adem\u00e1s, se valorar\u00e1n las buenas pr\u00e1cticas sociales y de gesti\u00f3n, as\u00ed como la formaci\u00f3n espec\u00edfica del personal.<\/p>\n<p>Las formas actuales de prestaci\u00f3n de servicios sociales, dise\u00f1adas al amparo del marco jur\u00eddico europeo, estatal y auton\u00f3mico, se basan en una combinaci\u00f3n equilibrada entre la gesti\u00f3n directa, indirecta y la acci\u00f3n concertada, con el fin de ofrecer la m\u00e1s eficiente respuesta a las necesidades de personas en situaci\u00f3n de vulnerabilidad.<\/p>\n<p>Actualmente, a trav\u00e9s de acuerdos marco, el Gobierno de Asturias tiene contratados servicios con 20 entidades del \u00e1mbito de la discapacidad, a los que destina anualmente 19,2 millones, y con 14 organizaciones del \u00e1mbito de la infancia, con una inversi\u00f3n de 9,8 millones al a\u00f1o.<\/p>\n<p>El texto legal que llega ahora a la Junta General es similar a los promulgadas en Arag\u00f3n, Navarra o Valencia, y se ampara en la directiva europea 2014\/24 y en su transposici\u00f3n al ordenamiento espa\u00f1ol a trav\u00e9s de la Ley 9\/2017, de 8 de noviembre, de Contratos del Sector P\u00fablico. Estas normas prev\u00e9n la posibilidad de que las autonom\u00edas concierten mediante instrumentos no contractuales servicios p\u00fablicos que satisfacen necesidades de car\u00e1cter social. Tambi\u00e9n est\u00e1 en consonancia con la jurisprudencia del Tribunal Superior de Justicia de la Uni\u00f3n Europea, que ratific\u00f3 la acci\u00f3n concertada como instrumento de colaboraci\u00f3n entre las administraciones p\u00fablicas y las entidades sin \u00e1nimo de lucro, basado en los principios de solidaridad y eficiencia presupuestaria.<\/p>\n<p>La nueva ley incluye el marco jur\u00eddico necesario para desarrollar la historia social \u00fanica electr\u00f3nica en Asturias (HSUE), un sistema integrado de informaci\u00f3n similar a la historia cl\u00ednica, pero centrada en el \u00e1mbito de los servicios sociales, que permitir\u00e1 tener acceso centralizado, en formato electr\u00f3nico, a todos los documentos que contienen datos, valoraciones e informaciones sobre la situaci\u00f3n y la evoluci\u00f3n de la atenci\u00f3n a los usuarios del sistema.<\/p>\n","protected":false},"excerpt":{"rendered":"<p>El proyecto de ley de Acci\u00f3n Concertada, cuya tramitaci\u00f3n ha comenzado hoy en la Junta General del Principado, garantizar\u00e1 la continuidad de la colaboraci\u00f3n con las entidades sin \u00e1nimo de lucro en el \u00e1mbito de los servicios sociales. Esta norma, muy demandada por el tercer sector, permitir\u00e1 impulsar un modelo sostenible y cohesionado, basado en<\/p>\n","protected":false},"author":1,"featured_media":114224,"comment_status":"closed","ping_status":"closed","sticky":false,"template":"","format":"standard","meta":{"footnotes":""},"categories":[7],"tags":[],"class_list":{"0":"post-114223","1":"post","2":"type-post","3":"status-publish","4":"format-standard","5":"has-post-thumbnail","7":"category-asturias"},"aioseo_notices":[],"aioseo_head":"\n\t\t<!-- All in One SEO Pro 4.9.6.2 - aioseo.com -->\n\t<meta name=\"description\" content=\"El proyecto de ley de Acci\u00f3n Concertada, cuya tramitaci\u00f3n ha comenzado hoy en la Junta General del Principado, garantizar\u00e1 la continuidad de la colaboraci\u00f3n con las entidades sin \u00e1nimo de lucro en el \u00e1mbito de los servicios sociales. Esta norma, muy demandada por el tercer sector, permitir\u00e1 impulsar un modelo sostenible y cohesionado, basado en\" \/>\n\t<meta name=\"robots\" content=\"max-image-preview:large\" \/>\n\t<meta name=\"author\" content=\"Cand\u00e1s 365\"\/>\n\t<meta name=\"google-site-verification\" content=\"UA-32230408-1\" \/>\n\t<meta name=\"msvalidate.01\" content=\"354F3CDFB2DA171B47FBE9ABF1F88D5\" \/>\n\t<meta name=\"keywords\" content=\"asturias\" \/>\n\t<link rel=\"canonical\" href=\"https:\/\/candas365.es\/noticias\/pilar-varela-presenta-el-proyecto-de-ley-de-accion-concertada\/\" \/>\n\t<meta name=\"generator\" content=\"All in One SEO Pro (AIOSEO) 4.9.6.2\" \/>\n\t\t<meta property=\"og:locale\" content=\"es_ES\" \/>\n\t\t<meta property=\"og:site_name\" content=\"Cand\u00e1s 365\" \/>\n\t\t<meta property=\"og:type\" content=\"article\" \/>\n\t\t<meta property=\"og:title\" content=\"Pilar Varela presenta el proyecto de ley de Acci\u00f3n Concertada | Cand\u00e1s 365\" \/>\n\t\t<meta property=\"og:description\" content=\"El proyecto de ley de Acci\u00f3n Concertada, cuya tramitaci\u00f3n ha comenzado hoy en la Junta General del Principado, garantizar\u00e1 la continuidad de la colaboraci\u00f3n con las entidades sin \u00e1nimo de lucro en el \u00e1mbito de los servicios sociales. Esta norma, muy demandada por el tercer sector, permitir\u00e1 impulsar un modelo sostenible y cohesionado, basado en\" \/>\n\t\t<meta property=\"og:url\" content=\"https:\/\/candas365.es\/noticias\/pilar-varela-presenta-el-proyecto-de-ley-de-accion-concertada\/\" \/>\n\t\t<meta property=\"og:image\" content=\"https:\/\/candas365.es\/noticias\/wp-content\/uploads\/2019\/01\/consejera-ley-accion-concertada-JGPA.jpg\" \/>\n\t\t<meta property=\"og:image:secure_url\" content=\"https:\/\/candas365.es\/noticias\/wp-content\/uploads\/2019\/01\/consejera-ley-accion-concertada-JGPA.jpg\" \/>\n\t\t<meta property=\"og:image:width\" content=\"1280\" \/>\n\t\t<meta property=\"og:image:height\" content=\"872\" \/>\n\t\t<meta property=\"article:published_time\" content=\"2019-01-14T21:09:51+00:00\" \/>\n\t\t<meta property=\"article:modified_time\" content=\"2019-01-14T21:09:51+00:00\" \/>\n\t\t<meta property=\"article:publisher\" content=\"https:\/\/www.facebook.com\/Nachofdezber\" \/>\n\t\t<meta property=\"article:author\" content=\"https:\/\/www.facebook.com\/carrenoactualidad\" \/>\n\t\t<meta name=\"twitter:card\" content=\"summary_large_image\" \/>\n\t\t<meta name=\"twitter:site\" content=\"@NabercoDigital\" \/>\n\t\t<meta name=\"twitter:title\" content=\"Pilar Varela presenta el proyecto de ley de Acci\u00f3n Concertada | Cand\u00e1s 365\" \/>\n\t\t<meta name=\"twitter:description\" content=\"El proyecto de ley de Acci\u00f3n Concertada, cuya tramitaci\u00f3n ha comenzado hoy en la Junta General del Principado, garantizar\u00e1 la continuidad de la colaboraci\u00f3n con las entidades sin \u00e1nimo de lucro en el \u00e1mbito de los servicios sociales. Esta norma, muy demandada por el tercer sector, permitir\u00e1 impulsar un modelo sostenible y cohesionado, basado en\" \/>\n\t\t<meta name=\"twitter:creator\" content=\"@nbasturias\" \/>\n\t\t<meta name=\"twitter:image\" content=\"https:\/\/candas365.es\/noticias\/wp-content\/uploads\/2019\/01\/consejera-ley-accion-concertada-JGPA.jpg\" \/>\n\t\t<meta name=\"twitter:label1\" content=\"Escrito por\" \/>\n\t\t<meta name=\"twitter:data1\" content=\"Cand\u00e1s 365\" \/>\n\t\t<meta name=\"twitter:label2\" content=\"Tiempo de lectura estimado\" \/>\n\t\t<meta name=\"twitter:data2\" content=\"4 minutos\" \/>\n\t\t<script type=\"application\/ld+json\" class=\"aioseo-schema\">\n\t\t\t{\"@context\":\"https:\\\/\\\/schema.org\",\"@graph\":[{\"@type\":\"BreadcrumbList\",\"@id\":\"https:\\\/\\\/candas365.es\\\/noticias\\\/pilar-varela-presenta-el-proyecto-de-ley-de-accion-concertada\\\/#breadcrumblist\",\"itemListElement\":[{\"@type\":\"ListItem\",\"@id\":\"https:\\\/\\\/candas365.es\\\/noticias#listItem\",\"position\":1,\"name\":\"Home\",\"item\":\"https:\\\/\\\/candas365.es\\\/noticias\",\"nextItem\":{\"@type\":\"ListItem\",\"@id\":\"https:\\\/\\\/candas365.es\\\/noticias\\\/category\\\/asturias\\\/#listItem\",\"name\":\"Asturias\"}},{\"@type\":\"ListItem\",\"@id\":\"https:\\\/\\\/candas365.es\\\/noticias\\\/category\\\/asturias\\\/#listItem\",\"position\":2,\"name\":\"Asturias\",\"item\":\"https:\\\/\\\/candas365.es\\\/noticias\\\/category\\\/asturias\\\/\",\"nextItem\":{\"@type\":\"ListItem\",\"@id\":\"https:\\\/\\\/candas365.es\\\/noticias\\\/pilar-varela-presenta-el-proyecto-de-ley-de-accion-concertada\\\/#listItem\",\"name\":\"Pilar Varela presenta el proyecto de ley de Acci\\u00f3n Concertada\"},\"previousItem\":{\"@type\":\"ListItem\",\"@id\":\"https:\\\/\\\/candas365.es\\\/noticias#listItem\",\"name\":\"Home\"}},{\"@type\":\"ListItem\",\"@id\":\"https:\\\/\\\/candas365.es\\\/noticias\\\/pilar-varela-presenta-el-proyecto-de-ley-de-accion-concertada\\\/#listItem\",\"position\":3,\"name\":\"Pilar Varela presenta el proyecto de ley de Acci\\u00f3n Concertada\",\"previousItem\":{\"@type\":\"ListItem\",\"@id\":\"https:\\\/\\\/candas365.es\\\/noticias\\\/category\\\/asturias\\\/#listItem\",\"name\":\"Asturias\"}}]},{\"@type\":\"NewsArticle\",\"@id\":\"https:\\\/\\\/candas365.es\\\/noticias\\\/pilar-varela-presenta-el-proyecto-de-ley-de-accion-concertada\\\/#newsarticle\",\"name\":\"Pilar Varela presenta el proyecto de ley de Acci\\u00f3n Concertada | Cand\\u00e1s 365\",\"headline\":\"Pilar Varela presenta el proyecto de ley de Acci\\u00f3n Concertada\",\"author\":{\"@id\":\"https:\\\/\\\/candas365.es\\\/noticias\\\/author\\\/admin\\\/#author\"},\"publisher\":{\"@id\":\"https:\\\/\\\/candas365.es\\\/noticias\\\/#organization\"},\"image\":{\"@type\":\"ImageObject\",\"url\":\"https:\\\/\\\/candas365.es\\\/noticias\\\/wp-content\\\/uploads\\\/2019\\\/01\\\/consejera-ley-accion-concertada-JGPA.jpg\",\"width\":1280,\"height\":872},\"datePublished\":\"2019-01-14T21:09:51+01:00\",\"dateModified\":\"2019-01-14T21:09:51+01:00\",\"inLanguage\":\"es-ES\",\"mainEntityOfPage\":{\"@id\":\"https:\\\/\\\/candas365.es\\\/noticias\\\/pilar-varela-presenta-el-proyecto-de-ley-de-accion-concertada\\\/#webpage\"},\"isPartOf\":{\"@id\":\"https:\\\/\\\/candas365.es\\\/noticias\\\/pilar-varela-presenta-el-proyecto-de-ley-de-accion-concertada\\\/#webpage\"},\"articleSection\":\"Asturias\",\"dateline\":\"Publicado el enero 14, 2019.\"},{\"@type\":\"Organization\",\"@id\":\"https:\\\/\\\/candas365.es\\\/noticias\\\/#organization\",\"name\":\"Cand\\u00e1s 365\",\"description\":\"Cand\\u00e1s 365 es un diario digital independiente, fundado en 2012, con base en Asturias. Informamos con rigor sobre actualidad, sociedad, cultura y ocio, con una mirada local y global.\",\"url\":\"https:\\\/\\\/candas365.es\\\/noticias\\\/\",\"email\":\"info@candas365.es\",\"telephone\":\"+34652131393\",\"foundingDate\":\"2012-06-10\",\"logo\":{\"@type\":\"ImageObject\",\"url\":\"https:\\\/\\\/candas365.es\\\/noticias\\\/wp-content\\\/uploads\\\/2024\\\/09\\\/Candas-365-Redes.jpg\",\"@id\":\"https:\\\/\\\/candas365.es\\\/noticias\\\/pilar-varela-presenta-el-proyecto-de-ley-de-accion-concertada\\\/#organizationLogo\",\"width\":1152,\"height\":864,\"caption\":\"Cand\\u00e1s 365 Redes\"},\"image\":{\"@id\":\"https:\\\/\\\/candas365.es\\\/noticias\\\/pilar-varela-presenta-el-proyecto-de-ley-de-accion-concertada\\\/#organizationLogo\"},\"sameAs\":[\"https:\\\/\\\/www.facebook.com\\\/Nachofdezber\",\"https:\\\/\\\/x.com\\\/NabercoDigital\",\"https:\\\/\\\/www.instagram.com\\\/nachofdezber\\\/\",\"https:\\\/\\\/www.youtube.com\\\/channel\\\/UCZP-2wLEB9Rv6erhFmqVnvg\"],\"address\":{\"@id\":\"https:\\\/\\\/candas365.es\\\/noticias\\\/#postaladdress\",\"@type\":\"PostalAddress\",\"streetAddress\":\"san antonio 4, san antonio 4\",\"postalCode\":\"33430\",\"addressLocality\":\"Cand\\u00e1s\",\"addressRegion\":\"Asturias\",\"addressCountry\":\"ES\"}},{\"@type\":\"Person\",\"@id\":\"https:\\\/\\\/candas365.es\\\/noticias\\\/author\\\/admin\\\/#author\",\"url\":\"https:\\\/\\\/candas365.es\\\/noticias\\\/author\\\/admin\\\/\",\"name\":\"Cand\\u00e1s 365\",\"image\":{\"@type\":\"ImageObject\",\"@id\":\"https:\\\/\\\/candas365.es\\\/noticias\\\/pilar-varela-presenta-el-proyecto-de-ley-de-accion-concertada\\\/#authorImage\",\"url\":\"https:\\\/\\\/secure.gravatar.com\\\/avatar\\\/496a8e03d0c493ede1718b7934145dbdf8d89be1036b0eec9544e1094c9de390?s=96&d=mm&r=g\",\"width\":96,\"height\":96,\"caption\":\"Cand\\u00e1s 365\"},\"sameAs\":[\"https:\\\/\\\/www.facebook.com\\\/carrenoactualidad\",\"https:\\\/\\\/twitter.com\\\/nbasturias\",\"https:\\\/\\\/www.instagram.com\\\/nachofdezber\\\/\",\"https:\\\/\\\/www.youtube.com\\\/channel\\\/UCZP-2wLEB9Rv6erhFmqVnvg\"]},{\"@type\":\"WebPage\",\"@id\":\"https:\\\/\\\/candas365.es\\\/noticias\\\/pilar-varela-presenta-el-proyecto-de-ley-de-accion-concertada\\\/#webpage\",\"url\":\"https:\\\/\\\/candas365.es\\\/noticias\\\/pilar-varela-presenta-el-proyecto-de-ley-de-accion-concertada\\\/\",\"name\":\"Pilar Varela presenta el proyecto de ley de Acci\\u00f3n Concertada | Cand\\u00e1s 365\",\"description\":\"El proyecto de ley de Acci\\u00f3n Concertada, cuya tramitaci\\u00f3n ha comenzado hoy en la Junta General del Principado, garantizar\\u00e1 la continuidad de la colaboraci\\u00f3n con las entidades sin \\u00e1nimo de lucro en el \\u00e1mbito de los servicios sociales. Esta norma, muy demandada por el tercer sector, permitir\\u00e1 impulsar un modelo sostenible y cohesionado, basado en\",\"inLanguage\":\"es-ES\",\"isPartOf\":{\"@id\":\"https:\\\/\\\/candas365.es\\\/noticias\\\/#website\"},\"breadcrumb\":{\"@id\":\"https:\\\/\\\/candas365.es\\\/noticias\\\/pilar-varela-presenta-el-proyecto-de-ley-de-accion-concertada\\\/#breadcrumblist\"},\"author\":{\"@id\":\"https:\\\/\\\/candas365.es\\\/noticias\\\/author\\\/admin\\\/#author\"},\"creator\":{\"@id\":\"https:\\\/\\\/candas365.es\\\/noticias\\\/author\\\/admin\\\/#author\"},\"image\":{\"@type\":\"ImageObject\",\"url\":\"https:\\\/\\\/candas365.es\\\/noticias\\\/wp-content\\\/uploads\\\/2019\\\/01\\\/consejera-ley-accion-concertada-JGPA.jpg\",\"@id\":\"https:\\\/\\\/candas365.es\\\/noticias\\\/pilar-varela-presenta-el-proyecto-de-ley-de-accion-concertada\\\/#mainImage\",\"width\":1280,\"height\":872},\"primaryImageOfPage\":{\"@id\":\"https:\\\/\\\/candas365.es\\\/noticias\\\/pilar-varela-presenta-el-proyecto-de-ley-de-accion-concertada\\\/#mainImage\"},\"datePublished\":\"2019-01-14T21:09:51+01:00\",\"dateModified\":\"2019-01-14T21:09:51+01:00\"},{\"@type\":\"WebSite\",\"@id\":\"https:\\\/\\\/candas365.es\\\/noticias\\\/#website\",\"url\":\"https:\\\/\\\/candas365.es\\\/noticias\\\/\",\"name\":\"Cand\\u00e1s 365\",\"alternateName\":\"Cand\\u00e1s 365 Noticias\",\"description\":\"Actualidad desde Carre\\u00f1o para el mundo\",\"inLanguage\":\"es-ES\",\"publisher\":{\"@id\":\"https:\\\/\\\/candas365.es\\\/noticias\\\/#organization\"}}]}\n\t\t<\/script>\n\t\t<!-- All in One SEO Pro -->\r\n\t\t<title>Pilar Varela presenta el proyecto de ley de Acci\u00f3n Concertada | Cand\u00e1s 365<\/title>\n\n","aioseo_head_json":{"title":"Pilar Varela presenta el proyecto de ley de Acci\u00f3n Concertada | Cand\u00e1s 365","description":"El proyecto de ley de Acci\u00f3n Concertada, cuya tramitaci\u00f3n ha comenzado hoy en la Junta General del Principado, garantizar\u00e1 la continuidad de la colaboraci\u00f3n con las entidades sin \u00e1nimo de lucro en el \u00e1mbito de los servicios sociales. Esta norma, muy demandada por el tercer sector, permitir\u00e1 impulsar un modelo sostenible y cohesionado, basado en","canonical_url":"https:\/\/candas365.es\/noticias\/pilar-varela-presenta-el-proyecto-de-ley-de-accion-concertada\/","robots":"max-image-preview:large","keywords":"asturias","webmasterTools":{"google-site-verification":"UA-32230408-1","msvalidate.01":"354F3CDFB2DA171B47FBE9ABF1F88D5","miscellaneous":""},"schema":{"@context":"https:\/\/schema.org","@graph":[{"@type":"BreadcrumbList","@id":"https:\/\/candas365.es\/noticias\/pilar-varela-presenta-el-proyecto-de-ley-de-accion-concertada\/#breadcrumblist","itemListElement":[{"@type":"ListItem","@id":"https:\/\/candas365.es\/noticias#listItem","position":1,"name":"Home","item":"https:\/\/candas365.es\/noticias","nextItem":{"@type":"ListItem","@id":"https:\/\/candas365.es\/noticias\/category\/asturias\/#listItem","name":"Asturias"}},{"@type":"ListItem","@id":"https:\/\/candas365.es\/noticias\/category\/asturias\/#listItem","position":2,"name":"Asturias","item":"https:\/\/candas365.es\/noticias\/category\/asturias\/","nextItem":{"@type":"ListItem","@id":"https:\/\/candas365.es\/noticias\/pilar-varela-presenta-el-proyecto-de-ley-de-accion-concertada\/#listItem","name":"Pilar Varela presenta el proyecto de ley de Acci\u00f3n Concertada"},"previousItem":{"@type":"ListItem","@id":"https:\/\/candas365.es\/noticias#listItem","name":"Home"}},{"@type":"ListItem","@id":"https:\/\/candas365.es\/noticias\/pilar-varela-presenta-el-proyecto-de-ley-de-accion-concertada\/#listItem","position":3,"name":"Pilar Varela presenta el proyecto de ley de Acci\u00f3n Concertada","previousItem":{"@type":"ListItem","@id":"https:\/\/candas365.es\/noticias\/category\/asturias\/#listItem","name":"Asturias"}}]},{"@type":"NewsArticle","@id":"https:\/\/candas365.es\/noticias\/pilar-varela-presenta-el-proyecto-de-ley-de-accion-concertada\/#newsarticle","name":"Pilar Varela presenta el proyecto de ley de Acci\u00f3n Concertada | Cand\u00e1s 365","headline":"Pilar Varela presenta el proyecto de ley de Acci\u00f3n Concertada","author":{"@id":"https:\/\/candas365.es\/noticias\/author\/admin\/#author"},"publisher":{"@id":"https:\/\/candas365.es\/noticias\/#organization"},"image":{"@type":"ImageObject","url":"https:\/\/candas365.es\/noticias\/wp-content\/uploads\/2019\/01\/consejera-ley-accion-concertada-JGPA.jpg","width":1280,"height":872},"datePublished":"2019-01-14T21:09:51+01:00","dateModified":"2019-01-14T21:09:51+01:00","inLanguage":"es-ES","mainEntityOfPage":{"@id":"https:\/\/candas365.es\/noticias\/pilar-varela-presenta-el-proyecto-de-ley-de-accion-concertada\/#webpage"},"isPartOf":{"@id":"https:\/\/candas365.es\/noticias\/pilar-varela-presenta-el-proyecto-de-ley-de-accion-concertada\/#webpage"},"articleSection":"Asturias","dateline":"Publicado el enero 14, 2019."},{"@type":"Organization","@id":"https:\/\/candas365.es\/noticias\/#organization","name":"Cand\u00e1s 365","description":"Cand\u00e1s 365 es un diario digital independiente, fundado en 2012, con base en Asturias. Informamos con rigor sobre actualidad, sociedad, cultura y ocio, con una mirada local y global.","url":"https:\/\/candas365.es\/noticias\/","email":"info@candas365.es","telephone":"+34652131393","foundingDate":"2012-06-10","logo":{"@type":"ImageObject","url":"https:\/\/candas365.es\/noticias\/wp-content\/uploads\/2024\/09\/Candas-365-Redes.jpg","@id":"https:\/\/candas365.es\/noticias\/pilar-varela-presenta-el-proyecto-de-ley-de-accion-concertada\/#organizationLogo","width":1152,"height":864,"caption":"Cand\u00e1s 365 Redes"},"image":{"@id":"https:\/\/candas365.es\/noticias\/pilar-varela-presenta-el-proyecto-de-ley-de-accion-concertada\/#organizationLogo"},"sameAs":["https:\/\/www.facebook.com\/Nachofdezber","https:\/\/x.com\/NabercoDigital","https:\/\/www.instagram.com\/nachofdezber\/","https:\/\/www.youtube.com\/channel\/UCZP-2wLEB9Rv6erhFmqVnvg"],"address":{"@id":"https:\/\/candas365.es\/noticias\/#postaladdress","@type":"PostalAddress","streetAddress":"san antonio 4, san antonio 4","postalCode":"33430","addressLocality":"Cand\u00e1s","addressRegion":"Asturias","addressCountry":"ES"}},{"@type":"Person","@id":"https:\/\/candas365.es\/noticias\/author\/admin\/#author","url":"https:\/\/candas365.es\/noticias\/author\/admin\/","name":"Cand\u00e1s 365","image":{"@type":"ImageObject","@id":"https:\/\/candas365.es\/noticias\/pilar-varela-presenta-el-proyecto-de-ley-de-accion-concertada\/#authorImage","url":"https:\/\/secure.gravatar.com\/avatar\/496a8e03d0c493ede1718b7934145dbdf8d89be1036b0eec9544e1094c9de390?s=96&d=mm&r=g","width":96,"height":96,"caption":"Cand\u00e1s 365"},"sameAs":["https:\/\/www.facebook.com\/carrenoactualidad","https:\/\/twitter.com\/nbasturias","https:\/\/www.instagram.com\/nachofdezber\/","https:\/\/www.youtube.com\/channel\/UCZP-2wLEB9Rv6erhFmqVnvg"]},{"@type":"WebPage","@id":"https:\/\/candas365.es\/noticias\/pilar-varela-presenta-el-proyecto-de-ley-de-accion-concertada\/#webpage","url":"https:\/\/candas365.es\/noticias\/pilar-varela-presenta-el-proyecto-de-ley-de-accion-concertada\/","name":"Pilar Varela presenta el proyecto de ley de Acci\u00f3n Concertada | Cand\u00e1s 365","description":"El proyecto de ley de Acci\u00f3n Concertada, cuya tramitaci\u00f3n ha comenzado hoy en la Junta General del Principado, garantizar\u00e1 la continuidad de la colaboraci\u00f3n con las entidades sin \u00e1nimo de lucro en el \u00e1mbito de los servicios sociales. Esta norma, muy demandada por el tercer sector, permitir\u00e1 impulsar un modelo sostenible y cohesionado, basado en","inLanguage":"es-ES","isPartOf":{"@id":"https:\/\/candas365.es\/noticias\/#website"},"breadcrumb":{"@id":"https:\/\/candas365.es\/noticias\/pilar-varela-presenta-el-proyecto-de-ley-de-accion-concertada\/#breadcrumblist"},"author":{"@id":"https:\/\/candas365.es\/noticias\/author\/admin\/#author"},"creator":{"@id":"https:\/\/candas365.es\/noticias\/author\/admin\/#author"},"image":{"@type":"ImageObject","url":"https:\/\/candas365.es\/noticias\/wp-content\/uploads\/2019\/01\/consejera-ley-accion-concertada-JGPA.jpg","@id":"https:\/\/candas365.es\/noticias\/pilar-varela-presenta-el-proyecto-de-ley-de-accion-concertada\/#mainImage","width":1280,"height":872},"primaryImageOfPage":{"@id":"https:\/\/candas365.es\/noticias\/pilar-varela-presenta-el-proyecto-de-ley-de-accion-concertada\/#mainImage"},"datePublished":"2019-01-14T21:09:51+01:00","dateModified":"2019-01-14T21:09:51+01:00"},{"@type":"WebSite","@id":"https:\/\/candas365.es\/noticias\/#website","url":"https:\/\/candas365.es\/noticias\/","name":"Cand\u00e1s 365","alternateName":"Cand\u00e1s 365 Noticias","description":"Actualidad desde Carre\u00f1o para el mundo","inLanguage":"es-ES","publisher":{"@id":"https:\/\/candas365.es\/noticias\/#organization"}}]},"og:locale":"es_ES","og:site_name":"Cand\u00e1s 365","og:type":"article","og:title":"Pilar Varela presenta el proyecto de ley de Acci\u00f3n Concertada | Cand\u00e1s 365","og:description":"El proyecto de ley de Acci\u00f3n Concertada, cuya tramitaci\u00f3n ha comenzado hoy en la Junta General del Principado, garantizar\u00e1 la continuidad de la colaboraci\u00f3n con las entidades sin \u00e1nimo de lucro en el \u00e1mbito de los servicios sociales. Esta norma, muy demandada por el tercer sector, permitir\u00e1 impulsar un modelo sostenible y cohesionado, basado en","og:url":"https:\/\/candas365.es\/noticias\/pilar-varela-presenta-el-proyecto-de-ley-de-accion-concertada\/","og:image":"https:\/\/candas365.es\/noticias\/wp-content\/uploads\/2019\/01\/consejera-ley-accion-concertada-JGPA.jpg","og:image:secure_url":"https:\/\/candas365.es\/noticias\/wp-content\/uploads\/2019\/01\/consejera-ley-accion-concertada-JGPA.jpg","og:image:width":1280,"og:image:height":872,"article:published_time":"2019-01-14T21:09:51+00:00","article:modified_time":"2019-01-14T21:09:51+00:00","article:publisher":"https:\/\/www.facebook.com\/Nachofdezber","article:author":"https:\/\/www.facebook.com\/carrenoactualidad","twitter:card":"summary_large_image","twitter:site":"@NabercoDigital","twitter:title":"Pilar Varela presenta el proyecto de ley de Acci\u00f3n Concertada | Cand\u00e1s 365","twitter:description":"El proyecto de ley de Acci\u00f3n Concertada, cuya tramitaci\u00f3n ha comenzado hoy en la Junta General del Principado, garantizar\u00e1 la continuidad de la colaboraci\u00f3n con las entidades sin \u00e1nimo de lucro en el \u00e1mbito de los servicios sociales. Esta norma, muy demandada por el tercer sector, permitir\u00e1 impulsar un modelo sostenible y cohesionado, basado en","twitter:creator":"@nbasturias","twitter:image":"https:\/\/candas365.es\/noticias\/wp-content\/uploads\/2019\/01\/consejera-ley-accion-concertada-JGPA.jpg","twitter:label1":"Escrito por","twitter:data1":"Cand\u00e1s 365","twitter:label2":"Tiempo de lectura estimado","twitter:data2":"4 minutos"},"aioseo_meta_data":{"post_id":"114223","title":null,"description":null,"keywords":null,"keyphrases":null,"primary_term":null,"canonical_url":null,"og_title":null,"og_description":null,"og_object_type":"default","og_image_type":"default","og_image_url":null,"og_image_width":null,"og_image_height":null,"og_image_custom_url":null,"og_image_custom_fields":null,"og_video":null,"og_custom_url":null,"og_article_section":null,"og_article_tags":null,"twitter_use_og":false,"twitter_card":"default","twitter_image_type":"default","twitter_image_url":null,"twitter_image_custom_url":null,"twitter_image_custom_fields":null,"twitter_title":null,"twitter_description":null,"schema":{"blockGraphs":[],"customGraphs":[],"default":{"data":{"Article":[],"Course":[],"Dataset":[],"FAQPage":[],"Movie":[],"Person":[],"Product":[],"ProductReview":[],"Car":[],"Recipe":[],"Service":[],"SoftwareApplication":[],"WebPage":[]},"graphName":"","isEnabled":true},"graphs":[],"defaultGraph":"","defaultPostTypeGraph":""},"schema_type":null,"schema_type_options":null,"pillar_content":false,"robots_default":true,"robots_noindex":false,"robots_noarchive":false,"robots_nosnippet":false,"robots_nofollow":false,"robots_noimageindex":false,"robots_noodp":false,"robots_notranslate":false,"robots_max_snippet":null,"robots_max_videopreview":null,"robots_max_imagepreview":"large","priority":null,"frequency":null,"location":null,"local_seo":null,"seo_analyzer_scan_date":"2025-08-29 00:47:09","breadcrumb_settings":null,"limit_modified_date":false,"reviewed_by":null,"open_ai":null,"ai":null,"created":"2020-12-21 11:24:55","updated":"2025-08-29 00:47:09"},"aioseo_breadcrumb":"<div class=\"aioseo-breadcrumbs\"><span class=\"aioseo-breadcrumb\">\n\t<a href=\"https:\/\/candas365.es\/noticias\" title=\"Home\">Home<\/a>\n<\/span><span class=\"aioseo-breadcrumb-separator\">&ndash;<\/span><span class=\"aioseo-breadcrumb\">\n\t<a href=\"https:\/\/candas365.es\/noticias\/category\/asturias\/\" title=\"Asturias\">Asturias<\/a>\n<\/span><span class=\"aioseo-breadcrumb-separator\">&ndash;<\/span><span class=\"aioseo-breadcrumb\">\n\tPilar Varela presenta el proyecto de ley de Acci\u00f3n Concertada\n<\/span><\/div>","aioseo_breadcrumb_json":[{"label":"Home","link":"https:\/\/candas365.es\/noticias"},{"label":"Asturias","link":"https:\/\/candas365.es\/noticias\/category\/asturias\/"},{"label":"Pilar Varela presenta el proyecto de ley de Acci\u00f3n Concertada","link":"https:\/\/candas365.es\/noticias\/pilar-varela-presenta-el-proyecto-de-ley-de-accion-concertada\/"}],"_links":{"self":[{"href":"https:\/\/candas365.es\/noticias\/wp-json\/wp\/v2\/posts\/114223","targetHints":{"allow":["GET"]}}],"collection":[{"href":"https:\/\/candas365.es\/noticias\/wp-json\/wp\/v2\/posts"}],"about":[{"href":"https:\/\/candas365.es\/noticias\/wp-json\/wp\/v2\/types\/post"}],"author":[{"embeddable":true,"href":"https:\/\/candas365.es\/noticias\/wp-json\/wp\/v2\/users\/1"}],"replies":[{"embeddable":true,"href":"https:\/\/candas365.es\/noticias\/wp-json\/wp\/v2\/comments?post=114223"}],"version-history":[{"count":0,"href":"https:\/\/candas365.es\/noticias\/wp-json\/wp\/v2\/posts\/114223\/revisions"}],"wp:featuredmedia":[{"embeddable":true,"href":"https:\/\/candas365.es\/noticias\/wp-json\/wp\/v2\/media\/114224"}],"wp:attachment":[{"href":"https:\/\/candas365.es\/noticias\/wp-json\/wp\/v2\/media?parent=114223"}],"wp:term":[{"taxonomy":"category","embeddable":true,"href":"https:\/\/candas365.es\/noticias\/wp-json\/wp\/v2\/categories?post=114223"},{"taxonomy":"post_tag","embeddable":true,"href":"https:\/\/candas365.es\/noticias\/wp-json\/wp\/v2\/tags?post=114223"}],"curies":[{"name":"wp","href":"https:\/\/api.w.org\/{rel}","templated":true}]}}