{"id":114220,"date":"2019-01-14T20:54:45","date_gmt":"2019-01-14T20:54:45","guid":{"rendered":"http:\/\/candas365.es\/noticias\/?p=114220"},"modified":"2019-01-14T20:54:45","modified_gmt":"2019-01-14T20:54:45","slug":"el-principado-apuesta-por-la-cultura-sidrera-asturiana","status":"publish","type":"post","link":"https:\/\/candas365.es\/noticias\/el-principado-apuesta-por-la-cultura-sidrera-asturiana\/","title":{"rendered":"El Principado apuesta por la cultura sidrera asturiana"},"content":{"rendered":"<p><img fetchpriority=\"high\" decoding=\"async\" class=\"alignleft size-medium wp-image-114221\" src=\"https:\/\/candas365.es\/noticias\/wp-content\/uploads\/2019\/01\/Candidatura-sidra-Unesco-360x270.jpg\" alt=\"\" width=\"360\" height=\"270\" srcset=\"https:\/\/candas365.es\/noticias\/wp-content\/uploads\/2019\/01\/Candidatura-sidra-Unesco-360x270.jpg 360w, https:\/\/candas365.es\/noticias\/wp-content\/uploads\/2019\/01\/Candidatura-sidra-Unesco-768x576.jpg 768w, https:\/\/candas365.es\/noticias\/wp-content\/uploads\/2019\/01\/Candidatura-sidra-Unesco-640x480.jpg 640w, https:\/\/candas365.es\/noticias\/wp-content\/uploads\/2019\/01\/Candidatura-sidra-Unesco-80x60.jpg 80w, https:\/\/candas365.es\/noticias\/wp-content\/uploads\/2019\/01\/Candidatura-sidra-Unesco-265x198.jpg 265w, https:\/\/candas365.es\/noticias\/wp-content\/uploads\/2019\/01\/Candidatura-sidra-Unesco-696x522.jpg 696w, https:\/\/candas365.es\/noticias\/wp-content\/uploads\/2019\/01\/Candidatura-sidra-Unesco-1068x801.jpg 1068w, https:\/\/candas365.es\/noticias\/wp-content\/uploads\/2019\/01\/Candidatura-sidra-Unesco-560x420.jpg 560w, https:\/\/candas365.es\/noticias\/wp-content\/uploads\/2019\/01\/Candidatura-sidra-Unesco.jpg 1280w\" sizes=\"(max-width: 360px) 100vw, 360px\" \/>La Consejer\u00eda de Desarrollo Rural y Recursos Naturales ha emplazado hoy a la sociedad a involucrarse en el apoyo a la candidatura de la cultura sidrera asturiana a patrimonio inmaterial de la humanidad de la Unesco a trav\u00e9s de diversas actividades que se pondr\u00e1n en marcha esta semana.<\/p>\n<p>La titular de este departamento, Mar\u00eda Jes\u00fas \u00c1lvarez, ha presentado en el Museo de la Sidra de Nava el programa que favorecer\u00e1 la participaci\u00f3n ciudadana, tanto en Asturias como en el exterior. \u201cLos miembros de la gran familia asturiana que reside fuera del Principado y que tienen como buque insignia los centros asturianos han sido los primeros en implicarse en esta emocionante iniciativa\u201d, ha valorado la consejera.<\/p>\n<p>A su juicio, el impulso de la candidatura \u201cha de ser un reto, una ilusi\u00f3n y un proyecto de la sociedad en su conjunto, independientemente del lugar donde resida cada uno\u201d. Por este motivo, a partir de ahora, la propuesta \u201ctransitar\u00e1 por dos sendas: la de la Administraci\u00f3n auton\u00f3mica y la de la sociedad asturiana\u201d, seg\u00fan ha explicado \u00c1lvarez.<\/p>\n<p>El Gobierno de Asturias, con el apoyo y la colaboraci\u00f3n de cient\u00edficos y expertos, lleva meses trabajando en la elaboraci\u00f3n de la documentaci\u00f3n que requiere la Unesco para formalizar la candidatura. \u201cNos hemos centrado en construir el relato de una tradici\u00f3n que es se\u00f1a identidad del ser asturiano; ese gesto inconfundible, ese ritual del escanciado como parte intr\u00ednseca de una socializaci\u00f3n que invita a compartir, a celebrar y, en definitiva, a estrechar lazos de amistad\u201d, ha indicado la consejera.<\/p>\n<p>Tambi\u00e9n ha manifestado que la sociedad debe ser la gran protagonista de esta iniciativa, dado que la candidatura \u201cencierra un mensaje colectivo y expresa la voluntad del pueblo, que quiere que se conozcan y reconozcan los v\u00ednculos de amistad universal y de fraternidad que encierra la bebida m\u00e1s emblem\u00e1tica de Asturias\u201d, con el escanciado \u201ccomo se\u00f1a de identidad \u00fanica, diferenciadora e irrepetible\u201d.<\/p>\n<p><strong>Promoci\u00f3n de la iniciativa<\/strong><\/p>\n<p>La participaci\u00f3n de la ciudadan\u00eda se promover\u00e1 a trav\u00e9s de una extensa red de embajadores de la cultura sidrera, cuya labor ser\u00e1 la de apoyar y gestionar la difusi\u00f3n de la propuesta en diferentes \u00e1mbitos. Entre otras funciones, asumir\u00e1n la gesti\u00f3n del libro de firmas de apoyo en distintos puntos del territorio y en la web www.culturasidreraasturiana.com. Tambi\u00e9n se encargar\u00e1n de la coordinaci\u00f3n con asociaciones o entidades para la recogida de r\u00fabricas, de la distribuci\u00f3n de distintivos en establecimientos hosteleros y comercios y de la difusi\u00f3n de materiales informativos y promocionales.<\/p>\n<p>Entre los actos previstos para recabar adhesiones destaca una gran espicha que tendr\u00e1 lugar el pr\u00f3ximo jueves, d\u00eda 17, en el Llagar Trabanco, en Sariego, que contar\u00e1 con la participaci\u00f3n de representantes auton\u00f3micos y municipales. En ese acto se entregar\u00e1n las acreditaciones a los embajadores, as\u00ed como el material que tendr\u00e1n a su disposici\u00f3n.<\/p>\n<p>Adem\u00e1s, el d\u00eda 29 se pondr\u00e1 en marcha la campa\u00f1a de apoyo en todos los concejos asturianos, que se desarrollar\u00e1 hasta el 15 de marzo. La candidatura tambi\u00e9n tendr\u00e1 proyecci\u00f3n en la feria Fitur, que se celebrar\u00e1 en Madrid del 23 al 27 de este mes.<\/p>\n","protected":false},"excerpt":{"rendered":"<p>La Consejer\u00eda de Desarrollo Rural y Recursos Naturales ha emplazado hoy a la sociedad a involucrarse en el apoyo a la candidatura de la cultura sidrera asturiana a patrimonio inmaterial de la humanidad de la Unesco a trav\u00e9s de diversas actividades que se pondr\u00e1n en marcha esta semana. La titular de este departamento, Mar\u00eda Jes\u00fas<\/p>\n","protected":false},"author":1,"featured_media":114221,"comment_status":"closed","ping_status":"closed","sticky":false,"template":"","format":"standard","meta":{"footnotes":""},"categories":[7],"tags":[],"class_list":{"0":"post-114220","1":"post","2":"type-post","3":"status-publish","4":"format-standard","5":"has-post-thumbnail","7":"category-asturias"},"aioseo_notices":[],"aioseo_head":"\n\t\t<!-- All in One SEO Pro 4.9.6.2 - aioseo.com -->\n\t<meta name=\"description\" content=\"La Consejer\u00eda de Desarrollo Rural y Recursos Naturales ha emplazado hoy a la sociedad a involucrarse en el apoyo a la candidatura de la cultura sidrera asturiana a patrimonio inmaterial de la humanidad de la Unesco a trav\u00e9s de diversas actividades que se pondr\u00e1n en marcha esta semana. La titular de este departamento, Mar\u00eda Jes\u00fas\" \/>\n\t<meta name=\"robots\" content=\"max-image-preview:large\" \/>\n\t<meta name=\"author\" content=\"Cand\u00e1s 365\"\/>\n\t<meta name=\"google-site-verification\" content=\"UA-32230408-1\" \/>\n\t<meta name=\"msvalidate.01\" content=\"354F3CDFB2DA171B47FBE9ABF1F88D5\" \/>\n\t<meta name=\"keywords\" content=\"asturias\" \/>\n\t<link rel=\"canonical\" href=\"https:\/\/candas365.es\/noticias\/el-principado-apuesta-por-la-cultura-sidrera-asturiana\/\" \/>\n\t<meta name=\"generator\" content=\"All in One SEO Pro (AIOSEO) 4.9.6.2\" \/>\n\t\t<meta property=\"og:locale\" content=\"es_ES\" \/>\n\t\t<meta property=\"og:site_name\" content=\"Cand\u00e1s 365\" \/>\n\t\t<meta property=\"og:type\" content=\"article\" \/>\n\t\t<meta property=\"og:title\" content=\"El Principado apuesta por la cultura sidrera asturiana | Cand\u00e1s 365\" \/>\n\t\t<meta property=\"og:description\" content=\"La Consejer\u00eda de Desarrollo Rural y Recursos Naturales ha emplazado hoy a la sociedad a involucrarse en el apoyo a la candidatura de la cultura sidrera asturiana a patrimonio inmaterial de la humanidad de la Unesco a trav\u00e9s de diversas actividades que se pondr\u00e1n en marcha esta semana. La titular de este departamento, Mar\u00eda Jes\u00fas\" \/>\n\t\t<meta property=\"og:url\" content=\"https:\/\/candas365.es\/noticias\/el-principado-apuesta-por-la-cultura-sidrera-asturiana\/\" \/>\n\t\t<meta property=\"og:image\" content=\"https:\/\/candas365.es\/noticias\/wp-content\/uploads\/2019\/01\/Candidatura-sidra-Unesco.jpg\" \/>\n\t\t<meta property=\"og:image:secure_url\" content=\"https:\/\/candas365.es\/noticias\/wp-content\/uploads\/2019\/01\/Candidatura-sidra-Unesco.jpg\" \/>\n\t\t<meta property=\"og:image:width\" content=\"1280\" \/>\n\t\t<meta property=\"og:image:height\" content=\"960\" \/>\n\t\t<meta property=\"article:published_time\" content=\"2019-01-14T20:54:45+00:00\" \/>\n\t\t<meta property=\"article:modified_time\" content=\"2019-01-14T20:54:45+00:00\" \/>\n\t\t<meta property=\"article:publisher\" content=\"https:\/\/www.facebook.com\/Nachofdezber\" \/>\n\t\t<meta property=\"article:author\" content=\"https:\/\/www.facebook.com\/carrenoactualidad\" \/>\n\t\t<meta name=\"twitter:card\" content=\"summary_large_image\" \/>\n\t\t<meta name=\"twitter:site\" content=\"@NabercoDigital\" \/>\n\t\t<meta name=\"twitter:title\" content=\"El Principado apuesta por la cultura sidrera asturiana | Cand\u00e1s 365\" \/>\n\t\t<meta name=\"twitter:description\" content=\"La Consejer\u00eda de Desarrollo Rural y Recursos Naturales ha emplazado hoy a la sociedad a involucrarse en el apoyo a la candidatura de la cultura sidrera asturiana a patrimonio inmaterial de la humanidad de la Unesco a trav\u00e9s de diversas actividades que se pondr\u00e1n en marcha esta semana. La titular de este departamento, Mar\u00eda Jes\u00fas\" \/>\n\t\t<meta name=\"twitter:creator\" content=\"@nbasturias\" \/>\n\t\t<meta name=\"twitter:image\" content=\"https:\/\/candas365.es\/noticias\/wp-content\/uploads\/2019\/01\/Candidatura-sidra-Unesco.jpg\" \/>\n\t\t<meta name=\"twitter:label1\" content=\"Escrito por\" \/>\n\t\t<meta name=\"twitter:data1\" content=\"Cand\u00e1s 365\" \/>\n\t\t<meta name=\"twitter:label2\" content=\"Tiempo de lectura estimado\" \/>\n\t\t<meta name=\"twitter:data2\" content=\"3 minutos\" \/>\n\t\t<script type=\"application\/ld+json\" class=\"aioseo-schema\">\n\t\t\t{\"@context\":\"https:\\\/\\\/schema.org\",\"@graph\":[{\"@type\":\"BreadcrumbList\",\"@id\":\"https:\\\/\\\/candas365.es\\\/noticias\\\/el-principado-apuesta-por-la-cultura-sidrera-asturiana\\\/#breadcrumblist\",\"itemListElement\":[{\"@type\":\"ListItem\",\"@id\":\"https:\\\/\\\/candas365.es\\\/noticias#listItem\",\"position\":1,\"name\":\"Home\",\"item\":\"https:\\\/\\\/candas365.es\\\/noticias\",\"nextItem\":{\"@type\":\"ListItem\",\"@id\":\"https:\\\/\\\/candas365.es\\\/noticias\\\/category\\\/asturias\\\/#listItem\",\"name\":\"Asturias\"}},{\"@type\":\"ListItem\",\"@id\":\"https:\\\/\\\/candas365.es\\\/noticias\\\/category\\\/asturias\\\/#listItem\",\"position\":2,\"name\":\"Asturias\",\"item\":\"https:\\\/\\\/candas365.es\\\/noticias\\\/category\\\/asturias\\\/\",\"nextItem\":{\"@type\":\"ListItem\",\"@id\":\"https:\\\/\\\/candas365.es\\\/noticias\\\/el-principado-apuesta-por-la-cultura-sidrera-asturiana\\\/#listItem\",\"name\":\"El Principado apuesta por la cultura sidrera asturiana\"},\"previousItem\":{\"@type\":\"ListItem\",\"@id\":\"https:\\\/\\\/candas365.es\\\/noticias#listItem\",\"name\":\"Home\"}},{\"@type\":\"ListItem\",\"@id\":\"https:\\\/\\\/candas365.es\\\/noticias\\\/el-principado-apuesta-por-la-cultura-sidrera-asturiana\\\/#listItem\",\"position\":3,\"name\":\"El Principado apuesta por la cultura sidrera asturiana\",\"previousItem\":{\"@type\":\"ListItem\",\"@id\":\"https:\\\/\\\/candas365.es\\\/noticias\\\/category\\\/asturias\\\/#listItem\",\"name\":\"Asturias\"}}]},{\"@type\":\"NewsArticle\",\"@id\":\"https:\\\/\\\/candas365.es\\\/noticias\\\/el-principado-apuesta-por-la-cultura-sidrera-asturiana\\\/#newsarticle\",\"name\":\"El Principado apuesta por la cultura sidrera asturiana | Cand\\u00e1s 365\",\"headline\":\"El Principado apuesta por la cultura sidrera asturiana\",\"author\":{\"@id\":\"https:\\\/\\\/candas365.es\\\/noticias\\\/author\\\/admin\\\/#author\"},\"publisher\":{\"@id\":\"https:\\\/\\\/candas365.es\\\/noticias\\\/#organization\"},\"image\":{\"@type\":\"ImageObject\",\"url\":\"https:\\\/\\\/candas365.es\\\/noticias\\\/wp-content\\\/uploads\\\/2019\\\/01\\\/Candidatura-sidra-Unesco.jpg\",\"width\":1280,\"height\":960},\"datePublished\":\"2019-01-14T20:54:45+01:00\",\"dateModified\":\"2019-01-14T20:54:45+01:00\",\"inLanguage\":\"es-ES\",\"mainEntityOfPage\":{\"@id\":\"https:\\\/\\\/candas365.es\\\/noticias\\\/el-principado-apuesta-por-la-cultura-sidrera-asturiana\\\/#webpage\"},\"isPartOf\":{\"@id\":\"https:\\\/\\\/candas365.es\\\/noticias\\\/el-principado-apuesta-por-la-cultura-sidrera-asturiana\\\/#webpage\"},\"articleSection\":\"Asturias\",\"dateline\":\"Publicado el enero 14, 2019.\"},{\"@type\":\"Organization\",\"@id\":\"https:\\\/\\\/candas365.es\\\/noticias\\\/#organization\",\"name\":\"Cand\\u00e1s 365\",\"description\":\"Cand\\u00e1s 365 es un diario digital independiente, fundado en 2012, con base en Asturias. Informamos con rigor sobre actualidad, sociedad, cultura y ocio, con una mirada local y global.\",\"url\":\"https:\\\/\\\/candas365.es\\\/noticias\\\/\",\"email\":\"info@candas365.es\",\"telephone\":\"+34652131393\",\"foundingDate\":\"2012-06-10\",\"logo\":{\"@type\":\"ImageObject\",\"url\":\"https:\\\/\\\/candas365.es\\\/noticias\\\/wp-content\\\/uploads\\\/2024\\\/09\\\/Candas-365-Redes.jpg\",\"@id\":\"https:\\\/\\\/candas365.es\\\/noticias\\\/el-principado-apuesta-por-la-cultura-sidrera-asturiana\\\/#organizationLogo\",\"width\":1152,\"height\":864,\"caption\":\"Cand\\u00e1s 365 Redes\"},\"image\":{\"@id\":\"https:\\\/\\\/candas365.es\\\/noticias\\\/el-principado-apuesta-por-la-cultura-sidrera-asturiana\\\/#organizationLogo\"},\"sameAs\":[\"https:\\\/\\\/www.facebook.com\\\/Nachofdezber\",\"https:\\\/\\\/x.com\\\/NabercoDigital\",\"https:\\\/\\\/www.instagram.com\\\/nachofdezber\\\/\",\"https:\\\/\\\/www.youtube.com\\\/channel\\\/UCZP-2wLEB9Rv6erhFmqVnvg\"],\"address\":{\"@id\":\"https:\\\/\\\/candas365.es\\\/noticias\\\/#postaladdress\",\"@type\":\"PostalAddress\",\"streetAddress\":\"san antonio 4, san antonio 4\",\"postalCode\":\"33430\",\"addressLocality\":\"Cand\\u00e1s\",\"addressRegion\":\"Asturias\",\"addressCountry\":\"ES\"}},{\"@type\":\"Person\",\"@id\":\"https:\\\/\\\/candas365.es\\\/noticias\\\/author\\\/admin\\\/#author\",\"url\":\"https:\\\/\\\/candas365.es\\\/noticias\\\/author\\\/admin\\\/\",\"name\":\"Cand\\u00e1s 365\",\"image\":{\"@type\":\"ImageObject\",\"@id\":\"https:\\\/\\\/candas365.es\\\/noticias\\\/el-principado-apuesta-por-la-cultura-sidrera-asturiana\\\/#authorImage\",\"url\":\"https:\\\/\\\/secure.gravatar.com\\\/avatar\\\/496a8e03d0c493ede1718b7934145dbdf8d89be1036b0eec9544e1094c9de390?s=96&d=mm&r=g\",\"width\":96,\"height\":96,\"caption\":\"Cand\\u00e1s 365\"},\"sameAs\":[\"https:\\\/\\\/www.facebook.com\\\/carrenoactualidad\",\"https:\\\/\\\/twitter.com\\\/nbasturias\",\"https:\\\/\\\/www.instagram.com\\\/nachofdezber\\\/\",\"https:\\\/\\\/www.youtube.com\\\/channel\\\/UCZP-2wLEB9Rv6erhFmqVnvg\"]},{\"@type\":\"WebPage\",\"@id\":\"https:\\\/\\\/candas365.es\\\/noticias\\\/el-principado-apuesta-por-la-cultura-sidrera-asturiana\\\/#webpage\",\"url\":\"https:\\\/\\\/candas365.es\\\/noticias\\\/el-principado-apuesta-por-la-cultura-sidrera-asturiana\\\/\",\"name\":\"El Principado apuesta por la cultura sidrera asturiana | Cand\\u00e1s 365\",\"description\":\"La Consejer\\u00eda de Desarrollo Rural y Recursos Naturales ha emplazado hoy a la sociedad a involucrarse en el apoyo a la candidatura de la cultura sidrera asturiana a patrimonio inmaterial de la humanidad de la Unesco a trav\\u00e9s de diversas actividades que se pondr\\u00e1n en marcha esta semana. La titular de este departamento, Mar\\u00eda Jes\\u00fas\",\"inLanguage\":\"es-ES\",\"isPartOf\":{\"@id\":\"https:\\\/\\\/candas365.es\\\/noticias\\\/#website\"},\"breadcrumb\":{\"@id\":\"https:\\\/\\\/candas365.es\\\/noticias\\\/el-principado-apuesta-por-la-cultura-sidrera-asturiana\\\/#breadcrumblist\"},\"author\":{\"@id\":\"https:\\\/\\\/candas365.es\\\/noticias\\\/author\\\/admin\\\/#author\"},\"creator\":{\"@id\":\"https:\\\/\\\/candas365.es\\\/noticias\\\/author\\\/admin\\\/#author\"},\"image\":{\"@type\":\"ImageObject\",\"url\":\"https:\\\/\\\/candas365.es\\\/noticias\\\/wp-content\\\/uploads\\\/2019\\\/01\\\/Candidatura-sidra-Unesco.jpg\",\"@id\":\"https:\\\/\\\/candas365.es\\\/noticias\\\/el-principado-apuesta-por-la-cultura-sidrera-asturiana\\\/#mainImage\",\"width\":1280,\"height\":960},\"primaryImageOfPage\":{\"@id\":\"https:\\\/\\\/candas365.es\\\/noticias\\\/el-principado-apuesta-por-la-cultura-sidrera-asturiana\\\/#mainImage\"},\"datePublished\":\"2019-01-14T20:54:45+01:00\",\"dateModified\":\"2019-01-14T20:54:45+01:00\"},{\"@type\":\"WebSite\",\"@id\":\"https:\\\/\\\/candas365.es\\\/noticias\\\/#website\",\"url\":\"https:\\\/\\\/candas365.es\\\/noticias\\\/\",\"name\":\"Cand\\u00e1s 365\",\"alternateName\":\"Cand\\u00e1s 365 Noticias\",\"description\":\"Actualidad desde Carre\\u00f1o para el mundo\",\"inLanguage\":\"es-ES\",\"publisher\":{\"@id\":\"https:\\\/\\\/candas365.es\\\/noticias\\\/#organization\"}}]}\n\t\t<\/script>\n\t\t<!-- All in One SEO Pro -->\r\n\t\t<title>El Principado apuesta por la cultura sidrera asturiana | Cand\u00e1s 365<\/title>\n\n","aioseo_head_json":{"title":"El Principado apuesta por la cultura sidrera asturiana | Cand\u00e1s 365","description":"La Consejer\u00eda de Desarrollo Rural y Recursos Naturales ha emplazado hoy a la sociedad a involucrarse en el apoyo a la candidatura de la cultura sidrera asturiana a patrimonio inmaterial de la humanidad de la Unesco a trav\u00e9s de diversas actividades que se pondr\u00e1n en marcha esta semana. La titular de este departamento, Mar\u00eda Jes\u00fas","canonical_url":"https:\/\/candas365.es\/noticias\/el-principado-apuesta-por-la-cultura-sidrera-asturiana\/","robots":"max-image-preview:large","keywords":"asturias","webmasterTools":{"google-site-verification":"UA-32230408-1","msvalidate.01":"354F3CDFB2DA171B47FBE9ABF1F88D5","miscellaneous":""},"schema":{"@context":"https:\/\/schema.org","@graph":[{"@type":"BreadcrumbList","@id":"https:\/\/candas365.es\/noticias\/el-principado-apuesta-por-la-cultura-sidrera-asturiana\/#breadcrumblist","itemListElement":[{"@type":"ListItem","@id":"https:\/\/candas365.es\/noticias#listItem","position":1,"name":"Home","item":"https:\/\/candas365.es\/noticias","nextItem":{"@type":"ListItem","@id":"https:\/\/candas365.es\/noticias\/category\/asturias\/#listItem","name":"Asturias"}},{"@type":"ListItem","@id":"https:\/\/candas365.es\/noticias\/category\/asturias\/#listItem","position":2,"name":"Asturias","item":"https:\/\/candas365.es\/noticias\/category\/asturias\/","nextItem":{"@type":"ListItem","@id":"https:\/\/candas365.es\/noticias\/el-principado-apuesta-por-la-cultura-sidrera-asturiana\/#listItem","name":"El Principado apuesta por la cultura sidrera asturiana"},"previousItem":{"@type":"ListItem","@id":"https:\/\/candas365.es\/noticias#listItem","name":"Home"}},{"@type":"ListItem","@id":"https:\/\/candas365.es\/noticias\/el-principado-apuesta-por-la-cultura-sidrera-asturiana\/#listItem","position":3,"name":"El Principado apuesta por la cultura sidrera asturiana","previousItem":{"@type":"ListItem","@id":"https:\/\/candas365.es\/noticias\/category\/asturias\/#listItem","name":"Asturias"}}]},{"@type":"NewsArticle","@id":"https:\/\/candas365.es\/noticias\/el-principado-apuesta-por-la-cultura-sidrera-asturiana\/#newsarticle","name":"El Principado apuesta por la cultura sidrera asturiana | Cand\u00e1s 365","headline":"El Principado apuesta por la cultura sidrera asturiana","author":{"@id":"https:\/\/candas365.es\/noticias\/author\/admin\/#author"},"publisher":{"@id":"https:\/\/candas365.es\/noticias\/#organization"},"image":{"@type":"ImageObject","url":"https:\/\/candas365.es\/noticias\/wp-content\/uploads\/2019\/01\/Candidatura-sidra-Unesco.jpg","width":1280,"height":960},"datePublished":"2019-01-14T20:54:45+01:00","dateModified":"2019-01-14T20:54:45+01:00","inLanguage":"es-ES","mainEntityOfPage":{"@id":"https:\/\/candas365.es\/noticias\/el-principado-apuesta-por-la-cultura-sidrera-asturiana\/#webpage"},"isPartOf":{"@id":"https:\/\/candas365.es\/noticias\/el-principado-apuesta-por-la-cultura-sidrera-asturiana\/#webpage"},"articleSection":"Asturias","dateline":"Publicado el enero 14, 2019."},{"@type":"Organization","@id":"https:\/\/candas365.es\/noticias\/#organization","name":"Cand\u00e1s 365","description":"Cand\u00e1s 365 es un diario digital independiente, fundado en 2012, con base en Asturias. Informamos con rigor sobre actualidad, sociedad, cultura y ocio, con una mirada local y global.","url":"https:\/\/candas365.es\/noticias\/","email":"info@candas365.es","telephone":"+34652131393","foundingDate":"2012-06-10","logo":{"@type":"ImageObject","url":"https:\/\/candas365.es\/noticias\/wp-content\/uploads\/2024\/09\/Candas-365-Redes.jpg","@id":"https:\/\/candas365.es\/noticias\/el-principado-apuesta-por-la-cultura-sidrera-asturiana\/#organizationLogo","width":1152,"height":864,"caption":"Cand\u00e1s 365 Redes"},"image":{"@id":"https:\/\/candas365.es\/noticias\/el-principado-apuesta-por-la-cultura-sidrera-asturiana\/#organizationLogo"},"sameAs":["https:\/\/www.facebook.com\/Nachofdezber","https:\/\/x.com\/NabercoDigital","https:\/\/www.instagram.com\/nachofdezber\/","https:\/\/www.youtube.com\/channel\/UCZP-2wLEB9Rv6erhFmqVnvg"],"address":{"@id":"https:\/\/candas365.es\/noticias\/#postaladdress","@type":"PostalAddress","streetAddress":"san antonio 4, san antonio 4","postalCode":"33430","addressLocality":"Cand\u00e1s","addressRegion":"Asturias","addressCountry":"ES"}},{"@type":"Person","@id":"https:\/\/candas365.es\/noticias\/author\/admin\/#author","url":"https:\/\/candas365.es\/noticias\/author\/admin\/","name":"Cand\u00e1s 365","image":{"@type":"ImageObject","@id":"https:\/\/candas365.es\/noticias\/el-principado-apuesta-por-la-cultura-sidrera-asturiana\/#authorImage","url":"https:\/\/secure.gravatar.com\/avatar\/496a8e03d0c493ede1718b7934145dbdf8d89be1036b0eec9544e1094c9de390?s=96&d=mm&r=g","width":96,"height":96,"caption":"Cand\u00e1s 365"},"sameAs":["https:\/\/www.facebook.com\/carrenoactualidad","https:\/\/twitter.com\/nbasturias","https:\/\/www.instagram.com\/nachofdezber\/","https:\/\/www.youtube.com\/channel\/UCZP-2wLEB9Rv6erhFmqVnvg"]},{"@type":"WebPage","@id":"https:\/\/candas365.es\/noticias\/el-principado-apuesta-por-la-cultura-sidrera-asturiana\/#webpage","url":"https:\/\/candas365.es\/noticias\/el-principado-apuesta-por-la-cultura-sidrera-asturiana\/","name":"El Principado apuesta por la cultura sidrera asturiana | Cand\u00e1s 365","description":"La Consejer\u00eda de Desarrollo Rural y Recursos Naturales ha emplazado hoy a la sociedad a involucrarse en el apoyo a la candidatura de la cultura sidrera asturiana a patrimonio inmaterial de la humanidad de la Unesco a trav\u00e9s de diversas actividades que se pondr\u00e1n en marcha esta semana. La titular de este departamento, Mar\u00eda Jes\u00fas","inLanguage":"es-ES","isPartOf":{"@id":"https:\/\/candas365.es\/noticias\/#website"},"breadcrumb":{"@id":"https:\/\/candas365.es\/noticias\/el-principado-apuesta-por-la-cultura-sidrera-asturiana\/#breadcrumblist"},"author":{"@id":"https:\/\/candas365.es\/noticias\/author\/admin\/#author"},"creator":{"@id":"https:\/\/candas365.es\/noticias\/author\/admin\/#author"},"image":{"@type":"ImageObject","url":"https:\/\/candas365.es\/noticias\/wp-content\/uploads\/2019\/01\/Candidatura-sidra-Unesco.jpg","@id":"https:\/\/candas365.es\/noticias\/el-principado-apuesta-por-la-cultura-sidrera-asturiana\/#mainImage","width":1280,"height":960},"primaryImageOfPage":{"@id":"https:\/\/candas365.es\/noticias\/el-principado-apuesta-por-la-cultura-sidrera-asturiana\/#mainImage"},"datePublished":"2019-01-14T20:54:45+01:00","dateModified":"2019-01-14T20:54:45+01:00"},{"@type":"WebSite","@id":"https:\/\/candas365.es\/noticias\/#website","url":"https:\/\/candas365.es\/noticias\/","name":"Cand\u00e1s 365","alternateName":"Cand\u00e1s 365 Noticias","description":"Actualidad desde Carre\u00f1o para el mundo","inLanguage":"es-ES","publisher":{"@id":"https:\/\/candas365.es\/noticias\/#organization"}}]},"og:locale":"es_ES","og:site_name":"Cand\u00e1s 365","og:type":"article","og:title":"El Principado apuesta por la cultura sidrera asturiana | Cand\u00e1s 365","og:description":"La Consejer\u00eda de Desarrollo Rural y Recursos Naturales ha emplazado hoy a la sociedad a involucrarse en el apoyo a la candidatura de la cultura sidrera asturiana a patrimonio inmaterial de la humanidad de la Unesco a trav\u00e9s de diversas actividades que se pondr\u00e1n en marcha esta semana. La titular de este departamento, Mar\u00eda Jes\u00fas","og:url":"https:\/\/candas365.es\/noticias\/el-principado-apuesta-por-la-cultura-sidrera-asturiana\/","og:image":"https:\/\/candas365.es\/noticias\/wp-content\/uploads\/2019\/01\/Candidatura-sidra-Unesco.jpg","og:image:secure_url":"https:\/\/candas365.es\/noticias\/wp-content\/uploads\/2019\/01\/Candidatura-sidra-Unesco.jpg","og:image:width":1280,"og:image:height":960,"article:published_time":"2019-01-14T20:54:45+00:00","article:modified_time":"2019-01-14T20:54:45+00:00","article:publisher":"https:\/\/www.facebook.com\/Nachofdezber","article:author":"https:\/\/www.facebook.com\/carrenoactualidad","twitter:card":"summary_large_image","twitter:site":"@NabercoDigital","twitter:title":"El Principado apuesta por la cultura sidrera asturiana | Cand\u00e1s 365","twitter:description":"La Consejer\u00eda de Desarrollo Rural y Recursos Naturales ha emplazado hoy a la sociedad a involucrarse en el apoyo a la candidatura de la cultura sidrera asturiana a patrimonio inmaterial de la humanidad de la Unesco a trav\u00e9s de diversas actividades que se pondr\u00e1n en marcha esta semana. La titular de este departamento, Mar\u00eda Jes\u00fas","twitter:creator":"@nbasturias","twitter:image":"https:\/\/candas365.es\/noticias\/wp-content\/uploads\/2019\/01\/Candidatura-sidra-Unesco.jpg","twitter:label1":"Escrito por","twitter:data1":"Cand\u00e1s 365","twitter:label2":"Tiempo de lectura estimado","twitter:data2":"3 minutos"},"aioseo_meta_data":{"post_id":"114220","title":null,"description":null,"keywords":null,"keyphrases":null,"primary_term":null,"canonical_url":null,"og_title":null,"og_description":null,"og_object_type":"default","og_image_type":"default","og_image_url":null,"og_image_width":null,"og_image_height":null,"og_image_custom_url":null,"og_image_custom_fields":null,"og_video":null,"og_custom_url":null,"og_article_section":null,"og_article_tags":null,"twitter_use_og":false,"twitter_card":"default","twitter_image_type":"default","twitter_image_url":null,"twitter_image_custom_url":null,"twitter_image_custom_fields":null,"twitter_title":null,"twitter_description":null,"schema":{"blockGraphs":[],"customGraphs":[],"default":{"data":{"Article":[],"Course":[],"Dataset":[],"FAQPage":[],"Movie":[],"Person":[],"Product":[],"ProductReview":[],"Car":[],"Recipe":[],"Service":[],"SoftwareApplication":[],"WebPage":[]},"graphName":"","isEnabled":true},"graphs":[],"defaultGraph":"","defaultPostTypeGraph":""},"schema_type":null,"schema_type_options":null,"pillar_content":false,"robots_default":true,"robots_noindex":false,"robots_noarchive":false,"robots_nosnippet":false,"robots_nofollow":false,"robots_noimageindex":false,"robots_noodp":false,"robots_notranslate":false,"robots_max_snippet":null,"robots_max_videopreview":null,"robots_max_imagepreview":"large","priority":null,"frequency":null,"location":null,"local_seo":null,"seo_analyzer_scan_date":"2025-08-29 00:47:08","breadcrumb_settings":null,"limit_modified_date":false,"reviewed_by":null,"open_ai":null,"ai":null,"created":"2020-12-21 11:24:55","updated":"2025-08-29 00:47:08"},"aioseo_breadcrumb":"<div class=\"aioseo-breadcrumbs\"><span class=\"aioseo-breadcrumb\">\n\t<a href=\"https:\/\/candas365.es\/noticias\" title=\"Home\">Home<\/a>\n<\/span><span class=\"aioseo-breadcrumb-separator\">&ndash;<\/span><span class=\"aioseo-breadcrumb\">\n\t<a href=\"https:\/\/candas365.es\/noticias\/category\/asturias\/\" title=\"Asturias\">Asturias<\/a>\n<\/span><span class=\"aioseo-breadcrumb-separator\">&ndash;<\/span><span class=\"aioseo-breadcrumb\">\n\tEl Principado apuesta por la cultura sidrera asturiana\n<\/span><\/div>","aioseo_breadcrumb_json":[{"label":"Home","link":"https:\/\/candas365.es\/noticias"},{"label":"Asturias","link":"https:\/\/candas365.es\/noticias\/category\/asturias\/"},{"label":"El Principado apuesta por la cultura sidrera asturiana","link":"https:\/\/candas365.es\/noticias\/el-principado-apuesta-por-la-cultura-sidrera-asturiana\/"}],"_links":{"self":[{"href":"https:\/\/candas365.es\/noticias\/wp-json\/wp\/v2\/posts\/114220","targetHints":{"allow":["GET"]}}],"collection":[{"href":"https:\/\/candas365.es\/noticias\/wp-json\/wp\/v2\/posts"}],"about":[{"href":"https:\/\/candas365.es\/noticias\/wp-json\/wp\/v2\/types\/post"}],"author":[{"embeddable":true,"href":"https:\/\/candas365.es\/noticias\/wp-json\/wp\/v2\/users\/1"}],"replies":[{"embeddable":true,"href":"https:\/\/candas365.es\/noticias\/wp-json\/wp\/v2\/comments?post=114220"}],"version-history":[{"count":0,"href":"https:\/\/candas365.es\/noticias\/wp-json\/wp\/v2\/posts\/114220\/revisions"}],"wp:featuredmedia":[{"embeddable":true,"href":"https:\/\/candas365.es\/noticias\/wp-json\/wp\/v2\/media\/114221"}],"wp:attachment":[{"href":"https:\/\/candas365.es\/noticias\/wp-json\/wp\/v2\/media?parent=114220"}],"wp:term":[{"taxonomy":"category","embeddable":true,"href":"https:\/\/candas365.es\/noticias\/wp-json\/wp\/v2\/categories?post=114220"},{"taxonomy":"post_tag","embeddable":true,"href":"https:\/\/candas365.es\/noticias\/wp-json\/wp\/v2\/tags?post=114220"}],"curies":[{"name":"wp","href":"https:\/\/api.w.org\/{rel}","templated":true}]}}