{"id":114218,"date":"2019-01-14T20:20:13","date_gmt":"2019-01-14T20:20:13","guid":{"rendered":"http:\/\/candas365.es\/noticias\/?p=114218"},"modified":"2019-01-14T20:20:13","modified_gmt":"2019-01-14T20:20:13","slug":"el-gobierno-del-principado-manifiesta-su-pesar-por-el-fallecimiento-de-juan-cueto","status":"publish","type":"post","link":"https:\/\/candas365.es\/noticias\/el-gobierno-del-principado-manifiesta-su-pesar-por-el-fallecimiento-de-juan-cueto\/","title":{"rendered":"El Gobierno del Principado manifiesta su pesar por el fallecimiento de Juan Cueto"},"content":{"rendered":"<p><img fetchpriority=\"high\" decoding=\"async\" class=\"alignleft size-medium wp-image-110393\" src=\"https:\/\/candas365.es\/noticias\/wp-content\/uploads\/2018\/11\/RP-Consejo-Gobierno-1-360x245.jpg\" alt=\"\" width=\"360\" height=\"245\" srcset=\"https:\/\/candas365.es\/noticias\/wp-content\/uploads\/2018\/11\/RP-Consejo-Gobierno-1-360x245.jpg 360w, https:\/\/candas365.es\/noticias\/wp-content\/uploads\/2018\/11\/RP-Consejo-Gobierno-1-768x522.jpg 768w, https:\/\/candas365.es\/noticias\/wp-content\/uploads\/2018\/11\/RP-Consejo-Gobierno-1-655x445.jpg 655w, https:\/\/candas365.es\/noticias\/wp-content\/uploads\/2018\/11\/RP-Consejo-Gobierno-1-696x473.jpg 696w, https:\/\/candas365.es\/noticias\/wp-content\/uploads\/2018\/11\/RP-Consejo-Gobierno-1-1068x726.jpg 1068w, https:\/\/candas365.es\/noticias\/wp-content\/uploads\/2018\/11\/RP-Consejo-Gobierno-1-618x420.jpg 618w, https:\/\/candas365.es\/noticias\/wp-content\/uploads\/2018\/11\/RP-Consejo-Gobierno-1.jpg 1280w\" sizes=\"(max-width: 360px) 100vw, 360px\" \/>El Gobierno de Asturias manifiesta su pesar por el fallecimiento de Juan Cueto Alas (Oviedo, 1942), una de las figuras m\u00e1s relevantes de la comunicaci\u00f3n espa\u00f1ola. El Ejecutivo, que hace constar sus condolencias a la familia y los amigos del polifac\u00e9tico intelectual, subraya la contribuci\u00f3n de Cueto al an\u00e1lisis y la evoluci\u00f3n de los medios.<\/p>\n<p>Fundador y director de la revista Cuadernos del Norte, Cueto Alas incluye en su biograf\u00eda muchas obras vinculadas con el Principado, como la Gu\u00eda secreta de Asturias o Los heterodoxos asturianos. Hijo predilecto de Gij\u00f3n, ciudad a la que siempre estuvo muy vinculado, fue tambi\u00e9n merecedor de la Medalla de Oro de Asturias.<\/p>\n<p>A lo largo de varias d\u00e9cadas, Cueto se distingui\u00f3 como uno de los mejores int\u00e9rpretes de la transformaci\u00f3n de la comunicaci\u00f3n: el impacto de los nuevos soportes, la relevancia de la televisi\u00f3n y de sus continuos cambios, y las repercusiones de la globalizaci\u00f3n (a \u00e9l se debe el t\u00e9rmino glocal, fusi\u00f3n de global y local) formaron parte de sus preocupaciones. No s\u00f3lo desde el punto de vista te\u00f3rico \u2013en sus art\u00edculos, sus cr\u00edticas o en obras como La sociedad de consumo de masas o Mitolog\u00edas de la modernidad-, sino tambi\u00e9n pr\u00e1ctico al frente de Canal Plus Espa\u00f1a.<\/p>\n<p>Toda esta labor, unida a muchos otros ensayos (Cuando Madrid hizo pop, por ejemplo) le convirtieron en una referencia para comprender y explicar la evoluci\u00f3n de la comunicaci\u00f3n en Espa\u00f1a.<\/p>\n","protected":false},"excerpt":{"rendered":"<p>El Gobierno de Asturias manifiesta su pesar por el fallecimiento de Juan Cueto Alas (Oviedo, 1942), una de las figuras m\u00e1s relevantes de la comunicaci\u00f3n espa\u00f1ola. El Ejecutivo, que hace constar sus condolencias a la familia y los amigos del polifac\u00e9tico intelectual, subraya la contribuci\u00f3n de Cueto al an\u00e1lisis y la evoluci\u00f3n de los medios.<\/p>\n","protected":false},"author":1,"featured_media":110393,"comment_status":"closed","ping_status":"closed","sticky":false,"template":"","format":"standard","meta":{"footnotes":""},"categories":[7],"tags":[],"class_list":{"0":"post-114218","1":"post","2":"type-post","3":"status-publish","4":"format-standard","5":"has-post-thumbnail","7":"category-asturias"},"aioseo_notices":[],"aioseo_head":"\n\t\t<!-- All in One SEO Pro 4.9.6.2 - aioseo.com -->\n\t<meta name=\"description\" content=\"El Gobierno de Asturias manifiesta su pesar por el fallecimiento de Juan Cueto Alas (Oviedo, 1942), una de las figuras m\u00e1s relevantes de la comunicaci\u00f3n espa\u00f1ola. El Ejecutivo, que hace constar sus condolencias a la familia y los amigos del polifac\u00e9tico intelectual, subraya la contribuci\u00f3n de Cueto al an\u00e1lisis y la evoluci\u00f3n de los medios.\" \/>\n\t<meta name=\"robots\" content=\"max-image-preview:large\" \/>\n\t<meta name=\"author\" content=\"Cand\u00e1s 365\"\/>\n\t<meta name=\"google-site-verification\" content=\"UA-32230408-1\" \/>\n\t<meta name=\"msvalidate.01\" content=\"354F3CDFB2DA171B47FBE9ABF1F88D5\" \/>\n\t<meta name=\"keywords\" content=\"asturias\" \/>\n\t<link rel=\"canonical\" href=\"https:\/\/candas365.es\/noticias\/el-gobierno-del-principado-manifiesta-su-pesar-por-el-fallecimiento-de-juan-cueto\/\" \/>\n\t<meta name=\"generator\" content=\"All in One SEO Pro (AIOSEO) 4.9.6.2\" \/>\n\t\t<meta property=\"og:locale\" content=\"es_ES\" \/>\n\t\t<meta property=\"og:site_name\" content=\"Cand\u00e1s 365\" \/>\n\t\t<meta property=\"og:type\" content=\"article\" \/>\n\t\t<meta property=\"og:title\" content=\"El Gobierno del Principado manifiesta su pesar por el fallecimiento de Juan Cueto | Cand\u00e1s 365\" \/>\n\t\t<meta property=\"og:description\" content=\"El Gobierno de Asturias manifiesta su pesar por el fallecimiento de Juan Cueto Alas (Oviedo, 1942), una de las figuras m\u00e1s relevantes de la comunicaci\u00f3n espa\u00f1ola. El Ejecutivo, que hace constar sus condolencias a la familia y los amigos del polifac\u00e9tico intelectual, subraya la contribuci\u00f3n de Cueto al an\u00e1lisis y la evoluci\u00f3n de los medios.\" \/>\n\t\t<meta property=\"og:url\" content=\"https:\/\/candas365.es\/noticias\/el-gobierno-del-principado-manifiesta-su-pesar-por-el-fallecimiento-de-juan-cueto\/\" \/>\n\t\t<meta property=\"og:image\" content=\"https:\/\/candas365.es\/noticias\/wp-content\/uploads\/2018\/11\/RP-Consejo-Gobierno-1.jpg\" \/>\n\t\t<meta property=\"og:image:secure_url\" content=\"https:\/\/candas365.es\/noticias\/wp-content\/uploads\/2018\/11\/RP-Consejo-Gobierno-1.jpg\" \/>\n\t\t<meta property=\"og:image:width\" content=\"1280\" \/>\n\t\t<meta property=\"og:image:height\" content=\"870\" \/>\n\t\t<meta property=\"article:published_time\" content=\"2019-01-14T20:20:13+00:00\" \/>\n\t\t<meta property=\"article:modified_time\" content=\"2019-01-14T20:20:13+00:00\" \/>\n\t\t<meta property=\"article:publisher\" content=\"https:\/\/www.facebook.com\/Nachofdezber\" \/>\n\t\t<meta property=\"article:author\" content=\"https:\/\/www.facebook.com\/carrenoactualidad\" \/>\n\t\t<meta name=\"twitter:card\" content=\"summary_large_image\" \/>\n\t\t<meta name=\"twitter:site\" content=\"@NabercoDigital\" \/>\n\t\t<meta name=\"twitter:title\" content=\"El Gobierno del Principado manifiesta su pesar por el fallecimiento de Juan Cueto | Cand\u00e1s 365\" \/>\n\t\t<meta name=\"twitter:description\" content=\"El Gobierno de Asturias manifiesta su pesar por el fallecimiento de Juan Cueto Alas (Oviedo, 1942), una de las figuras m\u00e1s relevantes de la comunicaci\u00f3n espa\u00f1ola. El Ejecutivo, que hace constar sus condolencias a la familia y los amigos del polifac\u00e9tico intelectual, subraya la contribuci\u00f3n de Cueto al an\u00e1lisis y la evoluci\u00f3n de los medios.\" \/>\n\t\t<meta name=\"twitter:creator\" content=\"@nbasturias\" \/>\n\t\t<meta name=\"twitter:image\" content=\"https:\/\/candas365.es\/noticias\/wp-content\/uploads\/2018\/11\/RP-Consejo-Gobierno-1.jpg\" \/>\n\t\t<meta name=\"twitter:label1\" content=\"Escrito por\" \/>\n\t\t<meta name=\"twitter:data1\" content=\"Cand\u00e1s 365\" \/>\n\t\t<meta name=\"twitter:label2\" content=\"Tiempo de lectura estimado\" \/>\n\t\t<meta name=\"twitter:data2\" content=\"1 minuto\" \/>\n\t\t<script type=\"application\/ld+json\" class=\"aioseo-schema\">\n\t\t\t{\"@context\":\"https:\\\/\\\/schema.org\",\"@graph\":[{\"@type\":\"BreadcrumbList\",\"@id\":\"https:\\\/\\\/candas365.es\\\/noticias\\\/el-gobierno-del-principado-manifiesta-su-pesar-por-el-fallecimiento-de-juan-cueto\\\/#breadcrumblist\",\"itemListElement\":[{\"@type\":\"ListItem\",\"@id\":\"https:\\\/\\\/candas365.es\\\/noticias#listItem\",\"position\":1,\"name\":\"Home\",\"item\":\"https:\\\/\\\/candas365.es\\\/noticias\",\"nextItem\":{\"@type\":\"ListItem\",\"@id\":\"https:\\\/\\\/candas365.es\\\/noticias\\\/category\\\/asturias\\\/#listItem\",\"name\":\"Asturias\"}},{\"@type\":\"ListItem\",\"@id\":\"https:\\\/\\\/candas365.es\\\/noticias\\\/category\\\/asturias\\\/#listItem\",\"position\":2,\"name\":\"Asturias\",\"item\":\"https:\\\/\\\/candas365.es\\\/noticias\\\/category\\\/asturias\\\/\",\"nextItem\":{\"@type\":\"ListItem\",\"@id\":\"https:\\\/\\\/candas365.es\\\/noticias\\\/el-gobierno-del-principado-manifiesta-su-pesar-por-el-fallecimiento-de-juan-cueto\\\/#listItem\",\"name\":\"El Gobierno del Principado manifiesta su pesar por el fallecimiento de Juan Cueto\"},\"previousItem\":{\"@type\":\"ListItem\",\"@id\":\"https:\\\/\\\/candas365.es\\\/noticias#listItem\",\"name\":\"Home\"}},{\"@type\":\"ListItem\",\"@id\":\"https:\\\/\\\/candas365.es\\\/noticias\\\/el-gobierno-del-principado-manifiesta-su-pesar-por-el-fallecimiento-de-juan-cueto\\\/#listItem\",\"position\":3,\"name\":\"El Gobierno del Principado manifiesta su pesar por el fallecimiento de Juan Cueto\",\"previousItem\":{\"@type\":\"ListItem\",\"@id\":\"https:\\\/\\\/candas365.es\\\/noticias\\\/category\\\/asturias\\\/#listItem\",\"name\":\"Asturias\"}}]},{\"@type\":\"NewsArticle\",\"@id\":\"https:\\\/\\\/candas365.es\\\/noticias\\\/el-gobierno-del-principado-manifiesta-su-pesar-por-el-fallecimiento-de-juan-cueto\\\/#newsarticle\",\"name\":\"El Gobierno del Principado manifiesta su pesar por el fallecimiento de Juan Cueto | Cand\\u00e1s 365\",\"headline\":\"El Gobierno del Principado manifiesta su pesar por el fallecimiento de Juan Cueto\",\"author\":{\"@id\":\"https:\\\/\\\/candas365.es\\\/noticias\\\/author\\\/admin\\\/#author\"},\"publisher\":{\"@id\":\"https:\\\/\\\/candas365.es\\\/noticias\\\/#organization\"},\"image\":{\"@type\":\"ImageObject\",\"url\":\"https:\\\/\\\/candas365.es\\\/noticias\\\/wp-content\\\/uploads\\\/2018\\\/11\\\/RP-Consejo-Gobierno-1.jpg\",\"width\":1280,\"height\":870},\"datePublished\":\"2019-01-14T20:20:13+01:00\",\"dateModified\":\"2019-01-14T20:20:13+01:00\",\"inLanguage\":\"es-ES\",\"mainEntityOfPage\":{\"@id\":\"https:\\\/\\\/candas365.es\\\/noticias\\\/el-gobierno-del-principado-manifiesta-su-pesar-por-el-fallecimiento-de-juan-cueto\\\/#webpage\"},\"isPartOf\":{\"@id\":\"https:\\\/\\\/candas365.es\\\/noticias\\\/el-gobierno-del-principado-manifiesta-su-pesar-por-el-fallecimiento-de-juan-cueto\\\/#webpage\"},\"articleSection\":\"Asturias\",\"dateline\":\"Publicado el enero 14, 2019.\"},{\"@type\":\"Organization\",\"@id\":\"https:\\\/\\\/candas365.es\\\/noticias\\\/#organization\",\"name\":\"Cand\\u00e1s 365\",\"description\":\"Cand\\u00e1s 365 es un diario digital independiente, fundado en 2012, con base en Asturias. Informamos con rigor sobre actualidad, sociedad, cultura y ocio, con una mirada local y global.\",\"url\":\"https:\\\/\\\/candas365.es\\\/noticias\\\/\",\"email\":\"info@candas365.es\",\"telephone\":\"+34652131393\",\"foundingDate\":\"2012-06-10\",\"logo\":{\"@type\":\"ImageObject\",\"url\":\"https:\\\/\\\/candas365.es\\\/noticias\\\/wp-content\\\/uploads\\\/2024\\\/09\\\/Candas-365-Redes.jpg\",\"@id\":\"https:\\\/\\\/candas365.es\\\/noticias\\\/el-gobierno-del-principado-manifiesta-su-pesar-por-el-fallecimiento-de-juan-cueto\\\/#organizationLogo\",\"width\":1152,\"height\":864,\"caption\":\"Cand\\u00e1s 365 Redes\"},\"image\":{\"@id\":\"https:\\\/\\\/candas365.es\\\/noticias\\\/el-gobierno-del-principado-manifiesta-su-pesar-por-el-fallecimiento-de-juan-cueto\\\/#organizationLogo\"},\"sameAs\":[\"https:\\\/\\\/www.facebook.com\\\/Nachofdezber\",\"https:\\\/\\\/x.com\\\/NabercoDigital\",\"https:\\\/\\\/www.instagram.com\\\/nachofdezber\\\/\",\"https:\\\/\\\/www.youtube.com\\\/channel\\\/UCZP-2wLEB9Rv6erhFmqVnvg\"],\"address\":{\"@id\":\"https:\\\/\\\/candas365.es\\\/noticias\\\/#postaladdress\",\"@type\":\"PostalAddress\",\"streetAddress\":\"san antonio 4, san antonio 4\",\"postalCode\":\"33430\",\"addressLocality\":\"Cand\\u00e1s\",\"addressRegion\":\"Asturias\",\"addressCountry\":\"ES\"}},{\"@type\":\"Person\",\"@id\":\"https:\\\/\\\/candas365.es\\\/noticias\\\/author\\\/admin\\\/#author\",\"url\":\"https:\\\/\\\/candas365.es\\\/noticias\\\/author\\\/admin\\\/\",\"name\":\"Cand\\u00e1s 365\",\"image\":{\"@type\":\"ImageObject\",\"@id\":\"https:\\\/\\\/candas365.es\\\/noticias\\\/el-gobierno-del-principado-manifiesta-su-pesar-por-el-fallecimiento-de-juan-cueto\\\/#authorImage\",\"url\":\"https:\\\/\\\/secure.gravatar.com\\\/avatar\\\/496a8e03d0c493ede1718b7934145dbdf8d89be1036b0eec9544e1094c9de390?s=96&d=mm&r=g\",\"width\":96,\"height\":96,\"caption\":\"Cand\\u00e1s 365\"},\"sameAs\":[\"https:\\\/\\\/www.facebook.com\\\/carrenoactualidad\",\"https:\\\/\\\/twitter.com\\\/nbasturias\",\"https:\\\/\\\/www.instagram.com\\\/nachofdezber\\\/\",\"https:\\\/\\\/www.youtube.com\\\/channel\\\/UCZP-2wLEB9Rv6erhFmqVnvg\"]},{\"@type\":\"WebPage\",\"@id\":\"https:\\\/\\\/candas365.es\\\/noticias\\\/el-gobierno-del-principado-manifiesta-su-pesar-por-el-fallecimiento-de-juan-cueto\\\/#webpage\",\"url\":\"https:\\\/\\\/candas365.es\\\/noticias\\\/el-gobierno-del-principado-manifiesta-su-pesar-por-el-fallecimiento-de-juan-cueto\\\/\",\"name\":\"El Gobierno del Principado manifiesta su pesar por el fallecimiento de Juan Cueto | Cand\\u00e1s 365\",\"description\":\"El Gobierno de Asturias manifiesta su pesar por el fallecimiento de Juan Cueto Alas (Oviedo, 1942), una de las figuras m\\u00e1s relevantes de la comunicaci\\u00f3n espa\\u00f1ola. El Ejecutivo, que hace constar sus condolencias a la familia y los amigos del polifac\\u00e9tico intelectual, subraya la contribuci\\u00f3n de Cueto al an\\u00e1lisis y la evoluci\\u00f3n de los medios.\",\"inLanguage\":\"es-ES\",\"isPartOf\":{\"@id\":\"https:\\\/\\\/candas365.es\\\/noticias\\\/#website\"},\"breadcrumb\":{\"@id\":\"https:\\\/\\\/candas365.es\\\/noticias\\\/el-gobierno-del-principado-manifiesta-su-pesar-por-el-fallecimiento-de-juan-cueto\\\/#breadcrumblist\"},\"author\":{\"@id\":\"https:\\\/\\\/candas365.es\\\/noticias\\\/author\\\/admin\\\/#author\"},\"creator\":{\"@id\":\"https:\\\/\\\/candas365.es\\\/noticias\\\/author\\\/admin\\\/#author\"},\"image\":{\"@type\":\"ImageObject\",\"url\":\"https:\\\/\\\/candas365.es\\\/noticias\\\/wp-content\\\/uploads\\\/2018\\\/11\\\/RP-Consejo-Gobierno-1.jpg\",\"@id\":\"https:\\\/\\\/candas365.es\\\/noticias\\\/el-gobierno-del-principado-manifiesta-su-pesar-por-el-fallecimiento-de-juan-cueto\\\/#mainImage\",\"width\":1280,\"height\":870},\"primaryImageOfPage\":{\"@id\":\"https:\\\/\\\/candas365.es\\\/noticias\\\/el-gobierno-del-principado-manifiesta-su-pesar-por-el-fallecimiento-de-juan-cueto\\\/#mainImage\"},\"datePublished\":\"2019-01-14T20:20:13+01:00\",\"dateModified\":\"2019-01-14T20:20:13+01:00\"},{\"@type\":\"WebSite\",\"@id\":\"https:\\\/\\\/candas365.es\\\/noticias\\\/#website\",\"url\":\"https:\\\/\\\/candas365.es\\\/noticias\\\/\",\"name\":\"Cand\\u00e1s 365\",\"alternateName\":\"Cand\\u00e1s 365 Noticias\",\"description\":\"Actualidad desde Carre\\u00f1o para el mundo\",\"inLanguage\":\"es-ES\",\"publisher\":{\"@id\":\"https:\\\/\\\/candas365.es\\\/noticias\\\/#organization\"}}]}\n\t\t<\/script>\n\t\t<!-- All in One SEO Pro -->\r\n\t\t<title>El Gobierno del Principado manifiesta su pesar por el fallecimiento de Juan Cueto | Cand\u00e1s 365<\/title>\n\n","aioseo_head_json":{"title":"El Gobierno del Principado manifiesta su pesar por el fallecimiento de Juan Cueto | Cand\u00e1s 365","description":"El Gobierno de Asturias manifiesta su pesar por el fallecimiento de Juan Cueto Alas (Oviedo, 1942), una de las figuras m\u00e1s relevantes de la comunicaci\u00f3n espa\u00f1ola. El Ejecutivo, que hace constar sus condolencias a la familia y los amigos del polifac\u00e9tico intelectual, subraya la contribuci\u00f3n de Cueto al an\u00e1lisis y la evoluci\u00f3n de los medios.","canonical_url":"https:\/\/candas365.es\/noticias\/el-gobierno-del-principado-manifiesta-su-pesar-por-el-fallecimiento-de-juan-cueto\/","robots":"max-image-preview:large","keywords":"asturias","webmasterTools":{"google-site-verification":"UA-32230408-1","msvalidate.01":"354F3CDFB2DA171B47FBE9ABF1F88D5","miscellaneous":""},"schema":{"@context":"https:\/\/schema.org","@graph":[{"@type":"BreadcrumbList","@id":"https:\/\/candas365.es\/noticias\/el-gobierno-del-principado-manifiesta-su-pesar-por-el-fallecimiento-de-juan-cueto\/#breadcrumblist","itemListElement":[{"@type":"ListItem","@id":"https:\/\/candas365.es\/noticias#listItem","position":1,"name":"Home","item":"https:\/\/candas365.es\/noticias","nextItem":{"@type":"ListItem","@id":"https:\/\/candas365.es\/noticias\/category\/asturias\/#listItem","name":"Asturias"}},{"@type":"ListItem","@id":"https:\/\/candas365.es\/noticias\/category\/asturias\/#listItem","position":2,"name":"Asturias","item":"https:\/\/candas365.es\/noticias\/category\/asturias\/","nextItem":{"@type":"ListItem","@id":"https:\/\/candas365.es\/noticias\/el-gobierno-del-principado-manifiesta-su-pesar-por-el-fallecimiento-de-juan-cueto\/#listItem","name":"El Gobierno del Principado manifiesta su pesar por el fallecimiento de Juan Cueto"},"previousItem":{"@type":"ListItem","@id":"https:\/\/candas365.es\/noticias#listItem","name":"Home"}},{"@type":"ListItem","@id":"https:\/\/candas365.es\/noticias\/el-gobierno-del-principado-manifiesta-su-pesar-por-el-fallecimiento-de-juan-cueto\/#listItem","position":3,"name":"El Gobierno del Principado manifiesta su pesar por el fallecimiento de Juan Cueto","previousItem":{"@type":"ListItem","@id":"https:\/\/candas365.es\/noticias\/category\/asturias\/#listItem","name":"Asturias"}}]},{"@type":"NewsArticle","@id":"https:\/\/candas365.es\/noticias\/el-gobierno-del-principado-manifiesta-su-pesar-por-el-fallecimiento-de-juan-cueto\/#newsarticle","name":"El Gobierno del Principado manifiesta su pesar por el fallecimiento de Juan Cueto | Cand\u00e1s 365","headline":"El Gobierno del Principado manifiesta su pesar por el fallecimiento de Juan Cueto","author":{"@id":"https:\/\/candas365.es\/noticias\/author\/admin\/#author"},"publisher":{"@id":"https:\/\/candas365.es\/noticias\/#organization"},"image":{"@type":"ImageObject","url":"https:\/\/candas365.es\/noticias\/wp-content\/uploads\/2018\/11\/RP-Consejo-Gobierno-1.jpg","width":1280,"height":870},"datePublished":"2019-01-14T20:20:13+01:00","dateModified":"2019-01-14T20:20:13+01:00","inLanguage":"es-ES","mainEntityOfPage":{"@id":"https:\/\/candas365.es\/noticias\/el-gobierno-del-principado-manifiesta-su-pesar-por-el-fallecimiento-de-juan-cueto\/#webpage"},"isPartOf":{"@id":"https:\/\/candas365.es\/noticias\/el-gobierno-del-principado-manifiesta-su-pesar-por-el-fallecimiento-de-juan-cueto\/#webpage"},"articleSection":"Asturias","dateline":"Publicado el enero 14, 2019."},{"@type":"Organization","@id":"https:\/\/candas365.es\/noticias\/#organization","name":"Cand\u00e1s 365","description":"Cand\u00e1s 365 es un diario digital independiente, fundado en 2012, con base en Asturias. Informamos con rigor sobre actualidad, sociedad, cultura y ocio, con una mirada local y global.","url":"https:\/\/candas365.es\/noticias\/","email":"info@candas365.es","telephone":"+34652131393","foundingDate":"2012-06-10","logo":{"@type":"ImageObject","url":"https:\/\/candas365.es\/noticias\/wp-content\/uploads\/2024\/09\/Candas-365-Redes.jpg","@id":"https:\/\/candas365.es\/noticias\/el-gobierno-del-principado-manifiesta-su-pesar-por-el-fallecimiento-de-juan-cueto\/#organizationLogo","width":1152,"height":864,"caption":"Cand\u00e1s 365 Redes"},"image":{"@id":"https:\/\/candas365.es\/noticias\/el-gobierno-del-principado-manifiesta-su-pesar-por-el-fallecimiento-de-juan-cueto\/#organizationLogo"},"sameAs":["https:\/\/www.facebook.com\/Nachofdezber","https:\/\/x.com\/NabercoDigital","https:\/\/www.instagram.com\/nachofdezber\/","https:\/\/www.youtube.com\/channel\/UCZP-2wLEB9Rv6erhFmqVnvg"],"address":{"@id":"https:\/\/candas365.es\/noticias\/#postaladdress","@type":"PostalAddress","streetAddress":"san antonio 4, san antonio 4","postalCode":"33430","addressLocality":"Cand\u00e1s","addressRegion":"Asturias","addressCountry":"ES"}},{"@type":"Person","@id":"https:\/\/candas365.es\/noticias\/author\/admin\/#author","url":"https:\/\/candas365.es\/noticias\/author\/admin\/","name":"Cand\u00e1s 365","image":{"@type":"ImageObject","@id":"https:\/\/candas365.es\/noticias\/el-gobierno-del-principado-manifiesta-su-pesar-por-el-fallecimiento-de-juan-cueto\/#authorImage","url":"https:\/\/secure.gravatar.com\/avatar\/496a8e03d0c493ede1718b7934145dbdf8d89be1036b0eec9544e1094c9de390?s=96&d=mm&r=g","width":96,"height":96,"caption":"Cand\u00e1s 365"},"sameAs":["https:\/\/www.facebook.com\/carrenoactualidad","https:\/\/twitter.com\/nbasturias","https:\/\/www.instagram.com\/nachofdezber\/","https:\/\/www.youtube.com\/channel\/UCZP-2wLEB9Rv6erhFmqVnvg"]},{"@type":"WebPage","@id":"https:\/\/candas365.es\/noticias\/el-gobierno-del-principado-manifiesta-su-pesar-por-el-fallecimiento-de-juan-cueto\/#webpage","url":"https:\/\/candas365.es\/noticias\/el-gobierno-del-principado-manifiesta-su-pesar-por-el-fallecimiento-de-juan-cueto\/","name":"El Gobierno del Principado manifiesta su pesar por el fallecimiento de Juan Cueto | Cand\u00e1s 365","description":"El Gobierno de Asturias manifiesta su pesar por el fallecimiento de Juan Cueto Alas (Oviedo, 1942), una de las figuras m\u00e1s relevantes de la comunicaci\u00f3n espa\u00f1ola. El Ejecutivo, que hace constar sus condolencias a la familia y los amigos del polifac\u00e9tico intelectual, subraya la contribuci\u00f3n de Cueto al an\u00e1lisis y la evoluci\u00f3n de los medios.","inLanguage":"es-ES","isPartOf":{"@id":"https:\/\/candas365.es\/noticias\/#website"},"breadcrumb":{"@id":"https:\/\/candas365.es\/noticias\/el-gobierno-del-principado-manifiesta-su-pesar-por-el-fallecimiento-de-juan-cueto\/#breadcrumblist"},"author":{"@id":"https:\/\/candas365.es\/noticias\/author\/admin\/#author"},"creator":{"@id":"https:\/\/candas365.es\/noticias\/author\/admin\/#author"},"image":{"@type":"ImageObject","url":"https:\/\/candas365.es\/noticias\/wp-content\/uploads\/2018\/11\/RP-Consejo-Gobierno-1.jpg","@id":"https:\/\/candas365.es\/noticias\/el-gobierno-del-principado-manifiesta-su-pesar-por-el-fallecimiento-de-juan-cueto\/#mainImage","width":1280,"height":870},"primaryImageOfPage":{"@id":"https:\/\/candas365.es\/noticias\/el-gobierno-del-principado-manifiesta-su-pesar-por-el-fallecimiento-de-juan-cueto\/#mainImage"},"datePublished":"2019-01-14T20:20:13+01:00","dateModified":"2019-01-14T20:20:13+01:00"},{"@type":"WebSite","@id":"https:\/\/candas365.es\/noticias\/#website","url":"https:\/\/candas365.es\/noticias\/","name":"Cand\u00e1s 365","alternateName":"Cand\u00e1s 365 Noticias","description":"Actualidad desde Carre\u00f1o para el mundo","inLanguage":"es-ES","publisher":{"@id":"https:\/\/candas365.es\/noticias\/#organization"}}]},"og:locale":"es_ES","og:site_name":"Cand\u00e1s 365","og:type":"article","og:title":"El Gobierno del Principado manifiesta su pesar por el fallecimiento de Juan Cueto | Cand\u00e1s 365","og:description":"El Gobierno de Asturias manifiesta su pesar por el fallecimiento de Juan Cueto Alas (Oviedo, 1942), una de las figuras m\u00e1s relevantes de la comunicaci\u00f3n espa\u00f1ola. El Ejecutivo, que hace constar sus condolencias a la familia y los amigos del polifac\u00e9tico intelectual, subraya la contribuci\u00f3n de Cueto al an\u00e1lisis y la evoluci\u00f3n de los medios.","og:url":"https:\/\/candas365.es\/noticias\/el-gobierno-del-principado-manifiesta-su-pesar-por-el-fallecimiento-de-juan-cueto\/","og:image":"https:\/\/candas365.es\/noticias\/wp-content\/uploads\/2018\/11\/RP-Consejo-Gobierno-1.jpg","og:image:secure_url":"https:\/\/candas365.es\/noticias\/wp-content\/uploads\/2018\/11\/RP-Consejo-Gobierno-1.jpg","og:image:width":1280,"og:image:height":870,"article:published_time":"2019-01-14T20:20:13+00:00","article:modified_time":"2019-01-14T20:20:13+00:00","article:publisher":"https:\/\/www.facebook.com\/Nachofdezber","article:author":"https:\/\/www.facebook.com\/carrenoactualidad","twitter:card":"summary_large_image","twitter:site":"@NabercoDigital","twitter:title":"El Gobierno del Principado manifiesta su pesar por el fallecimiento de Juan Cueto | Cand\u00e1s 365","twitter:description":"El Gobierno de Asturias manifiesta su pesar por el fallecimiento de Juan Cueto Alas (Oviedo, 1942), una de las figuras m\u00e1s relevantes de la comunicaci\u00f3n espa\u00f1ola. El Ejecutivo, que hace constar sus condolencias a la familia y los amigos del polifac\u00e9tico intelectual, subraya la contribuci\u00f3n de Cueto al an\u00e1lisis y la evoluci\u00f3n de los medios.","twitter:creator":"@nbasturias","twitter:image":"https:\/\/candas365.es\/noticias\/wp-content\/uploads\/2018\/11\/RP-Consejo-Gobierno-1.jpg","twitter:label1":"Escrito por","twitter:data1":"Cand\u00e1s 365","twitter:label2":"Tiempo de lectura estimado","twitter:data2":"1 minuto"},"aioseo_meta_data":{"post_id":"114218","title":null,"description":null,"keywords":null,"keyphrases":null,"primary_term":null,"canonical_url":null,"og_title":null,"og_description":null,"og_object_type":"default","og_image_type":"default","og_image_url":null,"og_image_width":null,"og_image_height":null,"og_image_custom_url":null,"og_image_custom_fields":null,"og_video":null,"og_custom_url":null,"og_article_section":null,"og_article_tags":null,"twitter_use_og":false,"twitter_card":"default","twitter_image_type":"default","twitter_image_url":null,"twitter_image_custom_url":null,"twitter_image_custom_fields":null,"twitter_title":null,"twitter_description":null,"schema":{"blockGraphs":[],"customGraphs":[],"default":{"data":{"Article":[],"Course":[],"Dataset":[],"FAQPage":[],"Movie":[],"Person":[],"Product":[],"ProductReview":[],"Car":[],"Recipe":[],"Service":[],"SoftwareApplication":[],"WebPage":[]},"graphName":"","isEnabled":true},"graphs":[],"defaultGraph":"","defaultPostTypeGraph":""},"schema_type":null,"schema_type_options":null,"pillar_content":false,"robots_default":true,"robots_noindex":false,"robots_noarchive":false,"robots_nosnippet":false,"robots_nofollow":false,"robots_noimageindex":false,"robots_noodp":false,"robots_notranslate":false,"robots_max_snippet":null,"robots_max_videopreview":null,"robots_max_imagepreview":"large","priority":null,"frequency":null,"location":null,"local_seo":null,"seo_analyzer_scan_date":"2025-08-29 00:45:28","breadcrumb_settings":null,"limit_modified_date":false,"reviewed_by":null,"open_ai":null,"ai":null,"created":"2020-12-21 11:24:55","updated":"2025-08-29 00:45:28"},"aioseo_breadcrumb":"<div class=\"aioseo-breadcrumbs\"><span class=\"aioseo-breadcrumb\">\n\t<a href=\"https:\/\/candas365.es\/noticias\" title=\"Home\">Home<\/a>\n<\/span><span class=\"aioseo-breadcrumb-separator\">&ndash;<\/span><span class=\"aioseo-breadcrumb\">\n\t<a href=\"https:\/\/candas365.es\/noticias\/category\/asturias\/\" title=\"Asturias\">Asturias<\/a>\n<\/span><span class=\"aioseo-breadcrumb-separator\">&ndash;<\/span><span class=\"aioseo-breadcrumb\">\n\tEl Gobierno del Principado manifiesta su pesar por el fallecimiento de Juan Cueto\n<\/span><\/div>","aioseo_breadcrumb_json":[{"label":"Home","link":"https:\/\/candas365.es\/noticias"},{"label":"Asturias","link":"https:\/\/candas365.es\/noticias\/category\/asturias\/"},{"label":"El Gobierno del Principado manifiesta su pesar por el fallecimiento de Juan Cueto","link":"https:\/\/candas365.es\/noticias\/el-gobierno-del-principado-manifiesta-su-pesar-por-el-fallecimiento-de-juan-cueto\/"}],"_links":{"self":[{"href":"https:\/\/candas365.es\/noticias\/wp-json\/wp\/v2\/posts\/114218","targetHints":{"allow":["GET"]}}],"collection":[{"href":"https:\/\/candas365.es\/noticias\/wp-json\/wp\/v2\/posts"}],"about":[{"href":"https:\/\/candas365.es\/noticias\/wp-json\/wp\/v2\/types\/post"}],"author":[{"embeddable":true,"href":"https:\/\/candas365.es\/noticias\/wp-json\/wp\/v2\/users\/1"}],"replies":[{"embeddable":true,"href":"https:\/\/candas365.es\/noticias\/wp-json\/wp\/v2\/comments?post=114218"}],"version-history":[{"count":0,"href":"https:\/\/candas365.es\/noticias\/wp-json\/wp\/v2\/posts\/114218\/revisions"}],"wp:featuredmedia":[{"embeddable":true,"href":"https:\/\/candas365.es\/noticias\/wp-json\/wp\/v2\/media\/110393"}],"wp:attachment":[{"href":"https:\/\/candas365.es\/noticias\/wp-json\/wp\/v2\/media?parent=114218"}],"wp:term":[{"taxonomy":"category","embeddable":true,"href":"https:\/\/candas365.es\/noticias\/wp-json\/wp\/v2\/categories?post=114218"},{"taxonomy":"post_tag","embeddable":true,"href":"https:\/\/candas365.es\/noticias\/wp-json\/wp\/v2\/tags?post=114218"}],"curies":[{"name":"wp","href":"https:\/\/api.w.org\/{rel}","templated":true}]}}