{"id":114215,"date":"2019-01-14T20:17:36","date_gmt":"2019-01-14T20:17:36","guid":{"rendered":"http:\/\/candas365.es\/noticias\/?p=114215"},"modified":"2019-01-14T20:17:36","modified_gmt":"2019-01-14T20:17:36","slug":"los-personajes-de-masha-y-el-oso-en-el-teatro-de-la-laboral","status":"publish","type":"post","link":"https:\/\/candas365.es\/noticias\/los-personajes-de-masha-y-el-oso-en-el-teatro-de-la-laboral\/","title":{"rendered":"Los personajes de Masha y el Oso, en el Teatro de la Laboral"},"content":{"rendered":"<p><img fetchpriority=\"high\" decoding=\"async\" class=\"alignleft size-medium wp-image-114216\" src=\"https:\/\/candas365.es\/noticias\/wp-content\/uploads\/2019\/01\/Masha-y-el-Oso-360x240.jpg\" alt=\"\" width=\"360\" height=\"240\" srcset=\"https:\/\/candas365.es\/noticias\/wp-content\/uploads\/2019\/01\/Masha-y-el-Oso-360x240.jpg 360w, https:\/\/candas365.es\/noticias\/wp-content\/uploads\/2019\/01\/Masha-y-el-Oso-768x512.jpg 768w, https:\/\/candas365.es\/noticias\/wp-content\/uploads\/2019\/01\/Masha-y-el-Oso-655x436.jpg 655w, https:\/\/candas365.es\/noticias\/wp-content\/uploads\/2019\/01\/Masha-y-el-Oso-696x464.jpg 696w, https:\/\/candas365.es\/noticias\/wp-content\/uploads\/2019\/01\/Masha-y-el-Oso-1068x712.jpg 1068w, https:\/\/candas365.es\/noticias\/wp-content\/uploads\/2019\/01\/Masha-y-el-Oso-630x420.jpg 630w, https:\/\/candas365.es\/noticias\/wp-content\/uploads\/2019\/01\/Masha-y-el-Oso.jpg 1280w\" sizes=\"(max-width: 360px) 100vw, 360px\" \/>El Teatro de la Laboral acoge dos funciones del espect\u00e1culo Rescate en el Circo con los personajes de Masha y el Oso el s\u00e1bado 19 de enero, a las 17:00 y 19:30 h.<\/p>\n<p>El p\u00fablico infantil y familiar podr\u00e1 disfrutar de sus personajes favoritos en vivo con una nueva aventura con divertidas canciones en la que conocer\u00e1n al personaje de Igor, un supuesto cazador de estrellas que, deseoso de encontrar el nuevo talento de su circo, decide llevarse a Oso. Lleno de l\u00e1grimas y abrazos, Oso partir\u00e1 hacia un nuevo mundo de aventuras y ovaciones, pero las cosas no son lo que parecen y Masha y sus amigos tendr\u00e1n que salvarle de los verdaderos planes de Igor.<\/p>\n<p>La serie Masha y el Oso es un fen\u00f3meno global con miles de fans en todo el mundo, convertido en un \u00e9xito familiar en multitud de pa\u00edses. Masha y El Oso se dirige de una manera divertida e inteligente a los m\u00e1s peque\u00f1os para hablarles sobre la verdadera amistad, la libertad de la creatividad y las habilidades b\u00e1sicas.<\/p>\n<p>Las entradas est\u00e1n disponibles a un precio de 24 \u20ac para foso, de 20 \u20ac para patio de butacas y palcos y de 16 \u20ac para anfiteatro. Las localidades se pueden adquirir en la Recepci\u00f3n de Laboral Ciudad de la Cultura, en la Oficina de Informaci\u00f3n Tur\u00edstica de Asturias en Oviedo (CITPA) en Oviedo, en el Centro Niemeyer en Avil\u00e9s, entradas.liberbank.es, en el 902 106 601 y en la red de cajeros Liberbank.<\/p>\n","protected":false},"excerpt":{"rendered":"<p>El Teatro de la Laboral acoge dos funciones del espect\u00e1culo Rescate en el Circo con los personajes de Masha y el Oso el s\u00e1bado 19 de enero, a las 17:00 y 19:30 h. El p\u00fablico infantil y familiar podr\u00e1 disfrutar de sus personajes favoritos en vivo con una nueva aventura con divertidas canciones en la<\/p>\n","protected":false},"author":1,"featured_media":114216,"comment_status":"closed","ping_status":"closed","sticky":false,"template":"","format":"standard","meta":{"footnotes":""},"categories":[1],"tags":[],"class_list":{"0":"post-114215","1":"post","2":"type-post","3":"status-publish","4":"format-standard","5":"has-post-thumbnail","7":"category-agenda"},"aioseo_notices":[],"aioseo_head":"\n\t\t<!-- All in One SEO Pro 4.9.6.2 - aioseo.com -->\n\t<meta name=\"description\" content=\"El Teatro de la Laboral acoge dos funciones del espect\u00e1culo Rescate en el Circo con los personajes de Masha y el Oso el s\u00e1bado 19 de enero, a las 17:00 y 19:30 h. El p\u00fablico infantil y familiar podr\u00e1 disfrutar de sus personajes favoritos en vivo con una nueva aventura con divertidas canciones en la\" \/>\n\t<meta name=\"robots\" content=\"max-image-preview:large\" \/>\n\t<meta name=\"author\" content=\"Cand\u00e1s 365\"\/>\n\t<meta name=\"google-site-verification\" content=\"UA-32230408-1\" \/>\n\t<meta name=\"msvalidate.01\" content=\"354F3CDFB2DA171B47FBE9ABF1F88D5\" \/>\n\t<meta name=\"keywords\" content=\"agenda\" \/>\n\t<link rel=\"canonical\" href=\"https:\/\/candas365.es\/noticias\/los-personajes-de-masha-y-el-oso-en-el-teatro-de-la-laboral\/\" \/>\n\t<meta name=\"generator\" content=\"All in One SEO Pro (AIOSEO) 4.9.6.2\" \/>\n\t\t<meta property=\"og:locale\" content=\"es_ES\" \/>\n\t\t<meta property=\"og:site_name\" content=\"Cand\u00e1s 365\" \/>\n\t\t<meta property=\"og:type\" content=\"article\" \/>\n\t\t<meta property=\"og:title\" content=\"Los personajes de Masha y el Oso, en el Teatro de la Laboral | Cand\u00e1s 365\" \/>\n\t\t<meta property=\"og:description\" content=\"El Teatro de la Laboral acoge dos funciones del espect\u00e1culo Rescate en el Circo con los personajes de Masha y el Oso el s\u00e1bado 19 de enero, a las 17:00 y 19:30 h. El p\u00fablico infantil y familiar podr\u00e1 disfrutar de sus personajes favoritos en vivo con una nueva aventura con divertidas canciones en la\" \/>\n\t\t<meta property=\"og:url\" content=\"https:\/\/candas365.es\/noticias\/los-personajes-de-masha-y-el-oso-en-el-teatro-de-la-laboral\/\" \/>\n\t\t<meta property=\"og:image\" content=\"https:\/\/candas365.es\/noticias\/wp-content\/uploads\/2019\/01\/Masha-y-el-Oso.jpg\" \/>\n\t\t<meta property=\"og:image:secure_url\" content=\"https:\/\/candas365.es\/noticias\/wp-content\/uploads\/2019\/01\/Masha-y-el-Oso.jpg\" \/>\n\t\t<meta property=\"og:image:width\" content=\"1280\" \/>\n\t\t<meta property=\"og:image:height\" content=\"853\" \/>\n\t\t<meta property=\"article:published_time\" content=\"2019-01-14T20:17:36+00:00\" \/>\n\t\t<meta property=\"article:modified_time\" content=\"2019-01-14T20:17:36+00:00\" \/>\n\t\t<meta property=\"article:publisher\" content=\"https:\/\/www.facebook.com\/Nachofdezber\" \/>\n\t\t<meta property=\"article:author\" content=\"https:\/\/www.facebook.com\/carrenoactualidad\" \/>\n\t\t<meta name=\"twitter:card\" content=\"summary_large_image\" \/>\n\t\t<meta name=\"twitter:site\" content=\"@NabercoDigital\" \/>\n\t\t<meta name=\"twitter:title\" content=\"Los personajes de Masha y el Oso, en el Teatro de la Laboral | Cand\u00e1s 365\" \/>\n\t\t<meta name=\"twitter:description\" content=\"El Teatro de la Laboral acoge dos funciones del espect\u00e1culo Rescate en el Circo con los personajes de Masha y el Oso el s\u00e1bado 19 de enero, a las 17:00 y 19:30 h. El p\u00fablico infantil y familiar podr\u00e1 disfrutar de sus personajes favoritos en vivo con una nueva aventura con divertidas canciones en la\" \/>\n\t\t<meta name=\"twitter:creator\" content=\"@nbasturias\" \/>\n\t\t<meta name=\"twitter:image\" content=\"https:\/\/candas365.es\/noticias\/wp-content\/uploads\/2019\/01\/Masha-y-el-Oso.jpg\" \/>\n\t\t<meta name=\"twitter:label1\" content=\"Escrito por\" \/>\n\t\t<meta name=\"twitter:data1\" content=\"Cand\u00e1s 365\" \/>\n\t\t<meta name=\"twitter:label2\" content=\"Tiempo de lectura estimado\" \/>\n\t\t<meta name=\"twitter:data2\" content=\"1 minuto\" \/>\n\t\t<script type=\"application\/ld+json\" class=\"aioseo-schema\">\n\t\t\t{\"@context\":\"https:\\\/\\\/schema.org\",\"@graph\":[{\"@type\":\"BreadcrumbList\",\"@id\":\"https:\\\/\\\/candas365.es\\\/noticias\\\/los-personajes-de-masha-y-el-oso-en-el-teatro-de-la-laboral\\\/#breadcrumblist\",\"itemListElement\":[{\"@type\":\"ListItem\",\"@id\":\"https:\\\/\\\/candas365.es\\\/noticias#listItem\",\"position\":1,\"name\":\"Home\",\"item\":\"https:\\\/\\\/candas365.es\\\/noticias\",\"nextItem\":{\"@type\":\"ListItem\",\"@id\":\"https:\\\/\\\/candas365.es\\\/noticias\\\/category\\\/agenda\\\/#listItem\",\"name\":\"Agenda\"}},{\"@type\":\"ListItem\",\"@id\":\"https:\\\/\\\/candas365.es\\\/noticias\\\/category\\\/agenda\\\/#listItem\",\"position\":2,\"name\":\"Agenda\",\"item\":\"https:\\\/\\\/candas365.es\\\/noticias\\\/category\\\/agenda\\\/\",\"nextItem\":{\"@type\":\"ListItem\",\"@id\":\"https:\\\/\\\/candas365.es\\\/noticias\\\/los-personajes-de-masha-y-el-oso-en-el-teatro-de-la-laboral\\\/#listItem\",\"name\":\"Los personajes de Masha y el Oso, en el Teatro de la Laboral\"},\"previousItem\":{\"@type\":\"ListItem\",\"@id\":\"https:\\\/\\\/candas365.es\\\/noticias#listItem\",\"name\":\"Home\"}},{\"@type\":\"ListItem\",\"@id\":\"https:\\\/\\\/candas365.es\\\/noticias\\\/los-personajes-de-masha-y-el-oso-en-el-teatro-de-la-laboral\\\/#listItem\",\"position\":3,\"name\":\"Los personajes de Masha y el Oso, en el Teatro de la Laboral\",\"previousItem\":{\"@type\":\"ListItem\",\"@id\":\"https:\\\/\\\/candas365.es\\\/noticias\\\/category\\\/agenda\\\/#listItem\",\"name\":\"Agenda\"}}]},{\"@type\":\"NewsArticle\",\"@id\":\"https:\\\/\\\/candas365.es\\\/noticias\\\/los-personajes-de-masha-y-el-oso-en-el-teatro-de-la-laboral\\\/#newsarticle\",\"name\":\"Los personajes de Masha y el Oso, en el Teatro de la Laboral | Cand\\u00e1s 365\",\"headline\":\"Los personajes de Masha y el Oso, en el Teatro de la Laboral\",\"author\":{\"@id\":\"https:\\\/\\\/candas365.es\\\/noticias\\\/author\\\/admin\\\/#author\"},\"publisher\":{\"@id\":\"https:\\\/\\\/candas365.es\\\/noticias\\\/#organization\"},\"image\":{\"@type\":\"ImageObject\",\"url\":\"https:\\\/\\\/candas365.es\\\/noticias\\\/wp-content\\\/uploads\\\/2019\\\/01\\\/Masha-y-el-Oso.jpg\",\"width\":1280,\"height\":853},\"datePublished\":\"2019-01-14T20:17:36+01:00\",\"dateModified\":\"2019-01-14T20:17:36+01:00\",\"inLanguage\":\"es-ES\",\"mainEntityOfPage\":{\"@id\":\"https:\\\/\\\/candas365.es\\\/noticias\\\/los-personajes-de-masha-y-el-oso-en-el-teatro-de-la-laboral\\\/#webpage\"},\"isPartOf\":{\"@id\":\"https:\\\/\\\/candas365.es\\\/noticias\\\/los-personajes-de-masha-y-el-oso-en-el-teatro-de-la-laboral\\\/#webpage\"},\"articleSection\":\"Agenda\",\"dateline\":\"Publicado el enero 14, 2019.\"},{\"@type\":\"Organization\",\"@id\":\"https:\\\/\\\/candas365.es\\\/noticias\\\/#organization\",\"name\":\"Cand\\u00e1s 365\",\"description\":\"Cand\\u00e1s 365 es un diario digital independiente, fundado en 2012, con base en Asturias. Informamos con rigor sobre actualidad, sociedad, cultura y ocio, con una mirada local y global.\",\"url\":\"https:\\\/\\\/candas365.es\\\/noticias\\\/\",\"email\":\"info@candas365.es\",\"telephone\":\"+34652131393\",\"foundingDate\":\"2012-06-10\",\"logo\":{\"@type\":\"ImageObject\",\"url\":\"https:\\\/\\\/candas365.es\\\/noticias\\\/wp-content\\\/uploads\\\/2024\\\/09\\\/Candas-365-Redes.jpg\",\"@id\":\"https:\\\/\\\/candas365.es\\\/noticias\\\/los-personajes-de-masha-y-el-oso-en-el-teatro-de-la-laboral\\\/#organizationLogo\",\"width\":1152,\"height\":864,\"caption\":\"Cand\\u00e1s 365 Redes\"},\"image\":{\"@id\":\"https:\\\/\\\/candas365.es\\\/noticias\\\/los-personajes-de-masha-y-el-oso-en-el-teatro-de-la-laboral\\\/#organizationLogo\"},\"sameAs\":[\"https:\\\/\\\/www.facebook.com\\\/Nachofdezber\",\"https:\\\/\\\/x.com\\\/NabercoDigital\",\"https:\\\/\\\/www.instagram.com\\\/nachofdezber\\\/\",\"https:\\\/\\\/www.youtube.com\\\/channel\\\/UCZP-2wLEB9Rv6erhFmqVnvg\"],\"address\":{\"@id\":\"https:\\\/\\\/candas365.es\\\/noticias\\\/#postaladdress\",\"@type\":\"PostalAddress\",\"streetAddress\":\"san antonio 4, san antonio 4\",\"postalCode\":\"33430\",\"addressLocality\":\"Cand\\u00e1s\",\"addressRegion\":\"Asturias\",\"addressCountry\":\"ES\"}},{\"@type\":\"Person\",\"@id\":\"https:\\\/\\\/candas365.es\\\/noticias\\\/author\\\/admin\\\/#author\",\"url\":\"https:\\\/\\\/candas365.es\\\/noticias\\\/author\\\/admin\\\/\",\"name\":\"Cand\\u00e1s 365\",\"image\":{\"@type\":\"ImageObject\",\"@id\":\"https:\\\/\\\/candas365.es\\\/noticias\\\/los-personajes-de-masha-y-el-oso-en-el-teatro-de-la-laboral\\\/#authorImage\",\"url\":\"https:\\\/\\\/secure.gravatar.com\\\/avatar\\\/496a8e03d0c493ede1718b7934145dbdf8d89be1036b0eec9544e1094c9de390?s=96&d=mm&r=g\",\"width\":96,\"height\":96,\"caption\":\"Cand\\u00e1s 365\"},\"sameAs\":[\"https:\\\/\\\/www.facebook.com\\\/carrenoactualidad\",\"https:\\\/\\\/twitter.com\\\/nbasturias\",\"https:\\\/\\\/www.instagram.com\\\/nachofdezber\\\/\",\"https:\\\/\\\/www.youtube.com\\\/channel\\\/UCZP-2wLEB9Rv6erhFmqVnvg\"]},{\"@type\":\"WebPage\",\"@id\":\"https:\\\/\\\/candas365.es\\\/noticias\\\/los-personajes-de-masha-y-el-oso-en-el-teatro-de-la-laboral\\\/#webpage\",\"url\":\"https:\\\/\\\/candas365.es\\\/noticias\\\/los-personajes-de-masha-y-el-oso-en-el-teatro-de-la-laboral\\\/\",\"name\":\"Los personajes de Masha y el Oso, en el Teatro de la Laboral | Cand\\u00e1s 365\",\"description\":\"El Teatro de la Laboral acoge dos funciones del espect\\u00e1culo Rescate en el Circo con los personajes de Masha y el Oso el s\\u00e1bado 19 de enero, a las 17:00 y 19:30 h. El p\\u00fablico infantil y familiar podr\\u00e1 disfrutar de sus personajes favoritos en vivo con una nueva aventura con divertidas canciones en la\",\"inLanguage\":\"es-ES\",\"isPartOf\":{\"@id\":\"https:\\\/\\\/candas365.es\\\/noticias\\\/#website\"},\"breadcrumb\":{\"@id\":\"https:\\\/\\\/candas365.es\\\/noticias\\\/los-personajes-de-masha-y-el-oso-en-el-teatro-de-la-laboral\\\/#breadcrumblist\"},\"author\":{\"@id\":\"https:\\\/\\\/candas365.es\\\/noticias\\\/author\\\/admin\\\/#author\"},\"creator\":{\"@id\":\"https:\\\/\\\/candas365.es\\\/noticias\\\/author\\\/admin\\\/#author\"},\"image\":{\"@type\":\"ImageObject\",\"url\":\"https:\\\/\\\/candas365.es\\\/noticias\\\/wp-content\\\/uploads\\\/2019\\\/01\\\/Masha-y-el-Oso.jpg\",\"@id\":\"https:\\\/\\\/candas365.es\\\/noticias\\\/los-personajes-de-masha-y-el-oso-en-el-teatro-de-la-laboral\\\/#mainImage\",\"width\":1280,\"height\":853},\"primaryImageOfPage\":{\"@id\":\"https:\\\/\\\/candas365.es\\\/noticias\\\/los-personajes-de-masha-y-el-oso-en-el-teatro-de-la-laboral\\\/#mainImage\"},\"datePublished\":\"2019-01-14T20:17:36+01:00\",\"dateModified\":\"2019-01-14T20:17:36+01:00\"},{\"@type\":\"WebSite\",\"@id\":\"https:\\\/\\\/candas365.es\\\/noticias\\\/#website\",\"url\":\"https:\\\/\\\/candas365.es\\\/noticias\\\/\",\"name\":\"Cand\\u00e1s 365\",\"alternateName\":\"Cand\\u00e1s 365 Noticias\",\"description\":\"Actualidad desde Carre\\u00f1o para el mundo\",\"inLanguage\":\"es-ES\",\"publisher\":{\"@id\":\"https:\\\/\\\/candas365.es\\\/noticias\\\/#organization\"}}]}\n\t\t<\/script>\n\t\t<!-- All in One SEO Pro -->\r\n\t\t<title>Los personajes de Masha y el Oso, en el Teatro de la Laboral | Cand\u00e1s 365<\/title>\n\n","aioseo_head_json":{"title":"Los personajes de Masha y el Oso, en el Teatro de la Laboral | Cand\u00e1s 365","description":"El Teatro de la Laboral acoge dos funciones del espect\u00e1culo Rescate en el Circo con los personajes de Masha y el Oso el s\u00e1bado 19 de enero, a las 17:00 y 19:30 h. El p\u00fablico infantil y familiar podr\u00e1 disfrutar de sus personajes favoritos en vivo con una nueva aventura con divertidas canciones en la","canonical_url":"https:\/\/candas365.es\/noticias\/los-personajes-de-masha-y-el-oso-en-el-teatro-de-la-laboral\/","robots":"max-image-preview:large","keywords":"agenda","webmasterTools":{"google-site-verification":"UA-32230408-1","msvalidate.01":"354F3CDFB2DA171B47FBE9ABF1F88D5","miscellaneous":""},"schema":{"@context":"https:\/\/schema.org","@graph":[{"@type":"BreadcrumbList","@id":"https:\/\/candas365.es\/noticias\/los-personajes-de-masha-y-el-oso-en-el-teatro-de-la-laboral\/#breadcrumblist","itemListElement":[{"@type":"ListItem","@id":"https:\/\/candas365.es\/noticias#listItem","position":1,"name":"Home","item":"https:\/\/candas365.es\/noticias","nextItem":{"@type":"ListItem","@id":"https:\/\/candas365.es\/noticias\/category\/agenda\/#listItem","name":"Agenda"}},{"@type":"ListItem","@id":"https:\/\/candas365.es\/noticias\/category\/agenda\/#listItem","position":2,"name":"Agenda","item":"https:\/\/candas365.es\/noticias\/category\/agenda\/","nextItem":{"@type":"ListItem","@id":"https:\/\/candas365.es\/noticias\/los-personajes-de-masha-y-el-oso-en-el-teatro-de-la-laboral\/#listItem","name":"Los personajes de Masha y el Oso, en el Teatro de la Laboral"},"previousItem":{"@type":"ListItem","@id":"https:\/\/candas365.es\/noticias#listItem","name":"Home"}},{"@type":"ListItem","@id":"https:\/\/candas365.es\/noticias\/los-personajes-de-masha-y-el-oso-en-el-teatro-de-la-laboral\/#listItem","position":3,"name":"Los personajes de Masha y el Oso, en el Teatro de la Laboral","previousItem":{"@type":"ListItem","@id":"https:\/\/candas365.es\/noticias\/category\/agenda\/#listItem","name":"Agenda"}}]},{"@type":"NewsArticle","@id":"https:\/\/candas365.es\/noticias\/los-personajes-de-masha-y-el-oso-en-el-teatro-de-la-laboral\/#newsarticle","name":"Los personajes de Masha y el Oso, en el Teatro de la Laboral | Cand\u00e1s 365","headline":"Los personajes de Masha y el Oso, en el Teatro de la Laboral","author":{"@id":"https:\/\/candas365.es\/noticias\/author\/admin\/#author"},"publisher":{"@id":"https:\/\/candas365.es\/noticias\/#organization"},"image":{"@type":"ImageObject","url":"https:\/\/candas365.es\/noticias\/wp-content\/uploads\/2019\/01\/Masha-y-el-Oso.jpg","width":1280,"height":853},"datePublished":"2019-01-14T20:17:36+01:00","dateModified":"2019-01-14T20:17:36+01:00","inLanguage":"es-ES","mainEntityOfPage":{"@id":"https:\/\/candas365.es\/noticias\/los-personajes-de-masha-y-el-oso-en-el-teatro-de-la-laboral\/#webpage"},"isPartOf":{"@id":"https:\/\/candas365.es\/noticias\/los-personajes-de-masha-y-el-oso-en-el-teatro-de-la-laboral\/#webpage"},"articleSection":"Agenda","dateline":"Publicado el enero 14, 2019."},{"@type":"Organization","@id":"https:\/\/candas365.es\/noticias\/#organization","name":"Cand\u00e1s 365","description":"Cand\u00e1s 365 es un diario digital independiente, fundado en 2012, con base en Asturias. Informamos con rigor sobre actualidad, sociedad, cultura y ocio, con una mirada local y global.","url":"https:\/\/candas365.es\/noticias\/","email":"info@candas365.es","telephone":"+34652131393","foundingDate":"2012-06-10","logo":{"@type":"ImageObject","url":"https:\/\/candas365.es\/noticias\/wp-content\/uploads\/2024\/09\/Candas-365-Redes.jpg","@id":"https:\/\/candas365.es\/noticias\/los-personajes-de-masha-y-el-oso-en-el-teatro-de-la-laboral\/#organizationLogo","width":1152,"height":864,"caption":"Cand\u00e1s 365 Redes"},"image":{"@id":"https:\/\/candas365.es\/noticias\/los-personajes-de-masha-y-el-oso-en-el-teatro-de-la-laboral\/#organizationLogo"},"sameAs":["https:\/\/www.facebook.com\/Nachofdezber","https:\/\/x.com\/NabercoDigital","https:\/\/www.instagram.com\/nachofdezber\/","https:\/\/www.youtube.com\/channel\/UCZP-2wLEB9Rv6erhFmqVnvg"],"address":{"@id":"https:\/\/candas365.es\/noticias\/#postaladdress","@type":"PostalAddress","streetAddress":"san antonio 4, san antonio 4","postalCode":"33430","addressLocality":"Cand\u00e1s","addressRegion":"Asturias","addressCountry":"ES"}},{"@type":"Person","@id":"https:\/\/candas365.es\/noticias\/author\/admin\/#author","url":"https:\/\/candas365.es\/noticias\/author\/admin\/","name":"Cand\u00e1s 365","image":{"@type":"ImageObject","@id":"https:\/\/candas365.es\/noticias\/los-personajes-de-masha-y-el-oso-en-el-teatro-de-la-laboral\/#authorImage","url":"https:\/\/secure.gravatar.com\/avatar\/496a8e03d0c493ede1718b7934145dbdf8d89be1036b0eec9544e1094c9de390?s=96&d=mm&r=g","width":96,"height":96,"caption":"Cand\u00e1s 365"},"sameAs":["https:\/\/www.facebook.com\/carrenoactualidad","https:\/\/twitter.com\/nbasturias","https:\/\/www.instagram.com\/nachofdezber\/","https:\/\/www.youtube.com\/channel\/UCZP-2wLEB9Rv6erhFmqVnvg"]},{"@type":"WebPage","@id":"https:\/\/candas365.es\/noticias\/los-personajes-de-masha-y-el-oso-en-el-teatro-de-la-laboral\/#webpage","url":"https:\/\/candas365.es\/noticias\/los-personajes-de-masha-y-el-oso-en-el-teatro-de-la-laboral\/","name":"Los personajes de Masha y el Oso, en el Teatro de la Laboral | Cand\u00e1s 365","description":"El Teatro de la Laboral acoge dos funciones del espect\u00e1culo Rescate en el Circo con los personajes de Masha y el Oso el s\u00e1bado 19 de enero, a las 17:00 y 19:30 h. El p\u00fablico infantil y familiar podr\u00e1 disfrutar de sus personajes favoritos en vivo con una nueva aventura con divertidas canciones en la","inLanguage":"es-ES","isPartOf":{"@id":"https:\/\/candas365.es\/noticias\/#website"},"breadcrumb":{"@id":"https:\/\/candas365.es\/noticias\/los-personajes-de-masha-y-el-oso-en-el-teatro-de-la-laboral\/#breadcrumblist"},"author":{"@id":"https:\/\/candas365.es\/noticias\/author\/admin\/#author"},"creator":{"@id":"https:\/\/candas365.es\/noticias\/author\/admin\/#author"},"image":{"@type":"ImageObject","url":"https:\/\/candas365.es\/noticias\/wp-content\/uploads\/2019\/01\/Masha-y-el-Oso.jpg","@id":"https:\/\/candas365.es\/noticias\/los-personajes-de-masha-y-el-oso-en-el-teatro-de-la-laboral\/#mainImage","width":1280,"height":853},"primaryImageOfPage":{"@id":"https:\/\/candas365.es\/noticias\/los-personajes-de-masha-y-el-oso-en-el-teatro-de-la-laboral\/#mainImage"},"datePublished":"2019-01-14T20:17:36+01:00","dateModified":"2019-01-14T20:17:36+01:00"},{"@type":"WebSite","@id":"https:\/\/candas365.es\/noticias\/#website","url":"https:\/\/candas365.es\/noticias\/","name":"Cand\u00e1s 365","alternateName":"Cand\u00e1s 365 Noticias","description":"Actualidad desde Carre\u00f1o para el mundo","inLanguage":"es-ES","publisher":{"@id":"https:\/\/candas365.es\/noticias\/#organization"}}]},"og:locale":"es_ES","og:site_name":"Cand\u00e1s 365","og:type":"article","og:title":"Los personajes de Masha y el Oso, en el Teatro de la Laboral | Cand\u00e1s 365","og:description":"El Teatro de la Laboral acoge dos funciones del espect\u00e1culo Rescate en el Circo con los personajes de Masha y el Oso el s\u00e1bado 19 de enero, a las 17:00 y 19:30 h. El p\u00fablico infantil y familiar podr\u00e1 disfrutar de sus personajes favoritos en vivo con una nueva aventura con divertidas canciones en la","og:url":"https:\/\/candas365.es\/noticias\/los-personajes-de-masha-y-el-oso-en-el-teatro-de-la-laboral\/","og:image":"https:\/\/candas365.es\/noticias\/wp-content\/uploads\/2019\/01\/Masha-y-el-Oso.jpg","og:image:secure_url":"https:\/\/candas365.es\/noticias\/wp-content\/uploads\/2019\/01\/Masha-y-el-Oso.jpg","og:image:width":1280,"og:image:height":853,"article:published_time":"2019-01-14T20:17:36+00:00","article:modified_time":"2019-01-14T20:17:36+00:00","article:publisher":"https:\/\/www.facebook.com\/Nachofdezber","article:author":"https:\/\/www.facebook.com\/carrenoactualidad","twitter:card":"summary_large_image","twitter:site":"@NabercoDigital","twitter:title":"Los personajes de Masha y el Oso, en el Teatro de la Laboral | Cand\u00e1s 365","twitter:description":"El Teatro de la Laboral acoge dos funciones del espect\u00e1culo Rescate en el Circo con los personajes de Masha y el Oso el s\u00e1bado 19 de enero, a las 17:00 y 19:30 h. El p\u00fablico infantil y familiar podr\u00e1 disfrutar de sus personajes favoritos en vivo con una nueva aventura con divertidas canciones en la","twitter:creator":"@nbasturias","twitter:image":"https:\/\/candas365.es\/noticias\/wp-content\/uploads\/2019\/01\/Masha-y-el-Oso.jpg","twitter:label1":"Escrito por","twitter:data1":"Cand\u00e1s 365","twitter:label2":"Tiempo de lectura estimado","twitter:data2":"1 minuto"},"aioseo_meta_data":{"post_id":"114215","title":null,"description":null,"keywords":null,"keyphrases":null,"primary_term":null,"canonical_url":null,"og_title":null,"og_description":null,"og_object_type":"default","og_image_type":"default","og_image_url":null,"og_image_width":null,"og_image_height":null,"og_image_custom_url":null,"og_image_custom_fields":null,"og_video":null,"og_custom_url":null,"og_article_section":null,"og_article_tags":null,"twitter_use_og":false,"twitter_card":"default","twitter_image_type":"default","twitter_image_url":null,"twitter_image_custom_url":null,"twitter_image_custom_fields":null,"twitter_title":null,"twitter_description":null,"schema":{"blockGraphs":[],"customGraphs":[],"default":{"data":{"Article":[],"Course":[],"Dataset":[],"FAQPage":[],"Movie":[],"Person":[],"Product":[],"ProductReview":[],"Car":[],"Recipe":[],"Service":[],"SoftwareApplication":[],"WebPage":[]},"graphName":"","isEnabled":true},"graphs":[]},"schema_type":null,"schema_type_options":null,"pillar_content":false,"robots_default":true,"robots_noindex":false,"robots_noarchive":false,"robots_nosnippet":false,"robots_nofollow":false,"robots_noimageindex":false,"robots_noodp":false,"robots_notranslate":false,"robots_max_snippet":null,"robots_max_videopreview":null,"robots_max_imagepreview":"large","priority":null,"frequency":null,"location":null,"local_seo":null,"seo_analyzer_scan_date":"2025-08-29 00:45:27","breadcrumb_settings":null,"limit_modified_date":false,"reviewed_by":null,"open_ai":null,"ai":null,"created":"2020-12-21 11:24:55","updated":"2025-08-29 00:45:27"},"aioseo_breadcrumb":"<div class=\"aioseo-breadcrumbs\"><span class=\"aioseo-breadcrumb\">\n\t<a href=\"https:\/\/candas365.es\/noticias\" title=\"Home\">Home<\/a>\n<\/span><span class=\"aioseo-breadcrumb-separator\">&ndash;<\/span><span class=\"aioseo-breadcrumb\">\n\t<a href=\"https:\/\/candas365.es\/noticias\/category\/agenda\/\" title=\"Agenda\">Agenda<\/a>\n<\/span><span class=\"aioseo-breadcrumb-separator\">&ndash;<\/span><span class=\"aioseo-breadcrumb\">\n\tLos personajes de Masha y el Oso, en el Teatro de la Laboral\n<\/span><\/div>","aioseo_breadcrumb_json":[{"label":"Home","link":"https:\/\/candas365.es\/noticias"},{"label":"Agenda","link":"https:\/\/candas365.es\/noticias\/category\/agenda\/"},{"label":"Los personajes de Masha y el Oso, en el Teatro de la Laboral","link":"https:\/\/candas365.es\/noticias\/los-personajes-de-masha-y-el-oso-en-el-teatro-de-la-laboral\/"}],"_links":{"self":[{"href":"https:\/\/candas365.es\/noticias\/wp-json\/wp\/v2\/posts\/114215","targetHints":{"allow":["GET"]}}],"collection":[{"href":"https:\/\/candas365.es\/noticias\/wp-json\/wp\/v2\/posts"}],"about":[{"href":"https:\/\/candas365.es\/noticias\/wp-json\/wp\/v2\/types\/post"}],"author":[{"embeddable":true,"href":"https:\/\/candas365.es\/noticias\/wp-json\/wp\/v2\/users\/1"}],"replies":[{"embeddable":true,"href":"https:\/\/candas365.es\/noticias\/wp-json\/wp\/v2\/comments?post=114215"}],"version-history":[{"count":0,"href":"https:\/\/candas365.es\/noticias\/wp-json\/wp\/v2\/posts\/114215\/revisions"}],"wp:featuredmedia":[{"embeddable":true,"href":"https:\/\/candas365.es\/noticias\/wp-json\/wp\/v2\/media\/114216"}],"wp:attachment":[{"href":"https:\/\/candas365.es\/noticias\/wp-json\/wp\/v2\/media?parent=114215"}],"wp:term":[{"taxonomy":"category","embeddable":true,"href":"https:\/\/candas365.es\/noticias\/wp-json\/wp\/v2\/categories?post=114215"},{"taxonomy":"post_tag","embeddable":true,"href":"https:\/\/candas365.es\/noticias\/wp-json\/wp\/v2\/tags?post=114215"}],"curies":[{"name":"wp","href":"https:\/\/api.w.org\/{rel}","templated":true}]}}