{"id":114212,"date":"2019-01-14T20:14:36","date_gmt":"2019-01-14T20:14:36","guid":{"rendered":"http:\/\/candas365.es\/noticias\/?p=114212"},"modified":"2019-01-14T20:14:37","modified_gmt":"2019-01-14T20:14:37","slug":"kerber-logra-la-unica-victoria-alemana-en-el-abierto-de-australia","status":"publish","type":"post","link":"https:\/\/candas365.es\/noticias\/kerber-logra-la-unica-victoria-alemana-en-el-abierto-de-australia\/","title":{"rendered":"Kerber logra la \u00fanica victoria alemana en el Abierto de Australia"},"content":{"rendered":"<figure id=\"attachment_114213\" aria-describedby=\"caption-attachment-114213\" style=\"width: 360px\" class=\"wp-caption alignleft\"><img fetchpriority=\"high\" decoding=\"async\" class=\"size-medium wp-image-114213\" src=\"https:\/\/candas365.es\/noticias\/wp-content\/uploads\/2019\/01\/Kerber-360x240.jpg\" alt=\"\" width=\"360\" height=\"240\" srcset=\"https:\/\/candas365.es\/noticias\/wp-content\/uploads\/2019\/01\/Kerber-360x240.jpg 360w, https:\/\/candas365.es\/noticias\/wp-content\/uploads\/2019\/01\/Kerber-768x511.jpg 768w, https:\/\/candas365.es\/noticias\/wp-content\/uploads\/2019\/01\/Kerber-655x436.jpg 655w, https:\/\/candas365.es\/noticias\/wp-content\/uploads\/2019\/01\/Kerber-696x463.jpg 696w, https:\/\/candas365.es\/noticias\/wp-content\/uploads\/2019\/01\/Kerber-631x420.jpg 631w, https:\/\/candas365.es\/noticias\/wp-content\/uploads\/2019\/01\/Kerber.jpg 1020w\" sizes=\"(max-width: 360px) 100vw, 360px\" \/><figcaption id=\"caption-attachment-114213\" class=\"wp-caption-text\">Foto: Frank Molter\/dpa<\/figcaption><\/figure>\n<p>Melbourne (Australia), 14 ene (dpa) &#8211; La tenista n\u00famero dos mundial, Angelique Kerber, asegur\u00f3 la \u00fanica victoria alemana en la jornada inaugural del Abierto de Australia al derrotar con comodidad a la eslovena Polona Hercog por 6-2, 6-2 y se clasific\u00f3 para la segunda ronda del primer Grand Slam del a\u00f1o.<\/p>\n<p>Por su parte, Julia G\u00f6rges cay\u00f3 hoy de forma sorpresiva en su debut en Melbourne ante la estadounidense Danielle Collins por 6-2, 6-7 (5-7) y 4-6 y qued\u00f3 apeada del primer Grand Slam de 2019.<\/p>\n<p>Adem\u00e1s, Andrea Petkovic perdi\u00f3 por 7-6 (7-3), 3-4 y 30-40 contra la rumana Irina-Camelia Begu. En un d\u00eda con temperaturas de m\u00e1s de 30 grados en Melbourne, Petkovic sufri\u00f3 problemas f\u00edsicos y mareos.<\/p>\n<p>Permaneci\u00f3 varios minutos tumbada en la cancha y s\u00f3lo pudo sentarse en una silla con la ayuda de otra persona. Finalmente, la germana no pudo continuar el partido y felicit\u00f3 a su rival Begu.<\/p>\n<p>Kerber, ganadora del Abierto de Australia en 2016, se enfrentar\u00e1 ahora a la brasile\u00f1a Beatriz Haddad Maia. \u00abEste es un lugar especial para m\u00ed, todo comenz\u00f3 aqu\u00ed\u00bb, dijo Kerber en la cancha Rod Laver, donde gan\u00f3 el primero de sus tres t\u00edtulos de Grand Slam y anunci\u00f3: \u00abIntentar\u00e9 seguir jugando as\u00ed como el a\u00f1o pasado\u00bb.<\/p>\n<p>Respecto a la representaci\u00f3n masculina, a las derrotas de Rudi Molleker y Peter Gojowczyk se a\u00f1adi\u00f3 la de Jan-Lennard Struff. El jugador alem\u00e1n de Copa Davis perdi\u00f3 6-1, 4-6, 3-6 y 4-6 contra el australiano Matthew Ebden.<\/p>\n<p>Struff desaprovech\u00f3 una ventaja en el segundo set de 4-1 y termin\u00f3 cediendo contra el jugador local que remont\u00f3 el encuentro tras la victoria en el primer set del alem\u00e1n.<\/p>\n<p>Un total de 13 tenistas alemanes se clasificaron para iniciar para el Abierto de Australia. El martes, siete de ellos tendr\u00e1n la oportunidad de pasar a la segunda ronda, entre ellos Alexander Zverev.<\/p>\n","protected":false},"excerpt":{"rendered":"<p>Melbourne (Australia), 14 ene (dpa) &#8211; La tenista n\u00famero dos mundial, Angelique Kerber, asegur\u00f3 la \u00fanica victoria alemana en la jornada inaugural del Abierto de Australia al derrotar con comodidad a la eslovena Polona Hercog por 6-2, 6-2 y se clasific\u00f3 para la segunda ronda del primer Grand Slam del a\u00f1o. Por su parte, Julia<\/p>\n","protected":false},"author":1,"featured_media":114213,"comment_status":"closed","ping_status":"closed","sticky":false,"template":"","format":"standard","meta":{"footnotes":""},"categories":[319],"tags":[],"class_list":{"0":"post-114212","1":"post","2":"type-post","3":"status-publish","4":"format-standard","5":"has-post-thumbnail","7":"category-deporte"},"aioseo_notices":[],"aioseo_head":"\n\t\t<!-- All in One SEO Pro 4.9.6.2 - aioseo.com -->\n\t<meta name=\"description\" content=\"Melbourne (Australia), 14 ene (dpa) - La tenista n\u00famero dos mundial, Angelique Kerber, asegur\u00f3 la \u00fanica victoria alemana en la jornada inaugural del Abierto de Australia al derrotar con comodidad a la eslovena Polona Hercog por 6-2, 6-2 y se clasific\u00f3 para la segunda ronda del primer Grand Slam del a\u00f1o. Por su parte, Julia\" \/>\n\t<meta name=\"robots\" content=\"max-image-preview:large\" \/>\n\t<meta name=\"author\" content=\"Cand\u00e1s 365\"\/>\n\t<meta name=\"google-site-verification\" content=\"UA-32230408-1\" \/>\n\t<meta name=\"msvalidate.01\" content=\"354F3CDFB2DA171B47FBE9ABF1F88D5\" \/>\n\t<meta name=\"keywords\" content=\"deporte\" \/>\n\t<link rel=\"canonical\" href=\"https:\/\/candas365.es\/noticias\/kerber-logra-la-unica-victoria-alemana-en-el-abierto-de-australia\/\" \/>\n\t<meta name=\"generator\" content=\"All in One SEO Pro (AIOSEO) 4.9.6.2\" \/>\n\t\t<meta property=\"og:locale\" content=\"es_ES\" \/>\n\t\t<meta property=\"og:site_name\" content=\"Cand\u00e1s 365\" \/>\n\t\t<meta property=\"og:type\" content=\"article\" \/>\n\t\t<meta property=\"og:title\" content=\"Kerber logra la \u00fanica victoria alemana en el Abierto de Australia | Cand\u00e1s 365\" \/>\n\t\t<meta property=\"og:description\" content=\"Melbourne (Australia), 14 ene (dpa) - La tenista n\u00famero dos mundial, Angelique Kerber, asegur\u00f3 la \u00fanica victoria alemana en la jornada inaugural del Abierto de Australia al derrotar con comodidad a la eslovena Polona Hercog por 6-2, 6-2 y se clasific\u00f3 para la segunda ronda del primer Grand Slam del a\u00f1o. Por su parte, Julia\" \/>\n\t\t<meta property=\"og:url\" content=\"https:\/\/candas365.es\/noticias\/kerber-logra-la-unica-victoria-alemana-en-el-abierto-de-australia\/\" \/>\n\t\t<meta property=\"og:image\" content=\"https:\/\/candas365.es\/noticias\/wp-content\/uploads\/2019\/01\/Kerber.jpg\" \/>\n\t\t<meta property=\"og:image:secure_url\" content=\"https:\/\/candas365.es\/noticias\/wp-content\/uploads\/2019\/01\/Kerber.jpg\" \/>\n\t\t<meta property=\"og:image:width\" content=\"1020\" \/>\n\t\t<meta property=\"og:image:height\" content=\"679\" \/>\n\t\t<meta property=\"article:published_time\" content=\"2019-01-14T20:14:36+00:00\" \/>\n\t\t<meta property=\"article:modified_time\" content=\"2019-01-14T20:14:37+00:00\" \/>\n\t\t<meta property=\"article:publisher\" content=\"https:\/\/www.facebook.com\/Nachofdezber\" \/>\n\t\t<meta property=\"article:author\" content=\"https:\/\/www.facebook.com\/carrenoactualidad\" \/>\n\t\t<meta name=\"twitter:card\" content=\"summary_large_image\" \/>\n\t\t<meta name=\"twitter:site\" content=\"@NabercoDigital\" \/>\n\t\t<meta name=\"twitter:title\" content=\"Kerber logra la \u00fanica victoria alemana en el Abierto de Australia | Cand\u00e1s 365\" \/>\n\t\t<meta name=\"twitter:description\" content=\"Melbourne (Australia), 14 ene (dpa) - La tenista n\u00famero dos mundial, Angelique Kerber, asegur\u00f3 la \u00fanica victoria alemana en la jornada inaugural del Abierto de Australia al derrotar con comodidad a la eslovena Polona Hercog por 6-2, 6-2 y se clasific\u00f3 para la segunda ronda del primer Grand Slam del a\u00f1o. Por su parte, Julia\" \/>\n\t\t<meta name=\"twitter:creator\" content=\"@nbasturias\" \/>\n\t\t<meta name=\"twitter:image\" content=\"https:\/\/candas365.es\/noticias\/wp-content\/uploads\/2019\/01\/Kerber.jpg\" \/>\n\t\t<meta name=\"twitter:label1\" content=\"Escrito por\" \/>\n\t\t<meta name=\"twitter:data1\" content=\"Cand\u00e1s 365\" \/>\n\t\t<meta name=\"twitter:label2\" content=\"Tiempo de lectura estimado\" \/>\n\t\t<meta name=\"twitter:data2\" content=\"2 minutos\" \/>\n\t\t<script type=\"application\/ld+json\" class=\"aioseo-schema\">\n\t\t\t{\"@context\":\"https:\\\/\\\/schema.org\",\"@graph\":[{\"@type\":\"BreadcrumbList\",\"@id\":\"https:\\\/\\\/candas365.es\\\/noticias\\\/kerber-logra-la-unica-victoria-alemana-en-el-abierto-de-australia\\\/#breadcrumblist\",\"itemListElement\":[{\"@type\":\"ListItem\",\"@id\":\"https:\\\/\\\/candas365.es\\\/noticias#listItem\",\"position\":1,\"name\":\"Home\",\"item\":\"https:\\\/\\\/candas365.es\\\/noticias\",\"nextItem\":{\"@type\":\"ListItem\",\"@id\":\"https:\\\/\\\/candas365.es\\\/noticias\\\/category\\\/deporte\\\/#listItem\",\"name\":\"Deporte\"}},{\"@type\":\"ListItem\",\"@id\":\"https:\\\/\\\/candas365.es\\\/noticias\\\/category\\\/deporte\\\/#listItem\",\"position\":2,\"name\":\"Deporte\",\"item\":\"https:\\\/\\\/candas365.es\\\/noticias\\\/category\\\/deporte\\\/\",\"nextItem\":{\"@type\":\"ListItem\",\"@id\":\"https:\\\/\\\/candas365.es\\\/noticias\\\/kerber-logra-la-unica-victoria-alemana-en-el-abierto-de-australia\\\/#listItem\",\"name\":\"Kerber logra la \\u00fanica victoria alemana en el Abierto de Australia\"},\"previousItem\":{\"@type\":\"ListItem\",\"@id\":\"https:\\\/\\\/candas365.es\\\/noticias#listItem\",\"name\":\"Home\"}},{\"@type\":\"ListItem\",\"@id\":\"https:\\\/\\\/candas365.es\\\/noticias\\\/kerber-logra-la-unica-victoria-alemana-en-el-abierto-de-australia\\\/#listItem\",\"position\":3,\"name\":\"Kerber logra la \\u00fanica victoria alemana en el Abierto de Australia\",\"previousItem\":{\"@type\":\"ListItem\",\"@id\":\"https:\\\/\\\/candas365.es\\\/noticias\\\/category\\\/deporte\\\/#listItem\",\"name\":\"Deporte\"}}]},{\"@type\":\"NewsArticle\",\"@id\":\"https:\\\/\\\/candas365.es\\\/noticias\\\/kerber-logra-la-unica-victoria-alemana-en-el-abierto-de-australia\\\/#newsarticle\",\"name\":\"Kerber logra la \\u00fanica victoria alemana en el Abierto de Australia | Cand\\u00e1s 365\",\"headline\":\"Kerber logra la \\u00fanica victoria alemana en el Abierto de Australia\",\"author\":{\"@id\":\"https:\\\/\\\/candas365.es\\\/noticias\\\/author\\\/admin\\\/#author\"},\"publisher\":{\"@id\":\"https:\\\/\\\/candas365.es\\\/noticias\\\/#organization\"},\"image\":{\"@type\":\"ImageObject\",\"url\":\"https:\\\/\\\/candas365.es\\\/noticias\\\/wp-content\\\/uploads\\\/2019\\\/01\\\/Kerber.jpg\",\"width\":1020,\"height\":679,\"caption\":\"Foto: Frank Molter\\\/dpa\"},\"datePublished\":\"2019-01-14T20:14:36+01:00\",\"dateModified\":\"2019-01-14T20:14:37+01:00\",\"inLanguage\":\"es-ES\",\"mainEntityOfPage\":{\"@id\":\"https:\\\/\\\/candas365.es\\\/noticias\\\/kerber-logra-la-unica-victoria-alemana-en-el-abierto-de-australia\\\/#webpage\"},\"isPartOf\":{\"@id\":\"https:\\\/\\\/candas365.es\\\/noticias\\\/kerber-logra-la-unica-victoria-alemana-en-el-abierto-de-australia\\\/#webpage\"},\"articleSection\":\"Deporte\",\"dateline\":\"Publicado el enero 14, 2019.\"},{\"@type\":\"Organization\",\"@id\":\"https:\\\/\\\/candas365.es\\\/noticias\\\/#organization\",\"name\":\"Cand\\u00e1s 365\",\"description\":\"Cand\\u00e1s 365 es un diario digital independiente, fundado en 2012, con base en Asturias. Informamos con rigor sobre actualidad, sociedad, cultura y ocio, con una mirada local y global.\",\"url\":\"https:\\\/\\\/candas365.es\\\/noticias\\\/\",\"email\":\"info@candas365.es\",\"telephone\":\"+34652131393\",\"foundingDate\":\"2012-06-10\",\"logo\":{\"@type\":\"ImageObject\",\"url\":\"https:\\\/\\\/candas365.es\\\/noticias\\\/wp-content\\\/uploads\\\/2024\\\/09\\\/Candas-365-Redes.jpg\",\"@id\":\"https:\\\/\\\/candas365.es\\\/noticias\\\/kerber-logra-la-unica-victoria-alemana-en-el-abierto-de-australia\\\/#organizationLogo\",\"width\":1152,\"height\":864,\"caption\":\"Cand\\u00e1s 365 Redes\"},\"image\":{\"@id\":\"https:\\\/\\\/candas365.es\\\/noticias\\\/kerber-logra-la-unica-victoria-alemana-en-el-abierto-de-australia\\\/#organizationLogo\"},\"sameAs\":[\"https:\\\/\\\/www.facebook.com\\\/Nachofdezber\",\"https:\\\/\\\/x.com\\\/NabercoDigital\",\"https:\\\/\\\/www.instagram.com\\\/nachofdezber\\\/\",\"https:\\\/\\\/www.youtube.com\\\/channel\\\/UCZP-2wLEB9Rv6erhFmqVnvg\"],\"address\":{\"@id\":\"https:\\\/\\\/candas365.es\\\/noticias\\\/#postaladdress\",\"@type\":\"PostalAddress\",\"streetAddress\":\"san antonio 4, san antonio 4\",\"postalCode\":\"33430\",\"addressLocality\":\"Cand\\u00e1s\",\"addressRegion\":\"Asturias\",\"addressCountry\":\"ES\"}},{\"@type\":\"Person\",\"@id\":\"https:\\\/\\\/candas365.es\\\/noticias\\\/author\\\/admin\\\/#author\",\"url\":\"https:\\\/\\\/candas365.es\\\/noticias\\\/author\\\/admin\\\/\",\"name\":\"Cand\\u00e1s 365\",\"image\":{\"@type\":\"ImageObject\",\"@id\":\"https:\\\/\\\/candas365.es\\\/noticias\\\/kerber-logra-la-unica-victoria-alemana-en-el-abierto-de-australia\\\/#authorImage\",\"url\":\"https:\\\/\\\/secure.gravatar.com\\\/avatar\\\/496a8e03d0c493ede1718b7934145dbdf8d89be1036b0eec9544e1094c9de390?s=96&d=mm&r=g\",\"width\":96,\"height\":96,\"caption\":\"Cand\\u00e1s 365\"},\"sameAs\":[\"https:\\\/\\\/www.facebook.com\\\/carrenoactualidad\",\"https:\\\/\\\/twitter.com\\\/nbasturias\",\"https:\\\/\\\/www.instagram.com\\\/nachofdezber\\\/\",\"https:\\\/\\\/www.youtube.com\\\/channel\\\/UCZP-2wLEB9Rv6erhFmqVnvg\"]},{\"@type\":\"WebPage\",\"@id\":\"https:\\\/\\\/candas365.es\\\/noticias\\\/kerber-logra-la-unica-victoria-alemana-en-el-abierto-de-australia\\\/#webpage\",\"url\":\"https:\\\/\\\/candas365.es\\\/noticias\\\/kerber-logra-la-unica-victoria-alemana-en-el-abierto-de-australia\\\/\",\"name\":\"Kerber logra la \\u00fanica victoria alemana en el Abierto de Australia | Cand\\u00e1s 365\",\"description\":\"Melbourne (Australia), 14 ene (dpa) - La tenista n\\u00famero dos mundial, Angelique Kerber, asegur\\u00f3 la \\u00fanica victoria alemana en la jornada inaugural del Abierto de Australia al derrotar con comodidad a la eslovena Polona Hercog por 6-2, 6-2 y se clasific\\u00f3 para la segunda ronda del primer Grand Slam del a\\u00f1o. Por su parte, Julia\",\"inLanguage\":\"es-ES\",\"isPartOf\":{\"@id\":\"https:\\\/\\\/candas365.es\\\/noticias\\\/#website\"},\"breadcrumb\":{\"@id\":\"https:\\\/\\\/candas365.es\\\/noticias\\\/kerber-logra-la-unica-victoria-alemana-en-el-abierto-de-australia\\\/#breadcrumblist\"},\"author\":{\"@id\":\"https:\\\/\\\/candas365.es\\\/noticias\\\/author\\\/admin\\\/#author\"},\"creator\":{\"@id\":\"https:\\\/\\\/candas365.es\\\/noticias\\\/author\\\/admin\\\/#author\"},\"image\":{\"@type\":\"ImageObject\",\"url\":\"https:\\\/\\\/candas365.es\\\/noticias\\\/wp-content\\\/uploads\\\/2019\\\/01\\\/Kerber.jpg\",\"@id\":\"https:\\\/\\\/candas365.es\\\/noticias\\\/kerber-logra-la-unica-victoria-alemana-en-el-abierto-de-australia\\\/#mainImage\",\"width\":1020,\"height\":679,\"caption\":\"Foto: Frank Molter\\\/dpa\"},\"primaryImageOfPage\":{\"@id\":\"https:\\\/\\\/candas365.es\\\/noticias\\\/kerber-logra-la-unica-victoria-alemana-en-el-abierto-de-australia\\\/#mainImage\"},\"datePublished\":\"2019-01-14T20:14:36+01:00\",\"dateModified\":\"2019-01-14T20:14:37+01:00\"},{\"@type\":\"WebSite\",\"@id\":\"https:\\\/\\\/candas365.es\\\/noticias\\\/#website\",\"url\":\"https:\\\/\\\/candas365.es\\\/noticias\\\/\",\"name\":\"Cand\\u00e1s 365\",\"alternateName\":\"Cand\\u00e1s 365 Noticias\",\"description\":\"Actualidad desde Carre\\u00f1o para el mundo\",\"inLanguage\":\"es-ES\",\"publisher\":{\"@id\":\"https:\\\/\\\/candas365.es\\\/noticias\\\/#organization\"}}]}\n\t\t<\/script>\n\t\t<!-- All in One SEO Pro -->\r\n\t\t<title>Kerber logra la \u00fanica victoria alemana en el Abierto de Australia | Cand\u00e1s 365<\/title>\n\n","aioseo_head_json":{"title":"Kerber logra la \u00fanica victoria alemana en el Abierto de Australia | Cand\u00e1s 365","description":"Melbourne (Australia), 14 ene (dpa) - La tenista n\u00famero dos mundial, Angelique Kerber, asegur\u00f3 la \u00fanica victoria alemana en la jornada inaugural del Abierto de Australia al derrotar con comodidad a la eslovena Polona Hercog por 6-2, 6-2 y se clasific\u00f3 para la segunda ronda del primer Grand Slam del a\u00f1o. Por su parte, Julia","canonical_url":"https:\/\/candas365.es\/noticias\/kerber-logra-la-unica-victoria-alemana-en-el-abierto-de-australia\/","robots":"max-image-preview:large","keywords":"deporte","webmasterTools":{"google-site-verification":"UA-32230408-1","msvalidate.01":"354F3CDFB2DA171B47FBE9ABF1F88D5","miscellaneous":""},"schema":{"@context":"https:\/\/schema.org","@graph":[{"@type":"BreadcrumbList","@id":"https:\/\/candas365.es\/noticias\/kerber-logra-la-unica-victoria-alemana-en-el-abierto-de-australia\/#breadcrumblist","itemListElement":[{"@type":"ListItem","@id":"https:\/\/candas365.es\/noticias#listItem","position":1,"name":"Home","item":"https:\/\/candas365.es\/noticias","nextItem":{"@type":"ListItem","@id":"https:\/\/candas365.es\/noticias\/category\/deporte\/#listItem","name":"Deporte"}},{"@type":"ListItem","@id":"https:\/\/candas365.es\/noticias\/category\/deporte\/#listItem","position":2,"name":"Deporte","item":"https:\/\/candas365.es\/noticias\/category\/deporte\/","nextItem":{"@type":"ListItem","@id":"https:\/\/candas365.es\/noticias\/kerber-logra-la-unica-victoria-alemana-en-el-abierto-de-australia\/#listItem","name":"Kerber logra la \u00fanica victoria alemana en el Abierto de Australia"},"previousItem":{"@type":"ListItem","@id":"https:\/\/candas365.es\/noticias#listItem","name":"Home"}},{"@type":"ListItem","@id":"https:\/\/candas365.es\/noticias\/kerber-logra-la-unica-victoria-alemana-en-el-abierto-de-australia\/#listItem","position":3,"name":"Kerber logra la \u00fanica victoria alemana en el Abierto de Australia","previousItem":{"@type":"ListItem","@id":"https:\/\/candas365.es\/noticias\/category\/deporte\/#listItem","name":"Deporte"}}]},{"@type":"NewsArticle","@id":"https:\/\/candas365.es\/noticias\/kerber-logra-la-unica-victoria-alemana-en-el-abierto-de-australia\/#newsarticle","name":"Kerber logra la \u00fanica victoria alemana en el Abierto de Australia | Cand\u00e1s 365","headline":"Kerber logra la \u00fanica victoria alemana en el Abierto de Australia","author":{"@id":"https:\/\/candas365.es\/noticias\/author\/admin\/#author"},"publisher":{"@id":"https:\/\/candas365.es\/noticias\/#organization"},"image":{"@type":"ImageObject","url":"https:\/\/candas365.es\/noticias\/wp-content\/uploads\/2019\/01\/Kerber.jpg","width":1020,"height":679,"caption":"Foto: Frank Molter\/dpa"},"datePublished":"2019-01-14T20:14:36+01:00","dateModified":"2019-01-14T20:14:37+01:00","inLanguage":"es-ES","mainEntityOfPage":{"@id":"https:\/\/candas365.es\/noticias\/kerber-logra-la-unica-victoria-alemana-en-el-abierto-de-australia\/#webpage"},"isPartOf":{"@id":"https:\/\/candas365.es\/noticias\/kerber-logra-la-unica-victoria-alemana-en-el-abierto-de-australia\/#webpage"},"articleSection":"Deporte","dateline":"Publicado el enero 14, 2019."},{"@type":"Organization","@id":"https:\/\/candas365.es\/noticias\/#organization","name":"Cand\u00e1s 365","description":"Cand\u00e1s 365 es un diario digital independiente, fundado en 2012, con base en Asturias. Informamos con rigor sobre actualidad, sociedad, cultura y ocio, con una mirada local y global.","url":"https:\/\/candas365.es\/noticias\/","email":"info@candas365.es","telephone":"+34652131393","foundingDate":"2012-06-10","logo":{"@type":"ImageObject","url":"https:\/\/candas365.es\/noticias\/wp-content\/uploads\/2024\/09\/Candas-365-Redes.jpg","@id":"https:\/\/candas365.es\/noticias\/kerber-logra-la-unica-victoria-alemana-en-el-abierto-de-australia\/#organizationLogo","width":1152,"height":864,"caption":"Cand\u00e1s 365 Redes"},"image":{"@id":"https:\/\/candas365.es\/noticias\/kerber-logra-la-unica-victoria-alemana-en-el-abierto-de-australia\/#organizationLogo"},"sameAs":["https:\/\/www.facebook.com\/Nachofdezber","https:\/\/x.com\/NabercoDigital","https:\/\/www.instagram.com\/nachofdezber\/","https:\/\/www.youtube.com\/channel\/UCZP-2wLEB9Rv6erhFmqVnvg"],"address":{"@id":"https:\/\/candas365.es\/noticias\/#postaladdress","@type":"PostalAddress","streetAddress":"san antonio 4, san antonio 4","postalCode":"33430","addressLocality":"Cand\u00e1s","addressRegion":"Asturias","addressCountry":"ES"}},{"@type":"Person","@id":"https:\/\/candas365.es\/noticias\/author\/admin\/#author","url":"https:\/\/candas365.es\/noticias\/author\/admin\/","name":"Cand\u00e1s 365","image":{"@type":"ImageObject","@id":"https:\/\/candas365.es\/noticias\/kerber-logra-la-unica-victoria-alemana-en-el-abierto-de-australia\/#authorImage","url":"https:\/\/secure.gravatar.com\/avatar\/496a8e03d0c493ede1718b7934145dbdf8d89be1036b0eec9544e1094c9de390?s=96&d=mm&r=g","width":96,"height":96,"caption":"Cand\u00e1s 365"},"sameAs":["https:\/\/www.facebook.com\/carrenoactualidad","https:\/\/twitter.com\/nbasturias","https:\/\/www.instagram.com\/nachofdezber\/","https:\/\/www.youtube.com\/channel\/UCZP-2wLEB9Rv6erhFmqVnvg"]},{"@type":"WebPage","@id":"https:\/\/candas365.es\/noticias\/kerber-logra-la-unica-victoria-alemana-en-el-abierto-de-australia\/#webpage","url":"https:\/\/candas365.es\/noticias\/kerber-logra-la-unica-victoria-alemana-en-el-abierto-de-australia\/","name":"Kerber logra la \u00fanica victoria alemana en el Abierto de Australia | Cand\u00e1s 365","description":"Melbourne (Australia), 14 ene (dpa) - La tenista n\u00famero dos mundial, Angelique Kerber, asegur\u00f3 la \u00fanica victoria alemana en la jornada inaugural del Abierto de Australia al derrotar con comodidad a la eslovena Polona Hercog por 6-2, 6-2 y se clasific\u00f3 para la segunda ronda del primer Grand Slam del a\u00f1o. Por su parte, Julia","inLanguage":"es-ES","isPartOf":{"@id":"https:\/\/candas365.es\/noticias\/#website"},"breadcrumb":{"@id":"https:\/\/candas365.es\/noticias\/kerber-logra-la-unica-victoria-alemana-en-el-abierto-de-australia\/#breadcrumblist"},"author":{"@id":"https:\/\/candas365.es\/noticias\/author\/admin\/#author"},"creator":{"@id":"https:\/\/candas365.es\/noticias\/author\/admin\/#author"},"image":{"@type":"ImageObject","url":"https:\/\/candas365.es\/noticias\/wp-content\/uploads\/2019\/01\/Kerber.jpg","@id":"https:\/\/candas365.es\/noticias\/kerber-logra-la-unica-victoria-alemana-en-el-abierto-de-australia\/#mainImage","width":1020,"height":679,"caption":"Foto: Frank Molter\/dpa"},"primaryImageOfPage":{"@id":"https:\/\/candas365.es\/noticias\/kerber-logra-la-unica-victoria-alemana-en-el-abierto-de-australia\/#mainImage"},"datePublished":"2019-01-14T20:14:36+01:00","dateModified":"2019-01-14T20:14:37+01:00"},{"@type":"WebSite","@id":"https:\/\/candas365.es\/noticias\/#website","url":"https:\/\/candas365.es\/noticias\/","name":"Cand\u00e1s 365","alternateName":"Cand\u00e1s 365 Noticias","description":"Actualidad desde Carre\u00f1o para el mundo","inLanguage":"es-ES","publisher":{"@id":"https:\/\/candas365.es\/noticias\/#organization"}}]},"og:locale":"es_ES","og:site_name":"Cand\u00e1s 365","og:type":"article","og:title":"Kerber logra la \u00fanica victoria alemana en el Abierto de Australia | Cand\u00e1s 365","og:description":"Melbourne (Australia), 14 ene (dpa) - La tenista n\u00famero dos mundial, Angelique Kerber, asegur\u00f3 la \u00fanica victoria alemana en la jornada inaugural del Abierto de Australia al derrotar con comodidad a la eslovena Polona Hercog por 6-2, 6-2 y se clasific\u00f3 para la segunda ronda del primer Grand Slam del a\u00f1o. Por su parte, Julia","og:url":"https:\/\/candas365.es\/noticias\/kerber-logra-la-unica-victoria-alemana-en-el-abierto-de-australia\/","og:image":"https:\/\/candas365.es\/noticias\/wp-content\/uploads\/2019\/01\/Kerber.jpg","og:image:secure_url":"https:\/\/candas365.es\/noticias\/wp-content\/uploads\/2019\/01\/Kerber.jpg","og:image:width":1020,"og:image:height":679,"article:published_time":"2019-01-14T20:14:36+00:00","article:modified_time":"2019-01-14T20:14:37+00:00","article:publisher":"https:\/\/www.facebook.com\/Nachofdezber","article:author":"https:\/\/www.facebook.com\/carrenoactualidad","twitter:card":"summary_large_image","twitter:site":"@NabercoDigital","twitter:title":"Kerber logra la \u00fanica victoria alemana en el Abierto de Australia | Cand\u00e1s 365","twitter:description":"Melbourne (Australia), 14 ene (dpa) - La tenista n\u00famero dos mundial, Angelique Kerber, asegur\u00f3 la \u00fanica victoria alemana en la jornada inaugural del Abierto de Australia al derrotar con comodidad a la eslovena Polona Hercog por 6-2, 6-2 y se clasific\u00f3 para la segunda ronda del primer Grand Slam del a\u00f1o. Por su parte, Julia","twitter:creator":"@nbasturias","twitter:image":"https:\/\/candas365.es\/noticias\/wp-content\/uploads\/2019\/01\/Kerber.jpg","twitter:label1":"Escrito por","twitter:data1":"Cand\u00e1s 365","twitter:label2":"Tiempo de lectura estimado","twitter:data2":"2 minutos"},"aioseo_meta_data":{"post_id":"114212","title":null,"description":null,"keywords":null,"keyphrases":null,"primary_term":null,"canonical_url":null,"og_title":null,"og_description":null,"og_object_type":"default","og_image_type":"default","og_image_url":null,"og_image_width":null,"og_image_height":null,"og_image_custom_url":null,"og_image_custom_fields":null,"og_video":null,"og_custom_url":null,"og_article_section":null,"og_article_tags":null,"twitter_use_og":false,"twitter_card":"default","twitter_image_type":"default","twitter_image_url":null,"twitter_image_custom_url":null,"twitter_image_custom_fields":null,"twitter_title":null,"twitter_description":null,"schema":{"blockGraphs":[],"customGraphs":[],"default":{"data":{"Article":[],"Course":[],"Dataset":[],"FAQPage":[],"Movie":[],"Person":[],"Product":[],"ProductReview":[],"Car":[],"Recipe":[],"Service":[],"SoftwareApplication":[],"WebPage":[]},"graphName":"","isEnabled":true},"graphs":[]},"schema_type":null,"schema_type_options":null,"pillar_content":false,"robots_default":true,"robots_noindex":false,"robots_noarchive":false,"robots_nosnippet":false,"robots_nofollow":false,"robots_noimageindex":false,"robots_noodp":false,"robots_notranslate":false,"robots_max_snippet":null,"robots_max_videopreview":null,"robots_max_imagepreview":"large","priority":null,"frequency":null,"location":null,"local_seo":null,"seo_analyzer_scan_date":"2025-08-29 00:45:26","breadcrumb_settings":null,"limit_modified_date":false,"reviewed_by":null,"open_ai":null,"ai":null,"created":"2020-12-21 11:24:55","updated":"2025-08-29 00:45:26"},"aioseo_breadcrumb":"<div class=\"aioseo-breadcrumbs\"><span class=\"aioseo-breadcrumb\">\n\t<a href=\"https:\/\/candas365.es\/noticias\" title=\"Home\">Home<\/a>\n<\/span><span class=\"aioseo-breadcrumb-separator\">&ndash;<\/span><span class=\"aioseo-breadcrumb\">\n\t<a href=\"https:\/\/candas365.es\/noticias\/category\/deporte\/\" title=\"Deporte\">Deporte<\/a>\n<\/span><span class=\"aioseo-breadcrumb-separator\">&ndash;<\/span><span class=\"aioseo-breadcrumb\">\n\tKerber logra la \u00fanica victoria alemana en el Abierto de Australia\n<\/span><\/div>","aioseo_breadcrumb_json":[{"label":"Home","link":"https:\/\/candas365.es\/noticias"},{"label":"Deporte","link":"https:\/\/candas365.es\/noticias\/category\/deporte\/"},{"label":"Kerber logra la \u00fanica victoria alemana en el Abierto de Australia","link":"https:\/\/candas365.es\/noticias\/kerber-logra-la-unica-victoria-alemana-en-el-abierto-de-australia\/"}],"_links":{"self":[{"href":"https:\/\/candas365.es\/noticias\/wp-json\/wp\/v2\/posts\/114212","targetHints":{"allow":["GET"]}}],"collection":[{"href":"https:\/\/candas365.es\/noticias\/wp-json\/wp\/v2\/posts"}],"about":[{"href":"https:\/\/candas365.es\/noticias\/wp-json\/wp\/v2\/types\/post"}],"author":[{"embeddable":true,"href":"https:\/\/candas365.es\/noticias\/wp-json\/wp\/v2\/users\/1"}],"replies":[{"embeddable":true,"href":"https:\/\/candas365.es\/noticias\/wp-json\/wp\/v2\/comments?post=114212"}],"version-history":[{"count":0,"href":"https:\/\/candas365.es\/noticias\/wp-json\/wp\/v2\/posts\/114212\/revisions"}],"wp:featuredmedia":[{"embeddable":true,"href":"https:\/\/candas365.es\/noticias\/wp-json\/wp\/v2\/media\/114213"}],"wp:attachment":[{"href":"https:\/\/candas365.es\/noticias\/wp-json\/wp\/v2\/media?parent=114212"}],"wp:term":[{"taxonomy":"category","embeddable":true,"href":"https:\/\/candas365.es\/noticias\/wp-json\/wp\/v2\/categories?post=114212"},{"taxonomy":"post_tag","embeddable":true,"href":"https:\/\/candas365.es\/noticias\/wp-json\/wp\/v2\/tags?post=114212"}],"curies":[{"name":"wp","href":"https:\/\/api.w.org\/{rel}","templated":true}]}}