{"id":114209,"date":"2019-01-14T20:10:28","date_gmt":"2019-01-14T20:10:28","guid":{"rendered":"http:\/\/candas365.es\/noticias\/?p=114209"},"modified":"2019-01-14T20:10:28","modified_gmt":"2019-01-14T20:10:28","slug":"carreno-participara-en-la-primera-semana-de-la-recogida-separada-de-la-materia-organica","status":"publish","type":"post","link":"https:\/\/candas365.es\/noticias\/carreno-participara-en-la-primera-semana-de-la-recogida-separada-de-la-materia-organica\/","title":{"rendered":"Carre\u00f1o participar\u00e1 en la Primera \u201cSemana de la Recogida Separada de la Materia Org\u00e1nica\u201d"},"content":{"rendered":"<p><img fetchpriority=\"high\" decoding=\"async\" class=\"alignleft size-medium wp-image-114210\" src=\"https:\/\/candas365.es\/noticias\/wp-content\/uploads\/2019\/01\/EXPO-RECICLAJE018-360x197.jpg\" alt=\"\" width=\"360\" height=\"197\" srcset=\"https:\/\/candas365.es\/noticias\/wp-content\/uploads\/2019\/01\/EXPO-RECICLAJE018-360x197.jpg 360w, https:\/\/candas365.es\/noticias\/wp-content\/uploads\/2019\/01\/EXPO-RECICLAJE018-768x421.jpg 768w, https:\/\/candas365.es\/noticias\/wp-content\/uploads\/2019\/01\/EXPO-RECICLAJE018-655x359.jpg 655w, https:\/\/candas365.es\/noticias\/wp-content\/uploads\/2019\/01\/EXPO-RECICLAJE018-696x382.jpg 696w, https:\/\/candas365.es\/noticias\/wp-content\/uploads\/2019\/01\/EXPO-RECICLAJE018-1068x586.jpg 1068w, https:\/\/candas365.es\/noticias\/wp-content\/uploads\/2019\/01\/EXPO-RECICLAJE018-766x420.jpg 766w, https:\/\/candas365.es\/noticias\/wp-content\/uploads\/2019\/01\/EXPO-RECICLAJE018.jpg 1280w\" sizes=\"(max-width: 360px) 100vw, 360px\" \/>Los Centros Educativos del concejo participar\u00e1n en la I \u201cSemana de la Recogida Separada de la Materia Org\u00e1nica\u201d organizada por Cogersa y el Ayuntamiento de Carre\u00f1o, a trav\u00e9s de la concejal\u00eda de Medio Ambiente.<\/p>\n<p>Desde el pasado 17 de septiembre, en Cand\u00e1s se desarrolla una experiencia piloto de recogida selectiva de residuos org\u00e1nicos de Cand\u00e1s, implant\u00e1ndose el siguiente sistema de recogida como sigue:<\/p>\n<p>&#8211; Lunes, mi\u00e9rcoles, jueves, s\u00e1bado y domingo, se realiza la recogida, mediante el sistema puerta a puerta, con cubos de color negro s\u00f3lo para la fracci\u00f3n resto.<\/p>\n<p>&#8211; Y los martes y viernes, es cuando se realiza el servicio de recogida separada de materia org\u00e1nica mediante la recogida puerta a puerta con cubos de color marr\u00f3n.<\/p>\n<p>\u201cAdem\u00e1s este nuevo servicio del \u201ccubo marr\u00f3n\u201d dos d\u00edas a la semana, se complement\u00f3 con la instalaci\u00f3n de 30 contenedores en la v\u00eda p\u00fablica para el dep\u00f3sito de los residuos de para materia org\u00e1nica cualquier d\u00eda del a\u00f1o. Estos contendores disponen de una llave que se facilit\u00f3 a cada una de las familias que voluntariamente solicitaron participar en el proyecto piloto, adem\u00e1s de un peque\u00f1o cubo marr\u00f3n para que puedan hacer el almacenamiento de estos residuos org\u00e1nicos a en el domicilio particular\u201d coment\u00f3 Roberto Bueno-Concejal de Medio Ambiente.<\/p>\n<p>\u201cLa Corporaci\u00f3n de Carre\u00f1o mantiene el firme compromiso con el reciclaje y la correcta gesti\u00f3n de los recursos para la mejora de nuestro entorno, convirtiendo, en la medida de nuestras posibilidades, los residuos en fuente de vida. Para el a\u00f1o 2020 la normativa europea, en cuanto a la gesti\u00f3n de los residuos, obliga a que al menos el 50 % de los residuos del municipio sean reciclados frente al 16 % actual. Por ello, para alcanzar las exigencias europeas tenemos que seguir avanzando y contar con la inestimable colaboraci\u00f3n ciudadana para materializarlo. Con el firme prop\u00f3sito de dar un paso m\u00e1s en el camino recorrido, con el \u00e1nimo de seguir siendo un concejo responsable con el medio ambiente, se ampli\u00f3 el servicio de recogida de basuras que hasta ahora se prestaba en la villa urbana, e impulsando el reciclaje de la materia org\u00e1nica\u201d se\u00f1al\u00f3 el edil.<\/p>\n<p>\u201cEsta semana de colaboraci\u00f3n, con la poblaci\u00f3n escolar del municipio para fomentar la separaci\u00f3n de la materia org\u00e1nica, que se desarrollar\u00e1 del 18 al 24 de marzo, se encuadra dentro de la Segunda Fase de la Campa\u00f1a de Recogida de Materia Org\u00e1nica. Esta segunda Fase de Refuerzo, que dar\u00e1 comienzo- a partir del pr\u00f3ximo mes de febrero- , tiene como finalidad evitar que vaya al vertedero el 40% del contenido de cada bolsa de basura e incrementar el reciclaje; reducir las emisiones de CO2 y otros gases de efecto invernadero; transformar la materia org\u00e1nica en energ\u00eda limpia o compost: y mejorar la sostenibilidad de nuestro entorno. Estos cuatro objetivos explican la trascendencia de implicarse como vecino o vecina en esta recogida selectiva. La participaci\u00f3n de todos los agentes sociales es clave para contribuir a reducir la cantidad de residuos generados e implementar pol\u00edticas que permitan la valorizaci\u00f3n y aprovechamiento de los mismos para otros usos\u201d relat\u00f3 Bueno.<\/p>\n<p>\u201cUnas de las acciones propuestas en esta segunda fase y a celebrar durante la I \u201cSemana del de la Recogida Separada de la Materia Org\u00e1nica\u201d consistir\u00e1 en que los ni\u00f1os y ni\u00f1as del Concejo se convertir\u00e1n en \u201cEmbajadores\/as de la Org\u00e1nica\u201d. El alumnado de los centros educativos de Cand\u00e1s, Colegio Poeta Ant\u00f3n de Mariarreguera, Colegio San F\u00e9lix e IES se encargar\u00e1 de ense\u00f1ar a separar y reciclar la materia org\u00e1nica a la ciudadan\u00eda a lo largo de esa semana en las calles, plazas y ejes comerciales de la villa como ya hicieron en la Campa\u00f1a de Impulso del Reciclaje en la primavera del 2017\u201d prosigui\u00f3 el concejal.<\/p>\n<p>\u201cEn la reuni\u00f3n mantenida con las direcciones de los tres centros, en la que tambi\u00e9n estuvieron presentes representantes del Consorcio, profundizo en la Campa\u00f1a y las actividades que con lleva. Confirmando, desde un principio, su colaboraci\u00f3n y participaci\u00f3n en esta iniciativa\u201d \u2013 concluy\u00f3 Roberto.<\/p>\n","protected":false},"excerpt":{"rendered":"<p>Los Centros Educativos del concejo participar\u00e1n en la I \u201cSemana de la Recogida Separada de la Materia Org\u00e1nica\u201d organizada por Cogersa y el Ayuntamiento de Carre\u00f1o, a trav\u00e9s de la concejal\u00eda de Medio Ambiente. Desde el pasado 17 de septiembre, en Cand\u00e1s se desarrolla una experiencia piloto de recogida selectiva de residuos org\u00e1nicos de Cand\u00e1s,<\/p>\n","protected":false},"author":1,"featured_media":114210,"comment_status":"closed","ping_status":"closed","sticky":false,"template":"","format":"standard","meta":{"footnotes":""},"categories":[2],"tags":[],"class_list":{"0":"post-114209","1":"post","2":"type-post","3":"status-publish","4":"format-standard","5":"has-post-thumbnail","7":"category-noticias-carreno"},"aioseo_notices":[],"aioseo_head":"\n\t\t<!-- All in One SEO Pro 4.9.6.2 - aioseo.com -->\n\t<meta name=\"description\" content=\"Los Centros Educativos del concejo participar\u00e1n en la I \u201cSemana de la Recogida Separada de la Materia Org\u00e1nica\u201d organizada por Cogersa y el Ayuntamiento de Carre\u00f1o, a trav\u00e9s de la concejal\u00eda de Medio Ambiente. Desde el pasado 17 de septiembre, en Cand\u00e1s se desarrolla una experiencia piloto de recogida selectiva de residuos org\u00e1nicos de Cand\u00e1s,\" \/>\n\t<meta name=\"robots\" content=\"max-image-preview:large\" \/>\n\t<meta name=\"author\" content=\"Cand\u00e1s 365\"\/>\n\t<meta name=\"google-site-verification\" content=\"UA-32230408-1\" \/>\n\t<meta name=\"msvalidate.01\" content=\"354F3CDFB2DA171B47FBE9ABF1F88D5\" \/>\n\t<meta name=\"keywords\" content=\"noticias carre\u00f1o\" \/>\n\t<link rel=\"canonical\" href=\"https:\/\/candas365.es\/noticias\/carreno-participara-en-la-primera-semana-de-la-recogida-separada-de-la-materia-organica\/\" \/>\n\t<meta name=\"generator\" content=\"All in One SEO Pro (AIOSEO) 4.9.6.2\" \/>\n\t\t<meta property=\"og:locale\" content=\"es_ES\" \/>\n\t\t<meta property=\"og:site_name\" content=\"Cand\u00e1s 365\" \/>\n\t\t<meta property=\"og:type\" content=\"article\" \/>\n\t\t<meta property=\"og:title\" content=\"Carre\u00f1o participar\u00e1 en la Primera \u201cSemana de la Recogida Separada de la Materia Org\u00e1nica\u201d | Cand\u00e1s 365\" \/>\n\t\t<meta property=\"og:description\" content=\"Los Centros Educativos del concejo participar\u00e1n en la I \u201cSemana de la Recogida Separada de la Materia Org\u00e1nica\u201d organizada por Cogersa y el Ayuntamiento de Carre\u00f1o, a trav\u00e9s de la concejal\u00eda de Medio Ambiente. Desde el pasado 17 de septiembre, en Cand\u00e1s se desarrolla una experiencia piloto de recogida selectiva de residuos org\u00e1nicos de Cand\u00e1s,\" \/>\n\t\t<meta property=\"og:url\" content=\"https:\/\/candas365.es\/noticias\/carreno-participara-en-la-primera-semana-de-la-recogida-separada-de-la-materia-organica\/\" \/>\n\t\t<meta property=\"og:image\" content=\"https:\/\/candas365.es\/noticias\/wp-content\/uploads\/2019\/01\/EXPO-RECICLAJE018.jpg\" \/>\n\t\t<meta property=\"og:image:secure_url\" content=\"https:\/\/candas365.es\/noticias\/wp-content\/uploads\/2019\/01\/EXPO-RECICLAJE018.jpg\" \/>\n\t\t<meta property=\"og:image:width\" content=\"1280\" \/>\n\t\t<meta property=\"og:image:height\" content=\"702\" \/>\n\t\t<meta property=\"article:published_time\" content=\"2019-01-14T20:10:28+00:00\" \/>\n\t\t<meta property=\"article:modified_time\" content=\"2019-01-14T20:10:28+00:00\" \/>\n\t\t<meta property=\"article:publisher\" content=\"https:\/\/www.facebook.com\/Nachofdezber\" \/>\n\t\t<meta property=\"article:author\" content=\"https:\/\/www.facebook.com\/carrenoactualidad\" \/>\n\t\t<meta name=\"twitter:card\" content=\"summary_large_image\" \/>\n\t\t<meta name=\"twitter:site\" content=\"@NabercoDigital\" \/>\n\t\t<meta name=\"twitter:title\" content=\"Carre\u00f1o participar\u00e1 en la Primera \u201cSemana de la Recogida Separada de la Materia Org\u00e1nica\u201d | Cand\u00e1s 365\" \/>\n\t\t<meta name=\"twitter:description\" content=\"Los Centros Educativos del concejo participar\u00e1n en la I \u201cSemana de la Recogida Separada de la Materia Org\u00e1nica\u201d organizada por Cogersa y el Ayuntamiento de Carre\u00f1o, a trav\u00e9s de la concejal\u00eda de Medio Ambiente. Desde el pasado 17 de septiembre, en Cand\u00e1s se desarrolla una experiencia piloto de recogida selectiva de residuos org\u00e1nicos de Cand\u00e1s,\" \/>\n\t\t<meta name=\"twitter:creator\" content=\"@nbasturias\" \/>\n\t\t<meta name=\"twitter:image\" content=\"https:\/\/candas365.es\/noticias\/wp-content\/uploads\/2019\/01\/EXPO-RECICLAJE018.jpg\" \/>\n\t\t<meta name=\"twitter:label1\" content=\"Escrito por\" \/>\n\t\t<meta name=\"twitter:data1\" content=\"Cand\u00e1s 365\" \/>\n\t\t<meta name=\"twitter:label2\" content=\"Tiempo de lectura estimado\" \/>\n\t\t<meta name=\"twitter:data2\" content=\"4 minutos\" \/>\n\t\t<script type=\"application\/ld+json\" class=\"aioseo-schema\">\n\t\t\t{\"@context\":\"https:\\\/\\\/schema.org\",\"@graph\":[{\"@type\":\"BreadcrumbList\",\"@id\":\"https:\\\/\\\/candas365.es\\\/noticias\\\/carreno-participara-en-la-primera-semana-de-la-recogida-separada-de-la-materia-organica\\\/#breadcrumblist\",\"itemListElement\":[{\"@type\":\"ListItem\",\"@id\":\"https:\\\/\\\/candas365.es\\\/noticias#listItem\",\"position\":1,\"name\":\"Home\",\"item\":\"https:\\\/\\\/candas365.es\\\/noticias\",\"nextItem\":{\"@type\":\"ListItem\",\"@id\":\"https:\\\/\\\/candas365.es\\\/noticias\\\/category\\\/noticias-carreno\\\/#listItem\",\"name\":\"Noticias Carre\\u00f1o\"}},{\"@type\":\"ListItem\",\"@id\":\"https:\\\/\\\/candas365.es\\\/noticias\\\/category\\\/noticias-carreno\\\/#listItem\",\"position\":2,\"name\":\"Noticias Carre\\u00f1o\",\"item\":\"https:\\\/\\\/candas365.es\\\/noticias\\\/category\\\/noticias-carreno\\\/\",\"nextItem\":{\"@type\":\"ListItem\",\"@id\":\"https:\\\/\\\/candas365.es\\\/noticias\\\/carreno-participara-en-la-primera-semana-de-la-recogida-separada-de-la-materia-organica\\\/#listItem\",\"name\":\"Carre\\u00f1o participar\\u00e1 en la Primera \\u201cSemana de la Recogida Separada de la Materia Org\\u00e1nica\\u201d\"},\"previousItem\":{\"@type\":\"ListItem\",\"@id\":\"https:\\\/\\\/candas365.es\\\/noticias#listItem\",\"name\":\"Home\"}},{\"@type\":\"ListItem\",\"@id\":\"https:\\\/\\\/candas365.es\\\/noticias\\\/carreno-participara-en-la-primera-semana-de-la-recogida-separada-de-la-materia-organica\\\/#listItem\",\"position\":3,\"name\":\"Carre\\u00f1o participar\\u00e1 en la Primera \\u201cSemana de la Recogida Separada de la Materia Org\\u00e1nica\\u201d\",\"previousItem\":{\"@type\":\"ListItem\",\"@id\":\"https:\\\/\\\/candas365.es\\\/noticias\\\/category\\\/noticias-carreno\\\/#listItem\",\"name\":\"Noticias Carre\\u00f1o\"}}]},{\"@type\":\"NewsArticle\",\"@id\":\"https:\\\/\\\/candas365.es\\\/noticias\\\/carreno-participara-en-la-primera-semana-de-la-recogida-separada-de-la-materia-organica\\\/#newsarticle\",\"name\":\"Carre\\u00f1o participar\\u00e1 en la Primera \\u201cSemana de la Recogida Separada de la Materia Org\\u00e1nica\\u201d | Cand\\u00e1s 365\",\"headline\":\"Carre\\u00f1o participar\\u00e1 en la Primera \\u201cSemana de la Recogida Separada de la Materia Org\\u00e1nica\\u201d\",\"author\":{\"@id\":\"https:\\\/\\\/candas365.es\\\/noticias\\\/author\\\/admin\\\/#author\"},\"publisher\":{\"@id\":\"https:\\\/\\\/candas365.es\\\/noticias\\\/#organization\"},\"image\":{\"@type\":\"ImageObject\",\"url\":\"https:\\\/\\\/candas365.es\\\/noticias\\\/wp-content\\\/uploads\\\/2019\\\/01\\\/EXPO-RECICLAJE018.jpg\",\"width\":1280,\"height\":702},\"datePublished\":\"2019-01-14T20:10:28+01:00\",\"dateModified\":\"2019-01-14T20:10:28+01:00\",\"inLanguage\":\"es-ES\",\"mainEntityOfPage\":{\"@id\":\"https:\\\/\\\/candas365.es\\\/noticias\\\/carreno-participara-en-la-primera-semana-de-la-recogida-separada-de-la-materia-organica\\\/#webpage\"},\"isPartOf\":{\"@id\":\"https:\\\/\\\/candas365.es\\\/noticias\\\/carreno-participara-en-la-primera-semana-de-la-recogida-separada-de-la-materia-organica\\\/#webpage\"},\"articleSection\":\"Noticias Carre\\u00f1o\",\"dateline\":\"Publicado el enero 14, 2019.\"},{\"@type\":\"Organization\",\"@id\":\"https:\\\/\\\/candas365.es\\\/noticias\\\/#organization\",\"name\":\"Cand\\u00e1s 365\",\"description\":\"Cand\\u00e1s 365 es un diario digital independiente, fundado en 2012, con base en Asturias. Informamos con rigor sobre actualidad, sociedad, cultura y ocio, con una mirada local y global.\",\"url\":\"https:\\\/\\\/candas365.es\\\/noticias\\\/\",\"email\":\"info@candas365.es\",\"telephone\":\"+34652131393\",\"foundingDate\":\"2012-06-10\",\"logo\":{\"@type\":\"ImageObject\",\"url\":\"https:\\\/\\\/candas365.es\\\/noticias\\\/wp-content\\\/uploads\\\/2024\\\/09\\\/Candas-365-Redes.jpg\",\"@id\":\"https:\\\/\\\/candas365.es\\\/noticias\\\/carreno-participara-en-la-primera-semana-de-la-recogida-separada-de-la-materia-organica\\\/#organizationLogo\",\"width\":1152,\"height\":864,\"caption\":\"Cand\\u00e1s 365 Redes\"},\"image\":{\"@id\":\"https:\\\/\\\/candas365.es\\\/noticias\\\/carreno-participara-en-la-primera-semana-de-la-recogida-separada-de-la-materia-organica\\\/#organizationLogo\"},\"sameAs\":[\"https:\\\/\\\/www.facebook.com\\\/Nachofdezber\",\"https:\\\/\\\/x.com\\\/NabercoDigital\",\"https:\\\/\\\/www.instagram.com\\\/nachofdezber\\\/\",\"https:\\\/\\\/www.youtube.com\\\/channel\\\/UCZP-2wLEB9Rv6erhFmqVnvg\"],\"address\":{\"@id\":\"https:\\\/\\\/candas365.es\\\/noticias\\\/#postaladdress\",\"@type\":\"PostalAddress\",\"streetAddress\":\"san antonio 4, san antonio 4\",\"postalCode\":\"33430\",\"addressLocality\":\"Cand\\u00e1s\",\"addressRegion\":\"Asturias\",\"addressCountry\":\"ES\"}},{\"@type\":\"Person\",\"@id\":\"https:\\\/\\\/candas365.es\\\/noticias\\\/author\\\/admin\\\/#author\",\"url\":\"https:\\\/\\\/candas365.es\\\/noticias\\\/author\\\/admin\\\/\",\"name\":\"Cand\\u00e1s 365\",\"image\":{\"@type\":\"ImageObject\",\"@id\":\"https:\\\/\\\/candas365.es\\\/noticias\\\/carreno-participara-en-la-primera-semana-de-la-recogida-separada-de-la-materia-organica\\\/#authorImage\",\"url\":\"https:\\\/\\\/secure.gravatar.com\\\/avatar\\\/496a8e03d0c493ede1718b7934145dbdf8d89be1036b0eec9544e1094c9de390?s=96&d=mm&r=g\",\"width\":96,\"height\":96,\"caption\":\"Cand\\u00e1s 365\"},\"sameAs\":[\"https:\\\/\\\/www.facebook.com\\\/carrenoactualidad\",\"https:\\\/\\\/twitter.com\\\/nbasturias\",\"https:\\\/\\\/www.instagram.com\\\/nachofdezber\\\/\",\"https:\\\/\\\/www.youtube.com\\\/channel\\\/UCZP-2wLEB9Rv6erhFmqVnvg\"]},{\"@type\":\"WebPage\",\"@id\":\"https:\\\/\\\/candas365.es\\\/noticias\\\/carreno-participara-en-la-primera-semana-de-la-recogida-separada-de-la-materia-organica\\\/#webpage\",\"url\":\"https:\\\/\\\/candas365.es\\\/noticias\\\/carreno-participara-en-la-primera-semana-de-la-recogida-separada-de-la-materia-organica\\\/\",\"name\":\"Carre\\u00f1o participar\\u00e1 en la Primera \\u201cSemana de la Recogida Separada de la Materia Org\\u00e1nica\\u201d | Cand\\u00e1s 365\",\"description\":\"Los Centros Educativos del concejo participar\\u00e1n en la I \\u201cSemana de la Recogida Separada de la Materia Org\\u00e1nica\\u201d organizada por Cogersa y el Ayuntamiento de Carre\\u00f1o, a trav\\u00e9s de la concejal\\u00eda de Medio Ambiente. Desde el pasado 17 de septiembre, en Cand\\u00e1s se desarrolla una experiencia piloto de recogida selectiva de residuos org\\u00e1nicos de Cand\\u00e1s,\",\"inLanguage\":\"es-ES\",\"isPartOf\":{\"@id\":\"https:\\\/\\\/candas365.es\\\/noticias\\\/#website\"},\"breadcrumb\":{\"@id\":\"https:\\\/\\\/candas365.es\\\/noticias\\\/carreno-participara-en-la-primera-semana-de-la-recogida-separada-de-la-materia-organica\\\/#breadcrumblist\"},\"author\":{\"@id\":\"https:\\\/\\\/candas365.es\\\/noticias\\\/author\\\/admin\\\/#author\"},\"creator\":{\"@id\":\"https:\\\/\\\/candas365.es\\\/noticias\\\/author\\\/admin\\\/#author\"},\"image\":{\"@type\":\"ImageObject\",\"url\":\"https:\\\/\\\/candas365.es\\\/noticias\\\/wp-content\\\/uploads\\\/2019\\\/01\\\/EXPO-RECICLAJE018.jpg\",\"@id\":\"https:\\\/\\\/candas365.es\\\/noticias\\\/carreno-participara-en-la-primera-semana-de-la-recogida-separada-de-la-materia-organica\\\/#mainImage\",\"width\":1280,\"height\":702},\"primaryImageOfPage\":{\"@id\":\"https:\\\/\\\/candas365.es\\\/noticias\\\/carreno-participara-en-la-primera-semana-de-la-recogida-separada-de-la-materia-organica\\\/#mainImage\"},\"datePublished\":\"2019-01-14T20:10:28+01:00\",\"dateModified\":\"2019-01-14T20:10:28+01:00\"},{\"@type\":\"WebSite\",\"@id\":\"https:\\\/\\\/candas365.es\\\/noticias\\\/#website\",\"url\":\"https:\\\/\\\/candas365.es\\\/noticias\\\/\",\"name\":\"Cand\\u00e1s 365\",\"alternateName\":\"Cand\\u00e1s 365 Noticias\",\"description\":\"Actualidad desde Carre\\u00f1o para el mundo\",\"inLanguage\":\"es-ES\",\"publisher\":{\"@id\":\"https:\\\/\\\/candas365.es\\\/noticias\\\/#organization\"}}]}\n\t\t<\/script>\n\t\t<!-- All in One SEO Pro -->\r\n\t\t<title>Carre\u00f1o participar\u00e1 en la Primera \u201cSemana de la Recogida Separada de la Materia Org\u00e1nica\u201d | Cand\u00e1s 365<\/title>\n\n","aioseo_head_json":{"title":"Carre\u00f1o participar\u00e1 en la Primera \u201cSemana de la Recogida Separada de la Materia Org\u00e1nica\u201d | Cand\u00e1s 365","description":"Los Centros Educativos del concejo participar\u00e1n en la I \u201cSemana de la Recogida Separada de la Materia Org\u00e1nica\u201d organizada por Cogersa y el Ayuntamiento de Carre\u00f1o, a trav\u00e9s de la concejal\u00eda de Medio Ambiente. Desde el pasado 17 de septiembre, en Cand\u00e1s se desarrolla una experiencia piloto de recogida selectiva de residuos org\u00e1nicos de Cand\u00e1s,","canonical_url":"https:\/\/candas365.es\/noticias\/carreno-participara-en-la-primera-semana-de-la-recogida-separada-de-la-materia-organica\/","robots":"max-image-preview:large","keywords":"noticias carre\u00f1o","webmasterTools":{"google-site-verification":"UA-32230408-1","msvalidate.01":"354F3CDFB2DA171B47FBE9ABF1F88D5","miscellaneous":""},"schema":{"@context":"https:\/\/schema.org","@graph":[{"@type":"BreadcrumbList","@id":"https:\/\/candas365.es\/noticias\/carreno-participara-en-la-primera-semana-de-la-recogida-separada-de-la-materia-organica\/#breadcrumblist","itemListElement":[{"@type":"ListItem","@id":"https:\/\/candas365.es\/noticias#listItem","position":1,"name":"Home","item":"https:\/\/candas365.es\/noticias","nextItem":{"@type":"ListItem","@id":"https:\/\/candas365.es\/noticias\/category\/noticias-carreno\/#listItem","name":"Noticias Carre\u00f1o"}},{"@type":"ListItem","@id":"https:\/\/candas365.es\/noticias\/category\/noticias-carreno\/#listItem","position":2,"name":"Noticias Carre\u00f1o","item":"https:\/\/candas365.es\/noticias\/category\/noticias-carreno\/","nextItem":{"@type":"ListItem","@id":"https:\/\/candas365.es\/noticias\/carreno-participara-en-la-primera-semana-de-la-recogida-separada-de-la-materia-organica\/#listItem","name":"Carre\u00f1o participar\u00e1 en la Primera \u201cSemana de la Recogida Separada de la Materia Org\u00e1nica\u201d"},"previousItem":{"@type":"ListItem","@id":"https:\/\/candas365.es\/noticias#listItem","name":"Home"}},{"@type":"ListItem","@id":"https:\/\/candas365.es\/noticias\/carreno-participara-en-la-primera-semana-de-la-recogida-separada-de-la-materia-organica\/#listItem","position":3,"name":"Carre\u00f1o participar\u00e1 en la Primera \u201cSemana de la Recogida Separada de la Materia Org\u00e1nica\u201d","previousItem":{"@type":"ListItem","@id":"https:\/\/candas365.es\/noticias\/category\/noticias-carreno\/#listItem","name":"Noticias Carre\u00f1o"}}]},{"@type":"NewsArticle","@id":"https:\/\/candas365.es\/noticias\/carreno-participara-en-la-primera-semana-de-la-recogida-separada-de-la-materia-organica\/#newsarticle","name":"Carre\u00f1o participar\u00e1 en la Primera \u201cSemana de la Recogida Separada de la Materia Org\u00e1nica\u201d | Cand\u00e1s 365","headline":"Carre\u00f1o participar\u00e1 en la Primera \u201cSemana de la Recogida Separada de la Materia Org\u00e1nica\u201d","author":{"@id":"https:\/\/candas365.es\/noticias\/author\/admin\/#author"},"publisher":{"@id":"https:\/\/candas365.es\/noticias\/#organization"},"image":{"@type":"ImageObject","url":"https:\/\/candas365.es\/noticias\/wp-content\/uploads\/2019\/01\/EXPO-RECICLAJE018.jpg","width":1280,"height":702},"datePublished":"2019-01-14T20:10:28+01:00","dateModified":"2019-01-14T20:10:28+01:00","inLanguage":"es-ES","mainEntityOfPage":{"@id":"https:\/\/candas365.es\/noticias\/carreno-participara-en-la-primera-semana-de-la-recogida-separada-de-la-materia-organica\/#webpage"},"isPartOf":{"@id":"https:\/\/candas365.es\/noticias\/carreno-participara-en-la-primera-semana-de-la-recogida-separada-de-la-materia-organica\/#webpage"},"articleSection":"Noticias Carre\u00f1o","dateline":"Publicado el enero 14, 2019."},{"@type":"Organization","@id":"https:\/\/candas365.es\/noticias\/#organization","name":"Cand\u00e1s 365","description":"Cand\u00e1s 365 es un diario digital independiente, fundado en 2012, con base en Asturias. Informamos con rigor sobre actualidad, sociedad, cultura y ocio, con una mirada local y global.","url":"https:\/\/candas365.es\/noticias\/","email":"info@candas365.es","telephone":"+34652131393","foundingDate":"2012-06-10","logo":{"@type":"ImageObject","url":"https:\/\/candas365.es\/noticias\/wp-content\/uploads\/2024\/09\/Candas-365-Redes.jpg","@id":"https:\/\/candas365.es\/noticias\/carreno-participara-en-la-primera-semana-de-la-recogida-separada-de-la-materia-organica\/#organizationLogo","width":1152,"height":864,"caption":"Cand\u00e1s 365 Redes"},"image":{"@id":"https:\/\/candas365.es\/noticias\/carreno-participara-en-la-primera-semana-de-la-recogida-separada-de-la-materia-organica\/#organizationLogo"},"sameAs":["https:\/\/www.facebook.com\/Nachofdezber","https:\/\/x.com\/NabercoDigital","https:\/\/www.instagram.com\/nachofdezber\/","https:\/\/www.youtube.com\/channel\/UCZP-2wLEB9Rv6erhFmqVnvg"],"address":{"@id":"https:\/\/candas365.es\/noticias\/#postaladdress","@type":"PostalAddress","streetAddress":"san antonio 4, san antonio 4","postalCode":"33430","addressLocality":"Cand\u00e1s","addressRegion":"Asturias","addressCountry":"ES"}},{"@type":"Person","@id":"https:\/\/candas365.es\/noticias\/author\/admin\/#author","url":"https:\/\/candas365.es\/noticias\/author\/admin\/","name":"Cand\u00e1s 365","image":{"@type":"ImageObject","@id":"https:\/\/candas365.es\/noticias\/carreno-participara-en-la-primera-semana-de-la-recogida-separada-de-la-materia-organica\/#authorImage","url":"https:\/\/secure.gravatar.com\/avatar\/496a8e03d0c493ede1718b7934145dbdf8d89be1036b0eec9544e1094c9de390?s=96&d=mm&r=g","width":96,"height":96,"caption":"Cand\u00e1s 365"},"sameAs":["https:\/\/www.facebook.com\/carrenoactualidad","https:\/\/twitter.com\/nbasturias","https:\/\/www.instagram.com\/nachofdezber\/","https:\/\/www.youtube.com\/channel\/UCZP-2wLEB9Rv6erhFmqVnvg"]},{"@type":"WebPage","@id":"https:\/\/candas365.es\/noticias\/carreno-participara-en-la-primera-semana-de-la-recogida-separada-de-la-materia-organica\/#webpage","url":"https:\/\/candas365.es\/noticias\/carreno-participara-en-la-primera-semana-de-la-recogida-separada-de-la-materia-organica\/","name":"Carre\u00f1o participar\u00e1 en la Primera \u201cSemana de la Recogida Separada de la Materia Org\u00e1nica\u201d | Cand\u00e1s 365","description":"Los Centros Educativos del concejo participar\u00e1n en la I \u201cSemana de la Recogida Separada de la Materia Org\u00e1nica\u201d organizada por Cogersa y el Ayuntamiento de Carre\u00f1o, a trav\u00e9s de la concejal\u00eda de Medio Ambiente. Desde el pasado 17 de septiembre, en Cand\u00e1s se desarrolla una experiencia piloto de recogida selectiva de residuos org\u00e1nicos de Cand\u00e1s,","inLanguage":"es-ES","isPartOf":{"@id":"https:\/\/candas365.es\/noticias\/#website"},"breadcrumb":{"@id":"https:\/\/candas365.es\/noticias\/carreno-participara-en-la-primera-semana-de-la-recogida-separada-de-la-materia-organica\/#breadcrumblist"},"author":{"@id":"https:\/\/candas365.es\/noticias\/author\/admin\/#author"},"creator":{"@id":"https:\/\/candas365.es\/noticias\/author\/admin\/#author"},"image":{"@type":"ImageObject","url":"https:\/\/candas365.es\/noticias\/wp-content\/uploads\/2019\/01\/EXPO-RECICLAJE018.jpg","@id":"https:\/\/candas365.es\/noticias\/carreno-participara-en-la-primera-semana-de-la-recogida-separada-de-la-materia-organica\/#mainImage","width":1280,"height":702},"primaryImageOfPage":{"@id":"https:\/\/candas365.es\/noticias\/carreno-participara-en-la-primera-semana-de-la-recogida-separada-de-la-materia-organica\/#mainImage"},"datePublished":"2019-01-14T20:10:28+01:00","dateModified":"2019-01-14T20:10:28+01:00"},{"@type":"WebSite","@id":"https:\/\/candas365.es\/noticias\/#website","url":"https:\/\/candas365.es\/noticias\/","name":"Cand\u00e1s 365","alternateName":"Cand\u00e1s 365 Noticias","description":"Actualidad desde Carre\u00f1o para el mundo","inLanguage":"es-ES","publisher":{"@id":"https:\/\/candas365.es\/noticias\/#organization"}}]},"og:locale":"es_ES","og:site_name":"Cand\u00e1s 365","og:type":"article","og:title":"Carre\u00f1o participar\u00e1 en la Primera \u201cSemana de la Recogida Separada de la Materia Org\u00e1nica\u201d | Cand\u00e1s 365","og:description":"Los Centros Educativos del concejo participar\u00e1n en la I \u201cSemana de la Recogida Separada de la Materia Org\u00e1nica\u201d organizada por Cogersa y el Ayuntamiento de Carre\u00f1o, a trav\u00e9s de la concejal\u00eda de Medio Ambiente. Desde el pasado 17 de septiembre, en Cand\u00e1s se desarrolla una experiencia piloto de recogida selectiva de residuos org\u00e1nicos de Cand\u00e1s,","og:url":"https:\/\/candas365.es\/noticias\/carreno-participara-en-la-primera-semana-de-la-recogida-separada-de-la-materia-organica\/","og:image":"https:\/\/candas365.es\/noticias\/wp-content\/uploads\/2019\/01\/EXPO-RECICLAJE018.jpg","og:image:secure_url":"https:\/\/candas365.es\/noticias\/wp-content\/uploads\/2019\/01\/EXPO-RECICLAJE018.jpg","og:image:width":1280,"og:image:height":702,"article:published_time":"2019-01-14T20:10:28+00:00","article:modified_time":"2019-01-14T20:10:28+00:00","article:publisher":"https:\/\/www.facebook.com\/Nachofdezber","article:author":"https:\/\/www.facebook.com\/carrenoactualidad","twitter:card":"summary_large_image","twitter:site":"@NabercoDigital","twitter:title":"Carre\u00f1o participar\u00e1 en la Primera \u201cSemana de la Recogida Separada de la Materia Org\u00e1nica\u201d | Cand\u00e1s 365","twitter:description":"Los Centros Educativos del concejo participar\u00e1n en la I \u201cSemana de la Recogida Separada de la Materia Org\u00e1nica\u201d organizada por Cogersa y el Ayuntamiento de Carre\u00f1o, a trav\u00e9s de la concejal\u00eda de Medio Ambiente. Desde el pasado 17 de septiembre, en Cand\u00e1s se desarrolla una experiencia piloto de recogida selectiva de residuos org\u00e1nicos de Cand\u00e1s,","twitter:creator":"@nbasturias","twitter:image":"https:\/\/candas365.es\/noticias\/wp-content\/uploads\/2019\/01\/EXPO-RECICLAJE018.jpg","twitter:label1":"Escrito por","twitter:data1":"Cand\u00e1s 365","twitter:label2":"Tiempo de lectura estimado","twitter:data2":"4 minutos"},"aioseo_meta_data":{"post_id":"114209","title":null,"description":null,"keywords":null,"keyphrases":null,"primary_term":null,"canonical_url":null,"og_title":null,"og_description":null,"og_object_type":"default","og_image_type":"default","og_image_url":null,"og_image_width":null,"og_image_height":null,"og_image_custom_url":null,"og_image_custom_fields":null,"og_video":null,"og_custom_url":null,"og_article_section":null,"og_article_tags":null,"twitter_use_og":false,"twitter_card":"default","twitter_image_type":"default","twitter_image_url":null,"twitter_image_custom_url":null,"twitter_image_custom_fields":null,"twitter_title":null,"twitter_description":null,"schema":{"blockGraphs":[],"customGraphs":[],"default":{"data":{"Article":[],"Course":[],"Dataset":[],"FAQPage":[],"Movie":[],"Person":[],"Product":[],"ProductReview":[],"Car":[],"Recipe":[],"Service":[],"SoftwareApplication":[],"WebPage":[]},"graphName":"","isEnabled":true},"graphs":[],"defaultGraph":"","defaultPostTypeGraph":""},"schema_type":null,"schema_type_options":null,"pillar_content":false,"robots_default":true,"robots_noindex":false,"robots_noarchive":false,"robots_nosnippet":false,"robots_nofollow":false,"robots_noimageindex":false,"robots_noodp":false,"robots_notranslate":false,"robots_max_snippet":null,"robots_max_videopreview":null,"robots_max_imagepreview":"large","priority":null,"frequency":null,"location":null,"local_seo":null,"seo_analyzer_scan_date":"2025-08-29 00:45:25","breadcrumb_settings":null,"limit_modified_date":false,"reviewed_by":null,"open_ai":null,"ai":null,"created":"2020-12-21 11:24:55","updated":"2025-08-29 00:45:25"},"aioseo_breadcrumb":"<div class=\"aioseo-breadcrumbs\"><span class=\"aioseo-breadcrumb\">\n\t<a href=\"https:\/\/candas365.es\/noticias\" title=\"Home\">Home<\/a>\n<\/span><span class=\"aioseo-breadcrumb-separator\">&ndash;<\/span><span class=\"aioseo-breadcrumb\">\n\t<a href=\"https:\/\/candas365.es\/noticias\/category\/noticias-carreno\/\" title=\"Noticias Carre\u00f1o\">Noticias Carre\u00f1o<\/a>\n<\/span><span class=\"aioseo-breadcrumb-separator\">&ndash;<\/span><span class=\"aioseo-breadcrumb\">\n\tCarre\u00f1o participar\u00e1 en la Primera \u201cSemana de la Recogida Separada de la Materia Org\u00e1nica\u201d\n<\/span><\/div>","aioseo_breadcrumb_json":[{"label":"Home","link":"https:\/\/candas365.es\/noticias"},{"label":"Noticias Carre\u00f1o","link":"https:\/\/candas365.es\/noticias\/category\/noticias-carreno\/"},{"label":"Carre\u00f1o participar\u00e1 en la Primera \u201cSemana de la Recogida Separada de la Materia Org\u00e1nica\u201d","link":"https:\/\/candas365.es\/noticias\/carreno-participara-en-la-primera-semana-de-la-recogida-separada-de-la-materia-organica\/"}],"_links":{"self":[{"href":"https:\/\/candas365.es\/noticias\/wp-json\/wp\/v2\/posts\/114209","targetHints":{"allow":["GET"]}}],"collection":[{"href":"https:\/\/candas365.es\/noticias\/wp-json\/wp\/v2\/posts"}],"about":[{"href":"https:\/\/candas365.es\/noticias\/wp-json\/wp\/v2\/types\/post"}],"author":[{"embeddable":true,"href":"https:\/\/candas365.es\/noticias\/wp-json\/wp\/v2\/users\/1"}],"replies":[{"embeddable":true,"href":"https:\/\/candas365.es\/noticias\/wp-json\/wp\/v2\/comments?post=114209"}],"version-history":[{"count":0,"href":"https:\/\/candas365.es\/noticias\/wp-json\/wp\/v2\/posts\/114209\/revisions"}],"wp:featuredmedia":[{"embeddable":true,"href":"https:\/\/candas365.es\/noticias\/wp-json\/wp\/v2\/media\/114210"}],"wp:attachment":[{"href":"https:\/\/candas365.es\/noticias\/wp-json\/wp\/v2\/media?parent=114209"}],"wp:term":[{"taxonomy":"category","embeddable":true,"href":"https:\/\/candas365.es\/noticias\/wp-json\/wp\/v2\/categories?post=114209"},{"taxonomy":"post_tag","embeddable":true,"href":"https:\/\/candas365.es\/noticias\/wp-json\/wp\/v2\/tags?post=114209"}],"curies":[{"name":"wp","href":"https:\/\/api.w.org\/{rel}","templated":true}]}}