{"id":114207,"date":"2019-01-14T19:57:23","date_gmt":"2019-01-14T19:57:23","guid":{"rendered":"http:\/\/candas365.es\/noticias\/?p=114207"},"modified":"2019-01-14T19:57:23","modified_gmt":"2019-01-14T19:57:23","slug":"el-gobierno-asturiano-saca-a-licitacion-los-contratos-de-promocion-turistica-y-conexion-aerea-internacional","status":"publish","type":"post","link":"https:\/\/candas365.es\/noticias\/el-gobierno-asturiano-saca-a-licitacion-los-contratos-de-promocion-turistica-y-conexion-aerea-internacional\/","title":{"rendered":"El Gobierno asturiano saca a licitaci\u00f3n los contratos de promoci\u00f3n tur\u00edstica y conexi\u00f3n a\u00e9rea internacional"},"content":{"rendered":"<p><img fetchpriority=\"high\" decoding=\"async\" class=\"alignleft size-medium wp-image-106016\" src=\"https:\/\/candas365.es\/noticias\/wp-content\/uploads\/2018\/09\/airport-1822133_960_720-360x247.jpg\" alt=\"\" width=\"360\" height=\"247\" srcset=\"https:\/\/candas365.es\/noticias\/wp-content\/uploads\/2018\/09\/airport-1822133_960_720-360x247.jpg 360w, https:\/\/candas365.es\/noticias\/wp-content\/uploads\/2018\/09\/airport-1822133_960_720-768x526.jpg 768w, https:\/\/candas365.es\/noticias\/wp-content\/uploads\/2018\/09\/airport-1822133_960_720-655x449.jpg 655w, https:\/\/candas365.es\/noticias\/wp-content\/uploads\/2018\/09\/airport-1822133_960_720-100x70.jpg 100w, https:\/\/candas365.es\/noticias\/wp-content\/uploads\/2018\/09\/airport-1822133_960_720-218x150.jpg 218w, https:\/\/candas365.es\/noticias\/wp-content\/uploads\/2018\/09\/airport-1822133_960_720-696x477.jpg 696w, https:\/\/candas365.es\/noticias\/wp-content\/uploads\/2018\/09\/airport-1822133_960_720-613x420.jpg 613w, https:\/\/candas365.es\/noticias\/wp-content\/uploads\/2018\/09\/airport-1822133_960_720.jpg 960w\" sizes=\"(max-width: 360px) 100vw, 360px\" \/>La Consejer\u00eda de Empleo, Industria y Turismo ha publicado en el perfil del contratante de la p\u00e1gina web institucional la licitaci\u00f3n de los contratos de promoci\u00f3n tur\u00edstica y conectividad a\u00e9rea directa con los aeropuertos de Londres, Par\u00eds y Fr\u00e1ncfort.<\/p>\n<p>Esta iniciativa pretende reforzar la conexi\u00f3n con mercados tur\u00edsticos europeos de alta prioridad mediante enlaces directos entre el Aeropuerto de Asturias y los de las tres ciudades citadas. Tambi\u00e9n busca potenciar la conectividad indirecta con otros destinos internacionales con el fin de reforzar la posici\u00f3n del Principado y elevar la cifra de turistas de otros pa\u00edses que llegan a la comunidad.<\/p>\n<p>El presupuesto global de los tres contratos es de 1,6 millones anuales: 650.000 euros para la conexi\u00f3n con Londres, 600.000 para la de Par\u00eds y 350.000 para Frankfurt. En principio, la duraci\u00f3n ser\u00e1 de dos a\u00f1os, que podr\u00e1n prorrogarse por otros dos.<\/p>\n<p>Cada contrato establece, entre otros, el requisito de un n\u00famero m\u00ednimo de vuelos anuales para cada ciudad:<\/p>\n<p>&#8211; Londres: la realizaci\u00f3n de, al menos, 156 vuelos por a\u00f1o, lo que equivale a una media de 3 por semana.<\/p>\n<p>&#8211; Par\u00eds: la realizaci\u00f3n de, al menos, 104 vuelos por a\u00f1o, lo que equivale a 2 por semana.<\/p>\n<p>&#8211; Fr\u00e1ncfort: la realizaci\u00f3n de, al menos, 52 vuelos por a\u00f1o, lo que equivale a 1 por semana.<\/p>\n<p>Cada uno de los vuelos a los que se hace referencia incluye una operaci\u00f3n de salida y otra de llegada.<\/p>\n<p>Para la valoraci\u00f3n de las ofertas se tendr\u00e1n en cuenta aspectos como el n\u00famero de vuelos ofertados por encima del m\u00ednimo exigido, la propuesta econ\u00f3mica y las acciones de promoci\u00f3n previstas.<\/p>\n","protected":false},"excerpt":{"rendered":"<p>La Consejer\u00eda de Empleo, Industria y Turismo ha publicado en el perfil del contratante de la p\u00e1gina web institucional la licitaci\u00f3n de los contratos de promoci\u00f3n tur\u00edstica y conectividad a\u00e9rea directa con los aeropuertos de Londres, Par\u00eds y Fr\u00e1ncfort. Esta iniciativa pretende reforzar la conexi\u00f3n con mercados tur\u00edsticos europeos de alta prioridad mediante enlaces directos<\/p>\n","protected":false},"author":1,"featured_media":106016,"comment_status":"closed","ping_status":"closed","sticky":false,"template":"","format":"standard","meta":{"footnotes":""},"categories":[7],"tags":[],"class_list":{"0":"post-114207","1":"post","2":"type-post","3":"status-publish","4":"format-standard","5":"has-post-thumbnail","7":"category-asturias"},"aioseo_notices":[],"aioseo_head":"\n\t\t<!-- All in One SEO Pro 4.9.6.2 - aioseo.com -->\n\t<meta name=\"description\" content=\"La Consejer\u00eda de Empleo, Industria y Turismo ha publicado en el perfil del contratante de la p\u00e1gina web institucional la licitaci\u00f3n de los contratos de promoci\u00f3n tur\u00edstica y conectividad a\u00e9rea directa con los aeropuertos de Londres, Par\u00eds y Fr\u00e1ncfort. Esta iniciativa pretende reforzar la conexi\u00f3n con mercados tur\u00edsticos europeos de alta prioridad mediante enlaces directos\" \/>\n\t<meta name=\"robots\" content=\"max-image-preview:large\" \/>\n\t<meta name=\"author\" content=\"Cand\u00e1s 365\"\/>\n\t<meta name=\"google-site-verification\" content=\"UA-32230408-1\" \/>\n\t<meta name=\"msvalidate.01\" content=\"354F3CDFB2DA171B47FBE9ABF1F88D5\" \/>\n\t<meta name=\"keywords\" content=\"asturias\" \/>\n\t<link rel=\"canonical\" href=\"https:\/\/candas365.es\/noticias\/el-gobierno-asturiano-saca-a-licitacion-los-contratos-de-promocion-turistica-y-conexion-aerea-internacional\/\" \/>\n\t<meta name=\"generator\" content=\"All in One SEO Pro (AIOSEO) 4.9.6.2\" \/>\n\t\t<meta property=\"og:locale\" content=\"es_ES\" \/>\n\t\t<meta property=\"og:site_name\" content=\"Cand\u00e1s 365\" \/>\n\t\t<meta property=\"og:type\" content=\"article\" \/>\n\t\t<meta property=\"og:title\" content=\"El Gobierno asturiano saca a licitaci\u00f3n los contratos de promoci\u00f3n tur\u00edstica y conexi\u00f3n a\u00e9rea internacional | Cand\u00e1s 365\" \/>\n\t\t<meta property=\"og:description\" content=\"La Consejer\u00eda de Empleo, Industria y Turismo ha publicado en el perfil del contratante de la p\u00e1gina web institucional la licitaci\u00f3n de los contratos de promoci\u00f3n tur\u00edstica y conectividad a\u00e9rea directa con los aeropuertos de Londres, Par\u00eds y Fr\u00e1ncfort. Esta iniciativa pretende reforzar la conexi\u00f3n con mercados tur\u00edsticos europeos de alta prioridad mediante enlaces directos\" \/>\n\t\t<meta property=\"og:url\" content=\"https:\/\/candas365.es\/noticias\/el-gobierno-asturiano-saca-a-licitacion-los-contratos-de-promocion-turistica-y-conexion-aerea-internacional\/\" \/>\n\t\t<meta property=\"og:image\" content=\"https:\/\/candas365.es\/noticias\/wp-content\/uploads\/2018\/09\/airport-1822133_960_720.jpg\" \/>\n\t\t<meta property=\"og:image:secure_url\" content=\"https:\/\/candas365.es\/noticias\/wp-content\/uploads\/2018\/09\/airport-1822133_960_720.jpg\" \/>\n\t\t<meta property=\"og:image:width\" content=\"960\" \/>\n\t\t<meta property=\"og:image:height\" content=\"658\" \/>\n\t\t<meta property=\"article:published_time\" content=\"2019-01-14T19:57:23+00:00\" \/>\n\t\t<meta property=\"article:modified_time\" content=\"2019-01-14T19:57:23+00:00\" \/>\n\t\t<meta property=\"article:publisher\" content=\"https:\/\/www.facebook.com\/Nachofdezber\" \/>\n\t\t<meta property=\"article:author\" content=\"https:\/\/www.facebook.com\/carrenoactualidad\" \/>\n\t\t<meta name=\"twitter:card\" content=\"summary_large_image\" \/>\n\t\t<meta name=\"twitter:site\" content=\"@NabercoDigital\" \/>\n\t\t<meta name=\"twitter:title\" content=\"El Gobierno asturiano saca a licitaci\u00f3n los contratos de promoci\u00f3n tur\u00edstica y conexi\u00f3n a\u00e9rea internacional | Cand\u00e1s 365\" \/>\n\t\t<meta name=\"twitter:description\" content=\"La Consejer\u00eda de Empleo, Industria y Turismo ha publicado en el perfil del contratante de la p\u00e1gina web institucional la licitaci\u00f3n de los contratos de promoci\u00f3n tur\u00edstica y conectividad a\u00e9rea directa con los aeropuertos de Londres, Par\u00eds y Fr\u00e1ncfort. Esta iniciativa pretende reforzar la conexi\u00f3n con mercados tur\u00edsticos europeos de alta prioridad mediante enlaces directos\" \/>\n\t\t<meta name=\"twitter:creator\" content=\"@nbasturias\" \/>\n\t\t<meta name=\"twitter:image\" content=\"https:\/\/candas365.es\/noticias\/wp-content\/uploads\/2018\/09\/airport-1822133_960_720.jpg\" \/>\n\t\t<meta name=\"twitter:label1\" content=\"Escrito por\" \/>\n\t\t<meta name=\"twitter:data1\" content=\"Cand\u00e1s 365\" \/>\n\t\t<meta name=\"twitter:label2\" content=\"Tiempo de lectura estimado\" \/>\n\t\t<meta name=\"twitter:data2\" content=\"1 minuto\" \/>\n\t\t<script type=\"application\/ld+json\" class=\"aioseo-schema\">\n\t\t\t{\"@context\":\"https:\\\/\\\/schema.org\",\"@graph\":[{\"@type\":\"BreadcrumbList\",\"@id\":\"https:\\\/\\\/candas365.es\\\/noticias\\\/el-gobierno-asturiano-saca-a-licitacion-los-contratos-de-promocion-turistica-y-conexion-aerea-internacional\\\/#breadcrumblist\",\"itemListElement\":[{\"@type\":\"ListItem\",\"@id\":\"https:\\\/\\\/candas365.es\\\/noticias#listItem\",\"position\":1,\"name\":\"Home\",\"item\":\"https:\\\/\\\/candas365.es\\\/noticias\",\"nextItem\":{\"@type\":\"ListItem\",\"@id\":\"https:\\\/\\\/candas365.es\\\/noticias\\\/category\\\/asturias\\\/#listItem\",\"name\":\"Asturias\"}},{\"@type\":\"ListItem\",\"@id\":\"https:\\\/\\\/candas365.es\\\/noticias\\\/category\\\/asturias\\\/#listItem\",\"position\":2,\"name\":\"Asturias\",\"item\":\"https:\\\/\\\/candas365.es\\\/noticias\\\/category\\\/asturias\\\/\",\"nextItem\":{\"@type\":\"ListItem\",\"@id\":\"https:\\\/\\\/candas365.es\\\/noticias\\\/el-gobierno-asturiano-saca-a-licitacion-los-contratos-de-promocion-turistica-y-conexion-aerea-internacional\\\/#listItem\",\"name\":\"El Gobierno asturiano saca a licitaci\\u00f3n los contratos de promoci\\u00f3n tur\\u00edstica y conexi\\u00f3n a\\u00e9rea internacional\"},\"previousItem\":{\"@type\":\"ListItem\",\"@id\":\"https:\\\/\\\/candas365.es\\\/noticias#listItem\",\"name\":\"Home\"}},{\"@type\":\"ListItem\",\"@id\":\"https:\\\/\\\/candas365.es\\\/noticias\\\/el-gobierno-asturiano-saca-a-licitacion-los-contratos-de-promocion-turistica-y-conexion-aerea-internacional\\\/#listItem\",\"position\":3,\"name\":\"El Gobierno asturiano saca a licitaci\\u00f3n los contratos de promoci\\u00f3n tur\\u00edstica y conexi\\u00f3n a\\u00e9rea internacional\",\"previousItem\":{\"@type\":\"ListItem\",\"@id\":\"https:\\\/\\\/candas365.es\\\/noticias\\\/category\\\/asturias\\\/#listItem\",\"name\":\"Asturias\"}}]},{\"@type\":\"NewsArticle\",\"@id\":\"https:\\\/\\\/candas365.es\\\/noticias\\\/el-gobierno-asturiano-saca-a-licitacion-los-contratos-de-promocion-turistica-y-conexion-aerea-internacional\\\/#newsarticle\",\"name\":\"El Gobierno asturiano saca a licitaci\\u00f3n los contratos de promoci\\u00f3n tur\\u00edstica y conexi\\u00f3n a\\u00e9rea internacional | Cand\\u00e1s 365\",\"headline\":\"El Gobierno asturiano saca a licitaci\\u00f3n los contratos de promoci\\u00f3n tur\\u00edstica y conexi\\u00f3n a\\u00e9rea internacional\",\"author\":{\"@id\":\"https:\\\/\\\/candas365.es\\\/noticias\\\/author\\\/admin\\\/#author\"},\"publisher\":{\"@id\":\"https:\\\/\\\/candas365.es\\\/noticias\\\/#organization\"},\"image\":{\"@type\":\"ImageObject\",\"url\":\"https:\\\/\\\/candas365.es\\\/noticias\\\/wp-content\\\/uploads\\\/2018\\\/09\\\/airport-1822133_960_720.jpg\",\"width\":960,\"height\":658},\"datePublished\":\"2019-01-14T19:57:23+01:00\",\"dateModified\":\"2019-01-14T19:57:23+01:00\",\"inLanguage\":\"es-ES\",\"mainEntityOfPage\":{\"@id\":\"https:\\\/\\\/candas365.es\\\/noticias\\\/el-gobierno-asturiano-saca-a-licitacion-los-contratos-de-promocion-turistica-y-conexion-aerea-internacional\\\/#webpage\"},\"isPartOf\":{\"@id\":\"https:\\\/\\\/candas365.es\\\/noticias\\\/el-gobierno-asturiano-saca-a-licitacion-los-contratos-de-promocion-turistica-y-conexion-aerea-internacional\\\/#webpage\"},\"articleSection\":\"Asturias\",\"dateline\":\"Publicado el enero 14, 2019.\"},{\"@type\":\"Organization\",\"@id\":\"https:\\\/\\\/candas365.es\\\/noticias\\\/#organization\",\"name\":\"Cand\\u00e1s 365\",\"description\":\"Cand\\u00e1s 365 es un diario digital independiente, fundado en 2012, con base en Asturias. Informamos con rigor sobre actualidad, sociedad, cultura y ocio, con una mirada local y global.\",\"url\":\"https:\\\/\\\/candas365.es\\\/noticias\\\/\",\"email\":\"info@candas365.es\",\"telephone\":\"+34652131393\",\"foundingDate\":\"2012-06-10\",\"logo\":{\"@type\":\"ImageObject\",\"url\":\"https:\\\/\\\/candas365.es\\\/noticias\\\/wp-content\\\/uploads\\\/2024\\\/09\\\/Candas-365-Redes.jpg\",\"@id\":\"https:\\\/\\\/candas365.es\\\/noticias\\\/el-gobierno-asturiano-saca-a-licitacion-los-contratos-de-promocion-turistica-y-conexion-aerea-internacional\\\/#organizationLogo\",\"width\":1152,\"height\":864,\"caption\":\"Cand\\u00e1s 365 Redes\"},\"image\":{\"@id\":\"https:\\\/\\\/candas365.es\\\/noticias\\\/el-gobierno-asturiano-saca-a-licitacion-los-contratos-de-promocion-turistica-y-conexion-aerea-internacional\\\/#organizationLogo\"},\"sameAs\":[\"https:\\\/\\\/www.facebook.com\\\/Nachofdezber\",\"https:\\\/\\\/x.com\\\/NabercoDigital\",\"https:\\\/\\\/www.instagram.com\\\/nachofdezber\\\/\",\"https:\\\/\\\/www.youtube.com\\\/channel\\\/UCZP-2wLEB9Rv6erhFmqVnvg\"],\"address\":{\"@id\":\"https:\\\/\\\/candas365.es\\\/noticias\\\/#postaladdress\",\"@type\":\"PostalAddress\",\"streetAddress\":\"san antonio 4, san antonio 4\",\"postalCode\":\"33430\",\"addressLocality\":\"Cand\\u00e1s\",\"addressRegion\":\"Asturias\",\"addressCountry\":\"ES\"}},{\"@type\":\"Person\",\"@id\":\"https:\\\/\\\/candas365.es\\\/noticias\\\/author\\\/admin\\\/#author\",\"url\":\"https:\\\/\\\/candas365.es\\\/noticias\\\/author\\\/admin\\\/\",\"name\":\"Cand\\u00e1s 365\",\"image\":{\"@type\":\"ImageObject\",\"@id\":\"https:\\\/\\\/candas365.es\\\/noticias\\\/el-gobierno-asturiano-saca-a-licitacion-los-contratos-de-promocion-turistica-y-conexion-aerea-internacional\\\/#authorImage\",\"url\":\"https:\\\/\\\/secure.gravatar.com\\\/avatar\\\/496a8e03d0c493ede1718b7934145dbdf8d89be1036b0eec9544e1094c9de390?s=96&d=mm&r=g\",\"width\":96,\"height\":96,\"caption\":\"Cand\\u00e1s 365\"},\"sameAs\":[\"https:\\\/\\\/www.facebook.com\\\/carrenoactualidad\",\"https:\\\/\\\/twitter.com\\\/nbasturias\",\"https:\\\/\\\/www.instagram.com\\\/nachofdezber\\\/\",\"https:\\\/\\\/www.youtube.com\\\/channel\\\/UCZP-2wLEB9Rv6erhFmqVnvg\"]},{\"@type\":\"WebPage\",\"@id\":\"https:\\\/\\\/candas365.es\\\/noticias\\\/el-gobierno-asturiano-saca-a-licitacion-los-contratos-de-promocion-turistica-y-conexion-aerea-internacional\\\/#webpage\",\"url\":\"https:\\\/\\\/candas365.es\\\/noticias\\\/el-gobierno-asturiano-saca-a-licitacion-los-contratos-de-promocion-turistica-y-conexion-aerea-internacional\\\/\",\"name\":\"El Gobierno asturiano saca a licitaci\\u00f3n los contratos de promoci\\u00f3n tur\\u00edstica y conexi\\u00f3n a\\u00e9rea internacional | Cand\\u00e1s 365\",\"description\":\"La Consejer\\u00eda de Empleo, Industria y Turismo ha publicado en el perfil del contratante de la p\\u00e1gina web institucional la licitaci\\u00f3n de los contratos de promoci\\u00f3n tur\\u00edstica y conectividad a\\u00e9rea directa con los aeropuertos de Londres, Par\\u00eds y Fr\\u00e1ncfort. Esta iniciativa pretende reforzar la conexi\\u00f3n con mercados tur\\u00edsticos europeos de alta prioridad mediante enlaces directos\",\"inLanguage\":\"es-ES\",\"isPartOf\":{\"@id\":\"https:\\\/\\\/candas365.es\\\/noticias\\\/#website\"},\"breadcrumb\":{\"@id\":\"https:\\\/\\\/candas365.es\\\/noticias\\\/el-gobierno-asturiano-saca-a-licitacion-los-contratos-de-promocion-turistica-y-conexion-aerea-internacional\\\/#breadcrumblist\"},\"author\":{\"@id\":\"https:\\\/\\\/candas365.es\\\/noticias\\\/author\\\/admin\\\/#author\"},\"creator\":{\"@id\":\"https:\\\/\\\/candas365.es\\\/noticias\\\/author\\\/admin\\\/#author\"},\"image\":{\"@type\":\"ImageObject\",\"url\":\"https:\\\/\\\/candas365.es\\\/noticias\\\/wp-content\\\/uploads\\\/2018\\\/09\\\/airport-1822133_960_720.jpg\",\"@id\":\"https:\\\/\\\/candas365.es\\\/noticias\\\/el-gobierno-asturiano-saca-a-licitacion-los-contratos-de-promocion-turistica-y-conexion-aerea-internacional\\\/#mainImage\",\"width\":960,\"height\":658},\"primaryImageOfPage\":{\"@id\":\"https:\\\/\\\/candas365.es\\\/noticias\\\/el-gobierno-asturiano-saca-a-licitacion-los-contratos-de-promocion-turistica-y-conexion-aerea-internacional\\\/#mainImage\"},\"datePublished\":\"2019-01-14T19:57:23+01:00\",\"dateModified\":\"2019-01-14T19:57:23+01:00\"},{\"@type\":\"WebSite\",\"@id\":\"https:\\\/\\\/candas365.es\\\/noticias\\\/#website\",\"url\":\"https:\\\/\\\/candas365.es\\\/noticias\\\/\",\"name\":\"Cand\\u00e1s 365\",\"alternateName\":\"Cand\\u00e1s 365 Noticias\",\"description\":\"Actualidad desde Carre\\u00f1o para el mundo\",\"inLanguage\":\"es-ES\",\"publisher\":{\"@id\":\"https:\\\/\\\/candas365.es\\\/noticias\\\/#organization\"}}]}\n\t\t<\/script>\n\t\t<!-- All in One SEO Pro -->\r\n\t\t<title>El Gobierno asturiano saca a licitaci\u00f3n los contratos de promoci\u00f3n tur\u00edstica y conexi\u00f3n a\u00e9rea internacional | Cand\u00e1s 365<\/title>\n\n","aioseo_head_json":{"title":"El Gobierno asturiano saca a licitaci\u00f3n los contratos de promoci\u00f3n tur\u00edstica y conexi\u00f3n a\u00e9rea internacional | Cand\u00e1s 365","description":"La Consejer\u00eda de Empleo, Industria y Turismo ha publicado en el perfil del contratante de la p\u00e1gina web institucional la licitaci\u00f3n de los contratos de promoci\u00f3n tur\u00edstica y conectividad a\u00e9rea directa con los aeropuertos de Londres, Par\u00eds y Fr\u00e1ncfort. Esta iniciativa pretende reforzar la conexi\u00f3n con mercados tur\u00edsticos europeos de alta prioridad mediante enlaces directos","canonical_url":"https:\/\/candas365.es\/noticias\/el-gobierno-asturiano-saca-a-licitacion-los-contratos-de-promocion-turistica-y-conexion-aerea-internacional\/","robots":"max-image-preview:large","keywords":"asturias","webmasterTools":{"google-site-verification":"UA-32230408-1","msvalidate.01":"354F3CDFB2DA171B47FBE9ABF1F88D5","miscellaneous":""},"schema":{"@context":"https:\/\/schema.org","@graph":[{"@type":"BreadcrumbList","@id":"https:\/\/candas365.es\/noticias\/el-gobierno-asturiano-saca-a-licitacion-los-contratos-de-promocion-turistica-y-conexion-aerea-internacional\/#breadcrumblist","itemListElement":[{"@type":"ListItem","@id":"https:\/\/candas365.es\/noticias#listItem","position":1,"name":"Home","item":"https:\/\/candas365.es\/noticias","nextItem":{"@type":"ListItem","@id":"https:\/\/candas365.es\/noticias\/category\/asturias\/#listItem","name":"Asturias"}},{"@type":"ListItem","@id":"https:\/\/candas365.es\/noticias\/category\/asturias\/#listItem","position":2,"name":"Asturias","item":"https:\/\/candas365.es\/noticias\/category\/asturias\/","nextItem":{"@type":"ListItem","@id":"https:\/\/candas365.es\/noticias\/el-gobierno-asturiano-saca-a-licitacion-los-contratos-de-promocion-turistica-y-conexion-aerea-internacional\/#listItem","name":"El Gobierno asturiano saca a licitaci\u00f3n los contratos de promoci\u00f3n tur\u00edstica y conexi\u00f3n a\u00e9rea internacional"},"previousItem":{"@type":"ListItem","@id":"https:\/\/candas365.es\/noticias#listItem","name":"Home"}},{"@type":"ListItem","@id":"https:\/\/candas365.es\/noticias\/el-gobierno-asturiano-saca-a-licitacion-los-contratos-de-promocion-turistica-y-conexion-aerea-internacional\/#listItem","position":3,"name":"El Gobierno asturiano saca a licitaci\u00f3n los contratos de promoci\u00f3n tur\u00edstica y conexi\u00f3n a\u00e9rea internacional","previousItem":{"@type":"ListItem","@id":"https:\/\/candas365.es\/noticias\/category\/asturias\/#listItem","name":"Asturias"}}]},{"@type":"NewsArticle","@id":"https:\/\/candas365.es\/noticias\/el-gobierno-asturiano-saca-a-licitacion-los-contratos-de-promocion-turistica-y-conexion-aerea-internacional\/#newsarticle","name":"El Gobierno asturiano saca a licitaci\u00f3n los contratos de promoci\u00f3n tur\u00edstica y conexi\u00f3n a\u00e9rea internacional | Cand\u00e1s 365","headline":"El Gobierno asturiano saca a licitaci\u00f3n los contratos de promoci\u00f3n tur\u00edstica y conexi\u00f3n a\u00e9rea internacional","author":{"@id":"https:\/\/candas365.es\/noticias\/author\/admin\/#author"},"publisher":{"@id":"https:\/\/candas365.es\/noticias\/#organization"},"image":{"@type":"ImageObject","url":"https:\/\/candas365.es\/noticias\/wp-content\/uploads\/2018\/09\/airport-1822133_960_720.jpg","width":960,"height":658},"datePublished":"2019-01-14T19:57:23+01:00","dateModified":"2019-01-14T19:57:23+01:00","inLanguage":"es-ES","mainEntityOfPage":{"@id":"https:\/\/candas365.es\/noticias\/el-gobierno-asturiano-saca-a-licitacion-los-contratos-de-promocion-turistica-y-conexion-aerea-internacional\/#webpage"},"isPartOf":{"@id":"https:\/\/candas365.es\/noticias\/el-gobierno-asturiano-saca-a-licitacion-los-contratos-de-promocion-turistica-y-conexion-aerea-internacional\/#webpage"},"articleSection":"Asturias","dateline":"Publicado el enero 14, 2019."},{"@type":"Organization","@id":"https:\/\/candas365.es\/noticias\/#organization","name":"Cand\u00e1s 365","description":"Cand\u00e1s 365 es un diario digital independiente, fundado en 2012, con base en Asturias. Informamos con rigor sobre actualidad, sociedad, cultura y ocio, con una mirada local y global.","url":"https:\/\/candas365.es\/noticias\/","email":"info@candas365.es","telephone":"+34652131393","foundingDate":"2012-06-10","logo":{"@type":"ImageObject","url":"https:\/\/candas365.es\/noticias\/wp-content\/uploads\/2024\/09\/Candas-365-Redes.jpg","@id":"https:\/\/candas365.es\/noticias\/el-gobierno-asturiano-saca-a-licitacion-los-contratos-de-promocion-turistica-y-conexion-aerea-internacional\/#organizationLogo","width":1152,"height":864,"caption":"Cand\u00e1s 365 Redes"},"image":{"@id":"https:\/\/candas365.es\/noticias\/el-gobierno-asturiano-saca-a-licitacion-los-contratos-de-promocion-turistica-y-conexion-aerea-internacional\/#organizationLogo"},"sameAs":["https:\/\/www.facebook.com\/Nachofdezber","https:\/\/x.com\/NabercoDigital","https:\/\/www.instagram.com\/nachofdezber\/","https:\/\/www.youtube.com\/channel\/UCZP-2wLEB9Rv6erhFmqVnvg"],"address":{"@id":"https:\/\/candas365.es\/noticias\/#postaladdress","@type":"PostalAddress","streetAddress":"san antonio 4, san antonio 4","postalCode":"33430","addressLocality":"Cand\u00e1s","addressRegion":"Asturias","addressCountry":"ES"}},{"@type":"Person","@id":"https:\/\/candas365.es\/noticias\/author\/admin\/#author","url":"https:\/\/candas365.es\/noticias\/author\/admin\/","name":"Cand\u00e1s 365","image":{"@type":"ImageObject","@id":"https:\/\/candas365.es\/noticias\/el-gobierno-asturiano-saca-a-licitacion-los-contratos-de-promocion-turistica-y-conexion-aerea-internacional\/#authorImage","url":"https:\/\/secure.gravatar.com\/avatar\/496a8e03d0c493ede1718b7934145dbdf8d89be1036b0eec9544e1094c9de390?s=96&d=mm&r=g","width":96,"height":96,"caption":"Cand\u00e1s 365"},"sameAs":["https:\/\/www.facebook.com\/carrenoactualidad","https:\/\/twitter.com\/nbasturias","https:\/\/www.instagram.com\/nachofdezber\/","https:\/\/www.youtube.com\/channel\/UCZP-2wLEB9Rv6erhFmqVnvg"]},{"@type":"WebPage","@id":"https:\/\/candas365.es\/noticias\/el-gobierno-asturiano-saca-a-licitacion-los-contratos-de-promocion-turistica-y-conexion-aerea-internacional\/#webpage","url":"https:\/\/candas365.es\/noticias\/el-gobierno-asturiano-saca-a-licitacion-los-contratos-de-promocion-turistica-y-conexion-aerea-internacional\/","name":"El Gobierno asturiano saca a licitaci\u00f3n los contratos de promoci\u00f3n tur\u00edstica y conexi\u00f3n a\u00e9rea internacional | Cand\u00e1s 365","description":"La Consejer\u00eda de Empleo, Industria y Turismo ha publicado en el perfil del contratante de la p\u00e1gina web institucional la licitaci\u00f3n de los contratos de promoci\u00f3n tur\u00edstica y conectividad a\u00e9rea directa con los aeropuertos de Londres, Par\u00eds y Fr\u00e1ncfort. Esta iniciativa pretende reforzar la conexi\u00f3n con mercados tur\u00edsticos europeos de alta prioridad mediante enlaces directos","inLanguage":"es-ES","isPartOf":{"@id":"https:\/\/candas365.es\/noticias\/#website"},"breadcrumb":{"@id":"https:\/\/candas365.es\/noticias\/el-gobierno-asturiano-saca-a-licitacion-los-contratos-de-promocion-turistica-y-conexion-aerea-internacional\/#breadcrumblist"},"author":{"@id":"https:\/\/candas365.es\/noticias\/author\/admin\/#author"},"creator":{"@id":"https:\/\/candas365.es\/noticias\/author\/admin\/#author"},"image":{"@type":"ImageObject","url":"https:\/\/candas365.es\/noticias\/wp-content\/uploads\/2018\/09\/airport-1822133_960_720.jpg","@id":"https:\/\/candas365.es\/noticias\/el-gobierno-asturiano-saca-a-licitacion-los-contratos-de-promocion-turistica-y-conexion-aerea-internacional\/#mainImage","width":960,"height":658},"primaryImageOfPage":{"@id":"https:\/\/candas365.es\/noticias\/el-gobierno-asturiano-saca-a-licitacion-los-contratos-de-promocion-turistica-y-conexion-aerea-internacional\/#mainImage"},"datePublished":"2019-01-14T19:57:23+01:00","dateModified":"2019-01-14T19:57:23+01:00"},{"@type":"WebSite","@id":"https:\/\/candas365.es\/noticias\/#website","url":"https:\/\/candas365.es\/noticias\/","name":"Cand\u00e1s 365","alternateName":"Cand\u00e1s 365 Noticias","description":"Actualidad desde Carre\u00f1o para el mundo","inLanguage":"es-ES","publisher":{"@id":"https:\/\/candas365.es\/noticias\/#organization"}}]},"og:locale":"es_ES","og:site_name":"Cand\u00e1s 365","og:type":"article","og:title":"El Gobierno asturiano saca a licitaci\u00f3n los contratos de promoci\u00f3n tur\u00edstica y conexi\u00f3n a\u00e9rea internacional | Cand\u00e1s 365","og:description":"La Consejer\u00eda de Empleo, Industria y Turismo ha publicado en el perfil del contratante de la p\u00e1gina web institucional la licitaci\u00f3n de los contratos de promoci\u00f3n tur\u00edstica y conectividad a\u00e9rea directa con los aeropuertos de Londres, Par\u00eds y Fr\u00e1ncfort. Esta iniciativa pretende reforzar la conexi\u00f3n con mercados tur\u00edsticos europeos de alta prioridad mediante enlaces directos","og:url":"https:\/\/candas365.es\/noticias\/el-gobierno-asturiano-saca-a-licitacion-los-contratos-de-promocion-turistica-y-conexion-aerea-internacional\/","og:image":"https:\/\/candas365.es\/noticias\/wp-content\/uploads\/2018\/09\/airport-1822133_960_720.jpg","og:image:secure_url":"https:\/\/candas365.es\/noticias\/wp-content\/uploads\/2018\/09\/airport-1822133_960_720.jpg","og:image:width":960,"og:image:height":658,"article:published_time":"2019-01-14T19:57:23+00:00","article:modified_time":"2019-01-14T19:57:23+00:00","article:publisher":"https:\/\/www.facebook.com\/Nachofdezber","article:author":"https:\/\/www.facebook.com\/carrenoactualidad","twitter:card":"summary_large_image","twitter:site":"@NabercoDigital","twitter:title":"El Gobierno asturiano saca a licitaci\u00f3n los contratos de promoci\u00f3n tur\u00edstica y conexi\u00f3n a\u00e9rea internacional | Cand\u00e1s 365","twitter:description":"La Consejer\u00eda de Empleo, Industria y Turismo ha publicado en el perfil del contratante de la p\u00e1gina web institucional la licitaci\u00f3n de los contratos de promoci\u00f3n tur\u00edstica y conectividad a\u00e9rea directa con los aeropuertos de Londres, Par\u00eds y Fr\u00e1ncfort. Esta iniciativa pretende reforzar la conexi\u00f3n con mercados tur\u00edsticos europeos de alta prioridad mediante enlaces directos","twitter:creator":"@nbasturias","twitter:image":"https:\/\/candas365.es\/noticias\/wp-content\/uploads\/2018\/09\/airport-1822133_960_720.jpg","twitter:label1":"Escrito por","twitter:data1":"Cand\u00e1s 365","twitter:label2":"Tiempo de lectura estimado","twitter:data2":"1 minuto"},"aioseo_meta_data":{"post_id":"114207","title":null,"description":null,"keywords":null,"keyphrases":null,"primary_term":null,"canonical_url":null,"og_title":null,"og_description":null,"og_object_type":"default","og_image_type":"default","og_image_url":null,"og_image_width":null,"og_image_height":null,"og_image_custom_url":null,"og_image_custom_fields":null,"og_video":null,"og_custom_url":null,"og_article_section":null,"og_article_tags":null,"twitter_use_og":false,"twitter_card":"default","twitter_image_type":"default","twitter_image_url":null,"twitter_image_custom_url":null,"twitter_image_custom_fields":null,"twitter_title":null,"twitter_description":null,"schema":{"blockGraphs":[],"customGraphs":[],"default":{"data":{"Article":[],"Course":[],"Dataset":[],"FAQPage":[],"Movie":[],"Person":[],"Product":[],"ProductReview":[],"Car":[],"Recipe":[],"Service":[],"SoftwareApplication":[],"WebPage":[]},"graphName":"","isEnabled":true},"graphs":[],"defaultGraph":"","defaultPostTypeGraph":""},"schema_type":null,"schema_type_options":null,"pillar_content":false,"robots_default":true,"robots_noindex":false,"robots_noarchive":false,"robots_nosnippet":false,"robots_nofollow":false,"robots_noimageindex":false,"robots_noodp":false,"robots_notranslate":false,"robots_max_snippet":null,"robots_max_videopreview":null,"robots_max_imagepreview":"large","priority":null,"frequency":null,"location":null,"local_seo":null,"seo_analyzer_scan_date":"2025-08-29 00:45:24","breadcrumb_settings":null,"limit_modified_date":false,"reviewed_by":null,"open_ai":null,"ai":null,"created":"2020-12-21 11:24:55","updated":"2025-08-29 00:45:24"},"aioseo_breadcrumb":"<div class=\"aioseo-breadcrumbs\"><span class=\"aioseo-breadcrumb\">\n\t<a href=\"https:\/\/candas365.es\/noticias\" title=\"Home\">Home<\/a>\n<\/span><span class=\"aioseo-breadcrumb-separator\">&ndash;<\/span><span class=\"aioseo-breadcrumb\">\n\t<a href=\"https:\/\/candas365.es\/noticias\/category\/asturias\/\" title=\"Asturias\">Asturias<\/a>\n<\/span><span class=\"aioseo-breadcrumb-separator\">&ndash;<\/span><span class=\"aioseo-breadcrumb\">\n\tEl Gobierno asturiano saca a licitaci\u00f3n los contratos de promoci\u00f3n tur\u00edstica y conexi\u00f3n a\u00e9rea internacional\n<\/span><\/div>","aioseo_breadcrumb_json":[{"label":"Home","link":"https:\/\/candas365.es\/noticias"},{"label":"Asturias","link":"https:\/\/candas365.es\/noticias\/category\/asturias\/"},{"label":"El Gobierno asturiano saca a licitaci\u00f3n los contratos de promoci\u00f3n tur\u00edstica y conexi\u00f3n a\u00e9rea internacional","link":"https:\/\/candas365.es\/noticias\/el-gobierno-asturiano-saca-a-licitacion-los-contratos-de-promocion-turistica-y-conexion-aerea-internacional\/"}],"_links":{"self":[{"href":"https:\/\/candas365.es\/noticias\/wp-json\/wp\/v2\/posts\/114207","targetHints":{"allow":["GET"]}}],"collection":[{"href":"https:\/\/candas365.es\/noticias\/wp-json\/wp\/v2\/posts"}],"about":[{"href":"https:\/\/candas365.es\/noticias\/wp-json\/wp\/v2\/types\/post"}],"author":[{"embeddable":true,"href":"https:\/\/candas365.es\/noticias\/wp-json\/wp\/v2\/users\/1"}],"replies":[{"embeddable":true,"href":"https:\/\/candas365.es\/noticias\/wp-json\/wp\/v2\/comments?post=114207"}],"version-history":[{"count":0,"href":"https:\/\/candas365.es\/noticias\/wp-json\/wp\/v2\/posts\/114207\/revisions"}],"wp:featuredmedia":[{"embeddable":true,"href":"https:\/\/candas365.es\/noticias\/wp-json\/wp\/v2\/media\/106016"}],"wp:attachment":[{"href":"https:\/\/candas365.es\/noticias\/wp-json\/wp\/v2\/media?parent=114207"}],"wp:term":[{"taxonomy":"category","embeddable":true,"href":"https:\/\/candas365.es\/noticias\/wp-json\/wp\/v2\/categories?post=114207"},{"taxonomy":"post_tag","embeddable":true,"href":"https:\/\/candas365.es\/noticias\/wp-json\/wp\/v2\/tags?post=114207"}],"curies":[{"name":"wp","href":"https:\/\/api.w.org\/{rel}","templated":true}]}}