{"id":114103,"date":"2019-01-13T15:24:52","date_gmt":"2019-01-13T15:24:52","guid":{"rendered":"http:\/\/candas365.es\/noticias\/?p=114103"},"modified":"2019-01-13T15:24:52","modified_gmt":"2019-01-13T15:24:52","slug":"patricia-garcia-el-incremento-del-peaje-del-huerna-supone-una-afrenta-mas-a-asturias","status":"publish","type":"post","link":"https:\/\/candas365.es\/noticias\/patricia-garcia-el-incremento-del-peaje-del-huerna-supone-una-afrenta-mas-a-asturias\/","title":{"rendered":"Patricia Garc\u00eda: \u201cEl incremento del peaje del Huerna supone una afrenta m\u00e1s a Asturias\u201d"},"content":{"rendered":"<p><img fetchpriority=\"high\" decoding=\"async\" class=\"alignleft size-medium wp-image-95476\" src=\"https:\/\/candas365.es\/noticias\/wp-content\/uploads\/2018\/05\/travel-2724331_960_720-360x240.jpg\" alt=\"\" width=\"360\" height=\"240\" srcset=\"https:\/\/candas365.es\/noticias\/wp-content\/uploads\/2018\/05\/travel-2724331_960_720-360x240.jpg 360w, https:\/\/candas365.es\/noticias\/wp-content\/uploads\/2018\/05\/travel-2724331_960_720-768x512.jpg 768w, https:\/\/candas365.es\/noticias\/wp-content\/uploads\/2018\/05\/travel-2724331_960_720-655x437.jpg 655w, https:\/\/candas365.es\/noticias\/wp-content\/uploads\/2018\/05\/travel-2724331_960_720-696x464.jpg 696w, https:\/\/candas365.es\/noticias\/wp-content\/uploads\/2018\/05\/travel-2724331_960_720-630x420.jpg 630w, https:\/\/candas365.es\/noticias\/wp-content\/uploads\/2018\/05\/travel-2724331_960_720.jpg 960w\" sizes=\"(max-width: 360px) 100vw, 360px\" \/>La diputada y portavoz de FORO en materia de Infraestructuras en la Junta General del Principado, Patricia Garc\u00eda Villanueva, ha acusado al secretario general de la FSA-PSOE, Adri\u00e1n Barb\u00f3n, de \u201ctener la desverg\u00fcenza de ocultar que quienes suben el peaje del Huerna mientras se levantan peajes en el resto de Espa\u00f1a llevan las mismas siglas del PSOE y son los mismos que ya intentaron alargar la autov\u00eda de pago desde Le\u00f3n hasta Benavente en 1996. El incremento del peaje del Huerna supone una afrenta m\u00e1s a Asturias, similar a cuando el PSOE quer\u00eda implantar un nuevo peaje en el tramo Le\u00f3n-Benavente. El peaje del Huerna est\u00e1 subvencionado un 30% para veh\u00edculos pesados y un 50% para ligeros con viajes frecuentes. Lo que toca ahora es que el Gobierno central \u2018se moje\u2019 por Asturias y elimine el peaje, para paliar las enormes dificultades que tenemos con nuestras comunicaciones\u201d.<\/p>\n<p>Garc\u00eda ha salido tambi\u00e9n al paso de las declaraciones de Barb\u00f3n, responsabilizando al que hoy es vicepresidente de FORO, Francisco \u00c1lvarez-Cascos, de la pr\u00f3rroga del peaje de la autopista del Huerna. \u201cEl entonces ministro de Fomento y vicepresidente de Espa\u00f1a logr\u00f3 dos cuestiones: suprimir el proyecto de ampliar el peaje de Le\u00f3n a Benavente en 70 kil\u00f3metros m\u00e1s de lo que pretend\u00edan los socialistas, y rebajar el importe de los peajes en el Huerna desde entonces hasta hoy, y ya han pasado m\u00e1s de 20 a\u00f1os. De esta forma, se posibilit\u00f3 que la empresa concesionaria redujera la tarifa que pagan los usuarios de la v\u00eda para garantizar que fuese asumible, tanto para los particulares como para las empresas de transporte\u201d, ha recordado.<\/p>\n<p>Patricia Garc\u00eda ha resaltado que \u201cconviene recordarle a Barb\u00f3n la memoria reciente, ya que fue ZP quien prometi\u00f3 acabar con el peaje del Huerna en 2004 y asegur\u00f3 que iba a construir una autov\u00eda por Pajares sin peaje, ambas incumplidas; y fue perjudicial para Asturias cuando agrup\u00f3 el cobro del peaje en su provincia natal, hurtando a los asturianos de los ingresos fiscales que generaba en beneficio de nuestros vecinos, eso s\u00ed que es una indecencia de la que son c\u00f3mplices los socialistas asturianos. El Gobierno de Pedro S\u00e1nchez hace lo contrario como presidente de lo que promet\u00eda cuando estaba en la oposici\u00f3n, algo habitual en trileros, lo que nos hace preguntarnos de nuevo, si los asturianos tenemos que dar credibilidad a las frases del Pedro S\u00e1nchez presidente, o las que realiza como secretario general\u201d.<\/p>\n<p>Garc\u00eda insisti\u00f3 as\u00ed en destacar que \u201clos que quer\u00edan suprimir el peaje del Huerna y construir una v\u00eda r\u00e1pida por el puerto de Pajares son los mismos que ahora reducen los precios de peajes en el resto de Espa\u00f1a, menos en Asturias, convirti\u00e9ndonos en una excepci\u00f3n negativa\u201d y a\u00f1adi\u00f3 que \u201cdesde FORO repetimos que no queremos ser m\u00e1s que el resto de los espa\u00f1oles, pero tampoco menos que ellos, y este hecho refuta esta afirmaci\u00f3n, diferencias que aumentan cada vez que un socialista accede a La Moncloa\u201d.<\/p>\n<p>La diputada de FORO ha concluido que \u201cel encarecimiento del precio para viajar a la Meseta supone un nuevo agravio del improvisado Gobierno de Pedro S\u00e1nchez a Asturias, perjuicios que se a\u00f1aden, a la descarbonizaci\u00f3n expr\u00e9s, a la operaci\u00f3n antidi\u00e9sel, a la adulteraci\u00f3n de la Variante, que nos conducen irremediablemente al empobrecimiento y a la desertizaci\u00f3n\u201d.<\/p>\n","protected":false},"excerpt":{"rendered":"<p>La diputada y portavoz de FORO en materia de Infraestructuras en la Junta General del Principado, Patricia Garc\u00eda Villanueva, ha acusado al secretario general de la FSA-PSOE, Adri\u00e1n Barb\u00f3n, de \u201ctener la desverg\u00fcenza de ocultar que quienes suben el peaje del Huerna mientras se levantan peajes en el resto de Espa\u00f1a llevan las mismas siglas<\/p>\n","protected":false},"author":1,"featured_media":95476,"comment_status":"closed","ping_status":"closed","sticky":false,"template":"","format":"standard","meta":{"footnotes":""},"categories":[7],"tags":[],"class_list":{"0":"post-114103","1":"post","2":"type-post","3":"status-publish","4":"format-standard","5":"has-post-thumbnail","7":"category-asturias"},"aioseo_notices":[],"aioseo_head":"\n\t\t<!-- All in One SEO Pro 4.9.6.2 - aioseo.com -->\n\t<meta name=\"description\" content=\"La diputada y portavoz de FORO en materia de Infraestructuras en la Junta General del Principado, Patricia Garc\u00eda Villanueva, ha acusado al secretario general de la FSA-PSOE, Adri\u00e1n Barb\u00f3n, de \u201ctener la desverg\u00fcenza de ocultar que quienes suben el peaje del Huerna mientras se levantan peajes en el resto de Espa\u00f1a llevan las mismas siglas\" \/>\n\t<meta name=\"robots\" content=\"max-image-preview:large\" \/>\n\t<meta name=\"author\" content=\"Cand\u00e1s 365\"\/>\n\t<meta name=\"google-site-verification\" content=\"UA-32230408-1\" \/>\n\t<meta name=\"msvalidate.01\" content=\"354F3CDFB2DA171B47FBE9ABF1F88D5\" \/>\n\t<meta name=\"keywords\" content=\"asturias\" \/>\n\t<link rel=\"canonical\" href=\"https:\/\/candas365.es\/noticias\/patricia-garcia-el-incremento-del-peaje-del-huerna-supone-una-afrenta-mas-a-asturias\/\" \/>\n\t<meta name=\"generator\" content=\"All in One SEO Pro (AIOSEO) 4.9.6.2\" \/>\n\t\t<meta property=\"og:locale\" content=\"es_ES\" \/>\n\t\t<meta property=\"og:site_name\" content=\"Cand\u00e1s 365\" \/>\n\t\t<meta property=\"og:type\" content=\"article\" \/>\n\t\t<meta property=\"og:title\" content=\"Patricia Garc\u00eda: \u201cEl incremento del peaje del Huerna supone una afrenta m\u00e1s a Asturias\u201d | Cand\u00e1s 365\" \/>\n\t\t<meta property=\"og:description\" content=\"La diputada y portavoz de FORO en materia de Infraestructuras en la Junta General del Principado, Patricia Garc\u00eda Villanueva, ha acusado al secretario general de la FSA-PSOE, Adri\u00e1n Barb\u00f3n, de \u201ctener la desverg\u00fcenza de ocultar que quienes suben el peaje del Huerna mientras se levantan peajes en el resto de Espa\u00f1a llevan las mismas siglas\" \/>\n\t\t<meta property=\"og:url\" content=\"https:\/\/candas365.es\/noticias\/patricia-garcia-el-incremento-del-peaje-del-huerna-supone-una-afrenta-mas-a-asturias\/\" \/>\n\t\t<meta property=\"og:image\" content=\"https:\/\/candas365.es\/noticias\/wp-content\/uploads\/2018\/05\/travel-2724331_960_720.jpg\" \/>\n\t\t<meta property=\"og:image:secure_url\" content=\"https:\/\/candas365.es\/noticias\/wp-content\/uploads\/2018\/05\/travel-2724331_960_720.jpg\" \/>\n\t\t<meta property=\"og:image:width\" content=\"960\" \/>\n\t\t<meta property=\"og:image:height\" content=\"640\" \/>\n\t\t<meta property=\"article:published_time\" content=\"2019-01-13T15:24:52+00:00\" \/>\n\t\t<meta property=\"article:modified_time\" content=\"2019-01-13T15:24:52+00:00\" \/>\n\t\t<meta property=\"article:publisher\" content=\"https:\/\/www.facebook.com\/Nachofdezber\" \/>\n\t\t<meta property=\"article:author\" content=\"https:\/\/www.facebook.com\/carrenoactualidad\" \/>\n\t\t<meta name=\"twitter:card\" content=\"summary_large_image\" \/>\n\t\t<meta name=\"twitter:site\" content=\"@NabercoDigital\" \/>\n\t\t<meta name=\"twitter:title\" content=\"Patricia Garc\u00eda: \u201cEl incremento del peaje del Huerna supone una afrenta m\u00e1s a Asturias\u201d | Cand\u00e1s 365\" \/>\n\t\t<meta name=\"twitter:description\" content=\"La diputada y portavoz de FORO en materia de Infraestructuras en la Junta General del Principado, Patricia Garc\u00eda Villanueva, ha acusado al secretario general de la FSA-PSOE, Adri\u00e1n Barb\u00f3n, de \u201ctener la desverg\u00fcenza de ocultar que quienes suben el peaje del Huerna mientras se levantan peajes en el resto de Espa\u00f1a llevan las mismas siglas\" \/>\n\t\t<meta name=\"twitter:creator\" content=\"@nbasturias\" \/>\n\t\t<meta name=\"twitter:image\" content=\"https:\/\/candas365.es\/noticias\/wp-content\/uploads\/2018\/05\/travel-2724331_960_720.jpg\" \/>\n\t\t<meta name=\"twitter:label1\" content=\"Escrito por\" \/>\n\t\t<meta name=\"twitter:data1\" content=\"Cand\u00e1s 365\" \/>\n\t\t<meta name=\"twitter:label2\" content=\"Tiempo de lectura estimado\" \/>\n\t\t<meta name=\"twitter:data2\" content=\"3 minutos\" \/>\n\t\t<script type=\"application\/ld+json\" class=\"aioseo-schema\">\n\t\t\t{\"@context\":\"https:\\\/\\\/schema.org\",\"@graph\":[{\"@type\":\"BreadcrumbList\",\"@id\":\"https:\\\/\\\/candas365.es\\\/noticias\\\/patricia-garcia-el-incremento-del-peaje-del-huerna-supone-una-afrenta-mas-a-asturias\\\/#breadcrumblist\",\"itemListElement\":[{\"@type\":\"ListItem\",\"@id\":\"https:\\\/\\\/candas365.es\\\/noticias#listItem\",\"position\":1,\"name\":\"Home\",\"item\":\"https:\\\/\\\/candas365.es\\\/noticias\",\"nextItem\":{\"@type\":\"ListItem\",\"@id\":\"https:\\\/\\\/candas365.es\\\/noticias\\\/category\\\/asturias\\\/#listItem\",\"name\":\"Asturias\"}},{\"@type\":\"ListItem\",\"@id\":\"https:\\\/\\\/candas365.es\\\/noticias\\\/category\\\/asturias\\\/#listItem\",\"position\":2,\"name\":\"Asturias\",\"item\":\"https:\\\/\\\/candas365.es\\\/noticias\\\/category\\\/asturias\\\/\",\"nextItem\":{\"@type\":\"ListItem\",\"@id\":\"https:\\\/\\\/candas365.es\\\/noticias\\\/patricia-garcia-el-incremento-del-peaje-del-huerna-supone-una-afrenta-mas-a-asturias\\\/#listItem\",\"name\":\"Patricia Garc\\u00eda: \\u201cEl incremento del peaje del Huerna supone una afrenta m\\u00e1s a Asturias\\u201d\"},\"previousItem\":{\"@type\":\"ListItem\",\"@id\":\"https:\\\/\\\/candas365.es\\\/noticias#listItem\",\"name\":\"Home\"}},{\"@type\":\"ListItem\",\"@id\":\"https:\\\/\\\/candas365.es\\\/noticias\\\/patricia-garcia-el-incremento-del-peaje-del-huerna-supone-una-afrenta-mas-a-asturias\\\/#listItem\",\"position\":3,\"name\":\"Patricia Garc\\u00eda: \\u201cEl incremento del peaje del Huerna supone una afrenta m\\u00e1s a Asturias\\u201d\",\"previousItem\":{\"@type\":\"ListItem\",\"@id\":\"https:\\\/\\\/candas365.es\\\/noticias\\\/category\\\/asturias\\\/#listItem\",\"name\":\"Asturias\"}}]},{\"@type\":\"NewsArticle\",\"@id\":\"https:\\\/\\\/candas365.es\\\/noticias\\\/patricia-garcia-el-incremento-del-peaje-del-huerna-supone-una-afrenta-mas-a-asturias\\\/#newsarticle\",\"name\":\"Patricia Garc\\u00eda: \\u201cEl incremento del peaje del Huerna supone una afrenta m\\u00e1s a Asturias\\u201d | Cand\\u00e1s 365\",\"headline\":\"Patricia Garc\\u00eda: \\u201cEl incremento del peaje del Huerna supone una afrenta m\\u00e1s a Asturias\\u201d\",\"author\":{\"@id\":\"https:\\\/\\\/candas365.es\\\/noticias\\\/author\\\/admin\\\/#author\"},\"publisher\":{\"@id\":\"https:\\\/\\\/candas365.es\\\/noticias\\\/#organization\"},\"image\":{\"@type\":\"ImageObject\",\"url\":\"https:\\\/\\\/candas365.es\\\/noticias\\\/wp-content\\\/uploads\\\/2018\\\/05\\\/travel-2724331_960_720.jpg\",\"width\":960,\"height\":640},\"datePublished\":\"2019-01-13T15:24:52+01:00\",\"dateModified\":\"2019-01-13T15:24:52+01:00\",\"inLanguage\":\"es-ES\",\"mainEntityOfPage\":{\"@id\":\"https:\\\/\\\/candas365.es\\\/noticias\\\/patricia-garcia-el-incremento-del-peaje-del-huerna-supone-una-afrenta-mas-a-asturias\\\/#webpage\"},\"isPartOf\":{\"@id\":\"https:\\\/\\\/candas365.es\\\/noticias\\\/patricia-garcia-el-incremento-del-peaje-del-huerna-supone-una-afrenta-mas-a-asturias\\\/#webpage\"},\"articleSection\":\"Asturias\",\"dateline\":\"Publicado el enero 13, 2019.\"},{\"@type\":\"Organization\",\"@id\":\"https:\\\/\\\/candas365.es\\\/noticias\\\/#organization\",\"name\":\"Cand\\u00e1s 365\",\"description\":\"Cand\\u00e1s 365 es un diario digital independiente, fundado en 2012, con base en Asturias. Informamos con rigor sobre actualidad, sociedad, cultura y ocio, con una mirada local y global.\",\"url\":\"https:\\\/\\\/candas365.es\\\/noticias\\\/\",\"email\":\"info@candas365.es\",\"telephone\":\"+34652131393\",\"foundingDate\":\"2012-06-10\",\"logo\":{\"@type\":\"ImageObject\",\"url\":\"https:\\\/\\\/candas365.es\\\/noticias\\\/wp-content\\\/uploads\\\/2024\\\/09\\\/Candas-365-Redes.jpg\",\"@id\":\"https:\\\/\\\/candas365.es\\\/noticias\\\/patricia-garcia-el-incremento-del-peaje-del-huerna-supone-una-afrenta-mas-a-asturias\\\/#organizationLogo\",\"width\":1152,\"height\":864,\"caption\":\"Cand\\u00e1s 365 Redes\"},\"image\":{\"@id\":\"https:\\\/\\\/candas365.es\\\/noticias\\\/patricia-garcia-el-incremento-del-peaje-del-huerna-supone-una-afrenta-mas-a-asturias\\\/#organizationLogo\"},\"sameAs\":[\"https:\\\/\\\/www.facebook.com\\\/Nachofdezber\",\"https:\\\/\\\/x.com\\\/NabercoDigital\",\"https:\\\/\\\/www.instagram.com\\\/nachofdezber\\\/\",\"https:\\\/\\\/www.youtube.com\\\/channel\\\/UCZP-2wLEB9Rv6erhFmqVnvg\"],\"address\":{\"@id\":\"https:\\\/\\\/candas365.es\\\/noticias\\\/#postaladdress\",\"@type\":\"PostalAddress\",\"streetAddress\":\"san antonio 4, san antonio 4\",\"postalCode\":\"33430\",\"addressLocality\":\"Cand\\u00e1s\",\"addressRegion\":\"Asturias\",\"addressCountry\":\"ES\"}},{\"@type\":\"Person\",\"@id\":\"https:\\\/\\\/candas365.es\\\/noticias\\\/author\\\/admin\\\/#author\",\"url\":\"https:\\\/\\\/candas365.es\\\/noticias\\\/author\\\/admin\\\/\",\"name\":\"Cand\\u00e1s 365\",\"image\":{\"@type\":\"ImageObject\",\"@id\":\"https:\\\/\\\/candas365.es\\\/noticias\\\/patricia-garcia-el-incremento-del-peaje-del-huerna-supone-una-afrenta-mas-a-asturias\\\/#authorImage\",\"url\":\"https:\\\/\\\/secure.gravatar.com\\\/avatar\\\/496a8e03d0c493ede1718b7934145dbdf8d89be1036b0eec9544e1094c9de390?s=96&d=mm&r=g\",\"width\":96,\"height\":96,\"caption\":\"Cand\\u00e1s 365\"},\"sameAs\":[\"https:\\\/\\\/www.facebook.com\\\/carrenoactualidad\",\"https:\\\/\\\/twitter.com\\\/nbasturias\",\"https:\\\/\\\/www.instagram.com\\\/nachofdezber\\\/\",\"https:\\\/\\\/www.youtube.com\\\/channel\\\/UCZP-2wLEB9Rv6erhFmqVnvg\"]},{\"@type\":\"WebPage\",\"@id\":\"https:\\\/\\\/candas365.es\\\/noticias\\\/patricia-garcia-el-incremento-del-peaje-del-huerna-supone-una-afrenta-mas-a-asturias\\\/#webpage\",\"url\":\"https:\\\/\\\/candas365.es\\\/noticias\\\/patricia-garcia-el-incremento-del-peaje-del-huerna-supone-una-afrenta-mas-a-asturias\\\/\",\"name\":\"Patricia Garc\\u00eda: \\u201cEl incremento del peaje del Huerna supone una afrenta m\\u00e1s a Asturias\\u201d | Cand\\u00e1s 365\",\"description\":\"La diputada y portavoz de FORO en materia de Infraestructuras en la Junta General del Principado, Patricia Garc\\u00eda Villanueva, ha acusado al secretario general de la FSA-PSOE, Adri\\u00e1n Barb\\u00f3n, de \\u201ctener la desverg\\u00fcenza de ocultar que quienes suben el peaje del Huerna mientras se levantan peajes en el resto de Espa\\u00f1a llevan las mismas siglas\",\"inLanguage\":\"es-ES\",\"isPartOf\":{\"@id\":\"https:\\\/\\\/candas365.es\\\/noticias\\\/#website\"},\"breadcrumb\":{\"@id\":\"https:\\\/\\\/candas365.es\\\/noticias\\\/patricia-garcia-el-incremento-del-peaje-del-huerna-supone-una-afrenta-mas-a-asturias\\\/#breadcrumblist\"},\"author\":{\"@id\":\"https:\\\/\\\/candas365.es\\\/noticias\\\/author\\\/admin\\\/#author\"},\"creator\":{\"@id\":\"https:\\\/\\\/candas365.es\\\/noticias\\\/author\\\/admin\\\/#author\"},\"image\":{\"@type\":\"ImageObject\",\"url\":\"https:\\\/\\\/candas365.es\\\/noticias\\\/wp-content\\\/uploads\\\/2018\\\/05\\\/travel-2724331_960_720.jpg\",\"@id\":\"https:\\\/\\\/candas365.es\\\/noticias\\\/patricia-garcia-el-incremento-del-peaje-del-huerna-supone-una-afrenta-mas-a-asturias\\\/#mainImage\",\"width\":960,\"height\":640},\"primaryImageOfPage\":{\"@id\":\"https:\\\/\\\/candas365.es\\\/noticias\\\/patricia-garcia-el-incremento-del-peaje-del-huerna-supone-una-afrenta-mas-a-asturias\\\/#mainImage\"},\"datePublished\":\"2019-01-13T15:24:52+01:00\",\"dateModified\":\"2019-01-13T15:24:52+01:00\"},{\"@type\":\"WebSite\",\"@id\":\"https:\\\/\\\/candas365.es\\\/noticias\\\/#website\",\"url\":\"https:\\\/\\\/candas365.es\\\/noticias\\\/\",\"name\":\"Cand\\u00e1s 365\",\"alternateName\":\"Cand\\u00e1s 365 Noticias\",\"description\":\"Actualidad desde Carre\\u00f1o para el mundo\",\"inLanguage\":\"es-ES\",\"publisher\":{\"@id\":\"https:\\\/\\\/candas365.es\\\/noticias\\\/#organization\"}}]}\n\t\t<\/script>\n\t\t<!-- All in One SEO Pro -->\r\n\t\t<title>Patricia Garc\u00eda: \u201cEl incremento del peaje del Huerna supone una afrenta m\u00e1s a Asturias\u201d | Cand\u00e1s 365<\/title>\n\n","aioseo_head_json":{"title":"Patricia Garc\u00eda: \u201cEl incremento del peaje del Huerna supone una afrenta m\u00e1s a Asturias\u201d | Cand\u00e1s 365","description":"La diputada y portavoz de FORO en materia de Infraestructuras en la Junta General del Principado, Patricia Garc\u00eda Villanueva, ha acusado al secretario general de la FSA-PSOE, Adri\u00e1n Barb\u00f3n, de \u201ctener la desverg\u00fcenza de ocultar que quienes suben el peaje del Huerna mientras se levantan peajes en el resto de Espa\u00f1a llevan las mismas siglas","canonical_url":"https:\/\/candas365.es\/noticias\/patricia-garcia-el-incremento-del-peaje-del-huerna-supone-una-afrenta-mas-a-asturias\/","robots":"max-image-preview:large","keywords":"asturias","webmasterTools":{"google-site-verification":"UA-32230408-1","msvalidate.01":"354F3CDFB2DA171B47FBE9ABF1F88D5","miscellaneous":""},"schema":{"@context":"https:\/\/schema.org","@graph":[{"@type":"BreadcrumbList","@id":"https:\/\/candas365.es\/noticias\/patricia-garcia-el-incremento-del-peaje-del-huerna-supone-una-afrenta-mas-a-asturias\/#breadcrumblist","itemListElement":[{"@type":"ListItem","@id":"https:\/\/candas365.es\/noticias#listItem","position":1,"name":"Home","item":"https:\/\/candas365.es\/noticias","nextItem":{"@type":"ListItem","@id":"https:\/\/candas365.es\/noticias\/category\/asturias\/#listItem","name":"Asturias"}},{"@type":"ListItem","@id":"https:\/\/candas365.es\/noticias\/category\/asturias\/#listItem","position":2,"name":"Asturias","item":"https:\/\/candas365.es\/noticias\/category\/asturias\/","nextItem":{"@type":"ListItem","@id":"https:\/\/candas365.es\/noticias\/patricia-garcia-el-incremento-del-peaje-del-huerna-supone-una-afrenta-mas-a-asturias\/#listItem","name":"Patricia Garc\u00eda: \u201cEl incremento del peaje del Huerna supone una afrenta m\u00e1s a Asturias\u201d"},"previousItem":{"@type":"ListItem","@id":"https:\/\/candas365.es\/noticias#listItem","name":"Home"}},{"@type":"ListItem","@id":"https:\/\/candas365.es\/noticias\/patricia-garcia-el-incremento-del-peaje-del-huerna-supone-una-afrenta-mas-a-asturias\/#listItem","position":3,"name":"Patricia Garc\u00eda: \u201cEl incremento del peaje del Huerna supone una afrenta m\u00e1s a Asturias\u201d","previousItem":{"@type":"ListItem","@id":"https:\/\/candas365.es\/noticias\/category\/asturias\/#listItem","name":"Asturias"}}]},{"@type":"NewsArticle","@id":"https:\/\/candas365.es\/noticias\/patricia-garcia-el-incremento-del-peaje-del-huerna-supone-una-afrenta-mas-a-asturias\/#newsarticle","name":"Patricia Garc\u00eda: \u201cEl incremento del peaje del Huerna supone una afrenta m\u00e1s a Asturias\u201d | Cand\u00e1s 365","headline":"Patricia Garc\u00eda: \u201cEl incremento del peaje del Huerna supone una afrenta m\u00e1s a Asturias\u201d","author":{"@id":"https:\/\/candas365.es\/noticias\/author\/admin\/#author"},"publisher":{"@id":"https:\/\/candas365.es\/noticias\/#organization"},"image":{"@type":"ImageObject","url":"https:\/\/candas365.es\/noticias\/wp-content\/uploads\/2018\/05\/travel-2724331_960_720.jpg","width":960,"height":640},"datePublished":"2019-01-13T15:24:52+01:00","dateModified":"2019-01-13T15:24:52+01:00","inLanguage":"es-ES","mainEntityOfPage":{"@id":"https:\/\/candas365.es\/noticias\/patricia-garcia-el-incremento-del-peaje-del-huerna-supone-una-afrenta-mas-a-asturias\/#webpage"},"isPartOf":{"@id":"https:\/\/candas365.es\/noticias\/patricia-garcia-el-incremento-del-peaje-del-huerna-supone-una-afrenta-mas-a-asturias\/#webpage"},"articleSection":"Asturias","dateline":"Publicado el enero 13, 2019."},{"@type":"Organization","@id":"https:\/\/candas365.es\/noticias\/#organization","name":"Cand\u00e1s 365","description":"Cand\u00e1s 365 es un diario digital independiente, fundado en 2012, con base en Asturias. Informamos con rigor sobre actualidad, sociedad, cultura y ocio, con una mirada local y global.","url":"https:\/\/candas365.es\/noticias\/","email":"info@candas365.es","telephone":"+34652131393","foundingDate":"2012-06-10","logo":{"@type":"ImageObject","url":"https:\/\/candas365.es\/noticias\/wp-content\/uploads\/2024\/09\/Candas-365-Redes.jpg","@id":"https:\/\/candas365.es\/noticias\/patricia-garcia-el-incremento-del-peaje-del-huerna-supone-una-afrenta-mas-a-asturias\/#organizationLogo","width":1152,"height":864,"caption":"Cand\u00e1s 365 Redes"},"image":{"@id":"https:\/\/candas365.es\/noticias\/patricia-garcia-el-incremento-del-peaje-del-huerna-supone-una-afrenta-mas-a-asturias\/#organizationLogo"},"sameAs":["https:\/\/www.facebook.com\/Nachofdezber","https:\/\/x.com\/NabercoDigital","https:\/\/www.instagram.com\/nachofdezber\/","https:\/\/www.youtube.com\/channel\/UCZP-2wLEB9Rv6erhFmqVnvg"],"address":{"@id":"https:\/\/candas365.es\/noticias\/#postaladdress","@type":"PostalAddress","streetAddress":"san antonio 4, san antonio 4","postalCode":"33430","addressLocality":"Cand\u00e1s","addressRegion":"Asturias","addressCountry":"ES"}},{"@type":"Person","@id":"https:\/\/candas365.es\/noticias\/author\/admin\/#author","url":"https:\/\/candas365.es\/noticias\/author\/admin\/","name":"Cand\u00e1s 365","image":{"@type":"ImageObject","@id":"https:\/\/candas365.es\/noticias\/patricia-garcia-el-incremento-del-peaje-del-huerna-supone-una-afrenta-mas-a-asturias\/#authorImage","url":"https:\/\/secure.gravatar.com\/avatar\/496a8e03d0c493ede1718b7934145dbdf8d89be1036b0eec9544e1094c9de390?s=96&d=mm&r=g","width":96,"height":96,"caption":"Cand\u00e1s 365"},"sameAs":["https:\/\/www.facebook.com\/carrenoactualidad","https:\/\/twitter.com\/nbasturias","https:\/\/www.instagram.com\/nachofdezber\/","https:\/\/www.youtube.com\/channel\/UCZP-2wLEB9Rv6erhFmqVnvg"]},{"@type":"WebPage","@id":"https:\/\/candas365.es\/noticias\/patricia-garcia-el-incremento-del-peaje-del-huerna-supone-una-afrenta-mas-a-asturias\/#webpage","url":"https:\/\/candas365.es\/noticias\/patricia-garcia-el-incremento-del-peaje-del-huerna-supone-una-afrenta-mas-a-asturias\/","name":"Patricia Garc\u00eda: \u201cEl incremento del peaje del Huerna supone una afrenta m\u00e1s a Asturias\u201d | Cand\u00e1s 365","description":"La diputada y portavoz de FORO en materia de Infraestructuras en la Junta General del Principado, Patricia Garc\u00eda Villanueva, ha acusado al secretario general de la FSA-PSOE, Adri\u00e1n Barb\u00f3n, de \u201ctener la desverg\u00fcenza de ocultar que quienes suben el peaje del Huerna mientras se levantan peajes en el resto de Espa\u00f1a llevan las mismas siglas","inLanguage":"es-ES","isPartOf":{"@id":"https:\/\/candas365.es\/noticias\/#website"},"breadcrumb":{"@id":"https:\/\/candas365.es\/noticias\/patricia-garcia-el-incremento-del-peaje-del-huerna-supone-una-afrenta-mas-a-asturias\/#breadcrumblist"},"author":{"@id":"https:\/\/candas365.es\/noticias\/author\/admin\/#author"},"creator":{"@id":"https:\/\/candas365.es\/noticias\/author\/admin\/#author"},"image":{"@type":"ImageObject","url":"https:\/\/candas365.es\/noticias\/wp-content\/uploads\/2018\/05\/travel-2724331_960_720.jpg","@id":"https:\/\/candas365.es\/noticias\/patricia-garcia-el-incremento-del-peaje-del-huerna-supone-una-afrenta-mas-a-asturias\/#mainImage","width":960,"height":640},"primaryImageOfPage":{"@id":"https:\/\/candas365.es\/noticias\/patricia-garcia-el-incremento-del-peaje-del-huerna-supone-una-afrenta-mas-a-asturias\/#mainImage"},"datePublished":"2019-01-13T15:24:52+01:00","dateModified":"2019-01-13T15:24:52+01:00"},{"@type":"WebSite","@id":"https:\/\/candas365.es\/noticias\/#website","url":"https:\/\/candas365.es\/noticias\/","name":"Cand\u00e1s 365","alternateName":"Cand\u00e1s 365 Noticias","description":"Actualidad desde Carre\u00f1o para el mundo","inLanguage":"es-ES","publisher":{"@id":"https:\/\/candas365.es\/noticias\/#organization"}}]},"og:locale":"es_ES","og:site_name":"Cand\u00e1s 365","og:type":"article","og:title":"Patricia Garc\u00eda: \u201cEl incremento del peaje del Huerna supone una afrenta m\u00e1s a Asturias\u201d | Cand\u00e1s 365","og:description":"La diputada y portavoz de FORO en materia de Infraestructuras en la Junta General del Principado, Patricia Garc\u00eda Villanueva, ha acusado al secretario general de la FSA-PSOE, Adri\u00e1n Barb\u00f3n, de \u201ctener la desverg\u00fcenza de ocultar que quienes suben el peaje del Huerna mientras se levantan peajes en el resto de Espa\u00f1a llevan las mismas siglas","og:url":"https:\/\/candas365.es\/noticias\/patricia-garcia-el-incremento-del-peaje-del-huerna-supone-una-afrenta-mas-a-asturias\/","og:image":"https:\/\/candas365.es\/noticias\/wp-content\/uploads\/2018\/05\/travel-2724331_960_720.jpg","og:image:secure_url":"https:\/\/candas365.es\/noticias\/wp-content\/uploads\/2018\/05\/travel-2724331_960_720.jpg","og:image:width":960,"og:image:height":640,"article:published_time":"2019-01-13T15:24:52+00:00","article:modified_time":"2019-01-13T15:24:52+00:00","article:publisher":"https:\/\/www.facebook.com\/Nachofdezber","article:author":"https:\/\/www.facebook.com\/carrenoactualidad","twitter:card":"summary_large_image","twitter:site":"@NabercoDigital","twitter:title":"Patricia Garc\u00eda: \u201cEl incremento del peaje del Huerna supone una afrenta m\u00e1s a Asturias\u201d | Cand\u00e1s 365","twitter:description":"La diputada y portavoz de FORO en materia de Infraestructuras en la Junta General del Principado, Patricia Garc\u00eda Villanueva, ha acusado al secretario general de la FSA-PSOE, Adri\u00e1n Barb\u00f3n, de \u201ctener la desverg\u00fcenza de ocultar que quienes suben el peaje del Huerna mientras se levantan peajes en el resto de Espa\u00f1a llevan las mismas siglas","twitter:creator":"@nbasturias","twitter:image":"https:\/\/candas365.es\/noticias\/wp-content\/uploads\/2018\/05\/travel-2724331_960_720.jpg","twitter:label1":"Escrito por","twitter:data1":"Cand\u00e1s 365","twitter:label2":"Tiempo de lectura estimado","twitter:data2":"3 minutos"},"aioseo_meta_data":{"post_id":"114103","title":null,"description":null,"keywords":null,"keyphrases":null,"primary_term":null,"canonical_url":null,"og_title":null,"og_description":null,"og_object_type":"default","og_image_type":"default","og_image_url":null,"og_image_width":null,"og_image_height":null,"og_image_custom_url":null,"og_image_custom_fields":null,"og_video":null,"og_custom_url":null,"og_article_section":null,"og_article_tags":null,"twitter_use_og":false,"twitter_card":"default","twitter_image_type":"default","twitter_image_url":null,"twitter_image_custom_url":null,"twitter_image_custom_fields":null,"twitter_title":null,"twitter_description":null,"schema":{"blockGraphs":[],"customGraphs":[],"default":{"data":{"Article":[],"Course":[],"Dataset":[],"FAQPage":[],"Movie":[],"Person":[],"Product":[],"ProductReview":[],"Car":[],"Recipe":[],"Service":[],"SoftwareApplication":[],"WebPage":[]},"graphName":"","isEnabled":true},"graphs":[]},"schema_type":null,"schema_type_options":null,"pillar_content":false,"robots_default":true,"robots_noindex":false,"robots_noarchive":false,"robots_nosnippet":false,"robots_nofollow":false,"robots_noimageindex":false,"robots_noodp":false,"robots_notranslate":false,"robots_max_snippet":null,"robots_max_videopreview":null,"robots_max_imagepreview":"large","priority":null,"frequency":null,"location":null,"local_seo":null,"seo_analyzer_scan_date":"2025-08-29 00:28:34","breadcrumb_settings":null,"limit_modified_date":false,"reviewed_by":null,"open_ai":null,"ai":null,"created":"2020-12-21 11:24:55","updated":"2025-08-29 00:28:34"},"aioseo_breadcrumb":"<div class=\"aioseo-breadcrumbs\"><span class=\"aioseo-breadcrumb\">\n\t<a href=\"https:\/\/candas365.es\/noticias\" title=\"Home\">Home<\/a>\n<\/span><span class=\"aioseo-breadcrumb-separator\">&ndash;<\/span><span class=\"aioseo-breadcrumb\">\n\t<a href=\"https:\/\/candas365.es\/noticias\/category\/asturias\/\" title=\"Asturias\">Asturias<\/a>\n<\/span><span class=\"aioseo-breadcrumb-separator\">&ndash;<\/span><span class=\"aioseo-breadcrumb\">\n\tPatricia Garc\u00eda: \u201cEl incremento del peaje del Huerna supone una afrenta m\u00e1s a Asturias\u201d\n<\/span><\/div>","aioseo_breadcrumb_json":[{"label":"Home","link":"https:\/\/candas365.es\/noticias"},{"label":"Asturias","link":"https:\/\/candas365.es\/noticias\/category\/asturias\/"},{"label":"Patricia Garc\u00eda: \u201cEl incremento del peaje del Huerna supone una afrenta m\u00e1s a Asturias\u201d","link":"https:\/\/candas365.es\/noticias\/patricia-garcia-el-incremento-del-peaje-del-huerna-supone-una-afrenta-mas-a-asturias\/"}],"_links":{"self":[{"href":"https:\/\/candas365.es\/noticias\/wp-json\/wp\/v2\/posts\/114103","targetHints":{"allow":["GET"]}}],"collection":[{"href":"https:\/\/candas365.es\/noticias\/wp-json\/wp\/v2\/posts"}],"about":[{"href":"https:\/\/candas365.es\/noticias\/wp-json\/wp\/v2\/types\/post"}],"author":[{"embeddable":true,"href":"https:\/\/candas365.es\/noticias\/wp-json\/wp\/v2\/users\/1"}],"replies":[{"embeddable":true,"href":"https:\/\/candas365.es\/noticias\/wp-json\/wp\/v2\/comments?post=114103"}],"version-history":[{"count":0,"href":"https:\/\/candas365.es\/noticias\/wp-json\/wp\/v2\/posts\/114103\/revisions"}],"wp:featuredmedia":[{"embeddable":true,"href":"https:\/\/candas365.es\/noticias\/wp-json\/wp\/v2\/media\/95476"}],"wp:attachment":[{"href":"https:\/\/candas365.es\/noticias\/wp-json\/wp\/v2\/media?parent=114103"}],"wp:term":[{"taxonomy":"category","embeddable":true,"href":"https:\/\/candas365.es\/noticias\/wp-json\/wp\/v2\/categories?post=114103"},{"taxonomy":"post_tag","embeddable":true,"href":"https:\/\/candas365.es\/noticias\/wp-json\/wp\/v2\/tags?post=114103"}],"curies":[{"name":"wp","href":"https:\/\/api.w.org\/{rel}","templated":true}]}}