{"id":114079,"date":"2019-01-12T18:26:17","date_gmt":"2019-01-12T18:26:17","guid":{"rendered":"http:\/\/candas365.es\/noticias\/?p=114079"},"modified":"2019-01-12T18:26:17","modified_gmt":"2019-01-12T18:26:17","slug":"alexander-zverev-esta-listo-para-debutar-en-el-abierto-de-tenis-australia","status":"publish","type":"post","link":"https:\/\/candas365.es\/noticias\/alexander-zverev-esta-listo-para-debutar-en-el-abierto-de-tenis-australia\/","title":{"rendered":"Alexander Zverev est\u00e1 listo para debutar en el Abierto de tenis Australia"},"content":{"rendered":"<p><img fetchpriority=\"high\" decoding=\"async\" class=\"alignleft size-medium wp-image-95170\" src=\"https:\/\/candas365.es\/noticias\/wp-content\/uploads\/2018\/05\/tennis-2891306_960_720-360x203.jpg\" alt=\"\" width=\"360\" height=\"203\" srcset=\"https:\/\/candas365.es\/noticias\/wp-content\/uploads\/2018\/05\/tennis-2891306_960_720-360x203.jpg 360w, https:\/\/candas365.es\/noticias\/wp-content\/uploads\/2018\/05\/tennis-2891306_960_720-768x432.jpg 768w, https:\/\/candas365.es\/noticias\/wp-content\/uploads\/2018\/05\/tennis-2891306_960_720-655x368.jpg 655w, https:\/\/candas365.es\/noticias\/wp-content\/uploads\/2018\/05\/tennis-2891306_960_720-696x392.jpg 696w, https:\/\/candas365.es\/noticias\/wp-content\/uploads\/2018\/05\/tennis-2891306_960_720-747x420.jpg 747w, https:\/\/candas365.es\/noticias\/wp-content\/uploads\/2018\/05\/tennis-2891306_960_720.jpg 960w\" sizes=\"(max-width: 360px) 100vw, 360px\" \/>Melbourne (Australia), 12 ene (dpa) &#8211; El alem\u00e1n Alexander Zverev confirm\u00f3 hoy que est\u00e1 listo para debutar en el Abierto de tenis Australia pese a una molestia en el tobillo derecho que sinti\u00f3 durante un entrenamiento.<\/p>\n<p>\u00abA\u00fan me duele un poco el pie. Tengo un moret\u00f3n en el tobillo y eso lleva tiempo. Pero no estoy preocupado\u00bb, asegur\u00f3 la estrella alemana del tenis, quien el martes enfrentar\u00e1 al esloveno Aljaz Bedene en la primera ronda del Grand Slam que se disputa en Melbourne.<\/p>\n<p>Zverev, cuarto del ranking mundial, sufri\u00f3 una torcedura de tobillo el jueves y debi\u00f3 abandonar la pr\u00e1ctica. Previamente, ya hab\u00eda sentido una molestia en el m\u00fasculo. Sin embargo, hoy entren\u00f3 casi dos horas con el espa\u00f1ol Fernando Verdasco.<\/p>\n<p>Junto a la alemana Angelique Kerber, Zverer lleg\u00f3 la semana pasada a la final de la Copa Hopman de tenis mixta no oficial. La dupla alemana cay\u00f3 ante los suizos Roger Federer y Belinda Bencic.<\/p>\n<p>Kerber, vigente campeona de Wimbledon y n\u00famero dos del ranking mundial, enfrentar\u00e1 en la primera ronda a la eslovena Polona Hercog.<\/p>\n<p>Entre los 12 jugadores alemanes que disputar\u00e1n el Abierto de Australia a partir del lunes se encuentran Julia G\u00f6rges, decimocuarta sembrada, quien enfrentar\u00e1 a la estadounidense Danielle Collins. Adem\u00e1s, Andrea Petkovic se medir\u00e1 con la rumana Irina Camelia Begu, mientras que Tatjana Maria y Laura Siegemund tendr\u00e1n que superar partidos complicados.<\/p>\n<p>Maria enfrentar\u00e1 a la estadounidense Serena Williams, ganadora de 23 Grand Slam, y Siegemund jugar\u00e1 ante la bielorrusa Victoria Azarenka, quien en 2012 conquist\u00f3 su primer Grand Slam en el Abierto de Australia.<\/p>\n<p>En el cuadro masculino, Jan-Lennard Struff jugar\u00e1 ante el local Matthew Ebden, Peter Gojowczyk enfrentar\u00e1 al ruso Karen Jachanov, mientras el cualificante Rudi Molleker intentar\u00e1 sellar su pase a la segunda ronda del primer Gran Slam de la temporada ante el argentino Diego Schwartzman.<\/p>\n<p>La danesa Caroline Wozniacki y el suizo Roger Federer son los defensores del t\u00edtulo.<\/p>\n","protected":false},"excerpt":{"rendered":"<p>Melbourne (Australia), 12 ene (dpa) &#8211; El alem\u00e1n Alexander Zverev confirm\u00f3 hoy que est\u00e1 listo para debutar en el Abierto de tenis Australia pese a una molestia en el tobillo derecho que sinti\u00f3 durante un entrenamiento. \u00abA\u00fan me duele un poco el pie. Tengo un moret\u00f3n en el tobillo y eso lleva tiempo. Pero no<\/p>\n","protected":false},"author":1,"featured_media":84498,"comment_status":"closed","ping_status":"closed","sticky":false,"template":"","format":"standard","meta":{"footnotes":""},"categories":[319],"tags":[],"class_list":{"0":"post-114079","1":"post","2":"type-post","3":"status-publish","4":"format-standard","5":"has-post-thumbnail","7":"category-deporte"},"aioseo_notices":[],"aioseo_head":"\n\t\t<!-- All in One SEO Pro 4.9.6.2 - aioseo.com -->\n\t<meta name=\"description\" content=\"Melbourne (Australia), 12 ene (dpa) - El alem\u00e1n Alexander Zverev confirm\u00f3 hoy que est\u00e1 listo para debutar en el Abierto de tenis Australia pese a una molestia en el tobillo derecho que sinti\u00f3 durante un entrenamiento. &quot;A\u00fan me duele un poco el pie. Tengo un moret\u00f3n en el tobillo y eso lleva tiempo. Pero no\" \/>\n\t<meta name=\"robots\" content=\"max-image-preview:large\" \/>\n\t<meta name=\"author\" content=\"Cand\u00e1s 365\"\/>\n\t<meta name=\"google-site-verification\" content=\"UA-32230408-1\" \/>\n\t<meta name=\"msvalidate.01\" content=\"354F3CDFB2DA171B47FBE9ABF1F88D5\" \/>\n\t<meta name=\"keywords\" content=\"deporte\" \/>\n\t<link rel=\"canonical\" href=\"https:\/\/candas365.es\/noticias\/alexander-zverev-esta-listo-para-debutar-en-el-abierto-de-tenis-australia\/\" \/>\n\t<meta name=\"generator\" content=\"All in One SEO Pro (AIOSEO) 4.9.6.2\" \/>\n\t\t<meta property=\"og:locale\" content=\"es_ES\" \/>\n\t\t<meta property=\"og:site_name\" content=\"Cand\u00e1s 365\" \/>\n\t\t<meta property=\"og:type\" content=\"article\" \/>\n\t\t<meta property=\"og:title\" content=\"Alexander Zverev est\u00e1 listo para debutar en el Abierto de tenis Australia | Cand\u00e1s 365\" \/>\n\t\t<meta property=\"og:description\" content=\"Melbourne (Australia), 12 ene (dpa) - El alem\u00e1n Alexander Zverev confirm\u00f3 hoy que est\u00e1 listo para debutar en el Abierto de tenis Australia pese a una molestia en el tobillo derecho que sinti\u00f3 durante un entrenamiento. &quot;A\u00fan me duele un poco el pie. Tengo un moret\u00f3n en el tobillo y eso lleva tiempo. Pero no\" \/>\n\t\t<meta property=\"og:url\" content=\"https:\/\/candas365.es\/noticias\/alexander-zverev-esta-listo-para-debutar-en-el-abierto-de-tenis-australia\/\" \/>\n\t\t<meta property=\"og:image\" content=\"https:\/\/candas365.es\/noticias\/wp-content\/uploads\/2017\/11\/tennis-2100437_960_720.jpg\" \/>\n\t\t<meta property=\"og:image:secure_url\" content=\"https:\/\/candas365.es\/noticias\/wp-content\/uploads\/2017\/11\/tennis-2100437_960_720.jpg\" \/>\n\t\t<meta property=\"og:image:width\" content=\"960\" \/>\n\t\t<meta property=\"og:image:height\" content=\"623\" \/>\n\t\t<meta property=\"article:published_time\" content=\"2019-01-12T18:26:17+00:00\" \/>\n\t\t<meta property=\"article:modified_time\" content=\"2019-01-12T18:26:17+00:00\" \/>\n\t\t<meta property=\"article:publisher\" content=\"https:\/\/www.facebook.com\/Nachofdezber\" \/>\n\t\t<meta property=\"article:author\" content=\"https:\/\/www.facebook.com\/carrenoactualidad\" \/>\n\t\t<meta name=\"twitter:card\" content=\"summary_large_image\" \/>\n\t\t<meta name=\"twitter:site\" content=\"@NabercoDigital\" \/>\n\t\t<meta name=\"twitter:title\" content=\"Alexander Zverev est\u00e1 listo para debutar en el Abierto de tenis Australia | Cand\u00e1s 365\" \/>\n\t\t<meta name=\"twitter:description\" content=\"Melbourne (Australia), 12 ene (dpa) - El alem\u00e1n Alexander Zverev confirm\u00f3 hoy que est\u00e1 listo para debutar en el Abierto de tenis Australia pese a una molestia en el tobillo derecho que sinti\u00f3 durante un entrenamiento. &quot;A\u00fan me duele un poco el pie. Tengo un moret\u00f3n en el tobillo y eso lleva tiempo. Pero no\" \/>\n\t\t<meta name=\"twitter:creator\" content=\"@nbasturias\" \/>\n\t\t<meta name=\"twitter:image\" content=\"https:\/\/candas365.es\/noticias\/wp-content\/uploads\/2017\/11\/tennis-2100437_960_720.jpg\" \/>\n\t\t<meta name=\"twitter:label1\" content=\"Escrito por\" \/>\n\t\t<meta name=\"twitter:data1\" content=\"Cand\u00e1s 365\" \/>\n\t\t<meta name=\"twitter:label2\" content=\"Tiempo de lectura estimado\" \/>\n\t\t<meta name=\"twitter:data2\" content=\"2 minutos\" \/>\n\t\t<script type=\"application\/ld+json\" class=\"aioseo-schema\">\n\t\t\t{\"@context\":\"https:\\\/\\\/schema.org\",\"@graph\":[{\"@type\":\"BreadcrumbList\",\"@id\":\"https:\\\/\\\/candas365.es\\\/noticias\\\/alexander-zverev-esta-listo-para-debutar-en-el-abierto-de-tenis-australia\\\/#breadcrumblist\",\"itemListElement\":[{\"@type\":\"ListItem\",\"@id\":\"https:\\\/\\\/candas365.es\\\/noticias#listItem\",\"position\":1,\"name\":\"Home\",\"item\":\"https:\\\/\\\/candas365.es\\\/noticias\",\"nextItem\":{\"@type\":\"ListItem\",\"@id\":\"https:\\\/\\\/candas365.es\\\/noticias\\\/category\\\/deporte\\\/#listItem\",\"name\":\"Deporte\"}},{\"@type\":\"ListItem\",\"@id\":\"https:\\\/\\\/candas365.es\\\/noticias\\\/category\\\/deporte\\\/#listItem\",\"position\":2,\"name\":\"Deporte\",\"item\":\"https:\\\/\\\/candas365.es\\\/noticias\\\/category\\\/deporte\\\/\",\"nextItem\":{\"@type\":\"ListItem\",\"@id\":\"https:\\\/\\\/candas365.es\\\/noticias\\\/alexander-zverev-esta-listo-para-debutar-en-el-abierto-de-tenis-australia\\\/#listItem\",\"name\":\"Alexander Zverev est\\u00e1 listo para debutar en el Abierto de tenis Australia\"},\"previousItem\":{\"@type\":\"ListItem\",\"@id\":\"https:\\\/\\\/candas365.es\\\/noticias#listItem\",\"name\":\"Home\"}},{\"@type\":\"ListItem\",\"@id\":\"https:\\\/\\\/candas365.es\\\/noticias\\\/alexander-zverev-esta-listo-para-debutar-en-el-abierto-de-tenis-australia\\\/#listItem\",\"position\":3,\"name\":\"Alexander Zverev est\\u00e1 listo para debutar en el Abierto de tenis Australia\",\"previousItem\":{\"@type\":\"ListItem\",\"@id\":\"https:\\\/\\\/candas365.es\\\/noticias\\\/category\\\/deporte\\\/#listItem\",\"name\":\"Deporte\"}}]},{\"@type\":\"NewsArticle\",\"@id\":\"https:\\\/\\\/candas365.es\\\/noticias\\\/alexander-zverev-esta-listo-para-debutar-en-el-abierto-de-tenis-australia\\\/#newsarticle\",\"name\":\"Alexander Zverev est\\u00e1 listo para debutar en el Abierto de tenis Australia | Cand\\u00e1s 365\",\"headline\":\"Alexander Zverev est\\u00e1 listo para debutar en el Abierto de tenis Australia\",\"author\":{\"@id\":\"https:\\\/\\\/candas365.es\\\/noticias\\\/author\\\/admin\\\/#author\"},\"publisher\":{\"@id\":\"https:\\\/\\\/candas365.es\\\/noticias\\\/#organization\"},\"image\":{\"@type\":\"ImageObject\",\"url\":\"https:\\\/\\\/candas365.es\\\/noticias\\\/wp-content\\\/uploads\\\/2017\\\/11\\\/tennis-2100437_960_720.jpg\",\"width\":960,\"height\":623},\"datePublished\":\"2019-01-12T18:26:17+01:00\",\"dateModified\":\"2019-01-12T18:26:17+01:00\",\"inLanguage\":\"es-ES\",\"mainEntityOfPage\":{\"@id\":\"https:\\\/\\\/candas365.es\\\/noticias\\\/alexander-zverev-esta-listo-para-debutar-en-el-abierto-de-tenis-australia\\\/#webpage\"},\"isPartOf\":{\"@id\":\"https:\\\/\\\/candas365.es\\\/noticias\\\/alexander-zverev-esta-listo-para-debutar-en-el-abierto-de-tenis-australia\\\/#webpage\"},\"articleSection\":\"Deporte\",\"dateline\":\"Publicado el enero 12, 2019.\"},{\"@type\":\"Organization\",\"@id\":\"https:\\\/\\\/candas365.es\\\/noticias\\\/#organization\",\"name\":\"Cand\\u00e1s 365\",\"description\":\"Cand\\u00e1s 365 es un diario digital independiente, fundado en 2012, con base en Asturias. Informamos con rigor sobre actualidad, sociedad, cultura y ocio, con una mirada local y global.\",\"url\":\"https:\\\/\\\/candas365.es\\\/noticias\\\/\",\"email\":\"info@candas365.es\",\"telephone\":\"+34652131393\",\"foundingDate\":\"2012-06-10\",\"logo\":{\"@type\":\"ImageObject\",\"url\":\"https:\\\/\\\/candas365.es\\\/noticias\\\/wp-content\\\/uploads\\\/2024\\\/09\\\/Candas-365-Redes.jpg\",\"@id\":\"https:\\\/\\\/candas365.es\\\/noticias\\\/alexander-zverev-esta-listo-para-debutar-en-el-abierto-de-tenis-australia\\\/#organizationLogo\",\"width\":1152,\"height\":864,\"caption\":\"Cand\\u00e1s 365 Redes\"},\"image\":{\"@id\":\"https:\\\/\\\/candas365.es\\\/noticias\\\/alexander-zverev-esta-listo-para-debutar-en-el-abierto-de-tenis-australia\\\/#organizationLogo\"},\"sameAs\":[\"https:\\\/\\\/www.facebook.com\\\/Nachofdezber\",\"https:\\\/\\\/x.com\\\/NabercoDigital\",\"https:\\\/\\\/www.instagram.com\\\/nachofdezber\\\/\",\"https:\\\/\\\/www.youtube.com\\\/channel\\\/UCZP-2wLEB9Rv6erhFmqVnvg\"],\"address\":{\"@id\":\"https:\\\/\\\/candas365.es\\\/noticias\\\/#postaladdress\",\"@type\":\"PostalAddress\",\"streetAddress\":\"san antonio 4, san antonio 4\",\"postalCode\":\"33430\",\"addressLocality\":\"Cand\\u00e1s\",\"addressRegion\":\"Asturias\",\"addressCountry\":\"ES\"}},{\"@type\":\"Person\",\"@id\":\"https:\\\/\\\/candas365.es\\\/noticias\\\/author\\\/admin\\\/#author\",\"url\":\"https:\\\/\\\/candas365.es\\\/noticias\\\/author\\\/admin\\\/\",\"name\":\"Cand\\u00e1s 365\",\"image\":{\"@type\":\"ImageObject\",\"@id\":\"https:\\\/\\\/candas365.es\\\/noticias\\\/alexander-zverev-esta-listo-para-debutar-en-el-abierto-de-tenis-australia\\\/#authorImage\",\"url\":\"https:\\\/\\\/secure.gravatar.com\\\/avatar\\\/496a8e03d0c493ede1718b7934145dbdf8d89be1036b0eec9544e1094c9de390?s=96&d=mm&r=g\",\"width\":96,\"height\":96,\"caption\":\"Cand\\u00e1s 365\"},\"sameAs\":[\"https:\\\/\\\/www.facebook.com\\\/carrenoactualidad\",\"https:\\\/\\\/twitter.com\\\/nbasturias\",\"https:\\\/\\\/www.instagram.com\\\/nachofdezber\\\/\",\"https:\\\/\\\/www.youtube.com\\\/channel\\\/UCZP-2wLEB9Rv6erhFmqVnvg\"]},{\"@type\":\"WebPage\",\"@id\":\"https:\\\/\\\/candas365.es\\\/noticias\\\/alexander-zverev-esta-listo-para-debutar-en-el-abierto-de-tenis-australia\\\/#webpage\",\"url\":\"https:\\\/\\\/candas365.es\\\/noticias\\\/alexander-zverev-esta-listo-para-debutar-en-el-abierto-de-tenis-australia\\\/\",\"name\":\"Alexander Zverev est\\u00e1 listo para debutar en el Abierto de tenis Australia | Cand\\u00e1s 365\",\"description\":\"Melbourne (Australia), 12 ene (dpa) - El alem\\u00e1n Alexander Zverev confirm\\u00f3 hoy que est\\u00e1 listo para debutar en el Abierto de tenis Australia pese a una molestia en el tobillo derecho que sinti\\u00f3 durante un entrenamiento. \\\"A\\u00fan me duele un poco el pie. Tengo un moret\\u00f3n en el tobillo y eso lleva tiempo. Pero no\",\"inLanguage\":\"es-ES\",\"isPartOf\":{\"@id\":\"https:\\\/\\\/candas365.es\\\/noticias\\\/#website\"},\"breadcrumb\":{\"@id\":\"https:\\\/\\\/candas365.es\\\/noticias\\\/alexander-zverev-esta-listo-para-debutar-en-el-abierto-de-tenis-australia\\\/#breadcrumblist\"},\"author\":{\"@id\":\"https:\\\/\\\/candas365.es\\\/noticias\\\/author\\\/admin\\\/#author\"},\"creator\":{\"@id\":\"https:\\\/\\\/candas365.es\\\/noticias\\\/author\\\/admin\\\/#author\"},\"image\":{\"@type\":\"ImageObject\",\"url\":\"https:\\\/\\\/candas365.es\\\/noticias\\\/wp-content\\\/uploads\\\/2017\\\/11\\\/tennis-2100437_960_720.jpg\",\"@id\":\"https:\\\/\\\/candas365.es\\\/noticias\\\/alexander-zverev-esta-listo-para-debutar-en-el-abierto-de-tenis-australia\\\/#mainImage\",\"width\":960,\"height\":623},\"primaryImageOfPage\":{\"@id\":\"https:\\\/\\\/candas365.es\\\/noticias\\\/alexander-zverev-esta-listo-para-debutar-en-el-abierto-de-tenis-australia\\\/#mainImage\"},\"datePublished\":\"2019-01-12T18:26:17+01:00\",\"dateModified\":\"2019-01-12T18:26:17+01:00\"},{\"@type\":\"WebSite\",\"@id\":\"https:\\\/\\\/candas365.es\\\/noticias\\\/#website\",\"url\":\"https:\\\/\\\/candas365.es\\\/noticias\\\/\",\"name\":\"Cand\\u00e1s 365\",\"alternateName\":\"Cand\\u00e1s 365 Noticias\",\"description\":\"Actualidad desde Carre\\u00f1o para el mundo\",\"inLanguage\":\"es-ES\",\"publisher\":{\"@id\":\"https:\\\/\\\/candas365.es\\\/noticias\\\/#organization\"}}]}\n\t\t<\/script>\n\t\t<!-- All in One SEO Pro -->\r\n\t\t<title>Alexander Zverev est\u00e1 listo para debutar en el Abierto de tenis Australia | Cand\u00e1s 365<\/title>\n\n","aioseo_head_json":{"title":"Alexander Zverev est\u00e1 listo para debutar en el Abierto de tenis Australia | Cand\u00e1s 365","description":"Melbourne (Australia), 12 ene (dpa) - El alem\u00e1n Alexander Zverev confirm\u00f3 hoy que est\u00e1 listo para debutar en el Abierto de tenis Australia pese a una molestia en el tobillo derecho que sinti\u00f3 durante un entrenamiento. \"A\u00fan me duele un poco el pie. Tengo un moret\u00f3n en el tobillo y eso lleva tiempo. Pero no","canonical_url":"https:\/\/candas365.es\/noticias\/alexander-zverev-esta-listo-para-debutar-en-el-abierto-de-tenis-australia\/","robots":"max-image-preview:large","keywords":"deporte","webmasterTools":{"google-site-verification":"UA-32230408-1","msvalidate.01":"354F3CDFB2DA171B47FBE9ABF1F88D5","miscellaneous":""},"schema":{"@context":"https:\/\/schema.org","@graph":[{"@type":"BreadcrumbList","@id":"https:\/\/candas365.es\/noticias\/alexander-zverev-esta-listo-para-debutar-en-el-abierto-de-tenis-australia\/#breadcrumblist","itemListElement":[{"@type":"ListItem","@id":"https:\/\/candas365.es\/noticias#listItem","position":1,"name":"Home","item":"https:\/\/candas365.es\/noticias","nextItem":{"@type":"ListItem","@id":"https:\/\/candas365.es\/noticias\/category\/deporte\/#listItem","name":"Deporte"}},{"@type":"ListItem","@id":"https:\/\/candas365.es\/noticias\/category\/deporte\/#listItem","position":2,"name":"Deporte","item":"https:\/\/candas365.es\/noticias\/category\/deporte\/","nextItem":{"@type":"ListItem","@id":"https:\/\/candas365.es\/noticias\/alexander-zverev-esta-listo-para-debutar-en-el-abierto-de-tenis-australia\/#listItem","name":"Alexander Zverev est\u00e1 listo para debutar en el Abierto de tenis Australia"},"previousItem":{"@type":"ListItem","@id":"https:\/\/candas365.es\/noticias#listItem","name":"Home"}},{"@type":"ListItem","@id":"https:\/\/candas365.es\/noticias\/alexander-zverev-esta-listo-para-debutar-en-el-abierto-de-tenis-australia\/#listItem","position":3,"name":"Alexander Zverev est\u00e1 listo para debutar en el Abierto de tenis Australia","previousItem":{"@type":"ListItem","@id":"https:\/\/candas365.es\/noticias\/category\/deporte\/#listItem","name":"Deporte"}}]},{"@type":"NewsArticle","@id":"https:\/\/candas365.es\/noticias\/alexander-zverev-esta-listo-para-debutar-en-el-abierto-de-tenis-australia\/#newsarticle","name":"Alexander Zverev est\u00e1 listo para debutar en el Abierto de tenis Australia | Cand\u00e1s 365","headline":"Alexander Zverev est\u00e1 listo para debutar en el Abierto de tenis Australia","author":{"@id":"https:\/\/candas365.es\/noticias\/author\/admin\/#author"},"publisher":{"@id":"https:\/\/candas365.es\/noticias\/#organization"},"image":{"@type":"ImageObject","url":"https:\/\/candas365.es\/noticias\/wp-content\/uploads\/2017\/11\/tennis-2100437_960_720.jpg","width":960,"height":623},"datePublished":"2019-01-12T18:26:17+01:00","dateModified":"2019-01-12T18:26:17+01:00","inLanguage":"es-ES","mainEntityOfPage":{"@id":"https:\/\/candas365.es\/noticias\/alexander-zverev-esta-listo-para-debutar-en-el-abierto-de-tenis-australia\/#webpage"},"isPartOf":{"@id":"https:\/\/candas365.es\/noticias\/alexander-zverev-esta-listo-para-debutar-en-el-abierto-de-tenis-australia\/#webpage"},"articleSection":"Deporte","dateline":"Publicado el enero 12, 2019."},{"@type":"Organization","@id":"https:\/\/candas365.es\/noticias\/#organization","name":"Cand\u00e1s 365","description":"Cand\u00e1s 365 es un diario digital independiente, fundado en 2012, con base en Asturias. Informamos con rigor sobre actualidad, sociedad, cultura y ocio, con una mirada local y global.","url":"https:\/\/candas365.es\/noticias\/","email":"info@candas365.es","telephone":"+34652131393","foundingDate":"2012-06-10","logo":{"@type":"ImageObject","url":"https:\/\/candas365.es\/noticias\/wp-content\/uploads\/2024\/09\/Candas-365-Redes.jpg","@id":"https:\/\/candas365.es\/noticias\/alexander-zverev-esta-listo-para-debutar-en-el-abierto-de-tenis-australia\/#organizationLogo","width":1152,"height":864,"caption":"Cand\u00e1s 365 Redes"},"image":{"@id":"https:\/\/candas365.es\/noticias\/alexander-zverev-esta-listo-para-debutar-en-el-abierto-de-tenis-australia\/#organizationLogo"},"sameAs":["https:\/\/www.facebook.com\/Nachofdezber","https:\/\/x.com\/NabercoDigital","https:\/\/www.instagram.com\/nachofdezber\/","https:\/\/www.youtube.com\/channel\/UCZP-2wLEB9Rv6erhFmqVnvg"],"address":{"@id":"https:\/\/candas365.es\/noticias\/#postaladdress","@type":"PostalAddress","streetAddress":"san antonio 4, san antonio 4","postalCode":"33430","addressLocality":"Cand\u00e1s","addressRegion":"Asturias","addressCountry":"ES"}},{"@type":"Person","@id":"https:\/\/candas365.es\/noticias\/author\/admin\/#author","url":"https:\/\/candas365.es\/noticias\/author\/admin\/","name":"Cand\u00e1s 365","image":{"@type":"ImageObject","@id":"https:\/\/candas365.es\/noticias\/alexander-zverev-esta-listo-para-debutar-en-el-abierto-de-tenis-australia\/#authorImage","url":"https:\/\/secure.gravatar.com\/avatar\/496a8e03d0c493ede1718b7934145dbdf8d89be1036b0eec9544e1094c9de390?s=96&d=mm&r=g","width":96,"height":96,"caption":"Cand\u00e1s 365"},"sameAs":["https:\/\/www.facebook.com\/carrenoactualidad","https:\/\/twitter.com\/nbasturias","https:\/\/www.instagram.com\/nachofdezber\/","https:\/\/www.youtube.com\/channel\/UCZP-2wLEB9Rv6erhFmqVnvg"]},{"@type":"WebPage","@id":"https:\/\/candas365.es\/noticias\/alexander-zverev-esta-listo-para-debutar-en-el-abierto-de-tenis-australia\/#webpage","url":"https:\/\/candas365.es\/noticias\/alexander-zverev-esta-listo-para-debutar-en-el-abierto-de-tenis-australia\/","name":"Alexander Zverev est\u00e1 listo para debutar en el Abierto de tenis Australia | Cand\u00e1s 365","description":"Melbourne (Australia), 12 ene (dpa) - El alem\u00e1n Alexander Zverev confirm\u00f3 hoy que est\u00e1 listo para debutar en el Abierto de tenis Australia pese a una molestia en el tobillo derecho que sinti\u00f3 durante un entrenamiento. \"A\u00fan me duele un poco el pie. Tengo un moret\u00f3n en el tobillo y eso lleva tiempo. Pero no","inLanguage":"es-ES","isPartOf":{"@id":"https:\/\/candas365.es\/noticias\/#website"},"breadcrumb":{"@id":"https:\/\/candas365.es\/noticias\/alexander-zverev-esta-listo-para-debutar-en-el-abierto-de-tenis-australia\/#breadcrumblist"},"author":{"@id":"https:\/\/candas365.es\/noticias\/author\/admin\/#author"},"creator":{"@id":"https:\/\/candas365.es\/noticias\/author\/admin\/#author"},"image":{"@type":"ImageObject","url":"https:\/\/candas365.es\/noticias\/wp-content\/uploads\/2017\/11\/tennis-2100437_960_720.jpg","@id":"https:\/\/candas365.es\/noticias\/alexander-zverev-esta-listo-para-debutar-en-el-abierto-de-tenis-australia\/#mainImage","width":960,"height":623},"primaryImageOfPage":{"@id":"https:\/\/candas365.es\/noticias\/alexander-zverev-esta-listo-para-debutar-en-el-abierto-de-tenis-australia\/#mainImage"},"datePublished":"2019-01-12T18:26:17+01:00","dateModified":"2019-01-12T18:26:17+01:00"},{"@type":"WebSite","@id":"https:\/\/candas365.es\/noticias\/#website","url":"https:\/\/candas365.es\/noticias\/","name":"Cand\u00e1s 365","alternateName":"Cand\u00e1s 365 Noticias","description":"Actualidad desde Carre\u00f1o para el mundo","inLanguage":"es-ES","publisher":{"@id":"https:\/\/candas365.es\/noticias\/#organization"}}]},"og:locale":"es_ES","og:site_name":"Cand\u00e1s 365","og:type":"article","og:title":"Alexander Zverev est\u00e1 listo para debutar en el Abierto de tenis Australia | Cand\u00e1s 365","og:description":"Melbourne (Australia), 12 ene (dpa) - El alem\u00e1n Alexander Zverev confirm\u00f3 hoy que est\u00e1 listo para debutar en el Abierto de tenis Australia pese a una molestia en el tobillo derecho que sinti\u00f3 durante un entrenamiento. &quot;A\u00fan me duele un poco el pie. Tengo un moret\u00f3n en el tobillo y eso lleva tiempo. Pero no","og:url":"https:\/\/candas365.es\/noticias\/alexander-zverev-esta-listo-para-debutar-en-el-abierto-de-tenis-australia\/","og:image":"https:\/\/candas365.es\/noticias\/wp-content\/uploads\/2017\/11\/tennis-2100437_960_720.jpg","og:image:secure_url":"https:\/\/candas365.es\/noticias\/wp-content\/uploads\/2017\/11\/tennis-2100437_960_720.jpg","og:image:width":960,"og:image:height":623,"article:published_time":"2019-01-12T18:26:17+00:00","article:modified_time":"2019-01-12T18:26:17+00:00","article:publisher":"https:\/\/www.facebook.com\/Nachofdezber","article:author":"https:\/\/www.facebook.com\/carrenoactualidad","twitter:card":"summary_large_image","twitter:site":"@NabercoDigital","twitter:title":"Alexander Zverev est\u00e1 listo para debutar en el Abierto de tenis Australia | Cand\u00e1s 365","twitter:description":"Melbourne (Australia), 12 ene (dpa) - El alem\u00e1n Alexander Zverev confirm\u00f3 hoy que est\u00e1 listo para debutar en el Abierto de tenis Australia pese a una molestia en el tobillo derecho que sinti\u00f3 durante un entrenamiento. &quot;A\u00fan me duele un poco el pie. Tengo un moret\u00f3n en el tobillo y eso lleva tiempo. Pero no","twitter:creator":"@nbasturias","twitter:image":"https:\/\/candas365.es\/noticias\/wp-content\/uploads\/2017\/11\/tennis-2100437_960_720.jpg","twitter:label1":"Escrito por","twitter:data1":"Cand\u00e1s 365","twitter:label2":"Tiempo de lectura estimado","twitter:data2":"2 minutos"},"aioseo_meta_data":{"post_id":"114079","title":null,"description":null,"keywords":null,"keyphrases":null,"primary_term":null,"canonical_url":null,"og_title":null,"og_description":null,"og_object_type":"default","og_image_type":"default","og_image_url":null,"og_image_width":null,"og_image_height":null,"og_image_custom_url":null,"og_image_custom_fields":null,"og_video":null,"og_custom_url":null,"og_article_section":null,"og_article_tags":null,"twitter_use_og":false,"twitter_card":"default","twitter_image_type":"default","twitter_image_url":null,"twitter_image_custom_url":null,"twitter_image_custom_fields":null,"twitter_title":null,"twitter_description":null,"schema":{"blockGraphs":[],"customGraphs":[],"default":{"data":{"Article":[],"Course":[],"Dataset":[],"FAQPage":[],"Movie":[],"Person":[],"Product":[],"ProductReview":[],"Car":[],"Recipe":[],"Service":[],"SoftwareApplication":[],"WebPage":[]},"graphName":"","isEnabled":true},"graphs":[]},"schema_type":null,"schema_type_options":null,"pillar_content":false,"robots_default":true,"robots_noindex":false,"robots_noarchive":false,"robots_nosnippet":false,"robots_nofollow":false,"robots_noimageindex":false,"robots_noodp":false,"robots_notranslate":false,"robots_max_snippet":null,"robots_max_videopreview":null,"robots_max_imagepreview":"large","priority":null,"frequency":null,"location":null,"local_seo":null,"seo_analyzer_scan_date":"2025-08-29 00:26:34","breadcrumb_settings":null,"limit_modified_date":false,"reviewed_by":null,"open_ai":null,"ai":null,"created":"2020-12-21 11:24:55","updated":"2025-08-29 00:26:34"},"aioseo_breadcrumb":"<div class=\"aioseo-breadcrumbs\"><span class=\"aioseo-breadcrumb\">\n\t<a href=\"https:\/\/candas365.es\/noticias\" title=\"Home\">Home<\/a>\n<\/span><span class=\"aioseo-breadcrumb-separator\">&ndash;<\/span><span class=\"aioseo-breadcrumb\">\n\t<a href=\"https:\/\/candas365.es\/noticias\/category\/deporte\/\" title=\"Deporte\">Deporte<\/a>\n<\/span><span class=\"aioseo-breadcrumb-separator\">&ndash;<\/span><span class=\"aioseo-breadcrumb\">\n\tAlexander Zverev est\u00e1 listo para debutar en el Abierto de tenis Australia\n<\/span><\/div>","aioseo_breadcrumb_json":[{"label":"Home","link":"https:\/\/candas365.es\/noticias"},{"label":"Deporte","link":"https:\/\/candas365.es\/noticias\/category\/deporte\/"},{"label":"Alexander Zverev est\u00e1 listo para debutar en el Abierto de tenis Australia","link":"https:\/\/candas365.es\/noticias\/alexander-zverev-esta-listo-para-debutar-en-el-abierto-de-tenis-australia\/"}],"_links":{"self":[{"href":"https:\/\/candas365.es\/noticias\/wp-json\/wp\/v2\/posts\/114079","targetHints":{"allow":["GET"]}}],"collection":[{"href":"https:\/\/candas365.es\/noticias\/wp-json\/wp\/v2\/posts"}],"about":[{"href":"https:\/\/candas365.es\/noticias\/wp-json\/wp\/v2\/types\/post"}],"author":[{"embeddable":true,"href":"https:\/\/candas365.es\/noticias\/wp-json\/wp\/v2\/users\/1"}],"replies":[{"embeddable":true,"href":"https:\/\/candas365.es\/noticias\/wp-json\/wp\/v2\/comments?post=114079"}],"version-history":[{"count":0,"href":"https:\/\/candas365.es\/noticias\/wp-json\/wp\/v2\/posts\/114079\/revisions"}],"wp:featuredmedia":[{"embeddable":true,"href":"https:\/\/candas365.es\/noticias\/wp-json\/wp\/v2\/media\/84498"}],"wp:attachment":[{"href":"https:\/\/candas365.es\/noticias\/wp-json\/wp\/v2\/media?parent=114079"}],"wp:term":[{"taxonomy":"category","embeddable":true,"href":"https:\/\/candas365.es\/noticias\/wp-json\/wp\/v2\/categories?post=114079"},{"taxonomy":"post_tag","embeddable":true,"href":"https:\/\/candas365.es\/noticias\/wp-json\/wp\/v2\/tags?post=114079"}],"curies":[{"name":"wp","href":"https:\/\/api.w.org\/{rel}","templated":true}]}}