{"id":114048,"date":"2019-01-12T15:25:55","date_gmt":"2019-01-12T15:25:55","guid":{"rendered":"http:\/\/candas365.es\/noticias\/?p=114048"},"modified":"2019-01-12T15:25:55","modified_gmt":"2019-01-12T15:25:55","slug":"pedro-leal-vivimos-en-asturias-y-el-agua-viene-del-cielo-no-de-colombia","status":"publish","type":"post","link":"https:\/\/candas365.es\/noticias\/pedro-leal-vivimos-en-asturias-y-el-agua-viene-del-cielo-no-de-colombia\/","title":{"rendered":"Pedro Leal: \u00abVivimos en Asturias y el agua viene del cielo no de Colombia\u201d"},"content":{"rendered":"<p><img fetchpriority=\"high\" decoding=\"async\" class=\"alignleft size-medium wp-image-45969\" src=\"https:\/\/candas365.es\/noticias\/wp-content\/uploads\/2017\/04\/Leal6982_1-360x246.jpg\" alt=\"\" width=\"360\" height=\"246\" srcset=\"https:\/\/candas365.es\/noticias\/wp-content\/uploads\/2017\/04\/Leal6982_1-360x246.jpg 360w, https:\/\/candas365.es\/noticias\/wp-content\/uploads\/2017\/04\/Leal6982_1-650x444.jpg 650w, https:\/\/candas365.es\/noticias\/wp-content\/uploads\/2017\/04\/Leal6982_1-768x525.jpg 768w, https:\/\/candas365.es\/noticias\/wp-content\/uploads\/2017\/04\/Leal6982_1-150x103.jpg 150w, https:\/\/candas365.es\/noticias\/wp-content\/uploads\/2017\/04\/Leal6982_1-450x308.jpg 450w, https:\/\/candas365.es\/noticias\/wp-content\/uploads\/2017\/04\/Leal6982_1-655x448.jpg 655w, https:\/\/candas365.es\/noticias\/wp-content\/uploads\/2017\/04\/Leal6982_1-218x150.jpg 218w, https:\/\/candas365.es\/noticias\/wp-content\/uploads\/2017\/04\/Leal6982_1-696x476.jpg 696w, https:\/\/candas365.es\/noticias\/wp-content\/uploads\/2017\/04\/Leal6982_1-614x420.jpg 614w, https:\/\/candas365.es\/noticias\/wp-content\/uploads\/2017\/04\/Leal6982_1.jpg 800w\" sizes=\"(max-width: 360px) 100vw, 360px\" \/>El Vicesecretario de Coordinaci\u00f3n Institucional y diputado regional de FORO, Pedro Leal, ha criticado que \u201cnadie le recuerda a Lastra que no vivimos en el S\u00e1hara, vivimos en Asturias y aqu\u00ed el agua viene del cielo no de Colombia\u201d. Leal ha afeado as\u00ed las manifestaciones realizadas el pasado jueves por el consejero de Medio Ambiente, Fernando Lastra, en una mesa redonda celebrada en Oviedo.<\/p>\n<p>El diputado de FORO ha afirmado que \u201ccomparar el precio del agua con el del caf\u00e9 en Asturias, eso s\u00ed que es inmoral\u201d e ironiz\u00f3 afirmando \u201cque el agua es barata en nuestra regi\u00f3n porque es un bien del que disponemos, el caf\u00e9 viene de Colombia, entre otros lugares, y por eso es m\u00e1s caro, circunstancias que parece desconocer el Consejero\u201d.<\/p>\n<p>Pedro Leal ha advertido tambi\u00e9n que \u201cpara incrementar las funciones de CADASA, el consejero Fernando Lastra emplea de pretexto incrementar el precio del agua en Asturias\u201d en alusi\u00f3n a \u201cla nueva dimensi\u00f3n que Lastra abog\u00f3 por dar a CADASA al considerarla la alternativa id\u00f3nea para una gesti\u00f3n profesional solvente y eficaz en materia de depuraci\u00f3n y saneamiento\u201d.<\/p>\n","protected":false},"excerpt":{"rendered":"<p>El Vicesecretario de Coordinaci\u00f3n Institucional y diputado regional de FORO, Pedro Leal, ha criticado que \u201cnadie le recuerda a Lastra que no vivimos en el S\u00e1hara, vivimos en Asturias y aqu\u00ed el agua viene del cielo no de Colombia\u201d. Leal ha afeado as\u00ed las manifestaciones realizadas el pasado jueves por el consejero de Medio Ambiente,<\/p>\n","protected":false},"author":1,"featured_media":82964,"comment_status":"closed","ping_status":"closed","sticky":false,"template":"","format":"standard","meta":{"footnotes":""},"categories":[7],"tags":[],"class_list":{"0":"post-114048","1":"post","2":"type-post","3":"status-publish","4":"format-standard","5":"has-post-thumbnail","7":"category-asturias"},"aioseo_notices":[],"aioseo_head":"\n\t\t<!-- All in One SEO Pro 4.9.6.2 - aioseo.com -->\n\t<meta name=\"description\" content=\"El Vicesecretario de Coordinaci\u00f3n Institucional y diputado regional de FORO, Pedro Leal, ha criticado que \u201cnadie le recuerda a Lastra que no vivimos en el S\u00e1hara, vivimos en Asturias y aqu\u00ed el agua viene del cielo no de Colombia\u201d. Leal ha afeado as\u00ed las manifestaciones realizadas el pasado jueves por el consejero de Medio Ambiente,\" \/>\n\t<meta name=\"robots\" content=\"max-image-preview:large\" \/>\n\t<meta name=\"author\" content=\"Cand\u00e1s 365\"\/>\n\t<meta name=\"google-site-verification\" content=\"UA-32230408-1\" \/>\n\t<meta name=\"msvalidate.01\" content=\"354F3CDFB2DA171B47FBE9ABF1F88D5\" \/>\n\t<meta name=\"keywords\" content=\"asturias\" \/>\n\t<link rel=\"canonical\" href=\"https:\/\/candas365.es\/noticias\/pedro-leal-vivimos-en-asturias-y-el-agua-viene-del-cielo-no-de-colombia\/\" \/>\n\t<meta name=\"generator\" content=\"All in One SEO Pro (AIOSEO) 4.9.6.2\" \/>\n\t\t<meta property=\"og:locale\" content=\"es_ES\" \/>\n\t\t<meta property=\"og:site_name\" content=\"Cand\u00e1s 365\" \/>\n\t\t<meta property=\"og:type\" content=\"article\" \/>\n\t\t<meta property=\"og:title\" content=\"Pedro Leal: \u00abVivimos en Asturias y el agua viene del cielo no de Colombia\u201d | Cand\u00e1s 365\" \/>\n\t\t<meta property=\"og:description\" content=\"El Vicesecretario de Coordinaci\u00f3n Institucional y diputado regional de FORO, Pedro Leal, ha criticado que \u201cnadie le recuerda a Lastra que no vivimos en el S\u00e1hara, vivimos en Asturias y aqu\u00ed el agua viene del cielo no de Colombia\u201d. Leal ha afeado as\u00ed las manifestaciones realizadas el pasado jueves por el consejero de Medio Ambiente,\" \/>\n\t\t<meta property=\"og:url\" content=\"https:\/\/candas365.es\/noticias\/pedro-leal-vivimos-en-asturias-y-el-agua-viene-del-cielo-no-de-colombia\/\" \/>\n\t\t<meta property=\"og:image\" content=\"https:\/\/candas365.es\/noticias\/wp-content\/uploads\/2017\/10\/Leal.jpg\" \/>\n\t\t<meta property=\"og:image:secure_url\" content=\"https:\/\/candas365.es\/noticias\/wp-content\/uploads\/2017\/10\/Leal.jpg\" \/>\n\t\t<meta property=\"og:image:width\" content=\"800\" \/>\n\t\t<meta property=\"og:image:height\" content=\"525\" \/>\n\t\t<meta property=\"article:published_time\" content=\"2019-01-12T15:25:55+00:00\" \/>\n\t\t<meta property=\"article:modified_time\" content=\"2019-01-12T15:25:55+00:00\" \/>\n\t\t<meta property=\"article:publisher\" content=\"https:\/\/www.facebook.com\/Nachofdezber\" \/>\n\t\t<meta property=\"article:author\" content=\"https:\/\/www.facebook.com\/carrenoactualidad\" \/>\n\t\t<meta name=\"twitter:card\" content=\"summary_large_image\" \/>\n\t\t<meta name=\"twitter:site\" content=\"@NabercoDigital\" \/>\n\t\t<meta name=\"twitter:title\" content=\"Pedro Leal: \u00abVivimos en Asturias y el agua viene del cielo no de Colombia\u201d | Cand\u00e1s 365\" \/>\n\t\t<meta name=\"twitter:description\" content=\"El Vicesecretario de Coordinaci\u00f3n Institucional y diputado regional de FORO, Pedro Leal, ha criticado que \u201cnadie le recuerda a Lastra que no vivimos en el S\u00e1hara, vivimos en Asturias y aqu\u00ed el agua viene del cielo no de Colombia\u201d. Leal ha afeado as\u00ed las manifestaciones realizadas el pasado jueves por el consejero de Medio Ambiente,\" \/>\n\t\t<meta name=\"twitter:creator\" content=\"@nbasturias\" \/>\n\t\t<meta name=\"twitter:image\" content=\"https:\/\/candas365.es\/noticias\/wp-content\/uploads\/2017\/10\/Leal.jpg\" \/>\n\t\t<meta name=\"twitter:label1\" content=\"Escrito por\" \/>\n\t\t<meta name=\"twitter:data1\" content=\"Cand\u00e1s 365\" \/>\n\t\t<meta name=\"twitter:label2\" content=\"Tiempo de lectura estimado\" \/>\n\t\t<meta name=\"twitter:data2\" content=\"1 minuto\" \/>\n\t\t<script type=\"application\/ld+json\" class=\"aioseo-schema\">\n\t\t\t{\"@context\":\"https:\\\/\\\/schema.org\",\"@graph\":[{\"@type\":\"BreadcrumbList\",\"@id\":\"https:\\\/\\\/candas365.es\\\/noticias\\\/pedro-leal-vivimos-en-asturias-y-el-agua-viene-del-cielo-no-de-colombia\\\/#breadcrumblist\",\"itemListElement\":[{\"@type\":\"ListItem\",\"@id\":\"https:\\\/\\\/candas365.es\\\/noticias#listItem\",\"position\":1,\"name\":\"Home\",\"item\":\"https:\\\/\\\/candas365.es\\\/noticias\",\"nextItem\":{\"@type\":\"ListItem\",\"@id\":\"https:\\\/\\\/candas365.es\\\/noticias\\\/category\\\/asturias\\\/#listItem\",\"name\":\"Asturias\"}},{\"@type\":\"ListItem\",\"@id\":\"https:\\\/\\\/candas365.es\\\/noticias\\\/category\\\/asturias\\\/#listItem\",\"position\":2,\"name\":\"Asturias\",\"item\":\"https:\\\/\\\/candas365.es\\\/noticias\\\/category\\\/asturias\\\/\",\"nextItem\":{\"@type\":\"ListItem\",\"@id\":\"https:\\\/\\\/candas365.es\\\/noticias\\\/pedro-leal-vivimos-en-asturias-y-el-agua-viene-del-cielo-no-de-colombia\\\/#listItem\",\"name\":\"Pedro Leal: \\u00abVivimos en Asturias y el agua viene del cielo no de Colombia\\u201d\"},\"previousItem\":{\"@type\":\"ListItem\",\"@id\":\"https:\\\/\\\/candas365.es\\\/noticias#listItem\",\"name\":\"Home\"}},{\"@type\":\"ListItem\",\"@id\":\"https:\\\/\\\/candas365.es\\\/noticias\\\/pedro-leal-vivimos-en-asturias-y-el-agua-viene-del-cielo-no-de-colombia\\\/#listItem\",\"position\":3,\"name\":\"Pedro Leal: \\u00abVivimos en Asturias y el agua viene del cielo no de Colombia\\u201d\",\"previousItem\":{\"@type\":\"ListItem\",\"@id\":\"https:\\\/\\\/candas365.es\\\/noticias\\\/category\\\/asturias\\\/#listItem\",\"name\":\"Asturias\"}}]},{\"@type\":\"NewsArticle\",\"@id\":\"https:\\\/\\\/candas365.es\\\/noticias\\\/pedro-leal-vivimos-en-asturias-y-el-agua-viene-del-cielo-no-de-colombia\\\/#newsarticle\",\"name\":\"Pedro Leal: \\u00abVivimos en Asturias y el agua viene del cielo no de Colombia\\u201d | Cand\\u00e1s 365\",\"headline\":\"Pedro Leal: \\u00abVivimos en Asturias y el agua viene del cielo no de Colombia\\u201d\",\"author\":{\"@id\":\"https:\\\/\\\/candas365.es\\\/noticias\\\/author\\\/admin\\\/#author\"},\"publisher\":{\"@id\":\"https:\\\/\\\/candas365.es\\\/noticias\\\/#organization\"},\"image\":{\"@type\":\"ImageObject\",\"url\":\"https:\\\/\\\/candas365.es\\\/noticias\\\/wp-content\\\/uploads\\\/2017\\\/10\\\/Leal.jpg\",\"width\":800,\"height\":525},\"datePublished\":\"2019-01-12T15:25:55+01:00\",\"dateModified\":\"2019-01-12T15:25:55+01:00\",\"inLanguage\":\"es-ES\",\"mainEntityOfPage\":{\"@id\":\"https:\\\/\\\/candas365.es\\\/noticias\\\/pedro-leal-vivimos-en-asturias-y-el-agua-viene-del-cielo-no-de-colombia\\\/#webpage\"},\"isPartOf\":{\"@id\":\"https:\\\/\\\/candas365.es\\\/noticias\\\/pedro-leal-vivimos-en-asturias-y-el-agua-viene-del-cielo-no-de-colombia\\\/#webpage\"},\"articleSection\":\"Asturias\",\"dateline\":\"Publicado el enero 12, 2019.\"},{\"@type\":\"Organization\",\"@id\":\"https:\\\/\\\/candas365.es\\\/noticias\\\/#organization\",\"name\":\"Cand\\u00e1s 365\",\"description\":\"Cand\\u00e1s 365 es un diario digital independiente, fundado en 2012, con base en Asturias. Informamos con rigor sobre actualidad, sociedad, cultura y ocio, con una mirada local y global.\",\"url\":\"https:\\\/\\\/candas365.es\\\/noticias\\\/\",\"email\":\"info@candas365.es\",\"telephone\":\"+34652131393\",\"foundingDate\":\"2012-06-10\",\"logo\":{\"@type\":\"ImageObject\",\"url\":\"https:\\\/\\\/candas365.es\\\/noticias\\\/wp-content\\\/uploads\\\/2024\\\/09\\\/Candas-365-Redes.jpg\",\"@id\":\"https:\\\/\\\/candas365.es\\\/noticias\\\/pedro-leal-vivimos-en-asturias-y-el-agua-viene-del-cielo-no-de-colombia\\\/#organizationLogo\",\"width\":1152,\"height\":864,\"caption\":\"Cand\\u00e1s 365 Redes\"},\"image\":{\"@id\":\"https:\\\/\\\/candas365.es\\\/noticias\\\/pedro-leal-vivimos-en-asturias-y-el-agua-viene-del-cielo-no-de-colombia\\\/#organizationLogo\"},\"sameAs\":[\"https:\\\/\\\/www.facebook.com\\\/Nachofdezber\",\"https:\\\/\\\/x.com\\\/NabercoDigital\",\"https:\\\/\\\/www.instagram.com\\\/nachofdezber\\\/\",\"https:\\\/\\\/www.youtube.com\\\/channel\\\/UCZP-2wLEB9Rv6erhFmqVnvg\"],\"address\":{\"@id\":\"https:\\\/\\\/candas365.es\\\/noticias\\\/#postaladdress\",\"@type\":\"PostalAddress\",\"streetAddress\":\"san antonio 4, san antonio 4\",\"postalCode\":\"33430\",\"addressLocality\":\"Cand\\u00e1s\",\"addressRegion\":\"Asturias\",\"addressCountry\":\"ES\"}},{\"@type\":\"Person\",\"@id\":\"https:\\\/\\\/candas365.es\\\/noticias\\\/author\\\/admin\\\/#author\",\"url\":\"https:\\\/\\\/candas365.es\\\/noticias\\\/author\\\/admin\\\/\",\"name\":\"Cand\\u00e1s 365\",\"image\":{\"@type\":\"ImageObject\",\"@id\":\"https:\\\/\\\/candas365.es\\\/noticias\\\/pedro-leal-vivimos-en-asturias-y-el-agua-viene-del-cielo-no-de-colombia\\\/#authorImage\",\"url\":\"https:\\\/\\\/secure.gravatar.com\\\/avatar\\\/496a8e03d0c493ede1718b7934145dbdf8d89be1036b0eec9544e1094c9de390?s=96&d=mm&r=g\",\"width\":96,\"height\":96,\"caption\":\"Cand\\u00e1s 365\"},\"sameAs\":[\"https:\\\/\\\/www.facebook.com\\\/carrenoactualidad\",\"https:\\\/\\\/twitter.com\\\/nbasturias\",\"https:\\\/\\\/www.instagram.com\\\/nachofdezber\\\/\",\"https:\\\/\\\/www.youtube.com\\\/channel\\\/UCZP-2wLEB9Rv6erhFmqVnvg\"]},{\"@type\":\"WebPage\",\"@id\":\"https:\\\/\\\/candas365.es\\\/noticias\\\/pedro-leal-vivimos-en-asturias-y-el-agua-viene-del-cielo-no-de-colombia\\\/#webpage\",\"url\":\"https:\\\/\\\/candas365.es\\\/noticias\\\/pedro-leal-vivimos-en-asturias-y-el-agua-viene-del-cielo-no-de-colombia\\\/\",\"name\":\"Pedro Leal: \\u00abVivimos en Asturias y el agua viene del cielo no de Colombia\\u201d | Cand\\u00e1s 365\",\"description\":\"El Vicesecretario de Coordinaci\\u00f3n Institucional y diputado regional de FORO, Pedro Leal, ha criticado que \\u201cnadie le recuerda a Lastra que no vivimos en el S\\u00e1hara, vivimos en Asturias y aqu\\u00ed el agua viene del cielo no de Colombia\\u201d. Leal ha afeado as\\u00ed las manifestaciones realizadas el pasado jueves por el consejero de Medio Ambiente,\",\"inLanguage\":\"es-ES\",\"isPartOf\":{\"@id\":\"https:\\\/\\\/candas365.es\\\/noticias\\\/#website\"},\"breadcrumb\":{\"@id\":\"https:\\\/\\\/candas365.es\\\/noticias\\\/pedro-leal-vivimos-en-asturias-y-el-agua-viene-del-cielo-no-de-colombia\\\/#breadcrumblist\"},\"author\":{\"@id\":\"https:\\\/\\\/candas365.es\\\/noticias\\\/author\\\/admin\\\/#author\"},\"creator\":{\"@id\":\"https:\\\/\\\/candas365.es\\\/noticias\\\/author\\\/admin\\\/#author\"},\"image\":{\"@type\":\"ImageObject\",\"url\":\"https:\\\/\\\/candas365.es\\\/noticias\\\/wp-content\\\/uploads\\\/2017\\\/10\\\/Leal.jpg\",\"@id\":\"https:\\\/\\\/candas365.es\\\/noticias\\\/pedro-leal-vivimos-en-asturias-y-el-agua-viene-del-cielo-no-de-colombia\\\/#mainImage\",\"width\":800,\"height\":525},\"primaryImageOfPage\":{\"@id\":\"https:\\\/\\\/candas365.es\\\/noticias\\\/pedro-leal-vivimos-en-asturias-y-el-agua-viene-del-cielo-no-de-colombia\\\/#mainImage\"},\"datePublished\":\"2019-01-12T15:25:55+01:00\",\"dateModified\":\"2019-01-12T15:25:55+01:00\"},{\"@type\":\"WebSite\",\"@id\":\"https:\\\/\\\/candas365.es\\\/noticias\\\/#website\",\"url\":\"https:\\\/\\\/candas365.es\\\/noticias\\\/\",\"name\":\"Cand\\u00e1s 365\",\"alternateName\":\"Cand\\u00e1s 365 Noticias\",\"description\":\"Actualidad desde Carre\\u00f1o para el mundo\",\"inLanguage\":\"es-ES\",\"publisher\":{\"@id\":\"https:\\\/\\\/candas365.es\\\/noticias\\\/#organization\"}}]}\n\t\t<\/script>\n\t\t<!-- All in One SEO Pro -->\r\n\t\t<title>Pedro Leal: \u00abVivimos en Asturias y el agua viene del cielo no de Colombia\u201d | Cand\u00e1s 365<\/title>\n\n","aioseo_head_json":{"title":"Pedro Leal: \u00abVivimos en Asturias y el agua viene del cielo no de Colombia\u201d | Cand\u00e1s 365","description":"El Vicesecretario de Coordinaci\u00f3n Institucional y diputado regional de FORO, Pedro Leal, ha criticado que \u201cnadie le recuerda a Lastra que no vivimos en el S\u00e1hara, vivimos en Asturias y aqu\u00ed el agua viene del cielo no de Colombia\u201d. Leal ha afeado as\u00ed las manifestaciones realizadas el pasado jueves por el consejero de Medio Ambiente,","canonical_url":"https:\/\/candas365.es\/noticias\/pedro-leal-vivimos-en-asturias-y-el-agua-viene-del-cielo-no-de-colombia\/","robots":"max-image-preview:large","keywords":"asturias","webmasterTools":{"google-site-verification":"UA-32230408-1","msvalidate.01":"354F3CDFB2DA171B47FBE9ABF1F88D5","miscellaneous":""},"schema":{"@context":"https:\/\/schema.org","@graph":[{"@type":"BreadcrumbList","@id":"https:\/\/candas365.es\/noticias\/pedro-leal-vivimos-en-asturias-y-el-agua-viene-del-cielo-no-de-colombia\/#breadcrumblist","itemListElement":[{"@type":"ListItem","@id":"https:\/\/candas365.es\/noticias#listItem","position":1,"name":"Home","item":"https:\/\/candas365.es\/noticias","nextItem":{"@type":"ListItem","@id":"https:\/\/candas365.es\/noticias\/category\/asturias\/#listItem","name":"Asturias"}},{"@type":"ListItem","@id":"https:\/\/candas365.es\/noticias\/category\/asturias\/#listItem","position":2,"name":"Asturias","item":"https:\/\/candas365.es\/noticias\/category\/asturias\/","nextItem":{"@type":"ListItem","@id":"https:\/\/candas365.es\/noticias\/pedro-leal-vivimos-en-asturias-y-el-agua-viene-del-cielo-no-de-colombia\/#listItem","name":"Pedro Leal: \u00abVivimos en Asturias y el agua viene del cielo no de Colombia\u201d"},"previousItem":{"@type":"ListItem","@id":"https:\/\/candas365.es\/noticias#listItem","name":"Home"}},{"@type":"ListItem","@id":"https:\/\/candas365.es\/noticias\/pedro-leal-vivimos-en-asturias-y-el-agua-viene-del-cielo-no-de-colombia\/#listItem","position":3,"name":"Pedro Leal: \u00abVivimos en Asturias y el agua viene del cielo no de Colombia\u201d","previousItem":{"@type":"ListItem","@id":"https:\/\/candas365.es\/noticias\/category\/asturias\/#listItem","name":"Asturias"}}]},{"@type":"NewsArticle","@id":"https:\/\/candas365.es\/noticias\/pedro-leal-vivimos-en-asturias-y-el-agua-viene-del-cielo-no-de-colombia\/#newsarticle","name":"Pedro Leal: \u00abVivimos en Asturias y el agua viene del cielo no de Colombia\u201d | Cand\u00e1s 365","headline":"Pedro Leal: \u00abVivimos en Asturias y el agua viene del cielo no de Colombia\u201d","author":{"@id":"https:\/\/candas365.es\/noticias\/author\/admin\/#author"},"publisher":{"@id":"https:\/\/candas365.es\/noticias\/#organization"},"image":{"@type":"ImageObject","url":"https:\/\/candas365.es\/noticias\/wp-content\/uploads\/2017\/10\/Leal.jpg","width":800,"height":525},"datePublished":"2019-01-12T15:25:55+01:00","dateModified":"2019-01-12T15:25:55+01:00","inLanguage":"es-ES","mainEntityOfPage":{"@id":"https:\/\/candas365.es\/noticias\/pedro-leal-vivimos-en-asturias-y-el-agua-viene-del-cielo-no-de-colombia\/#webpage"},"isPartOf":{"@id":"https:\/\/candas365.es\/noticias\/pedro-leal-vivimos-en-asturias-y-el-agua-viene-del-cielo-no-de-colombia\/#webpage"},"articleSection":"Asturias","dateline":"Publicado el enero 12, 2019."},{"@type":"Organization","@id":"https:\/\/candas365.es\/noticias\/#organization","name":"Cand\u00e1s 365","description":"Cand\u00e1s 365 es un diario digital independiente, fundado en 2012, con base en Asturias. Informamos con rigor sobre actualidad, sociedad, cultura y ocio, con una mirada local y global.","url":"https:\/\/candas365.es\/noticias\/","email":"info@candas365.es","telephone":"+34652131393","foundingDate":"2012-06-10","logo":{"@type":"ImageObject","url":"https:\/\/candas365.es\/noticias\/wp-content\/uploads\/2024\/09\/Candas-365-Redes.jpg","@id":"https:\/\/candas365.es\/noticias\/pedro-leal-vivimos-en-asturias-y-el-agua-viene-del-cielo-no-de-colombia\/#organizationLogo","width":1152,"height":864,"caption":"Cand\u00e1s 365 Redes"},"image":{"@id":"https:\/\/candas365.es\/noticias\/pedro-leal-vivimos-en-asturias-y-el-agua-viene-del-cielo-no-de-colombia\/#organizationLogo"},"sameAs":["https:\/\/www.facebook.com\/Nachofdezber","https:\/\/x.com\/NabercoDigital","https:\/\/www.instagram.com\/nachofdezber\/","https:\/\/www.youtube.com\/channel\/UCZP-2wLEB9Rv6erhFmqVnvg"],"address":{"@id":"https:\/\/candas365.es\/noticias\/#postaladdress","@type":"PostalAddress","streetAddress":"san antonio 4, san antonio 4","postalCode":"33430","addressLocality":"Cand\u00e1s","addressRegion":"Asturias","addressCountry":"ES"}},{"@type":"Person","@id":"https:\/\/candas365.es\/noticias\/author\/admin\/#author","url":"https:\/\/candas365.es\/noticias\/author\/admin\/","name":"Cand\u00e1s 365","image":{"@type":"ImageObject","@id":"https:\/\/candas365.es\/noticias\/pedro-leal-vivimos-en-asturias-y-el-agua-viene-del-cielo-no-de-colombia\/#authorImage","url":"https:\/\/secure.gravatar.com\/avatar\/496a8e03d0c493ede1718b7934145dbdf8d89be1036b0eec9544e1094c9de390?s=96&d=mm&r=g","width":96,"height":96,"caption":"Cand\u00e1s 365"},"sameAs":["https:\/\/www.facebook.com\/carrenoactualidad","https:\/\/twitter.com\/nbasturias","https:\/\/www.instagram.com\/nachofdezber\/","https:\/\/www.youtube.com\/channel\/UCZP-2wLEB9Rv6erhFmqVnvg"]},{"@type":"WebPage","@id":"https:\/\/candas365.es\/noticias\/pedro-leal-vivimos-en-asturias-y-el-agua-viene-del-cielo-no-de-colombia\/#webpage","url":"https:\/\/candas365.es\/noticias\/pedro-leal-vivimos-en-asturias-y-el-agua-viene-del-cielo-no-de-colombia\/","name":"Pedro Leal: \u00abVivimos en Asturias y el agua viene del cielo no de Colombia\u201d | Cand\u00e1s 365","description":"El Vicesecretario de Coordinaci\u00f3n Institucional y diputado regional de FORO, Pedro Leal, ha criticado que \u201cnadie le recuerda a Lastra que no vivimos en el S\u00e1hara, vivimos en Asturias y aqu\u00ed el agua viene del cielo no de Colombia\u201d. Leal ha afeado as\u00ed las manifestaciones realizadas el pasado jueves por el consejero de Medio Ambiente,","inLanguage":"es-ES","isPartOf":{"@id":"https:\/\/candas365.es\/noticias\/#website"},"breadcrumb":{"@id":"https:\/\/candas365.es\/noticias\/pedro-leal-vivimos-en-asturias-y-el-agua-viene-del-cielo-no-de-colombia\/#breadcrumblist"},"author":{"@id":"https:\/\/candas365.es\/noticias\/author\/admin\/#author"},"creator":{"@id":"https:\/\/candas365.es\/noticias\/author\/admin\/#author"},"image":{"@type":"ImageObject","url":"https:\/\/candas365.es\/noticias\/wp-content\/uploads\/2017\/10\/Leal.jpg","@id":"https:\/\/candas365.es\/noticias\/pedro-leal-vivimos-en-asturias-y-el-agua-viene-del-cielo-no-de-colombia\/#mainImage","width":800,"height":525},"primaryImageOfPage":{"@id":"https:\/\/candas365.es\/noticias\/pedro-leal-vivimos-en-asturias-y-el-agua-viene-del-cielo-no-de-colombia\/#mainImage"},"datePublished":"2019-01-12T15:25:55+01:00","dateModified":"2019-01-12T15:25:55+01:00"},{"@type":"WebSite","@id":"https:\/\/candas365.es\/noticias\/#website","url":"https:\/\/candas365.es\/noticias\/","name":"Cand\u00e1s 365","alternateName":"Cand\u00e1s 365 Noticias","description":"Actualidad desde Carre\u00f1o para el mundo","inLanguage":"es-ES","publisher":{"@id":"https:\/\/candas365.es\/noticias\/#organization"}}]},"og:locale":"es_ES","og:site_name":"Cand\u00e1s 365","og:type":"article","og:title":"Pedro Leal: \u00abVivimos en Asturias y el agua viene del cielo no de Colombia\u201d | Cand\u00e1s 365","og:description":"El Vicesecretario de Coordinaci\u00f3n Institucional y diputado regional de FORO, Pedro Leal, ha criticado que \u201cnadie le recuerda a Lastra que no vivimos en el S\u00e1hara, vivimos en Asturias y aqu\u00ed el agua viene del cielo no de Colombia\u201d. Leal ha afeado as\u00ed las manifestaciones realizadas el pasado jueves por el consejero de Medio Ambiente,","og:url":"https:\/\/candas365.es\/noticias\/pedro-leal-vivimos-en-asturias-y-el-agua-viene-del-cielo-no-de-colombia\/","og:image":"https:\/\/candas365.es\/noticias\/wp-content\/uploads\/2017\/10\/Leal.jpg","og:image:secure_url":"https:\/\/candas365.es\/noticias\/wp-content\/uploads\/2017\/10\/Leal.jpg","og:image:width":800,"og:image:height":525,"article:published_time":"2019-01-12T15:25:55+00:00","article:modified_time":"2019-01-12T15:25:55+00:00","article:publisher":"https:\/\/www.facebook.com\/Nachofdezber","article:author":"https:\/\/www.facebook.com\/carrenoactualidad","twitter:card":"summary_large_image","twitter:site":"@NabercoDigital","twitter:title":"Pedro Leal: \u00abVivimos en Asturias y el agua viene del cielo no de Colombia\u201d | Cand\u00e1s 365","twitter:description":"El Vicesecretario de Coordinaci\u00f3n Institucional y diputado regional de FORO, Pedro Leal, ha criticado que \u201cnadie le recuerda a Lastra que no vivimos en el S\u00e1hara, vivimos en Asturias y aqu\u00ed el agua viene del cielo no de Colombia\u201d. Leal ha afeado as\u00ed las manifestaciones realizadas el pasado jueves por el consejero de Medio Ambiente,","twitter:creator":"@nbasturias","twitter:image":"https:\/\/candas365.es\/noticias\/wp-content\/uploads\/2017\/10\/Leal.jpg","twitter:label1":"Escrito por","twitter:data1":"Cand\u00e1s 365","twitter:label2":"Tiempo de lectura estimado","twitter:data2":"1 minuto"},"aioseo_meta_data":{"post_id":"114048","title":null,"description":null,"keywords":null,"keyphrases":null,"primary_term":null,"canonical_url":null,"og_title":null,"og_description":null,"og_object_type":"default","og_image_type":"default","og_image_url":null,"og_image_width":null,"og_image_height":null,"og_image_custom_url":null,"og_image_custom_fields":null,"og_video":null,"og_custom_url":null,"og_article_section":null,"og_article_tags":null,"twitter_use_og":false,"twitter_card":"default","twitter_image_type":"default","twitter_image_url":null,"twitter_image_custom_url":null,"twitter_image_custom_fields":null,"twitter_title":null,"twitter_description":null,"schema":{"blockGraphs":[],"customGraphs":[],"default":{"data":{"Article":[],"Course":[],"Dataset":[],"FAQPage":[],"Movie":[],"Person":[],"Product":[],"ProductReview":[],"Car":[],"Recipe":[],"Service":[],"SoftwareApplication":[],"WebPage":[]},"graphName":"","isEnabled":true},"graphs":[],"defaultGraph":"","defaultPostTypeGraph":""},"schema_type":null,"schema_type_options":null,"pillar_content":false,"robots_default":true,"robots_noindex":false,"robots_noarchive":false,"robots_nosnippet":false,"robots_nofollow":false,"robots_noimageindex":false,"robots_noodp":false,"robots_notranslate":false,"robots_max_snippet":null,"robots_max_videopreview":null,"robots_max_imagepreview":"large","priority":null,"frequency":null,"location":null,"local_seo":null,"seo_analyzer_scan_date":"2025-08-29 00:21:28","breadcrumb_settings":null,"limit_modified_date":false,"reviewed_by":null,"open_ai":null,"ai":null,"created":"2020-12-21 10:38:40","updated":"2025-08-29 00:21:28"},"aioseo_breadcrumb":"<div class=\"aioseo-breadcrumbs\"><span class=\"aioseo-breadcrumb\">\n\t<a href=\"https:\/\/candas365.es\/noticias\" title=\"Home\">Home<\/a>\n<\/span><span class=\"aioseo-breadcrumb-separator\">&ndash;<\/span><span class=\"aioseo-breadcrumb\">\n\t<a href=\"https:\/\/candas365.es\/noticias\/category\/asturias\/\" title=\"Asturias\">Asturias<\/a>\n<\/span><span class=\"aioseo-breadcrumb-separator\">&ndash;<\/span><span class=\"aioseo-breadcrumb\">\n\tPedro Leal: \u00abVivimos en Asturias y el agua viene del cielo no de Colombia\u201d\n<\/span><\/div>","aioseo_breadcrumb_json":[{"label":"Home","link":"https:\/\/candas365.es\/noticias"},{"label":"Asturias","link":"https:\/\/candas365.es\/noticias\/category\/asturias\/"},{"label":"Pedro Leal: \u00abVivimos en Asturias y el agua viene del cielo no de Colombia\u201d","link":"https:\/\/candas365.es\/noticias\/pedro-leal-vivimos-en-asturias-y-el-agua-viene-del-cielo-no-de-colombia\/"}],"_links":{"self":[{"href":"https:\/\/candas365.es\/noticias\/wp-json\/wp\/v2\/posts\/114048","targetHints":{"allow":["GET"]}}],"collection":[{"href":"https:\/\/candas365.es\/noticias\/wp-json\/wp\/v2\/posts"}],"about":[{"href":"https:\/\/candas365.es\/noticias\/wp-json\/wp\/v2\/types\/post"}],"author":[{"embeddable":true,"href":"https:\/\/candas365.es\/noticias\/wp-json\/wp\/v2\/users\/1"}],"replies":[{"embeddable":true,"href":"https:\/\/candas365.es\/noticias\/wp-json\/wp\/v2\/comments?post=114048"}],"version-history":[{"count":0,"href":"https:\/\/candas365.es\/noticias\/wp-json\/wp\/v2\/posts\/114048\/revisions"}],"wp:featuredmedia":[{"embeddable":true,"href":"https:\/\/candas365.es\/noticias\/wp-json\/wp\/v2\/media\/82964"}],"wp:attachment":[{"href":"https:\/\/candas365.es\/noticias\/wp-json\/wp\/v2\/media?parent=114048"}],"wp:term":[{"taxonomy":"category","embeddable":true,"href":"https:\/\/candas365.es\/noticias\/wp-json\/wp\/v2\/categories?post=114048"},{"taxonomy":"post_tag","embeddable":true,"href":"https:\/\/candas365.es\/noticias\/wp-json\/wp\/v2\/tags?post=114048"}],"curies":[{"name":"wp","href":"https:\/\/api.w.org\/{rel}","templated":true}]}}