{"id":114045,"date":"2019-01-12T14:19:22","date_gmt":"2019-01-12T14:19:22","guid":{"rendered":"http:\/\/candas365.es\/noticias\/?p=114045"},"modified":"2019-01-12T14:19:22","modified_gmt":"2019-01-12T14:19:22","slug":"el-principado-finaliza-las-obras-de-mejora-de-la-carretera-de-benia-a-el-pedroso","status":"publish","type":"post","link":"https:\/\/candas365.es\/noticias\/el-principado-finaliza-las-obras-de-mejora-de-la-carretera-de-benia-a-el-pedroso\/","title":{"rendered":"El Principado finaliza las obras de mejora de la carretera de Benia a El Pedroso"},"content":{"rendered":"<p><img fetchpriority=\"high\" decoding=\"async\" class=\"alignleft size-medium wp-image-114046\" src=\"https:\/\/candas365.es\/noticias\/wp-content\/uploads\/2019\/01\/NP-Visita-Onis-360x203.jpg\" alt=\"\" width=\"360\" height=\"203\" srcset=\"https:\/\/candas365.es\/noticias\/wp-content\/uploads\/2019\/01\/NP-Visita-Onis-360x203.jpg 360w, https:\/\/candas365.es\/noticias\/wp-content\/uploads\/2019\/01\/NP-Visita-Onis-768x432.jpg 768w, https:\/\/candas365.es\/noticias\/wp-content\/uploads\/2019\/01\/NP-Visita-Onis-655x368.jpg 655w, https:\/\/candas365.es\/noticias\/wp-content\/uploads\/2019\/01\/NP-Visita-Onis-696x392.jpg 696w, https:\/\/candas365.es\/noticias\/wp-content\/uploads\/2019\/01\/NP-Visita-Onis-1068x601.jpg 1068w, https:\/\/candas365.es\/noticias\/wp-content\/uploads\/2019\/01\/NP-Visita-Onis-747x420.jpg 747w, https:\/\/candas365.es\/noticias\/wp-content\/uploads\/2019\/01\/NP-Visita-Onis.jpg 1280w\" sizes=\"(max-width: 360px) 100vw, 360px\" \/>El viceconsejero de Administraciones P\u00fablicas, \u00c1lvaro \u00c1lvarez, ha visitado hoy las obras de mejora, recientemente finalizadas, que se han llevado a cabo en la carretera que comunica las poblaciones de Benia y El Pedroso, en el concejo de On\u00eds. Los trabajos, que se prolongaron durante dos meses, han supuesto una inversi\u00f3n de 59.890 euros.<\/p>\n<p>\u00c1lvarez, que ha estado acompa\u00f1ado por el alcalde de On\u00eds, Jos\u00e9 Manuel Abeledo, y el director general de Administraci\u00f3n Local, Ricardo Su\u00e1rez, ha destacado que con esta obra \u201cSe trataba de solventar los da\u00f1os causados por tres argayos, que hab\u00edan provocado hundimientos en el firme de la carretera, principalmente a causa de la lluvia y de la nieve del pasado invierno\u201d.<\/p>\n<p>La v\u00eda mejorada cuenta con casi 3,5 kil\u00f3metros de longitud y uno de los argayos se localizaba en las proximidades de Benia, mientras que los otros dos se produjeron en el tramo final, antes de la llegada a El Pedroso. \u201cLas obras finalizaron en la \u00faltima semana de diciembre\u201d, ha explicado el viceconsejero.<\/p>\n","protected":false},"excerpt":{"rendered":"<p>El viceconsejero de Administraciones P\u00fablicas, \u00c1lvaro \u00c1lvarez, ha visitado hoy las obras de mejora, recientemente finalizadas, que se han llevado a cabo en la carretera que comunica las poblaciones de Benia y El Pedroso, en el concejo de On\u00eds. Los trabajos, que se prolongaron durante dos meses, han supuesto una inversi\u00f3n de 59.890 euros. \u00c1lvarez,<\/p>\n","protected":false},"author":1,"featured_media":114046,"comment_status":"closed","ping_status":"closed","sticky":false,"template":"","format":"standard","meta":{"footnotes":""},"categories":[7],"tags":[],"class_list":{"0":"post-114045","1":"post","2":"type-post","3":"status-publish","4":"format-standard","5":"has-post-thumbnail","7":"category-asturias"},"aioseo_notices":[],"aioseo_head":"\n\t\t<!-- All in One SEO Pro 4.9.6.2 - aioseo.com -->\n\t<meta name=\"description\" content=\"El viceconsejero de Administraciones P\u00fablicas, \u00c1lvaro \u00c1lvarez, ha visitado hoy las obras de mejora, recientemente finalizadas, que se han llevado a cabo en la carretera que comunica las poblaciones de Benia y El Pedroso, en el concejo de On\u00eds. Los trabajos, que se prolongaron durante dos meses, han supuesto una inversi\u00f3n de 59.890 euros. \u00c1lvarez,\" \/>\n\t<meta name=\"robots\" content=\"max-image-preview:large\" \/>\n\t<meta name=\"author\" content=\"Cand\u00e1s 365\"\/>\n\t<meta name=\"google-site-verification\" content=\"UA-32230408-1\" \/>\n\t<meta name=\"msvalidate.01\" content=\"354F3CDFB2DA171B47FBE9ABF1F88D5\" \/>\n\t<meta name=\"keywords\" content=\"asturias\" \/>\n\t<link rel=\"canonical\" href=\"https:\/\/candas365.es\/noticias\/el-principado-finaliza-las-obras-de-mejora-de-la-carretera-de-benia-a-el-pedroso\/\" \/>\n\t<meta name=\"generator\" content=\"All in One SEO Pro (AIOSEO) 4.9.6.2\" \/>\n\t\t<meta property=\"og:locale\" content=\"es_ES\" \/>\n\t\t<meta property=\"og:site_name\" content=\"Cand\u00e1s 365\" \/>\n\t\t<meta property=\"og:type\" content=\"article\" \/>\n\t\t<meta property=\"og:title\" content=\"El Principado finaliza las obras de mejora de la carretera de Benia a El Pedroso | Cand\u00e1s 365\" \/>\n\t\t<meta property=\"og:description\" content=\"El viceconsejero de Administraciones P\u00fablicas, \u00c1lvaro \u00c1lvarez, ha visitado hoy las obras de mejora, recientemente finalizadas, que se han llevado a cabo en la carretera que comunica las poblaciones de Benia y El Pedroso, en el concejo de On\u00eds. Los trabajos, que se prolongaron durante dos meses, han supuesto una inversi\u00f3n de 59.890 euros. \u00c1lvarez,\" \/>\n\t\t<meta property=\"og:url\" content=\"https:\/\/candas365.es\/noticias\/el-principado-finaliza-las-obras-de-mejora-de-la-carretera-de-benia-a-el-pedroso\/\" \/>\n\t\t<meta property=\"og:image\" content=\"https:\/\/candas365.es\/noticias\/wp-content\/uploads\/2019\/01\/NP-Visita-Onis.jpg\" \/>\n\t\t<meta property=\"og:image:secure_url\" content=\"https:\/\/candas365.es\/noticias\/wp-content\/uploads\/2019\/01\/NP-Visita-Onis.jpg\" \/>\n\t\t<meta property=\"og:image:width\" content=\"1280\" \/>\n\t\t<meta property=\"og:image:height\" content=\"720\" \/>\n\t\t<meta property=\"article:published_time\" content=\"2019-01-12T14:19:22+00:00\" \/>\n\t\t<meta property=\"article:modified_time\" content=\"2019-01-12T14:19:22+00:00\" \/>\n\t\t<meta property=\"article:publisher\" content=\"https:\/\/www.facebook.com\/Nachofdezber\" \/>\n\t\t<meta property=\"article:author\" content=\"https:\/\/www.facebook.com\/carrenoactualidad\" \/>\n\t\t<meta name=\"twitter:card\" content=\"summary_large_image\" \/>\n\t\t<meta name=\"twitter:site\" content=\"@NabercoDigital\" \/>\n\t\t<meta name=\"twitter:title\" content=\"El Principado finaliza las obras de mejora de la carretera de Benia a El Pedroso | Cand\u00e1s 365\" \/>\n\t\t<meta name=\"twitter:description\" content=\"El viceconsejero de Administraciones P\u00fablicas, \u00c1lvaro \u00c1lvarez, ha visitado hoy las obras de mejora, recientemente finalizadas, que se han llevado a cabo en la carretera que comunica las poblaciones de Benia y El Pedroso, en el concejo de On\u00eds. Los trabajos, que se prolongaron durante dos meses, han supuesto una inversi\u00f3n de 59.890 euros. \u00c1lvarez,\" \/>\n\t\t<meta name=\"twitter:creator\" content=\"@nbasturias\" \/>\n\t\t<meta name=\"twitter:image\" content=\"https:\/\/candas365.es\/noticias\/wp-content\/uploads\/2019\/01\/NP-Visita-Onis.jpg\" \/>\n\t\t<meta name=\"twitter:label1\" content=\"Escrito por\" \/>\n\t\t<meta name=\"twitter:data1\" content=\"Cand\u00e1s 365\" \/>\n\t\t<meta name=\"twitter:label2\" content=\"Tiempo de lectura estimado\" \/>\n\t\t<meta name=\"twitter:data2\" content=\"1 minuto\" \/>\n\t\t<script type=\"application\/ld+json\" class=\"aioseo-schema\">\n\t\t\t{\"@context\":\"https:\\\/\\\/schema.org\",\"@graph\":[{\"@type\":\"BreadcrumbList\",\"@id\":\"https:\\\/\\\/candas365.es\\\/noticias\\\/el-principado-finaliza-las-obras-de-mejora-de-la-carretera-de-benia-a-el-pedroso\\\/#breadcrumblist\",\"itemListElement\":[{\"@type\":\"ListItem\",\"@id\":\"https:\\\/\\\/candas365.es\\\/noticias#listItem\",\"position\":1,\"name\":\"Home\",\"item\":\"https:\\\/\\\/candas365.es\\\/noticias\",\"nextItem\":{\"@type\":\"ListItem\",\"@id\":\"https:\\\/\\\/candas365.es\\\/noticias\\\/category\\\/asturias\\\/#listItem\",\"name\":\"Asturias\"}},{\"@type\":\"ListItem\",\"@id\":\"https:\\\/\\\/candas365.es\\\/noticias\\\/category\\\/asturias\\\/#listItem\",\"position\":2,\"name\":\"Asturias\",\"item\":\"https:\\\/\\\/candas365.es\\\/noticias\\\/category\\\/asturias\\\/\",\"nextItem\":{\"@type\":\"ListItem\",\"@id\":\"https:\\\/\\\/candas365.es\\\/noticias\\\/el-principado-finaliza-las-obras-de-mejora-de-la-carretera-de-benia-a-el-pedroso\\\/#listItem\",\"name\":\"El Principado finaliza las obras de mejora de la carretera de Benia a El Pedroso\"},\"previousItem\":{\"@type\":\"ListItem\",\"@id\":\"https:\\\/\\\/candas365.es\\\/noticias#listItem\",\"name\":\"Home\"}},{\"@type\":\"ListItem\",\"@id\":\"https:\\\/\\\/candas365.es\\\/noticias\\\/el-principado-finaliza-las-obras-de-mejora-de-la-carretera-de-benia-a-el-pedroso\\\/#listItem\",\"position\":3,\"name\":\"El Principado finaliza las obras de mejora de la carretera de Benia a El Pedroso\",\"previousItem\":{\"@type\":\"ListItem\",\"@id\":\"https:\\\/\\\/candas365.es\\\/noticias\\\/category\\\/asturias\\\/#listItem\",\"name\":\"Asturias\"}}]},{\"@type\":\"NewsArticle\",\"@id\":\"https:\\\/\\\/candas365.es\\\/noticias\\\/el-principado-finaliza-las-obras-de-mejora-de-la-carretera-de-benia-a-el-pedroso\\\/#newsarticle\",\"name\":\"El Principado finaliza las obras de mejora de la carretera de Benia a El Pedroso | Cand\\u00e1s 365\",\"headline\":\"El Principado finaliza las obras de mejora de la carretera de Benia a El Pedroso\",\"author\":{\"@id\":\"https:\\\/\\\/candas365.es\\\/noticias\\\/author\\\/admin\\\/#author\"},\"publisher\":{\"@id\":\"https:\\\/\\\/candas365.es\\\/noticias\\\/#organization\"},\"image\":{\"@type\":\"ImageObject\",\"url\":\"https:\\\/\\\/candas365.es\\\/noticias\\\/wp-content\\\/uploads\\\/2019\\\/01\\\/NP-Visita-Onis.jpg\",\"width\":1280,\"height\":720},\"datePublished\":\"2019-01-12T14:19:22+01:00\",\"dateModified\":\"2019-01-12T14:19:22+01:00\",\"inLanguage\":\"es-ES\",\"mainEntityOfPage\":{\"@id\":\"https:\\\/\\\/candas365.es\\\/noticias\\\/el-principado-finaliza-las-obras-de-mejora-de-la-carretera-de-benia-a-el-pedroso\\\/#webpage\"},\"isPartOf\":{\"@id\":\"https:\\\/\\\/candas365.es\\\/noticias\\\/el-principado-finaliza-las-obras-de-mejora-de-la-carretera-de-benia-a-el-pedroso\\\/#webpage\"},\"articleSection\":\"Asturias\",\"dateline\":\"Publicado el enero 12, 2019.\"},{\"@type\":\"Organization\",\"@id\":\"https:\\\/\\\/candas365.es\\\/noticias\\\/#organization\",\"name\":\"Cand\\u00e1s 365\",\"description\":\"Cand\\u00e1s 365 es un diario digital independiente, fundado en 2012, con base en Asturias. Informamos con rigor sobre actualidad, sociedad, cultura y ocio, con una mirada local y global.\",\"url\":\"https:\\\/\\\/candas365.es\\\/noticias\\\/\",\"email\":\"info@candas365.es\",\"telephone\":\"+34652131393\",\"foundingDate\":\"2012-06-10\",\"logo\":{\"@type\":\"ImageObject\",\"url\":\"https:\\\/\\\/candas365.es\\\/noticias\\\/wp-content\\\/uploads\\\/2024\\\/09\\\/Candas-365-Redes.jpg\",\"@id\":\"https:\\\/\\\/candas365.es\\\/noticias\\\/el-principado-finaliza-las-obras-de-mejora-de-la-carretera-de-benia-a-el-pedroso\\\/#organizationLogo\",\"width\":1152,\"height\":864,\"caption\":\"Cand\\u00e1s 365 Redes\"},\"image\":{\"@id\":\"https:\\\/\\\/candas365.es\\\/noticias\\\/el-principado-finaliza-las-obras-de-mejora-de-la-carretera-de-benia-a-el-pedroso\\\/#organizationLogo\"},\"sameAs\":[\"https:\\\/\\\/www.facebook.com\\\/Nachofdezber\",\"https:\\\/\\\/x.com\\\/NabercoDigital\",\"https:\\\/\\\/www.instagram.com\\\/nachofdezber\\\/\",\"https:\\\/\\\/www.youtube.com\\\/channel\\\/UCZP-2wLEB9Rv6erhFmqVnvg\"],\"address\":{\"@id\":\"https:\\\/\\\/candas365.es\\\/noticias\\\/#postaladdress\",\"@type\":\"PostalAddress\",\"streetAddress\":\"san antonio 4, san antonio 4\",\"postalCode\":\"33430\",\"addressLocality\":\"Cand\\u00e1s\",\"addressRegion\":\"Asturias\",\"addressCountry\":\"ES\"}},{\"@type\":\"Person\",\"@id\":\"https:\\\/\\\/candas365.es\\\/noticias\\\/author\\\/admin\\\/#author\",\"url\":\"https:\\\/\\\/candas365.es\\\/noticias\\\/author\\\/admin\\\/\",\"name\":\"Cand\\u00e1s 365\",\"image\":{\"@type\":\"ImageObject\",\"@id\":\"https:\\\/\\\/candas365.es\\\/noticias\\\/el-principado-finaliza-las-obras-de-mejora-de-la-carretera-de-benia-a-el-pedroso\\\/#authorImage\",\"url\":\"https:\\\/\\\/secure.gravatar.com\\\/avatar\\\/496a8e03d0c493ede1718b7934145dbdf8d89be1036b0eec9544e1094c9de390?s=96&d=mm&r=g\",\"width\":96,\"height\":96,\"caption\":\"Cand\\u00e1s 365\"},\"sameAs\":[\"https:\\\/\\\/www.facebook.com\\\/carrenoactualidad\",\"https:\\\/\\\/twitter.com\\\/nbasturias\",\"https:\\\/\\\/www.instagram.com\\\/nachofdezber\\\/\",\"https:\\\/\\\/www.youtube.com\\\/channel\\\/UCZP-2wLEB9Rv6erhFmqVnvg\"]},{\"@type\":\"WebPage\",\"@id\":\"https:\\\/\\\/candas365.es\\\/noticias\\\/el-principado-finaliza-las-obras-de-mejora-de-la-carretera-de-benia-a-el-pedroso\\\/#webpage\",\"url\":\"https:\\\/\\\/candas365.es\\\/noticias\\\/el-principado-finaliza-las-obras-de-mejora-de-la-carretera-de-benia-a-el-pedroso\\\/\",\"name\":\"El Principado finaliza las obras de mejora de la carretera de Benia a El Pedroso | Cand\\u00e1s 365\",\"description\":\"El viceconsejero de Administraciones P\\u00fablicas, \\u00c1lvaro \\u00c1lvarez, ha visitado hoy las obras de mejora, recientemente finalizadas, que se han llevado a cabo en la carretera que comunica las poblaciones de Benia y El Pedroso, en el concejo de On\\u00eds. Los trabajos, que se prolongaron durante dos meses, han supuesto una inversi\\u00f3n de 59.890 euros. \\u00c1lvarez,\",\"inLanguage\":\"es-ES\",\"isPartOf\":{\"@id\":\"https:\\\/\\\/candas365.es\\\/noticias\\\/#website\"},\"breadcrumb\":{\"@id\":\"https:\\\/\\\/candas365.es\\\/noticias\\\/el-principado-finaliza-las-obras-de-mejora-de-la-carretera-de-benia-a-el-pedroso\\\/#breadcrumblist\"},\"author\":{\"@id\":\"https:\\\/\\\/candas365.es\\\/noticias\\\/author\\\/admin\\\/#author\"},\"creator\":{\"@id\":\"https:\\\/\\\/candas365.es\\\/noticias\\\/author\\\/admin\\\/#author\"},\"image\":{\"@type\":\"ImageObject\",\"url\":\"https:\\\/\\\/candas365.es\\\/noticias\\\/wp-content\\\/uploads\\\/2019\\\/01\\\/NP-Visita-Onis.jpg\",\"@id\":\"https:\\\/\\\/candas365.es\\\/noticias\\\/el-principado-finaliza-las-obras-de-mejora-de-la-carretera-de-benia-a-el-pedroso\\\/#mainImage\",\"width\":1280,\"height\":720},\"primaryImageOfPage\":{\"@id\":\"https:\\\/\\\/candas365.es\\\/noticias\\\/el-principado-finaliza-las-obras-de-mejora-de-la-carretera-de-benia-a-el-pedroso\\\/#mainImage\"},\"datePublished\":\"2019-01-12T14:19:22+01:00\",\"dateModified\":\"2019-01-12T14:19:22+01:00\"},{\"@type\":\"WebSite\",\"@id\":\"https:\\\/\\\/candas365.es\\\/noticias\\\/#website\",\"url\":\"https:\\\/\\\/candas365.es\\\/noticias\\\/\",\"name\":\"Cand\\u00e1s 365\",\"alternateName\":\"Cand\\u00e1s 365 Noticias\",\"description\":\"Actualidad desde Carre\\u00f1o para el mundo\",\"inLanguage\":\"es-ES\",\"publisher\":{\"@id\":\"https:\\\/\\\/candas365.es\\\/noticias\\\/#organization\"}}]}\n\t\t<\/script>\n\t\t<!-- All in One SEO Pro -->\r\n\t\t<title>El Principado finaliza las obras de mejora de la carretera de Benia a El Pedroso | Cand\u00e1s 365<\/title>\n\n","aioseo_head_json":{"title":"El Principado finaliza las obras de mejora de la carretera de Benia a El Pedroso | Cand\u00e1s 365","description":"El viceconsejero de Administraciones P\u00fablicas, \u00c1lvaro \u00c1lvarez, ha visitado hoy las obras de mejora, recientemente finalizadas, que se han llevado a cabo en la carretera que comunica las poblaciones de Benia y El Pedroso, en el concejo de On\u00eds. Los trabajos, que se prolongaron durante dos meses, han supuesto una inversi\u00f3n de 59.890 euros. \u00c1lvarez,","canonical_url":"https:\/\/candas365.es\/noticias\/el-principado-finaliza-las-obras-de-mejora-de-la-carretera-de-benia-a-el-pedroso\/","robots":"max-image-preview:large","keywords":"asturias","webmasterTools":{"google-site-verification":"UA-32230408-1","msvalidate.01":"354F3CDFB2DA171B47FBE9ABF1F88D5","miscellaneous":""},"schema":{"@context":"https:\/\/schema.org","@graph":[{"@type":"BreadcrumbList","@id":"https:\/\/candas365.es\/noticias\/el-principado-finaliza-las-obras-de-mejora-de-la-carretera-de-benia-a-el-pedroso\/#breadcrumblist","itemListElement":[{"@type":"ListItem","@id":"https:\/\/candas365.es\/noticias#listItem","position":1,"name":"Home","item":"https:\/\/candas365.es\/noticias","nextItem":{"@type":"ListItem","@id":"https:\/\/candas365.es\/noticias\/category\/asturias\/#listItem","name":"Asturias"}},{"@type":"ListItem","@id":"https:\/\/candas365.es\/noticias\/category\/asturias\/#listItem","position":2,"name":"Asturias","item":"https:\/\/candas365.es\/noticias\/category\/asturias\/","nextItem":{"@type":"ListItem","@id":"https:\/\/candas365.es\/noticias\/el-principado-finaliza-las-obras-de-mejora-de-la-carretera-de-benia-a-el-pedroso\/#listItem","name":"El Principado finaliza las obras de mejora de la carretera de Benia a El Pedroso"},"previousItem":{"@type":"ListItem","@id":"https:\/\/candas365.es\/noticias#listItem","name":"Home"}},{"@type":"ListItem","@id":"https:\/\/candas365.es\/noticias\/el-principado-finaliza-las-obras-de-mejora-de-la-carretera-de-benia-a-el-pedroso\/#listItem","position":3,"name":"El Principado finaliza las obras de mejora de la carretera de Benia a El Pedroso","previousItem":{"@type":"ListItem","@id":"https:\/\/candas365.es\/noticias\/category\/asturias\/#listItem","name":"Asturias"}}]},{"@type":"NewsArticle","@id":"https:\/\/candas365.es\/noticias\/el-principado-finaliza-las-obras-de-mejora-de-la-carretera-de-benia-a-el-pedroso\/#newsarticle","name":"El Principado finaliza las obras de mejora de la carretera de Benia a El Pedroso | Cand\u00e1s 365","headline":"El Principado finaliza las obras de mejora de la carretera de Benia a El Pedroso","author":{"@id":"https:\/\/candas365.es\/noticias\/author\/admin\/#author"},"publisher":{"@id":"https:\/\/candas365.es\/noticias\/#organization"},"image":{"@type":"ImageObject","url":"https:\/\/candas365.es\/noticias\/wp-content\/uploads\/2019\/01\/NP-Visita-Onis.jpg","width":1280,"height":720},"datePublished":"2019-01-12T14:19:22+01:00","dateModified":"2019-01-12T14:19:22+01:00","inLanguage":"es-ES","mainEntityOfPage":{"@id":"https:\/\/candas365.es\/noticias\/el-principado-finaliza-las-obras-de-mejora-de-la-carretera-de-benia-a-el-pedroso\/#webpage"},"isPartOf":{"@id":"https:\/\/candas365.es\/noticias\/el-principado-finaliza-las-obras-de-mejora-de-la-carretera-de-benia-a-el-pedroso\/#webpage"},"articleSection":"Asturias","dateline":"Publicado el enero 12, 2019."},{"@type":"Organization","@id":"https:\/\/candas365.es\/noticias\/#organization","name":"Cand\u00e1s 365","description":"Cand\u00e1s 365 es un diario digital independiente, fundado en 2012, con base en Asturias. Informamos con rigor sobre actualidad, sociedad, cultura y ocio, con una mirada local y global.","url":"https:\/\/candas365.es\/noticias\/","email":"info@candas365.es","telephone":"+34652131393","foundingDate":"2012-06-10","logo":{"@type":"ImageObject","url":"https:\/\/candas365.es\/noticias\/wp-content\/uploads\/2024\/09\/Candas-365-Redes.jpg","@id":"https:\/\/candas365.es\/noticias\/el-principado-finaliza-las-obras-de-mejora-de-la-carretera-de-benia-a-el-pedroso\/#organizationLogo","width":1152,"height":864,"caption":"Cand\u00e1s 365 Redes"},"image":{"@id":"https:\/\/candas365.es\/noticias\/el-principado-finaliza-las-obras-de-mejora-de-la-carretera-de-benia-a-el-pedroso\/#organizationLogo"},"sameAs":["https:\/\/www.facebook.com\/Nachofdezber","https:\/\/x.com\/NabercoDigital","https:\/\/www.instagram.com\/nachofdezber\/","https:\/\/www.youtube.com\/channel\/UCZP-2wLEB9Rv6erhFmqVnvg"],"address":{"@id":"https:\/\/candas365.es\/noticias\/#postaladdress","@type":"PostalAddress","streetAddress":"san antonio 4, san antonio 4","postalCode":"33430","addressLocality":"Cand\u00e1s","addressRegion":"Asturias","addressCountry":"ES"}},{"@type":"Person","@id":"https:\/\/candas365.es\/noticias\/author\/admin\/#author","url":"https:\/\/candas365.es\/noticias\/author\/admin\/","name":"Cand\u00e1s 365","image":{"@type":"ImageObject","@id":"https:\/\/candas365.es\/noticias\/el-principado-finaliza-las-obras-de-mejora-de-la-carretera-de-benia-a-el-pedroso\/#authorImage","url":"https:\/\/secure.gravatar.com\/avatar\/496a8e03d0c493ede1718b7934145dbdf8d89be1036b0eec9544e1094c9de390?s=96&d=mm&r=g","width":96,"height":96,"caption":"Cand\u00e1s 365"},"sameAs":["https:\/\/www.facebook.com\/carrenoactualidad","https:\/\/twitter.com\/nbasturias","https:\/\/www.instagram.com\/nachofdezber\/","https:\/\/www.youtube.com\/channel\/UCZP-2wLEB9Rv6erhFmqVnvg"]},{"@type":"WebPage","@id":"https:\/\/candas365.es\/noticias\/el-principado-finaliza-las-obras-de-mejora-de-la-carretera-de-benia-a-el-pedroso\/#webpage","url":"https:\/\/candas365.es\/noticias\/el-principado-finaliza-las-obras-de-mejora-de-la-carretera-de-benia-a-el-pedroso\/","name":"El Principado finaliza las obras de mejora de la carretera de Benia a El Pedroso | Cand\u00e1s 365","description":"El viceconsejero de Administraciones P\u00fablicas, \u00c1lvaro \u00c1lvarez, ha visitado hoy las obras de mejora, recientemente finalizadas, que se han llevado a cabo en la carretera que comunica las poblaciones de Benia y El Pedroso, en el concejo de On\u00eds. Los trabajos, que se prolongaron durante dos meses, han supuesto una inversi\u00f3n de 59.890 euros. \u00c1lvarez,","inLanguage":"es-ES","isPartOf":{"@id":"https:\/\/candas365.es\/noticias\/#website"},"breadcrumb":{"@id":"https:\/\/candas365.es\/noticias\/el-principado-finaliza-las-obras-de-mejora-de-la-carretera-de-benia-a-el-pedroso\/#breadcrumblist"},"author":{"@id":"https:\/\/candas365.es\/noticias\/author\/admin\/#author"},"creator":{"@id":"https:\/\/candas365.es\/noticias\/author\/admin\/#author"},"image":{"@type":"ImageObject","url":"https:\/\/candas365.es\/noticias\/wp-content\/uploads\/2019\/01\/NP-Visita-Onis.jpg","@id":"https:\/\/candas365.es\/noticias\/el-principado-finaliza-las-obras-de-mejora-de-la-carretera-de-benia-a-el-pedroso\/#mainImage","width":1280,"height":720},"primaryImageOfPage":{"@id":"https:\/\/candas365.es\/noticias\/el-principado-finaliza-las-obras-de-mejora-de-la-carretera-de-benia-a-el-pedroso\/#mainImage"},"datePublished":"2019-01-12T14:19:22+01:00","dateModified":"2019-01-12T14:19:22+01:00"},{"@type":"WebSite","@id":"https:\/\/candas365.es\/noticias\/#website","url":"https:\/\/candas365.es\/noticias\/","name":"Cand\u00e1s 365","alternateName":"Cand\u00e1s 365 Noticias","description":"Actualidad desde Carre\u00f1o para el mundo","inLanguage":"es-ES","publisher":{"@id":"https:\/\/candas365.es\/noticias\/#organization"}}]},"og:locale":"es_ES","og:site_name":"Cand\u00e1s 365","og:type":"article","og:title":"El Principado finaliza las obras de mejora de la carretera de Benia a El Pedroso | Cand\u00e1s 365","og:description":"El viceconsejero de Administraciones P\u00fablicas, \u00c1lvaro \u00c1lvarez, ha visitado hoy las obras de mejora, recientemente finalizadas, que se han llevado a cabo en la carretera que comunica las poblaciones de Benia y El Pedroso, en el concejo de On\u00eds. Los trabajos, que se prolongaron durante dos meses, han supuesto una inversi\u00f3n de 59.890 euros. \u00c1lvarez,","og:url":"https:\/\/candas365.es\/noticias\/el-principado-finaliza-las-obras-de-mejora-de-la-carretera-de-benia-a-el-pedroso\/","og:image":"https:\/\/candas365.es\/noticias\/wp-content\/uploads\/2019\/01\/NP-Visita-Onis.jpg","og:image:secure_url":"https:\/\/candas365.es\/noticias\/wp-content\/uploads\/2019\/01\/NP-Visita-Onis.jpg","og:image:width":1280,"og:image:height":720,"article:published_time":"2019-01-12T14:19:22+00:00","article:modified_time":"2019-01-12T14:19:22+00:00","article:publisher":"https:\/\/www.facebook.com\/Nachofdezber","article:author":"https:\/\/www.facebook.com\/carrenoactualidad","twitter:card":"summary_large_image","twitter:site":"@NabercoDigital","twitter:title":"El Principado finaliza las obras de mejora de la carretera de Benia a El Pedroso | Cand\u00e1s 365","twitter:description":"El viceconsejero de Administraciones P\u00fablicas, \u00c1lvaro \u00c1lvarez, ha visitado hoy las obras de mejora, recientemente finalizadas, que se han llevado a cabo en la carretera que comunica las poblaciones de Benia y El Pedroso, en el concejo de On\u00eds. Los trabajos, que se prolongaron durante dos meses, han supuesto una inversi\u00f3n de 59.890 euros. \u00c1lvarez,","twitter:creator":"@nbasturias","twitter:image":"https:\/\/candas365.es\/noticias\/wp-content\/uploads\/2019\/01\/NP-Visita-Onis.jpg","twitter:label1":"Escrito por","twitter:data1":"Cand\u00e1s 365","twitter:label2":"Tiempo de lectura estimado","twitter:data2":"1 minuto"},"aioseo_meta_data":{"post_id":"114045","title":null,"description":null,"keywords":null,"keyphrases":null,"primary_term":null,"canonical_url":null,"og_title":null,"og_description":null,"og_object_type":"default","og_image_type":"default","og_image_url":null,"og_image_width":null,"og_image_height":null,"og_image_custom_url":null,"og_image_custom_fields":null,"og_video":null,"og_custom_url":null,"og_article_section":null,"og_article_tags":null,"twitter_use_og":false,"twitter_card":"default","twitter_image_type":"default","twitter_image_url":null,"twitter_image_custom_url":null,"twitter_image_custom_fields":null,"twitter_title":null,"twitter_description":null,"schema":{"blockGraphs":[],"customGraphs":[],"default":{"data":{"Article":[],"Course":[],"Dataset":[],"FAQPage":[],"Movie":[],"Person":[],"Product":[],"ProductReview":[],"Car":[],"Recipe":[],"Service":[],"SoftwareApplication":[],"WebPage":[]},"graphName":"","isEnabled":true},"graphs":[],"defaultGraph":"","defaultPostTypeGraph":""},"schema_type":null,"schema_type_options":null,"pillar_content":false,"robots_default":true,"robots_noindex":false,"robots_noarchive":false,"robots_nosnippet":false,"robots_nofollow":false,"robots_noimageindex":false,"robots_noodp":false,"robots_notranslate":false,"robots_max_snippet":null,"robots_max_videopreview":null,"robots_max_imagepreview":"large","priority":null,"frequency":null,"location":null,"local_seo":null,"seo_analyzer_scan_date":"2025-08-29 00:21:25","breadcrumb_settings":null,"limit_modified_date":false,"reviewed_by":null,"open_ai":null,"ai":null,"created":"2020-12-21 11:25:55","updated":"2025-08-29 00:21:25"},"aioseo_breadcrumb":"<div class=\"aioseo-breadcrumbs\"><span class=\"aioseo-breadcrumb\">\n\t<a href=\"https:\/\/candas365.es\/noticias\" title=\"Home\">Home<\/a>\n<\/span><span class=\"aioseo-breadcrumb-separator\">&ndash;<\/span><span class=\"aioseo-breadcrumb\">\n\t<a href=\"https:\/\/candas365.es\/noticias\/category\/asturias\/\" title=\"Asturias\">Asturias<\/a>\n<\/span><span class=\"aioseo-breadcrumb-separator\">&ndash;<\/span><span class=\"aioseo-breadcrumb\">\n\tEl Principado finaliza las obras de mejora de la carretera de Benia a El Pedroso\n<\/span><\/div>","aioseo_breadcrumb_json":[{"label":"Home","link":"https:\/\/candas365.es\/noticias"},{"label":"Asturias","link":"https:\/\/candas365.es\/noticias\/category\/asturias\/"},{"label":"El Principado finaliza las obras de mejora de la carretera de Benia a El Pedroso","link":"https:\/\/candas365.es\/noticias\/el-principado-finaliza-las-obras-de-mejora-de-la-carretera-de-benia-a-el-pedroso\/"}],"_links":{"self":[{"href":"https:\/\/candas365.es\/noticias\/wp-json\/wp\/v2\/posts\/114045","targetHints":{"allow":["GET"]}}],"collection":[{"href":"https:\/\/candas365.es\/noticias\/wp-json\/wp\/v2\/posts"}],"about":[{"href":"https:\/\/candas365.es\/noticias\/wp-json\/wp\/v2\/types\/post"}],"author":[{"embeddable":true,"href":"https:\/\/candas365.es\/noticias\/wp-json\/wp\/v2\/users\/1"}],"replies":[{"embeddable":true,"href":"https:\/\/candas365.es\/noticias\/wp-json\/wp\/v2\/comments?post=114045"}],"version-history":[{"count":0,"href":"https:\/\/candas365.es\/noticias\/wp-json\/wp\/v2\/posts\/114045\/revisions"}],"wp:featuredmedia":[{"embeddable":true,"href":"https:\/\/candas365.es\/noticias\/wp-json\/wp\/v2\/media\/114046"}],"wp:attachment":[{"href":"https:\/\/candas365.es\/noticias\/wp-json\/wp\/v2\/media?parent=114045"}],"wp:term":[{"taxonomy":"category","embeddable":true,"href":"https:\/\/candas365.es\/noticias\/wp-json\/wp\/v2\/categories?post=114045"},{"taxonomy":"post_tag","embeddable":true,"href":"https:\/\/candas365.es\/noticias\/wp-json\/wp\/v2\/tags?post=114045"}],"curies":[{"name":"wp","href":"https:\/\/api.w.org\/{rel}","templated":true}]}}