{"id":114035,"date":"2019-01-11T21:12:50","date_gmt":"2019-01-11T21:12:50","guid":{"rendered":"http:\/\/candas365.es\/noticias\/?p=114035"},"modified":"2019-01-11T21:12:50","modified_gmt":"2019-01-11T21:12:50","slug":"andre-poggenburg-abandona-afd","status":"publish","type":"post","link":"https:\/\/candas365.es\/noticias\/andre-poggenburg-abandona-afd\/","title":{"rendered":"Andr\u00e9 Poggenburg abandona AfD"},"content":{"rendered":"<figure id=\"attachment_114036\" aria-describedby=\"caption-attachment-114036\" style=\"width: 360px\" class=\"wp-caption alignleft\"><img fetchpriority=\"high\" decoding=\"async\" class=\"size-medium wp-image-114036\" src=\"https:\/\/candas365.es\/noticias\/wp-content\/uploads\/2019\/01\/Poggenburg-360x256.jpg\" alt=\"\" width=\"360\" height=\"256\" srcset=\"https:\/\/candas365.es\/noticias\/wp-content\/uploads\/2019\/01\/Poggenburg-360x256.jpg 360w, https:\/\/candas365.es\/noticias\/wp-content\/uploads\/2019\/01\/Poggenburg-768x546.jpg 768w, https:\/\/candas365.es\/noticias\/wp-content\/uploads\/2019\/01\/Poggenburg-655x466.jpg 655w, https:\/\/candas365.es\/noticias\/wp-content\/uploads\/2019\/01\/Poggenburg-100x70.jpg 100w, https:\/\/candas365.es\/noticias\/wp-content\/uploads\/2019\/01\/Poggenburg-696x495.jpg 696w, https:\/\/candas365.es\/noticias\/wp-content\/uploads\/2019\/01\/Poggenburg-590x420.jpg 590w, https:\/\/candas365.es\/noticias\/wp-content\/uploads\/2019\/01\/Poggenburg.jpg 949w\" sizes=\"(max-width: 360px) 100vw, 360px\" \/><figcaption id=\"caption-attachment-114036\" class=\"wp-caption-text\">Foto: Sebastian Kahnert\/dpa<\/figcaption><\/figure>\n<p>Berl\u00edn, 11 ene (dpa) &#8211; Un influyente l\u00edder de la ultraderechista Alternativa para Alemania (AfD) confirm\u00f3 hoy que abandona el partido y lanz\u00f3 fuertes cr\u00edticas contra la formaci\u00f3n, a la que achac\u00f3 no haber cumplido sus promesas de campa\u00f1a y estar paralizada por el temor a ser observada por las autoridades.<\/p>\n<p>El ex presidente de la AfD en el estado federado de Sajonia-Anhalt y miembro del ala nacionalista de derecha, Andr\u00e9 Poggenburg, indic\u00f3 en declaraciones al diario \u00abDie Welt\u00bb que ya fund\u00f3 un nuevo partido con el que quiere presentarse en las elecciones regionales de los estados de Sajonia, Turingia y Brandeburgo.<\/p>\n<p>Seg\u00fan Poggenburg, las diferencias con la c\u00fapula de la AfD en Berl\u00edn \u00abalcanzaron una dimensi\u00f3n que ya no se puede superar\u00bb. Afirm\u00f3 que la AfD \u00abya no es m\u00e1s vista como la alternativa verdaderamente patri\u00f3tica y ha perdido mucha credibilidad a este respecto\u00bb.<\/p>\n<p>El pol\u00edtico de 43 a\u00f1os, que hasta ahora ocupa un esca\u00f1o en el hemiciclo de Sajonia-Anhalt en representaci\u00f3n de la AfD, fund\u00f3 una agrupaci\u00f3n denominada \u00abAufbruch deutscher Patrioten &#8211; Mitteldeutschland\u00bb (Resurgimiento de Patriotas Alemanas &#8211; Alemania central).<\/p>\n<p>En la noche del jueves public\u00f3 en su p\u00e1gina de Facebook fotos, nombre y un logotipo del que supuestamente es su nuevo partido. Seg\u00fan \u00abDie Welt\u00bb, varios frustrados miembros de la AfD se le han sumado.<\/p>\n<p>El ex dirigente de la AfD caus\u00f3 revuelo el a\u00f1o pasado al tachar a los inmigrantes turcos de \u00abvendedores de comino\u00bb y \u00abcuidadores de camellos\u00bb. En junio de 2017 fue amonestado por la c\u00fapula partidista por utilizar el lema \u00abAlemania para los alemanes\u00bb en un chat interno y especular con \u00abla ampliaci\u00f3n de las fronteras\u00bb alemanas.<\/p>\n<p>Poggenburg fue presionado para renunciar en marzo de 2018 a la presidencia de AfD en Sajonia-Anhalt y a la jefatura del grupo parlamentario como consecuencia de varios discursos en los que emple\u00f3 vocabulario nazi. M\u00e1s adelante tuvo diferencias con varios miembros del ala nacionalista como el dirigente de Turingia Bj\u00f6rn H\u00f6cke.<\/p>\n<p>La partida de Poggenburg fue celebrada por algunos de sus correligionarios. \u00abPor fin. Espero que se lleve con \u00e9l a todos estos locos y a los llamados patriotas\u00bb, tuite\u00f3 Uwe Junge, presidente de la AfD en la regi\u00f3n de Renania-Palatinado.<\/p>\n<p>La bancada de la AfD en Sajonia-Anhalt llam\u00f3 a Poggenburg a devolver el mandato parlamentario. Poggenburg fue elegido por mandato directo, pero solamente porque se afili\u00f3 a la AfD, dijo a dpa Oliver Kirchner, jefe del grupo parlamentario.<\/p>\n<p>La nueva ruptura en las filas de la AfD se produjo cuatro d\u00edas antes de que el partido se re\u00fana para debatir la plataforma para las elecciones europeas de finales de mayo.<\/p>\n<p>La AfD surgi\u00f3 en 2013 en rechazo a los rescates millonarios europeos. La llegada de m\u00e1s de un mill\u00f3n de refugiados a Alemania desde 2015 dio nuevas alas a la agrupaci\u00f3n, que accedi\u00f3 al Parlamento como tercera fuerza pol\u00edtica en los comicios de septiembre de 2017 y est\u00e1 representado en todos los Legislativos regionales.<\/p>\n","protected":false},"excerpt":{"rendered":"<p>Berl\u00edn, 11 ene (dpa) &#8211; Un influyente l\u00edder de la ultraderechista Alternativa para Alemania (AfD) confirm\u00f3 hoy que abandona el partido y lanz\u00f3 fuertes cr\u00edticas contra la formaci\u00f3n, a la que achac\u00f3 no haber cumplido sus promesas de campa\u00f1a y estar paralizada por el temor a ser observada por las autoridades. El ex presidente de<\/p>\n","protected":false},"author":1,"featured_media":114036,"comment_status":"closed","ping_status":"closed","sticky":false,"template":"","format":"standard","meta":{"footnotes":""},"categories":[343],"tags":[],"class_list":{"0":"post-114035","1":"post","2":"type-post","3":"status-publish","4":"format-standard","5":"has-post-thumbnail","7":"category-actualidad"},"aioseo_notices":[],"aioseo_head":"\n\t\t<!-- All in One SEO Pro 4.9.6.2 - aioseo.com -->\n\t<meta name=\"description\" content=\"Berl\u00edn, 11 ene (dpa) - Un influyente l\u00edder de la ultraderechista Alternativa para Alemania (AfD) confirm\u00f3 hoy que abandona el partido y lanz\u00f3 fuertes cr\u00edticas contra la formaci\u00f3n, a la que achac\u00f3 no haber cumplido sus promesas de campa\u00f1a y estar paralizada por el temor a ser observada por las autoridades. El ex presidente de\" \/>\n\t<meta name=\"robots\" content=\"max-image-preview:large\" \/>\n\t<meta name=\"author\" content=\"Cand\u00e1s 365\"\/>\n\t<meta name=\"google-site-verification\" content=\"UA-32230408-1\" \/>\n\t<meta name=\"msvalidate.01\" content=\"354F3CDFB2DA171B47FBE9ABF1F88D5\" \/>\n\t<meta name=\"keywords\" content=\"actualidad\" \/>\n\t<link rel=\"canonical\" href=\"https:\/\/candas365.es\/noticias\/andre-poggenburg-abandona-afd\/\" \/>\n\t<meta name=\"generator\" content=\"All in One SEO Pro (AIOSEO) 4.9.6.2\" \/>\n\t\t<meta property=\"og:locale\" content=\"es_ES\" \/>\n\t\t<meta property=\"og:site_name\" content=\"Cand\u00e1s 365\" \/>\n\t\t<meta property=\"og:type\" content=\"article\" \/>\n\t\t<meta property=\"og:title\" content=\"Andr\u00e9 Poggenburg abandona AfD | Cand\u00e1s 365\" \/>\n\t\t<meta property=\"og:description\" content=\"Berl\u00edn, 11 ene (dpa) - Un influyente l\u00edder de la ultraderechista Alternativa para Alemania (AfD) confirm\u00f3 hoy que abandona el partido y lanz\u00f3 fuertes cr\u00edticas contra la formaci\u00f3n, a la que achac\u00f3 no haber cumplido sus promesas de campa\u00f1a y estar paralizada por el temor a ser observada por las autoridades. El ex presidente de\" \/>\n\t\t<meta property=\"og:url\" content=\"https:\/\/candas365.es\/noticias\/andre-poggenburg-abandona-afd\/\" \/>\n\t\t<meta property=\"og:image\" content=\"https:\/\/candas365.es\/noticias\/wp-content\/uploads\/2019\/01\/Poggenburg.jpg\" \/>\n\t\t<meta property=\"og:image:secure_url\" content=\"https:\/\/candas365.es\/noticias\/wp-content\/uploads\/2019\/01\/Poggenburg.jpg\" \/>\n\t\t<meta property=\"og:image:width\" content=\"949\" \/>\n\t\t<meta property=\"og:image:height\" content=\"675\" \/>\n\t\t<meta property=\"article:published_time\" content=\"2019-01-11T21:12:50+00:00\" \/>\n\t\t<meta property=\"article:modified_time\" content=\"2019-01-11T21:12:50+00:00\" \/>\n\t\t<meta property=\"article:publisher\" content=\"https:\/\/www.facebook.com\/Nachofdezber\" \/>\n\t\t<meta property=\"article:author\" content=\"https:\/\/www.facebook.com\/carrenoactualidad\" \/>\n\t\t<meta name=\"twitter:card\" content=\"summary_large_image\" \/>\n\t\t<meta name=\"twitter:site\" content=\"@NabercoDigital\" \/>\n\t\t<meta name=\"twitter:title\" content=\"Andr\u00e9 Poggenburg abandona AfD | Cand\u00e1s 365\" \/>\n\t\t<meta name=\"twitter:description\" content=\"Berl\u00edn, 11 ene (dpa) - Un influyente l\u00edder de la ultraderechista Alternativa para Alemania (AfD) confirm\u00f3 hoy que abandona el partido y lanz\u00f3 fuertes cr\u00edticas contra la formaci\u00f3n, a la que achac\u00f3 no haber cumplido sus promesas de campa\u00f1a y estar paralizada por el temor a ser observada por las autoridades. El ex presidente de\" \/>\n\t\t<meta name=\"twitter:creator\" content=\"@nbasturias\" \/>\n\t\t<meta name=\"twitter:image\" content=\"https:\/\/candas365.es\/noticias\/wp-content\/uploads\/2019\/01\/Poggenburg.jpg\" \/>\n\t\t<meta name=\"twitter:label1\" content=\"Escrito por\" \/>\n\t\t<meta name=\"twitter:data1\" content=\"Cand\u00e1s 365\" \/>\n\t\t<meta name=\"twitter:label2\" content=\"Tiempo de lectura estimado\" \/>\n\t\t<meta name=\"twitter:data2\" content=\"3 minutos\" \/>\n\t\t<script type=\"application\/ld+json\" class=\"aioseo-schema\">\n\t\t\t{\"@context\":\"https:\\\/\\\/schema.org\",\"@graph\":[{\"@type\":\"BreadcrumbList\",\"@id\":\"https:\\\/\\\/candas365.es\\\/noticias\\\/andre-poggenburg-abandona-afd\\\/#breadcrumblist\",\"itemListElement\":[{\"@type\":\"ListItem\",\"@id\":\"https:\\\/\\\/candas365.es\\\/noticias#listItem\",\"position\":1,\"name\":\"Home\",\"item\":\"https:\\\/\\\/candas365.es\\\/noticias\",\"nextItem\":{\"@type\":\"ListItem\",\"@id\":\"https:\\\/\\\/candas365.es\\\/noticias\\\/category\\\/actualidad\\\/#listItem\",\"name\":\"Actualidad\"}},{\"@type\":\"ListItem\",\"@id\":\"https:\\\/\\\/candas365.es\\\/noticias\\\/category\\\/actualidad\\\/#listItem\",\"position\":2,\"name\":\"Actualidad\",\"item\":\"https:\\\/\\\/candas365.es\\\/noticias\\\/category\\\/actualidad\\\/\",\"nextItem\":{\"@type\":\"ListItem\",\"@id\":\"https:\\\/\\\/candas365.es\\\/noticias\\\/andre-poggenburg-abandona-afd\\\/#listItem\",\"name\":\"Andr\\u00e9 Poggenburg abandona AfD\"},\"previousItem\":{\"@type\":\"ListItem\",\"@id\":\"https:\\\/\\\/candas365.es\\\/noticias#listItem\",\"name\":\"Home\"}},{\"@type\":\"ListItem\",\"@id\":\"https:\\\/\\\/candas365.es\\\/noticias\\\/andre-poggenburg-abandona-afd\\\/#listItem\",\"position\":3,\"name\":\"Andr\\u00e9 Poggenburg abandona AfD\",\"previousItem\":{\"@type\":\"ListItem\",\"@id\":\"https:\\\/\\\/candas365.es\\\/noticias\\\/category\\\/actualidad\\\/#listItem\",\"name\":\"Actualidad\"}}]},{\"@type\":\"NewsArticle\",\"@id\":\"https:\\\/\\\/candas365.es\\\/noticias\\\/andre-poggenburg-abandona-afd\\\/#newsarticle\",\"name\":\"Andr\\u00e9 Poggenburg abandona AfD | Cand\\u00e1s 365\",\"headline\":\"Andr\\u00e9 Poggenburg abandona AfD\",\"author\":{\"@id\":\"https:\\\/\\\/candas365.es\\\/noticias\\\/author\\\/admin\\\/#author\"},\"publisher\":{\"@id\":\"https:\\\/\\\/candas365.es\\\/noticias\\\/#organization\"},\"image\":{\"@type\":\"ImageObject\",\"url\":\"https:\\\/\\\/candas365.es\\\/noticias\\\/wp-content\\\/uploads\\\/2019\\\/01\\\/Poggenburg.jpg\",\"width\":949,\"height\":675,\"caption\":\"Foto: Sebastian Kahnert\\\/dpa\"},\"datePublished\":\"2019-01-11T21:12:50+01:00\",\"dateModified\":\"2019-01-11T21:12:50+01:00\",\"inLanguage\":\"es-ES\",\"mainEntityOfPage\":{\"@id\":\"https:\\\/\\\/candas365.es\\\/noticias\\\/andre-poggenburg-abandona-afd\\\/#webpage\"},\"isPartOf\":{\"@id\":\"https:\\\/\\\/candas365.es\\\/noticias\\\/andre-poggenburg-abandona-afd\\\/#webpage\"},\"articleSection\":\"Actualidad\",\"dateline\":\"Publicado el enero 11, 2019.\"},{\"@type\":\"Organization\",\"@id\":\"https:\\\/\\\/candas365.es\\\/noticias\\\/#organization\",\"name\":\"Cand\\u00e1s 365\",\"description\":\"Cand\\u00e1s 365 es un diario digital independiente, fundado en 2012, con base en Asturias. Informamos con rigor sobre actualidad, sociedad, cultura y ocio, con una mirada local y global.\",\"url\":\"https:\\\/\\\/candas365.es\\\/noticias\\\/\",\"email\":\"info@candas365.es\",\"telephone\":\"+34652131393\",\"foundingDate\":\"2012-06-10\",\"logo\":{\"@type\":\"ImageObject\",\"url\":\"https:\\\/\\\/candas365.es\\\/noticias\\\/wp-content\\\/uploads\\\/2024\\\/09\\\/Candas-365-Redes.jpg\",\"@id\":\"https:\\\/\\\/candas365.es\\\/noticias\\\/andre-poggenburg-abandona-afd\\\/#organizationLogo\",\"width\":1152,\"height\":864,\"caption\":\"Cand\\u00e1s 365 Redes\"},\"image\":{\"@id\":\"https:\\\/\\\/candas365.es\\\/noticias\\\/andre-poggenburg-abandona-afd\\\/#organizationLogo\"},\"sameAs\":[\"https:\\\/\\\/www.facebook.com\\\/Nachofdezber\",\"https:\\\/\\\/x.com\\\/NabercoDigital\",\"https:\\\/\\\/www.instagram.com\\\/nachofdezber\\\/\",\"https:\\\/\\\/www.youtube.com\\\/channel\\\/UCZP-2wLEB9Rv6erhFmqVnvg\"],\"address\":{\"@id\":\"https:\\\/\\\/candas365.es\\\/noticias\\\/#postaladdress\",\"@type\":\"PostalAddress\",\"streetAddress\":\"san antonio 4, san antonio 4\",\"postalCode\":\"33430\",\"addressLocality\":\"Cand\\u00e1s\",\"addressRegion\":\"Asturias\",\"addressCountry\":\"ES\"}},{\"@type\":\"Person\",\"@id\":\"https:\\\/\\\/candas365.es\\\/noticias\\\/author\\\/admin\\\/#author\",\"url\":\"https:\\\/\\\/candas365.es\\\/noticias\\\/author\\\/admin\\\/\",\"name\":\"Cand\\u00e1s 365\",\"image\":{\"@type\":\"ImageObject\",\"@id\":\"https:\\\/\\\/candas365.es\\\/noticias\\\/andre-poggenburg-abandona-afd\\\/#authorImage\",\"url\":\"https:\\\/\\\/secure.gravatar.com\\\/avatar\\\/496a8e03d0c493ede1718b7934145dbdf8d89be1036b0eec9544e1094c9de390?s=96&d=mm&r=g\",\"width\":96,\"height\":96,\"caption\":\"Cand\\u00e1s 365\"},\"sameAs\":[\"https:\\\/\\\/www.facebook.com\\\/carrenoactualidad\",\"https:\\\/\\\/twitter.com\\\/nbasturias\",\"https:\\\/\\\/www.instagram.com\\\/nachofdezber\\\/\",\"https:\\\/\\\/www.youtube.com\\\/channel\\\/UCZP-2wLEB9Rv6erhFmqVnvg\"]},{\"@type\":\"WebPage\",\"@id\":\"https:\\\/\\\/candas365.es\\\/noticias\\\/andre-poggenburg-abandona-afd\\\/#webpage\",\"url\":\"https:\\\/\\\/candas365.es\\\/noticias\\\/andre-poggenburg-abandona-afd\\\/\",\"name\":\"Andr\\u00e9 Poggenburg abandona AfD | Cand\\u00e1s 365\",\"description\":\"Berl\\u00edn, 11 ene (dpa) - Un influyente l\\u00edder de la ultraderechista Alternativa para Alemania (AfD) confirm\\u00f3 hoy que abandona el partido y lanz\\u00f3 fuertes cr\\u00edticas contra la formaci\\u00f3n, a la que achac\\u00f3 no haber cumplido sus promesas de campa\\u00f1a y estar paralizada por el temor a ser observada por las autoridades. El ex presidente de\",\"inLanguage\":\"es-ES\",\"isPartOf\":{\"@id\":\"https:\\\/\\\/candas365.es\\\/noticias\\\/#website\"},\"breadcrumb\":{\"@id\":\"https:\\\/\\\/candas365.es\\\/noticias\\\/andre-poggenburg-abandona-afd\\\/#breadcrumblist\"},\"author\":{\"@id\":\"https:\\\/\\\/candas365.es\\\/noticias\\\/author\\\/admin\\\/#author\"},\"creator\":{\"@id\":\"https:\\\/\\\/candas365.es\\\/noticias\\\/author\\\/admin\\\/#author\"},\"image\":{\"@type\":\"ImageObject\",\"url\":\"https:\\\/\\\/candas365.es\\\/noticias\\\/wp-content\\\/uploads\\\/2019\\\/01\\\/Poggenburg.jpg\",\"@id\":\"https:\\\/\\\/candas365.es\\\/noticias\\\/andre-poggenburg-abandona-afd\\\/#mainImage\",\"width\":949,\"height\":675,\"caption\":\"Foto: Sebastian Kahnert\\\/dpa\"},\"primaryImageOfPage\":{\"@id\":\"https:\\\/\\\/candas365.es\\\/noticias\\\/andre-poggenburg-abandona-afd\\\/#mainImage\"},\"datePublished\":\"2019-01-11T21:12:50+01:00\",\"dateModified\":\"2019-01-11T21:12:50+01:00\"},{\"@type\":\"WebSite\",\"@id\":\"https:\\\/\\\/candas365.es\\\/noticias\\\/#website\",\"url\":\"https:\\\/\\\/candas365.es\\\/noticias\\\/\",\"name\":\"Cand\\u00e1s 365\",\"alternateName\":\"Cand\\u00e1s 365 Noticias\",\"description\":\"Actualidad desde Carre\\u00f1o para el mundo\",\"inLanguage\":\"es-ES\",\"publisher\":{\"@id\":\"https:\\\/\\\/candas365.es\\\/noticias\\\/#organization\"}}]}\n\t\t<\/script>\n\t\t<!-- All in One SEO Pro -->\r\n\t\t<title>Andr\u00e9 Poggenburg abandona AfD | Cand\u00e1s 365<\/title>\n\n","aioseo_head_json":{"title":"Andr\u00e9 Poggenburg abandona AfD | Cand\u00e1s 365","description":"Berl\u00edn, 11 ene (dpa) - Un influyente l\u00edder de la ultraderechista Alternativa para Alemania (AfD) confirm\u00f3 hoy que abandona el partido y lanz\u00f3 fuertes cr\u00edticas contra la formaci\u00f3n, a la que achac\u00f3 no haber cumplido sus promesas de campa\u00f1a y estar paralizada por el temor a ser observada por las autoridades. El ex presidente de","canonical_url":"https:\/\/candas365.es\/noticias\/andre-poggenburg-abandona-afd\/","robots":"max-image-preview:large","keywords":"actualidad","webmasterTools":{"google-site-verification":"UA-32230408-1","msvalidate.01":"354F3CDFB2DA171B47FBE9ABF1F88D5","miscellaneous":""},"schema":{"@context":"https:\/\/schema.org","@graph":[{"@type":"BreadcrumbList","@id":"https:\/\/candas365.es\/noticias\/andre-poggenburg-abandona-afd\/#breadcrumblist","itemListElement":[{"@type":"ListItem","@id":"https:\/\/candas365.es\/noticias#listItem","position":1,"name":"Home","item":"https:\/\/candas365.es\/noticias","nextItem":{"@type":"ListItem","@id":"https:\/\/candas365.es\/noticias\/category\/actualidad\/#listItem","name":"Actualidad"}},{"@type":"ListItem","@id":"https:\/\/candas365.es\/noticias\/category\/actualidad\/#listItem","position":2,"name":"Actualidad","item":"https:\/\/candas365.es\/noticias\/category\/actualidad\/","nextItem":{"@type":"ListItem","@id":"https:\/\/candas365.es\/noticias\/andre-poggenburg-abandona-afd\/#listItem","name":"Andr\u00e9 Poggenburg abandona AfD"},"previousItem":{"@type":"ListItem","@id":"https:\/\/candas365.es\/noticias#listItem","name":"Home"}},{"@type":"ListItem","@id":"https:\/\/candas365.es\/noticias\/andre-poggenburg-abandona-afd\/#listItem","position":3,"name":"Andr\u00e9 Poggenburg abandona AfD","previousItem":{"@type":"ListItem","@id":"https:\/\/candas365.es\/noticias\/category\/actualidad\/#listItem","name":"Actualidad"}}]},{"@type":"NewsArticle","@id":"https:\/\/candas365.es\/noticias\/andre-poggenburg-abandona-afd\/#newsarticle","name":"Andr\u00e9 Poggenburg abandona AfD | Cand\u00e1s 365","headline":"Andr\u00e9 Poggenburg abandona AfD","author":{"@id":"https:\/\/candas365.es\/noticias\/author\/admin\/#author"},"publisher":{"@id":"https:\/\/candas365.es\/noticias\/#organization"},"image":{"@type":"ImageObject","url":"https:\/\/candas365.es\/noticias\/wp-content\/uploads\/2019\/01\/Poggenburg.jpg","width":949,"height":675,"caption":"Foto: Sebastian Kahnert\/dpa"},"datePublished":"2019-01-11T21:12:50+01:00","dateModified":"2019-01-11T21:12:50+01:00","inLanguage":"es-ES","mainEntityOfPage":{"@id":"https:\/\/candas365.es\/noticias\/andre-poggenburg-abandona-afd\/#webpage"},"isPartOf":{"@id":"https:\/\/candas365.es\/noticias\/andre-poggenburg-abandona-afd\/#webpage"},"articleSection":"Actualidad","dateline":"Publicado el enero 11, 2019."},{"@type":"Organization","@id":"https:\/\/candas365.es\/noticias\/#organization","name":"Cand\u00e1s 365","description":"Cand\u00e1s 365 es un diario digital independiente, fundado en 2012, con base en Asturias. Informamos con rigor sobre actualidad, sociedad, cultura y ocio, con una mirada local y global.","url":"https:\/\/candas365.es\/noticias\/","email":"info@candas365.es","telephone":"+34652131393","foundingDate":"2012-06-10","logo":{"@type":"ImageObject","url":"https:\/\/candas365.es\/noticias\/wp-content\/uploads\/2024\/09\/Candas-365-Redes.jpg","@id":"https:\/\/candas365.es\/noticias\/andre-poggenburg-abandona-afd\/#organizationLogo","width":1152,"height":864,"caption":"Cand\u00e1s 365 Redes"},"image":{"@id":"https:\/\/candas365.es\/noticias\/andre-poggenburg-abandona-afd\/#organizationLogo"},"sameAs":["https:\/\/www.facebook.com\/Nachofdezber","https:\/\/x.com\/NabercoDigital","https:\/\/www.instagram.com\/nachofdezber\/","https:\/\/www.youtube.com\/channel\/UCZP-2wLEB9Rv6erhFmqVnvg"],"address":{"@id":"https:\/\/candas365.es\/noticias\/#postaladdress","@type":"PostalAddress","streetAddress":"san antonio 4, san antonio 4","postalCode":"33430","addressLocality":"Cand\u00e1s","addressRegion":"Asturias","addressCountry":"ES"}},{"@type":"Person","@id":"https:\/\/candas365.es\/noticias\/author\/admin\/#author","url":"https:\/\/candas365.es\/noticias\/author\/admin\/","name":"Cand\u00e1s 365","image":{"@type":"ImageObject","@id":"https:\/\/candas365.es\/noticias\/andre-poggenburg-abandona-afd\/#authorImage","url":"https:\/\/secure.gravatar.com\/avatar\/496a8e03d0c493ede1718b7934145dbdf8d89be1036b0eec9544e1094c9de390?s=96&d=mm&r=g","width":96,"height":96,"caption":"Cand\u00e1s 365"},"sameAs":["https:\/\/www.facebook.com\/carrenoactualidad","https:\/\/twitter.com\/nbasturias","https:\/\/www.instagram.com\/nachofdezber\/","https:\/\/www.youtube.com\/channel\/UCZP-2wLEB9Rv6erhFmqVnvg"]},{"@type":"WebPage","@id":"https:\/\/candas365.es\/noticias\/andre-poggenburg-abandona-afd\/#webpage","url":"https:\/\/candas365.es\/noticias\/andre-poggenburg-abandona-afd\/","name":"Andr\u00e9 Poggenburg abandona AfD | Cand\u00e1s 365","description":"Berl\u00edn, 11 ene (dpa) - Un influyente l\u00edder de la ultraderechista Alternativa para Alemania (AfD) confirm\u00f3 hoy que abandona el partido y lanz\u00f3 fuertes cr\u00edticas contra la formaci\u00f3n, a la que achac\u00f3 no haber cumplido sus promesas de campa\u00f1a y estar paralizada por el temor a ser observada por las autoridades. El ex presidente de","inLanguage":"es-ES","isPartOf":{"@id":"https:\/\/candas365.es\/noticias\/#website"},"breadcrumb":{"@id":"https:\/\/candas365.es\/noticias\/andre-poggenburg-abandona-afd\/#breadcrumblist"},"author":{"@id":"https:\/\/candas365.es\/noticias\/author\/admin\/#author"},"creator":{"@id":"https:\/\/candas365.es\/noticias\/author\/admin\/#author"},"image":{"@type":"ImageObject","url":"https:\/\/candas365.es\/noticias\/wp-content\/uploads\/2019\/01\/Poggenburg.jpg","@id":"https:\/\/candas365.es\/noticias\/andre-poggenburg-abandona-afd\/#mainImage","width":949,"height":675,"caption":"Foto: Sebastian Kahnert\/dpa"},"primaryImageOfPage":{"@id":"https:\/\/candas365.es\/noticias\/andre-poggenburg-abandona-afd\/#mainImage"},"datePublished":"2019-01-11T21:12:50+01:00","dateModified":"2019-01-11T21:12:50+01:00"},{"@type":"WebSite","@id":"https:\/\/candas365.es\/noticias\/#website","url":"https:\/\/candas365.es\/noticias\/","name":"Cand\u00e1s 365","alternateName":"Cand\u00e1s 365 Noticias","description":"Actualidad desde Carre\u00f1o para el mundo","inLanguage":"es-ES","publisher":{"@id":"https:\/\/candas365.es\/noticias\/#organization"}}]},"og:locale":"es_ES","og:site_name":"Cand\u00e1s 365","og:type":"article","og:title":"Andr\u00e9 Poggenburg abandona AfD | Cand\u00e1s 365","og:description":"Berl\u00edn, 11 ene (dpa) - Un influyente l\u00edder de la ultraderechista Alternativa para Alemania (AfD) confirm\u00f3 hoy que abandona el partido y lanz\u00f3 fuertes cr\u00edticas contra la formaci\u00f3n, a la que achac\u00f3 no haber cumplido sus promesas de campa\u00f1a y estar paralizada por el temor a ser observada por las autoridades. El ex presidente de","og:url":"https:\/\/candas365.es\/noticias\/andre-poggenburg-abandona-afd\/","og:image":"https:\/\/candas365.es\/noticias\/wp-content\/uploads\/2019\/01\/Poggenburg.jpg","og:image:secure_url":"https:\/\/candas365.es\/noticias\/wp-content\/uploads\/2019\/01\/Poggenburg.jpg","og:image:width":949,"og:image:height":675,"article:published_time":"2019-01-11T21:12:50+00:00","article:modified_time":"2019-01-11T21:12:50+00:00","article:publisher":"https:\/\/www.facebook.com\/Nachofdezber","article:author":"https:\/\/www.facebook.com\/carrenoactualidad","twitter:card":"summary_large_image","twitter:site":"@NabercoDigital","twitter:title":"Andr\u00e9 Poggenburg abandona AfD | Cand\u00e1s 365","twitter:description":"Berl\u00edn, 11 ene (dpa) - Un influyente l\u00edder de la ultraderechista Alternativa para Alemania (AfD) confirm\u00f3 hoy que abandona el partido y lanz\u00f3 fuertes cr\u00edticas contra la formaci\u00f3n, a la que achac\u00f3 no haber cumplido sus promesas de campa\u00f1a y estar paralizada por el temor a ser observada por las autoridades. El ex presidente de","twitter:creator":"@nbasturias","twitter:image":"https:\/\/candas365.es\/noticias\/wp-content\/uploads\/2019\/01\/Poggenburg.jpg","twitter:label1":"Escrito por","twitter:data1":"Cand\u00e1s 365","twitter:label2":"Tiempo de lectura estimado","twitter:data2":"3 minutos"},"aioseo_meta_data":{"post_id":"114035","title":null,"description":null,"keywords":null,"keyphrases":null,"primary_term":null,"canonical_url":null,"og_title":null,"og_description":null,"og_object_type":"default","og_image_type":"default","og_image_url":null,"og_image_width":null,"og_image_height":null,"og_image_custom_url":null,"og_image_custom_fields":null,"og_video":null,"og_custom_url":null,"og_article_section":null,"og_article_tags":null,"twitter_use_og":false,"twitter_card":"default","twitter_image_type":"default","twitter_image_url":null,"twitter_image_custom_url":null,"twitter_image_custom_fields":null,"twitter_title":null,"twitter_description":null,"schema":{"blockGraphs":[],"customGraphs":[],"default":{"data":{"Article":[],"Course":[],"Dataset":[],"FAQPage":[],"Movie":[],"Person":[],"Product":[],"ProductReview":[],"Car":[],"Recipe":[],"Service":[],"SoftwareApplication":[],"WebPage":[]},"graphName":"","isEnabled":true},"graphs":[],"defaultGraph":"","defaultPostTypeGraph":""},"schema_type":null,"schema_type_options":null,"pillar_content":false,"robots_default":true,"robots_noindex":false,"robots_noarchive":false,"robots_nosnippet":false,"robots_nofollow":false,"robots_noimageindex":false,"robots_noodp":false,"robots_notranslate":false,"robots_max_snippet":null,"robots_max_videopreview":null,"robots_max_imagepreview":"large","priority":null,"frequency":null,"location":null,"local_seo":null,"seo_analyzer_scan_date":"2025-08-29 00:19:18","breadcrumb_settings":null,"limit_modified_date":false,"reviewed_by":null,"open_ai":null,"ai":null,"created":"2020-12-21 11:25:55","updated":"2025-08-29 00:19:18"},"aioseo_breadcrumb":"<div class=\"aioseo-breadcrumbs\"><span class=\"aioseo-breadcrumb\">\n\t<a href=\"https:\/\/candas365.es\/noticias\" title=\"Home\">Home<\/a>\n<\/span><span class=\"aioseo-breadcrumb-separator\">&ndash;<\/span><span class=\"aioseo-breadcrumb\">\n\t<a href=\"https:\/\/candas365.es\/noticias\/category\/actualidad\/\" title=\"Actualidad\">Actualidad<\/a>\n<\/span><span class=\"aioseo-breadcrumb-separator\">&ndash;<\/span><span class=\"aioseo-breadcrumb\">\n\tAndr\u00e9 Poggenburg abandona AfD\n<\/span><\/div>","aioseo_breadcrumb_json":[{"label":"Home","link":"https:\/\/candas365.es\/noticias"},{"label":"Actualidad","link":"https:\/\/candas365.es\/noticias\/category\/actualidad\/"},{"label":"Andr\u00e9 Poggenburg abandona AfD","link":"https:\/\/candas365.es\/noticias\/andre-poggenburg-abandona-afd\/"}],"_links":{"self":[{"href":"https:\/\/candas365.es\/noticias\/wp-json\/wp\/v2\/posts\/114035","targetHints":{"allow":["GET"]}}],"collection":[{"href":"https:\/\/candas365.es\/noticias\/wp-json\/wp\/v2\/posts"}],"about":[{"href":"https:\/\/candas365.es\/noticias\/wp-json\/wp\/v2\/types\/post"}],"author":[{"embeddable":true,"href":"https:\/\/candas365.es\/noticias\/wp-json\/wp\/v2\/users\/1"}],"replies":[{"embeddable":true,"href":"https:\/\/candas365.es\/noticias\/wp-json\/wp\/v2\/comments?post=114035"}],"version-history":[{"count":0,"href":"https:\/\/candas365.es\/noticias\/wp-json\/wp\/v2\/posts\/114035\/revisions"}],"wp:featuredmedia":[{"embeddable":true,"href":"https:\/\/candas365.es\/noticias\/wp-json\/wp\/v2\/media\/114036"}],"wp:attachment":[{"href":"https:\/\/candas365.es\/noticias\/wp-json\/wp\/v2\/media?parent=114035"}],"wp:term":[{"taxonomy":"category","embeddable":true,"href":"https:\/\/candas365.es\/noticias\/wp-json\/wp\/v2\/categories?post=114035"},{"taxonomy":"post_tag","embeddable":true,"href":"https:\/\/candas365.es\/noticias\/wp-json\/wp\/v2\/tags?post=114035"}],"curies":[{"name":"wp","href":"https:\/\/api.w.org\/{rel}","templated":true}]}}