{"id":113971,"date":"2019-01-10T20:35:45","date_gmt":"2019-01-10T20:35:45","guid":{"rendered":"http:\/\/candas365.es\/noticias\/?p=113971"},"modified":"2019-01-10T20:35:45","modified_gmt":"2019-01-10T20:35:45","slug":"ribery-sufre-un-desgarro-muscular-y-sera-baja-ante-el-hoffenheim","status":"publish","type":"post","link":"https:\/\/candas365.es\/noticias\/ribery-sufre-un-desgarro-muscular-y-sera-baja-ante-el-hoffenheim\/","title":{"rendered":"Rib\u00e9ry sufre un desgarro muscular y ser\u00e1 baja ante el Hoffenheim"},"content":{"rendered":"<p><img fetchpriority=\"high\" decoding=\"async\" class=\"alignleft size-medium wp-image-94574\" src=\"https:\/\/candas365.es\/noticias\/wp-content\/uploads\/2018\/04\/arena-1181668_960_720-360x240.jpg\" alt=\"\" width=\"360\" height=\"240\" srcset=\"https:\/\/candas365.es\/noticias\/wp-content\/uploads\/2018\/04\/arena-1181668_960_720-360x240.jpg 360w, https:\/\/candas365.es\/noticias\/wp-content\/uploads\/2018\/04\/arena-1181668_960_720-768x512.jpg 768w, https:\/\/candas365.es\/noticias\/wp-content\/uploads\/2018\/04\/arena-1181668_960_720-655x437.jpg 655w, https:\/\/candas365.es\/noticias\/wp-content\/uploads\/2018\/04\/arena-1181668_960_720-696x464.jpg 696w, https:\/\/candas365.es\/noticias\/wp-content\/uploads\/2018\/04\/arena-1181668_960_720-630x420.jpg 630w, https:\/\/candas365.es\/noticias\/wp-content\/uploads\/2018\/04\/arena-1181668_960_720.jpg 960w\" sizes=\"(max-width: 360px) 100vw, 360px\" \/>Doha (Qatar), 10 ene (dpa) &#8211; El extremo del Bayern M\u00fanich Franck Rib\u00e9ry sufri\u00f3 una lesi\u00f3n en el muslo derecho durante una pr\u00e1ctica en el campo de entrenamiento del conjunto alem\u00e1n en Doha, seg\u00fan indic\u00f3 hoy el equipo b\u00e1varo en un parte m\u00e9dico.<\/p>\n<p>El desgarro en el muslo sufrido la tarde del mi\u00e9rcoles le impedir\u00e1 jugar ante el Hoffenheim el pr\u00f3ximo viernes, en el reinicio de la Bundesliga tras el receso invernal (boreal).<\/p>\n<p>De acuerdo a la informaci\u00f3n, no se trata sin embrago de una lesi\u00f3n que mantendr\u00e1 al jugador franc\u00e9s mucho tiempo fuera de las canchas.<\/p>\n<p>D\u00edas atr\u00e1s, el futbolista caus\u00f3 revuelo por insultos obscenos vertidos en las redes sociales despu\u00e9s de que le llovieran cr\u00edticas por haber publicado fotos de un caro filete de carne ba\u00f1ado en oro que comi\u00f3 en un restaurante muy conocido.<\/p>\n<p>\u00abComencemos con los envidiosos y odiosos, que seguramente nacieron por un agujero en un cond\u00f3n. F &#8230; a tus madres, a tus abuelas e incluso a tu \u00e1rbol geneal\u00f3gico\u00bb, rezaba en franc\u00e9s en las cuentas de Twitter e Instagram del futbolista galo.<\/p>\n<p>El Bayern M\u00fanich impuso luego una fuerte multa econ\u00f3mica al jugador. \u00ab\u00c9l us\u00f3 palabras que nosotros, como Bayern M\u00fanich, no podemos aceptar y que Franck nunca puede usar como jugador del Bayern porque debe dar ejemplo\u00bb, dijo director deportivo del club alem\u00e1n, Hasan Salihamidzic, en la concentraci\u00f3n invernal (boreal) en Doha.<\/p>\n<p>\u00abFranck marc\u00f3 una \u00e9poca del club, como Arjen Robbben. Queremos despedir a ambos por la puerta grande\u00bb, destac\u00f3 Salihamidzic.<\/p>\n<p>Robben tampoco integrar\u00e1 el equipo que enfrentar\u00e1 al Hoffenheim debido a una molestia en el muslo. El conjunto alem\u00e1n cuenta adem\u00e1s con la baja de Corentin Tolisso, que se encuentra en etapa de rehabilitaci\u00f3n de la rotura del ligamento cruzado sufrida en septiembre.<\/p>\n<p>La ausencia de Rib\u00e9ry abre la posibilidad para que Kingsley Coman ocupe la posici\u00f3n de lateral izquierdo.<\/p>\n","protected":false},"excerpt":{"rendered":"<p>Doha (Qatar), 10 ene (dpa) &#8211; El extremo del Bayern M\u00fanich Franck Rib\u00e9ry sufri\u00f3 una lesi\u00f3n en el muslo derecho durante una pr\u00e1ctica en el campo de entrenamiento del conjunto alem\u00e1n en Doha, seg\u00fan indic\u00f3 hoy el equipo b\u00e1varo en un parte m\u00e9dico. El desgarro en el muslo sufrido la tarde del mi\u00e9rcoles le impedir\u00e1<\/p>\n","protected":false},"author":1,"featured_media":94574,"comment_status":"closed","ping_status":"closed","sticky":false,"template":"","format":"standard","meta":{"footnotes":""},"categories":[319],"tags":[],"class_list":{"0":"post-113971","1":"post","2":"type-post","3":"status-publish","4":"format-standard","5":"has-post-thumbnail","7":"category-deporte"},"aioseo_notices":[],"aioseo_head":"\n\t\t<!-- All in One SEO Pro 4.9.6.2 - aioseo.com -->\n\t<meta name=\"description\" content=\"Doha (Qatar), 10 ene (dpa) - El extremo del Bayern M\u00fanich Franck Rib\u00e9ry sufri\u00f3 una lesi\u00f3n en el muslo derecho durante una pr\u00e1ctica en el campo de entrenamiento del conjunto alem\u00e1n en Doha, seg\u00fan indic\u00f3 hoy el equipo b\u00e1varo en un parte m\u00e9dico. El desgarro en el muslo sufrido la tarde del mi\u00e9rcoles le impedir\u00e1\" \/>\n\t<meta name=\"robots\" content=\"max-image-preview:large\" \/>\n\t<meta name=\"author\" content=\"Cand\u00e1s 365\"\/>\n\t<meta name=\"google-site-verification\" content=\"UA-32230408-1\" \/>\n\t<meta name=\"msvalidate.01\" content=\"354F3CDFB2DA171B47FBE9ABF1F88D5\" \/>\n\t<meta name=\"keywords\" content=\"deporte\" \/>\n\t<link rel=\"canonical\" href=\"https:\/\/candas365.es\/noticias\/ribery-sufre-un-desgarro-muscular-y-sera-baja-ante-el-hoffenheim\/\" \/>\n\t<meta name=\"generator\" content=\"All in One SEO Pro (AIOSEO) 4.9.6.2\" \/>\n\t\t<meta property=\"og:locale\" content=\"es_ES\" \/>\n\t\t<meta property=\"og:site_name\" content=\"Cand\u00e1s 365\" \/>\n\t\t<meta property=\"og:type\" content=\"article\" \/>\n\t\t<meta property=\"og:title\" content=\"Rib\u00e9ry sufre un desgarro muscular y ser\u00e1 baja ante el Hoffenheim | Cand\u00e1s 365\" \/>\n\t\t<meta property=\"og:description\" content=\"Doha (Qatar), 10 ene (dpa) - El extremo del Bayern M\u00fanich Franck Rib\u00e9ry sufri\u00f3 una lesi\u00f3n en el muslo derecho durante una pr\u00e1ctica en el campo de entrenamiento del conjunto alem\u00e1n en Doha, seg\u00fan indic\u00f3 hoy el equipo b\u00e1varo en un parte m\u00e9dico. El desgarro en el muslo sufrido la tarde del mi\u00e9rcoles le impedir\u00e1\" \/>\n\t\t<meta property=\"og:url\" content=\"https:\/\/candas365.es\/noticias\/ribery-sufre-un-desgarro-muscular-y-sera-baja-ante-el-hoffenheim\/\" \/>\n\t\t<meta property=\"og:image\" content=\"https:\/\/candas365.es\/noticias\/wp-content\/uploads\/2018\/04\/arena-1181668_960_720.jpg\" \/>\n\t\t<meta property=\"og:image:secure_url\" content=\"https:\/\/candas365.es\/noticias\/wp-content\/uploads\/2018\/04\/arena-1181668_960_720.jpg\" \/>\n\t\t<meta property=\"og:image:width\" content=\"960\" \/>\n\t\t<meta property=\"og:image:height\" content=\"640\" \/>\n\t\t<meta property=\"article:published_time\" content=\"2019-01-10T20:35:45+00:00\" \/>\n\t\t<meta property=\"article:modified_time\" content=\"2019-01-10T20:35:45+00:00\" \/>\n\t\t<meta property=\"article:publisher\" content=\"https:\/\/www.facebook.com\/Nachofdezber\" \/>\n\t\t<meta property=\"article:author\" content=\"https:\/\/www.facebook.com\/carrenoactualidad\" \/>\n\t\t<meta name=\"twitter:card\" content=\"summary_large_image\" \/>\n\t\t<meta name=\"twitter:site\" content=\"@NabercoDigital\" \/>\n\t\t<meta name=\"twitter:title\" content=\"Rib\u00e9ry sufre un desgarro muscular y ser\u00e1 baja ante el Hoffenheim | Cand\u00e1s 365\" \/>\n\t\t<meta name=\"twitter:description\" content=\"Doha (Qatar), 10 ene (dpa) - El extremo del Bayern M\u00fanich Franck Rib\u00e9ry sufri\u00f3 una lesi\u00f3n en el muslo derecho durante una pr\u00e1ctica en el campo de entrenamiento del conjunto alem\u00e1n en Doha, seg\u00fan indic\u00f3 hoy el equipo b\u00e1varo en un parte m\u00e9dico. El desgarro en el muslo sufrido la tarde del mi\u00e9rcoles le impedir\u00e1\" \/>\n\t\t<meta name=\"twitter:creator\" content=\"@nbasturias\" \/>\n\t\t<meta name=\"twitter:image\" content=\"https:\/\/candas365.es\/noticias\/wp-content\/uploads\/2018\/04\/arena-1181668_960_720.jpg\" \/>\n\t\t<meta name=\"twitter:label1\" content=\"Escrito por\" \/>\n\t\t<meta name=\"twitter:data1\" content=\"Cand\u00e1s 365\" \/>\n\t\t<meta name=\"twitter:label2\" content=\"Tiempo de lectura estimado\" \/>\n\t\t<meta name=\"twitter:data2\" content=\"2 minutos\" \/>\n\t\t<script type=\"application\/ld+json\" class=\"aioseo-schema\">\n\t\t\t{\"@context\":\"https:\\\/\\\/schema.org\",\"@graph\":[{\"@type\":\"BreadcrumbList\",\"@id\":\"https:\\\/\\\/candas365.es\\\/noticias\\\/ribery-sufre-un-desgarro-muscular-y-sera-baja-ante-el-hoffenheim\\\/#breadcrumblist\",\"itemListElement\":[{\"@type\":\"ListItem\",\"@id\":\"https:\\\/\\\/candas365.es\\\/noticias#listItem\",\"position\":1,\"name\":\"Home\",\"item\":\"https:\\\/\\\/candas365.es\\\/noticias\",\"nextItem\":{\"@type\":\"ListItem\",\"@id\":\"https:\\\/\\\/candas365.es\\\/noticias\\\/category\\\/deporte\\\/#listItem\",\"name\":\"Deporte\"}},{\"@type\":\"ListItem\",\"@id\":\"https:\\\/\\\/candas365.es\\\/noticias\\\/category\\\/deporte\\\/#listItem\",\"position\":2,\"name\":\"Deporte\",\"item\":\"https:\\\/\\\/candas365.es\\\/noticias\\\/category\\\/deporte\\\/\",\"nextItem\":{\"@type\":\"ListItem\",\"@id\":\"https:\\\/\\\/candas365.es\\\/noticias\\\/ribery-sufre-un-desgarro-muscular-y-sera-baja-ante-el-hoffenheim\\\/#listItem\",\"name\":\"Rib\\u00e9ry sufre un desgarro muscular y ser\\u00e1 baja ante el Hoffenheim\"},\"previousItem\":{\"@type\":\"ListItem\",\"@id\":\"https:\\\/\\\/candas365.es\\\/noticias#listItem\",\"name\":\"Home\"}},{\"@type\":\"ListItem\",\"@id\":\"https:\\\/\\\/candas365.es\\\/noticias\\\/ribery-sufre-un-desgarro-muscular-y-sera-baja-ante-el-hoffenheim\\\/#listItem\",\"position\":3,\"name\":\"Rib\\u00e9ry sufre un desgarro muscular y ser\\u00e1 baja ante el Hoffenheim\",\"previousItem\":{\"@type\":\"ListItem\",\"@id\":\"https:\\\/\\\/candas365.es\\\/noticias\\\/category\\\/deporte\\\/#listItem\",\"name\":\"Deporte\"}}]},{\"@type\":\"NewsArticle\",\"@id\":\"https:\\\/\\\/candas365.es\\\/noticias\\\/ribery-sufre-un-desgarro-muscular-y-sera-baja-ante-el-hoffenheim\\\/#newsarticle\",\"name\":\"Rib\\u00e9ry sufre un desgarro muscular y ser\\u00e1 baja ante el Hoffenheim | Cand\\u00e1s 365\",\"headline\":\"Rib\\u00e9ry sufre un desgarro muscular y ser\\u00e1 baja ante el Hoffenheim\",\"author\":{\"@id\":\"https:\\\/\\\/candas365.es\\\/noticias\\\/author\\\/admin\\\/#author\"},\"publisher\":{\"@id\":\"https:\\\/\\\/candas365.es\\\/noticias\\\/#organization\"},\"image\":{\"@type\":\"ImageObject\",\"url\":\"https:\\\/\\\/candas365.es\\\/noticias\\\/wp-content\\\/uploads\\\/2018\\\/04\\\/arena-1181668_960_720.jpg\",\"width\":960,\"height\":640},\"datePublished\":\"2019-01-10T20:35:45+01:00\",\"dateModified\":\"2019-01-10T20:35:45+01:00\",\"inLanguage\":\"es-ES\",\"mainEntityOfPage\":{\"@id\":\"https:\\\/\\\/candas365.es\\\/noticias\\\/ribery-sufre-un-desgarro-muscular-y-sera-baja-ante-el-hoffenheim\\\/#webpage\"},\"isPartOf\":{\"@id\":\"https:\\\/\\\/candas365.es\\\/noticias\\\/ribery-sufre-un-desgarro-muscular-y-sera-baja-ante-el-hoffenheim\\\/#webpage\"},\"articleSection\":\"Deporte\",\"dateline\":\"Publicado el enero 10, 2019.\"},{\"@type\":\"Organization\",\"@id\":\"https:\\\/\\\/candas365.es\\\/noticias\\\/#organization\",\"name\":\"Cand\\u00e1s 365\",\"description\":\"Cand\\u00e1s 365 es un diario digital independiente, fundado en 2012, con base en Asturias. Informamos con rigor sobre actualidad, sociedad, cultura y ocio, con una mirada local y global.\",\"url\":\"https:\\\/\\\/candas365.es\\\/noticias\\\/\",\"email\":\"info@candas365.es\",\"telephone\":\"+34652131393\",\"foundingDate\":\"2012-06-10\",\"logo\":{\"@type\":\"ImageObject\",\"url\":\"https:\\\/\\\/candas365.es\\\/noticias\\\/wp-content\\\/uploads\\\/2024\\\/09\\\/Candas-365-Redes.jpg\",\"@id\":\"https:\\\/\\\/candas365.es\\\/noticias\\\/ribery-sufre-un-desgarro-muscular-y-sera-baja-ante-el-hoffenheim\\\/#organizationLogo\",\"width\":1152,\"height\":864,\"caption\":\"Cand\\u00e1s 365 Redes\"},\"image\":{\"@id\":\"https:\\\/\\\/candas365.es\\\/noticias\\\/ribery-sufre-un-desgarro-muscular-y-sera-baja-ante-el-hoffenheim\\\/#organizationLogo\"},\"sameAs\":[\"https:\\\/\\\/www.facebook.com\\\/Nachofdezber\",\"https:\\\/\\\/x.com\\\/NabercoDigital\",\"https:\\\/\\\/www.instagram.com\\\/nachofdezber\\\/\",\"https:\\\/\\\/www.youtube.com\\\/channel\\\/UCZP-2wLEB9Rv6erhFmqVnvg\"],\"address\":{\"@id\":\"https:\\\/\\\/candas365.es\\\/noticias\\\/#postaladdress\",\"@type\":\"PostalAddress\",\"streetAddress\":\"san antonio 4, san antonio 4\",\"postalCode\":\"33430\",\"addressLocality\":\"Cand\\u00e1s\",\"addressRegion\":\"Asturias\",\"addressCountry\":\"ES\"}},{\"@type\":\"Person\",\"@id\":\"https:\\\/\\\/candas365.es\\\/noticias\\\/author\\\/admin\\\/#author\",\"url\":\"https:\\\/\\\/candas365.es\\\/noticias\\\/author\\\/admin\\\/\",\"name\":\"Cand\\u00e1s 365\",\"image\":{\"@type\":\"ImageObject\",\"@id\":\"https:\\\/\\\/candas365.es\\\/noticias\\\/ribery-sufre-un-desgarro-muscular-y-sera-baja-ante-el-hoffenheim\\\/#authorImage\",\"url\":\"https:\\\/\\\/secure.gravatar.com\\\/avatar\\\/496a8e03d0c493ede1718b7934145dbdf8d89be1036b0eec9544e1094c9de390?s=96&d=mm&r=g\",\"width\":96,\"height\":96,\"caption\":\"Cand\\u00e1s 365\"},\"sameAs\":[\"https:\\\/\\\/www.facebook.com\\\/carrenoactualidad\",\"https:\\\/\\\/twitter.com\\\/nbasturias\",\"https:\\\/\\\/www.instagram.com\\\/nachofdezber\\\/\",\"https:\\\/\\\/www.youtube.com\\\/channel\\\/UCZP-2wLEB9Rv6erhFmqVnvg\"]},{\"@type\":\"WebPage\",\"@id\":\"https:\\\/\\\/candas365.es\\\/noticias\\\/ribery-sufre-un-desgarro-muscular-y-sera-baja-ante-el-hoffenheim\\\/#webpage\",\"url\":\"https:\\\/\\\/candas365.es\\\/noticias\\\/ribery-sufre-un-desgarro-muscular-y-sera-baja-ante-el-hoffenheim\\\/\",\"name\":\"Rib\\u00e9ry sufre un desgarro muscular y ser\\u00e1 baja ante el Hoffenheim | Cand\\u00e1s 365\",\"description\":\"Doha (Qatar), 10 ene (dpa) - El extremo del Bayern M\\u00fanich Franck Rib\\u00e9ry sufri\\u00f3 una lesi\\u00f3n en el muslo derecho durante una pr\\u00e1ctica en el campo de entrenamiento del conjunto alem\\u00e1n en Doha, seg\\u00fan indic\\u00f3 hoy el equipo b\\u00e1varo en un parte m\\u00e9dico. El desgarro en el muslo sufrido la tarde del mi\\u00e9rcoles le impedir\\u00e1\",\"inLanguage\":\"es-ES\",\"isPartOf\":{\"@id\":\"https:\\\/\\\/candas365.es\\\/noticias\\\/#website\"},\"breadcrumb\":{\"@id\":\"https:\\\/\\\/candas365.es\\\/noticias\\\/ribery-sufre-un-desgarro-muscular-y-sera-baja-ante-el-hoffenheim\\\/#breadcrumblist\"},\"author\":{\"@id\":\"https:\\\/\\\/candas365.es\\\/noticias\\\/author\\\/admin\\\/#author\"},\"creator\":{\"@id\":\"https:\\\/\\\/candas365.es\\\/noticias\\\/author\\\/admin\\\/#author\"},\"image\":{\"@type\":\"ImageObject\",\"url\":\"https:\\\/\\\/candas365.es\\\/noticias\\\/wp-content\\\/uploads\\\/2018\\\/04\\\/arena-1181668_960_720.jpg\",\"@id\":\"https:\\\/\\\/candas365.es\\\/noticias\\\/ribery-sufre-un-desgarro-muscular-y-sera-baja-ante-el-hoffenheim\\\/#mainImage\",\"width\":960,\"height\":640},\"primaryImageOfPage\":{\"@id\":\"https:\\\/\\\/candas365.es\\\/noticias\\\/ribery-sufre-un-desgarro-muscular-y-sera-baja-ante-el-hoffenheim\\\/#mainImage\"},\"datePublished\":\"2019-01-10T20:35:45+01:00\",\"dateModified\":\"2019-01-10T20:35:45+01:00\"},{\"@type\":\"WebSite\",\"@id\":\"https:\\\/\\\/candas365.es\\\/noticias\\\/#website\",\"url\":\"https:\\\/\\\/candas365.es\\\/noticias\\\/\",\"name\":\"Cand\\u00e1s 365\",\"alternateName\":\"Cand\\u00e1s 365 Noticias\",\"description\":\"Actualidad desde Carre\\u00f1o para el mundo\",\"inLanguage\":\"es-ES\",\"publisher\":{\"@id\":\"https:\\\/\\\/candas365.es\\\/noticias\\\/#organization\"}}]}\n\t\t<\/script>\n\t\t<!-- All in One SEO Pro -->\r\n\t\t<title>Rib\u00e9ry sufre un desgarro muscular y ser\u00e1 baja ante el Hoffenheim | Cand\u00e1s 365<\/title>\n\n","aioseo_head_json":{"title":"Rib\u00e9ry sufre un desgarro muscular y ser\u00e1 baja ante el Hoffenheim | Cand\u00e1s 365","description":"Doha (Qatar), 10 ene (dpa) - El extremo del Bayern M\u00fanich Franck Rib\u00e9ry sufri\u00f3 una lesi\u00f3n en el muslo derecho durante una pr\u00e1ctica en el campo de entrenamiento del conjunto alem\u00e1n en Doha, seg\u00fan indic\u00f3 hoy el equipo b\u00e1varo en un parte m\u00e9dico. El desgarro en el muslo sufrido la tarde del mi\u00e9rcoles le impedir\u00e1","canonical_url":"https:\/\/candas365.es\/noticias\/ribery-sufre-un-desgarro-muscular-y-sera-baja-ante-el-hoffenheim\/","robots":"max-image-preview:large","keywords":"deporte","webmasterTools":{"google-site-verification":"UA-32230408-1","msvalidate.01":"354F3CDFB2DA171B47FBE9ABF1F88D5","miscellaneous":""},"schema":{"@context":"https:\/\/schema.org","@graph":[{"@type":"BreadcrumbList","@id":"https:\/\/candas365.es\/noticias\/ribery-sufre-un-desgarro-muscular-y-sera-baja-ante-el-hoffenheim\/#breadcrumblist","itemListElement":[{"@type":"ListItem","@id":"https:\/\/candas365.es\/noticias#listItem","position":1,"name":"Home","item":"https:\/\/candas365.es\/noticias","nextItem":{"@type":"ListItem","@id":"https:\/\/candas365.es\/noticias\/category\/deporte\/#listItem","name":"Deporte"}},{"@type":"ListItem","@id":"https:\/\/candas365.es\/noticias\/category\/deporte\/#listItem","position":2,"name":"Deporte","item":"https:\/\/candas365.es\/noticias\/category\/deporte\/","nextItem":{"@type":"ListItem","@id":"https:\/\/candas365.es\/noticias\/ribery-sufre-un-desgarro-muscular-y-sera-baja-ante-el-hoffenheim\/#listItem","name":"Rib\u00e9ry sufre un desgarro muscular y ser\u00e1 baja ante el Hoffenheim"},"previousItem":{"@type":"ListItem","@id":"https:\/\/candas365.es\/noticias#listItem","name":"Home"}},{"@type":"ListItem","@id":"https:\/\/candas365.es\/noticias\/ribery-sufre-un-desgarro-muscular-y-sera-baja-ante-el-hoffenheim\/#listItem","position":3,"name":"Rib\u00e9ry sufre un desgarro muscular y ser\u00e1 baja ante el Hoffenheim","previousItem":{"@type":"ListItem","@id":"https:\/\/candas365.es\/noticias\/category\/deporte\/#listItem","name":"Deporte"}}]},{"@type":"NewsArticle","@id":"https:\/\/candas365.es\/noticias\/ribery-sufre-un-desgarro-muscular-y-sera-baja-ante-el-hoffenheim\/#newsarticle","name":"Rib\u00e9ry sufre un desgarro muscular y ser\u00e1 baja ante el Hoffenheim | Cand\u00e1s 365","headline":"Rib\u00e9ry sufre un desgarro muscular y ser\u00e1 baja ante el Hoffenheim","author":{"@id":"https:\/\/candas365.es\/noticias\/author\/admin\/#author"},"publisher":{"@id":"https:\/\/candas365.es\/noticias\/#organization"},"image":{"@type":"ImageObject","url":"https:\/\/candas365.es\/noticias\/wp-content\/uploads\/2018\/04\/arena-1181668_960_720.jpg","width":960,"height":640},"datePublished":"2019-01-10T20:35:45+01:00","dateModified":"2019-01-10T20:35:45+01:00","inLanguage":"es-ES","mainEntityOfPage":{"@id":"https:\/\/candas365.es\/noticias\/ribery-sufre-un-desgarro-muscular-y-sera-baja-ante-el-hoffenheim\/#webpage"},"isPartOf":{"@id":"https:\/\/candas365.es\/noticias\/ribery-sufre-un-desgarro-muscular-y-sera-baja-ante-el-hoffenheim\/#webpage"},"articleSection":"Deporte","dateline":"Publicado el enero 10, 2019."},{"@type":"Organization","@id":"https:\/\/candas365.es\/noticias\/#organization","name":"Cand\u00e1s 365","description":"Cand\u00e1s 365 es un diario digital independiente, fundado en 2012, con base en Asturias. Informamos con rigor sobre actualidad, sociedad, cultura y ocio, con una mirada local y global.","url":"https:\/\/candas365.es\/noticias\/","email":"info@candas365.es","telephone":"+34652131393","foundingDate":"2012-06-10","logo":{"@type":"ImageObject","url":"https:\/\/candas365.es\/noticias\/wp-content\/uploads\/2024\/09\/Candas-365-Redes.jpg","@id":"https:\/\/candas365.es\/noticias\/ribery-sufre-un-desgarro-muscular-y-sera-baja-ante-el-hoffenheim\/#organizationLogo","width":1152,"height":864,"caption":"Cand\u00e1s 365 Redes"},"image":{"@id":"https:\/\/candas365.es\/noticias\/ribery-sufre-un-desgarro-muscular-y-sera-baja-ante-el-hoffenheim\/#organizationLogo"},"sameAs":["https:\/\/www.facebook.com\/Nachofdezber","https:\/\/x.com\/NabercoDigital","https:\/\/www.instagram.com\/nachofdezber\/","https:\/\/www.youtube.com\/channel\/UCZP-2wLEB9Rv6erhFmqVnvg"],"address":{"@id":"https:\/\/candas365.es\/noticias\/#postaladdress","@type":"PostalAddress","streetAddress":"san antonio 4, san antonio 4","postalCode":"33430","addressLocality":"Cand\u00e1s","addressRegion":"Asturias","addressCountry":"ES"}},{"@type":"Person","@id":"https:\/\/candas365.es\/noticias\/author\/admin\/#author","url":"https:\/\/candas365.es\/noticias\/author\/admin\/","name":"Cand\u00e1s 365","image":{"@type":"ImageObject","@id":"https:\/\/candas365.es\/noticias\/ribery-sufre-un-desgarro-muscular-y-sera-baja-ante-el-hoffenheim\/#authorImage","url":"https:\/\/secure.gravatar.com\/avatar\/496a8e03d0c493ede1718b7934145dbdf8d89be1036b0eec9544e1094c9de390?s=96&d=mm&r=g","width":96,"height":96,"caption":"Cand\u00e1s 365"},"sameAs":["https:\/\/www.facebook.com\/carrenoactualidad","https:\/\/twitter.com\/nbasturias","https:\/\/www.instagram.com\/nachofdezber\/","https:\/\/www.youtube.com\/channel\/UCZP-2wLEB9Rv6erhFmqVnvg"]},{"@type":"WebPage","@id":"https:\/\/candas365.es\/noticias\/ribery-sufre-un-desgarro-muscular-y-sera-baja-ante-el-hoffenheim\/#webpage","url":"https:\/\/candas365.es\/noticias\/ribery-sufre-un-desgarro-muscular-y-sera-baja-ante-el-hoffenheim\/","name":"Rib\u00e9ry sufre un desgarro muscular y ser\u00e1 baja ante el Hoffenheim | Cand\u00e1s 365","description":"Doha (Qatar), 10 ene (dpa) - El extremo del Bayern M\u00fanich Franck Rib\u00e9ry sufri\u00f3 una lesi\u00f3n en el muslo derecho durante una pr\u00e1ctica en el campo de entrenamiento del conjunto alem\u00e1n en Doha, seg\u00fan indic\u00f3 hoy el equipo b\u00e1varo en un parte m\u00e9dico. El desgarro en el muslo sufrido la tarde del mi\u00e9rcoles le impedir\u00e1","inLanguage":"es-ES","isPartOf":{"@id":"https:\/\/candas365.es\/noticias\/#website"},"breadcrumb":{"@id":"https:\/\/candas365.es\/noticias\/ribery-sufre-un-desgarro-muscular-y-sera-baja-ante-el-hoffenheim\/#breadcrumblist"},"author":{"@id":"https:\/\/candas365.es\/noticias\/author\/admin\/#author"},"creator":{"@id":"https:\/\/candas365.es\/noticias\/author\/admin\/#author"},"image":{"@type":"ImageObject","url":"https:\/\/candas365.es\/noticias\/wp-content\/uploads\/2018\/04\/arena-1181668_960_720.jpg","@id":"https:\/\/candas365.es\/noticias\/ribery-sufre-un-desgarro-muscular-y-sera-baja-ante-el-hoffenheim\/#mainImage","width":960,"height":640},"primaryImageOfPage":{"@id":"https:\/\/candas365.es\/noticias\/ribery-sufre-un-desgarro-muscular-y-sera-baja-ante-el-hoffenheim\/#mainImage"},"datePublished":"2019-01-10T20:35:45+01:00","dateModified":"2019-01-10T20:35:45+01:00"},{"@type":"WebSite","@id":"https:\/\/candas365.es\/noticias\/#website","url":"https:\/\/candas365.es\/noticias\/","name":"Cand\u00e1s 365","alternateName":"Cand\u00e1s 365 Noticias","description":"Actualidad desde Carre\u00f1o para el mundo","inLanguage":"es-ES","publisher":{"@id":"https:\/\/candas365.es\/noticias\/#organization"}}]},"og:locale":"es_ES","og:site_name":"Cand\u00e1s 365","og:type":"article","og:title":"Rib\u00e9ry sufre un desgarro muscular y ser\u00e1 baja ante el Hoffenheim | Cand\u00e1s 365","og:description":"Doha (Qatar), 10 ene (dpa) - El extremo del Bayern M\u00fanich Franck Rib\u00e9ry sufri\u00f3 una lesi\u00f3n en el muslo derecho durante una pr\u00e1ctica en el campo de entrenamiento del conjunto alem\u00e1n en Doha, seg\u00fan indic\u00f3 hoy el equipo b\u00e1varo en un parte m\u00e9dico. El desgarro en el muslo sufrido la tarde del mi\u00e9rcoles le impedir\u00e1","og:url":"https:\/\/candas365.es\/noticias\/ribery-sufre-un-desgarro-muscular-y-sera-baja-ante-el-hoffenheim\/","og:image":"https:\/\/candas365.es\/noticias\/wp-content\/uploads\/2018\/04\/arena-1181668_960_720.jpg","og:image:secure_url":"https:\/\/candas365.es\/noticias\/wp-content\/uploads\/2018\/04\/arena-1181668_960_720.jpg","og:image:width":960,"og:image:height":640,"article:published_time":"2019-01-10T20:35:45+00:00","article:modified_time":"2019-01-10T20:35:45+00:00","article:publisher":"https:\/\/www.facebook.com\/Nachofdezber","article:author":"https:\/\/www.facebook.com\/carrenoactualidad","twitter:card":"summary_large_image","twitter:site":"@NabercoDigital","twitter:title":"Rib\u00e9ry sufre un desgarro muscular y ser\u00e1 baja ante el Hoffenheim | Cand\u00e1s 365","twitter:description":"Doha (Qatar), 10 ene (dpa) - El extremo del Bayern M\u00fanich Franck Rib\u00e9ry sufri\u00f3 una lesi\u00f3n en el muslo derecho durante una pr\u00e1ctica en el campo de entrenamiento del conjunto alem\u00e1n en Doha, seg\u00fan indic\u00f3 hoy el equipo b\u00e1varo en un parte m\u00e9dico. El desgarro en el muslo sufrido la tarde del mi\u00e9rcoles le impedir\u00e1","twitter:creator":"@nbasturias","twitter:image":"https:\/\/candas365.es\/noticias\/wp-content\/uploads\/2018\/04\/arena-1181668_960_720.jpg","twitter:label1":"Escrito por","twitter:data1":"Cand\u00e1s 365","twitter:label2":"Tiempo de lectura estimado","twitter:data2":"2 minutos"},"aioseo_meta_data":{"post_id":"113971","title":null,"description":null,"keywords":null,"keyphrases":null,"primary_term":null,"canonical_url":null,"og_title":null,"og_description":null,"og_object_type":"default","og_image_type":"default","og_image_url":null,"og_image_width":null,"og_image_height":null,"og_image_custom_url":null,"og_image_custom_fields":null,"og_video":null,"og_custom_url":null,"og_article_section":null,"og_article_tags":null,"twitter_use_og":false,"twitter_card":"default","twitter_image_type":"default","twitter_image_url":null,"twitter_image_custom_url":null,"twitter_image_custom_fields":null,"twitter_title":null,"twitter_description":null,"schema":{"blockGraphs":[],"customGraphs":[],"default":{"data":{"Article":[],"Course":[],"Dataset":[],"FAQPage":[],"Movie":[],"Person":[],"Product":[],"ProductReview":[],"Car":[],"Recipe":[],"Service":[],"SoftwareApplication":[],"WebPage":[]},"graphName":"","isEnabled":true},"graphs":[]},"schema_type":null,"schema_type_options":null,"pillar_content":false,"robots_default":true,"robots_noindex":false,"robots_noarchive":false,"robots_nosnippet":false,"robots_nofollow":false,"robots_noimageindex":false,"robots_noodp":false,"robots_notranslate":false,"robots_max_snippet":null,"robots_max_videopreview":null,"robots_max_imagepreview":"large","priority":null,"frequency":null,"location":null,"local_seo":null,"seo_analyzer_scan_date":"2025-08-29 00:07:31","breadcrumb_settings":null,"limit_modified_date":false,"reviewed_by":null,"open_ai":null,"ai":null,"created":"2020-12-21 11:25:55","updated":"2025-08-29 00:07:31"},"aioseo_breadcrumb":"<div class=\"aioseo-breadcrumbs\"><span class=\"aioseo-breadcrumb\">\n\t<a href=\"https:\/\/candas365.es\/noticias\" title=\"Home\">Home<\/a>\n<\/span><span class=\"aioseo-breadcrumb-separator\">&ndash;<\/span><span class=\"aioseo-breadcrumb\">\n\t<a href=\"https:\/\/candas365.es\/noticias\/category\/deporte\/\" title=\"Deporte\">Deporte<\/a>\n<\/span><span class=\"aioseo-breadcrumb-separator\">&ndash;<\/span><span class=\"aioseo-breadcrumb\">\n\tRib\u00e9ry sufre un desgarro muscular y ser\u00e1 baja ante el Hoffenheim\n<\/span><\/div>","aioseo_breadcrumb_json":[{"label":"Home","link":"https:\/\/candas365.es\/noticias"},{"label":"Deporte","link":"https:\/\/candas365.es\/noticias\/category\/deporte\/"},{"label":"Rib\u00e9ry sufre un desgarro muscular y ser\u00e1 baja ante el Hoffenheim","link":"https:\/\/candas365.es\/noticias\/ribery-sufre-un-desgarro-muscular-y-sera-baja-ante-el-hoffenheim\/"}],"_links":{"self":[{"href":"https:\/\/candas365.es\/noticias\/wp-json\/wp\/v2\/posts\/113971","targetHints":{"allow":["GET"]}}],"collection":[{"href":"https:\/\/candas365.es\/noticias\/wp-json\/wp\/v2\/posts"}],"about":[{"href":"https:\/\/candas365.es\/noticias\/wp-json\/wp\/v2\/types\/post"}],"author":[{"embeddable":true,"href":"https:\/\/candas365.es\/noticias\/wp-json\/wp\/v2\/users\/1"}],"replies":[{"embeddable":true,"href":"https:\/\/candas365.es\/noticias\/wp-json\/wp\/v2\/comments?post=113971"}],"version-history":[{"count":0,"href":"https:\/\/candas365.es\/noticias\/wp-json\/wp\/v2\/posts\/113971\/revisions"}],"wp:featuredmedia":[{"embeddable":true,"href":"https:\/\/candas365.es\/noticias\/wp-json\/wp\/v2\/media\/94574"}],"wp:attachment":[{"href":"https:\/\/candas365.es\/noticias\/wp-json\/wp\/v2\/media?parent=113971"}],"wp:term":[{"taxonomy":"category","embeddable":true,"href":"https:\/\/candas365.es\/noticias\/wp-json\/wp\/v2\/categories?post=113971"},{"taxonomy":"post_tag","embeddable":true,"href":"https:\/\/candas365.es\/noticias\/wp-json\/wp\/v2\/tags?post=113971"}],"curies":[{"name":"wp","href":"https:\/\/api.w.org\/{rel}","templated":true}]}}