{"id":113951,"date":"2019-01-10T15:48:26","date_gmt":"2019-01-10T15:48:26","guid":{"rendered":"http:\/\/candas365.es\/noticias\/?p=113951"},"modified":"2019-01-10T15:48:26","modified_gmt":"2019-01-10T15:48:26","slug":"las-habaneras-volveran-a-llenar-de-sonidos-el-teatro-prendes-de-candas","status":"publish","type":"post","link":"https:\/\/candas365.es\/noticias\/las-habaneras-volveran-a-llenar-de-sonidos-el-teatro-prendes-de-candas\/","title":{"rendered":"Las Habaneras volver\u00e1n a llenar de sonidos el Teatro Prendes de Cand\u00e1s"},"content":{"rendered":"<p><img fetchpriority=\"high\" decoding=\"async\" class=\"alignleft size-medium wp-image-937\" src=\"https:\/\/candas365.es\/noticias\/wp-content\/uploads\/2014\/09\/cinecandas-360x240.jpg\" alt=\"\" width=\"360\" height=\"240\" srcset=\"https:\/\/candas365.es\/noticias\/wp-content\/uploads\/2014\/09\/cinecandas-360x240.jpg 360w, https:\/\/candas365.es\/noticias\/wp-content\/uploads\/2014\/09\/cinecandas-650x433.jpg 650w, https:\/\/candas365.es\/noticias\/wp-content\/uploads\/2014\/09\/cinecandas-768x512.jpg 768w, https:\/\/candas365.es\/noticias\/wp-content\/uploads\/2014\/09\/cinecandas-150x100.jpg 150w, https:\/\/candas365.es\/noticias\/wp-content\/uploads\/2014\/09\/cinecandas-450x300.jpg 450w, https:\/\/candas365.es\/noticias\/wp-content\/uploads\/2014\/09\/cinecandas-655x436.jpg 655w, https:\/\/candas365.es\/noticias\/wp-content\/uploads\/2014\/09\/cinecandas-696x464.jpg 696w, https:\/\/candas365.es\/noticias\/wp-content\/uploads\/2014\/09\/cinecandas-630x420.jpg 630w, https:\/\/candas365.es\/noticias\/wp-content\/uploads\/2014\/09\/cinecandas-84x55.jpg 84w, https:\/\/candas365.es\/noticias\/wp-content\/uploads\/2014\/09\/cinecandas.jpg 980w\" sizes=\"(max-width: 360px) 100vw, 360px\" \/>El pr\u00f3ximo 23 de febrero las tablas del Teatro Prendes volver\u00e1n a vibrar con el sonido mel\u00f3dico de las Habaneras y de la Canci\u00f3n Marinera en el III Certamen Infantil y Juvenil de la modalidad que se celebra en Cand\u00e1s. Cuatro coros procedentes de M\u00e1laga, Madrid, Le\u00f3n y Asturias ser\u00e1n los encargados de convertir al coliseo candas\u00edn en una f\u00e1brica de conserva y salaz\u00f3n, donde era habitual o\u00edr este tipo de canciones.<\/p>\n<p>Los cuatro coros tendr\u00e1n que interpretar cada uno cuatro obras, dos de las cuales ser\u00e1 de libre elecci\u00f3n, otra del repertorio internacional o de su regi\u00f3n de origen, comenzando por el tema obligado, la habanera \u201c ENTRE CAND\u00c1S Y CUBA\u201d con letra y m\u00fasica de Aurelio Mart\u00ednez\/Miguel Ar\u00e1ez, la cual deber\u00e1 ser interpretada \u201c a cappella\u201d. Obra in\u00e9dita que ser\u00e1 estrenada en este III Certamen.<\/p>\n<p>La habanera es un g\u00e9nero musical originado en Cuba en la primera mitad del siglo XIX. En su origen era fundamentalmente un canto rom\u00e1ntico de amores y desamores, aunque la guerra de Independencia de finales del siglo XIX le dio un car\u00e1cter patri\u00f3tico, reivindicativo, los marinos que desde la taberna cantaban llenos de a\u00f1oranza por la tierra cubana y de muchos amores dejados all\u00ed.<\/p>\n<p>\u201cCon el III Certamen Juvenil de Habaneras damos continuidad a al trabajo iniciado por Jos\u00e9 Ram\u00f3n Gonz\u00e1lez Mu\u00f1iz en el 2012 con el Certamen de Canciones de la Bodega. Pretendemos seguir recuperando, manteniendo y promocionando todas aquellas canciones populares que en alg\u00fan momento se cantaban durante el trabajo en las f\u00e1bricas de conserva y salaz\u00f3n. Y es por ello que el Premio Especial del P\u00fablico lleva el nombre de Jos\u00e9 Ram\u00f3n\u201d se\u00f1al\u00f3 Cecilia Tasc\u00f3n- Concejala de Cultura-.<\/p>\n<p>\u201cLos cuatro coros que participar\u00e1n en esta edici\u00f3n son el coro \u201cEncanto\u201d de Madrid; el coro Juvenil \u201c\u00c1ngel Barja\u201d de Le\u00f3n; la \u201cEscolan\u00eda del Orfe\u00f3n Universitario\u201d de M\u00e1laga; y Coro \u201cIuvena\u201d de Asturias. En esta nueva edici\u00f3n participar\u00e1 por primera vez un coro de Asturias. Ampli\u00e1ndose el n\u00famero de participantes, ya que debido a la calidad de los coros se ha hecho muy dif\u00edcil hacer una primera selecci\u00f3n. Debido a este hecho la organizaci\u00f3n ha decido que el n\u00famero de coros participantes en esta edici\u00f3n sea de cuatro finalmente\u201d coment\u00f3 la edil.<\/p>\n<p>&#8211; <strong>Coro Encanto de Madrid.<\/strong> Bajo la direcci\u00f3n de Mariano Garc\u00eda S\u00e1nchez. Es la secci\u00f3n infantil y juvenil de la Familia Coral Santiago Ap\u00f3stol. Est\u00e1 formado por 50 ni\u00f1os y ni\u00f1as de m\u00e1s de 30 localidades de Madrid y Toledo. Han grabado 4 discos. Se alz\u00f3 con el tercer premio en el I Certamen Infantil y Juvenil de Habaneras y Canci\u00f3n Marinera de Cand\u00e1s en el a\u00f1o 2016.<\/p>\n<p>&#8211; <strong>Coro Juvenil \u00c1ngel Barja de Le\u00f3n<\/strong>. Bajo la direcci\u00f3n de Elena Fern\u00e1ndez Delgado y Aitor Olivares Garc\u00eda. Est\u00e1 formado por 50 personas, con edades comprendidas entre los 12 y 18 a\u00f1os. En el I Certamen Infantil y Juvenil de Habaneras y Canci\u00f3n Marinera de Cand\u00e1s celebrado en el 2016 se llev\u00f3 el segundo premio.<\/p>\n<p>&#8211; <strong>Escalonia del Orfe\u00f3n Universitario de M\u00e1laga<\/strong>. Bajo la direcci\u00f3n Mario Porras Estrada. Est\u00e1 formado por 35 personas entre los 7 y 13 a\u00f1os. Es un coro relativamente joven pues se crea en el a\u00f1o 2013, aunque su coro matriz, el Orfe\u00f3n Universitario de M\u00e1laga es fundado en 1975.<\/p>\n<p>&#8211; <strong>Coro Iuvena de Asturias<\/strong>. Bajo la direcci\u00f3n de Jos\u00e9 Manuel Gonz\u00e1lez Vald\u00e9s. Est\u00e1 formando por 24 chicas de diferentes lugares de Asturias. Pertenece al Conservatorio del Occidente de Asturias. Adem\u00e1s de su juventud, pues es fundado en el 2013, una de las particularidades de este coro es la s\u00f3lida formaci\u00f3n musical de sus miembros, lo cual le permite incluir diversos instrumentos en sus actuaciones<\/p>\n","protected":false},"excerpt":{"rendered":"<p>El pr\u00f3ximo 23 de febrero las tablas del Teatro Prendes volver\u00e1n a vibrar con el sonido mel\u00f3dico de las Habaneras y de la Canci\u00f3n Marinera en el III Certamen Infantil y Juvenil de la modalidad que se celebra en Cand\u00e1s. Cuatro coros procedentes de M\u00e1laga, Madrid, Le\u00f3n y Asturias ser\u00e1n los encargados de convertir al<\/p>\n","protected":false},"author":1,"featured_media":16323,"comment_status":"closed","ping_status":"closed","sticky":false,"template":"","format":"standard","meta":{"footnotes":""},"categories":[2],"tags":[],"class_list":{"0":"post-113951","1":"post","2":"type-post","3":"status-publish","4":"format-standard","5":"has-post-thumbnail","7":"category-noticias-carreno"},"aioseo_notices":[],"aioseo_head":"\n\t\t<!-- All in One SEO Pro 4.9.6.2 - aioseo.com -->\n\t<meta name=\"description\" content=\"El pr\u00f3ximo 23 de febrero las tablas del Teatro Prendes volver\u00e1n a vibrar con el sonido mel\u00f3dico de las Habaneras y de la Canci\u00f3n Marinera en el III Certamen Infantil y Juvenil de la modalidad que se celebra en Cand\u00e1s. Cuatro coros procedentes de M\u00e1laga, Madrid, Le\u00f3n y Asturias ser\u00e1n los encargados de convertir al\" \/>\n\t<meta name=\"robots\" content=\"max-image-preview:large\" \/>\n\t<meta name=\"author\" content=\"Cand\u00e1s 365\"\/>\n\t<meta name=\"google-site-verification\" content=\"UA-32230408-1\" \/>\n\t<meta name=\"msvalidate.01\" content=\"354F3CDFB2DA171B47FBE9ABF1F88D5\" \/>\n\t<meta name=\"keywords\" content=\"noticias carre\u00f1o\" \/>\n\t<link rel=\"canonical\" href=\"https:\/\/candas365.es\/noticias\/las-habaneras-volveran-a-llenar-de-sonidos-el-teatro-prendes-de-candas\/\" \/>\n\t<meta name=\"generator\" content=\"All in One SEO Pro (AIOSEO) 4.9.6.2\" \/>\n\t\t<meta property=\"og:locale\" content=\"es_ES\" \/>\n\t\t<meta property=\"og:site_name\" content=\"Cand\u00e1s 365\" \/>\n\t\t<meta property=\"og:type\" content=\"article\" \/>\n\t\t<meta property=\"og:title\" content=\"Las Habaneras volver\u00e1n a llenar de sonidos el Teatro Prendes de Cand\u00e1s | Cand\u00e1s 365\" \/>\n\t\t<meta property=\"og:description\" content=\"El pr\u00f3ximo 23 de febrero las tablas del Teatro Prendes volver\u00e1n a vibrar con el sonido mel\u00f3dico de las Habaneras y de la Canci\u00f3n Marinera en el III Certamen Infantil y Juvenil de la modalidad que se celebra en Cand\u00e1s. Cuatro coros procedentes de M\u00e1laga, Madrid, Le\u00f3n y Asturias ser\u00e1n los encargados de convertir al\" \/>\n\t\t<meta property=\"og:url\" content=\"https:\/\/candas365.es\/noticias\/las-habaneras-volveran-a-llenar-de-sonidos-el-teatro-prendes-de-candas\/\" \/>\n\t\t<meta property=\"og:image\" content=\"https:\/\/candas365.es\/noticias\/wp-content\/uploads\/2015\/09\/cine-candas.jpg\" \/>\n\t\t<meta property=\"og:image:secure_url\" content=\"https:\/\/candas365.es\/noticias\/wp-content\/uploads\/2015\/09\/cine-candas.jpg\" \/>\n\t\t<meta property=\"og:image:width\" content=\"655\" \/>\n\t\t<meta property=\"og:image:height\" content=\"360\" \/>\n\t\t<meta property=\"article:published_time\" content=\"2019-01-10T15:48:26+00:00\" \/>\n\t\t<meta property=\"article:modified_time\" content=\"2019-01-10T15:48:26+00:00\" \/>\n\t\t<meta property=\"article:publisher\" content=\"https:\/\/www.facebook.com\/Nachofdezber\" \/>\n\t\t<meta property=\"article:author\" content=\"https:\/\/www.facebook.com\/carrenoactualidad\" \/>\n\t\t<meta name=\"twitter:card\" content=\"summary_large_image\" \/>\n\t\t<meta name=\"twitter:site\" content=\"@NabercoDigital\" \/>\n\t\t<meta name=\"twitter:title\" content=\"Las Habaneras volver\u00e1n a llenar de sonidos el Teatro Prendes de Cand\u00e1s | Cand\u00e1s 365\" \/>\n\t\t<meta name=\"twitter:description\" content=\"El pr\u00f3ximo 23 de febrero las tablas del Teatro Prendes volver\u00e1n a vibrar con el sonido mel\u00f3dico de las Habaneras y de la Canci\u00f3n Marinera en el III Certamen Infantil y Juvenil de la modalidad que se celebra en Cand\u00e1s. Cuatro coros procedentes de M\u00e1laga, Madrid, Le\u00f3n y Asturias ser\u00e1n los encargados de convertir al\" \/>\n\t\t<meta name=\"twitter:creator\" content=\"@nbasturias\" \/>\n\t\t<meta name=\"twitter:image\" content=\"https:\/\/candas365.es\/noticias\/wp-content\/uploads\/2015\/09\/cine-candas.jpg\" \/>\n\t\t<meta name=\"twitter:label1\" content=\"Escrito por\" \/>\n\t\t<meta name=\"twitter:data1\" content=\"Cand\u00e1s 365\" \/>\n\t\t<meta name=\"twitter:label2\" content=\"Tiempo de lectura estimado\" \/>\n\t\t<meta name=\"twitter:data2\" content=\"3 minutos\" \/>\n\t\t<script type=\"application\/ld+json\" class=\"aioseo-schema\">\n\t\t\t{\"@context\":\"https:\\\/\\\/schema.org\",\"@graph\":[{\"@type\":\"BreadcrumbList\",\"@id\":\"https:\\\/\\\/candas365.es\\\/noticias\\\/las-habaneras-volveran-a-llenar-de-sonidos-el-teatro-prendes-de-candas\\\/#breadcrumblist\",\"itemListElement\":[{\"@type\":\"ListItem\",\"@id\":\"https:\\\/\\\/candas365.es\\\/noticias#listItem\",\"position\":1,\"name\":\"Home\",\"item\":\"https:\\\/\\\/candas365.es\\\/noticias\",\"nextItem\":{\"@type\":\"ListItem\",\"@id\":\"https:\\\/\\\/candas365.es\\\/noticias\\\/category\\\/noticias-carreno\\\/#listItem\",\"name\":\"Noticias Carre\\u00f1o\"}},{\"@type\":\"ListItem\",\"@id\":\"https:\\\/\\\/candas365.es\\\/noticias\\\/category\\\/noticias-carreno\\\/#listItem\",\"position\":2,\"name\":\"Noticias Carre\\u00f1o\",\"item\":\"https:\\\/\\\/candas365.es\\\/noticias\\\/category\\\/noticias-carreno\\\/\",\"nextItem\":{\"@type\":\"ListItem\",\"@id\":\"https:\\\/\\\/candas365.es\\\/noticias\\\/las-habaneras-volveran-a-llenar-de-sonidos-el-teatro-prendes-de-candas\\\/#listItem\",\"name\":\"Las Habaneras volver\\u00e1n a llenar de sonidos el Teatro Prendes de Cand\\u00e1s\"},\"previousItem\":{\"@type\":\"ListItem\",\"@id\":\"https:\\\/\\\/candas365.es\\\/noticias#listItem\",\"name\":\"Home\"}},{\"@type\":\"ListItem\",\"@id\":\"https:\\\/\\\/candas365.es\\\/noticias\\\/las-habaneras-volveran-a-llenar-de-sonidos-el-teatro-prendes-de-candas\\\/#listItem\",\"position\":3,\"name\":\"Las Habaneras volver\\u00e1n a llenar de sonidos el Teatro Prendes de Cand\\u00e1s\",\"previousItem\":{\"@type\":\"ListItem\",\"@id\":\"https:\\\/\\\/candas365.es\\\/noticias\\\/category\\\/noticias-carreno\\\/#listItem\",\"name\":\"Noticias Carre\\u00f1o\"}}]},{\"@type\":\"NewsArticle\",\"@id\":\"https:\\\/\\\/candas365.es\\\/noticias\\\/las-habaneras-volveran-a-llenar-de-sonidos-el-teatro-prendes-de-candas\\\/#newsarticle\",\"name\":\"Las Habaneras volver\\u00e1n a llenar de sonidos el Teatro Prendes de Cand\\u00e1s | Cand\\u00e1s 365\",\"headline\":\"Las Habaneras volver\\u00e1n a llenar de sonidos el Teatro Prendes de Cand\\u00e1s\",\"author\":{\"@id\":\"https:\\\/\\\/candas365.es\\\/noticias\\\/author\\\/admin\\\/#author\"},\"publisher\":{\"@id\":\"https:\\\/\\\/candas365.es\\\/noticias\\\/#organization\"},\"image\":{\"@type\":\"ImageObject\",\"url\":\"https:\\\/\\\/candas365.es\\\/noticias\\\/wp-content\\\/uploads\\\/2015\\\/09\\\/cine-candas.jpg\",\"width\":655,\"height\":360},\"datePublished\":\"2019-01-10T15:48:26+01:00\",\"dateModified\":\"2019-01-10T15:48:26+01:00\",\"inLanguage\":\"es-ES\",\"mainEntityOfPage\":{\"@id\":\"https:\\\/\\\/candas365.es\\\/noticias\\\/las-habaneras-volveran-a-llenar-de-sonidos-el-teatro-prendes-de-candas\\\/#webpage\"},\"isPartOf\":{\"@id\":\"https:\\\/\\\/candas365.es\\\/noticias\\\/las-habaneras-volveran-a-llenar-de-sonidos-el-teatro-prendes-de-candas\\\/#webpage\"},\"articleSection\":\"Noticias Carre\\u00f1o\",\"dateline\":\"Publicado el enero 10, 2019.\"},{\"@type\":\"Organization\",\"@id\":\"https:\\\/\\\/candas365.es\\\/noticias\\\/#organization\",\"name\":\"Cand\\u00e1s 365\",\"description\":\"Cand\\u00e1s 365 es un diario digital independiente, fundado en 2012, con base en Asturias. Informamos con rigor sobre actualidad, sociedad, cultura y ocio, con una mirada local y global.\",\"url\":\"https:\\\/\\\/candas365.es\\\/noticias\\\/\",\"email\":\"info@candas365.es\",\"telephone\":\"+34652131393\",\"foundingDate\":\"2012-06-10\",\"logo\":{\"@type\":\"ImageObject\",\"url\":\"https:\\\/\\\/candas365.es\\\/noticias\\\/wp-content\\\/uploads\\\/2024\\\/09\\\/Candas-365-Redes.jpg\",\"@id\":\"https:\\\/\\\/candas365.es\\\/noticias\\\/las-habaneras-volveran-a-llenar-de-sonidos-el-teatro-prendes-de-candas\\\/#organizationLogo\",\"width\":1152,\"height\":864,\"caption\":\"Cand\\u00e1s 365 Redes\"},\"image\":{\"@id\":\"https:\\\/\\\/candas365.es\\\/noticias\\\/las-habaneras-volveran-a-llenar-de-sonidos-el-teatro-prendes-de-candas\\\/#organizationLogo\"},\"sameAs\":[\"https:\\\/\\\/www.facebook.com\\\/Nachofdezber\",\"https:\\\/\\\/x.com\\\/NabercoDigital\",\"https:\\\/\\\/www.instagram.com\\\/nachofdezber\\\/\",\"https:\\\/\\\/www.youtube.com\\\/channel\\\/UCZP-2wLEB9Rv6erhFmqVnvg\"],\"address\":{\"@id\":\"https:\\\/\\\/candas365.es\\\/noticias\\\/#postaladdress\",\"@type\":\"PostalAddress\",\"streetAddress\":\"san antonio 4, san antonio 4\",\"postalCode\":\"33430\",\"addressLocality\":\"Cand\\u00e1s\",\"addressRegion\":\"Asturias\",\"addressCountry\":\"ES\"}},{\"@type\":\"Person\",\"@id\":\"https:\\\/\\\/candas365.es\\\/noticias\\\/author\\\/admin\\\/#author\",\"url\":\"https:\\\/\\\/candas365.es\\\/noticias\\\/author\\\/admin\\\/\",\"name\":\"Cand\\u00e1s 365\",\"image\":{\"@type\":\"ImageObject\",\"@id\":\"https:\\\/\\\/candas365.es\\\/noticias\\\/las-habaneras-volveran-a-llenar-de-sonidos-el-teatro-prendes-de-candas\\\/#authorImage\",\"url\":\"https:\\\/\\\/secure.gravatar.com\\\/avatar\\\/496a8e03d0c493ede1718b7934145dbdf8d89be1036b0eec9544e1094c9de390?s=96&d=mm&r=g\",\"width\":96,\"height\":96,\"caption\":\"Cand\\u00e1s 365\"},\"sameAs\":[\"https:\\\/\\\/www.facebook.com\\\/carrenoactualidad\",\"https:\\\/\\\/twitter.com\\\/nbasturias\",\"https:\\\/\\\/www.instagram.com\\\/nachofdezber\\\/\",\"https:\\\/\\\/www.youtube.com\\\/channel\\\/UCZP-2wLEB9Rv6erhFmqVnvg\"]},{\"@type\":\"WebPage\",\"@id\":\"https:\\\/\\\/candas365.es\\\/noticias\\\/las-habaneras-volveran-a-llenar-de-sonidos-el-teatro-prendes-de-candas\\\/#webpage\",\"url\":\"https:\\\/\\\/candas365.es\\\/noticias\\\/las-habaneras-volveran-a-llenar-de-sonidos-el-teatro-prendes-de-candas\\\/\",\"name\":\"Las Habaneras volver\\u00e1n a llenar de sonidos el Teatro Prendes de Cand\\u00e1s | Cand\\u00e1s 365\",\"description\":\"El pr\\u00f3ximo 23 de febrero las tablas del Teatro Prendes volver\\u00e1n a vibrar con el sonido mel\\u00f3dico de las Habaneras y de la Canci\\u00f3n Marinera en el III Certamen Infantil y Juvenil de la modalidad que se celebra en Cand\\u00e1s. Cuatro coros procedentes de M\\u00e1laga, Madrid, Le\\u00f3n y Asturias ser\\u00e1n los encargados de convertir al\",\"inLanguage\":\"es-ES\",\"isPartOf\":{\"@id\":\"https:\\\/\\\/candas365.es\\\/noticias\\\/#website\"},\"breadcrumb\":{\"@id\":\"https:\\\/\\\/candas365.es\\\/noticias\\\/las-habaneras-volveran-a-llenar-de-sonidos-el-teatro-prendes-de-candas\\\/#breadcrumblist\"},\"author\":{\"@id\":\"https:\\\/\\\/candas365.es\\\/noticias\\\/author\\\/admin\\\/#author\"},\"creator\":{\"@id\":\"https:\\\/\\\/candas365.es\\\/noticias\\\/author\\\/admin\\\/#author\"},\"image\":{\"@type\":\"ImageObject\",\"url\":\"https:\\\/\\\/candas365.es\\\/noticias\\\/wp-content\\\/uploads\\\/2015\\\/09\\\/cine-candas.jpg\",\"@id\":\"https:\\\/\\\/candas365.es\\\/noticias\\\/las-habaneras-volveran-a-llenar-de-sonidos-el-teatro-prendes-de-candas\\\/#mainImage\",\"width\":655,\"height\":360},\"primaryImageOfPage\":{\"@id\":\"https:\\\/\\\/candas365.es\\\/noticias\\\/las-habaneras-volveran-a-llenar-de-sonidos-el-teatro-prendes-de-candas\\\/#mainImage\"},\"datePublished\":\"2019-01-10T15:48:26+01:00\",\"dateModified\":\"2019-01-10T15:48:26+01:00\"},{\"@type\":\"WebSite\",\"@id\":\"https:\\\/\\\/candas365.es\\\/noticias\\\/#website\",\"url\":\"https:\\\/\\\/candas365.es\\\/noticias\\\/\",\"name\":\"Cand\\u00e1s 365\",\"alternateName\":\"Cand\\u00e1s 365 Noticias\",\"description\":\"Actualidad desde Carre\\u00f1o para el mundo\",\"inLanguage\":\"es-ES\",\"publisher\":{\"@id\":\"https:\\\/\\\/candas365.es\\\/noticias\\\/#organization\"}}]}\n\t\t<\/script>\n\t\t<!-- All in One SEO Pro -->\r\n\t\t<title>Las Habaneras volver\u00e1n a llenar de sonidos el Teatro Prendes de Cand\u00e1s | Cand\u00e1s 365<\/title>\n\n","aioseo_head_json":{"title":"Las Habaneras volver\u00e1n a llenar de sonidos el Teatro Prendes de Cand\u00e1s | Cand\u00e1s 365","description":"El pr\u00f3ximo 23 de febrero las tablas del Teatro Prendes volver\u00e1n a vibrar con el sonido mel\u00f3dico de las Habaneras y de la Canci\u00f3n Marinera en el III Certamen Infantil y Juvenil de la modalidad que se celebra en Cand\u00e1s. Cuatro coros procedentes de M\u00e1laga, Madrid, Le\u00f3n y Asturias ser\u00e1n los encargados de convertir al","canonical_url":"https:\/\/candas365.es\/noticias\/las-habaneras-volveran-a-llenar-de-sonidos-el-teatro-prendes-de-candas\/","robots":"max-image-preview:large","keywords":"noticias carre\u00f1o","webmasterTools":{"google-site-verification":"UA-32230408-1","msvalidate.01":"354F3CDFB2DA171B47FBE9ABF1F88D5","miscellaneous":""},"schema":{"@context":"https:\/\/schema.org","@graph":[{"@type":"BreadcrumbList","@id":"https:\/\/candas365.es\/noticias\/las-habaneras-volveran-a-llenar-de-sonidos-el-teatro-prendes-de-candas\/#breadcrumblist","itemListElement":[{"@type":"ListItem","@id":"https:\/\/candas365.es\/noticias#listItem","position":1,"name":"Home","item":"https:\/\/candas365.es\/noticias","nextItem":{"@type":"ListItem","@id":"https:\/\/candas365.es\/noticias\/category\/noticias-carreno\/#listItem","name":"Noticias Carre\u00f1o"}},{"@type":"ListItem","@id":"https:\/\/candas365.es\/noticias\/category\/noticias-carreno\/#listItem","position":2,"name":"Noticias Carre\u00f1o","item":"https:\/\/candas365.es\/noticias\/category\/noticias-carreno\/","nextItem":{"@type":"ListItem","@id":"https:\/\/candas365.es\/noticias\/las-habaneras-volveran-a-llenar-de-sonidos-el-teatro-prendes-de-candas\/#listItem","name":"Las Habaneras volver\u00e1n a llenar de sonidos el Teatro Prendes de Cand\u00e1s"},"previousItem":{"@type":"ListItem","@id":"https:\/\/candas365.es\/noticias#listItem","name":"Home"}},{"@type":"ListItem","@id":"https:\/\/candas365.es\/noticias\/las-habaneras-volveran-a-llenar-de-sonidos-el-teatro-prendes-de-candas\/#listItem","position":3,"name":"Las Habaneras volver\u00e1n a llenar de sonidos el Teatro Prendes de Cand\u00e1s","previousItem":{"@type":"ListItem","@id":"https:\/\/candas365.es\/noticias\/category\/noticias-carreno\/#listItem","name":"Noticias Carre\u00f1o"}}]},{"@type":"NewsArticle","@id":"https:\/\/candas365.es\/noticias\/las-habaneras-volveran-a-llenar-de-sonidos-el-teatro-prendes-de-candas\/#newsarticle","name":"Las Habaneras volver\u00e1n a llenar de sonidos el Teatro Prendes de Cand\u00e1s | Cand\u00e1s 365","headline":"Las Habaneras volver\u00e1n a llenar de sonidos el Teatro Prendes de Cand\u00e1s","author":{"@id":"https:\/\/candas365.es\/noticias\/author\/admin\/#author"},"publisher":{"@id":"https:\/\/candas365.es\/noticias\/#organization"},"image":{"@type":"ImageObject","url":"https:\/\/candas365.es\/noticias\/wp-content\/uploads\/2015\/09\/cine-candas.jpg","width":655,"height":360},"datePublished":"2019-01-10T15:48:26+01:00","dateModified":"2019-01-10T15:48:26+01:00","inLanguage":"es-ES","mainEntityOfPage":{"@id":"https:\/\/candas365.es\/noticias\/las-habaneras-volveran-a-llenar-de-sonidos-el-teatro-prendes-de-candas\/#webpage"},"isPartOf":{"@id":"https:\/\/candas365.es\/noticias\/las-habaneras-volveran-a-llenar-de-sonidos-el-teatro-prendes-de-candas\/#webpage"},"articleSection":"Noticias Carre\u00f1o","dateline":"Publicado el enero 10, 2019."},{"@type":"Organization","@id":"https:\/\/candas365.es\/noticias\/#organization","name":"Cand\u00e1s 365","description":"Cand\u00e1s 365 es un diario digital independiente, fundado en 2012, con base en Asturias. Informamos con rigor sobre actualidad, sociedad, cultura y ocio, con una mirada local y global.","url":"https:\/\/candas365.es\/noticias\/","email":"info@candas365.es","telephone":"+34652131393","foundingDate":"2012-06-10","logo":{"@type":"ImageObject","url":"https:\/\/candas365.es\/noticias\/wp-content\/uploads\/2024\/09\/Candas-365-Redes.jpg","@id":"https:\/\/candas365.es\/noticias\/las-habaneras-volveran-a-llenar-de-sonidos-el-teatro-prendes-de-candas\/#organizationLogo","width":1152,"height":864,"caption":"Cand\u00e1s 365 Redes"},"image":{"@id":"https:\/\/candas365.es\/noticias\/las-habaneras-volveran-a-llenar-de-sonidos-el-teatro-prendes-de-candas\/#organizationLogo"},"sameAs":["https:\/\/www.facebook.com\/Nachofdezber","https:\/\/x.com\/NabercoDigital","https:\/\/www.instagram.com\/nachofdezber\/","https:\/\/www.youtube.com\/channel\/UCZP-2wLEB9Rv6erhFmqVnvg"],"address":{"@id":"https:\/\/candas365.es\/noticias\/#postaladdress","@type":"PostalAddress","streetAddress":"san antonio 4, san antonio 4","postalCode":"33430","addressLocality":"Cand\u00e1s","addressRegion":"Asturias","addressCountry":"ES"}},{"@type":"Person","@id":"https:\/\/candas365.es\/noticias\/author\/admin\/#author","url":"https:\/\/candas365.es\/noticias\/author\/admin\/","name":"Cand\u00e1s 365","image":{"@type":"ImageObject","@id":"https:\/\/candas365.es\/noticias\/las-habaneras-volveran-a-llenar-de-sonidos-el-teatro-prendes-de-candas\/#authorImage","url":"https:\/\/secure.gravatar.com\/avatar\/496a8e03d0c493ede1718b7934145dbdf8d89be1036b0eec9544e1094c9de390?s=96&d=mm&r=g","width":96,"height":96,"caption":"Cand\u00e1s 365"},"sameAs":["https:\/\/www.facebook.com\/carrenoactualidad","https:\/\/twitter.com\/nbasturias","https:\/\/www.instagram.com\/nachofdezber\/","https:\/\/www.youtube.com\/channel\/UCZP-2wLEB9Rv6erhFmqVnvg"]},{"@type":"WebPage","@id":"https:\/\/candas365.es\/noticias\/las-habaneras-volveran-a-llenar-de-sonidos-el-teatro-prendes-de-candas\/#webpage","url":"https:\/\/candas365.es\/noticias\/las-habaneras-volveran-a-llenar-de-sonidos-el-teatro-prendes-de-candas\/","name":"Las Habaneras volver\u00e1n a llenar de sonidos el Teatro Prendes de Cand\u00e1s | Cand\u00e1s 365","description":"El pr\u00f3ximo 23 de febrero las tablas del Teatro Prendes volver\u00e1n a vibrar con el sonido mel\u00f3dico de las Habaneras y de la Canci\u00f3n Marinera en el III Certamen Infantil y Juvenil de la modalidad que se celebra en Cand\u00e1s. Cuatro coros procedentes de M\u00e1laga, Madrid, Le\u00f3n y Asturias ser\u00e1n los encargados de convertir al","inLanguage":"es-ES","isPartOf":{"@id":"https:\/\/candas365.es\/noticias\/#website"},"breadcrumb":{"@id":"https:\/\/candas365.es\/noticias\/las-habaneras-volveran-a-llenar-de-sonidos-el-teatro-prendes-de-candas\/#breadcrumblist"},"author":{"@id":"https:\/\/candas365.es\/noticias\/author\/admin\/#author"},"creator":{"@id":"https:\/\/candas365.es\/noticias\/author\/admin\/#author"},"image":{"@type":"ImageObject","url":"https:\/\/candas365.es\/noticias\/wp-content\/uploads\/2015\/09\/cine-candas.jpg","@id":"https:\/\/candas365.es\/noticias\/las-habaneras-volveran-a-llenar-de-sonidos-el-teatro-prendes-de-candas\/#mainImage","width":655,"height":360},"primaryImageOfPage":{"@id":"https:\/\/candas365.es\/noticias\/las-habaneras-volveran-a-llenar-de-sonidos-el-teatro-prendes-de-candas\/#mainImage"},"datePublished":"2019-01-10T15:48:26+01:00","dateModified":"2019-01-10T15:48:26+01:00"},{"@type":"WebSite","@id":"https:\/\/candas365.es\/noticias\/#website","url":"https:\/\/candas365.es\/noticias\/","name":"Cand\u00e1s 365","alternateName":"Cand\u00e1s 365 Noticias","description":"Actualidad desde Carre\u00f1o para el mundo","inLanguage":"es-ES","publisher":{"@id":"https:\/\/candas365.es\/noticias\/#organization"}}]},"og:locale":"es_ES","og:site_name":"Cand\u00e1s 365","og:type":"article","og:title":"Las Habaneras volver\u00e1n a llenar de sonidos el Teatro Prendes de Cand\u00e1s | Cand\u00e1s 365","og:description":"El pr\u00f3ximo 23 de febrero las tablas del Teatro Prendes volver\u00e1n a vibrar con el sonido mel\u00f3dico de las Habaneras y de la Canci\u00f3n Marinera en el III Certamen Infantil y Juvenil de la modalidad que se celebra en Cand\u00e1s. Cuatro coros procedentes de M\u00e1laga, Madrid, Le\u00f3n y Asturias ser\u00e1n los encargados de convertir al","og:url":"https:\/\/candas365.es\/noticias\/las-habaneras-volveran-a-llenar-de-sonidos-el-teatro-prendes-de-candas\/","og:image":"https:\/\/candas365.es\/noticias\/wp-content\/uploads\/2015\/09\/cine-candas.jpg","og:image:secure_url":"https:\/\/candas365.es\/noticias\/wp-content\/uploads\/2015\/09\/cine-candas.jpg","og:image:width":655,"og:image:height":360,"article:published_time":"2019-01-10T15:48:26+00:00","article:modified_time":"2019-01-10T15:48:26+00:00","article:publisher":"https:\/\/www.facebook.com\/Nachofdezber","article:author":"https:\/\/www.facebook.com\/carrenoactualidad","twitter:card":"summary_large_image","twitter:site":"@NabercoDigital","twitter:title":"Las Habaneras volver\u00e1n a llenar de sonidos el Teatro Prendes de Cand\u00e1s | Cand\u00e1s 365","twitter:description":"El pr\u00f3ximo 23 de febrero las tablas del Teatro Prendes volver\u00e1n a vibrar con el sonido mel\u00f3dico de las Habaneras y de la Canci\u00f3n Marinera en el III Certamen Infantil y Juvenil de la modalidad que se celebra en Cand\u00e1s. Cuatro coros procedentes de M\u00e1laga, Madrid, Le\u00f3n y Asturias ser\u00e1n los encargados de convertir al","twitter:creator":"@nbasturias","twitter:image":"https:\/\/candas365.es\/noticias\/wp-content\/uploads\/2015\/09\/cine-candas.jpg","twitter:label1":"Escrito por","twitter:data1":"Cand\u00e1s 365","twitter:label2":"Tiempo de lectura estimado","twitter:data2":"3 minutos"},"aioseo_meta_data":{"post_id":"113951","title":null,"description":null,"keywords":null,"keyphrases":null,"primary_term":null,"canonical_url":null,"og_title":null,"og_description":null,"og_object_type":"default","og_image_type":"default","og_image_url":null,"og_image_width":null,"og_image_height":null,"og_image_custom_url":null,"og_image_custom_fields":null,"og_video":null,"og_custom_url":null,"og_article_section":null,"og_article_tags":null,"twitter_use_og":false,"twitter_card":"default","twitter_image_type":"default","twitter_image_url":null,"twitter_image_custom_url":null,"twitter_image_custom_fields":null,"twitter_title":null,"twitter_description":null,"schema":{"blockGraphs":[],"customGraphs":[],"default":{"data":{"Article":[],"Course":[],"Dataset":[],"FAQPage":[],"Movie":[],"Person":[],"Product":[],"ProductReview":[],"Car":[],"Recipe":[],"Service":[],"SoftwareApplication":[],"WebPage":[]},"graphName":"","isEnabled":true},"graphs":[]},"schema_type":null,"schema_type_options":null,"pillar_content":false,"robots_default":true,"robots_noindex":false,"robots_noarchive":false,"robots_nosnippet":false,"robots_nofollow":false,"robots_noimageindex":false,"robots_noodp":false,"robots_notranslate":false,"robots_max_snippet":null,"robots_max_videopreview":null,"robots_max_imagepreview":"large","priority":null,"frequency":null,"location":null,"local_seo":null,"seo_analyzer_scan_date":"2025-08-29 00:05:24","breadcrumb_settings":null,"limit_modified_date":false,"reviewed_by":null,"open_ai":null,"ai":null,"created":"2020-12-21 11:25:55","updated":"2025-08-29 00:05:24"},"aioseo_breadcrumb":"<div class=\"aioseo-breadcrumbs\"><span class=\"aioseo-breadcrumb\">\n\t<a href=\"https:\/\/candas365.es\/noticias\" title=\"Home\">Home<\/a>\n<\/span><span class=\"aioseo-breadcrumb-separator\">&ndash;<\/span><span class=\"aioseo-breadcrumb\">\n\t<a href=\"https:\/\/candas365.es\/noticias\/category\/noticias-carreno\/\" title=\"Noticias Carre\u00f1o\">Noticias Carre\u00f1o<\/a>\n<\/span><span class=\"aioseo-breadcrumb-separator\">&ndash;<\/span><span class=\"aioseo-breadcrumb\">\n\tLas Habaneras volver\u00e1n a llenar de sonidos el Teatro Prendes de Cand\u00e1s\n<\/span><\/div>","aioseo_breadcrumb_json":[{"label":"Home","link":"https:\/\/candas365.es\/noticias"},{"label":"Noticias Carre\u00f1o","link":"https:\/\/candas365.es\/noticias\/category\/noticias-carreno\/"},{"label":"Las Habaneras volver\u00e1n a llenar de sonidos el Teatro Prendes de Cand\u00e1s","link":"https:\/\/candas365.es\/noticias\/las-habaneras-volveran-a-llenar-de-sonidos-el-teatro-prendes-de-candas\/"}],"_links":{"self":[{"href":"https:\/\/candas365.es\/noticias\/wp-json\/wp\/v2\/posts\/113951","targetHints":{"allow":["GET"]}}],"collection":[{"href":"https:\/\/candas365.es\/noticias\/wp-json\/wp\/v2\/posts"}],"about":[{"href":"https:\/\/candas365.es\/noticias\/wp-json\/wp\/v2\/types\/post"}],"author":[{"embeddable":true,"href":"https:\/\/candas365.es\/noticias\/wp-json\/wp\/v2\/users\/1"}],"replies":[{"embeddable":true,"href":"https:\/\/candas365.es\/noticias\/wp-json\/wp\/v2\/comments?post=113951"}],"version-history":[{"count":0,"href":"https:\/\/candas365.es\/noticias\/wp-json\/wp\/v2\/posts\/113951\/revisions"}],"wp:featuredmedia":[{"embeddable":true,"href":"https:\/\/candas365.es\/noticias\/wp-json\/wp\/v2\/media\/16323"}],"wp:attachment":[{"href":"https:\/\/candas365.es\/noticias\/wp-json\/wp\/v2\/media?parent=113951"}],"wp:term":[{"taxonomy":"category","embeddable":true,"href":"https:\/\/candas365.es\/noticias\/wp-json\/wp\/v2\/categories?post=113951"},{"taxonomy":"post_tag","embeddable":true,"href":"https:\/\/candas365.es\/noticias\/wp-json\/wp\/v2\/tags?post=113951"}],"curies":[{"name":"wp","href":"https:\/\/api.w.org\/{rel}","templated":true}]}}