{"id":113948,"date":"2019-01-10T15:36:49","date_gmt":"2019-01-10T15:36:49","guid":{"rendered":"http:\/\/candas365.es\/noticias\/?p=113948"},"modified":"2019-01-10T15:36:49","modified_gmt":"2019-01-10T15:36:49","slug":"fin-de-semana-del-11-al-13-de-enero-en-el-niemeyer","status":"publish","type":"post","link":"https:\/\/candas365.es\/noticias\/fin-de-semana-del-11-al-13-de-enero-en-el-niemeyer\/","title":{"rendered":"Fin de semana del 11 al 13 de enero en el Niemeyer"},"content":{"rendered":"<p><img fetchpriority=\"high\" decoding=\"async\" class=\"alignleft size-medium wp-image-113949\" src=\"https:\/\/candas365.es\/noticias\/wp-content\/uploads\/2019\/01\/Berto-Romero-360x240.jpg\" alt=\"\" width=\"360\" height=\"240\" srcset=\"https:\/\/candas365.es\/noticias\/wp-content\/uploads\/2019\/01\/Berto-Romero-360x240.jpg 360w, https:\/\/candas365.es\/noticias\/wp-content\/uploads\/2019\/01\/Berto-Romero-768x512.jpg 768w, https:\/\/candas365.es\/noticias\/wp-content\/uploads\/2019\/01\/Berto-Romero-655x436.jpg 655w, https:\/\/candas365.es\/noticias\/wp-content\/uploads\/2019\/01\/Berto-Romero-696x464.jpg 696w, https:\/\/candas365.es\/noticias\/wp-content\/uploads\/2019\/01\/Berto-Romero-1068x712.jpg 1068w, https:\/\/candas365.es\/noticias\/wp-content\/uploads\/2019\/01\/Berto-Romero-630x420.jpg 630w, https:\/\/candas365.es\/noticias\/wp-content\/uploads\/2019\/01\/Berto-Romero.jpg 1280w\" sizes=\"(max-width: 360px) 100vw, 360px\" \/>Las exposiciones contin\u00faan en el Centro Niemeyer y ma\u00f1ana viernes a las 18:00 tendr\u00e1 lugar la inauguraci\u00f3n oficial de la retrospectiva de la fot\u00f3grafa iran\u00ed <strong>Shadi Ghadirian<\/strong> titulada \u201cComo todos los d\u00edas\u201d. La exposici\u00f3n se podr\u00e1 visitar de forma gratuita durante el primer d\u00eda de apertura, de 11:00 a 14:00 y de 16:00 a 19:00.<\/p>\n<p>Adem\u00e1s, tambi\u00e9n ma\u00f1ana viernes a las 20:30 la Sala Club acoger\u00e1 el primer teatro off de 2019 con la obra \u201cKohlhaas\u201d. Por su parte, el humorista <strong>Berto Romero<\/strong> ofrecer\u00e1 dos actuaciones de su \u00faltimo espect\u00e1culo, \u201cMucha tonter\u00eda\u201d, el s\u00e1bado a las 20:30 y el domingo a las 19:00. Para ambas citas tan solo est\u00e1n ya disponibles entradas con visual reducida, con un 40% de descuento y de venta exclusiva en las taquillas del Centro Niemeyer.<\/p>\n<p>Finalmente, el domingo a las 20:00 concluir\u00e1 la semana con la proyecci\u00f3n de la pel\u00edcula espa\u00f1ola \u201cViaje al cuarto de una madre\u201d, <strong>Premio de la Juventud en el Festival de San Sebasti\u00e1n 2018<\/strong> y primera pel\u00edcula de la muestra de cine y derechos humanos de Acci\u00f3n en Red en el Centro Niemeyer.<\/p>\n","protected":false},"excerpt":{"rendered":"<p>Las exposiciones contin\u00faan en el Centro Niemeyer y ma\u00f1ana viernes a las 18:00 tendr\u00e1 lugar la inauguraci\u00f3n oficial de la retrospectiva de la fot\u00f3grafa iran\u00ed Shadi Ghadirian titulada \u201cComo todos los d\u00edas\u201d. La exposici\u00f3n se podr\u00e1 visitar de forma gratuita durante el primer d\u00eda de apertura, de 11:00 a 14:00 y de 16:00 a 19:00.<\/p>\n","protected":false},"author":1,"featured_media":113949,"comment_status":"closed","ping_status":"closed","sticky":false,"template":"","format":"standard","meta":{"footnotes":""},"categories":[1],"tags":[],"class_list":{"0":"post-113948","1":"post","2":"type-post","3":"status-publish","4":"format-standard","5":"has-post-thumbnail","7":"category-agenda"},"aioseo_notices":[],"aioseo_head":"\n\t\t<!-- All in One SEO Pro 4.9.6.2 - aioseo.com -->\n\t<meta name=\"description\" content=\"Las exposiciones contin\u00faan en el Centro Niemeyer y ma\u00f1ana viernes a las 18:00 tendr\u00e1 lugar la inauguraci\u00f3n oficial de la retrospectiva de la fot\u00f3grafa iran\u00ed Shadi Ghadirian titulada \u201cComo todos los d\u00edas\u201d. La exposici\u00f3n se podr\u00e1 visitar de forma gratuita durante el primer d\u00eda de apertura, de 11:00 a 14:00 y de 16:00 a 19:00.\" \/>\n\t<meta name=\"robots\" content=\"max-image-preview:large\" \/>\n\t<meta name=\"author\" content=\"Cand\u00e1s 365\"\/>\n\t<meta name=\"google-site-verification\" content=\"UA-32230408-1\" \/>\n\t<meta name=\"msvalidate.01\" content=\"354F3CDFB2DA171B47FBE9ABF1F88D5\" \/>\n\t<meta name=\"keywords\" content=\"agenda\" \/>\n\t<link rel=\"canonical\" href=\"https:\/\/candas365.es\/noticias\/fin-de-semana-del-11-al-13-de-enero-en-el-niemeyer\/\" \/>\n\t<meta name=\"generator\" content=\"All in One SEO Pro (AIOSEO) 4.9.6.2\" \/>\n\t\t<meta property=\"og:locale\" content=\"es_ES\" \/>\n\t\t<meta property=\"og:site_name\" content=\"Cand\u00e1s 365\" \/>\n\t\t<meta property=\"og:type\" content=\"article\" \/>\n\t\t<meta property=\"og:title\" content=\"Fin de semana del 11 al 13 de enero en el Niemeyer | Cand\u00e1s 365\" \/>\n\t\t<meta property=\"og:description\" content=\"Las exposiciones contin\u00faan en el Centro Niemeyer y ma\u00f1ana viernes a las 18:00 tendr\u00e1 lugar la inauguraci\u00f3n oficial de la retrospectiva de la fot\u00f3grafa iran\u00ed Shadi Ghadirian titulada \u201cComo todos los d\u00edas\u201d. La exposici\u00f3n se podr\u00e1 visitar de forma gratuita durante el primer d\u00eda de apertura, de 11:00 a 14:00 y de 16:00 a 19:00.\" \/>\n\t\t<meta property=\"og:url\" content=\"https:\/\/candas365.es\/noticias\/fin-de-semana-del-11-al-13-de-enero-en-el-niemeyer\/\" \/>\n\t\t<meta property=\"og:image\" content=\"https:\/\/candas365.es\/noticias\/wp-content\/uploads\/2019\/01\/Berto-Romero.jpg\" \/>\n\t\t<meta property=\"og:image:secure_url\" content=\"https:\/\/candas365.es\/noticias\/wp-content\/uploads\/2019\/01\/Berto-Romero.jpg\" \/>\n\t\t<meta property=\"og:image:width\" content=\"1280\" \/>\n\t\t<meta property=\"og:image:height\" content=\"853\" \/>\n\t\t<meta property=\"article:published_time\" content=\"2019-01-10T15:36:49+00:00\" \/>\n\t\t<meta property=\"article:modified_time\" content=\"2019-01-10T15:36:49+00:00\" \/>\n\t\t<meta property=\"article:publisher\" content=\"https:\/\/www.facebook.com\/Nachofdezber\" \/>\n\t\t<meta property=\"article:author\" content=\"https:\/\/www.facebook.com\/carrenoactualidad\" \/>\n\t\t<meta name=\"twitter:card\" content=\"summary_large_image\" \/>\n\t\t<meta name=\"twitter:site\" content=\"@NabercoDigital\" \/>\n\t\t<meta name=\"twitter:title\" content=\"Fin de semana del 11 al 13 de enero en el Niemeyer | Cand\u00e1s 365\" \/>\n\t\t<meta name=\"twitter:description\" content=\"Las exposiciones contin\u00faan en el Centro Niemeyer y ma\u00f1ana viernes a las 18:00 tendr\u00e1 lugar la inauguraci\u00f3n oficial de la retrospectiva de la fot\u00f3grafa iran\u00ed Shadi Ghadirian titulada \u201cComo todos los d\u00edas\u201d. La exposici\u00f3n se podr\u00e1 visitar de forma gratuita durante el primer d\u00eda de apertura, de 11:00 a 14:00 y de 16:00 a 19:00.\" \/>\n\t\t<meta name=\"twitter:creator\" content=\"@nbasturias\" \/>\n\t\t<meta name=\"twitter:image\" content=\"https:\/\/candas365.es\/noticias\/wp-content\/uploads\/2019\/01\/Berto-Romero.jpg\" \/>\n\t\t<meta name=\"twitter:label1\" content=\"Escrito por\" \/>\n\t\t<meta name=\"twitter:data1\" content=\"Cand\u00e1s 365\" \/>\n\t\t<meta name=\"twitter:label2\" content=\"Tiempo de lectura estimado\" \/>\n\t\t<meta name=\"twitter:data2\" content=\"1 minuto\" \/>\n\t\t<script type=\"application\/ld+json\" class=\"aioseo-schema\">\n\t\t\t{\"@context\":\"https:\\\/\\\/schema.org\",\"@graph\":[{\"@type\":\"BreadcrumbList\",\"@id\":\"https:\\\/\\\/candas365.es\\\/noticias\\\/fin-de-semana-del-11-al-13-de-enero-en-el-niemeyer\\\/#breadcrumblist\",\"itemListElement\":[{\"@type\":\"ListItem\",\"@id\":\"https:\\\/\\\/candas365.es\\\/noticias#listItem\",\"position\":1,\"name\":\"Home\",\"item\":\"https:\\\/\\\/candas365.es\\\/noticias\",\"nextItem\":{\"@type\":\"ListItem\",\"@id\":\"https:\\\/\\\/candas365.es\\\/noticias\\\/category\\\/agenda\\\/#listItem\",\"name\":\"Agenda\"}},{\"@type\":\"ListItem\",\"@id\":\"https:\\\/\\\/candas365.es\\\/noticias\\\/category\\\/agenda\\\/#listItem\",\"position\":2,\"name\":\"Agenda\",\"item\":\"https:\\\/\\\/candas365.es\\\/noticias\\\/category\\\/agenda\\\/\",\"nextItem\":{\"@type\":\"ListItem\",\"@id\":\"https:\\\/\\\/candas365.es\\\/noticias\\\/fin-de-semana-del-11-al-13-de-enero-en-el-niemeyer\\\/#listItem\",\"name\":\"Fin de semana del 11 al 13 de enero en el Niemeyer\"},\"previousItem\":{\"@type\":\"ListItem\",\"@id\":\"https:\\\/\\\/candas365.es\\\/noticias#listItem\",\"name\":\"Home\"}},{\"@type\":\"ListItem\",\"@id\":\"https:\\\/\\\/candas365.es\\\/noticias\\\/fin-de-semana-del-11-al-13-de-enero-en-el-niemeyer\\\/#listItem\",\"position\":3,\"name\":\"Fin de semana del 11 al 13 de enero en el Niemeyer\",\"previousItem\":{\"@type\":\"ListItem\",\"@id\":\"https:\\\/\\\/candas365.es\\\/noticias\\\/category\\\/agenda\\\/#listItem\",\"name\":\"Agenda\"}}]},{\"@type\":\"NewsArticle\",\"@id\":\"https:\\\/\\\/candas365.es\\\/noticias\\\/fin-de-semana-del-11-al-13-de-enero-en-el-niemeyer\\\/#newsarticle\",\"name\":\"Fin de semana del 11 al 13 de enero en el Niemeyer | Cand\\u00e1s 365\",\"headline\":\"Fin de semana del 11 al 13 de enero en el Niemeyer\",\"author\":{\"@id\":\"https:\\\/\\\/candas365.es\\\/noticias\\\/author\\\/admin\\\/#author\"},\"publisher\":{\"@id\":\"https:\\\/\\\/candas365.es\\\/noticias\\\/#organization\"},\"image\":{\"@type\":\"ImageObject\",\"url\":\"https:\\\/\\\/candas365.es\\\/noticias\\\/wp-content\\\/uploads\\\/2019\\\/01\\\/Berto-Romero.jpg\",\"width\":1280,\"height\":853},\"datePublished\":\"2019-01-10T15:36:49+01:00\",\"dateModified\":\"2019-01-10T15:36:49+01:00\",\"inLanguage\":\"es-ES\",\"mainEntityOfPage\":{\"@id\":\"https:\\\/\\\/candas365.es\\\/noticias\\\/fin-de-semana-del-11-al-13-de-enero-en-el-niemeyer\\\/#webpage\"},\"isPartOf\":{\"@id\":\"https:\\\/\\\/candas365.es\\\/noticias\\\/fin-de-semana-del-11-al-13-de-enero-en-el-niemeyer\\\/#webpage\"},\"articleSection\":\"Agenda\",\"dateline\":\"Publicado el enero 10, 2019.\"},{\"@type\":\"Organization\",\"@id\":\"https:\\\/\\\/candas365.es\\\/noticias\\\/#organization\",\"name\":\"Cand\\u00e1s 365\",\"description\":\"Cand\\u00e1s 365 es un diario digital independiente, fundado en 2012, con base en Asturias. Informamos con rigor sobre actualidad, sociedad, cultura y ocio, con una mirada local y global.\",\"url\":\"https:\\\/\\\/candas365.es\\\/noticias\\\/\",\"email\":\"info@candas365.es\",\"telephone\":\"+34652131393\",\"foundingDate\":\"2012-06-10\",\"logo\":{\"@type\":\"ImageObject\",\"url\":\"https:\\\/\\\/candas365.es\\\/noticias\\\/wp-content\\\/uploads\\\/2024\\\/09\\\/Candas-365-Redes.jpg\",\"@id\":\"https:\\\/\\\/candas365.es\\\/noticias\\\/fin-de-semana-del-11-al-13-de-enero-en-el-niemeyer\\\/#organizationLogo\",\"width\":1152,\"height\":864,\"caption\":\"Cand\\u00e1s 365 Redes\"},\"image\":{\"@id\":\"https:\\\/\\\/candas365.es\\\/noticias\\\/fin-de-semana-del-11-al-13-de-enero-en-el-niemeyer\\\/#organizationLogo\"},\"sameAs\":[\"https:\\\/\\\/www.facebook.com\\\/Nachofdezber\",\"https:\\\/\\\/x.com\\\/NabercoDigital\",\"https:\\\/\\\/www.instagram.com\\\/nachofdezber\\\/\",\"https:\\\/\\\/www.youtube.com\\\/channel\\\/UCZP-2wLEB9Rv6erhFmqVnvg\"],\"address\":{\"@id\":\"https:\\\/\\\/candas365.es\\\/noticias\\\/#postaladdress\",\"@type\":\"PostalAddress\",\"streetAddress\":\"san antonio 4, san antonio 4\",\"postalCode\":\"33430\",\"addressLocality\":\"Cand\\u00e1s\",\"addressRegion\":\"Asturias\",\"addressCountry\":\"ES\"}},{\"@type\":\"Person\",\"@id\":\"https:\\\/\\\/candas365.es\\\/noticias\\\/author\\\/admin\\\/#author\",\"url\":\"https:\\\/\\\/candas365.es\\\/noticias\\\/author\\\/admin\\\/\",\"name\":\"Cand\\u00e1s 365\",\"image\":{\"@type\":\"ImageObject\",\"@id\":\"https:\\\/\\\/candas365.es\\\/noticias\\\/fin-de-semana-del-11-al-13-de-enero-en-el-niemeyer\\\/#authorImage\",\"url\":\"https:\\\/\\\/secure.gravatar.com\\\/avatar\\\/496a8e03d0c493ede1718b7934145dbdf8d89be1036b0eec9544e1094c9de390?s=96&d=mm&r=g\",\"width\":96,\"height\":96,\"caption\":\"Cand\\u00e1s 365\"},\"sameAs\":[\"https:\\\/\\\/www.facebook.com\\\/carrenoactualidad\",\"https:\\\/\\\/twitter.com\\\/nbasturias\",\"https:\\\/\\\/www.instagram.com\\\/nachofdezber\\\/\",\"https:\\\/\\\/www.youtube.com\\\/channel\\\/UCZP-2wLEB9Rv6erhFmqVnvg\"]},{\"@type\":\"WebPage\",\"@id\":\"https:\\\/\\\/candas365.es\\\/noticias\\\/fin-de-semana-del-11-al-13-de-enero-en-el-niemeyer\\\/#webpage\",\"url\":\"https:\\\/\\\/candas365.es\\\/noticias\\\/fin-de-semana-del-11-al-13-de-enero-en-el-niemeyer\\\/\",\"name\":\"Fin de semana del 11 al 13 de enero en el Niemeyer | Cand\\u00e1s 365\",\"description\":\"Las exposiciones contin\\u00faan en el Centro Niemeyer y ma\\u00f1ana viernes a las 18:00 tendr\\u00e1 lugar la inauguraci\\u00f3n oficial de la retrospectiva de la fot\\u00f3grafa iran\\u00ed Shadi Ghadirian titulada \\u201cComo todos los d\\u00edas\\u201d. La exposici\\u00f3n se podr\\u00e1 visitar de forma gratuita durante el primer d\\u00eda de apertura, de 11:00 a 14:00 y de 16:00 a 19:00.\",\"inLanguage\":\"es-ES\",\"isPartOf\":{\"@id\":\"https:\\\/\\\/candas365.es\\\/noticias\\\/#website\"},\"breadcrumb\":{\"@id\":\"https:\\\/\\\/candas365.es\\\/noticias\\\/fin-de-semana-del-11-al-13-de-enero-en-el-niemeyer\\\/#breadcrumblist\"},\"author\":{\"@id\":\"https:\\\/\\\/candas365.es\\\/noticias\\\/author\\\/admin\\\/#author\"},\"creator\":{\"@id\":\"https:\\\/\\\/candas365.es\\\/noticias\\\/author\\\/admin\\\/#author\"},\"image\":{\"@type\":\"ImageObject\",\"url\":\"https:\\\/\\\/candas365.es\\\/noticias\\\/wp-content\\\/uploads\\\/2019\\\/01\\\/Berto-Romero.jpg\",\"@id\":\"https:\\\/\\\/candas365.es\\\/noticias\\\/fin-de-semana-del-11-al-13-de-enero-en-el-niemeyer\\\/#mainImage\",\"width\":1280,\"height\":853},\"primaryImageOfPage\":{\"@id\":\"https:\\\/\\\/candas365.es\\\/noticias\\\/fin-de-semana-del-11-al-13-de-enero-en-el-niemeyer\\\/#mainImage\"},\"datePublished\":\"2019-01-10T15:36:49+01:00\",\"dateModified\":\"2019-01-10T15:36:49+01:00\"},{\"@type\":\"WebSite\",\"@id\":\"https:\\\/\\\/candas365.es\\\/noticias\\\/#website\",\"url\":\"https:\\\/\\\/candas365.es\\\/noticias\\\/\",\"name\":\"Cand\\u00e1s 365\",\"alternateName\":\"Cand\\u00e1s 365 Noticias\",\"description\":\"Actualidad desde Carre\\u00f1o para el mundo\",\"inLanguage\":\"es-ES\",\"publisher\":{\"@id\":\"https:\\\/\\\/candas365.es\\\/noticias\\\/#organization\"}}]}\n\t\t<\/script>\n\t\t<!-- All in One SEO Pro -->\r\n\t\t<title>Fin de semana del 11 al 13 de enero en el Niemeyer | Cand\u00e1s 365<\/title>\n\n","aioseo_head_json":{"title":"Fin de semana del 11 al 13 de enero en el Niemeyer | Cand\u00e1s 365","description":"Las exposiciones contin\u00faan en el Centro Niemeyer y ma\u00f1ana viernes a las 18:00 tendr\u00e1 lugar la inauguraci\u00f3n oficial de la retrospectiva de la fot\u00f3grafa iran\u00ed Shadi Ghadirian titulada \u201cComo todos los d\u00edas\u201d. La exposici\u00f3n se podr\u00e1 visitar de forma gratuita durante el primer d\u00eda de apertura, de 11:00 a 14:00 y de 16:00 a 19:00.","canonical_url":"https:\/\/candas365.es\/noticias\/fin-de-semana-del-11-al-13-de-enero-en-el-niemeyer\/","robots":"max-image-preview:large","keywords":"agenda","webmasterTools":{"google-site-verification":"UA-32230408-1","msvalidate.01":"354F3CDFB2DA171B47FBE9ABF1F88D5","miscellaneous":""},"schema":{"@context":"https:\/\/schema.org","@graph":[{"@type":"BreadcrumbList","@id":"https:\/\/candas365.es\/noticias\/fin-de-semana-del-11-al-13-de-enero-en-el-niemeyer\/#breadcrumblist","itemListElement":[{"@type":"ListItem","@id":"https:\/\/candas365.es\/noticias#listItem","position":1,"name":"Home","item":"https:\/\/candas365.es\/noticias","nextItem":{"@type":"ListItem","@id":"https:\/\/candas365.es\/noticias\/category\/agenda\/#listItem","name":"Agenda"}},{"@type":"ListItem","@id":"https:\/\/candas365.es\/noticias\/category\/agenda\/#listItem","position":2,"name":"Agenda","item":"https:\/\/candas365.es\/noticias\/category\/agenda\/","nextItem":{"@type":"ListItem","@id":"https:\/\/candas365.es\/noticias\/fin-de-semana-del-11-al-13-de-enero-en-el-niemeyer\/#listItem","name":"Fin de semana del 11 al 13 de enero en el Niemeyer"},"previousItem":{"@type":"ListItem","@id":"https:\/\/candas365.es\/noticias#listItem","name":"Home"}},{"@type":"ListItem","@id":"https:\/\/candas365.es\/noticias\/fin-de-semana-del-11-al-13-de-enero-en-el-niemeyer\/#listItem","position":3,"name":"Fin de semana del 11 al 13 de enero en el Niemeyer","previousItem":{"@type":"ListItem","@id":"https:\/\/candas365.es\/noticias\/category\/agenda\/#listItem","name":"Agenda"}}]},{"@type":"NewsArticle","@id":"https:\/\/candas365.es\/noticias\/fin-de-semana-del-11-al-13-de-enero-en-el-niemeyer\/#newsarticle","name":"Fin de semana del 11 al 13 de enero en el Niemeyer | Cand\u00e1s 365","headline":"Fin de semana del 11 al 13 de enero en el Niemeyer","author":{"@id":"https:\/\/candas365.es\/noticias\/author\/admin\/#author"},"publisher":{"@id":"https:\/\/candas365.es\/noticias\/#organization"},"image":{"@type":"ImageObject","url":"https:\/\/candas365.es\/noticias\/wp-content\/uploads\/2019\/01\/Berto-Romero.jpg","width":1280,"height":853},"datePublished":"2019-01-10T15:36:49+01:00","dateModified":"2019-01-10T15:36:49+01:00","inLanguage":"es-ES","mainEntityOfPage":{"@id":"https:\/\/candas365.es\/noticias\/fin-de-semana-del-11-al-13-de-enero-en-el-niemeyer\/#webpage"},"isPartOf":{"@id":"https:\/\/candas365.es\/noticias\/fin-de-semana-del-11-al-13-de-enero-en-el-niemeyer\/#webpage"},"articleSection":"Agenda","dateline":"Publicado el enero 10, 2019."},{"@type":"Organization","@id":"https:\/\/candas365.es\/noticias\/#organization","name":"Cand\u00e1s 365","description":"Cand\u00e1s 365 es un diario digital independiente, fundado en 2012, con base en Asturias. Informamos con rigor sobre actualidad, sociedad, cultura y ocio, con una mirada local y global.","url":"https:\/\/candas365.es\/noticias\/","email":"info@candas365.es","telephone":"+34652131393","foundingDate":"2012-06-10","logo":{"@type":"ImageObject","url":"https:\/\/candas365.es\/noticias\/wp-content\/uploads\/2024\/09\/Candas-365-Redes.jpg","@id":"https:\/\/candas365.es\/noticias\/fin-de-semana-del-11-al-13-de-enero-en-el-niemeyer\/#organizationLogo","width":1152,"height":864,"caption":"Cand\u00e1s 365 Redes"},"image":{"@id":"https:\/\/candas365.es\/noticias\/fin-de-semana-del-11-al-13-de-enero-en-el-niemeyer\/#organizationLogo"},"sameAs":["https:\/\/www.facebook.com\/Nachofdezber","https:\/\/x.com\/NabercoDigital","https:\/\/www.instagram.com\/nachofdezber\/","https:\/\/www.youtube.com\/channel\/UCZP-2wLEB9Rv6erhFmqVnvg"],"address":{"@id":"https:\/\/candas365.es\/noticias\/#postaladdress","@type":"PostalAddress","streetAddress":"san antonio 4, san antonio 4","postalCode":"33430","addressLocality":"Cand\u00e1s","addressRegion":"Asturias","addressCountry":"ES"}},{"@type":"Person","@id":"https:\/\/candas365.es\/noticias\/author\/admin\/#author","url":"https:\/\/candas365.es\/noticias\/author\/admin\/","name":"Cand\u00e1s 365","image":{"@type":"ImageObject","@id":"https:\/\/candas365.es\/noticias\/fin-de-semana-del-11-al-13-de-enero-en-el-niemeyer\/#authorImage","url":"https:\/\/secure.gravatar.com\/avatar\/496a8e03d0c493ede1718b7934145dbdf8d89be1036b0eec9544e1094c9de390?s=96&d=mm&r=g","width":96,"height":96,"caption":"Cand\u00e1s 365"},"sameAs":["https:\/\/www.facebook.com\/carrenoactualidad","https:\/\/twitter.com\/nbasturias","https:\/\/www.instagram.com\/nachofdezber\/","https:\/\/www.youtube.com\/channel\/UCZP-2wLEB9Rv6erhFmqVnvg"]},{"@type":"WebPage","@id":"https:\/\/candas365.es\/noticias\/fin-de-semana-del-11-al-13-de-enero-en-el-niemeyer\/#webpage","url":"https:\/\/candas365.es\/noticias\/fin-de-semana-del-11-al-13-de-enero-en-el-niemeyer\/","name":"Fin de semana del 11 al 13 de enero en el Niemeyer | Cand\u00e1s 365","description":"Las exposiciones contin\u00faan en el Centro Niemeyer y ma\u00f1ana viernes a las 18:00 tendr\u00e1 lugar la inauguraci\u00f3n oficial de la retrospectiva de la fot\u00f3grafa iran\u00ed Shadi Ghadirian titulada \u201cComo todos los d\u00edas\u201d. La exposici\u00f3n se podr\u00e1 visitar de forma gratuita durante el primer d\u00eda de apertura, de 11:00 a 14:00 y de 16:00 a 19:00.","inLanguage":"es-ES","isPartOf":{"@id":"https:\/\/candas365.es\/noticias\/#website"},"breadcrumb":{"@id":"https:\/\/candas365.es\/noticias\/fin-de-semana-del-11-al-13-de-enero-en-el-niemeyer\/#breadcrumblist"},"author":{"@id":"https:\/\/candas365.es\/noticias\/author\/admin\/#author"},"creator":{"@id":"https:\/\/candas365.es\/noticias\/author\/admin\/#author"},"image":{"@type":"ImageObject","url":"https:\/\/candas365.es\/noticias\/wp-content\/uploads\/2019\/01\/Berto-Romero.jpg","@id":"https:\/\/candas365.es\/noticias\/fin-de-semana-del-11-al-13-de-enero-en-el-niemeyer\/#mainImage","width":1280,"height":853},"primaryImageOfPage":{"@id":"https:\/\/candas365.es\/noticias\/fin-de-semana-del-11-al-13-de-enero-en-el-niemeyer\/#mainImage"},"datePublished":"2019-01-10T15:36:49+01:00","dateModified":"2019-01-10T15:36:49+01:00"},{"@type":"WebSite","@id":"https:\/\/candas365.es\/noticias\/#website","url":"https:\/\/candas365.es\/noticias\/","name":"Cand\u00e1s 365","alternateName":"Cand\u00e1s 365 Noticias","description":"Actualidad desde Carre\u00f1o para el mundo","inLanguage":"es-ES","publisher":{"@id":"https:\/\/candas365.es\/noticias\/#organization"}}]},"og:locale":"es_ES","og:site_name":"Cand\u00e1s 365","og:type":"article","og:title":"Fin de semana del 11 al 13 de enero en el Niemeyer | Cand\u00e1s 365","og:description":"Las exposiciones contin\u00faan en el Centro Niemeyer y ma\u00f1ana viernes a las 18:00 tendr\u00e1 lugar la inauguraci\u00f3n oficial de la retrospectiva de la fot\u00f3grafa iran\u00ed Shadi Ghadirian titulada \u201cComo todos los d\u00edas\u201d. La exposici\u00f3n se podr\u00e1 visitar de forma gratuita durante el primer d\u00eda de apertura, de 11:00 a 14:00 y de 16:00 a 19:00.","og:url":"https:\/\/candas365.es\/noticias\/fin-de-semana-del-11-al-13-de-enero-en-el-niemeyer\/","og:image":"https:\/\/candas365.es\/noticias\/wp-content\/uploads\/2019\/01\/Berto-Romero.jpg","og:image:secure_url":"https:\/\/candas365.es\/noticias\/wp-content\/uploads\/2019\/01\/Berto-Romero.jpg","og:image:width":1280,"og:image:height":853,"article:published_time":"2019-01-10T15:36:49+00:00","article:modified_time":"2019-01-10T15:36:49+00:00","article:publisher":"https:\/\/www.facebook.com\/Nachofdezber","article:author":"https:\/\/www.facebook.com\/carrenoactualidad","twitter:card":"summary_large_image","twitter:site":"@NabercoDigital","twitter:title":"Fin de semana del 11 al 13 de enero en el Niemeyer | Cand\u00e1s 365","twitter:description":"Las exposiciones contin\u00faan en el Centro Niemeyer y ma\u00f1ana viernes a las 18:00 tendr\u00e1 lugar la inauguraci\u00f3n oficial de la retrospectiva de la fot\u00f3grafa iran\u00ed Shadi Ghadirian titulada \u201cComo todos los d\u00edas\u201d. La exposici\u00f3n se podr\u00e1 visitar de forma gratuita durante el primer d\u00eda de apertura, de 11:00 a 14:00 y de 16:00 a 19:00.","twitter:creator":"@nbasturias","twitter:image":"https:\/\/candas365.es\/noticias\/wp-content\/uploads\/2019\/01\/Berto-Romero.jpg","twitter:label1":"Escrito por","twitter:data1":"Cand\u00e1s 365","twitter:label2":"Tiempo de lectura estimado","twitter:data2":"1 minuto"},"aioseo_meta_data":{"post_id":"113948","title":null,"description":null,"keywords":null,"keyphrases":null,"primary_term":null,"canonical_url":null,"og_title":null,"og_description":null,"og_object_type":"default","og_image_type":"default","og_image_url":null,"og_image_width":null,"og_image_height":null,"og_image_custom_url":null,"og_image_custom_fields":null,"og_video":null,"og_custom_url":null,"og_article_section":null,"og_article_tags":null,"twitter_use_og":false,"twitter_card":"default","twitter_image_type":"default","twitter_image_url":null,"twitter_image_custom_url":null,"twitter_image_custom_fields":null,"twitter_title":null,"twitter_description":null,"schema":{"blockGraphs":[],"customGraphs":[],"default":{"data":{"Article":[],"Course":[],"Dataset":[],"FAQPage":[],"Movie":[],"Person":[],"Product":[],"ProductReview":[],"Car":[],"Recipe":[],"Service":[],"SoftwareApplication":[],"WebPage":[]},"graphName":"","isEnabled":true},"graphs":[],"defaultGraph":"","defaultPostTypeGraph":""},"schema_type":null,"schema_type_options":null,"pillar_content":false,"robots_default":true,"robots_noindex":false,"robots_noarchive":false,"robots_nosnippet":false,"robots_nofollow":false,"robots_noimageindex":false,"robots_noodp":false,"robots_notranslate":false,"robots_max_snippet":null,"robots_max_videopreview":null,"robots_max_imagepreview":"large","priority":null,"frequency":null,"location":null,"local_seo":null,"seo_analyzer_scan_date":"2025-08-29 00:05:21","breadcrumb_settings":null,"limit_modified_date":false,"reviewed_by":null,"open_ai":null,"ai":null,"created":"2020-12-21 11:25:55","updated":"2025-08-29 00:05:21"},"aioseo_breadcrumb":"<div class=\"aioseo-breadcrumbs\"><span class=\"aioseo-breadcrumb\">\n\t<a href=\"https:\/\/candas365.es\/noticias\" title=\"Home\">Home<\/a>\n<\/span><span class=\"aioseo-breadcrumb-separator\">&ndash;<\/span><span class=\"aioseo-breadcrumb\">\n\t<a href=\"https:\/\/candas365.es\/noticias\/category\/agenda\/\" title=\"Agenda\">Agenda<\/a>\n<\/span><span class=\"aioseo-breadcrumb-separator\">&ndash;<\/span><span class=\"aioseo-breadcrumb\">\n\tFin de semana del 11 al 13 de enero en el Niemeyer\n<\/span><\/div>","aioseo_breadcrumb_json":[{"label":"Home","link":"https:\/\/candas365.es\/noticias"},{"label":"Agenda","link":"https:\/\/candas365.es\/noticias\/category\/agenda\/"},{"label":"Fin de semana del 11 al 13 de enero en el Niemeyer","link":"https:\/\/candas365.es\/noticias\/fin-de-semana-del-11-al-13-de-enero-en-el-niemeyer\/"}],"_links":{"self":[{"href":"https:\/\/candas365.es\/noticias\/wp-json\/wp\/v2\/posts\/113948","targetHints":{"allow":["GET"]}}],"collection":[{"href":"https:\/\/candas365.es\/noticias\/wp-json\/wp\/v2\/posts"}],"about":[{"href":"https:\/\/candas365.es\/noticias\/wp-json\/wp\/v2\/types\/post"}],"author":[{"embeddable":true,"href":"https:\/\/candas365.es\/noticias\/wp-json\/wp\/v2\/users\/1"}],"replies":[{"embeddable":true,"href":"https:\/\/candas365.es\/noticias\/wp-json\/wp\/v2\/comments?post=113948"}],"version-history":[{"count":0,"href":"https:\/\/candas365.es\/noticias\/wp-json\/wp\/v2\/posts\/113948\/revisions"}],"wp:featuredmedia":[{"embeddable":true,"href":"https:\/\/candas365.es\/noticias\/wp-json\/wp\/v2\/media\/113949"}],"wp:attachment":[{"href":"https:\/\/candas365.es\/noticias\/wp-json\/wp\/v2\/media?parent=113948"}],"wp:term":[{"taxonomy":"category","embeddable":true,"href":"https:\/\/candas365.es\/noticias\/wp-json\/wp\/v2\/categories?post=113948"},{"taxonomy":"post_tag","embeddable":true,"href":"https:\/\/candas365.es\/noticias\/wp-json\/wp\/v2\/tags?post=113948"}],"curies":[{"name":"wp","href":"https:\/\/api.w.org\/{rel}","templated":true}]}}