{"id":113879,"date":"2019-01-09T20:39:00","date_gmt":"2019-01-09T20:39:00","guid":{"rendered":"http:\/\/candas365.es\/noticias\/?p=113879"},"modified":"2019-01-09T20:39:00","modified_gmt":"2019-01-09T20:39:00","slug":"el-gobierno-de-asturias-intentara-aprobar-al-menos-seis-leyes-en-su-fin-de-mandato","status":"publish","type":"post","link":"https:\/\/candas365.es\/noticias\/el-gobierno-de-asturias-intentara-aprobar-al-menos-seis-leyes-en-su-fin-de-mandato\/","title":{"rendered":"El Gobierno de Asturias intentar\u00e1 aprobar al menos seis leyes en su fin de mandato"},"content":{"rendered":"<p><img fetchpriority=\"high\" decoding=\"async\" class=\"alignleft size-medium wp-image-110390\" src=\"https:\/\/candas365.es\/noticias\/wp-content\/uploads\/2018\/11\/Reunion-Consejo-Gobierno-2-360x240.jpg\" alt=\"\" width=\"360\" height=\"240\" srcset=\"https:\/\/candas365.es\/noticias\/wp-content\/uploads\/2018\/11\/Reunion-Consejo-Gobierno-2-360x240.jpg 360w, https:\/\/candas365.es\/noticias\/wp-content\/uploads\/2018\/11\/Reunion-Consejo-Gobierno-2-768x512.jpg 768w, https:\/\/candas365.es\/noticias\/wp-content\/uploads\/2018\/11\/Reunion-Consejo-Gobierno-2-655x436.jpg 655w, https:\/\/candas365.es\/noticias\/wp-content\/uploads\/2018\/11\/Reunion-Consejo-Gobierno-2-696x464.jpg 696w, https:\/\/candas365.es\/noticias\/wp-content\/uploads\/2018\/11\/Reunion-Consejo-Gobierno-2-1068x712.jpg 1068w, https:\/\/candas365.es\/noticias\/wp-content\/uploads\/2018\/11\/Reunion-Consejo-Gobierno-2-630x420.jpg 630w, https:\/\/candas365.es\/noticias\/wp-content\/uploads\/2018\/11\/Reunion-Consejo-Gobierno-2.jpg 1280w\" sizes=\"(max-width: 360px) 100vw, 360px\" \/>El Consejo de Gobierno del Principado ha analizado en su reuni\u00f3n de hoy las prioridades legislativas de los pr\u00f3ximos meses con el fin de impulsar la aprobaci\u00f3n de las leyes que tramita actualmente la Junta General; en especial la de Salud y las referidas a los derechos y prestaciones vitales para cubrir necesidades b\u00e1sicas, la libre expresi\u00f3n de la identidad sexual y\/o de g\u00e9nero de las personas trans, la acci\u00f3n concertada con entidades de iniciativa social sin \u00e1nimo de lucro para la prestaci\u00f3n de servicios de car\u00e1cter social, la participaci\u00f3n y promoci\u00f3n juvenil, y la actividad f\u00edsica y el deporte.<\/p>\n<p>Para ello, las comparecencias informativas de los miembros del Gobierno relativas a estos cincos proyectos tendr\u00e1n lugar en las dos primeras semanas de actividad del Parlamento. Esta actividad parlamentaria comenzar\u00e1 ma\u00f1ana mismo con la comparecencia del consejero de Presidencia y Participaci\u00f3n Ciudadana, Guillermo Mart\u00ednez, sobre el proyecto de Ley de Participaci\u00f3n y Promoci\u00f3n Juvenil.<\/p>\n<p>El Ejecutivo ofrece su cooperaci\u00f3n a la Junta General y conf\u00eda tambi\u00e9n en que todos los grupos parlamentarios colaboren para sacar adelante estas leyes, que consolidan y garantizan derechos y servicios fundamentales para el conjunto de la poblaci\u00f3n y que ofrecen respuestas a personas en situaci\u00f3n de vulnerabilidad o que sufren alg\u00fan tipo de discriminaci\u00f3n.<\/p>\n<p>La capacidad de proposici\u00f3n normativa del Gobierno se ha plasmado en la aprobaci\u00f3n, en esta legislatura, de 20 planes y 33 proyectos de ley, 22 de los cuales recibieron el visto bueno de la Junta General, dos fueron retirados, uno fue devuelto y ocho a\u00fan se est\u00e1n tramitando. Estas 33 leyes se suman a las 34 de la legislatura anterior, lo que eleva a 67 las iniciativas legislativas promovidas por el Ejecutivo auton\u00f3mico en seis a\u00f1os.<\/p>\n<p>De estos proyectos, la C\u00e1mara debati\u00f3 y aprob\u00f3 47, lo que avala la actividad realizada por el Gobierno del Principado, que se ha plasmado en normas de especial relevancia para el conjunto de la ciudadan\u00eda como las leyes de Transparencia, Buen Gobierno y Grupos de Inter\u00e9s; de Atenci\u00f3n Integral en materia de Drogas y Bebidas Alcoh\u00f3licas; de los Asturianos en el exterior y del reconocimiento de la Asturian\u00eda; sobre derechos y garant\u00edas de la dignidad de las personas al final de la vida; del Juego y Apuestas y del Salario Social B\u00e1sico<\/p>\n<p><strong>Transparencia<\/strong><\/p>\n<p>Adem\u00e1s de analizar esta actividad legislativa, el Consejo de Gobierno ha realizado tambi\u00e9n hoy un balance de su participaci\u00f3n parlamentaria para responder con la m\u00e1xima transparencia a la labor de control asignada a la C\u00e1mara. As\u00ed, el presidente del Principado respondi\u00f3 a 197 preguntas y el Ejecutivo, a 5.691 iniciativas por escrito, de las cu\u00e1les 1.695 (29,78%) correspondieron a preguntas y 3.996 (70,22%) a solicitudes de informaci\u00f3n. A ellas se sumaron 2.298 intervenciones orales en plenos y comisiones. En el caso de los plenos, fueron 1.403 para responder a 1.104 preguntas orales, un 69,56% urgentes; a 295 interpelaciones, un 54,91% urgentes y a cuatro comparecencias a iniciativa parlamentaria. En el caso de las comisiones, las intervenciones fueron 895, de las que 476 fueron preguntas orales, un 37,61% urgentes. Los consejeros acudieron en 419 ocasiones, 23 de ellas a iniciativa propia.<\/p>\n<p>En lo que va de legislatura, el Gobierno sustanci\u00f3 8.186 iniciativas parlamentarias orales y escritas. En total, 12.440 si tenemos en cuenta la novena legislatura.<\/p>\n","protected":false},"excerpt":{"rendered":"<p>El Consejo de Gobierno del Principado ha analizado en su reuni\u00f3n de hoy las prioridades legislativas de los pr\u00f3ximos meses con el fin de impulsar la aprobaci\u00f3n de las leyes que tramita actualmente la Junta General; en especial la de Salud y las referidas a los derechos y prestaciones vitales para cubrir necesidades b\u00e1sicas, la<\/p>\n","protected":false},"author":1,"featured_media":110390,"comment_status":"closed","ping_status":"closed","sticky":false,"template":"","format":"standard","meta":{"footnotes":""},"categories":[7],"tags":[],"class_list":{"0":"post-113879","1":"post","2":"type-post","3":"status-publish","4":"format-standard","5":"has-post-thumbnail","7":"category-asturias"},"aioseo_notices":[],"aioseo_head":"\n\t\t<!-- All in One SEO Pro 4.9.6.2 - aioseo.com -->\n\t<meta name=\"description\" content=\"El Consejo de Gobierno del Principado ha analizado en su reuni\u00f3n de hoy las prioridades legislativas de los pr\u00f3ximos meses con el fin de impulsar la aprobaci\u00f3n de las leyes que tramita actualmente la Junta General; en especial la de Salud y las referidas a los derechos y prestaciones vitales para cubrir necesidades b\u00e1sicas, la\" \/>\n\t<meta name=\"robots\" content=\"max-image-preview:large\" \/>\n\t<meta name=\"author\" content=\"Cand\u00e1s 365\"\/>\n\t<meta name=\"google-site-verification\" content=\"UA-32230408-1\" \/>\n\t<meta name=\"msvalidate.01\" content=\"354F3CDFB2DA171B47FBE9ABF1F88D5\" \/>\n\t<meta name=\"keywords\" content=\"asturias\" \/>\n\t<link rel=\"canonical\" href=\"https:\/\/candas365.es\/noticias\/el-gobierno-de-asturias-intentara-aprobar-al-menos-seis-leyes-en-su-fin-de-mandato\/\" \/>\n\t<meta name=\"generator\" content=\"All in One SEO Pro (AIOSEO) 4.9.6.2\" \/>\n\t\t<meta property=\"og:locale\" content=\"es_ES\" \/>\n\t\t<meta property=\"og:site_name\" content=\"Cand\u00e1s 365\" \/>\n\t\t<meta property=\"og:type\" content=\"article\" \/>\n\t\t<meta property=\"og:title\" content=\"El Gobierno de Asturias intentar\u00e1 aprobar al menos seis leyes en su fin de mandato | Cand\u00e1s 365\" \/>\n\t\t<meta property=\"og:description\" content=\"El Consejo de Gobierno del Principado ha analizado en su reuni\u00f3n de hoy las prioridades legislativas de los pr\u00f3ximos meses con el fin de impulsar la aprobaci\u00f3n de las leyes que tramita actualmente la Junta General; en especial la de Salud y las referidas a los derechos y prestaciones vitales para cubrir necesidades b\u00e1sicas, la\" \/>\n\t\t<meta property=\"og:url\" content=\"https:\/\/candas365.es\/noticias\/el-gobierno-de-asturias-intentara-aprobar-al-menos-seis-leyes-en-su-fin-de-mandato\/\" \/>\n\t\t<meta property=\"og:image\" content=\"https:\/\/candas365.es\/noticias\/wp-content\/uploads\/2018\/11\/Reunion-Consejo-Gobierno-2.jpg\" \/>\n\t\t<meta property=\"og:image:secure_url\" content=\"https:\/\/candas365.es\/noticias\/wp-content\/uploads\/2018\/11\/Reunion-Consejo-Gobierno-2.jpg\" \/>\n\t\t<meta property=\"og:image:width\" content=\"1280\" \/>\n\t\t<meta property=\"og:image:height\" content=\"853\" \/>\n\t\t<meta property=\"article:published_time\" content=\"2019-01-09T20:39:00+00:00\" \/>\n\t\t<meta property=\"article:modified_time\" content=\"2019-01-09T20:39:00+00:00\" \/>\n\t\t<meta property=\"article:publisher\" content=\"https:\/\/www.facebook.com\/Nachofdezber\" \/>\n\t\t<meta property=\"article:author\" content=\"https:\/\/www.facebook.com\/carrenoactualidad\" \/>\n\t\t<meta name=\"twitter:card\" content=\"summary_large_image\" \/>\n\t\t<meta name=\"twitter:site\" content=\"@NabercoDigital\" \/>\n\t\t<meta name=\"twitter:title\" content=\"El Gobierno de Asturias intentar\u00e1 aprobar al menos seis leyes en su fin de mandato | Cand\u00e1s 365\" \/>\n\t\t<meta name=\"twitter:description\" content=\"El Consejo de Gobierno del Principado ha analizado en su reuni\u00f3n de hoy las prioridades legislativas de los pr\u00f3ximos meses con el fin de impulsar la aprobaci\u00f3n de las leyes que tramita actualmente la Junta General; en especial la de Salud y las referidas a los derechos y prestaciones vitales para cubrir necesidades b\u00e1sicas, la\" \/>\n\t\t<meta name=\"twitter:creator\" content=\"@nbasturias\" \/>\n\t\t<meta name=\"twitter:image\" content=\"https:\/\/candas365.es\/noticias\/wp-content\/uploads\/2018\/11\/Reunion-Consejo-Gobierno-2.jpg\" \/>\n\t\t<meta name=\"twitter:label1\" content=\"Escrito por\" \/>\n\t\t<meta name=\"twitter:data1\" content=\"Cand\u00e1s 365\" \/>\n\t\t<meta name=\"twitter:label2\" content=\"Tiempo de lectura estimado\" \/>\n\t\t<meta name=\"twitter:data2\" content=\"3 minutos\" \/>\n\t\t<script type=\"application\/ld+json\" class=\"aioseo-schema\">\n\t\t\t{\"@context\":\"https:\\\/\\\/schema.org\",\"@graph\":[{\"@type\":\"BreadcrumbList\",\"@id\":\"https:\\\/\\\/candas365.es\\\/noticias\\\/el-gobierno-de-asturias-intentara-aprobar-al-menos-seis-leyes-en-su-fin-de-mandato\\\/#breadcrumblist\",\"itemListElement\":[{\"@type\":\"ListItem\",\"@id\":\"https:\\\/\\\/candas365.es\\\/noticias#listItem\",\"position\":1,\"name\":\"Home\",\"item\":\"https:\\\/\\\/candas365.es\\\/noticias\",\"nextItem\":{\"@type\":\"ListItem\",\"@id\":\"https:\\\/\\\/candas365.es\\\/noticias\\\/category\\\/asturias\\\/#listItem\",\"name\":\"Asturias\"}},{\"@type\":\"ListItem\",\"@id\":\"https:\\\/\\\/candas365.es\\\/noticias\\\/category\\\/asturias\\\/#listItem\",\"position\":2,\"name\":\"Asturias\",\"item\":\"https:\\\/\\\/candas365.es\\\/noticias\\\/category\\\/asturias\\\/\",\"nextItem\":{\"@type\":\"ListItem\",\"@id\":\"https:\\\/\\\/candas365.es\\\/noticias\\\/el-gobierno-de-asturias-intentara-aprobar-al-menos-seis-leyes-en-su-fin-de-mandato\\\/#listItem\",\"name\":\"El Gobierno de Asturias intentar\\u00e1 aprobar al menos seis leyes en su fin de mandato\"},\"previousItem\":{\"@type\":\"ListItem\",\"@id\":\"https:\\\/\\\/candas365.es\\\/noticias#listItem\",\"name\":\"Home\"}},{\"@type\":\"ListItem\",\"@id\":\"https:\\\/\\\/candas365.es\\\/noticias\\\/el-gobierno-de-asturias-intentara-aprobar-al-menos-seis-leyes-en-su-fin-de-mandato\\\/#listItem\",\"position\":3,\"name\":\"El Gobierno de Asturias intentar\\u00e1 aprobar al menos seis leyes en su fin de mandato\",\"previousItem\":{\"@type\":\"ListItem\",\"@id\":\"https:\\\/\\\/candas365.es\\\/noticias\\\/category\\\/asturias\\\/#listItem\",\"name\":\"Asturias\"}}]},{\"@type\":\"NewsArticle\",\"@id\":\"https:\\\/\\\/candas365.es\\\/noticias\\\/el-gobierno-de-asturias-intentara-aprobar-al-menos-seis-leyes-en-su-fin-de-mandato\\\/#newsarticle\",\"name\":\"El Gobierno de Asturias intentar\\u00e1 aprobar al menos seis leyes en su fin de mandato | Cand\\u00e1s 365\",\"headline\":\"El Gobierno de Asturias intentar\\u00e1 aprobar al menos seis leyes en su fin de mandato\",\"author\":{\"@id\":\"https:\\\/\\\/candas365.es\\\/noticias\\\/author\\\/admin\\\/#author\"},\"publisher\":{\"@id\":\"https:\\\/\\\/candas365.es\\\/noticias\\\/#organization\"},\"image\":{\"@type\":\"ImageObject\",\"url\":\"https:\\\/\\\/candas365.es\\\/noticias\\\/wp-content\\\/uploads\\\/2018\\\/11\\\/Reunion-Consejo-Gobierno-2.jpg\",\"width\":1280,\"height\":853},\"datePublished\":\"2019-01-09T20:39:00+01:00\",\"dateModified\":\"2019-01-09T20:39:00+01:00\",\"inLanguage\":\"es-ES\",\"mainEntityOfPage\":{\"@id\":\"https:\\\/\\\/candas365.es\\\/noticias\\\/el-gobierno-de-asturias-intentara-aprobar-al-menos-seis-leyes-en-su-fin-de-mandato\\\/#webpage\"},\"isPartOf\":{\"@id\":\"https:\\\/\\\/candas365.es\\\/noticias\\\/el-gobierno-de-asturias-intentara-aprobar-al-menos-seis-leyes-en-su-fin-de-mandato\\\/#webpage\"},\"articleSection\":\"Asturias\",\"dateline\":\"Publicado el enero 9, 2019.\"},{\"@type\":\"Organization\",\"@id\":\"https:\\\/\\\/candas365.es\\\/noticias\\\/#organization\",\"name\":\"Cand\\u00e1s 365\",\"description\":\"Cand\\u00e1s 365 es un diario digital independiente, fundado en 2012, con base en Asturias. Informamos con rigor sobre actualidad, sociedad, cultura y ocio, con una mirada local y global.\",\"url\":\"https:\\\/\\\/candas365.es\\\/noticias\\\/\",\"email\":\"info@candas365.es\",\"telephone\":\"+34652131393\",\"foundingDate\":\"2012-06-10\",\"logo\":{\"@type\":\"ImageObject\",\"url\":\"https:\\\/\\\/candas365.es\\\/noticias\\\/wp-content\\\/uploads\\\/2024\\\/09\\\/Candas-365-Redes.jpg\",\"@id\":\"https:\\\/\\\/candas365.es\\\/noticias\\\/el-gobierno-de-asturias-intentara-aprobar-al-menos-seis-leyes-en-su-fin-de-mandato\\\/#organizationLogo\",\"width\":1152,\"height\":864,\"caption\":\"Cand\\u00e1s 365 Redes\"},\"image\":{\"@id\":\"https:\\\/\\\/candas365.es\\\/noticias\\\/el-gobierno-de-asturias-intentara-aprobar-al-menos-seis-leyes-en-su-fin-de-mandato\\\/#organizationLogo\"},\"sameAs\":[\"https:\\\/\\\/www.facebook.com\\\/Nachofdezber\",\"https:\\\/\\\/x.com\\\/NabercoDigital\",\"https:\\\/\\\/www.instagram.com\\\/nachofdezber\\\/\",\"https:\\\/\\\/www.youtube.com\\\/channel\\\/UCZP-2wLEB9Rv6erhFmqVnvg\"],\"address\":{\"@id\":\"https:\\\/\\\/candas365.es\\\/noticias\\\/#postaladdress\",\"@type\":\"PostalAddress\",\"streetAddress\":\"san antonio 4, san antonio 4\",\"postalCode\":\"33430\",\"addressLocality\":\"Cand\\u00e1s\",\"addressRegion\":\"Asturias\",\"addressCountry\":\"ES\"}},{\"@type\":\"Person\",\"@id\":\"https:\\\/\\\/candas365.es\\\/noticias\\\/author\\\/admin\\\/#author\",\"url\":\"https:\\\/\\\/candas365.es\\\/noticias\\\/author\\\/admin\\\/\",\"name\":\"Cand\\u00e1s 365\",\"image\":{\"@type\":\"ImageObject\",\"@id\":\"https:\\\/\\\/candas365.es\\\/noticias\\\/el-gobierno-de-asturias-intentara-aprobar-al-menos-seis-leyes-en-su-fin-de-mandato\\\/#authorImage\",\"url\":\"https:\\\/\\\/secure.gravatar.com\\\/avatar\\\/496a8e03d0c493ede1718b7934145dbdf8d89be1036b0eec9544e1094c9de390?s=96&d=mm&r=g\",\"width\":96,\"height\":96,\"caption\":\"Cand\\u00e1s 365\"},\"sameAs\":[\"https:\\\/\\\/www.facebook.com\\\/carrenoactualidad\",\"https:\\\/\\\/twitter.com\\\/nbasturias\",\"https:\\\/\\\/www.instagram.com\\\/nachofdezber\\\/\",\"https:\\\/\\\/www.youtube.com\\\/channel\\\/UCZP-2wLEB9Rv6erhFmqVnvg\"]},{\"@type\":\"WebPage\",\"@id\":\"https:\\\/\\\/candas365.es\\\/noticias\\\/el-gobierno-de-asturias-intentara-aprobar-al-menos-seis-leyes-en-su-fin-de-mandato\\\/#webpage\",\"url\":\"https:\\\/\\\/candas365.es\\\/noticias\\\/el-gobierno-de-asturias-intentara-aprobar-al-menos-seis-leyes-en-su-fin-de-mandato\\\/\",\"name\":\"El Gobierno de Asturias intentar\\u00e1 aprobar al menos seis leyes en su fin de mandato | Cand\\u00e1s 365\",\"description\":\"El Consejo de Gobierno del Principado ha analizado en su reuni\\u00f3n de hoy las prioridades legislativas de los pr\\u00f3ximos meses con el fin de impulsar la aprobaci\\u00f3n de las leyes que tramita actualmente la Junta General; en especial la de Salud y las referidas a los derechos y prestaciones vitales para cubrir necesidades b\\u00e1sicas, la\",\"inLanguage\":\"es-ES\",\"isPartOf\":{\"@id\":\"https:\\\/\\\/candas365.es\\\/noticias\\\/#website\"},\"breadcrumb\":{\"@id\":\"https:\\\/\\\/candas365.es\\\/noticias\\\/el-gobierno-de-asturias-intentara-aprobar-al-menos-seis-leyes-en-su-fin-de-mandato\\\/#breadcrumblist\"},\"author\":{\"@id\":\"https:\\\/\\\/candas365.es\\\/noticias\\\/author\\\/admin\\\/#author\"},\"creator\":{\"@id\":\"https:\\\/\\\/candas365.es\\\/noticias\\\/author\\\/admin\\\/#author\"},\"image\":{\"@type\":\"ImageObject\",\"url\":\"https:\\\/\\\/candas365.es\\\/noticias\\\/wp-content\\\/uploads\\\/2018\\\/11\\\/Reunion-Consejo-Gobierno-2.jpg\",\"@id\":\"https:\\\/\\\/candas365.es\\\/noticias\\\/el-gobierno-de-asturias-intentara-aprobar-al-menos-seis-leyes-en-su-fin-de-mandato\\\/#mainImage\",\"width\":1280,\"height\":853},\"primaryImageOfPage\":{\"@id\":\"https:\\\/\\\/candas365.es\\\/noticias\\\/el-gobierno-de-asturias-intentara-aprobar-al-menos-seis-leyes-en-su-fin-de-mandato\\\/#mainImage\"},\"datePublished\":\"2019-01-09T20:39:00+01:00\",\"dateModified\":\"2019-01-09T20:39:00+01:00\"},{\"@type\":\"WebSite\",\"@id\":\"https:\\\/\\\/candas365.es\\\/noticias\\\/#website\",\"url\":\"https:\\\/\\\/candas365.es\\\/noticias\\\/\",\"name\":\"Cand\\u00e1s 365\",\"alternateName\":\"Cand\\u00e1s 365 Noticias\",\"description\":\"Actualidad desde Carre\\u00f1o para el mundo\",\"inLanguage\":\"es-ES\",\"publisher\":{\"@id\":\"https:\\\/\\\/candas365.es\\\/noticias\\\/#organization\"}}]}\n\t\t<\/script>\n\t\t<!-- All in One SEO Pro -->\r\n\t\t<title>El Gobierno de Asturias intentar\u00e1 aprobar al menos seis leyes en su fin de mandato | Cand\u00e1s 365<\/title>\n\n","aioseo_head_json":{"title":"El Gobierno de Asturias intentar\u00e1 aprobar al menos seis leyes en su fin de mandato | Cand\u00e1s 365","description":"El Consejo de Gobierno del Principado ha analizado en su reuni\u00f3n de hoy las prioridades legislativas de los pr\u00f3ximos meses con el fin de impulsar la aprobaci\u00f3n de las leyes que tramita actualmente la Junta General; en especial la de Salud y las referidas a los derechos y prestaciones vitales para cubrir necesidades b\u00e1sicas, la","canonical_url":"https:\/\/candas365.es\/noticias\/el-gobierno-de-asturias-intentara-aprobar-al-menos-seis-leyes-en-su-fin-de-mandato\/","robots":"max-image-preview:large","keywords":"asturias","webmasterTools":{"google-site-verification":"UA-32230408-1","msvalidate.01":"354F3CDFB2DA171B47FBE9ABF1F88D5","miscellaneous":""},"schema":{"@context":"https:\/\/schema.org","@graph":[{"@type":"BreadcrumbList","@id":"https:\/\/candas365.es\/noticias\/el-gobierno-de-asturias-intentara-aprobar-al-menos-seis-leyes-en-su-fin-de-mandato\/#breadcrumblist","itemListElement":[{"@type":"ListItem","@id":"https:\/\/candas365.es\/noticias#listItem","position":1,"name":"Home","item":"https:\/\/candas365.es\/noticias","nextItem":{"@type":"ListItem","@id":"https:\/\/candas365.es\/noticias\/category\/asturias\/#listItem","name":"Asturias"}},{"@type":"ListItem","@id":"https:\/\/candas365.es\/noticias\/category\/asturias\/#listItem","position":2,"name":"Asturias","item":"https:\/\/candas365.es\/noticias\/category\/asturias\/","nextItem":{"@type":"ListItem","@id":"https:\/\/candas365.es\/noticias\/el-gobierno-de-asturias-intentara-aprobar-al-menos-seis-leyes-en-su-fin-de-mandato\/#listItem","name":"El Gobierno de Asturias intentar\u00e1 aprobar al menos seis leyes en su fin de mandato"},"previousItem":{"@type":"ListItem","@id":"https:\/\/candas365.es\/noticias#listItem","name":"Home"}},{"@type":"ListItem","@id":"https:\/\/candas365.es\/noticias\/el-gobierno-de-asturias-intentara-aprobar-al-menos-seis-leyes-en-su-fin-de-mandato\/#listItem","position":3,"name":"El Gobierno de Asturias intentar\u00e1 aprobar al menos seis leyes en su fin de mandato","previousItem":{"@type":"ListItem","@id":"https:\/\/candas365.es\/noticias\/category\/asturias\/#listItem","name":"Asturias"}}]},{"@type":"NewsArticle","@id":"https:\/\/candas365.es\/noticias\/el-gobierno-de-asturias-intentara-aprobar-al-menos-seis-leyes-en-su-fin-de-mandato\/#newsarticle","name":"El Gobierno de Asturias intentar\u00e1 aprobar al menos seis leyes en su fin de mandato | Cand\u00e1s 365","headline":"El Gobierno de Asturias intentar\u00e1 aprobar al menos seis leyes en su fin de mandato","author":{"@id":"https:\/\/candas365.es\/noticias\/author\/admin\/#author"},"publisher":{"@id":"https:\/\/candas365.es\/noticias\/#organization"},"image":{"@type":"ImageObject","url":"https:\/\/candas365.es\/noticias\/wp-content\/uploads\/2018\/11\/Reunion-Consejo-Gobierno-2.jpg","width":1280,"height":853},"datePublished":"2019-01-09T20:39:00+01:00","dateModified":"2019-01-09T20:39:00+01:00","inLanguage":"es-ES","mainEntityOfPage":{"@id":"https:\/\/candas365.es\/noticias\/el-gobierno-de-asturias-intentara-aprobar-al-menos-seis-leyes-en-su-fin-de-mandato\/#webpage"},"isPartOf":{"@id":"https:\/\/candas365.es\/noticias\/el-gobierno-de-asturias-intentara-aprobar-al-menos-seis-leyes-en-su-fin-de-mandato\/#webpage"},"articleSection":"Asturias","dateline":"Publicado el enero 9, 2019."},{"@type":"Organization","@id":"https:\/\/candas365.es\/noticias\/#organization","name":"Cand\u00e1s 365","description":"Cand\u00e1s 365 es un diario digital independiente, fundado en 2012, con base en Asturias. Informamos con rigor sobre actualidad, sociedad, cultura y ocio, con una mirada local y global.","url":"https:\/\/candas365.es\/noticias\/","email":"info@candas365.es","telephone":"+34652131393","foundingDate":"2012-06-10","logo":{"@type":"ImageObject","url":"https:\/\/candas365.es\/noticias\/wp-content\/uploads\/2024\/09\/Candas-365-Redes.jpg","@id":"https:\/\/candas365.es\/noticias\/el-gobierno-de-asturias-intentara-aprobar-al-menos-seis-leyes-en-su-fin-de-mandato\/#organizationLogo","width":1152,"height":864,"caption":"Cand\u00e1s 365 Redes"},"image":{"@id":"https:\/\/candas365.es\/noticias\/el-gobierno-de-asturias-intentara-aprobar-al-menos-seis-leyes-en-su-fin-de-mandato\/#organizationLogo"},"sameAs":["https:\/\/www.facebook.com\/Nachofdezber","https:\/\/x.com\/NabercoDigital","https:\/\/www.instagram.com\/nachofdezber\/","https:\/\/www.youtube.com\/channel\/UCZP-2wLEB9Rv6erhFmqVnvg"],"address":{"@id":"https:\/\/candas365.es\/noticias\/#postaladdress","@type":"PostalAddress","streetAddress":"san antonio 4, san antonio 4","postalCode":"33430","addressLocality":"Cand\u00e1s","addressRegion":"Asturias","addressCountry":"ES"}},{"@type":"Person","@id":"https:\/\/candas365.es\/noticias\/author\/admin\/#author","url":"https:\/\/candas365.es\/noticias\/author\/admin\/","name":"Cand\u00e1s 365","image":{"@type":"ImageObject","@id":"https:\/\/candas365.es\/noticias\/el-gobierno-de-asturias-intentara-aprobar-al-menos-seis-leyes-en-su-fin-de-mandato\/#authorImage","url":"https:\/\/secure.gravatar.com\/avatar\/496a8e03d0c493ede1718b7934145dbdf8d89be1036b0eec9544e1094c9de390?s=96&d=mm&r=g","width":96,"height":96,"caption":"Cand\u00e1s 365"},"sameAs":["https:\/\/www.facebook.com\/carrenoactualidad","https:\/\/twitter.com\/nbasturias","https:\/\/www.instagram.com\/nachofdezber\/","https:\/\/www.youtube.com\/channel\/UCZP-2wLEB9Rv6erhFmqVnvg"]},{"@type":"WebPage","@id":"https:\/\/candas365.es\/noticias\/el-gobierno-de-asturias-intentara-aprobar-al-menos-seis-leyes-en-su-fin-de-mandato\/#webpage","url":"https:\/\/candas365.es\/noticias\/el-gobierno-de-asturias-intentara-aprobar-al-menos-seis-leyes-en-su-fin-de-mandato\/","name":"El Gobierno de Asturias intentar\u00e1 aprobar al menos seis leyes en su fin de mandato | Cand\u00e1s 365","description":"El Consejo de Gobierno del Principado ha analizado en su reuni\u00f3n de hoy las prioridades legislativas de los pr\u00f3ximos meses con el fin de impulsar la aprobaci\u00f3n de las leyes que tramita actualmente la Junta General; en especial la de Salud y las referidas a los derechos y prestaciones vitales para cubrir necesidades b\u00e1sicas, la","inLanguage":"es-ES","isPartOf":{"@id":"https:\/\/candas365.es\/noticias\/#website"},"breadcrumb":{"@id":"https:\/\/candas365.es\/noticias\/el-gobierno-de-asturias-intentara-aprobar-al-menos-seis-leyes-en-su-fin-de-mandato\/#breadcrumblist"},"author":{"@id":"https:\/\/candas365.es\/noticias\/author\/admin\/#author"},"creator":{"@id":"https:\/\/candas365.es\/noticias\/author\/admin\/#author"},"image":{"@type":"ImageObject","url":"https:\/\/candas365.es\/noticias\/wp-content\/uploads\/2018\/11\/Reunion-Consejo-Gobierno-2.jpg","@id":"https:\/\/candas365.es\/noticias\/el-gobierno-de-asturias-intentara-aprobar-al-menos-seis-leyes-en-su-fin-de-mandato\/#mainImage","width":1280,"height":853},"primaryImageOfPage":{"@id":"https:\/\/candas365.es\/noticias\/el-gobierno-de-asturias-intentara-aprobar-al-menos-seis-leyes-en-su-fin-de-mandato\/#mainImage"},"datePublished":"2019-01-09T20:39:00+01:00","dateModified":"2019-01-09T20:39:00+01:00"},{"@type":"WebSite","@id":"https:\/\/candas365.es\/noticias\/#website","url":"https:\/\/candas365.es\/noticias\/","name":"Cand\u00e1s 365","alternateName":"Cand\u00e1s 365 Noticias","description":"Actualidad desde Carre\u00f1o para el mundo","inLanguage":"es-ES","publisher":{"@id":"https:\/\/candas365.es\/noticias\/#organization"}}]},"og:locale":"es_ES","og:site_name":"Cand\u00e1s 365","og:type":"article","og:title":"El Gobierno de Asturias intentar\u00e1 aprobar al menos seis leyes en su fin de mandato | Cand\u00e1s 365","og:description":"El Consejo de Gobierno del Principado ha analizado en su reuni\u00f3n de hoy las prioridades legislativas de los pr\u00f3ximos meses con el fin de impulsar la aprobaci\u00f3n de las leyes que tramita actualmente la Junta General; en especial la de Salud y las referidas a los derechos y prestaciones vitales para cubrir necesidades b\u00e1sicas, la","og:url":"https:\/\/candas365.es\/noticias\/el-gobierno-de-asturias-intentara-aprobar-al-menos-seis-leyes-en-su-fin-de-mandato\/","og:image":"https:\/\/candas365.es\/noticias\/wp-content\/uploads\/2018\/11\/Reunion-Consejo-Gobierno-2.jpg","og:image:secure_url":"https:\/\/candas365.es\/noticias\/wp-content\/uploads\/2018\/11\/Reunion-Consejo-Gobierno-2.jpg","og:image:width":1280,"og:image:height":853,"article:published_time":"2019-01-09T20:39:00+00:00","article:modified_time":"2019-01-09T20:39:00+00:00","article:publisher":"https:\/\/www.facebook.com\/Nachofdezber","article:author":"https:\/\/www.facebook.com\/carrenoactualidad","twitter:card":"summary_large_image","twitter:site":"@NabercoDigital","twitter:title":"El Gobierno de Asturias intentar\u00e1 aprobar al menos seis leyes en su fin de mandato | Cand\u00e1s 365","twitter:description":"El Consejo de Gobierno del Principado ha analizado en su reuni\u00f3n de hoy las prioridades legislativas de los pr\u00f3ximos meses con el fin de impulsar la aprobaci\u00f3n de las leyes que tramita actualmente la Junta General; en especial la de Salud y las referidas a los derechos y prestaciones vitales para cubrir necesidades b\u00e1sicas, la","twitter:creator":"@nbasturias","twitter:image":"https:\/\/candas365.es\/noticias\/wp-content\/uploads\/2018\/11\/Reunion-Consejo-Gobierno-2.jpg","twitter:label1":"Escrito por","twitter:data1":"Cand\u00e1s 365","twitter:label2":"Tiempo de lectura estimado","twitter:data2":"3 minutos"},"aioseo_meta_data":{"post_id":"113879","title":null,"description":null,"keywords":null,"keyphrases":null,"primary_term":null,"canonical_url":null,"og_title":null,"og_description":null,"og_object_type":"default","og_image_type":"default","og_image_url":null,"og_image_width":null,"og_image_height":null,"og_image_custom_url":null,"og_image_custom_fields":null,"og_video":null,"og_custom_url":null,"og_article_section":null,"og_article_tags":null,"twitter_use_og":false,"twitter_card":"default","twitter_image_type":"default","twitter_image_url":null,"twitter_image_custom_url":null,"twitter_image_custom_fields":null,"twitter_title":null,"twitter_description":null,"schema":{"blockGraphs":[],"customGraphs":[],"default":{"data":{"Article":[],"Course":[],"Dataset":[],"FAQPage":[],"Movie":[],"Person":[],"Product":[],"ProductReview":[],"Car":[],"Recipe":[],"Service":[],"SoftwareApplication":[],"WebPage":[]},"graphName":"","isEnabled":true},"graphs":[]},"schema_type":null,"schema_type_options":null,"pillar_content":false,"robots_default":true,"robots_noindex":false,"robots_noarchive":false,"robots_nosnippet":false,"robots_nofollow":false,"robots_noimageindex":false,"robots_noodp":false,"robots_notranslate":false,"robots_max_snippet":null,"robots_max_videopreview":null,"robots_max_imagepreview":"large","priority":null,"frequency":null,"location":null,"local_seo":null,"seo_analyzer_scan_date":"2025-08-28 23:53:37","breadcrumb_settings":null,"limit_modified_date":false,"reviewed_by":null,"open_ai":null,"ai":null,"created":"2020-12-21 11:25:55","updated":"2025-08-28 23:53:37"},"aioseo_breadcrumb":"<div class=\"aioseo-breadcrumbs\"><span class=\"aioseo-breadcrumb\">\n\t<a href=\"https:\/\/candas365.es\/noticias\" title=\"Home\">Home<\/a>\n<\/span><span class=\"aioseo-breadcrumb-separator\">&ndash;<\/span><span class=\"aioseo-breadcrumb\">\n\t<a href=\"https:\/\/candas365.es\/noticias\/category\/asturias\/\" title=\"Asturias\">Asturias<\/a>\n<\/span><span class=\"aioseo-breadcrumb-separator\">&ndash;<\/span><span class=\"aioseo-breadcrumb\">\n\tEl Gobierno de Asturias intentar\u00e1 aprobar al menos seis leyes en su fin de mandato\n<\/span><\/div>","aioseo_breadcrumb_json":[{"label":"Home","link":"https:\/\/candas365.es\/noticias"},{"label":"Asturias","link":"https:\/\/candas365.es\/noticias\/category\/asturias\/"},{"label":"El Gobierno de Asturias intentar\u00e1 aprobar al menos seis leyes en su fin de mandato","link":"https:\/\/candas365.es\/noticias\/el-gobierno-de-asturias-intentara-aprobar-al-menos-seis-leyes-en-su-fin-de-mandato\/"}],"_links":{"self":[{"href":"https:\/\/candas365.es\/noticias\/wp-json\/wp\/v2\/posts\/113879","targetHints":{"allow":["GET"]}}],"collection":[{"href":"https:\/\/candas365.es\/noticias\/wp-json\/wp\/v2\/posts"}],"about":[{"href":"https:\/\/candas365.es\/noticias\/wp-json\/wp\/v2\/types\/post"}],"author":[{"embeddable":true,"href":"https:\/\/candas365.es\/noticias\/wp-json\/wp\/v2\/users\/1"}],"replies":[{"embeddable":true,"href":"https:\/\/candas365.es\/noticias\/wp-json\/wp\/v2\/comments?post=113879"}],"version-history":[{"count":0,"href":"https:\/\/candas365.es\/noticias\/wp-json\/wp\/v2\/posts\/113879\/revisions"}],"wp:featuredmedia":[{"embeddable":true,"href":"https:\/\/candas365.es\/noticias\/wp-json\/wp\/v2\/media\/110390"}],"wp:attachment":[{"href":"https:\/\/candas365.es\/noticias\/wp-json\/wp\/v2\/media?parent=113879"}],"wp:term":[{"taxonomy":"category","embeddable":true,"href":"https:\/\/candas365.es\/noticias\/wp-json\/wp\/v2\/categories?post=113879"},{"taxonomy":"post_tag","embeddable":true,"href":"https:\/\/candas365.es\/noticias\/wp-json\/wp\/v2\/tags?post=113879"}],"curies":[{"name":"wp","href":"https:\/\/api.w.org\/{rel}","templated":true}]}}