{"id":113876,"date":"2019-01-09T20:35:16","date_gmt":"2019-01-09T20:35:16","guid":{"rendered":"http:\/\/candas365.es\/noticias\/?p=113876"},"modified":"2019-01-09T20:35:16","modified_gmt":"2019-01-09T20:35:16","slug":"vallina-denuncia-en-nicosia-las-politicas-de-estados-unidos-y-sus-aliados","status":"publish","type":"post","link":"https:\/\/candas365.es\/noticias\/vallina-denuncia-en-nicosia-las-politicas-de-estados-unidos-y-sus-aliados\/","title":{"rendered":"Vallina denuncia en Nicosia las pol\u00edticas de Estados Unidos y sus aliados"},"content":{"rendered":"<p><img fetchpriority=\"high\" decoding=\"async\" class=\"alignleft size-medium wp-image-113877\" src=\"https:\/\/candas365.es\/noticias\/wp-content\/uploads\/2019\/01\/2536-360x270.jpg\" alt=\"\" width=\"360\" height=\"270\" srcset=\"https:\/\/candas365.es\/noticias\/wp-content\/uploads\/2019\/01\/2536-360x270.jpg 360w, https:\/\/candas365.es\/noticias\/wp-content\/uploads\/2019\/01\/2536.jpg 640w, https:\/\/candas365.es\/noticias\/wp-content\/uploads\/2019\/01\/2536-80x60.jpg 80w, https:\/\/candas365.es\/noticias\/wp-content\/uploads\/2019\/01\/2536-265x198.jpg 265w, https:\/\/candas365.es\/noticias\/wp-content\/uploads\/2019\/01\/2536-560x420.jpg 560w\" sizes=\"(max-width: 360px) 100vw, 360px\" \/>La eurodiputada asturiana \u00c1ngela Vallina denunci\u00f3 esta tarde en Nicosia (Chipre) las pol\u00edticas de derribo a los pa\u00edses de Oriente Medio perpetradas por Estados Unidos y sus aliados y cuyo trasfondo, oculta, dijo, el control de recursos b\u00e1sicos como el petr\u00f3leo o incluso las reservas de agua dulce. Las revueltas contra estados m\u00e1s o menos consolidados y su \u00e9xito se explican, asegur\u00f3 la parlamentaria, gracias a ese apoyo exterior.<\/p>\n<p>\u00c1ngela Vallina, que moderaba en la capital chipriota un debate situaci\u00f3n de Oriente Medio despu\u00e9s del ISIS, asegur\u00f3 que el denominado proyecto \u00abdel d\u00eda despu\u00e9s\u00b7 para Siria preve\u00eda que el nuevo r\u00e9gimen reconocer\u00eda a Israel, su alejamiento de Ir\u00e1n y el desalojo de grupos armados palestinos replicando el modelo egipcio. La pol\u00edtica en la zona, afirm\u00f3 la eurodiputada, es de merca conveniencia para las potencias occidentales, como lo demuestra decisiones de Estados Unidos respecto a qu\u00e9 es o no es terrorismo. Un ejemplo, a\u00f1adi\u00f3, fue el caso en el que los norteamericanos sacaron a los muyahidines del pueblo iran\u00ed (un grupo extremista isl\u00e1mico opositor al Gobierno de Teher\u00e1n) de su lista de grupos terroristas para luego enviarlos al L\u00edbano para que, desde all\u00ed, combatieran el r\u00e9gimen de Al Asad.<\/p>\n<p>En cuanto al control de recursos, en su intervenci\u00f3n, \u00c1ngela Vallina explic\u00f3 que Libia dispon\u00eda de la mayor reserva de petr\u00f3leo de \u00c1frica, disputada por Francia e Italia, tanto por su calidad, como por su f\u00e1cil acceso y su cercan\u00eda a los mercados europeos. Del mismo modo, la diputada asturiana explic\u00f3 que la segunda reserva m\u00e1s importante de agua dulce del mundo (la primera es la del lago Baikal) se sit\u00faa, precisamente, bajo el suelo libio. \u00abNo es posible ofrecer este dato sin recordar, adem\u00e1s, que las empresas francesas controlan ya un 40% del mercado del agua\u00bb, enfatiz\u00f3.<\/p>\n<p>La intervenci\u00f3n en Libia permiti\u00f3 tambi\u00e9n la entrada de una cifra de 150.000 millones de d\u00f3lares libios en las tesorer\u00edas de los bancos occidentales, en plena crisis de liquidez y credibilidad, y, adem\u00e1s, de 144 toneladas de oro de ese pa\u00eds.<\/p>\n<p>Un mal panorama para Oriente Medio en una situaci\u00f3n que, explic\u00f3, viene de largo: \u00absobre las cenizas del orden nacido tras la II Guerra Mundial no se est\u00e1n construyendo nuevos sistemas pol\u00edticos, se est\u00e1n tejiendo las redes para que Washington y sus aliados sigan con el control de un mundo a su medida, a la medida del capitalismo m\u00e1s despiadado, el mismo en el que esa industria armament\u00edstica no conoce la crisis y ve d\u00eda a d\u00eda aumentar sus beneficios\u00bb.<\/p>\n","protected":false},"excerpt":{"rendered":"<p>La eurodiputada asturiana \u00c1ngela Vallina denunci\u00f3 esta tarde en Nicosia (Chipre) las pol\u00edticas de derribo a los pa\u00edses de Oriente Medio perpetradas por Estados Unidos y sus aliados y cuyo trasfondo, oculta, dijo, el control de recursos b\u00e1sicos como el petr\u00f3leo o incluso las reservas de agua dulce. Las revueltas contra estados m\u00e1s o menos<\/p>\n","protected":false},"author":1,"featured_media":113877,"comment_status":"closed","ping_status":"closed","sticky":false,"template":"","format":"standard","meta":{"footnotes":""},"categories":[7],"tags":[],"class_list":{"0":"post-113876","1":"post","2":"type-post","3":"status-publish","4":"format-standard","5":"has-post-thumbnail","7":"category-asturias"},"aioseo_notices":[],"aioseo_head":"\n\t\t<!-- All in One SEO Pro 4.9.6.2 - aioseo.com -->\n\t<meta name=\"description\" content=\"La eurodiputada asturiana \u00c1ngela Vallina denunci\u00f3 esta tarde en Nicosia (Chipre) las pol\u00edticas de derribo a los pa\u00edses de Oriente Medio perpetradas por Estados Unidos y sus aliados y cuyo trasfondo, oculta, dijo, el control de recursos b\u00e1sicos como el petr\u00f3leo o incluso las reservas de agua dulce. Las revueltas contra estados m\u00e1s o menos\" \/>\n\t<meta name=\"robots\" content=\"max-image-preview:large\" \/>\n\t<meta name=\"author\" content=\"Cand\u00e1s 365\"\/>\n\t<meta name=\"google-site-verification\" content=\"UA-32230408-1\" \/>\n\t<meta name=\"msvalidate.01\" content=\"354F3CDFB2DA171B47FBE9ABF1F88D5\" \/>\n\t<meta name=\"keywords\" content=\"asturias\" \/>\n\t<link rel=\"canonical\" href=\"https:\/\/candas365.es\/noticias\/vallina-denuncia-en-nicosia-las-politicas-de-estados-unidos-y-sus-aliados\/\" \/>\n\t<meta name=\"generator\" content=\"All in One SEO Pro (AIOSEO) 4.9.6.2\" \/>\n\t\t<meta property=\"og:locale\" content=\"es_ES\" \/>\n\t\t<meta property=\"og:site_name\" content=\"Cand\u00e1s 365\" \/>\n\t\t<meta property=\"og:type\" content=\"article\" \/>\n\t\t<meta property=\"og:title\" content=\"Vallina denuncia en Nicosia las pol\u00edticas de Estados Unidos y sus aliados | Cand\u00e1s 365\" \/>\n\t\t<meta property=\"og:description\" content=\"La eurodiputada asturiana \u00c1ngela Vallina denunci\u00f3 esta tarde en Nicosia (Chipre) las pol\u00edticas de derribo a los pa\u00edses de Oriente Medio perpetradas por Estados Unidos y sus aliados y cuyo trasfondo, oculta, dijo, el control de recursos b\u00e1sicos como el petr\u00f3leo o incluso las reservas de agua dulce. Las revueltas contra estados m\u00e1s o menos\" \/>\n\t\t<meta property=\"og:url\" content=\"https:\/\/candas365.es\/noticias\/vallina-denuncia-en-nicosia-las-politicas-de-estados-unidos-y-sus-aliados\/\" \/>\n\t\t<meta property=\"og:image\" content=\"https:\/\/candas365.es\/noticias\/wp-content\/uploads\/2019\/01\/2536.jpg\" \/>\n\t\t<meta property=\"og:image:secure_url\" content=\"https:\/\/candas365.es\/noticias\/wp-content\/uploads\/2019\/01\/2536.jpg\" \/>\n\t\t<meta property=\"og:image:width\" content=\"640\" \/>\n\t\t<meta property=\"og:image:height\" content=\"480\" \/>\n\t\t<meta property=\"article:published_time\" content=\"2019-01-09T20:35:16+00:00\" \/>\n\t\t<meta property=\"article:modified_time\" content=\"2019-01-09T20:35:16+00:00\" \/>\n\t\t<meta property=\"article:publisher\" content=\"https:\/\/www.facebook.com\/Nachofdezber\" \/>\n\t\t<meta property=\"article:author\" content=\"https:\/\/www.facebook.com\/carrenoactualidad\" \/>\n\t\t<meta name=\"twitter:card\" content=\"summary_large_image\" \/>\n\t\t<meta name=\"twitter:site\" content=\"@NabercoDigital\" \/>\n\t\t<meta name=\"twitter:title\" content=\"Vallina denuncia en Nicosia las pol\u00edticas de Estados Unidos y sus aliados | Cand\u00e1s 365\" \/>\n\t\t<meta name=\"twitter:description\" content=\"La eurodiputada asturiana \u00c1ngela Vallina denunci\u00f3 esta tarde en Nicosia (Chipre) las pol\u00edticas de derribo a los pa\u00edses de Oriente Medio perpetradas por Estados Unidos y sus aliados y cuyo trasfondo, oculta, dijo, el control de recursos b\u00e1sicos como el petr\u00f3leo o incluso las reservas de agua dulce. Las revueltas contra estados m\u00e1s o menos\" \/>\n\t\t<meta name=\"twitter:creator\" content=\"@nbasturias\" \/>\n\t\t<meta name=\"twitter:image\" content=\"https:\/\/candas365.es\/noticias\/wp-content\/uploads\/2019\/01\/2536.jpg\" \/>\n\t\t<meta name=\"twitter:label1\" content=\"Escrito por\" \/>\n\t\t<meta name=\"twitter:data1\" content=\"Cand\u00e1s 365\" \/>\n\t\t<meta name=\"twitter:label2\" content=\"Tiempo de lectura estimado\" \/>\n\t\t<meta name=\"twitter:data2\" content=\"2 minutos\" \/>\n\t\t<script type=\"application\/ld+json\" class=\"aioseo-schema\">\n\t\t\t{\"@context\":\"https:\\\/\\\/schema.org\",\"@graph\":[{\"@type\":\"BreadcrumbList\",\"@id\":\"https:\\\/\\\/candas365.es\\\/noticias\\\/vallina-denuncia-en-nicosia-las-politicas-de-estados-unidos-y-sus-aliados\\\/#breadcrumblist\",\"itemListElement\":[{\"@type\":\"ListItem\",\"@id\":\"https:\\\/\\\/candas365.es\\\/noticias#listItem\",\"position\":1,\"name\":\"Home\",\"item\":\"https:\\\/\\\/candas365.es\\\/noticias\",\"nextItem\":{\"@type\":\"ListItem\",\"@id\":\"https:\\\/\\\/candas365.es\\\/noticias\\\/category\\\/asturias\\\/#listItem\",\"name\":\"Asturias\"}},{\"@type\":\"ListItem\",\"@id\":\"https:\\\/\\\/candas365.es\\\/noticias\\\/category\\\/asturias\\\/#listItem\",\"position\":2,\"name\":\"Asturias\",\"item\":\"https:\\\/\\\/candas365.es\\\/noticias\\\/category\\\/asturias\\\/\",\"nextItem\":{\"@type\":\"ListItem\",\"@id\":\"https:\\\/\\\/candas365.es\\\/noticias\\\/vallina-denuncia-en-nicosia-las-politicas-de-estados-unidos-y-sus-aliados\\\/#listItem\",\"name\":\"Vallina denuncia en Nicosia las pol\\u00edticas de Estados Unidos y sus aliados\"},\"previousItem\":{\"@type\":\"ListItem\",\"@id\":\"https:\\\/\\\/candas365.es\\\/noticias#listItem\",\"name\":\"Home\"}},{\"@type\":\"ListItem\",\"@id\":\"https:\\\/\\\/candas365.es\\\/noticias\\\/vallina-denuncia-en-nicosia-las-politicas-de-estados-unidos-y-sus-aliados\\\/#listItem\",\"position\":3,\"name\":\"Vallina denuncia en Nicosia las pol\\u00edticas de Estados Unidos y sus aliados\",\"previousItem\":{\"@type\":\"ListItem\",\"@id\":\"https:\\\/\\\/candas365.es\\\/noticias\\\/category\\\/asturias\\\/#listItem\",\"name\":\"Asturias\"}}]},{\"@type\":\"NewsArticle\",\"@id\":\"https:\\\/\\\/candas365.es\\\/noticias\\\/vallina-denuncia-en-nicosia-las-politicas-de-estados-unidos-y-sus-aliados\\\/#newsarticle\",\"name\":\"Vallina denuncia en Nicosia las pol\\u00edticas de Estados Unidos y sus aliados | Cand\\u00e1s 365\",\"headline\":\"Vallina denuncia en Nicosia las pol\\u00edticas de Estados Unidos y sus aliados\",\"author\":{\"@id\":\"https:\\\/\\\/candas365.es\\\/noticias\\\/author\\\/admin\\\/#author\"},\"publisher\":{\"@id\":\"https:\\\/\\\/candas365.es\\\/noticias\\\/#organization\"},\"image\":{\"@type\":\"ImageObject\",\"url\":\"https:\\\/\\\/candas365.es\\\/noticias\\\/wp-content\\\/uploads\\\/2019\\\/01\\\/2536.jpg\",\"width\":640,\"height\":480},\"datePublished\":\"2019-01-09T20:35:16+01:00\",\"dateModified\":\"2019-01-09T20:35:16+01:00\",\"inLanguage\":\"es-ES\",\"mainEntityOfPage\":{\"@id\":\"https:\\\/\\\/candas365.es\\\/noticias\\\/vallina-denuncia-en-nicosia-las-politicas-de-estados-unidos-y-sus-aliados\\\/#webpage\"},\"isPartOf\":{\"@id\":\"https:\\\/\\\/candas365.es\\\/noticias\\\/vallina-denuncia-en-nicosia-las-politicas-de-estados-unidos-y-sus-aliados\\\/#webpage\"},\"articleSection\":\"Asturias\",\"dateline\":\"Publicado el enero 9, 2019.\"},{\"@type\":\"Organization\",\"@id\":\"https:\\\/\\\/candas365.es\\\/noticias\\\/#organization\",\"name\":\"Cand\\u00e1s 365\",\"description\":\"Cand\\u00e1s 365 es un diario digital independiente, fundado en 2012, con base en Asturias. Informamos con rigor sobre actualidad, sociedad, cultura y ocio, con una mirada local y global.\",\"url\":\"https:\\\/\\\/candas365.es\\\/noticias\\\/\",\"email\":\"info@candas365.es\",\"telephone\":\"+34652131393\",\"foundingDate\":\"2012-06-10\",\"logo\":{\"@type\":\"ImageObject\",\"url\":\"https:\\\/\\\/candas365.es\\\/noticias\\\/wp-content\\\/uploads\\\/2024\\\/09\\\/Candas-365-Redes.jpg\",\"@id\":\"https:\\\/\\\/candas365.es\\\/noticias\\\/vallina-denuncia-en-nicosia-las-politicas-de-estados-unidos-y-sus-aliados\\\/#organizationLogo\",\"width\":1152,\"height\":864,\"caption\":\"Cand\\u00e1s 365 Redes\"},\"image\":{\"@id\":\"https:\\\/\\\/candas365.es\\\/noticias\\\/vallina-denuncia-en-nicosia-las-politicas-de-estados-unidos-y-sus-aliados\\\/#organizationLogo\"},\"sameAs\":[\"https:\\\/\\\/www.facebook.com\\\/Nachofdezber\",\"https:\\\/\\\/x.com\\\/NabercoDigital\",\"https:\\\/\\\/www.instagram.com\\\/nachofdezber\\\/\",\"https:\\\/\\\/www.youtube.com\\\/channel\\\/UCZP-2wLEB9Rv6erhFmqVnvg\"],\"address\":{\"@id\":\"https:\\\/\\\/candas365.es\\\/noticias\\\/#postaladdress\",\"@type\":\"PostalAddress\",\"streetAddress\":\"san antonio 4, san antonio 4\",\"postalCode\":\"33430\",\"addressLocality\":\"Cand\\u00e1s\",\"addressRegion\":\"Asturias\",\"addressCountry\":\"ES\"}},{\"@type\":\"Person\",\"@id\":\"https:\\\/\\\/candas365.es\\\/noticias\\\/author\\\/admin\\\/#author\",\"url\":\"https:\\\/\\\/candas365.es\\\/noticias\\\/author\\\/admin\\\/\",\"name\":\"Cand\\u00e1s 365\",\"image\":{\"@type\":\"ImageObject\",\"@id\":\"https:\\\/\\\/candas365.es\\\/noticias\\\/vallina-denuncia-en-nicosia-las-politicas-de-estados-unidos-y-sus-aliados\\\/#authorImage\",\"url\":\"https:\\\/\\\/secure.gravatar.com\\\/avatar\\\/496a8e03d0c493ede1718b7934145dbdf8d89be1036b0eec9544e1094c9de390?s=96&d=mm&r=g\",\"width\":96,\"height\":96,\"caption\":\"Cand\\u00e1s 365\"},\"sameAs\":[\"https:\\\/\\\/www.facebook.com\\\/carrenoactualidad\",\"https:\\\/\\\/twitter.com\\\/nbasturias\",\"https:\\\/\\\/www.instagram.com\\\/nachofdezber\\\/\",\"https:\\\/\\\/www.youtube.com\\\/channel\\\/UCZP-2wLEB9Rv6erhFmqVnvg\"]},{\"@type\":\"WebPage\",\"@id\":\"https:\\\/\\\/candas365.es\\\/noticias\\\/vallina-denuncia-en-nicosia-las-politicas-de-estados-unidos-y-sus-aliados\\\/#webpage\",\"url\":\"https:\\\/\\\/candas365.es\\\/noticias\\\/vallina-denuncia-en-nicosia-las-politicas-de-estados-unidos-y-sus-aliados\\\/\",\"name\":\"Vallina denuncia en Nicosia las pol\\u00edticas de Estados Unidos y sus aliados | Cand\\u00e1s 365\",\"description\":\"La eurodiputada asturiana \\u00c1ngela Vallina denunci\\u00f3 esta tarde en Nicosia (Chipre) las pol\\u00edticas de derribo a los pa\\u00edses de Oriente Medio perpetradas por Estados Unidos y sus aliados y cuyo trasfondo, oculta, dijo, el control de recursos b\\u00e1sicos como el petr\\u00f3leo o incluso las reservas de agua dulce. Las revueltas contra estados m\\u00e1s o menos\",\"inLanguage\":\"es-ES\",\"isPartOf\":{\"@id\":\"https:\\\/\\\/candas365.es\\\/noticias\\\/#website\"},\"breadcrumb\":{\"@id\":\"https:\\\/\\\/candas365.es\\\/noticias\\\/vallina-denuncia-en-nicosia-las-politicas-de-estados-unidos-y-sus-aliados\\\/#breadcrumblist\"},\"author\":{\"@id\":\"https:\\\/\\\/candas365.es\\\/noticias\\\/author\\\/admin\\\/#author\"},\"creator\":{\"@id\":\"https:\\\/\\\/candas365.es\\\/noticias\\\/author\\\/admin\\\/#author\"},\"image\":{\"@type\":\"ImageObject\",\"url\":\"https:\\\/\\\/candas365.es\\\/noticias\\\/wp-content\\\/uploads\\\/2019\\\/01\\\/2536.jpg\",\"@id\":\"https:\\\/\\\/candas365.es\\\/noticias\\\/vallina-denuncia-en-nicosia-las-politicas-de-estados-unidos-y-sus-aliados\\\/#mainImage\",\"width\":640,\"height\":480},\"primaryImageOfPage\":{\"@id\":\"https:\\\/\\\/candas365.es\\\/noticias\\\/vallina-denuncia-en-nicosia-las-politicas-de-estados-unidos-y-sus-aliados\\\/#mainImage\"},\"datePublished\":\"2019-01-09T20:35:16+01:00\",\"dateModified\":\"2019-01-09T20:35:16+01:00\"},{\"@type\":\"WebSite\",\"@id\":\"https:\\\/\\\/candas365.es\\\/noticias\\\/#website\",\"url\":\"https:\\\/\\\/candas365.es\\\/noticias\\\/\",\"name\":\"Cand\\u00e1s 365\",\"alternateName\":\"Cand\\u00e1s 365 Noticias\",\"description\":\"Actualidad desde Carre\\u00f1o para el mundo\",\"inLanguage\":\"es-ES\",\"publisher\":{\"@id\":\"https:\\\/\\\/candas365.es\\\/noticias\\\/#organization\"}}]}\n\t\t<\/script>\n\t\t<!-- All in One SEO Pro -->\r\n\t\t<title>Vallina denuncia en Nicosia las pol\u00edticas de Estados Unidos y sus aliados | Cand\u00e1s 365<\/title>\n\n","aioseo_head_json":{"title":"Vallina denuncia en Nicosia las pol\u00edticas de Estados Unidos y sus aliados | Cand\u00e1s 365","description":"La eurodiputada asturiana \u00c1ngela Vallina denunci\u00f3 esta tarde en Nicosia (Chipre) las pol\u00edticas de derribo a los pa\u00edses de Oriente Medio perpetradas por Estados Unidos y sus aliados y cuyo trasfondo, oculta, dijo, el control de recursos b\u00e1sicos como el petr\u00f3leo o incluso las reservas de agua dulce. Las revueltas contra estados m\u00e1s o menos","canonical_url":"https:\/\/candas365.es\/noticias\/vallina-denuncia-en-nicosia-las-politicas-de-estados-unidos-y-sus-aliados\/","robots":"max-image-preview:large","keywords":"asturias","webmasterTools":{"google-site-verification":"UA-32230408-1","msvalidate.01":"354F3CDFB2DA171B47FBE9ABF1F88D5","miscellaneous":""},"schema":{"@context":"https:\/\/schema.org","@graph":[{"@type":"BreadcrumbList","@id":"https:\/\/candas365.es\/noticias\/vallina-denuncia-en-nicosia-las-politicas-de-estados-unidos-y-sus-aliados\/#breadcrumblist","itemListElement":[{"@type":"ListItem","@id":"https:\/\/candas365.es\/noticias#listItem","position":1,"name":"Home","item":"https:\/\/candas365.es\/noticias","nextItem":{"@type":"ListItem","@id":"https:\/\/candas365.es\/noticias\/category\/asturias\/#listItem","name":"Asturias"}},{"@type":"ListItem","@id":"https:\/\/candas365.es\/noticias\/category\/asturias\/#listItem","position":2,"name":"Asturias","item":"https:\/\/candas365.es\/noticias\/category\/asturias\/","nextItem":{"@type":"ListItem","@id":"https:\/\/candas365.es\/noticias\/vallina-denuncia-en-nicosia-las-politicas-de-estados-unidos-y-sus-aliados\/#listItem","name":"Vallina denuncia en Nicosia las pol\u00edticas de Estados Unidos y sus aliados"},"previousItem":{"@type":"ListItem","@id":"https:\/\/candas365.es\/noticias#listItem","name":"Home"}},{"@type":"ListItem","@id":"https:\/\/candas365.es\/noticias\/vallina-denuncia-en-nicosia-las-politicas-de-estados-unidos-y-sus-aliados\/#listItem","position":3,"name":"Vallina denuncia en Nicosia las pol\u00edticas de Estados Unidos y sus aliados","previousItem":{"@type":"ListItem","@id":"https:\/\/candas365.es\/noticias\/category\/asturias\/#listItem","name":"Asturias"}}]},{"@type":"NewsArticle","@id":"https:\/\/candas365.es\/noticias\/vallina-denuncia-en-nicosia-las-politicas-de-estados-unidos-y-sus-aliados\/#newsarticle","name":"Vallina denuncia en Nicosia las pol\u00edticas de Estados Unidos y sus aliados | Cand\u00e1s 365","headline":"Vallina denuncia en Nicosia las pol\u00edticas de Estados Unidos y sus aliados","author":{"@id":"https:\/\/candas365.es\/noticias\/author\/admin\/#author"},"publisher":{"@id":"https:\/\/candas365.es\/noticias\/#organization"},"image":{"@type":"ImageObject","url":"https:\/\/candas365.es\/noticias\/wp-content\/uploads\/2019\/01\/2536.jpg","width":640,"height":480},"datePublished":"2019-01-09T20:35:16+01:00","dateModified":"2019-01-09T20:35:16+01:00","inLanguage":"es-ES","mainEntityOfPage":{"@id":"https:\/\/candas365.es\/noticias\/vallina-denuncia-en-nicosia-las-politicas-de-estados-unidos-y-sus-aliados\/#webpage"},"isPartOf":{"@id":"https:\/\/candas365.es\/noticias\/vallina-denuncia-en-nicosia-las-politicas-de-estados-unidos-y-sus-aliados\/#webpage"},"articleSection":"Asturias","dateline":"Publicado el enero 9, 2019."},{"@type":"Organization","@id":"https:\/\/candas365.es\/noticias\/#organization","name":"Cand\u00e1s 365","description":"Cand\u00e1s 365 es un diario digital independiente, fundado en 2012, con base en Asturias. Informamos con rigor sobre actualidad, sociedad, cultura y ocio, con una mirada local y global.","url":"https:\/\/candas365.es\/noticias\/","email":"info@candas365.es","telephone":"+34652131393","foundingDate":"2012-06-10","logo":{"@type":"ImageObject","url":"https:\/\/candas365.es\/noticias\/wp-content\/uploads\/2024\/09\/Candas-365-Redes.jpg","@id":"https:\/\/candas365.es\/noticias\/vallina-denuncia-en-nicosia-las-politicas-de-estados-unidos-y-sus-aliados\/#organizationLogo","width":1152,"height":864,"caption":"Cand\u00e1s 365 Redes"},"image":{"@id":"https:\/\/candas365.es\/noticias\/vallina-denuncia-en-nicosia-las-politicas-de-estados-unidos-y-sus-aliados\/#organizationLogo"},"sameAs":["https:\/\/www.facebook.com\/Nachofdezber","https:\/\/x.com\/NabercoDigital","https:\/\/www.instagram.com\/nachofdezber\/","https:\/\/www.youtube.com\/channel\/UCZP-2wLEB9Rv6erhFmqVnvg"],"address":{"@id":"https:\/\/candas365.es\/noticias\/#postaladdress","@type":"PostalAddress","streetAddress":"san antonio 4, san antonio 4","postalCode":"33430","addressLocality":"Cand\u00e1s","addressRegion":"Asturias","addressCountry":"ES"}},{"@type":"Person","@id":"https:\/\/candas365.es\/noticias\/author\/admin\/#author","url":"https:\/\/candas365.es\/noticias\/author\/admin\/","name":"Cand\u00e1s 365","image":{"@type":"ImageObject","@id":"https:\/\/candas365.es\/noticias\/vallina-denuncia-en-nicosia-las-politicas-de-estados-unidos-y-sus-aliados\/#authorImage","url":"https:\/\/secure.gravatar.com\/avatar\/496a8e03d0c493ede1718b7934145dbdf8d89be1036b0eec9544e1094c9de390?s=96&d=mm&r=g","width":96,"height":96,"caption":"Cand\u00e1s 365"},"sameAs":["https:\/\/www.facebook.com\/carrenoactualidad","https:\/\/twitter.com\/nbasturias","https:\/\/www.instagram.com\/nachofdezber\/","https:\/\/www.youtube.com\/channel\/UCZP-2wLEB9Rv6erhFmqVnvg"]},{"@type":"WebPage","@id":"https:\/\/candas365.es\/noticias\/vallina-denuncia-en-nicosia-las-politicas-de-estados-unidos-y-sus-aliados\/#webpage","url":"https:\/\/candas365.es\/noticias\/vallina-denuncia-en-nicosia-las-politicas-de-estados-unidos-y-sus-aliados\/","name":"Vallina denuncia en Nicosia las pol\u00edticas de Estados Unidos y sus aliados | Cand\u00e1s 365","description":"La eurodiputada asturiana \u00c1ngela Vallina denunci\u00f3 esta tarde en Nicosia (Chipre) las pol\u00edticas de derribo a los pa\u00edses de Oriente Medio perpetradas por Estados Unidos y sus aliados y cuyo trasfondo, oculta, dijo, el control de recursos b\u00e1sicos como el petr\u00f3leo o incluso las reservas de agua dulce. Las revueltas contra estados m\u00e1s o menos","inLanguage":"es-ES","isPartOf":{"@id":"https:\/\/candas365.es\/noticias\/#website"},"breadcrumb":{"@id":"https:\/\/candas365.es\/noticias\/vallina-denuncia-en-nicosia-las-politicas-de-estados-unidos-y-sus-aliados\/#breadcrumblist"},"author":{"@id":"https:\/\/candas365.es\/noticias\/author\/admin\/#author"},"creator":{"@id":"https:\/\/candas365.es\/noticias\/author\/admin\/#author"},"image":{"@type":"ImageObject","url":"https:\/\/candas365.es\/noticias\/wp-content\/uploads\/2019\/01\/2536.jpg","@id":"https:\/\/candas365.es\/noticias\/vallina-denuncia-en-nicosia-las-politicas-de-estados-unidos-y-sus-aliados\/#mainImage","width":640,"height":480},"primaryImageOfPage":{"@id":"https:\/\/candas365.es\/noticias\/vallina-denuncia-en-nicosia-las-politicas-de-estados-unidos-y-sus-aliados\/#mainImage"},"datePublished":"2019-01-09T20:35:16+01:00","dateModified":"2019-01-09T20:35:16+01:00"},{"@type":"WebSite","@id":"https:\/\/candas365.es\/noticias\/#website","url":"https:\/\/candas365.es\/noticias\/","name":"Cand\u00e1s 365","alternateName":"Cand\u00e1s 365 Noticias","description":"Actualidad desde Carre\u00f1o para el mundo","inLanguage":"es-ES","publisher":{"@id":"https:\/\/candas365.es\/noticias\/#organization"}}]},"og:locale":"es_ES","og:site_name":"Cand\u00e1s 365","og:type":"article","og:title":"Vallina denuncia en Nicosia las pol\u00edticas de Estados Unidos y sus aliados | Cand\u00e1s 365","og:description":"La eurodiputada asturiana \u00c1ngela Vallina denunci\u00f3 esta tarde en Nicosia (Chipre) las pol\u00edticas de derribo a los pa\u00edses de Oriente Medio perpetradas por Estados Unidos y sus aliados y cuyo trasfondo, oculta, dijo, el control de recursos b\u00e1sicos como el petr\u00f3leo o incluso las reservas de agua dulce. Las revueltas contra estados m\u00e1s o menos","og:url":"https:\/\/candas365.es\/noticias\/vallina-denuncia-en-nicosia-las-politicas-de-estados-unidos-y-sus-aliados\/","og:image":"https:\/\/candas365.es\/noticias\/wp-content\/uploads\/2019\/01\/2536.jpg","og:image:secure_url":"https:\/\/candas365.es\/noticias\/wp-content\/uploads\/2019\/01\/2536.jpg","og:image:width":640,"og:image:height":480,"article:published_time":"2019-01-09T20:35:16+00:00","article:modified_time":"2019-01-09T20:35:16+00:00","article:publisher":"https:\/\/www.facebook.com\/Nachofdezber","article:author":"https:\/\/www.facebook.com\/carrenoactualidad","twitter:card":"summary_large_image","twitter:site":"@NabercoDigital","twitter:title":"Vallina denuncia en Nicosia las pol\u00edticas de Estados Unidos y sus aliados | Cand\u00e1s 365","twitter:description":"La eurodiputada asturiana \u00c1ngela Vallina denunci\u00f3 esta tarde en Nicosia (Chipre) las pol\u00edticas de derribo a los pa\u00edses de Oriente Medio perpetradas por Estados Unidos y sus aliados y cuyo trasfondo, oculta, dijo, el control de recursos b\u00e1sicos como el petr\u00f3leo o incluso las reservas de agua dulce. Las revueltas contra estados m\u00e1s o menos","twitter:creator":"@nbasturias","twitter:image":"https:\/\/candas365.es\/noticias\/wp-content\/uploads\/2019\/01\/2536.jpg","twitter:label1":"Escrito por","twitter:data1":"Cand\u00e1s 365","twitter:label2":"Tiempo de lectura estimado","twitter:data2":"2 minutos"},"aioseo_meta_data":{"post_id":"113876","title":null,"description":null,"keywords":null,"keyphrases":null,"primary_term":null,"canonical_url":null,"og_title":null,"og_description":null,"og_object_type":"default","og_image_type":"default","og_image_url":null,"og_image_width":null,"og_image_height":null,"og_image_custom_url":null,"og_image_custom_fields":null,"og_video":null,"og_custom_url":null,"og_article_section":null,"og_article_tags":null,"twitter_use_og":false,"twitter_card":"default","twitter_image_type":"default","twitter_image_url":null,"twitter_image_custom_url":null,"twitter_image_custom_fields":null,"twitter_title":null,"twitter_description":null,"schema":{"blockGraphs":[],"customGraphs":[],"default":{"data":{"Article":[],"Course":[],"Dataset":[],"FAQPage":[],"Movie":[],"Person":[],"Product":[],"ProductReview":[],"Car":[],"Recipe":[],"Service":[],"SoftwareApplication":[],"WebPage":[]},"graphName":"","isEnabled":true},"graphs":[]},"schema_type":null,"schema_type_options":null,"pillar_content":false,"robots_default":true,"robots_noindex":false,"robots_noarchive":false,"robots_nosnippet":false,"robots_nofollow":false,"robots_noimageindex":false,"robots_noodp":false,"robots_notranslate":false,"robots_max_snippet":null,"robots_max_videopreview":null,"robots_max_imagepreview":"large","priority":null,"frequency":null,"location":null,"local_seo":null,"seo_analyzer_scan_date":"2025-08-28 23:53:37","breadcrumb_settings":null,"limit_modified_date":false,"reviewed_by":null,"open_ai":null,"ai":null,"created":"2020-12-21 11:26:55","updated":"2025-08-28 23:53:37"},"aioseo_breadcrumb":"<div class=\"aioseo-breadcrumbs\"><span class=\"aioseo-breadcrumb\">\n\t<a href=\"https:\/\/candas365.es\/noticias\" title=\"Home\">Home<\/a>\n<\/span><span class=\"aioseo-breadcrumb-separator\">&ndash;<\/span><span class=\"aioseo-breadcrumb\">\n\t<a href=\"https:\/\/candas365.es\/noticias\/category\/asturias\/\" title=\"Asturias\">Asturias<\/a>\n<\/span><span class=\"aioseo-breadcrumb-separator\">&ndash;<\/span><span class=\"aioseo-breadcrumb\">\n\tVallina denuncia en Nicosia las pol\u00edticas de Estados Unidos y sus aliados\n<\/span><\/div>","aioseo_breadcrumb_json":[{"label":"Home","link":"https:\/\/candas365.es\/noticias"},{"label":"Asturias","link":"https:\/\/candas365.es\/noticias\/category\/asturias\/"},{"label":"Vallina denuncia en Nicosia las pol\u00edticas de Estados Unidos y sus aliados","link":"https:\/\/candas365.es\/noticias\/vallina-denuncia-en-nicosia-las-politicas-de-estados-unidos-y-sus-aliados\/"}],"_links":{"self":[{"href":"https:\/\/candas365.es\/noticias\/wp-json\/wp\/v2\/posts\/113876","targetHints":{"allow":["GET"]}}],"collection":[{"href":"https:\/\/candas365.es\/noticias\/wp-json\/wp\/v2\/posts"}],"about":[{"href":"https:\/\/candas365.es\/noticias\/wp-json\/wp\/v2\/types\/post"}],"author":[{"embeddable":true,"href":"https:\/\/candas365.es\/noticias\/wp-json\/wp\/v2\/users\/1"}],"replies":[{"embeddable":true,"href":"https:\/\/candas365.es\/noticias\/wp-json\/wp\/v2\/comments?post=113876"}],"version-history":[{"count":0,"href":"https:\/\/candas365.es\/noticias\/wp-json\/wp\/v2\/posts\/113876\/revisions"}],"wp:featuredmedia":[{"embeddable":true,"href":"https:\/\/candas365.es\/noticias\/wp-json\/wp\/v2\/media\/113877"}],"wp:attachment":[{"href":"https:\/\/candas365.es\/noticias\/wp-json\/wp\/v2\/media?parent=113876"}],"wp:term":[{"taxonomy":"category","embeddable":true,"href":"https:\/\/candas365.es\/noticias\/wp-json\/wp\/v2\/categories?post=113876"},{"taxonomy":"post_tag","embeddable":true,"href":"https:\/\/candas365.es\/noticias\/wp-json\/wp\/v2\/tags?post=113876"}],"curies":[{"name":"wp","href":"https:\/\/api.w.org\/{rel}","templated":true}]}}