{"id":113873,"date":"2019-01-09T20:32:09","date_gmt":"2019-01-09T20:32:09","guid":{"rendered":"http:\/\/candas365.es\/noticias\/?p=113873"},"modified":"2019-01-09T20:32:54","modified_gmt":"2019-01-09T20:32:54","slug":"el-bayern-ficha-al-frances-pavard-y-se-interesa-por-hudson-odoi","status":"publish","type":"post","link":"https:\/\/candas365.es\/noticias\/el-bayern-ficha-al-frances-pavard-y-se-interesa-por-hudson-odoi\/","title":{"rendered":"El Bayern ficha al franc\u00e9s Pavard y se interesa por Hudson-Odoi"},"content":{"rendered":"<figure id=\"attachment_113874\" aria-describedby=\"caption-attachment-113874\" style=\"width: 360px\" class=\"wp-caption alignleft\"><img fetchpriority=\"high\" decoding=\"async\" class=\"size-medium wp-image-113874\" src=\"https:\/\/candas365.es\/noticias\/wp-content\/uploads\/2019\/01\/El-Bayern-ficha-a-Pavar-360x255.jpg\" alt=\"\" width=\"360\" height=\"255\" srcset=\"https:\/\/candas365.es\/noticias\/wp-content\/uploads\/2019\/01\/El-Bayern-ficha-a-Pavar-360x255.jpg 360w, https:\/\/candas365.es\/noticias\/wp-content\/uploads\/2019\/01\/El-Bayern-ficha-a-Pavar-768x544.jpg 768w, https:\/\/candas365.es\/noticias\/wp-content\/uploads\/2019\/01\/El-Bayern-ficha-a-Pavar-655x464.jpg 655w, https:\/\/candas365.es\/noticias\/wp-content\/uploads\/2019\/01\/El-Bayern-ficha-a-Pavar-100x70.jpg 100w, https:\/\/candas365.es\/noticias\/wp-content\/uploads\/2019\/01\/El-Bayern-ficha-a-Pavar-696x493.jpg 696w, https:\/\/candas365.es\/noticias\/wp-content\/uploads\/2019\/01\/El-Bayern-ficha-a-Pavar-593x420.jpg 593w, https:\/\/candas365.es\/noticias\/wp-content\/uploads\/2019\/01\/El-Bayern-ficha-a-Pavar.jpg 859w\" sizes=\"(max-width: 360px) 100vw, 360px\" \/><figcaption id=\"caption-attachment-113874\" class=\"wp-caption-text\">El franc\u00e9s Benjamin Pavard. Foto: Marijan Murat\/dpa<\/figcaption><\/figure>\n<p>Doha (Qatar), 9 ene (dpa) &#8211; El Bayern se asegur\u00f3 el fichaje del internacional franc\u00e9s Benjamin Pavard, que firm\u00f3 un contrato por cinco a\u00f1os con el club muniqu\u00e9s y dejar\u00e1 as\u00ed el Stuttgart en el pr\u00f3ximo verano (boreal), inform\u00f3 hoy el director deportivo del club alem\u00e1n, Hasan Salihamidzic.<\/p>\n<p>\u00abEs un jugador excelente que puede desempe\u00f1arse en varias posiciones\u00bb, afirm\u00f3 Salihamidzic desde el campo de entrenamiento del Bayern en Doha. \u00abEs un jugador joven que ya es campe\u00f3n del mundo. Estamos muy contentos y orgullosos\u00bb, asegur\u00f3.<\/p>\n<p>Pavard, de 22 a\u00f1os, puede salir del Stuttgart gracias a una cl\u00e1usula de salida, el coste de la transferencia es de 35 millones de euros (40 millones de d\u00f3lares). As\u00ed, el lateral franc\u00e9s ser\u00e1 junto con Corentin Tolisso hasta ahora el segundo campe\u00f3n del mundo actual en las filas del Bayern.<\/p>\n<p>El club muniqu\u00e9s aspira a rejuvenecer su equipo, lo que explica el inter\u00e9s demostrado por el ingl\u00e9s Callum Hudson-Odoi del Chelsea. \u00abUn jugador interesante que queremos fichar s\u00ed o s\u00ed\u00bb, coment\u00f3 Salihamidzic.<\/p>\n<p>El Bayern habr\u00eda ofrecido 30 millones de euros por el jugador ingl\u00e9s de 18 a\u00f1os, que tambi\u00e9n juega en el equipo nacional Sub-19, de acuerdo con informaciones a las que tuvo acceso la agencia dpa.<\/p>\n<p>Seg\u00fan Salihamidzic, el Bayern no planea la salida de ning\u00fan jugador en el actual per\u00edodo de fichajes de invierno (boreal). \u00abNi lo pensamos por el momento\u00bb, enfatiz\u00f3.<\/p>\n","protected":false},"excerpt":{"rendered":"<p>Doha (Qatar), 9 ene (dpa) &#8211; El Bayern se asegur\u00f3 el fichaje del internacional franc\u00e9s Benjamin Pavard, que firm\u00f3 un contrato por cinco a\u00f1os con el club muniqu\u00e9s y dejar\u00e1 as\u00ed el Stuttgart en el pr\u00f3ximo verano (boreal), inform\u00f3 hoy el director deportivo del club alem\u00e1n, Hasan Salihamidzic. \u00abEs un jugador excelente que puede desempe\u00f1arse<\/p>\n","protected":false},"author":1,"featured_media":113874,"comment_status":"closed","ping_status":"closed","sticky":false,"template":"","format":"standard","meta":{"footnotes":""},"categories":[319],"tags":[],"class_list":{"0":"post-113873","1":"post","2":"type-post","3":"status-publish","4":"format-standard","5":"has-post-thumbnail","7":"category-deporte"},"aioseo_notices":[],"aioseo_head":"\n\t\t<!-- All in One SEO Pro 4.9.6.2 - aioseo.com -->\n\t<meta name=\"description\" content=\"Doha (Qatar), 9 ene (dpa) - El Bayern se asegur\u00f3 el fichaje del internacional franc\u00e9s Benjamin Pavard, que firm\u00f3 un contrato por cinco a\u00f1os con el club muniqu\u00e9s y dejar\u00e1 as\u00ed el Stuttgart en el pr\u00f3ximo verano (boreal), inform\u00f3 hoy el director deportivo del club alem\u00e1n, Hasan Salihamidzic. &quot;Es un jugador excelente que puede desempe\u00f1arse\" \/>\n\t<meta name=\"robots\" content=\"max-image-preview:large\" \/>\n\t<meta name=\"author\" content=\"Cand\u00e1s 365\"\/>\n\t<meta name=\"google-site-verification\" content=\"UA-32230408-1\" \/>\n\t<meta name=\"msvalidate.01\" content=\"354F3CDFB2DA171B47FBE9ABF1F88D5\" \/>\n\t<meta name=\"keywords\" content=\"deporte\" \/>\n\t<link rel=\"canonical\" href=\"https:\/\/candas365.es\/noticias\/el-bayern-ficha-al-frances-pavard-y-se-interesa-por-hudson-odoi\/\" \/>\n\t<meta name=\"generator\" content=\"All in One SEO Pro (AIOSEO) 4.9.6.2\" \/>\n\t\t<meta property=\"og:locale\" content=\"es_ES\" \/>\n\t\t<meta property=\"og:site_name\" content=\"Cand\u00e1s 365\" \/>\n\t\t<meta property=\"og:type\" content=\"article\" \/>\n\t\t<meta property=\"og:title\" content=\"El Bayern ficha al franc\u00e9s Pavard y se interesa por Hudson-Odoi | Cand\u00e1s 365\" \/>\n\t\t<meta property=\"og:description\" content=\"Doha (Qatar), 9 ene (dpa) - El Bayern se asegur\u00f3 el fichaje del internacional franc\u00e9s Benjamin Pavard, que firm\u00f3 un contrato por cinco a\u00f1os con el club muniqu\u00e9s y dejar\u00e1 as\u00ed el Stuttgart en el pr\u00f3ximo verano (boreal), inform\u00f3 hoy el director deportivo del club alem\u00e1n, Hasan Salihamidzic. &quot;Es un jugador excelente que puede desempe\u00f1arse\" \/>\n\t\t<meta property=\"og:url\" content=\"https:\/\/candas365.es\/noticias\/el-bayern-ficha-al-frances-pavard-y-se-interesa-por-hudson-odoi\/\" \/>\n\t\t<meta property=\"og:image\" content=\"https:\/\/candas365.es\/noticias\/wp-content\/uploads\/2019\/01\/El-Bayern-ficha-a-Pavar.jpg\" \/>\n\t\t<meta property=\"og:image:secure_url\" content=\"https:\/\/candas365.es\/noticias\/wp-content\/uploads\/2019\/01\/El-Bayern-ficha-a-Pavar.jpg\" \/>\n\t\t<meta property=\"og:image:width\" content=\"859\" \/>\n\t\t<meta property=\"og:image:height\" content=\"608\" \/>\n\t\t<meta property=\"article:published_time\" content=\"2019-01-09T20:32:09+00:00\" \/>\n\t\t<meta property=\"article:modified_time\" content=\"2019-01-09T20:32:54+00:00\" \/>\n\t\t<meta property=\"article:publisher\" content=\"https:\/\/www.facebook.com\/Nachofdezber\" \/>\n\t\t<meta property=\"article:author\" content=\"https:\/\/www.facebook.com\/carrenoactualidad\" \/>\n\t\t<meta name=\"twitter:card\" content=\"summary_large_image\" \/>\n\t\t<meta name=\"twitter:site\" content=\"@NabercoDigital\" \/>\n\t\t<meta name=\"twitter:title\" content=\"El Bayern ficha al franc\u00e9s Pavard y se interesa por Hudson-Odoi | Cand\u00e1s 365\" \/>\n\t\t<meta name=\"twitter:description\" content=\"Doha (Qatar), 9 ene (dpa) - El Bayern se asegur\u00f3 el fichaje del internacional franc\u00e9s Benjamin Pavard, que firm\u00f3 un contrato por cinco a\u00f1os con el club muniqu\u00e9s y dejar\u00e1 as\u00ed el Stuttgart en el pr\u00f3ximo verano (boreal), inform\u00f3 hoy el director deportivo del club alem\u00e1n, Hasan Salihamidzic. &quot;Es un jugador excelente que puede desempe\u00f1arse\" \/>\n\t\t<meta name=\"twitter:creator\" content=\"@nbasturias\" \/>\n\t\t<meta name=\"twitter:image\" content=\"https:\/\/candas365.es\/noticias\/wp-content\/uploads\/2019\/01\/El-Bayern-ficha-a-Pavar.jpg\" \/>\n\t\t<meta name=\"twitter:label1\" content=\"Escrito por\" \/>\n\t\t<meta name=\"twitter:data1\" content=\"Cand\u00e1s 365\" \/>\n\t\t<meta name=\"twitter:label2\" content=\"Tiempo de lectura estimado\" \/>\n\t\t<meta name=\"twitter:data2\" content=\"1 minuto\" \/>\n\t\t<script type=\"application\/ld+json\" class=\"aioseo-schema\">\n\t\t\t{\"@context\":\"https:\\\/\\\/schema.org\",\"@graph\":[{\"@type\":\"BreadcrumbList\",\"@id\":\"https:\\\/\\\/candas365.es\\\/noticias\\\/el-bayern-ficha-al-frances-pavard-y-se-interesa-por-hudson-odoi\\\/#breadcrumblist\",\"itemListElement\":[{\"@type\":\"ListItem\",\"@id\":\"https:\\\/\\\/candas365.es\\\/noticias#listItem\",\"position\":1,\"name\":\"Home\",\"item\":\"https:\\\/\\\/candas365.es\\\/noticias\",\"nextItem\":{\"@type\":\"ListItem\",\"@id\":\"https:\\\/\\\/candas365.es\\\/noticias\\\/category\\\/deporte\\\/#listItem\",\"name\":\"Deporte\"}},{\"@type\":\"ListItem\",\"@id\":\"https:\\\/\\\/candas365.es\\\/noticias\\\/category\\\/deporte\\\/#listItem\",\"position\":2,\"name\":\"Deporte\",\"item\":\"https:\\\/\\\/candas365.es\\\/noticias\\\/category\\\/deporte\\\/\",\"nextItem\":{\"@type\":\"ListItem\",\"@id\":\"https:\\\/\\\/candas365.es\\\/noticias\\\/el-bayern-ficha-al-frances-pavard-y-se-interesa-por-hudson-odoi\\\/#listItem\",\"name\":\"El Bayern ficha al franc\\u00e9s Pavard y se interesa por Hudson-Odoi\"},\"previousItem\":{\"@type\":\"ListItem\",\"@id\":\"https:\\\/\\\/candas365.es\\\/noticias#listItem\",\"name\":\"Home\"}},{\"@type\":\"ListItem\",\"@id\":\"https:\\\/\\\/candas365.es\\\/noticias\\\/el-bayern-ficha-al-frances-pavard-y-se-interesa-por-hudson-odoi\\\/#listItem\",\"position\":3,\"name\":\"El Bayern ficha al franc\\u00e9s Pavard y se interesa por Hudson-Odoi\",\"previousItem\":{\"@type\":\"ListItem\",\"@id\":\"https:\\\/\\\/candas365.es\\\/noticias\\\/category\\\/deporte\\\/#listItem\",\"name\":\"Deporte\"}}]},{\"@type\":\"NewsArticle\",\"@id\":\"https:\\\/\\\/candas365.es\\\/noticias\\\/el-bayern-ficha-al-frances-pavard-y-se-interesa-por-hudson-odoi\\\/#newsarticle\",\"name\":\"El Bayern ficha al franc\\u00e9s Pavard y se interesa por Hudson-Odoi | Cand\\u00e1s 365\",\"headline\":\"El Bayern ficha al franc\\u00e9s Pavard y se interesa por Hudson-Odoi\",\"author\":{\"@id\":\"https:\\\/\\\/candas365.es\\\/noticias\\\/author\\\/admin\\\/#author\"},\"publisher\":{\"@id\":\"https:\\\/\\\/candas365.es\\\/noticias\\\/#organization\"},\"image\":{\"@type\":\"ImageObject\",\"url\":\"https:\\\/\\\/candas365.es\\\/noticias\\\/wp-content\\\/uploads\\\/2019\\\/01\\\/El-Bayern-ficha-a-Pavar.jpg\",\"width\":859,\"height\":608,\"caption\":\"El franc\\u00e9s Benjamin Pavard. Foto: Marijan Murat\\\/dpa\"},\"datePublished\":\"2019-01-09T20:32:09+01:00\",\"dateModified\":\"2019-01-09T20:32:54+01:00\",\"inLanguage\":\"es-ES\",\"mainEntityOfPage\":{\"@id\":\"https:\\\/\\\/candas365.es\\\/noticias\\\/el-bayern-ficha-al-frances-pavard-y-se-interesa-por-hudson-odoi\\\/#webpage\"},\"isPartOf\":{\"@id\":\"https:\\\/\\\/candas365.es\\\/noticias\\\/el-bayern-ficha-al-frances-pavard-y-se-interesa-por-hudson-odoi\\\/#webpage\"},\"articleSection\":\"Deporte\",\"dateline\":\"Publicado el enero 9, 2019.\"},{\"@type\":\"Organization\",\"@id\":\"https:\\\/\\\/candas365.es\\\/noticias\\\/#organization\",\"name\":\"Cand\\u00e1s 365\",\"description\":\"Cand\\u00e1s 365 es un diario digital independiente, fundado en 2012, con base en Asturias. Informamos con rigor sobre actualidad, sociedad, cultura y ocio, con una mirada local y global.\",\"url\":\"https:\\\/\\\/candas365.es\\\/noticias\\\/\",\"email\":\"info@candas365.es\",\"telephone\":\"+34652131393\",\"foundingDate\":\"2012-06-10\",\"logo\":{\"@type\":\"ImageObject\",\"url\":\"https:\\\/\\\/candas365.es\\\/noticias\\\/wp-content\\\/uploads\\\/2024\\\/09\\\/Candas-365-Redes.jpg\",\"@id\":\"https:\\\/\\\/candas365.es\\\/noticias\\\/el-bayern-ficha-al-frances-pavard-y-se-interesa-por-hudson-odoi\\\/#organizationLogo\",\"width\":1152,\"height\":864,\"caption\":\"Cand\\u00e1s 365 Redes\"},\"image\":{\"@id\":\"https:\\\/\\\/candas365.es\\\/noticias\\\/el-bayern-ficha-al-frances-pavard-y-se-interesa-por-hudson-odoi\\\/#organizationLogo\"},\"sameAs\":[\"https:\\\/\\\/www.facebook.com\\\/Nachofdezber\",\"https:\\\/\\\/x.com\\\/NabercoDigital\",\"https:\\\/\\\/www.instagram.com\\\/nachofdezber\\\/\",\"https:\\\/\\\/www.youtube.com\\\/channel\\\/UCZP-2wLEB9Rv6erhFmqVnvg\"],\"address\":{\"@id\":\"https:\\\/\\\/candas365.es\\\/noticias\\\/#postaladdress\",\"@type\":\"PostalAddress\",\"streetAddress\":\"san antonio 4, san antonio 4\",\"postalCode\":\"33430\",\"addressLocality\":\"Cand\\u00e1s\",\"addressRegion\":\"Asturias\",\"addressCountry\":\"ES\"}},{\"@type\":\"Person\",\"@id\":\"https:\\\/\\\/candas365.es\\\/noticias\\\/author\\\/admin\\\/#author\",\"url\":\"https:\\\/\\\/candas365.es\\\/noticias\\\/author\\\/admin\\\/\",\"name\":\"Cand\\u00e1s 365\",\"image\":{\"@type\":\"ImageObject\",\"@id\":\"https:\\\/\\\/candas365.es\\\/noticias\\\/el-bayern-ficha-al-frances-pavard-y-se-interesa-por-hudson-odoi\\\/#authorImage\",\"url\":\"https:\\\/\\\/secure.gravatar.com\\\/avatar\\\/496a8e03d0c493ede1718b7934145dbdf8d89be1036b0eec9544e1094c9de390?s=96&d=mm&r=g\",\"width\":96,\"height\":96,\"caption\":\"Cand\\u00e1s 365\"},\"sameAs\":[\"https:\\\/\\\/www.facebook.com\\\/carrenoactualidad\",\"https:\\\/\\\/twitter.com\\\/nbasturias\",\"https:\\\/\\\/www.instagram.com\\\/nachofdezber\\\/\",\"https:\\\/\\\/www.youtube.com\\\/channel\\\/UCZP-2wLEB9Rv6erhFmqVnvg\"]},{\"@type\":\"WebPage\",\"@id\":\"https:\\\/\\\/candas365.es\\\/noticias\\\/el-bayern-ficha-al-frances-pavard-y-se-interesa-por-hudson-odoi\\\/#webpage\",\"url\":\"https:\\\/\\\/candas365.es\\\/noticias\\\/el-bayern-ficha-al-frances-pavard-y-se-interesa-por-hudson-odoi\\\/\",\"name\":\"El Bayern ficha al franc\\u00e9s Pavard y se interesa por Hudson-Odoi | Cand\\u00e1s 365\",\"description\":\"Doha (Qatar), 9 ene (dpa) - El Bayern se asegur\\u00f3 el fichaje del internacional franc\\u00e9s Benjamin Pavard, que firm\\u00f3 un contrato por cinco a\\u00f1os con el club muniqu\\u00e9s y dejar\\u00e1 as\\u00ed el Stuttgart en el pr\\u00f3ximo verano (boreal), inform\\u00f3 hoy el director deportivo del club alem\\u00e1n, Hasan Salihamidzic. \\\"Es un jugador excelente que puede desempe\\u00f1arse\",\"inLanguage\":\"es-ES\",\"isPartOf\":{\"@id\":\"https:\\\/\\\/candas365.es\\\/noticias\\\/#website\"},\"breadcrumb\":{\"@id\":\"https:\\\/\\\/candas365.es\\\/noticias\\\/el-bayern-ficha-al-frances-pavard-y-se-interesa-por-hudson-odoi\\\/#breadcrumblist\"},\"author\":{\"@id\":\"https:\\\/\\\/candas365.es\\\/noticias\\\/author\\\/admin\\\/#author\"},\"creator\":{\"@id\":\"https:\\\/\\\/candas365.es\\\/noticias\\\/author\\\/admin\\\/#author\"},\"image\":{\"@type\":\"ImageObject\",\"url\":\"https:\\\/\\\/candas365.es\\\/noticias\\\/wp-content\\\/uploads\\\/2019\\\/01\\\/El-Bayern-ficha-a-Pavar.jpg\",\"@id\":\"https:\\\/\\\/candas365.es\\\/noticias\\\/el-bayern-ficha-al-frances-pavard-y-se-interesa-por-hudson-odoi\\\/#mainImage\",\"width\":859,\"height\":608,\"caption\":\"El franc\\u00e9s Benjamin Pavard. Foto: Marijan Murat\\\/dpa\"},\"primaryImageOfPage\":{\"@id\":\"https:\\\/\\\/candas365.es\\\/noticias\\\/el-bayern-ficha-al-frances-pavard-y-se-interesa-por-hudson-odoi\\\/#mainImage\"},\"datePublished\":\"2019-01-09T20:32:09+01:00\",\"dateModified\":\"2019-01-09T20:32:54+01:00\"},{\"@type\":\"WebSite\",\"@id\":\"https:\\\/\\\/candas365.es\\\/noticias\\\/#website\",\"url\":\"https:\\\/\\\/candas365.es\\\/noticias\\\/\",\"name\":\"Cand\\u00e1s 365\",\"alternateName\":\"Cand\\u00e1s 365 Noticias\",\"description\":\"Actualidad desde Carre\\u00f1o para el mundo\",\"inLanguage\":\"es-ES\",\"publisher\":{\"@id\":\"https:\\\/\\\/candas365.es\\\/noticias\\\/#organization\"}}]}\n\t\t<\/script>\n\t\t<!-- All in One SEO Pro -->\r\n\t\t<title>El Bayern ficha al franc\u00e9s Pavard y se interesa por Hudson-Odoi | Cand\u00e1s 365<\/title>\n\n","aioseo_head_json":{"title":"El Bayern ficha al franc\u00e9s Pavard y se interesa por Hudson-Odoi | Cand\u00e1s 365","description":"Doha (Qatar), 9 ene (dpa) - El Bayern se asegur\u00f3 el fichaje del internacional franc\u00e9s Benjamin Pavard, que firm\u00f3 un contrato por cinco a\u00f1os con el club muniqu\u00e9s y dejar\u00e1 as\u00ed el Stuttgart en el pr\u00f3ximo verano (boreal), inform\u00f3 hoy el director deportivo del club alem\u00e1n, Hasan Salihamidzic. \"Es un jugador excelente que puede desempe\u00f1arse","canonical_url":"https:\/\/candas365.es\/noticias\/el-bayern-ficha-al-frances-pavard-y-se-interesa-por-hudson-odoi\/","robots":"max-image-preview:large","keywords":"deporte","webmasterTools":{"google-site-verification":"UA-32230408-1","msvalidate.01":"354F3CDFB2DA171B47FBE9ABF1F88D5","miscellaneous":""},"schema":{"@context":"https:\/\/schema.org","@graph":[{"@type":"BreadcrumbList","@id":"https:\/\/candas365.es\/noticias\/el-bayern-ficha-al-frances-pavard-y-se-interesa-por-hudson-odoi\/#breadcrumblist","itemListElement":[{"@type":"ListItem","@id":"https:\/\/candas365.es\/noticias#listItem","position":1,"name":"Home","item":"https:\/\/candas365.es\/noticias","nextItem":{"@type":"ListItem","@id":"https:\/\/candas365.es\/noticias\/category\/deporte\/#listItem","name":"Deporte"}},{"@type":"ListItem","@id":"https:\/\/candas365.es\/noticias\/category\/deporte\/#listItem","position":2,"name":"Deporte","item":"https:\/\/candas365.es\/noticias\/category\/deporte\/","nextItem":{"@type":"ListItem","@id":"https:\/\/candas365.es\/noticias\/el-bayern-ficha-al-frances-pavard-y-se-interesa-por-hudson-odoi\/#listItem","name":"El Bayern ficha al franc\u00e9s Pavard y se interesa por Hudson-Odoi"},"previousItem":{"@type":"ListItem","@id":"https:\/\/candas365.es\/noticias#listItem","name":"Home"}},{"@type":"ListItem","@id":"https:\/\/candas365.es\/noticias\/el-bayern-ficha-al-frances-pavard-y-se-interesa-por-hudson-odoi\/#listItem","position":3,"name":"El Bayern ficha al franc\u00e9s Pavard y se interesa por Hudson-Odoi","previousItem":{"@type":"ListItem","@id":"https:\/\/candas365.es\/noticias\/category\/deporte\/#listItem","name":"Deporte"}}]},{"@type":"NewsArticle","@id":"https:\/\/candas365.es\/noticias\/el-bayern-ficha-al-frances-pavard-y-se-interesa-por-hudson-odoi\/#newsarticle","name":"El Bayern ficha al franc\u00e9s Pavard y se interesa por Hudson-Odoi | Cand\u00e1s 365","headline":"El Bayern ficha al franc\u00e9s Pavard y se interesa por Hudson-Odoi","author":{"@id":"https:\/\/candas365.es\/noticias\/author\/admin\/#author"},"publisher":{"@id":"https:\/\/candas365.es\/noticias\/#organization"},"image":{"@type":"ImageObject","url":"https:\/\/candas365.es\/noticias\/wp-content\/uploads\/2019\/01\/El-Bayern-ficha-a-Pavar.jpg","width":859,"height":608,"caption":"El franc\u00e9s Benjamin Pavard. Foto: Marijan Murat\/dpa"},"datePublished":"2019-01-09T20:32:09+01:00","dateModified":"2019-01-09T20:32:54+01:00","inLanguage":"es-ES","mainEntityOfPage":{"@id":"https:\/\/candas365.es\/noticias\/el-bayern-ficha-al-frances-pavard-y-se-interesa-por-hudson-odoi\/#webpage"},"isPartOf":{"@id":"https:\/\/candas365.es\/noticias\/el-bayern-ficha-al-frances-pavard-y-se-interesa-por-hudson-odoi\/#webpage"},"articleSection":"Deporte","dateline":"Publicado el enero 9, 2019."},{"@type":"Organization","@id":"https:\/\/candas365.es\/noticias\/#organization","name":"Cand\u00e1s 365","description":"Cand\u00e1s 365 es un diario digital independiente, fundado en 2012, con base en Asturias. Informamos con rigor sobre actualidad, sociedad, cultura y ocio, con una mirada local y global.","url":"https:\/\/candas365.es\/noticias\/","email":"info@candas365.es","telephone":"+34652131393","foundingDate":"2012-06-10","logo":{"@type":"ImageObject","url":"https:\/\/candas365.es\/noticias\/wp-content\/uploads\/2024\/09\/Candas-365-Redes.jpg","@id":"https:\/\/candas365.es\/noticias\/el-bayern-ficha-al-frances-pavard-y-se-interesa-por-hudson-odoi\/#organizationLogo","width":1152,"height":864,"caption":"Cand\u00e1s 365 Redes"},"image":{"@id":"https:\/\/candas365.es\/noticias\/el-bayern-ficha-al-frances-pavard-y-se-interesa-por-hudson-odoi\/#organizationLogo"},"sameAs":["https:\/\/www.facebook.com\/Nachofdezber","https:\/\/x.com\/NabercoDigital","https:\/\/www.instagram.com\/nachofdezber\/","https:\/\/www.youtube.com\/channel\/UCZP-2wLEB9Rv6erhFmqVnvg"],"address":{"@id":"https:\/\/candas365.es\/noticias\/#postaladdress","@type":"PostalAddress","streetAddress":"san antonio 4, san antonio 4","postalCode":"33430","addressLocality":"Cand\u00e1s","addressRegion":"Asturias","addressCountry":"ES"}},{"@type":"Person","@id":"https:\/\/candas365.es\/noticias\/author\/admin\/#author","url":"https:\/\/candas365.es\/noticias\/author\/admin\/","name":"Cand\u00e1s 365","image":{"@type":"ImageObject","@id":"https:\/\/candas365.es\/noticias\/el-bayern-ficha-al-frances-pavard-y-se-interesa-por-hudson-odoi\/#authorImage","url":"https:\/\/secure.gravatar.com\/avatar\/496a8e03d0c493ede1718b7934145dbdf8d89be1036b0eec9544e1094c9de390?s=96&d=mm&r=g","width":96,"height":96,"caption":"Cand\u00e1s 365"},"sameAs":["https:\/\/www.facebook.com\/carrenoactualidad","https:\/\/twitter.com\/nbasturias","https:\/\/www.instagram.com\/nachofdezber\/","https:\/\/www.youtube.com\/channel\/UCZP-2wLEB9Rv6erhFmqVnvg"]},{"@type":"WebPage","@id":"https:\/\/candas365.es\/noticias\/el-bayern-ficha-al-frances-pavard-y-se-interesa-por-hudson-odoi\/#webpage","url":"https:\/\/candas365.es\/noticias\/el-bayern-ficha-al-frances-pavard-y-se-interesa-por-hudson-odoi\/","name":"El Bayern ficha al franc\u00e9s Pavard y se interesa por Hudson-Odoi | Cand\u00e1s 365","description":"Doha (Qatar), 9 ene (dpa) - El Bayern se asegur\u00f3 el fichaje del internacional franc\u00e9s Benjamin Pavard, que firm\u00f3 un contrato por cinco a\u00f1os con el club muniqu\u00e9s y dejar\u00e1 as\u00ed el Stuttgart en el pr\u00f3ximo verano (boreal), inform\u00f3 hoy el director deportivo del club alem\u00e1n, Hasan Salihamidzic. \"Es un jugador excelente que puede desempe\u00f1arse","inLanguage":"es-ES","isPartOf":{"@id":"https:\/\/candas365.es\/noticias\/#website"},"breadcrumb":{"@id":"https:\/\/candas365.es\/noticias\/el-bayern-ficha-al-frances-pavard-y-se-interesa-por-hudson-odoi\/#breadcrumblist"},"author":{"@id":"https:\/\/candas365.es\/noticias\/author\/admin\/#author"},"creator":{"@id":"https:\/\/candas365.es\/noticias\/author\/admin\/#author"},"image":{"@type":"ImageObject","url":"https:\/\/candas365.es\/noticias\/wp-content\/uploads\/2019\/01\/El-Bayern-ficha-a-Pavar.jpg","@id":"https:\/\/candas365.es\/noticias\/el-bayern-ficha-al-frances-pavard-y-se-interesa-por-hudson-odoi\/#mainImage","width":859,"height":608,"caption":"El franc\u00e9s Benjamin Pavard. Foto: Marijan Murat\/dpa"},"primaryImageOfPage":{"@id":"https:\/\/candas365.es\/noticias\/el-bayern-ficha-al-frances-pavard-y-se-interesa-por-hudson-odoi\/#mainImage"},"datePublished":"2019-01-09T20:32:09+01:00","dateModified":"2019-01-09T20:32:54+01:00"},{"@type":"WebSite","@id":"https:\/\/candas365.es\/noticias\/#website","url":"https:\/\/candas365.es\/noticias\/","name":"Cand\u00e1s 365","alternateName":"Cand\u00e1s 365 Noticias","description":"Actualidad desde Carre\u00f1o para el mundo","inLanguage":"es-ES","publisher":{"@id":"https:\/\/candas365.es\/noticias\/#organization"}}]},"og:locale":"es_ES","og:site_name":"Cand\u00e1s 365","og:type":"article","og:title":"El Bayern ficha al franc\u00e9s Pavard y se interesa por Hudson-Odoi | Cand\u00e1s 365","og:description":"Doha (Qatar), 9 ene (dpa) - El Bayern se asegur\u00f3 el fichaje del internacional franc\u00e9s Benjamin Pavard, que firm\u00f3 un contrato por cinco a\u00f1os con el club muniqu\u00e9s y dejar\u00e1 as\u00ed el Stuttgart en el pr\u00f3ximo verano (boreal), inform\u00f3 hoy el director deportivo del club alem\u00e1n, Hasan Salihamidzic. &quot;Es un jugador excelente que puede desempe\u00f1arse","og:url":"https:\/\/candas365.es\/noticias\/el-bayern-ficha-al-frances-pavard-y-se-interesa-por-hudson-odoi\/","og:image":"https:\/\/candas365.es\/noticias\/wp-content\/uploads\/2019\/01\/El-Bayern-ficha-a-Pavar.jpg","og:image:secure_url":"https:\/\/candas365.es\/noticias\/wp-content\/uploads\/2019\/01\/El-Bayern-ficha-a-Pavar.jpg","og:image:width":859,"og:image:height":608,"article:published_time":"2019-01-09T20:32:09+00:00","article:modified_time":"2019-01-09T20:32:54+00:00","article:publisher":"https:\/\/www.facebook.com\/Nachofdezber","article:author":"https:\/\/www.facebook.com\/carrenoactualidad","twitter:card":"summary_large_image","twitter:site":"@NabercoDigital","twitter:title":"El Bayern ficha al franc\u00e9s Pavard y se interesa por Hudson-Odoi | Cand\u00e1s 365","twitter:description":"Doha (Qatar), 9 ene (dpa) - El Bayern se asegur\u00f3 el fichaje del internacional franc\u00e9s Benjamin Pavard, que firm\u00f3 un contrato por cinco a\u00f1os con el club muniqu\u00e9s y dejar\u00e1 as\u00ed el Stuttgart en el pr\u00f3ximo verano (boreal), inform\u00f3 hoy el director deportivo del club alem\u00e1n, Hasan Salihamidzic. &quot;Es un jugador excelente que puede desempe\u00f1arse","twitter:creator":"@nbasturias","twitter:image":"https:\/\/candas365.es\/noticias\/wp-content\/uploads\/2019\/01\/El-Bayern-ficha-a-Pavar.jpg","twitter:label1":"Escrito por","twitter:data1":"Cand\u00e1s 365","twitter:label2":"Tiempo de lectura estimado","twitter:data2":"1 minuto"},"aioseo_meta_data":{"post_id":"113873","title":null,"description":null,"keywords":null,"keyphrases":null,"primary_term":null,"canonical_url":null,"og_title":null,"og_description":null,"og_object_type":"default","og_image_type":"default","og_image_url":null,"og_image_width":null,"og_image_height":null,"og_image_custom_url":null,"og_image_custom_fields":null,"og_video":null,"og_custom_url":null,"og_article_section":null,"og_article_tags":null,"twitter_use_og":false,"twitter_card":"default","twitter_image_type":"default","twitter_image_url":null,"twitter_image_custom_url":null,"twitter_image_custom_fields":null,"twitter_title":null,"twitter_description":null,"schema":{"blockGraphs":[],"customGraphs":[],"default":{"data":{"Article":[],"Course":[],"Dataset":[],"FAQPage":[],"Movie":[],"Person":[],"Product":[],"ProductReview":[],"Car":[],"Recipe":[],"Service":[],"SoftwareApplication":[],"WebPage":[]},"graphName":"","isEnabled":true},"graphs":[],"defaultGraph":"","defaultPostTypeGraph":""},"schema_type":null,"schema_type_options":null,"pillar_content":false,"robots_default":true,"robots_noindex":false,"robots_noarchive":false,"robots_nosnippet":false,"robots_nofollow":false,"robots_noimageindex":false,"robots_noodp":false,"robots_notranslate":false,"robots_max_snippet":null,"robots_max_videopreview":null,"robots_max_imagepreview":"large","priority":null,"frequency":null,"location":null,"local_seo":null,"seo_analyzer_scan_date":"2025-08-28 23:53:35","breadcrumb_settings":null,"limit_modified_date":false,"reviewed_by":null,"open_ai":null,"ai":null,"created":"2020-12-21 11:26:55","updated":"2025-08-28 23:53:35"},"aioseo_breadcrumb":"<div class=\"aioseo-breadcrumbs\"><span class=\"aioseo-breadcrumb\">\n\t<a href=\"https:\/\/candas365.es\/noticias\" title=\"Home\">Home<\/a>\n<\/span><span class=\"aioseo-breadcrumb-separator\">&ndash;<\/span><span class=\"aioseo-breadcrumb\">\n\t<a href=\"https:\/\/candas365.es\/noticias\/category\/deporte\/\" title=\"Deporte\">Deporte<\/a>\n<\/span><span class=\"aioseo-breadcrumb-separator\">&ndash;<\/span><span class=\"aioseo-breadcrumb\">\n\tEl Bayern ficha al franc\u00e9s Pavard y se interesa por Hudson-Odoi\n<\/span><\/div>","aioseo_breadcrumb_json":[{"label":"Home","link":"https:\/\/candas365.es\/noticias"},{"label":"Deporte","link":"https:\/\/candas365.es\/noticias\/category\/deporte\/"},{"label":"El Bayern ficha al franc\u00e9s Pavard y se interesa por Hudson-Odoi","link":"https:\/\/candas365.es\/noticias\/el-bayern-ficha-al-frances-pavard-y-se-interesa-por-hudson-odoi\/"}],"_links":{"self":[{"href":"https:\/\/candas365.es\/noticias\/wp-json\/wp\/v2\/posts\/113873","targetHints":{"allow":["GET"]}}],"collection":[{"href":"https:\/\/candas365.es\/noticias\/wp-json\/wp\/v2\/posts"}],"about":[{"href":"https:\/\/candas365.es\/noticias\/wp-json\/wp\/v2\/types\/post"}],"author":[{"embeddable":true,"href":"https:\/\/candas365.es\/noticias\/wp-json\/wp\/v2\/users\/1"}],"replies":[{"embeddable":true,"href":"https:\/\/candas365.es\/noticias\/wp-json\/wp\/v2\/comments?post=113873"}],"version-history":[{"count":0,"href":"https:\/\/candas365.es\/noticias\/wp-json\/wp\/v2\/posts\/113873\/revisions"}],"wp:featuredmedia":[{"embeddable":true,"href":"https:\/\/candas365.es\/noticias\/wp-json\/wp\/v2\/media\/113874"}],"wp:attachment":[{"href":"https:\/\/candas365.es\/noticias\/wp-json\/wp\/v2\/media?parent=113873"}],"wp:term":[{"taxonomy":"category","embeddable":true,"href":"https:\/\/candas365.es\/noticias\/wp-json\/wp\/v2\/categories?post=113873"},{"taxonomy":"post_tag","embeddable":true,"href":"https:\/\/candas365.es\/noticias\/wp-json\/wp\/v2\/tags?post=113873"}],"curies":[{"name":"wp","href":"https:\/\/api.w.org\/{rel}","templated":true}]}}