{"id":113868,"date":"2019-01-09T20:20:33","date_gmt":"2019-01-09T20:20:33","guid":{"rendered":"http:\/\/candas365.es\/noticias\/?p=113868"},"modified":"2019-01-09T20:20:33","modified_gmt":"2019-01-09T20:20:33","slug":"los-alemanes-prefieren-comida-practica-y-sana","status":"publish","type":"post","link":"https:\/\/candas365.es\/noticias\/los-alemanes-prefieren-comida-practica-y-sana\/","title":{"rendered":"Los alemanes prefieren comida pr\u00e1ctica y sana"},"content":{"rendered":"<p><img fetchpriority=\"high\" decoding=\"async\" class=\"alignleft size-medium wp-image-113869\" src=\"https:\/\/candas365.es\/noticias\/wp-content\/uploads\/2019\/01\/vegetables-752153_960_720-360x246.jpg\" alt=\"\" width=\"360\" height=\"246\" srcset=\"https:\/\/candas365.es\/noticias\/wp-content\/uploads\/2019\/01\/vegetables-752153_960_720-360x246.jpg 360w, https:\/\/candas365.es\/noticias\/wp-content\/uploads\/2019\/01\/vegetables-752153_960_720-768x525.jpg 768w, https:\/\/candas365.es\/noticias\/wp-content\/uploads\/2019\/01\/vegetables-752153_960_720-655x448.jpg 655w, https:\/\/candas365.es\/noticias\/wp-content\/uploads\/2019\/01\/vegetables-752153_960_720-218x150.jpg 218w, https:\/\/candas365.es\/noticias\/wp-content\/uploads\/2019\/01\/vegetables-752153_960_720-696x476.jpg 696w, https:\/\/candas365.es\/noticias\/wp-content\/uploads\/2019\/01\/vegetables-752153_960_720-615x420.jpg 615w, https:\/\/candas365.es\/noticias\/wp-content\/uploads\/2019\/01\/vegetables-752153_960_720.jpg 960w\" sizes=\"(max-width: 360px) 100vw, 360px\" \/>Berl\u00edn, 9 ene (dpa) &#8211; La comida tiene que ser sana y r\u00e1pida de preparar, pero sobre todo saber bien, seg\u00fan se deduce de una nueva encuesta realizada por el instituto demosc\u00f3pico Forsa a petici\u00f3n del Gobierno alem\u00e1n.<\/p>\n<p>Los alemanes tienden a hacerse platos preparados, resumi\u00f3 hoy Julia Kl\u00f6ckner, ministra de Alimentaci\u00f3n y Agricultura, al presentar el informe actual sobre alimentaci\u00f3n en Alemania.<\/p>\n<p>Mientras que para el 99 por ciento de los encuestados lo importante es el sabor, para el 91 por ciento lo que cuenta es la salud y para el 48 por ciento una elaboraci\u00f3n sencilla. El contenido en calor\u00edas y el precio tienen en cambio menor importancia.<\/p>\n<p>M\u00e1s de un tercio (36 por ciento) considera el valor energ\u00e9tico especialmente importante, un escaso tercio (32 por ciento) otorga mayor importancia al precio de los alimentos.<\/p>\n<p>Kl\u00f6ckner utiliza estos datos para llegar a un acuerdo con la industria alimentaria en la reducci\u00f3n de az\u00facar, grasas y sales en los platos precocinados.<\/p>\n<p>\u00abA todos nos gustar\u00eda hacer un plan en teor\u00eda sano, pero eso no conduce a nada si despu\u00e9s la comida no sabe a nada\u00bb, coment\u00f3 Kl\u00f6ckner. Por eso, no es la idea imponer de un d\u00eda para otro que se reduzca el az\u00facar a la mitad, ya que los productos no tendr\u00edan salida, agreg\u00f3.<\/p>\n<p>El informe anual sobre alimentaci\u00f3n se basa en una encuesta representativa del instituto demosc\u00f3pico Forsa. Seg\u00fan refleja el estudio, el 28 por ciento de los alemanes consume carne y embutidos a diario. Solo un uno por ciento de la poblaci\u00f3n es vegana y un seis por ciento vegetariana.<\/p>\n<p>Entre Alemania oriental y occidental no hay diferencias notables: en el este del pa\u00eds, un 43 por ciento consume carne y embutido a diario, mientras que en el oeste solo lo hace un 26 por ciento, seg\u00fan los datos.<\/p>\n<p>Por otra parte, un 80 por ciento de los alemanes orientales indic\u00f3 comer a diario fruta y verdura, mientras que en el oeste solo lo hace un 69 por ciento.<\/p>\n","protected":false},"excerpt":{"rendered":"<p>Berl\u00edn, 9 ene (dpa) &#8211; La comida tiene que ser sana y r\u00e1pida de preparar, pero sobre todo saber bien, seg\u00fan se deduce de una nueva encuesta realizada por el instituto demosc\u00f3pico Forsa a petici\u00f3n del Gobierno alem\u00e1n. Los alemanes tienden a hacerse platos preparados, resumi\u00f3 hoy Julia Kl\u00f6ckner, ministra de Alimentaci\u00f3n y Agricultura, al<\/p>\n","protected":false},"author":1,"featured_media":113869,"comment_status":"closed","ping_status":"closed","sticky":false,"template":"","format":"standard","meta":{"footnotes":""},"categories":[143],"tags":[],"class_list":{"0":"post-113868","1":"post","2":"type-post","3":"status-publish","4":"format-standard","5":"has-post-thumbnail","7":"category-sociedad"},"aioseo_notices":[],"aioseo_head":"\n\t\t<!-- All in One SEO Pro 4.9.6.2 - aioseo.com -->\n\t<meta name=\"description\" content=\"Berl\u00edn, 9 ene (dpa) - La comida tiene que ser sana y r\u00e1pida de preparar, pero sobre todo saber bien, seg\u00fan se deduce de una nueva encuesta realizada por el instituto demosc\u00f3pico Forsa a petici\u00f3n del Gobierno alem\u00e1n. Los alemanes tienden a hacerse platos preparados, resumi\u00f3 hoy Julia Kl\u00f6ckner, ministra de Alimentaci\u00f3n y Agricultura, al\" \/>\n\t<meta name=\"robots\" content=\"max-image-preview:large\" \/>\n\t<meta name=\"author\" content=\"Cand\u00e1s 365\"\/>\n\t<meta name=\"google-site-verification\" content=\"UA-32230408-1\" \/>\n\t<meta name=\"msvalidate.01\" content=\"354F3CDFB2DA171B47FBE9ABF1F88D5\" \/>\n\t<meta name=\"keywords\" content=\"sociedad\" \/>\n\t<link rel=\"canonical\" href=\"https:\/\/candas365.es\/noticias\/los-alemanes-prefieren-comida-practica-y-sana\/\" \/>\n\t<meta name=\"generator\" content=\"All in One SEO Pro (AIOSEO) 4.9.6.2\" \/>\n\t\t<meta property=\"og:locale\" content=\"es_ES\" \/>\n\t\t<meta property=\"og:site_name\" content=\"Cand\u00e1s 365\" \/>\n\t\t<meta property=\"og:type\" content=\"article\" \/>\n\t\t<meta property=\"og:title\" content=\"Los alemanes prefieren comida pr\u00e1ctica y sana | Cand\u00e1s 365\" \/>\n\t\t<meta property=\"og:description\" content=\"Berl\u00edn, 9 ene (dpa) - La comida tiene que ser sana y r\u00e1pida de preparar, pero sobre todo saber bien, seg\u00fan se deduce de una nueva encuesta realizada por el instituto demosc\u00f3pico Forsa a petici\u00f3n del Gobierno alem\u00e1n. Los alemanes tienden a hacerse platos preparados, resumi\u00f3 hoy Julia Kl\u00f6ckner, ministra de Alimentaci\u00f3n y Agricultura, al\" \/>\n\t\t<meta property=\"og:url\" content=\"https:\/\/candas365.es\/noticias\/los-alemanes-prefieren-comida-practica-y-sana\/\" \/>\n\t\t<meta property=\"og:image\" content=\"https:\/\/candas365.es\/noticias\/wp-content\/uploads\/2019\/01\/vegetables-752153_960_720.jpg\" \/>\n\t\t<meta property=\"og:image:secure_url\" content=\"https:\/\/candas365.es\/noticias\/wp-content\/uploads\/2019\/01\/vegetables-752153_960_720.jpg\" \/>\n\t\t<meta property=\"og:image:width\" content=\"960\" \/>\n\t\t<meta property=\"og:image:height\" content=\"656\" \/>\n\t\t<meta property=\"article:published_time\" content=\"2019-01-09T20:20:33+00:00\" \/>\n\t\t<meta property=\"article:modified_time\" content=\"2019-01-09T20:20:33+00:00\" \/>\n\t\t<meta property=\"article:publisher\" content=\"https:\/\/www.facebook.com\/Nachofdezber\" \/>\n\t\t<meta property=\"article:author\" content=\"https:\/\/www.facebook.com\/carrenoactualidad\" \/>\n\t\t<meta name=\"twitter:card\" content=\"summary_large_image\" \/>\n\t\t<meta name=\"twitter:site\" content=\"@NabercoDigital\" \/>\n\t\t<meta name=\"twitter:title\" content=\"Los alemanes prefieren comida pr\u00e1ctica y sana | Cand\u00e1s 365\" \/>\n\t\t<meta name=\"twitter:description\" content=\"Berl\u00edn, 9 ene (dpa) - La comida tiene que ser sana y r\u00e1pida de preparar, pero sobre todo saber bien, seg\u00fan se deduce de una nueva encuesta realizada por el instituto demosc\u00f3pico Forsa a petici\u00f3n del Gobierno alem\u00e1n. Los alemanes tienden a hacerse platos preparados, resumi\u00f3 hoy Julia Kl\u00f6ckner, ministra de Alimentaci\u00f3n y Agricultura, al\" \/>\n\t\t<meta name=\"twitter:creator\" content=\"@nbasturias\" \/>\n\t\t<meta name=\"twitter:image\" content=\"https:\/\/candas365.es\/noticias\/wp-content\/uploads\/2019\/01\/vegetables-752153_960_720.jpg\" \/>\n\t\t<meta name=\"twitter:label1\" content=\"Escrito por\" \/>\n\t\t<meta name=\"twitter:data1\" content=\"Cand\u00e1s 365\" \/>\n\t\t<meta name=\"twitter:label2\" content=\"Tiempo de lectura estimado\" \/>\n\t\t<meta name=\"twitter:data2\" content=\"2 minutos\" \/>\n\t\t<script type=\"application\/ld+json\" class=\"aioseo-schema\">\n\t\t\t{\"@context\":\"https:\\\/\\\/schema.org\",\"@graph\":[{\"@type\":\"BreadcrumbList\",\"@id\":\"https:\\\/\\\/candas365.es\\\/noticias\\\/los-alemanes-prefieren-comida-practica-y-sana\\\/#breadcrumblist\",\"itemListElement\":[{\"@type\":\"ListItem\",\"@id\":\"https:\\\/\\\/candas365.es\\\/noticias#listItem\",\"position\":1,\"name\":\"Home\",\"item\":\"https:\\\/\\\/candas365.es\\\/noticias\",\"nextItem\":{\"@type\":\"ListItem\",\"@id\":\"https:\\\/\\\/candas365.es\\\/noticias\\\/category\\\/sociedad\\\/#listItem\",\"name\":\"Sociedad\"}},{\"@type\":\"ListItem\",\"@id\":\"https:\\\/\\\/candas365.es\\\/noticias\\\/category\\\/sociedad\\\/#listItem\",\"position\":2,\"name\":\"Sociedad\",\"item\":\"https:\\\/\\\/candas365.es\\\/noticias\\\/category\\\/sociedad\\\/\",\"nextItem\":{\"@type\":\"ListItem\",\"@id\":\"https:\\\/\\\/candas365.es\\\/noticias\\\/los-alemanes-prefieren-comida-practica-y-sana\\\/#listItem\",\"name\":\"Los alemanes prefieren comida pr\\u00e1ctica y sana\"},\"previousItem\":{\"@type\":\"ListItem\",\"@id\":\"https:\\\/\\\/candas365.es\\\/noticias#listItem\",\"name\":\"Home\"}},{\"@type\":\"ListItem\",\"@id\":\"https:\\\/\\\/candas365.es\\\/noticias\\\/los-alemanes-prefieren-comida-practica-y-sana\\\/#listItem\",\"position\":3,\"name\":\"Los alemanes prefieren comida pr\\u00e1ctica y sana\",\"previousItem\":{\"@type\":\"ListItem\",\"@id\":\"https:\\\/\\\/candas365.es\\\/noticias\\\/category\\\/sociedad\\\/#listItem\",\"name\":\"Sociedad\"}}]},{\"@type\":\"NewsArticle\",\"@id\":\"https:\\\/\\\/candas365.es\\\/noticias\\\/los-alemanes-prefieren-comida-practica-y-sana\\\/#newsarticle\",\"name\":\"Los alemanes prefieren comida pr\\u00e1ctica y sana | Cand\\u00e1s 365\",\"headline\":\"Los alemanes prefieren comida pr\\u00e1ctica y sana\",\"author\":{\"@id\":\"https:\\\/\\\/candas365.es\\\/noticias\\\/author\\\/admin\\\/#author\"},\"publisher\":{\"@id\":\"https:\\\/\\\/candas365.es\\\/noticias\\\/#organization\"},\"image\":{\"@type\":\"ImageObject\",\"url\":\"https:\\\/\\\/candas365.es\\\/noticias\\\/wp-content\\\/uploads\\\/2019\\\/01\\\/vegetables-752153_960_720.jpg\",\"width\":960,\"height\":656},\"datePublished\":\"2019-01-09T20:20:33+01:00\",\"dateModified\":\"2019-01-09T20:20:33+01:00\",\"inLanguage\":\"es-ES\",\"mainEntityOfPage\":{\"@id\":\"https:\\\/\\\/candas365.es\\\/noticias\\\/los-alemanes-prefieren-comida-practica-y-sana\\\/#webpage\"},\"isPartOf\":{\"@id\":\"https:\\\/\\\/candas365.es\\\/noticias\\\/los-alemanes-prefieren-comida-practica-y-sana\\\/#webpage\"},\"articleSection\":\"Sociedad\",\"dateline\":\"Publicado el enero 9, 2019.\"},{\"@type\":\"Organization\",\"@id\":\"https:\\\/\\\/candas365.es\\\/noticias\\\/#organization\",\"name\":\"Cand\\u00e1s 365\",\"description\":\"Cand\\u00e1s 365 es un diario digital independiente, fundado en 2012, con base en Asturias. Informamos con rigor sobre actualidad, sociedad, cultura y ocio, con una mirada local y global.\",\"url\":\"https:\\\/\\\/candas365.es\\\/noticias\\\/\",\"email\":\"info@candas365.es\",\"telephone\":\"+34652131393\",\"foundingDate\":\"2012-06-10\",\"logo\":{\"@type\":\"ImageObject\",\"url\":\"https:\\\/\\\/candas365.es\\\/noticias\\\/wp-content\\\/uploads\\\/2024\\\/09\\\/Candas-365-Redes.jpg\",\"@id\":\"https:\\\/\\\/candas365.es\\\/noticias\\\/los-alemanes-prefieren-comida-practica-y-sana\\\/#organizationLogo\",\"width\":1152,\"height\":864,\"caption\":\"Cand\\u00e1s 365 Redes\"},\"image\":{\"@id\":\"https:\\\/\\\/candas365.es\\\/noticias\\\/los-alemanes-prefieren-comida-practica-y-sana\\\/#organizationLogo\"},\"sameAs\":[\"https:\\\/\\\/www.facebook.com\\\/Nachofdezber\",\"https:\\\/\\\/x.com\\\/NabercoDigital\",\"https:\\\/\\\/www.instagram.com\\\/nachofdezber\\\/\",\"https:\\\/\\\/www.youtube.com\\\/channel\\\/UCZP-2wLEB9Rv6erhFmqVnvg\"],\"address\":{\"@id\":\"https:\\\/\\\/candas365.es\\\/noticias\\\/#postaladdress\",\"@type\":\"PostalAddress\",\"streetAddress\":\"san antonio 4, san antonio 4\",\"postalCode\":\"33430\",\"addressLocality\":\"Cand\\u00e1s\",\"addressRegion\":\"Asturias\",\"addressCountry\":\"ES\"}},{\"@type\":\"Person\",\"@id\":\"https:\\\/\\\/candas365.es\\\/noticias\\\/author\\\/admin\\\/#author\",\"url\":\"https:\\\/\\\/candas365.es\\\/noticias\\\/author\\\/admin\\\/\",\"name\":\"Cand\\u00e1s 365\",\"image\":{\"@type\":\"ImageObject\",\"@id\":\"https:\\\/\\\/candas365.es\\\/noticias\\\/los-alemanes-prefieren-comida-practica-y-sana\\\/#authorImage\",\"url\":\"https:\\\/\\\/secure.gravatar.com\\\/avatar\\\/496a8e03d0c493ede1718b7934145dbdf8d89be1036b0eec9544e1094c9de390?s=96&d=mm&r=g\",\"width\":96,\"height\":96,\"caption\":\"Cand\\u00e1s 365\"},\"sameAs\":[\"https:\\\/\\\/www.facebook.com\\\/carrenoactualidad\",\"https:\\\/\\\/twitter.com\\\/nbasturias\",\"https:\\\/\\\/www.instagram.com\\\/nachofdezber\\\/\",\"https:\\\/\\\/www.youtube.com\\\/channel\\\/UCZP-2wLEB9Rv6erhFmqVnvg\"]},{\"@type\":\"WebPage\",\"@id\":\"https:\\\/\\\/candas365.es\\\/noticias\\\/los-alemanes-prefieren-comida-practica-y-sana\\\/#webpage\",\"url\":\"https:\\\/\\\/candas365.es\\\/noticias\\\/los-alemanes-prefieren-comida-practica-y-sana\\\/\",\"name\":\"Los alemanes prefieren comida pr\\u00e1ctica y sana | Cand\\u00e1s 365\",\"description\":\"Berl\\u00edn, 9 ene (dpa) - La comida tiene que ser sana y r\\u00e1pida de preparar, pero sobre todo saber bien, seg\\u00fan se deduce de una nueva encuesta realizada por el instituto demosc\\u00f3pico Forsa a petici\\u00f3n del Gobierno alem\\u00e1n. Los alemanes tienden a hacerse platos preparados, resumi\\u00f3 hoy Julia Kl\\u00f6ckner, ministra de Alimentaci\\u00f3n y Agricultura, al\",\"inLanguage\":\"es-ES\",\"isPartOf\":{\"@id\":\"https:\\\/\\\/candas365.es\\\/noticias\\\/#website\"},\"breadcrumb\":{\"@id\":\"https:\\\/\\\/candas365.es\\\/noticias\\\/los-alemanes-prefieren-comida-practica-y-sana\\\/#breadcrumblist\"},\"author\":{\"@id\":\"https:\\\/\\\/candas365.es\\\/noticias\\\/author\\\/admin\\\/#author\"},\"creator\":{\"@id\":\"https:\\\/\\\/candas365.es\\\/noticias\\\/author\\\/admin\\\/#author\"},\"image\":{\"@type\":\"ImageObject\",\"url\":\"https:\\\/\\\/candas365.es\\\/noticias\\\/wp-content\\\/uploads\\\/2019\\\/01\\\/vegetables-752153_960_720.jpg\",\"@id\":\"https:\\\/\\\/candas365.es\\\/noticias\\\/los-alemanes-prefieren-comida-practica-y-sana\\\/#mainImage\",\"width\":960,\"height\":656},\"primaryImageOfPage\":{\"@id\":\"https:\\\/\\\/candas365.es\\\/noticias\\\/los-alemanes-prefieren-comida-practica-y-sana\\\/#mainImage\"},\"datePublished\":\"2019-01-09T20:20:33+01:00\",\"dateModified\":\"2019-01-09T20:20:33+01:00\"},{\"@type\":\"WebSite\",\"@id\":\"https:\\\/\\\/candas365.es\\\/noticias\\\/#website\",\"url\":\"https:\\\/\\\/candas365.es\\\/noticias\\\/\",\"name\":\"Cand\\u00e1s 365\",\"alternateName\":\"Cand\\u00e1s 365 Noticias\",\"description\":\"Actualidad desde Carre\\u00f1o para el mundo\",\"inLanguage\":\"es-ES\",\"publisher\":{\"@id\":\"https:\\\/\\\/candas365.es\\\/noticias\\\/#organization\"}}]}\n\t\t<\/script>\n\t\t<!-- All in One SEO Pro -->\r\n\t\t<title>Los alemanes prefieren comida pr\u00e1ctica y sana | Cand\u00e1s 365<\/title>\n\n","aioseo_head_json":{"title":"Los alemanes prefieren comida pr\u00e1ctica y sana | Cand\u00e1s 365","description":"Berl\u00edn, 9 ene (dpa) - La comida tiene que ser sana y r\u00e1pida de preparar, pero sobre todo saber bien, seg\u00fan se deduce de una nueva encuesta realizada por el instituto demosc\u00f3pico Forsa a petici\u00f3n del Gobierno alem\u00e1n. Los alemanes tienden a hacerse platos preparados, resumi\u00f3 hoy Julia Kl\u00f6ckner, ministra de Alimentaci\u00f3n y Agricultura, al","canonical_url":"https:\/\/candas365.es\/noticias\/los-alemanes-prefieren-comida-practica-y-sana\/","robots":"max-image-preview:large","keywords":"sociedad","webmasterTools":{"google-site-verification":"UA-32230408-1","msvalidate.01":"354F3CDFB2DA171B47FBE9ABF1F88D5","miscellaneous":""},"schema":{"@context":"https:\/\/schema.org","@graph":[{"@type":"BreadcrumbList","@id":"https:\/\/candas365.es\/noticias\/los-alemanes-prefieren-comida-practica-y-sana\/#breadcrumblist","itemListElement":[{"@type":"ListItem","@id":"https:\/\/candas365.es\/noticias#listItem","position":1,"name":"Home","item":"https:\/\/candas365.es\/noticias","nextItem":{"@type":"ListItem","@id":"https:\/\/candas365.es\/noticias\/category\/sociedad\/#listItem","name":"Sociedad"}},{"@type":"ListItem","@id":"https:\/\/candas365.es\/noticias\/category\/sociedad\/#listItem","position":2,"name":"Sociedad","item":"https:\/\/candas365.es\/noticias\/category\/sociedad\/","nextItem":{"@type":"ListItem","@id":"https:\/\/candas365.es\/noticias\/los-alemanes-prefieren-comida-practica-y-sana\/#listItem","name":"Los alemanes prefieren comida pr\u00e1ctica y sana"},"previousItem":{"@type":"ListItem","@id":"https:\/\/candas365.es\/noticias#listItem","name":"Home"}},{"@type":"ListItem","@id":"https:\/\/candas365.es\/noticias\/los-alemanes-prefieren-comida-practica-y-sana\/#listItem","position":3,"name":"Los alemanes prefieren comida pr\u00e1ctica y sana","previousItem":{"@type":"ListItem","@id":"https:\/\/candas365.es\/noticias\/category\/sociedad\/#listItem","name":"Sociedad"}}]},{"@type":"NewsArticle","@id":"https:\/\/candas365.es\/noticias\/los-alemanes-prefieren-comida-practica-y-sana\/#newsarticle","name":"Los alemanes prefieren comida pr\u00e1ctica y sana | Cand\u00e1s 365","headline":"Los alemanes prefieren comida pr\u00e1ctica y sana","author":{"@id":"https:\/\/candas365.es\/noticias\/author\/admin\/#author"},"publisher":{"@id":"https:\/\/candas365.es\/noticias\/#organization"},"image":{"@type":"ImageObject","url":"https:\/\/candas365.es\/noticias\/wp-content\/uploads\/2019\/01\/vegetables-752153_960_720.jpg","width":960,"height":656},"datePublished":"2019-01-09T20:20:33+01:00","dateModified":"2019-01-09T20:20:33+01:00","inLanguage":"es-ES","mainEntityOfPage":{"@id":"https:\/\/candas365.es\/noticias\/los-alemanes-prefieren-comida-practica-y-sana\/#webpage"},"isPartOf":{"@id":"https:\/\/candas365.es\/noticias\/los-alemanes-prefieren-comida-practica-y-sana\/#webpage"},"articleSection":"Sociedad","dateline":"Publicado el enero 9, 2019."},{"@type":"Organization","@id":"https:\/\/candas365.es\/noticias\/#organization","name":"Cand\u00e1s 365","description":"Cand\u00e1s 365 es un diario digital independiente, fundado en 2012, con base en Asturias. Informamos con rigor sobre actualidad, sociedad, cultura y ocio, con una mirada local y global.","url":"https:\/\/candas365.es\/noticias\/","email":"info@candas365.es","telephone":"+34652131393","foundingDate":"2012-06-10","logo":{"@type":"ImageObject","url":"https:\/\/candas365.es\/noticias\/wp-content\/uploads\/2024\/09\/Candas-365-Redes.jpg","@id":"https:\/\/candas365.es\/noticias\/los-alemanes-prefieren-comida-practica-y-sana\/#organizationLogo","width":1152,"height":864,"caption":"Cand\u00e1s 365 Redes"},"image":{"@id":"https:\/\/candas365.es\/noticias\/los-alemanes-prefieren-comida-practica-y-sana\/#organizationLogo"},"sameAs":["https:\/\/www.facebook.com\/Nachofdezber","https:\/\/x.com\/NabercoDigital","https:\/\/www.instagram.com\/nachofdezber\/","https:\/\/www.youtube.com\/channel\/UCZP-2wLEB9Rv6erhFmqVnvg"],"address":{"@id":"https:\/\/candas365.es\/noticias\/#postaladdress","@type":"PostalAddress","streetAddress":"san antonio 4, san antonio 4","postalCode":"33430","addressLocality":"Cand\u00e1s","addressRegion":"Asturias","addressCountry":"ES"}},{"@type":"Person","@id":"https:\/\/candas365.es\/noticias\/author\/admin\/#author","url":"https:\/\/candas365.es\/noticias\/author\/admin\/","name":"Cand\u00e1s 365","image":{"@type":"ImageObject","@id":"https:\/\/candas365.es\/noticias\/los-alemanes-prefieren-comida-practica-y-sana\/#authorImage","url":"https:\/\/secure.gravatar.com\/avatar\/496a8e03d0c493ede1718b7934145dbdf8d89be1036b0eec9544e1094c9de390?s=96&d=mm&r=g","width":96,"height":96,"caption":"Cand\u00e1s 365"},"sameAs":["https:\/\/www.facebook.com\/carrenoactualidad","https:\/\/twitter.com\/nbasturias","https:\/\/www.instagram.com\/nachofdezber\/","https:\/\/www.youtube.com\/channel\/UCZP-2wLEB9Rv6erhFmqVnvg"]},{"@type":"WebPage","@id":"https:\/\/candas365.es\/noticias\/los-alemanes-prefieren-comida-practica-y-sana\/#webpage","url":"https:\/\/candas365.es\/noticias\/los-alemanes-prefieren-comida-practica-y-sana\/","name":"Los alemanes prefieren comida pr\u00e1ctica y sana | Cand\u00e1s 365","description":"Berl\u00edn, 9 ene (dpa) - La comida tiene que ser sana y r\u00e1pida de preparar, pero sobre todo saber bien, seg\u00fan se deduce de una nueva encuesta realizada por el instituto demosc\u00f3pico Forsa a petici\u00f3n del Gobierno alem\u00e1n. Los alemanes tienden a hacerse platos preparados, resumi\u00f3 hoy Julia Kl\u00f6ckner, ministra de Alimentaci\u00f3n y Agricultura, al","inLanguage":"es-ES","isPartOf":{"@id":"https:\/\/candas365.es\/noticias\/#website"},"breadcrumb":{"@id":"https:\/\/candas365.es\/noticias\/los-alemanes-prefieren-comida-practica-y-sana\/#breadcrumblist"},"author":{"@id":"https:\/\/candas365.es\/noticias\/author\/admin\/#author"},"creator":{"@id":"https:\/\/candas365.es\/noticias\/author\/admin\/#author"},"image":{"@type":"ImageObject","url":"https:\/\/candas365.es\/noticias\/wp-content\/uploads\/2019\/01\/vegetables-752153_960_720.jpg","@id":"https:\/\/candas365.es\/noticias\/los-alemanes-prefieren-comida-practica-y-sana\/#mainImage","width":960,"height":656},"primaryImageOfPage":{"@id":"https:\/\/candas365.es\/noticias\/los-alemanes-prefieren-comida-practica-y-sana\/#mainImage"},"datePublished":"2019-01-09T20:20:33+01:00","dateModified":"2019-01-09T20:20:33+01:00"},{"@type":"WebSite","@id":"https:\/\/candas365.es\/noticias\/#website","url":"https:\/\/candas365.es\/noticias\/","name":"Cand\u00e1s 365","alternateName":"Cand\u00e1s 365 Noticias","description":"Actualidad desde Carre\u00f1o para el mundo","inLanguage":"es-ES","publisher":{"@id":"https:\/\/candas365.es\/noticias\/#organization"}}]},"og:locale":"es_ES","og:site_name":"Cand\u00e1s 365","og:type":"article","og:title":"Los alemanes prefieren comida pr\u00e1ctica y sana | Cand\u00e1s 365","og:description":"Berl\u00edn, 9 ene (dpa) - La comida tiene que ser sana y r\u00e1pida de preparar, pero sobre todo saber bien, seg\u00fan se deduce de una nueva encuesta realizada por el instituto demosc\u00f3pico Forsa a petici\u00f3n del Gobierno alem\u00e1n. Los alemanes tienden a hacerse platos preparados, resumi\u00f3 hoy Julia Kl\u00f6ckner, ministra de Alimentaci\u00f3n y Agricultura, al","og:url":"https:\/\/candas365.es\/noticias\/los-alemanes-prefieren-comida-practica-y-sana\/","og:image":"https:\/\/candas365.es\/noticias\/wp-content\/uploads\/2019\/01\/vegetables-752153_960_720.jpg","og:image:secure_url":"https:\/\/candas365.es\/noticias\/wp-content\/uploads\/2019\/01\/vegetables-752153_960_720.jpg","og:image:width":960,"og:image:height":656,"article:published_time":"2019-01-09T20:20:33+00:00","article:modified_time":"2019-01-09T20:20:33+00:00","article:publisher":"https:\/\/www.facebook.com\/Nachofdezber","article:author":"https:\/\/www.facebook.com\/carrenoactualidad","twitter:card":"summary_large_image","twitter:site":"@NabercoDigital","twitter:title":"Los alemanes prefieren comida pr\u00e1ctica y sana | Cand\u00e1s 365","twitter:description":"Berl\u00edn, 9 ene (dpa) - La comida tiene que ser sana y r\u00e1pida de preparar, pero sobre todo saber bien, seg\u00fan se deduce de una nueva encuesta realizada por el instituto demosc\u00f3pico Forsa a petici\u00f3n del Gobierno alem\u00e1n. Los alemanes tienden a hacerse platos preparados, resumi\u00f3 hoy Julia Kl\u00f6ckner, ministra de Alimentaci\u00f3n y Agricultura, al","twitter:creator":"@nbasturias","twitter:image":"https:\/\/candas365.es\/noticias\/wp-content\/uploads\/2019\/01\/vegetables-752153_960_720.jpg","twitter:label1":"Escrito por","twitter:data1":"Cand\u00e1s 365","twitter:label2":"Tiempo de lectura estimado","twitter:data2":"2 minutos"},"aioseo_meta_data":{"post_id":"113868","title":null,"description":null,"keywords":null,"keyphrases":null,"primary_term":null,"canonical_url":null,"og_title":null,"og_description":null,"og_object_type":"default","og_image_type":"default","og_image_url":null,"og_image_width":null,"og_image_height":null,"og_image_custom_url":null,"og_image_custom_fields":null,"og_video":null,"og_custom_url":null,"og_article_section":null,"og_article_tags":null,"twitter_use_og":false,"twitter_card":"default","twitter_image_type":"default","twitter_image_url":null,"twitter_image_custom_url":null,"twitter_image_custom_fields":null,"twitter_title":null,"twitter_description":null,"schema":{"blockGraphs":[],"customGraphs":[],"default":{"data":{"Article":[],"Course":[],"Dataset":[],"FAQPage":[],"Movie":[],"Person":[],"Product":[],"ProductReview":[],"Car":[],"Recipe":[],"Service":[],"SoftwareApplication":[],"WebPage":[]},"graphName":"","isEnabled":true},"graphs":[],"defaultGraph":"","defaultPostTypeGraph":""},"schema_type":null,"schema_type_options":null,"pillar_content":false,"robots_default":true,"robots_noindex":false,"robots_noarchive":false,"robots_nosnippet":false,"robots_nofollow":false,"robots_noimageindex":false,"robots_noodp":false,"robots_notranslate":false,"robots_max_snippet":null,"robots_max_videopreview":null,"robots_max_imagepreview":"large","priority":null,"frequency":null,"location":null,"local_seo":null,"seo_analyzer_scan_date":"2025-08-28 23:52:19","breadcrumb_settings":null,"limit_modified_date":false,"reviewed_by":null,"open_ai":null,"ai":null,"created":"2020-12-21 11:26:55","updated":"2025-08-28 23:52:19"},"aioseo_breadcrumb":"<div class=\"aioseo-breadcrumbs\"><span class=\"aioseo-breadcrumb\">\n\t<a href=\"https:\/\/candas365.es\/noticias\" title=\"Home\">Home<\/a>\n<\/span><span class=\"aioseo-breadcrumb-separator\">&ndash;<\/span><span class=\"aioseo-breadcrumb\">\n\t<a href=\"https:\/\/candas365.es\/noticias\/category\/sociedad\/\" title=\"Sociedad\">Sociedad<\/a>\n<\/span><span class=\"aioseo-breadcrumb-separator\">&ndash;<\/span><span class=\"aioseo-breadcrumb\">\n\tLos alemanes prefieren comida pr\u00e1ctica y sana\n<\/span><\/div>","aioseo_breadcrumb_json":[{"label":"Home","link":"https:\/\/candas365.es\/noticias"},{"label":"Sociedad","link":"https:\/\/candas365.es\/noticias\/category\/sociedad\/"},{"label":"Los alemanes prefieren comida pr\u00e1ctica y sana","link":"https:\/\/candas365.es\/noticias\/los-alemanes-prefieren-comida-practica-y-sana\/"}],"_links":{"self":[{"href":"https:\/\/candas365.es\/noticias\/wp-json\/wp\/v2\/posts\/113868","targetHints":{"allow":["GET"]}}],"collection":[{"href":"https:\/\/candas365.es\/noticias\/wp-json\/wp\/v2\/posts"}],"about":[{"href":"https:\/\/candas365.es\/noticias\/wp-json\/wp\/v2\/types\/post"}],"author":[{"embeddable":true,"href":"https:\/\/candas365.es\/noticias\/wp-json\/wp\/v2\/users\/1"}],"replies":[{"embeddable":true,"href":"https:\/\/candas365.es\/noticias\/wp-json\/wp\/v2\/comments?post=113868"}],"version-history":[{"count":0,"href":"https:\/\/candas365.es\/noticias\/wp-json\/wp\/v2\/posts\/113868\/revisions"}],"wp:featuredmedia":[{"embeddable":true,"href":"https:\/\/candas365.es\/noticias\/wp-json\/wp\/v2\/media\/113869"}],"wp:attachment":[{"href":"https:\/\/candas365.es\/noticias\/wp-json\/wp\/v2\/media?parent=113868"}],"wp:term":[{"taxonomy":"category","embeddable":true,"href":"https:\/\/candas365.es\/noticias\/wp-json\/wp\/v2\/categories?post=113868"},{"taxonomy":"post_tag","embeddable":true,"href":"https:\/\/candas365.es\/noticias\/wp-json\/wp\/v2\/tags?post=113868"}],"curies":[{"name":"wp","href":"https:\/\/api.w.org\/{rel}","templated":true}]}}