{"id":113859,"date":"2019-01-09T19:55:39","date_gmt":"2019-01-09T19:55:39","guid":{"rendered":"http:\/\/candas365.es\/noticias\/?p=113859"},"modified":"2019-01-09T19:55:39","modified_gmt":"2019-01-09T19:55:39","slug":"el-ayuntamiento-de-carreno-mejorara-las-instalaciones-de-la-antigua-sofeca","status":"publish","type":"post","link":"https:\/\/candas365.es\/noticias\/el-ayuntamiento-de-carreno-mejorara-las-instalaciones-de-la-antigua-sofeca\/","title":{"rendered":"El Ayuntamiento de Carre\u00f1o mejorar\u00e1 las instalaciones de la antigua SOFECA"},"content":{"rendered":"<p><img fetchpriority=\"high\" decoding=\"async\" class=\"alignleft size-medium wp-image-113860\" src=\"https:\/\/candas365.es\/noticias\/wp-content\/uploads\/2019\/01\/foto-3-sofeca-360x270.jpg\" alt=\"\" width=\"360\" height=\"270\" srcset=\"https:\/\/candas365.es\/noticias\/wp-content\/uploads\/2019\/01\/foto-3-sofeca-360x270.jpg 360w, https:\/\/candas365.es\/noticias\/wp-content\/uploads\/2019\/01\/foto-3-sofeca-768x576.jpg 768w, https:\/\/candas365.es\/noticias\/wp-content\/uploads\/2019\/01\/foto-3-sofeca-640x480.jpg 640w, https:\/\/candas365.es\/noticias\/wp-content\/uploads\/2019\/01\/foto-3-sofeca-80x60.jpg 80w, https:\/\/candas365.es\/noticias\/wp-content\/uploads\/2019\/01\/foto-3-sofeca-265x198.jpg 265w, https:\/\/candas365.es\/noticias\/wp-content\/uploads\/2019\/01\/foto-3-sofeca-696x522.jpg 696w, https:\/\/candas365.es\/noticias\/wp-content\/uploads\/2019\/01\/foto-3-sofeca-1068x801.jpg 1068w, https:\/\/candas365.es\/noticias\/wp-content\/uploads\/2019\/01\/foto-3-sofeca-560x420.jpg 560w, https:\/\/candas365.es\/noticias\/wp-content\/uploads\/2019\/01\/foto-3-sofeca.jpg 1280w\" sizes=\"(max-width: 360px) 100vw, 360px\" \/>El Ayuntamiento de Carre\u00f1o informa que realizar\u00e1 obras para mejorar los locales del antigua SOFECA, unos locales que el consistorio tiene arrendados en la Plaza de la Baraga\u00f1a y cuyos arreglos est\u00e1 a punto de culminar el servicio municipal de obras. Dichos locales se ceden gratuitamente ya sea como local de ensayos, de oficina, para la preparaci\u00f3n de actividades culturales-deportivas, para guardar materiales,\u2026 y los ven\u00edan usando asiduamente el \u201cEl Coro de la Bodega\u201d; el coro \u201cNordeste\u201d; el Grupo de Baile \u201cSan F\u00e9lix\u201d de Cand\u00e1s; las asociaciones deportivas \u201cClub Atl\u00e9tico Ocle\u201d y el \u201cClub Ajedrez Cand\u00e1s\u201d, entre otros.<\/p>\n<p>\u201cEntre las mejoras a realizar del local se encontraba la retirada del suelo de baldosa hidr\u00e1ulica existente, que presentaba ciertos deterioros, para su posterior sustituci\u00f3n por gres. Durante la retirada de dicho pavimento y de su mortero de agarre, fue detectada una grieta en la parte superior del forjado. Por lo que se solicit\u00f3 la presencia de los Servicios T\u00e9cnicos Municipales para analizarla. Iniciamos estas mejoras a petici\u00f3n de entidades usuarias que nos trasladaron las necesidades que ve\u00edan\u201d se\u00f1al\u00f3 On\u00e9simo Velasco-Concejal de Obras-.<\/p>\n<p>\u201cLa primera medida tomada por los t\u00e9cnicos\/as municipales fue la de continuar con la retirada de todo el pavimento y la eliminaci\u00f3n de su mortero de agarre para intentar liberar de peso al forjado. Y a continuaci\u00f3n la paralizaci\u00f3n de las obras del local, as\u00ed como sus usos hasta no disponer de preceptivo Informe de Evaluaci\u00f3n\u201d coment\u00f3 el edil.<\/p>\n<p>\u201cEl edificio en cuesti\u00f3n es una edificaci\u00f3n que data de 1950. Y en el que tras el estudio del proyecto de construcci\u00f3n nos encontramos con que no figura la composici\u00f3n del forjado ni su direcci\u00f3n. Ante esta situaci\u00f3n se realizaron dos catas con las que se pudo deducir que la grieta es paralela a la direcci\u00f3n de las viguetas y que corresponde a un encuentro entre vigueta y bovedilla. Por lo que, como consecuencia de ello, la patolog\u00eda detectada presumiblemente es atribuible a una sobrecarga de uso excesiva del forjado, como apuntan y as\u00ed reflejan los informes t\u00e9cnicos municipales\u201d relat\u00f3 Velasco.<\/p>\n<p>\u201cUna vez examinado el informe t\u00e9cnico de evaluaci\u00f3n, se realiz\u00f3 un nuevo estudio del estado del forjado, en el que se observa la ausencia de acero en la capa de compresi\u00f3n del forjado. Procedi\u00e9ndose, entonces, a la reparaci\u00f3n del local para reiniciar su uso de nuevo con las limitaciones t\u00e9cnicas que procedan para garantizar la seguridad.\u201d &#8211; prosigui\u00f3 el concejal.<\/p>\n<p><strong>Las acciones que se han llevado a cabo para subsanarlas las deficiencias detectadas fueron las que siguen:<\/strong><\/p>\n<ul>\n<li>Ejecuci\u00f3n de una capa de compresi\u00f3n armada realizada con mortero aligerado de alta resistencia y mallazo de acero. Esta solera dota al forjado de una capa auto portante que no genera cargas adicionales a la estructura, muy al contrario, la aligera, a la vez que proporciona una base para la colocaci\u00f3n del nuevo pavimento.<\/li>\n<li>Colocaci\u00f3n pavimento, instal\u00e1ndose un nuevo pavimento de gres de porcelana recibido con cemento cola sobre la solera ejecutada.<\/li>\n<li>Remates de pintura, es decir, pintura de todo el local.<\/li>\n<li>Limpieza y acondicionamiento.<\/li>\n<\/ul>\n<p>Todas estas obras se han llevado a cabo con medios propios pertenecientes al Servicio de Obras.<\/p>\n<p>\u201cCon la realizaci\u00f3n de estas mejoras el Ayuntamiento ha pretendido dejar el local arrendado en perfecto estado de uso para los fines socio culturales que la edificaci\u00f3n permite siempre teniendo en cuenta el tipo de edificaci\u00f3n y estructura. Su uso, a partir de estos momentos, tal y como se\u00f1alan los informes t\u00e9cnicos municipales deber\u00e1 ser tipo residencial, con unas sobrecargas no mayores de 200 \u2013 300 kg\/m2, evitando los impactos, los movimientos bruscos, vibraciones etc. En los pr\u00f3ximos d\u00edas, desde el Ayuntamiento, se convocar\u00e1 a las asociaciones que comparte la instalaci\u00f3n para coordinar el r\u00e9gimen de usos, corresponsabilidades en las tarea de limpieza, y se les har\u00e1 entrega de llaves,\u2026 a partir de entonces , ya se retomar\u00e1 la actividad interrumpida por las circunstancias sobrevenidas \u201d finaliz\u00f3 On\u00e9simo Velasco-Concejal de Obras.<\/p>\n","protected":false},"excerpt":{"rendered":"<p>El Ayuntamiento de Carre\u00f1o informa que realizar\u00e1 obras para mejorar los locales del antigua SOFECA, unos locales que el consistorio tiene arrendados en la Plaza de la Baraga\u00f1a y cuyos arreglos est\u00e1 a punto de culminar el servicio municipal de obras. Dichos locales se ceden gratuitamente ya sea como local de ensayos, de oficina, para<\/p>\n","protected":false},"author":1,"featured_media":113860,"comment_status":"closed","ping_status":"closed","sticky":false,"template":"","format":"standard","meta":{"footnotes":""},"categories":[2],"tags":[],"class_list":{"0":"post-113859","1":"post","2":"type-post","3":"status-publish","4":"format-standard","5":"has-post-thumbnail","7":"category-noticias-carreno"},"aioseo_notices":[],"aioseo_head":"\n\t\t<!-- All in One SEO Pro 4.9.6.2 - aioseo.com -->\n\t<meta name=\"description\" content=\"El Ayuntamiento de Carre\u00f1o informa que realizar\u00e1 obras para mejorar los locales del antigua SOFECA, unos locales que el consistorio tiene arrendados en la Plaza de la Baraga\u00f1a y cuyos arreglos est\u00e1 a punto de culminar el servicio municipal de obras. Dichos locales se ceden gratuitamente ya sea como local de ensayos, de oficina, para\" \/>\n\t<meta name=\"robots\" content=\"max-image-preview:large\" \/>\n\t<meta name=\"author\" content=\"Cand\u00e1s 365\"\/>\n\t<meta name=\"google-site-verification\" content=\"UA-32230408-1\" \/>\n\t<meta name=\"msvalidate.01\" content=\"354F3CDFB2DA171B47FBE9ABF1F88D5\" \/>\n\t<meta name=\"keywords\" content=\"noticias carre\u00f1o\" \/>\n\t<link rel=\"canonical\" href=\"https:\/\/candas365.es\/noticias\/el-ayuntamiento-de-carreno-mejorara-las-instalaciones-de-la-antigua-sofeca\/\" \/>\n\t<meta name=\"generator\" content=\"All in One SEO Pro (AIOSEO) 4.9.6.2\" \/>\n\t\t<meta property=\"og:locale\" content=\"es_ES\" \/>\n\t\t<meta property=\"og:site_name\" content=\"Cand\u00e1s 365\" \/>\n\t\t<meta property=\"og:type\" content=\"article\" \/>\n\t\t<meta property=\"og:title\" content=\"El Ayuntamiento de Carre\u00f1o mejorar\u00e1 las instalaciones de la antigua SOFECA | Cand\u00e1s 365\" \/>\n\t\t<meta property=\"og:description\" content=\"El Ayuntamiento de Carre\u00f1o informa que realizar\u00e1 obras para mejorar los locales del antigua SOFECA, unos locales que el consistorio tiene arrendados en la Plaza de la Baraga\u00f1a y cuyos arreglos est\u00e1 a punto de culminar el servicio municipal de obras. Dichos locales se ceden gratuitamente ya sea como local de ensayos, de oficina, para\" \/>\n\t\t<meta property=\"og:url\" content=\"https:\/\/candas365.es\/noticias\/el-ayuntamiento-de-carreno-mejorara-las-instalaciones-de-la-antigua-sofeca\/\" \/>\n\t\t<meta property=\"og:image\" content=\"https:\/\/candas365.es\/noticias\/wp-content\/uploads\/2019\/01\/foto-3-sofeca.jpg\" \/>\n\t\t<meta property=\"og:image:secure_url\" content=\"https:\/\/candas365.es\/noticias\/wp-content\/uploads\/2019\/01\/foto-3-sofeca.jpg\" \/>\n\t\t<meta property=\"og:image:width\" content=\"1280\" \/>\n\t\t<meta property=\"og:image:height\" content=\"960\" \/>\n\t\t<meta property=\"article:published_time\" content=\"2019-01-09T19:55:39+00:00\" \/>\n\t\t<meta property=\"article:modified_time\" content=\"2019-01-09T19:55:39+00:00\" \/>\n\t\t<meta property=\"article:publisher\" content=\"https:\/\/www.facebook.com\/Nachofdezber\" \/>\n\t\t<meta property=\"article:author\" content=\"https:\/\/www.facebook.com\/carrenoactualidad\" \/>\n\t\t<meta name=\"twitter:card\" content=\"summary_large_image\" \/>\n\t\t<meta name=\"twitter:site\" content=\"@NabercoDigital\" \/>\n\t\t<meta name=\"twitter:title\" content=\"El Ayuntamiento de Carre\u00f1o mejorar\u00e1 las instalaciones de la antigua SOFECA | Cand\u00e1s 365\" \/>\n\t\t<meta name=\"twitter:description\" content=\"El Ayuntamiento de Carre\u00f1o informa que realizar\u00e1 obras para mejorar los locales del antigua SOFECA, unos locales que el consistorio tiene arrendados en la Plaza de la Baraga\u00f1a y cuyos arreglos est\u00e1 a punto de culminar el servicio municipal de obras. Dichos locales se ceden gratuitamente ya sea como local de ensayos, de oficina, para\" \/>\n\t\t<meta name=\"twitter:creator\" content=\"@nbasturias\" \/>\n\t\t<meta name=\"twitter:image\" content=\"https:\/\/candas365.es\/noticias\/wp-content\/uploads\/2019\/01\/foto-3-sofeca.jpg\" \/>\n\t\t<meta name=\"twitter:label1\" content=\"Escrito por\" \/>\n\t\t<meta name=\"twitter:data1\" content=\"Cand\u00e1s 365\" \/>\n\t\t<meta name=\"twitter:label2\" content=\"Tiempo de lectura estimado\" \/>\n\t\t<meta name=\"twitter:data2\" content=\"3 minutos\" \/>\n\t\t<script type=\"application\/ld+json\" class=\"aioseo-schema\">\n\t\t\t{\"@context\":\"https:\\\/\\\/schema.org\",\"@graph\":[{\"@type\":\"BreadcrumbList\",\"@id\":\"https:\\\/\\\/candas365.es\\\/noticias\\\/el-ayuntamiento-de-carreno-mejorara-las-instalaciones-de-la-antigua-sofeca\\\/#breadcrumblist\",\"itemListElement\":[{\"@type\":\"ListItem\",\"@id\":\"https:\\\/\\\/candas365.es\\\/noticias#listItem\",\"position\":1,\"name\":\"Home\",\"item\":\"https:\\\/\\\/candas365.es\\\/noticias\",\"nextItem\":{\"@type\":\"ListItem\",\"@id\":\"https:\\\/\\\/candas365.es\\\/noticias\\\/category\\\/noticias-carreno\\\/#listItem\",\"name\":\"Noticias Carre\\u00f1o\"}},{\"@type\":\"ListItem\",\"@id\":\"https:\\\/\\\/candas365.es\\\/noticias\\\/category\\\/noticias-carreno\\\/#listItem\",\"position\":2,\"name\":\"Noticias Carre\\u00f1o\",\"item\":\"https:\\\/\\\/candas365.es\\\/noticias\\\/category\\\/noticias-carreno\\\/\",\"nextItem\":{\"@type\":\"ListItem\",\"@id\":\"https:\\\/\\\/candas365.es\\\/noticias\\\/el-ayuntamiento-de-carreno-mejorara-las-instalaciones-de-la-antigua-sofeca\\\/#listItem\",\"name\":\"El Ayuntamiento de Carre\\u00f1o mejorar\\u00e1 las instalaciones de la antigua SOFECA\"},\"previousItem\":{\"@type\":\"ListItem\",\"@id\":\"https:\\\/\\\/candas365.es\\\/noticias#listItem\",\"name\":\"Home\"}},{\"@type\":\"ListItem\",\"@id\":\"https:\\\/\\\/candas365.es\\\/noticias\\\/el-ayuntamiento-de-carreno-mejorara-las-instalaciones-de-la-antigua-sofeca\\\/#listItem\",\"position\":3,\"name\":\"El Ayuntamiento de Carre\\u00f1o mejorar\\u00e1 las instalaciones de la antigua SOFECA\",\"previousItem\":{\"@type\":\"ListItem\",\"@id\":\"https:\\\/\\\/candas365.es\\\/noticias\\\/category\\\/noticias-carreno\\\/#listItem\",\"name\":\"Noticias Carre\\u00f1o\"}}]},{\"@type\":\"NewsArticle\",\"@id\":\"https:\\\/\\\/candas365.es\\\/noticias\\\/el-ayuntamiento-de-carreno-mejorara-las-instalaciones-de-la-antigua-sofeca\\\/#newsarticle\",\"name\":\"El Ayuntamiento de Carre\\u00f1o mejorar\\u00e1 las instalaciones de la antigua SOFECA | Cand\\u00e1s 365\",\"headline\":\"El Ayuntamiento de Carre\\u00f1o mejorar\\u00e1 las instalaciones de la antigua SOFECA\",\"author\":{\"@id\":\"https:\\\/\\\/candas365.es\\\/noticias\\\/author\\\/admin\\\/#author\"},\"publisher\":{\"@id\":\"https:\\\/\\\/candas365.es\\\/noticias\\\/#organization\"},\"image\":{\"@type\":\"ImageObject\",\"url\":\"https:\\\/\\\/candas365.es\\\/noticias\\\/wp-content\\\/uploads\\\/2019\\\/01\\\/foto-3-sofeca.jpg\",\"width\":1280,\"height\":960},\"datePublished\":\"2019-01-09T19:55:39+01:00\",\"dateModified\":\"2019-01-09T19:55:39+01:00\",\"inLanguage\":\"es-ES\",\"mainEntityOfPage\":{\"@id\":\"https:\\\/\\\/candas365.es\\\/noticias\\\/el-ayuntamiento-de-carreno-mejorara-las-instalaciones-de-la-antigua-sofeca\\\/#webpage\"},\"isPartOf\":{\"@id\":\"https:\\\/\\\/candas365.es\\\/noticias\\\/el-ayuntamiento-de-carreno-mejorara-las-instalaciones-de-la-antigua-sofeca\\\/#webpage\"},\"articleSection\":\"Noticias Carre\\u00f1o\",\"dateline\":\"Publicado el enero 9, 2019.\"},{\"@type\":\"Organization\",\"@id\":\"https:\\\/\\\/candas365.es\\\/noticias\\\/#organization\",\"name\":\"Cand\\u00e1s 365\",\"description\":\"Cand\\u00e1s 365 es un diario digital independiente, fundado en 2012, con base en Asturias. Informamos con rigor sobre actualidad, sociedad, cultura y ocio, con una mirada local y global.\",\"url\":\"https:\\\/\\\/candas365.es\\\/noticias\\\/\",\"email\":\"info@candas365.es\",\"telephone\":\"+34652131393\",\"foundingDate\":\"2012-06-10\",\"logo\":{\"@type\":\"ImageObject\",\"url\":\"https:\\\/\\\/candas365.es\\\/noticias\\\/wp-content\\\/uploads\\\/2024\\\/09\\\/Candas-365-Redes.jpg\",\"@id\":\"https:\\\/\\\/candas365.es\\\/noticias\\\/el-ayuntamiento-de-carreno-mejorara-las-instalaciones-de-la-antigua-sofeca\\\/#organizationLogo\",\"width\":1152,\"height\":864,\"caption\":\"Cand\\u00e1s 365 Redes\"},\"image\":{\"@id\":\"https:\\\/\\\/candas365.es\\\/noticias\\\/el-ayuntamiento-de-carreno-mejorara-las-instalaciones-de-la-antigua-sofeca\\\/#organizationLogo\"},\"sameAs\":[\"https:\\\/\\\/www.facebook.com\\\/Nachofdezber\",\"https:\\\/\\\/x.com\\\/NabercoDigital\",\"https:\\\/\\\/www.instagram.com\\\/nachofdezber\\\/\",\"https:\\\/\\\/www.youtube.com\\\/channel\\\/UCZP-2wLEB9Rv6erhFmqVnvg\"],\"address\":{\"@id\":\"https:\\\/\\\/candas365.es\\\/noticias\\\/#postaladdress\",\"@type\":\"PostalAddress\",\"streetAddress\":\"san antonio 4, san antonio 4\",\"postalCode\":\"33430\",\"addressLocality\":\"Cand\\u00e1s\",\"addressRegion\":\"Asturias\",\"addressCountry\":\"ES\"}},{\"@type\":\"Person\",\"@id\":\"https:\\\/\\\/candas365.es\\\/noticias\\\/author\\\/admin\\\/#author\",\"url\":\"https:\\\/\\\/candas365.es\\\/noticias\\\/author\\\/admin\\\/\",\"name\":\"Cand\\u00e1s 365\",\"image\":{\"@type\":\"ImageObject\",\"@id\":\"https:\\\/\\\/candas365.es\\\/noticias\\\/el-ayuntamiento-de-carreno-mejorara-las-instalaciones-de-la-antigua-sofeca\\\/#authorImage\",\"url\":\"https:\\\/\\\/secure.gravatar.com\\\/avatar\\\/496a8e03d0c493ede1718b7934145dbdf8d89be1036b0eec9544e1094c9de390?s=96&d=mm&r=g\",\"width\":96,\"height\":96,\"caption\":\"Cand\\u00e1s 365\"},\"sameAs\":[\"https:\\\/\\\/www.facebook.com\\\/carrenoactualidad\",\"https:\\\/\\\/twitter.com\\\/nbasturias\",\"https:\\\/\\\/www.instagram.com\\\/nachofdezber\\\/\",\"https:\\\/\\\/www.youtube.com\\\/channel\\\/UCZP-2wLEB9Rv6erhFmqVnvg\"]},{\"@type\":\"WebPage\",\"@id\":\"https:\\\/\\\/candas365.es\\\/noticias\\\/el-ayuntamiento-de-carreno-mejorara-las-instalaciones-de-la-antigua-sofeca\\\/#webpage\",\"url\":\"https:\\\/\\\/candas365.es\\\/noticias\\\/el-ayuntamiento-de-carreno-mejorara-las-instalaciones-de-la-antigua-sofeca\\\/\",\"name\":\"El Ayuntamiento de Carre\\u00f1o mejorar\\u00e1 las instalaciones de la antigua SOFECA | Cand\\u00e1s 365\",\"description\":\"El Ayuntamiento de Carre\\u00f1o informa que realizar\\u00e1 obras para mejorar los locales del antigua SOFECA, unos locales que el consistorio tiene arrendados en la Plaza de la Baraga\\u00f1a y cuyos arreglos est\\u00e1 a punto de culminar el servicio municipal de obras. Dichos locales se ceden gratuitamente ya sea como local de ensayos, de oficina, para\",\"inLanguage\":\"es-ES\",\"isPartOf\":{\"@id\":\"https:\\\/\\\/candas365.es\\\/noticias\\\/#website\"},\"breadcrumb\":{\"@id\":\"https:\\\/\\\/candas365.es\\\/noticias\\\/el-ayuntamiento-de-carreno-mejorara-las-instalaciones-de-la-antigua-sofeca\\\/#breadcrumblist\"},\"author\":{\"@id\":\"https:\\\/\\\/candas365.es\\\/noticias\\\/author\\\/admin\\\/#author\"},\"creator\":{\"@id\":\"https:\\\/\\\/candas365.es\\\/noticias\\\/author\\\/admin\\\/#author\"},\"image\":{\"@type\":\"ImageObject\",\"url\":\"https:\\\/\\\/candas365.es\\\/noticias\\\/wp-content\\\/uploads\\\/2019\\\/01\\\/foto-3-sofeca.jpg\",\"@id\":\"https:\\\/\\\/candas365.es\\\/noticias\\\/el-ayuntamiento-de-carreno-mejorara-las-instalaciones-de-la-antigua-sofeca\\\/#mainImage\",\"width\":1280,\"height\":960},\"primaryImageOfPage\":{\"@id\":\"https:\\\/\\\/candas365.es\\\/noticias\\\/el-ayuntamiento-de-carreno-mejorara-las-instalaciones-de-la-antigua-sofeca\\\/#mainImage\"},\"datePublished\":\"2019-01-09T19:55:39+01:00\",\"dateModified\":\"2019-01-09T19:55:39+01:00\"},{\"@type\":\"WebSite\",\"@id\":\"https:\\\/\\\/candas365.es\\\/noticias\\\/#website\",\"url\":\"https:\\\/\\\/candas365.es\\\/noticias\\\/\",\"name\":\"Cand\\u00e1s 365\",\"alternateName\":\"Cand\\u00e1s 365 Noticias\",\"description\":\"Actualidad desde Carre\\u00f1o para el mundo\",\"inLanguage\":\"es-ES\",\"publisher\":{\"@id\":\"https:\\\/\\\/candas365.es\\\/noticias\\\/#organization\"}}]}\n\t\t<\/script>\n\t\t<!-- All in One SEO Pro -->\r\n\t\t<title>El Ayuntamiento de Carre\u00f1o mejorar\u00e1 las instalaciones de la antigua SOFECA | Cand\u00e1s 365<\/title>\n\n","aioseo_head_json":{"title":"El Ayuntamiento de Carre\u00f1o mejorar\u00e1 las instalaciones de la antigua SOFECA | Cand\u00e1s 365","description":"El Ayuntamiento de Carre\u00f1o informa que realizar\u00e1 obras para mejorar los locales del antigua SOFECA, unos locales que el consistorio tiene arrendados en la Plaza de la Baraga\u00f1a y cuyos arreglos est\u00e1 a punto de culminar el servicio municipal de obras. Dichos locales se ceden gratuitamente ya sea como local de ensayos, de oficina, para","canonical_url":"https:\/\/candas365.es\/noticias\/el-ayuntamiento-de-carreno-mejorara-las-instalaciones-de-la-antigua-sofeca\/","robots":"max-image-preview:large","keywords":"noticias carre\u00f1o","webmasterTools":{"google-site-verification":"UA-32230408-1","msvalidate.01":"354F3CDFB2DA171B47FBE9ABF1F88D5","miscellaneous":""},"schema":{"@context":"https:\/\/schema.org","@graph":[{"@type":"BreadcrumbList","@id":"https:\/\/candas365.es\/noticias\/el-ayuntamiento-de-carreno-mejorara-las-instalaciones-de-la-antigua-sofeca\/#breadcrumblist","itemListElement":[{"@type":"ListItem","@id":"https:\/\/candas365.es\/noticias#listItem","position":1,"name":"Home","item":"https:\/\/candas365.es\/noticias","nextItem":{"@type":"ListItem","@id":"https:\/\/candas365.es\/noticias\/category\/noticias-carreno\/#listItem","name":"Noticias Carre\u00f1o"}},{"@type":"ListItem","@id":"https:\/\/candas365.es\/noticias\/category\/noticias-carreno\/#listItem","position":2,"name":"Noticias Carre\u00f1o","item":"https:\/\/candas365.es\/noticias\/category\/noticias-carreno\/","nextItem":{"@type":"ListItem","@id":"https:\/\/candas365.es\/noticias\/el-ayuntamiento-de-carreno-mejorara-las-instalaciones-de-la-antigua-sofeca\/#listItem","name":"El Ayuntamiento de Carre\u00f1o mejorar\u00e1 las instalaciones de la antigua SOFECA"},"previousItem":{"@type":"ListItem","@id":"https:\/\/candas365.es\/noticias#listItem","name":"Home"}},{"@type":"ListItem","@id":"https:\/\/candas365.es\/noticias\/el-ayuntamiento-de-carreno-mejorara-las-instalaciones-de-la-antigua-sofeca\/#listItem","position":3,"name":"El Ayuntamiento de Carre\u00f1o mejorar\u00e1 las instalaciones de la antigua SOFECA","previousItem":{"@type":"ListItem","@id":"https:\/\/candas365.es\/noticias\/category\/noticias-carreno\/#listItem","name":"Noticias Carre\u00f1o"}}]},{"@type":"NewsArticle","@id":"https:\/\/candas365.es\/noticias\/el-ayuntamiento-de-carreno-mejorara-las-instalaciones-de-la-antigua-sofeca\/#newsarticle","name":"El Ayuntamiento de Carre\u00f1o mejorar\u00e1 las instalaciones de la antigua SOFECA | Cand\u00e1s 365","headline":"El Ayuntamiento de Carre\u00f1o mejorar\u00e1 las instalaciones de la antigua SOFECA","author":{"@id":"https:\/\/candas365.es\/noticias\/author\/admin\/#author"},"publisher":{"@id":"https:\/\/candas365.es\/noticias\/#organization"},"image":{"@type":"ImageObject","url":"https:\/\/candas365.es\/noticias\/wp-content\/uploads\/2019\/01\/foto-3-sofeca.jpg","width":1280,"height":960},"datePublished":"2019-01-09T19:55:39+01:00","dateModified":"2019-01-09T19:55:39+01:00","inLanguage":"es-ES","mainEntityOfPage":{"@id":"https:\/\/candas365.es\/noticias\/el-ayuntamiento-de-carreno-mejorara-las-instalaciones-de-la-antigua-sofeca\/#webpage"},"isPartOf":{"@id":"https:\/\/candas365.es\/noticias\/el-ayuntamiento-de-carreno-mejorara-las-instalaciones-de-la-antigua-sofeca\/#webpage"},"articleSection":"Noticias Carre\u00f1o","dateline":"Publicado el enero 9, 2019."},{"@type":"Organization","@id":"https:\/\/candas365.es\/noticias\/#organization","name":"Cand\u00e1s 365","description":"Cand\u00e1s 365 es un diario digital independiente, fundado en 2012, con base en Asturias. Informamos con rigor sobre actualidad, sociedad, cultura y ocio, con una mirada local y global.","url":"https:\/\/candas365.es\/noticias\/","email":"info@candas365.es","telephone":"+34652131393","foundingDate":"2012-06-10","logo":{"@type":"ImageObject","url":"https:\/\/candas365.es\/noticias\/wp-content\/uploads\/2024\/09\/Candas-365-Redes.jpg","@id":"https:\/\/candas365.es\/noticias\/el-ayuntamiento-de-carreno-mejorara-las-instalaciones-de-la-antigua-sofeca\/#organizationLogo","width":1152,"height":864,"caption":"Cand\u00e1s 365 Redes"},"image":{"@id":"https:\/\/candas365.es\/noticias\/el-ayuntamiento-de-carreno-mejorara-las-instalaciones-de-la-antigua-sofeca\/#organizationLogo"},"sameAs":["https:\/\/www.facebook.com\/Nachofdezber","https:\/\/x.com\/NabercoDigital","https:\/\/www.instagram.com\/nachofdezber\/","https:\/\/www.youtube.com\/channel\/UCZP-2wLEB9Rv6erhFmqVnvg"],"address":{"@id":"https:\/\/candas365.es\/noticias\/#postaladdress","@type":"PostalAddress","streetAddress":"san antonio 4, san antonio 4","postalCode":"33430","addressLocality":"Cand\u00e1s","addressRegion":"Asturias","addressCountry":"ES"}},{"@type":"Person","@id":"https:\/\/candas365.es\/noticias\/author\/admin\/#author","url":"https:\/\/candas365.es\/noticias\/author\/admin\/","name":"Cand\u00e1s 365","image":{"@type":"ImageObject","@id":"https:\/\/candas365.es\/noticias\/el-ayuntamiento-de-carreno-mejorara-las-instalaciones-de-la-antigua-sofeca\/#authorImage","url":"https:\/\/secure.gravatar.com\/avatar\/496a8e03d0c493ede1718b7934145dbdf8d89be1036b0eec9544e1094c9de390?s=96&d=mm&r=g","width":96,"height":96,"caption":"Cand\u00e1s 365"},"sameAs":["https:\/\/www.facebook.com\/carrenoactualidad","https:\/\/twitter.com\/nbasturias","https:\/\/www.instagram.com\/nachofdezber\/","https:\/\/www.youtube.com\/channel\/UCZP-2wLEB9Rv6erhFmqVnvg"]},{"@type":"WebPage","@id":"https:\/\/candas365.es\/noticias\/el-ayuntamiento-de-carreno-mejorara-las-instalaciones-de-la-antigua-sofeca\/#webpage","url":"https:\/\/candas365.es\/noticias\/el-ayuntamiento-de-carreno-mejorara-las-instalaciones-de-la-antigua-sofeca\/","name":"El Ayuntamiento de Carre\u00f1o mejorar\u00e1 las instalaciones de la antigua SOFECA | Cand\u00e1s 365","description":"El Ayuntamiento de Carre\u00f1o informa que realizar\u00e1 obras para mejorar los locales del antigua SOFECA, unos locales que el consistorio tiene arrendados en la Plaza de la Baraga\u00f1a y cuyos arreglos est\u00e1 a punto de culminar el servicio municipal de obras. Dichos locales se ceden gratuitamente ya sea como local de ensayos, de oficina, para","inLanguage":"es-ES","isPartOf":{"@id":"https:\/\/candas365.es\/noticias\/#website"},"breadcrumb":{"@id":"https:\/\/candas365.es\/noticias\/el-ayuntamiento-de-carreno-mejorara-las-instalaciones-de-la-antigua-sofeca\/#breadcrumblist"},"author":{"@id":"https:\/\/candas365.es\/noticias\/author\/admin\/#author"},"creator":{"@id":"https:\/\/candas365.es\/noticias\/author\/admin\/#author"},"image":{"@type":"ImageObject","url":"https:\/\/candas365.es\/noticias\/wp-content\/uploads\/2019\/01\/foto-3-sofeca.jpg","@id":"https:\/\/candas365.es\/noticias\/el-ayuntamiento-de-carreno-mejorara-las-instalaciones-de-la-antigua-sofeca\/#mainImage","width":1280,"height":960},"primaryImageOfPage":{"@id":"https:\/\/candas365.es\/noticias\/el-ayuntamiento-de-carreno-mejorara-las-instalaciones-de-la-antigua-sofeca\/#mainImage"},"datePublished":"2019-01-09T19:55:39+01:00","dateModified":"2019-01-09T19:55:39+01:00"},{"@type":"WebSite","@id":"https:\/\/candas365.es\/noticias\/#website","url":"https:\/\/candas365.es\/noticias\/","name":"Cand\u00e1s 365","alternateName":"Cand\u00e1s 365 Noticias","description":"Actualidad desde Carre\u00f1o para el mundo","inLanguage":"es-ES","publisher":{"@id":"https:\/\/candas365.es\/noticias\/#organization"}}]},"og:locale":"es_ES","og:site_name":"Cand\u00e1s 365","og:type":"article","og:title":"El Ayuntamiento de Carre\u00f1o mejorar\u00e1 las instalaciones de la antigua SOFECA | Cand\u00e1s 365","og:description":"El Ayuntamiento de Carre\u00f1o informa que realizar\u00e1 obras para mejorar los locales del antigua SOFECA, unos locales que el consistorio tiene arrendados en la Plaza de la Baraga\u00f1a y cuyos arreglos est\u00e1 a punto de culminar el servicio municipal de obras. Dichos locales se ceden gratuitamente ya sea como local de ensayos, de oficina, para","og:url":"https:\/\/candas365.es\/noticias\/el-ayuntamiento-de-carreno-mejorara-las-instalaciones-de-la-antigua-sofeca\/","og:image":"https:\/\/candas365.es\/noticias\/wp-content\/uploads\/2019\/01\/foto-3-sofeca.jpg","og:image:secure_url":"https:\/\/candas365.es\/noticias\/wp-content\/uploads\/2019\/01\/foto-3-sofeca.jpg","og:image:width":1280,"og:image:height":960,"article:published_time":"2019-01-09T19:55:39+00:00","article:modified_time":"2019-01-09T19:55:39+00:00","article:publisher":"https:\/\/www.facebook.com\/Nachofdezber","article:author":"https:\/\/www.facebook.com\/carrenoactualidad","twitter:card":"summary_large_image","twitter:site":"@NabercoDigital","twitter:title":"El Ayuntamiento de Carre\u00f1o mejorar\u00e1 las instalaciones de la antigua SOFECA | Cand\u00e1s 365","twitter:description":"El Ayuntamiento de Carre\u00f1o informa que realizar\u00e1 obras para mejorar los locales del antigua SOFECA, unos locales que el consistorio tiene arrendados en la Plaza de la Baraga\u00f1a y cuyos arreglos est\u00e1 a punto de culminar el servicio municipal de obras. Dichos locales se ceden gratuitamente ya sea como local de ensayos, de oficina, para","twitter:creator":"@nbasturias","twitter:image":"https:\/\/candas365.es\/noticias\/wp-content\/uploads\/2019\/01\/foto-3-sofeca.jpg","twitter:label1":"Escrito por","twitter:data1":"Cand\u00e1s 365","twitter:label2":"Tiempo de lectura estimado","twitter:data2":"3 minutos"},"aioseo_meta_data":{"post_id":"113859","title":null,"description":null,"keywords":null,"keyphrases":null,"primary_term":null,"canonical_url":null,"og_title":null,"og_description":null,"og_object_type":"default","og_image_type":"default","og_image_url":null,"og_image_width":null,"og_image_height":null,"og_image_custom_url":null,"og_image_custom_fields":null,"og_video":null,"og_custom_url":null,"og_article_section":null,"og_article_tags":null,"twitter_use_og":false,"twitter_card":"default","twitter_image_type":"default","twitter_image_url":null,"twitter_image_custom_url":null,"twitter_image_custom_fields":null,"twitter_title":null,"twitter_description":null,"schema":{"blockGraphs":[],"customGraphs":[],"default":{"data":{"Article":[],"Course":[],"Dataset":[],"FAQPage":[],"Movie":[],"Person":[],"Product":[],"ProductReview":[],"Car":[],"Recipe":[],"Service":[],"SoftwareApplication":[],"WebPage":[]},"graphName":"","isEnabled":true},"graphs":[],"defaultGraph":"","defaultPostTypeGraph":""},"schema_type":null,"schema_type_options":null,"pillar_content":false,"robots_default":true,"robots_noindex":false,"robots_noarchive":false,"robots_nosnippet":false,"robots_nofollow":false,"robots_noimageindex":false,"robots_noodp":false,"robots_notranslate":false,"robots_max_snippet":null,"robots_max_videopreview":null,"robots_max_imagepreview":"large","priority":null,"frequency":null,"location":null,"local_seo":null,"seo_analyzer_scan_date":"2025-08-28 23:52:14","breadcrumb_settings":null,"limit_modified_date":false,"reviewed_by":null,"open_ai":null,"ai":null,"created":"2020-12-21 11:26:55","updated":"2025-08-28 23:52:14"},"aioseo_breadcrumb":"<div class=\"aioseo-breadcrumbs\"><span class=\"aioseo-breadcrumb\">\n\t<a href=\"https:\/\/candas365.es\/noticias\" title=\"Home\">Home<\/a>\n<\/span><span class=\"aioseo-breadcrumb-separator\">&ndash;<\/span><span class=\"aioseo-breadcrumb\">\n\t<a href=\"https:\/\/candas365.es\/noticias\/category\/noticias-carreno\/\" title=\"Noticias Carre\u00f1o\">Noticias Carre\u00f1o<\/a>\n<\/span><span class=\"aioseo-breadcrumb-separator\">&ndash;<\/span><span class=\"aioseo-breadcrumb\">\n\tEl Ayuntamiento de Carre\u00f1o mejorar\u00e1 las instalaciones de la antigua SOFECA\n<\/span><\/div>","aioseo_breadcrumb_json":[{"label":"Home","link":"https:\/\/candas365.es\/noticias"},{"label":"Noticias Carre\u00f1o","link":"https:\/\/candas365.es\/noticias\/category\/noticias-carreno\/"},{"label":"El Ayuntamiento de Carre\u00f1o mejorar\u00e1 las instalaciones de la antigua SOFECA","link":"https:\/\/candas365.es\/noticias\/el-ayuntamiento-de-carreno-mejorara-las-instalaciones-de-la-antigua-sofeca\/"}],"_links":{"self":[{"href":"https:\/\/candas365.es\/noticias\/wp-json\/wp\/v2\/posts\/113859","targetHints":{"allow":["GET"]}}],"collection":[{"href":"https:\/\/candas365.es\/noticias\/wp-json\/wp\/v2\/posts"}],"about":[{"href":"https:\/\/candas365.es\/noticias\/wp-json\/wp\/v2\/types\/post"}],"author":[{"embeddable":true,"href":"https:\/\/candas365.es\/noticias\/wp-json\/wp\/v2\/users\/1"}],"replies":[{"embeddable":true,"href":"https:\/\/candas365.es\/noticias\/wp-json\/wp\/v2\/comments?post=113859"}],"version-history":[{"count":0,"href":"https:\/\/candas365.es\/noticias\/wp-json\/wp\/v2\/posts\/113859\/revisions"}],"wp:featuredmedia":[{"embeddable":true,"href":"https:\/\/candas365.es\/noticias\/wp-json\/wp\/v2\/media\/113860"}],"wp:attachment":[{"href":"https:\/\/candas365.es\/noticias\/wp-json\/wp\/v2\/media?parent=113859"}],"wp:term":[{"taxonomy":"category","embeddable":true,"href":"https:\/\/candas365.es\/noticias\/wp-json\/wp\/v2\/categories?post=113859"},{"taxonomy":"post_tag","embeddable":true,"href":"https:\/\/candas365.es\/noticias\/wp-json\/wp\/v2\/tags?post=113859"}],"curies":[{"name":"wp","href":"https:\/\/api.w.org\/{rel}","templated":true}]}}