{"id":113809,"date":"2019-01-09T12:11:40","date_gmt":"2019-01-09T12:11:40","guid":{"rendered":"http:\/\/candas365.es\/noticias\/?p=113809"},"modified":"2019-01-09T12:11:40","modified_gmt":"2019-01-09T12:11:40","slug":"teatro-antonio-orozco-dani-martinez-en-laboral-ciudad-de-la-cultura","status":"publish","type":"post","link":"https:\/\/candas365.es\/noticias\/teatro-antonio-orozco-dani-martinez-en-laboral-ciudad-de-la-cultura\/","title":{"rendered":"Teatro, Antonio Orozco, Dani Mart\u00ednez en Laboral Ciudad de la Cultura"},"content":{"rendered":"<p><img fetchpriority=\"high\" decoding=\"async\" class=\"alignleft size-medium wp-image-113810\" src=\"https:\/\/candas365.es\/noticias\/wp-content\/uploads\/2019\/01\/Antonio-Orozco-300x300.jpg\" alt=\"\" width=\"300\" height=\"300\" srcset=\"https:\/\/candas365.es\/noticias\/wp-content\/uploads\/2019\/01\/Antonio-Orozco-300x300.jpg 300w, https:\/\/candas365.es\/noticias\/wp-content\/uploads\/2019\/01\/Antonio-Orozco-150x150.jpg 150w, https:\/\/candas365.es\/noticias\/wp-content\/uploads\/2019\/01\/Antonio-Orozco-768x768.jpg 768w, https:\/\/candas365.es\/noticias\/wp-content\/uploads\/2019\/01\/Antonio-Orozco-480x480.jpg 480w, https:\/\/candas365.es\/noticias\/wp-content\/uploads\/2019\/01\/Antonio-Orozco-696x696.jpg 696w, https:\/\/candas365.es\/noticias\/wp-content\/uploads\/2019\/01\/Antonio-Orozco-1068x1068.jpg 1068w, https:\/\/candas365.es\/noticias\/wp-content\/uploads\/2019\/01\/Antonio-Orozco-420x420.jpg 420w, https:\/\/candas365.es\/noticias\/wp-content\/uploads\/2019\/01\/Antonio-Orozco.jpg 1280w\" sizes=\"(max-width: 300px) 100vw, 300px\" \/>M\u00fasica, humor y teatro para p\u00fablico familiar son las propuestas de esta semana en Laboral Ciudad de la Cultura.<\/p>\n<p>Antonio Orozco llegar\u00e1 al Teatro de la Laboral el viernes 11 de enero, a las 21:00 horas, con la segunda temporada de su gira \u00danico. \u201cNo es un concierto, no es una obra de teatro, no es una pel\u00edcula, no es prosa ni tampoco es poes\u00eda, no busques nada corriente y no hagas nada m\u00e1s que dejarte encontrar, hablaremos de ti, hablaremos de tu vida, de tus emociones y tambi\u00e9n de tus miedos\u201d, explica Orozco sobre su tour con m\u00e1s de 100 actuaciones por toda Espa\u00f1a.<\/p>\n<p>Los temas que pasan inadvertidos para la mayor\u00eda de la gente o de los que hablamos por encima, sin entrar en detalles, ser\u00e1n los protagonistas del nuevo espect\u00e1culo de Dani Mart\u00ednez. El s\u00e1bado 12 de enero, a las 21:00 horas, el c\u00f3mico vuelve al Teatro de la Laboral con un espect\u00e1culo en el que la improvisaci\u00f3n ocupar\u00e1 el 50% de una funci\u00f3n que contar\u00e1 adem\u00e1s con m\u00fasica, efectos visuales e imitaciones.<\/p>\n<p>El p\u00fablico infantil y familiar puede disfrutar de un espect\u00e1culo que mezcla teatro y cine de animaci\u00f3n este domingo 13 de enero, a las 17:30 horas. Voil\u00e0 Producciones muestra en Invisibles como, con un poco de imaginaci\u00f3n, se puede conseguir cualquier cosa. Gracias a un grupo de simp\u00e1ticos amigos invisibles, Mia vive grandes aventuras y logra hacer frente a sus miedos sin dejar de creer en la fantas\u00eda.<\/p>\n<p>Las entradas para todas las actividades se pueden adquirir en la Recepci\u00f3n de Laboral Ciudad de la Cultura, en la Oficina de Informaci\u00f3n Tur\u00edstica de Asturias en Oviedo (CITPA) en Oviedo, en el Centro Niemeyer en Avil\u00e9s, <span style=\"color: #ff6600;\"><strong>entradas.liberbank.es<\/strong><\/span>, en el 902 106 601 y en la red de cajeros Liberbank. Para Antonio Orozco y Dani Mart\u00ednez, est\u00e1n disponibles las \u00faltimas localidades.<\/p>\n","protected":false},"excerpt":{"rendered":"<p>M\u00fasica, humor y teatro para p\u00fablico familiar son las propuestas de esta semana en Laboral Ciudad de la Cultura. Antonio Orozco llegar\u00e1 al Teatro de la Laboral el viernes 11 de enero, a las 21:00 horas, con la segunda temporada de su gira \u00danico. \u201cNo es un concierto, no es una obra de teatro, no<\/p>\n","protected":false},"author":1,"featured_media":113810,"comment_status":"closed","ping_status":"closed","sticky":false,"template":"","format":"standard","meta":{"footnotes":""},"categories":[1],"tags":[],"class_list":{"0":"post-113809","1":"post","2":"type-post","3":"status-publish","4":"format-standard","5":"has-post-thumbnail","7":"category-agenda"},"aioseo_notices":[],"aioseo_head":"\n\t\t<!-- All in One SEO Pro 4.9.6.2 - aioseo.com -->\n\t<meta name=\"description\" content=\"M\u00fasica, humor y teatro para p\u00fablico familiar son las propuestas de esta semana en Laboral Ciudad de la Cultura. Antonio Orozco llegar\u00e1 al Teatro de la Laboral el viernes 11 de enero, a las 21:00 horas, con la segunda temporada de su gira \u00danico. \u201cNo es un concierto, no es una obra de teatro, no\" \/>\n\t<meta name=\"robots\" content=\"max-image-preview:large\" \/>\n\t<meta name=\"author\" content=\"Cand\u00e1s 365\"\/>\n\t<meta name=\"google-site-verification\" content=\"UA-32230408-1\" \/>\n\t<meta name=\"msvalidate.01\" content=\"354F3CDFB2DA171B47FBE9ABF1F88D5\" \/>\n\t<meta name=\"keywords\" content=\"agenda\" \/>\n\t<link rel=\"canonical\" href=\"https:\/\/candas365.es\/noticias\/teatro-antonio-orozco-dani-martinez-en-laboral-ciudad-de-la-cultura\/\" \/>\n\t<meta name=\"generator\" content=\"All in One SEO Pro (AIOSEO) 4.9.6.2\" \/>\n\t\t<meta property=\"og:locale\" content=\"es_ES\" \/>\n\t\t<meta property=\"og:site_name\" content=\"Cand\u00e1s 365\" \/>\n\t\t<meta property=\"og:type\" content=\"article\" \/>\n\t\t<meta property=\"og:title\" content=\"Teatro, Antonio Orozco, Dani Mart\u00ednez en Laboral Ciudad de la Cultura | Cand\u00e1s 365\" \/>\n\t\t<meta property=\"og:description\" content=\"M\u00fasica, humor y teatro para p\u00fablico familiar son las propuestas de esta semana en Laboral Ciudad de la Cultura. Antonio Orozco llegar\u00e1 al Teatro de la Laboral el viernes 11 de enero, a las 21:00 horas, con la segunda temporada de su gira \u00danico. \u201cNo es un concierto, no es una obra de teatro, no\" \/>\n\t\t<meta property=\"og:url\" content=\"https:\/\/candas365.es\/noticias\/teatro-antonio-orozco-dani-martinez-en-laboral-ciudad-de-la-cultura\/\" \/>\n\t\t<meta property=\"og:image\" content=\"https:\/\/candas365.es\/noticias\/wp-content\/uploads\/2019\/01\/Antonio-Orozco.jpg\" \/>\n\t\t<meta property=\"og:image:secure_url\" content=\"https:\/\/candas365.es\/noticias\/wp-content\/uploads\/2019\/01\/Antonio-Orozco.jpg\" \/>\n\t\t<meta property=\"og:image:width\" content=\"1280\" \/>\n\t\t<meta property=\"og:image:height\" content=\"1280\" \/>\n\t\t<meta property=\"article:published_time\" content=\"2019-01-09T12:11:40+00:00\" \/>\n\t\t<meta property=\"article:modified_time\" content=\"2019-01-09T12:11:40+00:00\" \/>\n\t\t<meta property=\"article:publisher\" content=\"https:\/\/www.facebook.com\/Nachofdezber\" \/>\n\t\t<meta property=\"article:author\" content=\"https:\/\/www.facebook.com\/carrenoactualidad\" \/>\n\t\t<meta name=\"twitter:card\" content=\"summary_large_image\" \/>\n\t\t<meta name=\"twitter:site\" content=\"@NabercoDigital\" \/>\n\t\t<meta name=\"twitter:title\" content=\"Teatro, Antonio Orozco, Dani Mart\u00ednez en Laboral Ciudad de la Cultura | Cand\u00e1s 365\" \/>\n\t\t<meta name=\"twitter:description\" content=\"M\u00fasica, humor y teatro para p\u00fablico familiar son las propuestas de esta semana en Laboral Ciudad de la Cultura. Antonio Orozco llegar\u00e1 al Teatro de la Laboral el viernes 11 de enero, a las 21:00 horas, con la segunda temporada de su gira \u00danico. \u201cNo es un concierto, no es una obra de teatro, no\" \/>\n\t\t<meta name=\"twitter:creator\" content=\"@nbasturias\" \/>\n\t\t<meta name=\"twitter:image\" content=\"https:\/\/candas365.es\/noticias\/wp-content\/uploads\/2019\/01\/Antonio-Orozco.jpg\" \/>\n\t\t<meta name=\"twitter:label1\" content=\"Escrito por\" \/>\n\t\t<meta name=\"twitter:data1\" content=\"Cand\u00e1s 365\" \/>\n\t\t<meta name=\"twitter:label2\" content=\"Tiempo de lectura estimado\" \/>\n\t\t<meta name=\"twitter:data2\" content=\"2 minutos\" \/>\n\t\t<script type=\"application\/ld+json\" class=\"aioseo-schema\">\n\t\t\t{\"@context\":\"https:\\\/\\\/schema.org\",\"@graph\":[{\"@type\":\"BreadcrumbList\",\"@id\":\"https:\\\/\\\/candas365.es\\\/noticias\\\/teatro-antonio-orozco-dani-martinez-en-laboral-ciudad-de-la-cultura\\\/#breadcrumblist\",\"itemListElement\":[{\"@type\":\"ListItem\",\"@id\":\"https:\\\/\\\/candas365.es\\\/noticias#listItem\",\"position\":1,\"name\":\"Home\",\"item\":\"https:\\\/\\\/candas365.es\\\/noticias\",\"nextItem\":{\"@type\":\"ListItem\",\"@id\":\"https:\\\/\\\/candas365.es\\\/noticias\\\/category\\\/agenda\\\/#listItem\",\"name\":\"Agenda\"}},{\"@type\":\"ListItem\",\"@id\":\"https:\\\/\\\/candas365.es\\\/noticias\\\/category\\\/agenda\\\/#listItem\",\"position\":2,\"name\":\"Agenda\",\"item\":\"https:\\\/\\\/candas365.es\\\/noticias\\\/category\\\/agenda\\\/\",\"nextItem\":{\"@type\":\"ListItem\",\"@id\":\"https:\\\/\\\/candas365.es\\\/noticias\\\/teatro-antonio-orozco-dani-martinez-en-laboral-ciudad-de-la-cultura\\\/#listItem\",\"name\":\"Teatro, Antonio Orozco, Dani Mart\\u00ednez en Laboral Ciudad de la Cultura\"},\"previousItem\":{\"@type\":\"ListItem\",\"@id\":\"https:\\\/\\\/candas365.es\\\/noticias#listItem\",\"name\":\"Home\"}},{\"@type\":\"ListItem\",\"@id\":\"https:\\\/\\\/candas365.es\\\/noticias\\\/teatro-antonio-orozco-dani-martinez-en-laboral-ciudad-de-la-cultura\\\/#listItem\",\"position\":3,\"name\":\"Teatro, Antonio Orozco, Dani Mart\\u00ednez en Laboral Ciudad de la Cultura\",\"previousItem\":{\"@type\":\"ListItem\",\"@id\":\"https:\\\/\\\/candas365.es\\\/noticias\\\/category\\\/agenda\\\/#listItem\",\"name\":\"Agenda\"}}]},{\"@type\":\"NewsArticle\",\"@id\":\"https:\\\/\\\/candas365.es\\\/noticias\\\/teatro-antonio-orozco-dani-martinez-en-laboral-ciudad-de-la-cultura\\\/#newsarticle\",\"name\":\"Teatro, Antonio Orozco, Dani Mart\\u00ednez en Laboral Ciudad de la Cultura | Cand\\u00e1s 365\",\"headline\":\"Teatro, Antonio Orozco, Dani Mart\\u00ednez en Laboral Ciudad de la Cultura\",\"author\":{\"@id\":\"https:\\\/\\\/candas365.es\\\/noticias\\\/author\\\/admin\\\/#author\"},\"publisher\":{\"@id\":\"https:\\\/\\\/candas365.es\\\/noticias\\\/#organization\"},\"image\":{\"@type\":\"ImageObject\",\"url\":\"https:\\\/\\\/candas365.es\\\/noticias\\\/wp-content\\\/uploads\\\/2019\\\/01\\\/Antonio-Orozco.jpg\",\"width\":1280,\"height\":1280},\"datePublished\":\"2019-01-09T12:11:40+01:00\",\"dateModified\":\"2019-01-09T12:11:40+01:00\",\"inLanguage\":\"es-ES\",\"mainEntityOfPage\":{\"@id\":\"https:\\\/\\\/candas365.es\\\/noticias\\\/teatro-antonio-orozco-dani-martinez-en-laboral-ciudad-de-la-cultura\\\/#webpage\"},\"isPartOf\":{\"@id\":\"https:\\\/\\\/candas365.es\\\/noticias\\\/teatro-antonio-orozco-dani-martinez-en-laboral-ciudad-de-la-cultura\\\/#webpage\"},\"articleSection\":\"Agenda\",\"dateline\":\"Publicado el enero 9, 2019.\"},{\"@type\":\"Organization\",\"@id\":\"https:\\\/\\\/candas365.es\\\/noticias\\\/#organization\",\"name\":\"Cand\\u00e1s 365\",\"description\":\"Cand\\u00e1s 365 es un diario digital independiente, fundado en 2012, con base en Asturias. Informamos con rigor sobre actualidad, sociedad, cultura y ocio, con una mirada local y global.\",\"url\":\"https:\\\/\\\/candas365.es\\\/noticias\\\/\",\"email\":\"info@candas365.es\",\"telephone\":\"+34652131393\",\"foundingDate\":\"2012-06-10\",\"logo\":{\"@type\":\"ImageObject\",\"url\":\"https:\\\/\\\/candas365.es\\\/noticias\\\/wp-content\\\/uploads\\\/2024\\\/09\\\/Candas-365-Redes.jpg\",\"@id\":\"https:\\\/\\\/candas365.es\\\/noticias\\\/teatro-antonio-orozco-dani-martinez-en-laboral-ciudad-de-la-cultura\\\/#organizationLogo\",\"width\":1152,\"height\":864,\"caption\":\"Cand\\u00e1s 365 Redes\"},\"image\":{\"@id\":\"https:\\\/\\\/candas365.es\\\/noticias\\\/teatro-antonio-orozco-dani-martinez-en-laboral-ciudad-de-la-cultura\\\/#organizationLogo\"},\"sameAs\":[\"https:\\\/\\\/www.facebook.com\\\/Nachofdezber\",\"https:\\\/\\\/x.com\\\/NabercoDigital\",\"https:\\\/\\\/www.instagram.com\\\/nachofdezber\\\/\",\"https:\\\/\\\/www.youtube.com\\\/channel\\\/UCZP-2wLEB9Rv6erhFmqVnvg\"],\"address\":{\"@id\":\"https:\\\/\\\/candas365.es\\\/noticias\\\/#postaladdress\",\"@type\":\"PostalAddress\",\"streetAddress\":\"san antonio 4, san antonio 4\",\"postalCode\":\"33430\",\"addressLocality\":\"Cand\\u00e1s\",\"addressRegion\":\"Asturias\",\"addressCountry\":\"ES\"}},{\"@type\":\"Person\",\"@id\":\"https:\\\/\\\/candas365.es\\\/noticias\\\/author\\\/admin\\\/#author\",\"url\":\"https:\\\/\\\/candas365.es\\\/noticias\\\/author\\\/admin\\\/\",\"name\":\"Cand\\u00e1s 365\",\"image\":{\"@type\":\"ImageObject\",\"@id\":\"https:\\\/\\\/candas365.es\\\/noticias\\\/teatro-antonio-orozco-dani-martinez-en-laboral-ciudad-de-la-cultura\\\/#authorImage\",\"url\":\"https:\\\/\\\/secure.gravatar.com\\\/avatar\\\/496a8e03d0c493ede1718b7934145dbdf8d89be1036b0eec9544e1094c9de390?s=96&d=mm&r=g\",\"width\":96,\"height\":96,\"caption\":\"Cand\\u00e1s 365\"},\"sameAs\":[\"https:\\\/\\\/www.facebook.com\\\/carrenoactualidad\",\"https:\\\/\\\/twitter.com\\\/nbasturias\",\"https:\\\/\\\/www.instagram.com\\\/nachofdezber\\\/\",\"https:\\\/\\\/www.youtube.com\\\/channel\\\/UCZP-2wLEB9Rv6erhFmqVnvg\"]},{\"@type\":\"WebPage\",\"@id\":\"https:\\\/\\\/candas365.es\\\/noticias\\\/teatro-antonio-orozco-dani-martinez-en-laboral-ciudad-de-la-cultura\\\/#webpage\",\"url\":\"https:\\\/\\\/candas365.es\\\/noticias\\\/teatro-antonio-orozco-dani-martinez-en-laboral-ciudad-de-la-cultura\\\/\",\"name\":\"Teatro, Antonio Orozco, Dani Mart\\u00ednez en Laboral Ciudad de la Cultura | Cand\\u00e1s 365\",\"description\":\"M\\u00fasica, humor y teatro para p\\u00fablico familiar son las propuestas de esta semana en Laboral Ciudad de la Cultura. Antonio Orozco llegar\\u00e1 al Teatro de la Laboral el viernes 11 de enero, a las 21:00 horas, con la segunda temporada de su gira \\u00danico. \\u201cNo es un concierto, no es una obra de teatro, no\",\"inLanguage\":\"es-ES\",\"isPartOf\":{\"@id\":\"https:\\\/\\\/candas365.es\\\/noticias\\\/#website\"},\"breadcrumb\":{\"@id\":\"https:\\\/\\\/candas365.es\\\/noticias\\\/teatro-antonio-orozco-dani-martinez-en-laboral-ciudad-de-la-cultura\\\/#breadcrumblist\"},\"author\":{\"@id\":\"https:\\\/\\\/candas365.es\\\/noticias\\\/author\\\/admin\\\/#author\"},\"creator\":{\"@id\":\"https:\\\/\\\/candas365.es\\\/noticias\\\/author\\\/admin\\\/#author\"},\"image\":{\"@type\":\"ImageObject\",\"url\":\"https:\\\/\\\/candas365.es\\\/noticias\\\/wp-content\\\/uploads\\\/2019\\\/01\\\/Antonio-Orozco.jpg\",\"@id\":\"https:\\\/\\\/candas365.es\\\/noticias\\\/teatro-antonio-orozco-dani-martinez-en-laboral-ciudad-de-la-cultura\\\/#mainImage\",\"width\":1280,\"height\":1280},\"primaryImageOfPage\":{\"@id\":\"https:\\\/\\\/candas365.es\\\/noticias\\\/teatro-antonio-orozco-dani-martinez-en-laboral-ciudad-de-la-cultura\\\/#mainImage\"},\"datePublished\":\"2019-01-09T12:11:40+01:00\",\"dateModified\":\"2019-01-09T12:11:40+01:00\"},{\"@type\":\"WebSite\",\"@id\":\"https:\\\/\\\/candas365.es\\\/noticias\\\/#website\",\"url\":\"https:\\\/\\\/candas365.es\\\/noticias\\\/\",\"name\":\"Cand\\u00e1s 365\",\"alternateName\":\"Cand\\u00e1s 365 Noticias\",\"description\":\"Actualidad desde Carre\\u00f1o para el mundo\",\"inLanguage\":\"es-ES\",\"publisher\":{\"@id\":\"https:\\\/\\\/candas365.es\\\/noticias\\\/#organization\"}}]}\n\t\t<\/script>\n\t\t<!-- All in One SEO Pro -->\r\n\t\t<title>Teatro, Antonio Orozco, Dani Mart\u00ednez en Laboral Ciudad de la Cultura | Cand\u00e1s 365<\/title>\n\n","aioseo_head_json":{"title":"Teatro, Antonio Orozco, Dani Mart\u00ednez en Laboral Ciudad de la Cultura | Cand\u00e1s 365","description":"M\u00fasica, humor y teatro para p\u00fablico familiar son las propuestas de esta semana en Laboral Ciudad de la Cultura. Antonio Orozco llegar\u00e1 al Teatro de la Laboral el viernes 11 de enero, a las 21:00 horas, con la segunda temporada de su gira \u00danico. \u201cNo es un concierto, no es una obra de teatro, no","canonical_url":"https:\/\/candas365.es\/noticias\/teatro-antonio-orozco-dani-martinez-en-laboral-ciudad-de-la-cultura\/","robots":"max-image-preview:large","keywords":"agenda","webmasterTools":{"google-site-verification":"UA-32230408-1","msvalidate.01":"354F3CDFB2DA171B47FBE9ABF1F88D5","miscellaneous":""},"schema":{"@context":"https:\/\/schema.org","@graph":[{"@type":"BreadcrumbList","@id":"https:\/\/candas365.es\/noticias\/teatro-antonio-orozco-dani-martinez-en-laboral-ciudad-de-la-cultura\/#breadcrumblist","itemListElement":[{"@type":"ListItem","@id":"https:\/\/candas365.es\/noticias#listItem","position":1,"name":"Home","item":"https:\/\/candas365.es\/noticias","nextItem":{"@type":"ListItem","@id":"https:\/\/candas365.es\/noticias\/category\/agenda\/#listItem","name":"Agenda"}},{"@type":"ListItem","@id":"https:\/\/candas365.es\/noticias\/category\/agenda\/#listItem","position":2,"name":"Agenda","item":"https:\/\/candas365.es\/noticias\/category\/agenda\/","nextItem":{"@type":"ListItem","@id":"https:\/\/candas365.es\/noticias\/teatro-antonio-orozco-dani-martinez-en-laboral-ciudad-de-la-cultura\/#listItem","name":"Teatro, Antonio Orozco, Dani Mart\u00ednez en Laboral Ciudad de la Cultura"},"previousItem":{"@type":"ListItem","@id":"https:\/\/candas365.es\/noticias#listItem","name":"Home"}},{"@type":"ListItem","@id":"https:\/\/candas365.es\/noticias\/teatro-antonio-orozco-dani-martinez-en-laboral-ciudad-de-la-cultura\/#listItem","position":3,"name":"Teatro, Antonio Orozco, Dani Mart\u00ednez en Laboral Ciudad de la Cultura","previousItem":{"@type":"ListItem","@id":"https:\/\/candas365.es\/noticias\/category\/agenda\/#listItem","name":"Agenda"}}]},{"@type":"NewsArticle","@id":"https:\/\/candas365.es\/noticias\/teatro-antonio-orozco-dani-martinez-en-laboral-ciudad-de-la-cultura\/#newsarticle","name":"Teatro, Antonio Orozco, Dani Mart\u00ednez en Laboral Ciudad de la Cultura | Cand\u00e1s 365","headline":"Teatro, Antonio Orozco, Dani Mart\u00ednez en Laboral Ciudad de la Cultura","author":{"@id":"https:\/\/candas365.es\/noticias\/author\/admin\/#author"},"publisher":{"@id":"https:\/\/candas365.es\/noticias\/#organization"},"image":{"@type":"ImageObject","url":"https:\/\/candas365.es\/noticias\/wp-content\/uploads\/2019\/01\/Antonio-Orozco.jpg","width":1280,"height":1280},"datePublished":"2019-01-09T12:11:40+01:00","dateModified":"2019-01-09T12:11:40+01:00","inLanguage":"es-ES","mainEntityOfPage":{"@id":"https:\/\/candas365.es\/noticias\/teatro-antonio-orozco-dani-martinez-en-laboral-ciudad-de-la-cultura\/#webpage"},"isPartOf":{"@id":"https:\/\/candas365.es\/noticias\/teatro-antonio-orozco-dani-martinez-en-laboral-ciudad-de-la-cultura\/#webpage"},"articleSection":"Agenda","dateline":"Publicado el enero 9, 2019."},{"@type":"Organization","@id":"https:\/\/candas365.es\/noticias\/#organization","name":"Cand\u00e1s 365","description":"Cand\u00e1s 365 es un diario digital independiente, fundado en 2012, con base en Asturias. Informamos con rigor sobre actualidad, sociedad, cultura y ocio, con una mirada local y global.","url":"https:\/\/candas365.es\/noticias\/","email":"info@candas365.es","telephone":"+34652131393","foundingDate":"2012-06-10","logo":{"@type":"ImageObject","url":"https:\/\/candas365.es\/noticias\/wp-content\/uploads\/2024\/09\/Candas-365-Redes.jpg","@id":"https:\/\/candas365.es\/noticias\/teatro-antonio-orozco-dani-martinez-en-laboral-ciudad-de-la-cultura\/#organizationLogo","width":1152,"height":864,"caption":"Cand\u00e1s 365 Redes"},"image":{"@id":"https:\/\/candas365.es\/noticias\/teatro-antonio-orozco-dani-martinez-en-laboral-ciudad-de-la-cultura\/#organizationLogo"},"sameAs":["https:\/\/www.facebook.com\/Nachofdezber","https:\/\/x.com\/NabercoDigital","https:\/\/www.instagram.com\/nachofdezber\/","https:\/\/www.youtube.com\/channel\/UCZP-2wLEB9Rv6erhFmqVnvg"],"address":{"@id":"https:\/\/candas365.es\/noticias\/#postaladdress","@type":"PostalAddress","streetAddress":"san antonio 4, san antonio 4","postalCode":"33430","addressLocality":"Cand\u00e1s","addressRegion":"Asturias","addressCountry":"ES"}},{"@type":"Person","@id":"https:\/\/candas365.es\/noticias\/author\/admin\/#author","url":"https:\/\/candas365.es\/noticias\/author\/admin\/","name":"Cand\u00e1s 365","image":{"@type":"ImageObject","@id":"https:\/\/candas365.es\/noticias\/teatro-antonio-orozco-dani-martinez-en-laboral-ciudad-de-la-cultura\/#authorImage","url":"https:\/\/secure.gravatar.com\/avatar\/496a8e03d0c493ede1718b7934145dbdf8d89be1036b0eec9544e1094c9de390?s=96&d=mm&r=g","width":96,"height":96,"caption":"Cand\u00e1s 365"},"sameAs":["https:\/\/www.facebook.com\/carrenoactualidad","https:\/\/twitter.com\/nbasturias","https:\/\/www.instagram.com\/nachofdezber\/","https:\/\/www.youtube.com\/channel\/UCZP-2wLEB9Rv6erhFmqVnvg"]},{"@type":"WebPage","@id":"https:\/\/candas365.es\/noticias\/teatro-antonio-orozco-dani-martinez-en-laboral-ciudad-de-la-cultura\/#webpage","url":"https:\/\/candas365.es\/noticias\/teatro-antonio-orozco-dani-martinez-en-laboral-ciudad-de-la-cultura\/","name":"Teatro, Antonio Orozco, Dani Mart\u00ednez en Laboral Ciudad de la Cultura | Cand\u00e1s 365","description":"M\u00fasica, humor y teatro para p\u00fablico familiar son las propuestas de esta semana en Laboral Ciudad de la Cultura. Antonio Orozco llegar\u00e1 al Teatro de la Laboral el viernes 11 de enero, a las 21:00 horas, con la segunda temporada de su gira \u00danico. \u201cNo es un concierto, no es una obra de teatro, no","inLanguage":"es-ES","isPartOf":{"@id":"https:\/\/candas365.es\/noticias\/#website"},"breadcrumb":{"@id":"https:\/\/candas365.es\/noticias\/teatro-antonio-orozco-dani-martinez-en-laboral-ciudad-de-la-cultura\/#breadcrumblist"},"author":{"@id":"https:\/\/candas365.es\/noticias\/author\/admin\/#author"},"creator":{"@id":"https:\/\/candas365.es\/noticias\/author\/admin\/#author"},"image":{"@type":"ImageObject","url":"https:\/\/candas365.es\/noticias\/wp-content\/uploads\/2019\/01\/Antonio-Orozco.jpg","@id":"https:\/\/candas365.es\/noticias\/teatro-antonio-orozco-dani-martinez-en-laboral-ciudad-de-la-cultura\/#mainImage","width":1280,"height":1280},"primaryImageOfPage":{"@id":"https:\/\/candas365.es\/noticias\/teatro-antonio-orozco-dani-martinez-en-laboral-ciudad-de-la-cultura\/#mainImage"},"datePublished":"2019-01-09T12:11:40+01:00","dateModified":"2019-01-09T12:11:40+01:00"},{"@type":"WebSite","@id":"https:\/\/candas365.es\/noticias\/#website","url":"https:\/\/candas365.es\/noticias\/","name":"Cand\u00e1s 365","alternateName":"Cand\u00e1s 365 Noticias","description":"Actualidad desde Carre\u00f1o para el mundo","inLanguage":"es-ES","publisher":{"@id":"https:\/\/candas365.es\/noticias\/#organization"}}]},"og:locale":"es_ES","og:site_name":"Cand\u00e1s 365","og:type":"article","og:title":"Teatro, Antonio Orozco, Dani Mart\u00ednez en Laboral Ciudad de la Cultura | Cand\u00e1s 365","og:description":"M\u00fasica, humor y teatro para p\u00fablico familiar son las propuestas de esta semana en Laboral Ciudad de la Cultura. Antonio Orozco llegar\u00e1 al Teatro de la Laboral el viernes 11 de enero, a las 21:00 horas, con la segunda temporada de su gira \u00danico. \u201cNo es un concierto, no es una obra de teatro, no","og:url":"https:\/\/candas365.es\/noticias\/teatro-antonio-orozco-dani-martinez-en-laboral-ciudad-de-la-cultura\/","og:image":"https:\/\/candas365.es\/noticias\/wp-content\/uploads\/2019\/01\/Antonio-Orozco.jpg","og:image:secure_url":"https:\/\/candas365.es\/noticias\/wp-content\/uploads\/2019\/01\/Antonio-Orozco.jpg","og:image:width":1280,"og:image:height":1280,"article:published_time":"2019-01-09T12:11:40+00:00","article:modified_time":"2019-01-09T12:11:40+00:00","article:publisher":"https:\/\/www.facebook.com\/Nachofdezber","article:author":"https:\/\/www.facebook.com\/carrenoactualidad","twitter:card":"summary_large_image","twitter:site":"@NabercoDigital","twitter:title":"Teatro, Antonio Orozco, Dani Mart\u00ednez en Laboral Ciudad de la Cultura | Cand\u00e1s 365","twitter:description":"M\u00fasica, humor y teatro para p\u00fablico familiar son las propuestas de esta semana en Laboral Ciudad de la Cultura. Antonio Orozco llegar\u00e1 al Teatro de la Laboral el viernes 11 de enero, a las 21:00 horas, con la segunda temporada de su gira \u00danico. \u201cNo es un concierto, no es una obra de teatro, no","twitter:creator":"@nbasturias","twitter:image":"https:\/\/candas365.es\/noticias\/wp-content\/uploads\/2019\/01\/Antonio-Orozco.jpg","twitter:label1":"Escrito por","twitter:data1":"Cand\u00e1s 365","twitter:label2":"Tiempo de lectura estimado","twitter:data2":"2 minutos"},"aioseo_meta_data":{"post_id":"113809","title":null,"description":null,"keywords":null,"keyphrases":null,"primary_term":null,"canonical_url":null,"og_title":null,"og_description":null,"og_object_type":"default","og_image_type":"default","og_image_url":null,"og_image_width":null,"og_image_height":null,"og_image_custom_url":null,"og_image_custom_fields":null,"og_video":null,"og_custom_url":null,"og_article_section":null,"og_article_tags":null,"twitter_use_og":false,"twitter_card":"default","twitter_image_type":"default","twitter_image_url":null,"twitter_image_custom_url":null,"twitter_image_custom_fields":null,"twitter_title":null,"twitter_description":null,"schema":{"blockGraphs":[],"customGraphs":[],"default":{"data":{"Article":[],"Course":[],"Dataset":[],"FAQPage":[],"Movie":[],"Person":[],"Product":[],"ProductReview":[],"Car":[],"Recipe":[],"Service":[],"SoftwareApplication":[],"WebPage":[]},"graphName":"","isEnabled":true},"graphs":[],"defaultGraph":"","defaultPostTypeGraph":""},"schema_type":null,"schema_type_options":null,"pillar_content":false,"robots_default":true,"robots_noindex":false,"robots_noarchive":false,"robots_nosnippet":false,"robots_nofollow":false,"robots_noimageindex":false,"robots_noodp":false,"robots_notranslate":false,"robots_max_snippet":null,"robots_max_videopreview":null,"robots_max_imagepreview":"large","priority":null,"frequency":null,"location":null,"local_seo":null,"seo_analyzer_scan_date":"2025-08-28 23:44:24","breadcrumb_settings":null,"limit_modified_date":false,"reviewed_by":null,"open_ai":null,"ai":null,"created":"2020-12-21 11:26:55","updated":"2025-08-28 23:44:24"},"aioseo_breadcrumb":"<div class=\"aioseo-breadcrumbs\"><span class=\"aioseo-breadcrumb\">\n\t<a href=\"https:\/\/candas365.es\/noticias\" title=\"Home\">Home<\/a>\n<\/span><span class=\"aioseo-breadcrumb-separator\">&ndash;<\/span><span class=\"aioseo-breadcrumb\">\n\t<a href=\"https:\/\/candas365.es\/noticias\/category\/agenda\/\" title=\"Agenda\">Agenda<\/a>\n<\/span><span class=\"aioseo-breadcrumb-separator\">&ndash;<\/span><span class=\"aioseo-breadcrumb\">\n\tTeatro, Antonio Orozco, Dani Mart\u00ednez en Laboral Ciudad de la Cultura\n<\/span><\/div>","aioseo_breadcrumb_json":[{"label":"Home","link":"https:\/\/candas365.es\/noticias"},{"label":"Agenda","link":"https:\/\/candas365.es\/noticias\/category\/agenda\/"},{"label":"Teatro, Antonio Orozco, Dani Mart\u00ednez en Laboral Ciudad de la Cultura","link":"https:\/\/candas365.es\/noticias\/teatro-antonio-orozco-dani-martinez-en-laboral-ciudad-de-la-cultura\/"}],"_links":{"self":[{"href":"https:\/\/candas365.es\/noticias\/wp-json\/wp\/v2\/posts\/113809","targetHints":{"allow":["GET"]}}],"collection":[{"href":"https:\/\/candas365.es\/noticias\/wp-json\/wp\/v2\/posts"}],"about":[{"href":"https:\/\/candas365.es\/noticias\/wp-json\/wp\/v2\/types\/post"}],"author":[{"embeddable":true,"href":"https:\/\/candas365.es\/noticias\/wp-json\/wp\/v2\/users\/1"}],"replies":[{"embeddable":true,"href":"https:\/\/candas365.es\/noticias\/wp-json\/wp\/v2\/comments?post=113809"}],"version-history":[{"count":0,"href":"https:\/\/candas365.es\/noticias\/wp-json\/wp\/v2\/posts\/113809\/revisions"}],"wp:featuredmedia":[{"embeddable":true,"href":"https:\/\/candas365.es\/noticias\/wp-json\/wp\/v2\/media\/113810"}],"wp:attachment":[{"href":"https:\/\/candas365.es\/noticias\/wp-json\/wp\/v2\/media?parent=113809"}],"wp:term":[{"taxonomy":"category","embeddable":true,"href":"https:\/\/candas365.es\/noticias\/wp-json\/wp\/v2\/categories?post=113809"},{"taxonomy":"post_tag","embeddable":true,"href":"https:\/\/candas365.es\/noticias\/wp-json\/wp\/v2\/tags?post=113809"}],"curies":[{"name":"wp","href":"https:\/\/api.w.org\/{rel}","templated":true}]}}