{"id":113796,"date":"2019-01-08T21:54:33","date_gmt":"2019-01-08T21:54:33","guid":{"rendered":"http:\/\/candas365.es\/noticias\/?p=113796"},"modified":"2019-01-08T21:54:33","modified_gmt":"2019-01-08T21:54:33","slug":"el-huca-humanizara-el-area-de-pediatria","status":"publish","type":"post","link":"https:\/\/candas365.es\/noticias\/el-huca-humanizara-el-area-de-pediatria\/","title":{"rendered":"El HUCA \u00abhumanizar\u00e1\u00bb el \u00e1rea de pediatr\u00eda"},"content":{"rendered":"<p><img fetchpriority=\"high\" decoding=\"async\" class=\"alignleft size-medium wp-image-113797\" src=\"https:\/\/candas365.es\/noticias\/wp-content\/uploads\/2019\/01\/exposiciion-concurso-pediatria-huca-360x175.jpg\" alt=\"\" width=\"360\" height=\"175\" srcset=\"https:\/\/candas365.es\/noticias\/wp-content\/uploads\/2019\/01\/exposiciion-concurso-pediatria-huca-360x175.jpg 360w, https:\/\/candas365.es\/noticias\/wp-content\/uploads\/2019\/01\/exposiciion-concurso-pediatria-huca-768x373.jpg 768w, https:\/\/candas365.es\/noticias\/wp-content\/uploads\/2019\/01\/exposiciion-concurso-pediatria-huca-655x318.jpg 655w, https:\/\/candas365.es\/noticias\/wp-content\/uploads\/2019\/01\/exposiciion-concurso-pediatria-huca-533x261.jpg 533w, https:\/\/candas365.es\/noticias\/wp-content\/uploads\/2019\/01\/exposiciion-concurso-pediatria-huca-696x338.jpg 696w, https:\/\/candas365.es\/noticias\/wp-content\/uploads\/2019\/01\/exposiciion-concurso-pediatria-huca-1068x518.jpg 1068w, https:\/\/candas365.es\/noticias\/wp-content\/uploads\/2019\/01\/exposiciion-concurso-pediatria-huca-866x420.jpg 866w, https:\/\/candas365.es\/noticias\/wp-content\/uploads\/2019\/01\/exposiciion-concurso-pediatria-huca.jpg 1280w\" sizes=\"(max-width: 360px) 100vw, 360px\" \/>El Hospital Universitario Central de Asturias (HUCA) pondr\u00e1 en marcha un proyecto de humanizaci\u00f3n en todas las \u00e1reas en las que se presta atenci\u00f3n pedi\u00e1trica con el fin de conseguir un espacio m\u00e1s c\u00e1lido, confortable y acogedor para todos los pacientes hasta los 18 a\u00f1os, sus familiares y visitantes.<\/p>\n<p>La intervenci\u00f3n, que se llevar\u00e1 a cabo en primavera, cuenta con un presupuesto de unos 60.000 euros, que ser\u00e1n financiados por la Fundaci\u00f3n Aladina, e incluye actuaciones en las unidades de cuidados, el hospital de d\u00eda pedi\u00e1trico, las puertas de la UCI, el patio interior de pediatr\u00eda y las habitaciones de hospitalizaci\u00f3n.<\/p>\n<p>La reforma se basar\u00e1 en el proyecto Territorio l\u00fadico, que ha sido el ganador del concurso de ideas para la humanizaci\u00f3n de estos espacios organizado por el Colegio Oficial de Arquitectos de Asturias y la Fundaci\u00f3n Aladina. El trabajo propone convertir \u201cel cubo blanco, fr\u00edo y as\u00e9ptico de salas de espera, habitaciones de hospitalizaci\u00f3n, UCI\u2026 en un gran lienzo en blanco, un territorio l\u00fadico que ser\u00eda una p\u00e1gina de un cuento por descifrar\u201d, seg\u00fan los autores del proyecto, las arquitectas Beatriz Fern\u00e1ndez S\u00e1nchez y Clara Fern\u00e1ndez S\u00e1nchez; la ilustradora Alicia Varela Caso, y el dise\u00f1ador gr\u00e1fico Eduardo Soares Gomes.<\/p>\n<p>El objetivo \u201ces propiciar una experiencia de inmersi\u00f3n, en la que los visitantes, ingresados y trabajadores aspiren a reinterpretar el espacio y su entorno, dando alas a la imaginaci\u00f3n activa y la relaci\u00f3n entre pensamiento, sentimiento y fantas\u00eda\u201d, han explicado sus responsables.<\/p>\n<p>La directora general de Planificaci\u00f3n Sanitaria, Concepci\u00f3n Saavedra, ha entregado hoy el premio del concurso a los autores del proyecto en un acto celebrado en el propio hospital y organizado por la Fundaci\u00f3n Aladina y el Colegio de Arquitectos.<\/p>\n<p>El jurado que seleccion\u00f3 el proyecto ha destacado \u201csu sencillez y su capacidad para abarcar todas las edades, desde neonatos, hasta ni\u00f1os y adolescentes, incluso a sus padres\u201d-<\/p>\n","protected":false},"excerpt":{"rendered":"<p>El Hospital Universitario Central de Asturias (HUCA) pondr\u00e1 en marcha un proyecto de humanizaci\u00f3n en todas las \u00e1reas en las que se presta atenci\u00f3n pedi\u00e1trica con el fin de conseguir un espacio m\u00e1s c\u00e1lido, confortable y acogedor para todos los pacientes hasta los 18 a\u00f1os, sus familiares y visitantes. La intervenci\u00f3n, que se llevar\u00e1 a<\/p>\n","protected":false},"author":1,"featured_media":113797,"comment_status":"closed","ping_status":"closed","sticky":false,"template":"","format":"standard","meta":{"footnotes":""},"categories":[7],"tags":[],"class_list":{"0":"post-113796","1":"post","2":"type-post","3":"status-publish","4":"format-standard","5":"has-post-thumbnail","7":"category-asturias"},"aioseo_notices":[],"aioseo_head":"\n\t\t<!-- All in One SEO Pro 4.9.6.2 - aioseo.com -->\n\t<meta name=\"description\" content=\"El Hospital Universitario Central de Asturias (HUCA) pondr\u00e1 en marcha un proyecto de humanizaci\u00f3n en todas las \u00e1reas en las que se presta atenci\u00f3n pedi\u00e1trica con el fin de conseguir un espacio m\u00e1s c\u00e1lido, confortable y acogedor para todos los pacientes hasta los 18 a\u00f1os, sus familiares y visitantes. La intervenci\u00f3n, que se llevar\u00e1 a\" \/>\n\t<meta name=\"robots\" content=\"max-image-preview:large\" \/>\n\t<meta name=\"author\" content=\"Cand\u00e1s 365\"\/>\n\t<meta name=\"google-site-verification\" content=\"UA-32230408-1\" \/>\n\t<meta name=\"msvalidate.01\" content=\"354F3CDFB2DA171B47FBE9ABF1F88D5\" \/>\n\t<meta name=\"keywords\" content=\"asturias\" \/>\n\t<link rel=\"canonical\" href=\"https:\/\/candas365.es\/noticias\/el-huca-humanizara-el-area-de-pediatria\/\" \/>\n\t<meta name=\"generator\" content=\"All in One SEO Pro (AIOSEO) 4.9.6.2\" \/>\n\t\t<meta property=\"og:locale\" content=\"es_ES\" \/>\n\t\t<meta property=\"og:site_name\" content=\"Cand\u00e1s 365\" \/>\n\t\t<meta property=\"og:type\" content=\"article\" \/>\n\t\t<meta property=\"og:title\" content=\"El HUCA \u00abhumanizar\u00e1\u00bb el \u00e1rea de pediatr\u00eda | Cand\u00e1s 365\" \/>\n\t\t<meta property=\"og:description\" content=\"El Hospital Universitario Central de Asturias (HUCA) pondr\u00e1 en marcha un proyecto de humanizaci\u00f3n en todas las \u00e1reas en las que se presta atenci\u00f3n pedi\u00e1trica con el fin de conseguir un espacio m\u00e1s c\u00e1lido, confortable y acogedor para todos los pacientes hasta los 18 a\u00f1os, sus familiares y visitantes. La intervenci\u00f3n, que se llevar\u00e1 a\" \/>\n\t\t<meta property=\"og:url\" content=\"https:\/\/candas365.es\/noticias\/el-huca-humanizara-el-area-de-pediatria\/\" \/>\n\t\t<meta property=\"og:image\" content=\"https:\/\/candas365.es\/noticias\/wp-content\/uploads\/2019\/01\/exposiciion-concurso-pediatria-huca.jpg\" \/>\n\t\t<meta property=\"og:image:secure_url\" content=\"https:\/\/candas365.es\/noticias\/wp-content\/uploads\/2019\/01\/exposiciion-concurso-pediatria-huca.jpg\" \/>\n\t\t<meta property=\"og:image:width\" content=\"1280\" \/>\n\t\t<meta property=\"og:image:height\" content=\"621\" \/>\n\t\t<meta property=\"article:published_time\" content=\"2019-01-08T21:54:33+00:00\" \/>\n\t\t<meta property=\"article:modified_time\" content=\"2019-01-08T21:54:33+00:00\" \/>\n\t\t<meta property=\"article:publisher\" content=\"https:\/\/www.facebook.com\/Nachofdezber\" \/>\n\t\t<meta property=\"article:author\" content=\"https:\/\/www.facebook.com\/carrenoactualidad\" \/>\n\t\t<meta name=\"twitter:card\" content=\"summary_large_image\" \/>\n\t\t<meta name=\"twitter:site\" content=\"@NabercoDigital\" \/>\n\t\t<meta name=\"twitter:title\" content=\"El HUCA \u00abhumanizar\u00e1\u00bb el \u00e1rea de pediatr\u00eda | Cand\u00e1s 365\" \/>\n\t\t<meta name=\"twitter:description\" content=\"El Hospital Universitario Central de Asturias (HUCA) pondr\u00e1 en marcha un proyecto de humanizaci\u00f3n en todas las \u00e1reas en las que se presta atenci\u00f3n pedi\u00e1trica con el fin de conseguir un espacio m\u00e1s c\u00e1lido, confortable y acogedor para todos los pacientes hasta los 18 a\u00f1os, sus familiares y visitantes. La intervenci\u00f3n, que se llevar\u00e1 a\" \/>\n\t\t<meta name=\"twitter:creator\" content=\"@nbasturias\" \/>\n\t\t<meta name=\"twitter:image\" content=\"https:\/\/candas365.es\/noticias\/wp-content\/uploads\/2019\/01\/exposiciion-concurso-pediatria-huca.jpg\" \/>\n\t\t<meta name=\"twitter:label1\" content=\"Escrito por\" \/>\n\t\t<meta name=\"twitter:data1\" content=\"Cand\u00e1s 365\" \/>\n\t\t<meta name=\"twitter:label2\" content=\"Tiempo de lectura estimado\" \/>\n\t\t<meta name=\"twitter:data2\" content=\"2 minutos\" \/>\n\t\t<script type=\"application\/ld+json\" class=\"aioseo-schema\">\n\t\t\t{\"@context\":\"https:\\\/\\\/schema.org\",\"@graph\":[{\"@type\":\"BreadcrumbList\",\"@id\":\"https:\\\/\\\/candas365.es\\\/noticias\\\/el-huca-humanizara-el-area-de-pediatria\\\/#breadcrumblist\",\"itemListElement\":[{\"@type\":\"ListItem\",\"@id\":\"https:\\\/\\\/candas365.es\\\/noticias#listItem\",\"position\":1,\"name\":\"Home\",\"item\":\"https:\\\/\\\/candas365.es\\\/noticias\",\"nextItem\":{\"@type\":\"ListItem\",\"@id\":\"https:\\\/\\\/candas365.es\\\/noticias\\\/category\\\/asturias\\\/#listItem\",\"name\":\"Asturias\"}},{\"@type\":\"ListItem\",\"@id\":\"https:\\\/\\\/candas365.es\\\/noticias\\\/category\\\/asturias\\\/#listItem\",\"position\":2,\"name\":\"Asturias\",\"item\":\"https:\\\/\\\/candas365.es\\\/noticias\\\/category\\\/asturias\\\/\",\"nextItem\":{\"@type\":\"ListItem\",\"@id\":\"https:\\\/\\\/candas365.es\\\/noticias\\\/el-huca-humanizara-el-area-de-pediatria\\\/#listItem\",\"name\":\"El HUCA \\u00abhumanizar\\u00e1\\u00bb el \\u00e1rea de pediatr\\u00eda\"},\"previousItem\":{\"@type\":\"ListItem\",\"@id\":\"https:\\\/\\\/candas365.es\\\/noticias#listItem\",\"name\":\"Home\"}},{\"@type\":\"ListItem\",\"@id\":\"https:\\\/\\\/candas365.es\\\/noticias\\\/el-huca-humanizara-el-area-de-pediatria\\\/#listItem\",\"position\":3,\"name\":\"El HUCA \\u00abhumanizar\\u00e1\\u00bb el \\u00e1rea de pediatr\\u00eda\",\"previousItem\":{\"@type\":\"ListItem\",\"@id\":\"https:\\\/\\\/candas365.es\\\/noticias\\\/category\\\/asturias\\\/#listItem\",\"name\":\"Asturias\"}}]},{\"@type\":\"NewsArticle\",\"@id\":\"https:\\\/\\\/candas365.es\\\/noticias\\\/el-huca-humanizara-el-area-de-pediatria\\\/#newsarticle\",\"name\":\"El HUCA \\u00abhumanizar\\u00e1\\u00bb el \\u00e1rea de pediatr\\u00eda | Cand\\u00e1s 365\",\"headline\":\"El HUCA \\u00abhumanizar\\u00e1\\u00bb el \\u00e1rea de pediatr\\u00eda\",\"author\":{\"@id\":\"https:\\\/\\\/candas365.es\\\/noticias\\\/author\\\/admin\\\/#author\"},\"publisher\":{\"@id\":\"https:\\\/\\\/candas365.es\\\/noticias\\\/#organization\"},\"image\":{\"@type\":\"ImageObject\",\"url\":\"https:\\\/\\\/candas365.es\\\/noticias\\\/wp-content\\\/uploads\\\/2019\\\/01\\\/exposiciion-concurso-pediatria-huca.jpg\",\"width\":1280,\"height\":621},\"datePublished\":\"2019-01-08T21:54:33+01:00\",\"dateModified\":\"2019-01-08T21:54:33+01:00\",\"inLanguage\":\"es-ES\",\"mainEntityOfPage\":{\"@id\":\"https:\\\/\\\/candas365.es\\\/noticias\\\/el-huca-humanizara-el-area-de-pediatria\\\/#webpage\"},\"isPartOf\":{\"@id\":\"https:\\\/\\\/candas365.es\\\/noticias\\\/el-huca-humanizara-el-area-de-pediatria\\\/#webpage\"},\"articleSection\":\"Asturias\",\"dateline\":\"Publicado el enero 8, 2019.\"},{\"@type\":\"Organization\",\"@id\":\"https:\\\/\\\/candas365.es\\\/noticias\\\/#organization\",\"name\":\"Cand\\u00e1s 365\",\"description\":\"Cand\\u00e1s 365 es un diario digital independiente, fundado en 2012, con base en Asturias. Informamos con rigor sobre actualidad, sociedad, cultura y ocio, con una mirada local y global.\",\"url\":\"https:\\\/\\\/candas365.es\\\/noticias\\\/\",\"email\":\"info@candas365.es\",\"telephone\":\"+34652131393\",\"foundingDate\":\"2012-06-10\",\"logo\":{\"@type\":\"ImageObject\",\"url\":\"https:\\\/\\\/candas365.es\\\/noticias\\\/wp-content\\\/uploads\\\/2024\\\/09\\\/Candas-365-Redes.jpg\",\"@id\":\"https:\\\/\\\/candas365.es\\\/noticias\\\/el-huca-humanizara-el-area-de-pediatria\\\/#organizationLogo\",\"width\":1152,\"height\":864,\"caption\":\"Cand\\u00e1s 365 Redes\"},\"image\":{\"@id\":\"https:\\\/\\\/candas365.es\\\/noticias\\\/el-huca-humanizara-el-area-de-pediatria\\\/#organizationLogo\"},\"sameAs\":[\"https:\\\/\\\/www.facebook.com\\\/Nachofdezber\",\"https:\\\/\\\/x.com\\\/NabercoDigital\",\"https:\\\/\\\/www.instagram.com\\\/nachofdezber\\\/\",\"https:\\\/\\\/www.youtube.com\\\/channel\\\/UCZP-2wLEB9Rv6erhFmqVnvg\"],\"address\":{\"@id\":\"https:\\\/\\\/candas365.es\\\/noticias\\\/#postaladdress\",\"@type\":\"PostalAddress\",\"streetAddress\":\"san antonio 4, san antonio 4\",\"postalCode\":\"33430\",\"addressLocality\":\"Cand\\u00e1s\",\"addressRegion\":\"Asturias\",\"addressCountry\":\"ES\"}},{\"@type\":\"Person\",\"@id\":\"https:\\\/\\\/candas365.es\\\/noticias\\\/author\\\/admin\\\/#author\",\"url\":\"https:\\\/\\\/candas365.es\\\/noticias\\\/author\\\/admin\\\/\",\"name\":\"Cand\\u00e1s 365\",\"image\":{\"@type\":\"ImageObject\",\"@id\":\"https:\\\/\\\/candas365.es\\\/noticias\\\/el-huca-humanizara-el-area-de-pediatria\\\/#authorImage\",\"url\":\"https:\\\/\\\/secure.gravatar.com\\\/avatar\\\/496a8e03d0c493ede1718b7934145dbdf8d89be1036b0eec9544e1094c9de390?s=96&d=mm&r=g\",\"width\":96,\"height\":96,\"caption\":\"Cand\\u00e1s 365\"},\"sameAs\":[\"https:\\\/\\\/www.facebook.com\\\/carrenoactualidad\",\"https:\\\/\\\/twitter.com\\\/nbasturias\",\"https:\\\/\\\/www.instagram.com\\\/nachofdezber\\\/\",\"https:\\\/\\\/www.youtube.com\\\/channel\\\/UCZP-2wLEB9Rv6erhFmqVnvg\"]},{\"@type\":\"WebPage\",\"@id\":\"https:\\\/\\\/candas365.es\\\/noticias\\\/el-huca-humanizara-el-area-de-pediatria\\\/#webpage\",\"url\":\"https:\\\/\\\/candas365.es\\\/noticias\\\/el-huca-humanizara-el-area-de-pediatria\\\/\",\"name\":\"El HUCA \\u00abhumanizar\\u00e1\\u00bb el \\u00e1rea de pediatr\\u00eda | Cand\\u00e1s 365\",\"description\":\"El Hospital Universitario Central de Asturias (HUCA) pondr\\u00e1 en marcha un proyecto de humanizaci\\u00f3n en todas las \\u00e1reas en las que se presta atenci\\u00f3n pedi\\u00e1trica con el fin de conseguir un espacio m\\u00e1s c\\u00e1lido, confortable y acogedor para todos los pacientes hasta los 18 a\\u00f1os, sus familiares y visitantes. La intervenci\\u00f3n, que se llevar\\u00e1 a\",\"inLanguage\":\"es-ES\",\"isPartOf\":{\"@id\":\"https:\\\/\\\/candas365.es\\\/noticias\\\/#website\"},\"breadcrumb\":{\"@id\":\"https:\\\/\\\/candas365.es\\\/noticias\\\/el-huca-humanizara-el-area-de-pediatria\\\/#breadcrumblist\"},\"author\":{\"@id\":\"https:\\\/\\\/candas365.es\\\/noticias\\\/author\\\/admin\\\/#author\"},\"creator\":{\"@id\":\"https:\\\/\\\/candas365.es\\\/noticias\\\/author\\\/admin\\\/#author\"},\"image\":{\"@type\":\"ImageObject\",\"url\":\"https:\\\/\\\/candas365.es\\\/noticias\\\/wp-content\\\/uploads\\\/2019\\\/01\\\/exposiciion-concurso-pediatria-huca.jpg\",\"@id\":\"https:\\\/\\\/candas365.es\\\/noticias\\\/el-huca-humanizara-el-area-de-pediatria\\\/#mainImage\",\"width\":1280,\"height\":621},\"primaryImageOfPage\":{\"@id\":\"https:\\\/\\\/candas365.es\\\/noticias\\\/el-huca-humanizara-el-area-de-pediatria\\\/#mainImage\"},\"datePublished\":\"2019-01-08T21:54:33+01:00\",\"dateModified\":\"2019-01-08T21:54:33+01:00\"},{\"@type\":\"WebSite\",\"@id\":\"https:\\\/\\\/candas365.es\\\/noticias\\\/#website\",\"url\":\"https:\\\/\\\/candas365.es\\\/noticias\\\/\",\"name\":\"Cand\\u00e1s 365\",\"alternateName\":\"Cand\\u00e1s 365 Noticias\",\"description\":\"Actualidad desde Carre\\u00f1o para el mundo\",\"inLanguage\":\"es-ES\",\"publisher\":{\"@id\":\"https:\\\/\\\/candas365.es\\\/noticias\\\/#organization\"}}]}\n\t\t<\/script>\n\t\t<!-- All in One SEO Pro -->\r\n\t\t<title>El HUCA \u00abhumanizar\u00e1\u00bb el \u00e1rea de pediatr\u00eda | Cand\u00e1s 365<\/title>\n\n","aioseo_head_json":{"title":"El HUCA \u00abhumanizar\u00e1\u00bb el \u00e1rea de pediatr\u00eda | Cand\u00e1s 365","description":"El Hospital Universitario Central de Asturias (HUCA) pondr\u00e1 en marcha un proyecto de humanizaci\u00f3n en todas las \u00e1reas en las que se presta atenci\u00f3n pedi\u00e1trica con el fin de conseguir un espacio m\u00e1s c\u00e1lido, confortable y acogedor para todos los pacientes hasta los 18 a\u00f1os, sus familiares y visitantes. La intervenci\u00f3n, que se llevar\u00e1 a","canonical_url":"https:\/\/candas365.es\/noticias\/el-huca-humanizara-el-area-de-pediatria\/","robots":"max-image-preview:large","keywords":"asturias","webmasterTools":{"google-site-verification":"UA-32230408-1","msvalidate.01":"354F3CDFB2DA171B47FBE9ABF1F88D5","miscellaneous":""},"schema":{"@context":"https:\/\/schema.org","@graph":[{"@type":"BreadcrumbList","@id":"https:\/\/candas365.es\/noticias\/el-huca-humanizara-el-area-de-pediatria\/#breadcrumblist","itemListElement":[{"@type":"ListItem","@id":"https:\/\/candas365.es\/noticias#listItem","position":1,"name":"Home","item":"https:\/\/candas365.es\/noticias","nextItem":{"@type":"ListItem","@id":"https:\/\/candas365.es\/noticias\/category\/asturias\/#listItem","name":"Asturias"}},{"@type":"ListItem","@id":"https:\/\/candas365.es\/noticias\/category\/asturias\/#listItem","position":2,"name":"Asturias","item":"https:\/\/candas365.es\/noticias\/category\/asturias\/","nextItem":{"@type":"ListItem","@id":"https:\/\/candas365.es\/noticias\/el-huca-humanizara-el-area-de-pediatria\/#listItem","name":"El HUCA \u00abhumanizar\u00e1\u00bb el \u00e1rea de pediatr\u00eda"},"previousItem":{"@type":"ListItem","@id":"https:\/\/candas365.es\/noticias#listItem","name":"Home"}},{"@type":"ListItem","@id":"https:\/\/candas365.es\/noticias\/el-huca-humanizara-el-area-de-pediatria\/#listItem","position":3,"name":"El HUCA \u00abhumanizar\u00e1\u00bb el \u00e1rea de pediatr\u00eda","previousItem":{"@type":"ListItem","@id":"https:\/\/candas365.es\/noticias\/category\/asturias\/#listItem","name":"Asturias"}}]},{"@type":"NewsArticle","@id":"https:\/\/candas365.es\/noticias\/el-huca-humanizara-el-area-de-pediatria\/#newsarticle","name":"El HUCA \u00abhumanizar\u00e1\u00bb el \u00e1rea de pediatr\u00eda | Cand\u00e1s 365","headline":"El HUCA \u00abhumanizar\u00e1\u00bb el \u00e1rea de pediatr\u00eda","author":{"@id":"https:\/\/candas365.es\/noticias\/author\/admin\/#author"},"publisher":{"@id":"https:\/\/candas365.es\/noticias\/#organization"},"image":{"@type":"ImageObject","url":"https:\/\/candas365.es\/noticias\/wp-content\/uploads\/2019\/01\/exposiciion-concurso-pediatria-huca.jpg","width":1280,"height":621},"datePublished":"2019-01-08T21:54:33+01:00","dateModified":"2019-01-08T21:54:33+01:00","inLanguage":"es-ES","mainEntityOfPage":{"@id":"https:\/\/candas365.es\/noticias\/el-huca-humanizara-el-area-de-pediatria\/#webpage"},"isPartOf":{"@id":"https:\/\/candas365.es\/noticias\/el-huca-humanizara-el-area-de-pediatria\/#webpage"},"articleSection":"Asturias","dateline":"Publicado el enero 8, 2019."},{"@type":"Organization","@id":"https:\/\/candas365.es\/noticias\/#organization","name":"Cand\u00e1s 365","description":"Cand\u00e1s 365 es un diario digital independiente, fundado en 2012, con base en Asturias. Informamos con rigor sobre actualidad, sociedad, cultura y ocio, con una mirada local y global.","url":"https:\/\/candas365.es\/noticias\/","email":"info@candas365.es","telephone":"+34652131393","foundingDate":"2012-06-10","logo":{"@type":"ImageObject","url":"https:\/\/candas365.es\/noticias\/wp-content\/uploads\/2024\/09\/Candas-365-Redes.jpg","@id":"https:\/\/candas365.es\/noticias\/el-huca-humanizara-el-area-de-pediatria\/#organizationLogo","width":1152,"height":864,"caption":"Cand\u00e1s 365 Redes"},"image":{"@id":"https:\/\/candas365.es\/noticias\/el-huca-humanizara-el-area-de-pediatria\/#organizationLogo"},"sameAs":["https:\/\/www.facebook.com\/Nachofdezber","https:\/\/x.com\/NabercoDigital","https:\/\/www.instagram.com\/nachofdezber\/","https:\/\/www.youtube.com\/channel\/UCZP-2wLEB9Rv6erhFmqVnvg"],"address":{"@id":"https:\/\/candas365.es\/noticias\/#postaladdress","@type":"PostalAddress","streetAddress":"san antonio 4, san antonio 4","postalCode":"33430","addressLocality":"Cand\u00e1s","addressRegion":"Asturias","addressCountry":"ES"}},{"@type":"Person","@id":"https:\/\/candas365.es\/noticias\/author\/admin\/#author","url":"https:\/\/candas365.es\/noticias\/author\/admin\/","name":"Cand\u00e1s 365","image":{"@type":"ImageObject","@id":"https:\/\/candas365.es\/noticias\/el-huca-humanizara-el-area-de-pediatria\/#authorImage","url":"https:\/\/secure.gravatar.com\/avatar\/496a8e03d0c493ede1718b7934145dbdf8d89be1036b0eec9544e1094c9de390?s=96&d=mm&r=g","width":96,"height":96,"caption":"Cand\u00e1s 365"},"sameAs":["https:\/\/www.facebook.com\/carrenoactualidad","https:\/\/twitter.com\/nbasturias","https:\/\/www.instagram.com\/nachofdezber\/","https:\/\/www.youtube.com\/channel\/UCZP-2wLEB9Rv6erhFmqVnvg"]},{"@type":"WebPage","@id":"https:\/\/candas365.es\/noticias\/el-huca-humanizara-el-area-de-pediatria\/#webpage","url":"https:\/\/candas365.es\/noticias\/el-huca-humanizara-el-area-de-pediatria\/","name":"El HUCA \u00abhumanizar\u00e1\u00bb el \u00e1rea de pediatr\u00eda | Cand\u00e1s 365","description":"El Hospital Universitario Central de Asturias (HUCA) pondr\u00e1 en marcha un proyecto de humanizaci\u00f3n en todas las \u00e1reas en las que se presta atenci\u00f3n pedi\u00e1trica con el fin de conseguir un espacio m\u00e1s c\u00e1lido, confortable y acogedor para todos los pacientes hasta los 18 a\u00f1os, sus familiares y visitantes. La intervenci\u00f3n, que se llevar\u00e1 a","inLanguage":"es-ES","isPartOf":{"@id":"https:\/\/candas365.es\/noticias\/#website"},"breadcrumb":{"@id":"https:\/\/candas365.es\/noticias\/el-huca-humanizara-el-area-de-pediatria\/#breadcrumblist"},"author":{"@id":"https:\/\/candas365.es\/noticias\/author\/admin\/#author"},"creator":{"@id":"https:\/\/candas365.es\/noticias\/author\/admin\/#author"},"image":{"@type":"ImageObject","url":"https:\/\/candas365.es\/noticias\/wp-content\/uploads\/2019\/01\/exposiciion-concurso-pediatria-huca.jpg","@id":"https:\/\/candas365.es\/noticias\/el-huca-humanizara-el-area-de-pediatria\/#mainImage","width":1280,"height":621},"primaryImageOfPage":{"@id":"https:\/\/candas365.es\/noticias\/el-huca-humanizara-el-area-de-pediatria\/#mainImage"},"datePublished":"2019-01-08T21:54:33+01:00","dateModified":"2019-01-08T21:54:33+01:00"},{"@type":"WebSite","@id":"https:\/\/candas365.es\/noticias\/#website","url":"https:\/\/candas365.es\/noticias\/","name":"Cand\u00e1s 365","alternateName":"Cand\u00e1s 365 Noticias","description":"Actualidad desde Carre\u00f1o para el mundo","inLanguage":"es-ES","publisher":{"@id":"https:\/\/candas365.es\/noticias\/#organization"}}]},"og:locale":"es_ES","og:site_name":"Cand\u00e1s 365","og:type":"article","og:title":"El HUCA \u00abhumanizar\u00e1\u00bb el \u00e1rea de pediatr\u00eda | Cand\u00e1s 365","og:description":"El Hospital Universitario Central de Asturias (HUCA) pondr\u00e1 en marcha un proyecto de humanizaci\u00f3n en todas las \u00e1reas en las que se presta atenci\u00f3n pedi\u00e1trica con el fin de conseguir un espacio m\u00e1s c\u00e1lido, confortable y acogedor para todos los pacientes hasta los 18 a\u00f1os, sus familiares y visitantes. La intervenci\u00f3n, que se llevar\u00e1 a","og:url":"https:\/\/candas365.es\/noticias\/el-huca-humanizara-el-area-de-pediatria\/","og:image":"https:\/\/candas365.es\/noticias\/wp-content\/uploads\/2019\/01\/exposiciion-concurso-pediatria-huca.jpg","og:image:secure_url":"https:\/\/candas365.es\/noticias\/wp-content\/uploads\/2019\/01\/exposiciion-concurso-pediatria-huca.jpg","og:image:width":1280,"og:image:height":621,"article:published_time":"2019-01-08T21:54:33+00:00","article:modified_time":"2019-01-08T21:54:33+00:00","article:publisher":"https:\/\/www.facebook.com\/Nachofdezber","article:author":"https:\/\/www.facebook.com\/carrenoactualidad","twitter:card":"summary_large_image","twitter:site":"@NabercoDigital","twitter:title":"El HUCA \u00abhumanizar\u00e1\u00bb el \u00e1rea de pediatr\u00eda | Cand\u00e1s 365","twitter:description":"El Hospital Universitario Central de Asturias (HUCA) pondr\u00e1 en marcha un proyecto de humanizaci\u00f3n en todas las \u00e1reas en las que se presta atenci\u00f3n pedi\u00e1trica con el fin de conseguir un espacio m\u00e1s c\u00e1lido, confortable y acogedor para todos los pacientes hasta los 18 a\u00f1os, sus familiares y visitantes. La intervenci\u00f3n, que se llevar\u00e1 a","twitter:creator":"@nbasturias","twitter:image":"https:\/\/candas365.es\/noticias\/wp-content\/uploads\/2019\/01\/exposiciion-concurso-pediatria-huca.jpg","twitter:label1":"Escrito por","twitter:data1":"Cand\u00e1s 365","twitter:label2":"Tiempo de lectura estimado","twitter:data2":"2 minutos"},"aioseo_meta_data":{"post_id":"113796","title":null,"description":null,"keywords":null,"keyphrases":null,"primary_term":null,"canonical_url":null,"og_title":null,"og_description":null,"og_object_type":"default","og_image_type":"default","og_image_url":null,"og_image_width":null,"og_image_height":null,"og_image_custom_url":null,"og_image_custom_fields":null,"og_video":null,"og_custom_url":null,"og_article_section":null,"og_article_tags":null,"twitter_use_og":false,"twitter_card":"default","twitter_image_type":"default","twitter_image_url":null,"twitter_image_custom_url":null,"twitter_image_custom_fields":null,"twitter_title":null,"twitter_description":null,"schema":{"blockGraphs":[],"customGraphs":[],"default":{"data":{"Article":[],"Course":[],"Dataset":[],"FAQPage":[],"Movie":[],"Person":[],"Product":[],"ProductReview":[],"Car":[],"Recipe":[],"Service":[],"SoftwareApplication":[],"WebPage":[]},"graphName":"","isEnabled":true},"graphs":[],"defaultGraph":"","defaultPostTypeGraph":""},"schema_type":null,"schema_type_options":null,"pillar_content":false,"robots_default":true,"robots_noindex":false,"robots_noarchive":false,"robots_nosnippet":false,"robots_nofollow":false,"robots_noimageindex":false,"robots_noodp":false,"robots_notranslate":false,"robots_max_snippet":null,"robots_max_videopreview":null,"robots_max_imagepreview":"large","priority":null,"frequency":null,"location":null,"local_seo":null,"seo_analyzer_scan_date":"2025-08-28 23:42:18","breadcrumb_settings":null,"limit_modified_date":false,"reviewed_by":null,"open_ai":null,"ai":null,"created":"2020-12-21 11:26:55","updated":"2025-08-28 23:42:18"},"aioseo_breadcrumb":"<div class=\"aioseo-breadcrumbs\"><span class=\"aioseo-breadcrumb\">\n\t<a href=\"https:\/\/candas365.es\/noticias\" title=\"Home\">Home<\/a>\n<\/span><span class=\"aioseo-breadcrumb-separator\">&ndash;<\/span><span class=\"aioseo-breadcrumb\">\n\t<a href=\"https:\/\/candas365.es\/noticias\/category\/asturias\/\" title=\"Asturias\">Asturias<\/a>\n<\/span><span class=\"aioseo-breadcrumb-separator\">&ndash;<\/span><span class=\"aioseo-breadcrumb\">\n\tEl HUCA \u00abhumanizar\u00e1\u00bb el \u00e1rea de pediatr\u00eda\n<\/span><\/div>","aioseo_breadcrumb_json":[{"label":"Home","link":"https:\/\/candas365.es\/noticias"},{"label":"Asturias","link":"https:\/\/candas365.es\/noticias\/category\/asturias\/"},{"label":"El HUCA \u00abhumanizar\u00e1\u00bb el \u00e1rea de pediatr\u00eda","link":"https:\/\/candas365.es\/noticias\/el-huca-humanizara-el-area-de-pediatria\/"}],"_links":{"self":[{"href":"https:\/\/candas365.es\/noticias\/wp-json\/wp\/v2\/posts\/113796","targetHints":{"allow":["GET"]}}],"collection":[{"href":"https:\/\/candas365.es\/noticias\/wp-json\/wp\/v2\/posts"}],"about":[{"href":"https:\/\/candas365.es\/noticias\/wp-json\/wp\/v2\/types\/post"}],"author":[{"embeddable":true,"href":"https:\/\/candas365.es\/noticias\/wp-json\/wp\/v2\/users\/1"}],"replies":[{"embeddable":true,"href":"https:\/\/candas365.es\/noticias\/wp-json\/wp\/v2\/comments?post=113796"}],"version-history":[{"count":0,"href":"https:\/\/candas365.es\/noticias\/wp-json\/wp\/v2\/posts\/113796\/revisions"}],"wp:featuredmedia":[{"embeddable":true,"href":"https:\/\/candas365.es\/noticias\/wp-json\/wp\/v2\/media\/113797"}],"wp:attachment":[{"href":"https:\/\/candas365.es\/noticias\/wp-json\/wp\/v2\/media?parent=113796"}],"wp:term":[{"taxonomy":"category","embeddable":true,"href":"https:\/\/candas365.es\/noticias\/wp-json\/wp\/v2\/categories?post=113796"},{"taxonomy":"post_tag","embeddable":true,"href":"https:\/\/candas365.es\/noticias\/wp-json\/wp\/v2\/tags?post=113796"}],"curies":[{"name":"wp","href":"https:\/\/api.w.org\/{rel}","templated":true}]}}