{"id":113787,"date":"2019-01-08T20:49:01","date_gmt":"2019-01-08T20:49:01","guid":{"rendered":"http:\/\/candas365.es\/noticias\/?p=113787"},"modified":"2019-01-08T20:49:01","modified_gmt":"2019-01-08T20:49:01","slug":"arguelles-y-garzon-piden-soluciones-para-garantizar-el-futuro-de-alcoa","status":"publish","type":"post","link":"https:\/\/candas365.es\/noticias\/arguelles-y-garzon-piden-soluciones-para-garantizar-el-futuro-de-alcoa\/","title":{"rendered":"Arg\u00fcelles y Garz\u00f3n piden soluciones para garantizar el futuro de ALCOA"},"content":{"rendered":"<p><img fetchpriority=\"high\" decoding=\"async\" class=\"alignleft size-medium wp-image-113788\" src=\"https:\/\/candas365.es\/noticias\/wp-content\/uploads\/2019\/01\/2533-360x270.jpg\" alt=\"\" width=\"360\" height=\"270\" srcset=\"https:\/\/candas365.es\/noticias\/wp-content\/uploads\/2019\/01\/2533-360x270.jpg 360w, https:\/\/candas365.es\/noticias\/wp-content\/uploads\/2019\/01\/2533.jpg 640w, https:\/\/candas365.es\/noticias\/wp-content\/uploads\/2019\/01\/2533-80x60.jpg 80w, https:\/\/candas365.es\/noticias\/wp-content\/uploads\/2019\/01\/2533-265x198.jpg 265w, https:\/\/candas365.es\/noticias\/wp-content\/uploads\/2019\/01\/2533-560x420.jpg 560w\" sizes=\"(max-width: 360px) 100vw, 360px\" \/>El coordinador general de IU Asturias, Ram\u00f3n Arg\u00fcelles, exigi\u00f3 hoy en Madrid al Gobierno de Espa\u00f1a que busque soluciones para evitar el cese de la producci\u00f3n de aluminio en Asturias y Galicia. El dirigente record\u00f3 que un cierre patronal afectar\u00eda a 700 familias, agudizando, adem\u00e1s, el declive de comarcas ya muy castigadas por anteriores reconversiones. \u00abVenimos para exigir a la Ministra de Industria que eso no sea realidad (el cierre), es decir, que sigan manteniendo producci\u00f3n).<\/p>\n<p>Para Arg\u00fcelles, renunciar en Espa\u00f1a al aluminio no tiene sentido, tanto porque en estos momentos la compa\u00f1\u00eda da beneficios como porque el fin de la producci\u00f3n no significar\u00e1 el fin de la utilizaci\u00f3n de este material. \u00abEl aluminio se va a seguir consumiendo en Espa\u00f1a: pues que el que se consuma en Espa\u00f1a, que se produzca en Espa\u00f1a\u00bb, enfantiz\u00f3.<\/p>\n<p>El m\u00e1ximo responsable de IU Asturias record\u00f3 que ALCOA tiene tambi\u00e9n una responsabilidad social a\u00fan mayor toda vez que, en los \u00faltimos a\u00f1os, la compa\u00f1\u00eda ha recibido m\u00e1s de 1.000 millones de euros en subvenciones: \u00abtiene que explicar en qu\u00e9 los ha gastado pero, sobre todo, no echar a 700 familias a la calle\u00bb.<\/p>\n<p>La defensa de ALCOA moviliz\u00f3 Izquierda Unida, con la presencia en la manifestaci\u00f3n convocada por Comisiones Obreras (CC OO) y otras centrales en Madrid distintos cargos org\u00e1nicos e institucionales de Asturias pero tambi\u00e9n de IU Federal, con su coordinador, Alberto Garz\u00f3n, a la cabeza. Garz\u00f3n pidi\u00f3 al Gobierno del Partido Socialista que sea \u00abvaliente\u00bb para evitar un cierre injustificado. \u00abHemos como en los \u00faltimos a\u00f1os como se han rescatado, por miles de millones de euros, a bancos, a entidades que han sido responsables de la crisis. Sin embargo, cuando llega un caso de la econom\u00eda real, de la econom\u00eda productiva, de la industria, nos encontramos con que el Gobierno se muestra absolutamente pasivo, contemplativo&#8230;e, incluso en algunos casos a favor de las multinacionales que lo que quieren hacer es seguir destruyendo los puestos de trabajo para seguir incrementando sus beneficios empresariales. Esto es absolutamente intolerable en cualquier gobierno pero a\u00fan lo es m\u00e1s en uno que se dice progresista\u00bb.<\/p>\n<p>A Madrid se desplazaron distintos cargos pol\u00edticos e institucionales de IU Asturias, como la alcaldesa de Castrill\u00f3n, Yasmina Triguero, el de Illas, Alberto Tirador, el concejal en Goz\u00f3n Isaac Frade<\/p>\n<p>Tambi\u00e9n quisieron sumarse a esta movilizaci\u00f3n de apoyo a las plantillas de Alcoa la secretaria de Pol\u00edtica Municipal, Gabriela \u00c1lvarez, y el secretario de Acci\u00f3n Pol\u00edtica, Juan Ponte, y decenas de afiliados y afiliadas de IU de toda Asturias.<\/p>\n","protected":false},"excerpt":{"rendered":"<p>El coordinador general de IU Asturias, Ram\u00f3n Arg\u00fcelles, exigi\u00f3 hoy en Madrid al Gobierno de Espa\u00f1a que busque soluciones para evitar el cese de la producci\u00f3n de aluminio en Asturias y Galicia. El dirigente record\u00f3 que un cierre patronal afectar\u00eda a 700 familias, agudizando, adem\u00e1s, el declive de comarcas ya muy castigadas por anteriores reconversiones.<\/p>\n","protected":false},"author":1,"featured_media":113788,"comment_status":"closed","ping_status":"closed","sticky":false,"template":"","format":"standard","meta":{"footnotes":""},"categories":[7],"tags":[],"class_list":{"0":"post-113787","1":"post","2":"type-post","3":"status-publish","4":"format-standard","5":"has-post-thumbnail","7":"category-asturias"},"aioseo_notices":[],"aioseo_head":"\n\t\t<!-- All in One SEO Pro 4.9.6.2 - aioseo.com -->\n\t<meta name=\"description\" content=\"El coordinador general de IU Asturias, Ram\u00f3n Arg\u00fcelles, exigi\u00f3 hoy en Madrid al Gobierno de Espa\u00f1a que busque soluciones para evitar el cese de la producci\u00f3n de aluminio en Asturias y Galicia. El dirigente record\u00f3 que un cierre patronal afectar\u00eda a 700 familias, agudizando, adem\u00e1s, el declive de comarcas ya muy castigadas por anteriores reconversiones.\" \/>\n\t<meta name=\"robots\" content=\"max-image-preview:large\" \/>\n\t<meta name=\"author\" content=\"Cand\u00e1s 365\"\/>\n\t<meta name=\"google-site-verification\" content=\"UA-32230408-1\" \/>\n\t<meta name=\"msvalidate.01\" content=\"354F3CDFB2DA171B47FBE9ABF1F88D5\" \/>\n\t<meta name=\"keywords\" content=\"asturias\" \/>\n\t<link rel=\"canonical\" href=\"https:\/\/candas365.es\/noticias\/arguelles-y-garzon-piden-soluciones-para-garantizar-el-futuro-de-alcoa\/\" \/>\n\t<meta name=\"generator\" content=\"All in One SEO Pro (AIOSEO) 4.9.6.2\" \/>\n\t\t<meta property=\"og:locale\" content=\"es_ES\" \/>\n\t\t<meta property=\"og:site_name\" content=\"Cand\u00e1s 365\" \/>\n\t\t<meta property=\"og:type\" content=\"article\" \/>\n\t\t<meta property=\"og:title\" content=\"Arg\u00fcelles y Garz\u00f3n piden soluciones para garantizar el futuro de ALCOA | Cand\u00e1s 365\" \/>\n\t\t<meta property=\"og:description\" content=\"El coordinador general de IU Asturias, Ram\u00f3n Arg\u00fcelles, exigi\u00f3 hoy en Madrid al Gobierno de Espa\u00f1a que busque soluciones para evitar el cese de la producci\u00f3n de aluminio en Asturias y Galicia. El dirigente record\u00f3 que un cierre patronal afectar\u00eda a 700 familias, agudizando, adem\u00e1s, el declive de comarcas ya muy castigadas por anteriores reconversiones.\" \/>\n\t\t<meta property=\"og:url\" content=\"https:\/\/candas365.es\/noticias\/arguelles-y-garzon-piden-soluciones-para-garantizar-el-futuro-de-alcoa\/\" \/>\n\t\t<meta property=\"og:image\" content=\"https:\/\/candas365.es\/noticias\/wp-content\/uploads\/2019\/01\/2533.jpg\" \/>\n\t\t<meta property=\"og:image:secure_url\" content=\"https:\/\/candas365.es\/noticias\/wp-content\/uploads\/2019\/01\/2533.jpg\" \/>\n\t\t<meta property=\"og:image:width\" content=\"640\" \/>\n\t\t<meta property=\"og:image:height\" content=\"480\" \/>\n\t\t<meta property=\"article:published_time\" content=\"2019-01-08T20:49:01+00:00\" \/>\n\t\t<meta property=\"article:modified_time\" content=\"2019-01-08T20:49:01+00:00\" \/>\n\t\t<meta property=\"article:publisher\" content=\"https:\/\/www.facebook.com\/Nachofdezber\" \/>\n\t\t<meta property=\"article:author\" content=\"https:\/\/www.facebook.com\/carrenoactualidad\" \/>\n\t\t<meta name=\"twitter:card\" content=\"summary_large_image\" \/>\n\t\t<meta name=\"twitter:site\" content=\"@NabercoDigital\" \/>\n\t\t<meta name=\"twitter:title\" content=\"Arg\u00fcelles y Garz\u00f3n piden soluciones para garantizar el futuro de ALCOA | Cand\u00e1s 365\" \/>\n\t\t<meta name=\"twitter:description\" content=\"El coordinador general de IU Asturias, Ram\u00f3n Arg\u00fcelles, exigi\u00f3 hoy en Madrid al Gobierno de Espa\u00f1a que busque soluciones para evitar el cese de la producci\u00f3n de aluminio en Asturias y Galicia. El dirigente record\u00f3 que un cierre patronal afectar\u00eda a 700 familias, agudizando, adem\u00e1s, el declive de comarcas ya muy castigadas por anteriores reconversiones.\" \/>\n\t\t<meta name=\"twitter:creator\" content=\"@nbasturias\" \/>\n\t\t<meta name=\"twitter:image\" content=\"https:\/\/candas365.es\/noticias\/wp-content\/uploads\/2019\/01\/2533.jpg\" \/>\n\t\t<meta name=\"twitter:label1\" content=\"Escrito por\" \/>\n\t\t<meta name=\"twitter:data1\" content=\"Cand\u00e1s 365\" \/>\n\t\t<meta name=\"twitter:label2\" content=\"Tiempo de lectura estimado\" \/>\n\t\t<meta name=\"twitter:data2\" content=\"2 minutos\" \/>\n\t\t<script type=\"application\/ld+json\" class=\"aioseo-schema\">\n\t\t\t{\"@context\":\"https:\\\/\\\/schema.org\",\"@graph\":[{\"@type\":\"BreadcrumbList\",\"@id\":\"https:\\\/\\\/candas365.es\\\/noticias\\\/arguelles-y-garzon-piden-soluciones-para-garantizar-el-futuro-de-alcoa\\\/#breadcrumblist\",\"itemListElement\":[{\"@type\":\"ListItem\",\"@id\":\"https:\\\/\\\/candas365.es\\\/noticias#listItem\",\"position\":1,\"name\":\"Home\",\"item\":\"https:\\\/\\\/candas365.es\\\/noticias\",\"nextItem\":{\"@type\":\"ListItem\",\"@id\":\"https:\\\/\\\/candas365.es\\\/noticias\\\/category\\\/asturias\\\/#listItem\",\"name\":\"Asturias\"}},{\"@type\":\"ListItem\",\"@id\":\"https:\\\/\\\/candas365.es\\\/noticias\\\/category\\\/asturias\\\/#listItem\",\"position\":2,\"name\":\"Asturias\",\"item\":\"https:\\\/\\\/candas365.es\\\/noticias\\\/category\\\/asturias\\\/\",\"nextItem\":{\"@type\":\"ListItem\",\"@id\":\"https:\\\/\\\/candas365.es\\\/noticias\\\/arguelles-y-garzon-piden-soluciones-para-garantizar-el-futuro-de-alcoa\\\/#listItem\",\"name\":\"Arg\\u00fcelles y Garz\\u00f3n piden soluciones para garantizar el futuro de ALCOA\"},\"previousItem\":{\"@type\":\"ListItem\",\"@id\":\"https:\\\/\\\/candas365.es\\\/noticias#listItem\",\"name\":\"Home\"}},{\"@type\":\"ListItem\",\"@id\":\"https:\\\/\\\/candas365.es\\\/noticias\\\/arguelles-y-garzon-piden-soluciones-para-garantizar-el-futuro-de-alcoa\\\/#listItem\",\"position\":3,\"name\":\"Arg\\u00fcelles y Garz\\u00f3n piden soluciones para garantizar el futuro de ALCOA\",\"previousItem\":{\"@type\":\"ListItem\",\"@id\":\"https:\\\/\\\/candas365.es\\\/noticias\\\/category\\\/asturias\\\/#listItem\",\"name\":\"Asturias\"}}]},{\"@type\":\"NewsArticle\",\"@id\":\"https:\\\/\\\/candas365.es\\\/noticias\\\/arguelles-y-garzon-piden-soluciones-para-garantizar-el-futuro-de-alcoa\\\/#newsarticle\",\"name\":\"Arg\\u00fcelles y Garz\\u00f3n piden soluciones para garantizar el futuro de ALCOA | Cand\\u00e1s 365\",\"headline\":\"Arg\\u00fcelles y Garz\\u00f3n piden soluciones para garantizar el futuro de ALCOA\",\"author\":{\"@id\":\"https:\\\/\\\/candas365.es\\\/noticias\\\/author\\\/admin\\\/#author\"},\"publisher\":{\"@id\":\"https:\\\/\\\/candas365.es\\\/noticias\\\/#organization\"},\"image\":{\"@type\":\"ImageObject\",\"url\":\"https:\\\/\\\/candas365.es\\\/noticias\\\/wp-content\\\/uploads\\\/2019\\\/01\\\/2533.jpg\",\"width\":640,\"height\":480},\"datePublished\":\"2019-01-08T20:49:01+01:00\",\"dateModified\":\"2019-01-08T20:49:01+01:00\",\"inLanguage\":\"es-ES\",\"mainEntityOfPage\":{\"@id\":\"https:\\\/\\\/candas365.es\\\/noticias\\\/arguelles-y-garzon-piden-soluciones-para-garantizar-el-futuro-de-alcoa\\\/#webpage\"},\"isPartOf\":{\"@id\":\"https:\\\/\\\/candas365.es\\\/noticias\\\/arguelles-y-garzon-piden-soluciones-para-garantizar-el-futuro-de-alcoa\\\/#webpage\"},\"articleSection\":\"Asturias\",\"dateline\":\"Publicado el enero 8, 2019.\"},{\"@type\":\"Organization\",\"@id\":\"https:\\\/\\\/candas365.es\\\/noticias\\\/#organization\",\"name\":\"Cand\\u00e1s 365\",\"description\":\"Cand\\u00e1s 365 es un diario digital independiente, fundado en 2012, con base en Asturias. Informamos con rigor sobre actualidad, sociedad, cultura y ocio, con una mirada local y global.\",\"url\":\"https:\\\/\\\/candas365.es\\\/noticias\\\/\",\"email\":\"info@candas365.es\",\"telephone\":\"+34652131393\",\"foundingDate\":\"2012-06-10\",\"logo\":{\"@type\":\"ImageObject\",\"url\":\"https:\\\/\\\/candas365.es\\\/noticias\\\/wp-content\\\/uploads\\\/2024\\\/09\\\/Candas-365-Redes.jpg\",\"@id\":\"https:\\\/\\\/candas365.es\\\/noticias\\\/arguelles-y-garzon-piden-soluciones-para-garantizar-el-futuro-de-alcoa\\\/#organizationLogo\",\"width\":1152,\"height\":864,\"caption\":\"Cand\\u00e1s 365 Redes\"},\"image\":{\"@id\":\"https:\\\/\\\/candas365.es\\\/noticias\\\/arguelles-y-garzon-piden-soluciones-para-garantizar-el-futuro-de-alcoa\\\/#organizationLogo\"},\"sameAs\":[\"https:\\\/\\\/www.facebook.com\\\/Nachofdezber\",\"https:\\\/\\\/x.com\\\/NabercoDigital\",\"https:\\\/\\\/www.instagram.com\\\/nachofdezber\\\/\",\"https:\\\/\\\/www.youtube.com\\\/channel\\\/UCZP-2wLEB9Rv6erhFmqVnvg\"],\"address\":{\"@id\":\"https:\\\/\\\/candas365.es\\\/noticias\\\/#postaladdress\",\"@type\":\"PostalAddress\",\"streetAddress\":\"san antonio 4, san antonio 4\",\"postalCode\":\"33430\",\"addressLocality\":\"Cand\\u00e1s\",\"addressRegion\":\"Asturias\",\"addressCountry\":\"ES\"}},{\"@type\":\"Person\",\"@id\":\"https:\\\/\\\/candas365.es\\\/noticias\\\/author\\\/admin\\\/#author\",\"url\":\"https:\\\/\\\/candas365.es\\\/noticias\\\/author\\\/admin\\\/\",\"name\":\"Cand\\u00e1s 365\",\"image\":{\"@type\":\"ImageObject\",\"@id\":\"https:\\\/\\\/candas365.es\\\/noticias\\\/arguelles-y-garzon-piden-soluciones-para-garantizar-el-futuro-de-alcoa\\\/#authorImage\",\"url\":\"https:\\\/\\\/secure.gravatar.com\\\/avatar\\\/496a8e03d0c493ede1718b7934145dbdf8d89be1036b0eec9544e1094c9de390?s=96&d=mm&r=g\",\"width\":96,\"height\":96,\"caption\":\"Cand\\u00e1s 365\"},\"sameAs\":[\"https:\\\/\\\/www.facebook.com\\\/carrenoactualidad\",\"https:\\\/\\\/twitter.com\\\/nbasturias\",\"https:\\\/\\\/www.instagram.com\\\/nachofdezber\\\/\",\"https:\\\/\\\/www.youtube.com\\\/channel\\\/UCZP-2wLEB9Rv6erhFmqVnvg\"]},{\"@type\":\"WebPage\",\"@id\":\"https:\\\/\\\/candas365.es\\\/noticias\\\/arguelles-y-garzon-piden-soluciones-para-garantizar-el-futuro-de-alcoa\\\/#webpage\",\"url\":\"https:\\\/\\\/candas365.es\\\/noticias\\\/arguelles-y-garzon-piden-soluciones-para-garantizar-el-futuro-de-alcoa\\\/\",\"name\":\"Arg\\u00fcelles y Garz\\u00f3n piden soluciones para garantizar el futuro de ALCOA | Cand\\u00e1s 365\",\"description\":\"El coordinador general de IU Asturias, Ram\\u00f3n Arg\\u00fcelles, exigi\\u00f3 hoy en Madrid al Gobierno de Espa\\u00f1a que busque soluciones para evitar el cese de la producci\\u00f3n de aluminio en Asturias y Galicia. El dirigente record\\u00f3 que un cierre patronal afectar\\u00eda a 700 familias, agudizando, adem\\u00e1s, el declive de comarcas ya muy castigadas por anteriores reconversiones.\",\"inLanguage\":\"es-ES\",\"isPartOf\":{\"@id\":\"https:\\\/\\\/candas365.es\\\/noticias\\\/#website\"},\"breadcrumb\":{\"@id\":\"https:\\\/\\\/candas365.es\\\/noticias\\\/arguelles-y-garzon-piden-soluciones-para-garantizar-el-futuro-de-alcoa\\\/#breadcrumblist\"},\"author\":{\"@id\":\"https:\\\/\\\/candas365.es\\\/noticias\\\/author\\\/admin\\\/#author\"},\"creator\":{\"@id\":\"https:\\\/\\\/candas365.es\\\/noticias\\\/author\\\/admin\\\/#author\"},\"image\":{\"@type\":\"ImageObject\",\"url\":\"https:\\\/\\\/candas365.es\\\/noticias\\\/wp-content\\\/uploads\\\/2019\\\/01\\\/2533.jpg\",\"@id\":\"https:\\\/\\\/candas365.es\\\/noticias\\\/arguelles-y-garzon-piden-soluciones-para-garantizar-el-futuro-de-alcoa\\\/#mainImage\",\"width\":640,\"height\":480},\"primaryImageOfPage\":{\"@id\":\"https:\\\/\\\/candas365.es\\\/noticias\\\/arguelles-y-garzon-piden-soluciones-para-garantizar-el-futuro-de-alcoa\\\/#mainImage\"},\"datePublished\":\"2019-01-08T20:49:01+01:00\",\"dateModified\":\"2019-01-08T20:49:01+01:00\"},{\"@type\":\"WebSite\",\"@id\":\"https:\\\/\\\/candas365.es\\\/noticias\\\/#website\",\"url\":\"https:\\\/\\\/candas365.es\\\/noticias\\\/\",\"name\":\"Cand\\u00e1s 365\",\"alternateName\":\"Cand\\u00e1s 365 Noticias\",\"description\":\"Actualidad desde Carre\\u00f1o para el mundo\",\"inLanguage\":\"es-ES\",\"publisher\":{\"@id\":\"https:\\\/\\\/candas365.es\\\/noticias\\\/#organization\"}}]}\n\t\t<\/script>\n\t\t<!-- All in One SEO Pro -->\r\n\t\t<title>Arg\u00fcelles y Garz\u00f3n piden soluciones para garantizar el futuro de ALCOA | Cand\u00e1s 365<\/title>\n\n","aioseo_head_json":{"title":"Arg\u00fcelles y Garz\u00f3n piden soluciones para garantizar el futuro de ALCOA | Cand\u00e1s 365","description":"El coordinador general de IU Asturias, Ram\u00f3n Arg\u00fcelles, exigi\u00f3 hoy en Madrid al Gobierno de Espa\u00f1a que busque soluciones para evitar el cese de la producci\u00f3n de aluminio en Asturias y Galicia. El dirigente record\u00f3 que un cierre patronal afectar\u00eda a 700 familias, agudizando, adem\u00e1s, el declive de comarcas ya muy castigadas por anteriores reconversiones.","canonical_url":"https:\/\/candas365.es\/noticias\/arguelles-y-garzon-piden-soluciones-para-garantizar-el-futuro-de-alcoa\/","robots":"max-image-preview:large","keywords":"asturias","webmasterTools":{"google-site-verification":"UA-32230408-1","msvalidate.01":"354F3CDFB2DA171B47FBE9ABF1F88D5","miscellaneous":""},"schema":{"@context":"https:\/\/schema.org","@graph":[{"@type":"BreadcrumbList","@id":"https:\/\/candas365.es\/noticias\/arguelles-y-garzon-piden-soluciones-para-garantizar-el-futuro-de-alcoa\/#breadcrumblist","itemListElement":[{"@type":"ListItem","@id":"https:\/\/candas365.es\/noticias#listItem","position":1,"name":"Home","item":"https:\/\/candas365.es\/noticias","nextItem":{"@type":"ListItem","@id":"https:\/\/candas365.es\/noticias\/category\/asturias\/#listItem","name":"Asturias"}},{"@type":"ListItem","@id":"https:\/\/candas365.es\/noticias\/category\/asturias\/#listItem","position":2,"name":"Asturias","item":"https:\/\/candas365.es\/noticias\/category\/asturias\/","nextItem":{"@type":"ListItem","@id":"https:\/\/candas365.es\/noticias\/arguelles-y-garzon-piden-soluciones-para-garantizar-el-futuro-de-alcoa\/#listItem","name":"Arg\u00fcelles y Garz\u00f3n piden soluciones para garantizar el futuro de ALCOA"},"previousItem":{"@type":"ListItem","@id":"https:\/\/candas365.es\/noticias#listItem","name":"Home"}},{"@type":"ListItem","@id":"https:\/\/candas365.es\/noticias\/arguelles-y-garzon-piden-soluciones-para-garantizar-el-futuro-de-alcoa\/#listItem","position":3,"name":"Arg\u00fcelles y Garz\u00f3n piden soluciones para garantizar el futuro de ALCOA","previousItem":{"@type":"ListItem","@id":"https:\/\/candas365.es\/noticias\/category\/asturias\/#listItem","name":"Asturias"}}]},{"@type":"NewsArticle","@id":"https:\/\/candas365.es\/noticias\/arguelles-y-garzon-piden-soluciones-para-garantizar-el-futuro-de-alcoa\/#newsarticle","name":"Arg\u00fcelles y Garz\u00f3n piden soluciones para garantizar el futuro de ALCOA | Cand\u00e1s 365","headline":"Arg\u00fcelles y Garz\u00f3n piden soluciones para garantizar el futuro de ALCOA","author":{"@id":"https:\/\/candas365.es\/noticias\/author\/admin\/#author"},"publisher":{"@id":"https:\/\/candas365.es\/noticias\/#organization"},"image":{"@type":"ImageObject","url":"https:\/\/candas365.es\/noticias\/wp-content\/uploads\/2019\/01\/2533.jpg","width":640,"height":480},"datePublished":"2019-01-08T20:49:01+01:00","dateModified":"2019-01-08T20:49:01+01:00","inLanguage":"es-ES","mainEntityOfPage":{"@id":"https:\/\/candas365.es\/noticias\/arguelles-y-garzon-piden-soluciones-para-garantizar-el-futuro-de-alcoa\/#webpage"},"isPartOf":{"@id":"https:\/\/candas365.es\/noticias\/arguelles-y-garzon-piden-soluciones-para-garantizar-el-futuro-de-alcoa\/#webpage"},"articleSection":"Asturias","dateline":"Publicado el enero 8, 2019."},{"@type":"Organization","@id":"https:\/\/candas365.es\/noticias\/#organization","name":"Cand\u00e1s 365","description":"Cand\u00e1s 365 es un diario digital independiente, fundado en 2012, con base en Asturias. Informamos con rigor sobre actualidad, sociedad, cultura y ocio, con una mirada local y global.","url":"https:\/\/candas365.es\/noticias\/","email":"info@candas365.es","telephone":"+34652131393","foundingDate":"2012-06-10","logo":{"@type":"ImageObject","url":"https:\/\/candas365.es\/noticias\/wp-content\/uploads\/2024\/09\/Candas-365-Redes.jpg","@id":"https:\/\/candas365.es\/noticias\/arguelles-y-garzon-piden-soluciones-para-garantizar-el-futuro-de-alcoa\/#organizationLogo","width":1152,"height":864,"caption":"Cand\u00e1s 365 Redes"},"image":{"@id":"https:\/\/candas365.es\/noticias\/arguelles-y-garzon-piden-soluciones-para-garantizar-el-futuro-de-alcoa\/#organizationLogo"},"sameAs":["https:\/\/www.facebook.com\/Nachofdezber","https:\/\/x.com\/NabercoDigital","https:\/\/www.instagram.com\/nachofdezber\/","https:\/\/www.youtube.com\/channel\/UCZP-2wLEB9Rv6erhFmqVnvg"],"address":{"@id":"https:\/\/candas365.es\/noticias\/#postaladdress","@type":"PostalAddress","streetAddress":"san antonio 4, san antonio 4","postalCode":"33430","addressLocality":"Cand\u00e1s","addressRegion":"Asturias","addressCountry":"ES"}},{"@type":"Person","@id":"https:\/\/candas365.es\/noticias\/author\/admin\/#author","url":"https:\/\/candas365.es\/noticias\/author\/admin\/","name":"Cand\u00e1s 365","image":{"@type":"ImageObject","@id":"https:\/\/candas365.es\/noticias\/arguelles-y-garzon-piden-soluciones-para-garantizar-el-futuro-de-alcoa\/#authorImage","url":"https:\/\/secure.gravatar.com\/avatar\/496a8e03d0c493ede1718b7934145dbdf8d89be1036b0eec9544e1094c9de390?s=96&d=mm&r=g","width":96,"height":96,"caption":"Cand\u00e1s 365"},"sameAs":["https:\/\/www.facebook.com\/carrenoactualidad","https:\/\/twitter.com\/nbasturias","https:\/\/www.instagram.com\/nachofdezber\/","https:\/\/www.youtube.com\/channel\/UCZP-2wLEB9Rv6erhFmqVnvg"]},{"@type":"WebPage","@id":"https:\/\/candas365.es\/noticias\/arguelles-y-garzon-piden-soluciones-para-garantizar-el-futuro-de-alcoa\/#webpage","url":"https:\/\/candas365.es\/noticias\/arguelles-y-garzon-piden-soluciones-para-garantizar-el-futuro-de-alcoa\/","name":"Arg\u00fcelles y Garz\u00f3n piden soluciones para garantizar el futuro de ALCOA | Cand\u00e1s 365","description":"El coordinador general de IU Asturias, Ram\u00f3n Arg\u00fcelles, exigi\u00f3 hoy en Madrid al Gobierno de Espa\u00f1a que busque soluciones para evitar el cese de la producci\u00f3n de aluminio en Asturias y Galicia. El dirigente record\u00f3 que un cierre patronal afectar\u00eda a 700 familias, agudizando, adem\u00e1s, el declive de comarcas ya muy castigadas por anteriores reconversiones.","inLanguage":"es-ES","isPartOf":{"@id":"https:\/\/candas365.es\/noticias\/#website"},"breadcrumb":{"@id":"https:\/\/candas365.es\/noticias\/arguelles-y-garzon-piden-soluciones-para-garantizar-el-futuro-de-alcoa\/#breadcrumblist"},"author":{"@id":"https:\/\/candas365.es\/noticias\/author\/admin\/#author"},"creator":{"@id":"https:\/\/candas365.es\/noticias\/author\/admin\/#author"},"image":{"@type":"ImageObject","url":"https:\/\/candas365.es\/noticias\/wp-content\/uploads\/2019\/01\/2533.jpg","@id":"https:\/\/candas365.es\/noticias\/arguelles-y-garzon-piden-soluciones-para-garantizar-el-futuro-de-alcoa\/#mainImage","width":640,"height":480},"primaryImageOfPage":{"@id":"https:\/\/candas365.es\/noticias\/arguelles-y-garzon-piden-soluciones-para-garantizar-el-futuro-de-alcoa\/#mainImage"},"datePublished":"2019-01-08T20:49:01+01:00","dateModified":"2019-01-08T20:49:01+01:00"},{"@type":"WebSite","@id":"https:\/\/candas365.es\/noticias\/#website","url":"https:\/\/candas365.es\/noticias\/","name":"Cand\u00e1s 365","alternateName":"Cand\u00e1s 365 Noticias","description":"Actualidad desde Carre\u00f1o para el mundo","inLanguage":"es-ES","publisher":{"@id":"https:\/\/candas365.es\/noticias\/#organization"}}]},"og:locale":"es_ES","og:site_name":"Cand\u00e1s 365","og:type":"article","og:title":"Arg\u00fcelles y Garz\u00f3n piden soluciones para garantizar el futuro de ALCOA | Cand\u00e1s 365","og:description":"El coordinador general de IU Asturias, Ram\u00f3n Arg\u00fcelles, exigi\u00f3 hoy en Madrid al Gobierno de Espa\u00f1a que busque soluciones para evitar el cese de la producci\u00f3n de aluminio en Asturias y Galicia. El dirigente record\u00f3 que un cierre patronal afectar\u00eda a 700 familias, agudizando, adem\u00e1s, el declive de comarcas ya muy castigadas por anteriores reconversiones.","og:url":"https:\/\/candas365.es\/noticias\/arguelles-y-garzon-piden-soluciones-para-garantizar-el-futuro-de-alcoa\/","og:image":"https:\/\/candas365.es\/noticias\/wp-content\/uploads\/2019\/01\/2533.jpg","og:image:secure_url":"https:\/\/candas365.es\/noticias\/wp-content\/uploads\/2019\/01\/2533.jpg","og:image:width":640,"og:image:height":480,"article:published_time":"2019-01-08T20:49:01+00:00","article:modified_time":"2019-01-08T20:49:01+00:00","article:publisher":"https:\/\/www.facebook.com\/Nachofdezber","article:author":"https:\/\/www.facebook.com\/carrenoactualidad","twitter:card":"summary_large_image","twitter:site":"@NabercoDigital","twitter:title":"Arg\u00fcelles y Garz\u00f3n piden soluciones para garantizar el futuro de ALCOA | Cand\u00e1s 365","twitter:description":"El coordinador general de IU Asturias, Ram\u00f3n Arg\u00fcelles, exigi\u00f3 hoy en Madrid al Gobierno de Espa\u00f1a que busque soluciones para evitar el cese de la producci\u00f3n de aluminio en Asturias y Galicia. El dirigente record\u00f3 que un cierre patronal afectar\u00eda a 700 familias, agudizando, adem\u00e1s, el declive de comarcas ya muy castigadas por anteriores reconversiones.","twitter:creator":"@nbasturias","twitter:image":"https:\/\/candas365.es\/noticias\/wp-content\/uploads\/2019\/01\/2533.jpg","twitter:label1":"Escrito por","twitter:data1":"Cand\u00e1s 365","twitter:label2":"Tiempo de lectura estimado","twitter:data2":"2 minutos"},"aioseo_meta_data":{"post_id":"113787","title":null,"description":null,"keywords":null,"keyphrases":null,"primary_term":null,"canonical_url":null,"og_title":null,"og_description":null,"og_object_type":"default","og_image_type":"default","og_image_url":null,"og_image_width":null,"og_image_height":null,"og_image_custom_url":null,"og_image_custom_fields":null,"og_video":null,"og_custom_url":null,"og_article_section":null,"og_article_tags":null,"twitter_use_og":false,"twitter_card":"default","twitter_image_type":"default","twitter_image_url":null,"twitter_image_custom_url":null,"twitter_image_custom_fields":null,"twitter_title":null,"twitter_description":null,"schema":{"blockGraphs":[],"customGraphs":[],"default":{"data":{"Article":[],"Course":[],"Dataset":[],"FAQPage":[],"Movie":[],"Person":[],"Product":[],"ProductReview":[],"Car":[],"Recipe":[],"Service":[],"SoftwareApplication":[],"WebPage":[]},"graphName":"","isEnabled":true},"graphs":[]},"schema_type":null,"schema_type_options":null,"pillar_content":false,"robots_default":true,"robots_noindex":false,"robots_noarchive":false,"robots_nosnippet":false,"robots_nofollow":false,"robots_noimageindex":false,"robots_noodp":false,"robots_notranslate":false,"robots_max_snippet":null,"robots_max_videopreview":null,"robots_max_imagepreview":"large","priority":null,"frequency":null,"location":null,"local_seo":null,"seo_analyzer_scan_date":"2025-08-28 23:40:27","breadcrumb_settings":null,"limit_modified_date":false,"reviewed_by":null,"open_ai":null,"ai":null,"created":"2020-12-21 11:26:55","updated":"2025-08-28 23:40:27"},"aioseo_breadcrumb":"<div class=\"aioseo-breadcrumbs\"><span class=\"aioseo-breadcrumb\">\n\t<a href=\"https:\/\/candas365.es\/noticias\" title=\"Home\">Home<\/a>\n<\/span><span class=\"aioseo-breadcrumb-separator\">&ndash;<\/span><span class=\"aioseo-breadcrumb\">\n\t<a href=\"https:\/\/candas365.es\/noticias\/category\/asturias\/\" title=\"Asturias\">Asturias<\/a>\n<\/span><span class=\"aioseo-breadcrumb-separator\">&ndash;<\/span><span class=\"aioseo-breadcrumb\">\n\tArg\u00fcelles y Garz\u00f3n piden soluciones para garantizar el futuro de ALCOA\n<\/span><\/div>","aioseo_breadcrumb_json":[{"label":"Home","link":"https:\/\/candas365.es\/noticias"},{"label":"Asturias","link":"https:\/\/candas365.es\/noticias\/category\/asturias\/"},{"label":"Arg\u00fcelles y Garz\u00f3n piden soluciones para garantizar el futuro de ALCOA","link":"https:\/\/candas365.es\/noticias\/arguelles-y-garzon-piden-soluciones-para-garantizar-el-futuro-de-alcoa\/"}],"_links":{"self":[{"href":"https:\/\/candas365.es\/noticias\/wp-json\/wp\/v2\/posts\/113787","targetHints":{"allow":["GET"]}}],"collection":[{"href":"https:\/\/candas365.es\/noticias\/wp-json\/wp\/v2\/posts"}],"about":[{"href":"https:\/\/candas365.es\/noticias\/wp-json\/wp\/v2\/types\/post"}],"author":[{"embeddable":true,"href":"https:\/\/candas365.es\/noticias\/wp-json\/wp\/v2\/users\/1"}],"replies":[{"embeddable":true,"href":"https:\/\/candas365.es\/noticias\/wp-json\/wp\/v2\/comments?post=113787"}],"version-history":[{"count":0,"href":"https:\/\/candas365.es\/noticias\/wp-json\/wp\/v2\/posts\/113787\/revisions"}],"wp:featuredmedia":[{"embeddable":true,"href":"https:\/\/candas365.es\/noticias\/wp-json\/wp\/v2\/media\/113788"}],"wp:attachment":[{"href":"https:\/\/candas365.es\/noticias\/wp-json\/wp\/v2\/media?parent=113787"}],"wp:term":[{"taxonomy":"category","embeddable":true,"href":"https:\/\/candas365.es\/noticias\/wp-json\/wp\/v2\/categories?post=113787"},{"taxonomy":"post_tag","embeddable":true,"href":"https:\/\/candas365.es\/noticias\/wp-json\/wp\/v2\/tags?post=113787"}],"curies":[{"name":"wp","href":"https:\/\/api.w.org\/{rel}","templated":true}]}}