{"id":113769,"date":"2019-01-08T17:45:27","date_gmt":"2019-01-08T17:45:27","guid":{"rendered":"http:\/\/candas365.es\/noticias\/?p=113769"},"modified":"2019-01-08T17:45:27","modified_gmt":"2019-01-08T17:45:27","slug":"el-museo-bundeskunsthalle-de-bonn-proyecta-una-gran-muestra-sobre-goethe","status":"publish","type":"post","link":"https:\/\/candas365.es\/noticias\/el-museo-bundeskunsthalle-de-bonn-proyecta-una-gran-muestra-sobre-goethe\/","title":{"rendered":"El Museo Bundeskunsthalle de Bonn proyecta una gran muestra sobre Goethe"},"content":{"rendered":"<p><img fetchpriority=\"high\" decoding=\"async\" class=\"alignleft size-medium wp-image-113770\" src=\"https:\/\/candas365.es\/noticias\/wp-content\/uploads\/2019\/01\/bonn-983313_960_720-360x240.jpg\" alt=\"\" width=\"360\" height=\"240\" srcset=\"https:\/\/candas365.es\/noticias\/wp-content\/uploads\/2019\/01\/bonn-983313_960_720-360x240.jpg 360w, https:\/\/candas365.es\/noticias\/wp-content\/uploads\/2019\/01\/bonn-983313_960_720-768x511.jpg 768w, https:\/\/candas365.es\/noticias\/wp-content\/uploads\/2019\/01\/bonn-983313_960_720-655x436.jpg 655w, https:\/\/candas365.es\/noticias\/wp-content\/uploads\/2019\/01\/bonn-983313_960_720-696x463.jpg 696w, https:\/\/candas365.es\/noticias\/wp-content\/uploads\/2019\/01\/bonn-983313_960_720-631x420.jpg 631w, https:\/\/candas365.es\/noticias\/wp-content\/uploads\/2019\/01\/bonn-983313_960_720.jpg 960w\" sizes=\"(max-width: 360px) 100vw, 360px\" \/>Bonn (Alemania), 8 ene (dpa) &#8211; El Museo Bundeskunsthalle de Bonn, en el oeste de Alemania, proyecta para el verano (boreal) \u00abla primera gran muestra sobre Goethe de los \u00faltimos 25 a\u00f1os\u00bb, que reunir\u00e1 alrededor de 200 obras de colecciones p\u00fablicas y privadas de todo el mundo en calidad de pr\u00e9stamo, seg\u00fan comunic\u00f3 la sala de arte.<\/p>\n<p>La exposici\u00f3n delinear\u00e1 a trav\u00e9s de nueve cap\u00edtulos la obra y el obrar de Goethe, as\u00ed como tambi\u00e9n los grandes acontecimientos pol\u00edticos de la \u00e9poca. La gama de artistas va desde Caspar David Friedrich, Auguste Rodin, William Turner y Piet Mondrian, hasta Andy Warhol.<\/p>\n<p>La muestra estar\u00e1 abierta al p\u00fablico desde el 17 de mayo y hasta el 15 de septiembre.<\/p>\n<p>El museo albergar\u00e1, tambi\u00e9n en 2019, una exposici\u00f3n sobre las antiguas civilizaciones de Palmira, Mosul y Alepo, que fueron en parte destruidas por la milicia terrorista Estado Isl\u00e1mico (EI).<\/p>\n<p>El 13 de septiembre se inaugurar\u00e1 una muestra sobre la historia de San Francisco, el 1 de noviembre una amplia retrospectiva sobre la obra del artista alem\u00e1n Martin Kippenberger (1953-1997), considerado uno de los m\u00e1s influyentes de la posguerra.<\/p>\n<p>En 2018, el Museo Bundeskunsthalle registr\u00f3 675.000 visitantes, un diez por ciento m\u00e1s que en el a\u00f1o precedente.<\/p>\n","protected":false},"excerpt":{"rendered":"<p>Bonn (Alemania), 8 ene (dpa) &#8211; El Museo Bundeskunsthalle de Bonn, en el oeste de Alemania, proyecta para el verano (boreal) \u00abla primera gran muestra sobre Goethe de los \u00faltimos 25 a\u00f1os\u00bb, que reunir\u00e1 alrededor de 200 obras de colecciones p\u00fablicas y privadas de todo el mundo en calidad de pr\u00e9stamo, seg\u00fan comunic\u00f3 la sala<\/p>\n","protected":false},"author":1,"featured_media":113770,"comment_status":"closed","ping_status":"closed","sticky":false,"template":"","format":"standard","meta":{"footnotes":""},"categories":[1],"tags":[],"class_list":{"0":"post-113769","1":"post","2":"type-post","3":"status-publish","4":"format-standard","5":"has-post-thumbnail","7":"category-agenda"},"aioseo_notices":[],"aioseo_head":"\n\t\t<!-- All in One SEO Pro 4.9.6.2 - aioseo.com -->\n\t<meta name=\"description\" content=\"Bonn (Alemania), 8 ene (dpa) - El Museo Bundeskunsthalle de Bonn, en el oeste de Alemania, proyecta para el verano (boreal) &quot;la primera gran muestra sobre Goethe de los \u00faltimos 25 a\u00f1os&quot;, que reunir\u00e1 alrededor de 200 obras de colecciones p\u00fablicas y privadas de todo el mundo en calidad de pr\u00e9stamo, seg\u00fan comunic\u00f3 la sala\" \/>\n\t<meta name=\"robots\" content=\"max-image-preview:large\" \/>\n\t<meta name=\"author\" content=\"Cand\u00e1s 365\"\/>\n\t<meta name=\"google-site-verification\" content=\"UA-32230408-1\" \/>\n\t<meta name=\"msvalidate.01\" content=\"354F3CDFB2DA171B47FBE9ABF1F88D5\" \/>\n\t<meta name=\"keywords\" content=\"agenda\" \/>\n\t<link rel=\"canonical\" href=\"https:\/\/candas365.es\/noticias\/el-museo-bundeskunsthalle-de-bonn-proyecta-una-gran-muestra-sobre-goethe\/\" \/>\n\t<meta name=\"generator\" content=\"All in One SEO Pro (AIOSEO) 4.9.6.2\" \/>\n\t\t<meta property=\"og:locale\" content=\"es_ES\" \/>\n\t\t<meta property=\"og:site_name\" content=\"Cand\u00e1s 365\" \/>\n\t\t<meta property=\"og:type\" content=\"article\" \/>\n\t\t<meta property=\"og:title\" content=\"El Museo Bundeskunsthalle de Bonn proyecta una gran muestra sobre Goethe | Cand\u00e1s 365\" \/>\n\t\t<meta property=\"og:description\" content=\"Bonn (Alemania), 8 ene (dpa) - El Museo Bundeskunsthalle de Bonn, en el oeste de Alemania, proyecta para el verano (boreal) &quot;la primera gran muestra sobre Goethe de los \u00faltimos 25 a\u00f1os&quot;, que reunir\u00e1 alrededor de 200 obras de colecciones p\u00fablicas y privadas de todo el mundo en calidad de pr\u00e9stamo, seg\u00fan comunic\u00f3 la sala\" \/>\n\t\t<meta property=\"og:url\" content=\"https:\/\/candas365.es\/noticias\/el-museo-bundeskunsthalle-de-bonn-proyecta-una-gran-muestra-sobre-goethe\/\" \/>\n\t\t<meta property=\"og:image\" content=\"https:\/\/candas365.es\/noticias\/wp-content\/uploads\/2019\/01\/bonn-983313_960_720.jpg\" \/>\n\t\t<meta property=\"og:image:secure_url\" content=\"https:\/\/candas365.es\/noticias\/wp-content\/uploads\/2019\/01\/bonn-983313_960_720.jpg\" \/>\n\t\t<meta property=\"og:image:width\" content=\"960\" \/>\n\t\t<meta property=\"og:image:height\" content=\"639\" \/>\n\t\t<meta property=\"article:published_time\" content=\"2019-01-08T17:45:27+00:00\" \/>\n\t\t<meta property=\"article:modified_time\" content=\"2019-01-08T17:45:27+00:00\" \/>\n\t\t<meta property=\"article:publisher\" content=\"https:\/\/www.facebook.com\/Nachofdezber\" \/>\n\t\t<meta property=\"article:author\" content=\"https:\/\/www.facebook.com\/carrenoactualidad\" \/>\n\t\t<meta name=\"twitter:card\" content=\"summary_large_image\" \/>\n\t\t<meta name=\"twitter:site\" content=\"@NabercoDigital\" \/>\n\t\t<meta name=\"twitter:title\" content=\"El Museo Bundeskunsthalle de Bonn proyecta una gran muestra sobre Goethe | Cand\u00e1s 365\" \/>\n\t\t<meta name=\"twitter:description\" content=\"Bonn (Alemania), 8 ene (dpa) - El Museo Bundeskunsthalle de Bonn, en el oeste de Alemania, proyecta para el verano (boreal) &quot;la primera gran muestra sobre Goethe de los \u00faltimos 25 a\u00f1os&quot;, que reunir\u00e1 alrededor de 200 obras de colecciones p\u00fablicas y privadas de todo el mundo en calidad de pr\u00e9stamo, seg\u00fan comunic\u00f3 la sala\" \/>\n\t\t<meta name=\"twitter:creator\" content=\"@nbasturias\" \/>\n\t\t<meta name=\"twitter:image\" content=\"https:\/\/candas365.es\/noticias\/wp-content\/uploads\/2019\/01\/bonn-983313_960_720.jpg\" \/>\n\t\t<meta name=\"twitter:label1\" content=\"Escrito por\" \/>\n\t\t<meta name=\"twitter:data1\" content=\"Cand\u00e1s 365\" \/>\n\t\t<meta name=\"twitter:label2\" content=\"Tiempo de lectura estimado\" \/>\n\t\t<meta name=\"twitter:data2\" content=\"1 minuto\" \/>\n\t\t<script type=\"application\/ld+json\" class=\"aioseo-schema\">\n\t\t\t{\"@context\":\"https:\\\/\\\/schema.org\",\"@graph\":[{\"@type\":\"BreadcrumbList\",\"@id\":\"https:\\\/\\\/candas365.es\\\/noticias\\\/el-museo-bundeskunsthalle-de-bonn-proyecta-una-gran-muestra-sobre-goethe\\\/#breadcrumblist\",\"itemListElement\":[{\"@type\":\"ListItem\",\"@id\":\"https:\\\/\\\/candas365.es\\\/noticias#listItem\",\"position\":1,\"name\":\"Home\",\"item\":\"https:\\\/\\\/candas365.es\\\/noticias\",\"nextItem\":{\"@type\":\"ListItem\",\"@id\":\"https:\\\/\\\/candas365.es\\\/noticias\\\/category\\\/agenda\\\/#listItem\",\"name\":\"Agenda\"}},{\"@type\":\"ListItem\",\"@id\":\"https:\\\/\\\/candas365.es\\\/noticias\\\/category\\\/agenda\\\/#listItem\",\"position\":2,\"name\":\"Agenda\",\"item\":\"https:\\\/\\\/candas365.es\\\/noticias\\\/category\\\/agenda\\\/\",\"nextItem\":{\"@type\":\"ListItem\",\"@id\":\"https:\\\/\\\/candas365.es\\\/noticias\\\/el-museo-bundeskunsthalle-de-bonn-proyecta-una-gran-muestra-sobre-goethe\\\/#listItem\",\"name\":\"El Museo Bundeskunsthalle de Bonn proyecta una gran muestra sobre Goethe\"},\"previousItem\":{\"@type\":\"ListItem\",\"@id\":\"https:\\\/\\\/candas365.es\\\/noticias#listItem\",\"name\":\"Home\"}},{\"@type\":\"ListItem\",\"@id\":\"https:\\\/\\\/candas365.es\\\/noticias\\\/el-museo-bundeskunsthalle-de-bonn-proyecta-una-gran-muestra-sobre-goethe\\\/#listItem\",\"position\":3,\"name\":\"El Museo Bundeskunsthalle de Bonn proyecta una gran muestra sobre Goethe\",\"previousItem\":{\"@type\":\"ListItem\",\"@id\":\"https:\\\/\\\/candas365.es\\\/noticias\\\/category\\\/agenda\\\/#listItem\",\"name\":\"Agenda\"}}]},{\"@type\":\"NewsArticle\",\"@id\":\"https:\\\/\\\/candas365.es\\\/noticias\\\/el-museo-bundeskunsthalle-de-bonn-proyecta-una-gran-muestra-sobre-goethe\\\/#newsarticle\",\"name\":\"El Museo Bundeskunsthalle de Bonn proyecta una gran muestra sobre Goethe | Cand\\u00e1s 365\",\"headline\":\"El Museo Bundeskunsthalle de Bonn proyecta una gran muestra sobre Goethe\",\"author\":{\"@id\":\"https:\\\/\\\/candas365.es\\\/noticias\\\/author\\\/admin\\\/#author\"},\"publisher\":{\"@id\":\"https:\\\/\\\/candas365.es\\\/noticias\\\/#organization\"},\"image\":{\"@type\":\"ImageObject\",\"url\":\"https:\\\/\\\/candas365.es\\\/noticias\\\/wp-content\\\/uploads\\\/2019\\\/01\\\/bonn-983313_960_720.jpg\",\"width\":960,\"height\":639},\"datePublished\":\"2019-01-08T17:45:27+01:00\",\"dateModified\":\"2019-01-08T17:45:27+01:00\",\"inLanguage\":\"es-ES\",\"mainEntityOfPage\":{\"@id\":\"https:\\\/\\\/candas365.es\\\/noticias\\\/el-museo-bundeskunsthalle-de-bonn-proyecta-una-gran-muestra-sobre-goethe\\\/#webpage\"},\"isPartOf\":{\"@id\":\"https:\\\/\\\/candas365.es\\\/noticias\\\/el-museo-bundeskunsthalle-de-bonn-proyecta-una-gran-muestra-sobre-goethe\\\/#webpage\"},\"articleSection\":\"Agenda\",\"dateline\":\"Publicado el enero 8, 2019.\"},{\"@type\":\"Organization\",\"@id\":\"https:\\\/\\\/candas365.es\\\/noticias\\\/#organization\",\"name\":\"Cand\\u00e1s 365\",\"description\":\"Cand\\u00e1s 365 es un diario digital independiente, fundado en 2012, con base en Asturias. Informamos con rigor sobre actualidad, sociedad, cultura y ocio, con una mirada local y global.\",\"url\":\"https:\\\/\\\/candas365.es\\\/noticias\\\/\",\"email\":\"info@candas365.es\",\"telephone\":\"+34652131393\",\"foundingDate\":\"2012-06-10\",\"logo\":{\"@type\":\"ImageObject\",\"url\":\"https:\\\/\\\/candas365.es\\\/noticias\\\/wp-content\\\/uploads\\\/2024\\\/09\\\/Candas-365-Redes.jpg\",\"@id\":\"https:\\\/\\\/candas365.es\\\/noticias\\\/el-museo-bundeskunsthalle-de-bonn-proyecta-una-gran-muestra-sobre-goethe\\\/#organizationLogo\",\"width\":1152,\"height\":864,\"caption\":\"Cand\\u00e1s 365 Redes\"},\"image\":{\"@id\":\"https:\\\/\\\/candas365.es\\\/noticias\\\/el-museo-bundeskunsthalle-de-bonn-proyecta-una-gran-muestra-sobre-goethe\\\/#organizationLogo\"},\"sameAs\":[\"https:\\\/\\\/www.facebook.com\\\/Nachofdezber\",\"https:\\\/\\\/x.com\\\/NabercoDigital\",\"https:\\\/\\\/www.instagram.com\\\/nachofdezber\\\/\",\"https:\\\/\\\/www.youtube.com\\\/channel\\\/UCZP-2wLEB9Rv6erhFmqVnvg\"],\"address\":{\"@id\":\"https:\\\/\\\/candas365.es\\\/noticias\\\/#postaladdress\",\"@type\":\"PostalAddress\",\"streetAddress\":\"san antonio 4, san antonio 4\",\"postalCode\":\"33430\",\"addressLocality\":\"Cand\\u00e1s\",\"addressRegion\":\"Asturias\",\"addressCountry\":\"ES\"}},{\"@type\":\"Person\",\"@id\":\"https:\\\/\\\/candas365.es\\\/noticias\\\/author\\\/admin\\\/#author\",\"url\":\"https:\\\/\\\/candas365.es\\\/noticias\\\/author\\\/admin\\\/\",\"name\":\"Cand\\u00e1s 365\",\"image\":{\"@type\":\"ImageObject\",\"@id\":\"https:\\\/\\\/candas365.es\\\/noticias\\\/el-museo-bundeskunsthalle-de-bonn-proyecta-una-gran-muestra-sobre-goethe\\\/#authorImage\",\"url\":\"https:\\\/\\\/secure.gravatar.com\\\/avatar\\\/496a8e03d0c493ede1718b7934145dbdf8d89be1036b0eec9544e1094c9de390?s=96&d=mm&r=g\",\"width\":96,\"height\":96,\"caption\":\"Cand\\u00e1s 365\"},\"sameAs\":[\"https:\\\/\\\/www.facebook.com\\\/carrenoactualidad\",\"https:\\\/\\\/twitter.com\\\/nbasturias\",\"https:\\\/\\\/www.instagram.com\\\/nachofdezber\\\/\",\"https:\\\/\\\/www.youtube.com\\\/channel\\\/UCZP-2wLEB9Rv6erhFmqVnvg\"]},{\"@type\":\"WebPage\",\"@id\":\"https:\\\/\\\/candas365.es\\\/noticias\\\/el-museo-bundeskunsthalle-de-bonn-proyecta-una-gran-muestra-sobre-goethe\\\/#webpage\",\"url\":\"https:\\\/\\\/candas365.es\\\/noticias\\\/el-museo-bundeskunsthalle-de-bonn-proyecta-una-gran-muestra-sobre-goethe\\\/\",\"name\":\"El Museo Bundeskunsthalle de Bonn proyecta una gran muestra sobre Goethe | Cand\\u00e1s 365\",\"description\":\"Bonn (Alemania), 8 ene (dpa) - El Museo Bundeskunsthalle de Bonn, en el oeste de Alemania, proyecta para el verano (boreal) \\\"la primera gran muestra sobre Goethe de los \\u00faltimos 25 a\\u00f1os\\\", que reunir\\u00e1 alrededor de 200 obras de colecciones p\\u00fablicas y privadas de todo el mundo en calidad de pr\\u00e9stamo, seg\\u00fan comunic\\u00f3 la sala\",\"inLanguage\":\"es-ES\",\"isPartOf\":{\"@id\":\"https:\\\/\\\/candas365.es\\\/noticias\\\/#website\"},\"breadcrumb\":{\"@id\":\"https:\\\/\\\/candas365.es\\\/noticias\\\/el-museo-bundeskunsthalle-de-bonn-proyecta-una-gran-muestra-sobre-goethe\\\/#breadcrumblist\"},\"author\":{\"@id\":\"https:\\\/\\\/candas365.es\\\/noticias\\\/author\\\/admin\\\/#author\"},\"creator\":{\"@id\":\"https:\\\/\\\/candas365.es\\\/noticias\\\/author\\\/admin\\\/#author\"},\"image\":{\"@type\":\"ImageObject\",\"url\":\"https:\\\/\\\/candas365.es\\\/noticias\\\/wp-content\\\/uploads\\\/2019\\\/01\\\/bonn-983313_960_720.jpg\",\"@id\":\"https:\\\/\\\/candas365.es\\\/noticias\\\/el-museo-bundeskunsthalle-de-bonn-proyecta-una-gran-muestra-sobre-goethe\\\/#mainImage\",\"width\":960,\"height\":639},\"primaryImageOfPage\":{\"@id\":\"https:\\\/\\\/candas365.es\\\/noticias\\\/el-museo-bundeskunsthalle-de-bonn-proyecta-una-gran-muestra-sobre-goethe\\\/#mainImage\"},\"datePublished\":\"2019-01-08T17:45:27+01:00\",\"dateModified\":\"2019-01-08T17:45:27+01:00\"},{\"@type\":\"WebSite\",\"@id\":\"https:\\\/\\\/candas365.es\\\/noticias\\\/#website\",\"url\":\"https:\\\/\\\/candas365.es\\\/noticias\\\/\",\"name\":\"Cand\\u00e1s 365\",\"alternateName\":\"Cand\\u00e1s 365 Noticias\",\"description\":\"Actualidad desde Carre\\u00f1o para el mundo\",\"inLanguage\":\"es-ES\",\"publisher\":{\"@id\":\"https:\\\/\\\/candas365.es\\\/noticias\\\/#organization\"}}]}\n\t\t<\/script>\n\t\t<!-- All in One SEO Pro -->\r\n\t\t<title>El Museo Bundeskunsthalle de Bonn proyecta una gran muestra sobre Goethe | Cand\u00e1s 365<\/title>\n\n","aioseo_head_json":{"title":"El Museo Bundeskunsthalle de Bonn proyecta una gran muestra sobre Goethe | Cand\u00e1s 365","description":"Bonn (Alemania), 8 ene (dpa) - El Museo Bundeskunsthalle de Bonn, en el oeste de Alemania, proyecta para el verano (boreal) \"la primera gran muestra sobre Goethe de los \u00faltimos 25 a\u00f1os\", que reunir\u00e1 alrededor de 200 obras de colecciones p\u00fablicas y privadas de todo el mundo en calidad de pr\u00e9stamo, seg\u00fan comunic\u00f3 la sala","canonical_url":"https:\/\/candas365.es\/noticias\/el-museo-bundeskunsthalle-de-bonn-proyecta-una-gran-muestra-sobre-goethe\/","robots":"max-image-preview:large","keywords":"agenda","webmasterTools":{"google-site-verification":"UA-32230408-1","msvalidate.01":"354F3CDFB2DA171B47FBE9ABF1F88D5","miscellaneous":""},"schema":{"@context":"https:\/\/schema.org","@graph":[{"@type":"BreadcrumbList","@id":"https:\/\/candas365.es\/noticias\/el-museo-bundeskunsthalle-de-bonn-proyecta-una-gran-muestra-sobre-goethe\/#breadcrumblist","itemListElement":[{"@type":"ListItem","@id":"https:\/\/candas365.es\/noticias#listItem","position":1,"name":"Home","item":"https:\/\/candas365.es\/noticias","nextItem":{"@type":"ListItem","@id":"https:\/\/candas365.es\/noticias\/category\/agenda\/#listItem","name":"Agenda"}},{"@type":"ListItem","@id":"https:\/\/candas365.es\/noticias\/category\/agenda\/#listItem","position":2,"name":"Agenda","item":"https:\/\/candas365.es\/noticias\/category\/agenda\/","nextItem":{"@type":"ListItem","@id":"https:\/\/candas365.es\/noticias\/el-museo-bundeskunsthalle-de-bonn-proyecta-una-gran-muestra-sobre-goethe\/#listItem","name":"El Museo Bundeskunsthalle de Bonn proyecta una gran muestra sobre Goethe"},"previousItem":{"@type":"ListItem","@id":"https:\/\/candas365.es\/noticias#listItem","name":"Home"}},{"@type":"ListItem","@id":"https:\/\/candas365.es\/noticias\/el-museo-bundeskunsthalle-de-bonn-proyecta-una-gran-muestra-sobre-goethe\/#listItem","position":3,"name":"El Museo Bundeskunsthalle de Bonn proyecta una gran muestra sobre Goethe","previousItem":{"@type":"ListItem","@id":"https:\/\/candas365.es\/noticias\/category\/agenda\/#listItem","name":"Agenda"}}]},{"@type":"NewsArticle","@id":"https:\/\/candas365.es\/noticias\/el-museo-bundeskunsthalle-de-bonn-proyecta-una-gran-muestra-sobre-goethe\/#newsarticle","name":"El Museo Bundeskunsthalle de Bonn proyecta una gran muestra sobre Goethe | Cand\u00e1s 365","headline":"El Museo Bundeskunsthalle de Bonn proyecta una gran muestra sobre Goethe","author":{"@id":"https:\/\/candas365.es\/noticias\/author\/admin\/#author"},"publisher":{"@id":"https:\/\/candas365.es\/noticias\/#organization"},"image":{"@type":"ImageObject","url":"https:\/\/candas365.es\/noticias\/wp-content\/uploads\/2019\/01\/bonn-983313_960_720.jpg","width":960,"height":639},"datePublished":"2019-01-08T17:45:27+01:00","dateModified":"2019-01-08T17:45:27+01:00","inLanguage":"es-ES","mainEntityOfPage":{"@id":"https:\/\/candas365.es\/noticias\/el-museo-bundeskunsthalle-de-bonn-proyecta-una-gran-muestra-sobre-goethe\/#webpage"},"isPartOf":{"@id":"https:\/\/candas365.es\/noticias\/el-museo-bundeskunsthalle-de-bonn-proyecta-una-gran-muestra-sobre-goethe\/#webpage"},"articleSection":"Agenda","dateline":"Publicado el enero 8, 2019."},{"@type":"Organization","@id":"https:\/\/candas365.es\/noticias\/#organization","name":"Cand\u00e1s 365","description":"Cand\u00e1s 365 es un diario digital independiente, fundado en 2012, con base en Asturias. Informamos con rigor sobre actualidad, sociedad, cultura y ocio, con una mirada local y global.","url":"https:\/\/candas365.es\/noticias\/","email":"info@candas365.es","telephone":"+34652131393","foundingDate":"2012-06-10","logo":{"@type":"ImageObject","url":"https:\/\/candas365.es\/noticias\/wp-content\/uploads\/2024\/09\/Candas-365-Redes.jpg","@id":"https:\/\/candas365.es\/noticias\/el-museo-bundeskunsthalle-de-bonn-proyecta-una-gran-muestra-sobre-goethe\/#organizationLogo","width":1152,"height":864,"caption":"Cand\u00e1s 365 Redes"},"image":{"@id":"https:\/\/candas365.es\/noticias\/el-museo-bundeskunsthalle-de-bonn-proyecta-una-gran-muestra-sobre-goethe\/#organizationLogo"},"sameAs":["https:\/\/www.facebook.com\/Nachofdezber","https:\/\/x.com\/NabercoDigital","https:\/\/www.instagram.com\/nachofdezber\/","https:\/\/www.youtube.com\/channel\/UCZP-2wLEB9Rv6erhFmqVnvg"],"address":{"@id":"https:\/\/candas365.es\/noticias\/#postaladdress","@type":"PostalAddress","streetAddress":"san antonio 4, san antonio 4","postalCode":"33430","addressLocality":"Cand\u00e1s","addressRegion":"Asturias","addressCountry":"ES"}},{"@type":"Person","@id":"https:\/\/candas365.es\/noticias\/author\/admin\/#author","url":"https:\/\/candas365.es\/noticias\/author\/admin\/","name":"Cand\u00e1s 365","image":{"@type":"ImageObject","@id":"https:\/\/candas365.es\/noticias\/el-museo-bundeskunsthalle-de-bonn-proyecta-una-gran-muestra-sobre-goethe\/#authorImage","url":"https:\/\/secure.gravatar.com\/avatar\/496a8e03d0c493ede1718b7934145dbdf8d89be1036b0eec9544e1094c9de390?s=96&d=mm&r=g","width":96,"height":96,"caption":"Cand\u00e1s 365"},"sameAs":["https:\/\/www.facebook.com\/carrenoactualidad","https:\/\/twitter.com\/nbasturias","https:\/\/www.instagram.com\/nachofdezber\/","https:\/\/www.youtube.com\/channel\/UCZP-2wLEB9Rv6erhFmqVnvg"]},{"@type":"WebPage","@id":"https:\/\/candas365.es\/noticias\/el-museo-bundeskunsthalle-de-bonn-proyecta-una-gran-muestra-sobre-goethe\/#webpage","url":"https:\/\/candas365.es\/noticias\/el-museo-bundeskunsthalle-de-bonn-proyecta-una-gran-muestra-sobre-goethe\/","name":"El Museo Bundeskunsthalle de Bonn proyecta una gran muestra sobre Goethe | Cand\u00e1s 365","description":"Bonn (Alemania), 8 ene (dpa) - El Museo Bundeskunsthalle de Bonn, en el oeste de Alemania, proyecta para el verano (boreal) \"la primera gran muestra sobre Goethe de los \u00faltimos 25 a\u00f1os\", que reunir\u00e1 alrededor de 200 obras de colecciones p\u00fablicas y privadas de todo el mundo en calidad de pr\u00e9stamo, seg\u00fan comunic\u00f3 la sala","inLanguage":"es-ES","isPartOf":{"@id":"https:\/\/candas365.es\/noticias\/#website"},"breadcrumb":{"@id":"https:\/\/candas365.es\/noticias\/el-museo-bundeskunsthalle-de-bonn-proyecta-una-gran-muestra-sobre-goethe\/#breadcrumblist"},"author":{"@id":"https:\/\/candas365.es\/noticias\/author\/admin\/#author"},"creator":{"@id":"https:\/\/candas365.es\/noticias\/author\/admin\/#author"},"image":{"@type":"ImageObject","url":"https:\/\/candas365.es\/noticias\/wp-content\/uploads\/2019\/01\/bonn-983313_960_720.jpg","@id":"https:\/\/candas365.es\/noticias\/el-museo-bundeskunsthalle-de-bonn-proyecta-una-gran-muestra-sobre-goethe\/#mainImage","width":960,"height":639},"primaryImageOfPage":{"@id":"https:\/\/candas365.es\/noticias\/el-museo-bundeskunsthalle-de-bonn-proyecta-una-gran-muestra-sobre-goethe\/#mainImage"},"datePublished":"2019-01-08T17:45:27+01:00","dateModified":"2019-01-08T17:45:27+01:00"},{"@type":"WebSite","@id":"https:\/\/candas365.es\/noticias\/#website","url":"https:\/\/candas365.es\/noticias\/","name":"Cand\u00e1s 365","alternateName":"Cand\u00e1s 365 Noticias","description":"Actualidad desde Carre\u00f1o para el mundo","inLanguage":"es-ES","publisher":{"@id":"https:\/\/candas365.es\/noticias\/#organization"}}]},"og:locale":"es_ES","og:site_name":"Cand\u00e1s 365","og:type":"article","og:title":"El Museo Bundeskunsthalle de Bonn proyecta una gran muestra sobre Goethe | Cand\u00e1s 365","og:description":"Bonn (Alemania), 8 ene (dpa) - El Museo Bundeskunsthalle de Bonn, en el oeste de Alemania, proyecta para el verano (boreal) &quot;la primera gran muestra sobre Goethe de los \u00faltimos 25 a\u00f1os&quot;, que reunir\u00e1 alrededor de 200 obras de colecciones p\u00fablicas y privadas de todo el mundo en calidad de pr\u00e9stamo, seg\u00fan comunic\u00f3 la sala","og:url":"https:\/\/candas365.es\/noticias\/el-museo-bundeskunsthalle-de-bonn-proyecta-una-gran-muestra-sobre-goethe\/","og:image":"https:\/\/candas365.es\/noticias\/wp-content\/uploads\/2019\/01\/bonn-983313_960_720.jpg","og:image:secure_url":"https:\/\/candas365.es\/noticias\/wp-content\/uploads\/2019\/01\/bonn-983313_960_720.jpg","og:image:width":960,"og:image:height":639,"article:published_time":"2019-01-08T17:45:27+00:00","article:modified_time":"2019-01-08T17:45:27+00:00","article:publisher":"https:\/\/www.facebook.com\/Nachofdezber","article:author":"https:\/\/www.facebook.com\/carrenoactualidad","twitter:card":"summary_large_image","twitter:site":"@NabercoDigital","twitter:title":"El Museo Bundeskunsthalle de Bonn proyecta una gran muestra sobre Goethe | Cand\u00e1s 365","twitter:description":"Bonn (Alemania), 8 ene (dpa) - El Museo Bundeskunsthalle de Bonn, en el oeste de Alemania, proyecta para el verano (boreal) &quot;la primera gran muestra sobre Goethe de los \u00faltimos 25 a\u00f1os&quot;, que reunir\u00e1 alrededor de 200 obras de colecciones p\u00fablicas y privadas de todo el mundo en calidad de pr\u00e9stamo, seg\u00fan comunic\u00f3 la sala","twitter:creator":"@nbasturias","twitter:image":"https:\/\/candas365.es\/noticias\/wp-content\/uploads\/2019\/01\/bonn-983313_960_720.jpg","twitter:label1":"Escrito por","twitter:data1":"Cand\u00e1s 365","twitter:label2":"Tiempo de lectura estimado","twitter:data2":"1 minuto"},"aioseo_meta_data":{"post_id":"113769","title":null,"description":null,"keywords":null,"keyphrases":null,"primary_term":null,"canonical_url":null,"og_title":null,"og_description":null,"og_object_type":"default","og_image_type":"default","og_image_url":null,"og_image_width":null,"og_image_height":null,"og_image_custom_url":null,"og_image_custom_fields":null,"og_video":null,"og_custom_url":null,"og_article_section":null,"og_article_tags":null,"twitter_use_og":false,"twitter_card":"default","twitter_image_type":"default","twitter_image_url":null,"twitter_image_custom_url":null,"twitter_image_custom_fields":null,"twitter_title":null,"twitter_description":null,"schema":{"blockGraphs":[],"customGraphs":[],"default":{"data":{"Article":[],"Course":[],"Dataset":[],"FAQPage":[],"Movie":[],"Person":[],"Product":[],"ProductReview":[],"Car":[],"Recipe":[],"Service":[],"SoftwareApplication":[],"WebPage":[]},"graphName":"","isEnabled":true},"graphs":[],"defaultGraph":"","defaultPostTypeGraph":""},"schema_type":null,"schema_type_options":null,"pillar_content":false,"robots_default":true,"robots_noindex":false,"robots_noarchive":false,"robots_nosnippet":false,"robots_nofollow":false,"robots_noimageindex":false,"robots_noodp":false,"robots_notranslate":false,"robots_max_snippet":null,"robots_max_videopreview":null,"robots_max_imagepreview":"large","priority":null,"frequency":null,"location":null,"local_seo":null,"seo_analyzer_scan_date":"2025-08-28 23:38:25","breadcrumb_settings":null,"limit_modified_date":false,"reviewed_by":null,"open_ai":null,"ai":null,"created":"2020-12-21 11:26:55","updated":"2025-08-28 23:38:25"},"aioseo_breadcrumb":"<div class=\"aioseo-breadcrumbs\"><span class=\"aioseo-breadcrumb\">\n\t<a href=\"https:\/\/candas365.es\/noticias\" title=\"Home\">Home<\/a>\n<\/span><span class=\"aioseo-breadcrumb-separator\">&ndash;<\/span><span class=\"aioseo-breadcrumb\">\n\t<a href=\"https:\/\/candas365.es\/noticias\/category\/agenda\/\" title=\"Agenda\">Agenda<\/a>\n<\/span><span class=\"aioseo-breadcrumb-separator\">&ndash;<\/span><span class=\"aioseo-breadcrumb\">\n\tEl Museo Bundeskunsthalle de Bonn proyecta una gran muestra sobre Goethe\n<\/span><\/div>","aioseo_breadcrumb_json":[{"label":"Home","link":"https:\/\/candas365.es\/noticias"},{"label":"Agenda","link":"https:\/\/candas365.es\/noticias\/category\/agenda\/"},{"label":"El Museo Bundeskunsthalle de Bonn proyecta una gran muestra sobre Goethe","link":"https:\/\/candas365.es\/noticias\/el-museo-bundeskunsthalle-de-bonn-proyecta-una-gran-muestra-sobre-goethe\/"}],"_links":{"self":[{"href":"https:\/\/candas365.es\/noticias\/wp-json\/wp\/v2\/posts\/113769","targetHints":{"allow":["GET"]}}],"collection":[{"href":"https:\/\/candas365.es\/noticias\/wp-json\/wp\/v2\/posts"}],"about":[{"href":"https:\/\/candas365.es\/noticias\/wp-json\/wp\/v2\/types\/post"}],"author":[{"embeddable":true,"href":"https:\/\/candas365.es\/noticias\/wp-json\/wp\/v2\/users\/1"}],"replies":[{"embeddable":true,"href":"https:\/\/candas365.es\/noticias\/wp-json\/wp\/v2\/comments?post=113769"}],"version-history":[{"count":0,"href":"https:\/\/candas365.es\/noticias\/wp-json\/wp\/v2\/posts\/113769\/revisions"}],"wp:featuredmedia":[{"embeddable":true,"href":"https:\/\/candas365.es\/noticias\/wp-json\/wp\/v2\/media\/113770"}],"wp:attachment":[{"href":"https:\/\/candas365.es\/noticias\/wp-json\/wp\/v2\/media?parent=113769"}],"wp:term":[{"taxonomy":"category","embeddable":true,"href":"https:\/\/candas365.es\/noticias\/wp-json\/wp\/v2\/categories?post=113769"},{"taxonomy":"post_tag","embeddable":true,"href":"https:\/\/candas365.es\/noticias\/wp-json\/wp\/v2\/tags?post=113769"}],"curies":[{"name":"wp","href":"https:\/\/api.w.org\/{rel}","templated":true}]}}