{"id":113766,"date":"2019-01-08T17:40:46","date_gmt":"2019-01-08T17:40:46","guid":{"rendered":"http:\/\/candas365.es\/noticias\/?p=113766"},"modified":"2019-01-08T17:40:46","modified_gmt":"2019-01-08T17:40:46","slug":"llega-a-kabul-el-vuelo-con-36-refugiados-expulsados-por-alemania","status":"publish","type":"post","link":"https:\/\/candas365.es\/noticias\/llega-a-kabul-el-vuelo-con-36-refugiados-expulsados-por-alemania\/","title":{"rendered":"Llega a Kabul el vuelo con 36 refugiados expulsados por Alemania"},"content":{"rendered":"<p><img fetchpriority=\"high\" decoding=\"async\" class=\"alignleft size-medium wp-image-113767\" src=\"https:\/\/candas365.es\/noticias\/wp-content\/uploads\/2019\/01\/afghanistan-79493_960_720-360x240.jpg\" alt=\"\" width=\"360\" height=\"240\" srcset=\"https:\/\/candas365.es\/noticias\/wp-content\/uploads\/2019\/01\/afghanistan-79493_960_720-360x240.jpg 360w, https:\/\/candas365.es\/noticias\/wp-content\/uploads\/2019\/01\/afghanistan-79493_960_720-768x512.jpg 768w, https:\/\/candas365.es\/noticias\/wp-content\/uploads\/2019\/01\/afghanistan-79493_960_720-655x437.jpg 655w, https:\/\/candas365.es\/noticias\/wp-content\/uploads\/2019\/01\/afghanistan-79493_960_720-696x464.jpg 696w, https:\/\/candas365.es\/noticias\/wp-content\/uploads\/2019\/01\/afghanistan-79493_960_720-630x420.jpg 630w, https:\/\/candas365.es\/noticias\/wp-content\/uploads\/2019\/01\/afghanistan-79493_960_720.jpg 960w\" sizes=\"(max-width: 360px) 100vw, 360px\" \/>Kabul (Afganist\u00e1n), 8 ene (dpa) \u2013 Un vuelo con 36 solicitantes de asilo afganos, cuya solicitud fue rechazada por Alemania, lleg\u00f3 hoy a la capital de Afganist\u00e1n procedente del pa\u00eds europeo, seg\u00fan informaron funcionarios en el aeropuerto afgano.<\/p>\n<p>El vuelo arrib\u00f3 poco antes de las 7:00 (hora local). La de hoy fue la vig\u00e9sima deportaci\u00f3n colectiva desde el primer vuelo en diciembre de 2016.<\/p>\n<p>En las 19 expulsiones anteriores, el Gobierno alem\u00e1n y los de los estados federados devolvieron a 439 hombres a Afganist\u00e1n. Tras una deportaci\u00f3n efectuada a principios de julio del a\u00f1o pasado, uno de los 69 hombres que fueron llevados a su pa\u00eds de origen se suicid\u00f3 poco despu\u00e9s de su llegada a Kabul.<\/p>\n<p>Las deportaciones desde Alemania han sido criticadas por los opositores que alegan que Afganist\u00e1n sigue siendo un pa\u00eds demasiado peligroso en el que son frecuentes los ataques mortales por parte de los talibanes y los milicianos del Estado Isl\u00e1mico (EI).<\/p>\n","protected":false},"excerpt":{"rendered":"<p>Kabul (Afganist\u00e1n), 8 ene (dpa) \u2013 Un vuelo con 36 solicitantes de asilo afganos, cuya solicitud fue rechazada por Alemania, lleg\u00f3 hoy a la capital de Afganist\u00e1n procedente del pa\u00eds europeo, seg\u00fan informaron funcionarios en el aeropuerto afgano. El vuelo arrib\u00f3 poco antes de las 7:00 (hora local). La de hoy fue la vig\u00e9sima deportaci\u00f3n<\/p>\n","protected":false},"author":1,"featured_media":113767,"comment_status":"closed","ping_status":"closed","sticky":false,"template":"","format":"standard","meta":{"footnotes":""},"categories":[343],"tags":[],"class_list":{"0":"post-113766","1":"post","2":"type-post","3":"status-publish","4":"format-standard","5":"has-post-thumbnail","7":"category-actualidad"},"aioseo_notices":[],"aioseo_head":"\n\t\t<!-- All in One SEO Pro 4.9.6.2 - aioseo.com -->\n\t<meta name=\"description\" content=\"Kabul (Afganist\u00e1n), 8 ene (dpa) \u2013 Un vuelo con 36 solicitantes de asilo afganos, cuya solicitud fue rechazada por Alemania, lleg\u00f3 hoy a la capital de Afganist\u00e1n procedente del pa\u00eds europeo, seg\u00fan informaron funcionarios en el aeropuerto afgano. El vuelo arrib\u00f3 poco antes de las 7:00 (hora local). La de hoy fue la vig\u00e9sima deportaci\u00f3n\" \/>\n\t<meta name=\"robots\" content=\"max-image-preview:large\" \/>\n\t<meta name=\"author\" content=\"Cand\u00e1s 365\"\/>\n\t<meta name=\"google-site-verification\" content=\"UA-32230408-1\" \/>\n\t<meta name=\"msvalidate.01\" content=\"354F3CDFB2DA171B47FBE9ABF1F88D5\" \/>\n\t<meta name=\"keywords\" content=\"actualidad\" \/>\n\t<link rel=\"canonical\" href=\"https:\/\/candas365.es\/noticias\/llega-a-kabul-el-vuelo-con-36-refugiados-expulsados-por-alemania\/\" \/>\n\t<meta name=\"generator\" content=\"All in One SEO Pro (AIOSEO) 4.9.6.2\" \/>\n\t\t<meta property=\"og:locale\" content=\"es_ES\" \/>\n\t\t<meta property=\"og:site_name\" content=\"Cand\u00e1s 365\" \/>\n\t\t<meta property=\"og:type\" content=\"article\" \/>\n\t\t<meta property=\"og:title\" content=\"Llega a Kabul el vuelo con 36 refugiados expulsados por Alemania | Cand\u00e1s 365\" \/>\n\t\t<meta property=\"og:description\" content=\"Kabul (Afganist\u00e1n), 8 ene (dpa) \u2013 Un vuelo con 36 solicitantes de asilo afganos, cuya solicitud fue rechazada por Alemania, lleg\u00f3 hoy a la capital de Afganist\u00e1n procedente del pa\u00eds europeo, seg\u00fan informaron funcionarios en el aeropuerto afgano. El vuelo arrib\u00f3 poco antes de las 7:00 (hora local). La de hoy fue la vig\u00e9sima deportaci\u00f3n\" \/>\n\t\t<meta property=\"og:url\" content=\"https:\/\/candas365.es\/noticias\/llega-a-kabul-el-vuelo-con-36-refugiados-expulsados-por-alemania\/\" \/>\n\t\t<meta property=\"og:image\" content=\"https:\/\/candas365.es\/noticias\/wp-content\/uploads\/2019\/01\/afghanistan-79493_960_720.jpg\" \/>\n\t\t<meta property=\"og:image:secure_url\" content=\"https:\/\/candas365.es\/noticias\/wp-content\/uploads\/2019\/01\/afghanistan-79493_960_720.jpg\" \/>\n\t\t<meta property=\"og:image:width\" content=\"960\" \/>\n\t\t<meta property=\"og:image:height\" content=\"640\" \/>\n\t\t<meta property=\"article:published_time\" content=\"2019-01-08T17:40:46+00:00\" \/>\n\t\t<meta property=\"article:modified_time\" content=\"2019-01-08T17:40:46+00:00\" \/>\n\t\t<meta property=\"article:publisher\" content=\"https:\/\/www.facebook.com\/Nachofdezber\" \/>\n\t\t<meta property=\"article:author\" content=\"https:\/\/www.facebook.com\/carrenoactualidad\" \/>\n\t\t<meta name=\"twitter:card\" content=\"summary_large_image\" \/>\n\t\t<meta name=\"twitter:site\" content=\"@NabercoDigital\" \/>\n\t\t<meta name=\"twitter:title\" content=\"Llega a Kabul el vuelo con 36 refugiados expulsados por Alemania | Cand\u00e1s 365\" \/>\n\t\t<meta name=\"twitter:description\" content=\"Kabul (Afganist\u00e1n), 8 ene (dpa) \u2013 Un vuelo con 36 solicitantes de asilo afganos, cuya solicitud fue rechazada por Alemania, lleg\u00f3 hoy a la capital de Afganist\u00e1n procedente del pa\u00eds europeo, seg\u00fan informaron funcionarios en el aeropuerto afgano. El vuelo arrib\u00f3 poco antes de las 7:00 (hora local). La de hoy fue la vig\u00e9sima deportaci\u00f3n\" \/>\n\t\t<meta name=\"twitter:creator\" content=\"@nbasturias\" \/>\n\t\t<meta name=\"twitter:image\" content=\"https:\/\/candas365.es\/noticias\/wp-content\/uploads\/2019\/01\/afghanistan-79493_960_720.jpg\" \/>\n\t\t<meta name=\"twitter:label1\" content=\"Escrito por\" \/>\n\t\t<meta name=\"twitter:data1\" content=\"Cand\u00e1s 365\" \/>\n\t\t<meta name=\"twitter:label2\" content=\"Tiempo de lectura estimado\" \/>\n\t\t<meta name=\"twitter:data2\" content=\"1 minuto\" \/>\n\t\t<script type=\"application\/ld+json\" class=\"aioseo-schema\">\n\t\t\t{\"@context\":\"https:\\\/\\\/schema.org\",\"@graph\":[{\"@type\":\"BreadcrumbList\",\"@id\":\"https:\\\/\\\/candas365.es\\\/noticias\\\/llega-a-kabul-el-vuelo-con-36-refugiados-expulsados-por-alemania\\\/#breadcrumblist\",\"itemListElement\":[{\"@type\":\"ListItem\",\"@id\":\"https:\\\/\\\/candas365.es\\\/noticias#listItem\",\"position\":1,\"name\":\"Home\",\"item\":\"https:\\\/\\\/candas365.es\\\/noticias\",\"nextItem\":{\"@type\":\"ListItem\",\"@id\":\"https:\\\/\\\/candas365.es\\\/noticias\\\/category\\\/actualidad\\\/#listItem\",\"name\":\"Actualidad\"}},{\"@type\":\"ListItem\",\"@id\":\"https:\\\/\\\/candas365.es\\\/noticias\\\/category\\\/actualidad\\\/#listItem\",\"position\":2,\"name\":\"Actualidad\",\"item\":\"https:\\\/\\\/candas365.es\\\/noticias\\\/category\\\/actualidad\\\/\",\"nextItem\":{\"@type\":\"ListItem\",\"@id\":\"https:\\\/\\\/candas365.es\\\/noticias\\\/llega-a-kabul-el-vuelo-con-36-refugiados-expulsados-por-alemania\\\/#listItem\",\"name\":\"Llega a Kabul el vuelo con 36 refugiados expulsados por Alemania\"},\"previousItem\":{\"@type\":\"ListItem\",\"@id\":\"https:\\\/\\\/candas365.es\\\/noticias#listItem\",\"name\":\"Home\"}},{\"@type\":\"ListItem\",\"@id\":\"https:\\\/\\\/candas365.es\\\/noticias\\\/llega-a-kabul-el-vuelo-con-36-refugiados-expulsados-por-alemania\\\/#listItem\",\"position\":3,\"name\":\"Llega a Kabul el vuelo con 36 refugiados expulsados por Alemania\",\"previousItem\":{\"@type\":\"ListItem\",\"@id\":\"https:\\\/\\\/candas365.es\\\/noticias\\\/category\\\/actualidad\\\/#listItem\",\"name\":\"Actualidad\"}}]},{\"@type\":\"NewsArticle\",\"@id\":\"https:\\\/\\\/candas365.es\\\/noticias\\\/llega-a-kabul-el-vuelo-con-36-refugiados-expulsados-por-alemania\\\/#newsarticle\",\"name\":\"Llega a Kabul el vuelo con 36 refugiados expulsados por Alemania | Cand\\u00e1s 365\",\"headline\":\"Llega a Kabul el vuelo con 36 refugiados expulsados por Alemania\",\"author\":{\"@id\":\"https:\\\/\\\/candas365.es\\\/noticias\\\/author\\\/admin\\\/#author\"},\"publisher\":{\"@id\":\"https:\\\/\\\/candas365.es\\\/noticias\\\/#organization\"},\"image\":{\"@type\":\"ImageObject\",\"url\":\"https:\\\/\\\/candas365.es\\\/noticias\\\/wp-content\\\/uploads\\\/2019\\\/01\\\/afghanistan-79493_960_720.jpg\",\"width\":960,\"height\":640},\"datePublished\":\"2019-01-08T17:40:46+01:00\",\"dateModified\":\"2019-01-08T17:40:46+01:00\",\"inLanguage\":\"es-ES\",\"mainEntityOfPage\":{\"@id\":\"https:\\\/\\\/candas365.es\\\/noticias\\\/llega-a-kabul-el-vuelo-con-36-refugiados-expulsados-por-alemania\\\/#webpage\"},\"isPartOf\":{\"@id\":\"https:\\\/\\\/candas365.es\\\/noticias\\\/llega-a-kabul-el-vuelo-con-36-refugiados-expulsados-por-alemania\\\/#webpage\"},\"articleSection\":\"Actualidad\",\"dateline\":\"Publicado el enero 8, 2019.\"},{\"@type\":\"Organization\",\"@id\":\"https:\\\/\\\/candas365.es\\\/noticias\\\/#organization\",\"name\":\"Cand\\u00e1s 365\",\"description\":\"Cand\\u00e1s 365 es un diario digital independiente, fundado en 2012, con base en Asturias. Informamos con rigor sobre actualidad, sociedad, cultura y ocio, con una mirada local y global.\",\"url\":\"https:\\\/\\\/candas365.es\\\/noticias\\\/\",\"email\":\"info@candas365.es\",\"telephone\":\"+34652131393\",\"foundingDate\":\"2012-06-10\",\"logo\":{\"@type\":\"ImageObject\",\"url\":\"https:\\\/\\\/candas365.es\\\/noticias\\\/wp-content\\\/uploads\\\/2024\\\/09\\\/Candas-365-Redes.jpg\",\"@id\":\"https:\\\/\\\/candas365.es\\\/noticias\\\/llega-a-kabul-el-vuelo-con-36-refugiados-expulsados-por-alemania\\\/#organizationLogo\",\"width\":1152,\"height\":864,\"caption\":\"Cand\\u00e1s 365 Redes\"},\"image\":{\"@id\":\"https:\\\/\\\/candas365.es\\\/noticias\\\/llega-a-kabul-el-vuelo-con-36-refugiados-expulsados-por-alemania\\\/#organizationLogo\"},\"sameAs\":[\"https:\\\/\\\/www.facebook.com\\\/Nachofdezber\",\"https:\\\/\\\/x.com\\\/NabercoDigital\",\"https:\\\/\\\/www.instagram.com\\\/nachofdezber\\\/\",\"https:\\\/\\\/www.youtube.com\\\/channel\\\/UCZP-2wLEB9Rv6erhFmqVnvg\"],\"address\":{\"@id\":\"https:\\\/\\\/candas365.es\\\/noticias\\\/#postaladdress\",\"@type\":\"PostalAddress\",\"streetAddress\":\"san antonio 4, san antonio 4\",\"postalCode\":\"33430\",\"addressLocality\":\"Cand\\u00e1s\",\"addressRegion\":\"Asturias\",\"addressCountry\":\"ES\"}},{\"@type\":\"Person\",\"@id\":\"https:\\\/\\\/candas365.es\\\/noticias\\\/author\\\/admin\\\/#author\",\"url\":\"https:\\\/\\\/candas365.es\\\/noticias\\\/author\\\/admin\\\/\",\"name\":\"Cand\\u00e1s 365\",\"image\":{\"@type\":\"ImageObject\",\"@id\":\"https:\\\/\\\/candas365.es\\\/noticias\\\/llega-a-kabul-el-vuelo-con-36-refugiados-expulsados-por-alemania\\\/#authorImage\",\"url\":\"https:\\\/\\\/secure.gravatar.com\\\/avatar\\\/496a8e03d0c493ede1718b7934145dbdf8d89be1036b0eec9544e1094c9de390?s=96&d=mm&r=g\",\"width\":96,\"height\":96,\"caption\":\"Cand\\u00e1s 365\"},\"sameAs\":[\"https:\\\/\\\/www.facebook.com\\\/carrenoactualidad\",\"https:\\\/\\\/twitter.com\\\/nbasturias\",\"https:\\\/\\\/www.instagram.com\\\/nachofdezber\\\/\",\"https:\\\/\\\/www.youtube.com\\\/channel\\\/UCZP-2wLEB9Rv6erhFmqVnvg\"]},{\"@type\":\"WebPage\",\"@id\":\"https:\\\/\\\/candas365.es\\\/noticias\\\/llega-a-kabul-el-vuelo-con-36-refugiados-expulsados-por-alemania\\\/#webpage\",\"url\":\"https:\\\/\\\/candas365.es\\\/noticias\\\/llega-a-kabul-el-vuelo-con-36-refugiados-expulsados-por-alemania\\\/\",\"name\":\"Llega a Kabul el vuelo con 36 refugiados expulsados por Alemania | Cand\\u00e1s 365\",\"description\":\"Kabul (Afganist\\u00e1n), 8 ene (dpa) \\u2013 Un vuelo con 36 solicitantes de asilo afganos, cuya solicitud fue rechazada por Alemania, lleg\\u00f3 hoy a la capital de Afganist\\u00e1n procedente del pa\\u00eds europeo, seg\\u00fan informaron funcionarios en el aeropuerto afgano. El vuelo arrib\\u00f3 poco antes de las 7:00 (hora local). La de hoy fue la vig\\u00e9sima deportaci\\u00f3n\",\"inLanguage\":\"es-ES\",\"isPartOf\":{\"@id\":\"https:\\\/\\\/candas365.es\\\/noticias\\\/#website\"},\"breadcrumb\":{\"@id\":\"https:\\\/\\\/candas365.es\\\/noticias\\\/llega-a-kabul-el-vuelo-con-36-refugiados-expulsados-por-alemania\\\/#breadcrumblist\"},\"author\":{\"@id\":\"https:\\\/\\\/candas365.es\\\/noticias\\\/author\\\/admin\\\/#author\"},\"creator\":{\"@id\":\"https:\\\/\\\/candas365.es\\\/noticias\\\/author\\\/admin\\\/#author\"},\"image\":{\"@type\":\"ImageObject\",\"url\":\"https:\\\/\\\/candas365.es\\\/noticias\\\/wp-content\\\/uploads\\\/2019\\\/01\\\/afghanistan-79493_960_720.jpg\",\"@id\":\"https:\\\/\\\/candas365.es\\\/noticias\\\/llega-a-kabul-el-vuelo-con-36-refugiados-expulsados-por-alemania\\\/#mainImage\",\"width\":960,\"height\":640},\"primaryImageOfPage\":{\"@id\":\"https:\\\/\\\/candas365.es\\\/noticias\\\/llega-a-kabul-el-vuelo-con-36-refugiados-expulsados-por-alemania\\\/#mainImage\"},\"datePublished\":\"2019-01-08T17:40:46+01:00\",\"dateModified\":\"2019-01-08T17:40:46+01:00\"},{\"@type\":\"WebSite\",\"@id\":\"https:\\\/\\\/candas365.es\\\/noticias\\\/#website\",\"url\":\"https:\\\/\\\/candas365.es\\\/noticias\\\/\",\"name\":\"Cand\\u00e1s 365\",\"alternateName\":\"Cand\\u00e1s 365 Noticias\",\"description\":\"Actualidad desde Carre\\u00f1o para el mundo\",\"inLanguage\":\"es-ES\",\"publisher\":{\"@id\":\"https:\\\/\\\/candas365.es\\\/noticias\\\/#organization\"}}]}\n\t\t<\/script>\n\t\t<!-- All in One SEO Pro -->\r\n\t\t<title>Llega a Kabul el vuelo con 36 refugiados expulsados por Alemania | Cand\u00e1s 365<\/title>\n\n","aioseo_head_json":{"title":"Llega a Kabul el vuelo con 36 refugiados expulsados por Alemania | Cand\u00e1s 365","description":"Kabul (Afganist\u00e1n), 8 ene (dpa) \u2013 Un vuelo con 36 solicitantes de asilo afganos, cuya solicitud fue rechazada por Alemania, lleg\u00f3 hoy a la capital de Afganist\u00e1n procedente del pa\u00eds europeo, seg\u00fan informaron funcionarios en el aeropuerto afgano. El vuelo arrib\u00f3 poco antes de las 7:00 (hora local). La de hoy fue la vig\u00e9sima deportaci\u00f3n","canonical_url":"https:\/\/candas365.es\/noticias\/llega-a-kabul-el-vuelo-con-36-refugiados-expulsados-por-alemania\/","robots":"max-image-preview:large","keywords":"actualidad","webmasterTools":{"google-site-verification":"UA-32230408-1","msvalidate.01":"354F3CDFB2DA171B47FBE9ABF1F88D5","miscellaneous":""},"schema":{"@context":"https:\/\/schema.org","@graph":[{"@type":"BreadcrumbList","@id":"https:\/\/candas365.es\/noticias\/llega-a-kabul-el-vuelo-con-36-refugiados-expulsados-por-alemania\/#breadcrumblist","itemListElement":[{"@type":"ListItem","@id":"https:\/\/candas365.es\/noticias#listItem","position":1,"name":"Home","item":"https:\/\/candas365.es\/noticias","nextItem":{"@type":"ListItem","@id":"https:\/\/candas365.es\/noticias\/category\/actualidad\/#listItem","name":"Actualidad"}},{"@type":"ListItem","@id":"https:\/\/candas365.es\/noticias\/category\/actualidad\/#listItem","position":2,"name":"Actualidad","item":"https:\/\/candas365.es\/noticias\/category\/actualidad\/","nextItem":{"@type":"ListItem","@id":"https:\/\/candas365.es\/noticias\/llega-a-kabul-el-vuelo-con-36-refugiados-expulsados-por-alemania\/#listItem","name":"Llega a Kabul el vuelo con 36 refugiados expulsados por Alemania"},"previousItem":{"@type":"ListItem","@id":"https:\/\/candas365.es\/noticias#listItem","name":"Home"}},{"@type":"ListItem","@id":"https:\/\/candas365.es\/noticias\/llega-a-kabul-el-vuelo-con-36-refugiados-expulsados-por-alemania\/#listItem","position":3,"name":"Llega a Kabul el vuelo con 36 refugiados expulsados por Alemania","previousItem":{"@type":"ListItem","@id":"https:\/\/candas365.es\/noticias\/category\/actualidad\/#listItem","name":"Actualidad"}}]},{"@type":"NewsArticle","@id":"https:\/\/candas365.es\/noticias\/llega-a-kabul-el-vuelo-con-36-refugiados-expulsados-por-alemania\/#newsarticle","name":"Llega a Kabul el vuelo con 36 refugiados expulsados por Alemania | Cand\u00e1s 365","headline":"Llega a Kabul el vuelo con 36 refugiados expulsados por Alemania","author":{"@id":"https:\/\/candas365.es\/noticias\/author\/admin\/#author"},"publisher":{"@id":"https:\/\/candas365.es\/noticias\/#organization"},"image":{"@type":"ImageObject","url":"https:\/\/candas365.es\/noticias\/wp-content\/uploads\/2019\/01\/afghanistan-79493_960_720.jpg","width":960,"height":640},"datePublished":"2019-01-08T17:40:46+01:00","dateModified":"2019-01-08T17:40:46+01:00","inLanguage":"es-ES","mainEntityOfPage":{"@id":"https:\/\/candas365.es\/noticias\/llega-a-kabul-el-vuelo-con-36-refugiados-expulsados-por-alemania\/#webpage"},"isPartOf":{"@id":"https:\/\/candas365.es\/noticias\/llega-a-kabul-el-vuelo-con-36-refugiados-expulsados-por-alemania\/#webpage"},"articleSection":"Actualidad","dateline":"Publicado el enero 8, 2019."},{"@type":"Organization","@id":"https:\/\/candas365.es\/noticias\/#organization","name":"Cand\u00e1s 365","description":"Cand\u00e1s 365 es un diario digital independiente, fundado en 2012, con base en Asturias. Informamos con rigor sobre actualidad, sociedad, cultura y ocio, con una mirada local y global.","url":"https:\/\/candas365.es\/noticias\/","email":"info@candas365.es","telephone":"+34652131393","foundingDate":"2012-06-10","logo":{"@type":"ImageObject","url":"https:\/\/candas365.es\/noticias\/wp-content\/uploads\/2024\/09\/Candas-365-Redes.jpg","@id":"https:\/\/candas365.es\/noticias\/llega-a-kabul-el-vuelo-con-36-refugiados-expulsados-por-alemania\/#organizationLogo","width":1152,"height":864,"caption":"Cand\u00e1s 365 Redes"},"image":{"@id":"https:\/\/candas365.es\/noticias\/llega-a-kabul-el-vuelo-con-36-refugiados-expulsados-por-alemania\/#organizationLogo"},"sameAs":["https:\/\/www.facebook.com\/Nachofdezber","https:\/\/x.com\/NabercoDigital","https:\/\/www.instagram.com\/nachofdezber\/","https:\/\/www.youtube.com\/channel\/UCZP-2wLEB9Rv6erhFmqVnvg"],"address":{"@id":"https:\/\/candas365.es\/noticias\/#postaladdress","@type":"PostalAddress","streetAddress":"san antonio 4, san antonio 4","postalCode":"33430","addressLocality":"Cand\u00e1s","addressRegion":"Asturias","addressCountry":"ES"}},{"@type":"Person","@id":"https:\/\/candas365.es\/noticias\/author\/admin\/#author","url":"https:\/\/candas365.es\/noticias\/author\/admin\/","name":"Cand\u00e1s 365","image":{"@type":"ImageObject","@id":"https:\/\/candas365.es\/noticias\/llega-a-kabul-el-vuelo-con-36-refugiados-expulsados-por-alemania\/#authorImage","url":"https:\/\/secure.gravatar.com\/avatar\/496a8e03d0c493ede1718b7934145dbdf8d89be1036b0eec9544e1094c9de390?s=96&d=mm&r=g","width":96,"height":96,"caption":"Cand\u00e1s 365"},"sameAs":["https:\/\/www.facebook.com\/carrenoactualidad","https:\/\/twitter.com\/nbasturias","https:\/\/www.instagram.com\/nachofdezber\/","https:\/\/www.youtube.com\/channel\/UCZP-2wLEB9Rv6erhFmqVnvg"]},{"@type":"WebPage","@id":"https:\/\/candas365.es\/noticias\/llega-a-kabul-el-vuelo-con-36-refugiados-expulsados-por-alemania\/#webpage","url":"https:\/\/candas365.es\/noticias\/llega-a-kabul-el-vuelo-con-36-refugiados-expulsados-por-alemania\/","name":"Llega a Kabul el vuelo con 36 refugiados expulsados por Alemania | Cand\u00e1s 365","description":"Kabul (Afganist\u00e1n), 8 ene (dpa) \u2013 Un vuelo con 36 solicitantes de asilo afganos, cuya solicitud fue rechazada por Alemania, lleg\u00f3 hoy a la capital de Afganist\u00e1n procedente del pa\u00eds europeo, seg\u00fan informaron funcionarios en el aeropuerto afgano. El vuelo arrib\u00f3 poco antes de las 7:00 (hora local). La de hoy fue la vig\u00e9sima deportaci\u00f3n","inLanguage":"es-ES","isPartOf":{"@id":"https:\/\/candas365.es\/noticias\/#website"},"breadcrumb":{"@id":"https:\/\/candas365.es\/noticias\/llega-a-kabul-el-vuelo-con-36-refugiados-expulsados-por-alemania\/#breadcrumblist"},"author":{"@id":"https:\/\/candas365.es\/noticias\/author\/admin\/#author"},"creator":{"@id":"https:\/\/candas365.es\/noticias\/author\/admin\/#author"},"image":{"@type":"ImageObject","url":"https:\/\/candas365.es\/noticias\/wp-content\/uploads\/2019\/01\/afghanistan-79493_960_720.jpg","@id":"https:\/\/candas365.es\/noticias\/llega-a-kabul-el-vuelo-con-36-refugiados-expulsados-por-alemania\/#mainImage","width":960,"height":640},"primaryImageOfPage":{"@id":"https:\/\/candas365.es\/noticias\/llega-a-kabul-el-vuelo-con-36-refugiados-expulsados-por-alemania\/#mainImage"},"datePublished":"2019-01-08T17:40:46+01:00","dateModified":"2019-01-08T17:40:46+01:00"},{"@type":"WebSite","@id":"https:\/\/candas365.es\/noticias\/#website","url":"https:\/\/candas365.es\/noticias\/","name":"Cand\u00e1s 365","alternateName":"Cand\u00e1s 365 Noticias","description":"Actualidad desde Carre\u00f1o para el mundo","inLanguage":"es-ES","publisher":{"@id":"https:\/\/candas365.es\/noticias\/#organization"}}]},"og:locale":"es_ES","og:site_name":"Cand\u00e1s 365","og:type":"article","og:title":"Llega a Kabul el vuelo con 36 refugiados expulsados por Alemania | Cand\u00e1s 365","og:description":"Kabul (Afganist\u00e1n), 8 ene (dpa) \u2013 Un vuelo con 36 solicitantes de asilo afganos, cuya solicitud fue rechazada por Alemania, lleg\u00f3 hoy a la capital de Afganist\u00e1n procedente del pa\u00eds europeo, seg\u00fan informaron funcionarios en el aeropuerto afgano. El vuelo arrib\u00f3 poco antes de las 7:00 (hora local). La de hoy fue la vig\u00e9sima deportaci\u00f3n","og:url":"https:\/\/candas365.es\/noticias\/llega-a-kabul-el-vuelo-con-36-refugiados-expulsados-por-alemania\/","og:image":"https:\/\/candas365.es\/noticias\/wp-content\/uploads\/2019\/01\/afghanistan-79493_960_720.jpg","og:image:secure_url":"https:\/\/candas365.es\/noticias\/wp-content\/uploads\/2019\/01\/afghanistan-79493_960_720.jpg","og:image:width":960,"og:image:height":640,"article:published_time":"2019-01-08T17:40:46+00:00","article:modified_time":"2019-01-08T17:40:46+00:00","article:publisher":"https:\/\/www.facebook.com\/Nachofdezber","article:author":"https:\/\/www.facebook.com\/carrenoactualidad","twitter:card":"summary_large_image","twitter:site":"@NabercoDigital","twitter:title":"Llega a Kabul el vuelo con 36 refugiados expulsados por Alemania | Cand\u00e1s 365","twitter:description":"Kabul (Afganist\u00e1n), 8 ene (dpa) \u2013 Un vuelo con 36 solicitantes de asilo afganos, cuya solicitud fue rechazada por Alemania, lleg\u00f3 hoy a la capital de Afganist\u00e1n procedente del pa\u00eds europeo, seg\u00fan informaron funcionarios en el aeropuerto afgano. El vuelo arrib\u00f3 poco antes de las 7:00 (hora local). La de hoy fue la vig\u00e9sima deportaci\u00f3n","twitter:creator":"@nbasturias","twitter:image":"https:\/\/candas365.es\/noticias\/wp-content\/uploads\/2019\/01\/afghanistan-79493_960_720.jpg","twitter:label1":"Escrito por","twitter:data1":"Cand\u00e1s 365","twitter:label2":"Tiempo de lectura estimado","twitter:data2":"1 minuto"},"aioseo_meta_data":{"post_id":"113766","title":null,"description":null,"keywords":null,"keyphrases":null,"primary_term":null,"canonical_url":null,"og_title":null,"og_description":null,"og_object_type":"default","og_image_type":"default","og_image_url":null,"og_image_width":null,"og_image_height":null,"og_image_custom_url":null,"og_image_custom_fields":null,"og_video":null,"og_custom_url":null,"og_article_section":null,"og_article_tags":null,"twitter_use_og":false,"twitter_card":"default","twitter_image_type":"default","twitter_image_url":null,"twitter_image_custom_url":null,"twitter_image_custom_fields":null,"twitter_title":null,"twitter_description":null,"schema":{"blockGraphs":[],"customGraphs":[],"default":{"data":{"Article":[],"Course":[],"Dataset":[],"FAQPage":[],"Movie":[],"Person":[],"Product":[],"ProductReview":[],"Car":[],"Recipe":[],"Service":[],"SoftwareApplication":[],"WebPage":[]},"graphName":"","isEnabled":true},"graphs":[]},"schema_type":null,"schema_type_options":null,"pillar_content":false,"robots_default":true,"robots_noindex":false,"robots_noarchive":false,"robots_nosnippet":false,"robots_nofollow":false,"robots_noimageindex":false,"robots_noodp":false,"robots_notranslate":false,"robots_max_snippet":null,"robots_max_videopreview":null,"robots_max_imagepreview":"large","priority":null,"frequency":null,"location":null,"local_seo":null,"seo_analyzer_scan_date":"2025-08-28 23:38:19","breadcrumb_settings":null,"limit_modified_date":false,"reviewed_by":null,"open_ai":null,"ai":null,"created":"2020-12-21 11:26:55","updated":"2025-08-28 23:38:19"},"aioseo_breadcrumb":"<div class=\"aioseo-breadcrumbs\"><span class=\"aioseo-breadcrumb\">\n\t<a href=\"https:\/\/candas365.es\/noticias\" title=\"Home\">Home<\/a>\n<\/span><span class=\"aioseo-breadcrumb-separator\">&ndash;<\/span><span class=\"aioseo-breadcrumb\">\n\t<a href=\"https:\/\/candas365.es\/noticias\/category\/actualidad\/\" title=\"Actualidad\">Actualidad<\/a>\n<\/span><span class=\"aioseo-breadcrumb-separator\">&ndash;<\/span><span class=\"aioseo-breadcrumb\">\n\tLlega a Kabul el vuelo con 36 refugiados expulsados por Alemania\n<\/span><\/div>","aioseo_breadcrumb_json":[{"label":"Home","link":"https:\/\/candas365.es\/noticias"},{"label":"Actualidad","link":"https:\/\/candas365.es\/noticias\/category\/actualidad\/"},{"label":"Llega a Kabul el vuelo con 36 refugiados expulsados por Alemania","link":"https:\/\/candas365.es\/noticias\/llega-a-kabul-el-vuelo-con-36-refugiados-expulsados-por-alemania\/"}],"_links":{"self":[{"href":"https:\/\/candas365.es\/noticias\/wp-json\/wp\/v2\/posts\/113766","targetHints":{"allow":["GET"]}}],"collection":[{"href":"https:\/\/candas365.es\/noticias\/wp-json\/wp\/v2\/posts"}],"about":[{"href":"https:\/\/candas365.es\/noticias\/wp-json\/wp\/v2\/types\/post"}],"author":[{"embeddable":true,"href":"https:\/\/candas365.es\/noticias\/wp-json\/wp\/v2\/users\/1"}],"replies":[{"embeddable":true,"href":"https:\/\/candas365.es\/noticias\/wp-json\/wp\/v2\/comments?post=113766"}],"version-history":[{"count":0,"href":"https:\/\/candas365.es\/noticias\/wp-json\/wp\/v2\/posts\/113766\/revisions"}],"wp:featuredmedia":[{"embeddable":true,"href":"https:\/\/candas365.es\/noticias\/wp-json\/wp\/v2\/media\/113767"}],"wp:attachment":[{"href":"https:\/\/candas365.es\/noticias\/wp-json\/wp\/v2\/media?parent=113766"}],"wp:term":[{"taxonomy":"category","embeddable":true,"href":"https:\/\/candas365.es\/noticias\/wp-json\/wp\/v2\/categories?post=113766"},{"taxonomy":"post_tag","embeddable":true,"href":"https:\/\/candas365.es\/noticias\/wp-json\/wp\/v2\/tags?post=113766"}],"curies":[{"name":"wp","href":"https:\/\/api.w.org\/{rel}","templated":true}]}}