{"id":113731,"date":"2019-01-08T14:06:50","date_gmt":"2019-01-08T14:06:50","guid":{"rendered":"http:\/\/candas365.es\/noticias\/?p=113731"},"modified":"2019-01-08T14:06:50","modified_gmt":"2019-01-08T14:06:50","slug":"patricia-garcia-no-esta-en-el-adn-del-gobierno-socialista-apoyar-la-investigacion","status":"publish","type":"post","link":"https:\/\/candas365.es\/noticias\/patricia-garcia-no-esta-en-el-adn-del-gobierno-socialista-apoyar-la-investigacion\/","title":{"rendered":"Patricia Garc\u00eda: \u201cNo est\u00e1 en el ADN del Gobierno socialista apoyar la investigaci\u00f3n\u00bb"},"content":{"rendered":"<p><img fetchpriority=\"high\" decoding=\"async\" class=\"alignleft size-medium wp-image-35850\" src=\"https:\/\/candas365.es\/noticias\/wp-content\/uploads\/2016\/11\/ciencia-360x198.jpg\" alt=\"\" width=\"360\" height=\"198\" srcset=\"https:\/\/candas365.es\/noticias\/wp-content\/uploads\/2016\/11\/ciencia-360x198.jpg 360w, https:\/\/candas365.es\/noticias\/wp-content\/uploads\/2016\/11\/ciencia-650x357.jpg 650w, https:\/\/candas365.es\/noticias\/wp-content\/uploads\/2016\/11\/ciencia-150x82.jpg 150w, https:\/\/candas365.es\/noticias\/wp-content\/uploads\/2016\/11\/ciencia-450x247.jpg 450w, https:\/\/candas365.es\/noticias\/wp-content\/uploads\/2016\/11\/ciencia.jpg 655w\" sizes=\"(max-width: 360px) 100vw, 360px\" \/>La diputada y portavoz de FORO en materia de Sanidad en la Junta General, Patricia Garc\u00eda, ha reprochado hoy al Gobierno socialista \u201cla falta de compromiso con el desarrollo de Asturias\u201d y ha criticado \u201cla falta de trabajo end\u00e9mica del ejecutivo socialista\u201d, a ra\u00edz de la denegaci\u00f3n de ayudas a 66 grupos investigadores publicada en la resoluci\u00f3n de la Consejer\u00eda de Empleo, Industria y Turismo de gesti\u00f3n de las subvenciones para I+D. Patricia Garc\u00eda lament\u00f3 que \u201cla falta de previsi\u00f3n del Gobierno socialista la sufrimos los asturianos en todos los \u00e1mbitos. El Ejecutivo de Javier Fern\u00e1ndez est\u00e1 instalado en la indolencia y deja que los problemas estallen por su falta de trabajo y previsi\u00f3n, y cuando es demasiado tarde proponen parches improvisados que nada solucionan. Lo hemos sufrido ya con la crisis del aeropuerto, con las listas de espera\u2026y ahora es el sector de la investigaci\u00f3n\u201d.<\/p>\n<p>Respecto al apoyo a la I+D, la diputada recalc\u00f3 que \u201cno est\u00e1 en el ADN del Gobierno socialista apoyar la investigaci\u00f3n y el desarrollo, porque no creen en ello, solo saben ir a la deriva, a remolque de los problemas y proponer apa\u00f1os a posteriori cuando ya es demasiado tarde. En este caso, se ha perdido un a\u00f1o, y la desilusi\u00f3n y el des\u00e1nimo cunde entre los investigadores, a quienes el Gobierno no toma en serio y la incertidumbre de la financiaci\u00f3n mina el trabajo de los grupos de excelencia que para innovar y desarrollar sus l\u00edneas de investigaci\u00f3n necesitan una estabilidad que el Ejecutivo del Principado no es capaz de darles\u201d.<\/p>\n<p>Para Garc\u00eda, \u201cel Gobierno de Javier Fern\u00e1ndez no puede permitirse hablar de que apoya medidas de I+D despu\u00e9s de dejar el trabajo de resolver las ayudas para \u00faltima hora, como un mal estudiante, y dar la sorpresa final el d\u00eda 31. Con esta traca final, el Ejecutivo ha dejado hundida a la \u2018cr\u00e8me de la cr\u00e8me\u2019 de nuestros investigadores, que ven c\u00f3mo las promesas de apoyarles para ser certificados por el Instituto de Salud Carlos III se diluyen como todas las promesas de este Gobierno. Y sin esa certificaci\u00f3n, est\u00e1n cercenando sus opciones a las grandes ayudas nacionales e internacionales que deben obtener para tener un salto definitorio en sus l\u00edneas de investigaci\u00f3n. Asturias necesita ineludiblemente a estos cient\u00edficos, a la excelencia de su trabajo y al desarrollo e innovaci\u00f3n que aportan a esta comunidad porque sin industria, sin investigaci\u00f3n, \u00bfde qu\u00e9 pretende el Gobierno que sea referente Asturias?\u201d.<\/p>\n<p>La diputada de FORO destac\u00f3 tambi\u00e9n que \u201csi la verdadera intenci\u00f3n de este Gobierno fuese apoyar a los grupos que han quedado fuera de esta convocatoria de ayudas, habr\u00eda vigilado el proceso desde enero de 2018, pero se ha dedicado a prometer y ha abandonado su tarea. Ahora, adem\u00e1s, se guarda la informaci\u00f3n denegando ayudas hasta el 31 de diciembre. Con intenci\u00f3n real, deber\u00eda haber habilitado mayores partidas en el presupuesto que acaba de presentar y aprobar para dotar de financiaci\u00f3n estable a estos grupos que son el futuro de nuestro desarrollo\u201d.<\/p>\n<p>Patricia Garc\u00eda record\u00f3 que \u201cFORO apuesta por la innovaci\u00f3n e investigaci\u00f3n en todos los \u00e1mbitos y, por este motivo, present\u00f3 una enmienda a los presupuestos urdidos por la izquierda para incrementar un 36% el presupuesto de la Fundaci\u00f3n para la Investigaci\u00f3n y la Innovaci\u00f3n Biosanitaria del Principado (FINBA) para el 2.019, que fue rechazada como las dem\u00e1s a pesar de que inclu\u00eda la adquisici\u00f3n de robots quir\u00fargicos Davinci, el microscopio electr\u00f3nico, incrementos en las partidas para psiquiatr\u00eda, formaci\u00f3n y salud p\u00fablica, adem\u00e1s de la actualizaci\u00f3n salarial de m\u00e9dicos e incentivos para puestos en las alas. Fueron propuestas de FORO que ni tuvieron consideraci\u00f3n por parte del Ejecutivo de Javier Fern\u00e1ndez y de sus socios de izquierdas\u201d.<\/p>\n<p>La diputada concluy\u00f3 que \u201cestas actitudes infieren un da\u00f1o irreparable a nuestra comunidad y a la imagen que se percibe desde otras comunidades y desde el extranjero. Con estos varapalos a la I+D Asturias no resulta atractiva para el talento, sencillamente porque el Gobierno de Javier Fern\u00e1ndez se ha empe\u00f1ado en pisotearlo. No puede pretender atraer profesionales m\u00e9dicos a la sanidad asturiana mientras ningunea y maltrata a los investigadores biosanitarios, vapuleando la excelencia y ahogando la viabilidad de sus proyectos, e id\u00e9ntica reflexi\u00f3n se puede aplicar al resto de los campos investigadores\u201d.<\/p>\n","protected":false},"excerpt":{"rendered":"<p>La diputada y portavoz de FORO en materia de Sanidad en la Junta General, Patricia Garc\u00eda, ha reprochado hoy al Gobierno socialista \u201cla falta de compromiso con el desarrollo de Asturias\u201d y ha criticado \u201cla falta de trabajo end\u00e9mica del ejecutivo socialista\u201d, a ra\u00edz de la denegaci\u00f3n de ayudas a 66 grupos investigadores publicada en<\/p>\n","protected":false},"author":1,"featured_media":113713,"comment_status":"closed","ping_status":"closed","sticky":false,"template":"","format":"standard","meta":{"footnotes":""},"categories":[7],"tags":[],"class_list":{"0":"post-113731","1":"post","2":"type-post","3":"status-publish","4":"format-standard","5":"has-post-thumbnail","7":"category-asturias"},"aioseo_notices":[],"aioseo_head":"\n\t\t<!-- All in One SEO Pro 4.9.6.2 - aioseo.com -->\n\t<meta name=\"description\" content=\"La diputada y portavoz de FORO en materia de Sanidad en la Junta General, Patricia Garc\u00eda, ha reprochado hoy al Gobierno socialista \u201cla falta de compromiso con el desarrollo de Asturias\u201d y ha criticado \u201cla falta de trabajo end\u00e9mica del ejecutivo socialista\u201d, a ra\u00edz de la denegaci\u00f3n de ayudas a 66 grupos investigadores publicada en\" \/>\n\t<meta name=\"robots\" content=\"max-image-preview:large\" \/>\n\t<meta name=\"author\" content=\"Cand\u00e1s 365\"\/>\n\t<meta name=\"google-site-verification\" content=\"UA-32230408-1\" \/>\n\t<meta name=\"msvalidate.01\" content=\"354F3CDFB2DA171B47FBE9ABF1F88D5\" \/>\n\t<meta name=\"keywords\" content=\"asturias\" \/>\n\t<link rel=\"canonical\" href=\"https:\/\/candas365.es\/noticias\/patricia-garcia-no-esta-en-el-adn-del-gobierno-socialista-apoyar-la-investigacion\/\" \/>\n\t<meta name=\"generator\" content=\"All in One SEO Pro (AIOSEO) 4.9.6.2\" \/>\n\t\t<meta property=\"og:locale\" content=\"es_ES\" \/>\n\t\t<meta property=\"og:site_name\" content=\"Cand\u00e1s 365\" \/>\n\t\t<meta property=\"og:type\" content=\"article\" \/>\n\t\t<meta property=\"og:title\" content=\"Patricia Garc\u00eda: \u201cNo est\u00e1 en el ADN del Gobierno socialista apoyar la investigaci\u00f3n\u00bb | Cand\u00e1s 365\" \/>\n\t\t<meta property=\"og:description\" content=\"La diputada y portavoz de FORO en materia de Sanidad en la Junta General, Patricia Garc\u00eda, ha reprochado hoy al Gobierno socialista \u201cla falta de compromiso con el desarrollo de Asturias\u201d y ha criticado \u201cla falta de trabajo end\u00e9mica del ejecutivo socialista\u201d, a ra\u00edz de la denegaci\u00f3n de ayudas a 66 grupos investigadores publicada en\" \/>\n\t\t<meta property=\"og:url\" content=\"https:\/\/candas365.es\/noticias\/patricia-garcia-no-esta-en-el-adn-del-gobierno-socialista-apoyar-la-investigacion\/\" \/>\n\t\t<meta property=\"og:image\" content=\"https:\/\/candas365.es\/noticias\/wp-content\/uploads\/2019\/01\/mathematics-1509559_960_720.jpg\" \/>\n\t\t<meta property=\"og:image:secure_url\" content=\"https:\/\/candas365.es\/noticias\/wp-content\/uploads\/2019\/01\/mathematics-1509559_960_720.jpg\" \/>\n\t\t<meta property=\"og:image:width\" content=\"960\" \/>\n\t\t<meta property=\"og:image:height\" content=\"640\" \/>\n\t\t<meta property=\"article:published_time\" content=\"2019-01-08T14:06:50+00:00\" \/>\n\t\t<meta property=\"article:modified_time\" content=\"2019-01-08T14:06:50+00:00\" \/>\n\t\t<meta property=\"article:publisher\" content=\"https:\/\/www.facebook.com\/Nachofdezber\" \/>\n\t\t<meta property=\"article:author\" content=\"https:\/\/www.facebook.com\/carrenoactualidad\" \/>\n\t\t<meta name=\"twitter:card\" content=\"summary_large_image\" \/>\n\t\t<meta name=\"twitter:site\" content=\"@NabercoDigital\" \/>\n\t\t<meta name=\"twitter:title\" content=\"Patricia Garc\u00eda: \u201cNo est\u00e1 en el ADN del Gobierno socialista apoyar la investigaci\u00f3n\u00bb | Cand\u00e1s 365\" \/>\n\t\t<meta name=\"twitter:description\" content=\"La diputada y portavoz de FORO en materia de Sanidad en la Junta General, Patricia Garc\u00eda, ha reprochado hoy al Gobierno socialista \u201cla falta de compromiso con el desarrollo de Asturias\u201d y ha criticado \u201cla falta de trabajo end\u00e9mica del ejecutivo socialista\u201d, a ra\u00edz de la denegaci\u00f3n de ayudas a 66 grupos investigadores publicada en\" \/>\n\t\t<meta name=\"twitter:creator\" content=\"@nbasturias\" \/>\n\t\t<meta name=\"twitter:image\" content=\"https:\/\/candas365.es\/noticias\/wp-content\/uploads\/2019\/01\/mathematics-1509559_960_720.jpg\" \/>\n\t\t<meta name=\"twitter:label1\" content=\"Escrito por\" \/>\n\t\t<meta name=\"twitter:data1\" content=\"Cand\u00e1s 365\" \/>\n\t\t<meta name=\"twitter:label2\" content=\"Tiempo de lectura estimado\" \/>\n\t\t<meta name=\"twitter:data2\" content=\"4 minutos\" \/>\n\t\t<script type=\"application\/ld+json\" class=\"aioseo-schema\">\n\t\t\t{\"@context\":\"https:\\\/\\\/schema.org\",\"@graph\":[{\"@type\":\"BreadcrumbList\",\"@id\":\"https:\\\/\\\/candas365.es\\\/noticias\\\/patricia-garcia-no-esta-en-el-adn-del-gobierno-socialista-apoyar-la-investigacion\\\/#breadcrumblist\",\"itemListElement\":[{\"@type\":\"ListItem\",\"@id\":\"https:\\\/\\\/candas365.es\\\/noticias#listItem\",\"position\":1,\"name\":\"Home\",\"item\":\"https:\\\/\\\/candas365.es\\\/noticias\",\"nextItem\":{\"@type\":\"ListItem\",\"@id\":\"https:\\\/\\\/candas365.es\\\/noticias\\\/category\\\/asturias\\\/#listItem\",\"name\":\"Asturias\"}},{\"@type\":\"ListItem\",\"@id\":\"https:\\\/\\\/candas365.es\\\/noticias\\\/category\\\/asturias\\\/#listItem\",\"position\":2,\"name\":\"Asturias\",\"item\":\"https:\\\/\\\/candas365.es\\\/noticias\\\/category\\\/asturias\\\/\",\"nextItem\":{\"@type\":\"ListItem\",\"@id\":\"https:\\\/\\\/candas365.es\\\/noticias\\\/patricia-garcia-no-esta-en-el-adn-del-gobierno-socialista-apoyar-la-investigacion\\\/#listItem\",\"name\":\"Patricia Garc\\u00eda: \\u201cNo est\\u00e1 en el ADN del Gobierno socialista apoyar la investigaci\\u00f3n\\u00bb\"},\"previousItem\":{\"@type\":\"ListItem\",\"@id\":\"https:\\\/\\\/candas365.es\\\/noticias#listItem\",\"name\":\"Home\"}},{\"@type\":\"ListItem\",\"@id\":\"https:\\\/\\\/candas365.es\\\/noticias\\\/patricia-garcia-no-esta-en-el-adn-del-gobierno-socialista-apoyar-la-investigacion\\\/#listItem\",\"position\":3,\"name\":\"Patricia Garc\\u00eda: \\u201cNo est\\u00e1 en el ADN del Gobierno socialista apoyar la investigaci\\u00f3n\\u00bb\",\"previousItem\":{\"@type\":\"ListItem\",\"@id\":\"https:\\\/\\\/candas365.es\\\/noticias\\\/category\\\/asturias\\\/#listItem\",\"name\":\"Asturias\"}}]},{\"@type\":\"NewsArticle\",\"@id\":\"https:\\\/\\\/candas365.es\\\/noticias\\\/patricia-garcia-no-esta-en-el-adn-del-gobierno-socialista-apoyar-la-investigacion\\\/#newsarticle\",\"name\":\"Patricia Garc\\u00eda: \\u201cNo est\\u00e1 en el ADN del Gobierno socialista apoyar la investigaci\\u00f3n\\u00bb | Cand\\u00e1s 365\",\"headline\":\"Patricia Garc\\u00eda: \\u201cNo est\\u00e1 en el ADN del Gobierno socialista apoyar la investigaci\\u00f3n\\u00bb\",\"author\":{\"@id\":\"https:\\\/\\\/candas365.es\\\/noticias\\\/author\\\/admin\\\/#author\"},\"publisher\":{\"@id\":\"https:\\\/\\\/candas365.es\\\/noticias\\\/#organization\"},\"image\":{\"@type\":\"ImageObject\",\"url\":\"https:\\\/\\\/candas365.es\\\/noticias\\\/wp-content\\\/uploads\\\/2019\\\/01\\\/mathematics-1509559_960_720.jpg\",\"width\":960,\"height\":640},\"datePublished\":\"2019-01-08T14:06:50+01:00\",\"dateModified\":\"2019-01-08T14:06:50+01:00\",\"inLanguage\":\"es-ES\",\"mainEntityOfPage\":{\"@id\":\"https:\\\/\\\/candas365.es\\\/noticias\\\/patricia-garcia-no-esta-en-el-adn-del-gobierno-socialista-apoyar-la-investigacion\\\/#webpage\"},\"isPartOf\":{\"@id\":\"https:\\\/\\\/candas365.es\\\/noticias\\\/patricia-garcia-no-esta-en-el-adn-del-gobierno-socialista-apoyar-la-investigacion\\\/#webpage\"},\"articleSection\":\"Asturias\",\"dateline\":\"Publicado el enero 8, 2019.\"},{\"@type\":\"Organization\",\"@id\":\"https:\\\/\\\/candas365.es\\\/noticias\\\/#organization\",\"name\":\"Cand\\u00e1s 365\",\"description\":\"Cand\\u00e1s 365 es un diario digital independiente, fundado en 2012, con base en Asturias. Informamos con rigor sobre actualidad, sociedad, cultura y ocio, con una mirada local y global.\",\"url\":\"https:\\\/\\\/candas365.es\\\/noticias\\\/\",\"email\":\"info@candas365.es\",\"telephone\":\"+34652131393\",\"foundingDate\":\"2012-06-10\",\"logo\":{\"@type\":\"ImageObject\",\"url\":\"https:\\\/\\\/candas365.es\\\/noticias\\\/wp-content\\\/uploads\\\/2024\\\/09\\\/Candas-365-Redes.jpg\",\"@id\":\"https:\\\/\\\/candas365.es\\\/noticias\\\/patricia-garcia-no-esta-en-el-adn-del-gobierno-socialista-apoyar-la-investigacion\\\/#organizationLogo\",\"width\":1152,\"height\":864,\"caption\":\"Cand\\u00e1s 365 Redes\"},\"image\":{\"@id\":\"https:\\\/\\\/candas365.es\\\/noticias\\\/patricia-garcia-no-esta-en-el-adn-del-gobierno-socialista-apoyar-la-investigacion\\\/#organizationLogo\"},\"sameAs\":[\"https:\\\/\\\/www.facebook.com\\\/Nachofdezber\",\"https:\\\/\\\/x.com\\\/NabercoDigital\",\"https:\\\/\\\/www.instagram.com\\\/nachofdezber\\\/\",\"https:\\\/\\\/www.youtube.com\\\/channel\\\/UCZP-2wLEB9Rv6erhFmqVnvg\"],\"address\":{\"@id\":\"https:\\\/\\\/candas365.es\\\/noticias\\\/#postaladdress\",\"@type\":\"PostalAddress\",\"streetAddress\":\"san antonio 4, san antonio 4\",\"postalCode\":\"33430\",\"addressLocality\":\"Cand\\u00e1s\",\"addressRegion\":\"Asturias\",\"addressCountry\":\"ES\"}},{\"@type\":\"Person\",\"@id\":\"https:\\\/\\\/candas365.es\\\/noticias\\\/author\\\/admin\\\/#author\",\"url\":\"https:\\\/\\\/candas365.es\\\/noticias\\\/author\\\/admin\\\/\",\"name\":\"Cand\\u00e1s 365\",\"image\":{\"@type\":\"ImageObject\",\"@id\":\"https:\\\/\\\/candas365.es\\\/noticias\\\/patricia-garcia-no-esta-en-el-adn-del-gobierno-socialista-apoyar-la-investigacion\\\/#authorImage\",\"url\":\"https:\\\/\\\/secure.gravatar.com\\\/avatar\\\/496a8e03d0c493ede1718b7934145dbdf8d89be1036b0eec9544e1094c9de390?s=96&d=mm&r=g\",\"width\":96,\"height\":96,\"caption\":\"Cand\\u00e1s 365\"},\"sameAs\":[\"https:\\\/\\\/www.facebook.com\\\/carrenoactualidad\",\"https:\\\/\\\/twitter.com\\\/nbasturias\",\"https:\\\/\\\/www.instagram.com\\\/nachofdezber\\\/\",\"https:\\\/\\\/www.youtube.com\\\/channel\\\/UCZP-2wLEB9Rv6erhFmqVnvg\"]},{\"@type\":\"WebPage\",\"@id\":\"https:\\\/\\\/candas365.es\\\/noticias\\\/patricia-garcia-no-esta-en-el-adn-del-gobierno-socialista-apoyar-la-investigacion\\\/#webpage\",\"url\":\"https:\\\/\\\/candas365.es\\\/noticias\\\/patricia-garcia-no-esta-en-el-adn-del-gobierno-socialista-apoyar-la-investigacion\\\/\",\"name\":\"Patricia Garc\\u00eda: \\u201cNo est\\u00e1 en el ADN del Gobierno socialista apoyar la investigaci\\u00f3n\\u00bb | Cand\\u00e1s 365\",\"description\":\"La diputada y portavoz de FORO en materia de Sanidad en la Junta General, Patricia Garc\\u00eda, ha reprochado hoy al Gobierno socialista \\u201cla falta de compromiso con el desarrollo de Asturias\\u201d y ha criticado \\u201cla falta de trabajo end\\u00e9mica del ejecutivo socialista\\u201d, a ra\\u00edz de la denegaci\\u00f3n de ayudas a 66 grupos investigadores publicada en\",\"inLanguage\":\"es-ES\",\"isPartOf\":{\"@id\":\"https:\\\/\\\/candas365.es\\\/noticias\\\/#website\"},\"breadcrumb\":{\"@id\":\"https:\\\/\\\/candas365.es\\\/noticias\\\/patricia-garcia-no-esta-en-el-adn-del-gobierno-socialista-apoyar-la-investigacion\\\/#breadcrumblist\"},\"author\":{\"@id\":\"https:\\\/\\\/candas365.es\\\/noticias\\\/author\\\/admin\\\/#author\"},\"creator\":{\"@id\":\"https:\\\/\\\/candas365.es\\\/noticias\\\/author\\\/admin\\\/#author\"},\"image\":{\"@type\":\"ImageObject\",\"url\":\"https:\\\/\\\/candas365.es\\\/noticias\\\/wp-content\\\/uploads\\\/2019\\\/01\\\/mathematics-1509559_960_720.jpg\",\"@id\":\"https:\\\/\\\/candas365.es\\\/noticias\\\/patricia-garcia-no-esta-en-el-adn-del-gobierno-socialista-apoyar-la-investigacion\\\/#mainImage\",\"width\":960,\"height\":640},\"primaryImageOfPage\":{\"@id\":\"https:\\\/\\\/candas365.es\\\/noticias\\\/patricia-garcia-no-esta-en-el-adn-del-gobierno-socialista-apoyar-la-investigacion\\\/#mainImage\"},\"datePublished\":\"2019-01-08T14:06:50+01:00\",\"dateModified\":\"2019-01-08T14:06:50+01:00\"},{\"@type\":\"WebSite\",\"@id\":\"https:\\\/\\\/candas365.es\\\/noticias\\\/#website\",\"url\":\"https:\\\/\\\/candas365.es\\\/noticias\\\/\",\"name\":\"Cand\\u00e1s 365\",\"alternateName\":\"Cand\\u00e1s 365 Noticias\",\"description\":\"Actualidad desde Carre\\u00f1o para el mundo\",\"inLanguage\":\"es-ES\",\"publisher\":{\"@id\":\"https:\\\/\\\/candas365.es\\\/noticias\\\/#organization\"}}]}\n\t\t<\/script>\n\t\t<!-- All in One SEO Pro -->\r\n\t\t<title>Patricia Garc\u00eda: \u201cNo est\u00e1 en el ADN del Gobierno socialista apoyar la investigaci\u00f3n\u00bb | Cand\u00e1s 365<\/title>\n\n","aioseo_head_json":{"title":"Patricia Garc\u00eda: \u201cNo est\u00e1 en el ADN del Gobierno socialista apoyar la investigaci\u00f3n\u00bb | Cand\u00e1s 365","description":"La diputada y portavoz de FORO en materia de Sanidad en la Junta General, Patricia Garc\u00eda, ha reprochado hoy al Gobierno socialista \u201cla falta de compromiso con el desarrollo de Asturias\u201d y ha criticado \u201cla falta de trabajo end\u00e9mica del ejecutivo socialista\u201d, a ra\u00edz de la denegaci\u00f3n de ayudas a 66 grupos investigadores publicada en","canonical_url":"https:\/\/candas365.es\/noticias\/patricia-garcia-no-esta-en-el-adn-del-gobierno-socialista-apoyar-la-investigacion\/","robots":"max-image-preview:large","keywords":"asturias","webmasterTools":{"google-site-verification":"UA-32230408-1","msvalidate.01":"354F3CDFB2DA171B47FBE9ABF1F88D5","miscellaneous":""},"schema":{"@context":"https:\/\/schema.org","@graph":[{"@type":"BreadcrumbList","@id":"https:\/\/candas365.es\/noticias\/patricia-garcia-no-esta-en-el-adn-del-gobierno-socialista-apoyar-la-investigacion\/#breadcrumblist","itemListElement":[{"@type":"ListItem","@id":"https:\/\/candas365.es\/noticias#listItem","position":1,"name":"Home","item":"https:\/\/candas365.es\/noticias","nextItem":{"@type":"ListItem","@id":"https:\/\/candas365.es\/noticias\/category\/asturias\/#listItem","name":"Asturias"}},{"@type":"ListItem","@id":"https:\/\/candas365.es\/noticias\/category\/asturias\/#listItem","position":2,"name":"Asturias","item":"https:\/\/candas365.es\/noticias\/category\/asturias\/","nextItem":{"@type":"ListItem","@id":"https:\/\/candas365.es\/noticias\/patricia-garcia-no-esta-en-el-adn-del-gobierno-socialista-apoyar-la-investigacion\/#listItem","name":"Patricia Garc\u00eda: \u201cNo est\u00e1 en el ADN del Gobierno socialista apoyar la investigaci\u00f3n\u00bb"},"previousItem":{"@type":"ListItem","@id":"https:\/\/candas365.es\/noticias#listItem","name":"Home"}},{"@type":"ListItem","@id":"https:\/\/candas365.es\/noticias\/patricia-garcia-no-esta-en-el-adn-del-gobierno-socialista-apoyar-la-investigacion\/#listItem","position":3,"name":"Patricia Garc\u00eda: \u201cNo est\u00e1 en el ADN del Gobierno socialista apoyar la investigaci\u00f3n\u00bb","previousItem":{"@type":"ListItem","@id":"https:\/\/candas365.es\/noticias\/category\/asturias\/#listItem","name":"Asturias"}}]},{"@type":"NewsArticle","@id":"https:\/\/candas365.es\/noticias\/patricia-garcia-no-esta-en-el-adn-del-gobierno-socialista-apoyar-la-investigacion\/#newsarticle","name":"Patricia Garc\u00eda: \u201cNo est\u00e1 en el ADN del Gobierno socialista apoyar la investigaci\u00f3n\u00bb | Cand\u00e1s 365","headline":"Patricia Garc\u00eda: \u201cNo est\u00e1 en el ADN del Gobierno socialista apoyar la investigaci\u00f3n\u00bb","author":{"@id":"https:\/\/candas365.es\/noticias\/author\/admin\/#author"},"publisher":{"@id":"https:\/\/candas365.es\/noticias\/#organization"},"image":{"@type":"ImageObject","url":"https:\/\/candas365.es\/noticias\/wp-content\/uploads\/2019\/01\/mathematics-1509559_960_720.jpg","width":960,"height":640},"datePublished":"2019-01-08T14:06:50+01:00","dateModified":"2019-01-08T14:06:50+01:00","inLanguage":"es-ES","mainEntityOfPage":{"@id":"https:\/\/candas365.es\/noticias\/patricia-garcia-no-esta-en-el-adn-del-gobierno-socialista-apoyar-la-investigacion\/#webpage"},"isPartOf":{"@id":"https:\/\/candas365.es\/noticias\/patricia-garcia-no-esta-en-el-adn-del-gobierno-socialista-apoyar-la-investigacion\/#webpage"},"articleSection":"Asturias","dateline":"Publicado el enero 8, 2019."},{"@type":"Organization","@id":"https:\/\/candas365.es\/noticias\/#organization","name":"Cand\u00e1s 365","description":"Cand\u00e1s 365 es un diario digital independiente, fundado en 2012, con base en Asturias. Informamos con rigor sobre actualidad, sociedad, cultura y ocio, con una mirada local y global.","url":"https:\/\/candas365.es\/noticias\/","email":"info@candas365.es","telephone":"+34652131393","foundingDate":"2012-06-10","logo":{"@type":"ImageObject","url":"https:\/\/candas365.es\/noticias\/wp-content\/uploads\/2024\/09\/Candas-365-Redes.jpg","@id":"https:\/\/candas365.es\/noticias\/patricia-garcia-no-esta-en-el-adn-del-gobierno-socialista-apoyar-la-investigacion\/#organizationLogo","width":1152,"height":864,"caption":"Cand\u00e1s 365 Redes"},"image":{"@id":"https:\/\/candas365.es\/noticias\/patricia-garcia-no-esta-en-el-adn-del-gobierno-socialista-apoyar-la-investigacion\/#organizationLogo"},"sameAs":["https:\/\/www.facebook.com\/Nachofdezber","https:\/\/x.com\/NabercoDigital","https:\/\/www.instagram.com\/nachofdezber\/","https:\/\/www.youtube.com\/channel\/UCZP-2wLEB9Rv6erhFmqVnvg"],"address":{"@id":"https:\/\/candas365.es\/noticias\/#postaladdress","@type":"PostalAddress","streetAddress":"san antonio 4, san antonio 4","postalCode":"33430","addressLocality":"Cand\u00e1s","addressRegion":"Asturias","addressCountry":"ES"}},{"@type":"Person","@id":"https:\/\/candas365.es\/noticias\/author\/admin\/#author","url":"https:\/\/candas365.es\/noticias\/author\/admin\/","name":"Cand\u00e1s 365","image":{"@type":"ImageObject","@id":"https:\/\/candas365.es\/noticias\/patricia-garcia-no-esta-en-el-adn-del-gobierno-socialista-apoyar-la-investigacion\/#authorImage","url":"https:\/\/secure.gravatar.com\/avatar\/496a8e03d0c493ede1718b7934145dbdf8d89be1036b0eec9544e1094c9de390?s=96&d=mm&r=g","width":96,"height":96,"caption":"Cand\u00e1s 365"},"sameAs":["https:\/\/www.facebook.com\/carrenoactualidad","https:\/\/twitter.com\/nbasturias","https:\/\/www.instagram.com\/nachofdezber\/","https:\/\/www.youtube.com\/channel\/UCZP-2wLEB9Rv6erhFmqVnvg"]},{"@type":"WebPage","@id":"https:\/\/candas365.es\/noticias\/patricia-garcia-no-esta-en-el-adn-del-gobierno-socialista-apoyar-la-investigacion\/#webpage","url":"https:\/\/candas365.es\/noticias\/patricia-garcia-no-esta-en-el-adn-del-gobierno-socialista-apoyar-la-investigacion\/","name":"Patricia Garc\u00eda: \u201cNo est\u00e1 en el ADN del Gobierno socialista apoyar la investigaci\u00f3n\u00bb | Cand\u00e1s 365","description":"La diputada y portavoz de FORO en materia de Sanidad en la Junta General, Patricia Garc\u00eda, ha reprochado hoy al Gobierno socialista \u201cla falta de compromiso con el desarrollo de Asturias\u201d y ha criticado \u201cla falta de trabajo end\u00e9mica del ejecutivo socialista\u201d, a ra\u00edz de la denegaci\u00f3n de ayudas a 66 grupos investigadores publicada en","inLanguage":"es-ES","isPartOf":{"@id":"https:\/\/candas365.es\/noticias\/#website"},"breadcrumb":{"@id":"https:\/\/candas365.es\/noticias\/patricia-garcia-no-esta-en-el-adn-del-gobierno-socialista-apoyar-la-investigacion\/#breadcrumblist"},"author":{"@id":"https:\/\/candas365.es\/noticias\/author\/admin\/#author"},"creator":{"@id":"https:\/\/candas365.es\/noticias\/author\/admin\/#author"},"image":{"@type":"ImageObject","url":"https:\/\/candas365.es\/noticias\/wp-content\/uploads\/2019\/01\/mathematics-1509559_960_720.jpg","@id":"https:\/\/candas365.es\/noticias\/patricia-garcia-no-esta-en-el-adn-del-gobierno-socialista-apoyar-la-investigacion\/#mainImage","width":960,"height":640},"primaryImageOfPage":{"@id":"https:\/\/candas365.es\/noticias\/patricia-garcia-no-esta-en-el-adn-del-gobierno-socialista-apoyar-la-investigacion\/#mainImage"},"datePublished":"2019-01-08T14:06:50+01:00","dateModified":"2019-01-08T14:06:50+01:00"},{"@type":"WebSite","@id":"https:\/\/candas365.es\/noticias\/#website","url":"https:\/\/candas365.es\/noticias\/","name":"Cand\u00e1s 365","alternateName":"Cand\u00e1s 365 Noticias","description":"Actualidad desde Carre\u00f1o para el mundo","inLanguage":"es-ES","publisher":{"@id":"https:\/\/candas365.es\/noticias\/#organization"}}]},"og:locale":"es_ES","og:site_name":"Cand\u00e1s 365","og:type":"article","og:title":"Patricia Garc\u00eda: \u201cNo est\u00e1 en el ADN del Gobierno socialista apoyar la investigaci\u00f3n\u00bb | Cand\u00e1s 365","og:description":"La diputada y portavoz de FORO en materia de Sanidad en la Junta General, Patricia Garc\u00eda, ha reprochado hoy al Gobierno socialista \u201cla falta de compromiso con el desarrollo de Asturias\u201d y ha criticado \u201cla falta de trabajo end\u00e9mica del ejecutivo socialista\u201d, a ra\u00edz de la denegaci\u00f3n de ayudas a 66 grupos investigadores publicada en","og:url":"https:\/\/candas365.es\/noticias\/patricia-garcia-no-esta-en-el-adn-del-gobierno-socialista-apoyar-la-investigacion\/","og:image":"https:\/\/candas365.es\/noticias\/wp-content\/uploads\/2019\/01\/mathematics-1509559_960_720.jpg","og:image:secure_url":"https:\/\/candas365.es\/noticias\/wp-content\/uploads\/2019\/01\/mathematics-1509559_960_720.jpg","og:image:width":960,"og:image:height":640,"article:published_time":"2019-01-08T14:06:50+00:00","article:modified_time":"2019-01-08T14:06:50+00:00","article:publisher":"https:\/\/www.facebook.com\/Nachofdezber","article:author":"https:\/\/www.facebook.com\/carrenoactualidad","twitter:card":"summary_large_image","twitter:site":"@NabercoDigital","twitter:title":"Patricia Garc\u00eda: \u201cNo est\u00e1 en el ADN del Gobierno socialista apoyar la investigaci\u00f3n\u00bb | Cand\u00e1s 365","twitter:description":"La diputada y portavoz de FORO en materia de Sanidad en la Junta General, Patricia Garc\u00eda, ha reprochado hoy al Gobierno socialista \u201cla falta de compromiso con el desarrollo de Asturias\u201d y ha criticado \u201cla falta de trabajo end\u00e9mica del ejecutivo socialista\u201d, a ra\u00edz de la denegaci\u00f3n de ayudas a 66 grupos investigadores publicada en","twitter:creator":"@nbasturias","twitter:image":"https:\/\/candas365.es\/noticias\/wp-content\/uploads\/2019\/01\/mathematics-1509559_960_720.jpg","twitter:label1":"Escrito por","twitter:data1":"Cand\u00e1s 365","twitter:label2":"Tiempo de lectura estimado","twitter:data2":"4 minutos"},"aioseo_meta_data":{"post_id":"113731","title":null,"description":null,"keywords":null,"keyphrases":null,"primary_term":null,"canonical_url":null,"og_title":null,"og_description":null,"og_object_type":"default","og_image_type":"default","og_image_url":null,"og_image_width":null,"og_image_height":null,"og_image_custom_url":null,"og_image_custom_fields":null,"og_video":null,"og_custom_url":null,"og_article_section":null,"og_article_tags":null,"twitter_use_og":false,"twitter_card":"default","twitter_image_type":"default","twitter_image_url":null,"twitter_image_custom_url":null,"twitter_image_custom_fields":null,"twitter_title":null,"twitter_description":null,"schema":{"blockGraphs":[],"customGraphs":[],"default":{"data":{"Article":[],"Course":[],"Dataset":[],"FAQPage":[],"Movie":[],"Person":[],"Product":[],"ProductReview":[],"Car":[],"Recipe":[],"Service":[],"SoftwareApplication":[],"WebPage":[]},"graphName":"","isEnabled":true},"graphs":[],"defaultGraph":"","defaultPostTypeGraph":""},"schema_type":null,"schema_type_options":null,"pillar_content":false,"robots_default":true,"robots_noindex":false,"robots_noarchive":false,"robots_nosnippet":false,"robots_nofollow":false,"robots_noimageindex":false,"robots_noodp":false,"robots_notranslate":false,"robots_max_snippet":null,"robots_max_videopreview":null,"robots_max_imagepreview":"large","priority":null,"frequency":null,"location":null,"local_seo":null,"seo_analyzer_scan_date":"2025-08-28 23:32:10","breadcrumb_settings":null,"limit_modified_date":false,"reviewed_by":null,"open_ai":null,"ai":null,"created":"2020-12-21 11:26:55","updated":"2025-08-28 23:32:10"},"aioseo_breadcrumb":"<div class=\"aioseo-breadcrumbs\"><span class=\"aioseo-breadcrumb\">\n\t<a href=\"https:\/\/candas365.es\/noticias\" title=\"Home\">Home<\/a>\n<\/span><span class=\"aioseo-breadcrumb-separator\">&ndash;<\/span><span class=\"aioseo-breadcrumb\">\n\t<a href=\"https:\/\/candas365.es\/noticias\/category\/asturias\/\" title=\"Asturias\">Asturias<\/a>\n<\/span><span class=\"aioseo-breadcrumb-separator\">&ndash;<\/span><span class=\"aioseo-breadcrumb\">\n\tPatricia Garc\u00eda: \u201cNo est\u00e1 en el ADN del Gobierno socialista apoyar la investigaci\u00f3n\u00bb\n<\/span><\/div>","aioseo_breadcrumb_json":[{"label":"Home","link":"https:\/\/candas365.es\/noticias"},{"label":"Asturias","link":"https:\/\/candas365.es\/noticias\/category\/asturias\/"},{"label":"Patricia Garc\u00eda: \u201cNo est\u00e1 en el ADN del Gobierno socialista apoyar la investigaci\u00f3n\u00bb","link":"https:\/\/candas365.es\/noticias\/patricia-garcia-no-esta-en-el-adn-del-gobierno-socialista-apoyar-la-investigacion\/"}],"_links":{"self":[{"href":"https:\/\/candas365.es\/noticias\/wp-json\/wp\/v2\/posts\/113731","targetHints":{"allow":["GET"]}}],"collection":[{"href":"https:\/\/candas365.es\/noticias\/wp-json\/wp\/v2\/posts"}],"about":[{"href":"https:\/\/candas365.es\/noticias\/wp-json\/wp\/v2\/types\/post"}],"author":[{"embeddable":true,"href":"https:\/\/candas365.es\/noticias\/wp-json\/wp\/v2\/users\/1"}],"replies":[{"embeddable":true,"href":"https:\/\/candas365.es\/noticias\/wp-json\/wp\/v2\/comments?post=113731"}],"version-history":[{"count":0,"href":"https:\/\/candas365.es\/noticias\/wp-json\/wp\/v2\/posts\/113731\/revisions"}],"wp:featuredmedia":[{"embeddable":true,"href":"https:\/\/candas365.es\/noticias\/wp-json\/wp\/v2\/media\/113713"}],"wp:attachment":[{"href":"https:\/\/candas365.es\/noticias\/wp-json\/wp\/v2\/media?parent=113731"}],"wp:term":[{"taxonomy":"category","embeddable":true,"href":"https:\/\/candas365.es\/noticias\/wp-json\/wp\/v2\/categories?post=113731"},{"taxonomy":"post_tag","embeddable":true,"href":"https:\/\/candas365.es\/noticias\/wp-json\/wp\/v2\/tags?post=113731"}],"curies":[{"name":"wp","href":"https:\/\/api.w.org\/{rel}","templated":true}]}}