{"id":113722,"date":"2019-01-08T13:25:11","date_gmt":"2019-01-08T13:25:11","guid":{"rendered":"http:\/\/candas365.es\/noticias\/?p=113722"},"modified":"2019-01-08T13:25:11","modified_gmt":"2019-01-08T13:25:11","slug":"la-borrasca-benjamin-afecta-a-las-mareas-en-alemania","status":"publish","type":"post","link":"https:\/\/candas365.es\/noticias\/la-borrasca-benjamin-afecta-a-las-mareas-en-alemania\/","title":{"rendered":"La borrasca \u00abBenjamin\u00bb afecta a las mareas en Alemania"},"content":{"rendered":"<p><img fetchpriority=\"high\" decoding=\"async\" class=\"alignleft size-medium wp-image-113723\" src=\"https:\/\/candas365.es\/noticias\/wp-content\/uploads\/2019\/01\/sky-2174616_960_720-360x239.jpg\" alt=\"\" width=\"360\" height=\"239\" srcset=\"https:\/\/candas365.es\/noticias\/wp-content\/uploads\/2019\/01\/sky-2174616_960_720-360x239.jpg 360w, https:\/\/candas365.es\/noticias\/wp-content\/uploads\/2019\/01\/sky-2174616_960_720-768x510.jpg 768w, https:\/\/candas365.es\/noticias\/wp-content\/uploads\/2019\/01\/sky-2174616_960_720-655x435.jpg 655w, https:\/\/candas365.es\/noticias\/wp-content\/uploads\/2019\/01\/sky-2174616_960_720-696x463.jpg 696w, https:\/\/candas365.es\/noticias\/wp-content\/uploads\/2019\/01\/sky-2174616_960_720-632x420.jpg 632w, https:\/\/candas365.es\/noticias\/wp-content\/uploads\/2019\/01\/sky-2174616_960_720.jpg 960w\" sizes=\"(max-width: 360px) 100vw, 360px\" \/>Hamburgo\/M\u00fanich, 8 ene (dpa)- Partes de la costa alemana del Mar del Norte y la ciudad de Hamburgo esperan hoy una marea muy alta causada por la borrasca \u00abBenjamin\u00bb, seg\u00fan advirti\u00f3 la Agencia Federal de Navegaci\u00f3n Mar\u00edtima e Hidrograf\u00eda.<\/p>\n<p>Por su parte, la compa\u00f1\u00eda estatal de ferrocarriles alemanes, Deutsche Bahn, no descart\u00f3 que la borrasca afecte al tr\u00e1fico ferroviario en el pa\u00eds. Los viajeros deben informarse con antelaci\u00f3n, indic\u00f3 Deutsche Bahn.<\/p>\n<p>En el sur de la regi\u00f3n alemana de Baviera y en Austria se prev\u00e9 que el invierno d\u00e9 hoy un respiro despu\u00e9s de uno de los fines de semana con m\u00e1s nieve de los \u00faltimos a\u00f1os. Sin embargo, se esperan fuertes nevadas en el estado federado de Sajonia, en el este de Alemania.<\/p>\n<p>Asimismo, se espera que la marea alta llegue a lo largo de la tarde de hoy en partes de las costas de los estados federados de Baja Sajonia y Schleswig-Holstein, as\u00ed como en Hamburgo, Bremen y Bremerhaven.<\/p>\n<p>El nivel del agua en el barrio hamburgu\u00e9s de St.Pauli podr\u00eda alcanzar durante la tarde unos dos metros por encima del nivel medio de marea alta, comunic\u00f3 la Agencia Federal de Navegaci\u00f3n Mar\u00edtima e Hidrograf\u00eda.<\/p>\n<p>Una situaci\u00f3n similar se prev\u00e9 en Bremerhaven, donde el pico ya se espera para el mediod\u00eda de hoy.<\/p>\n<p>En la costa de Baja Sajonia, la marea alta podr\u00eda superar en la tarde en entre 1,75 y 2,25 metros el nivel medio de marea alta.<\/p>\n","protected":false},"excerpt":{"rendered":"<p>Hamburgo\/M\u00fanich, 8 ene (dpa)- Partes de la costa alemana del Mar del Norte y la ciudad de Hamburgo esperan hoy una marea muy alta causada por la borrasca \u00abBenjamin\u00bb, seg\u00fan advirti\u00f3 la Agencia Federal de Navegaci\u00f3n Mar\u00edtima e Hidrograf\u00eda. Por su parte, la compa\u00f1\u00eda estatal de ferrocarriles alemanes, Deutsche Bahn, no descart\u00f3 que la borrasca<\/p>\n","protected":false},"author":1,"featured_media":113723,"comment_status":"closed","ping_status":"closed","sticky":false,"template":"","format":"standard","meta":{"footnotes":""},"categories":[343],"tags":[],"class_list":{"0":"post-113722","1":"post","2":"type-post","3":"status-publish","4":"format-standard","5":"has-post-thumbnail","7":"category-actualidad"},"aioseo_notices":[],"aioseo_head":"\n\t\t<!-- All in One SEO Pro 4.9.6.2 - aioseo.com -->\n\t<meta name=\"description\" content=\"Hamburgo\/M\u00fanich, 8 ene (dpa)- Partes de la costa alemana del Mar del Norte y la ciudad de Hamburgo esperan hoy una marea muy alta causada por la borrasca &quot;Benjamin&quot;, seg\u00fan advirti\u00f3 la Agencia Federal de Navegaci\u00f3n Mar\u00edtima e Hidrograf\u00eda. Por su parte, la compa\u00f1\u00eda estatal de ferrocarriles alemanes, Deutsche Bahn, no descart\u00f3 que la borrasca\" \/>\n\t<meta name=\"robots\" content=\"max-image-preview:large\" \/>\n\t<meta name=\"author\" content=\"Cand\u00e1s 365\"\/>\n\t<meta name=\"google-site-verification\" content=\"UA-32230408-1\" \/>\n\t<meta name=\"msvalidate.01\" content=\"354F3CDFB2DA171B47FBE9ABF1F88D5\" \/>\n\t<meta name=\"keywords\" content=\"actualidad\" \/>\n\t<link rel=\"canonical\" href=\"https:\/\/candas365.es\/noticias\/la-borrasca-benjamin-afecta-a-las-mareas-en-alemania\/\" \/>\n\t<meta name=\"generator\" content=\"All in One SEO Pro (AIOSEO) 4.9.6.2\" \/>\n\t\t<meta property=\"og:locale\" content=\"es_ES\" \/>\n\t\t<meta property=\"og:site_name\" content=\"Cand\u00e1s 365\" \/>\n\t\t<meta property=\"og:type\" content=\"article\" \/>\n\t\t<meta property=\"og:title\" content=\"La borrasca \u00abBenjamin\u00bb afecta a las mareas en Alemania | Cand\u00e1s 365\" \/>\n\t\t<meta property=\"og:description\" content=\"Hamburgo\/M\u00fanich, 8 ene (dpa)- Partes de la costa alemana del Mar del Norte y la ciudad de Hamburgo esperan hoy una marea muy alta causada por la borrasca &quot;Benjamin&quot;, seg\u00fan advirti\u00f3 la Agencia Federal de Navegaci\u00f3n Mar\u00edtima e Hidrograf\u00eda. Por su parte, la compa\u00f1\u00eda estatal de ferrocarriles alemanes, Deutsche Bahn, no descart\u00f3 que la borrasca\" \/>\n\t\t<meta property=\"og:url\" content=\"https:\/\/candas365.es\/noticias\/la-borrasca-benjamin-afecta-a-las-mareas-en-alemania\/\" \/>\n\t\t<meta property=\"og:image\" content=\"https:\/\/candas365.es\/noticias\/wp-content\/uploads\/2019\/01\/sky-2174616_960_720.jpg\" \/>\n\t\t<meta property=\"og:image:secure_url\" content=\"https:\/\/candas365.es\/noticias\/wp-content\/uploads\/2019\/01\/sky-2174616_960_720.jpg\" \/>\n\t\t<meta property=\"og:image:width\" content=\"960\" \/>\n\t\t<meta property=\"og:image:height\" content=\"638\" \/>\n\t\t<meta property=\"article:published_time\" content=\"2019-01-08T13:25:11+00:00\" \/>\n\t\t<meta property=\"article:modified_time\" content=\"2019-01-08T13:25:11+00:00\" \/>\n\t\t<meta property=\"article:publisher\" content=\"https:\/\/www.facebook.com\/Nachofdezber\" \/>\n\t\t<meta property=\"article:author\" content=\"https:\/\/www.facebook.com\/carrenoactualidad\" \/>\n\t\t<meta name=\"twitter:card\" content=\"summary_large_image\" \/>\n\t\t<meta name=\"twitter:site\" content=\"@NabercoDigital\" \/>\n\t\t<meta name=\"twitter:title\" content=\"La borrasca \u00abBenjamin\u00bb afecta a las mareas en Alemania | Cand\u00e1s 365\" \/>\n\t\t<meta name=\"twitter:description\" content=\"Hamburgo\/M\u00fanich, 8 ene (dpa)- Partes de la costa alemana del Mar del Norte y la ciudad de Hamburgo esperan hoy una marea muy alta causada por la borrasca &quot;Benjamin&quot;, seg\u00fan advirti\u00f3 la Agencia Federal de Navegaci\u00f3n Mar\u00edtima e Hidrograf\u00eda. Por su parte, la compa\u00f1\u00eda estatal de ferrocarriles alemanes, Deutsche Bahn, no descart\u00f3 que la borrasca\" \/>\n\t\t<meta name=\"twitter:creator\" content=\"@nbasturias\" \/>\n\t\t<meta name=\"twitter:image\" content=\"https:\/\/candas365.es\/noticias\/wp-content\/uploads\/2019\/01\/sky-2174616_960_720.jpg\" \/>\n\t\t<meta name=\"twitter:label1\" content=\"Escrito por\" \/>\n\t\t<meta name=\"twitter:data1\" content=\"Cand\u00e1s 365\" \/>\n\t\t<meta name=\"twitter:label2\" content=\"Tiempo de lectura estimado\" \/>\n\t\t<meta name=\"twitter:data2\" content=\"1 minuto\" \/>\n\t\t<script type=\"application\/ld+json\" class=\"aioseo-schema\">\n\t\t\t{\"@context\":\"https:\\\/\\\/schema.org\",\"@graph\":[{\"@type\":\"BreadcrumbList\",\"@id\":\"https:\\\/\\\/candas365.es\\\/noticias\\\/la-borrasca-benjamin-afecta-a-las-mareas-en-alemania\\\/#breadcrumblist\",\"itemListElement\":[{\"@type\":\"ListItem\",\"@id\":\"https:\\\/\\\/candas365.es\\\/noticias#listItem\",\"position\":1,\"name\":\"Home\",\"item\":\"https:\\\/\\\/candas365.es\\\/noticias\",\"nextItem\":{\"@type\":\"ListItem\",\"@id\":\"https:\\\/\\\/candas365.es\\\/noticias\\\/category\\\/actualidad\\\/#listItem\",\"name\":\"Actualidad\"}},{\"@type\":\"ListItem\",\"@id\":\"https:\\\/\\\/candas365.es\\\/noticias\\\/category\\\/actualidad\\\/#listItem\",\"position\":2,\"name\":\"Actualidad\",\"item\":\"https:\\\/\\\/candas365.es\\\/noticias\\\/category\\\/actualidad\\\/\",\"nextItem\":{\"@type\":\"ListItem\",\"@id\":\"https:\\\/\\\/candas365.es\\\/noticias\\\/la-borrasca-benjamin-afecta-a-las-mareas-en-alemania\\\/#listItem\",\"name\":\"La borrasca \\u00abBenjamin\\u00bb afecta a las mareas en Alemania\"},\"previousItem\":{\"@type\":\"ListItem\",\"@id\":\"https:\\\/\\\/candas365.es\\\/noticias#listItem\",\"name\":\"Home\"}},{\"@type\":\"ListItem\",\"@id\":\"https:\\\/\\\/candas365.es\\\/noticias\\\/la-borrasca-benjamin-afecta-a-las-mareas-en-alemania\\\/#listItem\",\"position\":3,\"name\":\"La borrasca \\u00abBenjamin\\u00bb afecta a las mareas en Alemania\",\"previousItem\":{\"@type\":\"ListItem\",\"@id\":\"https:\\\/\\\/candas365.es\\\/noticias\\\/category\\\/actualidad\\\/#listItem\",\"name\":\"Actualidad\"}}]},{\"@type\":\"NewsArticle\",\"@id\":\"https:\\\/\\\/candas365.es\\\/noticias\\\/la-borrasca-benjamin-afecta-a-las-mareas-en-alemania\\\/#newsarticle\",\"name\":\"La borrasca \\u00abBenjamin\\u00bb afecta a las mareas en Alemania | Cand\\u00e1s 365\",\"headline\":\"La borrasca \\u00abBenjamin\\u00bb afecta a las mareas en Alemania\",\"author\":{\"@id\":\"https:\\\/\\\/candas365.es\\\/noticias\\\/author\\\/admin\\\/#author\"},\"publisher\":{\"@id\":\"https:\\\/\\\/candas365.es\\\/noticias\\\/#organization\"},\"image\":{\"@type\":\"ImageObject\",\"url\":\"https:\\\/\\\/candas365.es\\\/noticias\\\/wp-content\\\/uploads\\\/2019\\\/01\\\/sky-2174616_960_720.jpg\",\"width\":960,\"height\":638},\"datePublished\":\"2019-01-08T13:25:11+01:00\",\"dateModified\":\"2019-01-08T13:25:11+01:00\",\"inLanguage\":\"es-ES\",\"mainEntityOfPage\":{\"@id\":\"https:\\\/\\\/candas365.es\\\/noticias\\\/la-borrasca-benjamin-afecta-a-las-mareas-en-alemania\\\/#webpage\"},\"isPartOf\":{\"@id\":\"https:\\\/\\\/candas365.es\\\/noticias\\\/la-borrasca-benjamin-afecta-a-las-mareas-en-alemania\\\/#webpage\"},\"articleSection\":\"Actualidad\",\"dateline\":\"Publicado el enero 8, 2019.\"},{\"@type\":\"Organization\",\"@id\":\"https:\\\/\\\/candas365.es\\\/noticias\\\/#organization\",\"name\":\"Cand\\u00e1s 365\",\"description\":\"Cand\\u00e1s 365 es un diario digital independiente, fundado en 2012, con base en Asturias. Informamos con rigor sobre actualidad, sociedad, cultura y ocio, con una mirada local y global.\",\"url\":\"https:\\\/\\\/candas365.es\\\/noticias\\\/\",\"email\":\"info@candas365.es\",\"telephone\":\"+34652131393\",\"foundingDate\":\"2012-06-10\",\"logo\":{\"@type\":\"ImageObject\",\"url\":\"https:\\\/\\\/candas365.es\\\/noticias\\\/wp-content\\\/uploads\\\/2024\\\/09\\\/Candas-365-Redes.jpg\",\"@id\":\"https:\\\/\\\/candas365.es\\\/noticias\\\/la-borrasca-benjamin-afecta-a-las-mareas-en-alemania\\\/#organizationLogo\",\"width\":1152,\"height\":864,\"caption\":\"Cand\\u00e1s 365 Redes\"},\"image\":{\"@id\":\"https:\\\/\\\/candas365.es\\\/noticias\\\/la-borrasca-benjamin-afecta-a-las-mareas-en-alemania\\\/#organizationLogo\"},\"sameAs\":[\"https:\\\/\\\/www.facebook.com\\\/Nachofdezber\",\"https:\\\/\\\/x.com\\\/NabercoDigital\",\"https:\\\/\\\/www.instagram.com\\\/nachofdezber\\\/\",\"https:\\\/\\\/www.youtube.com\\\/channel\\\/UCZP-2wLEB9Rv6erhFmqVnvg\"],\"address\":{\"@id\":\"https:\\\/\\\/candas365.es\\\/noticias\\\/#postaladdress\",\"@type\":\"PostalAddress\",\"streetAddress\":\"san antonio 4, san antonio 4\",\"postalCode\":\"33430\",\"addressLocality\":\"Cand\\u00e1s\",\"addressRegion\":\"Asturias\",\"addressCountry\":\"ES\"}},{\"@type\":\"Person\",\"@id\":\"https:\\\/\\\/candas365.es\\\/noticias\\\/author\\\/admin\\\/#author\",\"url\":\"https:\\\/\\\/candas365.es\\\/noticias\\\/author\\\/admin\\\/\",\"name\":\"Cand\\u00e1s 365\",\"image\":{\"@type\":\"ImageObject\",\"@id\":\"https:\\\/\\\/candas365.es\\\/noticias\\\/la-borrasca-benjamin-afecta-a-las-mareas-en-alemania\\\/#authorImage\",\"url\":\"https:\\\/\\\/secure.gravatar.com\\\/avatar\\\/496a8e03d0c493ede1718b7934145dbdf8d89be1036b0eec9544e1094c9de390?s=96&d=mm&r=g\",\"width\":96,\"height\":96,\"caption\":\"Cand\\u00e1s 365\"},\"sameAs\":[\"https:\\\/\\\/www.facebook.com\\\/carrenoactualidad\",\"https:\\\/\\\/twitter.com\\\/nbasturias\",\"https:\\\/\\\/www.instagram.com\\\/nachofdezber\\\/\",\"https:\\\/\\\/www.youtube.com\\\/channel\\\/UCZP-2wLEB9Rv6erhFmqVnvg\"]},{\"@type\":\"WebPage\",\"@id\":\"https:\\\/\\\/candas365.es\\\/noticias\\\/la-borrasca-benjamin-afecta-a-las-mareas-en-alemania\\\/#webpage\",\"url\":\"https:\\\/\\\/candas365.es\\\/noticias\\\/la-borrasca-benjamin-afecta-a-las-mareas-en-alemania\\\/\",\"name\":\"La borrasca \\u00abBenjamin\\u00bb afecta a las mareas en Alemania | Cand\\u00e1s 365\",\"description\":\"Hamburgo\\\/M\\u00fanich, 8 ene (dpa)- Partes de la costa alemana del Mar del Norte y la ciudad de Hamburgo esperan hoy una marea muy alta causada por la borrasca \\\"Benjamin\\\", seg\\u00fan advirti\\u00f3 la Agencia Federal de Navegaci\\u00f3n Mar\\u00edtima e Hidrograf\\u00eda. Por su parte, la compa\\u00f1\\u00eda estatal de ferrocarriles alemanes, Deutsche Bahn, no descart\\u00f3 que la borrasca\",\"inLanguage\":\"es-ES\",\"isPartOf\":{\"@id\":\"https:\\\/\\\/candas365.es\\\/noticias\\\/#website\"},\"breadcrumb\":{\"@id\":\"https:\\\/\\\/candas365.es\\\/noticias\\\/la-borrasca-benjamin-afecta-a-las-mareas-en-alemania\\\/#breadcrumblist\"},\"author\":{\"@id\":\"https:\\\/\\\/candas365.es\\\/noticias\\\/author\\\/admin\\\/#author\"},\"creator\":{\"@id\":\"https:\\\/\\\/candas365.es\\\/noticias\\\/author\\\/admin\\\/#author\"},\"image\":{\"@type\":\"ImageObject\",\"url\":\"https:\\\/\\\/candas365.es\\\/noticias\\\/wp-content\\\/uploads\\\/2019\\\/01\\\/sky-2174616_960_720.jpg\",\"@id\":\"https:\\\/\\\/candas365.es\\\/noticias\\\/la-borrasca-benjamin-afecta-a-las-mareas-en-alemania\\\/#mainImage\",\"width\":960,\"height\":638},\"primaryImageOfPage\":{\"@id\":\"https:\\\/\\\/candas365.es\\\/noticias\\\/la-borrasca-benjamin-afecta-a-las-mareas-en-alemania\\\/#mainImage\"},\"datePublished\":\"2019-01-08T13:25:11+01:00\",\"dateModified\":\"2019-01-08T13:25:11+01:00\"},{\"@type\":\"WebSite\",\"@id\":\"https:\\\/\\\/candas365.es\\\/noticias\\\/#website\",\"url\":\"https:\\\/\\\/candas365.es\\\/noticias\\\/\",\"name\":\"Cand\\u00e1s 365\",\"alternateName\":\"Cand\\u00e1s 365 Noticias\",\"description\":\"Actualidad desde Carre\\u00f1o para el mundo\",\"inLanguage\":\"es-ES\",\"publisher\":{\"@id\":\"https:\\\/\\\/candas365.es\\\/noticias\\\/#organization\"}}]}\n\t\t<\/script>\n\t\t<!-- All in One SEO Pro -->\r\n\t\t<title>La borrasca \u00abBenjamin\u00bb afecta a las mareas en Alemania | Cand\u00e1s 365<\/title>\n\n","aioseo_head_json":{"title":"La borrasca \u00abBenjamin\u00bb afecta a las mareas en Alemania | Cand\u00e1s 365","description":"Hamburgo\/M\u00fanich, 8 ene (dpa)- Partes de la costa alemana del Mar del Norte y la ciudad de Hamburgo esperan hoy una marea muy alta causada por la borrasca \"Benjamin\", seg\u00fan advirti\u00f3 la Agencia Federal de Navegaci\u00f3n Mar\u00edtima e Hidrograf\u00eda. Por su parte, la compa\u00f1\u00eda estatal de ferrocarriles alemanes, Deutsche Bahn, no descart\u00f3 que la borrasca","canonical_url":"https:\/\/candas365.es\/noticias\/la-borrasca-benjamin-afecta-a-las-mareas-en-alemania\/","robots":"max-image-preview:large","keywords":"actualidad","webmasterTools":{"google-site-verification":"UA-32230408-1","msvalidate.01":"354F3CDFB2DA171B47FBE9ABF1F88D5","miscellaneous":""},"schema":{"@context":"https:\/\/schema.org","@graph":[{"@type":"BreadcrumbList","@id":"https:\/\/candas365.es\/noticias\/la-borrasca-benjamin-afecta-a-las-mareas-en-alemania\/#breadcrumblist","itemListElement":[{"@type":"ListItem","@id":"https:\/\/candas365.es\/noticias#listItem","position":1,"name":"Home","item":"https:\/\/candas365.es\/noticias","nextItem":{"@type":"ListItem","@id":"https:\/\/candas365.es\/noticias\/category\/actualidad\/#listItem","name":"Actualidad"}},{"@type":"ListItem","@id":"https:\/\/candas365.es\/noticias\/category\/actualidad\/#listItem","position":2,"name":"Actualidad","item":"https:\/\/candas365.es\/noticias\/category\/actualidad\/","nextItem":{"@type":"ListItem","@id":"https:\/\/candas365.es\/noticias\/la-borrasca-benjamin-afecta-a-las-mareas-en-alemania\/#listItem","name":"La borrasca \u00abBenjamin\u00bb afecta a las mareas en Alemania"},"previousItem":{"@type":"ListItem","@id":"https:\/\/candas365.es\/noticias#listItem","name":"Home"}},{"@type":"ListItem","@id":"https:\/\/candas365.es\/noticias\/la-borrasca-benjamin-afecta-a-las-mareas-en-alemania\/#listItem","position":3,"name":"La borrasca \u00abBenjamin\u00bb afecta a las mareas en Alemania","previousItem":{"@type":"ListItem","@id":"https:\/\/candas365.es\/noticias\/category\/actualidad\/#listItem","name":"Actualidad"}}]},{"@type":"NewsArticle","@id":"https:\/\/candas365.es\/noticias\/la-borrasca-benjamin-afecta-a-las-mareas-en-alemania\/#newsarticle","name":"La borrasca \u00abBenjamin\u00bb afecta a las mareas en Alemania | Cand\u00e1s 365","headline":"La borrasca \u00abBenjamin\u00bb afecta a las mareas en Alemania","author":{"@id":"https:\/\/candas365.es\/noticias\/author\/admin\/#author"},"publisher":{"@id":"https:\/\/candas365.es\/noticias\/#organization"},"image":{"@type":"ImageObject","url":"https:\/\/candas365.es\/noticias\/wp-content\/uploads\/2019\/01\/sky-2174616_960_720.jpg","width":960,"height":638},"datePublished":"2019-01-08T13:25:11+01:00","dateModified":"2019-01-08T13:25:11+01:00","inLanguage":"es-ES","mainEntityOfPage":{"@id":"https:\/\/candas365.es\/noticias\/la-borrasca-benjamin-afecta-a-las-mareas-en-alemania\/#webpage"},"isPartOf":{"@id":"https:\/\/candas365.es\/noticias\/la-borrasca-benjamin-afecta-a-las-mareas-en-alemania\/#webpage"},"articleSection":"Actualidad","dateline":"Publicado el enero 8, 2019."},{"@type":"Organization","@id":"https:\/\/candas365.es\/noticias\/#organization","name":"Cand\u00e1s 365","description":"Cand\u00e1s 365 es un diario digital independiente, fundado en 2012, con base en Asturias. Informamos con rigor sobre actualidad, sociedad, cultura y ocio, con una mirada local y global.","url":"https:\/\/candas365.es\/noticias\/","email":"info@candas365.es","telephone":"+34652131393","foundingDate":"2012-06-10","logo":{"@type":"ImageObject","url":"https:\/\/candas365.es\/noticias\/wp-content\/uploads\/2024\/09\/Candas-365-Redes.jpg","@id":"https:\/\/candas365.es\/noticias\/la-borrasca-benjamin-afecta-a-las-mareas-en-alemania\/#organizationLogo","width":1152,"height":864,"caption":"Cand\u00e1s 365 Redes"},"image":{"@id":"https:\/\/candas365.es\/noticias\/la-borrasca-benjamin-afecta-a-las-mareas-en-alemania\/#organizationLogo"},"sameAs":["https:\/\/www.facebook.com\/Nachofdezber","https:\/\/x.com\/NabercoDigital","https:\/\/www.instagram.com\/nachofdezber\/","https:\/\/www.youtube.com\/channel\/UCZP-2wLEB9Rv6erhFmqVnvg"],"address":{"@id":"https:\/\/candas365.es\/noticias\/#postaladdress","@type":"PostalAddress","streetAddress":"san antonio 4, san antonio 4","postalCode":"33430","addressLocality":"Cand\u00e1s","addressRegion":"Asturias","addressCountry":"ES"}},{"@type":"Person","@id":"https:\/\/candas365.es\/noticias\/author\/admin\/#author","url":"https:\/\/candas365.es\/noticias\/author\/admin\/","name":"Cand\u00e1s 365","image":{"@type":"ImageObject","@id":"https:\/\/candas365.es\/noticias\/la-borrasca-benjamin-afecta-a-las-mareas-en-alemania\/#authorImage","url":"https:\/\/secure.gravatar.com\/avatar\/496a8e03d0c493ede1718b7934145dbdf8d89be1036b0eec9544e1094c9de390?s=96&d=mm&r=g","width":96,"height":96,"caption":"Cand\u00e1s 365"},"sameAs":["https:\/\/www.facebook.com\/carrenoactualidad","https:\/\/twitter.com\/nbasturias","https:\/\/www.instagram.com\/nachofdezber\/","https:\/\/www.youtube.com\/channel\/UCZP-2wLEB9Rv6erhFmqVnvg"]},{"@type":"WebPage","@id":"https:\/\/candas365.es\/noticias\/la-borrasca-benjamin-afecta-a-las-mareas-en-alemania\/#webpage","url":"https:\/\/candas365.es\/noticias\/la-borrasca-benjamin-afecta-a-las-mareas-en-alemania\/","name":"La borrasca \u00abBenjamin\u00bb afecta a las mareas en Alemania | Cand\u00e1s 365","description":"Hamburgo\/M\u00fanich, 8 ene (dpa)- Partes de la costa alemana del Mar del Norte y la ciudad de Hamburgo esperan hoy una marea muy alta causada por la borrasca \"Benjamin\", seg\u00fan advirti\u00f3 la Agencia Federal de Navegaci\u00f3n Mar\u00edtima e Hidrograf\u00eda. Por su parte, la compa\u00f1\u00eda estatal de ferrocarriles alemanes, Deutsche Bahn, no descart\u00f3 que la borrasca","inLanguage":"es-ES","isPartOf":{"@id":"https:\/\/candas365.es\/noticias\/#website"},"breadcrumb":{"@id":"https:\/\/candas365.es\/noticias\/la-borrasca-benjamin-afecta-a-las-mareas-en-alemania\/#breadcrumblist"},"author":{"@id":"https:\/\/candas365.es\/noticias\/author\/admin\/#author"},"creator":{"@id":"https:\/\/candas365.es\/noticias\/author\/admin\/#author"},"image":{"@type":"ImageObject","url":"https:\/\/candas365.es\/noticias\/wp-content\/uploads\/2019\/01\/sky-2174616_960_720.jpg","@id":"https:\/\/candas365.es\/noticias\/la-borrasca-benjamin-afecta-a-las-mareas-en-alemania\/#mainImage","width":960,"height":638},"primaryImageOfPage":{"@id":"https:\/\/candas365.es\/noticias\/la-borrasca-benjamin-afecta-a-las-mareas-en-alemania\/#mainImage"},"datePublished":"2019-01-08T13:25:11+01:00","dateModified":"2019-01-08T13:25:11+01:00"},{"@type":"WebSite","@id":"https:\/\/candas365.es\/noticias\/#website","url":"https:\/\/candas365.es\/noticias\/","name":"Cand\u00e1s 365","alternateName":"Cand\u00e1s 365 Noticias","description":"Actualidad desde Carre\u00f1o para el mundo","inLanguage":"es-ES","publisher":{"@id":"https:\/\/candas365.es\/noticias\/#organization"}}]},"og:locale":"es_ES","og:site_name":"Cand\u00e1s 365","og:type":"article","og:title":"La borrasca \u00abBenjamin\u00bb afecta a las mareas en Alemania | Cand\u00e1s 365","og:description":"Hamburgo\/M\u00fanich, 8 ene (dpa)- Partes de la costa alemana del Mar del Norte y la ciudad de Hamburgo esperan hoy una marea muy alta causada por la borrasca &quot;Benjamin&quot;, seg\u00fan advirti\u00f3 la Agencia Federal de Navegaci\u00f3n Mar\u00edtima e Hidrograf\u00eda. Por su parte, la compa\u00f1\u00eda estatal de ferrocarriles alemanes, Deutsche Bahn, no descart\u00f3 que la borrasca","og:url":"https:\/\/candas365.es\/noticias\/la-borrasca-benjamin-afecta-a-las-mareas-en-alemania\/","og:image":"https:\/\/candas365.es\/noticias\/wp-content\/uploads\/2019\/01\/sky-2174616_960_720.jpg","og:image:secure_url":"https:\/\/candas365.es\/noticias\/wp-content\/uploads\/2019\/01\/sky-2174616_960_720.jpg","og:image:width":960,"og:image:height":638,"article:published_time":"2019-01-08T13:25:11+00:00","article:modified_time":"2019-01-08T13:25:11+00:00","article:publisher":"https:\/\/www.facebook.com\/Nachofdezber","article:author":"https:\/\/www.facebook.com\/carrenoactualidad","twitter:card":"summary_large_image","twitter:site":"@NabercoDigital","twitter:title":"La borrasca \u00abBenjamin\u00bb afecta a las mareas en Alemania | Cand\u00e1s 365","twitter:description":"Hamburgo\/M\u00fanich, 8 ene (dpa)- Partes de la costa alemana del Mar del Norte y la ciudad de Hamburgo esperan hoy una marea muy alta causada por la borrasca &quot;Benjamin&quot;, seg\u00fan advirti\u00f3 la Agencia Federal de Navegaci\u00f3n Mar\u00edtima e Hidrograf\u00eda. Por su parte, la compa\u00f1\u00eda estatal de ferrocarriles alemanes, Deutsche Bahn, no descart\u00f3 que la borrasca","twitter:creator":"@nbasturias","twitter:image":"https:\/\/candas365.es\/noticias\/wp-content\/uploads\/2019\/01\/sky-2174616_960_720.jpg","twitter:label1":"Escrito por","twitter:data1":"Cand\u00e1s 365","twitter:label2":"Tiempo de lectura estimado","twitter:data2":"1 minuto"},"aioseo_meta_data":{"post_id":"113722","title":null,"description":null,"keywords":null,"keyphrases":null,"primary_term":null,"canonical_url":null,"og_title":null,"og_description":null,"og_object_type":"default","og_image_type":"default","og_image_url":null,"og_image_width":null,"og_image_height":null,"og_image_custom_url":null,"og_image_custom_fields":null,"og_video":null,"og_custom_url":null,"og_article_section":null,"og_article_tags":null,"twitter_use_og":false,"twitter_card":"default","twitter_image_type":"default","twitter_image_url":null,"twitter_image_custom_url":null,"twitter_image_custom_fields":null,"twitter_title":null,"twitter_description":null,"schema":{"blockGraphs":[],"customGraphs":[],"default":{"data":{"Article":[],"Course":[],"Dataset":[],"FAQPage":[],"Movie":[],"Person":[],"Product":[],"ProductReview":[],"Car":[],"Recipe":[],"Service":[],"SoftwareApplication":[],"WebPage":[]},"graphName":"","isEnabled":true},"graphs":[],"defaultGraph":"","defaultPostTypeGraph":""},"schema_type":null,"schema_type_options":null,"pillar_content":false,"robots_default":true,"robots_noindex":false,"robots_noarchive":false,"robots_nosnippet":false,"robots_nofollow":false,"robots_noimageindex":false,"robots_noodp":false,"robots_notranslate":false,"robots_max_snippet":null,"robots_max_videopreview":null,"robots_max_imagepreview":"large","priority":null,"frequency":null,"location":null,"local_seo":null,"seo_analyzer_scan_date":"2025-08-28 23:30:22","breadcrumb_settings":null,"limit_modified_date":false,"reviewed_by":null,"open_ai":null,"ai":null,"created":"2020-12-21 11:26:55","updated":"2025-08-28 23:30:22"},"aioseo_breadcrumb":"<div class=\"aioseo-breadcrumbs\"><span class=\"aioseo-breadcrumb\">\n\t<a href=\"https:\/\/candas365.es\/noticias\" title=\"Home\">Home<\/a>\n<\/span><span class=\"aioseo-breadcrumb-separator\">&ndash;<\/span><span class=\"aioseo-breadcrumb\">\n\t<a href=\"https:\/\/candas365.es\/noticias\/category\/actualidad\/\" title=\"Actualidad\">Actualidad<\/a>\n<\/span><span class=\"aioseo-breadcrumb-separator\">&ndash;<\/span><span class=\"aioseo-breadcrumb\">\n\tLa borrasca \u00abBenjamin\u00bb afecta a las mareas en Alemania\n<\/span><\/div>","aioseo_breadcrumb_json":[{"label":"Home","link":"https:\/\/candas365.es\/noticias"},{"label":"Actualidad","link":"https:\/\/candas365.es\/noticias\/category\/actualidad\/"},{"label":"La borrasca \u00abBenjamin\u00bb afecta a las mareas en Alemania","link":"https:\/\/candas365.es\/noticias\/la-borrasca-benjamin-afecta-a-las-mareas-en-alemania\/"}],"_links":{"self":[{"href":"https:\/\/candas365.es\/noticias\/wp-json\/wp\/v2\/posts\/113722","targetHints":{"allow":["GET"]}}],"collection":[{"href":"https:\/\/candas365.es\/noticias\/wp-json\/wp\/v2\/posts"}],"about":[{"href":"https:\/\/candas365.es\/noticias\/wp-json\/wp\/v2\/types\/post"}],"author":[{"embeddable":true,"href":"https:\/\/candas365.es\/noticias\/wp-json\/wp\/v2\/users\/1"}],"replies":[{"embeddable":true,"href":"https:\/\/candas365.es\/noticias\/wp-json\/wp\/v2\/comments?post=113722"}],"version-history":[{"count":0,"href":"https:\/\/candas365.es\/noticias\/wp-json\/wp\/v2\/posts\/113722\/revisions"}],"wp:featuredmedia":[{"embeddable":true,"href":"https:\/\/candas365.es\/noticias\/wp-json\/wp\/v2\/media\/113723"}],"wp:attachment":[{"href":"https:\/\/candas365.es\/noticias\/wp-json\/wp\/v2\/media?parent=113722"}],"wp:term":[{"taxonomy":"category","embeddable":true,"href":"https:\/\/candas365.es\/noticias\/wp-json\/wp\/v2\/categories?post=113722"},{"taxonomy":"post_tag","embeddable":true,"href":"https:\/\/candas365.es\/noticias\/wp-json\/wp\/v2\/tags?post=113722"}],"curies":[{"name":"wp","href":"https:\/\/api.w.org\/{rel}","templated":true}]}}