{"id":113717,"date":"2019-01-08T13:17:13","date_gmt":"2019-01-08T13:17:13","guid":{"rendered":"http:\/\/candas365.es\/noticias\/?p=113717"},"modified":"2019-01-08T13:17:13","modified_gmt":"2019-01-08T13:17:13","slug":"atacan-un-diputado-de-afd","status":"publish","type":"post","link":"https:\/\/candas365.es\/noticias\/atacan-un-diputado-de-afd\/","title":{"rendered":"Atacan un diputado de AfD"},"content":{"rendered":"<p><img fetchpriority=\"high\" decoding=\"async\" class=\"alignleft size-medium wp-image-111612\" src=\"https:\/\/candas365.es\/noticias\/wp-content\/uploads\/2018\/12\/technology-2500010_960_720-360x240.jpg\" alt=\"\" width=\"360\" height=\"240\" srcset=\"https:\/\/candas365.es\/noticias\/wp-content\/uploads\/2018\/12\/technology-2500010_960_720-360x240.jpg 360w, https:\/\/candas365.es\/noticias\/wp-content\/uploads\/2018\/12\/technology-2500010_960_720-768x512.jpg 768w, https:\/\/candas365.es\/noticias\/wp-content\/uploads\/2018\/12\/technology-2500010_960_720-655x437.jpg 655w, https:\/\/candas365.es\/noticias\/wp-content\/uploads\/2018\/12\/technology-2500010_960_720-696x464.jpg 696w, https:\/\/candas365.es\/noticias\/wp-content\/uploads\/2018\/12\/technology-2500010_960_720-630x420.jpg 630w, https:\/\/candas365.es\/noticias\/wp-content\/uploads\/2018\/12\/technology-2500010_960_720.jpg 960w\" sizes=\"(max-width: 360px) 100vw, 360px\" \/>Bremen (Alemania), 8 ene (dpa) &#8211; Un diputado del Parlamento alem\u00e1n del partido populista de ultraderecha Alternativa para Alemania (AfD) fue atacado en la tarde del lunes por un grupo de varias personas y sufri\u00f3 heridas graves, seg\u00fan comunic\u00f3 la Polic\u00eda de la ciudad de Bremen, en el norte de Alemania.<\/p>\n<p>El ataque a Frank Magnitz, quien ocupa la presidencia de la AfD en el estado federado de Bremen, tuvo lugar en las cercan\u00edas de un teatro ubicado en la plaza Goethe de la ciudad hanse\u00e1tica.<\/p>\n<p>La Polic\u00eda se\u00f1al\u00f3 que debe considerarse que el hecho tiene una motivaci\u00f3n pol\u00edtica, dado el cargo p\u00fablico que ocupa el agredido. Las autoridades policiales competentes y la fiscal\u00eda de Bremen iniciaron las investigaciones del caso, mientras que numerosos pol\u00edticos expresaron su conmoci\u00f3n al respecto.<\/p>\n<p>De acuerdo con informaciones del partido AfD de Bremen, Magnitz fue atacado por tres personas encapuchadas y se encuentra en un hospital con lesiones graves.<\/p>\n<p>La Polic\u00eda no efectu\u00f3 declaraciones acerca del estado de salud del pol\u00edtico ni tampoco dio detalles del incidente. Los investigadores buscan ahora testigos que puedan dar informaci\u00f3n sobre ek suceso.<\/p>\n<p>El pol\u00edtico de Los Verdes, Cem \u00d6zdemir, escribi\u00f3 hoy por la ma\u00f1ana en Twitter que espera que los autores del hecho puedan ser pronto localizados y condenados.<\/p>\n<p>\u00abNo hay ninguna justificaci\u00f3n para la violencia, tampoco frente a la AfD. Quien combate el odio con odio permite que al final siempre triunfe el odio\u00bb, enfatiz\u00f3.<\/p>\n<p>Tambi\u00e9n numerosos pol\u00edticos de AfD condenaron la agresi\u00f3n y desearon a Magnitz una pronta recuperaci\u00f3n.<\/p>\n","protected":false},"excerpt":{"rendered":"<p>Bremen (Alemania), 8 ene (dpa) &#8211; Un diputado del Parlamento alem\u00e1n del partido populista de ultraderecha Alternativa para Alemania (AfD) fue atacado en la tarde del lunes por un grupo de varias personas y sufri\u00f3 heridas graves, seg\u00fan comunic\u00f3 la Polic\u00eda de la ciudad de Bremen, en el norte de Alemania. El ataque a Frank<\/p>\n","protected":false},"author":1,"featured_media":107557,"comment_status":"closed","ping_status":"closed","sticky":false,"template":"","format":"standard","meta":{"footnotes":""},"categories":[343],"tags":[],"class_list":{"0":"post-113717","1":"post","2":"type-post","3":"status-publish","4":"format-standard","5":"has-post-thumbnail","7":"category-actualidad"},"aioseo_notices":[],"aioseo_head":"\n\t\t<!-- All in One SEO Pro 4.9.6.2 - aioseo.com -->\n\t<meta name=\"description\" content=\"Bremen (Alemania), 8 ene (dpa) - Un diputado del Parlamento alem\u00e1n del partido populista de ultraderecha Alternativa para Alemania (AfD) fue atacado en la tarde del lunes por un grupo de varias personas y sufri\u00f3 heridas graves, seg\u00fan comunic\u00f3 la Polic\u00eda de la ciudad de Bremen, en el norte de Alemania. El ataque a Frank\" \/>\n\t<meta name=\"robots\" content=\"max-image-preview:large\" \/>\n\t<meta name=\"author\" content=\"Cand\u00e1s 365\"\/>\n\t<meta name=\"google-site-verification\" content=\"UA-32230408-1\" \/>\n\t<meta name=\"msvalidate.01\" content=\"354F3CDFB2DA171B47FBE9ABF1F88D5\" \/>\n\t<meta name=\"keywords\" content=\"actualidad\" \/>\n\t<link rel=\"canonical\" href=\"https:\/\/candas365.es\/noticias\/atacan-un-diputado-de-afd\/\" \/>\n\t<meta name=\"generator\" content=\"All in One SEO Pro (AIOSEO) 4.9.6.2\" \/>\n\t\t<meta property=\"og:locale\" content=\"es_ES\" \/>\n\t\t<meta property=\"og:site_name\" content=\"Cand\u00e1s 365\" \/>\n\t\t<meta property=\"og:type\" content=\"article\" \/>\n\t\t<meta property=\"og:title\" content=\"Atacan un diputado de AfD | Cand\u00e1s 365\" \/>\n\t\t<meta property=\"og:description\" content=\"Bremen (Alemania), 8 ene (dpa) - Un diputado del Parlamento alem\u00e1n del partido populista de ultraderecha Alternativa para Alemania (AfD) fue atacado en la tarde del lunes por un grupo de varias personas y sufri\u00f3 heridas graves, seg\u00fan comunic\u00f3 la Polic\u00eda de la ciudad de Bremen, en el norte de Alemania. El ataque a Frank\" \/>\n\t\t<meta property=\"og:url\" content=\"https:\/\/candas365.es\/noticias\/atacan-un-diputado-de-afd\/\" \/>\n\t\t<meta property=\"og:image\" content=\"https:\/\/candas365.es\/noticias\/wp-content\/uploads\/2018\/10\/technology-785742_960_720.jpg\" \/>\n\t\t<meta property=\"og:image:secure_url\" content=\"https:\/\/candas365.es\/noticias\/wp-content\/uploads\/2018\/10\/technology-785742_960_720.jpg\" \/>\n\t\t<meta property=\"og:image:width\" content=\"960\" \/>\n\t\t<meta property=\"og:image:height\" content=\"640\" \/>\n\t\t<meta property=\"article:published_time\" content=\"2019-01-08T13:17:13+00:00\" \/>\n\t\t<meta property=\"article:modified_time\" content=\"2019-01-08T13:17:13+00:00\" \/>\n\t\t<meta property=\"article:publisher\" content=\"https:\/\/www.facebook.com\/Nachofdezber\" \/>\n\t\t<meta property=\"article:author\" content=\"https:\/\/www.facebook.com\/carrenoactualidad\" \/>\n\t\t<meta name=\"twitter:card\" content=\"summary_large_image\" \/>\n\t\t<meta name=\"twitter:site\" content=\"@NabercoDigital\" \/>\n\t\t<meta name=\"twitter:title\" content=\"Atacan un diputado de AfD | Cand\u00e1s 365\" \/>\n\t\t<meta name=\"twitter:description\" content=\"Bremen (Alemania), 8 ene (dpa) - Un diputado del Parlamento alem\u00e1n del partido populista de ultraderecha Alternativa para Alemania (AfD) fue atacado en la tarde del lunes por un grupo de varias personas y sufri\u00f3 heridas graves, seg\u00fan comunic\u00f3 la Polic\u00eda de la ciudad de Bremen, en el norte de Alemania. El ataque a Frank\" \/>\n\t\t<meta name=\"twitter:creator\" content=\"@nbasturias\" \/>\n\t\t<meta name=\"twitter:image\" content=\"https:\/\/candas365.es\/noticias\/wp-content\/uploads\/2018\/10\/technology-785742_960_720.jpg\" \/>\n\t\t<meta name=\"twitter:label1\" content=\"Escrito por\" \/>\n\t\t<meta name=\"twitter:data1\" content=\"Cand\u00e1s 365\" \/>\n\t\t<meta name=\"twitter:label2\" content=\"Tiempo de lectura estimado\" \/>\n\t\t<meta name=\"twitter:data2\" content=\"1 minuto\" \/>\n\t\t<script type=\"application\/ld+json\" class=\"aioseo-schema\">\n\t\t\t{\"@context\":\"https:\\\/\\\/schema.org\",\"@graph\":[{\"@type\":\"BreadcrumbList\",\"@id\":\"https:\\\/\\\/candas365.es\\\/noticias\\\/atacan-un-diputado-de-afd\\\/#breadcrumblist\",\"itemListElement\":[{\"@type\":\"ListItem\",\"@id\":\"https:\\\/\\\/candas365.es\\\/noticias#listItem\",\"position\":1,\"name\":\"Home\",\"item\":\"https:\\\/\\\/candas365.es\\\/noticias\",\"nextItem\":{\"@type\":\"ListItem\",\"@id\":\"https:\\\/\\\/candas365.es\\\/noticias\\\/category\\\/actualidad\\\/#listItem\",\"name\":\"Actualidad\"}},{\"@type\":\"ListItem\",\"@id\":\"https:\\\/\\\/candas365.es\\\/noticias\\\/category\\\/actualidad\\\/#listItem\",\"position\":2,\"name\":\"Actualidad\",\"item\":\"https:\\\/\\\/candas365.es\\\/noticias\\\/category\\\/actualidad\\\/\",\"nextItem\":{\"@type\":\"ListItem\",\"@id\":\"https:\\\/\\\/candas365.es\\\/noticias\\\/atacan-un-diputado-de-afd\\\/#listItem\",\"name\":\"Atacan un diputado de AfD\"},\"previousItem\":{\"@type\":\"ListItem\",\"@id\":\"https:\\\/\\\/candas365.es\\\/noticias#listItem\",\"name\":\"Home\"}},{\"@type\":\"ListItem\",\"@id\":\"https:\\\/\\\/candas365.es\\\/noticias\\\/atacan-un-diputado-de-afd\\\/#listItem\",\"position\":3,\"name\":\"Atacan un diputado de AfD\",\"previousItem\":{\"@type\":\"ListItem\",\"@id\":\"https:\\\/\\\/candas365.es\\\/noticias\\\/category\\\/actualidad\\\/#listItem\",\"name\":\"Actualidad\"}}]},{\"@type\":\"NewsArticle\",\"@id\":\"https:\\\/\\\/candas365.es\\\/noticias\\\/atacan-un-diputado-de-afd\\\/#newsarticle\",\"name\":\"Atacan un diputado de AfD | Cand\\u00e1s 365\",\"headline\":\"Atacan un diputado de AfD\",\"author\":{\"@id\":\"https:\\\/\\\/candas365.es\\\/noticias\\\/author\\\/admin\\\/#author\"},\"publisher\":{\"@id\":\"https:\\\/\\\/candas365.es\\\/noticias\\\/#organization\"},\"image\":{\"@type\":\"ImageObject\",\"url\":\"https:\\\/\\\/candas365.es\\\/noticias\\\/wp-content\\\/uploads\\\/2018\\\/10\\\/technology-785742_960_720.jpg\",\"width\":960,\"height\":640},\"datePublished\":\"2019-01-08T13:17:13+01:00\",\"dateModified\":\"2019-01-08T13:17:13+01:00\",\"inLanguage\":\"es-ES\",\"mainEntityOfPage\":{\"@id\":\"https:\\\/\\\/candas365.es\\\/noticias\\\/atacan-un-diputado-de-afd\\\/#webpage\"},\"isPartOf\":{\"@id\":\"https:\\\/\\\/candas365.es\\\/noticias\\\/atacan-un-diputado-de-afd\\\/#webpage\"},\"articleSection\":\"Actualidad\",\"dateline\":\"Publicado el enero 8, 2019.\"},{\"@type\":\"Organization\",\"@id\":\"https:\\\/\\\/candas365.es\\\/noticias\\\/#organization\",\"name\":\"Cand\\u00e1s 365\",\"description\":\"Cand\\u00e1s 365 es un diario digital independiente, fundado en 2012, con base en Asturias. Informamos con rigor sobre actualidad, sociedad, cultura y ocio, con una mirada local y global.\",\"url\":\"https:\\\/\\\/candas365.es\\\/noticias\\\/\",\"email\":\"info@candas365.es\",\"telephone\":\"+34652131393\",\"foundingDate\":\"2012-06-10\",\"logo\":{\"@type\":\"ImageObject\",\"url\":\"https:\\\/\\\/candas365.es\\\/noticias\\\/wp-content\\\/uploads\\\/2024\\\/09\\\/Candas-365-Redes.jpg\",\"@id\":\"https:\\\/\\\/candas365.es\\\/noticias\\\/atacan-un-diputado-de-afd\\\/#organizationLogo\",\"width\":1152,\"height\":864,\"caption\":\"Cand\\u00e1s 365 Redes\"},\"image\":{\"@id\":\"https:\\\/\\\/candas365.es\\\/noticias\\\/atacan-un-diputado-de-afd\\\/#organizationLogo\"},\"sameAs\":[\"https:\\\/\\\/www.facebook.com\\\/Nachofdezber\",\"https:\\\/\\\/x.com\\\/NabercoDigital\",\"https:\\\/\\\/www.instagram.com\\\/nachofdezber\\\/\",\"https:\\\/\\\/www.youtube.com\\\/channel\\\/UCZP-2wLEB9Rv6erhFmqVnvg\"],\"address\":{\"@id\":\"https:\\\/\\\/candas365.es\\\/noticias\\\/#postaladdress\",\"@type\":\"PostalAddress\",\"streetAddress\":\"san antonio 4, san antonio 4\",\"postalCode\":\"33430\",\"addressLocality\":\"Cand\\u00e1s\",\"addressRegion\":\"Asturias\",\"addressCountry\":\"ES\"}},{\"@type\":\"Person\",\"@id\":\"https:\\\/\\\/candas365.es\\\/noticias\\\/author\\\/admin\\\/#author\",\"url\":\"https:\\\/\\\/candas365.es\\\/noticias\\\/author\\\/admin\\\/\",\"name\":\"Cand\\u00e1s 365\",\"image\":{\"@type\":\"ImageObject\",\"@id\":\"https:\\\/\\\/candas365.es\\\/noticias\\\/atacan-un-diputado-de-afd\\\/#authorImage\",\"url\":\"https:\\\/\\\/secure.gravatar.com\\\/avatar\\\/496a8e03d0c493ede1718b7934145dbdf8d89be1036b0eec9544e1094c9de390?s=96&d=mm&r=g\",\"width\":96,\"height\":96,\"caption\":\"Cand\\u00e1s 365\"},\"sameAs\":[\"https:\\\/\\\/www.facebook.com\\\/carrenoactualidad\",\"https:\\\/\\\/twitter.com\\\/nbasturias\",\"https:\\\/\\\/www.instagram.com\\\/nachofdezber\\\/\",\"https:\\\/\\\/www.youtube.com\\\/channel\\\/UCZP-2wLEB9Rv6erhFmqVnvg\"]},{\"@type\":\"WebPage\",\"@id\":\"https:\\\/\\\/candas365.es\\\/noticias\\\/atacan-un-diputado-de-afd\\\/#webpage\",\"url\":\"https:\\\/\\\/candas365.es\\\/noticias\\\/atacan-un-diputado-de-afd\\\/\",\"name\":\"Atacan un diputado de AfD | Cand\\u00e1s 365\",\"description\":\"Bremen (Alemania), 8 ene (dpa) - Un diputado del Parlamento alem\\u00e1n del partido populista de ultraderecha Alternativa para Alemania (AfD) fue atacado en la tarde del lunes por un grupo de varias personas y sufri\\u00f3 heridas graves, seg\\u00fan comunic\\u00f3 la Polic\\u00eda de la ciudad de Bremen, en el norte de Alemania. El ataque a Frank\",\"inLanguage\":\"es-ES\",\"isPartOf\":{\"@id\":\"https:\\\/\\\/candas365.es\\\/noticias\\\/#website\"},\"breadcrumb\":{\"@id\":\"https:\\\/\\\/candas365.es\\\/noticias\\\/atacan-un-diputado-de-afd\\\/#breadcrumblist\"},\"author\":{\"@id\":\"https:\\\/\\\/candas365.es\\\/noticias\\\/author\\\/admin\\\/#author\"},\"creator\":{\"@id\":\"https:\\\/\\\/candas365.es\\\/noticias\\\/author\\\/admin\\\/#author\"},\"image\":{\"@type\":\"ImageObject\",\"url\":\"https:\\\/\\\/candas365.es\\\/noticias\\\/wp-content\\\/uploads\\\/2018\\\/10\\\/technology-785742_960_720.jpg\",\"@id\":\"https:\\\/\\\/candas365.es\\\/noticias\\\/atacan-un-diputado-de-afd\\\/#mainImage\",\"width\":960,\"height\":640},\"primaryImageOfPage\":{\"@id\":\"https:\\\/\\\/candas365.es\\\/noticias\\\/atacan-un-diputado-de-afd\\\/#mainImage\"},\"datePublished\":\"2019-01-08T13:17:13+01:00\",\"dateModified\":\"2019-01-08T13:17:13+01:00\"},{\"@type\":\"WebSite\",\"@id\":\"https:\\\/\\\/candas365.es\\\/noticias\\\/#website\",\"url\":\"https:\\\/\\\/candas365.es\\\/noticias\\\/\",\"name\":\"Cand\\u00e1s 365\",\"alternateName\":\"Cand\\u00e1s 365 Noticias\",\"description\":\"Actualidad desde Carre\\u00f1o para el mundo\",\"inLanguage\":\"es-ES\",\"publisher\":{\"@id\":\"https:\\\/\\\/candas365.es\\\/noticias\\\/#organization\"}}]}\n\t\t<\/script>\n\t\t<!-- All in One SEO Pro -->\r\n\t\t<title>Atacan un diputado de AfD | Cand\u00e1s 365<\/title>\n\n","aioseo_head_json":{"title":"Atacan un diputado de AfD | Cand\u00e1s 365","description":"Bremen (Alemania), 8 ene (dpa) - Un diputado del Parlamento alem\u00e1n del partido populista de ultraderecha Alternativa para Alemania (AfD) fue atacado en la tarde del lunes por un grupo de varias personas y sufri\u00f3 heridas graves, seg\u00fan comunic\u00f3 la Polic\u00eda de la ciudad de Bremen, en el norte de Alemania. El ataque a Frank","canonical_url":"https:\/\/candas365.es\/noticias\/atacan-un-diputado-de-afd\/","robots":"max-image-preview:large","keywords":"actualidad","webmasterTools":{"google-site-verification":"UA-32230408-1","msvalidate.01":"354F3CDFB2DA171B47FBE9ABF1F88D5","miscellaneous":""},"schema":{"@context":"https:\/\/schema.org","@graph":[{"@type":"BreadcrumbList","@id":"https:\/\/candas365.es\/noticias\/atacan-un-diputado-de-afd\/#breadcrumblist","itemListElement":[{"@type":"ListItem","@id":"https:\/\/candas365.es\/noticias#listItem","position":1,"name":"Home","item":"https:\/\/candas365.es\/noticias","nextItem":{"@type":"ListItem","@id":"https:\/\/candas365.es\/noticias\/category\/actualidad\/#listItem","name":"Actualidad"}},{"@type":"ListItem","@id":"https:\/\/candas365.es\/noticias\/category\/actualidad\/#listItem","position":2,"name":"Actualidad","item":"https:\/\/candas365.es\/noticias\/category\/actualidad\/","nextItem":{"@type":"ListItem","@id":"https:\/\/candas365.es\/noticias\/atacan-un-diputado-de-afd\/#listItem","name":"Atacan un diputado de AfD"},"previousItem":{"@type":"ListItem","@id":"https:\/\/candas365.es\/noticias#listItem","name":"Home"}},{"@type":"ListItem","@id":"https:\/\/candas365.es\/noticias\/atacan-un-diputado-de-afd\/#listItem","position":3,"name":"Atacan un diputado de AfD","previousItem":{"@type":"ListItem","@id":"https:\/\/candas365.es\/noticias\/category\/actualidad\/#listItem","name":"Actualidad"}}]},{"@type":"NewsArticle","@id":"https:\/\/candas365.es\/noticias\/atacan-un-diputado-de-afd\/#newsarticle","name":"Atacan un diputado de AfD | Cand\u00e1s 365","headline":"Atacan un diputado de AfD","author":{"@id":"https:\/\/candas365.es\/noticias\/author\/admin\/#author"},"publisher":{"@id":"https:\/\/candas365.es\/noticias\/#organization"},"image":{"@type":"ImageObject","url":"https:\/\/candas365.es\/noticias\/wp-content\/uploads\/2018\/10\/technology-785742_960_720.jpg","width":960,"height":640},"datePublished":"2019-01-08T13:17:13+01:00","dateModified":"2019-01-08T13:17:13+01:00","inLanguage":"es-ES","mainEntityOfPage":{"@id":"https:\/\/candas365.es\/noticias\/atacan-un-diputado-de-afd\/#webpage"},"isPartOf":{"@id":"https:\/\/candas365.es\/noticias\/atacan-un-diputado-de-afd\/#webpage"},"articleSection":"Actualidad","dateline":"Publicado el enero 8, 2019."},{"@type":"Organization","@id":"https:\/\/candas365.es\/noticias\/#organization","name":"Cand\u00e1s 365","description":"Cand\u00e1s 365 es un diario digital independiente, fundado en 2012, con base en Asturias. Informamos con rigor sobre actualidad, sociedad, cultura y ocio, con una mirada local y global.","url":"https:\/\/candas365.es\/noticias\/","email":"info@candas365.es","telephone":"+34652131393","foundingDate":"2012-06-10","logo":{"@type":"ImageObject","url":"https:\/\/candas365.es\/noticias\/wp-content\/uploads\/2024\/09\/Candas-365-Redes.jpg","@id":"https:\/\/candas365.es\/noticias\/atacan-un-diputado-de-afd\/#organizationLogo","width":1152,"height":864,"caption":"Cand\u00e1s 365 Redes"},"image":{"@id":"https:\/\/candas365.es\/noticias\/atacan-un-diputado-de-afd\/#organizationLogo"},"sameAs":["https:\/\/www.facebook.com\/Nachofdezber","https:\/\/x.com\/NabercoDigital","https:\/\/www.instagram.com\/nachofdezber\/","https:\/\/www.youtube.com\/channel\/UCZP-2wLEB9Rv6erhFmqVnvg"],"address":{"@id":"https:\/\/candas365.es\/noticias\/#postaladdress","@type":"PostalAddress","streetAddress":"san antonio 4, san antonio 4","postalCode":"33430","addressLocality":"Cand\u00e1s","addressRegion":"Asturias","addressCountry":"ES"}},{"@type":"Person","@id":"https:\/\/candas365.es\/noticias\/author\/admin\/#author","url":"https:\/\/candas365.es\/noticias\/author\/admin\/","name":"Cand\u00e1s 365","image":{"@type":"ImageObject","@id":"https:\/\/candas365.es\/noticias\/atacan-un-diputado-de-afd\/#authorImage","url":"https:\/\/secure.gravatar.com\/avatar\/496a8e03d0c493ede1718b7934145dbdf8d89be1036b0eec9544e1094c9de390?s=96&d=mm&r=g","width":96,"height":96,"caption":"Cand\u00e1s 365"},"sameAs":["https:\/\/www.facebook.com\/carrenoactualidad","https:\/\/twitter.com\/nbasturias","https:\/\/www.instagram.com\/nachofdezber\/","https:\/\/www.youtube.com\/channel\/UCZP-2wLEB9Rv6erhFmqVnvg"]},{"@type":"WebPage","@id":"https:\/\/candas365.es\/noticias\/atacan-un-diputado-de-afd\/#webpage","url":"https:\/\/candas365.es\/noticias\/atacan-un-diputado-de-afd\/","name":"Atacan un diputado de AfD | Cand\u00e1s 365","description":"Bremen (Alemania), 8 ene (dpa) - Un diputado del Parlamento alem\u00e1n del partido populista de ultraderecha Alternativa para Alemania (AfD) fue atacado en la tarde del lunes por un grupo de varias personas y sufri\u00f3 heridas graves, seg\u00fan comunic\u00f3 la Polic\u00eda de la ciudad de Bremen, en el norte de Alemania. El ataque a Frank","inLanguage":"es-ES","isPartOf":{"@id":"https:\/\/candas365.es\/noticias\/#website"},"breadcrumb":{"@id":"https:\/\/candas365.es\/noticias\/atacan-un-diputado-de-afd\/#breadcrumblist"},"author":{"@id":"https:\/\/candas365.es\/noticias\/author\/admin\/#author"},"creator":{"@id":"https:\/\/candas365.es\/noticias\/author\/admin\/#author"},"image":{"@type":"ImageObject","url":"https:\/\/candas365.es\/noticias\/wp-content\/uploads\/2018\/10\/technology-785742_960_720.jpg","@id":"https:\/\/candas365.es\/noticias\/atacan-un-diputado-de-afd\/#mainImage","width":960,"height":640},"primaryImageOfPage":{"@id":"https:\/\/candas365.es\/noticias\/atacan-un-diputado-de-afd\/#mainImage"},"datePublished":"2019-01-08T13:17:13+01:00","dateModified":"2019-01-08T13:17:13+01:00"},{"@type":"WebSite","@id":"https:\/\/candas365.es\/noticias\/#website","url":"https:\/\/candas365.es\/noticias\/","name":"Cand\u00e1s 365","alternateName":"Cand\u00e1s 365 Noticias","description":"Actualidad desde Carre\u00f1o para el mundo","inLanguage":"es-ES","publisher":{"@id":"https:\/\/candas365.es\/noticias\/#organization"}}]},"og:locale":"es_ES","og:site_name":"Cand\u00e1s 365","og:type":"article","og:title":"Atacan un diputado de AfD | Cand\u00e1s 365","og:description":"Bremen (Alemania), 8 ene (dpa) - Un diputado del Parlamento alem\u00e1n del partido populista de ultraderecha Alternativa para Alemania (AfD) fue atacado en la tarde del lunes por un grupo de varias personas y sufri\u00f3 heridas graves, seg\u00fan comunic\u00f3 la Polic\u00eda de la ciudad de Bremen, en el norte de Alemania. El ataque a Frank","og:url":"https:\/\/candas365.es\/noticias\/atacan-un-diputado-de-afd\/","og:image":"https:\/\/candas365.es\/noticias\/wp-content\/uploads\/2018\/10\/technology-785742_960_720.jpg","og:image:secure_url":"https:\/\/candas365.es\/noticias\/wp-content\/uploads\/2018\/10\/technology-785742_960_720.jpg","og:image:width":960,"og:image:height":640,"article:published_time":"2019-01-08T13:17:13+00:00","article:modified_time":"2019-01-08T13:17:13+00:00","article:publisher":"https:\/\/www.facebook.com\/Nachofdezber","article:author":"https:\/\/www.facebook.com\/carrenoactualidad","twitter:card":"summary_large_image","twitter:site":"@NabercoDigital","twitter:title":"Atacan un diputado de AfD | Cand\u00e1s 365","twitter:description":"Bremen (Alemania), 8 ene (dpa) - Un diputado del Parlamento alem\u00e1n del partido populista de ultraderecha Alternativa para Alemania (AfD) fue atacado en la tarde del lunes por un grupo de varias personas y sufri\u00f3 heridas graves, seg\u00fan comunic\u00f3 la Polic\u00eda de la ciudad de Bremen, en el norte de Alemania. El ataque a Frank","twitter:creator":"@nbasturias","twitter:image":"https:\/\/candas365.es\/noticias\/wp-content\/uploads\/2018\/10\/technology-785742_960_720.jpg","twitter:label1":"Escrito por","twitter:data1":"Cand\u00e1s 365","twitter:label2":"Tiempo de lectura estimado","twitter:data2":"1 minuto"},"aioseo_meta_data":{"post_id":"113717","title":null,"description":null,"keywords":null,"keyphrases":null,"primary_term":null,"canonical_url":null,"og_title":null,"og_description":null,"og_object_type":"default","og_image_type":"default","og_image_url":null,"og_image_width":null,"og_image_height":null,"og_image_custom_url":null,"og_image_custom_fields":null,"og_video":null,"og_custom_url":null,"og_article_section":null,"og_article_tags":null,"twitter_use_og":false,"twitter_card":"default","twitter_image_type":"default","twitter_image_url":null,"twitter_image_custom_url":null,"twitter_image_custom_fields":null,"twitter_title":null,"twitter_description":null,"schema":{"blockGraphs":[],"customGraphs":[],"default":{"data":{"Article":[],"Course":[],"Dataset":[],"FAQPage":[],"Movie":[],"Person":[],"Product":[],"ProductReview":[],"Car":[],"Recipe":[],"Service":[],"SoftwareApplication":[],"WebPage":[]},"graphName":"","isEnabled":true},"graphs":[],"defaultGraph":"","defaultPostTypeGraph":""},"schema_type":null,"schema_type_options":null,"pillar_content":false,"robots_default":true,"robots_noindex":false,"robots_noarchive":false,"robots_nosnippet":false,"robots_nofollow":false,"robots_noimageindex":false,"robots_noodp":false,"robots_notranslate":false,"robots_max_snippet":null,"robots_max_videopreview":null,"robots_max_imagepreview":"large","priority":null,"frequency":null,"location":null,"local_seo":null,"seo_analyzer_scan_date":"2025-08-28 23:30:19","breadcrumb_settings":null,"limit_modified_date":false,"reviewed_by":null,"open_ai":null,"ai":null,"created":"2020-12-21 11:26:55","updated":"2025-08-28 23:30:19"},"aioseo_breadcrumb":"<div class=\"aioseo-breadcrumbs\"><span class=\"aioseo-breadcrumb\">\n\t<a href=\"https:\/\/candas365.es\/noticias\" title=\"Home\">Home<\/a>\n<\/span><span class=\"aioseo-breadcrumb-separator\">&ndash;<\/span><span class=\"aioseo-breadcrumb\">\n\t<a href=\"https:\/\/candas365.es\/noticias\/category\/actualidad\/\" title=\"Actualidad\">Actualidad<\/a>\n<\/span><span class=\"aioseo-breadcrumb-separator\">&ndash;<\/span><span class=\"aioseo-breadcrumb\">\n\tAtacan un diputado de AfD\n<\/span><\/div>","aioseo_breadcrumb_json":[{"label":"Home","link":"https:\/\/candas365.es\/noticias"},{"label":"Actualidad","link":"https:\/\/candas365.es\/noticias\/category\/actualidad\/"},{"label":"Atacan un diputado de AfD","link":"https:\/\/candas365.es\/noticias\/atacan-un-diputado-de-afd\/"}],"_links":{"self":[{"href":"https:\/\/candas365.es\/noticias\/wp-json\/wp\/v2\/posts\/113717","targetHints":{"allow":["GET"]}}],"collection":[{"href":"https:\/\/candas365.es\/noticias\/wp-json\/wp\/v2\/posts"}],"about":[{"href":"https:\/\/candas365.es\/noticias\/wp-json\/wp\/v2\/types\/post"}],"author":[{"embeddable":true,"href":"https:\/\/candas365.es\/noticias\/wp-json\/wp\/v2\/users\/1"}],"replies":[{"embeddable":true,"href":"https:\/\/candas365.es\/noticias\/wp-json\/wp\/v2\/comments?post=113717"}],"version-history":[{"count":0,"href":"https:\/\/candas365.es\/noticias\/wp-json\/wp\/v2\/posts\/113717\/revisions"}],"wp:featuredmedia":[{"embeddable":true,"href":"https:\/\/candas365.es\/noticias\/wp-json\/wp\/v2\/media\/107557"}],"wp:attachment":[{"href":"https:\/\/candas365.es\/noticias\/wp-json\/wp\/v2\/media?parent=113717"}],"wp:term":[{"taxonomy":"category","embeddable":true,"href":"https:\/\/candas365.es\/noticias\/wp-json\/wp\/v2\/categories?post=113717"},{"taxonomy":"post_tag","embeddable":true,"href":"https:\/\/candas365.es\/noticias\/wp-json\/wp\/v2\/tags?post=113717"}],"curies":[{"name":"wp","href":"https:\/\/api.w.org\/{rel}","templated":true}]}}