{"id":113707,"date":"2019-01-08T09:26:35","date_gmt":"2019-01-08T09:26:35","guid":{"rendered":"http:\/\/candas365.es\/noticias\/?p=113707"},"modified":"2019-01-08T09:26:35","modified_gmt":"2019-01-08T09:26:35","slug":"abriguense-mas-frio-desde-el-dia-9-de-enero","status":"publish","type":"post","link":"https:\/\/candas365.es\/noticias\/abriguense-mas-frio-desde-el-dia-9-de-enero\/","title":{"rendered":"Abr\u00edguense \u00a1! M\u00e1s fr\u00edo desde el d\u00eda 9 de enero"},"content":{"rendered":"<p><img fetchpriority=\"high\" decoding=\"async\" class=\"alignleft size-medium wp-image-113708\" src=\"https:\/\/candas365.es\/noticias\/wp-content\/uploads\/2019\/01\/winter-1819926_960_720-360x240.jpg\" alt=\"\" width=\"360\" height=\"240\" srcset=\"https:\/\/candas365.es\/noticias\/wp-content\/uploads\/2019\/01\/winter-1819926_960_720-360x240.jpg 360w, https:\/\/candas365.es\/noticias\/wp-content\/uploads\/2019\/01\/winter-1819926_960_720-768x512.jpg 768w, https:\/\/candas365.es\/noticias\/wp-content\/uploads\/2019\/01\/winter-1819926_960_720-655x437.jpg 655w, https:\/\/candas365.es\/noticias\/wp-content\/uploads\/2019\/01\/winter-1819926_960_720-696x464.jpg 696w, https:\/\/candas365.es\/noticias\/wp-content\/uploads\/2019\/01\/winter-1819926_960_720-630x420.jpg 630w, https:\/\/candas365.es\/noticias\/wp-content\/uploads\/2019\/01\/winter-1819926_960_720.jpg 960w\" sizes=\"(max-width: 360px) 100vw, 360px\" \/>A partir del <strong>mi\u00e9rcoles 9,<\/strong> conducida por vientos de componente norte, se espera la entrada de <strong>una masa fr\u00eda de aire polar por el noreste de la Pen\u00ednsula que se extender\u00e1 a lo largo del jueves al resto de la Pen\u00ednsula<\/strong> y a Baleares. Aunque al principio del episodio ser\u00e1 relativamente h\u00fameda, pronto ir\u00e1 cambiando a un car\u00e1cter m\u00e1s seco.<\/p>\n<p>AEMET informa que la bajada generalizada de temperaturas provocar\u00e1 heladas en zonas extensas.La atm\u00f3sfera tender\u00e1 a inestabilizarse en el \u00e1rea mediterr\u00e1nea el jueves para ir ganando estabilidad a lo largo del viernes y el s\u00e1bado.<\/p>\n<p>Desde el mi\u00e9rcoles y hasta, probablemente, el pr\u00f3ximo viernes, los vientos de componente norte traer\u00e1n aire muy fr\u00edo sobre la Pen\u00ednsula y Baleares. Soplar\u00e1 cierzo en el valle del Ebro y el viento de tramontana en el noreste de Catalu\u00f1a y norte de Baleares donde alcanzar\u00e1 intensidad fuerte. Durante estos d\u00edas se producir\u00e1n heladas generalizadas en buena parte del interior peninsular, descendiendo las temperaturas durante la noche por debajo de -5 \u00baC en las mesetas y zonas altas, incluso localmente por debajo de -10\u00baC. En cuanto a las temperaturas diurnas no se espera que superen los 5\u00baC en el interior de la mitad norte. El aire fr\u00edo unido al viento del norte har\u00e1 que la sensaci\u00f3n t\u00e9rmica sea a\u00fan m\u00e1s baja.<\/p>\n<p>No se esperan precipitaciones de importancia pero se puede producir alguna nevada d\u00e9bil en el Cant\u00e1brico oriental y cara norte de Pirineos. La cota de nieve se situar\u00eda en torno a los 400 metros pudiendo ser incluso inferior ocasionalmente. En Baleares y litorales de sureste y de Albor\u00e1n se esperan precipitaciones el jueves que tender\u00e1n a ir remitiendo el viernes. En Mallorca podr\u00eda producirse alguna nevada por encima de 400-600 metros.<\/p>\n<p>Es muy probable que las temperaturas comiencen a recuperarse el s\u00e1bado, especialmente las diurnas. El viento todav\u00eda se mantendr\u00e1 durante el fin de semana en el Ebro y Baleares pero tendiendo a disminuir. Para el fin de semana y los primeros d\u00edas de la semana siguiente es probable que la atm\u00f3sfera tienda de nuevo a una mayor estabilidad con cielos poco nubosos y sin precipitaciones en la mayor parte del territorio.<\/p>\n","protected":false},"excerpt":{"rendered":"<p>A partir del mi\u00e9rcoles 9, conducida por vientos de componente norte, se espera la entrada de una masa fr\u00eda de aire polar por el noreste de la Pen\u00ednsula que se extender\u00e1 a lo largo del jueves al resto de la Pen\u00ednsula y a Baleares. Aunque al principio del episodio ser\u00e1 relativamente h\u00fameda, pronto ir\u00e1 cambiando<\/p>\n","protected":false},"author":1,"featured_media":113709,"comment_status":"closed","ping_status":"closed","sticky":false,"template":"","format":"standard","meta":{"footnotes":""},"categories":[1],"tags":[],"class_list":{"0":"post-113707","1":"post","2":"type-post","3":"status-publish","4":"format-standard","5":"has-post-thumbnail","7":"category-agenda"},"aioseo_notices":[],"aioseo_head":"\n\t\t<!-- All in One SEO Pro 4.9.6.2 - aioseo.com -->\n\t<meta name=\"description\" content=\"A partir del mi\u00e9rcoles 9, conducida por vientos de componente norte, se espera la entrada de una masa fr\u00eda de aire polar por el noreste de la Pen\u00ednsula que se extender\u00e1 a lo largo del jueves al resto de la Pen\u00ednsula y a Baleares. Aunque al principio del episodio ser\u00e1 relativamente h\u00fameda, pronto ir\u00e1 cambiando\" \/>\n\t<meta name=\"robots\" content=\"max-image-preview:large\" \/>\n\t<meta name=\"author\" content=\"Cand\u00e1s 365\"\/>\n\t<meta name=\"google-site-verification\" content=\"UA-32230408-1\" \/>\n\t<meta name=\"msvalidate.01\" content=\"354F3CDFB2DA171B47FBE9ABF1F88D5\" \/>\n\t<meta name=\"keywords\" content=\"agenda\" \/>\n\t<link rel=\"canonical\" href=\"https:\/\/candas365.es\/noticias\/abriguense-mas-frio-desde-el-dia-9-de-enero\/\" \/>\n\t<meta name=\"generator\" content=\"All in One SEO Pro (AIOSEO) 4.9.6.2\" \/>\n\t\t<meta property=\"og:locale\" content=\"es_ES\" \/>\n\t\t<meta property=\"og:site_name\" content=\"Cand\u00e1s 365\" \/>\n\t\t<meta property=\"og:type\" content=\"article\" \/>\n\t\t<meta property=\"og:title\" content=\"Abr\u00edguense \u00a1! M\u00e1s fr\u00edo desde el d\u00eda 9 de enero | Cand\u00e1s 365\" \/>\n\t\t<meta property=\"og:description\" content=\"A partir del mi\u00e9rcoles 9, conducida por vientos de componente norte, se espera la entrada de una masa fr\u00eda de aire polar por el noreste de la Pen\u00ednsula que se extender\u00e1 a lo largo del jueves al resto de la Pen\u00ednsula y a Baleares. Aunque al principio del episodio ser\u00e1 relativamente h\u00fameda, pronto ir\u00e1 cambiando\" \/>\n\t\t<meta property=\"og:url\" content=\"https:\/\/candas365.es\/noticias\/abriguense-mas-frio-desde-el-dia-9-de-enero\/\" \/>\n\t\t<meta property=\"og:image\" content=\"https:\/\/candas365.es\/noticias\/wp-content\/uploads\/2019\/01\/eiskristalle-1938842_960_720.jpg\" \/>\n\t\t<meta property=\"og:image:secure_url\" content=\"https:\/\/candas365.es\/noticias\/wp-content\/uploads\/2019\/01\/eiskristalle-1938842_960_720.jpg\" \/>\n\t\t<meta property=\"og:image:width\" content=\"960\" \/>\n\t\t<meta property=\"og:image:height\" content=\"640\" \/>\n\t\t<meta property=\"article:published_time\" content=\"2019-01-08T09:26:35+00:00\" \/>\n\t\t<meta property=\"article:modified_time\" content=\"2019-01-08T09:26:35+00:00\" \/>\n\t\t<meta property=\"article:publisher\" content=\"https:\/\/www.facebook.com\/Nachofdezber\" \/>\n\t\t<meta property=\"article:author\" content=\"https:\/\/www.facebook.com\/carrenoactualidad\" \/>\n\t\t<meta name=\"twitter:card\" content=\"summary_large_image\" \/>\n\t\t<meta name=\"twitter:site\" content=\"@NabercoDigital\" \/>\n\t\t<meta name=\"twitter:title\" content=\"Abr\u00edguense \u00a1! M\u00e1s fr\u00edo desde el d\u00eda 9 de enero | Cand\u00e1s 365\" \/>\n\t\t<meta name=\"twitter:description\" content=\"A partir del mi\u00e9rcoles 9, conducida por vientos de componente norte, se espera la entrada de una masa fr\u00eda de aire polar por el noreste de la Pen\u00ednsula que se extender\u00e1 a lo largo del jueves al resto de la Pen\u00ednsula y a Baleares. Aunque al principio del episodio ser\u00e1 relativamente h\u00fameda, pronto ir\u00e1 cambiando\" \/>\n\t\t<meta name=\"twitter:creator\" content=\"@nbasturias\" \/>\n\t\t<meta name=\"twitter:image\" content=\"https:\/\/candas365.es\/noticias\/wp-content\/uploads\/2019\/01\/eiskristalle-1938842_960_720.jpg\" \/>\n\t\t<meta name=\"twitter:label1\" content=\"Escrito por\" \/>\n\t\t<meta name=\"twitter:data1\" content=\"Cand\u00e1s 365\" \/>\n\t\t<meta name=\"twitter:label2\" content=\"Tiempo de lectura estimado\" \/>\n\t\t<meta name=\"twitter:data2\" content=\"2 minutos\" \/>\n\t\t<script type=\"application\/ld+json\" class=\"aioseo-schema\">\n\t\t\t{\"@context\":\"https:\\\/\\\/schema.org\",\"@graph\":[{\"@type\":\"BreadcrumbList\",\"@id\":\"https:\\\/\\\/candas365.es\\\/noticias\\\/abriguense-mas-frio-desde-el-dia-9-de-enero\\\/#breadcrumblist\",\"itemListElement\":[{\"@type\":\"ListItem\",\"@id\":\"https:\\\/\\\/candas365.es\\\/noticias#listItem\",\"position\":1,\"name\":\"Home\",\"item\":\"https:\\\/\\\/candas365.es\\\/noticias\",\"nextItem\":{\"@type\":\"ListItem\",\"@id\":\"https:\\\/\\\/candas365.es\\\/noticias\\\/category\\\/agenda\\\/#listItem\",\"name\":\"Agenda\"}},{\"@type\":\"ListItem\",\"@id\":\"https:\\\/\\\/candas365.es\\\/noticias\\\/category\\\/agenda\\\/#listItem\",\"position\":2,\"name\":\"Agenda\",\"item\":\"https:\\\/\\\/candas365.es\\\/noticias\\\/category\\\/agenda\\\/\",\"nextItem\":{\"@type\":\"ListItem\",\"@id\":\"https:\\\/\\\/candas365.es\\\/noticias\\\/abriguense-mas-frio-desde-el-dia-9-de-enero\\\/#listItem\",\"name\":\"Abr\\u00edguense \\u00a1! M\\u00e1s fr\\u00edo desde el d\\u00eda 9 de enero\"},\"previousItem\":{\"@type\":\"ListItem\",\"@id\":\"https:\\\/\\\/candas365.es\\\/noticias#listItem\",\"name\":\"Home\"}},{\"@type\":\"ListItem\",\"@id\":\"https:\\\/\\\/candas365.es\\\/noticias\\\/abriguense-mas-frio-desde-el-dia-9-de-enero\\\/#listItem\",\"position\":3,\"name\":\"Abr\\u00edguense \\u00a1! M\\u00e1s fr\\u00edo desde el d\\u00eda 9 de enero\",\"previousItem\":{\"@type\":\"ListItem\",\"@id\":\"https:\\\/\\\/candas365.es\\\/noticias\\\/category\\\/agenda\\\/#listItem\",\"name\":\"Agenda\"}}]},{\"@type\":\"NewsArticle\",\"@id\":\"https:\\\/\\\/candas365.es\\\/noticias\\\/abriguense-mas-frio-desde-el-dia-9-de-enero\\\/#newsarticle\",\"name\":\"Abr\\u00edguense \\u00a1! M\\u00e1s fr\\u00edo desde el d\\u00eda 9 de enero | Cand\\u00e1s 365\",\"headline\":\"Abr\\u00edguense \\u00a1! M\\u00e1s fr\\u00edo desde el d\\u00eda 9 de enero\",\"author\":{\"@id\":\"https:\\\/\\\/candas365.es\\\/noticias\\\/author\\\/admin\\\/#author\"},\"publisher\":{\"@id\":\"https:\\\/\\\/candas365.es\\\/noticias\\\/#organization\"},\"image\":{\"@type\":\"ImageObject\",\"url\":\"https:\\\/\\\/candas365.es\\\/noticias\\\/wp-content\\\/uploads\\\/2019\\\/01\\\/eiskristalle-1938842_960_720.jpg\",\"width\":960,\"height\":640},\"datePublished\":\"2019-01-08T09:26:35+01:00\",\"dateModified\":\"2019-01-08T09:26:35+01:00\",\"inLanguage\":\"es-ES\",\"mainEntityOfPage\":{\"@id\":\"https:\\\/\\\/candas365.es\\\/noticias\\\/abriguense-mas-frio-desde-el-dia-9-de-enero\\\/#webpage\"},\"isPartOf\":{\"@id\":\"https:\\\/\\\/candas365.es\\\/noticias\\\/abriguense-mas-frio-desde-el-dia-9-de-enero\\\/#webpage\"},\"articleSection\":\"Agenda\",\"dateline\":\"Publicado el enero 8, 2019.\"},{\"@type\":\"Organization\",\"@id\":\"https:\\\/\\\/candas365.es\\\/noticias\\\/#organization\",\"name\":\"Cand\\u00e1s 365\",\"description\":\"Cand\\u00e1s 365 es un diario digital independiente, fundado en 2012, con base en Asturias. Informamos con rigor sobre actualidad, sociedad, cultura y ocio, con una mirada local y global.\",\"url\":\"https:\\\/\\\/candas365.es\\\/noticias\\\/\",\"email\":\"info@candas365.es\",\"telephone\":\"+34652131393\",\"foundingDate\":\"2012-06-10\",\"logo\":{\"@type\":\"ImageObject\",\"url\":\"https:\\\/\\\/candas365.es\\\/noticias\\\/wp-content\\\/uploads\\\/2024\\\/09\\\/Candas-365-Redes.jpg\",\"@id\":\"https:\\\/\\\/candas365.es\\\/noticias\\\/abriguense-mas-frio-desde-el-dia-9-de-enero\\\/#organizationLogo\",\"width\":1152,\"height\":864,\"caption\":\"Cand\\u00e1s 365 Redes\"},\"image\":{\"@id\":\"https:\\\/\\\/candas365.es\\\/noticias\\\/abriguense-mas-frio-desde-el-dia-9-de-enero\\\/#organizationLogo\"},\"sameAs\":[\"https:\\\/\\\/www.facebook.com\\\/Nachofdezber\",\"https:\\\/\\\/x.com\\\/NabercoDigital\",\"https:\\\/\\\/www.instagram.com\\\/nachofdezber\\\/\",\"https:\\\/\\\/www.youtube.com\\\/channel\\\/UCZP-2wLEB9Rv6erhFmqVnvg\"],\"address\":{\"@id\":\"https:\\\/\\\/candas365.es\\\/noticias\\\/#postaladdress\",\"@type\":\"PostalAddress\",\"streetAddress\":\"san antonio 4, san antonio 4\",\"postalCode\":\"33430\",\"addressLocality\":\"Cand\\u00e1s\",\"addressRegion\":\"Asturias\",\"addressCountry\":\"ES\"}},{\"@type\":\"Person\",\"@id\":\"https:\\\/\\\/candas365.es\\\/noticias\\\/author\\\/admin\\\/#author\",\"url\":\"https:\\\/\\\/candas365.es\\\/noticias\\\/author\\\/admin\\\/\",\"name\":\"Cand\\u00e1s 365\",\"image\":{\"@type\":\"ImageObject\",\"@id\":\"https:\\\/\\\/candas365.es\\\/noticias\\\/abriguense-mas-frio-desde-el-dia-9-de-enero\\\/#authorImage\",\"url\":\"https:\\\/\\\/secure.gravatar.com\\\/avatar\\\/496a8e03d0c493ede1718b7934145dbdf8d89be1036b0eec9544e1094c9de390?s=96&d=mm&r=g\",\"width\":96,\"height\":96,\"caption\":\"Cand\\u00e1s 365\"},\"sameAs\":[\"https:\\\/\\\/www.facebook.com\\\/carrenoactualidad\",\"https:\\\/\\\/twitter.com\\\/nbasturias\",\"https:\\\/\\\/www.instagram.com\\\/nachofdezber\\\/\",\"https:\\\/\\\/www.youtube.com\\\/channel\\\/UCZP-2wLEB9Rv6erhFmqVnvg\"]},{\"@type\":\"WebPage\",\"@id\":\"https:\\\/\\\/candas365.es\\\/noticias\\\/abriguense-mas-frio-desde-el-dia-9-de-enero\\\/#webpage\",\"url\":\"https:\\\/\\\/candas365.es\\\/noticias\\\/abriguense-mas-frio-desde-el-dia-9-de-enero\\\/\",\"name\":\"Abr\\u00edguense \\u00a1! M\\u00e1s fr\\u00edo desde el d\\u00eda 9 de enero | Cand\\u00e1s 365\",\"description\":\"A partir del mi\\u00e9rcoles 9, conducida por vientos de componente norte, se espera la entrada de una masa fr\\u00eda de aire polar por el noreste de la Pen\\u00ednsula que se extender\\u00e1 a lo largo del jueves al resto de la Pen\\u00ednsula y a Baleares. Aunque al principio del episodio ser\\u00e1 relativamente h\\u00fameda, pronto ir\\u00e1 cambiando\",\"inLanguage\":\"es-ES\",\"isPartOf\":{\"@id\":\"https:\\\/\\\/candas365.es\\\/noticias\\\/#website\"},\"breadcrumb\":{\"@id\":\"https:\\\/\\\/candas365.es\\\/noticias\\\/abriguense-mas-frio-desde-el-dia-9-de-enero\\\/#breadcrumblist\"},\"author\":{\"@id\":\"https:\\\/\\\/candas365.es\\\/noticias\\\/author\\\/admin\\\/#author\"},\"creator\":{\"@id\":\"https:\\\/\\\/candas365.es\\\/noticias\\\/author\\\/admin\\\/#author\"},\"image\":{\"@type\":\"ImageObject\",\"url\":\"https:\\\/\\\/candas365.es\\\/noticias\\\/wp-content\\\/uploads\\\/2019\\\/01\\\/eiskristalle-1938842_960_720.jpg\",\"@id\":\"https:\\\/\\\/candas365.es\\\/noticias\\\/abriguense-mas-frio-desde-el-dia-9-de-enero\\\/#mainImage\",\"width\":960,\"height\":640},\"primaryImageOfPage\":{\"@id\":\"https:\\\/\\\/candas365.es\\\/noticias\\\/abriguense-mas-frio-desde-el-dia-9-de-enero\\\/#mainImage\"},\"datePublished\":\"2019-01-08T09:26:35+01:00\",\"dateModified\":\"2019-01-08T09:26:35+01:00\"},{\"@type\":\"WebSite\",\"@id\":\"https:\\\/\\\/candas365.es\\\/noticias\\\/#website\",\"url\":\"https:\\\/\\\/candas365.es\\\/noticias\\\/\",\"name\":\"Cand\\u00e1s 365\",\"alternateName\":\"Cand\\u00e1s 365 Noticias\",\"description\":\"Actualidad desde Carre\\u00f1o para el mundo\",\"inLanguage\":\"es-ES\",\"publisher\":{\"@id\":\"https:\\\/\\\/candas365.es\\\/noticias\\\/#organization\"}}]}\n\t\t<\/script>\n\t\t<!-- All in One SEO Pro -->\r\n\t\t<title>Abr\u00edguense \u00a1! M\u00e1s fr\u00edo desde el d\u00eda 9 de enero | Cand\u00e1s 365<\/title>\n\n","aioseo_head_json":{"title":"Abr\u00edguense \u00a1! M\u00e1s fr\u00edo desde el d\u00eda 9 de enero | Cand\u00e1s 365","description":"A partir del mi\u00e9rcoles 9, conducida por vientos de componente norte, se espera la entrada de una masa fr\u00eda de aire polar por el noreste de la Pen\u00ednsula que se extender\u00e1 a lo largo del jueves al resto de la Pen\u00ednsula y a Baleares. Aunque al principio del episodio ser\u00e1 relativamente h\u00fameda, pronto ir\u00e1 cambiando","canonical_url":"https:\/\/candas365.es\/noticias\/abriguense-mas-frio-desde-el-dia-9-de-enero\/","robots":"max-image-preview:large","keywords":"agenda","webmasterTools":{"google-site-verification":"UA-32230408-1","msvalidate.01":"354F3CDFB2DA171B47FBE9ABF1F88D5","miscellaneous":""},"schema":{"@context":"https:\/\/schema.org","@graph":[{"@type":"BreadcrumbList","@id":"https:\/\/candas365.es\/noticias\/abriguense-mas-frio-desde-el-dia-9-de-enero\/#breadcrumblist","itemListElement":[{"@type":"ListItem","@id":"https:\/\/candas365.es\/noticias#listItem","position":1,"name":"Home","item":"https:\/\/candas365.es\/noticias","nextItem":{"@type":"ListItem","@id":"https:\/\/candas365.es\/noticias\/category\/agenda\/#listItem","name":"Agenda"}},{"@type":"ListItem","@id":"https:\/\/candas365.es\/noticias\/category\/agenda\/#listItem","position":2,"name":"Agenda","item":"https:\/\/candas365.es\/noticias\/category\/agenda\/","nextItem":{"@type":"ListItem","@id":"https:\/\/candas365.es\/noticias\/abriguense-mas-frio-desde-el-dia-9-de-enero\/#listItem","name":"Abr\u00edguense \u00a1! M\u00e1s fr\u00edo desde el d\u00eda 9 de enero"},"previousItem":{"@type":"ListItem","@id":"https:\/\/candas365.es\/noticias#listItem","name":"Home"}},{"@type":"ListItem","@id":"https:\/\/candas365.es\/noticias\/abriguense-mas-frio-desde-el-dia-9-de-enero\/#listItem","position":3,"name":"Abr\u00edguense \u00a1! M\u00e1s fr\u00edo desde el d\u00eda 9 de enero","previousItem":{"@type":"ListItem","@id":"https:\/\/candas365.es\/noticias\/category\/agenda\/#listItem","name":"Agenda"}}]},{"@type":"NewsArticle","@id":"https:\/\/candas365.es\/noticias\/abriguense-mas-frio-desde-el-dia-9-de-enero\/#newsarticle","name":"Abr\u00edguense \u00a1! M\u00e1s fr\u00edo desde el d\u00eda 9 de enero | Cand\u00e1s 365","headline":"Abr\u00edguense \u00a1! M\u00e1s fr\u00edo desde el d\u00eda 9 de enero","author":{"@id":"https:\/\/candas365.es\/noticias\/author\/admin\/#author"},"publisher":{"@id":"https:\/\/candas365.es\/noticias\/#organization"},"image":{"@type":"ImageObject","url":"https:\/\/candas365.es\/noticias\/wp-content\/uploads\/2019\/01\/eiskristalle-1938842_960_720.jpg","width":960,"height":640},"datePublished":"2019-01-08T09:26:35+01:00","dateModified":"2019-01-08T09:26:35+01:00","inLanguage":"es-ES","mainEntityOfPage":{"@id":"https:\/\/candas365.es\/noticias\/abriguense-mas-frio-desde-el-dia-9-de-enero\/#webpage"},"isPartOf":{"@id":"https:\/\/candas365.es\/noticias\/abriguense-mas-frio-desde-el-dia-9-de-enero\/#webpage"},"articleSection":"Agenda","dateline":"Publicado el enero 8, 2019."},{"@type":"Organization","@id":"https:\/\/candas365.es\/noticias\/#organization","name":"Cand\u00e1s 365","description":"Cand\u00e1s 365 es un diario digital independiente, fundado en 2012, con base en Asturias. Informamos con rigor sobre actualidad, sociedad, cultura y ocio, con una mirada local y global.","url":"https:\/\/candas365.es\/noticias\/","email":"info@candas365.es","telephone":"+34652131393","foundingDate":"2012-06-10","logo":{"@type":"ImageObject","url":"https:\/\/candas365.es\/noticias\/wp-content\/uploads\/2024\/09\/Candas-365-Redes.jpg","@id":"https:\/\/candas365.es\/noticias\/abriguense-mas-frio-desde-el-dia-9-de-enero\/#organizationLogo","width":1152,"height":864,"caption":"Cand\u00e1s 365 Redes"},"image":{"@id":"https:\/\/candas365.es\/noticias\/abriguense-mas-frio-desde-el-dia-9-de-enero\/#organizationLogo"},"sameAs":["https:\/\/www.facebook.com\/Nachofdezber","https:\/\/x.com\/NabercoDigital","https:\/\/www.instagram.com\/nachofdezber\/","https:\/\/www.youtube.com\/channel\/UCZP-2wLEB9Rv6erhFmqVnvg"],"address":{"@id":"https:\/\/candas365.es\/noticias\/#postaladdress","@type":"PostalAddress","streetAddress":"san antonio 4, san antonio 4","postalCode":"33430","addressLocality":"Cand\u00e1s","addressRegion":"Asturias","addressCountry":"ES"}},{"@type":"Person","@id":"https:\/\/candas365.es\/noticias\/author\/admin\/#author","url":"https:\/\/candas365.es\/noticias\/author\/admin\/","name":"Cand\u00e1s 365","image":{"@type":"ImageObject","@id":"https:\/\/candas365.es\/noticias\/abriguense-mas-frio-desde-el-dia-9-de-enero\/#authorImage","url":"https:\/\/secure.gravatar.com\/avatar\/496a8e03d0c493ede1718b7934145dbdf8d89be1036b0eec9544e1094c9de390?s=96&d=mm&r=g","width":96,"height":96,"caption":"Cand\u00e1s 365"},"sameAs":["https:\/\/www.facebook.com\/carrenoactualidad","https:\/\/twitter.com\/nbasturias","https:\/\/www.instagram.com\/nachofdezber\/","https:\/\/www.youtube.com\/channel\/UCZP-2wLEB9Rv6erhFmqVnvg"]},{"@type":"WebPage","@id":"https:\/\/candas365.es\/noticias\/abriguense-mas-frio-desde-el-dia-9-de-enero\/#webpage","url":"https:\/\/candas365.es\/noticias\/abriguense-mas-frio-desde-el-dia-9-de-enero\/","name":"Abr\u00edguense \u00a1! M\u00e1s fr\u00edo desde el d\u00eda 9 de enero | Cand\u00e1s 365","description":"A partir del mi\u00e9rcoles 9, conducida por vientos de componente norte, se espera la entrada de una masa fr\u00eda de aire polar por el noreste de la Pen\u00ednsula que se extender\u00e1 a lo largo del jueves al resto de la Pen\u00ednsula y a Baleares. Aunque al principio del episodio ser\u00e1 relativamente h\u00fameda, pronto ir\u00e1 cambiando","inLanguage":"es-ES","isPartOf":{"@id":"https:\/\/candas365.es\/noticias\/#website"},"breadcrumb":{"@id":"https:\/\/candas365.es\/noticias\/abriguense-mas-frio-desde-el-dia-9-de-enero\/#breadcrumblist"},"author":{"@id":"https:\/\/candas365.es\/noticias\/author\/admin\/#author"},"creator":{"@id":"https:\/\/candas365.es\/noticias\/author\/admin\/#author"},"image":{"@type":"ImageObject","url":"https:\/\/candas365.es\/noticias\/wp-content\/uploads\/2019\/01\/eiskristalle-1938842_960_720.jpg","@id":"https:\/\/candas365.es\/noticias\/abriguense-mas-frio-desde-el-dia-9-de-enero\/#mainImage","width":960,"height":640},"primaryImageOfPage":{"@id":"https:\/\/candas365.es\/noticias\/abriguense-mas-frio-desde-el-dia-9-de-enero\/#mainImage"},"datePublished":"2019-01-08T09:26:35+01:00","dateModified":"2019-01-08T09:26:35+01:00"},{"@type":"WebSite","@id":"https:\/\/candas365.es\/noticias\/#website","url":"https:\/\/candas365.es\/noticias\/","name":"Cand\u00e1s 365","alternateName":"Cand\u00e1s 365 Noticias","description":"Actualidad desde Carre\u00f1o para el mundo","inLanguage":"es-ES","publisher":{"@id":"https:\/\/candas365.es\/noticias\/#organization"}}]},"og:locale":"es_ES","og:site_name":"Cand\u00e1s 365","og:type":"article","og:title":"Abr\u00edguense \u00a1! M\u00e1s fr\u00edo desde el d\u00eda 9 de enero | Cand\u00e1s 365","og:description":"A partir del mi\u00e9rcoles 9, conducida por vientos de componente norte, se espera la entrada de una masa fr\u00eda de aire polar por el noreste de la Pen\u00ednsula que se extender\u00e1 a lo largo del jueves al resto de la Pen\u00ednsula y a Baleares. Aunque al principio del episodio ser\u00e1 relativamente h\u00fameda, pronto ir\u00e1 cambiando","og:url":"https:\/\/candas365.es\/noticias\/abriguense-mas-frio-desde-el-dia-9-de-enero\/","og:image":"https:\/\/candas365.es\/noticias\/wp-content\/uploads\/2019\/01\/eiskristalle-1938842_960_720.jpg","og:image:secure_url":"https:\/\/candas365.es\/noticias\/wp-content\/uploads\/2019\/01\/eiskristalle-1938842_960_720.jpg","og:image:width":960,"og:image:height":640,"article:published_time":"2019-01-08T09:26:35+00:00","article:modified_time":"2019-01-08T09:26:35+00:00","article:publisher":"https:\/\/www.facebook.com\/Nachofdezber","article:author":"https:\/\/www.facebook.com\/carrenoactualidad","twitter:card":"summary_large_image","twitter:site":"@NabercoDigital","twitter:title":"Abr\u00edguense \u00a1! M\u00e1s fr\u00edo desde el d\u00eda 9 de enero | Cand\u00e1s 365","twitter:description":"A partir del mi\u00e9rcoles 9, conducida por vientos de componente norte, se espera la entrada de una masa fr\u00eda de aire polar por el noreste de la Pen\u00ednsula que se extender\u00e1 a lo largo del jueves al resto de la Pen\u00ednsula y a Baleares. Aunque al principio del episodio ser\u00e1 relativamente h\u00fameda, pronto ir\u00e1 cambiando","twitter:creator":"@nbasturias","twitter:image":"https:\/\/candas365.es\/noticias\/wp-content\/uploads\/2019\/01\/eiskristalle-1938842_960_720.jpg","twitter:label1":"Escrito por","twitter:data1":"Cand\u00e1s 365","twitter:label2":"Tiempo de lectura estimado","twitter:data2":"2 minutos"},"aioseo_meta_data":{"post_id":"113707","title":null,"description":null,"keywords":null,"keyphrases":null,"primary_term":null,"canonical_url":null,"og_title":null,"og_description":null,"og_object_type":"default","og_image_type":"default","og_image_url":null,"og_image_width":null,"og_image_height":null,"og_image_custom_url":null,"og_image_custom_fields":null,"og_video":null,"og_custom_url":null,"og_article_section":null,"og_article_tags":null,"twitter_use_og":false,"twitter_card":"default","twitter_image_type":"default","twitter_image_url":null,"twitter_image_custom_url":null,"twitter_image_custom_fields":null,"twitter_title":null,"twitter_description":null,"schema":{"blockGraphs":[],"customGraphs":[],"default":{"data":{"Article":[],"Course":[],"Dataset":[],"FAQPage":[],"Movie":[],"Person":[],"Product":[],"ProductReview":[],"Car":[],"Recipe":[],"Service":[],"SoftwareApplication":[],"WebPage":[]},"graphName":"","isEnabled":true},"graphs":[],"defaultGraph":"","defaultPostTypeGraph":""},"schema_type":null,"schema_type_options":null,"pillar_content":false,"robots_default":true,"robots_noindex":false,"robots_noarchive":false,"robots_nosnippet":false,"robots_nofollow":false,"robots_noimageindex":false,"robots_noodp":false,"robots_notranslate":false,"robots_max_snippet":null,"robots_max_videopreview":null,"robots_max_imagepreview":"large","priority":null,"frequency":null,"location":null,"local_seo":null,"seo_analyzer_scan_date":"2025-08-28 23:28:24","breadcrumb_settings":null,"limit_modified_date":false,"reviewed_by":null,"open_ai":null,"ai":null,"created":"2020-12-21 11:27:54","updated":"2025-08-28 23:28:24"},"aioseo_breadcrumb":"<div class=\"aioseo-breadcrumbs\"><span class=\"aioseo-breadcrumb\">\n\t<a href=\"https:\/\/candas365.es\/noticias\" title=\"Home\">Home<\/a>\n<\/span><span class=\"aioseo-breadcrumb-separator\">&ndash;<\/span><span class=\"aioseo-breadcrumb\">\n\t<a href=\"https:\/\/candas365.es\/noticias\/category\/agenda\/\" title=\"Agenda\">Agenda<\/a>\n<\/span><span class=\"aioseo-breadcrumb-separator\">&ndash;<\/span><span class=\"aioseo-breadcrumb\">\n\tAbr\u00edguense \u00a1! M\u00e1s fr\u00edo desde el d\u00eda 9 de enero\n<\/span><\/div>","aioseo_breadcrumb_json":[{"label":"Home","link":"https:\/\/candas365.es\/noticias"},{"label":"Agenda","link":"https:\/\/candas365.es\/noticias\/category\/agenda\/"},{"label":"Abr\u00edguense \u00a1! M\u00e1s fr\u00edo desde el d\u00eda 9 de enero","link":"https:\/\/candas365.es\/noticias\/abriguense-mas-frio-desde-el-dia-9-de-enero\/"}],"_links":{"self":[{"href":"https:\/\/candas365.es\/noticias\/wp-json\/wp\/v2\/posts\/113707","targetHints":{"allow":["GET"]}}],"collection":[{"href":"https:\/\/candas365.es\/noticias\/wp-json\/wp\/v2\/posts"}],"about":[{"href":"https:\/\/candas365.es\/noticias\/wp-json\/wp\/v2\/types\/post"}],"author":[{"embeddable":true,"href":"https:\/\/candas365.es\/noticias\/wp-json\/wp\/v2\/users\/1"}],"replies":[{"embeddable":true,"href":"https:\/\/candas365.es\/noticias\/wp-json\/wp\/v2\/comments?post=113707"}],"version-history":[{"count":0,"href":"https:\/\/candas365.es\/noticias\/wp-json\/wp\/v2\/posts\/113707\/revisions"}],"wp:featuredmedia":[{"embeddable":true,"href":"https:\/\/candas365.es\/noticias\/wp-json\/wp\/v2\/media\/113709"}],"wp:attachment":[{"href":"https:\/\/candas365.es\/noticias\/wp-json\/wp\/v2\/media?parent=113707"}],"wp:term":[{"taxonomy":"category","embeddable":true,"href":"https:\/\/candas365.es\/noticias\/wp-json\/wp\/v2\/categories?post=113707"},{"taxonomy":"post_tag","embeddable":true,"href":"https:\/\/candas365.es\/noticias\/wp-json\/wp\/v2\/tags?post=113707"}],"curies":[{"name":"wp","href":"https:\/\/api.w.org\/{rel}","templated":true}]}}