{"id":113702,"date":"2019-01-07T23:43:54","date_gmt":"2019-01-07T23:43:54","guid":{"rendered":"http:\/\/candas365.es\/noticias\/?p=113702"},"modified":"2019-01-07T23:48:25","modified_gmt":"2019-01-07T23:48:25","slug":"pipo-prendes-y-magdalena-sanchez-blesa-promocionaran-candas","status":"publish","type":"post","link":"https:\/\/candas365.es\/noticias\/pipo-prendes-y-magdalena-sanchez-blesa-promocionaran-candas\/","title":{"rendered":"Pipo Prendes y Magdalena S\u00e1nchez Blesa promocionar\u00e1n Cand\u00e1s"},"content":{"rendered":"<p><img fetchpriority=\"high\" decoding=\"async\" class=\"alignleft size-medium wp-image-113703\" src=\"https:\/\/candas365.es\/noticias\/wp-content\/uploads\/2019\/01\/rodaje-en-la-playa-de-Cand\u00e1s-360x270.jpg\" alt=\"\" width=\"360\" height=\"270\" srcset=\"https:\/\/candas365.es\/noticias\/wp-content\/uploads\/2019\/01\/rodaje-en-la-playa-de-Cand\u00e1s-360x270.jpg 360w, https:\/\/candas365.es\/noticias\/wp-content\/uploads\/2019\/01\/rodaje-en-la-playa-de-Cand\u00e1s-768x576.jpg 768w, https:\/\/candas365.es\/noticias\/wp-content\/uploads\/2019\/01\/rodaje-en-la-playa-de-Cand\u00e1s-640x480.jpg 640w, https:\/\/candas365.es\/noticias\/wp-content\/uploads\/2019\/01\/rodaje-en-la-playa-de-Cand\u00e1s-80x60.jpg 80w, https:\/\/candas365.es\/noticias\/wp-content\/uploads\/2019\/01\/rodaje-en-la-playa-de-Cand\u00e1s-265x198.jpg 265w, https:\/\/candas365.es\/noticias\/wp-content\/uploads\/2019\/01\/rodaje-en-la-playa-de-Cand\u00e1s-696x522.jpg 696w, https:\/\/candas365.es\/noticias\/wp-content\/uploads\/2019\/01\/rodaje-en-la-playa-de-Cand\u00e1s-1068x801.jpg 1068w, https:\/\/candas365.es\/noticias\/wp-content\/uploads\/2019\/01\/rodaje-en-la-playa-de-Cand\u00e1s-560x420.jpg 560w, https:\/\/candas365.es\/noticias\/wp-content\/uploads\/2019\/01\/rodaje-en-la-playa-de-Cand\u00e1s.jpg 1600w\" sizes=\"(max-width: 360px) 100vw, 360px\" \/>El Ayuntamiento de Carre\u00f1o ha informado que Pipo Prendes y Magdalena S\u00e1nchez Blesa promocionar\u00e1n Cand\u00e1s, el audiovisual ser\u00e1 una de las piezas de la campa\u00f1a de promoci\u00f3n tur\u00edstica del municipio de Carre\u00f1o en 2019. Se prev\u00e9 su presentaci\u00f3n oficial pr\u00f3ximamente en la Feria Internacional de Turismo.<\/p>\n<p>\u201cAquellos valores que cualquier persona identifica con Cand\u00e1s y con Carre\u00f1o-simpat\u00eda, hospitalidad, alegr\u00eda- se ponen en juego en este v\u00eddeo clip promocional. Este proyecto promocional y colaborativo cuenta como protagonistas a la poeta murciana Magdalena S\u00e1nchez Blesa y al m\u00fasico del candas\u00edn Pipo Prendes. Hace muchos a\u00f1os que se conoce el potencial del audiovisual y las nuevas tecnolog\u00edas como elementos indispensables para la promoci\u00f3n tur\u00edstica de calidad, vehiculada a trav\u00e9s de un soporte f\u00edlmico que evoque emociones. \u00c9ste que se est\u00e1 rodando en nuestro concejo, a costes muy razonables, al contar con la colaboraci\u00f3n desinteresada de sus protagonistas y al realizarlo con una productora local \u00abMeganos Producciones\u00bb- ubicada en la Residencia Empresarial municipal EnPrendes- invitar\u00e1 a conocer este concejo y a disfrutar de sus enclaves y su gente. \u201d \u2013 explic\u00f3 la Alcaldesa, <strong>Amelia Fern\u00e1ndez<\/strong>.<\/p>\n<p>A iniciativa de la Concejal\u00eda de Turismo del Ayuntamiento la productora \u00abMenganos Producciones\u00bb, que integran los j\u00f3venes, <strong>Cristian del Hoyo<\/strong>, Productor Audiovisual, realizador de audiovisuales y espect\u00e1culos, y <strong>Diego Martin<\/strong>, responsable de grabaci\u00f3n, edici\u00f3n y postproducci\u00f3n, rueda en la villa marinera. Como hilo conductor el poema de Magdalena \u201c Si me dejo el coraz\u00f3n afuera\u201d y la m\u00fasica de un gran embajador de nuestro concejo, Pipo Prendes. La biblioteca municipal \u201c Gonz\u00e1lez Posada\u201d , el teatro Prendes y la playa de Cand\u00e1s son algunas de las localizaciones previstas.<\/p>\n<p>\u201cEl audiovisual est\u00e1 hecho desde el coraz\u00f3n de sus protagonistas. Y nos permitir\u00e1 explicar nuestro destino al mundo para que viajeros y viajeras conozcan la experiencia de visitarnos. Las im\u00e1genes son un elemento muy potente y diferenciador que nos permitir\u00e1n mostrar la belleza y las caracter\u00edsticas que nos hacen singulares\u201d \u2013 a\u00f1adi\u00f3 Fern\u00e1ndez.<\/p>\n<p><strong>Magdalena S\u00e1nchez Blesa<\/strong>, naci\u00f3 en Puerto Lumbreras (Murcia) en 1970, estudi\u00f3 Filolog\u00eda Hisp\u00e1nica y Arte Dram\u00e1tico, es adem\u00e1s Actriz y productora de Cine, regenta un restaurante y adem\u00e1s de todo esto es Poeta, ha publicado cuatro libros hasta la fecha \u201cCosas de Ni\u00f1a\u201d, \u201cYo Contra Mi\u201d, \u201cNana para Dormir a mis Abuelos\u201d e \u201cInstrucciones a mis hijos\u201d. Escribe desde los ocho a\u00f1os, cuando perdi\u00f3 repentinamente a su padre y este fue el modo que tuvo para enfrentarse a ello en esos momentos. La poeta salt\u00f3 a la fama cuando grab\u00f3 un video recitando su poema \u201cInstrucciones a mis hijos\u201d y el video se viraliz\u00f3, aunque ya hab\u00eda grabado alg\u00fan otro video de gran repercusi\u00f3n en la redes este fue el que m\u00e1s se extendi\u00f3, ahora es conocida incluso en Sudam\u00e9rica, tambi\u00e9n comparte con sus seguidores y seguidoras de Facebook las experiencias, desde un punto de vista luchador, que el c\u00e1ncer de mama le ha hecho atravesar, contra el que ha peleado y ha vencido. Magdalena se considera \u201cpoeta aceras y de patios\u201d y realiza recitales en colegios, librer\u00edas e incluso en c\u00e1rceles, que como afirma, para ella los m\u00e1s importante es la cercan\u00eda con la gente.<\/p>\n<p><strong>Pipo Prendes<\/strong> naci\u00f3 en Cand\u00e1s ( Asturias) en 1.956 y lleva toda la vida cantando y haciendo canciones; ha editado 15 discos, canta desde su sentir marinero, con esencia de boleros, fados, tangos y copla, que engarza en su peculiar voz. En sus directos, en los espacios cortos, se encuentra muy a gusto; con sus m\u00fasicos tiene esa complicidad que en el escenario se hace notar desde el primer momento y con su guitarra, a solas, llega al coraz\u00f3n desde la autenticidad. T\u00edtulos como \u00abUn paso m\u00e1s\u00bb, \u00abRespiro\u00bb, Bailarina\u00bb, \u00abAsturianos\u00bb son representativos de su larga trayectoria musical.<\/p>\n<p>Argentina, Per\u00fa, Panam\u00e1, Cuba, Francia, Alemania, B\u00e9lgica, Italia, (donde grab\u00f3 su primer disco), son pa\u00edses donde Pipo Prendes ha cantado, como contin\u00faa haciendo por la geograf\u00eda espa\u00f1ola y l\u00f3gicamente por su tierra, Asturias. Sus colaboraciones en medios de comunicaci\u00f3n son muy destacadas, como lo es la del Himno del programa radiof\u00f3nico \u00abPROTAGONISTAS\u00bb dirigido por el m\u00edtico periodista Luis del Olmo y que Pipo compuso, Onda Pesquera de Jes\u00fas Ferreiro, la radio de la mar y un largo etc\u00e9tera.<\/p>\n<p>Desde su madurez interpretativa se encuentra como pez en el agua junto a Magdalena S\u00e1nchez Blesa, con canciones como \u201cSI ME HE DEJADO EL CORAZ\u00d3N AFUERA\u201d de cuyo texto la magn\u00edfica poeta y que el cantautor candas\u00edn ha musicado. Juntos desgranan poes\u00eda y m\u00fasica de intensidad.<\/p>\n","protected":false},"excerpt":{"rendered":"<p>El Ayuntamiento de Carre\u00f1o ha informado que Pipo Prendes y Magdalena S\u00e1nchez Blesa promocionar\u00e1n Cand\u00e1s, el audiovisual ser\u00e1 una de las piezas de la campa\u00f1a de promoci\u00f3n tur\u00edstica del municipio de Carre\u00f1o en 2019. Se prev\u00e9 su presentaci\u00f3n oficial pr\u00f3ximamente en la Feria Internacional de Turismo. \u201cAquellos valores que cualquier persona identifica con Cand\u00e1s y<\/p>\n","protected":false},"author":1,"featured_media":113703,"comment_status":"closed","ping_status":"closed","sticky":false,"template":"","format":"standard","meta":{"footnotes":""},"categories":[2],"tags":[],"class_list":{"0":"post-113702","1":"post","2":"type-post","3":"status-publish","4":"format-standard","5":"has-post-thumbnail","7":"category-noticias-carreno"},"aioseo_notices":[],"aioseo_head":"\n\t\t<!-- All in One SEO Pro 4.9.6.2 - aioseo.com -->\n\t<meta name=\"description\" content=\"El Ayuntamiento de Carre\u00f1o ha informado que Pipo Prendes y Magdalena S\u00e1nchez Blesa promocionar\u00e1n Cand\u00e1s, el audiovisual ser\u00e1 una de las piezas de la campa\u00f1a de promoci\u00f3n tur\u00edstica del municipio de Carre\u00f1o en 2019. Se prev\u00e9 su presentaci\u00f3n oficial pr\u00f3ximamente en la Feria Internacional de Turismo. \u201cAquellos valores que cualquier persona identifica con Cand\u00e1s y\" \/>\n\t<meta name=\"robots\" content=\"max-image-preview:large\" \/>\n\t<meta name=\"author\" content=\"Cand\u00e1s 365\"\/>\n\t<meta name=\"google-site-verification\" content=\"UA-32230408-1\" \/>\n\t<meta name=\"msvalidate.01\" content=\"354F3CDFB2DA171B47FBE9ABF1F88D5\" \/>\n\t<meta name=\"keywords\" content=\"noticias carre\u00f1o\" \/>\n\t<link rel=\"canonical\" href=\"https:\/\/candas365.es\/noticias\/pipo-prendes-y-magdalena-sanchez-blesa-promocionaran-candas\/\" \/>\n\t<meta name=\"generator\" content=\"All in One SEO Pro (AIOSEO) 4.9.6.2\" \/>\n\t\t<meta property=\"og:locale\" content=\"es_ES\" \/>\n\t\t<meta property=\"og:site_name\" content=\"Cand\u00e1s 365\" \/>\n\t\t<meta property=\"og:type\" content=\"article\" \/>\n\t\t<meta property=\"og:title\" content=\"Pipo Prendes y Magdalena S\u00e1nchez Blesa promocionar\u00e1n Cand\u00e1s | Cand\u00e1s 365\" \/>\n\t\t<meta property=\"og:description\" content=\"El Ayuntamiento de Carre\u00f1o ha informado que Pipo Prendes y Magdalena S\u00e1nchez Blesa promocionar\u00e1n Cand\u00e1s, el audiovisual ser\u00e1 una de las piezas de la campa\u00f1a de promoci\u00f3n tur\u00edstica del municipio de Carre\u00f1o en 2019. Se prev\u00e9 su presentaci\u00f3n oficial pr\u00f3ximamente en la Feria Internacional de Turismo. \u201cAquellos valores que cualquier persona identifica con Cand\u00e1s y\" \/>\n\t\t<meta property=\"og:url\" content=\"https:\/\/candas365.es\/noticias\/pipo-prendes-y-magdalena-sanchez-blesa-promocionaran-candas\/\" \/>\n\t\t<meta property=\"og:image\" content=\"https:\/\/candas365.es\/noticias\/wp-content\/uploads\/2019\/01\/rodaje-en-la-playa-de-Cand\u00e1s.jpg\" \/>\n\t\t<meta property=\"og:image:secure_url\" content=\"https:\/\/candas365.es\/noticias\/wp-content\/uploads\/2019\/01\/rodaje-en-la-playa-de-Cand\u00e1s.jpg\" \/>\n\t\t<meta property=\"og:image:width\" content=\"1600\" \/>\n\t\t<meta property=\"og:image:height\" content=\"1200\" \/>\n\t\t<meta property=\"article:published_time\" content=\"2019-01-07T23:43:54+00:00\" \/>\n\t\t<meta property=\"article:modified_time\" content=\"2019-01-07T23:48:25+00:00\" \/>\n\t\t<meta property=\"article:publisher\" content=\"https:\/\/www.facebook.com\/Nachofdezber\" \/>\n\t\t<meta property=\"article:author\" content=\"https:\/\/www.facebook.com\/carrenoactualidad\" \/>\n\t\t<meta name=\"twitter:card\" content=\"summary_large_image\" \/>\n\t\t<meta name=\"twitter:site\" content=\"@NabercoDigital\" \/>\n\t\t<meta name=\"twitter:title\" content=\"Pipo Prendes y Magdalena S\u00e1nchez Blesa promocionar\u00e1n Cand\u00e1s | Cand\u00e1s 365\" \/>\n\t\t<meta name=\"twitter:description\" content=\"El Ayuntamiento de Carre\u00f1o ha informado que Pipo Prendes y Magdalena S\u00e1nchez Blesa promocionar\u00e1n Cand\u00e1s, el audiovisual ser\u00e1 una de las piezas de la campa\u00f1a de promoci\u00f3n tur\u00edstica del municipio de Carre\u00f1o en 2019. Se prev\u00e9 su presentaci\u00f3n oficial pr\u00f3ximamente en la Feria Internacional de Turismo. \u201cAquellos valores que cualquier persona identifica con Cand\u00e1s y\" \/>\n\t\t<meta name=\"twitter:creator\" content=\"@nbasturias\" \/>\n\t\t<meta name=\"twitter:image\" content=\"https:\/\/candas365.es\/noticias\/wp-content\/uploads\/2019\/01\/rodaje-en-la-playa-de-Cand\u00e1s.jpg\" \/>\n\t\t<meta name=\"twitter:label1\" content=\"Escrito por\" \/>\n\t\t<meta name=\"twitter:data1\" content=\"Cand\u00e1s 365\" \/>\n\t\t<meta name=\"twitter:label2\" content=\"Tiempo de lectura estimado\" \/>\n\t\t<meta name=\"twitter:data2\" content=\"4 minutos\" \/>\n\t\t<script type=\"application\/ld+json\" class=\"aioseo-schema\">\n\t\t\t{\"@context\":\"https:\\\/\\\/schema.org\",\"@graph\":[{\"@type\":\"BreadcrumbList\",\"@id\":\"https:\\\/\\\/candas365.es\\\/noticias\\\/pipo-prendes-y-magdalena-sanchez-blesa-promocionaran-candas\\\/#breadcrumblist\",\"itemListElement\":[{\"@type\":\"ListItem\",\"@id\":\"https:\\\/\\\/candas365.es\\\/noticias#listItem\",\"position\":1,\"name\":\"Home\",\"item\":\"https:\\\/\\\/candas365.es\\\/noticias\",\"nextItem\":{\"@type\":\"ListItem\",\"@id\":\"https:\\\/\\\/candas365.es\\\/noticias\\\/category\\\/noticias-carreno\\\/#listItem\",\"name\":\"Noticias Carre\\u00f1o\"}},{\"@type\":\"ListItem\",\"@id\":\"https:\\\/\\\/candas365.es\\\/noticias\\\/category\\\/noticias-carreno\\\/#listItem\",\"position\":2,\"name\":\"Noticias Carre\\u00f1o\",\"item\":\"https:\\\/\\\/candas365.es\\\/noticias\\\/category\\\/noticias-carreno\\\/\",\"nextItem\":{\"@type\":\"ListItem\",\"@id\":\"https:\\\/\\\/candas365.es\\\/noticias\\\/pipo-prendes-y-magdalena-sanchez-blesa-promocionaran-candas\\\/#listItem\",\"name\":\"Pipo Prendes y Magdalena S\\u00e1nchez Blesa promocionar\\u00e1n Cand\\u00e1s\"},\"previousItem\":{\"@type\":\"ListItem\",\"@id\":\"https:\\\/\\\/candas365.es\\\/noticias#listItem\",\"name\":\"Home\"}},{\"@type\":\"ListItem\",\"@id\":\"https:\\\/\\\/candas365.es\\\/noticias\\\/pipo-prendes-y-magdalena-sanchez-blesa-promocionaran-candas\\\/#listItem\",\"position\":3,\"name\":\"Pipo Prendes y Magdalena S\\u00e1nchez Blesa promocionar\\u00e1n Cand\\u00e1s\",\"previousItem\":{\"@type\":\"ListItem\",\"@id\":\"https:\\\/\\\/candas365.es\\\/noticias\\\/category\\\/noticias-carreno\\\/#listItem\",\"name\":\"Noticias Carre\\u00f1o\"}}]},{\"@type\":\"NewsArticle\",\"@id\":\"https:\\\/\\\/candas365.es\\\/noticias\\\/pipo-prendes-y-magdalena-sanchez-blesa-promocionaran-candas\\\/#newsarticle\",\"name\":\"Pipo Prendes y Magdalena S\\u00e1nchez Blesa promocionar\\u00e1n Cand\\u00e1s | Cand\\u00e1s 365\",\"headline\":\"Pipo Prendes y Magdalena S\\u00e1nchez Blesa promocionar\\u00e1n Cand\\u00e1s\",\"author\":{\"@id\":\"https:\\\/\\\/candas365.es\\\/noticias\\\/author\\\/admin\\\/#author\"},\"publisher\":{\"@id\":\"https:\\\/\\\/candas365.es\\\/noticias\\\/#organization\"},\"image\":{\"@type\":\"ImageObject\",\"url\":\"https:\\\/\\\/candas365.es\\\/noticias\\\/wp-content\\\/uploads\\\/2019\\\/01\\\/rodaje-en-la-playa-de-Cand\\u00e1s.jpg\",\"width\":1600,\"height\":1200},\"datePublished\":\"2019-01-07T23:43:54+01:00\",\"dateModified\":\"2019-01-07T23:48:25+01:00\",\"inLanguage\":\"es-ES\",\"mainEntityOfPage\":{\"@id\":\"https:\\\/\\\/candas365.es\\\/noticias\\\/pipo-prendes-y-magdalena-sanchez-blesa-promocionaran-candas\\\/#webpage\"},\"isPartOf\":{\"@id\":\"https:\\\/\\\/candas365.es\\\/noticias\\\/pipo-prendes-y-magdalena-sanchez-blesa-promocionaran-candas\\\/#webpage\"},\"articleSection\":\"Noticias Carre\\u00f1o\",\"dateline\":\"Publicado el enero 7, 2019.\"},{\"@type\":\"Organization\",\"@id\":\"https:\\\/\\\/candas365.es\\\/noticias\\\/#organization\",\"name\":\"Cand\\u00e1s 365\",\"description\":\"Cand\\u00e1s 365 es un diario digital independiente, fundado en 2012, con base en Asturias. Informamos con rigor sobre actualidad, sociedad, cultura y ocio, con una mirada local y global.\",\"url\":\"https:\\\/\\\/candas365.es\\\/noticias\\\/\",\"email\":\"info@candas365.es\",\"telephone\":\"+34652131393\",\"foundingDate\":\"2012-06-10\",\"logo\":{\"@type\":\"ImageObject\",\"url\":\"https:\\\/\\\/candas365.es\\\/noticias\\\/wp-content\\\/uploads\\\/2024\\\/09\\\/Candas-365-Redes.jpg\",\"@id\":\"https:\\\/\\\/candas365.es\\\/noticias\\\/pipo-prendes-y-magdalena-sanchez-blesa-promocionaran-candas\\\/#organizationLogo\",\"width\":1152,\"height\":864,\"caption\":\"Cand\\u00e1s 365 Redes\"},\"image\":{\"@id\":\"https:\\\/\\\/candas365.es\\\/noticias\\\/pipo-prendes-y-magdalena-sanchez-blesa-promocionaran-candas\\\/#organizationLogo\"},\"sameAs\":[\"https:\\\/\\\/www.facebook.com\\\/Nachofdezber\",\"https:\\\/\\\/x.com\\\/NabercoDigital\",\"https:\\\/\\\/www.instagram.com\\\/nachofdezber\\\/\",\"https:\\\/\\\/www.youtube.com\\\/channel\\\/UCZP-2wLEB9Rv6erhFmqVnvg\"],\"address\":{\"@id\":\"https:\\\/\\\/candas365.es\\\/noticias\\\/#postaladdress\",\"@type\":\"PostalAddress\",\"streetAddress\":\"san antonio 4, san antonio 4\",\"postalCode\":\"33430\",\"addressLocality\":\"Cand\\u00e1s\",\"addressRegion\":\"Asturias\",\"addressCountry\":\"ES\"}},{\"@type\":\"Person\",\"@id\":\"https:\\\/\\\/candas365.es\\\/noticias\\\/author\\\/admin\\\/#author\",\"url\":\"https:\\\/\\\/candas365.es\\\/noticias\\\/author\\\/admin\\\/\",\"name\":\"Cand\\u00e1s 365\",\"image\":{\"@type\":\"ImageObject\",\"@id\":\"https:\\\/\\\/candas365.es\\\/noticias\\\/pipo-prendes-y-magdalena-sanchez-blesa-promocionaran-candas\\\/#authorImage\",\"url\":\"https:\\\/\\\/secure.gravatar.com\\\/avatar\\\/496a8e03d0c493ede1718b7934145dbdf8d89be1036b0eec9544e1094c9de390?s=96&d=mm&r=g\",\"width\":96,\"height\":96,\"caption\":\"Cand\\u00e1s 365\"},\"sameAs\":[\"https:\\\/\\\/www.facebook.com\\\/carrenoactualidad\",\"https:\\\/\\\/twitter.com\\\/nbasturias\",\"https:\\\/\\\/www.instagram.com\\\/nachofdezber\\\/\",\"https:\\\/\\\/www.youtube.com\\\/channel\\\/UCZP-2wLEB9Rv6erhFmqVnvg\"]},{\"@type\":\"WebPage\",\"@id\":\"https:\\\/\\\/candas365.es\\\/noticias\\\/pipo-prendes-y-magdalena-sanchez-blesa-promocionaran-candas\\\/#webpage\",\"url\":\"https:\\\/\\\/candas365.es\\\/noticias\\\/pipo-prendes-y-magdalena-sanchez-blesa-promocionaran-candas\\\/\",\"name\":\"Pipo Prendes y Magdalena S\\u00e1nchez Blesa promocionar\\u00e1n Cand\\u00e1s | Cand\\u00e1s 365\",\"description\":\"El Ayuntamiento de Carre\\u00f1o ha informado que Pipo Prendes y Magdalena S\\u00e1nchez Blesa promocionar\\u00e1n Cand\\u00e1s, el audiovisual ser\\u00e1 una de las piezas de la campa\\u00f1a de promoci\\u00f3n tur\\u00edstica del municipio de Carre\\u00f1o en 2019. Se prev\\u00e9 su presentaci\\u00f3n oficial pr\\u00f3ximamente en la Feria Internacional de Turismo. \\u201cAquellos valores que cualquier persona identifica con Cand\\u00e1s y\",\"inLanguage\":\"es-ES\",\"isPartOf\":{\"@id\":\"https:\\\/\\\/candas365.es\\\/noticias\\\/#website\"},\"breadcrumb\":{\"@id\":\"https:\\\/\\\/candas365.es\\\/noticias\\\/pipo-prendes-y-magdalena-sanchez-blesa-promocionaran-candas\\\/#breadcrumblist\"},\"author\":{\"@id\":\"https:\\\/\\\/candas365.es\\\/noticias\\\/author\\\/admin\\\/#author\"},\"creator\":{\"@id\":\"https:\\\/\\\/candas365.es\\\/noticias\\\/author\\\/admin\\\/#author\"},\"image\":{\"@type\":\"ImageObject\",\"url\":\"https:\\\/\\\/candas365.es\\\/noticias\\\/wp-content\\\/uploads\\\/2019\\\/01\\\/rodaje-en-la-playa-de-Cand\\u00e1s.jpg\",\"@id\":\"https:\\\/\\\/candas365.es\\\/noticias\\\/pipo-prendes-y-magdalena-sanchez-blesa-promocionaran-candas\\\/#mainImage\",\"width\":1600,\"height\":1200},\"primaryImageOfPage\":{\"@id\":\"https:\\\/\\\/candas365.es\\\/noticias\\\/pipo-prendes-y-magdalena-sanchez-blesa-promocionaran-candas\\\/#mainImage\"},\"datePublished\":\"2019-01-07T23:43:54+01:00\",\"dateModified\":\"2019-01-07T23:48:25+01:00\"},{\"@type\":\"WebSite\",\"@id\":\"https:\\\/\\\/candas365.es\\\/noticias\\\/#website\",\"url\":\"https:\\\/\\\/candas365.es\\\/noticias\\\/\",\"name\":\"Cand\\u00e1s 365\",\"alternateName\":\"Cand\\u00e1s 365 Noticias\",\"description\":\"Actualidad desde Carre\\u00f1o para el mundo\",\"inLanguage\":\"es-ES\",\"publisher\":{\"@id\":\"https:\\\/\\\/candas365.es\\\/noticias\\\/#organization\"}}]}\n\t\t<\/script>\n\t\t<!-- All in One SEO Pro -->\r\n\t\t<title>Pipo Prendes y Magdalena S\u00e1nchez Blesa promocionar\u00e1n Cand\u00e1s | Cand\u00e1s 365<\/title>\n\n","aioseo_head_json":{"title":"Pipo Prendes y Magdalena S\u00e1nchez Blesa promocionar\u00e1n Cand\u00e1s | Cand\u00e1s 365","description":"El Ayuntamiento de Carre\u00f1o ha informado que Pipo Prendes y Magdalena S\u00e1nchez Blesa promocionar\u00e1n Cand\u00e1s, el audiovisual ser\u00e1 una de las piezas de la campa\u00f1a de promoci\u00f3n tur\u00edstica del municipio de Carre\u00f1o en 2019. Se prev\u00e9 su presentaci\u00f3n oficial pr\u00f3ximamente en la Feria Internacional de Turismo. \u201cAquellos valores que cualquier persona identifica con Cand\u00e1s y","canonical_url":"https:\/\/candas365.es\/noticias\/pipo-prendes-y-magdalena-sanchez-blesa-promocionaran-candas\/","robots":"max-image-preview:large","keywords":"noticias carre\u00f1o","webmasterTools":{"google-site-verification":"UA-32230408-1","msvalidate.01":"354F3CDFB2DA171B47FBE9ABF1F88D5","miscellaneous":""},"schema":{"@context":"https:\/\/schema.org","@graph":[{"@type":"BreadcrumbList","@id":"https:\/\/candas365.es\/noticias\/pipo-prendes-y-magdalena-sanchez-blesa-promocionaran-candas\/#breadcrumblist","itemListElement":[{"@type":"ListItem","@id":"https:\/\/candas365.es\/noticias#listItem","position":1,"name":"Home","item":"https:\/\/candas365.es\/noticias","nextItem":{"@type":"ListItem","@id":"https:\/\/candas365.es\/noticias\/category\/noticias-carreno\/#listItem","name":"Noticias Carre\u00f1o"}},{"@type":"ListItem","@id":"https:\/\/candas365.es\/noticias\/category\/noticias-carreno\/#listItem","position":2,"name":"Noticias Carre\u00f1o","item":"https:\/\/candas365.es\/noticias\/category\/noticias-carreno\/","nextItem":{"@type":"ListItem","@id":"https:\/\/candas365.es\/noticias\/pipo-prendes-y-magdalena-sanchez-blesa-promocionaran-candas\/#listItem","name":"Pipo Prendes y Magdalena S\u00e1nchez Blesa promocionar\u00e1n Cand\u00e1s"},"previousItem":{"@type":"ListItem","@id":"https:\/\/candas365.es\/noticias#listItem","name":"Home"}},{"@type":"ListItem","@id":"https:\/\/candas365.es\/noticias\/pipo-prendes-y-magdalena-sanchez-blesa-promocionaran-candas\/#listItem","position":3,"name":"Pipo Prendes y Magdalena S\u00e1nchez Blesa promocionar\u00e1n Cand\u00e1s","previousItem":{"@type":"ListItem","@id":"https:\/\/candas365.es\/noticias\/category\/noticias-carreno\/#listItem","name":"Noticias Carre\u00f1o"}}]},{"@type":"NewsArticle","@id":"https:\/\/candas365.es\/noticias\/pipo-prendes-y-magdalena-sanchez-blesa-promocionaran-candas\/#newsarticle","name":"Pipo Prendes y Magdalena S\u00e1nchez Blesa promocionar\u00e1n Cand\u00e1s | Cand\u00e1s 365","headline":"Pipo Prendes y Magdalena S\u00e1nchez Blesa promocionar\u00e1n Cand\u00e1s","author":{"@id":"https:\/\/candas365.es\/noticias\/author\/admin\/#author"},"publisher":{"@id":"https:\/\/candas365.es\/noticias\/#organization"},"image":{"@type":"ImageObject","url":"https:\/\/candas365.es\/noticias\/wp-content\/uploads\/2019\/01\/rodaje-en-la-playa-de-Cand\u00e1s.jpg","width":1600,"height":1200},"datePublished":"2019-01-07T23:43:54+01:00","dateModified":"2019-01-07T23:48:25+01:00","inLanguage":"es-ES","mainEntityOfPage":{"@id":"https:\/\/candas365.es\/noticias\/pipo-prendes-y-magdalena-sanchez-blesa-promocionaran-candas\/#webpage"},"isPartOf":{"@id":"https:\/\/candas365.es\/noticias\/pipo-prendes-y-magdalena-sanchez-blesa-promocionaran-candas\/#webpage"},"articleSection":"Noticias Carre\u00f1o","dateline":"Publicado el enero 7, 2019."},{"@type":"Organization","@id":"https:\/\/candas365.es\/noticias\/#organization","name":"Cand\u00e1s 365","description":"Cand\u00e1s 365 es un diario digital independiente, fundado en 2012, con base en Asturias. Informamos con rigor sobre actualidad, sociedad, cultura y ocio, con una mirada local y global.","url":"https:\/\/candas365.es\/noticias\/","email":"info@candas365.es","telephone":"+34652131393","foundingDate":"2012-06-10","logo":{"@type":"ImageObject","url":"https:\/\/candas365.es\/noticias\/wp-content\/uploads\/2024\/09\/Candas-365-Redes.jpg","@id":"https:\/\/candas365.es\/noticias\/pipo-prendes-y-magdalena-sanchez-blesa-promocionaran-candas\/#organizationLogo","width":1152,"height":864,"caption":"Cand\u00e1s 365 Redes"},"image":{"@id":"https:\/\/candas365.es\/noticias\/pipo-prendes-y-magdalena-sanchez-blesa-promocionaran-candas\/#organizationLogo"},"sameAs":["https:\/\/www.facebook.com\/Nachofdezber","https:\/\/x.com\/NabercoDigital","https:\/\/www.instagram.com\/nachofdezber\/","https:\/\/www.youtube.com\/channel\/UCZP-2wLEB9Rv6erhFmqVnvg"],"address":{"@id":"https:\/\/candas365.es\/noticias\/#postaladdress","@type":"PostalAddress","streetAddress":"san antonio 4, san antonio 4","postalCode":"33430","addressLocality":"Cand\u00e1s","addressRegion":"Asturias","addressCountry":"ES"}},{"@type":"Person","@id":"https:\/\/candas365.es\/noticias\/author\/admin\/#author","url":"https:\/\/candas365.es\/noticias\/author\/admin\/","name":"Cand\u00e1s 365","image":{"@type":"ImageObject","@id":"https:\/\/candas365.es\/noticias\/pipo-prendes-y-magdalena-sanchez-blesa-promocionaran-candas\/#authorImage","url":"https:\/\/secure.gravatar.com\/avatar\/496a8e03d0c493ede1718b7934145dbdf8d89be1036b0eec9544e1094c9de390?s=96&d=mm&r=g","width":96,"height":96,"caption":"Cand\u00e1s 365"},"sameAs":["https:\/\/www.facebook.com\/carrenoactualidad","https:\/\/twitter.com\/nbasturias","https:\/\/www.instagram.com\/nachofdezber\/","https:\/\/www.youtube.com\/channel\/UCZP-2wLEB9Rv6erhFmqVnvg"]},{"@type":"WebPage","@id":"https:\/\/candas365.es\/noticias\/pipo-prendes-y-magdalena-sanchez-blesa-promocionaran-candas\/#webpage","url":"https:\/\/candas365.es\/noticias\/pipo-prendes-y-magdalena-sanchez-blesa-promocionaran-candas\/","name":"Pipo Prendes y Magdalena S\u00e1nchez Blesa promocionar\u00e1n Cand\u00e1s | Cand\u00e1s 365","description":"El Ayuntamiento de Carre\u00f1o ha informado que Pipo Prendes y Magdalena S\u00e1nchez Blesa promocionar\u00e1n Cand\u00e1s, el audiovisual ser\u00e1 una de las piezas de la campa\u00f1a de promoci\u00f3n tur\u00edstica del municipio de Carre\u00f1o en 2019. Se prev\u00e9 su presentaci\u00f3n oficial pr\u00f3ximamente en la Feria Internacional de Turismo. \u201cAquellos valores que cualquier persona identifica con Cand\u00e1s y","inLanguage":"es-ES","isPartOf":{"@id":"https:\/\/candas365.es\/noticias\/#website"},"breadcrumb":{"@id":"https:\/\/candas365.es\/noticias\/pipo-prendes-y-magdalena-sanchez-blesa-promocionaran-candas\/#breadcrumblist"},"author":{"@id":"https:\/\/candas365.es\/noticias\/author\/admin\/#author"},"creator":{"@id":"https:\/\/candas365.es\/noticias\/author\/admin\/#author"},"image":{"@type":"ImageObject","url":"https:\/\/candas365.es\/noticias\/wp-content\/uploads\/2019\/01\/rodaje-en-la-playa-de-Cand\u00e1s.jpg","@id":"https:\/\/candas365.es\/noticias\/pipo-prendes-y-magdalena-sanchez-blesa-promocionaran-candas\/#mainImage","width":1600,"height":1200},"primaryImageOfPage":{"@id":"https:\/\/candas365.es\/noticias\/pipo-prendes-y-magdalena-sanchez-blesa-promocionaran-candas\/#mainImage"},"datePublished":"2019-01-07T23:43:54+01:00","dateModified":"2019-01-07T23:48:25+01:00"},{"@type":"WebSite","@id":"https:\/\/candas365.es\/noticias\/#website","url":"https:\/\/candas365.es\/noticias\/","name":"Cand\u00e1s 365","alternateName":"Cand\u00e1s 365 Noticias","description":"Actualidad desde Carre\u00f1o para el mundo","inLanguage":"es-ES","publisher":{"@id":"https:\/\/candas365.es\/noticias\/#organization"}}]},"og:locale":"es_ES","og:site_name":"Cand\u00e1s 365","og:type":"article","og:title":"Pipo Prendes y Magdalena S\u00e1nchez Blesa promocionar\u00e1n Cand\u00e1s | Cand\u00e1s 365","og:description":"El Ayuntamiento de Carre\u00f1o ha informado que Pipo Prendes y Magdalena S\u00e1nchez Blesa promocionar\u00e1n Cand\u00e1s, el audiovisual ser\u00e1 una de las piezas de la campa\u00f1a de promoci\u00f3n tur\u00edstica del municipio de Carre\u00f1o en 2019. Se prev\u00e9 su presentaci\u00f3n oficial pr\u00f3ximamente en la Feria Internacional de Turismo. \u201cAquellos valores que cualquier persona identifica con Cand\u00e1s y","og:url":"https:\/\/candas365.es\/noticias\/pipo-prendes-y-magdalena-sanchez-blesa-promocionaran-candas\/","og:image":"https:\/\/candas365.es\/noticias\/wp-content\/uploads\/2019\/01\/rodaje-en-la-playa-de-Cand\u00e1s.jpg","og:image:secure_url":"https:\/\/candas365.es\/noticias\/wp-content\/uploads\/2019\/01\/rodaje-en-la-playa-de-Cand\u00e1s.jpg","og:image:width":1600,"og:image:height":1200,"article:published_time":"2019-01-07T23:43:54+00:00","article:modified_time":"2019-01-07T23:48:25+00:00","article:publisher":"https:\/\/www.facebook.com\/Nachofdezber","article:author":"https:\/\/www.facebook.com\/carrenoactualidad","twitter:card":"summary_large_image","twitter:site":"@NabercoDigital","twitter:title":"Pipo Prendes y Magdalena S\u00e1nchez Blesa promocionar\u00e1n Cand\u00e1s | Cand\u00e1s 365","twitter:description":"El Ayuntamiento de Carre\u00f1o ha informado que Pipo Prendes y Magdalena S\u00e1nchez Blesa promocionar\u00e1n Cand\u00e1s, el audiovisual ser\u00e1 una de las piezas de la campa\u00f1a de promoci\u00f3n tur\u00edstica del municipio de Carre\u00f1o en 2019. Se prev\u00e9 su presentaci\u00f3n oficial pr\u00f3ximamente en la Feria Internacional de Turismo. \u201cAquellos valores que cualquier persona identifica con Cand\u00e1s y","twitter:creator":"@nbasturias","twitter:image":"https:\/\/candas365.es\/noticias\/wp-content\/uploads\/2019\/01\/rodaje-en-la-playa-de-Cand\u00e1s.jpg","twitter:label1":"Escrito por","twitter:data1":"Cand\u00e1s 365","twitter:label2":"Tiempo de lectura estimado","twitter:data2":"4 minutos"},"aioseo_meta_data":{"post_id":"113702","title":null,"description":null,"keywords":null,"keyphrases":null,"primary_term":null,"canonical_url":null,"og_title":null,"og_description":null,"og_object_type":"default","og_image_type":"default","og_image_url":null,"og_image_width":null,"og_image_height":null,"og_image_custom_url":null,"og_image_custom_fields":null,"og_video":null,"og_custom_url":null,"og_article_section":null,"og_article_tags":null,"twitter_use_og":false,"twitter_card":"default","twitter_image_type":"default","twitter_image_url":null,"twitter_image_custom_url":null,"twitter_image_custom_fields":null,"twitter_title":null,"twitter_description":null,"schema":{"blockGraphs":[],"customGraphs":[],"default":{"data":{"Article":[],"Course":[],"Dataset":[],"FAQPage":[],"Movie":[],"Person":[],"Product":[],"ProductReview":[],"Car":[],"Recipe":[],"Service":[],"SoftwareApplication":[],"WebPage":[]},"graphName":"","isEnabled":true},"graphs":[]},"schema_type":null,"schema_type_options":null,"pillar_content":false,"robots_default":true,"robots_noindex":false,"robots_noarchive":false,"robots_nosnippet":false,"robots_nofollow":false,"robots_noimageindex":false,"robots_noodp":false,"robots_notranslate":false,"robots_max_snippet":null,"robots_max_videopreview":null,"robots_max_imagepreview":"large","priority":null,"frequency":null,"location":null,"local_seo":null,"seo_analyzer_scan_date":"2025-08-28 23:28:20","breadcrumb_settings":null,"limit_modified_date":false,"reviewed_by":null,"open_ai":null,"ai":null,"created":"2020-12-21 11:27:54","updated":"2025-08-28 23:28:20"},"aioseo_breadcrumb":"<div class=\"aioseo-breadcrumbs\"><span class=\"aioseo-breadcrumb\">\n\t<a href=\"https:\/\/candas365.es\/noticias\" title=\"Home\">Home<\/a>\n<\/span><span class=\"aioseo-breadcrumb-separator\">&ndash;<\/span><span class=\"aioseo-breadcrumb\">\n\t<a href=\"https:\/\/candas365.es\/noticias\/category\/noticias-carreno\/\" title=\"Noticias Carre\u00f1o\">Noticias Carre\u00f1o<\/a>\n<\/span><span class=\"aioseo-breadcrumb-separator\">&ndash;<\/span><span class=\"aioseo-breadcrumb\">\n\tPipo Prendes y Magdalena S\u00e1nchez Blesa promocionar\u00e1n Cand\u00e1s\n<\/span><\/div>","aioseo_breadcrumb_json":[{"label":"Home","link":"https:\/\/candas365.es\/noticias"},{"label":"Noticias Carre\u00f1o","link":"https:\/\/candas365.es\/noticias\/category\/noticias-carreno\/"},{"label":"Pipo Prendes y Magdalena S\u00e1nchez Blesa promocionar\u00e1n Cand\u00e1s","link":"https:\/\/candas365.es\/noticias\/pipo-prendes-y-magdalena-sanchez-blesa-promocionaran-candas\/"}],"_links":{"self":[{"href":"https:\/\/candas365.es\/noticias\/wp-json\/wp\/v2\/posts\/113702","targetHints":{"allow":["GET"]}}],"collection":[{"href":"https:\/\/candas365.es\/noticias\/wp-json\/wp\/v2\/posts"}],"about":[{"href":"https:\/\/candas365.es\/noticias\/wp-json\/wp\/v2\/types\/post"}],"author":[{"embeddable":true,"href":"https:\/\/candas365.es\/noticias\/wp-json\/wp\/v2\/users\/1"}],"replies":[{"embeddable":true,"href":"https:\/\/candas365.es\/noticias\/wp-json\/wp\/v2\/comments?post=113702"}],"version-history":[{"count":0,"href":"https:\/\/candas365.es\/noticias\/wp-json\/wp\/v2\/posts\/113702\/revisions"}],"wp:featuredmedia":[{"embeddable":true,"href":"https:\/\/candas365.es\/noticias\/wp-json\/wp\/v2\/media\/113703"}],"wp:attachment":[{"href":"https:\/\/candas365.es\/noticias\/wp-json\/wp\/v2\/media?parent=113702"}],"wp:term":[{"taxonomy":"category","embeddable":true,"href":"https:\/\/candas365.es\/noticias\/wp-json\/wp\/v2\/categories?post=113702"},{"taxonomy":"post_tag","embeddable":true,"href":"https:\/\/candas365.es\/noticias\/wp-json\/wp\/v2\/tags?post=113702"}],"curies":[{"name":"wp","href":"https:\/\/api.w.org\/{rel}","templated":true}]}}