{"id":113700,"date":"2019-01-07T21:40:31","date_gmt":"2019-01-07T21:40:31","guid":{"rendered":"http:\/\/candas365.es\/noticias\/?p=113700"},"modified":"2019-01-07T21:40:31","modified_gmt":"2019-01-07T21:40:31","slug":"la-policia-nacional-detiene-a-un-fugado-buscado-por-violar-a-una-mujer-hace-15-anos","status":"publish","type":"post","link":"https:\/\/candas365.es\/noticias\/la-policia-nacional-detiene-a-un-fugado-buscado-por-violar-a-una-mujer-hace-15-anos\/","title":{"rendered":"La Polic\u00eda Nacional detiene a un fugado buscado por violar a una mujer hace 15 a\u00f1os"},"content":{"rendered":"<p><img fetchpriority=\"high\" decoding=\"async\" class=\"alignleft size-medium wp-image-1337\" src=\"https:\/\/candas365.es\/noticias\/wp-content\/uploads\/2014\/09\/policia1-360x227.jpg\" alt=\"\" width=\"360\" height=\"227\" srcset=\"https:\/\/candas365.es\/noticias\/wp-content\/uploads\/2014\/09\/policia1-360x227.jpg 360w, https:\/\/candas365.es\/noticias\/wp-content\/uploads\/2014\/09\/policia1-650x410.jpg 650w, https:\/\/candas365.es\/noticias\/wp-content\/uploads\/2014\/09\/policia1-768x484.jpg 768w, https:\/\/candas365.es\/noticias\/wp-content\/uploads\/2014\/09\/policia1-150x95.jpg 150w, https:\/\/candas365.es\/noticias\/wp-content\/uploads\/2014\/09\/policia1-450x284.jpg 450w, https:\/\/candas365.es\/noticias\/wp-content\/uploads\/2014\/09\/policia1-655x413.jpg 655w, https:\/\/candas365.es\/noticias\/wp-content\/uploads\/2014\/09\/policia1-696x438.jpg 696w, https:\/\/candas365.es\/noticias\/wp-content\/uploads\/2014\/09\/policia1-667x420.jpg 667w, https:\/\/candas365.es\/noticias\/wp-content\/uploads\/2014\/09\/policia1-269x170.jpg 269w, https:\/\/candas365.es\/noticias\/wp-content\/uploads\/2014\/09\/policia1.jpg 800w\" sizes=\"(max-width: 360px) 100vw, 360px\" \/>Agentes de la Polic\u00eda Nacional han detenido en Madrid a un ciudadano de origen portugu\u00e9s que ten\u00eda en vigor una orden europea de detenci\u00f3n y entrega por las autoridades portuguesas. Los hechos ocurrieron el 27 de diciembre de 2003, cuando el detenido viol\u00f3 a una mujer tras conocerla en una sala de fiestas.<\/p>\n<p>Ambos acordaron mantener relaciones sexuales consentidas en el hotel donde se alojaba el arrestado hasta que, de forma violenta, agredi\u00f3 brutalmente a la v\u00edctima y consum\u00f3 la agresi\u00f3n sexual. Adem\u00e1s, al detenido le constan antecedentes policiales en Espa\u00f1a por malos tratos f\u00edsicos. Hace pocos d\u00edas, y tras diversas gestiones, fue localizado y detenido en Madrid.<\/p>\n<p><strong>Detenido un fugitivo al que se le imputa 29 delitos<\/strong><\/p>\n<p>En otra operaci\u00f3n, ha sido detenido un ciudadano brit\u00e1nico que ten\u00eda en vigor una orden europea de detenci\u00f3n y entrega por tr\u00e1fico de drogas y crimen organizado. La detenci\u00f3n se llev\u00f3 a cabo en el aeropuerto de Tenerife Sur.<\/p>\n<p>Las autoridades judiciales de Edimburgo (Reino Unido) buscaban a este hombre, de 35 a\u00f1os, por su presunta participaci\u00f3n en las actividades il\u00edcitas realizadas por una importante organizaci\u00f3n criminal internacional que, entre 2011 y 2018, oper\u00f3 en Reino Unido, Islandia, Pa\u00edses Bajos, Emiratos \u00c1rabes Unidos, Portugal, Espa\u00f1a, China y M\u00e9xico, entre otros.<\/p>\n<p>El fugitivo se encontraba en el sur de la isla de Tenerife, desde donde llevaba a cabo las actividades de direcci\u00f3n y control del grupo criminal. Debido a las numerosas medidas de seguridad que tomaba, y a la gran cantidad de medios que ten\u00eda a su disposici\u00f3n, las labores de investigaci\u00f3n no pudieron desvelar su localizaci\u00f3n hasta fechas cercanas a su detenci\u00f3n. Mediante un dispositivo establecido en diferentes zonas de la isla, fue interceptado en las proximidades del aeropuerto. En ese momento fue detenido y puesto a disposici\u00f3n judicial, decretando su ingreso en prisi\u00f3n a la espera de hacer efectiva su entrega a la autoridades inglesas.<\/p>\n<p>Se le imputa un total de 29 delitos por participaci\u00f3n en organizaci\u00f3n criminal; tr\u00e1fico il\u00edcito de drogas, narc\u00f3ticos y sustancias psicotr\u00f3picas; tr\u00e1fico il\u00edcito de armas, municiones y explosivos; blanqueo de capitales; delitos inform\u00e1ticos; homicidio y agresi\u00f3n con lesiones graves; secuestro, detenci\u00f3n ilegal y toma de rehenes y robo organizado con armas. Su grupo criminal introduc\u00eda grandes cantidades de coca\u00edna y hach\u00eds en Reino Unido y en otros pa\u00edses de la Uni\u00f3n Europea y destacaba por la gran violencia con la que actuaban, utilizando armas de fuego. Los delitos que se le imputan est\u00e1n penados con unos 100 a\u00f1os de prisi\u00f3n.<\/p>\n<p><strong>Diez fugados localizados durante el pasado mes<\/strong><\/p>\n<p>Durante el pasado mes de diciembre, los agentes especializados en la localizaci\u00f3n de fugitivos han detenido a otros diez buscados por autoridades judiciales extranjeras. Los arrestos han sido llevados a cabo en El Ejido (Almer\u00eda), Ja\u00e9n, Madrid capital, M\u00f3stoles (Madrid), Lleida, Las Palmas de Gran Canaria y Gand\u00eda (Valencia) por diferentes delitos como tr\u00e1fico de drogas, robos con violencia, agresiones sexuales, abusos a menores, blanqueo de capitales o delitos financieros.<\/p>\n","protected":false},"excerpt":{"rendered":"<p>Agentes de la Polic\u00eda Nacional han detenido en Madrid a un ciudadano de origen portugu\u00e9s que ten\u00eda en vigor una orden europea de detenci\u00f3n y entrega por las autoridades portuguesas. Los hechos ocurrieron el 27 de diciembre de 2003, cuando el detenido viol\u00f3 a una mujer tras conocerla en una sala de fiestas. Ambos acordaron<\/p>\n","protected":false},"author":1,"featured_media":1337,"comment_status":"closed","ping_status":"closed","sticky":false,"template":"","format":"standard","meta":{"footnotes":""},"categories":[343],"tags":[],"class_list":{"0":"post-113700","1":"post","2":"type-post","3":"status-publish","4":"format-standard","5":"has-post-thumbnail","7":"category-actualidad"},"aioseo_notices":[],"aioseo_head":"\n\t\t<!-- All in One SEO Pro 4.9.6.2 - aioseo.com -->\n\t<meta name=\"description\" content=\"Agentes de la Polic\u00eda Nacional han detenido en Madrid a un ciudadano de origen portugu\u00e9s que ten\u00eda en vigor una orden europea de detenci\u00f3n y entrega por las autoridades portuguesas. Los hechos ocurrieron el 27 de diciembre de 2003, cuando el detenido viol\u00f3 a una mujer tras conocerla en una sala de fiestas. Ambos acordaron\" \/>\n\t<meta name=\"robots\" content=\"max-image-preview:large\" \/>\n\t<meta name=\"author\" content=\"Cand\u00e1s 365\"\/>\n\t<meta name=\"google-site-verification\" content=\"UA-32230408-1\" \/>\n\t<meta name=\"msvalidate.01\" content=\"354F3CDFB2DA171B47FBE9ABF1F88D5\" \/>\n\t<meta name=\"keywords\" content=\"actualidad\" \/>\n\t<link rel=\"canonical\" href=\"https:\/\/candas365.es\/noticias\/la-policia-nacional-detiene-a-un-fugado-buscado-por-violar-a-una-mujer-hace-15-anos\/\" \/>\n\t<meta name=\"generator\" content=\"All in One SEO Pro (AIOSEO) 4.9.6.2\" \/>\n\t\t<meta property=\"og:locale\" content=\"es_ES\" \/>\n\t\t<meta property=\"og:site_name\" content=\"Cand\u00e1s 365\" \/>\n\t\t<meta property=\"og:type\" content=\"article\" \/>\n\t\t<meta property=\"og:title\" content=\"La Polic\u00eda Nacional detiene a un fugado buscado por violar a una mujer hace 15 a\u00f1os | Cand\u00e1s 365\" \/>\n\t\t<meta property=\"og:description\" content=\"Agentes de la Polic\u00eda Nacional han detenido en Madrid a un ciudadano de origen portugu\u00e9s que ten\u00eda en vigor una orden europea de detenci\u00f3n y entrega por las autoridades portuguesas. Los hechos ocurrieron el 27 de diciembre de 2003, cuando el detenido viol\u00f3 a una mujer tras conocerla en una sala de fiestas. Ambos acordaron\" \/>\n\t\t<meta property=\"og:url\" content=\"https:\/\/candas365.es\/noticias\/la-policia-nacional-detiene-a-un-fugado-buscado-por-violar-a-una-mujer-hace-15-anos\/\" \/>\n\t\t<meta property=\"og:image\" content=\"https:\/\/candas365.es\/noticias\/wp-content\/uploads\/2014\/09\/policia1.jpg\" \/>\n\t\t<meta property=\"og:image:secure_url\" content=\"https:\/\/candas365.es\/noticias\/wp-content\/uploads\/2014\/09\/policia1.jpg\" \/>\n\t\t<meta property=\"og:image:width\" content=\"800\" \/>\n\t\t<meta property=\"og:image:height\" content=\"504\" \/>\n\t\t<meta property=\"article:published_time\" content=\"2019-01-07T21:40:31+00:00\" \/>\n\t\t<meta property=\"article:modified_time\" content=\"2019-01-07T21:40:31+00:00\" \/>\n\t\t<meta property=\"article:publisher\" content=\"https:\/\/www.facebook.com\/Nachofdezber\" \/>\n\t\t<meta property=\"article:author\" content=\"https:\/\/www.facebook.com\/carrenoactualidad\" \/>\n\t\t<meta name=\"twitter:card\" content=\"summary_large_image\" \/>\n\t\t<meta name=\"twitter:site\" content=\"@NabercoDigital\" \/>\n\t\t<meta name=\"twitter:title\" content=\"La Polic\u00eda Nacional detiene a un fugado buscado por violar a una mujer hace 15 a\u00f1os | Cand\u00e1s 365\" \/>\n\t\t<meta name=\"twitter:description\" content=\"Agentes de la Polic\u00eda Nacional han detenido en Madrid a un ciudadano de origen portugu\u00e9s que ten\u00eda en vigor una orden europea de detenci\u00f3n y entrega por las autoridades portuguesas. Los hechos ocurrieron el 27 de diciembre de 2003, cuando el detenido viol\u00f3 a una mujer tras conocerla en una sala de fiestas. Ambos acordaron\" \/>\n\t\t<meta name=\"twitter:creator\" content=\"@nbasturias\" \/>\n\t\t<meta name=\"twitter:image\" content=\"https:\/\/candas365.es\/noticias\/wp-content\/uploads\/2014\/09\/policia1.jpg\" \/>\n\t\t<meta name=\"twitter:label1\" content=\"Escrito por\" \/>\n\t\t<meta name=\"twitter:data1\" content=\"Cand\u00e1s 365\" \/>\n\t\t<meta name=\"twitter:label2\" content=\"Tiempo de lectura estimado\" \/>\n\t\t<meta name=\"twitter:data2\" content=\"3 minutos\" \/>\n\t\t<script type=\"application\/ld+json\" class=\"aioseo-schema\">\n\t\t\t{\"@context\":\"https:\\\/\\\/schema.org\",\"@graph\":[{\"@type\":\"BreadcrumbList\",\"@id\":\"https:\\\/\\\/candas365.es\\\/noticias\\\/la-policia-nacional-detiene-a-un-fugado-buscado-por-violar-a-una-mujer-hace-15-anos\\\/#breadcrumblist\",\"itemListElement\":[{\"@type\":\"ListItem\",\"@id\":\"https:\\\/\\\/candas365.es\\\/noticias#listItem\",\"position\":1,\"name\":\"Home\",\"item\":\"https:\\\/\\\/candas365.es\\\/noticias\",\"nextItem\":{\"@type\":\"ListItem\",\"@id\":\"https:\\\/\\\/candas365.es\\\/noticias\\\/category\\\/actualidad\\\/#listItem\",\"name\":\"Actualidad\"}},{\"@type\":\"ListItem\",\"@id\":\"https:\\\/\\\/candas365.es\\\/noticias\\\/category\\\/actualidad\\\/#listItem\",\"position\":2,\"name\":\"Actualidad\",\"item\":\"https:\\\/\\\/candas365.es\\\/noticias\\\/category\\\/actualidad\\\/\",\"nextItem\":{\"@type\":\"ListItem\",\"@id\":\"https:\\\/\\\/candas365.es\\\/noticias\\\/la-policia-nacional-detiene-a-un-fugado-buscado-por-violar-a-una-mujer-hace-15-anos\\\/#listItem\",\"name\":\"La Polic\\u00eda Nacional detiene a un fugado buscado por violar a una mujer hace 15 a\\u00f1os\"},\"previousItem\":{\"@type\":\"ListItem\",\"@id\":\"https:\\\/\\\/candas365.es\\\/noticias#listItem\",\"name\":\"Home\"}},{\"@type\":\"ListItem\",\"@id\":\"https:\\\/\\\/candas365.es\\\/noticias\\\/la-policia-nacional-detiene-a-un-fugado-buscado-por-violar-a-una-mujer-hace-15-anos\\\/#listItem\",\"position\":3,\"name\":\"La Polic\\u00eda Nacional detiene a un fugado buscado por violar a una mujer hace 15 a\\u00f1os\",\"previousItem\":{\"@type\":\"ListItem\",\"@id\":\"https:\\\/\\\/candas365.es\\\/noticias\\\/category\\\/actualidad\\\/#listItem\",\"name\":\"Actualidad\"}}]},{\"@type\":\"NewsArticle\",\"@id\":\"https:\\\/\\\/candas365.es\\\/noticias\\\/la-policia-nacional-detiene-a-un-fugado-buscado-por-violar-a-una-mujer-hace-15-anos\\\/#newsarticle\",\"name\":\"La Polic\\u00eda Nacional detiene a un fugado buscado por violar a una mujer hace 15 a\\u00f1os | Cand\\u00e1s 365\",\"headline\":\"La Polic\\u00eda Nacional detiene a un fugado buscado por violar a una mujer hace 15 a\\u00f1os\",\"author\":{\"@id\":\"https:\\\/\\\/candas365.es\\\/noticias\\\/author\\\/admin\\\/#author\"},\"publisher\":{\"@id\":\"https:\\\/\\\/candas365.es\\\/noticias\\\/#organization\"},\"image\":{\"@type\":\"ImageObject\",\"url\":\"https:\\\/\\\/candas365.es\\\/noticias\\\/wp-content\\\/uploads\\\/2014\\\/09\\\/policia1.jpg\",\"width\":800,\"height\":504},\"datePublished\":\"2019-01-07T21:40:31+01:00\",\"dateModified\":\"2019-01-07T21:40:31+01:00\",\"inLanguage\":\"es-ES\",\"mainEntityOfPage\":{\"@id\":\"https:\\\/\\\/candas365.es\\\/noticias\\\/la-policia-nacional-detiene-a-un-fugado-buscado-por-violar-a-una-mujer-hace-15-anos\\\/#webpage\"},\"isPartOf\":{\"@id\":\"https:\\\/\\\/candas365.es\\\/noticias\\\/la-policia-nacional-detiene-a-un-fugado-buscado-por-violar-a-una-mujer-hace-15-anos\\\/#webpage\"},\"articleSection\":\"Actualidad\",\"dateline\":\"Publicado el enero 7, 2019.\"},{\"@type\":\"Organization\",\"@id\":\"https:\\\/\\\/candas365.es\\\/noticias\\\/#organization\",\"name\":\"Cand\\u00e1s 365\",\"description\":\"Cand\\u00e1s 365 es un diario digital independiente, fundado en 2012, con base en Asturias. Informamos con rigor sobre actualidad, sociedad, cultura y ocio, con una mirada local y global.\",\"url\":\"https:\\\/\\\/candas365.es\\\/noticias\\\/\",\"email\":\"info@candas365.es\",\"telephone\":\"+34652131393\",\"foundingDate\":\"2012-06-10\",\"logo\":{\"@type\":\"ImageObject\",\"url\":\"https:\\\/\\\/candas365.es\\\/noticias\\\/wp-content\\\/uploads\\\/2024\\\/09\\\/Candas-365-Redes.jpg\",\"@id\":\"https:\\\/\\\/candas365.es\\\/noticias\\\/la-policia-nacional-detiene-a-un-fugado-buscado-por-violar-a-una-mujer-hace-15-anos\\\/#organizationLogo\",\"width\":1152,\"height\":864,\"caption\":\"Cand\\u00e1s 365 Redes\"},\"image\":{\"@id\":\"https:\\\/\\\/candas365.es\\\/noticias\\\/la-policia-nacional-detiene-a-un-fugado-buscado-por-violar-a-una-mujer-hace-15-anos\\\/#organizationLogo\"},\"sameAs\":[\"https:\\\/\\\/www.facebook.com\\\/Nachofdezber\",\"https:\\\/\\\/x.com\\\/NabercoDigital\",\"https:\\\/\\\/www.instagram.com\\\/nachofdezber\\\/\",\"https:\\\/\\\/www.youtube.com\\\/channel\\\/UCZP-2wLEB9Rv6erhFmqVnvg\"],\"address\":{\"@id\":\"https:\\\/\\\/candas365.es\\\/noticias\\\/#postaladdress\",\"@type\":\"PostalAddress\",\"streetAddress\":\"san antonio 4, san antonio 4\",\"postalCode\":\"33430\",\"addressLocality\":\"Cand\\u00e1s\",\"addressRegion\":\"Asturias\",\"addressCountry\":\"ES\"}},{\"@type\":\"Person\",\"@id\":\"https:\\\/\\\/candas365.es\\\/noticias\\\/author\\\/admin\\\/#author\",\"url\":\"https:\\\/\\\/candas365.es\\\/noticias\\\/author\\\/admin\\\/\",\"name\":\"Cand\\u00e1s 365\",\"image\":{\"@type\":\"ImageObject\",\"@id\":\"https:\\\/\\\/candas365.es\\\/noticias\\\/la-policia-nacional-detiene-a-un-fugado-buscado-por-violar-a-una-mujer-hace-15-anos\\\/#authorImage\",\"url\":\"https:\\\/\\\/secure.gravatar.com\\\/avatar\\\/496a8e03d0c493ede1718b7934145dbdf8d89be1036b0eec9544e1094c9de390?s=96&d=mm&r=g\",\"width\":96,\"height\":96,\"caption\":\"Cand\\u00e1s 365\"},\"sameAs\":[\"https:\\\/\\\/www.facebook.com\\\/carrenoactualidad\",\"https:\\\/\\\/twitter.com\\\/nbasturias\",\"https:\\\/\\\/www.instagram.com\\\/nachofdezber\\\/\",\"https:\\\/\\\/www.youtube.com\\\/channel\\\/UCZP-2wLEB9Rv6erhFmqVnvg\"]},{\"@type\":\"WebPage\",\"@id\":\"https:\\\/\\\/candas365.es\\\/noticias\\\/la-policia-nacional-detiene-a-un-fugado-buscado-por-violar-a-una-mujer-hace-15-anos\\\/#webpage\",\"url\":\"https:\\\/\\\/candas365.es\\\/noticias\\\/la-policia-nacional-detiene-a-un-fugado-buscado-por-violar-a-una-mujer-hace-15-anos\\\/\",\"name\":\"La Polic\\u00eda Nacional detiene a un fugado buscado por violar a una mujer hace 15 a\\u00f1os | Cand\\u00e1s 365\",\"description\":\"Agentes de la Polic\\u00eda Nacional han detenido en Madrid a un ciudadano de origen portugu\\u00e9s que ten\\u00eda en vigor una orden europea de detenci\\u00f3n y entrega por las autoridades portuguesas. Los hechos ocurrieron el 27 de diciembre de 2003, cuando el detenido viol\\u00f3 a una mujer tras conocerla en una sala de fiestas. Ambos acordaron\",\"inLanguage\":\"es-ES\",\"isPartOf\":{\"@id\":\"https:\\\/\\\/candas365.es\\\/noticias\\\/#website\"},\"breadcrumb\":{\"@id\":\"https:\\\/\\\/candas365.es\\\/noticias\\\/la-policia-nacional-detiene-a-un-fugado-buscado-por-violar-a-una-mujer-hace-15-anos\\\/#breadcrumblist\"},\"author\":{\"@id\":\"https:\\\/\\\/candas365.es\\\/noticias\\\/author\\\/admin\\\/#author\"},\"creator\":{\"@id\":\"https:\\\/\\\/candas365.es\\\/noticias\\\/author\\\/admin\\\/#author\"},\"image\":{\"@type\":\"ImageObject\",\"url\":\"https:\\\/\\\/candas365.es\\\/noticias\\\/wp-content\\\/uploads\\\/2014\\\/09\\\/policia1.jpg\",\"@id\":\"https:\\\/\\\/candas365.es\\\/noticias\\\/la-policia-nacional-detiene-a-un-fugado-buscado-por-violar-a-una-mujer-hace-15-anos\\\/#mainImage\",\"width\":800,\"height\":504},\"primaryImageOfPage\":{\"@id\":\"https:\\\/\\\/candas365.es\\\/noticias\\\/la-policia-nacional-detiene-a-un-fugado-buscado-por-violar-a-una-mujer-hace-15-anos\\\/#mainImage\"},\"datePublished\":\"2019-01-07T21:40:31+01:00\",\"dateModified\":\"2019-01-07T21:40:31+01:00\"},{\"@type\":\"WebSite\",\"@id\":\"https:\\\/\\\/candas365.es\\\/noticias\\\/#website\",\"url\":\"https:\\\/\\\/candas365.es\\\/noticias\\\/\",\"name\":\"Cand\\u00e1s 365\",\"alternateName\":\"Cand\\u00e1s 365 Noticias\",\"description\":\"Actualidad desde Carre\\u00f1o para el mundo\",\"inLanguage\":\"es-ES\",\"publisher\":{\"@id\":\"https:\\\/\\\/candas365.es\\\/noticias\\\/#organization\"}}]}\n\t\t<\/script>\n\t\t<!-- All in One SEO Pro -->\r\n\t\t<title>La Polic\u00eda Nacional detiene a un fugado buscado por violar a una mujer hace 15 a\u00f1os | Cand\u00e1s 365<\/title>\n\n","aioseo_head_json":{"title":"La Polic\u00eda Nacional detiene a un fugado buscado por violar a una mujer hace 15 a\u00f1os | Cand\u00e1s 365","description":"Agentes de la Polic\u00eda Nacional han detenido en Madrid a un ciudadano de origen portugu\u00e9s que ten\u00eda en vigor una orden europea de detenci\u00f3n y entrega por las autoridades portuguesas. Los hechos ocurrieron el 27 de diciembre de 2003, cuando el detenido viol\u00f3 a una mujer tras conocerla en una sala de fiestas. Ambos acordaron","canonical_url":"https:\/\/candas365.es\/noticias\/la-policia-nacional-detiene-a-un-fugado-buscado-por-violar-a-una-mujer-hace-15-anos\/","robots":"max-image-preview:large","keywords":"actualidad","webmasterTools":{"google-site-verification":"UA-32230408-1","msvalidate.01":"354F3CDFB2DA171B47FBE9ABF1F88D5","miscellaneous":""},"schema":{"@context":"https:\/\/schema.org","@graph":[{"@type":"BreadcrumbList","@id":"https:\/\/candas365.es\/noticias\/la-policia-nacional-detiene-a-un-fugado-buscado-por-violar-a-una-mujer-hace-15-anos\/#breadcrumblist","itemListElement":[{"@type":"ListItem","@id":"https:\/\/candas365.es\/noticias#listItem","position":1,"name":"Home","item":"https:\/\/candas365.es\/noticias","nextItem":{"@type":"ListItem","@id":"https:\/\/candas365.es\/noticias\/category\/actualidad\/#listItem","name":"Actualidad"}},{"@type":"ListItem","@id":"https:\/\/candas365.es\/noticias\/category\/actualidad\/#listItem","position":2,"name":"Actualidad","item":"https:\/\/candas365.es\/noticias\/category\/actualidad\/","nextItem":{"@type":"ListItem","@id":"https:\/\/candas365.es\/noticias\/la-policia-nacional-detiene-a-un-fugado-buscado-por-violar-a-una-mujer-hace-15-anos\/#listItem","name":"La Polic\u00eda Nacional detiene a un fugado buscado por violar a una mujer hace 15 a\u00f1os"},"previousItem":{"@type":"ListItem","@id":"https:\/\/candas365.es\/noticias#listItem","name":"Home"}},{"@type":"ListItem","@id":"https:\/\/candas365.es\/noticias\/la-policia-nacional-detiene-a-un-fugado-buscado-por-violar-a-una-mujer-hace-15-anos\/#listItem","position":3,"name":"La Polic\u00eda Nacional detiene a un fugado buscado por violar a una mujer hace 15 a\u00f1os","previousItem":{"@type":"ListItem","@id":"https:\/\/candas365.es\/noticias\/category\/actualidad\/#listItem","name":"Actualidad"}}]},{"@type":"NewsArticle","@id":"https:\/\/candas365.es\/noticias\/la-policia-nacional-detiene-a-un-fugado-buscado-por-violar-a-una-mujer-hace-15-anos\/#newsarticle","name":"La Polic\u00eda Nacional detiene a un fugado buscado por violar a una mujer hace 15 a\u00f1os | Cand\u00e1s 365","headline":"La Polic\u00eda Nacional detiene a un fugado buscado por violar a una mujer hace 15 a\u00f1os","author":{"@id":"https:\/\/candas365.es\/noticias\/author\/admin\/#author"},"publisher":{"@id":"https:\/\/candas365.es\/noticias\/#organization"},"image":{"@type":"ImageObject","url":"https:\/\/candas365.es\/noticias\/wp-content\/uploads\/2014\/09\/policia1.jpg","width":800,"height":504},"datePublished":"2019-01-07T21:40:31+01:00","dateModified":"2019-01-07T21:40:31+01:00","inLanguage":"es-ES","mainEntityOfPage":{"@id":"https:\/\/candas365.es\/noticias\/la-policia-nacional-detiene-a-un-fugado-buscado-por-violar-a-una-mujer-hace-15-anos\/#webpage"},"isPartOf":{"@id":"https:\/\/candas365.es\/noticias\/la-policia-nacional-detiene-a-un-fugado-buscado-por-violar-a-una-mujer-hace-15-anos\/#webpage"},"articleSection":"Actualidad","dateline":"Publicado el enero 7, 2019."},{"@type":"Organization","@id":"https:\/\/candas365.es\/noticias\/#organization","name":"Cand\u00e1s 365","description":"Cand\u00e1s 365 es un diario digital independiente, fundado en 2012, con base en Asturias. Informamos con rigor sobre actualidad, sociedad, cultura y ocio, con una mirada local y global.","url":"https:\/\/candas365.es\/noticias\/","email":"info@candas365.es","telephone":"+34652131393","foundingDate":"2012-06-10","logo":{"@type":"ImageObject","url":"https:\/\/candas365.es\/noticias\/wp-content\/uploads\/2024\/09\/Candas-365-Redes.jpg","@id":"https:\/\/candas365.es\/noticias\/la-policia-nacional-detiene-a-un-fugado-buscado-por-violar-a-una-mujer-hace-15-anos\/#organizationLogo","width":1152,"height":864,"caption":"Cand\u00e1s 365 Redes"},"image":{"@id":"https:\/\/candas365.es\/noticias\/la-policia-nacional-detiene-a-un-fugado-buscado-por-violar-a-una-mujer-hace-15-anos\/#organizationLogo"},"sameAs":["https:\/\/www.facebook.com\/Nachofdezber","https:\/\/x.com\/NabercoDigital","https:\/\/www.instagram.com\/nachofdezber\/","https:\/\/www.youtube.com\/channel\/UCZP-2wLEB9Rv6erhFmqVnvg"],"address":{"@id":"https:\/\/candas365.es\/noticias\/#postaladdress","@type":"PostalAddress","streetAddress":"san antonio 4, san antonio 4","postalCode":"33430","addressLocality":"Cand\u00e1s","addressRegion":"Asturias","addressCountry":"ES"}},{"@type":"Person","@id":"https:\/\/candas365.es\/noticias\/author\/admin\/#author","url":"https:\/\/candas365.es\/noticias\/author\/admin\/","name":"Cand\u00e1s 365","image":{"@type":"ImageObject","@id":"https:\/\/candas365.es\/noticias\/la-policia-nacional-detiene-a-un-fugado-buscado-por-violar-a-una-mujer-hace-15-anos\/#authorImage","url":"https:\/\/secure.gravatar.com\/avatar\/496a8e03d0c493ede1718b7934145dbdf8d89be1036b0eec9544e1094c9de390?s=96&d=mm&r=g","width":96,"height":96,"caption":"Cand\u00e1s 365"},"sameAs":["https:\/\/www.facebook.com\/carrenoactualidad","https:\/\/twitter.com\/nbasturias","https:\/\/www.instagram.com\/nachofdezber\/","https:\/\/www.youtube.com\/channel\/UCZP-2wLEB9Rv6erhFmqVnvg"]},{"@type":"WebPage","@id":"https:\/\/candas365.es\/noticias\/la-policia-nacional-detiene-a-un-fugado-buscado-por-violar-a-una-mujer-hace-15-anos\/#webpage","url":"https:\/\/candas365.es\/noticias\/la-policia-nacional-detiene-a-un-fugado-buscado-por-violar-a-una-mujer-hace-15-anos\/","name":"La Polic\u00eda Nacional detiene a un fugado buscado por violar a una mujer hace 15 a\u00f1os | Cand\u00e1s 365","description":"Agentes de la Polic\u00eda Nacional han detenido en Madrid a un ciudadano de origen portugu\u00e9s que ten\u00eda en vigor una orden europea de detenci\u00f3n y entrega por las autoridades portuguesas. Los hechos ocurrieron el 27 de diciembre de 2003, cuando el detenido viol\u00f3 a una mujer tras conocerla en una sala de fiestas. Ambos acordaron","inLanguage":"es-ES","isPartOf":{"@id":"https:\/\/candas365.es\/noticias\/#website"},"breadcrumb":{"@id":"https:\/\/candas365.es\/noticias\/la-policia-nacional-detiene-a-un-fugado-buscado-por-violar-a-una-mujer-hace-15-anos\/#breadcrumblist"},"author":{"@id":"https:\/\/candas365.es\/noticias\/author\/admin\/#author"},"creator":{"@id":"https:\/\/candas365.es\/noticias\/author\/admin\/#author"},"image":{"@type":"ImageObject","url":"https:\/\/candas365.es\/noticias\/wp-content\/uploads\/2014\/09\/policia1.jpg","@id":"https:\/\/candas365.es\/noticias\/la-policia-nacional-detiene-a-un-fugado-buscado-por-violar-a-una-mujer-hace-15-anos\/#mainImage","width":800,"height":504},"primaryImageOfPage":{"@id":"https:\/\/candas365.es\/noticias\/la-policia-nacional-detiene-a-un-fugado-buscado-por-violar-a-una-mujer-hace-15-anos\/#mainImage"},"datePublished":"2019-01-07T21:40:31+01:00","dateModified":"2019-01-07T21:40:31+01:00"},{"@type":"WebSite","@id":"https:\/\/candas365.es\/noticias\/#website","url":"https:\/\/candas365.es\/noticias\/","name":"Cand\u00e1s 365","alternateName":"Cand\u00e1s 365 Noticias","description":"Actualidad desde Carre\u00f1o para el mundo","inLanguage":"es-ES","publisher":{"@id":"https:\/\/candas365.es\/noticias\/#organization"}}]},"og:locale":"es_ES","og:site_name":"Cand\u00e1s 365","og:type":"article","og:title":"La Polic\u00eda Nacional detiene a un fugado buscado por violar a una mujer hace 15 a\u00f1os | Cand\u00e1s 365","og:description":"Agentes de la Polic\u00eda Nacional han detenido en Madrid a un ciudadano de origen portugu\u00e9s que ten\u00eda en vigor una orden europea de detenci\u00f3n y entrega por las autoridades portuguesas. Los hechos ocurrieron el 27 de diciembre de 2003, cuando el detenido viol\u00f3 a una mujer tras conocerla en una sala de fiestas. Ambos acordaron","og:url":"https:\/\/candas365.es\/noticias\/la-policia-nacional-detiene-a-un-fugado-buscado-por-violar-a-una-mujer-hace-15-anos\/","og:image":"https:\/\/candas365.es\/noticias\/wp-content\/uploads\/2014\/09\/policia1.jpg","og:image:secure_url":"https:\/\/candas365.es\/noticias\/wp-content\/uploads\/2014\/09\/policia1.jpg","og:image:width":800,"og:image:height":504,"article:published_time":"2019-01-07T21:40:31+00:00","article:modified_time":"2019-01-07T21:40:31+00:00","article:publisher":"https:\/\/www.facebook.com\/Nachofdezber","article:author":"https:\/\/www.facebook.com\/carrenoactualidad","twitter:card":"summary_large_image","twitter:site":"@NabercoDigital","twitter:title":"La Polic\u00eda Nacional detiene a un fugado buscado por violar a una mujer hace 15 a\u00f1os | Cand\u00e1s 365","twitter:description":"Agentes de la Polic\u00eda Nacional han detenido en Madrid a un ciudadano de origen portugu\u00e9s que ten\u00eda en vigor una orden europea de detenci\u00f3n y entrega por las autoridades portuguesas. Los hechos ocurrieron el 27 de diciembre de 2003, cuando el detenido viol\u00f3 a una mujer tras conocerla en una sala de fiestas. Ambos acordaron","twitter:creator":"@nbasturias","twitter:image":"https:\/\/candas365.es\/noticias\/wp-content\/uploads\/2014\/09\/policia1.jpg","twitter:label1":"Escrito por","twitter:data1":"Cand\u00e1s 365","twitter:label2":"Tiempo de lectura estimado","twitter:data2":"3 minutos"},"aioseo_meta_data":{"post_id":"113700","title":null,"description":null,"keywords":null,"keyphrases":null,"primary_term":null,"canonical_url":null,"og_title":null,"og_description":null,"og_object_type":"default","og_image_type":"default","og_image_url":null,"og_image_width":null,"og_image_height":null,"og_image_custom_url":null,"og_image_custom_fields":null,"og_video":null,"og_custom_url":null,"og_article_section":null,"og_article_tags":null,"twitter_use_og":false,"twitter_card":"default","twitter_image_type":"default","twitter_image_url":null,"twitter_image_custom_url":null,"twitter_image_custom_fields":null,"twitter_title":null,"twitter_description":null,"schema":{"blockGraphs":[],"customGraphs":[],"default":{"data":{"Article":[],"Course":[],"Dataset":[],"FAQPage":[],"Movie":[],"Person":[],"Product":[],"ProductReview":[],"Car":[],"Recipe":[],"Service":[],"SoftwareApplication":[],"WebPage":[]},"graphName":"","isEnabled":true},"graphs":[]},"schema_type":null,"schema_type_options":null,"pillar_content":false,"robots_default":true,"robots_noindex":false,"robots_noarchive":false,"robots_nosnippet":false,"robots_nofollow":false,"robots_noimageindex":false,"robots_noodp":false,"robots_notranslate":false,"robots_max_snippet":null,"robots_max_videopreview":null,"robots_max_imagepreview":"large","priority":null,"frequency":null,"location":null,"local_seo":null,"seo_analyzer_scan_date":"2025-08-28 23:28:16","breadcrumb_settings":null,"limit_modified_date":false,"reviewed_by":null,"open_ai":null,"ai":null,"created":"2020-12-21 10:44:51","updated":"2025-08-28 23:28:16"},"aioseo_breadcrumb":"<div class=\"aioseo-breadcrumbs\"><span class=\"aioseo-breadcrumb\">\n\t<a href=\"https:\/\/candas365.es\/noticias\" title=\"Home\">Home<\/a>\n<\/span><span class=\"aioseo-breadcrumb-separator\">&ndash;<\/span><span class=\"aioseo-breadcrumb\">\n\t<a href=\"https:\/\/candas365.es\/noticias\/category\/actualidad\/\" title=\"Actualidad\">Actualidad<\/a>\n<\/span><span class=\"aioseo-breadcrumb-separator\">&ndash;<\/span><span class=\"aioseo-breadcrumb\">\n\tLa Polic\u00eda Nacional detiene a un fugado buscado por violar a una mujer hace 15 a\u00f1os\n<\/span><\/div>","aioseo_breadcrumb_json":[{"label":"Home","link":"https:\/\/candas365.es\/noticias"},{"label":"Actualidad","link":"https:\/\/candas365.es\/noticias\/category\/actualidad\/"},{"label":"La Polic\u00eda Nacional detiene a un fugado buscado por violar a una mujer hace 15 a\u00f1os","link":"https:\/\/candas365.es\/noticias\/la-policia-nacional-detiene-a-un-fugado-buscado-por-violar-a-una-mujer-hace-15-anos\/"}],"_links":{"self":[{"href":"https:\/\/candas365.es\/noticias\/wp-json\/wp\/v2\/posts\/113700","targetHints":{"allow":["GET"]}}],"collection":[{"href":"https:\/\/candas365.es\/noticias\/wp-json\/wp\/v2\/posts"}],"about":[{"href":"https:\/\/candas365.es\/noticias\/wp-json\/wp\/v2\/types\/post"}],"author":[{"embeddable":true,"href":"https:\/\/candas365.es\/noticias\/wp-json\/wp\/v2\/users\/1"}],"replies":[{"embeddable":true,"href":"https:\/\/candas365.es\/noticias\/wp-json\/wp\/v2\/comments?post=113700"}],"version-history":[{"count":0,"href":"https:\/\/candas365.es\/noticias\/wp-json\/wp\/v2\/posts\/113700\/revisions"}],"wp:featuredmedia":[{"embeddable":true,"href":"https:\/\/candas365.es\/noticias\/wp-json\/wp\/v2\/media\/1337"}],"wp:attachment":[{"href":"https:\/\/candas365.es\/noticias\/wp-json\/wp\/v2\/media?parent=113700"}],"wp:term":[{"taxonomy":"category","embeddable":true,"href":"https:\/\/candas365.es\/noticias\/wp-json\/wp\/v2\/categories?post=113700"},{"taxonomy":"post_tag","embeddable":true,"href":"https:\/\/candas365.es\/noticias\/wp-json\/wp\/v2\/tags?post=113700"}],"curies":[{"name":"wp","href":"https:\/\/api.w.org\/{rel}","templated":true}]}}